{"id":72477,"date":"2025-07-10T16:48:37","date_gmt":"2025-07-10T14:48:37","guid":{"rendered":"https:\/\/legrandcontinent.eu\/es\/?p=72477"},"modified":"2025-07-10T17:22:28","modified_gmt":"2025-07-10T15:22:28","slug":"el-oeste-de-europa-ha-registrado-el-mes-de-junio-mas-caluroso-desde-al-menos-1979","status":"publish","type":"post","link":"https:\/\/legrandcontinent.eu\/es\/2025\/07\/10\/el-oeste-de-europa-ha-registrado-el-mes-de-junio-mas-caluroso-desde-al-menos-1979\/","title":{"rendered":"El oeste de Europa ha registrado el mes de junio m\u00e1s caluroso desde al menos 1979"},"content":{"rendered":"\n<p>Seg\u00fan el servicio europeo Copernicus, que recopila y analiza datos clim\u00e1ticos y meteorol\u00f3gicos a escala continental, el mes de junio de 2025 ha sido el m\u00e1s c\u00e1lido en Europa occidental en comparaci\u00f3n con la media de 1991-2020 desde al menos 1979, a\u00f1o en el que las primeras temperaturas est\u00e1n disponibles&nbsp;<span class='whitespace-nowrap'><span id='easy-footnote-1-72477' class='easy-footnote-margin-adjust'><\/span><span class='easy-footnote'><a href='https:\/\/legrandcontinent.eu\/es\/2025\/07\/10\/el-oeste-de-europa-ha-registrado-el-mes-de-junio-mas-caluroso-desde-al-menos-1979\/#easy-footnote-bottom-1-72477' title='&lt;a href=&quot;https:\/\/climate.copernicus.eu\/heatwaves-contribute-warmest-june-record-western-europe&quot;&gt;Heatwaves contribute to the warmest June on record in western Europe&lt;\/a&gt;, Copernicus, 8 de julio de 2025.'><sup>1<\/sup><\/a><\/span><\/span>.<\/p>\n\n\n\n<ul class=\"wp-block-list\">\n<li>En el oeste del continente, la temperatura media alcanz\u00f3 los 20,49 \u00b0C en junio, superando as\u00ed el r\u00e9cord anterior de 2003.<\/li>\n\n\n\n<li>Europa occidental sufri\u00f3 dos olas de calor el mes pasado: la primera entre el 17 y el 22 de junio, y&nbsp;<a href=\"https:\/\/legrandcontinent.eu\/es\/2025\/06\/30\/espana-italia-francia-europa-se-enfrenta-a-la-primera-gran-ola-de-calor-del-verano-de-2025\/\">la segunda a finales de mes<\/a>, que dur\u00f3 desde el 30 de junio hasta el 2 de julio.<\/li>\n\n\n\n<li>El mercurio super\u00f3 los 46 \u00b0C en algunos lugares de la pen\u00ednsula ib\u00e9rica a finales de mes.<\/li>\n\n\n\n<li>Algunas zonas de Espa\u00f1a registraron 24 noches tropicales (en las que la temperatura se mantiene por encima de los 20 \u00b0C) el mes pasado, 18 m\u00e1s que la media.<\/li>\n<\/ul>\n\n\n\n<figure class=\"wp-block-video\"><video autoplay controls loop muted preload=\"auto\" src=\"https:\/\/legrandcontinent.eu\/es\/wp-content\/uploads\/sites\/6\/2025\/07\/ERA5_june-Eur-ES.mp4\" playsinline><\/video><\/figure>\n\n\n\n<p>Estas dos olas de calor estuvieron relacionadas con \u00ab<a href=\"https:\/\/legrandcontinent.eu\/es\/2025\/06\/30\/espana-italia-francia-europa-se-enfrenta-a-la-primera-gran-ola-de-calor-del-verano-de-2025\/\">domos de calor<\/a>\u00bb, fen\u00f3menos meteorol\u00f3gicos que atrapan el aire caliente en las capas bajas de la atm\u00f3sfera.&nbsp;As\u00ed, el oeste del continente registr\u00f3 un n\u00famero de d\u00edas de \u00abestr\u00e9s t\u00e9rmico\u00bb \u2014que se traduce en una exposici\u00f3n prolongada a altas temperaturas\u2014 superior a la media, especialmente en Espa\u00f1a, Italia, Francia, Portugal y los Balcanes.<\/p>\n\n\n\n<ul class=\"wp-block-list\">\n<li>Seg\u00fan un estudio cient\u00edfico publicado el 2 de julio, entre el 23 de junio y el 2 de julio se registraron 2.300 muertes relacionadas con el calor en 12 ciudades europeas.<\/li>\n\n\n\n<li>Si estas olas de calor no se hubieran visto agravadas por los efectos del cambio clim\u00e1tico, se podr\u00edan haber evitado 1.500 muertes&nbsp;<span class='whitespace-nowrap'><span id='easy-footnote-2-72477' class='easy-footnote-margin-adjust'><\/span><span class='easy-footnote'><a href='https:\/\/legrandcontinent.eu\/es\/2025\/07\/10\/el-oeste-de-europa-ha-registrado-el-mes-de-junio-mas-caluroso-desde-al-menos-1979\/#easy-footnote-bottom-2-72477' title='&lt;a href=&quot;https:\/\/www.imperial.ac.uk\/media\/imperial-college\/grantham-institute\/public\/publications\/institute-reports-and-analytical-notes\/Climate-change-tripled-heat-related-deaths-in-early-summer-European-heatwave.pdf&quot;&gt;Climate change tripled heat-related deaths in early summer European heatwave&lt;\/a&gt;, Grantham Institute, 2 de julio de 2025.'><sup>2<\/sup><\/a><\/span><\/span>.<\/li>\n\n\n\n<li>Durante el verano de 2022, se registraron m\u00e1s de 60.000 muertes en Europa debido al calor extremo.<\/li>\n<\/ul>\n\n\n\n<div class=\"iframe-container wp-block-image wp-block-image-medium  iframe-dw\">\n\t<div>\n\t\t<iframe class=\"absolute w-full h-full pin-t pin-l\" title=\"titolo\" aria-label=\"Interactive line chart\" src=\"\/\/datawrapper.dwcdn.net\/K3qH7\/\" scrolling=\"no\" frameborder=\"0\"><\/iframe>\n\t<\/div>\n<\/div>\n\n\n\n<p>La temperatura media diaria m\u00e1s alta de la superficie del mar en un mes de junio tambi\u00e9n se alcanz\u00f3 en el Mediterr\u00e1neo durante el mes anterior: 27 \u00b0C, 3,7 \u00b0C por encima de la media.<\/p>\n","protected":false},"excerpt":{"rendered":"<p>Europa occidental ha registrado una temperatura media de 20,49 \u00b0C durante el mes de junio de 2025, es decir, 0,06 \u00b0C m\u00e1s que en junio de 2003, que era el r\u00e9cord hasta ahora.\u00a0Algunas zonas de Espa\u00f1a registraron 24 noches tropicales (en las que la temperatura se mantiene por encima de los 20 \u00b0C) en junio, 18 m\u00e1s que la media.<\/p>\n","protected":false},"author":1366,"featured_media":72478,"comment_status":"closed","ping_status":"closed","sticky":false,"template":"templates\/post-briefings.php","format":"standard","meta":{"_acf_changed":true,"_trash_the_other_posts":false,"_yoast_wpseo_estimated-reading-time-minutes":2,"footnotes":""},"categories":[98],"tags":[],"staff":[],"editorial_format":[],"serie":[],"audience":[],"geo":[177],"class_list":["post-72477","post","type-post","status-publish","format-standard","hentry","category-energia-y-medio-ambiente","geo-europa"],"acf":{"open_in_webview":false,"accent":false,"_thumbnail_id":72478,"excerpt":"Europa occidental ha registrado una temperatura media de 20,49 \u00b0C durante el mes de junio de 2025, es decir, 0,06 \u00b0C m\u00e1s que en junio de 2003, que era el r\u00e9cord hasta ahora.\u00a0Algunas zonas de Espa\u00f1a registraron 24 noches tropicales (en las que la temperatura se mantiene por encima de los 20 \u00b0C) en junio, 18 m\u00e1s que la media.","display_date":"","new_abstract":true},"yoast_head":"<!-- This site is optimized with the Yoast SEO plugin v26.1.1 - https:\/\/yoast.com\/wordpress\/plugins\/seo\/ -->\n<title>El oeste de Europa ha registrado el mes de junio m\u00e1s caluroso desde al menos 1979 - El Grand Continent<\/title>\n<meta name=\"robots\" content=\"index, follow, max-snippet:-1, max-image-preview:large, max-video-preview:-1\" \/>\n<link rel=\"canonical\" href=\"https:\/\/legrandcontinent.eu\/es\/2025\/07\/10\/el-oeste-de-europa-ha-registrado-el-mes-de-junio-mas-caluroso-desde-al-menos-1979\/\" \/>\n<meta property=\"og:locale\" content=\"es_ES\" \/>\n<meta property=\"og:type\" content=\"article\" \/>\n<meta property=\"og:title\" content=\"El oeste de Europa ha registrado el mes de junio m\u00e1s caluroso desde al menos 1979 - El Grand Continent\" \/>\n<meta property=\"og:description\" content=\"Europa occidental ha registrado una temperatura media de 20,49 \u00b0C durante el mes de junio de 2025, es decir, 0,06 \u00b0C m\u00e1s que en junio de 2003, que era el r\u00e9cord hasta ahora.\u00a0Algunas zonas de Espa\u00f1a registraron 24 noches tropicales (en las que la temperatura se mantiene por encima de los 20 \u00b0C) en junio, 18 m\u00e1s que la media.\" \/>\n<meta property=\"og:url\" content=\"https:\/\/legrandcontinent.eu\/es\/2025\/07\/10\/el-oeste-de-europa-ha-registrado-el-mes-de-junio-mas-caluroso-desde-al-menos-1979\/\" \/>\n<meta property=\"og:site_name\" content=\"El Grand Continent\" \/>\n<meta property=\"article:published_time\" content=\"2025-07-10T14:48:37+00:00\" \/>\n<meta property=\"article:modified_time\" content=\"2025-07-10T15:22:28+00:00\" \/>\n<meta property=\"og:image\" content=\"https:\/\/legrandcontinent.eu\/es\/wp-content\/uploads\/sites\/6\/2025\/07\/gc-eltemperatura-scaled.jpg\" \/>\n\t<meta property=\"og:image:width\" content=\"2560\" \/>\n\t<meta property=\"og:image:height\" content=\"1440\" \/>\n\t<meta property=\"og:image:type\" content=\"image\/jpeg\" \/>\n<meta name=\"author\" content=\"florent\" \/>\n<meta name=\"twitter:card\" content=\"summary_large_image\" \/>\n<meta name=\"twitter:image\" content=\"https:\/\/legrandcontinent.eu\/es\/wp-content\/uploads\/sites\/6\/2025\/07\/gc-eltemperatura-scaled.jpg\" \/>\n<meta name=\"twitter:label1\" content=\"Escrito por\" \/>\n\t<meta name=\"twitter:data1\" content=\"florent\" \/>\n\t<meta name=\"twitter:label2\" content=\"Tiempo de lectura\" \/>\n\t<meta name=\"twitter:data2\" content=\"2 minutos\" \/>\n<script type=\"application\/ld+json\" class=\"yoast-schema-graph\">{\"@context\":\"https:\/\/schema.org\",\"@graph\":[{\"@type\":\"WebPage\",\"@id\":\"https:\/\/legrandcontinent.eu\/es\/2025\/07\/10\/el-oeste-de-europa-ha-registrado-el-mes-de-junio-mas-caluroso-desde-al-menos-1979\/\",\"url\":\"https:\/\/legrandcontinent.eu\/es\/2025\/07\/10\/el-oeste-de-europa-ha-registrado-el-mes-de-junio-mas-caluroso-desde-al-menos-1979\/\",\"name\":\"El oeste de Europa ha registrado el mes de junio m\u00e1s caluroso desde al menos 1979 - El Grand Continent\",\"isPartOf\":{\"@id\":\"https:\/\/legrandcontinent.eu\/es\/#website\"},\"primaryImageOfPage\":{\"@id\":\"https:\/\/legrandcontinent.eu\/es\/2025\/07\/10\/el-oeste-de-europa-ha-registrado-el-mes-de-junio-mas-caluroso-desde-al-menos-1979\/#primaryimage\"},\"image\":{\"@id\":\"https:\/\/legrandcontinent.eu\/es\/2025\/07\/10\/el-oeste-de-europa-ha-registrado-el-mes-de-junio-mas-caluroso-desde-al-menos-1979\/#primaryimage\"},\"thumbnailUrl\":\"https:\/\/legrandcontinent.eu\/es\/wp-content\/uploads\/sites\/6\/2025\/07\/K3qH7-temperatura-del-aire-en-superficie-en-europa-occidental-.png\",\"datePublished\":\"2025-07-10T14:48:37+00:00\",\"dateModified\":\"2025-07-10T15:22:28+00:00\",\"author\":{\"@id\":\"https:\/\/legrandcontinent.eu\/es\/#\/schema\/person\/cdd782c93d4a9eda86ab19a8c01cdf5c\"},\"breadcrumb\":{\"@id\":\"https:\/\/legrandcontinent.eu\/es\/2025\/07\/10\/el-oeste-de-europa-ha-registrado-el-mes-de-junio-mas-caluroso-desde-al-menos-1979\/#breadcrumb\"},\"inLanguage\":\"es\",\"potentialAction\":[{\"@type\":\"ReadAction\",\"target\":[\"https:\/\/legrandcontinent.eu\/es\/2025\/07\/10\/el-oeste-de-europa-ha-registrado-el-mes-de-junio-mas-caluroso-desde-al-menos-1979\/\"]}]},{\"@type\":\"ImageObject\",\"inLanguage\":\"es\",\"@id\":\"https:\/\/legrandcontinent.eu\/es\/2025\/07\/10\/el-oeste-de-europa-ha-registrado-el-mes-de-junio-mas-caluroso-desde-al-menos-1979\/#primaryimage\",\"url\":\"https:\/\/legrandcontinent.eu\/es\/wp-content\/uploads\/sites\/6\/2025\/07\/K3qH7-temperatura-del-aire-en-superficie-en-europa-occidental-.png\",\"contentUrl\":\"https:\/\/legrandcontinent.eu\/es\/wp-content\/uploads\/sites\/6\/2025\/07\/K3qH7-temperatura-del-aire-en-superficie-en-europa-occidental-.png\",\"width\":1240,\"height\":968},{\"@type\":\"BreadcrumbList\",\"@id\":\"https:\/\/legrandcontinent.eu\/es\/2025\/07\/10\/el-oeste-de-europa-ha-registrado-el-mes-de-junio-mas-caluroso-desde-al-menos-1979\/#breadcrumb\",\"itemListElement\":[{\"@type\":\"ListItem\",\"position\":1,\"name\":\"Home\",\"item\":\"https:\/\/legrandcontinent.eu\/es\/\"},{\"@type\":\"ListItem\",\"position\":2,\"name\":\"El oeste de Europa ha registrado el mes de junio m\u00e1s caluroso desde al menos 1979\"}]},{\"@type\":\"WebSite\",\"@id\":\"https:\/\/legrandcontinent.eu\/es\/#website\",\"url\":\"https:\/\/legrandcontinent.eu\/es\/\",\"name\":\"El Grand Continent\",\"description\":\"La escala pertinente\",\"potentialAction\":[{\"@type\":\"SearchAction\",\"target\":{\"@type\":\"EntryPoint\",\"urlTemplate\":\"https:\/\/legrandcontinent.eu\/es\/?s={search_term_string}\"},\"query-input\":{\"@type\":\"PropertyValueSpecification\",\"valueRequired\":true,\"valueName\":\"search_term_string\"}}],\"inLanguage\":\"es\"},{\"@type\":\"Person\",\"@id\":\"https:\/\/legrandcontinent.eu\/es\/#\/schema\/person\/cdd782c93d4a9eda86ab19a8c01cdf5c\",\"name\":\"florent\",\"image\":{\"@type\":\"ImageObject\",\"inLanguage\":\"es\",\"@id\":\"https:\/\/legrandcontinent.eu\/es\/#\/schema\/person\/image\/\",\"url\":\"https:\/\/secure.gravatar.com\/avatar\/0d38d78c90602daf39b309035cdac6bc?s=96&d=mm&r=g\",\"contentUrl\":\"https:\/\/secure.gravatar.com\/avatar\/0d38d78c90602daf39b309035cdac6bc?s=96&d=mm&r=g\",\"caption\":\"florent\"}}]}<\/script>\n<!-- \/ Yoast SEO plugin. -->","yoast_head_json":{"title":"El oeste de Europa ha registrado el mes de junio m\u00e1s caluroso desde al menos 1979 - El Grand Continent","robots":{"index":"index","follow":"follow","max-snippet":"max-snippet:-1","max-image-preview":"max-image-preview:large","max-video-preview":"max-video-preview:-1"},"canonical":"https:\/\/legrandcontinent.eu\/es\/2025\/07\/10\/el-oeste-de-europa-ha-registrado-el-mes-de-junio-mas-caluroso-desde-al-menos-1979\/","og_locale":"es_ES","og_type":"article","og_title":"El oeste de Europa ha registrado el mes de junio m\u00e1s caluroso desde al menos 1979 - El Grand Continent","og_description":"Europa occidental ha registrado una temperatura media de 20,49 \u00b0C durante el mes de junio de 2025, es decir, 0,06 \u00b0C m\u00e1s que en junio de 2003, que era el r\u00e9cord hasta ahora.\u00a0Algunas zonas de Espa\u00f1a registraron 24 noches tropicales (en las que la temperatura se mantiene por encima de los 20 \u00b0C) en junio, 18 m\u00e1s que la media.","og_url":"https:\/\/legrandcontinent.eu\/es\/2025\/07\/10\/el-oeste-de-europa-ha-registrado-el-mes-de-junio-mas-caluroso-desde-al-menos-1979\/","og_site_name":"El Grand Continent","article_published_time":"2025-07-10T14:48:37+00:00","article_modified_time":"2025-07-10T15:22:28+00:00","og_image":[{"width":2560,"height":1440,"url":"https:\/\/legrandcontinent.eu\/es\/wp-content\/uploads\/sites\/6\/2025\/07\/gc-eltemperatura-scaled.jpg","type":"image\/jpeg"}],"author":"florent","twitter_card":"summary_large_image","twitter_image":"https:\/\/legrandcontinent.eu\/es\/wp-content\/uploads\/sites\/6\/2025\/07\/gc-eltemperatura-scaled.jpg","twitter_misc":{"Escrito por":"florent","Tiempo de lectura":"2 minutos"},"schema":{"@context":"https:\/\/schema.org","@graph":[{"@type":"WebPage","@id":"https:\/\/legrandcontinent.eu\/es\/2025\/07\/10\/el-oeste-de-europa-ha-registrado-el-mes-de-junio-mas-caluroso-desde-al-menos-1979\/","url":"https:\/\/legrandcontinent.eu\/es\/2025\/07\/10\/el-oeste-de-europa-ha-registrado-el-mes-de-junio-mas-caluroso-desde-al-menos-1979\/","name":"El oeste de Europa ha registrado el mes de junio m\u00e1s caluroso desde al menos 1979 - El Grand Continent","isPartOf":{"@id":"https:\/\/legrandcontinent.eu\/es\/#website"},"primaryImageOfPage":{"@id":"https:\/\/legrandcontinent.eu\/es\/2025\/07\/10\/el-oeste-de-europa-ha-registrado-el-mes-de-junio-mas-caluroso-desde-al-menos-1979\/#primaryimage"},"image":{"@id":"https:\/\/legrandcontinent.eu\/es\/2025\/07\/10\/el-oeste-de-europa-ha-registrado-el-mes-de-junio-mas-caluroso-desde-al-menos-1979\/#primaryimage"},"thumbnailUrl":"https:\/\/legrandcontinent.eu\/es\/wp-content\/uploads\/sites\/6\/2025\/07\/K3qH7-temperatura-del-aire-en-superficie-en-europa-occidental-.png","datePublished":"2025-07-10T14:48:37+00:00","dateModified":"2025-07-10T15:22:28+00:00","author":{"@id":"https:\/\/legrandcontinent.eu\/es\/#\/schema\/person\/cdd782c93d4a9eda86ab19a8c01cdf5c"},"breadcrumb":{"@id":"https:\/\/legrandcontinent.eu\/es\/2025\/07\/10\/el-oeste-de-europa-ha-registrado-el-mes-de-junio-mas-caluroso-desde-al-menos-1979\/#breadcrumb"},"inLanguage":"es","potentialAction":[{"@type":"ReadAction","target":["https:\/\/legrandcontinent.eu\/es\/2025\/07\/10\/el-oeste-de-europa-ha-registrado-el-mes-de-junio-mas-caluroso-desde-al-menos-1979\/"]}]},{"@type":"ImageObject","inLanguage":"es","@id":"https:\/\/legrandcontinent.eu\/es\/2025\/07\/10\/el-oeste-de-europa-ha-registrado-el-mes-de-junio-mas-caluroso-desde-al-menos-1979\/#primaryimage","url":"https:\/\/legrandcontinent.eu\/es\/wp-content\/uploads\/sites\/6\/2025\/07\/K3qH7-temperatura-del-aire-en-superficie-en-europa-occidental-.png","contentUrl":"https:\/\/legrandcontinent.eu\/es\/wp-content\/uploads\/sites\/6\/2025\/07\/K3qH7-temperatura-del-aire-en-superficie-en-europa-occidental-.png","width":1240,"height":968},{"@type":"BreadcrumbList","@id":"https:\/\/legrandcontinent.eu\/es\/2025\/07\/10\/el-oeste-de-europa-ha-registrado-el-mes-de-junio-mas-caluroso-desde-al-menos-1979\/#breadcrumb","itemListElement":[{"@type":"ListItem","position":1,"name":"Home","item":"https:\/\/legrandcontinent.eu\/es\/"},{"@type":"ListItem","position":2,"name":"El oeste de Europa ha registrado el mes de junio m\u00e1s caluroso desde al menos 1979"}]},{"@type":"WebSite","@id":"https:\/\/legrandcontinent.eu\/es\/#website","url":"https:\/\/legrandcontinent.eu\/es\/","name":"El Grand Continent","description":"La escala pertinente","potentialAction":[{"@type":"SearchAction","target":{"@type":"EntryPoint","urlTemplate":"https:\/\/legrandcontinent.eu\/es\/?s={search_term_string}"},"query-input":{"@type":"PropertyValueSpecification","valueRequired":true,"valueName":"search_term_string"}}],"inLanguage":"es"},{"@type":"Person","@id":"https:\/\/legrandcontinent.eu\/es\/#\/schema\/person\/cdd782c93d4a9eda86ab19a8c01cdf5c","name":"florent","image":{"@type":"ImageObject","inLanguage":"es","@id":"https:\/\/legrandcontinent.eu\/es\/#\/schema\/person\/image\/","url":"https:\/\/secure.gravatar.com\/avatar\/0d38d78c90602daf39b309035cdac6bc?s=96&d=mm&r=g","contentUrl":"https:\/\/secure.gravatar.com\/avatar\/0d38d78c90602daf39b309035cdac6bc?s=96&d=mm&r=g","caption":"florent"}}]}},"lgc_categories":[{"id":98,"name":"Energ\u00eda y medio ambiente","slug":"energia-y-medio-ambiente"}],"lgc_author":null,"feature_image_summary":{"url":"https:\/\/legrandcontinent.eu\/es\/wp-content\/uploads\/sites\/6\/2025\/07\/K3qH7-temperatura-del-aire-en-superficie-en-europa-occidental-.png","width":1240,"height":968,"alt":""},"feature_image_cover":null,"term_position_data":null,"_links":{"self":[{"href":"https:\/\/legrandcontinent.eu\/es\/wp-json\/wp\/v2\/posts\/72477","targetHints":{"allow":["GET"]}}],"collection":[{"href":"https:\/\/legrandcontinent.eu\/es\/wp-json\/wp\/v2\/posts"}],"about":[{"href":"https:\/\/legrandcontinent.eu\/es\/wp-json\/wp\/v2\/types\/post"}],"author":[{"embeddable":true,"href":"https:\/\/legrandcontinent.eu\/es\/wp-json\/wp\/v2\/users\/1366"}],"replies":[{"embeddable":true,"href":"https:\/\/legrandcontinent.eu\/es\/wp-json\/wp\/v2\/comments?post=72477"}],"version-history":[{"count":0,"href":"https:\/\/legrandcontinent.eu\/es\/wp-json\/wp\/v2\/posts\/72477\/revisions"}],"wp:featuredmedia":[{"embeddable":true,"href":"https:\/\/legrandcontinent.eu\/es\/wp-json\/wp\/v2\/media\/72478"}],"wp:attachment":[{"href":"https:\/\/legrandcontinent.eu\/es\/wp-json\/wp\/v2\/media?parent=72477"}],"wp:term":[{"taxonomy":"category","embeddable":true,"href":"https:\/\/legrandcontinent.eu\/es\/wp-json\/wp\/v2\/categories?post=72477"},{"taxonomy":"post_tag","embeddable":true,"href":"https:\/\/legrandcontinent.eu\/es\/wp-json\/wp\/v2\/tags?post=72477"},{"taxonomy":"staff","embeddable":true,"href":"https:\/\/legrandcontinent.eu\/es\/wp-json\/wp\/v2\/staff?post=72477"},{"taxonomy":"editorial_format","embeddable":true,"href":"https:\/\/legrandcontinent.eu\/es\/wp-json\/wp\/v2\/editorial_format?post=72477"},{"taxonomy":"serie","embeddable":true,"href":"https:\/\/legrandcontinent.eu\/es\/wp-json\/wp\/v2\/serie?post=72477"},{"taxonomy":"audience","embeddable":true,"href":"https:\/\/legrandcontinent.eu\/es\/wp-json\/wp\/v2\/audience?post=72477"},{"taxonomy":"geo","embeddable":true,"href":"https:\/\/legrandcontinent.eu\/es\/wp-json\/wp\/v2\/geo?post=72477"}],"curies":[{"name":"wp","href":"https:\/\/api.w.org\/{rel}","templated":true}]}}