{"id":72121,"date":"2025-07-04T17:37:27","date_gmt":"2025-07-04T15:37:27","guid":{"rendered":"https:\/\/legrandcontinent.eu\/es\/?p=72121"},"modified":"2025-07-04T17:37:30","modified_gmt":"2025-07-04T15:37:30","slug":"en-europa-las-altas-temperaturas-amenazan-la-produccion-de-electricidad","status":"publish","type":"post","link":"https:\/\/legrandcontinent.eu\/es\/2025\/07\/04\/en-europa-las-altas-temperaturas-amenazan-la-produccion-de-electricidad\/","title":{"rendered":"En Europa, las altas temperaturas amenazan la producci\u00f3n de electricidad"},"content":{"rendered":"\n<p>Cada verano, cuando los term\u00f3metros superan un umbral determinado durante episodios de calor extremo, como\u00a0<a href=\"https:\/\/legrandcontinent.eu\/es\/2025\/06\/30\/espana-italia-francia-europa-se-enfrenta-a-la-primera-gran-ola-de-calor-del-verano-de-2025\/\">el que ha azotado el sur del continente<\/a>\u00a0a principios de semana, las centrales nucleares se ven obligadas a cerrar debido a la temperatura excesiva del agua.<\/p>\n\n\n\n<ul class=\"wp-block-list\">\n<li>En la mayor\u00eda de los casos, estas paradas se deben a que el agua extra\u00edda de r\u00edos, arroyos o del mar para refrigerar los reactores y las piscinas de almacenamiento de combustible alcanza temperaturas demasiado elevadas.<\/li>\n\n\n\n<li>En algunos casos, como se ha visto en Francia estos \u00faltimos d\u00edas en la central de Golfech, son las medidas de protecci\u00f3n del medio ambiente las que provocan la parada de algunos reactores.<\/li>\n\n\n\n<li>Las centrales tienen obligaciones en materia de temperatura del agua vertida para no afectar negativamente a la biodiversidad acu\u00e1tica (el agua m\u00e1s caliente contiene menos ox\u00edgeno), por lo que los operadores pueden verse obligados a interrumpir temporalmente la producci\u00f3n.<\/li>\n\n\n\n<li>En 2022, debido a la ola de calor, las centrales francesas obtuvieron una exenci\u00f3n de 24 d\u00edas a estas normas&nbsp;<span class='whitespace-nowrap'><span id='easy-footnote-1-72121' class='easy-footnote-margin-adjust'><\/span><span class='easy-footnote'><a href='https:\/\/legrandcontinent.eu\/es\/2025\/07\/04\/en-europa-las-altas-temperaturas-amenazan-la-produccion-de-electricidad\/#easy-footnote-bottom-1-72121' title='\u00ab\u00a0&lt;a href=&quot;https:\/\/www.challenges.fr\/entreprise\/energie\/rejets-d-eau-chaude-24-jours-de-derogations-pour-les-centrales-nucleaires-en-2022_858516&quot;&gt;Rejets d\u2019eau chaude\u00a0: 24 jours de d\u00e9rogations pour les centrales nucl\u00e9aires en 2022&lt;\/a&gt;\u00a0\u00bb,\u00a0&lt;em&gt;Challenges&lt;\/em&gt;, 13 de junio de 2023.'><sup>1<\/sup><\/a><\/span><\/span>.<\/li>\n<\/ul>\n\n\n\n<div class=\"iframe-container wp-block-image wp-block-image-medium  iframe-dw\">\n\t<div>\n\t\t<iframe class=\"absolute w-full h-full pin-t pin-l\" title=\"titolo\" aria-label=\"Interactive line chart\" src=\"\/\/datawrapper.dwcdn.net\/FsK6o\/\" scrolling=\"no\" frameborder=\"0\"><\/iframe>\n\t<\/div>\n<\/div>\n\n\n\n<p>En Europa, los 128 reactores en funcionamiento (28 de los cuales se encuentran fuera de la Uni\u00f3n, en Ucrania, el Reino Unido y Suiza) se construyeron en su mayor\u00eda durante los a\u00f1os sesenta y setenta y hoy son en gran medida inadecuados para hacer frente a los aumentos de temperatura, cada vez m\u00e1s frecuentes.<\/p>\n\n\n\n<ul class=\"wp-block-list\">\n<li>Con 56 reactores en funcionamiento, repartidos en un total de 18 centrales, Francia es el pa\u00eds europeo cuya producci\u00f3n nuclear se ve m\u00e1s afectada por el cambio clim\u00e1tico.<\/li>\n\n\n\n<li>Seg\u00fan el Tribunal de Cuentas, las p\u00e9rdidas de producci\u00f3n son por el momento relativamente bajas, y se situaban en el 0,18% de la producci\u00f3n total de electricidad en 2022&nbsp;<span class='whitespace-nowrap'><span id='easy-footnote-2-72121' class='easy-footnote-margin-adjust'><\/span><span class='easy-footnote'><a href='https:\/\/legrandcontinent.eu\/es\/2025\/07\/04\/en-europa-las-altas-temperaturas-amenazan-la-produccion-de-electricidad\/#easy-footnote-bottom-2-72121' title='&lt;a href=&quot;https:\/\/www.ccomptes.fr\/sites\/default\/files\/2024-03\/20240312-RPA-2024-CDVI-adaptation-parcs-nucleaire-hydro-electrique.pdf&quot;&gt;L\u2019adaptation des parcs nucl\u00e9aire et hydro-\u00e9lectrique au changement climatique&lt;\/a&gt;, Cour des comptes, 2024.'><sup>2<\/sup><\/a><\/span><\/span>.<\/li>\n\n\n\n<li>Sin embargo, las estimaciones realizadas por EDF indican que esta tasa de indisponibilidad podr\u00eda multiplicarse por tres o incluso por cuatro de aqu\u00ed a 2050.<\/li>\n<\/ul>\n\n\n\n<div class=\"iframe-container wp-block-image wp-block-image-medium  iframe-dw\">\n\t<div>\n\t\t<iframe class=\"absolute w-full h-full pin-t pin-l\" title=\"titolo\" aria-label=\"Interactive line chart\" src=\"\/\/datawrapper.dwcdn.net\/kBx9y\/\" scrolling=\"no\" frameborder=\"0\"><\/iframe>\n\t<\/div>\n<\/div>\n\n\n\n<p>Las centrales nucleares no son las \u00fanicas afectadas por el calentamiento global.<\/p>\n\n\n\n<ul class=\"wp-block-list\">\n<li>Varias centrales el\u00e9ctricas de carb\u00f3n funcionan con un sistema de refrigeraci\u00f3n abierto que, al igual que las centrales nucleares, extrae agua de r\u00edos o lagos.<\/li>\n\n\n\n<li>En Polonia, durante la \u00faltima ola de calor, el 2 de julio, el Gobierno de Donald Tusk aprob\u00f3 un paquete de medidas \u00abanti-apagones\u00bb presentado por la empresa energ\u00e9tica PSE.<\/li>\n\n\n\n<li>Varsovia quiere evitar, en particular, situaciones similares a\u00a0<a href=\"https:\/\/legrandcontinent.eu\/fr\/2025\/04\/30\/black-out-que-sest-il-passe-en-espagne-7-points-sur-les-causes-de-la-mega-coupure\/\">los cor<\/a><a href=\"https:\/\/legrandcontinent.eu\/es\/2025\/05\/01\/apagon-que-paso-en-espana-7-puntos-sobre-las-causas-del-megacorte\/\">t<\/a><a href=\"https:\/\/legrandcontinent.eu\/fr\/2025\/04\/30\/black-out-que-sest-il-passe-en-espagne-7-points-sur-les-causes-de-la-mega-coupure\/\">es de electricidad<\/a>\u00a0que afectaron a Espa\u00f1a y Portugal a finales de abril.\u00a0<\/li>\n<\/ul>\n\n\n\n<div class=\"iframe-container wp-block-image wp-block-image-medium  iframe-dw\">\n\t<div>\n\t\t<iframe class=\"absolute w-full h-full pin-t pin-l\" title=\"titolo\" aria-label=\"Interactive line chart\" src=\"\/\/datawrapper.dwcdn.net\/eFwhi\/\" scrolling=\"no\" frameborder=\"0\"><\/iframe>\n\t<\/div>\n<\/div>\n\n\n\n<p>Aunque el carb\u00f3n sigue siendo la principal fuente de producci\u00f3n de electricidad en Polonia, el pa\u00eds ha realizado importantes inversiones en energ\u00edas renovables en los \u00faltimos a\u00f1os. Durante el mes de junio, la producci\u00f3n de electricidad renovable super\u00f3 por primera vez a la del carb\u00f3n. Sin embargo, a escala mundial, el consumo de carb\u00f3n se ha duplicado desde el a\u00f1o 2000, impulsado en gran medida por China.<\/p>\n","protected":false},"excerpt":{"rendered":"<p>En Francia y Suiza, el aumento de las temperaturas ha obligado a varias centrales nucleares a reducir o incluso detener su producci\u00f3n de electricidad, un escenario que podr\u00eda repetirse durante el verano.<\/p>\n<p>Las centrales nucleares no son las \u00fanicas expuestas al cambio clim\u00e1tico: en Polonia, las centrales de carb\u00f3n tambi\u00e9n necesitan agua para funcionar, por lo que son especialmente sensibles a las sequ\u00edas.<\/p>\n","protected":false},"author":1366,"featured_media":72125,"comment_status":"closed","ping_status":"closed","sticky":false,"template":"templates\/post-briefings.php","format":"standard","meta":{"_acf_changed":true,"_trash_the_other_posts":false,"_yoast_wpseo_estimated-reading-time-minutes":3,"footnotes":""},"categories":[98],"tags":[],"staff":[],"editorial_format":[],"serie":[],"audience":[],"geo":[177],"class_list":["post-72121","post","type-post","status-publish","format-standard","hentry","category-energia-y-medio-ambiente","geo-europa"],"acf":{"open_in_webview":false,"accent":false,"_thumbnail_id":72125,"excerpt":"En Francia y Suiza, el aumento de las temperaturas ha obligado a varias centrales nucleares a reducir o incluso detener su producci\u00f3n de electricidad, un escenario que podr\u00eda repetirse durante el verano.\r\n\r\nLas centrales nucleares no son las \u00fanicas expuestas al cambio clim\u00e1tico: en Polonia, las centrales de carb\u00f3n tambi\u00e9n necesitan agua para funcionar, por lo que son especialmente sensibles a las sequ\u00edas.","display_date":"","new_abstract":true},"yoast_head":"<!-- This site is optimized with the Yoast SEO plugin v26.1.1 - https:\/\/yoast.com\/wordpress\/plugins\/seo\/ -->\n<title>En Europa, las altas temperaturas amenazan la producci\u00f3n de electricidad - El Grand Continent<\/title>\n<meta name=\"robots\" content=\"index, follow, max-snippet:-1, max-image-preview:large, max-video-preview:-1\" \/>\n<link rel=\"canonical\" href=\"https:\/\/legrandcontinent.eu\/es\/2025\/07\/04\/en-europa-las-altas-temperaturas-amenazan-la-produccion-de-electricidad\/\" \/>\n<meta property=\"og:locale\" content=\"es_ES\" \/>\n<meta property=\"og:type\" content=\"article\" \/>\n<meta property=\"og:title\" content=\"En Europa, las altas temperaturas amenazan la producci\u00f3n de electricidad - El Grand Continent\" \/>\n<meta property=\"og:description\" content=\"En Francia y Suiza, el aumento de las temperaturas ha obligado a varias centrales nucleares a reducir o incluso detener su producci\u00f3n de electricidad, un escenario que podr\u00eda repetirse durante el verano.  Las centrales nucleares no son las \u00fanicas expuestas al cambio clim\u00e1tico: en Polonia, las centrales de carb\u00f3n tambi\u00e9n necesitan agua para funcionar, por lo que son especialmente sensibles a las sequ\u00edas.\" \/>\n<meta property=\"og:url\" content=\"https:\/\/legrandcontinent.eu\/es\/2025\/07\/04\/en-europa-las-altas-temperaturas-amenazan-la-produccion-de-electricidad\/\" \/>\n<meta property=\"og:site_name\" content=\"El Grand Continent\" \/>\n<meta property=\"article:published_time\" content=\"2025-07-04T15:37:27+00:00\" \/>\n<meta property=\"article:modified_time\" content=\"2025-07-04T15:37:30+00:00\" \/>\n<meta property=\"og:image\" content=\"https:\/\/legrandcontinent.eu\/es\/wp-content\/uploads\/sites\/6\/2025\/07\/gc-eltemperaturas-scaled.jpg\" \/>\n\t<meta property=\"og:image:width\" content=\"2560\" \/>\n\t<meta property=\"og:image:height\" content=\"1440\" \/>\n\t<meta property=\"og:image:type\" content=\"image\/jpeg\" \/>\n<meta name=\"author\" content=\"florent\" \/>\n<meta name=\"twitter:card\" content=\"summary_large_image\" \/>\n<meta name=\"twitter:image\" content=\"https:\/\/legrandcontinent.eu\/es\/wp-content\/uploads\/sites\/6\/2025\/07\/gc-eltemperaturas-scaled.jpg\" \/>\n<meta name=\"twitter:label1\" content=\"Escrito por\" \/>\n\t<meta name=\"twitter:data1\" content=\"florent\" \/>\n\t<meta name=\"twitter:label2\" content=\"Tiempo de lectura\" \/>\n\t<meta name=\"twitter:data2\" content=\"3 minutos\" \/>\n<script type=\"application\/ld+json\" class=\"yoast-schema-graph\">{\"@context\":\"https:\/\/schema.org\",\"@graph\":[{\"@type\":\"WebPage\",\"@id\":\"https:\/\/legrandcontinent.eu\/es\/2025\/07\/04\/en-europa-las-altas-temperaturas-amenazan-la-produccion-de-electricidad\/\",\"url\":\"https:\/\/legrandcontinent.eu\/es\/2025\/07\/04\/en-europa-las-altas-temperaturas-amenazan-la-produccion-de-electricidad\/\",\"name\":\"En Europa, las altas temperaturas amenazan la producci\u00f3n de electricidad - El Grand Continent\",\"isPartOf\":{\"@id\":\"https:\/\/legrandcontinent.eu\/es\/#website\"},\"primaryImageOfPage\":{\"@id\":\"https:\/\/legrandcontinent.eu\/es\/2025\/07\/04\/en-europa-las-altas-temperaturas-amenazan-la-produccion-de-electricidad\/#primaryimage\"},\"image\":{\"@id\":\"https:\/\/legrandcontinent.eu\/es\/2025\/07\/04\/en-europa-las-altas-temperaturas-amenazan-la-produccion-de-electricidad\/#primaryimage\"},\"thumbnailUrl\":\"https:\/\/legrandcontinent.eu\/es\/wp-content\/uploads\/sites\/6\/2025\/07\/temp.jpg\",\"datePublished\":\"2025-07-04T15:37:27+00:00\",\"dateModified\":\"2025-07-04T15:37:30+00:00\",\"author\":{\"@id\":\"https:\/\/legrandcontinent.eu\/es\/#\/schema\/person\/cdd782c93d4a9eda86ab19a8c01cdf5c\"},\"breadcrumb\":{\"@id\":\"https:\/\/legrandcontinent.eu\/es\/2025\/07\/04\/en-europa-las-altas-temperaturas-amenazan-la-produccion-de-electricidad\/#breadcrumb\"},\"inLanguage\":\"es\",\"potentialAction\":[{\"@type\":\"ReadAction\",\"target\":[\"https:\/\/legrandcontinent.eu\/es\/2025\/07\/04\/en-europa-las-altas-temperaturas-amenazan-la-produccion-de-electricidad\/\"]}]},{\"@type\":\"ImageObject\",\"inLanguage\":\"es\",\"@id\":\"https:\/\/legrandcontinent.eu\/es\/2025\/07\/04\/en-europa-las-altas-temperaturas-amenazan-la-produccion-de-electricidad\/#primaryimage\",\"url\":\"https:\/\/legrandcontinent.eu\/es\/wp-content\/uploads\/sites\/6\/2025\/07\/temp.jpg\",\"contentUrl\":\"https:\/\/legrandcontinent.eu\/es\/wp-content\/uploads\/sites\/6\/2025\/07\/temp.jpg\",\"width\":1420,\"height\":1346},{\"@type\":\"BreadcrumbList\",\"@id\":\"https:\/\/legrandcontinent.eu\/es\/2025\/07\/04\/en-europa-las-altas-temperaturas-amenazan-la-produccion-de-electricidad\/#breadcrumb\",\"itemListElement\":[{\"@type\":\"ListItem\",\"position\":1,\"name\":\"Home\",\"item\":\"https:\/\/legrandcontinent.eu\/es\/\"},{\"@type\":\"ListItem\",\"position\":2,\"name\":\"En Europa, las altas temperaturas amenazan la producci\u00f3n de electricidad\"}]},{\"@type\":\"WebSite\",\"@id\":\"https:\/\/legrandcontinent.eu\/es\/#website\",\"url\":\"https:\/\/legrandcontinent.eu\/es\/\",\"name\":\"El Grand Continent\",\"description\":\"La escala pertinente\",\"potentialAction\":[{\"@type\":\"SearchAction\",\"target\":{\"@type\":\"EntryPoint\",\"urlTemplate\":\"https:\/\/legrandcontinent.eu\/es\/?s={search_term_string}\"},\"query-input\":{\"@type\":\"PropertyValueSpecification\",\"valueRequired\":true,\"valueName\":\"search_term_string\"}}],\"inLanguage\":\"es\"},{\"@type\":\"Person\",\"@id\":\"https:\/\/legrandcontinent.eu\/es\/#\/schema\/person\/cdd782c93d4a9eda86ab19a8c01cdf5c\",\"name\":\"florent\",\"image\":{\"@type\":\"ImageObject\",\"inLanguage\":\"es\",\"@id\":\"https:\/\/legrandcontinent.eu\/es\/#\/schema\/person\/image\/\",\"url\":\"https:\/\/secure.gravatar.com\/avatar\/0d38d78c90602daf39b309035cdac6bc?s=96&d=mm&r=g\",\"contentUrl\":\"https:\/\/secure.gravatar.com\/avatar\/0d38d78c90602daf39b309035cdac6bc?s=96&d=mm&r=g\",\"caption\":\"florent\"}}]}<\/script>\n<!-- \/ Yoast SEO plugin. -->","yoast_head_json":{"title":"En Europa, las altas temperaturas amenazan la producci\u00f3n de electricidad - El Grand Continent","robots":{"index":"index","follow":"follow","max-snippet":"max-snippet:-1","max-image-preview":"max-image-preview:large","max-video-preview":"max-video-preview:-1"},"canonical":"https:\/\/legrandcontinent.eu\/es\/2025\/07\/04\/en-europa-las-altas-temperaturas-amenazan-la-produccion-de-electricidad\/","og_locale":"es_ES","og_type":"article","og_title":"En Europa, las altas temperaturas amenazan la producci\u00f3n de electricidad - El Grand Continent","og_description":"En Francia y Suiza, el aumento de las temperaturas ha obligado a varias centrales nucleares a reducir o incluso detener su producci\u00f3n de electricidad, un escenario que podr\u00eda repetirse durante el verano.  Las centrales nucleares no son las \u00fanicas expuestas al cambio clim\u00e1tico: en Polonia, las centrales de carb\u00f3n tambi\u00e9n necesitan agua para funcionar, por lo que son especialmente sensibles a las sequ\u00edas.","og_url":"https:\/\/legrandcontinent.eu\/es\/2025\/07\/04\/en-europa-las-altas-temperaturas-amenazan-la-produccion-de-electricidad\/","og_site_name":"El Grand Continent","article_published_time":"2025-07-04T15:37:27+00:00","article_modified_time":"2025-07-04T15:37:30+00:00","og_image":[{"width":2560,"height":1440,"url":"https:\/\/legrandcontinent.eu\/es\/wp-content\/uploads\/sites\/6\/2025\/07\/gc-eltemperaturas-scaled.jpg","type":"image\/jpeg"}],"author":"florent","twitter_card":"summary_large_image","twitter_image":"https:\/\/legrandcontinent.eu\/es\/wp-content\/uploads\/sites\/6\/2025\/07\/gc-eltemperaturas-scaled.jpg","twitter_misc":{"Escrito por":"florent","Tiempo de lectura":"3 minutos"},"schema":{"@context":"https:\/\/schema.org","@graph":[{"@type":"WebPage","@id":"https:\/\/legrandcontinent.eu\/es\/2025\/07\/04\/en-europa-las-altas-temperaturas-amenazan-la-produccion-de-electricidad\/","url":"https:\/\/legrandcontinent.eu\/es\/2025\/07\/04\/en-europa-las-altas-temperaturas-amenazan-la-produccion-de-electricidad\/","name":"En Europa, las altas temperaturas amenazan la producci\u00f3n de electricidad - El Grand Continent","isPartOf":{"@id":"https:\/\/legrandcontinent.eu\/es\/#website"},"primaryImageOfPage":{"@id":"https:\/\/legrandcontinent.eu\/es\/2025\/07\/04\/en-europa-las-altas-temperaturas-amenazan-la-produccion-de-electricidad\/#primaryimage"},"image":{"@id":"https:\/\/legrandcontinent.eu\/es\/2025\/07\/04\/en-europa-las-altas-temperaturas-amenazan-la-produccion-de-electricidad\/#primaryimage"},"thumbnailUrl":"https:\/\/legrandcontinent.eu\/es\/wp-content\/uploads\/sites\/6\/2025\/07\/temp.jpg","datePublished":"2025-07-04T15:37:27+00:00","dateModified":"2025-07-04T15:37:30+00:00","author":{"@id":"https:\/\/legrandcontinent.eu\/es\/#\/schema\/person\/cdd782c93d4a9eda86ab19a8c01cdf5c"},"breadcrumb":{"@id":"https:\/\/legrandcontinent.eu\/es\/2025\/07\/04\/en-europa-las-altas-temperaturas-amenazan-la-produccion-de-electricidad\/#breadcrumb"},"inLanguage":"es","potentialAction":[{"@type":"ReadAction","target":["https:\/\/legrandcontinent.eu\/es\/2025\/07\/04\/en-europa-las-altas-temperaturas-amenazan-la-produccion-de-electricidad\/"]}]},{"@type":"ImageObject","inLanguage":"es","@id":"https:\/\/legrandcontinent.eu\/es\/2025\/07\/04\/en-europa-las-altas-temperaturas-amenazan-la-produccion-de-electricidad\/#primaryimage","url":"https:\/\/legrandcontinent.eu\/es\/wp-content\/uploads\/sites\/6\/2025\/07\/temp.jpg","contentUrl":"https:\/\/legrandcontinent.eu\/es\/wp-content\/uploads\/sites\/6\/2025\/07\/temp.jpg","width":1420,"height":1346},{"@type":"BreadcrumbList","@id":"https:\/\/legrandcontinent.eu\/es\/2025\/07\/04\/en-europa-las-altas-temperaturas-amenazan-la-produccion-de-electricidad\/#breadcrumb","itemListElement":[{"@type":"ListItem","position":1,"name":"Home","item":"https:\/\/legrandcontinent.eu\/es\/"},{"@type":"ListItem","position":2,"name":"En Europa, las altas temperaturas amenazan la producci\u00f3n de electricidad"}]},{"@type":"WebSite","@id":"https:\/\/legrandcontinent.eu\/es\/#website","url":"https:\/\/legrandcontinent.eu\/es\/","name":"El Grand Continent","description":"La escala pertinente","potentialAction":[{"@type":"SearchAction","target":{"@type":"EntryPoint","urlTemplate":"https:\/\/legrandcontinent.eu\/es\/?s={search_term_string}"},"query-input":{"@type":"PropertyValueSpecification","valueRequired":true,"valueName":"search_term_string"}}],"inLanguage":"es"},{"@type":"Person","@id":"https:\/\/legrandcontinent.eu\/es\/#\/schema\/person\/cdd782c93d4a9eda86ab19a8c01cdf5c","name":"florent","image":{"@type":"ImageObject","inLanguage":"es","@id":"https:\/\/legrandcontinent.eu\/es\/#\/schema\/person\/image\/","url":"https:\/\/secure.gravatar.com\/avatar\/0d38d78c90602daf39b309035cdac6bc?s=96&d=mm&r=g","contentUrl":"https:\/\/secure.gravatar.com\/avatar\/0d38d78c90602daf39b309035cdac6bc?s=96&d=mm&r=g","caption":"florent"}}]}},"lgc_categories":[{"id":98,"name":"Energ\u00eda y medio ambiente","slug":"energia-y-medio-ambiente"}],"lgc_author":null,"feature_image_summary":{"url":"https:\/\/legrandcontinent.eu\/es\/wp-content\/uploads\/sites\/6\/2025\/07\/temp.jpg","width":1420,"height":1346,"alt":""},"feature_image_cover":null,"term_position_data":null,"_links":{"self":[{"href":"https:\/\/legrandcontinent.eu\/es\/wp-json\/wp\/v2\/posts\/72121","targetHints":{"allow":["GET"]}}],"collection":[{"href":"https:\/\/legrandcontinent.eu\/es\/wp-json\/wp\/v2\/posts"}],"about":[{"href":"https:\/\/legrandcontinent.eu\/es\/wp-json\/wp\/v2\/types\/post"}],"author":[{"embeddable":true,"href":"https:\/\/legrandcontinent.eu\/es\/wp-json\/wp\/v2\/users\/1366"}],"replies":[{"embeddable":true,"href":"https:\/\/legrandcontinent.eu\/es\/wp-json\/wp\/v2\/comments?post=72121"}],"version-history":[{"count":0,"href":"https:\/\/legrandcontinent.eu\/es\/wp-json\/wp\/v2\/posts\/72121\/revisions"}],"wp:featuredmedia":[{"embeddable":true,"href":"https:\/\/legrandcontinent.eu\/es\/wp-json\/wp\/v2\/media\/72125"}],"wp:attachment":[{"href":"https:\/\/legrandcontinent.eu\/es\/wp-json\/wp\/v2\/media?parent=72121"}],"wp:term":[{"taxonomy":"category","embeddable":true,"href":"https:\/\/legrandcontinent.eu\/es\/wp-json\/wp\/v2\/categories?post=72121"},{"taxonomy":"post_tag","embeddable":true,"href":"https:\/\/legrandcontinent.eu\/es\/wp-json\/wp\/v2\/tags?post=72121"},{"taxonomy":"staff","embeddable":true,"href":"https:\/\/legrandcontinent.eu\/es\/wp-json\/wp\/v2\/staff?post=72121"},{"taxonomy":"editorial_format","embeddable":true,"href":"https:\/\/legrandcontinent.eu\/es\/wp-json\/wp\/v2\/editorial_format?post=72121"},{"taxonomy":"serie","embeddable":true,"href":"https:\/\/legrandcontinent.eu\/es\/wp-json\/wp\/v2\/serie?post=72121"},{"taxonomy":"audience","embeddable":true,"href":"https:\/\/legrandcontinent.eu\/es\/wp-json\/wp\/v2\/audience?post=72121"},{"taxonomy":"geo","embeddable":true,"href":"https:\/\/legrandcontinent.eu\/es\/wp-json\/wp\/v2\/geo?post=72121"}],"curies":[{"name":"wp","href":"https:\/\/api.w.org\/{rel}","templated":true}]}}