{"id":70186,"date":"2025-06-13T20:04:29","date_gmt":"2025-06-13T18:04:29","guid":{"rendered":"https:\/\/legrandcontinent.eu\/es\/?p=70186"},"modified":"2025-06-14T17:49:44","modified_gmt":"2025-06-14T15:49:44","slug":"trump-ha-dado-luz-verde-al-ataque-israeli","status":"publish","type":"post","link":"https:\/\/legrandcontinent.eu\/es\/2025\/06\/13\/trump-ha-dado-luz-verde-al-ataque-israeli\/","title":{"rendered":"\u00bfTrump ha dado luz verde al ataque israel\u00ed?"},"content":{"rendered":"\n<p>Alrededor del mediod\u00eda (hora de Par\u00eds), Trump reaccion\u00f3 al<a href=\"https:\/\/legrandcontinent.eu\/es\/2025\/06\/13\/mapa-inedito-los-objetivos-iranies-atacados-por-israel\/\"> ataque israel\u00ed contra Ir\u00e1n<\/a> lanzado en la noche del 12 al 13 de junio en su red social Truth Social. En su mensaje, el presidente estadounidense apoya el ataque y lo vincula directamente con el plazo de 60 d\u00edas que hab\u00eda fijado a Teher\u00e1n para llegar a un acuerdo.<\/p>\n\n\n\n<figure class=\"wp-block-embed is-type-rich is-provider-twitter wp-block-embed-twitter\"><div class=\"wp-block-embed__wrapper\">\n<blockquote class=\"twitter-tweet\" data-width=\"550\" data-dnt=\"true\"><p lang=\"en\" dir=\"ltr\">Donald J. Trump Truth Social 06.13.25 05:56 AM EST <a href=\"https:\/\/t.co\/wNHvbADpKH\">pic.twitter.com\/wNHvbADpKH<\/a><\/p>&mdash; Commentary Donald J. Trump Posts From Truth Social (@TrumpDailyPosts) <a href=\"https:\/\/twitter.com\/TrumpDailyPosts\/status\/1933519136396587424?ref_src=twsrc%5Etfw\">June 13, 2025<\/a><\/blockquote><script async src=\"https:\/\/platform.twitter.com\/widgets.js\" charset=\"utf-8\"><\/script>\n<\/div><\/figure>\n\n\n\n<ul class=\"wp-block-list\">\n<li>Tambi\u00e9n lanza un ultim\u00e1tum al l\u00edder supremo iran\u00ed: \u00abIr\u00e1n debe llegar a un acuerdo, antes de que no quede nada, y salvar lo que antes se llamaba el Imperio Persa\u00bb, y da a entender que algunos l\u00edderes iran\u00edes opuestos al acuerdo hab\u00edan sido blanco del ataque israel\u00ed.<\/li>\n\n\n\n<li>Seg\u00fan fuentes consultadas por la CNN, Trump mantuvo varias conversaciones con el primer ministro Netanyahu el jueves, en particular antes de los ataques israel\u00edes.<\/li>\n\n\n\n<li>En una entrevista con el <em>Wall Street Journal<\/em>, calific\u00f3 la operaci\u00f3n de \u00abmuy exitosa, por decirlo modestamente\u00bb y a\u00f1adi\u00f3 que, en \u00faltima instancia, \u00abser\u00e1 algo excelente para los mercados, ya que Ir\u00e1n no tendr\u00e1 armas nucleares (&#8230;) lo que representaba una grave amenaza para la humanidad\u00bb.<\/li>\n\n\n\n<li>Cuando se le pregunt\u00f3 sobre el aviso previo que habr\u00eda recibido Estados Unidos, Trump respondi\u00f3: \u00ab\u00bfUn aviso? No fue un aviso. Fue un: sabemos lo que est\u00e1 pasando\u00bb.&nbsp;<span class='whitespace-nowrap'><span id='easy-footnote-1-70186' class='easy-footnote-margin-adjust'><\/span><span class='easy-footnote'><a href='https:\/\/legrandcontinent.eu\/es\/2025\/06\/13\/trump-ha-dado-luz-verde-al-ataque-israeli\/#easy-footnote-bottom-1-70186' title='Meridith McGraw, &lt;a href=&quot;https:\/\/www.wsj.com\/livecoverage\/israel-iran-strike-conflict\/card\/trump-to-wsj-u-s-was-aware-of-israel-s-plans-to-attack-iran-4613AzRhb9WHfBFytL8Y?mod=WSJ_home_mediumtopper_pos_&quot;&gt;Trump to WSJ: U.S. Was Aware of Israel\u2019s Plans to Attack Iran&lt;\/a&gt;, Wall Street Journal, 13 de junio de 2025.'><sup>1<\/sup><\/a><\/span><\/span><\/li>\n<\/ul>\n\n\n\n<p>Esta afirmaci\u00f3n <em>a posteriori<\/em> pudo sorprender. Si bien algunas fuentes oficiales israel\u00edes afirman que Trump dio luz verde al lanzamiento de la operaci\u00f3n, el presidente estadounidense se hab\u00eda mostrado p\u00fablicamente contrario a cualquier acci\u00f3n que pudiera perturbar sus negociaciones con Ir\u00e1n sobre el programa nuclear,&nbsp;<span class='whitespace-nowrap'><span id='easy-footnote-2-70186' class='easy-footnote-margin-adjust'><\/span><span class='easy-footnote'><a href='https:\/\/legrandcontinent.eu\/es\/2025\/06\/13\/trump-ha-dado-luz-verde-al-ataque-israeli\/#easy-footnote-bottom-2-70186' title='Barak Ravid y Dave Lawler, \u00ab&lt;a href=&quot;https:\/\/www.axios.com\/2025\/06\/13\/how-israel-executed-strike-iran-nuclear&quot;&gt;Israel&amp;#8217;s strike on Iran was 8 months in the making&lt;\/a&gt;\u00bb, &lt;em&gt;Axios&lt;\/em&gt;, 13 de junio de 2025.'><sup>2<\/sup><\/a><\/span><\/span> cuya nueva ronda deb\u00eda tener lugar este domingo 15 de junio en Om\u00e1n.<\/p>\n\n\n\n<ul class=\"wp-block-list\">\n<li>Apenas unas horas antes del inicio de la operaci\u00f3n israel\u00ed, Trump declar\u00f3: \u00abQuiero llegar a un acuerdo con Ir\u00e1n. Estamos bastante cerca de un acuerdo. &#8230; Mientras crea que es posible llegar a un acuerdo, no quiero que ellos [los israel\u00edes] intervengan, porque eso podr\u00eda echarlo todo por tierra\u00bb.&nbsp;<span class='whitespace-nowrap'><span id='easy-footnote-3-70186' class='easy-footnote-margin-adjust'><\/span><span class='easy-footnote'><a href='https:\/\/legrandcontinent.eu\/es\/2025\/06\/13\/trump-ha-dado-luz-verde-al-ataque-israeli\/#easy-footnote-bottom-3-70186' title='Betsy Klein, Kylie Atwood, Alejandra Jaramillo, Rob Picheta y Dana Bash, \u00ab&lt;a href=&quot;https:\/\/edition.cnn.com\/2025\/06\/12\/politics\/trump-israel-iran-strike&quot;&gt;Trump warns Iran to agree to a deal \u2018before there is nothing left\u2019&lt;\/a&gt;\u00bb, &lt;em&gt;CNN&lt;\/em&gt;, 13 de junio de 2025.'><sup>3<\/sup><\/a><\/span><\/span><\/li>\n\n\n\n<li>Sin embargo, el 11 de junio, Washington hab\u00eda pedido a todas sus embajadas alejadas de los ataques iran\u00edes que crearan comit\u00e9s de acci\u00f3n de emergencia y hab\u00eda trasladado a parte de su personal a Medio Oriente.<\/li>\n<\/ul>\n\n\n\n<p>Estados Unidos es uno de los pocos pa\u00edses (<a href=\"https:\/\/legrandcontinent.eu\/es\/2025\/06\/13\/el-mundo-ante-los-ataques-de-israel-en-iran-cartografiar-las-reacciones-internacionales-a-la-operacion-am-kalavi\/\">junto con Francia y Alemania<\/a>, entre otros) que ha afirmado el \u00abderecho de Israel a defenderse\u00bb en respuesta a la operaci\u00f3n Am Kalavi.<\/p>\n\n\n\n<div class=\"iframe-container wp-block-image wp-block-image-medium  iframe-dw\">\n\t<div>\n\t\t<iframe class=\"absolute w-full h-full pin-t pin-l\" title=\"titolo\" aria-label=\"Interactive line chart\" src=\"\/\/datawrapper.dwcdn.net\/d8itf\/\" scrolling=\"no\" frameborder=\"0\"><\/iframe>\n\t<\/div>\n<\/div>\n\n\n\n<ul class=\"wp-block-list\">\n<li>En una maniobra de disuasi\u00f3n habitual en tales circunstancias, la Casa Blanca est\u00e1 redirigiendo algunos de sus recursos militares hacia las costas israel\u00edes, ante una probable respuesta iran\u00ed.<\/li>\n<\/ul>\n\n\n\n<ul class=\"wp-block-list\">\n<li>La Marina estadounidense ha ordenado a dos destructores que se dirijan hacia el Levante para \u00abestar preparados\u00bb en caso de que la Casa Blanca les pida que intervengan para contrarrestar un ataque iran\u00ed.&nbsp;<span class='whitespace-nowrap'><span id='easy-footnote-4-70186' class='easy-footnote-margin-adjust'><\/span><span class='easy-footnote'><a href='https:\/\/legrandcontinent.eu\/es\/2025\/06\/13\/trump-ha-dado-luz-verde-al-ataque-israeli\/#easy-footnote-bottom-4-70186' title='Tara Copp, \u00ab&lt;a href=&quot;https:\/\/apnews.com\/article\/iran-israel-strikes-us-troops-973bc18970689bac42d82342bd29f601&quot;&gt;US shifts military resources in Mideast in response to Israel strikes and possible Iran attack&lt;\/a&gt;\u00bb, &lt;em&gt;Associated Press&lt;\/em&gt;, 13 de junio de 2025.'><sup>4<\/sup><\/a><\/span><\/span><\/li>\n\n\n\n<li>En abril de 2024,<a href=\"https:\/\/legrandcontinent.eu\/es\/2024\/04\/16\/la-defensa-de-israel-costo-al-menos-siete-veces-mas-que-el-ataque-irani-segun-nuestras-estimaciones\/\"> el ej\u00e9rcito estadounidense ya hab\u00eda interceptado<\/a> cerca de 90 drones y misiles de los 320 lanzados por Teher\u00e1n sobre territorio israel\u00ed, asumiendo as\u00ed casi la mitad del costo asociado a la defensa de Israel (m\u00e1s de 140 millones de d\u00f3lares).<\/li>\n\n\n\n<li>Estados Unidos cuenta con una decena de bases militares repartidas por todo Medio Oriente, seis de ellas solo en Kuwait. Cerca de 40.000 militares estadounidenses est\u00e1n desplegados en la regi\u00f3n.<\/li>\n<\/ul>\n\n\n\n<p>El ataque israel\u00ed fue aplaudido por varias personalidades pol\u00edticas estadounidenses.<\/p>\n\n\n\n<ul class=\"wp-block-list\">\n<li>El senador republicano Tom Cotton declar\u00f3 ayer por la noche, 12 de junio, que \u00abIr\u00e1n es el peor apoyo al terrorismo en el mundo, tiene en sus manos la sangre de miles de estadounidenses y se apresura no solo a construir bombas nucleares, sino tambi\u00e9n misiles para atacar a Estados Unidos. Apoyamos a Israel hasta el final, completamente\u00bb.&nbsp;<span class='whitespace-nowrap'><span id='easy-footnote-5-70186' class='easy-footnote-margin-adjust'><\/span><span class='easy-footnote'><a href='https:\/\/legrandcontinent.eu\/es\/2025\/06\/13\/trump-ha-dado-luz-verde-al-ataque-israeli\/#easy-footnote-bottom-5-70186' title='&lt;a href=&quot;https:\/\/x.com\/SenTomCotton\/status\/1933339069406232860&quot;&gt;Declaraci\u00f3n en X&lt;\/a&gt;, 12 de junio de 2025.'><sup>5<\/sup><\/a><\/span><\/span><\/li>\n\n\n\n<li>Por su parte, Lindsey Graham coment\u00f3 el lanzamiento de los ataques diciendo: \u00abEl partido ha comenzado. Recen por Israel\u00bb.&nbsp;<span class='whitespace-nowrap'><span id='easy-footnote-6-70186' class='easy-footnote-margin-adjust'><\/span><span class='easy-footnote'><a href='https:\/\/legrandcontinent.eu\/es\/2025\/06\/13\/trump-ha-dado-luz-verde-al-ataque-israeli\/#easy-footnote-bottom-6-70186' title='&lt;a href=&quot;https:\/\/x.com\/LindseyGrahamSC\/status\/1933318401608282411&quot;&gt;Declaraci\u00f3n en X&lt;\/a&gt;, 12 de junio de 2025.'><sup>6<\/sup><\/a><\/span><\/span><\/li>\n<\/ul>\n\n\n\n<p>El alcance de la implicaci\u00f3n estadounidense depender\u00e1 de la forma que adopte la respuesta iran\u00ed, en particular si Teher\u00e1n apunta a las bases estadounidenses en la regi\u00f3n.<\/p>\n\n\n\n<ul class=\"wp-block-list\">\n<li>En una carta oficial dirigida al secretario general de la ONU el 22 de mayo, el Ministerio de Asuntos Exteriores iran\u00ed se\u00f1alaba: \u00abEn caso de ataque contra las instalaciones nucleares de la Rep\u00fablica Isl\u00e1mica de Ir\u00e1n por parte del r\u00e9gimen sionista, el gobierno de Estados Unidos ser\u00e1 responsable legalmente por su complicidad\u00bb.&nbsp;<span class='whitespace-nowrap'><span id='easy-footnote-7-70186' class='easy-footnote-margin-adjust'><\/span><span class='easy-footnote'><a href='https:\/\/legrandcontinent.eu\/es\/2025\/06\/13\/trump-ha-dado-luz-verde-al-ataque-israeli\/#easy-footnote-bottom-7-70186' title='&lt;a href=&quot;https:\/\/x.com\/iran_un\/status\/1925569265987363091?s=46&quot;&gt;Publicaci\u00f3n en X&lt;\/a&gt;, 22 de mayo de 2025.'><sup>7<\/sup><\/a><\/span><\/span><\/li>\n<\/ul>\n\n\n\n<p>Una respuesta limitada al territorio israel\u00ed podr\u00eda ir acompa\u00f1ada, al mismo tiempo, de una aceleraci\u00f3n deliberada del<a href=\"https:\/\/legrandcontinent.eu\/es\/2025\/06\/13\/que-impacto-tendra-el-ataque-israeli-sobre-el-programa-nuclear-irani\/\"> programa nuclear<\/a>. Tal din\u00e1mica plantear\u00eda a la administraci\u00f3n republicana un dilema estrat\u00e9gico: comprometerse o no militarmente para frenar o neutralizar los avances nucleares de Teher\u00e1n.<\/p>\n","protected":false},"excerpt":{"rendered":"<p>A pesar del apoyo incondicional a Netanyahu y del respaldo directo de Trump al ataque a posteriori, las \u00faltimas declaraciones de la administraci\u00f3n republicana parec\u00edan oponerse a cualquier acci\u00f3n israel\u00ed que pudiera comprometer las negociaciones con Teher\u00e1n sobre el programa nuclear.<\/p>\n","protected":false},"author":17959,"featured_media":70190,"comment_status":"closed","ping_status":"closed","sticky":false,"template":"templates\/post-briefings.php","format":"standard","meta":{"_acf_changed":false,"_trash_the_other_posts":false,"_yoast_wpseo_estimated-reading-time-minutes":5,"footnotes":""},"categories":[1221],"tags":[],"staff":[],"editorial_format":[],"serie":[],"audience":[],"geo":[172],"class_list":["post-70186","post","type-post","status-publish","format-standard","hentry","category-iran-israel-oriente-medio-en-guerra","geo-americas"],"acf":{"open_in_webview":false,"accent":false},"yoast_head":"<!-- This site is optimized with the Yoast SEO plugin v26.1.1 - https:\/\/yoast.com\/wordpress\/plugins\/seo\/ -->\n<title>Guerra: \u00bfTrump ha dado luz verde al ataque israel\u00ed?<\/title>\n<meta name=\"robots\" content=\"index, follow, max-snippet:-1, max-image-preview:large, max-video-preview:-1\" \/>\n<link rel=\"canonical\" href=\"https:\/\/legrandcontinent.eu\/es\/2025\/06\/13\/trump-ha-dado-luz-verde-al-ataque-israeli\/\" \/>\n<meta property=\"og:locale\" content=\"es_ES\" \/>\n<meta property=\"og:type\" content=\"article\" \/>\n<meta property=\"og:title\" content=\"Guerra: \u00bfTrump ha dado luz verde al ataque israel\u00ed?\" \/>\n<meta property=\"og:description\" content=\"A pesar del apoyo incondicional a Netanyahu y del respaldo directo de Trump al ataque a posteriori, las \u00faltimas declaraciones de la administraci\u00f3n republicana parec\u00edan oponerse a cualquier acci\u00f3n israel\u00ed que pudiera comprometer las negociaciones con Teher\u00e1n sobre el programa nuclear.\" \/>\n<meta property=\"og:url\" content=\"https:\/\/legrandcontinent.eu\/es\/2025\/06\/13\/trump-ha-dado-luz-verde-al-ataque-israeli\/\" \/>\n<meta property=\"og:site_name\" content=\"El Grand Continent\" \/>\n<meta property=\"article:published_time\" content=\"2025-06-13T18:04:29+00:00\" \/>\n<meta property=\"article:modified_time\" content=\"2025-06-14T15:49:44+00:00\" \/>\n<meta property=\"og:image\" content=\"https:\/\/legrandcontinent.eu\/es\/wp-content\/uploads\/sites\/6\/2025\/06\/d8itf-bases-militares-estadounidenses-en-oriente-medio-.png\" \/>\n\t<meta property=\"og:image:width\" content=\"1396\" \/>\n\t<meta property=\"og:image:height\" content=\"1138\" \/>\n\t<meta property=\"og:image:type\" content=\"image\/png\" \/>\n<meta name=\"author\" content=\"anainesfernandez\" \/>\n<meta name=\"twitter:card\" content=\"summary_large_image\" \/>\n<meta name=\"twitter:label1\" content=\"Escrito por\" \/>\n\t<meta name=\"twitter:data1\" content=\"anainesfernandez\" \/>\n\t<meta name=\"twitter:label2\" content=\"Tiempo de lectura\" \/>\n\t<meta name=\"twitter:data2\" content=\"5 minutos\" \/>\n<script type=\"application\/ld+json\" class=\"yoast-schema-graph\">{\"@context\":\"https:\/\/schema.org\",\"@graph\":[{\"@type\":\"WebPage\",\"@id\":\"https:\/\/legrandcontinent.eu\/es\/2025\/06\/13\/trump-ha-dado-luz-verde-al-ataque-israeli\/\",\"url\":\"https:\/\/legrandcontinent.eu\/es\/2025\/06\/13\/trump-ha-dado-luz-verde-al-ataque-israeli\/\",\"name\":\"Guerra: \u00bfTrump ha dado luz verde al ataque israel\u00ed?\",\"isPartOf\":{\"@id\":\"https:\/\/legrandcontinent.eu\/es\/#website\"},\"primaryImageOfPage\":{\"@id\":\"https:\/\/legrandcontinent.eu\/es\/2025\/06\/13\/trump-ha-dado-luz-verde-al-ataque-israeli\/#primaryimage\"},\"image\":{\"@id\":\"https:\/\/legrandcontinent.eu\/es\/2025\/06\/13\/trump-ha-dado-luz-verde-al-ataque-israeli\/#primaryimage\"},\"thumbnailUrl\":\"https:\/\/legrandcontinent.eu\/es\/wp-content\/uploads\/sites\/6\/2025\/06\/d8itf-bases-militares-estadounidenses-en-oriente-medio-.png\",\"datePublished\":\"2025-06-13T18:04:29+00:00\",\"dateModified\":\"2025-06-14T15:49:44+00:00\",\"author\":{\"@id\":\"https:\/\/legrandcontinent.eu\/es\/#\/schema\/person\/570398dd8da37ba5d66dec6d242bd33c\"},\"breadcrumb\":{\"@id\":\"https:\/\/legrandcontinent.eu\/es\/2025\/06\/13\/trump-ha-dado-luz-verde-al-ataque-israeli\/#breadcrumb\"},\"inLanguage\":\"es\",\"potentialAction\":[{\"@type\":\"ReadAction\",\"target\":[\"https:\/\/legrandcontinent.eu\/es\/2025\/06\/13\/trump-ha-dado-luz-verde-al-ataque-israeli\/\"]}]},{\"@type\":\"ImageObject\",\"inLanguage\":\"es\",\"@id\":\"https:\/\/legrandcontinent.eu\/es\/2025\/06\/13\/trump-ha-dado-luz-verde-al-ataque-israeli\/#primaryimage\",\"url\":\"https:\/\/legrandcontinent.eu\/es\/wp-content\/uploads\/sites\/6\/2025\/06\/d8itf-bases-militares-estadounidenses-en-oriente-medio-.png\",\"contentUrl\":\"https:\/\/legrandcontinent.eu\/es\/wp-content\/uploads\/sites\/6\/2025\/06\/d8itf-bases-militares-estadounidenses-en-oriente-medio-.png\",\"width\":1396,\"height\":1138},{\"@type\":\"BreadcrumbList\",\"@id\":\"https:\/\/legrandcontinent.eu\/es\/2025\/06\/13\/trump-ha-dado-luz-verde-al-ataque-israeli\/#breadcrumb\",\"itemListElement\":[{\"@type\":\"ListItem\",\"position\":1,\"name\":\"Home\",\"item\":\"https:\/\/legrandcontinent.eu\/es\/\"},{\"@type\":\"ListItem\",\"position\":2,\"name\":\"\u00bfTrump ha dado luz verde al ataque israel\u00ed?\"}]},{\"@type\":\"WebSite\",\"@id\":\"https:\/\/legrandcontinent.eu\/es\/#website\",\"url\":\"https:\/\/legrandcontinent.eu\/es\/\",\"name\":\"El Grand Continent\",\"description\":\"La escala pertinente\",\"potentialAction\":[{\"@type\":\"SearchAction\",\"target\":{\"@type\":\"EntryPoint\",\"urlTemplate\":\"https:\/\/legrandcontinent.eu\/es\/?s={search_term_string}\"},\"query-input\":{\"@type\":\"PropertyValueSpecification\",\"valueRequired\":true,\"valueName\":\"search_term_string\"}}],\"inLanguage\":\"es\"},{\"@type\":\"Person\",\"@id\":\"https:\/\/legrandcontinent.eu\/es\/#\/schema\/person\/570398dd8da37ba5d66dec6d242bd33c\",\"name\":\"anainesfernandez\",\"image\":{\"@type\":\"ImageObject\",\"inLanguage\":\"es\",\"@id\":\"https:\/\/legrandcontinent.eu\/es\/#\/schema\/person\/image\/\",\"url\":\"https:\/\/secure.gravatar.com\/avatar\/fe25c21e6213f69a683147fabda32586?s=96&d=mm&r=g\",\"contentUrl\":\"https:\/\/secure.gravatar.com\/avatar\/fe25c21e6213f69a683147fabda32586?s=96&d=mm&r=g\",\"caption\":\"anainesfernandez\"}}]}<\/script>\n<!-- \/ Yoast SEO plugin. -->","yoast_head_json":{"title":"Guerra: \u00bfTrump ha dado luz verde al ataque israel\u00ed?","robots":{"index":"index","follow":"follow","max-snippet":"max-snippet:-1","max-image-preview":"max-image-preview:large","max-video-preview":"max-video-preview:-1"},"canonical":"https:\/\/legrandcontinent.eu\/es\/2025\/06\/13\/trump-ha-dado-luz-verde-al-ataque-israeli\/","og_locale":"es_ES","og_type":"article","og_title":"Guerra: \u00bfTrump ha dado luz verde al ataque israel\u00ed?","og_description":"A pesar del apoyo incondicional a Netanyahu y del respaldo directo de Trump al ataque a posteriori, las \u00faltimas declaraciones de la administraci\u00f3n republicana parec\u00edan oponerse a cualquier acci\u00f3n israel\u00ed que pudiera comprometer las negociaciones con Teher\u00e1n sobre el programa nuclear.","og_url":"https:\/\/legrandcontinent.eu\/es\/2025\/06\/13\/trump-ha-dado-luz-verde-al-ataque-israeli\/","og_site_name":"El Grand Continent","article_published_time":"2025-06-13T18:04:29+00:00","article_modified_time":"2025-06-14T15:49:44+00:00","og_image":[{"width":1396,"height":1138,"url":"https:\/\/legrandcontinent.eu\/es\/wp-content\/uploads\/sites\/6\/2025\/06\/d8itf-bases-militares-estadounidenses-en-oriente-medio-.png","type":"image\/png"}],"author":"anainesfernandez","twitter_card":"summary_large_image","twitter_misc":{"Escrito por":"anainesfernandez","Tiempo de lectura":"5 minutos"},"schema":{"@context":"https:\/\/schema.org","@graph":[{"@type":"WebPage","@id":"https:\/\/legrandcontinent.eu\/es\/2025\/06\/13\/trump-ha-dado-luz-verde-al-ataque-israeli\/","url":"https:\/\/legrandcontinent.eu\/es\/2025\/06\/13\/trump-ha-dado-luz-verde-al-ataque-israeli\/","name":"Guerra: \u00bfTrump ha dado luz verde al ataque israel\u00ed?","isPartOf":{"@id":"https:\/\/legrandcontinent.eu\/es\/#website"},"primaryImageOfPage":{"@id":"https:\/\/legrandcontinent.eu\/es\/2025\/06\/13\/trump-ha-dado-luz-verde-al-ataque-israeli\/#primaryimage"},"image":{"@id":"https:\/\/legrandcontinent.eu\/es\/2025\/06\/13\/trump-ha-dado-luz-verde-al-ataque-israeli\/#primaryimage"},"thumbnailUrl":"https:\/\/legrandcontinent.eu\/es\/wp-content\/uploads\/sites\/6\/2025\/06\/d8itf-bases-militares-estadounidenses-en-oriente-medio-.png","datePublished":"2025-06-13T18:04:29+00:00","dateModified":"2025-06-14T15:49:44+00:00","author":{"@id":"https:\/\/legrandcontinent.eu\/es\/#\/schema\/person\/570398dd8da37ba5d66dec6d242bd33c"},"breadcrumb":{"@id":"https:\/\/legrandcontinent.eu\/es\/2025\/06\/13\/trump-ha-dado-luz-verde-al-ataque-israeli\/#breadcrumb"},"inLanguage":"es","potentialAction":[{"@type":"ReadAction","target":["https:\/\/legrandcontinent.eu\/es\/2025\/06\/13\/trump-ha-dado-luz-verde-al-ataque-israeli\/"]}]},{"@type":"ImageObject","inLanguage":"es","@id":"https:\/\/legrandcontinent.eu\/es\/2025\/06\/13\/trump-ha-dado-luz-verde-al-ataque-israeli\/#primaryimage","url":"https:\/\/legrandcontinent.eu\/es\/wp-content\/uploads\/sites\/6\/2025\/06\/d8itf-bases-militares-estadounidenses-en-oriente-medio-.png","contentUrl":"https:\/\/legrandcontinent.eu\/es\/wp-content\/uploads\/sites\/6\/2025\/06\/d8itf-bases-militares-estadounidenses-en-oriente-medio-.png","width":1396,"height":1138},{"@type":"BreadcrumbList","@id":"https:\/\/legrandcontinent.eu\/es\/2025\/06\/13\/trump-ha-dado-luz-verde-al-ataque-israeli\/#breadcrumb","itemListElement":[{"@type":"ListItem","position":1,"name":"Home","item":"https:\/\/legrandcontinent.eu\/es\/"},{"@type":"ListItem","position":2,"name":"\u00bfTrump ha dado luz verde al ataque israel\u00ed?"}]},{"@type":"WebSite","@id":"https:\/\/legrandcontinent.eu\/es\/#website","url":"https:\/\/legrandcontinent.eu\/es\/","name":"El Grand Continent","description":"La escala pertinente","potentialAction":[{"@type":"SearchAction","target":{"@type":"EntryPoint","urlTemplate":"https:\/\/legrandcontinent.eu\/es\/?s={search_term_string}"},"query-input":{"@type":"PropertyValueSpecification","valueRequired":true,"valueName":"search_term_string"}}],"inLanguage":"es"},{"@type":"Person","@id":"https:\/\/legrandcontinent.eu\/es\/#\/schema\/person\/570398dd8da37ba5d66dec6d242bd33c","name":"anainesfernandez","image":{"@type":"ImageObject","inLanguage":"es","@id":"https:\/\/legrandcontinent.eu\/es\/#\/schema\/person\/image\/","url":"https:\/\/secure.gravatar.com\/avatar\/fe25c21e6213f69a683147fabda32586?s=96&d=mm&r=g","contentUrl":"https:\/\/secure.gravatar.com\/avatar\/fe25c21e6213f69a683147fabda32586?s=96&d=mm&r=g","caption":"anainesfernandez"}}]}},"lgc_categories":[{"id":1221,"name":"Ir\u00e1n-Israel: Oriente Medio en guerra","slug":"iran-israel-oriente-medio-en-guerra"}],"lgc_author":null,"feature_image_summary":{"url":"https:\/\/legrandcontinent.eu\/es\/wp-content\/uploads\/sites\/6\/2025\/06\/d8itf-bases-militares-estadounidenses-en-oriente-medio-.png","width":1396,"height":1138,"alt":""},"feature_image_cover":null,"term_position_data":null,"_links":{"self":[{"href":"https:\/\/legrandcontinent.eu\/es\/wp-json\/wp\/v2\/posts\/70186","targetHints":{"allow":["GET"]}}],"collection":[{"href":"https:\/\/legrandcontinent.eu\/es\/wp-json\/wp\/v2\/posts"}],"about":[{"href":"https:\/\/legrandcontinent.eu\/es\/wp-json\/wp\/v2\/types\/post"}],"author":[{"embeddable":true,"href":"https:\/\/legrandcontinent.eu\/es\/wp-json\/wp\/v2\/users\/17959"}],"replies":[{"embeddable":true,"href":"https:\/\/legrandcontinent.eu\/es\/wp-json\/wp\/v2\/comments?post=70186"}],"version-history":[{"count":0,"href":"https:\/\/legrandcontinent.eu\/es\/wp-json\/wp\/v2\/posts\/70186\/revisions"}],"wp:featuredmedia":[{"embeddable":true,"href":"https:\/\/legrandcontinent.eu\/es\/wp-json\/wp\/v2\/media\/70190"}],"wp:attachment":[{"href":"https:\/\/legrandcontinent.eu\/es\/wp-json\/wp\/v2\/media?parent=70186"}],"wp:term":[{"taxonomy":"category","embeddable":true,"href":"https:\/\/legrandcontinent.eu\/es\/wp-json\/wp\/v2\/categories?post=70186"},{"taxonomy":"post_tag","embeddable":true,"href":"https:\/\/legrandcontinent.eu\/es\/wp-json\/wp\/v2\/tags?post=70186"},{"taxonomy":"staff","embeddable":true,"href":"https:\/\/legrandcontinent.eu\/es\/wp-json\/wp\/v2\/staff?post=70186"},{"taxonomy":"editorial_format","embeddable":true,"href":"https:\/\/legrandcontinent.eu\/es\/wp-json\/wp\/v2\/editorial_format?post=70186"},{"taxonomy":"serie","embeddable":true,"href":"https:\/\/legrandcontinent.eu\/es\/wp-json\/wp\/v2\/serie?post=70186"},{"taxonomy":"audience","embeddable":true,"href":"https:\/\/legrandcontinent.eu\/es\/wp-json\/wp\/v2\/audience?post=70186"},{"taxonomy":"geo","embeddable":true,"href":"https:\/\/legrandcontinent.eu\/es\/wp-json\/wp\/v2\/geo?post=70186"}],"curies":[{"name":"wp","href":"https:\/\/api.w.org\/{rel}","templated":true}]}}