{"id":70176,"date":"2025-06-13T18:23:19","date_gmt":"2025-06-13T16:23:19","guid":{"rendered":"https:\/\/legrandcontinent.eu\/es\/?p=70176"},"modified":"2025-06-14T17:50:08","modified_gmt":"2025-06-14T15:50:08","slug":"que-impacto-tendra-el-ataque-israeli-sobre-el-programa-nuclear-irani","status":"publish","type":"post","link":"https:\/\/legrandcontinent.eu\/es\/2025\/06\/13\/que-impacto-tendra-el-ataque-israeli-sobre-el-programa-nuclear-irani\/","title":{"rendered":"\u00bfQu\u00e9 impacto tendr\u00e1 el ataque israel\u00ed sobre el programa nuclear iran\u00ed?"},"content":{"rendered":"\n<p>El ej\u00e9rcito israel\u00ed ha declarado haber atacado la instalaci\u00f3n de enriquecimiento de uranio de Natanz, la principal planta de enriquecimiento de Ir\u00e1n, apuntando a un complejo subterr\u00e1neo que alberga centrifugadoras, as\u00ed como \u00abinfraestructuras vitales para el funcionamiento continuo de la planta y el avance del proyecto nuclear militar iran\u00ed\u00bb.<\/p>\n\n\n\n<ul class=\"wp-block-list\">\n<li>Seg\u00fan la Agencia Internacional de Energ\u00eda At\u00f3mica, actualmente hay cerca de 14.000 centrifugadoras en funcionamiento, mientras que hay varios miles m\u00e1s instaladas pero inactivas&nbsp;<span class='whitespace-nowrap'><span id='easy-footnote-1-70176' class='easy-footnote-margin-adjust'><\/span><span class='easy-footnote'><a href='https:\/\/legrandcontinent.eu\/es\/2025\/06\/13\/que-impacto-tendra-el-ataque-israeli-sobre-el-programa-nuclear-irani\/#easy-footnote-bottom-1-70176' title='Francois Murphy,\u00a0&lt;a href=&quot;https:\/\/www.reuters.com\/world\/middle-east\/irans-main-nuclear-facilities-long-israels-sights-2024-10-02\/?utm_source=chatgpt.com&quot;&gt;Where are Iran\u2019s main nuclear sites and what does it use them for\u00a0?&lt;\/a&gt;,\u00a0&lt;em&gt;Reuters&lt;\/em&gt;, 13 de junio de 2025.'><sup>1<\/sup><\/a><\/span><\/span>.<\/li>\n\n\n\n<li>Seg\u00fan Rafael Grossi, director de la AIEA, no se ha detectado ning\u00fan \u00abnivel elevado de radiaci\u00f3n\u00bb en los alrededores de la central nuclear de Natanz.<\/li>\n\n\n\n<li>A\u00f1adi\u00f3 que, por el momento, no se han observado signos de ataque en otras dos importantes instalaciones nucleares de Ir\u00e1n: la planta de enriquecimiento de uranio de Fordo, situada a unos 80\/90 metros bajo tierra y dise\u00f1ada para resistir los intentos de bombardeo, y la planta de conversi\u00f3n de Isfah\u00e1n, que produce principalmente combustible poco enriquecido.<\/li>\n\n\n\n<li>Fordo, desarrollada en secreto por el r\u00e9gimen hasta 2009, alberga hoy las centrifugadoras m\u00e1s avanzadas de Ir\u00e1n y el emplazamiento desempe\u00f1a un papel estrat\u00e9gico en la capacidad del pa\u00eds para enriquecer uranio al 60%, un nivel cercano al requerido para uso militar. Es poco probable que Israel pueda alcanzar la planta sin el apoyo militar de Estados Unidos.<\/li>\n\n\n\n<li>La planta de Bushehr tampoco ha sido afectada.\u00a0<\/li>\n<\/ul>\n\n\n\n<div class=\"iframe-container wp-block-image wp-block-image-medium  iframe-dw\">\n\t<div>\n\t\t<iframe class=\"absolute w-full h-full pin-t pin-l\" title=\"titolo\" aria-label=\"Interactive line chart\" src=\"\/\/datawrapper.dwcdn.net\/hSzOh\/\" scrolling=\"no\" frameborder=\"0\"><\/iframe>\n\t<\/div>\n<\/div>\n\n\n\n<p>Israel y Estados Unidos tienen una larga historia de operaciones contra el programa nuclear de Teher\u00e1n, con estrategias que han tenido distintos grados de \u00e9xito. Antes de la adopci\u00f3n del acuerdo nuclear iran\u00ed (JCPoA) en 2015, estos esfuerzos nunca hab\u00edan logrado retrasar el programa m\u00e1s de uno o dos a\u00f1os.<\/p>\n\n\n\n<ul class=\"wp-block-list\">\n<li>De hecho, los servicios de inteligencia israel\u00edes llevan mucho tiempo llevando a cabo con \u00e9xito asesinatos selectivos de cient\u00edficos iran\u00edes, a menudo considerados el medio m\u00e1s eficaz y duradero para perjudicar el desarrollo de un programa nuclear, con un doble efecto: disuadir a los cient\u00edficos de trabajar en Ir\u00e1n y destruir los conocimientos y la experiencia acumulados.<\/li>\n<\/ul>\n\n\n\n<ul class=\"wp-block-list\">\n<li>Estos asesinatos selectivos se produjeron principalmente entre 2010 y 2012, durante el segundo mandato de Mahmud Ahmadineyad, en un momento en que Ir\u00e1n era objeto de una presi\u00f3n internacional coordinada. As\u00ed, cinco cient\u00edficos iran\u00edes ya hab\u00edan sido blanco de ataques en Ir\u00e1n: Massoud Alimohammadi el 12 de enero de 2010&nbsp;<span class='whitespace-nowrap'><span id='easy-footnote-2-70176' class='easy-footnote-margin-adjust'><\/span><span class='easy-footnote'><a href='https:\/\/legrandcontinent.eu\/es\/2025\/06\/13\/que-impacto-tendra-el-ataque-israeli-sobre-el-programa-nuclear-irani\/#easy-footnote-bottom-2-70176' title='\u00ab\u00a0&lt;a href=&quot;https:\/\/www.nytimes.com\/2010\/01\/13\/world\/middleeast\/13iran.html&quot;&gt;Blast Kills Physics Professor in Tehran&lt;\/a&gt;\u00a0\u00bb,\u00a0&lt;em&gt;The New York Times,\u00a0&lt;\/em&gt;12 de enero de 2010.'><sup>2<\/sup><\/a><\/span><\/span>, Majid Shahriari el 29 de noviembre de 2010&nbsp;<span class='whitespace-nowrap'><span id='easy-footnote-3-70176' class='easy-footnote-margin-adjust'><\/span><span class='easy-footnote'><a href='https:\/\/legrandcontinent.eu\/es\/2025\/06\/13\/que-impacto-tendra-el-ataque-israeli-sobre-el-programa-nuclear-irani\/#easy-footnote-bottom-3-70176' title='\u00ab\u00a0&lt;a href=&quot;https:\/\/www.bbc.co.uk\/news\/world-middle-east-11860928&quot;&gt;Iranian nuclear scientist killed in motorbike attack&lt;\/a&gt;\u00a0\u00bb,\u00a0&lt;em&gt;BBC&lt;\/em&gt;, 29 de noviembre de 2010.'><sup>3<\/sup><\/a><\/span><\/span>, Darioush Rezaeinejad el 23 de julio de 2011 y Mostafa Ahmadi Roshan el 11 de enero de 2012&nbsp;<span class='whitespace-nowrap'><span id='easy-footnote-4-70176' class='easy-footnote-margin-adjust'><\/span><span class='easy-footnote'><a href='https:\/\/legrandcontinent.eu\/es\/2025\/06\/13\/que-impacto-tendra-el-ataque-israeli-sobre-el-programa-nuclear-irani\/#easy-footnote-bottom-4-70176' title='\u00ab\u00a0&lt;a href=&quot;https:\/\/www.theguardian.com\/world\/2012\/jan\/11\/iran-nuclear-scientist-killed&quot;&gt;Iran nuclear scientist killed in Tehran motorbike bomb attack&lt;\/a&gt;\u00a0\u00bb,\u00a0&lt;em&gt;The Guardian&lt;\/em&gt;, 11 de enero de 2012.'><sup>4<\/sup><\/a><\/span><\/span>.<\/li>\n\n\n\n<li>Mohsen Fakhrizadeh, considerado el padre del programa nuclear iran\u00ed, fue asesinado el 27 de noviembre de 2020 cerca de Teher\u00e1n.\u00a0<\/li>\n\n\n\n<li>En los ataques de esta noche, seis cient\u00edficos iran\u00edes han sido declarados muertos.<\/li>\n<\/ul>\n\n\n\n<div class=\"iframe-container wp-block-image wp-block-image-medium  iframe-dw\">\n\t<div>\n\t\t<iframe class=\"absolute w-full h-full pin-t pin-l\" title=\"titolo\" aria-label=\"Interactive line chart\" src=\"\/\/datawrapper.dwcdn.net\/ASIp1\/\" scrolling=\"no\" frameborder=\"0\"><\/iframe>\n\t<\/div>\n<\/div>\n\n\n\n<p>Los servicios de inteligencia israel\u00edes tambi\u00e9n han logrado infiltrarse en el programa nuclear iran\u00ed mediante virus inform\u00e1ticos, en particular con la difusi\u00f3n del virus Stuxnet en 2010.<\/p>\n\n\n\n<ul class=\"wp-block-list\">\n<li>Introducido directamente en los ordenadores a trav\u00e9s de una memoria USB, Stuxnet perturb\u00f3 el funcionamiento de las centrifugadoras, provocando numerosos fallos que ni los cient\u00edficos iran\u00edes ni los de la OIEA pudieron explicar en un primer momento.<\/li>\n\n\n\n<li>De hecho, el virus Stuxnet modificaba sutilmente la velocidad de rotaci\u00f3n de las centrifugadoras: primero la aceleraba ligeramente y, tras unas semanas, la ralentizaba, lo que imposibilitaba la precisi\u00f3n necesaria para el enriquecimiento del uranio.<\/li>\n<\/ul>\n\n\n\n<p>Los ataques militares destinados a destruir las instalaciones nucleares iran\u00edes son m\u00e1s complejos de llevar a cabo y tienen menos posibilidades de \u00e9xito&nbsp;<span class='whitespace-nowrap'><span id='easy-footnote-5-70176' class='easy-footnote-margin-adjust'><\/span><span class='easy-footnote'><a href='https:\/\/legrandcontinent.eu\/es\/2025\/06\/13\/que-impacto-tendra-el-ataque-israeli-sobre-el-programa-nuclear-irani\/#easy-footnote-bottom-5-70176' title='Darya Dolzikova\u200b, Justin Bronk,\u00a0&lt;a href=&quot;https:\/\/www.rusi.org\/explore-our-research\/publications\/commentary\/challenges-involved-military-strikes-against-irans-nuclear-programme&quot;&gt;The Challenges Involved in Military Strikes Against Iran\u2019s Nuclear Programme&lt;\/a&gt;, RUSI, 21 de marzo de 2025.'><sup>5<\/sup><\/a><\/span><\/span> que los\u00a0<a href=\"https:\/\/legrandcontinent.eu\/es\/2024\/04\/19\/israel-ha-contraatacado-cuales-son-los-proximos-escenarios-de-escalada\/\">ataques selectivos contra mandos<\/a>\u00a0del ej\u00e9rcito. Sin embargo, el \u00e9xito de las operaciones llevadas a cabo en la noche del 12 al 13 de junio, marcado en particular por la ausencia, hasta el momento, de p\u00e9rdidas israel\u00edes, podr\u00eda animar a Tsahal a emprender acciones m\u00e1s audaces.<\/p>\n\n\n\n<ul class=\"wp-block-list\">\n<li>Teniendo en cuenta la cantidad de uranio que hay actualmente en Ir\u00e1n y la capacidad de enriquecimiento del pa\u00eds, el Centro de Investigaci\u00f3n sobre No Proliferaci\u00f3n y Control de Armas de la Universidad de Wisconsin estimaba en marzo que Ir\u00e1n ser\u00eda capaz de producir suficiente uranio para cinco bombas nucleares en una semana.<\/li>\n\n\n\n<li>Sin embargo, esto requiere varios pasos adicionales, as\u00ed como su integraci\u00f3n en un vector, como un misil, operaciones que, no obstante, podr\u00edan llevarse a cabo de forma clandestina&nbsp;<span class='whitespace-nowrap'><span id='easy-footnote-6-70176' class='easy-footnote-margin-adjust'><\/span><span class='easy-footnote'><a href='https:\/\/legrandcontinent.eu\/es\/2025\/06\/13\/que-impacto-tendra-el-ataque-israeli-sobre-el-programa-nuclear-irani\/#easy-footnote-bottom-6-70176' title='\u00ab\u00a0&lt;a href=&quot;https:\/\/www.iranwatch.org\/our-publications\/articles-reports\/irans-nuclear-timetable-weapon-potential&quot;&gt;Iran\u2019s Nuclear Timetable\u00a0: The Weapon Potential&lt;\/a&gt;\u00a0\u00bb,\u00a0&lt;em&gt;Iran Watch&lt;\/em&gt;, 28 de marzo de 2025.'><sup>6<\/sup><\/a><\/span><\/span>.\u00a0<\/li>\n\n\n\n<li>Por lo tanto, es dif\u00edcil estimar el impacto preciso del ataque israel\u00ed sobre el programa nuclear iran\u00ed. El asesinato de seis cient\u00edficos podr\u00eda retrasarlo considerablemente sin que las instalaciones en s\u00ed se vean afectadas.<\/li>\n\n\n\n<li>La desorganizaci\u00f3n del aparato pol\u00edtico-militar tambi\u00e9n podr\u00eda abrir la puerta a otros ataques directos contra las instalaciones nucleares.<\/li>\n<\/ul>\n","protected":false},"excerpt":{"rendered":"<p>Una de las preguntas clave que plantean los ataques perpetrados contra Ir\u00e1n en la noche del 12 al 13 de junio es hasta qu\u00e9 punto Israel ha logrado realmente afectar la capacidad nuclear del pa\u00eds, cuando, por el momento, la operaci\u00f3n parece tener como objetivo principal decapitar al r\u00e9gimen de Teher\u00e1n.<\/p>\n","protected":false},"author":1366,"featured_media":70177,"comment_status":"closed","ping_status":"closed","sticky":false,"template":"templates\/post-briefings.php","format":"standard","meta":{"_acf_changed":true,"_trash_the_other_posts":false,"_yoast_wpseo_estimated-reading-time-minutes":5,"footnotes":""},"categories":[1221],"tags":[],"staff":[],"editorial_format":[],"serie":[],"audience":[],"geo":[196],"class_list":["post-70176","post","type-post","status-publish","format-standard","hentry","category-iran-israel-oriente-medio-en-guerra","geo-asia-central"],"acf":{"open_in_webview":false,"accent":false},"yoast_head":"<!-- This site is optimized with the Yoast SEO plugin v26.1.1 - https:\/\/yoast.com\/wordpress\/plugins\/seo\/ -->\n<title>Guerra: \u00bfQu\u00e9 impacto tendr\u00e1 el ataque israel\u00ed sobre el programa nuclear iran\u00ed?<\/title>\n<meta name=\"robots\" content=\"index, follow, max-snippet:-1, max-image-preview:large, max-video-preview:-1\" \/>\n<link rel=\"canonical\" href=\"https:\/\/legrandcontinent.eu\/es\/2025\/06\/13\/que-impacto-tendra-el-ataque-israeli-sobre-el-programa-nuclear-irani\/\" \/>\n<meta property=\"og:locale\" content=\"es_ES\" \/>\n<meta property=\"og:type\" content=\"article\" \/>\n<meta property=\"og:title\" content=\"Guerra: \u00bfQu\u00e9 impacto tendr\u00e1 el ataque israel\u00ed sobre el programa nuclear iran\u00ed?\" \/>\n<meta property=\"og:description\" content=\"Una de las preguntas clave que plantean los ataques perpetrados contra Ir\u00e1n en la noche del 12 al 13 de junio es hasta qu\u00e9 punto Israel ha logrado realmente afectar la capacidad nuclear del pa\u00eds, cuando, por el momento, la operaci\u00f3n parece tener como objetivo principal decapitar al r\u00e9gimen de Teher\u00e1n.\" \/>\n<meta property=\"og:url\" content=\"https:\/\/legrandcontinent.eu\/es\/2025\/06\/13\/que-impacto-tendra-el-ataque-israeli-sobre-el-programa-nuclear-irani\/\" \/>\n<meta property=\"og:site_name\" content=\"El Grand Continent\" \/>\n<meta property=\"article:published_time\" content=\"2025-06-13T16:23:19+00:00\" \/>\n<meta property=\"article:modified_time\" content=\"2025-06-14T15:50:08+00:00\" \/>\n<meta property=\"og:image\" content=\"https:\/\/legrandcontinent.eu\/es\/wp-content\/uploads\/sites\/6\/2025\/06\/gc-elnuclear-scaled.jpg\" \/>\n\t<meta property=\"og:image:width\" content=\"2560\" \/>\n\t<meta property=\"og:image:height\" content=\"1440\" \/>\n\t<meta property=\"og:image:type\" content=\"image\/jpeg\" \/>\n<meta name=\"author\" content=\"florent\" \/>\n<meta name=\"twitter:card\" content=\"summary_large_image\" \/>\n<meta name=\"twitter:image\" content=\"https:\/\/legrandcontinent.eu\/es\/wp-content\/uploads\/sites\/6\/2025\/06\/gc-elnuclear-scaled.jpg\" \/>\n<meta name=\"twitter:label1\" content=\"Escrito por\" \/>\n\t<meta name=\"twitter:data1\" content=\"florent\" \/>\n\t<meta name=\"twitter:label2\" content=\"Tiempo de lectura\" \/>\n\t<meta name=\"twitter:data2\" content=\"5 minutos\" \/>\n<script type=\"application\/ld+json\" class=\"yoast-schema-graph\">{\"@context\":\"https:\/\/schema.org\",\"@graph\":[{\"@type\":\"WebPage\",\"@id\":\"https:\/\/legrandcontinent.eu\/es\/2025\/06\/13\/que-impacto-tendra-el-ataque-israeli-sobre-el-programa-nuclear-irani\/\",\"url\":\"https:\/\/legrandcontinent.eu\/es\/2025\/06\/13\/que-impacto-tendra-el-ataque-israeli-sobre-el-programa-nuclear-irani\/\",\"name\":\"Guerra: \u00bfQu\u00e9 impacto tendr\u00e1 el ataque israel\u00ed sobre el programa nuclear iran\u00ed?\",\"isPartOf\":{\"@id\":\"https:\/\/legrandcontinent.eu\/es\/#website\"},\"primaryImageOfPage\":{\"@id\":\"https:\/\/legrandcontinent.eu\/es\/2025\/06\/13\/que-impacto-tendra-el-ataque-israeli-sobre-el-programa-nuclear-irani\/#primaryimage\"},\"image\":{\"@id\":\"https:\/\/legrandcontinent.eu\/es\/2025\/06\/13\/que-impacto-tendra-el-ataque-israeli-sobre-el-programa-nuclear-irani\/#primaryimage\"},\"thumbnailUrl\":\"https:\/\/legrandcontinent.eu\/es\/wp-content\/uploads\/sites\/6\/2025\/06\/hSzOh-principales-instalaciones-del-programa-nuclear-iran-.png\",\"datePublished\":\"2025-06-13T16:23:19+00:00\",\"dateModified\":\"2025-06-14T15:50:08+00:00\",\"author\":{\"@id\":\"https:\/\/legrandcontinent.eu\/es\/#\/schema\/person\/cdd782c93d4a9eda86ab19a8c01cdf5c\"},\"breadcrumb\":{\"@id\":\"https:\/\/legrandcontinent.eu\/es\/2025\/06\/13\/que-impacto-tendra-el-ataque-israeli-sobre-el-programa-nuclear-irani\/#breadcrumb\"},\"inLanguage\":\"es\",\"potentialAction\":[{\"@type\":\"ReadAction\",\"target\":[\"https:\/\/legrandcontinent.eu\/es\/2025\/06\/13\/que-impacto-tendra-el-ataque-israeli-sobre-el-programa-nuclear-irani\/\"]}]},{\"@type\":\"ImageObject\",\"inLanguage\":\"es\",\"@id\":\"https:\/\/legrandcontinent.eu\/es\/2025\/06\/13\/que-impacto-tendra-el-ataque-israeli-sobre-el-programa-nuclear-irani\/#primaryimage\",\"url\":\"https:\/\/legrandcontinent.eu\/es\/wp-content\/uploads\/sites\/6\/2025\/06\/hSzOh-principales-instalaciones-del-programa-nuclear-iran-.png\",\"contentUrl\":\"https:\/\/legrandcontinent.eu\/es\/wp-content\/uploads\/sites\/6\/2025\/06\/hSzOh-principales-instalaciones-del-programa-nuclear-iran-.png\",\"width\":1392,\"height\":1334},{\"@type\":\"BreadcrumbList\",\"@id\":\"https:\/\/legrandcontinent.eu\/es\/2025\/06\/13\/que-impacto-tendra-el-ataque-israeli-sobre-el-programa-nuclear-irani\/#breadcrumb\",\"itemListElement\":[{\"@type\":\"ListItem\",\"position\":1,\"name\":\"Home\",\"item\":\"https:\/\/legrandcontinent.eu\/es\/\"},{\"@type\":\"ListItem\",\"position\":2,\"name\":\"\u00bfQu\u00e9 impacto tendr\u00e1 el ataque israel\u00ed sobre el programa nuclear iran\u00ed?\"}]},{\"@type\":\"WebSite\",\"@id\":\"https:\/\/legrandcontinent.eu\/es\/#website\",\"url\":\"https:\/\/legrandcontinent.eu\/es\/\",\"name\":\"El Grand Continent\",\"description\":\"La escala pertinente\",\"potentialAction\":[{\"@type\":\"SearchAction\",\"target\":{\"@type\":\"EntryPoint\",\"urlTemplate\":\"https:\/\/legrandcontinent.eu\/es\/?s={search_term_string}\"},\"query-input\":{\"@type\":\"PropertyValueSpecification\",\"valueRequired\":true,\"valueName\":\"search_term_string\"}}],\"inLanguage\":\"es\"},{\"@type\":\"Person\",\"@id\":\"https:\/\/legrandcontinent.eu\/es\/#\/schema\/person\/cdd782c93d4a9eda86ab19a8c01cdf5c\",\"name\":\"florent\",\"image\":{\"@type\":\"ImageObject\",\"inLanguage\":\"es\",\"@id\":\"https:\/\/legrandcontinent.eu\/es\/#\/schema\/person\/image\/\",\"url\":\"https:\/\/secure.gravatar.com\/avatar\/0d38d78c90602daf39b309035cdac6bc?s=96&d=mm&r=g\",\"contentUrl\":\"https:\/\/secure.gravatar.com\/avatar\/0d38d78c90602daf39b309035cdac6bc?s=96&d=mm&r=g\",\"caption\":\"florent\"}}]}<\/script>\n<!-- \/ Yoast SEO plugin. -->","yoast_head_json":{"title":"Guerra: \u00bfQu\u00e9 impacto tendr\u00e1 el ataque israel\u00ed sobre el programa nuclear iran\u00ed?","robots":{"index":"index","follow":"follow","max-snippet":"max-snippet:-1","max-image-preview":"max-image-preview:large","max-video-preview":"max-video-preview:-1"},"canonical":"https:\/\/legrandcontinent.eu\/es\/2025\/06\/13\/que-impacto-tendra-el-ataque-israeli-sobre-el-programa-nuclear-irani\/","og_locale":"es_ES","og_type":"article","og_title":"Guerra: \u00bfQu\u00e9 impacto tendr\u00e1 el ataque israel\u00ed sobre el programa nuclear iran\u00ed?","og_description":"Una de las preguntas clave que plantean los ataques perpetrados contra Ir\u00e1n en la noche del 12 al 13 de junio es hasta qu\u00e9 punto Israel ha logrado realmente afectar la capacidad nuclear del pa\u00eds, cuando, por el momento, la operaci\u00f3n parece tener como objetivo principal decapitar al r\u00e9gimen de Teher\u00e1n.","og_url":"https:\/\/legrandcontinent.eu\/es\/2025\/06\/13\/que-impacto-tendra-el-ataque-israeli-sobre-el-programa-nuclear-irani\/","og_site_name":"El Grand Continent","article_published_time":"2025-06-13T16:23:19+00:00","article_modified_time":"2025-06-14T15:50:08+00:00","og_image":[{"width":2560,"height":1440,"url":"https:\/\/legrandcontinent.eu\/es\/wp-content\/uploads\/sites\/6\/2025\/06\/gc-elnuclear-scaled.jpg","type":"image\/jpeg"}],"author":"florent","twitter_card":"summary_large_image","twitter_image":"https:\/\/legrandcontinent.eu\/es\/wp-content\/uploads\/sites\/6\/2025\/06\/gc-elnuclear-scaled.jpg","twitter_misc":{"Escrito por":"florent","Tiempo de lectura":"5 minutos"},"schema":{"@context":"https:\/\/schema.org","@graph":[{"@type":"WebPage","@id":"https:\/\/legrandcontinent.eu\/es\/2025\/06\/13\/que-impacto-tendra-el-ataque-israeli-sobre-el-programa-nuclear-irani\/","url":"https:\/\/legrandcontinent.eu\/es\/2025\/06\/13\/que-impacto-tendra-el-ataque-israeli-sobre-el-programa-nuclear-irani\/","name":"Guerra: \u00bfQu\u00e9 impacto tendr\u00e1 el ataque israel\u00ed sobre el programa nuclear iran\u00ed?","isPartOf":{"@id":"https:\/\/legrandcontinent.eu\/es\/#website"},"primaryImageOfPage":{"@id":"https:\/\/legrandcontinent.eu\/es\/2025\/06\/13\/que-impacto-tendra-el-ataque-israeli-sobre-el-programa-nuclear-irani\/#primaryimage"},"image":{"@id":"https:\/\/legrandcontinent.eu\/es\/2025\/06\/13\/que-impacto-tendra-el-ataque-israeli-sobre-el-programa-nuclear-irani\/#primaryimage"},"thumbnailUrl":"https:\/\/legrandcontinent.eu\/es\/wp-content\/uploads\/sites\/6\/2025\/06\/hSzOh-principales-instalaciones-del-programa-nuclear-iran-.png","datePublished":"2025-06-13T16:23:19+00:00","dateModified":"2025-06-14T15:50:08+00:00","author":{"@id":"https:\/\/legrandcontinent.eu\/es\/#\/schema\/person\/cdd782c93d4a9eda86ab19a8c01cdf5c"},"breadcrumb":{"@id":"https:\/\/legrandcontinent.eu\/es\/2025\/06\/13\/que-impacto-tendra-el-ataque-israeli-sobre-el-programa-nuclear-irani\/#breadcrumb"},"inLanguage":"es","potentialAction":[{"@type":"ReadAction","target":["https:\/\/legrandcontinent.eu\/es\/2025\/06\/13\/que-impacto-tendra-el-ataque-israeli-sobre-el-programa-nuclear-irani\/"]}]},{"@type":"ImageObject","inLanguage":"es","@id":"https:\/\/legrandcontinent.eu\/es\/2025\/06\/13\/que-impacto-tendra-el-ataque-israeli-sobre-el-programa-nuclear-irani\/#primaryimage","url":"https:\/\/legrandcontinent.eu\/es\/wp-content\/uploads\/sites\/6\/2025\/06\/hSzOh-principales-instalaciones-del-programa-nuclear-iran-.png","contentUrl":"https:\/\/legrandcontinent.eu\/es\/wp-content\/uploads\/sites\/6\/2025\/06\/hSzOh-principales-instalaciones-del-programa-nuclear-iran-.png","width":1392,"height":1334},{"@type":"BreadcrumbList","@id":"https:\/\/legrandcontinent.eu\/es\/2025\/06\/13\/que-impacto-tendra-el-ataque-israeli-sobre-el-programa-nuclear-irani\/#breadcrumb","itemListElement":[{"@type":"ListItem","position":1,"name":"Home","item":"https:\/\/legrandcontinent.eu\/es\/"},{"@type":"ListItem","position":2,"name":"\u00bfQu\u00e9 impacto tendr\u00e1 el ataque israel\u00ed sobre el programa nuclear iran\u00ed?"}]},{"@type":"WebSite","@id":"https:\/\/legrandcontinent.eu\/es\/#website","url":"https:\/\/legrandcontinent.eu\/es\/","name":"El Grand Continent","description":"La escala pertinente","potentialAction":[{"@type":"SearchAction","target":{"@type":"EntryPoint","urlTemplate":"https:\/\/legrandcontinent.eu\/es\/?s={search_term_string}"},"query-input":{"@type":"PropertyValueSpecification","valueRequired":true,"valueName":"search_term_string"}}],"inLanguage":"es"},{"@type":"Person","@id":"https:\/\/legrandcontinent.eu\/es\/#\/schema\/person\/cdd782c93d4a9eda86ab19a8c01cdf5c","name":"florent","image":{"@type":"ImageObject","inLanguage":"es","@id":"https:\/\/legrandcontinent.eu\/es\/#\/schema\/person\/image\/","url":"https:\/\/secure.gravatar.com\/avatar\/0d38d78c90602daf39b309035cdac6bc?s=96&d=mm&r=g","contentUrl":"https:\/\/secure.gravatar.com\/avatar\/0d38d78c90602daf39b309035cdac6bc?s=96&d=mm&r=g","caption":"florent"}}]}},"lgc_categories":[{"id":1221,"name":"Ir\u00e1n-Israel: Oriente Medio en guerra","slug":"iran-israel-oriente-medio-en-guerra"}],"lgc_author":null,"feature_image_summary":{"url":"https:\/\/legrandcontinent.eu\/es\/wp-content\/uploads\/sites\/6\/2025\/06\/hSzOh-principales-instalaciones-del-programa-nuclear-iran-.png","width":1392,"height":1334,"alt":""},"feature_image_cover":null,"term_position_data":null,"_links":{"self":[{"href":"https:\/\/legrandcontinent.eu\/es\/wp-json\/wp\/v2\/posts\/70176","targetHints":{"allow":["GET"]}}],"collection":[{"href":"https:\/\/legrandcontinent.eu\/es\/wp-json\/wp\/v2\/posts"}],"about":[{"href":"https:\/\/legrandcontinent.eu\/es\/wp-json\/wp\/v2\/types\/post"}],"author":[{"embeddable":true,"href":"https:\/\/legrandcontinent.eu\/es\/wp-json\/wp\/v2\/users\/1366"}],"replies":[{"embeddable":true,"href":"https:\/\/legrandcontinent.eu\/es\/wp-json\/wp\/v2\/comments?post=70176"}],"version-history":[{"count":0,"href":"https:\/\/legrandcontinent.eu\/es\/wp-json\/wp\/v2\/posts\/70176\/revisions"}],"wp:featuredmedia":[{"embeddable":true,"href":"https:\/\/legrandcontinent.eu\/es\/wp-json\/wp\/v2\/media\/70177"}],"wp:attachment":[{"href":"https:\/\/legrandcontinent.eu\/es\/wp-json\/wp\/v2\/media?parent=70176"}],"wp:term":[{"taxonomy":"category","embeddable":true,"href":"https:\/\/legrandcontinent.eu\/es\/wp-json\/wp\/v2\/categories?post=70176"},{"taxonomy":"post_tag","embeddable":true,"href":"https:\/\/legrandcontinent.eu\/es\/wp-json\/wp\/v2\/tags?post=70176"},{"taxonomy":"staff","embeddable":true,"href":"https:\/\/legrandcontinent.eu\/es\/wp-json\/wp\/v2\/staff?post=70176"},{"taxonomy":"editorial_format","embeddable":true,"href":"https:\/\/legrandcontinent.eu\/es\/wp-json\/wp\/v2\/editorial_format?post=70176"},{"taxonomy":"serie","embeddable":true,"href":"https:\/\/legrandcontinent.eu\/es\/wp-json\/wp\/v2\/serie?post=70176"},{"taxonomy":"audience","embeddable":true,"href":"https:\/\/legrandcontinent.eu\/es\/wp-json\/wp\/v2\/audience?post=70176"},{"taxonomy":"geo","embeddable":true,"href":"https:\/\/legrandcontinent.eu\/es\/wp-json\/wp\/v2\/geo?post=70176"}],"curies":[{"name":"wp","href":"https:\/\/api.w.org\/{rel}","templated":true}]}}