{"id":69105,"date":"2025-06-01T07:00:00","date_gmt":"2025-06-01T05:00:00","guid":{"rendered":"https:\/\/legrandcontinent.eu\/es\/?p=69105"},"modified":"2025-06-01T00:39:14","modified_gmt":"2025-05-31T22:39:14","slug":"ganara-la-extrema-derecha-la-eleccion-presidencial-en-polonia","status":"publish","type":"post","link":"https:\/\/legrandcontinent.eu\/es\/2025\/06\/01\/ganara-la-extrema-derecha-la-eleccion-presidencial-en-polonia\/","title":{"rendered":"\u00bfGanar\u00e1 la extrema derecha la elecci\u00f3n presidencial en Polonia?"},"content":{"rendered":"\n<p>La\u00a0<a href=\"https:\/\/legrandcontinent.eu\/es\/2025\/05\/19\/polonia-la-segunda-vuelta-enfrentara-a-trzaskowski-ko-y-nawrocki-pis-segun-los-resultados-definitivos\/\">primera vuelta<\/a>, celebrada el pasado 18 de mayo, situ\u00f3 en cabeza a Rafa\u0142 Trzaskowski, alcalde liberal de Varsovia y miembro de la Coalici\u00f3n C\u00edvica del primer ministro Tusk, con el 31,4% de los votos. Hoy, 1 de junio, se enfrentar\u00e1 a Karol Nawrocki, candidato del partido nacional-conservador Ley y Justicia (PiS), que obtuvo el 29,5% de los votos en la primera vuelta.<\/p>\n\n\n\n<div class=\"iframe-container wp-block-image wp-block-image-medium  iframe-dw\">\n\t<div>\n\t\t<iframe class=\"absolute w-full h-full pin-t pin-l\" title=\"titolo\" aria-label=\"Interactive line chart\" src=\"\/\/datawrapper.dwcdn.net\/2SxqW\/\" scrolling=\"no\" frameborder=\"0\"><\/iframe>\n\t<\/div>\n<\/div>\n\n\n\n<ul class=\"wp-block-list\">\n<li>Trzaskowski ha liderado toda la campa\u00f1a, pero el resultado de la primera vuelta ha puesto de manifiesto la distancia que le separa de Nawrocki.\u00a0<\/li>\n\n\n\n<li>Las encuestas para la segunda vuelta segu\u00edan dando ganador a Trzaskowski hasta mediados de mayo. Desde la primera vuelta se han realizado un total de 25 encuestas: 17 daban ganador a Trzaskowski, 7 a Nawrocki y 1 los situaba empatados. La diferencia m\u00e1xima entre los dos candidatos era de 2,5 puntos; la gran mayor\u00eda de las encuestas apuntaban a una diferencia inferior o igual a 1 punto.<\/li>\n\n\n\n<li>El viernes, fecha de cierre de la campa\u00f1a, el agregador de encuestas eWybory.eu daba ganador a Nawrocki con un 50,1% de los votos&nbsp;<span class='whitespace-nowrap'><span id='easy-footnote-1-69105' class='easy-footnote-margin-adjust'><\/span><span class='easy-footnote'><a href='https:\/\/legrandcontinent.eu\/es\/2025\/06\/01\/ganara-la-extrema-derecha-la-eleccion-presidencial-en-polonia\/#easy-footnote-bottom-1-69105' title='&lt;a href=&quot;https:\/\/ewybory.eu\/wybory-prezydenckie-2025-polska\/sondaze-prezydenckie\/&quot;&gt;Sonda\u017ce prezydenckie, eWboryEU&lt;\/a&gt;.'><sup>1<\/sup><\/a><\/span><\/span>, mientras que el polit\u00f3logo Ben Stanley pronosticaba una victoria de Trzaskowski con un 50,6% de los votos&nbsp;<span class='whitespace-nowrap'><span id='easy-footnote-2-69105' class='easy-footnote-margin-adjust'><\/span><span class='easy-footnote'><a href='https:\/\/legrandcontinent.eu\/es\/2025\/06\/01\/ganara-la-extrema-derecha-la-eleccion-presidencial-en-polonia\/#easy-footnote-bottom-2-69105' title='&lt;a href=&quot;https:\/\/bsky.app\/profile\/benstanley.eu\/post\/3lqga4tkb4k24&quot;&gt;Ben Stanley, post en Bluesky&lt;\/a&gt;.'><sup>2<\/sup><\/a><\/span><\/span>.<\/li>\n<\/ul>\n\n\n\n<div class=\"iframe-container wp-block-image wp-block-image-medium  iframe-dw\">\n\t<div>\n\t\t<iframe class=\"absolute w-full h-full pin-t pin-l\" title=\"titolo\" aria-label=\"Interactive line chart\" src=\"\/\/datawrapper.dwcdn.net\/WtaTY\/\" scrolling=\"no\" frameborder=\"0\"><\/iframe>\n\t<\/div>\n<\/div>\n\n\n\n<p>El trasvase de votos ser\u00e1 clave.<\/p>\n\n\n\n<ul class=\"wp-block-list\">\n<li>La primera vuelta consagr\u00f3 el duopolio PiS-KO, que gobierna Polonia desde 2005. Pero con s\u00f3lo el 61% de los votos, no responde a m\u00e1s de un tercio de los votantes.<\/li>\n\n\n\n<li>Si bien Trzaskowski deber\u00eda atraer a la mayor\u00eda de los votantes de izquierda (alrededor del 10% del electorado), las principales reservas de votos se encuentran en la extrema derecha, entre quienes votaron por el l\u00edder libertario-nacionalista de Confederaci\u00f3n Mentzen (15%) o por el antisemita mon\u00e1rquico Grzegorz Braun (6%).<\/li>\n\n\n\n<li>Trzaskowski y Nawrocki han intentado durante toda la semana pasada seducir al electorado de Mentzen.\u00a0<\/li>\n\n\n\n<li>En 2020, los votantes de Confederaci\u00f3n se repartieron casi a partes iguales entre el PiS y KO en la segunda vuelta.<\/li>\n\n\n\n<li>Los dos candidatos participaron por separado en un acto en el canal de YouTube de Mentzen: Nawrocki se declar\u00f3 de acuerdo con los ocho puntos que Mentzen someti\u00f3 a debate, mientras que Trzaskowski dio su visto bueno a cuatro de ellos, rechazando, por ejemplo, bloquear la entrada de Ucrania en la OTAN.<\/li>\n<\/ul>\n\n\n\n<p>La movilizaci\u00f3n, que ya alcanz\u00f3 el 67,31% en la primera vuelta, deber\u00eda influir en el resultado final. La mayor\u00eda de los analistas parecen indicar que un aumento de la participaci\u00f3n deber\u00eda beneficiar a Trzaskowski.<\/p>\n\n\n\n<ul class=\"wp-block-list\">\n<li>Ambos candidatos organizaron marchas masivas en Varsovia durante el \u00faltimo fin de semana de la campa\u00f1a, el domingo 25 de mayo.\u00a0<\/li>\n\n\n\n<li>La \u00abgran marcha de los patriotas\u00bb de Trzaskowski cont\u00f3 con la presencia, entre otros, de Tusk y del nuevo presidente rumano electo, Nicu\u0219or Dan. A pocas calles de all\u00ed, Nawrocki hab\u00eda reunido a sus seguidores para la \u00abmarcha por Polonia\u00bb.<\/li>\n\n\n\n<li>Seg\u00fan los servicios municipales de Varsovia, 140.000 personas participaron en la marcha de la Coalici\u00f3n C\u00edvica y 50.000 en la del PiS.\u00a0<\/li>\n\n\n\n<li>Sin embargo, estas cifras no reflejan la relaci\u00f3n de fuerzas, sobre todo porque el electorado nacional-conservador no se recluta en la capital.<\/li>\n<\/ul>\n\n\n\n<p>Las elecciones ser\u00e1n una prueba clave para las fuerzas de extrema derecha en Europa y para la forma en que se benefician del apoyo de Trump y de un acercamiento al movimiento MAGA. Despu\u00e9s de Alemania y Canad\u00e1, la ola trumpista sufri\u00f3 un nuevo rev\u00e9s en Ruman\u00eda con la derrota de George Simion el 18 de mayo. Nawrocki se reuni\u00f3 con el presidente estadounidense en el Despacho Oval el 2 de mayo y, durante la CPAC celebrada en Polonia el pasado jueves, recibi\u00f3 el apoyo oficial de la secretaria de Seguridad Nacional de Estados Unidos, Kristi Noem, \u00abde acuerdo\u00bb con el presidente.<\/p>\n","protected":false},"excerpt":{"rendered":"<p>Hoy, domingo 1 de junio, los polacos acuden a las urnas para la segunda vuelta de la elecci\u00f3n presidencial. Las \u00faltimas encuestas sit\u00faan a los dos candidatos pr\u00e1cticamente empatados.<\/p>\n","protected":false},"author":1366,"featured_media":69050,"comment_status":"closed","ping_status":"closed","sticky":false,"template":"templates\/post-briefings.php","format":"standard","meta":{"_acf_changed":true,"_trash_the_other_posts":false,"_yoast_wpseo_estimated-reading-time-minutes":3,"footnotes":""},"categories":[232],"tags":[],"staff":[],"editorial_format":[],"serie":[],"audience":[],"geo":[177],"class_list":["post-69105","post","type-post","status-publish","format-standard","hentry","category-elecciones","geo-europa"],"acf":{"open_in_webview":false,"accent":false},"yoast_head":"<!-- This site is optimized with the Yoast SEO plugin v26.1.1 - https:\/\/yoast.com\/wordpress\/plugins\/seo\/ -->\n<title>\u00bfGanar\u00e1 la extrema derecha la elecci\u00f3n presidencial en Polonia? - El Grand Continent<\/title>\n<meta name=\"robots\" content=\"index, follow, max-snippet:-1, max-image-preview:large, max-video-preview:-1\" \/>\n<link rel=\"canonical\" href=\"https:\/\/legrandcontinent.eu\/es\/2025\/06\/01\/ganara-la-extrema-derecha-la-eleccion-presidencial-en-polonia\/\" \/>\n<meta property=\"og:locale\" content=\"es_ES\" \/>\n<meta property=\"og:type\" content=\"article\" \/>\n<meta property=\"og:title\" content=\"\u00bfGanar\u00e1 la extrema derecha la elecci\u00f3n presidencial en Polonia? - El Grand Continent\" \/>\n<meta property=\"og:description\" content=\"Hoy, domingo 1 de junio, los polacos acuden a las urnas para la segunda vuelta de la elecci\u00f3n presidencial. Las \u00faltimas encuestas sit\u00faan a los dos candidatos pr\u00e1cticamente empatados.\" \/>\n<meta property=\"og:url\" content=\"https:\/\/legrandcontinent.eu\/es\/2025\/06\/01\/ganara-la-extrema-derecha-la-eleccion-presidencial-en-polonia\/\" \/>\n<meta property=\"og:site_name\" content=\"El Grand Continent\" \/>\n<meta property=\"article:published_time\" content=\"2025-06-01T05:00:00+00:00\" \/>\n<meta property=\"og:image\" content=\"https:\/\/legrandcontinent.eu\/es\/wp-content\/uploads\/sites\/6\/2025\/06\/gc-elpolonia-scaled.jpg\" \/>\n\t<meta property=\"og:image:width\" content=\"2560\" \/>\n\t<meta property=\"og:image:height\" content=\"1440\" \/>\n\t<meta property=\"og:image:type\" content=\"image\/jpeg\" \/>\n<meta name=\"author\" content=\"florent\" \/>\n<meta name=\"twitter:card\" content=\"summary_large_image\" \/>\n<meta name=\"twitter:image\" content=\"https:\/\/legrandcontinent.eu\/es\/wp-content\/uploads\/sites\/6\/2025\/06\/gc-elpolonia-scaled.jpg\" \/>\n<meta name=\"twitter:label1\" content=\"Escrito por\" \/>\n\t<meta name=\"twitter:data1\" content=\"florent\" \/>\n\t<meta name=\"twitter:label2\" content=\"Tiempo de lectura\" \/>\n\t<meta name=\"twitter:data2\" content=\"3 minutos\" \/>\n<script type=\"application\/ld+json\" class=\"yoast-schema-graph\">{\"@context\":\"https:\/\/schema.org\",\"@graph\":[{\"@type\":\"WebPage\",\"@id\":\"https:\/\/legrandcontinent.eu\/es\/2025\/06\/01\/ganara-la-extrema-derecha-la-eleccion-presidencial-en-polonia\/\",\"url\":\"https:\/\/legrandcontinent.eu\/es\/2025\/06\/01\/ganara-la-extrema-derecha-la-eleccion-presidencial-en-polonia\/\",\"name\":\"\u00bfGanar\u00e1 la extrema derecha la elecci\u00f3n presidencial en Polonia? - El Grand Continent\",\"isPartOf\":{\"@id\":\"https:\/\/legrandcontinent.eu\/es\/#website\"},\"primaryImageOfPage\":{\"@id\":\"https:\/\/legrandcontinent.eu\/es\/2025\/06\/01\/ganara-la-extrema-derecha-la-eleccion-presidencial-en-polonia\/#primaryimage\"},\"image\":{\"@id\":\"https:\/\/legrandcontinent.eu\/es\/2025\/06\/01\/ganara-la-extrema-derecha-la-eleccion-presidencial-en-polonia\/#primaryimage\"},\"thumbnailUrl\":\"https:\/\/legrandcontinent.eu\/es\/wp-content\/uploads\/sites\/2\/2025\/05\/Sans-titre-20.png\",\"datePublished\":\"2025-06-01T05:00:00+00:00\",\"author\":{\"@id\":\"https:\/\/legrandcontinent.eu\/es\/#\/schema\/person\/cdd782c93d4a9eda86ab19a8c01cdf5c\"},\"breadcrumb\":{\"@id\":\"https:\/\/legrandcontinent.eu\/es\/2025\/06\/01\/ganara-la-extrema-derecha-la-eleccion-presidencial-en-polonia\/#breadcrumb\"},\"inLanguage\":\"es\",\"potentialAction\":[{\"@type\":\"ReadAction\",\"target\":[\"https:\/\/legrandcontinent.eu\/es\/2025\/06\/01\/ganara-la-extrema-derecha-la-eleccion-presidencial-en-polonia\/\"]}]},{\"@type\":\"ImageObject\",\"inLanguage\":\"es\",\"@id\":\"https:\/\/legrandcontinent.eu\/es\/2025\/06\/01\/ganara-la-extrema-derecha-la-eleccion-presidencial-en-polonia\/#primaryimage\",\"url\":\"https:\/\/legrandcontinent.eu\/es\/wp-content\/uploads\/sites\/2\/2025\/05\/Sans-titre-20.png\",\"contentUrl\":\"https:\/\/legrandcontinent.eu\/es\/wp-content\/uploads\/sites\/2\/2025\/05\/Sans-titre-20.png\",\"width\":2000,\"height\":1112},{\"@type\":\"BreadcrumbList\",\"@id\":\"https:\/\/legrandcontinent.eu\/es\/2025\/06\/01\/ganara-la-extrema-derecha-la-eleccion-presidencial-en-polonia\/#breadcrumb\",\"itemListElement\":[{\"@type\":\"ListItem\",\"position\":1,\"name\":\"Home\",\"item\":\"https:\/\/legrandcontinent.eu\/es\/\"},{\"@type\":\"ListItem\",\"position\":2,\"name\":\"\u00bfGanar\u00e1 la extrema derecha la elecci\u00f3n presidencial en Polonia?\"}]},{\"@type\":\"WebSite\",\"@id\":\"https:\/\/legrandcontinent.eu\/es\/#website\",\"url\":\"https:\/\/legrandcontinent.eu\/es\/\",\"name\":\"El Grand Continent\",\"description\":\"La escala pertinente\",\"potentialAction\":[{\"@type\":\"SearchAction\",\"target\":{\"@type\":\"EntryPoint\",\"urlTemplate\":\"https:\/\/legrandcontinent.eu\/es\/?s={search_term_string}\"},\"query-input\":{\"@type\":\"PropertyValueSpecification\",\"valueRequired\":true,\"valueName\":\"search_term_string\"}}],\"inLanguage\":\"es\"},{\"@type\":\"Person\",\"@id\":\"https:\/\/legrandcontinent.eu\/es\/#\/schema\/person\/cdd782c93d4a9eda86ab19a8c01cdf5c\",\"name\":\"florent\",\"image\":{\"@type\":\"ImageObject\",\"inLanguage\":\"es\",\"@id\":\"https:\/\/legrandcontinent.eu\/es\/#\/schema\/person\/image\/\",\"url\":\"https:\/\/secure.gravatar.com\/avatar\/0d38d78c90602daf39b309035cdac6bc?s=96&d=mm&r=g\",\"contentUrl\":\"https:\/\/secure.gravatar.com\/avatar\/0d38d78c90602daf39b309035cdac6bc?s=96&d=mm&r=g\",\"caption\":\"florent\"}}]}<\/script>\n<!-- \/ Yoast SEO plugin. -->","yoast_head_json":{"title":"\u00bfGanar\u00e1 la extrema derecha la elecci\u00f3n presidencial en Polonia? - El Grand Continent","robots":{"index":"index","follow":"follow","max-snippet":"max-snippet:-1","max-image-preview":"max-image-preview:large","max-video-preview":"max-video-preview:-1"},"canonical":"https:\/\/legrandcontinent.eu\/es\/2025\/06\/01\/ganara-la-extrema-derecha-la-eleccion-presidencial-en-polonia\/","og_locale":"es_ES","og_type":"article","og_title":"\u00bfGanar\u00e1 la extrema derecha la elecci\u00f3n presidencial en Polonia? - El Grand Continent","og_description":"Hoy, domingo 1 de junio, los polacos acuden a las urnas para la segunda vuelta de la elecci\u00f3n presidencial. Las \u00faltimas encuestas sit\u00faan a los dos candidatos pr\u00e1cticamente empatados.","og_url":"https:\/\/legrandcontinent.eu\/es\/2025\/06\/01\/ganara-la-extrema-derecha-la-eleccion-presidencial-en-polonia\/","og_site_name":"El Grand Continent","article_published_time":"2025-06-01T05:00:00+00:00","og_image":[{"width":2560,"height":1440,"url":"https:\/\/legrandcontinent.eu\/es\/wp-content\/uploads\/sites\/6\/2025\/06\/gc-elpolonia-scaled.jpg","type":"image\/jpeg"}],"author":"florent","twitter_card":"summary_large_image","twitter_image":"https:\/\/legrandcontinent.eu\/es\/wp-content\/uploads\/sites\/6\/2025\/06\/gc-elpolonia-scaled.jpg","twitter_misc":{"Escrito por":"florent","Tiempo de lectura":"3 minutos"},"schema":{"@context":"https:\/\/schema.org","@graph":[{"@type":"WebPage","@id":"https:\/\/legrandcontinent.eu\/es\/2025\/06\/01\/ganara-la-extrema-derecha-la-eleccion-presidencial-en-polonia\/","url":"https:\/\/legrandcontinent.eu\/es\/2025\/06\/01\/ganara-la-extrema-derecha-la-eleccion-presidencial-en-polonia\/","name":"\u00bfGanar\u00e1 la extrema derecha la elecci\u00f3n presidencial en Polonia? - El Grand Continent","isPartOf":{"@id":"https:\/\/legrandcontinent.eu\/es\/#website"},"primaryImageOfPage":{"@id":"https:\/\/legrandcontinent.eu\/es\/2025\/06\/01\/ganara-la-extrema-derecha-la-eleccion-presidencial-en-polonia\/#primaryimage"},"image":{"@id":"https:\/\/legrandcontinent.eu\/es\/2025\/06\/01\/ganara-la-extrema-derecha-la-eleccion-presidencial-en-polonia\/#primaryimage"},"thumbnailUrl":"https:\/\/legrandcontinent.eu\/es\/wp-content\/uploads\/sites\/2\/2025\/05\/Sans-titre-20.png","datePublished":"2025-06-01T05:00:00+00:00","author":{"@id":"https:\/\/legrandcontinent.eu\/es\/#\/schema\/person\/cdd782c93d4a9eda86ab19a8c01cdf5c"},"breadcrumb":{"@id":"https:\/\/legrandcontinent.eu\/es\/2025\/06\/01\/ganara-la-extrema-derecha-la-eleccion-presidencial-en-polonia\/#breadcrumb"},"inLanguage":"es","potentialAction":[{"@type":"ReadAction","target":["https:\/\/legrandcontinent.eu\/es\/2025\/06\/01\/ganara-la-extrema-derecha-la-eleccion-presidencial-en-polonia\/"]}]},{"@type":"ImageObject","inLanguage":"es","@id":"https:\/\/legrandcontinent.eu\/es\/2025\/06\/01\/ganara-la-extrema-derecha-la-eleccion-presidencial-en-polonia\/#primaryimage","url":"https:\/\/legrandcontinent.eu\/es\/wp-content\/uploads\/sites\/2\/2025\/05\/Sans-titre-20.png","contentUrl":"https:\/\/legrandcontinent.eu\/es\/wp-content\/uploads\/sites\/2\/2025\/05\/Sans-titre-20.png","width":2000,"height":1112},{"@type":"BreadcrumbList","@id":"https:\/\/legrandcontinent.eu\/es\/2025\/06\/01\/ganara-la-extrema-derecha-la-eleccion-presidencial-en-polonia\/#breadcrumb","itemListElement":[{"@type":"ListItem","position":1,"name":"Home","item":"https:\/\/legrandcontinent.eu\/es\/"},{"@type":"ListItem","position":2,"name":"\u00bfGanar\u00e1 la extrema derecha la elecci\u00f3n presidencial en Polonia?"}]},{"@type":"WebSite","@id":"https:\/\/legrandcontinent.eu\/es\/#website","url":"https:\/\/legrandcontinent.eu\/es\/","name":"El Grand Continent","description":"La escala pertinente","potentialAction":[{"@type":"SearchAction","target":{"@type":"EntryPoint","urlTemplate":"https:\/\/legrandcontinent.eu\/es\/?s={search_term_string}"},"query-input":{"@type":"PropertyValueSpecification","valueRequired":true,"valueName":"search_term_string"}}],"inLanguage":"es"},{"@type":"Person","@id":"https:\/\/legrandcontinent.eu\/es\/#\/schema\/person\/cdd782c93d4a9eda86ab19a8c01cdf5c","name":"florent","image":{"@type":"ImageObject","inLanguage":"es","@id":"https:\/\/legrandcontinent.eu\/es\/#\/schema\/person\/image\/","url":"https:\/\/secure.gravatar.com\/avatar\/0d38d78c90602daf39b309035cdac6bc?s=96&d=mm&r=g","contentUrl":"https:\/\/secure.gravatar.com\/avatar\/0d38d78c90602daf39b309035cdac6bc?s=96&d=mm&r=g","caption":"florent"}}]}},"lgc_categories":[{"id":232,"name":"Elecciones","slug":"elecciones"}],"lgc_author":null,"feature_image_summary":{"url":"https:\/\/legrandcontinent.eu\/es\/wp-content\/uploads\/sites\/2\/2025\/05\/Sans-titre-20.png","width":2000,"height":1112,"alt":""},"feature_image_cover":null,"term_position_data":null,"_links":{"self":[{"href":"https:\/\/legrandcontinent.eu\/es\/wp-json\/wp\/v2\/posts\/69105","targetHints":{"allow":["GET"]}}],"collection":[{"href":"https:\/\/legrandcontinent.eu\/es\/wp-json\/wp\/v2\/posts"}],"about":[{"href":"https:\/\/legrandcontinent.eu\/es\/wp-json\/wp\/v2\/types\/post"}],"author":[{"embeddable":true,"href":"https:\/\/legrandcontinent.eu\/es\/wp-json\/wp\/v2\/users\/1366"}],"replies":[{"embeddable":true,"href":"https:\/\/legrandcontinent.eu\/es\/wp-json\/wp\/v2\/comments?post=69105"}],"version-history":[{"count":0,"href":"https:\/\/legrandcontinent.eu\/es\/wp-json\/wp\/v2\/posts\/69105\/revisions"}],"wp:featuredmedia":[{"embeddable":true,"href":"https:\/\/legrandcontinent.eu\/es\/wp-json\/wp\/v2\/media\/69050"}],"wp:attachment":[{"href":"https:\/\/legrandcontinent.eu\/es\/wp-json\/wp\/v2\/media?parent=69105"}],"wp:term":[{"taxonomy":"category","embeddable":true,"href":"https:\/\/legrandcontinent.eu\/es\/wp-json\/wp\/v2\/categories?post=69105"},{"taxonomy":"post_tag","embeddable":true,"href":"https:\/\/legrandcontinent.eu\/es\/wp-json\/wp\/v2\/tags?post=69105"},{"taxonomy":"staff","embeddable":true,"href":"https:\/\/legrandcontinent.eu\/es\/wp-json\/wp\/v2\/staff?post=69105"},{"taxonomy":"editorial_format","embeddable":true,"href":"https:\/\/legrandcontinent.eu\/es\/wp-json\/wp\/v2\/editorial_format?post=69105"},{"taxonomy":"serie","embeddable":true,"href":"https:\/\/legrandcontinent.eu\/es\/wp-json\/wp\/v2\/serie?post=69105"},{"taxonomy":"audience","embeddable":true,"href":"https:\/\/legrandcontinent.eu\/es\/wp-json\/wp\/v2\/audience?post=69105"},{"taxonomy":"geo","embeddable":true,"href":"https:\/\/legrandcontinent.eu\/es\/wp-json\/wp\/v2\/geo?post=69105"}],"curies":[{"name":"wp","href":"https:\/\/api.w.org\/{rel}","templated":true}]}}