{"id":65879,"date":"2025-05-05T22:40:29","date_gmt":"2025-05-05T20:40:29","guid":{"rendered":"https:\/\/legrandcontinent.eu\/es\/?p=65879"},"modified":"2025-05-05T22:42:18","modified_gmt":"2025-05-05T20:42:18","slug":"quien-es-nicusor-dan-el-alcalde-liberal-de-bucarest-antiguo-alumno-de-la-escuela-normal-superior-se-enfrentara-en-la-segunda-vuelta-a-george-simion","status":"publish","type":"post","link":"https:\/\/legrandcontinent.eu\/es\/2025\/05\/05\/quien-es-nicusor-dan-el-alcalde-liberal-de-bucarest-antiguo-alumno-de-la-escuela-normal-superior-se-enfrentara-en-la-segunda-vuelta-a-george-simion\/","title":{"rendered":"\u00bfQui\u00e9n es Nicu\u0219or Dan? El alcalde liberal de Bucarest, antiguo alumno de la Escuela Normal Superior, se enfrentar\u00e1 en la segunda vuelta a George Simion"},"content":{"rendered":"\n<p><em>Tras<\/em><a href=\"https:\/\/legrandcontinent.eu\/es\/2025\/05\/05\/quien-es-george-simion-de-las-teorias-conspirativas-sobre-el-covid-19-a-la-nostalgia-por-ceausescu-10-frases-impactantes-del-hombre-fuerte-de-la-extrema-derecha-rumana\/\"><em> nuestro retrato de George Simion<\/em><\/a><em>, descubre qui\u00e9n ser\u00e1 su rival en la segunda vuelta de las elecciones presidenciales en Ruman\u00eda. En el Grand Continent hemos seguido de cerca las elecciones rumanas, unas de las m\u00e1s importantes de este primer semestre, con <\/em><a href=\"https:\/\/legrandcontinent.eu\/es\/2025\/03\/01\/los-hombres-de-georgescu-investigacion-sobre-el-cambio-de-regimen-en-rumania\/\"><em>investigaciones<\/em><\/a><em>,<\/em><a href=\"https:\/\/legrandcontinent.eu\/es\/2024\/11\/25\/quien-es-calin-georgescu-la-cara-tiktok-de-la-extrema-derecha-rumana\/\"><em> perfiles<\/em><\/a><em> y<\/em><a href=\"https:\/\/legrandcontinent.eu\/es\/2025\/05\/05\/la-extrema-derecha-lidera-la-primera-vuelta-de-las-elecciones-presidenciales-en-rumania-la-segunda-vuelta-enfrentara-a-george-simion-y-nicusor-dan\/\"><em> an\u00e1lisis en caliente<\/em><\/a><em>. Para recibir lo esencial de nuestras publicaciones o para apoyar nuestro trabajo, puedes<\/em><a href=\"https:\/\/legrandcontinent.eu\/es\/ofiertas-new-1-1\/\" target=\"_blank\" rel=\"noreferrer noopener\"><em> suscribirte a la revista<\/em><\/a><\/p>\n\n\n\n<h2 class=\"wp-block-heading\">1 \u2014 Una formaci\u00f3n franc\u00f3fona marcada por la excelencia acad\u00e9mica<\/h2>\n\n\n\n<p>Nicu\u0219or Dan naci\u00f3 el 20 de diciembre de 1969 en F\u0103g\u0103ra\u0219, en el departamento de Bra\u0219ov.&nbsp;<span class='whitespace-nowrap'><span id='easy-footnote-1-65879' class='easy-footnote-margin-adjust'><\/span><span class='easy-footnote'><a href='https:\/\/legrandcontinent.eu\/es\/2025\/05\/05\/quien-es-nicusor-dan-el-alcalde-liberal-de-bucarest-antiguo-alumno-de-la-escuela-normal-superior-se-enfrentara-en-la-segunda-vuelta-a-george-simion\/#easy-footnote-bottom-1-65879' title='\u201eNicu\u0219or Dan \u2013 Biografie\u201d, &lt;a href=&quot;https:\/\/nicusordan.ro\/biografie\/&quot; target=&quot;_blank&quot; rel=&quot;noreferrer noopener&quot;&gt;Sitio oficial de la campa\u00f1a&lt;\/a&gt;.'><sup>1<\/sup><\/a><\/span><\/span><\/p>\n\n\n\n<p>Brillante estudiante, gan\u00f3 dos medallas de oro en las Olimpiadas Internacionales de Matem\u00e1ticas en 1987 y 1988. Ingres\u00f3 en la Facultad de Matem\u00e1ticas de la Universidad de Bucarest y en 1992 se traslad\u00f3 a Francia para continuar sus estudios en la \u00c9cole normale sup\u00e9rieure de la calle d&#8217;Ulm. All\u00ed obtuvo un DEA y, en 1998, un doctorado en Matem\u00e1ticas en la Universidad Par\u00eds XIII (Sorbona Par\u00eds Norte) bajo la direcci\u00f3n de Christophe Soul\u00e9.&nbsp;<span class='whitespace-nowrap'><span id='easy-footnote-2-65879' class='easy-footnote-margin-adjust'><\/span><span class='easy-footnote'><a href='https:\/\/legrandcontinent.eu\/es\/2025\/05\/05\/quien-es-nicusor-dan-el-alcalde-liberal-de-bucarest-antiguo-alumno-de-la-escuela-normal-superior-se-enfrentara-en-la-segunda-vuelta-a-george-simion\/#easy-footnote-bottom-2-65879' title='\u201e&lt;a href=&quot;https:\/\/www.businessmagazin.ro\/actualitate\/ce-studii-are-de-fapt-nicusor-dan-candidatul-pnl-la-primaria-18923107?utm_source=chatgpt.com&quot; target=&quot;_blank&quot; rel=&quot;noreferrer noopener&quot;&gt;Ce studii are, de fapt, Nicu\u0219or Dan&lt;\/a&gt;\u201d, &lt;em&gt;Business Magazin&lt;\/em&gt;, 17 de junio de 2020.'><sup>2<\/sup><\/a><\/span><\/span> Adem\u00e1s del rumano, Nicu\u0219or Dan habla con fluidez el franc\u00e9s y el ingl\u00e9s, herencia de su trayectoria internacional.<\/p>\n\n\n\n<h2 class=\"wp-block-heading\">2 \u2014 Investigaci\u00f3n en matem\u00e1ticas y fundaci\u00f3n de la Escuela Normal Superior de Bucarest<\/h2>\n\n\n\n<p>Especialista en matem\u00e1ticas fundamentales, Nicu\u0219or Dan se dedic\u00f3 inicialmente a la investigaci\u00f3n acad\u00e9mica. A su regreso a Ruman\u00eda en 1998, se convirti\u00f3 en investigador y profesor de matem\u00e1ticas en el Instituto de Matem\u00e1ticas de la Academia Rumana, cargo que ocup\u00f3 hasta 2016. Tambi\u00e9n particip\u00f3 en la fundaci\u00f3n de la \u0218coala Normal\u0103 Superioar\u0103 Bucure\u0219ti, una \u00abEscuela Normal Superior\u00bb local, inspirada en el modelo franc\u00e9s, de la que fue su primer director administrativo.<\/p>\n\n\n\n<h2 class=\"wp-block-heading\">3 \u2014 \u00ab\u00a1Salvar Bucarest!\u00bb Del activismo c\u00edvico al ayuntamiento<\/h2>\n\n\n\n<p>Nicu\u0219or Dan se comprometi\u00f3 inicialmente con el activismo c\u00edvico moviliz\u00e1ndose contra la corrupci\u00f3n urban\u00edstica en la capital rumana. En 2006, indignado por la demolici\u00f3n de casas patrimoniales y la reducci\u00f3n de los espacios verdes en Bucarest, fund\u00f3 la asociaci\u00f3n Salva\u021bi Bucure\u0219tiul (\u00abSalvar Bucarest\u00bb). Por la v\u00eda judicial, gan\u00f3 decenas de juicios para bloquear proyectos inmobiliarios ilegales.<\/p>\n\n\n\n\n<div class=\"double-picture my-12 lg:my-20\" \n    data-images-sizes=\"half\"\n    data-same-height=\"true\"\n    data-reference-image=\"left\"\n>    <!-- Images -->\n    <div class=\"lg:flex\">\n        <div class=\"relative lg:pr-2 mb-7 lg:mb-0 lg:w-1\/2\">\n                            <a \n                    href=\"#\"\n                    data-pswp-src=\"https:\/\/legrandcontinent.eu\/es\/wp-content\/uploads\/sites\/2\/2025\/05\/SIPA_ap22955440_000006-scaled.jpg\" \n                    class=\"gallery-item no-underline  \" \n                    data-pswp-width=\"2560\" \n                    data-pswp-height=\"1707\"\n                >\n                    <figure class=\"wp-block-image h-full -mx-2 lg:mx-0 !my-0\">\n                        <picture class=\"block h-full\">\n                            <img decoding=\"async\" src=\"https:\/\/legrandcontinent.eu\/es\/wp-content\/uploads\/sites\/2\/2025\/05\/SIPA_ap22955440_000006-scaled.jpg\" alt=\"En sus diferentes juicios y acciones, seguidos cada vez m\u00e1s por los medios de comunicaci\u00f3n, desarroll\u00f3 una ret\u00f3rica contestataria que denunciaba la \u00abmafia inmobiliaria (mafia imobiliar\u0103)\u00bb y la inacci\u00f3n de las autoridades locales.\" >\n                        <\/picture>\n                        <figcaption class=\"lg:hidden pswp-caption-content\">En sus diferentes juicios y acciones, seguidos cada vez m\u00e1s por los medios de comunicaci\u00f3n, desarroll\u00f3 una ret\u00f3rica contestataria que denunciaba la \u00abmafia inmobiliaria (mafia imobiliar\u0103)\u00bb y la inacci\u00f3n de las autoridades locales.<\/figcaption>                    <\/figure>\n                <\/a>\n                    \n        <\/div>\n        <div class=\"relative lg:pl-2 lg:w-1\/2\">\n                            <a\n                    href=\"#\"\n                    data-pswp-src=\"https:\/\/legrandcontinent.eu\/es\/wp-content\/uploads\/sites\/2\/2025\/05\/SIPA_shutterstock41163807_000002-scaled.jpg\" \n                    class=\"gallery-item no-underline  lg:!absolute lg:h-full lg:right-0 lg:left-2 overflow-hidden\" \n                    data-pswp-width=\"2560\" \n                    data-pswp-height=\"1707\"\n                >\n                    <figure class=\"wp-block-image h-full -mx-2 lg:mx-0 !my-0\">\n                        <picture class=\"block h-full\">\n                            <img decoding=\"async\" src=\"https:\/\/legrandcontinent.eu\/es\/wp-content\/uploads\/sites\/2\/2025\/05\/SIPA_shutterstock41163807_000002-scaled.jpg\" alt=\"Brillante estudiante, gan\u00f3 dos medallas de oro en las Olimpiadas Internacionales de Matem\u00e1ticas en 1987 y 1988. Ingres\u00f3 en la Facultad de Matem\u00e1ticas de la Universidad de Bucarest y en 1992 se traslad\u00f3 a Francia para continuar sus estudios en la \u00c9cole normale sup\u00e9rieure de la calle d'Ulm.\" class=\"lg:!h-full object-cover\">\n                        <\/picture>\n                        <figcaption class=\"lg:hidden pswp-caption-content\">Brillante estudiante, gan\u00f3 dos medallas de oro en las Olimpiadas Internacionales de Matem\u00e1ticas en 1987 y 1988. Ingres\u00f3 en la Facultad de Matem\u00e1ticas de la Universidad de Bucarest y en 1992 se traslad\u00f3 a Francia para continuar sus estudios en la \u00c9cole normale sup\u00e9rieure de la calle d&#8217;Ulm.<\/figcaption>                    <\/figure>\n                <\/a>\n                    <\/div>\n    <\/div>\n    <!-- Captions -->\n    <div class=\"hidden lg:flex\">\n        <div class=\"relative lg:pr-2 mb-7 lg:mb-0 lg:w-1\/2\">\n                            <figure class=\"wp-block-image -mx-2 lg:mx-0 !my-0\">\n                    <figcaption>En sus diferentes juicios y acciones, seguidos cada vez m\u00e1s por los medios de comunicaci\u00f3n, desarroll\u00f3 una ret\u00f3rica contestataria que denunciaba la \u00abmafia inmobiliaria (mafia imobiliar\u0103)\u00bb y la inacci\u00f3n de las autoridades locales.<\/figcaption>                <\/figure>\n                    \n        <\/div>\n        <div class=\"relative lg:pl-2 lg:w-1\/2\">\n                            <figure class=\"wp-block-image -mx-2 lg:mx-0 !my-0\">   \n                    <figcaption>Brillante estudiante, gan\u00f3 dos medallas de oro en las Olimpiadas Internacionales de Matem\u00e1ticas en 1987 y 1988. Ingres\u00f3 en la Facultad de Matem\u00e1ticas de la Universidad de Bucarest y en 1992 se traslad\u00f3 a Francia para continuar sus estudios en la \u00c9cole normale sup\u00e9rieure de la calle d&#8217;Ulm.<\/figcaption>                <\/figure>\n                    <\/div>\n    <\/div>\n<\/div>\n\n\n\n<p>En sus diferentes juicios y acciones, seguidos cada vez m\u00e1s por los medios de comunicaci\u00f3n, desarroll\u00f3 una ret\u00f3rica contestataria que denunciaba la \u00abmafia inmobiliaria (<em>mafia imobiliar\u0103<\/em>)\u00bb y la inacci\u00f3n de las autoridades locales,&nbsp;<span class='whitespace-nowrap'><span id='easy-footnote-3-65879' class='easy-footnote-margin-adjust'><\/span><span class='easy-footnote'><a href='https:\/\/legrandcontinent.eu\/es\/2025\/05\/05\/quien-es-nicusor-dan-el-alcalde-liberal-de-bucarest-antiguo-alumno-de-la-escuela-normal-superior-se-enfrentara-en-la-segunda-vuelta-a-george-simion\/#easy-footnote-bottom-3-65879' title='\u201e&lt;a href=&quot;https:\/\/romania.europalibera.org\/a\/asociatia-salavati-bucurestiul-nicusor-dan-dizolvare\/32743266.html?utm_source=chatgpt.com&quot; target=&quot;_blank&quot; rel=&quot;noreferrer noopener&quot;&gt;Asocia\u021bia Salva\u021bi Bucure\u0219tiul, fondat\u0103 de primarul general Nicu\u0219or Dan, risc\u0103 s\u0103 fie desfiin\u021bat\u0103&lt;\/a&gt;\u201d, Europa Liber\u0103 Rom\u00e2nia, 22 de diciembre de 2023.'><sup>3<\/sup><\/a><\/span><\/span> lo que le vali\u00f3 un amplio reconocimiento.<\/p>\n\n\n\n<p>En 2012, como candidato independiente, se presenta a la alcald\u00eda de Bucarest con un programa de transparencia administrativa y protecci\u00f3n del patrimonio urbano.<\/p>\n\n\n\n<p>Sin el apoyo de ning\u00fan partido, respaldado \u00fanicamente por voluntarios y una campa\u00f1a muy activa en internet, dio la sorpresa al quedar tercero en las elecciones municipales. \u00abQueremos prolongar los esfuerzos de la fiscal\u00eda anticorrupci\u00f3n (DNA) para limpiar la administraci\u00f3n p\u00fablica de Bucarest, una administraci\u00f3n profundamente corrupta e incompetente\u00bb, declar\u00f3 en 2015 durante el lanzamiento de su movimiento. Con esta l\u00ednea se present\u00f3 de nuevo en 2016 (obteniendo el 30,5 % de los votos) y luego en 2020, cuando finalmente fue elegido alcalde de Bucarest.&nbsp;<span class='whitespace-nowrap'><span id='easy-footnote-4-65879' class='easy-footnote-margin-adjust'><\/span><span class='easy-footnote'><a href='https:\/\/legrandcontinent.eu\/es\/2025\/05\/05\/quien-es-nicusor-dan-el-alcalde-liberal-de-bucarest-antiguo-alumno-de-la-escuela-normal-superior-se-enfrentara-en-la-segunda-vuelta-a-george-simion\/#easy-footnote-bottom-4-65879' title='&lt;a href=&quot;https:\/\/www.bursa.ro\/nicusor-dan-si-a-facut-partid-uniunea-salvati-bucurestiul-03413720#:~:text=Nicu%C5%9For%20Dan%20a%20spus%3A%20,aberant%C4%83%20a%20banului%20public%2C%20ilegalitatea&quot; target=&quot;_blank&quot; rel=&quot;noreferrer noopener&quot;&gt;Nicu\u015for Dan \u015fi-a f\u0103cut partid \u2013 Uniunea Salva\u0163i Bucure\u015ftiul&lt;\/a&gt;, &lt;em&gt;Bursa&lt;\/em&gt;, 2 de julio de 2015.'><sup>4<\/sup><\/a><\/span><\/span><\/p>\n\n\n\n<div class=\"iframe-container wp-block-image wp-block-image-medium  iframe-dw\">\n\t<div>\n\t\t<iframe class=\"absolute w-full h-full pin-t pin-l\" title=\"titolo\" aria-label=\"Interactive line chart\" src=\"\/\/datawrapper.dwcdn.net\/0uQZE\/\" scrolling=\"no\" frameborder=\"0\"><\/iframe>\n\t<\/div>\n<\/div>\n\n\n\n<h2 class=\"wp-block-heading\">4 \u2014 La alternativa limpia y competente: una trayectoria desde el \u00e1mbito municipal al nacional<\/h2>\n\n\n\n<p>Aunque solo qued\u00f3 tercero, su resultado en Bucarest en 2012 fue inesperado: Nicu\u0219or Dan est\u00e1 estructurando un movimiento pol\u00edtico basado en la sociedad civil.&nbsp;<span class='whitespace-nowrap'><span id='easy-footnote-5-65879' class='easy-footnote-margin-adjust'><\/span><span class='easy-footnote'><a href='https:\/\/legrandcontinent.eu\/es\/2025\/05\/05\/quien-es-nicusor-dan-el-alcalde-liberal-de-bucarest-antiguo-alumno-de-la-escuela-normal-superior-se-enfrentara-en-la-segunda-vuelta-a-george-simion\/#easy-footnote-bottom-5-65879' title='Junto a Nicu\u0219or Dan en la fundaci\u00f3n figuran personalidades de la sociedad civil: arquitectos (Ioan Milo\u0219) y acad\u00e9micos (Dan Podaru). Esta renovaci\u00f3n de los actores pol\u00edticos llega incluso a incluir m\u00e1s tarde a personalidades como la ingeniera franco-rumana Clotilde Armand.'><sup>5<\/sup><\/a><\/span><\/span> El 1 de julio de 2015, anunci\u00f3 la creaci\u00f3n de la Uniunea Salva\u021bi Bucure\u0219tiul (USB), cuyo acr\u00f3nimo es un gui\u00f1o <em>geek<\/em>. En 2016, la USB se convierte en la Uniunea Salva\u021bi Rom\u00e2nia (USR) y pasa a tener alcance nacional.<\/p>\n\n\n\n\n<div class=\"double-picture my-12 lg:my-20\" \n    data-images-sizes=\"half\"\n    data-same-height=\"true\"\n    data-reference-image=\"left\"\n>    <!-- Images -->\n    <div class=\"lg:flex\">\n        <div class=\"relative lg:pr-2 mb-7 lg:mb-0 lg:w-1\/2\">\n                            <a \n                    href=\"#\"\n                    data-pswp-src=\"https:\/\/legrandcontinent.eu\/es\/wp-content\/uploads\/sites\/2\/2025\/05\/Nicusor_Dan_on_bicycle-scaled.jpg\" \n                    class=\"gallery-item no-underline  \" \n                    data-pswp-width=\"2560\" \n                    data-pswp-height=\"1707\"\n                >\n                    <figure class=\"wp-block-image h-full -mx-2 lg:mx-0 !my-0\">\n                        <picture class=\"block h-full\">\n                            <img decoding=\"async\" src=\"https:\/\/legrandcontinent.eu\/es\/wp-content\/uploads\/sites\/2\/2025\/05\/Nicusor_Dan_on_bicycle-scaled.jpg\" alt=\"Nicu\u0219or Dan se comprometi\u00f3 inicialmente con el activismo c\u00edvico moviliz\u00e1ndose contra la corrupci\u00f3n urban\u00edstica en la capital rumana.\" >\n                        <\/picture>\n                        <figcaption class=\"lg:hidden pswp-caption-content\">Nicu\u0219or Dan se comprometi\u00f3 inicialmente con el activismo c\u00edvico moviliz\u00e1ndose contra la corrupci\u00f3n urban\u00edstica en la capital rumana.<\/figcaption>                    <\/figure>\n                <\/a>\n                    \n        <\/div>\n        <div class=\"relative lg:pl-2 lg:w-1\/2\">\n                            <a\n                    href=\"#\"\n                    data-pswp-src=\"https:\/\/legrandcontinent.eu\/es\/wp-content\/uploads\/sites\/2\/2025\/05\/SIPA_ap22955440_000007-scaled.jpg\" \n                    class=\"gallery-item no-underline  lg:!absolute lg:h-full lg:right-0 lg:left-2 overflow-hidden\" \n                    data-pswp-width=\"2560\" \n                    data-pswp-height=\"1707\"\n                >\n                    <figure class=\"wp-block-image h-full -mx-2 lg:mx-0 !my-0\">\n                        <picture class=\"block h-full\">\n                            <img decoding=\"async\" src=\"https:\/\/legrandcontinent.eu\/es\/wp-content\/uploads\/sites\/2\/2025\/05\/SIPA_ap22955440_000007-scaled.jpg\" alt=\"En una rueda de prensa, declar\u00f3: \u00abConsidero que lo peor que le puede pasar a Ruman\u00eda en este momento es que el debate principal ya no se centre en qui\u00e9n roba o no, sino en qui\u00e9n defiende o no las tradiciones. Porque los que roban seguir\u00e1n haci\u00e9ndolo alegando que defienden las tradiciones, lo que supone un peligro enorme para Ruman\u00eda\u00bb.\" class=\"lg:!h-full object-cover\">\n                        <\/picture>\n                        <figcaption class=\"lg:hidden pswp-caption-content\">En una rueda de prensa, declar\u00f3: \u00abConsidero que lo peor que le puede pasar a Ruman\u00eda en este momento es que el debate principal ya no se centre en qui\u00e9n roba o no, sino en qui\u00e9n defiende o no las tradiciones. Porque los que roban seguir\u00e1n haci\u00e9ndolo alegando que defienden las tradiciones, lo que supone un peligro enorme para Ruman\u00eda\u00bb.<\/figcaption>                    <\/figure>\n                <\/a>\n                    <\/div>\n    <\/div>\n    <!-- Captions -->\n    <div class=\"hidden lg:flex\">\n        <div class=\"relative lg:pr-2 mb-7 lg:mb-0 lg:w-1\/2\">\n                            <figure class=\"wp-block-image -mx-2 lg:mx-0 !my-0\">\n                    <figcaption>Nicu\u0219or Dan se comprometi\u00f3 inicialmente con el activismo c\u00edvico moviliz\u00e1ndose contra la corrupci\u00f3n urban\u00edstica en la capital rumana.<\/figcaption>                <\/figure>\n                    \n        <\/div>\n        <div class=\"relative lg:pl-2 lg:w-1\/2\">\n                            <figure class=\"wp-block-image -mx-2 lg:mx-0 !my-0\">   \n                    <figcaption>En una rueda de prensa, declar\u00f3: \u00abConsidero que lo peor que le puede pasar a Ruman\u00eda en este momento es que el debate principal ya no se centre en qui\u00e9n roba o no, sino en qui\u00e9n defiende o no las tradiciones. Porque los que roban seguir\u00e1n haci\u00e9ndolo alegando que defienden las tradiciones, lo que supone un peligro enorme para Ruman\u00eda\u00bb.<\/figcaption>                <\/figure>\n                    <\/div>\n    <\/div>\n<\/div>\n\n\n\n<p>Seg\u00fan la visi\u00f3n de Dan, la USB debe evitar reivindicar una ideolog\u00eda, haciendo hincapi\u00e9 en una gobernanza honesta, transparente y eficaz, en lugar de en un posicionamiento partidista.<\/p>\n\n\n\n<p>L\u00edder del partido, dimiti\u00f3 de la Uni\u00f3n Salvar Ruman\u00eda (USR) el 1 de junio de 2017, en desacuerdo con la decisi\u00f3n de oponerse a la revisi\u00f3n constitucional que defin\u00eda el matrimonio exclusivamente como la uni\u00f3n entre un hombre y una mujer. Consideraba que esta postura pod\u00eda desviar la atenci\u00f3n de las prioridades esenciales, en particular la lucha contra la corrupci\u00f3n. En una rueda de prensa, declar\u00f3: \u00abConsidero que lo peor que le puede pasar a Ruman\u00eda en este momento es que el debate principal ya no se centre en qui\u00e9n roba o no, sino en qui\u00e9n defiende o no las tradiciones. Porque los que roban seguir\u00e1n haci\u00e9ndolo alegando que defienden las tradiciones, lo que supone un peligro enorme para Ruman\u00eda\u00bb.&nbsp;<span class='whitespace-nowrap'><span id='easy-footnote-6-65879' class='easy-footnote-margin-adjust'><\/span><span class='easy-footnote'><a href='https:\/\/legrandcontinent.eu\/es\/2025\/05\/05\/quien-es-nicusor-dan-el-alcalde-liberal-de-bucarest-antiguo-alumno-de-la-escuela-normal-superior-se-enfrentara-en-la-segunda-vuelta-a-george-simion\/#easy-footnote-bottom-6-65879' title='\u00ab&lt;a href=&quot;https:\/\/www.romania-actualitati.ro\/stiri\/romania\/nicusor-dan-isi-anunta-demisia-din-usr-id97272.html?utm_source=chatgpt.com&quot; target=&quot;_blank&quot; rel=&quot;noreferrer noopener&quot;&gt;Nicu\u0219or Dan \u00ee\u0219i anun\u021b\u0103 demisia din USR&lt;\/a&gt;\u00bb, &lt;em&gt;Radio Romania Actualitati&lt;\/em&gt;,1 de junio de 2017.'><sup>6<\/sup><\/a><\/span><\/span><\/p>\n\n\n\n<h2 class=\"wp-block-heading\">5 \u2014 Un candidato independiente a las elecciones presidenciales: contra Putin y contra Trump<\/h2>\n\n\n\n<p>Nicu\u0219or Dan, candidato independiente a las elecciones presidenciales de 2025, presenta un programa centrado en la modernizaci\u00f3n de Ruman\u00eda, al tiempo que consolida su arraigo occidental.<\/p>\n\n\n\n<p>En el plano interno, destaca la continuidad de su lucha contra la corrupci\u00f3n y la reforma del Estado. Aboga por la transparencia institucional y el fortalecimiento del Estado de derecho, con el objetivo de extender a todo el pa\u00eds los principios de buena gobernanza aplicados en Bucarest. Le preocupa, por ejemplo, el funcionamiento opaco de los servicios de inteligencia rumanos y aboga por un mayor control civil sobre estas agencias.&nbsp;<span class='whitespace-nowrap'><span id='easy-footnote-7-65879' class='easy-footnote-margin-adjust'><\/span><span class='easy-footnote'><a href='https:\/\/legrandcontinent.eu\/es\/2025\/05\/05\/quien-es-nicusor-dan-el-alcalde-liberal-de-bucarest-antiguo-alumno-de-la-escuela-normal-superior-se-enfrentara-en-la-segunda-vuelta-a-george-simion\/#easy-footnote-bottom-7-65879' title='&lt;a href=&quot;https:\/\/www.digi24.ro\/stiri\/actualitate\/politica\/alegeri-prezidentiale-2025-nicusor-dan-independentul-care-vrea-sa-dea-la-schimb-primaria-capitalei-pe-palatul-cotroceni-3180957#:~:text=V%C4%83%20prezent%C4%83m%20c%C3%A2teva%20opinii%20ale,men%C8%9Bionate%20%C3%AEn%20direct%20la%20Digi24&quot; target=&quot;_blank&quot; rel=&quot;noreferrer noopener&quot;&gt;Digi24.ro&lt;\/a&gt;, 1 de abril de 2025.'><sup>7<\/sup><\/a><\/span><\/span> Pretende responder a las frustraciones sociales que han alimentado el populismo, atacando las causas del descontento popular: la corrupci\u00f3n end\u00e9mica, las deficiencias de la administraci\u00f3n y el despilfarro del potencial econ\u00f3mico.<\/p>\n\n\n\n<p>En el plano internacional, Nicu\u0219or Dan adopta una l\u00ednea claramente prooccidental y proeuropea: \u00abMe comprometo a apoyar a Ucrania contra Rusia y a preservar las alianzas occidentales de Ruman\u00eda\u00bb.&nbsp;<span class='whitespace-nowrap'><span id='easy-footnote-8-65879' class='easy-footnote-margin-adjust'><\/span><span class='easy-footnote'><a href='https:\/\/legrandcontinent.eu\/es\/2025\/05\/05\/quien-es-nicusor-dan-el-alcalde-liberal-de-bucarest-antiguo-alumno-de-la-escuela-normal-superior-se-enfrentara-en-la-segunda-vuelta-a-george-simion\/#easy-footnote-bottom-8-65879' title='\u00ab&lt;a href=&quot;https:\/\/www.politico.eu\/article\/romania-vladimir-putin-us-president-donald-trump-west\/#:~:text=Dan%20commits%20himself%20to%20supporting,Andrei%20Popoviciu%20for%20POLITICO&quot; target=&quot;_blank&quot; rel=&quot;noreferrer noopener&quot;&gt;The Romanian mathematician trying to stop Putin and Trump wrecking the West&lt;\/a&gt;\u00bb, &lt;em&gt;Politico&lt;\/em&gt;, 28 de marzo de 2025.'><sup>8<\/sup><\/a><\/span><\/span> Nicu\u0219or Dan ha criticado la actitud ambigua del presidente estadounidense Donald Trump hacia el Kremlin, considerando que deber\u00eda haberse mostrado mucho m\u00e1s firme con Vladimir Putin. Por el contrario, Dan adopta una postura intransigente hacia Mosc\u00fa: apoya sin reservas las sanciones contra Rusia y los esfuerzos conjuntos de la OTAN y la Uni\u00f3n Europea para contrarrestar la agresi\u00f3n rusa.<\/p>\n\n\n\n\n<div class=\"double-picture my-12 lg:my-20\" \n    data-images-sizes=\"half\"\n    data-same-height=\"true\"\n    data-reference-image=\"left\"\n>    <!-- Images -->\n    <div class=\"lg:flex\">\n        <div class=\"relative lg:pr-2 mb-7 lg:mb-0 lg:w-1\/2\">\n                            <a \n                    href=\"#\"\n                    data-pswp-src=\"https:\/\/legrandcontinent.eu\/es\/wp-content\/uploads\/sites\/2\/2025\/05\/SIPA_ap22955433_000032-scaled.jpg\" \n                    class=\"gallery-item no-underline  \" \n                    data-pswp-width=\"2560\" \n                    data-pswp-height=\"1707\"\n                >\n                    <figure class=\"wp-block-image h-full -mx-2 lg:mx-0 !my-0\">\n                        <picture class=\"block h-full\">\n                            <img decoding=\"async\" src=\"https:\/\/legrandcontinent.eu\/es\/wp-content\/uploads\/sites\/2\/2025\/05\/SIPA_ap22955433_000032-scaled.jpg\" alt=\"En el plano internacional, Nicu\u0219or Dan adopta una l\u00ednea claramente prooccidental y proeuropea: \u00abMe comprometo a apoyar a Ucrania contra Rusia y a preservar las alianzas occidentales de Ruman\u00eda\u00bb.\" >\n                        <\/picture>\n                        <figcaption class=\"lg:hidden pswp-caption-content\">En el plano internacional, Nicu\u0219or Dan adopta una l\u00ednea claramente prooccidental y proeuropea: \u00abMe comprometo a apoyar a Ucrania contra Rusia y a preservar las alianzas occidentales de Ruman\u00eda\u00bb.<\/figcaption>                    <\/figure>\n                <\/a>\n                    \n        <\/div>\n        <div class=\"relative lg:pl-2 lg:w-1\/2\">\n                            <a\n                    href=\"#\"\n                    data-pswp-src=\"https:\/\/legrandcontinent.eu\/es\/wp-content\/uploads\/sites\/2\/2025\/05\/SIPA_ap22952092_000015-scaled.jpg\" \n                    class=\"gallery-item no-underline  lg:!absolute lg:h-full lg:right-0 lg:left-2 overflow-hidden\" \n                    data-pswp-width=\"2560\" \n                    data-pswp-height=\"1707\"\n                >\n                    <figure class=\"wp-block-image h-full -mx-2 lg:mx-0 !my-0\">\n                        <picture class=\"block h-full\">\n                            <img decoding=\"async\" src=\"https:\/\/legrandcontinent.eu\/es\/wp-content\/uploads\/sites\/2\/2025\/05\/SIPA_ap22952092_000015-scaled.jpg\" alt=\"Sin una mayor participaci\u00f3n en las ciudades y una fuerte movilizaci\u00f3n del electorado democr\u00e1tico, Nicu\u0219or Dan podr\u00eda no disponer de los votos necesarios para ganar la segunda vuelta de las elecciones presidenciales.\" class=\"lg:!h-full object-cover\">\n                        <\/picture>\n                        <figcaption class=\"lg:hidden pswp-caption-content\">Sin una mayor participaci\u00f3n en las ciudades y una fuerte movilizaci\u00f3n del electorado democr\u00e1tico, Nicu\u0219or Dan podr\u00eda no disponer de los votos necesarios para ganar la segunda vuelta de las elecciones presidenciales.<\/figcaption>                    <\/figure>\n                <\/a>\n                    <\/div>\n    <\/div>\n    <!-- Captions -->\n    <div class=\"hidden lg:flex\">\n        <div class=\"relative lg:pr-2 mb-7 lg:mb-0 lg:w-1\/2\">\n                            <figure class=\"wp-block-image -mx-2 lg:mx-0 !my-0\">\n                    <figcaption>En el plano internacional, Nicu\u0219or Dan adopta una l\u00ednea claramente prooccidental y proeuropea: \u00abMe comprometo a apoyar a Ucrania contra Rusia y a preservar las alianzas occidentales de Ruman\u00eda\u00bb.<\/figcaption>                <\/figure>\n                    \n        <\/div>\n        <div class=\"relative lg:pl-2 lg:w-1\/2\">\n                            <figure class=\"wp-block-image -mx-2 lg:mx-0 !my-0\">   \n                    <figcaption>Sin una mayor participaci\u00f3n en las ciudades y una fuerte movilizaci\u00f3n del electorado democr\u00e1tico, Nicu\u0219or Dan podr\u00eda no disponer de los votos necesarios para ganar la segunda vuelta de las elecciones presidenciales.<\/figcaption>                <\/figure>\n                    <\/div>\n    <\/div>\n<\/div>\n\n\n\n<h2 class=\"wp-block-heading\">6 \u2014 Una geograf\u00eda electoral potencialmente desfavorable<\/h2>\n\n\n\n<p>El perfil sociogeogr\u00e1fico del electorado de Nicu\u0219or Dan refleja su imagen de reformista urbano. Sus apoyos se concentran en las grandes ciudades y entre las clases educadas.<\/p>\n\n\n\n<ul class=\"wp-block-list\">\n<li>Bucarest, de donde es alcalde, es, por supuesto, su feudo: all\u00ed obtuvo alrededor del 40 % de los votos en la primera vuelta de las elecciones presidenciales de 2025.&nbsp;<span class='whitespace-nowrap'><span id='easy-footnote-9-65879' class='easy-footnote-margin-adjust'><\/span><span class='easy-footnote'><a href='https:\/\/legrandcontinent.eu\/es\/2025\/05\/05\/quien-es-nicusor-dan-el-alcalde-liberal-de-bucarest-antiguo-alumno-de-la-escuela-normal-superior-se-enfrentara-en-la-segunda-vuelta-a-george-simion\/#easy-footnote-bottom-9-65879' title='\u00ab&lt;a href=&quot;https:\/\/www.stiridecluj.ro\/politic\/rezultate-alegeri-victorie-zdrobitoare-a-lui-george-simion-cu-peste-40-clujul-si-bucurestiul-l-au-dus-pe-nicusor-dan-in-turul-2&quot; target=&quot;_blank&quot; rel=&quot;noreferrer noopener&quot;&gt;REZULTATE ALEGERI Clujul \u0219i Bucure\u0219tiul l-au dus pe Nicu\u0219or Dan \u00een turul 2. Victorie zdrobitoare a lui George Simion, cu peste 40&amp;nbsp;%&amp;nbsp;!&lt;\/a&gt;\u00bb, \u015etiri de Cluj, 5 de mayo de 2025.'><sup>9<\/sup><\/a><\/span><\/span><\/li>\n\n\n\n<li>El otro basti\u00f3n de Nicu\u0219or Dan es la Transilvania urbana y cosmopolita, en particular el departamento de Cluj, el \u00fanico otro lugar donde qued\u00f3 en cabeza en la primera vuelta (con m\u00e1s del 35 % de los votos).<\/li>\n\n\n\n<li>En general, obtiene buenos resultados en los centros urbanos desarrollados (Timi\u0219oara, Bra\u0219ov, Ia\u0219i&#8230;), entre los j\u00f3venes titulados y las clases medias modernistas, mientras que el electorado rural y de las peque\u00f1as ciudades tiende a preferir a candidatos populistas o tradicionalistas.<\/li>\n<\/ul>\n\n\n\n<p>Su base de seguidores tambi\u00e9n se distingue por su menor edad y su car\u00e1cter conectado: el voto urbano nocturno, compuesto en gran parte por j\u00f3venes que regresaban del fin de semana, result\u00f3 ser mayoritariamente a su favor.&nbsp;<span class='whitespace-nowrap'><span id='easy-footnote-10-65879' class='easy-footnote-margin-adjust'><\/span><span class='easy-footnote'><a href='https:\/\/legrandcontinent.eu\/es\/2025\/05\/05\/quien-es-nicusor-dan-el-alcalde-liberal-de-bucarest-antiguo-alumno-de-la-escuela-normal-superior-se-enfrentara-en-la-segunda-vuelta-a-george-simion\/#easy-footnote-bottom-10-65879' title='\u00ab&lt;a href=&quot;https:\/\/hotnews.ro\/alegeri-prezidentiale-2025-dupa-rezultatele-exit-poll-nicusor-dan-e-pregatit-sa-ceara-reprezentantilor-usr-din-sectii-sa-pazeasca-numararea-fiecarui-vot-1964324&quot; target=&quot;_blank&quot; rel=&quot;noreferrer noopener&quot;&gt;Alegeri preziden\u021biale 2025. Dup\u0103 rezultatele exit-poll, Nicu\u0219or Dan e preg\u0103tit s\u0103 cear\u0103 reprezentan\u021bilor USR din sec\u021bii s\u0103 p\u0103zeasc\u0103 num\u0103rarea fiec\u0103rui vot&lt;\/a&gt;\u00bb, &lt;em&gt;Hotnews.ro&lt;\/em&gt;, 4 de mayo de 2025.'><sup>10<\/sup><\/a><\/span><\/span><\/p>\n\n\n\n<p>Por \u00faltimo, Nicu\u0219or Dan cuenta con cierto apoyo de la di\u00e1spora rumana, aunque el electorado rumano residente en Europa occidental \u2014un caso relativamente \u00fanico en los pa\u00edses de Europa Central\u2014 sigue siendo favorable al candidato de extrema derecha Simion.<\/p>\n\n\n\n<div class=\"iframe-container wp-block-image wp-block-image-medium  iframe-dw\">\n\t<div>\n\t\t<iframe class=\"absolute w-full h-full pin-t pin-l\" title=\"titolo\" aria-label=\"Interactive line chart\" src=\"\/\/datawrapper.dwcdn.net\/DY0Fk\/\" scrolling=\"no\" frameborder=\"0\"><\/iframe>\n\t<\/div>\n<\/div>\n\n\n\n<ul class=\"wp-block-list\">\n<li>Obtiene muy buenos resultados entre los expatriados de Am\u00e9rica del Norte (por ejemplo, cerca del 48 % de los votos de los rumanos en Estados Unidos) y de Europa Central y Oriental.<\/li>\n\n\n\n<li>En cambio, en la di\u00e1spora de Europa occidental, m\u00e1s numerosa, se ve superado por su adversario nacionalista, especialmente en Italia, Espa\u00f1a o Francia, donde el voto antisistema se impuso en la primera vuelta.&nbsp;<span class='whitespace-nowrap'><span id='easy-footnote-11-65879' class='easy-footnote-margin-adjust'><\/span><span class='easy-footnote'><a href='https:\/\/legrandcontinent.eu\/es\/2025\/05\/05\/quien-es-nicusor-dan-el-alcalde-liberal-de-bucarest-antiguo-alumno-de-la-escuela-normal-superior-se-enfrentara-en-la-segunda-vuelta-a-george-simion\/#easy-footnote-bottom-11-65879' title='&lt;a href=&quot;https:\/\/www.digi24.ro\/alegeri-prezidentiale-2025\/rezultate-partiale-in-diaspora-george-simion-castiga-detasat-in-italia-spania-canada-si-rusia-nicusor-dan-pe-primul-loc-in-sua-3226357#:~:text=George%20Simion%20a%20fost%20votat,%C8%99i%20Fran%C8%9Ba%20%2861&quot; target=&quot;_blank&quot; rel=&quot;noreferrer noopener&quot;&gt;Digi24.ro&lt;\/a&gt;, 5 de mayo de 2025.'><sup>11<\/sup><\/a><\/span><\/span><\/li>\n<\/ul>\n\n\n\n<p>Esta geograf\u00eda electoral \u2014ciudades contra campo, di\u00e1spora en el extranjero contra di\u00e1spora en Europa occidental\u2014 ilustra la actual divisi\u00f3n pol\u00edtica en Ruman\u00eda y muestra las fuertes limitaciones de su candidatura frente a George Simion.<\/p>\n\n\n\n<p>Sin una mayor participaci\u00f3n en las ciudades y una fuerte movilizaci\u00f3n del electorado democr\u00e1tico, Nicu\u0219or Dan podr\u00eda no disponer de los votos necesarios para ganar la segunda vuelta de las elecciones presidenciales.<\/p>\n","protected":false},"excerpt":{"rendered":"<p>\u00abLa Ruman\u00eda honesta\u00bb: el lema de la campa\u00f1a de Nicu\u0219or Dan, que resuena con una ret\u00f3rica desmarcada, opuesta al <em>establishment<\/em> corrupto del pa\u00eds, pero el alcalde de Bucarest presenta un perfil \u00fanico y una estrategia sutil.<\/p>\n<p>Al evitar tomar partido en temas sociales controvertidos, propone limpiar Ruman\u00eda, tal y como lleva m\u00e1s de diez a\u00f1os intentando hacer en la capital.<\/p>\n<p>Este brillante matem\u00e1tico franc\u00f3fono, antiguo alumno de la \u00c9cole normale sup\u00e9rieure de la rue d&#8217;Ulm \u2014opuesto a Trump y a Putin\u2014, \u00bfpodr\u00e1 hacer frente a la conspiraci\u00f3n bajo esteroides de George Simion?<\/p>\n<p>Un retrato en seis puntos.<\/p>\n","protected":false},"author":17959,"featured_media":65813,"comment_status":"closed","ping_status":"closed","sticky":false,"template":"templates\/post-studies.php","format":"standard","meta":{"_acf_changed":true,"_trash_the_other_posts":false,"_yoast_wpseo_estimated-reading-time-minutes":7,"footnotes":""},"categories":[1205],"tags":[],"staff":[7],"editorial_format":[],"serie":[],"audience":[],"geo":[177],"class_list":["post-65879","post","type-post","status-publish","format-standard","hentry","category-eleccion-presidencial-en-rumania","staff-el-grand-continent","geo-europa"],"acf":{"open_in_webview":false,"accent":false},"yoast_head":"<!-- This site is optimized with the Yoast SEO plugin v26.1.1 - https:\/\/yoast.com\/wordpress\/plugins\/seo\/ -->\n<title>\u00bfQui\u00e9n es Nicu\u0219or Dan? El alcalde liberal de Bucarest, antiguo alumno de la Escuela Normal Superior, se enfrentar\u00e1 en la segunda vuelta a George Simion - El Grand Continent<\/title>\n<meta name=\"robots\" content=\"index, follow, max-snippet:-1, max-image-preview:large, max-video-preview:-1\" \/>\n<link rel=\"canonical\" href=\"https:\/\/legrandcontinent.eu\/es\/2025\/05\/05\/quien-es-nicusor-dan-el-alcalde-liberal-de-bucarest-antiguo-alumno-de-la-escuela-normal-superior-se-enfrentara-en-la-segunda-vuelta-a-george-simion\/\" \/>\n<meta property=\"og:locale\" content=\"es_ES\" \/>\n<meta property=\"og:type\" content=\"article\" \/>\n<meta property=\"og:title\" content=\"\u00bfQui\u00e9n es Nicu\u0219or Dan? El alcalde liberal de Bucarest, antiguo alumno de la Escuela Normal Superior, se enfrentar\u00e1 en la segunda vuelta a George Simion - El Grand Continent\" \/>\n<meta property=\"og:description\" content=\"\u00abLa Ruman\u00eda honesta\u00bb: el lema de la campa\u00f1a de Nicu\u0219or Dan, que resuena con una ret\u00f3rica desmarcada, opuesta al establishment corrupto del pa\u00eds, pero el alcalde de Bucarest presenta un perfil \u00fanico y una estrategia sutil.  Al evitar tomar partido en temas sociales controvertidos, propone limpiar Ruman\u00eda, tal y como lleva m\u00e1s de diez a\u00f1os intentando hacer en la capital.  Este brillante matem\u00e1tico franc\u00f3fono, antiguo alumno de la \u00c9cole normale sup\u00e9rieure de la rue d&#039;Ulm \u2014opuesto a Trump y a Putin\u2014, \u00bfpodr\u00e1 hacer frente a la conspiraci\u00f3n bajo esteroides de George Simion?  Un retrato en seis puntos.\" \/>\n<meta property=\"og:url\" content=\"https:\/\/legrandcontinent.eu\/es\/2025\/05\/05\/quien-es-nicusor-dan-el-alcalde-liberal-de-bucarest-antiguo-alumno-de-la-escuela-normal-superior-se-enfrentara-en-la-segunda-vuelta-a-george-simion\/\" \/>\n<meta property=\"og:site_name\" content=\"El Grand Continent\" \/>\n<meta property=\"article:published_time\" content=\"2025-05-05T20:40:29+00:00\" \/>\n<meta property=\"article:modified_time\" content=\"2025-05-05T20:42:18+00:00\" \/>\n<meta property=\"og:image\" content=\"https:\/\/legrandcontinent.eu\/es\/wp-content\/uploads\/sites\/2\/2025\/05\/gc-dan-scaled.jpg\" \/>\n\t<meta property=\"og:image:width\" content=\"2560\" \/>\n\t<meta property=\"og:image:height\" content=\"1440\" \/>\n\t<meta property=\"og:image:type\" content=\"image\/jpeg\" \/>\n<meta name=\"author\" content=\"anainesfernandez\" \/>\n<meta name=\"twitter:card\" content=\"summary_large_image\" \/>\n<meta name=\"twitter:image\" content=\"https:\/\/legrandcontinent.eu\/es\/wp-content\/uploads\/sites\/2\/2025\/05\/gc-dan-scaled.jpg\" \/>\n<meta name=\"twitter:label1\" content=\"Escrito por\" \/>\n\t<meta name=\"twitter:data1\" content=\"anainesfernandez\" \/>\n\t<meta name=\"twitter:label2\" content=\"Tiempo de lectura\" \/>\n\t<meta name=\"twitter:data2\" content=\"7 minutos\" \/>\n<script type=\"application\/ld+json\" class=\"yoast-schema-graph\">{\"@context\":\"https:\/\/schema.org\",\"@graph\":[{\"@type\":\"WebPage\",\"@id\":\"https:\/\/legrandcontinent.eu\/es\/2025\/05\/05\/quien-es-nicusor-dan-el-alcalde-liberal-de-bucarest-antiguo-alumno-de-la-escuela-normal-superior-se-enfrentara-en-la-segunda-vuelta-a-george-simion\/\",\"url\":\"https:\/\/legrandcontinent.eu\/es\/2025\/05\/05\/quien-es-nicusor-dan-el-alcalde-liberal-de-bucarest-antiguo-alumno-de-la-escuela-normal-superior-se-enfrentara-en-la-segunda-vuelta-a-george-simion\/\",\"name\":\"\u00bfQui\u00e9n es Nicu\u0219or Dan? El alcalde liberal de Bucarest, antiguo alumno de la Escuela Normal Superior, se enfrentar\u00e1 en la segunda vuelta a George Simion - El Grand Continent\",\"isPartOf\":{\"@id\":\"https:\/\/legrandcontinent.eu\/es\/#website\"},\"primaryImageOfPage\":{\"@id\":\"https:\/\/legrandcontinent.eu\/es\/2025\/05\/05\/quien-es-nicusor-dan-el-alcalde-liberal-de-bucarest-antiguo-alumno-de-la-escuela-normal-superior-se-enfrentara-en-la-segunda-vuelta-a-george-simion\/#primaryimage\"},\"image\":{\"@id\":\"https:\/\/legrandcontinent.eu\/es\/2025\/05\/05\/quien-es-nicusor-dan-el-alcalde-liberal-de-bucarest-antiguo-alumno-de-la-escuela-normal-superior-se-enfrentara-en-la-segunda-vuelta-a-george-simion\/#primaryimage\"},\"thumbnailUrl\":\"https:\/\/legrandcontinent.eu\/es\/wp-content\/uploads\/sites\/2\/2025\/05\/dandan.png\",\"datePublished\":\"2025-05-05T20:40:29+00:00\",\"dateModified\":\"2025-05-05T20:42:18+00:00\",\"author\":{\"@id\":\"https:\/\/legrandcontinent.eu\/es\/#\/schema\/person\/570398dd8da37ba5d66dec6d242bd33c\"},\"breadcrumb\":{\"@id\":\"https:\/\/legrandcontinent.eu\/es\/2025\/05\/05\/quien-es-nicusor-dan-el-alcalde-liberal-de-bucarest-antiguo-alumno-de-la-escuela-normal-superior-se-enfrentara-en-la-segunda-vuelta-a-george-simion\/#breadcrumb\"},\"inLanguage\":\"es\",\"potentialAction\":[{\"@type\":\"ReadAction\",\"target\":[\"https:\/\/legrandcontinent.eu\/es\/2025\/05\/05\/quien-es-nicusor-dan-el-alcalde-liberal-de-bucarest-antiguo-alumno-de-la-escuela-normal-superior-se-enfrentara-en-la-segunda-vuelta-a-george-simion\/\"]}]},{\"@type\":\"ImageObject\",\"inLanguage\":\"es\",\"@id\":\"https:\/\/legrandcontinent.eu\/es\/2025\/05\/05\/quien-es-nicusor-dan-el-alcalde-liberal-de-bucarest-antiguo-alumno-de-la-escuela-normal-superior-se-enfrentara-en-la-segunda-vuelta-a-george-simion\/#primaryimage\",\"url\":\"https:\/\/legrandcontinent.eu\/es\/wp-content\/uploads\/sites\/2\/2025\/05\/dandan.png\",\"contentUrl\":\"https:\/\/legrandcontinent.eu\/es\/wp-content\/uploads\/sites\/2\/2025\/05\/dandan.png\",\"width\":3510,\"height\":1972},{\"@type\":\"BreadcrumbList\",\"@id\":\"https:\/\/legrandcontinent.eu\/es\/2025\/05\/05\/quien-es-nicusor-dan-el-alcalde-liberal-de-bucarest-antiguo-alumno-de-la-escuela-normal-superior-se-enfrentara-en-la-segunda-vuelta-a-george-simion\/#breadcrumb\",\"itemListElement\":[{\"@type\":\"ListItem\",\"position\":1,\"name\":\"Home\",\"item\":\"https:\/\/legrandcontinent.eu\/es\/\"},{\"@type\":\"ListItem\",\"position\":2,\"name\":\"\u00bfQui\u00e9n es Nicu\u0219or Dan? El alcalde liberal de Bucarest, antiguo alumno de la Escuela Normal Superior, se enfrentar\u00e1 en la segunda vuelta a George Simion\"}]},{\"@type\":\"WebSite\",\"@id\":\"https:\/\/legrandcontinent.eu\/es\/#website\",\"url\":\"https:\/\/legrandcontinent.eu\/es\/\",\"name\":\"El Grand Continent\",\"description\":\"La escala pertinente\",\"potentialAction\":[{\"@type\":\"SearchAction\",\"target\":{\"@type\":\"EntryPoint\",\"urlTemplate\":\"https:\/\/legrandcontinent.eu\/es\/?s={search_term_string}\"},\"query-input\":{\"@type\":\"PropertyValueSpecification\",\"valueRequired\":true,\"valueName\":\"search_term_string\"}}],\"inLanguage\":\"es\"},{\"@type\":\"Person\",\"@id\":\"https:\/\/legrandcontinent.eu\/es\/#\/schema\/person\/570398dd8da37ba5d66dec6d242bd33c\",\"name\":\"anainesfernandez\",\"image\":{\"@type\":\"ImageObject\",\"inLanguage\":\"es\",\"@id\":\"https:\/\/legrandcontinent.eu\/es\/#\/schema\/person\/image\/\",\"url\":\"https:\/\/secure.gravatar.com\/avatar\/fe25c21e6213f69a683147fabda32586?s=96&d=mm&r=g\",\"contentUrl\":\"https:\/\/secure.gravatar.com\/avatar\/fe25c21e6213f69a683147fabda32586?s=96&d=mm&r=g\",\"caption\":\"anainesfernandez\"}}]}<\/script>\n<!-- \/ Yoast SEO plugin. -->","yoast_head_json":{"title":"\u00bfQui\u00e9n es Nicu\u0219or Dan? El alcalde liberal de Bucarest, antiguo alumno de la Escuela Normal Superior, se enfrentar\u00e1 en la segunda vuelta a George Simion - El Grand Continent","robots":{"index":"index","follow":"follow","max-snippet":"max-snippet:-1","max-image-preview":"max-image-preview:large","max-video-preview":"max-video-preview:-1"},"canonical":"https:\/\/legrandcontinent.eu\/es\/2025\/05\/05\/quien-es-nicusor-dan-el-alcalde-liberal-de-bucarest-antiguo-alumno-de-la-escuela-normal-superior-se-enfrentara-en-la-segunda-vuelta-a-george-simion\/","og_locale":"es_ES","og_type":"article","og_title":"\u00bfQui\u00e9n es Nicu\u0219or Dan? El alcalde liberal de Bucarest, antiguo alumno de la Escuela Normal Superior, se enfrentar\u00e1 en la segunda vuelta a George Simion - El Grand Continent","og_description":"\u00abLa Ruman\u00eda honesta\u00bb: el lema de la campa\u00f1a de Nicu\u0219or Dan, que resuena con una ret\u00f3rica desmarcada, opuesta al establishment corrupto del pa\u00eds, pero el alcalde de Bucarest presenta un perfil \u00fanico y una estrategia sutil.  Al evitar tomar partido en temas sociales controvertidos, propone limpiar Ruman\u00eda, tal y como lleva m\u00e1s de diez a\u00f1os intentando hacer en la capital.  Este brillante matem\u00e1tico franc\u00f3fono, antiguo alumno de la \u00c9cole normale sup\u00e9rieure de la rue d'Ulm \u2014opuesto a Trump y a Putin\u2014, \u00bfpodr\u00e1 hacer frente a la conspiraci\u00f3n bajo esteroides de George Simion?  Un retrato en seis puntos.","og_url":"https:\/\/legrandcontinent.eu\/es\/2025\/05\/05\/quien-es-nicusor-dan-el-alcalde-liberal-de-bucarest-antiguo-alumno-de-la-escuela-normal-superior-se-enfrentara-en-la-segunda-vuelta-a-george-simion\/","og_site_name":"El Grand Continent","article_published_time":"2025-05-05T20:40:29+00:00","article_modified_time":"2025-05-05T20:42:18+00:00","og_image":[{"width":2560,"height":1440,"url":"https:\/\/legrandcontinent.eu\/es\/wp-content\/uploads\/sites\/2\/2025\/05\/gc-dan-scaled.jpg","type":"image\/jpeg"}],"author":"anainesfernandez","twitter_card":"summary_large_image","twitter_image":"https:\/\/legrandcontinent.eu\/es\/wp-content\/uploads\/sites\/2\/2025\/05\/gc-dan-scaled.jpg","twitter_misc":{"Escrito por":"anainesfernandez","Tiempo de lectura":"7 minutos"},"schema":{"@context":"https:\/\/schema.org","@graph":[{"@type":"WebPage","@id":"https:\/\/legrandcontinent.eu\/es\/2025\/05\/05\/quien-es-nicusor-dan-el-alcalde-liberal-de-bucarest-antiguo-alumno-de-la-escuela-normal-superior-se-enfrentara-en-la-segunda-vuelta-a-george-simion\/","url":"https:\/\/legrandcontinent.eu\/es\/2025\/05\/05\/quien-es-nicusor-dan-el-alcalde-liberal-de-bucarest-antiguo-alumno-de-la-escuela-normal-superior-se-enfrentara-en-la-segunda-vuelta-a-george-simion\/","name":"\u00bfQui\u00e9n es Nicu\u0219or Dan? El alcalde liberal de Bucarest, antiguo alumno de la Escuela Normal Superior, se enfrentar\u00e1 en la segunda vuelta a George Simion - El Grand Continent","isPartOf":{"@id":"https:\/\/legrandcontinent.eu\/es\/#website"},"primaryImageOfPage":{"@id":"https:\/\/legrandcontinent.eu\/es\/2025\/05\/05\/quien-es-nicusor-dan-el-alcalde-liberal-de-bucarest-antiguo-alumno-de-la-escuela-normal-superior-se-enfrentara-en-la-segunda-vuelta-a-george-simion\/#primaryimage"},"image":{"@id":"https:\/\/legrandcontinent.eu\/es\/2025\/05\/05\/quien-es-nicusor-dan-el-alcalde-liberal-de-bucarest-antiguo-alumno-de-la-escuela-normal-superior-se-enfrentara-en-la-segunda-vuelta-a-george-simion\/#primaryimage"},"thumbnailUrl":"https:\/\/legrandcontinent.eu\/es\/wp-content\/uploads\/sites\/2\/2025\/05\/dandan.png","datePublished":"2025-05-05T20:40:29+00:00","dateModified":"2025-05-05T20:42:18+00:00","author":{"@id":"https:\/\/legrandcontinent.eu\/es\/#\/schema\/person\/570398dd8da37ba5d66dec6d242bd33c"},"breadcrumb":{"@id":"https:\/\/legrandcontinent.eu\/es\/2025\/05\/05\/quien-es-nicusor-dan-el-alcalde-liberal-de-bucarest-antiguo-alumno-de-la-escuela-normal-superior-se-enfrentara-en-la-segunda-vuelta-a-george-simion\/#breadcrumb"},"inLanguage":"es","potentialAction":[{"@type":"ReadAction","target":["https:\/\/legrandcontinent.eu\/es\/2025\/05\/05\/quien-es-nicusor-dan-el-alcalde-liberal-de-bucarest-antiguo-alumno-de-la-escuela-normal-superior-se-enfrentara-en-la-segunda-vuelta-a-george-simion\/"]}]},{"@type":"ImageObject","inLanguage":"es","@id":"https:\/\/legrandcontinent.eu\/es\/2025\/05\/05\/quien-es-nicusor-dan-el-alcalde-liberal-de-bucarest-antiguo-alumno-de-la-escuela-normal-superior-se-enfrentara-en-la-segunda-vuelta-a-george-simion\/#primaryimage","url":"https:\/\/legrandcontinent.eu\/es\/wp-content\/uploads\/sites\/2\/2025\/05\/dandan.png","contentUrl":"https:\/\/legrandcontinent.eu\/es\/wp-content\/uploads\/sites\/2\/2025\/05\/dandan.png","width":3510,"height":1972},{"@type":"BreadcrumbList","@id":"https:\/\/legrandcontinent.eu\/es\/2025\/05\/05\/quien-es-nicusor-dan-el-alcalde-liberal-de-bucarest-antiguo-alumno-de-la-escuela-normal-superior-se-enfrentara-en-la-segunda-vuelta-a-george-simion\/#breadcrumb","itemListElement":[{"@type":"ListItem","position":1,"name":"Home","item":"https:\/\/legrandcontinent.eu\/es\/"},{"@type":"ListItem","position":2,"name":"\u00bfQui\u00e9n es Nicu\u0219or Dan? El alcalde liberal de Bucarest, antiguo alumno de la Escuela Normal Superior, se enfrentar\u00e1 en la segunda vuelta a George Simion"}]},{"@type":"WebSite","@id":"https:\/\/legrandcontinent.eu\/es\/#website","url":"https:\/\/legrandcontinent.eu\/es\/","name":"El Grand Continent","description":"La escala pertinente","potentialAction":[{"@type":"SearchAction","target":{"@type":"EntryPoint","urlTemplate":"https:\/\/legrandcontinent.eu\/es\/?s={search_term_string}"},"query-input":{"@type":"PropertyValueSpecification","valueRequired":true,"valueName":"search_term_string"}}],"inLanguage":"es"},{"@type":"Person","@id":"https:\/\/legrandcontinent.eu\/es\/#\/schema\/person\/570398dd8da37ba5d66dec6d242bd33c","name":"anainesfernandez","image":{"@type":"ImageObject","inLanguage":"es","@id":"https:\/\/legrandcontinent.eu\/es\/#\/schema\/person\/image\/","url":"https:\/\/secure.gravatar.com\/avatar\/fe25c21e6213f69a683147fabda32586?s=96&d=mm&r=g","contentUrl":"https:\/\/secure.gravatar.com\/avatar\/fe25c21e6213f69a683147fabda32586?s=96&d=mm&r=g","caption":"anainesfernandez"}}]}},"lgc_categories":[{"id":1205,"name":"Elecci\u00f3n presidencial en Ruman\u00eda","slug":"eleccion-presidencial-en-rumania"}],"lgc_author":{"id":7,"name":"El Grand Continent","slug":"el-grand-continent"},"feature_image_summary":{"url":"https:\/\/legrandcontinent.eu\/es\/wp-content\/uploads\/sites\/2\/2025\/05\/dandan.png","width":3510,"height":1972,"alt":""},"feature_image_cover":{"url":"https:\/\/legrandcontinent.eu\/es\/wp-content\/uploads\/sites\/2\/2025\/05\/dandan.png","width":3510,"height":1972,"alt":""},"term_position_data":null,"_links":{"self":[{"href":"https:\/\/legrandcontinent.eu\/es\/wp-json\/wp\/v2\/posts\/65879","targetHints":{"allow":["GET"]}}],"collection":[{"href":"https:\/\/legrandcontinent.eu\/es\/wp-json\/wp\/v2\/posts"}],"about":[{"href":"https:\/\/legrandcontinent.eu\/es\/wp-json\/wp\/v2\/types\/post"}],"author":[{"embeddable":true,"href":"https:\/\/legrandcontinent.eu\/es\/wp-json\/wp\/v2\/users\/17959"}],"replies":[{"embeddable":true,"href":"https:\/\/legrandcontinent.eu\/es\/wp-json\/wp\/v2\/comments?post=65879"}],"version-history":[{"count":0,"href":"https:\/\/legrandcontinent.eu\/es\/wp-json\/wp\/v2\/posts\/65879\/revisions"}],"wp:featuredmedia":[{"embeddable":true,"href":"https:\/\/legrandcontinent.eu\/es\/wp-json\/wp\/v2\/media\/65813"}],"wp:attachment":[{"href":"https:\/\/legrandcontinent.eu\/es\/wp-json\/wp\/v2\/media?parent=65879"}],"wp:term":[{"taxonomy":"category","embeddable":true,"href":"https:\/\/legrandcontinent.eu\/es\/wp-json\/wp\/v2\/categories?post=65879"},{"taxonomy":"post_tag","embeddable":true,"href":"https:\/\/legrandcontinent.eu\/es\/wp-json\/wp\/v2\/tags?post=65879"},{"taxonomy":"staff","embeddable":true,"href":"https:\/\/legrandcontinent.eu\/es\/wp-json\/wp\/v2\/staff?post=65879"},{"taxonomy":"editorial_format","embeddable":true,"href":"https:\/\/legrandcontinent.eu\/es\/wp-json\/wp\/v2\/editorial_format?post=65879"},{"taxonomy":"serie","embeddable":true,"href":"https:\/\/legrandcontinent.eu\/es\/wp-json\/wp\/v2\/serie?post=65879"},{"taxonomy":"audience","embeddable":true,"href":"https:\/\/legrandcontinent.eu\/es\/wp-json\/wp\/v2\/audience?post=65879"},{"taxonomy":"geo","embeddable":true,"href":"https:\/\/legrandcontinent.eu\/es\/wp-json\/wp\/v2\/geo?post=65879"}],"curies":[{"name":"wp","href":"https:\/\/api.w.org\/{rel}","templated":true}]}}