{"id":65751,"date":"2025-05-05T06:30:00","date_gmt":"2025-05-05T04:30:00","guid":{"rendered":"https:\/\/legrandcontinent.eu\/es\/?p=65751"},"modified":"2025-05-05T10:55:30","modified_gmt":"2025-05-05T08:55:30","slug":"xi-lula-lukashenko-que-lideres-estaran-presentes-en-moscu-el-9-de-mayo-para-el-desfile-del-dia-de-la-victoria","status":"publish","type":"post","link":"https:\/\/legrandcontinent.eu\/es\/2025\/05\/05\/xi-lula-lukashenko-que-lideres-estaran-presentes-en-moscu-el-9-de-mayo-para-el-desfile-del-dia-de-la-victoria\/","title":{"rendered":"Xi, Lula, Lukashenko\u2026 \u00bfQu\u00e9 l\u00edderes estar\u00e1n presentes en Mosc\u00fa el 9 de mayo para el desfile del D\u00eda de la Victoria?"},"content":{"rendered":"\n<p>A finales de esta semana, el viernes 9 de mayo, Vladimir Putin organizar\u00e1,&nbsp;<a href=\"https:\/\/legrandcontinent.eu\/es\/2023\/05\/09\/el-desfile-atrofiado\/\">como cada a\u00f1o<\/a>,&nbsp;un desfile militar en la Plaza Roja de Mosc\u00fa con motivo del 80.\u00ba aniversario del fin de la Segunda Guerra Mundial en Europa. M\u00e1s all\u00e1 de las tropas y el material militar que se exhibir\u00e1n en esta ocasi\u00f3n, ser\u00e1n sobre todo los l\u00edderes extranjeros presentes los que reflejar\u00e1n la influencia a la que aspira el presidente ruso.<\/p>\n\n\n\n<p>Xi Jinping ser\u00e1 sin duda el dignatario extranjero cuya presencia m\u00e1s se notar\u00e1 en Mosc\u00fa. Sin embargo, mientras Putin esperaba recibir a una veintena de jefes de Estado y de Gobierno, parecen perfilarse varias defecciones.<\/p>\n\n\n\n<ul class=\"wp-block-list\">\n<li>Apenas unos d\u00edas antes de las celebraciones, el primer ministro indio, Narendra Modi, anunci\u00f3 el mi\u00e9rcoles 30 de abril que cancelaba su visita a Mosc\u00fa, en un momento en que&nbsp;<a href=\"https:\/\/legrandcontinent.eu\/es\/2025\/04\/30\/esta-india-a-punto-de-emprender-acciones-militares-en-pakistan\/\">las tensiones con Pakist\u00e1n se han agravado considerablemente<\/a>&nbsp;tras el ataque del 22 de abril, que caus\u00f3 26 muertos en Cachemira, 25 de ellos indios&nbsp;<span class='whitespace-nowrap'><span id='easy-footnote-1-65751' class='easy-footnote-margin-adjust'><\/span><span class='easy-footnote'><a href='https:\/\/legrandcontinent.eu\/es\/2025\/05\/05\/xi-lula-lukashenko-que-lideres-estaran-presentes-en-moscu-el-9-de-mayo-para-el-desfile-del-dia-de-la-victoria\/#easy-footnote-bottom-1-65751' title='\u00ab&amp;nbsp;&lt;a href=&quot;https:\/\/tass.ru\/politika\/23824771&quot;&gt;\u041c\u043e\u0434\u0438 \u043d\u0435 \u043f\u0440\u0438\u0435\u0434\u0435\u0442 \u0432 \u041c\u043e\u0441\u043a\u0432\u0443 \u043d\u0430 9 \u041c\u0430\u044f&lt;\/a&gt;&amp;nbsp;\u00bb,&amp;nbsp;&lt;em&gt;TASS&lt;\/em&gt;, 30 de abril de 2025.'><sup>1<\/sup><\/a><\/span><\/span>.<\/li>\n\n\n\n<li>Dos semanas antes, el gabinete del primer ministro h\u00fangaro anunci\u00f3 la ausencia de Viktor Orb\u00e1n, uno de los l\u00edderes europeos m\u00e1s cercanos a Putin. Su jefe de gabinete, Gergely Gulyas, declar\u00f3 que \u00abno tendr\u00eda ning\u00fan sentido que Hungr\u00eda participara en estas celebraciones, aunque los pa\u00edses de Europa occidental mantuvieran buenas relaciones con Rusia, ya que el fin de la Segunda Guerra Mundial supuso una dura derrota para ella\u00bb&nbsp;<span class='whitespace-nowrap'><span id='easy-footnote-2-65751' class='easy-footnote-margin-adjust'><\/span><span class='easy-footnote'><a href='https:\/\/legrandcontinent.eu\/es\/2025\/05\/05\/xi-lula-lukashenko-que-lideres-estaran-presentes-en-moscu-el-9-de-mayo-para-el-desfile-del-dia-de-la-victoria\/#easy-footnote-bottom-2-65751' title='\u00ab&amp;nbsp;&lt;a href=&quot;https:\/\/tass.ru\/mezhdunarodnaya-panorama\/23714981&quot;&gt;\u0412\u0435\u043d\u0433\u0440\u0438\u044f \u043d\u0435 \u0431\u0443\u0434\u0435\u0442 \u043f\u0440\u0435\u0434\u0441\u0442\u0430\u0432\u043b\u0435\u043d\u0430 \u0432 \u041c\u043e\u0441\u043a\u0432\u0435 \u043d\u0430 \u043f\u0440\u0430\u0437\u0434\u043d\u043e\u0432\u0430\u043d\u0438\u0438 80-\u043b\u0435\u0442\u0438\u044f \u041f\u043e\u0431\u0435\u0434\u044b&lt;\/a&gt;&amp;nbsp;\u00bb,&amp;nbsp;&lt;em&gt;TASS&lt;\/em&gt;, 17 de abril de 2025.'><sup>2<\/sup><\/a><\/span><\/span>.<\/li>\n\n\n\n<li>La visita a Mosc\u00fa del presidente serbio Aleksandar Vu\u010di\u0107 es incierta debido a problemas de salud surgidos en los \u00faltimos d\u00edas. El primer ministro eslovaco Robert Fico, cuya visita tambi\u00e9n era incierta por motivos m\u00e9dicos, confirm\u00f3 el domingo 4 de mayo que s\u00ed viajar\u00eda a Mosc\u00fa el viernes&nbsp;<span class='whitespace-nowrap'><span id='easy-footnote-3-65751' class='easy-footnote-margin-adjust'><\/span><span class='easy-footnote'><a href='https:\/\/legrandcontinent.eu\/es\/2025\/05\/05\/xi-lula-lukashenko-que-lideres-estaran-presentes-en-moscu-el-9-de-mayo-para-el-desfile-del-dia-de-la-victoria\/#easy-footnote-bottom-3-65751' title='\u00a0\u00ab&lt;a href=&quot;https:\/\/www.teraz.sk\/spravy\/spravy-tasr-545-strucny-prehlad\/875813-clanok.html&quot;&gt;Spr\u00e1vy TASR &amp;#8211; 5.45: Stru\u010dn\u00fd preh\u013ead najd\u00f4le\u017eitej\u0161\u00edch udalost\u00ed&lt;\/a&gt;\u00bb, &lt;em&gt;Teraz.sk&lt;\/em&gt;, 5 de mayo de 2025.'><sup>3<\/sup><\/a><\/span><\/span>.<\/li>\n<\/ul>\n\n\n\n<div class=\"iframe-container wp-block-image wp-block-image-medium  iframe-dw\">\n\t<div>\n\t\t<iframe class=\"absolute w-full h-full pin-t pin-l\" title=\"titolo\" aria-label=\"Interactive line chart\" src=\"\/\/datawrapper.dwcdn.net\/AB8LJ\/\" scrolling=\"no\" frameborder=\"0\"><\/iframe>\n\t<\/div>\n<\/div>\n\n\n\n<p>A lunes 5 de mayo, s\u00f3lo 15 jefes de Estado y de Gobierno hab\u00edan confirmado su asistencia a Mosc\u00fa, entre ellos todos los l\u00edderes de las rep\u00fablicas de Asia Central.\u00a0El presidente mongol, Ukhnaagiin Kh\u00fcrels\u00fckh, aunque invitado, a\u00fan no ha confirmado su asistencia, al igual que el presidente egipcio, Abdel Fattah al-Sissi, y el jefe de Estado et\u00edope, Taye Atske S\u00e9lassi\u00e9.\u00a0El l\u00edder norcoreano Kim Jong-Un tambi\u00e9n podr\u00eda faltar al desfile y enviarse en su lugar al presidente del Presidium de la Asamblea Popular Suprema, Choe Ryong-hae&nbsp;<span class='whitespace-nowrap'><span id='easy-footnote-4-65751' class='easy-footnote-margin-adjust'><\/span><span class='easy-footnote'><a href='https:\/\/legrandcontinent.eu\/es\/2025\/05\/05\/xi-lula-lukashenko-que-lideres-estaran-presentes-en-moscu-el-9-de-mayo-para-el-desfile-del-dia-de-la-victoria\/#easy-footnote-bottom-4-65751' title='\u00ab\u00a0&lt;a href=&quot;https:\/\/koreajoongangdaily.joins.com\/news\/2025-04-30\/national\/northKorea\/Kim-Jongun-unlikely-to-attend-Russias-Victory-Day-celebrations\/2297149&quot;&gt;Kim Jong-un unlikely to attend Russia\u2019s Victory Day celebrations&lt;\/a&gt;\u00a0\u00bb,\u00a0&lt;em&gt;Korea JoongAng Daily&lt;\/em&gt;, 30 de abril de 2025.'><sup>4<\/sup><\/a><\/span><\/span>.<\/p>\n\n\n\n<ul class=\"wp-block-list\">\n<li>Con el fin de engrosar las filas de los dignatarios que estar\u00e1n presentes en la tribuna presidencial con motivo del desfile del D\u00eda de la Victoria, Vladimir Putin ha invitado a Mosc\u00fa al presidente de la Rep\u00fablica de Abjasia, Badra G\u00fanba, y al presidente de la Rep\u00fablica de Osetia del Sur, Alan Gaglo\u00efev.<\/li>\n\n\n\n<li>Estos dos territorios, que proclamaron su independencia en 1992 tras el colapso de la Uni\u00f3n Sovi\u00e9tica, no est\u00e1n reconocidos por la comunidad internacional. No obstante, los medios de comunicaci\u00f3n rusos presentan a estos dos dirigentes como jefes de Estado, al igual que a los dem\u00e1s dirigentes que han confirmado su asistencia.<\/li>\n\n\n\n<li>El presidente de la Rep\u00fablica Serbia de Bosnia (<em>Republika Srpska<\/em>), Milorad Dodik, y el presidente de la Asamblea Nacional, Nenad Stevandi\u0107, tambi\u00e9n deber\u00edan formar parte de los dignatarios extranjeros presentes.<\/li>\n<\/ul>\n\n\n\n<div class=\"iframe-container wp-block-image wp-block-image-medium  iframe-dw\">\n\t<div>\n\t\t<iframe class=\"absolute w-full h-full pin-t pin-l\" title=\"titolo\" aria-label=\"Interactive line chart\" src=\"\/\/datawrapper.dwcdn.net\/csh2b\/\" scrolling=\"no\" frameborder=\"0\"><\/iframe>\n\t<\/div>\n<\/div>\n\n\n\n<ul class=\"wp-block-list\">\n<li>As\u00ed, el domingo 4 de mayo, jefes de Estado y de Gobierno que representan el 20% del PIB y el 22,2% de la poblaci\u00f3n mundial deber\u00edan estar junto a Putin para celebrar el fin de la Segunda Guerra Mundial en Europa.<\/li>\n\n\n\n<li>Sorprendentemente, Rusia ser\u00e1 el \u00fanico gran Estado que particip\u00f3 en el conflicto que organizar\u00e1 una gran celebraci\u00f3n por el 80.\u00ba aniversario del fin de la guerra, aparte de los tradicionales desfiles militares del 8 de mayo.<\/li>\n\n\n\n<li>El presidente ucraniano, Volod\u00edmir Zelenski, hab\u00eda previsto inicialmente invitar a Kiev a numerosos l\u00edderes europeos para proyectar una imagen de unidad frente a la Rusia de Putin, pero el evento parece haber sido cancelado.<\/li>\n<\/ul>\n\n\n\n<p>La semana pasada, Vladimir Putin decret\u00f3 unilateralmente una tregua temporal de tres d\u00edas, prevista del 8 al 10 de mayo, por \u00abrazones humanitarias\u00bb.&nbsp;En respuesta, Ucrania denunci\u00f3 una \u00abpuesta en escena\u00bb destinada a garantizar cierta seguridad a los l\u00edderes que viajar\u00e1n a Mosc\u00fa el 9 de mayo. Zelenski reiter\u00f3 posteriormente su apoyo a un alto el fuego incondicional de 30 d\u00edas, negociado por Washington y&nbsp;<a href=\"https:\/\/legrandcontinent.eu\/es\/2025\/03\/11\/propuesta-de-alto-el-fuego-inmediato-en-ucrania-el-texto-completo-de-la-declaracion-conjunta-con-estados-unidos\/\">aceptado por Kiev el 11 de marzo<\/a>, al que el Kremlin nunca dio curso.<\/p>\n","protected":false},"excerpt":{"rendered":"<p>El viernes 9 de mayo, Vladimir Putin recibir\u00e1 en Mosc\u00fa a una decena de l\u00edderes extranjeros para el desfile del D\u00eda de la Victoria, con motivo del 80.\u00ba aniversario del fin de la Segunda Guerra Mundial en Europa. Mientras que Narendra Modi y Viktor Orb\u00e1n han declinado la invitaci\u00f3n del presidente ruso, Xi Jinping, Lula, Lukashenko y Maduro s\u00ed que estar\u00e1n presentes en la Plaza Roja.<\/p>\n","protected":false},"author":1366,"featured_media":65743,"comment_status":"closed","ping_status":"closed","sticky":false,"template":"templates\/post-briefings.php","format":"standard","meta":{"_acf_changed":true,"_trash_the_other_posts":false,"_yoast_wpseo_estimated-reading-time-minutes":4,"footnotes":""},"categories":[6],"tags":[],"staff":[],"editorial_format":[],"serie":[],"audience":[],"geo":[182],"class_list":["post-65751","post","type-post","status-publish","format-standard","hentry","category-politica","geo-asia-septentrional"],"acf":{"open_in_webview":false,"accent":false},"yoast_head":"<!-- This site is optimized with the Yoast SEO plugin v26.1.1 - https:\/\/yoast.com\/wordpress\/plugins\/seo\/ -->\n<title>Xi, Lula, Lukashenko\u2026 \u00bfQu\u00e9 l\u00edderes estar\u00e1n presentes en Mosc\u00fa el 9 de mayo para el desfile del D\u00eda de la Victoria? - El Grand Continent<\/title>\n<meta name=\"robots\" content=\"index, follow, max-snippet:-1, max-image-preview:large, max-video-preview:-1\" \/>\n<link rel=\"canonical\" href=\"https:\/\/legrandcontinent.eu\/es\/2025\/05\/05\/xi-lula-lukashenko-que-lideres-estaran-presentes-en-moscu-el-9-de-mayo-para-el-desfile-del-dia-de-la-victoria\/\" \/>\n<meta property=\"og:locale\" content=\"es_ES\" \/>\n<meta property=\"og:type\" content=\"article\" \/>\n<meta property=\"og:title\" content=\"Xi, Lula, Lukashenko\u2026 \u00bfQu\u00e9 l\u00edderes estar\u00e1n presentes en Mosc\u00fa el 9 de mayo para el desfile del D\u00eda de la Victoria? - El Grand Continent\" \/>\n<meta property=\"og:description\" content=\"El viernes 9 de mayo, Vladimir Putin recibir\u00e1 en Mosc\u00fa a una decena de l\u00edderes extranjeros para el desfile del D\u00eda de la Victoria, con motivo del 80.\u00ba aniversario del fin de la Segunda Guerra Mundial en Europa. Mientras que Narendra Modi y Viktor Orb\u00e1n han declinado la invitaci\u00f3n del presidente ruso, Xi Jinping, Lula, Lukashenko y Maduro s\u00ed que estar\u00e1n presentes en la Plaza Roja.\" \/>\n<meta property=\"og:url\" content=\"https:\/\/legrandcontinent.eu\/es\/2025\/05\/05\/xi-lula-lukashenko-que-lideres-estaran-presentes-en-moscu-el-9-de-mayo-para-el-desfile-del-dia-de-la-victoria\/\" \/>\n<meta property=\"og:site_name\" content=\"El Grand Continent\" \/>\n<meta property=\"article:published_time\" content=\"2025-05-05T04:30:00+00:00\" \/>\n<meta property=\"article:modified_time\" content=\"2025-05-05T08:55:30+00:00\" \/>\n<meta property=\"og:image\" content=\"https:\/\/legrandcontinent.eu\/es\/wp-content\/uploads\/sites\/6\/2025\/05\/gc-elparticipante-scaled.jpg\" \/>\n\t<meta property=\"og:image:width\" content=\"2560\" \/>\n\t<meta property=\"og:image:height\" content=\"1440\" \/>\n\t<meta property=\"og:image:type\" content=\"image\/jpeg\" \/>\n<meta name=\"author\" content=\"florent\" \/>\n<meta name=\"twitter:card\" content=\"summary_large_image\" \/>\n<meta name=\"twitter:image\" content=\"https:\/\/legrandcontinent.eu\/es\/wp-content\/uploads\/sites\/6\/2025\/05\/gc-elparticipante-scaled.jpg\" \/>\n<meta name=\"twitter:label1\" content=\"Escrito por\" \/>\n\t<meta name=\"twitter:data1\" content=\"florent\" \/>\n\t<meta name=\"twitter:label2\" content=\"Tiempo de lectura\" \/>\n\t<meta name=\"twitter:data2\" content=\"4 minutos\" \/>\n<script type=\"application\/ld+json\" class=\"yoast-schema-graph\">{\"@context\":\"https:\/\/schema.org\",\"@graph\":[{\"@type\":\"WebPage\",\"@id\":\"https:\/\/legrandcontinent.eu\/es\/2025\/05\/05\/xi-lula-lukashenko-que-lideres-estaran-presentes-en-moscu-el-9-de-mayo-para-el-desfile-del-dia-de-la-victoria\/\",\"url\":\"https:\/\/legrandcontinent.eu\/es\/2025\/05\/05\/xi-lula-lukashenko-que-lideres-estaran-presentes-en-moscu-el-9-de-mayo-para-el-desfile-del-dia-de-la-victoria\/\",\"name\":\"Xi, Lula, Lukashenko\u2026 \u00bfQu\u00e9 l\u00edderes estar\u00e1n presentes en Mosc\u00fa el 9 de mayo para el desfile del D\u00eda de la Victoria? - El Grand Continent\",\"isPartOf\":{\"@id\":\"https:\/\/legrandcontinent.eu\/es\/#website\"},\"primaryImageOfPage\":{\"@id\":\"https:\/\/legrandcontinent.eu\/es\/2025\/05\/05\/xi-lula-lukashenko-que-lideres-estaran-presentes-en-moscu-el-9-de-mayo-para-el-desfile-del-dia-de-la-victoria\/#primaryimage\"},\"image\":{\"@id\":\"https:\/\/legrandcontinent.eu\/es\/2025\/05\/05\/xi-lula-lukashenko-que-lideres-estaran-presentes-en-moscu-el-9-de-mayo-para-el-desfile-del-dia-de-la-victoria\/#primaryimage\"},\"thumbnailUrl\":\"https:\/\/legrandcontinent.eu\/es\/wp-content\/uploads\/sites\/2\/2025\/05\/gc-participants-defile-moscou-25.jpg\",\"datePublished\":\"2025-05-05T04:30:00+00:00\",\"dateModified\":\"2025-05-05T08:55:30+00:00\",\"author\":{\"@id\":\"https:\/\/legrandcontinent.eu\/es\/#\/schema\/person\/cdd782c93d4a9eda86ab19a8c01cdf5c\"},\"breadcrumb\":{\"@id\":\"https:\/\/legrandcontinent.eu\/es\/2025\/05\/05\/xi-lula-lukashenko-que-lideres-estaran-presentes-en-moscu-el-9-de-mayo-para-el-desfile-del-dia-de-la-victoria\/#breadcrumb\"},\"inLanguage\":\"es\",\"potentialAction\":[{\"@type\":\"ReadAction\",\"target\":[\"https:\/\/legrandcontinent.eu\/es\/2025\/05\/05\/xi-lula-lukashenko-que-lideres-estaran-presentes-en-moscu-el-9-de-mayo-para-el-desfile-del-dia-de-la-victoria\/\"]}]},{\"@type\":\"ImageObject\",\"inLanguage\":\"es\",\"@id\":\"https:\/\/legrandcontinent.eu\/es\/2025\/05\/05\/xi-lula-lukashenko-que-lideres-estaran-presentes-en-moscu-el-9-de-mayo-para-el-desfile-del-dia-de-la-victoria\/#primaryimage\",\"url\":\"https:\/\/legrandcontinent.eu\/es\/wp-content\/uploads\/sites\/2\/2025\/05\/gc-participants-defile-moscou-25.jpg\",\"contentUrl\":\"https:\/\/legrandcontinent.eu\/es\/wp-content\/uploads\/sites\/2\/2025\/05\/gc-participants-defile-moscou-25.jpg\",\"width\":1890,\"height\":1060,\"caption\":\"Screenshot\"},{\"@type\":\"BreadcrumbList\",\"@id\":\"https:\/\/legrandcontinent.eu\/es\/2025\/05\/05\/xi-lula-lukashenko-que-lideres-estaran-presentes-en-moscu-el-9-de-mayo-para-el-desfile-del-dia-de-la-victoria\/#breadcrumb\",\"itemListElement\":[{\"@type\":\"ListItem\",\"position\":1,\"name\":\"Home\",\"item\":\"https:\/\/legrandcontinent.eu\/es\/\"},{\"@type\":\"ListItem\",\"position\":2,\"name\":\"Xi, Lula, Lukashenko\u2026 \u00bfQu\u00e9 l\u00edderes estar\u00e1n presentes en Mosc\u00fa el 9 de mayo para el desfile del D\u00eda de la Victoria?\"}]},{\"@type\":\"WebSite\",\"@id\":\"https:\/\/legrandcontinent.eu\/es\/#website\",\"url\":\"https:\/\/legrandcontinent.eu\/es\/\",\"name\":\"El Grand Continent\",\"description\":\"La escala pertinente\",\"potentialAction\":[{\"@type\":\"SearchAction\",\"target\":{\"@type\":\"EntryPoint\",\"urlTemplate\":\"https:\/\/legrandcontinent.eu\/es\/?s={search_term_string}\"},\"query-input\":{\"@type\":\"PropertyValueSpecification\",\"valueRequired\":true,\"valueName\":\"search_term_string\"}}],\"inLanguage\":\"es\"},{\"@type\":\"Person\",\"@id\":\"https:\/\/legrandcontinent.eu\/es\/#\/schema\/person\/cdd782c93d4a9eda86ab19a8c01cdf5c\",\"name\":\"florent\",\"image\":{\"@type\":\"ImageObject\",\"inLanguage\":\"es\",\"@id\":\"https:\/\/legrandcontinent.eu\/es\/#\/schema\/person\/image\/\",\"url\":\"https:\/\/secure.gravatar.com\/avatar\/0d38d78c90602daf39b309035cdac6bc?s=96&d=mm&r=g\",\"contentUrl\":\"https:\/\/secure.gravatar.com\/avatar\/0d38d78c90602daf39b309035cdac6bc?s=96&d=mm&r=g\",\"caption\":\"florent\"}}]}<\/script>\n<!-- \/ Yoast SEO plugin. -->","yoast_head_json":{"title":"Xi, Lula, Lukashenko\u2026 \u00bfQu\u00e9 l\u00edderes estar\u00e1n presentes en Mosc\u00fa el 9 de mayo para el desfile del D\u00eda de la Victoria? - El Grand Continent","robots":{"index":"index","follow":"follow","max-snippet":"max-snippet:-1","max-image-preview":"max-image-preview:large","max-video-preview":"max-video-preview:-1"},"canonical":"https:\/\/legrandcontinent.eu\/es\/2025\/05\/05\/xi-lula-lukashenko-que-lideres-estaran-presentes-en-moscu-el-9-de-mayo-para-el-desfile-del-dia-de-la-victoria\/","og_locale":"es_ES","og_type":"article","og_title":"Xi, Lula, Lukashenko\u2026 \u00bfQu\u00e9 l\u00edderes estar\u00e1n presentes en Mosc\u00fa el 9 de mayo para el desfile del D\u00eda de la Victoria? - El Grand Continent","og_description":"El viernes 9 de mayo, Vladimir Putin recibir\u00e1 en Mosc\u00fa a una decena de l\u00edderes extranjeros para el desfile del D\u00eda de la Victoria, con motivo del 80.\u00ba aniversario del fin de la Segunda Guerra Mundial en Europa. Mientras que Narendra Modi y Viktor Orb\u00e1n han declinado la invitaci\u00f3n del presidente ruso, Xi Jinping, Lula, Lukashenko y Maduro s\u00ed que estar\u00e1n presentes en la Plaza Roja.","og_url":"https:\/\/legrandcontinent.eu\/es\/2025\/05\/05\/xi-lula-lukashenko-que-lideres-estaran-presentes-en-moscu-el-9-de-mayo-para-el-desfile-del-dia-de-la-victoria\/","og_site_name":"El Grand Continent","article_published_time":"2025-05-05T04:30:00+00:00","article_modified_time":"2025-05-05T08:55:30+00:00","og_image":[{"width":2560,"height":1440,"url":"https:\/\/legrandcontinent.eu\/es\/wp-content\/uploads\/sites\/6\/2025\/05\/gc-elparticipante-scaled.jpg","type":"image\/jpeg"}],"author":"florent","twitter_card":"summary_large_image","twitter_image":"https:\/\/legrandcontinent.eu\/es\/wp-content\/uploads\/sites\/6\/2025\/05\/gc-elparticipante-scaled.jpg","twitter_misc":{"Escrito por":"florent","Tiempo de lectura":"4 minutos"},"schema":{"@context":"https:\/\/schema.org","@graph":[{"@type":"WebPage","@id":"https:\/\/legrandcontinent.eu\/es\/2025\/05\/05\/xi-lula-lukashenko-que-lideres-estaran-presentes-en-moscu-el-9-de-mayo-para-el-desfile-del-dia-de-la-victoria\/","url":"https:\/\/legrandcontinent.eu\/es\/2025\/05\/05\/xi-lula-lukashenko-que-lideres-estaran-presentes-en-moscu-el-9-de-mayo-para-el-desfile-del-dia-de-la-victoria\/","name":"Xi, Lula, Lukashenko\u2026 \u00bfQu\u00e9 l\u00edderes estar\u00e1n presentes en Mosc\u00fa el 9 de mayo para el desfile del D\u00eda de la Victoria? - El Grand Continent","isPartOf":{"@id":"https:\/\/legrandcontinent.eu\/es\/#website"},"primaryImageOfPage":{"@id":"https:\/\/legrandcontinent.eu\/es\/2025\/05\/05\/xi-lula-lukashenko-que-lideres-estaran-presentes-en-moscu-el-9-de-mayo-para-el-desfile-del-dia-de-la-victoria\/#primaryimage"},"image":{"@id":"https:\/\/legrandcontinent.eu\/es\/2025\/05\/05\/xi-lula-lukashenko-que-lideres-estaran-presentes-en-moscu-el-9-de-mayo-para-el-desfile-del-dia-de-la-victoria\/#primaryimage"},"thumbnailUrl":"https:\/\/legrandcontinent.eu\/es\/wp-content\/uploads\/sites\/2\/2025\/05\/gc-participants-defile-moscou-25.jpg","datePublished":"2025-05-05T04:30:00+00:00","dateModified":"2025-05-05T08:55:30+00:00","author":{"@id":"https:\/\/legrandcontinent.eu\/es\/#\/schema\/person\/cdd782c93d4a9eda86ab19a8c01cdf5c"},"breadcrumb":{"@id":"https:\/\/legrandcontinent.eu\/es\/2025\/05\/05\/xi-lula-lukashenko-que-lideres-estaran-presentes-en-moscu-el-9-de-mayo-para-el-desfile-del-dia-de-la-victoria\/#breadcrumb"},"inLanguage":"es","potentialAction":[{"@type":"ReadAction","target":["https:\/\/legrandcontinent.eu\/es\/2025\/05\/05\/xi-lula-lukashenko-que-lideres-estaran-presentes-en-moscu-el-9-de-mayo-para-el-desfile-del-dia-de-la-victoria\/"]}]},{"@type":"ImageObject","inLanguage":"es","@id":"https:\/\/legrandcontinent.eu\/es\/2025\/05\/05\/xi-lula-lukashenko-que-lideres-estaran-presentes-en-moscu-el-9-de-mayo-para-el-desfile-del-dia-de-la-victoria\/#primaryimage","url":"https:\/\/legrandcontinent.eu\/es\/wp-content\/uploads\/sites\/2\/2025\/05\/gc-participants-defile-moscou-25.jpg","contentUrl":"https:\/\/legrandcontinent.eu\/es\/wp-content\/uploads\/sites\/2\/2025\/05\/gc-participants-defile-moscou-25.jpg","width":1890,"height":1060,"caption":"Screenshot"},{"@type":"BreadcrumbList","@id":"https:\/\/legrandcontinent.eu\/es\/2025\/05\/05\/xi-lula-lukashenko-que-lideres-estaran-presentes-en-moscu-el-9-de-mayo-para-el-desfile-del-dia-de-la-victoria\/#breadcrumb","itemListElement":[{"@type":"ListItem","position":1,"name":"Home","item":"https:\/\/legrandcontinent.eu\/es\/"},{"@type":"ListItem","position":2,"name":"Xi, Lula, Lukashenko\u2026 \u00bfQu\u00e9 l\u00edderes estar\u00e1n presentes en Mosc\u00fa el 9 de mayo para el desfile del D\u00eda de la Victoria?"}]},{"@type":"WebSite","@id":"https:\/\/legrandcontinent.eu\/es\/#website","url":"https:\/\/legrandcontinent.eu\/es\/","name":"El Grand Continent","description":"La escala pertinente","potentialAction":[{"@type":"SearchAction","target":{"@type":"EntryPoint","urlTemplate":"https:\/\/legrandcontinent.eu\/es\/?s={search_term_string}"},"query-input":{"@type":"PropertyValueSpecification","valueRequired":true,"valueName":"search_term_string"}}],"inLanguage":"es"},{"@type":"Person","@id":"https:\/\/legrandcontinent.eu\/es\/#\/schema\/person\/cdd782c93d4a9eda86ab19a8c01cdf5c","name":"florent","image":{"@type":"ImageObject","inLanguage":"es","@id":"https:\/\/legrandcontinent.eu\/es\/#\/schema\/person\/image\/","url":"https:\/\/secure.gravatar.com\/avatar\/0d38d78c90602daf39b309035cdac6bc?s=96&d=mm&r=g","contentUrl":"https:\/\/secure.gravatar.com\/avatar\/0d38d78c90602daf39b309035cdac6bc?s=96&d=mm&r=g","caption":"florent"}}]}},"lgc_categories":[{"id":6,"name":"Pol\u00edtica","slug":"politica"}],"lgc_author":null,"feature_image_summary":{"url":"https:\/\/legrandcontinent.eu\/es\/wp-content\/uploads\/sites\/2\/2025\/05\/gc-participants-defile-moscou-25.jpg","width":1890,"height":1060,"alt":""},"feature_image_cover":null,"term_position_data":null,"_links":{"self":[{"href":"https:\/\/legrandcontinent.eu\/es\/wp-json\/wp\/v2\/posts\/65751","targetHints":{"allow":["GET"]}}],"collection":[{"href":"https:\/\/legrandcontinent.eu\/es\/wp-json\/wp\/v2\/posts"}],"about":[{"href":"https:\/\/legrandcontinent.eu\/es\/wp-json\/wp\/v2\/types\/post"}],"author":[{"embeddable":true,"href":"https:\/\/legrandcontinent.eu\/es\/wp-json\/wp\/v2\/users\/1366"}],"replies":[{"embeddable":true,"href":"https:\/\/legrandcontinent.eu\/es\/wp-json\/wp\/v2\/comments?post=65751"}],"version-history":[{"count":0,"href":"https:\/\/legrandcontinent.eu\/es\/wp-json\/wp\/v2\/posts\/65751\/revisions"}],"wp:featuredmedia":[{"embeddable":true,"href":"https:\/\/legrandcontinent.eu\/es\/wp-json\/wp\/v2\/media\/65743"}],"wp:attachment":[{"href":"https:\/\/legrandcontinent.eu\/es\/wp-json\/wp\/v2\/media?parent=65751"}],"wp:term":[{"taxonomy":"category","embeddable":true,"href":"https:\/\/legrandcontinent.eu\/es\/wp-json\/wp\/v2\/categories?post=65751"},{"taxonomy":"post_tag","embeddable":true,"href":"https:\/\/legrandcontinent.eu\/es\/wp-json\/wp\/v2\/tags?post=65751"},{"taxonomy":"staff","embeddable":true,"href":"https:\/\/legrandcontinent.eu\/es\/wp-json\/wp\/v2\/staff?post=65751"},{"taxonomy":"editorial_format","embeddable":true,"href":"https:\/\/legrandcontinent.eu\/es\/wp-json\/wp\/v2\/editorial_format?post=65751"},{"taxonomy":"serie","embeddable":true,"href":"https:\/\/legrandcontinent.eu\/es\/wp-json\/wp\/v2\/serie?post=65751"},{"taxonomy":"audience","embeddable":true,"href":"https:\/\/legrandcontinent.eu\/es\/wp-json\/wp\/v2\/audience?post=65751"},{"taxonomy":"geo","embeddable":true,"href":"https:\/\/legrandcontinent.eu\/es\/wp-json\/wp\/v2\/geo?post=65751"}],"curies":[{"name":"wp","href":"https:\/\/api.w.org\/{rel}","templated":true}]}}