{"id":63481,"date":"2025-04-11T20:23:51","date_gmt":"2025-04-11T18:23:51","guid":{"rendered":"https:\/\/legrandcontinent.eu\/es\/?p=63481"},"modified":"2025-04-11T21:35:52","modified_gmt":"2025-04-11T19:35:52","slug":"estamos-absolutamente-preparados-para-poner-fin-a-la-guerra-una-conversacion-con-el-primer-ministro-ucraniano-denys-shmyhal","status":"publish","type":"post","link":"https:\/\/legrandcontinent.eu\/es\/2025\/04\/11\/estamos-absolutamente-preparados-para-poner-fin-a-la-guerra-una-conversacion-con-el-primer-ministro-ucraniano-denys-shmyhal\/","title":{"rendered":"\u00abEstamos absolutamente dispuestos a poner fin a la guerra\u00bb, una conversaci\u00f3n con el primer ministro ucraniano Denys Shmyhal"},"content":{"rendered":"\n<p><a href=\"https:\/\/geopolitique.eu\/en\/2025\/04\/11\/we-are-absolutely-ready-to-stop-the-war-a-conversation-with-denys-shmyhal-prime-minister-of-ukraine\/\" target=\"_blank\" rel=\"noreferrer noopener\"><em>English version available at this link<\/em><\/a><\/p>\n\n\n\n<h3 class=\"wp-block-heading\">El presidente franc\u00e9s Emmanuel Macron y el primer ministro brit\u00e1nico Keir Starmer han coordinado e<a href=\"https:\/\/legrandcontinent.eu\/es\/2025\/03\/27\/emmanuel-macron-reune-en-paris-a-los-paises-miembros-de-la-coalicion-de-voluntarios-para-ofrecer-garantias-de-seguridad-a-ucrania\/\"> intensificado en las \u00faltimas semanas sus esfuerzos para crear una \u00abcoalici\u00f3n de voluntarios\u00bb<\/a> que podr\u00eda desempe\u00f1ar un papel estabilizador tras el fin de los combates. \u00bfQu\u00e9 opina de estos esfuerzos?<\/h3>\n\n\n\n<p>Es una iniciativa positiva. Acogemos con satisfacci\u00f3n estas propuestas de algunos de nuestros socios m\u00e1s cercanos, ya que demuestran que est\u00e1n trabajando para buscar garant\u00edas de seguridad serias, s\u00f3lidas y duraderas. Si hemos aceptado una propuesta de alto al fuego, incluso cuando Rusia sigue atac\u00e1ndonos, el objetivo final no es detener temporalmente los combates. El objetivo es poner fin a la agresi\u00f3n de Rusia contra Ucrania \u2014para siempre\u2014 y establecer una paz justa y duradera.<\/p>\n\n\n\n<p>Nuestra posici\u00f3n para lograrlo ha estado clara desde hace mucho tiempo: la adhesi\u00f3n a la OTAN habr\u00eda sido la garant\u00eda de seguridad menos costosa y m\u00e1s eficaz para Ucrania. No habr\u00eda sido necesaria financiaci\u00f3n, negociaciones o recursos adicionales m\u00e1s all\u00e1 de nuestra adhesi\u00f3n a la Alianza. Pero entendemos que la posici\u00f3n de Estados Unidos y de los dem\u00e1s aliados en este momento es que no es el momento adecuado, precisamente debido a las posibles negociaciones con Rusia.<\/p>\n\n\n\n<p>Sin embargo, hay que decir que, sin la OTAN, necesitaremos las m\u00e1ximas garant\u00edas de seguridad para disuadir a Rusia durante este per\u00edodo de transici\u00f3n. De lo contrario, la agresi\u00f3n no cesar\u00e1. Las tropas rusas har\u00e1n una pausa, se rearmar\u00e1n, se reorganizar\u00e1n y volver\u00e1n a empezar. Sin garant\u00edas de seguridad, la amenaza contra Ucrania, y m\u00e1s ampliamente contra Europa, no har\u00e1 sino aumentar.<\/p>\n\n\n\n<p>La discusi\u00f3n sobre la presencia de fuerzas militares y de defensa en Ucrania por parte de los socios europeos podr\u00eda ser uno de los elementos clave, garant\u00eda de eficacia, en un conjunto de garant\u00edas m\u00e1s amplias. Estamos en negociaciones, y agradecemos que nuestros socios orienten las discusiones en esta direcci\u00f3n. Por otra parte, observamos que los europeos est\u00e1n ahora abiertos a explorar ideas que antes se consideraban l\u00edneas rojas.<\/p>\n\n\n\n<figure class=\"wp-block-pullquote\"><blockquote><p>Sin garant\u00edas de seguridad, la amenaza contra Ucrania, y m\u00e1s ampliamente contra Europa, no har\u00e1 sino aumentar.<\/p><cite>Denys Shmyhal<\/cite><\/blockquote><\/figure>\n\n\n\n<h3 class=\"wp-block-heading\">En este sentido, Alemania desempe\u00f1a ahora un papel central. \u00bfCu\u00e1les son sus expectativas con respecto al pr\u00f3ximo gobierno alem\u00e1n que ser\u00e1 dirigido por Friedrich Merz? \u00bfPuede marcar un punto de inflexi\u00f3n para Ucrania en esta nueva fase?<\/h3>\n\n\n\n<p>Aunque la nueva administraci\u00f3n a\u00fan no ha asumido oficialmente sus funciones, ya comenzamos a establecer contactos. Alemania es un socio absolutamente indispensable para Ucrania. Bajo la direcci\u00f3n del canciller Scholz, nuestras relaciones ya eran muy estrechas y profundas.<\/p>\n\n\n\n<p>Creo que la pr\u00f3xima toma de posesi\u00f3n en Berl\u00edn de un gobierno que deja atr\u00e1s las elecciones y la campa\u00f1a aportar\u00e1 estabilidad a la toma de decisiones, y esto para toda Europa, incluida Ucrania. Esto solo puede ser positivo.<\/p>\n\n\n\n<h3 class=\"wp-block-heading\">Usted lleva mucho tiempo pidiendo la confiscaci\u00f3n de los activos congelados de Rusia. Sin embargo, existe una especie de bloqueo en la Uni\u00f3n sobre este tema: B\u00e9lgica, pa\u00eds que alberga estos activos, se muestra esc\u00e9ptico sobre la legalidad de tal medida. \u00bfC\u00f3mo ve el futuro?<\/h3>\n\n\n\n<p>Seguimos debatiendo y negociando con la misma intensidad. Por nuestra parte, seguiremos presionando pol\u00edticamente a favor de la confiscaci\u00f3n, porque es una cuesti\u00f3n fundamental para Ucrania.<\/p>\n\n\n\n<p>El tema es bastante sencillo. Solo hay dos destinos posibles para estos activos congelados: Rusia o Ucrania. Por lo tanto, es una cuesti\u00f3n pol\u00edtica, es una elecci\u00f3n pol\u00edtica. No creo que ning\u00fan pa\u00eds europeo quiera dar 300.000 millones de euros a Rusia para que siga financiando esta agresi\u00f3n brutal. Para muchos de nuestros aliados y en nuestra sociedad, lo que tiene sentido es utilizar estos activos para ayudar a Ucrania y hacer pagar al agresor.<\/p>\n\n\n\n<p>Hay varias formas de hacerlo: se podr\u00eda pensar en la creaci\u00f3n de un fondo internacional, una entidad <em>ad hoc<\/em>. Cuando nos dicen que no hay mecanismos jur\u00eddicos para confiscar esos activos, nuestra respuesta siempre es: busquemos uno. \u00bfNo nos han demostrado los \u00faltimos tres a\u00f1os lo r\u00e1pido que pueden cambiar las l\u00edneas rojas?<\/p>\n\n\n\n<p>El uso de los beneficios excepcionales obtenidos de estos activos, que es lo que estamos haciendo actualmente, fue dif\u00edcil de aprobar al principio. Fue necesaria una decisi\u00f3n pol\u00edtica.<\/p>\n\n\n\n<p>Del mismo modo, hoy es necesario tomar la decisi\u00f3n pol\u00edtica de confiscar los activos rusos congelados, y el marco jur\u00eddico seguir\u00e1.<\/p>\n\n\n\n<figure class=\"wp-block-pullquote\"><blockquote><p>Solo hay dos destinos posibles para estos activos congelados: Rusia o Ucrania. Por lo tanto, es una cuesti\u00f3n pol\u00edtica, es una elecci\u00f3n pol\u00edtica.<\/p><cite>Denys Shmyhal<\/cite><\/blockquote><\/figure>\n\n\n\n<h3 class=\"wp-block-heading\">La presidenta de la Comisi\u00f3n, Ursula von der Leyen, sugiri\u00f3 que, para que sea disuasorio, Ucrania debe convertirse en un verdadero \u00abpuercoesp\u00edn de acero\u00bb (\u00ab<em>a steel porcupine<\/em>\u00bb), mientras que la Uni\u00f3n refuerza sus capacidades de defensa. \u00bfQu\u00e9 sinergias ve?<\/h3>\n\n\n\n<p>Naturalmente, uno de los \u00e1mbitos en los que nos estamos centrando es la innovaci\u00f3n en materia de defensa. Est\u00e1 claro que Europa, y no solo Ucrania, tendr\u00e1 que velar por su seguridad. Por lo tanto, creemos que existen posibilidades reales de cooperaci\u00f3n. Tenemos un gran ej\u00e9rcito, ahora muy experimentado, y tenemos mucho que aprender unos de otros.<\/p>\n\n\n\n<p>La Comisi\u00f3n ha previsto 800.000 millones de euros para defensa durante la pr\u00f3xima d\u00e9cada, de los cuales unos 650.000 millones de euros proceder\u00e1n de las contribuciones nacionales de los Estados miembros. El instrumento de 150.000 millones de euros destinado a la compra de armas estar\u00eda abierto a Ucrania como pa\u00eds candidato en igualdad de condiciones, y esperamos participar en \u00e9l.<\/p>\n\n\n\n<p>Parte de los ingresos del impuesto sobre los beneficios extraordinarios de los activos rusos congelados, unos 2.100 millones de euros, se utilizar\u00e1n para comprar armas. Mil millones de euros se destinar\u00e1n a compras a productores ucranianos, el resto a empresas europeas.<\/p>\n\n\n\n<h3 class=\"wp-block-heading\">Se est\u00e1n llevando a cabo negociaciones de alto al fuego, bajo los auspicios de Estados Unidos. \u00bfTienen alguna posibilidad de lograr la paz?<\/h3>\n\n\n\n<p>Voy a hacerles tres preguntas.<\/p>\n\n\n\n<p>\u00bfQui\u00e9n ha desencadenado esta guerra? Rusia.<\/p>\n\n\n\n<p>\u00bfQui\u00e9n ve morir a su pueblo, como hace poco a ni\u00f1os asesinados en un patio de colegio por misiles bal\u00edsticos? Ucrania.<\/p>\n\n\n\n<p>\u00bfQui\u00e9n quiere la paz para poner fin a este genocidio? Ucrania.<\/p>\n\n\n\n<p>No somos un pa\u00eds agresor. Cuando alguien te ataca, es natural que te protejas y luches por tu vida. \u00bfCu\u00e1ndo dejas de protegerte? Cuando cesa la agresi\u00f3n. Es una met\u00e1fora muy simple, pero demuestra la reflexi\u00f3n cr\u00edtica que debe hacerse sobre esta cuesti\u00f3n. La guerra terminar\u00e1 cuando Rusia deje de atacar.<\/p>\n\n\n\n<p>Debemos poner a Putin en una situaci\u00f3n en la que se vea obligado a poner fin a la guerra y, para ello, solo veo dos formas de orientar las negociaciones: presionar en el frente e imponer sanciones.<\/p>\n\n\n\n<p>Por nuestra parte, estamos absolutamente dispuestos a poner fin a la guerra.<\/p>\n\n\n\n<p>Hemos aceptado un alto al fuego. Pero, \u00bfqu\u00e9 hace Rusia? Ataca a Ucrania cada noche con misiles bal\u00edsticos, misiles de crucero y drones iran\u00edes. El ritmo de estas agresiones se ha acelerado considerablemente. En marzo, 5.000 drones iran\u00edes fabricados en Rusia atacaron Ucrania. Cada uno llevaba 100 kilogramos de explosivos.<\/p>\n\n\n\n<p>Rusia no ha mostrado ninguna buena voluntad para poner fin a la guerra, negociar o incluso crear las condiciones para hacerlo.<\/p>\n\n\n\n<h3 class=\"wp-block-heading\">La Uni\u00f3n no ha participado en las conversaciones trilaterales entre Estados Unidos, Ucrania y Rusia. \u00bfQui\u00e9n deber\u00eda representar a los europeos?<\/h3>\n\n\n\n<p>El presidente ucraniano ha sido muy claro. Del mismo modo que no debe haber ninguna discusi\u00f3n sobre Ucrania sin Ucrania, tampoco deber\u00eda haber ninguna discusi\u00f3n sobre la seguridad de Europa sin Europa.<\/p>\n\n\n\n<p>Por lo tanto, es muy importante para nosotros que nuestros socios europeos participen. Queremos que lo hagan, es natural.<\/p>\n\n\n\n<p>En cuanto a la cuesti\u00f3n de qui\u00e9n deber\u00eda representar a los europeos, son ellos quienes deben decidirlo.<\/p>\n\n\n\n<h3 class=\"wp-block-heading\">Usted ha viajado recientemente a Bruselas para mantener conversaciones de alto nivel con el fin de acelerar la adhesi\u00f3n de Ucrania a la Uni\u00f3n. En esta nueva fase, \u00bfqu\u00e9 posibilidades hay de una adhesi\u00f3n r\u00e1pida?<\/h3>\n\n\n\n<p>La adhesi\u00f3n a la Uni\u00f3n es nuestra principal prioridad.<\/p>\n\n\n\n<p>Queremos convertirnos en un Estado miembro. Est\u00e1 inscrito en nuestra Constituci\u00f3n y la sociedad ucraniana est\u00e1 absolutamente unida en torno a nuestras aspiraciones europeas y nuestra integraci\u00f3n.<\/p>\n\n\n\n<p>Sabemos que nuestro futuro est\u00e1 en la Uni\u00f3n.<\/p>\n\n\n\n<figure class=\"wp-block-pullquote\"><blockquote><p>Creo que la pr\u00f3xima toma de posesi\u00f3n en Berl\u00edn de un gobierno que deja atr\u00e1s las elecciones y la campa\u00f1a aportar\u00e1 estabilidad a la toma de decisiones en Europa.<\/p><cite>Denys Shmyhal<\/cite><\/blockquote><\/figure>\n\n\n\n<p>Estamos haciendo todo lo posible para ser eficaces y r\u00e1pidos \u2014esto es importante\u2014 y esperamos abrir seis cap\u00edtulos de negociaci\u00f3n para avanzar en el proceso con la Comisi\u00f3n este a\u00f1o. Es perfectamente posible. Ucrania har\u00e1 lo que sea necesario, nosotros haremos nuestra parte.<\/p>\n\n\n\n<p>En cuanto termine la guerra, queremos volver a poner el tema de nuestra adhesi\u00f3n sobre la mesa de negociaciones. Dado que algunas reformas ya se han completado, se ha convertido en una decisi\u00f3n pol\u00edtica. Entonces, tomemos la decisi\u00f3n pol\u00edtica.<\/p>\n\n\n\n<p>El mundo ha cambiado.<\/p>\n\n\n\n<p>Cambi\u00f3 cuando Rusia invadi\u00f3 Ucrania. Ahora vemos la reacci\u00f3n en cadena que ha producido en el resto del mundo, y no solo en Ucrania. Es esencial que permanezcamos unidos, europeos y ucranianos, y me anima lo que he visto durante mi visita a Bruselas: los europeos nunca han estado tan unidos.<\/p>\n\n\n\n<h3 class=\"wp-block-heading\">Usted menciona la apertura de seis cap\u00edtulos, los pasos que debe dar cada candidato a la adhesi\u00f3n a la Uni\u00f3n. Algunos afirman que estos objetivos son demasiado ambiciosos y que usted quiere ir demasiado r\u00e1pido. \u00bfQu\u00e9 les responde?<\/h3>\n\n\n\n<p>El 28 de febrero de 2022, al quinto d\u00eda de la guerra de invasi\u00f3n a gran escala, presentamos nuestra solicitud de adhesi\u00f3n a la Uni\u00f3n. Algunos de nuestros socios nos dijeron que ser\u00eda imposible, pero lo hicimos.<\/p>\n\n\n\n<p>En 120 d\u00edas, Ucrania se convirti\u00f3 en pa\u00eds candidato.<\/p>\n\n\n\n<p>Cuando solicitamos la apertura de las negociaciones, algunos repet\u00edan sin cesar que era demasiado pronto. Conseguimos abrir las negociaciones.<\/p>\n\n\n\n<p>Por supuesto, necesitaremos decisiones pol\u00edticas para abrir efectivamente estos cap\u00edtulos, pero, en el plano t\u00e9cnico, estamos preparados para aplicar todas las directivas, legislaciones y reformas necesarias. Creo \u2014o mejor dicho, s\u00e9\u2014 que podemos abrir el primero (sobre derechos fundamentales), el segundo (sobre el mercado interior) y el sexto cap\u00edtulo (sobre relaciones exteriores) durante el primer semestre. Los otros tres podr\u00edan abrirse durante el segundo semestre, bajo la presidencia danesa del Consejo de la Uni\u00f3n.<\/p>\n\n\n\n<h3 class=\"wp-block-heading\">La adhesi\u00f3n a la Uni\u00f3n deber\u00e1 ser aceptada por unanimidad por los 27 Estados miembros. Sin embargo, el primer ministro h\u00fangaro Viktor Orb\u00e1n ha declarado en numerosas ocasiones que Ucrania est\u00e1 lejos de estar preparada para unirse a la Uni\u00f3n y que su pa\u00eds se opondr\u00e1 a ello. \u00bfC\u00f3mo resolver el problema de Orb\u00e1n?<\/h3>\n\n\n\n<p>Somos un pa\u00eds candidato con un proceso de negociaci\u00f3n abierto y Hungr\u00eda participa en todas estas etapas, de una forma u otra, a veces con desaf\u00edos y discusiones dif\u00edciles, pero ah\u00ed estamos.<\/p>\n\n\n\n<p>Hacemos todo lo posible para cooperar con los h\u00fangaros en las cuestiones que han planteado y que podr\u00edan ralentizar nuestras negociaciones, sabiendo que ellos tambi\u00e9n tienen sus propios intereses. El principal obst\u00e1culo que nos han comunicado se refiere al trato de las minor\u00edas nacionales en Ucrania. Hemos acordado aplicar las normas europeas en la materia. Pr\u00f3ximamente se publicar\u00e1 una evaluaci\u00f3n independiente y esperamos que los resultados objetivos nos ayuden a equilibrar nuestras relaciones con nuestros pa\u00edses vecinos.<\/p>\n\n\n\n<p>Pero la adhesi\u00f3n tambi\u00e9n es una cuesti\u00f3n de valores comunes, y no lo digo a la ligera.<\/p>\n\n\n\n<p>Si afirmamos que estamos comprometidos con nuestros valores europeos, debemos ponerlos en pr\u00e1ctica. El pueblo ucraniano est\u00e1 dispuesto a hacer grandes esfuerzos para lograrlo, no solo porque creemos que la adhesi\u00f3n es \u00fatil, sino tambi\u00e9n porque creemos realmente en una Europa unida. A pesar de las diferencias que podamos tener en materia de legislaci\u00f3n, derechos de aduana o incluso geopol\u00edtica, nuestros valores europeos comunes son los pilares de nuestra relaci\u00f3n.<\/p>\n\n\n\n<figure class=\"wp-block-pullquote\"><blockquote><p>La adhesi\u00f3n a la Uni\u00f3n tambi\u00e9n es una cuesti\u00f3n de valores comunes, y no lo digo a la ligera.<\/p><cite>Denys Shmyhal<\/cite><\/blockquote><\/figure>\n\n\n\n<h3 class=\"wp-block-heading\">Tambi\u00e9n est\u00e1n negociando para llegar a un acuerdo sobre minerales con Estados Unidos. \u00bfC\u00f3mo piensan articular esto con la adhesi\u00f3n a la Uni\u00f3n, en la medida en que algunas de las peticiones formuladas por Estados Unidos se consideran contrarias a las normas europeas, en particular en materia de competencia?<\/h3>\n\n\n\n<p>Seguimos comunic\u00e1ndonos y cooperando con Estados Unidos. Mantenemos una relaci\u00f3n pragm\u00e1tica y profesional.<\/p>\n\n\n\n<p>As\u00ed es como abordamos nuestro intercambio con el Departamento de Estado, el Tesoro de Estados Unidos y la administraci\u00f3n del presidente. Se trata de un intercambio profesional, que puede ser bastante t\u00e9cnico, y en el que participan abogados y nuestros equipos de negociaci\u00f3n. De hecho, nuestra delegaci\u00f3n se encuentra en este momento en Washington para continuar estas conversaciones.<\/p>\n\n\n\n<p>Uno de los par\u00e1metros que tendremos en cuenta es la compatibilidad con nuestro Acuerdo de Asociaci\u00f3n.<\/p>\n\n\n\n<p>Todo se har\u00e1 p\u00fablico, ser\u00e1 transparente y no comprometer\u00e1 nuestros avances en el proceso de integraci\u00f3n europea. Este es el objetivo principal de nuestro gobierno y del presidente de Ucrania.<\/p>\n\n\n\n<h3 class=\"wp-block-heading\">\u00bfSe han calmado las tensiones con la administraci\u00f3n estadounidense desde el intercambio entre Volodimir Zelenski, Donald Trump y J. D. Vance en el Despacho Oval?<\/h3>\n\n\n\n<p>S\u00ed, nuestras relaciones son profesionales y pragm\u00e1ticas.<\/p>\n","protected":false},"excerpt":{"rendered":"<p>En Mosc\u00fa, Putin y el enviado especial de Trump, Steve Witkoff, discuten sobre un posible fin de los combates en Ucrania.<\/p>\n<p>En Bruselas, los ucranianos defienden un objetivo: adherirse r\u00e1pidamente a la Uni\u00f3n \u2014como desean, por cierto, m\u00e1s de la mitad de los europeos (56%) seg\u00fan nuestra encuesta Eurobazuca\u2014.<\/p>\n<p>En este momento crucial, nos reunimos con el jefe del gobierno ucraniano, Denys Shmyhal.<\/p>\n","protected":false},"author":17959,"featured_media":63478,"comment_status":"closed","ping_status":"closed","sticky":false,"template":"templates\/post-interviews.php","format":"standard","meta":{"_acf_changed":true,"_trash_the_other_posts":false,"_yoast_wpseo_estimated-reading-time-minutes":10,"footnotes":""},"categories":[216],"tags":[],"staff":[80],"editorial_format":[],"serie":[],"audience":[],"geo":[177],"class_list":["post-63481","post","type-post","status-publish","format-standard","hentry","category-la-guerra-en-ucrania-dia-a-dia","staff-maria-tadeo-elgc","geo-europa"],"acf":{"open_in_webview":false,"accent":false},"yoast_head":"<!-- This site is optimized with the Yoast SEO plugin v26.1.1 - https:\/\/yoast.com\/wordpress\/plugins\/seo\/ -->\n<title>\u00abEstamos absolutamente dispuestos a poner fin a la guerra\u00bb, una conversaci\u00f3n con el primer ministro ucraniano Denys Shmyhal - El Grand Continent<\/title>\n<meta name=\"robots\" content=\"index, follow, max-snippet:-1, max-image-preview:large, max-video-preview:-1\" \/>\n<link rel=\"canonical\" href=\"https:\/\/legrandcontinent.eu\/es\/2025\/04\/11\/estamos-absolutamente-preparados-para-poner-fin-a-la-guerra-una-conversacion-con-el-primer-ministro-ucraniano-denys-shmyhal\/\" \/>\n<meta property=\"og:locale\" content=\"es_ES\" \/>\n<meta property=\"og:type\" content=\"article\" \/>\n<meta property=\"og:title\" content=\"\u00abEstamos absolutamente dispuestos a poner fin a la guerra\u00bb, una conversaci\u00f3n con el primer ministro ucraniano Denys Shmyhal - El Grand Continent\" \/>\n<meta property=\"og:description\" content=\"En Mosc\u00fa, Putin y el enviado especial de Trump, Steve Witkoff, discuten sobre un posible fin de los combates en Ucrania.  En Bruselas, los ucranianos defienden un objetivo: adherirse r\u00e1pidamente a la Uni\u00f3n \u2014como desean, por cierto, m\u00e1s de la mitad de los europeos (56%) seg\u00fan nuestra encuesta Eurobazuca\u2014.  En este momento crucial, nos reunimos con el jefe del gobierno ucraniano, Denys Shmyhal.\" \/>\n<meta property=\"og:url\" content=\"https:\/\/legrandcontinent.eu\/es\/2025\/04\/11\/estamos-absolutamente-preparados-para-poner-fin-a-la-guerra-una-conversacion-con-el-primer-ministro-ucraniano-denys-shmyhal\/\" \/>\n<meta property=\"og:site_name\" content=\"El Grand Continent\" \/>\n<meta property=\"article:published_time\" content=\"2025-04-11T18:23:51+00:00\" \/>\n<meta property=\"article:modified_time\" content=\"2025-04-11T19:35:52+00:00\" \/>\n<meta property=\"og:image\" content=\"https:\/\/legrandcontinent.eu\/es\/wp-content\/uploads\/sites\/6\/2025\/04\/gc-elpm-scaled.jpg\" \/>\n\t<meta property=\"og:image:width\" content=\"2560\" \/>\n\t<meta property=\"og:image:height\" content=\"1440\" \/>\n\t<meta property=\"og:image:type\" content=\"image\/jpeg\" \/>\n<meta name=\"author\" content=\"anainesfernandez\" \/>\n<meta name=\"twitter:card\" content=\"summary_large_image\" \/>\n<meta name=\"twitter:image\" content=\"https:\/\/legrandcontinent.eu\/es\/wp-content\/uploads\/sites\/6\/2025\/04\/gc-elpm-scaled.jpg\" \/>\n<meta name=\"twitter:label1\" content=\"Escrito por\" \/>\n\t<meta name=\"twitter:data1\" content=\"anainesfernandez\" \/>\n\t<meta name=\"twitter:label2\" content=\"Tiempo de lectura\" \/>\n\t<meta name=\"twitter:data2\" content=\"10 minutos\" \/>\n<script type=\"application\/ld+json\" class=\"yoast-schema-graph\">{\"@context\":\"https:\/\/schema.org\",\"@graph\":[{\"@type\":\"WebPage\",\"@id\":\"https:\/\/legrandcontinent.eu\/es\/2025\/04\/11\/estamos-absolutamente-preparados-para-poner-fin-a-la-guerra-una-conversacion-con-el-primer-ministro-ucraniano-denys-shmyhal\/\",\"url\":\"https:\/\/legrandcontinent.eu\/es\/2025\/04\/11\/estamos-absolutamente-preparados-para-poner-fin-a-la-guerra-una-conversacion-con-el-primer-ministro-ucraniano-denys-shmyhal\/\",\"name\":\"\u00abEstamos absolutamente dispuestos a poner fin a la guerra\u00bb, una conversaci\u00f3n con el primer ministro ucraniano Denys Shmyhal - El Grand Continent\",\"isPartOf\":{\"@id\":\"https:\/\/legrandcontinent.eu\/es\/#website\"},\"primaryImageOfPage\":{\"@id\":\"https:\/\/legrandcontinent.eu\/es\/2025\/04\/11\/estamos-absolutamente-preparados-para-poner-fin-a-la-guerra-una-conversacion-con-el-primer-ministro-ucraniano-denys-shmyhal\/#primaryimage\"},\"image\":{\"@id\":\"https:\/\/legrandcontinent.eu\/es\/2025\/04\/11\/estamos-absolutamente-preparados-para-poner-fin-a-la-guerra-una-conversacion-con-el-primer-ministro-ucraniano-denys-shmyhal\/#primaryimage\"},\"thumbnailUrl\":\"https:\/\/legrandcontinent.eu\/es\/wp-content\/uploads\/sites\/2\/2025\/04\/SIPA_01180483_000006-2-scaled.jpg\",\"datePublished\":\"2025-04-11T18:23:51+00:00\",\"dateModified\":\"2025-04-11T19:35:52+00:00\",\"author\":{\"@id\":\"https:\/\/legrandcontinent.eu\/es\/#\/schema\/person\/570398dd8da37ba5d66dec6d242bd33c\"},\"breadcrumb\":{\"@id\":\"https:\/\/legrandcontinent.eu\/es\/2025\/04\/11\/estamos-absolutamente-preparados-para-poner-fin-a-la-guerra-una-conversacion-con-el-primer-ministro-ucraniano-denys-shmyhal\/#breadcrumb\"},\"inLanguage\":\"es\",\"potentialAction\":[{\"@type\":\"ReadAction\",\"target\":[\"https:\/\/legrandcontinent.eu\/es\/2025\/04\/11\/estamos-absolutamente-preparados-para-poner-fin-a-la-guerra-una-conversacion-con-el-primer-ministro-ucraniano-denys-shmyhal\/\"]}]},{\"@type\":\"ImageObject\",\"inLanguage\":\"es\",\"@id\":\"https:\/\/legrandcontinent.eu\/es\/2025\/04\/11\/estamos-absolutamente-preparados-para-poner-fin-a-la-guerra-una-conversacion-con-el-primer-ministro-ucraniano-denys-shmyhal\/#primaryimage\",\"url\":\"https:\/\/legrandcontinent.eu\/es\/wp-content\/uploads\/sites\/2\/2025\/04\/SIPA_01180483_000006-2-scaled.jpg\",\"contentUrl\":\"https:\/\/legrandcontinent.eu\/es\/wp-content\/uploads\/sites\/2\/2025\/04\/SIPA_01180483_000006-2-scaled.jpg\",\"width\":1707,\"height\":2560,\"caption\":\"\u00a9 Heikki Saukkomaa\/LEHTIKUV\/SIPA\/\"},{\"@type\":\"BreadcrumbList\",\"@id\":\"https:\/\/legrandcontinent.eu\/es\/2025\/04\/11\/estamos-absolutamente-preparados-para-poner-fin-a-la-guerra-una-conversacion-con-el-primer-ministro-ucraniano-denys-shmyhal\/#breadcrumb\",\"itemListElement\":[{\"@type\":\"ListItem\",\"position\":1,\"name\":\"Home\",\"item\":\"https:\/\/legrandcontinent.eu\/es\/\"},{\"@type\":\"ListItem\",\"position\":2,\"name\":\"\u00abEstamos absolutamente dispuestos a poner fin a la guerra\u00bb, una conversaci\u00f3n con el primer ministro ucraniano Denys Shmyhal\"}]},{\"@type\":\"WebSite\",\"@id\":\"https:\/\/legrandcontinent.eu\/es\/#website\",\"url\":\"https:\/\/legrandcontinent.eu\/es\/\",\"name\":\"El Grand Continent\",\"description\":\"La escala pertinente\",\"potentialAction\":[{\"@type\":\"SearchAction\",\"target\":{\"@type\":\"EntryPoint\",\"urlTemplate\":\"https:\/\/legrandcontinent.eu\/es\/?s={search_term_string}\"},\"query-input\":{\"@type\":\"PropertyValueSpecification\",\"valueRequired\":true,\"valueName\":\"search_term_string\"}}],\"inLanguage\":\"es\"},{\"@type\":\"Person\",\"@id\":\"https:\/\/legrandcontinent.eu\/es\/#\/schema\/person\/570398dd8da37ba5d66dec6d242bd33c\",\"name\":\"anainesfernandez\",\"image\":{\"@type\":\"ImageObject\",\"inLanguage\":\"es\",\"@id\":\"https:\/\/legrandcontinent.eu\/es\/#\/schema\/person\/image\/\",\"url\":\"https:\/\/secure.gravatar.com\/avatar\/fe25c21e6213f69a683147fabda32586?s=96&d=mm&r=g\",\"contentUrl\":\"https:\/\/secure.gravatar.com\/avatar\/fe25c21e6213f69a683147fabda32586?s=96&d=mm&r=g\",\"caption\":\"anainesfernandez\"}}]}<\/script>\n<!-- \/ Yoast SEO plugin. -->","yoast_head_json":{"title":"\u00abEstamos absolutamente dispuestos a poner fin a la guerra\u00bb, una conversaci\u00f3n con el primer ministro ucraniano Denys Shmyhal - El Grand Continent","robots":{"index":"index","follow":"follow","max-snippet":"max-snippet:-1","max-image-preview":"max-image-preview:large","max-video-preview":"max-video-preview:-1"},"canonical":"https:\/\/legrandcontinent.eu\/es\/2025\/04\/11\/estamos-absolutamente-preparados-para-poner-fin-a-la-guerra-una-conversacion-con-el-primer-ministro-ucraniano-denys-shmyhal\/","og_locale":"es_ES","og_type":"article","og_title":"\u00abEstamos absolutamente dispuestos a poner fin a la guerra\u00bb, una conversaci\u00f3n con el primer ministro ucraniano Denys Shmyhal - El Grand Continent","og_description":"En Mosc\u00fa, Putin y el enviado especial de Trump, Steve Witkoff, discuten sobre un posible fin de los combates en Ucrania.  En Bruselas, los ucranianos defienden un objetivo: adherirse r\u00e1pidamente a la Uni\u00f3n \u2014como desean, por cierto, m\u00e1s de la mitad de los europeos (56%) seg\u00fan nuestra encuesta Eurobazuca\u2014.  En este momento crucial, nos reunimos con el jefe del gobierno ucraniano, Denys Shmyhal.","og_url":"https:\/\/legrandcontinent.eu\/es\/2025\/04\/11\/estamos-absolutamente-preparados-para-poner-fin-a-la-guerra-una-conversacion-con-el-primer-ministro-ucraniano-denys-shmyhal\/","og_site_name":"El Grand Continent","article_published_time":"2025-04-11T18:23:51+00:00","article_modified_time":"2025-04-11T19:35:52+00:00","og_image":[{"width":2560,"height":1440,"url":"https:\/\/legrandcontinent.eu\/es\/wp-content\/uploads\/sites\/6\/2025\/04\/gc-elpm-scaled.jpg","type":"image\/jpeg"}],"author":"anainesfernandez","twitter_card":"summary_large_image","twitter_image":"https:\/\/legrandcontinent.eu\/es\/wp-content\/uploads\/sites\/6\/2025\/04\/gc-elpm-scaled.jpg","twitter_misc":{"Escrito por":"anainesfernandez","Tiempo de lectura":"10 minutos"},"schema":{"@context":"https:\/\/schema.org","@graph":[{"@type":"WebPage","@id":"https:\/\/legrandcontinent.eu\/es\/2025\/04\/11\/estamos-absolutamente-preparados-para-poner-fin-a-la-guerra-una-conversacion-con-el-primer-ministro-ucraniano-denys-shmyhal\/","url":"https:\/\/legrandcontinent.eu\/es\/2025\/04\/11\/estamos-absolutamente-preparados-para-poner-fin-a-la-guerra-una-conversacion-con-el-primer-ministro-ucraniano-denys-shmyhal\/","name":"\u00abEstamos absolutamente dispuestos a poner fin a la guerra\u00bb, una conversaci\u00f3n con el primer ministro ucraniano Denys Shmyhal - El Grand Continent","isPartOf":{"@id":"https:\/\/legrandcontinent.eu\/es\/#website"},"primaryImageOfPage":{"@id":"https:\/\/legrandcontinent.eu\/es\/2025\/04\/11\/estamos-absolutamente-preparados-para-poner-fin-a-la-guerra-una-conversacion-con-el-primer-ministro-ucraniano-denys-shmyhal\/#primaryimage"},"image":{"@id":"https:\/\/legrandcontinent.eu\/es\/2025\/04\/11\/estamos-absolutamente-preparados-para-poner-fin-a-la-guerra-una-conversacion-con-el-primer-ministro-ucraniano-denys-shmyhal\/#primaryimage"},"thumbnailUrl":"https:\/\/legrandcontinent.eu\/es\/wp-content\/uploads\/sites\/2\/2025\/04\/SIPA_01180483_000006-2-scaled.jpg","datePublished":"2025-04-11T18:23:51+00:00","dateModified":"2025-04-11T19:35:52+00:00","author":{"@id":"https:\/\/legrandcontinent.eu\/es\/#\/schema\/person\/570398dd8da37ba5d66dec6d242bd33c"},"breadcrumb":{"@id":"https:\/\/legrandcontinent.eu\/es\/2025\/04\/11\/estamos-absolutamente-preparados-para-poner-fin-a-la-guerra-una-conversacion-con-el-primer-ministro-ucraniano-denys-shmyhal\/#breadcrumb"},"inLanguage":"es","potentialAction":[{"@type":"ReadAction","target":["https:\/\/legrandcontinent.eu\/es\/2025\/04\/11\/estamos-absolutamente-preparados-para-poner-fin-a-la-guerra-una-conversacion-con-el-primer-ministro-ucraniano-denys-shmyhal\/"]}]},{"@type":"ImageObject","inLanguage":"es","@id":"https:\/\/legrandcontinent.eu\/es\/2025\/04\/11\/estamos-absolutamente-preparados-para-poner-fin-a-la-guerra-una-conversacion-con-el-primer-ministro-ucraniano-denys-shmyhal\/#primaryimage","url":"https:\/\/legrandcontinent.eu\/es\/wp-content\/uploads\/sites\/2\/2025\/04\/SIPA_01180483_000006-2-scaled.jpg","contentUrl":"https:\/\/legrandcontinent.eu\/es\/wp-content\/uploads\/sites\/2\/2025\/04\/SIPA_01180483_000006-2-scaled.jpg","width":1707,"height":2560,"caption":"\u00a9 Heikki Saukkomaa\/LEHTIKUV\/SIPA\/"},{"@type":"BreadcrumbList","@id":"https:\/\/legrandcontinent.eu\/es\/2025\/04\/11\/estamos-absolutamente-preparados-para-poner-fin-a-la-guerra-una-conversacion-con-el-primer-ministro-ucraniano-denys-shmyhal\/#breadcrumb","itemListElement":[{"@type":"ListItem","position":1,"name":"Home","item":"https:\/\/legrandcontinent.eu\/es\/"},{"@type":"ListItem","position":2,"name":"\u00abEstamos absolutamente dispuestos a poner fin a la guerra\u00bb, una conversaci\u00f3n con el primer ministro ucraniano Denys Shmyhal"}]},{"@type":"WebSite","@id":"https:\/\/legrandcontinent.eu\/es\/#website","url":"https:\/\/legrandcontinent.eu\/es\/","name":"El Grand Continent","description":"La escala pertinente","potentialAction":[{"@type":"SearchAction","target":{"@type":"EntryPoint","urlTemplate":"https:\/\/legrandcontinent.eu\/es\/?s={search_term_string}"},"query-input":{"@type":"PropertyValueSpecification","valueRequired":true,"valueName":"search_term_string"}}],"inLanguage":"es"},{"@type":"Person","@id":"https:\/\/legrandcontinent.eu\/es\/#\/schema\/person\/570398dd8da37ba5d66dec6d242bd33c","name":"anainesfernandez","image":{"@type":"ImageObject","inLanguage":"es","@id":"https:\/\/legrandcontinent.eu\/es\/#\/schema\/person\/image\/","url":"https:\/\/secure.gravatar.com\/avatar\/fe25c21e6213f69a683147fabda32586?s=96&d=mm&r=g","contentUrl":"https:\/\/secure.gravatar.com\/avatar\/fe25c21e6213f69a683147fabda32586?s=96&d=mm&r=g","caption":"anainesfernandez"}}]}},"lgc_categories":[{"id":216,"name":"La guerra en Ucrania d\u00eda a d\u00eda","slug":"la-guerra-en-ucrania-dia-a-dia"}],"lgc_author":{"id":80,"name":"Mar\u00eda Tadeo","slug":"maria-tadeo-elgc","first_name":"Mar\u00eda","last_name":"Tadeo","picture":{"url":"https:\/\/legrandcontinent.eu\/es\/wp-content\/uploads\/sites\/2\/2024\/09\/Maria-Tadeo.png","width":881,"height":915,"alt":""}},"feature_image_summary":{"url":"https:\/\/legrandcontinent.eu\/es\/wp-content\/uploads\/sites\/2\/2025\/04\/SIPA_01180483_000006-2-scaled.jpg","width":1707,"height":2560,"alt":""},"feature_image_cover":{"url":"https:\/\/legrandcontinent.eu\/es\/wp-content\/uploads\/sites\/2\/2025\/04\/SIPA_01180483_000006-2-scaled.jpg","width":1707,"height":2560,"alt":""},"term_position_data":null,"_links":{"self":[{"href":"https:\/\/legrandcontinent.eu\/es\/wp-json\/wp\/v2\/posts\/63481","targetHints":{"allow":["GET"]}}],"collection":[{"href":"https:\/\/legrandcontinent.eu\/es\/wp-json\/wp\/v2\/posts"}],"about":[{"href":"https:\/\/legrandcontinent.eu\/es\/wp-json\/wp\/v2\/types\/post"}],"author":[{"embeddable":true,"href":"https:\/\/legrandcontinent.eu\/es\/wp-json\/wp\/v2\/users\/17959"}],"replies":[{"embeddable":true,"href":"https:\/\/legrandcontinent.eu\/es\/wp-json\/wp\/v2\/comments?post=63481"}],"version-history":[{"count":0,"href":"https:\/\/legrandcontinent.eu\/es\/wp-json\/wp\/v2\/posts\/63481\/revisions"}],"wp:featuredmedia":[{"embeddable":true,"href":"https:\/\/legrandcontinent.eu\/es\/wp-json\/wp\/v2\/media\/63478"}],"wp:attachment":[{"href":"https:\/\/legrandcontinent.eu\/es\/wp-json\/wp\/v2\/media?parent=63481"}],"wp:term":[{"taxonomy":"category","embeddable":true,"href":"https:\/\/legrandcontinent.eu\/es\/wp-json\/wp\/v2\/categories?post=63481"},{"taxonomy":"post_tag","embeddable":true,"href":"https:\/\/legrandcontinent.eu\/es\/wp-json\/wp\/v2\/tags?post=63481"},{"taxonomy":"staff","embeddable":true,"href":"https:\/\/legrandcontinent.eu\/es\/wp-json\/wp\/v2\/staff?post=63481"},{"taxonomy":"editorial_format","embeddable":true,"href":"https:\/\/legrandcontinent.eu\/es\/wp-json\/wp\/v2\/editorial_format?post=63481"},{"taxonomy":"serie","embeddable":true,"href":"https:\/\/legrandcontinent.eu\/es\/wp-json\/wp\/v2\/serie?post=63481"},{"taxonomy":"audience","embeddable":true,"href":"https:\/\/legrandcontinent.eu\/es\/wp-json\/wp\/v2\/audience?post=63481"},{"taxonomy":"geo","embeddable":true,"href":"https:\/\/legrandcontinent.eu\/es\/wp-json\/wp\/v2\/geo?post=63481"}],"curies":[{"name":"wp","href":"https:\/\/api.w.org\/{rel}","templated":true}]}}