{"id":63205,"date":"2025-04-08T16:16:33","date_gmt":"2025-04-08T14:16:33","guid":{"rendered":"https:\/\/legrandcontinent.eu\/es\/?p=63205"},"modified":"2025-04-08T16:16:35","modified_gmt":"2025-04-08T14:16:35","slug":"segun-zelenski-dos-ciudadanos-chinos-que-luchaban-en-el-ejercito-ruso-habrian-sido-detenidos-en-ucrania","status":"publish","type":"post","link":"https:\/\/legrandcontinent.eu\/es\/2025\/04\/08\/segun-zelenski-dos-ciudadanos-chinos-que-luchaban-en-el-ejercito-ruso-habrian-sido-detenidos-en-ucrania\/","title":{"rendered":"Seg\u00fan Zelenski, dos ciudadanos chinos que luchaban en el ej\u00e9rcito ruso habr\u00edan sido detenidos en Ucrania"},"content":{"rendered":"\n<p>La detenci\u00f3n por parte del ej\u00e9rcito ucraniano de ciudadanos chinos que luchaban en el ej\u00e9rcito ruso en Ucrania marca un importante punto de inflexi\u00f3n. Sin embargo, no hay informaci\u00f3n que permita confirmar en este momento que Pek\u00edn estaba al tanto de la presencia de estos ciudadanos en las fuerzas armadas rusas.<\/p>\n\n\n\n<ul class=\"wp-block-list\">\n<li>Volod\u00edmir Zelenski declar\u00f3 el martes 8 de abril en Telegram que Kiev \u00abdispone de los documentos de estos prisioneros, de sus tarjetas bancarias y de sus datos personales\u00bb&nbsp;<span class='whitespace-nowrap'><span id='easy-footnote-1-63205' class='easy-footnote-margin-adjust'><\/span><span class='easy-footnote'><a href='https:\/\/legrandcontinent.eu\/es\/2025\/04\/08\/segun-zelenski-dos-ciudadanos-chinos-que-luchaban-en-el-ejercito-ruso-habrian-sido-detenidos-en-ucrania\/#easy-footnote-bottom-1-63205' title='&lt;a href=&quot;https:\/\/t.me\/V_Zelenskiy_official\/13812&quot;&gt;Publicaci\u00f3n en Telegram de Volodimir Zelenski&lt;\/a&gt;, 8 de abril de 2025.'><sup>1<\/sup><\/a><\/span><\/span>.<\/li>\n\n\n\n<li>Cuando Rusia recibi\u00f3 el apoyo de combatientes norcoreanos para repeler a las fuerzas ucranianas de la regi\u00f3n de Kursk, estos recibieron uniformes del ej\u00e9rcito ruso, as\u00ed como documentos de identidad falsos en caso de ser capturados.<\/li>\n<\/ul>\n\n\n\n<p>Desde el comienzo de la guerra, China ha proporcionado asistencia militar indirecta a Rusia, principalmente en forma de bienes de doble uso: productos y equipos destinados a aplicaciones civiles que pueden utilizarse para producir misiles, drones, piezas de artiller\u00eda\u2026 El Reino Unido y los Estados Unidos tambi\u00e9n acusaron a Pek\u00edn en 2023 y 2024 de <a href=\"https:\/\/legrandcontinent.eu\/es\/2024\/05\/23\/londres-acusa-a-china-de-suministrar-armas-letales-a-rusia-washington-se-desvincula\/\">proporcionar asistencia letal a Rusia<\/a>.<\/p>\n\n\n\n<div class=\"iframe-container wp-block-image wp-block-image-medium  iframe-dw\">\n\t<div>\n\t\t<iframe class=\"absolute w-full h-full pin-t pin-l\" title=\"titolo\" aria-label=\"Interactive line chart\" src=\"\/\/datawrapper.dwcdn.net\/bGgIu\/\" scrolling=\"no\" frameborder=\"0\"><\/iframe>\n\t<\/div>\n<\/div>\n\n\n\n<p>Seg\u00fan Zelenski, \u00abla implicaci\u00f3n de China en esta guerra en Europa, directa o indirectamente, es una clara se\u00f1al de que Putin har\u00e1 cualquier cosa menos poner fin a la guerra. Est\u00e1 buscando formas de continuar la lucha. Por lo tanto, es absolutamente necesario reaccionar\u00bb. El presidente ucraniano pide a Estados Unidos y a los pa\u00edses europeos que \u00abreaccionen\u00bb para exigir respuestas a China. El Ministerio de Asuntos Exteriores chino no ha respondido por el momento.<\/p>\n\n\n\n<ul class=\"wp-block-list\">\n<li>Pek\u00edn nunca ha condenado la guerra de Rusia en Ucrania y mantiene una posici\u00f3n oficial de neutralidad. Al igual que varias decenas de pa\u00edses en el mundo, China se niega a <a href=\"https:\/\/legrandcontinent.eu\/es\/2025\/02\/25\/quien-atribuye-la-responsabilidad-de-la-guerra-a-ucrania-el-estado-del-mundo-tras-el-giro-de-trump-mapas-y-tablas-exclusivos-x\/\">atribuir la responsabilidad de la guerra a Rusia<\/a>.<\/li>\n\n\n\n<li>Sin embargo, los responsables chinos han subrayado regularmente desde 2022 la voluntad de Pek\u00edn de ver una resoluci\u00f3n del conflicto. China ha elogiado en febrero los esfuerzos rusos para \u00abdesactivar la crisis\u00bb.<\/li>\n<\/ul>\n\n\n\n<div class=\"iframe-container wp-block-image wp-block-image-medium  iframe-dw\">\n\t<div>\n\t\t<iframe class=\"absolute w-full h-full pin-t pin-l\" title=\"titolo\" aria-label=\"Interactive line chart\" src=\"\/\/datawrapper.dwcdn.net\/dytCI\/\" scrolling=\"no\" frameborder=\"0\"><\/iframe>\n\t<\/div>\n<\/div>\n\n\n\n<p>Xi Jinping deber\u00eda viajar a Mosc\u00fa el 9 de mayo con motivo del 80 aniversario del final de la Segunda Guerra Mundial, y est\u00e1 prevista una visita de Putin a China a finales de agosto.<\/p>\n","protected":false},"excerpt":{"rendered":"<p>Hoy, martes 8 de abril, el presidente ucraniano Volod\u00edmir Zelenski declar\u00f3 en Telegram que \u00abdos ciudadanos chinos que luchaban en el ej\u00e9rcito ruso\u00bb fueron detenidos por militares ucranianos en la regi\u00f3n de Donetsk, en territorio ucraniano. Kiev tendr\u00eda informaci\u00f3n que sugiere \u00abque hay muchos m\u00e1s ciudadanos chinos en las unidades del ocupante\u00bb.<\/p>\n","protected":false},"author":1366,"featured_media":63206,"comment_status":"closed","ping_status":"closed","sticky":false,"template":"templates\/post-briefings.php","format":"standard","meta":{"_acf_changed":true,"_trash_the_other_posts":false,"_yoast_wpseo_estimated-reading-time-minutes":2,"footnotes":""},"categories":[216],"tags":[],"staff":[],"editorial_format":[],"serie":[],"audience":[],"geo":[177],"class_list":["post-63205","post","type-post","status-publish","format-standard","hentry","category-la-guerra-en-ucrania-dia-a-dia","geo-europa"],"acf":{"open_in_webview":false,"accent":false},"yoast_head":"<!-- This site is optimized with the Yoast SEO plugin v26.1.1 - https:\/\/yoast.com\/wordpress\/plugins\/seo\/ -->\n<title>Seg\u00fan Zelenski, dos ciudadanos chinos que luchaban en el ej\u00e9rcito ruso habr\u00edan sido detenidos en Ucrania - El Grand Continent<\/title>\n<meta name=\"robots\" content=\"index, follow, max-snippet:-1, max-image-preview:large, max-video-preview:-1\" \/>\n<link rel=\"canonical\" href=\"https:\/\/legrandcontinent.eu\/es\/2025\/04\/08\/segun-zelenski-dos-ciudadanos-chinos-que-luchaban-en-el-ejercito-ruso-habrian-sido-detenidos-en-ucrania\/\" \/>\n<meta property=\"og:locale\" content=\"es_ES\" \/>\n<meta property=\"og:type\" content=\"article\" \/>\n<meta property=\"og:title\" content=\"Seg\u00fan Zelenski, dos ciudadanos chinos que luchaban en el ej\u00e9rcito ruso habr\u00edan sido detenidos en Ucrania - El Grand Continent\" \/>\n<meta property=\"og:description\" content=\"Hoy, martes 8 de abril, el presidente ucraniano Volod\u00edmir Zelenski declar\u00f3 en Telegram que \u00abdos ciudadanos chinos que luchaban en el ej\u00e9rcito ruso\u00bb fueron detenidos por militares ucranianos en la regi\u00f3n de Donetsk, en territorio ucraniano. Kiev tendr\u00eda informaci\u00f3n que sugiere \u00abque hay muchos m\u00e1s ciudadanos chinos en las unidades del ocupante\u00bb.\" \/>\n<meta property=\"og:url\" content=\"https:\/\/legrandcontinent.eu\/es\/2025\/04\/08\/segun-zelenski-dos-ciudadanos-chinos-que-luchaban-en-el-ejercito-ruso-habrian-sido-detenidos-en-ucrania\/\" \/>\n<meta property=\"og:site_name\" content=\"El Grand Continent\" \/>\n<meta property=\"article:published_time\" content=\"2025-04-08T14:16:33+00:00\" \/>\n<meta property=\"article:modified_time\" content=\"2025-04-08T14:16:35+00:00\" \/>\n<meta property=\"og:image\" content=\"https:\/\/legrandcontinent.eu\/es\/wp-content\/uploads\/sites\/6\/2025\/04\/gc-elucrania-scaled.jpg\" \/>\n\t<meta property=\"og:image:width\" content=\"2560\" \/>\n\t<meta property=\"og:image:height\" content=\"1440\" \/>\n\t<meta property=\"og:image:type\" content=\"image\/jpeg\" \/>\n<meta name=\"author\" content=\"florent\" \/>\n<meta name=\"twitter:card\" content=\"summary_large_image\" \/>\n<meta name=\"twitter:image\" content=\"https:\/\/legrandcontinent.eu\/es\/wp-content\/uploads\/sites\/6\/2025\/04\/gc-elucrania-scaled.jpg\" \/>\n<meta name=\"twitter:label1\" content=\"Escrito por\" \/>\n\t<meta name=\"twitter:data1\" content=\"florent\" \/>\n\t<meta name=\"twitter:label2\" content=\"Tiempo de lectura\" \/>\n\t<meta name=\"twitter:data2\" content=\"2 minutos\" \/>\n<script type=\"application\/ld+json\" class=\"yoast-schema-graph\">{\"@context\":\"https:\/\/schema.org\",\"@graph\":[{\"@type\":\"WebPage\",\"@id\":\"https:\/\/legrandcontinent.eu\/es\/2025\/04\/08\/segun-zelenski-dos-ciudadanos-chinos-que-luchaban-en-el-ejercito-ruso-habrian-sido-detenidos-en-ucrania\/\",\"url\":\"https:\/\/legrandcontinent.eu\/es\/2025\/04\/08\/segun-zelenski-dos-ciudadanos-chinos-que-luchaban-en-el-ejercito-ruso-habrian-sido-detenidos-en-ucrania\/\",\"name\":\"Seg\u00fan Zelenski, dos ciudadanos chinos que luchaban en el ej\u00e9rcito ruso habr\u00edan sido detenidos en Ucrania - El Grand Continent\",\"isPartOf\":{\"@id\":\"https:\/\/legrandcontinent.eu\/es\/#website\"},\"primaryImageOfPage\":{\"@id\":\"https:\/\/legrandcontinent.eu\/es\/2025\/04\/08\/segun-zelenski-dos-ciudadanos-chinos-que-luchaban-en-el-ejercito-ruso-habrian-sido-detenidos-en-ucrania\/#primaryimage\"},\"image\":{\"@id\":\"https:\/\/legrandcontinent.eu\/es\/2025\/04\/08\/segun-zelenski-dos-ciudadanos-chinos-que-luchaban-en-el-ejercito-ruso-habrian-sido-detenidos-en-ucrania\/#primaryimage\"},\"thumbnailUrl\":\"https:\/\/legrandcontinent.eu\/es\/wp-content\/uploads\/sites\/6\/2025\/04\/bGgIu-exportaciones-de-bienes-de-doble-uso-chinos-a-rusia-.png\",\"datePublished\":\"2025-04-08T14:16:33+00:00\",\"dateModified\":\"2025-04-08T14:16:35+00:00\",\"author\":{\"@id\":\"https:\/\/legrandcontinent.eu\/es\/#\/schema\/person\/cdd782c93d4a9eda86ab19a8c01cdf5c\"},\"breadcrumb\":{\"@id\":\"https:\/\/legrandcontinent.eu\/es\/2025\/04\/08\/segun-zelenski-dos-ciudadanos-chinos-que-luchaban-en-el-ejercito-ruso-habrian-sido-detenidos-en-ucrania\/#breadcrumb\"},\"inLanguage\":\"es\",\"potentialAction\":[{\"@type\":\"ReadAction\",\"target\":[\"https:\/\/legrandcontinent.eu\/es\/2025\/04\/08\/segun-zelenski-dos-ciudadanos-chinos-que-luchaban-en-el-ejercito-ruso-habrian-sido-detenidos-en-ucrania\/\"]}]},{\"@type\":\"ImageObject\",\"inLanguage\":\"es\",\"@id\":\"https:\/\/legrandcontinent.eu\/es\/2025\/04\/08\/segun-zelenski-dos-ciudadanos-chinos-que-luchaban-en-el-ejercito-ruso-habrian-sido-detenidos-en-ucrania\/#primaryimage\",\"url\":\"https:\/\/legrandcontinent.eu\/es\/wp-content\/uploads\/sites\/6\/2025\/04\/bGgIu-exportaciones-de-bienes-de-doble-uso-chinos-a-rusia-.png\",\"contentUrl\":\"https:\/\/legrandcontinent.eu\/es\/wp-content\/uploads\/sites\/6\/2025\/04\/bGgIu-exportaciones-de-bienes-de-doble-uso-chinos-a-rusia-.png\",\"width\":1228,\"height\":1014},{\"@type\":\"BreadcrumbList\",\"@id\":\"https:\/\/legrandcontinent.eu\/es\/2025\/04\/08\/segun-zelenski-dos-ciudadanos-chinos-que-luchaban-en-el-ejercito-ruso-habrian-sido-detenidos-en-ucrania\/#breadcrumb\",\"itemListElement\":[{\"@type\":\"ListItem\",\"position\":1,\"name\":\"Home\",\"item\":\"https:\/\/legrandcontinent.eu\/es\/\"},{\"@type\":\"ListItem\",\"position\":2,\"name\":\"Seg\u00fan Zelenski, dos ciudadanos chinos que luchaban en el ej\u00e9rcito ruso habr\u00edan sido detenidos en Ucrania\"}]},{\"@type\":\"WebSite\",\"@id\":\"https:\/\/legrandcontinent.eu\/es\/#website\",\"url\":\"https:\/\/legrandcontinent.eu\/es\/\",\"name\":\"El Grand Continent\",\"description\":\"La escala pertinente\",\"potentialAction\":[{\"@type\":\"SearchAction\",\"target\":{\"@type\":\"EntryPoint\",\"urlTemplate\":\"https:\/\/legrandcontinent.eu\/es\/?s={search_term_string}\"},\"query-input\":{\"@type\":\"PropertyValueSpecification\",\"valueRequired\":true,\"valueName\":\"search_term_string\"}}],\"inLanguage\":\"es\"},{\"@type\":\"Person\",\"@id\":\"https:\/\/legrandcontinent.eu\/es\/#\/schema\/person\/cdd782c93d4a9eda86ab19a8c01cdf5c\",\"name\":\"florent\",\"image\":{\"@type\":\"ImageObject\",\"inLanguage\":\"es\",\"@id\":\"https:\/\/legrandcontinent.eu\/es\/#\/schema\/person\/image\/\",\"url\":\"https:\/\/secure.gravatar.com\/avatar\/0d38d78c90602daf39b309035cdac6bc?s=96&d=mm&r=g\",\"contentUrl\":\"https:\/\/secure.gravatar.com\/avatar\/0d38d78c90602daf39b309035cdac6bc?s=96&d=mm&r=g\",\"caption\":\"florent\"}}]}<\/script>\n<!-- \/ Yoast SEO plugin. -->","yoast_head_json":{"title":"Seg\u00fan Zelenski, dos ciudadanos chinos que luchaban en el ej\u00e9rcito ruso habr\u00edan sido detenidos en Ucrania - El Grand Continent","robots":{"index":"index","follow":"follow","max-snippet":"max-snippet:-1","max-image-preview":"max-image-preview:large","max-video-preview":"max-video-preview:-1"},"canonical":"https:\/\/legrandcontinent.eu\/es\/2025\/04\/08\/segun-zelenski-dos-ciudadanos-chinos-que-luchaban-en-el-ejercito-ruso-habrian-sido-detenidos-en-ucrania\/","og_locale":"es_ES","og_type":"article","og_title":"Seg\u00fan Zelenski, dos ciudadanos chinos que luchaban en el ej\u00e9rcito ruso habr\u00edan sido detenidos en Ucrania - El Grand Continent","og_description":"Hoy, martes 8 de abril, el presidente ucraniano Volod\u00edmir Zelenski declar\u00f3 en Telegram que \u00abdos ciudadanos chinos que luchaban en el ej\u00e9rcito ruso\u00bb fueron detenidos por militares ucranianos en la regi\u00f3n de Donetsk, en territorio ucraniano. Kiev tendr\u00eda informaci\u00f3n que sugiere \u00abque hay muchos m\u00e1s ciudadanos chinos en las unidades del ocupante\u00bb.","og_url":"https:\/\/legrandcontinent.eu\/es\/2025\/04\/08\/segun-zelenski-dos-ciudadanos-chinos-que-luchaban-en-el-ejercito-ruso-habrian-sido-detenidos-en-ucrania\/","og_site_name":"El Grand Continent","article_published_time":"2025-04-08T14:16:33+00:00","article_modified_time":"2025-04-08T14:16:35+00:00","og_image":[{"width":2560,"height":1440,"url":"https:\/\/legrandcontinent.eu\/es\/wp-content\/uploads\/sites\/6\/2025\/04\/gc-elucrania-scaled.jpg","type":"image\/jpeg"}],"author":"florent","twitter_card":"summary_large_image","twitter_image":"https:\/\/legrandcontinent.eu\/es\/wp-content\/uploads\/sites\/6\/2025\/04\/gc-elucrania-scaled.jpg","twitter_misc":{"Escrito por":"florent","Tiempo de lectura":"2 minutos"},"schema":{"@context":"https:\/\/schema.org","@graph":[{"@type":"WebPage","@id":"https:\/\/legrandcontinent.eu\/es\/2025\/04\/08\/segun-zelenski-dos-ciudadanos-chinos-que-luchaban-en-el-ejercito-ruso-habrian-sido-detenidos-en-ucrania\/","url":"https:\/\/legrandcontinent.eu\/es\/2025\/04\/08\/segun-zelenski-dos-ciudadanos-chinos-que-luchaban-en-el-ejercito-ruso-habrian-sido-detenidos-en-ucrania\/","name":"Seg\u00fan Zelenski, dos ciudadanos chinos que luchaban en el ej\u00e9rcito ruso habr\u00edan sido detenidos en Ucrania - El Grand Continent","isPartOf":{"@id":"https:\/\/legrandcontinent.eu\/es\/#website"},"primaryImageOfPage":{"@id":"https:\/\/legrandcontinent.eu\/es\/2025\/04\/08\/segun-zelenski-dos-ciudadanos-chinos-que-luchaban-en-el-ejercito-ruso-habrian-sido-detenidos-en-ucrania\/#primaryimage"},"image":{"@id":"https:\/\/legrandcontinent.eu\/es\/2025\/04\/08\/segun-zelenski-dos-ciudadanos-chinos-que-luchaban-en-el-ejercito-ruso-habrian-sido-detenidos-en-ucrania\/#primaryimage"},"thumbnailUrl":"https:\/\/legrandcontinent.eu\/es\/wp-content\/uploads\/sites\/6\/2025\/04\/bGgIu-exportaciones-de-bienes-de-doble-uso-chinos-a-rusia-.png","datePublished":"2025-04-08T14:16:33+00:00","dateModified":"2025-04-08T14:16:35+00:00","author":{"@id":"https:\/\/legrandcontinent.eu\/es\/#\/schema\/person\/cdd782c93d4a9eda86ab19a8c01cdf5c"},"breadcrumb":{"@id":"https:\/\/legrandcontinent.eu\/es\/2025\/04\/08\/segun-zelenski-dos-ciudadanos-chinos-que-luchaban-en-el-ejercito-ruso-habrian-sido-detenidos-en-ucrania\/#breadcrumb"},"inLanguage":"es","potentialAction":[{"@type":"ReadAction","target":["https:\/\/legrandcontinent.eu\/es\/2025\/04\/08\/segun-zelenski-dos-ciudadanos-chinos-que-luchaban-en-el-ejercito-ruso-habrian-sido-detenidos-en-ucrania\/"]}]},{"@type":"ImageObject","inLanguage":"es","@id":"https:\/\/legrandcontinent.eu\/es\/2025\/04\/08\/segun-zelenski-dos-ciudadanos-chinos-que-luchaban-en-el-ejercito-ruso-habrian-sido-detenidos-en-ucrania\/#primaryimage","url":"https:\/\/legrandcontinent.eu\/es\/wp-content\/uploads\/sites\/6\/2025\/04\/bGgIu-exportaciones-de-bienes-de-doble-uso-chinos-a-rusia-.png","contentUrl":"https:\/\/legrandcontinent.eu\/es\/wp-content\/uploads\/sites\/6\/2025\/04\/bGgIu-exportaciones-de-bienes-de-doble-uso-chinos-a-rusia-.png","width":1228,"height":1014},{"@type":"BreadcrumbList","@id":"https:\/\/legrandcontinent.eu\/es\/2025\/04\/08\/segun-zelenski-dos-ciudadanos-chinos-que-luchaban-en-el-ejercito-ruso-habrian-sido-detenidos-en-ucrania\/#breadcrumb","itemListElement":[{"@type":"ListItem","position":1,"name":"Home","item":"https:\/\/legrandcontinent.eu\/es\/"},{"@type":"ListItem","position":2,"name":"Seg\u00fan Zelenski, dos ciudadanos chinos que luchaban en el ej\u00e9rcito ruso habr\u00edan sido detenidos en Ucrania"}]},{"@type":"WebSite","@id":"https:\/\/legrandcontinent.eu\/es\/#website","url":"https:\/\/legrandcontinent.eu\/es\/","name":"El Grand Continent","description":"La escala pertinente","potentialAction":[{"@type":"SearchAction","target":{"@type":"EntryPoint","urlTemplate":"https:\/\/legrandcontinent.eu\/es\/?s={search_term_string}"},"query-input":{"@type":"PropertyValueSpecification","valueRequired":true,"valueName":"search_term_string"}}],"inLanguage":"es"},{"@type":"Person","@id":"https:\/\/legrandcontinent.eu\/es\/#\/schema\/person\/cdd782c93d4a9eda86ab19a8c01cdf5c","name":"florent","image":{"@type":"ImageObject","inLanguage":"es","@id":"https:\/\/legrandcontinent.eu\/es\/#\/schema\/person\/image\/","url":"https:\/\/secure.gravatar.com\/avatar\/0d38d78c90602daf39b309035cdac6bc?s=96&d=mm&r=g","contentUrl":"https:\/\/secure.gravatar.com\/avatar\/0d38d78c90602daf39b309035cdac6bc?s=96&d=mm&r=g","caption":"florent"}}]}},"lgc_categories":[{"id":216,"name":"La guerra en Ucrania d\u00eda a d\u00eda","slug":"la-guerra-en-ucrania-dia-a-dia"}],"lgc_author":null,"feature_image_summary":{"url":"https:\/\/legrandcontinent.eu\/es\/wp-content\/uploads\/sites\/6\/2025\/04\/bGgIu-exportaciones-de-bienes-de-doble-uso-chinos-a-rusia-.png","width":1228,"height":1014,"alt":""},"feature_image_cover":null,"term_position_data":null,"_links":{"self":[{"href":"https:\/\/legrandcontinent.eu\/es\/wp-json\/wp\/v2\/posts\/63205","targetHints":{"allow":["GET"]}}],"collection":[{"href":"https:\/\/legrandcontinent.eu\/es\/wp-json\/wp\/v2\/posts"}],"about":[{"href":"https:\/\/legrandcontinent.eu\/es\/wp-json\/wp\/v2\/types\/post"}],"author":[{"embeddable":true,"href":"https:\/\/legrandcontinent.eu\/es\/wp-json\/wp\/v2\/users\/1366"}],"replies":[{"embeddable":true,"href":"https:\/\/legrandcontinent.eu\/es\/wp-json\/wp\/v2\/comments?post=63205"}],"version-history":[{"count":0,"href":"https:\/\/legrandcontinent.eu\/es\/wp-json\/wp\/v2\/posts\/63205\/revisions"}],"wp:featuredmedia":[{"embeddable":true,"href":"https:\/\/legrandcontinent.eu\/es\/wp-json\/wp\/v2\/media\/63206"}],"wp:attachment":[{"href":"https:\/\/legrandcontinent.eu\/es\/wp-json\/wp\/v2\/media?parent=63205"}],"wp:term":[{"taxonomy":"category","embeddable":true,"href":"https:\/\/legrandcontinent.eu\/es\/wp-json\/wp\/v2\/categories?post=63205"},{"taxonomy":"post_tag","embeddable":true,"href":"https:\/\/legrandcontinent.eu\/es\/wp-json\/wp\/v2\/tags?post=63205"},{"taxonomy":"staff","embeddable":true,"href":"https:\/\/legrandcontinent.eu\/es\/wp-json\/wp\/v2\/staff?post=63205"},{"taxonomy":"editorial_format","embeddable":true,"href":"https:\/\/legrandcontinent.eu\/es\/wp-json\/wp\/v2\/editorial_format?post=63205"},{"taxonomy":"serie","embeddable":true,"href":"https:\/\/legrandcontinent.eu\/es\/wp-json\/wp\/v2\/serie?post=63205"},{"taxonomy":"audience","embeddable":true,"href":"https:\/\/legrandcontinent.eu\/es\/wp-json\/wp\/v2\/audience?post=63205"},{"taxonomy":"geo","embeddable":true,"href":"https:\/\/legrandcontinent.eu\/es\/wp-json\/wp\/v2\/geo?post=63205"}],"curies":[{"name":"wp","href":"https:\/\/api.w.org\/{rel}","templated":true}]}}