{"id":6187,"date":"2022-07-26T11:40:00","date_gmt":"2022-07-26T10:40:00","guid":{"rendered":"https:\/\/legrandcontinent.eu\/es\/?p=6187"},"modified":"2022-07-26T15:40:46","modified_gmt":"2022-07-26T14:40:46","slug":"los-estados-miembros-debaten-la-propuesta-de-la-comision-para-reducir-el-consumo-de-gas","status":"publish","type":"post","link":"https:\/\/legrandcontinent.eu\/es\/2022\/07\/26\/los-estados-miembros-debaten-la-propuesta-de-la-comision-para-reducir-el-consumo-de-gas\/","title":{"rendered":"Los Estados miembros debaten la propuesta de la Comisi\u00f3n para reducir el consumo de gas"},"content":{"rendered":"\n<ul class=\"wp-block-list\"><li>El pasado mi\u00e9rcoles 20 de julio, <a href=\"https:\/\/legrandcontinent.eu\/es\/2022\/07\/20\/la-comision-recomienda-a-los-estados-miembros-que-racionen-su-consumo-de-gas\/\">la Comisi\u00f3n Europea present\u00f3 su plan <em>Safe Gas for a Safe Winter<\/em><\/a>, en el que recomienda a los Estados miembros reducir su consumo de gas en un 15% para marzo de 2023, en comparaci\u00f3n con su consumo medio en los \u00faltimos cinco a\u00f1os.<\/li><\/ul>\n\n\n\n<ul class=\"wp-block-list\"><li>Nada m\u00e1s conocerse el plan, varios Estados miembros &#8211;<a href=\"https:\/\/legrandcontinent.eu\/es\/2022\/07\/21\/espana-se-opone-al-plan-para-reducir-el-consumo-de-gas\/\">entre ellos Espa\u00f1a, a trav\u00e9s de un art\u00edculo de la ministra espa\u00f1ola de Transici\u00f3n Ecol\u00f3gica, Teresa Ribera<\/a>, en El Pa\u00eds- anunciaron inmediatamente que votar\u00edan en contra de la propuesta de la Comisi\u00f3n. Portugal y Hungr\u00eda, en particular, tambi\u00e9n se pronunciaron en contra, y el Secretario de Energ\u00eda portugu\u00e9s, Joao Galamba, argument\u00f3 que la propuesta \u00abno tiene en cuenta las diferencias entre pa\u00edses\u00bb&nbsp;<span class='whitespace-nowrap'><span id='easy-footnote-1-6187' class='easy-footnote-margin-adjust'><\/span><span class='easy-footnote'><a href='https:\/\/legrandcontinent.eu\/es\/2022\/07\/26\/los-estados-miembros-debaten-la-propuesta-de-la-comision-para-reducir-el-consumo-de-gas\/#easy-footnote-bottom-1-6187' title='Sergio Goncalves, \u00ab&amp;nbsp;&lt;a href=&quot;https:\/\/www.reuters.com\/business\/energy\/portugal-totally-against-eu-proposal-gas-usage-cuts-2022-07-21\/#:~:text=LISBON%2C%20July%2021%20(Reuters),Joao%20Galamba%20said%20on%20Thursday.&quot;&gt;Portugal \u2018totally against\u2019 EU proposal on gas usage cuts&lt;\/a&gt;&amp;nbsp;\u00bb,&amp;nbsp;&lt;em&gt;Reuters&lt;\/em&gt;, 21 de julio de 2022.'><sup>1<\/sup><\/a><\/span><\/span>.<\/li><\/ul>\n\n\n\n<div class=\"iframe-container wp-block-image wp-block-image-medium  iframe-dw\">\n\t<div>\n\t\t<iframe class=\"absolute w-full h-full pin-t pin-l\" title=\"titolo\" aria-label=\"Interactive line chart\" src=\"\/\/datawrapper.dwcdn.net\/OdiID\/\" scrolling=\"no\" frameborder=\"0\"><\/iframe>\n\t<\/div>\n<\/div>\n\n\n\n<ul class=\"wp-block-list\"><li>Sin embargo, desde la publicaci\u00f3n del plan de la Comisi\u00f3n se han producido varios acontecimientos que podr\u00edan influir en las decisiones de los Estados miembros. Ayer, Gazprom anunci\u00f3 que el transporte de gas a trav\u00e9s del Nord Stream 1, que enlaza con Alemania, disminuir\u00e1 al 20% su capacidad a partir de ma\u00f1ana, mi\u00e9rcoles 27 de julio, <a href=\"https:\/\/legrandcontinent.eu\/es\/2022\/07\/11\/el-cierre-temporal-de-nord-stream-1-hace-temer-un-recrudecimiento-de-la-crisis-energetica-en-europa\/\">confirmando as\u00ed los temores de que el gasoducto quedara fuera de servicio para su mantenimiento<\/a>&nbsp;<span class='whitespace-nowrap'><span id='easy-footnote-2-6187' class='easy-footnote-margin-adjust'><\/span><span class='easy-footnote'><a href='https:\/\/legrandcontinent.eu\/es\/2022\/07\/26\/los-estados-miembros-debaten-la-propuesta-de-la-comision-para-reducir-el-consumo-de-gas\/#easy-footnote-bottom-2-6187' title='&lt;a href=&quot;https:\/\/t.me\/gazprom\/835&quot;&gt;https:\/\/t.me\/gazprom\/835&lt;\/a&gt;'><sup>2<\/sup><\/a><\/span><\/span>. La compa\u00f1\u00eda de gas rusa aleg\u00f3 problemas t\u00e9cnicos con las turbinas.<\/li><\/ul>\n\n\n\n<ul class=\"wp-block-list\"><li>Anoche, antes del Consejo, Mosc\u00fa decidi\u00f3 enviar un mensaje a Europa aumentando la presi\u00f3n en el gasoducto Urengoi-Pomari-Uzhhorod, sin avisar a Ucrania. El operador de gas ucraniano GTS subray\u00f3 que esta acci\u00f3n podr\u00eda \u00abprovocar situaciones de emergencia en el gasoducto principal\u00bb&nbsp;<span class='whitespace-nowrap'><span id='easy-footnote-3-6187' class='easy-footnote-margin-adjust'><\/span><span class='easy-footnote'><a href='https:\/\/legrandcontinent.eu\/es\/2022\/07\/26\/los-estados-miembros-debaten-la-propuesta-de-la-comision-para-reducir-el-consumo-de-gas\/#easy-footnote-bottom-3-6187' title='&lt;a href=&quot;https:\/\/tsoua.com\/news\/gazprom-bez-poperedzhennya-pidvyshhyv-tysk-na-gazogoni-urengoj-pomary-uzhgorod\/?utm_source=POLITICO.EU&amp;amp;utm_campaign=2381ee511b-EMAIL_CAMPAIGN_2022_07_26_02_57&amp;amp;utm_medium=email&amp;amp;utm_term=0_10959edeb5-2381ee511b-190853696&quot;&gt;\u0413\u0430\u0437\u043f\u0440\u043e\u043c \u0431\u0435\u0437 \u043f\u043e\u043f\u0435\u0440\u0435\u0434\u0436\u0435\u043d\u043d\u044f \u043f\u0456\u0434\u0432\u0438\u0449\u0438\u0432 \u0442\u0438\u0441\u043a \u043d\u0430 \u0433\u0430\u0437\u043e\u0433\u043e\u043d\u0456 \u00ab&amp;nbsp;\u0423\u0440\u0435\u043d\u0433\u043e\u0439-\u041f\u043e\u043c\u0430\u0440\u0438-\u0423\u0436\u0433\u043e\u0440\u043e\u0434&amp;nbsp;\u00bb&lt;\/a&gt;, Transmission System Operator UA, 25 de julio de 2022.'><sup>3<\/sup><\/a><\/span><\/span>.<\/li><\/ul>\n\n\n\n<ul class=\"wp-block-list\"><li>El plan de la Comisi\u00f3n es especialmente relevante para Alemania, que sigue dependiendo en un 35% de Rusia para sus importaciones de gas &#8211; un 20% menos desde el 1 de enero de 2022. Adem\u00e1s, Berl\u00edn ha fijado como objetivo llenar sus reservas de gas al 95% antes del 1 de noviembre, un 15% m\u00e1s que el objetivo de la Uni\u00f3n Europea. As\u00ed, existen grandes disparidades entre Alemania -y los pa\u00edses de Europa Central- y los pa\u00edses del Sur, en particular Espa\u00f1a y Portugal, que no reciben gas ruso por gasoducto, lo que les hace muy poco dependientes de este.<\/li><\/ul>\n\n\n\n<div class=\"iframe-container wp-block-image wp-block-image-medium  iframe-dw\">\n\t<div>\n\t\t<iframe class=\"absolute w-full h-full pin-t pin-l\" title=\"titolo\" aria-label=\"Interactive line chart\" src=\"\/\/datawrapper.dwcdn.net\/XkgYA\/\" scrolling=\"no\" frameborder=\"0\"><\/iframe>\n\t<\/div>\n<\/div>\n\n\n\n<ul class=\"wp-block-list\"><li>Es probable que Alemania intente reunir a los pa\u00edses m\u00e1s reticentes para que apoyen el plan de la Comisi\u00f3n, que requiere una mayor\u00eda cualificada que represente al 65% de la poblaci\u00f3n de la Uni\u00f3n, es decir, 15 pa\u00edses. Al proponer una reducci\u00f3n igual para todos los pa\u00edses del bloque, independientemente de su dependencia del gas ruso, la Comisi\u00f3n pone a prueba <a href=\"https:\/\/legrandcontinent.eu\/es\/2022\/06\/29\/la-solidaridad-energetica-puesta-a-prueba-por-la-guerra-de-ucrania\/\">la solidaridad energ\u00e9tica de los pa\u00edses europeos<\/a>, particularmente afectados por la guerra de Ucrania. No obstante, el recorte del 15% podr\u00eda dar lugar a importantes reducciones de la producci\u00f3n, lo que podr\u00eda perjudicar a las econom\u00edas de los pa\u00edses europeos.<\/li><\/ul>\n","protected":false},"excerpt":{"rendered":"<p>Hoy se celebra en Bruselas un Consejo extraordinario dedicado a la energ\u00eda, en el que los ministros de Energ\u00eda de los Estados miembros se reunir\u00e1n para debatir el plan de la Comisi\u00f3n <em>Safe Gas for a Safe Winter<\/em>. Varios Estados ya han anunciado su intenci\u00f3n de oponerse al mismo.<\/p>\n","protected":false},"author":1366,"featured_media":6188,"comment_status":"open","ping_status":"open","sticky":false,"template":"templates\/post-briefings.php","format":"standard","meta":{"_acf_changed":false,"_trash_the_other_posts":false,"_yoast_wpseo_estimated-reading-time-minutes":3,"footnotes":""},"categories":[98],"tags":[],"staff":[],"editorial_format":[],"serie":[],"audience":[],"geo":[177],"class_list":["post-6187","post","type-post","status-publish","format-standard","hentry","category-energia-y-medio-ambiente","geo-europa"],"acf":{"open_in_webview":false,"accent":false,"_thumbnail_id":6188,"excerpt":"Hoy se celebra en Bruselas un Consejo extraordinario dedicado a la energ\u00eda, en el que los ministros de Energ\u00eda de los Estados miembros se reunir\u00e1n para debatir el plan de la Comisi\u00f3n <em>Safe Gas for a Safe Winter<\/em>. Varios Estados ya han anunciado su intenci\u00f3n de oponerse al mismo.","display_date":"","new_abstract":true},"yoast_head":"<!-- This site is optimized with the Yoast SEO plugin v26.1.1 - https:\/\/yoast.com\/wordpress\/plugins\/seo\/ -->\n<title>Los Estados miembros debaten la propuesta de la Comisi\u00f3n para reducir el consumo de gas - El Grand Continent<\/title>\n<meta name=\"robots\" content=\"index, follow, max-snippet:-1, max-image-preview:large, max-video-preview:-1\" \/>\n<link rel=\"canonical\" href=\"https:\/\/legrandcontinent.eu\/es\/2022\/07\/26\/los-estados-miembros-debaten-la-propuesta-de-la-comision-para-reducir-el-consumo-de-gas\/\" \/>\n<meta property=\"og:locale\" content=\"es_ES\" \/>\n<meta property=\"og:type\" content=\"article\" \/>\n<meta property=\"og:title\" content=\"Los Estados miembros debaten la propuesta de la Comisi\u00f3n para reducir el consumo de gas - El Grand Continent\" \/>\n<meta property=\"og:description\" content=\"Hoy se celebra en Bruselas un Consejo extraordinario dedicado a la energ\u00eda, en el que los ministros de Energ\u00eda de los Estados miembros se reunir\u00e1n para debatir el plan de la Comisi\u00f3n Safe Gas for a Safe Winter. Varios Estados ya han anunciado su intenci\u00f3n de oponerse al mismo.\" \/>\n<meta property=\"og:url\" content=\"https:\/\/legrandcontinent.eu\/es\/2022\/07\/26\/los-estados-miembros-debaten-la-propuesta-de-la-comision-para-reducir-el-consumo-de-gas\/\" \/>\n<meta property=\"og:site_name\" content=\"El Grand Continent\" \/>\n<meta property=\"article:published_time\" content=\"2022-07-26T10:40:00+00:00\" \/>\n<meta property=\"article:modified_time\" content=\"2022-07-26T14:40:46+00:00\" \/>\n<meta property=\"og:image\" content=\"https:\/\/legrandcontinent.eu\/es\/wp-content\/uploads\/sites\/6\/2022\/07\/gc-elplan-scaled.jpg\" \/>\n\t<meta property=\"og:image:width\" content=\"2560\" \/>\n\t<meta property=\"og:image:height\" content=\"1436\" \/>\n\t<meta property=\"og:image:type\" content=\"image\/jpeg\" \/>\n<meta name=\"author\" content=\"florent\" \/>\n<meta name=\"twitter:card\" content=\"summary_large_image\" \/>\n<meta name=\"twitter:image\" content=\"https:\/\/legrandcontinent.eu\/es\/wp-content\/uploads\/sites\/6\/2022\/07\/gc-elplan-scaled.jpg\" \/>\n<meta name=\"twitter:label1\" content=\"Escrito por\" \/>\n\t<meta name=\"twitter:data1\" content=\"florent\" \/>\n\t<meta name=\"twitter:label2\" content=\"Tiempo de lectura\" \/>\n\t<meta name=\"twitter:data2\" content=\"3 minutos\" \/>\n<script type=\"application\/ld+json\" class=\"yoast-schema-graph\">{\"@context\":\"https:\/\/schema.org\",\"@graph\":[{\"@type\":\"WebPage\",\"@id\":\"https:\/\/legrandcontinent.eu\/es\/2022\/07\/26\/los-estados-miembros-debaten-la-propuesta-de-la-comision-para-reducir-el-consumo-de-gas\/\",\"url\":\"https:\/\/legrandcontinent.eu\/es\/2022\/07\/26\/los-estados-miembros-debaten-la-propuesta-de-la-comision-para-reducir-el-consumo-de-gas\/\",\"name\":\"Los Estados miembros debaten la propuesta de la Comisi\u00f3n para reducir el consumo de gas - El Grand Continent\",\"isPartOf\":{\"@id\":\"https:\/\/legrandcontinent.eu\/es\/#website\"},\"primaryImageOfPage\":{\"@id\":\"https:\/\/legrandcontinent.eu\/es\/2022\/07\/26\/los-estados-miembros-debaten-la-propuesta-de-la-comision-para-reducir-el-consumo-de-gas\/#primaryimage\"},\"image\":{\"@id\":\"https:\/\/legrandcontinent.eu\/es\/2022\/07\/26\/los-estados-miembros-debaten-la-propuesta-de-la-comision-para-reducir-el-consumo-de-gas\/#primaryimage\"},\"thumbnailUrl\":\"https:\/\/legrandcontinent.eu\/es\/wp-content\/uploads\/sites\/6\/2022\/07\/SIPA_AP22703096_000009-scaled-1.jpg\",\"datePublished\":\"2022-07-26T10:40:00+00:00\",\"dateModified\":\"2022-07-26T14:40:46+00:00\",\"author\":{\"@id\":\"https:\/\/legrandcontinent.eu\/es\/#\/schema\/person\/cdd782c93d4a9eda86ab19a8c01cdf5c\"},\"breadcrumb\":{\"@id\":\"https:\/\/legrandcontinent.eu\/es\/2022\/07\/26\/los-estados-miembros-debaten-la-propuesta-de-la-comision-para-reducir-el-consumo-de-gas\/#breadcrumb\"},\"inLanguage\":\"es\",\"potentialAction\":[{\"@type\":\"ReadAction\",\"target\":[\"https:\/\/legrandcontinent.eu\/es\/2022\/07\/26\/los-estados-miembros-debaten-la-propuesta-de-la-comision-para-reducir-el-consumo-de-gas\/\"]}]},{\"@type\":\"ImageObject\",\"inLanguage\":\"es\",\"@id\":\"https:\/\/legrandcontinent.eu\/es\/2022\/07\/26\/los-estados-miembros-debaten-la-propuesta-de-la-comision-para-reducir-el-consumo-de-gas\/#primaryimage\",\"url\":\"https:\/\/legrandcontinent.eu\/es\/wp-content\/uploads\/sites\/6\/2022\/07\/SIPA_AP22703096_000009-scaled-1.jpg\",\"contentUrl\":\"https:\/\/legrandcontinent.eu\/es\/wp-content\/uploads\/sites\/6\/2022\/07\/SIPA_AP22703096_000009-scaled-1.jpg\",\"width\":2560,\"height\":1841,\"caption\":\"Germany's Minister for Climate Action Robert Habeck, second left, speaks with, from left, Spain's Minister for the Ecological Transition Teresa Ribera Rodriguez, Netherland's Minister for Climate Rob Jetten and Czech Republic's Minister for Industry and Trade Josef Sikela during an emergency meeting of EU energy ministers in Brussels on Tuesday, July 26, 2022. European Union governments Tuesday neared an agreement on rationing natural gas this winter to protect against any further supply cuts by Russia. (AP Photo\/Virginia Mayo)\/VLM109\/22207302447685\/\/2207261028\"},{\"@type\":\"BreadcrumbList\",\"@id\":\"https:\/\/legrandcontinent.eu\/es\/2022\/07\/26\/los-estados-miembros-debaten-la-propuesta-de-la-comision-para-reducir-el-consumo-de-gas\/#breadcrumb\",\"itemListElement\":[{\"@type\":\"ListItem\",\"position\":1,\"name\":\"Home\",\"item\":\"https:\/\/legrandcontinent.eu\/es\/\"},{\"@type\":\"ListItem\",\"position\":2,\"name\":\"Los Estados miembros debaten la propuesta de la Comisi\u00f3n para reducir el consumo de gas\"}]},{\"@type\":\"WebSite\",\"@id\":\"https:\/\/legrandcontinent.eu\/es\/#website\",\"url\":\"https:\/\/legrandcontinent.eu\/es\/\",\"name\":\"El Grand Continent\",\"description\":\"La escala pertinente\",\"potentialAction\":[{\"@type\":\"SearchAction\",\"target\":{\"@type\":\"EntryPoint\",\"urlTemplate\":\"https:\/\/legrandcontinent.eu\/es\/?s={search_term_string}\"},\"query-input\":{\"@type\":\"PropertyValueSpecification\",\"valueRequired\":true,\"valueName\":\"search_term_string\"}}],\"inLanguage\":\"es\"},{\"@type\":\"Person\",\"@id\":\"https:\/\/legrandcontinent.eu\/es\/#\/schema\/person\/cdd782c93d4a9eda86ab19a8c01cdf5c\",\"name\":\"florent\",\"image\":{\"@type\":\"ImageObject\",\"inLanguage\":\"es\",\"@id\":\"https:\/\/legrandcontinent.eu\/es\/#\/schema\/person\/image\/\",\"url\":\"https:\/\/secure.gravatar.com\/avatar\/0d38d78c90602daf39b309035cdac6bc?s=96&d=mm&r=g\",\"contentUrl\":\"https:\/\/secure.gravatar.com\/avatar\/0d38d78c90602daf39b309035cdac6bc?s=96&d=mm&r=g\",\"caption\":\"florent\"}}]}<\/script>\n<!-- \/ Yoast SEO plugin. -->","yoast_head_json":{"title":"Los Estados miembros debaten la propuesta de la Comisi\u00f3n para reducir el consumo de gas - El Grand Continent","robots":{"index":"index","follow":"follow","max-snippet":"max-snippet:-1","max-image-preview":"max-image-preview:large","max-video-preview":"max-video-preview:-1"},"canonical":"https:\/\/legrandcontinent.eu\/es\/2022\/07\/26\/los-estados-miembros-debaten-la-propuesta-de-la-comision-para-reducir-el-consumo-de-gas\/","og_locale":"es_ES","og_type":"article","og_title":"Los Estados miembros debaten la propuesta de la Comisi\u00f3n para reducir el consumo de gas - El Grand Continent","og_description":"Hoy se celebra en Bruselas un Consejo extraordinario dedicado a la energ\u00eda, en el que los ministros de Energ\u00eda de los Estados miembros se reunir\u00e1n para debatir el plan de la Comisi\u00f3n Safe Gas for a Safe Winter. Varios Estados ya han anunciado su intenci\u00f3n de oponerse al mismo.","og_url":"https:\/\/legrandcontinent.eu\/es\/2022\/07\/26\/los-estados-miembros-debaten-la-propuesta-de-la-comision-para-reducir-el-consumo-de-gas\/","og_site_name":"El Grand Continent","article_published_time":"2022-07-26T10:40:00+00:00","article_modified_time":"2022-07-26T14:40:46+00:00","og_image":[{"width":2560,"height":1436,"url":"https:\/\/legrandcontinent.eu\/es\/wp-content\/uploads\/sites\/6\/2022\/07\/gc-elplan-scaled.jpg","type":"image\/jpeg"}],"author":"florent","twitter_card":"summary_large_image","twitter_image":"https:\/\/legrandcontinent.eu\/es\/wp-content\/uploads\/sites\/6\/2022\/07\/gc-elplan-scaled.jpg","twitter_misc":{"Escrito por":"florent","Tiempo de lectura":"3 minutos"},"schema":{"@context":"https:\/\/schema.org","@graph":[{"@type":"WebPage","@id":"https:\/\/legrandcontinent.eu\/es\/2022\/07\/26\/los-estados-miembros-debaten-la-propuesta-de-la-comision-para-reducir-el-consumo-de-gas\/","url":"https:\/\/legrandcontinent.eu\/es\/2022\/07\/26\/los-estados-miembros-debaten-la-propuesta-de-la-comision-para-reducir-el-consumo-de-gas\/","name":"Los Estados miembros debaten la propuesta de la Comisi\u00f3n para reducir el consumo de gas - El Grand Continent","isPartOf":{"@id":"https:\/\/legrandcontinent.eu\/es\/#website"},"primaryImageOfPage":{"@id":"https:\/\/legrandcontinent.eu\/es\/2022\/07\/26\/los-estados-miembros-debaten-la-propuesta-de-la-comision-para-reducir-el-consumo-de-gas\/#primaryimage"},"image":{"@id":"https:\/\/legrandcontinent.eu\/es\/2022\/07\/26\/los-estados-miembros-debaten-la-propuesta-de-la-comision-para-reducir-el-consumo-de-gas\/#primaryimage"},"thumbnailUrl":"https:\/\/legrandcontinent.eu\/es\/wp-content\/uploads\/sites\/6\/2022\/07\/SIPA_AP22703096_000009-scaled-1.jpg","datePublished":"2022-07-26T10:40:00+00:00","dateModified":"2022-07-26T14:40:46+00:00","author":{"@id":"https:\/\/legrandcontinent.eu\/es\/#\/schema\/person\/cdd782c93d4a9eda86ab19a8c01cdf5c"},"breadcrumb":{"@id":"https:\/\/legrandcontinent.eu\/es\/2022\/07\/26\/los-estados-miembros-debaten-la-propuesta-de-la-comision-para-reducir-el-consumo-de-gas\/#breadcrumb"},"inLanguage":"es","potentialAction":[{"@type":"ReadAction","target":["https:\/\/legrandcontinent.eu\/es\/2022\/07\/26\/los-estados-miembros-debaten-la-propuesta-de-la-comision-para-reducir-el-consumo-de-gas\/"]}]},{"@type":"ImageObject","inLanguage":"es","@id":"https:\/\/legrandcontinent.eu\/es\/2022\/07\/26\/los-estados-miembros-debaten-la-propuesta-de-la-comision-para-reducir-el-consumo-de-gas\/#primaryimage","url":"https:\/\/legrandcontinent.eu\/es\/wp-content\/uploads\/sites\/6\/2022\/07\/SIPA_AP22703096_000009-scaled-1.jpg","contentUrl":"https:\/\/legrandcontinent.eu\/es\/wp-content\/uploads\/sites\/6\/2022\/07\/SIPA_AP22703096_000009-scaled-1.jpg","width":2560,"height":1841,"caption":"Germany's Minister for Climate Action Robert Habeck, second left, speaks with, from left, Spain's Minister for the Ecological Transition Teresa Ribera Rodriguez, Netherland's Minister for Climate Rob Jetten and Czech Republic's Minister for Industry and Trade Josef Sikela during an emergency meeting of EU energy ministers in Brussels on Tuesday, July 26, 2022. European Union governments Tuesday neared an agreement on rationing natural gas this winter to protect against any further supply cuts by Russia. (AP Photo\/Virginia Mayo)\/VLM109\/22207302447685\/\/2207261028"},{"@type":"BreadcrumbList","@id":"https:\/\/legrandcontinent.eu\/es\/2022\/07\/26\/los-estados-miembros-debaten-la-propuesta-de-la-comision-para-reducir-el-consumo-de-gas\/#breadcrumb","itemListElement":[{"@type":"ListItem","position":1,"name":"Home","item":"https:\/\/legrandcontinent.eu\/es\/"},{"@type":"ListItem","position":2,"name":"Los Estados miembros debaten la propuesta de la Comisi\u00f3n para reducir el consumo de gas"}]},{"@type":"WebSite","@id":"https:\/\/legrandcontinent.eu\/es\/#website","url":"https:\/\/legrandcontinent.eu\/es\/","name":"El Grand Continent","description":"La escala pertinente","potentialAction":[{"@type":"SearchAction","target":{"@type":"EntryPoint","urlTemplate":"https:\/\/legrandcontinent.eu\/es\/?s={search_term_string}"},"query-input":{"@type":"PropertyValueSpecification","valueRequired":true,"valueName":"search_term_string"}}],"inLanguage":"es"},{"@type":"Person","@id":"https:\/\/legrandcontinent.eu\/es\/#\/schema\/person\/cdd782c93d4a9eda86ab19a8c01cdf5c","name":"florent","image":{"@type":"ImageObject","inLanguage":"es","@id":"https:\/\/legrandcontinent.eu\/es\/#\/schema\/person\/image\/","url":"https:\/\/secure.gravatar.com\/avatar\/0d38d78c90602daf39b309035cdac6bc?s=96&d=mm&r=g","contentUrl":"https:\/\/secure.gravatar.com\/avatar\/0d38d78c90602daf39b309035cdac6bc?s=96&d=mm&r=g","caption":"florent"}}]}},"lgc_categories":[{"id":98,"name":"Energ\u00eda y medio ambiente","slug":"energia-y-medio-ambiente"}],"lgc_author":null,"feature_image_summary":{"url":"https:\/\/legrandcontinent.eu\/es\/wp-content\/uploads\/sites\/6\/2022\/07\/SIPA_AP22703096_000009-scaled-1.jpg","width":2560,"height":1841,"alt":""},"feature_image_cover":null,"term_position_data":null,"_links":{"self":[{"href":"https:\/\/legrandcontinent.eu\/es\/wp-json\/wp\/v2\/posts\/6187","targetHints":{"allow":["GET"]}}],"collection":[{"href":"https:\/\/legrandcontinent.eu\/es\/wp-json\/wp\/v2\/posts"}],"about":[{"href":"https:\/\/legrandcontinent.eu\/es\/wp-json\/wp\/v2\/types\/post"}],"author":[{"embeddable":true,"href":"https:\/\/legrandcontinent.eu\/es\/wp-json\/wp\/v2\/users\/1366"}],"replies":[{"embeddable":true,"href":"https:\/\/legrandcontinent.eu\/es\/wp-json\/wp\/v2\/comments?post=6187"}],"version-history":[{"count":0,"href":"https:\/\/legrandcontinent.eu\/es\/wp-json\/wp\/v2\/posts\/6187\/revisions"}],"wp:featuredmedia":[{"embeddable":true,"href":"https:\/\/legrandcontinent.eu\/es\/wp-json\/wp\/v2\/media\/6188"}],"wp:attachment":[{"href":"https:\/\/legrandcontinent.eu\/es\/wp-json\/wp\/v2\/media?parent=6187"}],"wp:term":[{"taxonomy":"category","embeddable":true,"href":"https:\/\/legrandcontinent.eu\/es\/wp-json\/wp\/v2\/categories?post=6187"},{"taxonomy":"post_tag","embeddable":true,"href":"https:\/\/legrandcontinent.eu\/es\/wp-json\/wp\/v2\/tags?post=6187"},{"taxonomy":"staff","embeddable":true,"href":"https:\/\/legrandcontinent.eu\/es\/wp-json\/wp\/v2\/staff?post=6187"},{"taxonomy":"editorial_format","embeddable":true,"href":"https:\/\/legrandcontinent.eu\/es\/wp-json\/wp\/v2\/editorial_format?post=6187"},{"taxonomy":"serie","embeddable":true,"href":"https:\/\/legrandcontinent.eu\/es\/wp-json\/wp\/v2\/serie?post=6187"},{"taxonomy":"audience","embeddable":true,"href":"https:\/\/legrandcontinent.eu\/es\/wp-json\/wp\/v2\/audience?post=6187"},{"taxonomy":"geo","embeddable":true,"href":"https:\/\/legrandcontinent.eu\/es\/wp-json\/wp\/v2\/geo?post=6187"}],"curies":[{"name":"wp","href":"https:\/\/api.w.org\/{rel}","templated":true}]}}