{"id":61447,"date":"2025-03-28T17:40:05","date_gmt":"2025-03-28T16:40:05","guid":{"rendered":"https:\/\/legrandcontinent.eu\/es\/?p=61447"},"modified":"2025-03-28T17:40:07","modified_gmt":"2025-03-28T16:40:07","slug":"la-aviacion-ucraniana-ataca-objetivos-en-territorio-ruso-en-el-oblast-fronterizo-de-belgorod","status":"publish","type":"post","link":"https:\/\/legrandcontinent.eu\/es\/2025\/03\/28\/la-aviacion-ucraniana-ataca-objetivos-en-territorio-ruso-en-el-oblast-fronterizo-de-belgorod\/","title":{"rendered":"La aviaci\u00f3n ucraniana ataca objetivos en territorio ruso, en el \u00f3blast fronterizo de Belgorod"},"content":{"rendered":"\n<p>Los combates contin\u00faan en la regi\u00f3n fronteriza rusa de Belgorod desde que el ej\u00e9rcito ucraniano lanz\u00f3 una incursi\u00f3n desde la regi\u00f3n de Sumy el 18 de marzo. <a href=\"https:\/\/legrandcontinent.eu\/es\/2025\/03\/21\/mientras-retrocede-en-kursk-el-ejercito-ucraniano-lanza-una-nueva-incursion-en-territorio-ruso-en-la-region-de-belgorod\/\">Tras avanzar hasta las aldeas de Demidovka y Popovka<\/a>, situadas a unos 2 kil\u00f3metros de la frontera, las fuerzas ucranianas se han enfrentado en los \u00faltimos d\u00edas a la resistencia rusa, que ha detenido su avance.<\/p>\n\n\n\n<p>Mientras que las autoridades regionales y federales rusas niegan la presencia de fuerzas armadas ucranianas en Belgorod, Kiev intensifica sus operaciones.<\/p>\n\n\n\n<ul class=\"wp-block-list\">\n<li>El Ministerio de Defensa ruso a\u00fan no ha informado p\u00fablicamente sobre la incursi\u00f3n de Belgorod en esta parte del lado ruso de la frontera. A unos cincuenta kil\u00f3metros m\u00e1s al norte, la ciudad de Sudzha todav\u00eda estaba ocupada por las fuerzas de Kiev hace s\u00f3lo unas semanas.<\/li>\n<\/ul>\n\n\n\n<ul class=\"wp-block-list\">\n<li>Sin embargo, el gobernador del \u00f3blast de Belgorod, Viacheslav Gladkov, mencion\u00f3 en la ma\u00f1ana del viernes 28 de marzo varios ataques con drones y artiller\u00eda ucranianos en la regi\u00f3n en su canal de Telegram&nbsp;<span class='whitespace-nowrap'><span id='easy-footnote-1-61447' class='easy-footnote-margin-adjust'><\/span><span class='easy-footnote'><a href='https:\/\/legrandcontinent.eu\/es\/2025\/03\/28\/la-aviacion-ucraniana-ataca-objetivos-en-territorio-ruso-en-el-oblast-fronterizo-de-belgorod\/#easy-footnote-bottom-1-61447' title='&lt;a href=&quot;https:\/\/t.me\/vvgladkov\/12694&quot;&gt;Publicaci\u00f3n de \u041d\u0430\u0441\u0442\u043e\u044f\u0449\u0438\u0439 \u0413\u043b\u0430\u0434\u043a\u043e\u0432 en Telegram&lt;\/a&gt;, 28 de marzo de 2025.'><sup>1<\/sup><\/a><\/span><\/span>.<\/li>\n<\/ul>\n\n\n\n<div class=\"iframe-container wp-block-image wp-block-image-medium  iframe-dw\">\n\t<div>\n\t\t<iframe class=\"absolute w-full h-full pin-t pin-l\" title=\"titolo\" aria-label=\"Interactive line chart\" src=\"\/\/datawrapper.dwcdn.net\/8Ydc0\/\" scrolling=\"no\" frameborder=\"0\"><\/iframe>\n\t<\/div>\n<\/div>\n\n\n\n<p>El lunes 24 de marzo, el ej\u00e9rcito ucraniano destruy\u00f3 dos puentes situados en el r\u00edo Gryazny, a la altura de las aldeas de Grafovka y Annivka, a unos 8 kil\u00f3metros de la frontera, probablemente con ataques de lanzacohetes estadounidenses HIMARS&nbsp;<span class='whitespace-nowrap'><span id='easy-footnote-2-61447' class='easy-footnote-margin-adjust'><\/span><span class='easy-footnote'><a href='https:\/\/legrandcontinent.eu\/es\/2025\/03\/28\/la-aviacion-ucraniana-ataca-objetivos-en-territorio-ruso-en-el-oblast-fronterizo-de-belgorod\/#easy-footnote-bottom-2-61447' title='&lt;a href=&quot;https:\/\/t.me\/mash\/62602&quot;&gt;Publicaci\u00f3n de Mash en Telegram&lt;\/a&gt;, 24 de marzo de 2025.'><sup>2<\/sup><\/a><\/span><\/span> y luego de Sukhoi Su-27 modificados para transportar bombas guiadas francesas AASM y bombas estadounidenses JDAM y GBU-39&nbsp;<span class='whitespace-nowrap'><span id='easy-footnote-3-61447' class='easy-footnote-margin-adjust'><\/span><span class='easy-footnote'><a href='https:\/\/legrandcontinent.eu\/es\/2025\/03\/28\/la-aviacion-ucraniana-ataca-objetivos-en-territorio-ruso-en-el-oblast-fronterizo-de-belgorod\/#easy-footnote-bottom-3-61447' title='David Axe, \u00ab\u00a0&lt;a href=&quot;https:\/\/www.forbes.com\/sites\/davidaxe\/2025\/03\/27\/ukraines-bridge-busting-su-27s-are-trying-to-isolate-russian-troops-in-belgorod\/&quot;&gt;Ukraine\u2019s Bridge-Busting Su-27s Are Trying To Isolate Russian Troops In Belgorod&lt;\/a&gt;\u00a0\u00bb,\u00a0&lt;em&gt;Forbes&lt;\/em&gt;, 27 de marzo de 2025.'><sup>3<\/sup><\/a><\/span><\/span>.<\/p>\n\n\n\n<p>Se trata de uno de los pocos casos en que Ucrania ha utilizado aviones de combate para atacar infraestructuras en territorio ruso&nbsp;<span class='whitespace-nowrap'><span id='easy-footnote-4-61447' class='easy-footnote-margin-adjust'><\/span><span class='easy-footnote'><a href='https:\/\/legrandcontinent.eu\/es\/2025\/03\/28\/la-aviacion-ucraniana-ataca-objetivos-en-territorio-ruso-en-el-oblast-fronterizo-de-belgorod\/#easy-footnote-bottom-4-61447' title='&lt;a href=&quot;https:\/\/x.com\/wartranslated\/status\/1905341886358831555&quot;&gt;Publicaci\u00f3n de @wartranslated en X&lt;\/a&gt;, 27 de marzo de 2025.'><sup>4<\/sup><\/a><\/span><\/span>. Al parecer, s\u00f3lo se ha producido un suceso similar en dos ocasiones desde febrero de 2022.<\/p>\n\n\n\n<ul class=\"wp-block-list\">\n<li>En junio de 2024, un avi\u00f3n ucraniano atac\u00f3 un centro de mando ruso en la regi\u00f3n de Belgorod, cerca de Tsentralnoye&nbsp;<span class='whitespace-nowrap'><span id='easy-footnote-5-61447' class='easy-footnote-margin-adjust'><\/span><span class='easy-footnote'><a href='https:\/\/legrandcontinent.eu\/es\/2025\/03\/28\/la-aviacion-ucraniana-ataca-objetivos-en-territorio-ruso-en-el-oblast-fronterizo-de-belgorod\/#easy-footnote-bottom-5-61447' title='Artem Lysak y Deborah Haynes, \u00ab\u00a0&lt;a href=&quot;https:\/\/news.sky.com\/story\/ukrainian-warplane-fires-weapon-at-target-inside-russia-for-first-time-13150251&quot;&gt;Ukrainian warplane fires weapon at target inside Russia for first time&lt;\/a&gt;\u00a0\u00bb,\u00a0&lt;em&gt;Sky News&lt;\/em&gt;, 9 de junio de 2024.'><sup>5<\/sup><\/a><\/span><\/span>. Luego, en diciembre, un Sukhoi Su-27 lanz\u00f3 bombas guiadas estadounidenses sobre un pont\u00f3n en la regi\u00f3n de Kursk.<\/li>\n\n\n\n<li>Debido a su n\u00famero limitado y a los riesgos para los pilotos, Ucrania utiliza tradicionalmente sus aviones de combate para defender su espacio a\u00e9reo interceptando misiles y drones rusos.<\/li>\n\n\n\n<li>Los F-16 occidentales donados a Kiev cuentan con sistemas de radar y capacidades de misiles m\u00e1s avanzados y eficaces que sus equivalentes sovi\u00e9ticos en servicio en el ej\u00e9rcito ucraniano, como los MiG-29 y los Su-27.<\/li>\n\n\n\n<li>A principios de marzo, Kiev tambi\u00e9n despleg\u00f3 por primera vez sus Mirage 2000 franceses, entregados un mes antes, para repeler un ataque ruso contra sus infraestructuras civiles y energ\u00e9ticas&nbsp;<span class='whitespace-nowrap'><span id='easy-footnote-6-61447' class='easy-footnote-margin-adjust'><\/span><span class='easy-footnote'><a href='https:\/\/legrandcontinent.eu\/es\/2025\/03\/28\/la-aviacion-ucraniana-ataca-objetivos-en-territorio-ruso-en-el-oblast-fronterizo-de-belgorod\/#easy-footnote-bottom-6-61447' title='\u041d\u0430\u0442\u0430\u043b\u044c\u044f \u0410\u043d\u0438\u0441\u0435\u0435\u0432\u0430, \u00ab\u00a0&lt;a href=&quot;https:\/\/lenta.ru\/news\/2025\/03\/07\/ukraina-vpervye-primenila-v-boyu-frantsuzskie-istrebiteli-mirage-oni-dolzhny-ohotitsya-za-rossiyskimi-krylatymi-raketami-i-dronami\/&quot;&gt;\u0423\u043a\u0440\u0430\u0438\u043d\u0430 \u0432\u043f\u0435\u0440\u0432\u044b\u0435 \u043f\u0440\u0438\u043c\u0435\u043d\u0438\u043b\u0430 \u0432 \u0431\u043e\u044e \u0444\u0440\u0430\u043d\u0446\u0443\u0437\u0441\u043a\u0438\u0435 \u0438\u0441\u0442\u0440\u0435\u0431\u0438\u0442\u0435\u043b\u0438 Mirage. \u041e\u043d\u0438 \u0434\u043e\u043b\u0436\u043d\u044b \u043e\u0445\u043e\u0442\u0438\u0442\u044c\u0441\u044f \u0437\u0430 \u0440\u043e\u0441\u0441\u0438\u0439\u0441\u043a\u0438\u043c\u0438 \u043a\u0440\u044b\u043b\u0430\u0442\u044b\u043c\u0438 \u0440\u0430\u043a\u0435\u0442\u0430\u043c\u0438 \u0438 \u0434\u0440\u043e\u043d\u0430\u043c\u0438&lt;\/a&gt;\u00a0\u00bb,\u00a0&lt;em&gt;Lenta&lt;\/em&gt;, 7 de marzo de 2025.'><sup>6<\/sup><\/a><\/span><\/span>.<\/li>\n<\/ul>\n\n\n\n<div class=\"iframe-container wp-block-image wp-block-image-medium  iframe-dw\">\n\t<div>\n\t\t<iframe class=\"absolute w-full h-full pin-t pin-l\" title=\"titolo\" aria-label=\"Interactive line chart\" src=\"\/\/datawrapper.dwcdn.net\/iAunr\/\" scrolling=\"no\" frameborder=\"0\"><\/iframe>\n\t<\/div>\n<\/div>\n\n\n\n<p>La regi\u00f3n fronteriza en el noreste de Ucrania se ha convertido en las \u00faltimas semanas en uno de los escenarios m\u00e1s activos de la guerra, mientras que el avance ruso se ha ralentizado constantemente en los \u00faltimos meses en el este y el sur del pa\u00eds. El 26 de marzo, Volod\u00edmir Zelenski alert\u00f3 de una nueva ofensiva rusa en preparaci\u00f3n en las regiones fronterizas ucranianas de Sumy y J\u00e1rkov&nbsp;<span class='whitespace-nowrap'><span id='easy-footnote-7-61447' class='easy-footnote-margin-adjust'><\/span><span class='easy-footnote'><a href='https:\/\/legrandcontinent.eu\/es\/2025\/03\/28\/la-aviacion-ucraniana-ataca-objetivos-en-territorio-ruso-en-el-oblast-fronterizo-de-belgorod\/#easy-footnote-bottom-7-61447' title='Isabelle Lasserre, \u00ab\u00a0&lt;a href=&quot;https:\/\/www.lefigaro.fr\/international\/volodymyr-zelensky-au-figaro-notre-victoire-sera-de-ne-pas-appartenir-a-la-russie-et-a-sa-vision-du-monde-20250326&quot;&gt;Volodymyr Zelensky au Figaro\u00a0: \u201cNotre victoire sera de ne pas appartenir \u00e0 la Russie et \u00e0 sa vision du monde\u201d&lt;\/a&gt;\u00a0\u00bb,\u00a0&lt;em&gt;Le Figaro&lt;\/em&gt;, 26 de marzo de 2025.'><sup>7<\/sup><\/a><\/span><\/span>. Con el fin de disuadir a Mosc\u00fa de lanzar ataques en estas regiones, Kiev lanz\u00f3 hace diez d\u00edas una incursi\u00f3n en Belgorod.<\/p>\n","protected":false},"excerpt":{"rendered":"<p>En uno de los pocos usos desde el comienzo de la guerra de aviones de combate para atacar infraestructuras en territorio ruso, el ej\u00e9rcito ucraniano atac\u00f3 a principios de semana dos puentes en la regi\u00f3n de Belgorod con bombas lanzadas desde Sukhoi Su-27. En las \u00faltimas semanas, la regi\u00f3n fronteriza del noreste de Ucrania se ha convertido en uno de los escenarios m\u00e1s activos del conflicto, mientras que el avance ruso se ha ralentizado constantemente en los \u00faltimos meses en el este y el sur del pa\u00eds.<\/p>\n","protected":false},"author":1366,"featured_media":61450,"comment_status":"closed","ping_status":"closed","sticky":false,"template":"templates\/post-briefings.php","format":"standard","meta":{"_acf_changed":true,"_trash_the_other_posts":false,"_yoast_wpseo_estimated-reading-time-minutes":3,"footnotes":""},"categories":[216],"tags":[],"staff":[],"editorial_format":[],"serie":[],"audience":[],"geo":[177],"class_list":["post-61447","post","type-post","status-publish","format-standard","hentry","category-la-guerra-en-ucrania-dia-a-dia","geo-europa"],"acf":{"open_in_webview":false,"accent":false,"_thumbnail_id":61450,"excerpt":"En uno de los pocos usos desde el comienzo de la guerra de aviones de combate para atacar infraestructuras en territorio ruso, el ej\u00e9rcito ucraniano atac\u00f3 a principios de semana dos puentes en la regi\u00f3n de Belgorod con bombas lanzadas desde Sukhoi Su-27. En las \u00faltimas semanas, la regi\u00f3n fronteriza del noreste de Ucrania se ha convertido en uno de los escenarios m\u00e1s activos del conflicto, mientras que el avance ruso se ha ralentizado constantemente en los \u00faltimos meses en el este y el sur del pa\u00eds.","display_date":"","new_abstract":true},"yoast_head":"<!-- This site is optimized with the Yoast SEO plugin v26.1.1 - https:\/\/yoast.com\/wordpress\/plugins\/seo\/ -->\n<title>La aviaci\u00f3n ucraniana ataca objetivos en territorio ruso, en el \u00f3blast fronterizo de Belgorod - El Grand Continent<\/title>\n<meta name=\"robots\" content=\"index, follow, max-snippet:-1, max-image-preview:large, max-video-preview:-1\" \/>\n<link rel=\"canonical\" href=\"https:\/\/legrandcontinent.eu\/es\/2025\/03\/28\/la-aviacion-ucraniana-ataca-objetivos-en-territorio-ruso-en-el-oblast-fronterizo-de-belgorod\/\" \/>\n<meta property=\"og:locale\" content=\"es_ES\" \/>\n<meta property=\"og:type\" content=\"article\" \/>\n<meta property=\"og:title\" content=\"La aviaci\u00f3n ucraniana ataca objetivos en territorio ruso, en el \u00f3blast fronterizo de Belgorod - El Grand Continent\" \/>\n<meta property=\"og:description\" content=\"En uno de los pocos usos desde el comienzo de la guerra de aviones de combate para atacar infraestructuras en territorio ruso, el ej\u00e9rcito ucraniano atac\u00f3 a principios de semana dos puentes en la regi\u00f3n de Belgorod con bombas lanzadas desde Sukhoi Su-27. En las \u00faltimas semanas, la regi\u00f3n fronteriza del noreste de Ucrania se ha convertido en uno de los escenarios m\u00e1s activos del conflicto, mientras que el avance ruso se ha ralentizado constantemente en los \u00faltimos meses en el este y el sur del pa\u00eds.\" \/>\n<meta property=\"og:url\" content=\"https:\/\/legrandcontinent.eu\/es\/2025\/03\/28\/la-aviacion-ucraniana-ataca-objetivos-en-territorio-ruso-en-el-oblast-fronterizo-de-belgorod\/\" \/>\n<meta property=\"og:site_name\" content=\"El Grand Continent\" \/>\n<meta property=\"article:published_time\" content=\"2025-03-28T16:40:05+00:00\" \/>\n<meta property=\"article:modified_time\" content=\"2025-03-28T16:40:07+00:00\" \/>\n<meta property=\"og:image\" content=\"https:\/\/legrandcontinent.eu\/es\/wp-content\/uploads\/sites\/6\/2025\/03\/gc-elincurs-scaled.jpg\" \/>\n\t<meta property=\"og:image:width\" content=\"2560\" \/>\n\t<meta property=\"og:image:height\" content=\"1440\" \/>\n\t<meta property=\"og:image:type\" content=\"image\/jpeg\" \/>\n<meta name=\"author\" content=\"florent\" \/>\n<meta name=\"twitter:card\" content=\"summary_large_image\" \/>\n<meta name=\"twitter:image\" content=\"https:\/\/legrandcontinent.eu\/es\/wp-content\/uploads\/sites\/6\/2025\/03\/gc-elincurs-scaled.jpg\" \/>\n<meta name=\"twitter:label1\" content=\"Escrito por\" \/>\n\t<meta name=\"twitter:data1\" content=\"florent\" \/>\n\t<meta name=\"twitter:label2\" content=\"Tiempo de lectura\" \/>\n\t<meta name=\"twitter:data2\" content=\"3 minutos\" \/>\n<script type=\"application\/ld+json\" class=\"yoast-schema-graph\">{\"@context\":\"https:\/\/schema.org\",\"@graph\":[{\"@type\":\"WebPage\",\"@id\":\"https:\/\/legrandcontinent.eu\/es\/2025\/03\/28\/la-aviacion-ucraniana-ataca-objetivos-en-territorio-ruso-en-el-oblast-fronterizo-de-belgorod\/\",\"url\":\"https:\/\/legrandcontinent.eu\/es\/2025\/03\/28\/la-aviacion-ucraniana-ataca-objetivos-en-territorio-ruso-en-el-oblast-fronterizo-de-belgorod\/\",\"name\":\"La aviaci\u00f3n ucraniana ataca objetivos en territorio ruso, en el \u00f3blast fronterizo de Belgorod - El Grand Continent\",\"isPartOf\":{\"@id\":\"https:\/\/legrandcontinent.eu\/es\/#website\"},\"primaryImageOfPage\":{\"@id\":\"https:\/\/legrandcontinent.eu\/es\/2025\/03\/28\/la-aviacion-ucraniana-ataca-objetivos-en-territorio-ruso-en-el-oblast-fronterizo-de-belgorod\/#primaryimage\"},\"image\":{\"@id\":\"https:\/\/legrandcontinent.eu\/es\/2025\/03\/28\/la-aviacion-ucraniana-ataca-objetivos-en-territorio-ruso-en-el-oblast-fronterizo-de-belgorod\/#primaryimage\"},\"thumbnailUrl\":\"https:\/\/legrandcontinent.eu\/es\/wp-content\/uploads\/sites\/6\/2025\/03\/8Ydc0-incursi-n-ucraniana-en-la-regi-n-rusa-de-belgorod-el-27-de-marzo-de-2025-.png\",\"datePublished\":\"2025-03-28T16:40:05+00:00\",\"dateModified\":\"2025-03-28T16:40:07+00:00\",\"author\":{\"@id\":\"https:\/\/legrandcontinent.eu\/es\/#\/schema\/person\/cdd782c93d4a9eda86ab19a8c01cdf5c\"},\"breadcrumb\":{\"@id\":\"https:\/\/legrandcontinent.eu\/es\/2025\/03\/28\/la-aviacion-ucraniana-ataca-objetivos-en-territorio-ruso-en-el-oblast-fronterizo-de-belgorod\/#breadcrumb\"},\"inLanguage\":\"es\",\"potentialAction\":[{\"@type\":\"ReadAction\",\"target\":[\"https:\/\/legrandcontinent.eu\/es\/2025\/03\/28\/la-aviacion-ucraniana-ataca-objetivos-en-territorio-ruso-en-el-oblast-fronterizo-de-belgorod\/\"]}]},{\"@type\":\"ImageObject\",\"inLanguage\":\"es\",\"@id\":\"https:\/\/legrandcontinent.eu\/es\/2025\/03\/28\/la-aviacion-ucraniana-ataca-objetivos-en-territorio-ruso-en-el-oblast-fronterizo-de-belgorod\/#primaryimage\",\"url\":\"https:\/\/legrandcontinent.eu\/es\/wp-content\/uploads\/sites\/6\/2025\/03\/8Ydc0-incursi-n-ucraniana-en-la-regi-n-rusa-de-belgorod-el-27-de-marzo-de-2025-.png\",\"contentUrl\":\"https:\/\/legrandcontinent.eu\/es\/wp-content\/uploads\/sites\/6\/2025\/03\/8Ydc0-incursi-n-ucraniana-en-la-regi-n-rusa-de-belgorod-el-27-de-marzo-de-2025-.png\",\"width\":1604,\"height\":1430},{\"@type\":\"BreadcrumbList\",\"@id\":\"https:\/\/legrandcontinent.eu\/es\/2025\/03\/28\/la-aviacion-ucraniana-ataca-objetivos-en-territorio-ruso-en-el-oblast-fronterizo-de-belgorod\/#breadcrumb\",\"itemListElement\":[{\"@type\":\"ListItem\",\"position\":1,\"name\":\"Home\",\"item\":\"https:\/\/legrandcontinent.eu\/es\/\"},{\"@type\":\"ListItem\",\"position\":2,\"name\":\"La aviaci\u00f3n ucraniana ataca objetivos en territorio ruso, en el \u00f3blast fronterizo de Belgorod\"}]},{\"@type\":\"WebSite\",\"@id\":\"https:\/\/legrandcontinent.eu\/es\/#website\",\"url\":\"https:\/\/legrandcontinent.eu\/es\/\",\"name\":\"El Grand Continent\",\"description\":\"La escala pertinente\",\"potentialAction\":[{\"@type\":\"SearchAction\",\"target\":{\"@type\":\"EntryPoint\",\"urlTemplate\":\"https:\/\/legrandcontinent.eu\/es\/?s={search_term_string}\"},\"query-input\":{\"@type\":\"PropertyValueSpecification\",\"valueRequired\":true,\"valueName\":\"search_term_string\"}}],\"inLanguage\":\"es\"},{\"@type\":\"Person\",\"@id\":\"https:\/\/legrandcontinent.eu\/es\/#\/schema\/person\/cdd782c93d4a9eda86ab19a8c01cdf5c\",\"name\":\"florent\",\"image\":{\"@type\":\"ImageObject\",\"inLanguage\":\"es\",\"@id\":\"https:\/\/legrandcontinent.eu\/es\/#\/schema\/person\/image\/\",\"url\":\"https:\/\/secure.gravatar.com\/avatar\/0d38d78c90602daf39b309035cdac6bc?s=96&d=mm&r=g\",\"contentUrl\":\"https:\/\/secure.gravatar.com\/avatar\/0d38d78c90602daf39b309035cdac6bc?s=96&d=mm&r=g\",\"caption\":\"florent\"}}]}<\/script>\n<!-- \/ Yoast SEO plugin. -->","yoast_head_json":{"title":"La aviaci\u00f3n ucraniana ataca objetivos en territorio ruso, en el \u00f3blast fronterizo de Belgorod - El Grand Continent","robots":{"index":"index","follow":"follow","max-snippet":"max-snippet:-1","max-image-preview":"max-image-preview:large","max-video-preview":"max-video-preview:-1"},"canonical":"https:\/\/legrandcontinent.eu\/es\/2025\/03\/28\/la-aviacion-ucraniana-ataca-objetivos-en-territorio-ruso-en-el-oblast-fronterizo-de-belgorod\/","og_locale":"es_ES","og_type":"article","og_title":"La aviaci\u00f3n ucraniana ataca objetivos en territorio ruso, en el \u00f3blast fronterizo de Belgorod - El Grand Continent","og_description":"En uno de los pocos usos desde el comienzo de la guerra de aviones de combate para atacar infraestructuras en territorio ruso, el ej\u00e9rcito ucraniano atac\u00f3 a principios de semana dos puentes en la regi\u00f3n de Belgorod con bombas lanzadas desde Sukhoi Su-27. En las \u00faltimas semanas, la regi\u00f3n fronteriza del noreste de Ucrania se ha convertido en uno de los escenarios m\u00e1s activos del conflicto, mientras que el avance ruso se ha ralentizado constantemente en los \u00faltimos meses en el este y el sur del pa\u00eds.","og_url":"https:\/\/legrandcontinent.eu\/es\/2025\/03\/28\/la-aviacion-ucraniana-ataca-objetivos-en-territorio-ruso-en-el-oblast-fronterizo-de-belgorod\/","og_site_name":"El Grand Continent","article_published_time":"2025-03-28T16:40:05+00:00","article_modified_time":"2025-03-28T16:40:07+00:00","og_image":[{"width":2560,"height":1440,"url":"https:\/\/legrandcontinent.eu\/es\/wp-content\/uploads\/sites\/6\/2025\/03\/gc-elincurs-scaled.jpg","type":"image\/jpeg"}],"author":"florent","twitter_card":"summary_large_image","twitter_image":"https:\/\/legrandcontinent.eu\/es\/wp-content\/uploads\/sites\/6\/2025\/03\/gc-elincurs-scaled.jpg","twitter_misc":{"Escrito por":"florent","Tiempo de lectura":"3 minutos"},"schema":{"@context":"https:\/\/schema.org","@graph":[{"@type":"WebPage","@id":"https:\/\/legrandcontinent.eu\/es\/2025\/03\/28\/la-aviacion-ucraniana-ataca-objetivos-en-territorio-ruso-en-el-oblast-fronterizo-de-belgorod\/","url":"https:\/\/legrandcontinent.eu\/es\/2025\/03\/28\/la-aviacion-ucraniana-ataca-objetivos-en-territorio-ruso-en-el-oblast-fronterizo-de-belgorod\/","name":"La aviaci\u00f3n ucraniana ataca objetivos en territorio ruso, en el \u00f3blast fronterizo de Belgorod - El Grand Continent","isPartOf":{"@id":"https:\/\/legrandcontinent.eu\/es\/#website"},"primaryImageOfPage":{"@id":"https:\/\/legrandcontinent.eu\/es\/2025\/03\/28\/la-aviacion-ucraniana-ataca-objetivos-en-territorio-ruso-en-el-oblast-fronterizo-de-belgorod\/#primaryimage"},"image":{"@id":"https:\/\/legrandcontinent.eu\/es\/2025\/03\/28\/la-aviacion-ucraniana-ataca-objetivos-en-territorio-ruso-en-el-oblast-fronterizo-de-belgorod\/#primaryimage"},"thumbnailUrl":"https:\/\/legrandcontinent.eu\/es\/wp-content\/uploads\/sites\/6\/2025\/03\/8Ydc0-incursi-n-ucraniana-en-la-regi-n-rusa-de-belgorod-el-27-de-marzo-de-2025-.png","datePublished":"2025-03-28T16:40:05+00:00","dateModified":"2025-03-28T16:40:07+00:00","author":{"@id":"https:\/\/legrandcontinent.eu\/es\/#\/schema\/person\/cdd782c93d4a9eda86ab19a8c01cdf5c"},"breadcrumb":{"@id":"https:\/\/legrandcontinent.eu\/es\/2025\/03\/28\/la-aviacion-ucraniana-ataca-objetivos-en-territorio-ruso-en-el-oblast-fronterizo-de-belgorod\/#breadcrumb"},"inLanguage":"es","potentialAction":[{"@type":"ReadAction","target":["https:\/\/legrandcontinent.eu\/es\/2025\/03\/28\/la-aviacion-ucraniana-ataca-objetivos-en-territorio-ruso-en-el-oblast-fronterizo-de-belgorod\/"]}]},{"@type":"ImageObject","inLanguage":"es","@id":"https:\/\/legrandcontinent.eu\/es\/2025\/03\/28\/la-aviacion-ucraniana-ataca-objetivos-en-territorio-ruso-en-el-oblast-fronterizo-de-belgorod\/#primaryimage","url":"https:\/\/legrandcontinent.eu\/es\/wp-content\/uploads\/sites\/6\/2025\/03\/8Ydc0-incursi-n-ucraniana-en-la-regi-n-rusa-de-belgorod-el-27-de-marzo-de-2025-.png","contentUrl":"https:\/\/legrandcontinent.eu\/es\/wp-content\/uploads\/sites\/6\/2025\/03\/8Ydc0-incursi-n-ucraniana-en-la-regi-n-rusa-de-belgorod-el-27-de-marzo-de-2025-.png","width":1604,"height":1430},{"@type":"BreadcrumbList","@id":"https:\/\/legrandcontinent.eu\/es\/2025\/03\/28\/la-aviacion-ucraniana-ataca-objetivos-en-territorio-ruso-en-el-oblast-fronterizo-de-belgorod\/#breadcrumb","itemListElement":[{"@type":"ListItem","position":1,"name":"Home","item":"https:\/\/legrandcontinent.eu\/es\/"},{"@type":"ListItem","position":2,"name":"La aviaci\u00f3n ucraniana ataca objetivos en territorio ruso, en el \u00f3blast fronterizo de Belgorod"}]},{"@type":"WebSite","@id":"https:\/\/legrandcontinent.eu\/es\/#website","url":"https:\/\/legrandcontinent.eu\/es\/","name":"El Grand Continent","description":"La escala pertinente","potentialAction":[{"@type":"SearchAction","target":{"@type":"EntryPoint","urlTemplate":"https:\/\/legrandcontinent.eu\/es\/?s={search_term_string}"},"query-input":{"@type":"PropertyValueSpecification","valueRequired":true,"valueName":"search_term_string"}}],"inLanguage":"es"},{"@type":"Person","@id":"https:\/\/legrandcontinent.eu\/es\/#\/schema\/person\/cdd782c93d4a9eda86ab19a8c01cdf5c","name":"florent","image":{"@type":"ImageObject","inLanguage":"es","@id":"https:\/\/legrandcontinent.eu\/es\/#\/schema\/person\/image\/","url":"https:\/\/secure.gravatar.com\/avatar\/0d38d78c90602daf39b309035cdac6bc?s=96&d=mm&r=g","contentUrl":"https:\/\/secure.gravatar.com\/avatar\/0d38d78c90602daf39b309035cdac6bc?s=96&d=mm&r=g","caption":"florent"}}]}},"lgc_categories":[{"id":216,"name":"La guerra en Ucrania d\u00eda a d\u00eda","slug":"la-guerra-en-ucrania-dia-a-dia"}],"lgc_author":null,"feature_image_summary":{"url":"https:\/\/legrandcontinent.eu\/es\/wp-content\/uploads\/sites\/6\/2025\/03\/8Ydc0-incursi-n-ucraniana-en-la-regi-n-rusa-de-belgorod-el-27-de-marzo-de-2025-.png","width":1604,"height":1430,"alt":""},"feature_image_cover":null,"term_position_data":null,"_links":{"self":[{"href":"https:\/\/legrandcontinent.eu\/es\/wp-json\/wp\/v2\/posts\/61447","targetHints":{"allow":["GET"]}}],"collection":[{"href":"https:\/\/legrandcontinent.eu\/es\/wp-json\/wp\/v2\/posts"}],"about":[{"href":"https:\/\/legrandcontinent.eu\/es\/wp-json\/wp\/v2\/types\/post"}],"author":[{"embeddable":true,"href":"https:\/\/legrandcontinent.eu\/es\/wp-json\/wp\/v2\/users\/1366"}],"replies":[{"embeddable":true,"href":"https:\/\/legrandcontinent.eu\/es\/wp-json\/wp\/v2\/comments?post=61447"}],"version-history":[{"count":0,"href":"https:\/\/legrandcontinent.eu\/es\/wp-json\/wp\/v2\/posts\/61447\/revisions"}],"wp:featuredmedia":[{"embeddable":true,"href":"https:\/\/legrandcontinent.eu\/es\/wp-json\/wp\/v2\/media\/61450"}],"wp:attachment":[{"href":"https:\/\/legrandcontinent.eu\/es\/wp-json\/wp\/v2\/media?parent=61447"}],"wp:term":[{"taxonomy":"category","embeddable":true,"href":"https:\/\/legrandcontinent.eu\/es\/wp-json\/wp\/v2\/categories?post=61447"},{"taxonomy":"post_tag","embeddable":true,"href":"https:\/\/legrandcontinent.eu\/es\/wp-json\/wp\/v2\/tags?post=61447"},{"taxonomy":"staff","embeddable":true,"href":"https:\/\/legrandcontinent.eu\/es\/wp-json\/wp\/v2\/staff?post=61447"},{"taxonomy":"editorial_format","embeddable":true,"href":"https:\/\/legrandcontinent.eu\/es\/wp-json\/wp\/v2\/editorial_format?post=61447"},{"taxonomy":"serie","embeddable":true,"href":"https:\/\/legrandcontinent.eu\/es\/wp-json\/wp\/v2\/serie?post=61447"},{"taxonomy":"audience","embeddable":true,"href":"https:\/\/legrandcontinent.eu\/es\/wp-json\/wp\/v2\/audience?post=61447"},{"taxonomy":"geo","embeddable":true,"href":"https:\/\/legrandcontinent.eu\/es\/wp-json\/wp\/v2\/geo?post=61447"}],"curies":[{"name":"wp","href":"https:\/\/api.w.org\/{rel}","templated":true}]}}