{"id":61133,"date":"2025-03-25T14:32:43","date_gmt":"2025-03-25T13:32:43","guid":{"rendered":"https:\/\/legrandcontinent.eu\/es\/?p=61133"},"modified":"2025-03-25T14:32:45","modified_gmt":"2025-03-25T13:32:45","slug":"dos-tercios-de-los-europeos-desean-que-la-union-desempene-un-papel-mas-importante-en-su-seguridad","status":"publish","type":"post","link":"https:\/\/legrandcontinent.eu\/es\/2025\/03\/25\/dos-tercios-de-los-europeos-desean-que-la-union-desempene-un-papel-mas-importante-en-su-seguridad\/","title":{"rendered":"Dos tercios de los europeos desean que la Uni\u00f3n desempe\u00f1e un papel m\u00e1s importante en su seguridad"},"content":{"rendered":"\n<p>Seg\u00fan la \u00faltima encuesta Eurobar\u00f3metro realizada por el Parlamento Europeo en los 27 Estados miembros en enero-febrero de 2025, dos tercios de los ciudadanos europeos est\u00e1n a favor de que la Uni\u00f3n desempe\u00f1e un papel m\u00e1s activo para protegerlos frente a las crisis globales y los riesgos de seguridad&nbsp;<span class='whitespace-nowrap'><span id='easy-footnote-1-61133' class='easy-footnote-margin-adjust'><\/span><span class='easy-footnote'><a href='https:\/\/legrandcontinent.eu\/es\/2025\/03\/25\/dos-tercios-de-los-europeos-desean-que-la-union-desempene-un-papel-mas-importante-en-su-seguridad\/#easy-footnote-bottom-1-61133' title='&lt;a href=&quot;https:\/\/europa.eu\/eurobarometer\/surveys\/detail\/3492&quot;&gt;EP Winter 2025 survey&lt;\/a&gt;, 25 de marzo de 2025.'><sup>1<\/sup><\/a><\/span><\/span>.<\/p>\n\n\n\n<ul class=\"wp-block-list\">\n<li>Para ello, m\u00e1s de tres cuartas partes (76%) de los encuestados afirman que la Uni\u00f3n necesita \u00abm\u00e1s medios\u00bb para hacer frente a estos desaf\u00edos.<\/li>\n\n\n\n<li>En Finlandia, el 92% est\u00e1 de acuerdo con esta afirmaci\u00f3n, el 91% en Chipre, el 86% en Hungr\u00eda y Grecia y el 85% en Espa\u00f1a y Portugal.<\/li>\n<\/ul>\n\n\n\n<div class=\"iframe-container wp-block-image wp-block-image-medium  iframe-dw\">\n\t<div>\n\t\t<iframe class=\"absolute w-full h-full pin-t pin-l\" title=\"titolo\" aria-label=\"Interactive line chart\" src=\"\/\/datawrapper.dwcdn.net\/LWNrg\/\" scrolling=\"no\" frameborder=\"0\"><\/iframe>\n\t<\/div>\n<\/div>\n\n\n\n<ul class=\"wp-block-list\">\n<li>Los europeos siguen situando la defensa y la seguridad en el primer lugar de las \u00e1reas en las que desean que la Uni\u00f3n se concentre para reforzar su posici\u00f3n en el mundo.<\/li>\n\n\n\n<li>La creciente preocupaci\u00f3n de los ciudadanos europeos por la competitividad de la Uni\u00f3n, su econom\u00eda e industria (+5 puntos porcentuales en comparaci\u00f3n con el a\u00f1o pasado) se produce en detrimento de la acci\u00f3n clim\u00e1tica, que registra una ca\u00edda de 6 puntos (el 18% sigue diciendo que deber\u00eda ser objeto de una mayor atenci\u00f3n por parte de la Uni\u00f3n).<\/li>\n<\/ul>\n\n\n\n<div class=\"iframe-container wp-block-image wp-block-image-medium  iframe-dw\">\n\t<div>\n\t\t<iframe class=\"absolute w-full h-full pin-t pin-l\" title=\"titolo\" aria-label=\"Interactive line chart\" src=\"\/\/datawrapper.dwcdn.net\/tNVnY\/\" scrolling=\"no\" frameborder=\"0\"><\/iframe>\n\t<\/div>\n<\/div>\n\n\n\n<p>En general, las sucesivas crisis a las que se ha enfrentado la Uni\u00f3n en los \u00faltimos a\u00f1os (la pandemia de coronavirus, la invasi\u00f3n rusa de Ucrania, el aumento de los costes de la energ\u00eda y las amenazas de la administraci\u00f3n Trump a Europa) han reforzado la imagen de la Uni\u00f3n entre los ciudadanos europeos. Hoy, el 50% dice tener una imagen \u00abpositiva\u00bb de la Uni\u00f3n Europea, frente al 40% a finales de 2019.<\/p>\n\n\n\n<div class=\"iframe-container wp-block-image wp-block-image-medium  iframe-dw\">\n\t<div>\n\t\t<iframe class=\"absolute w-full h-full pin-t pin-l\" title=\"titolo\" aria-label=\"Interactive line chart\" src=\"\/\/datawrapper.dwcdn.net\/mFZMk\/\" scrolling=\"no\" frameborder=\"0\"><\/iframe>\n\t<\/div>\n<\/div>\n\n\n\n<p>Los resultados de la encuesta, que reflejan el deseo de los europeos de ver una Uni\u00f3n m\u00e1s integrada y con m\u00e1s competencias, especialmente en materia de seguridad y defensa, coinciden con las conclusiones de <a href=\"https:\/\/legrandcontinent.eu\/fr\/2025\/03\/20\/les-europeens-face-a-la-guerre-et-trump-10-points-sur-un-sondage-exclusif\/\">nuestra encuesta exclusiva Eurobazuca<\/a>.<\/p>\n\n\n\n<ul class=\"wp-block-list\">\n<li>Seg\u00fan este estudio, realizado para el Grand Continent por el instituto Cluster17, m\u00e1s de dos tercios de los ciudadanos europeos \u2014encuestados en 9 Estados miembros\u2014 consideran que <a href=\"https:\/\/legrandcontinent.eu\/es\/2025\/03\/20\/frente-a-la-guerra-y-trump-medir-la-opinion-publica-europea-10-puntos-sobre-una-encuesta-exclusiva\/\">la Uni\u00f3n debe confiar \u00fanicamente en sus propias fuerzas para garantizar su defensa<\/a>. S\u00f3lo el 10% afirma que la Uni\u00f3n puede contar con los Estados Unidos de Donald Trump en este \u00e1mbito.<\/li>\n\n\n\n<li>Del mismo modo, el 60% de los europeos est\u00e1n a favor de la creaci\u00f3n de un ej\u00e9rcito com\u00fan europeo para garantizar la defensa de sus pa\u00edses. Esta tendencia es especialmente marcada en Europa occidental (74% en B\u00e9lgica, 73% en Espa\u00f1a), mientras que los pa\u00edses de Europa del Este (46% en Ruman\u00eda y 37% en Polonia) son los menos favorables.<\/li>\n<\/ul>\n\n\n\n<div class=\"iframe-container wp-block-image wp-block-image-medium  iframe-dw\">\n\t<div>\n\t\t<iframe class=\"absolute w-full h-full pin-t pin-l\" title=\"titolo\" aria-label=\"Interactive line chart\" src=\"\/\/datawrapper.dwcdn.net\/3mHD4\/\" scrolling=\"no\" frameborder=\"0\"><\/iframe>\n\t<\/div>\n<\/div>\n\n\n\n<p>Los europeos tienen opiniones reservadas sobre el papel que la Uni\u00f3n tendr\u00e1 que desempe\u00f1ar en los asuntos mundiales en los pr\u00f3ximos a\u00f1os. Mientras que el 44% cree que desempe\u00f1ar\u00e1 un papel m\u00e1s importante, m\u00e1s de un tercio (35%) considera que seguir\u00e1 siendo \u00abel mismo\u00bb, y el 18% cree que su importancia disminuir\u00e1.<\/p>\n","protected":false},"excerpt":{"rendered":"<p>El \u00faltimo Eurobar\u00f3metro publicado hoy, martes 25 de marzo, por el Parlamento Europeo indica que el 66% de los europeos quieren que la Uni\u00f3n Europea desempe\u00f1e un papel m\u00e1s importante para protegerlos frente a las crisis globales y los riesgos de seguridad. Para ello, m\u00e1s de tres cuartas partes (76%) quieren proporcionar m\u00e1s recursos a la Uni\u00f3n para hacer frente a los \u00abdesaf\u00edos globales\u00bb.<\/p>\n","protected":false},"author":1366,"featured_media":61131,"comment_status":"closed","ping_status":"closed","sticky":false,"template":"templates\/post-briefings.php","format":"standard","meta":{"_acf_changed":true,"_trash_the_other_posts":false,"_yoast_wpseo_estimated-reading-time-minutes":3,"footnotes":""},"categories":[179],"tags":[],"staff":[],"editorial_format":[],"serie":[],"audience":[],"geo":[177],"class_list":["post-61133","post","type-post","status-publish","format-standard","hentry","category-seguridad","geo-europa"],"acf":{"open_in_webview":false,"accent":false,"_thumbnail_id":61131,"excerpt":"El \u00faltimo Eurobar\u00f3metro publicado hoy, martes 25 de marzo, por el Parlamento Europeo indica que el 66% de los europeos quieren que la Uni\u00f3n Europea desempe\u00f1e un papel m\u00e1s importante para protegerlos frente a las crisis globales y los riesgos de seguridad. Para ello, m\u00e1s de tres cuartas partes (76%) quieren proporcionar m\u00e1s recursos a la Uni\u00f3n para hacer frente a los \u00abdesaf\u00edos globales\u00bb.","display_date":"","new_abstract":true},"yoast_head":"<!-- This site is optimized with the Yoast SEO plugin v26.1.1 - https:\/\/yoast.com\/wordpress\/plugins\/seo\/ -->\n<title>Dos tercios de los europeos desean que la Uni\u00f3n desempe\u00f1e un papel m\u00e1s importante en su seguridad - El Grand Continent<\/title>\n<meta name=\"robots\" content=\"index, follow, max-snippet:-1, max-image-preview:large, max-video-preview:-1\" \/>\n<link rel=\"canonical\" href=\"https:\/\/legrandcontinent.eu\/es\/2025\/03\/25\/dos-tercios-de-los-europeos-desean-que-la-union-desempene-un-papel-mas-importante-en-su-seguridad\/\" \/>\n<meta property=\"og:locale\" content=\"es_ES\" \/>\n<meta property=\"og:type\" content=\"article\" \/>\n<meta property=\"og:title\" content=\"Dos tercios de los europeos desean que la Uni\u00f3n desempe\u00f1e un papel m\u00e1s importante en su seguridad - El Grand Continent\" \/>\n<meta property=\"og:description\" content=\"El \u00faltimo Eurobar\u00f3metro publicado hoy, martes 25 de marzo, por el Parlamento Europeo indica que el 66% de los europeos quieren que la Uni\u00f3n Europea desempe\u00f1e un papel m\u00e1s importante para protegerlos frente a las crisis globales y los riesgos de seguridad. Para ello, m\u00e1s de tres cuartas partes (76%) quieren proporcionar m\u00e1s recursos a la Uni\u00f3n para hacer frente a los \u00abdesaf\u00edos globales\u00bb.\" \/>\n<meta property=\"og:url\" content=\"https:\/\/legrandcontinent.eu\/es\/2025\/03\/25\/dos-tercios-de-los-europeos-desean-que-la-union-desempene-un-papel-mas-importante-en-su-seguridad\/\" \/>\n<meta property=\"og:site_name\" content=\"El Grand Continent\" \/>\n<meta property=\"article:published_time\" content=\"2025-03-25T13:32:43+00:00\" \/>\n<meta property=\"article:modified_time\" content=\"2025-03-25T13:32:45+00:00\" \/>\n<meta property=\"og:image\" content=\"https:\/\/legrandcontinent.eu\/es\/wp-content\/uploads\/sites\/6\/2025\/03\/gc-elrecursos-scaled.jpg\" \/>\n\t<meta property=\"og:image:width\" content=\"2560\" \/>\n\t<meta property=\"og:image:height\" content=\"1440\" \/>\n\t<meta property=\"og:image:type\" content=\"image\/jpeg\" \/>\n<meta name=\"author\" content=\"florent\" \/>\n<meta name=\"twitter:card\" content=\"summary_large_image\" \/>\n<meta name=\"twitter:image\" content=\"https:\/\/legrandcontinent.eu\/es\/wp-content\/uploads\/sites\/6\/2025\/03\/gc-elrecursos-scaled.jpg\" \/>\n<meta name=\"twitter:label1\" content=\"Escrito por\" \/>\n\t<meta name=\"twitter:data1\" content=\"florent\" \/>\n\t<meta name=\"twitter:label2\" content=\"Tiempo de lectura\" \/>\n\t<meta name=\"twitter:data2\" content=\"3 minutos\" \/>\n<script type=\"application\/ld+json\" class=\"yoast-schema-graph\">{\"@context\":\"https:\/\/schema.org\",\"@graph\":[{\"@type\":\"WebPage\",\"@id\":\"https:\/\/legrandcontinent.eu\/es\/2025\/03\/25\/dos-tercios-de-los-europeos-desean-que-la-union-desempene-un-papel-mas-importante-en-su-seguridad\/\",\"url\":\"https:\/\/legrandcontinent.eu\/es\/2025\/03\/25\/dos-tercios-de-los-europeos-desean-que-la-union-desempene-un-papel-mas-importante-en-su-seguridad\/\",\"name\":\"Dos tercios de los europeos desean que la Uni\u00f3n desempe\u00f1e un papel m\u00e1s importante en su seguridad - El Grand Continent\",\"isPartOf\":{\"@id\":\"https:\/\/legrandcontinent.eu\/es\/#website\"},\"primaryImageOfPage\":{\"@id\":\"https:\/\/legrandcontinent.eu\/es\/2025\/03\/25\/dos-tercios-de-los-europeos-desean-que-la-union-desempene-un-papel-mas-importante-en-su-seguridad\/#primaryimage\"},\"image\":{\"@id\":\"https:\/\/legrandcontinent.eu\/es\/2025\/03\/25\/dos-tercios-de-los-europeos-desean-que-la-union-desempene-un-papel-mas-importante-en-su-seguridad\/#primaryimage\"},\"thumbnailUrl\":\"https:\/\/legrandcontinent.eu\/es\/wp-content\/uploads\/sites\/2\/2025\/03\/gc-eurobarometre-mars-2025.png\",\"datePublished\":\"2025-03-25T13:32:43+00:00\",\"dateModified\":\"2025-03-25T13:32:45+00:00\",\"author\":{\"@id\":\"https:\/\/legrandcontinent.eu\/es\/#\/schema\/person\/cdd782c93d4a9eda86ab19a8c01cdf5c\"},\"breadcrumb\":{\"@id\":\"https:\/\/legrandcontinent.eu\/es\/2025\/03\/25\/dos-tercios-de-los-europeos-desean-que-la-union-desempene-un-papel-mas-importante-en-su-seguridad\/#breadcrumb\"},\"inLanguage\":\"es\",\"potentialAction\":[{\"@type\":\"ReadAction\",\"target\":[\"https:\/\/legrandcontinent.eu\/es\/2025\/03\/25\/dos-tercios-de-los-europeos-desean-que-la-union-desempene-un-papel-mas-importante-en-su-seguridad\/\"]}]},{\"@type\":\"ImageObject\",\"inLanguage\":\"es\",\"@id\":\"https:\/\/legrandcontinent.eu\/es\/2025\/03\/25\/dos-tercios-de-los-europeos-desean-que-la-union-desempene-un-papel-mas-importante-en-su-seguridad\/#primaryimage\",\"url\":\"https:\/\/legrandcontinent.eu\/es\/wp-content\/uploads\/sites\/2\/2025\/03\/gc-eurobarometre-mars-2025.png\",\"contentUrl\":\"https:\/\/legrandcontinent.eu\/es\/wp-content\/uploads\/sites\/2\/2025\/03\/gc-eurobarometre-mars-2025.png\",\"width\":1900,\"height\":1058},{\"@type\":\"BreadcrumbList\",\"@id\":\"https:\/\/legrandcontinent.eu\/es\/2025\/03\/25\/dos-tercios-de-los-europeos-desean-que-la-union-desempene-un-papel-mas-importante-en-su-seguridad\/#breadcrumb\",\"itemListElement\":[{\"@type\":\"ListItem\",\"position\":1,\"name\":\"Home\",\"item\":\"https:\/\/legrandcontinent.eu\/es\/\"},{\"@type\":\"ListItem\",\"position\":2,\"name\":\"Dos tercios de los europeos desean que la Uni\u00f3n desempe\u00f1e un papel m\u00e1s importante en su seguridad\"}]},{\"@type\":\"WebSite\",\"@id\":\"https:\/\/legrandcontinent.eu\/es\/#website\",\"url\":\"https:\/\/legrandcontinent.eu\/es\/\",\"name\":\"El Grand Continent\",\"description\":\"La escala pertinente\",\"potentialAction\":[{\"@type\":\"SearchAction\",\"target\":{\"@type\":\"EntryPoint\",\"urlTemplate\":\"https:\/\/legrandcontinent.eu\/es\/?s={search_term_string}\"},\"query-input\":{\"@type\":\"PropertyValueSpecification\",\"valueRequired\":true,\"valueName\":\"search_term_string\"}}],\"inLanguage\":\"es\"},{\"@type\":\"Person\",\"@id\":\"https:\/\/legrandcontinent.eu\/es\/#\/schema\/person\/cdd782c93d4a9eda86ab19a8c01cdf5c\",\"name\":\"florent\",\"image\":{\"@type\":\"ImageObject\",\"inLanguage\":\"es\",\"@id\":\"https:\/\/legrandcontinent.eu\/es\/#\/schema\/person\/image\/\",\"url\":\"https:\/\/secure.gravatar.com\/avatar\/0d38d78c90602daf39b309035cdac6bc?s=96&d=mm&r=g\",\"contentUrl\":\"https:\/\/secure.gravatar.com\/avatar\/0d38d78c90602daf39b309035cdac6bc?s=96&d=mm&r=g\",\"caption\":\"florent\"}}]}<\/script>\n<!-- \/ Yoast SEO plugin. -->","yoast_head_json":{"title":"Dos tercios de los europeos desean que la Uni\u00f3n desempe\u00f1e un papel m\u00e1s importante en su seguridad - El Grand Continent","robots":{"index":"index","follow":"follow","max-snippet":"max-snippet:-1","max-image-preview":"max-image-preview:large","max-video-preview":"max-video-preview:-1"},"canonical":"https:\/\/legrandcontinent.eu\/es\/2025\/03\/25\/dos-tercios-de-los-europeos-desean-que-la-union-desempene-un-papel-mas-importante-en-su-seguridad\/","og_locale":"es_ES","og_type":"article","og_title":"Dos tercios de los europeos desean que la Uni\u00f3n desempe\u00f1e un papel m\u00e1s importante en su seguridad - El Grand Continent","og_description":"El \u00faltimo Eurobar\u00f3metro publicado hoy, martes 25 de marzo, por el Parlamento Europeo indica que el 66% de los europeos quieren que la Uni\u00f3n Europea desempe\u00f1e un papel m\u00e1s importante para protegerlos frente a las crisis globales y los riesgos de seguridad. Para ello, m\u00e1s de tres cuartas partes (76%) quieren proporcionar m\u00e1s recursos a la Uni\u00f3n para hacer frente a los \u00abdesaf\u00edos globales\u00bb.","og_url":"https:\/\/legrandcontinent.eu\/es\/2025\/03\/25\/dos-tercios-de-los-europeos-desean-que-la-union-desempene-un-papel-mas-importante-en-su-seguridad\/","og_site_name":"El Grand Continent","article_published_time":"2025-03-25T13:32:43+00:00","article_modified_time":"2025-03-25T13:32:45+00:00","og_image":[{"width":2560,"height":1440,"url":"https:\/\/legrandcontinent.eu\/es\/wp-content\/uploads\/sites\/6\/2025\/03\/gc-elrecursos-scaled.jpg","type":"image\/jpeg"}],"author":"florent","twitter_card":"summary_large_image","twitter_image":"https:\/\/legrandcontinent.eu\/es\/wp-content\/uploads\/sites\/6\/2025\/03\/gc-elrecursos-scaled.jpg","twitter_misc":{"Escrito por":"florent","Tiempo de lectura":"3 minutos"},"schema":{"@context":"https:\/\/schema.org","@graph":[{"@type":"WebPage","@id":"https:\/\/legrandcontinent.eu\/es\/2025\/03\/25\/dos-tercios-de-los-europeos-desean-que-la-union-desempene-un-papel-mas-importante-en-su-seguridad\/","url":"https:\/\/legrandcontinent.eu\/es\/2025\/03\/25\/dos-tercios-de-los-europeos-desean-que-la-union-desempene-un-papel-mas-importante-en-su-seguridad\/","name":"Dos tercios de los europeos desean que la Uni\u00f3n desempe\u00f1e un papel m\u00e1s importante en su seguridad - El Grand Continent","isPartOf":{"@id":"https:\/\/legrandcontinent.eu\/es\/#website"},"primaryImageOfPage":{"@id":"https:\/\/legrandcontinent.eu\/es\/2025\/03\/25\/dos-tercios-de-los-europeos-desean-que-la-union-desempene-un-papel-mas-importante-en-su-seguridad\/#primaryimage"},"image":{"@id":"https:\/\/legrandcontinent.eu\/es\/2025\/03\/25\/dos-tercios-de-los-europeos-desean-que-la-union-desempene-un-papel-mas-importante-en-su-seguridad\/#primaryimage"},"thumbnailUrl":"https:\/\/legrandcontinent.eu\/es\/wp-content\/uploads\/sites\/2\/2025\/03\/gc-eurobarometre-mars-2025.png","datePublished":"2025-03-25T13:32:43+00:00","dateModified":"2025-03-25T13:32:45+00:00","author":{"@id":"https:\/\/legrandcontinent.eu\/es\/#\/schema\/person\/cdd782c93d4a9eda86ab19a8c01cdf5c"},"breadcrumb":{"@id":"https:\/\/legrandcontinent.eu\/es\/2025\/03\/25\/dos-tercios-de-los-europeos-desean-que-la-union-desempene-un-papel-mas-importante-en-su-seguridad\/#breadcrumb"},"inLanguage":"es","potentialAction":[{"@type":"ReadAction","target":["https:\/\/legrandcontinent.eu\/es\/2025\/03\/25\/dos-tercios-de-los-europeos-desean-que-la-union-desempene-un-papel-mas-importante-en-su-seguridad\/"]}]},{"@type":"ImageObject","inLanguage":"es","@id":"https:\/\/legrandcontinent.eu\/es\/2025\/03\/25\/dos-tercios-de-los-europeos-desean-que-la-union-desempene-un-papel-mas-importante-en-su-seguridad\/#primaryimage","url":"https:\/\/legrandcontinent.eu\/es\/wp-content\/uploads\/sites\/2\/2025\/03\/gc-eurobarometre-mars-2025.png","contentUrl":"https:\/\/legrandcontinent.eu\/es\/wp-content\/uploads\/sites\/2\/2025\/03\/gc-eurobarometre-mars-2025.png","width":1900,"height":1058},{"@type":"BreadcrumbList","@id":"https:\/\/legrandcontinent.eu\/es\/2025\/03\/25\/dos-tercios-de-los-europeos-desean-que-la-union-desempene-un-papel-mas-importante-en-su-seguridad\/#breadcrumb","itemListElement":[{"@type":"ListItem","position":1,"name":"Home","item":"https:\/\/legrandcontinent.eu\/es\/"},{"@type":"ListItem","position":2,"name":"Dos tercios de los europeos desean que la Uni\u00f3n desempe\u00f1e un papel m\u00e1s importante en su seguridad"}]},{"@type":"WebSite","@id":"https:\/\/legrandcontinent.eu\/es\/#website","url":"https:\/\/legrandcontinent.eu\/es\/","name":"El Grand Continent","description":"La escala pertinente","potentialAction":[{"@type":"SearchAction","target":{"@type":"EntryPoint","urlTemplate":"https:\/\/legrandcontinent.eu\/es\/?s={search_term_string}"},"query-input":{"@type":"PropertyValueSpecification","valueRequired":true,"valueName":"search_term_string"}}],"inLanguage":"es"},{"@type":"Person","@id":"https:\/\/legrandcontinent.eu\/es\/#\/schema\/person\/cdd782c93d4a9eda86ab19a8c01cdf5c","name":"florent","image":{"@type":"ImageObject","inLanguage":"es","@id":"https:\/\/legrandcontinent.eu\/es\/#\/schema\/person\/image\/","url":"https:\/\/secure.gravatar.com\/avatar\/0d38d78c90602daf39b309035cdac6bc?s=96&d=mm&r=g","contentUrl":"https:\/\/secure.gravatar.com\/avatar\/0d38d78c90602daf39b309035cdac6bc?s=96&d=mm&r=g","caption":"florent"}}]}},"lgc_categories":[{"id":179,"name":"Seguridad","slug":"seguridad"}],"lgc_author":null,"feature_image_summary":{"url":"https:\/\/legrandcontinent.eu\/es\/wp-content\/uploads\/sites\/2\/2025\/03\/gc-eurobarometre-mars-2025.png","width":1900,"height":1058,"alt":""},"feature_image_cover":null,"term_position_data":null,"_links":{"self":[{"href":"https:\/\/legrandcontinent.eu\/es\/wp-json\/wp\/v2\/posts\/61133","targetHints":{"allow":["GET"]}}],"collection":[{"href":"https:\/\/legrandcontinent.eu\/es\/wp-json\/wp\/v2\/posts"}],"about":[{"href":"https:\/\/legrandcontinent.eu\/es\/wp-json\/wp\/v2\/types\/post"}],"author":[{"embeddable":true,"href":"https:\/\/legrandcontinent.eu\/es\/wp-json\/wp\/v2\/users\/1366"}],"replies":[{"embeddable":true,"href":"https:\/\/legrandcontinent.eu\/es\/wp-json\/wp\/v2\/comments?post=61133"}],"version-history":[{"count":0,"href":"https:\/\/legrandcontinent.eu\/es\/wp-json\/wp\/v2\/posts\/61133\/revisions"}],"wp:featuredmedia":[{"embeddable":true,"href":"https:\/\/legrandcontinent.eu\/es\/wp-json\/wp\/v2\/media\/61131"}],"wp:attachment":[{"href":"https:\/\/legrandcontinent.eu\/es\/wp-json\/wp\/v2\/media?parent=61133"}],"wp:term":[{"taxonomy":"category","embeddable":true,"href":"https:\/\/legrandcontinent.eu\/es\/wp-json\/wp\/v2\/categories?post=61133"},{"taxonomy":"post_tag","embeddable":true,"href":"https:\/\/legrandcontinent.eu\/es\/wp-json\/wp\/v2\/tags?post=61133"},{"taxonomy":"staff","embeddable":true,"href":"https:\/\/legrandcontinent.eu\/es\/wp-json\/wp\/v2\/staff?post=61133"},{"taxonomy":"editorial_format","embeddable":true,"href":"https:\/\/legrandcontinent.eu\/es\/wp-json\/wp\/v2\/editorial_format?post=61133"},{"taxonomy":"serie","embeddable":true,"href":"https:\/\/legrandcontinent.eu\/es\/wp-json\/wp\/v2\/serie?post=61133"},{"taxonomy":"audience","embeddable":true,"href":"https:\/\/legrandcontinent.eu\/es\/wp-json\/wp\/v2\/audience?post=61133"},{"taxonomy":"geo","embeddable":true,"href":"https:\/\/legrandcontinent.eu\/es\/wp-json\/wp\/v2\/geo?post=61133"}],"curies":[{"name":"wp","href":"https:\/\/api.w.org\/{rel}","templated":true}]}}