{"id":60880,"date":"2025-03-22T15:24:32","date_gmt":"2025-03-22T14:24:32","guid":{"rendered":"https:\/\/legrandcontinent.eu\/es\/?p=60880"},"modified":"2025-03-22T15:24:34","modified_gmt":"2025-03-22T14:24:34","slug":"guerra-comercial-cartografiar-los-aranceles-reciprocos-de-donald-trump","status":"publish","type":"post","link":"https:\/\/legrandcontinent.eu\/es\/2025\/03\/22\/guerra-comercial-cartografiar-los-aranceles-reciprocos-de-donald-trump\/","title":{"rendered":"Guerra comercial: cartografiar los aranceles rec\u00edprocos de Donald Trump"},"content":{"rendered":"\n<p>Hasta la fecha, tras varios anuncios y cambios de rumbo, la administraci\u00f3n Trump ha establecido aranceles adicionales del 20% sobre los productos chinos: el 10% se aplica desde el 4 de febrero y el 10% adicional desde el 4 de marzo. Desde el 12 de marzo tambi\u00e9n est\u00e1n en vigor aranceles globales del 25% sobre el acero y el aluminio.<\/p>\n\n\n\n<ul class=\"wp-block-list\">\n<li>Los aranceles del 25% contra Canad\u00e1 se han suspendido en dos ocasiones, la \u00faltima el 6 de marzo.<\/li>\n\n\n\n<li>A menos que se aplace de nuevo, deber\u00edan entrar en vigor el mi\u00e9rcoles 2 de abril.<\/li>\n<\/ul>\n\n\n\n<p>El 13 de febrero, la administraci\u00f3n Trump anunci\u00f3 la pr\u00f3xima aplicaci\u00f3n de aranceles rec\u00edprocos, lo que significar\u00eda que Estados Unidos alinear\u00eda sus aranceles con los aplicados por sus socios comerciales.<\/p>\n\n\n\n<ul class=\"wp-block-list\">\n<li>Trump calific\u00f3 este nuevo r\u00e9gimen arancelario, que se dar\u00e1 a conocer el 2 de abril, como \u00abthe big one\u00bb. Advirti\u00f3 de que ser\u00e1 necesario un \u00abper\u00edodo de ajuste\u00bb para la econom\u00eda y <a href=\"https:\/\/legrandcontinent.eu\/es\/2025\/03\/10\/trump-no-descarta-una-recesion-las-politicas-comerciales-de-la-administracion-provocan-la-caida-del-mercado-bursatil-estadounidense\/\">no descart\u00f3 la posibilidad de una recesi\u00f3n<\/a> en Estados Unidos.<\/li>\n\n\n\n<li>La Reserva Federal prev\u00e9 ahora una inflaci\u00f3n m\u00e1s alta y una desaceleraci\u00f3n del crecimiento.<\/li>\n<\/ul>\n\n\n\n<p>Las declaraciones realizadas hasta la fecha, as\u00ed como el memor\u00e1ndum del 13 de febrero \u00abFair and Reciprocal Plan\u00bb&nbsp;<span class='whitespace-nowrap'><span id='easy-footnote-1-60880' class='easy-footnote-margin-adjust'><\/span><span class='easy-footnote'><a href='https:\/\/legrandcontinent.eu\/es\/2025\/03\/22\/guerra-comercial-cartografiar-los-aranceles-reciprocos-de-donald-trump\/#easy-footnote-bottom-1-60880' title='&lt;a href=&quot;https:\/\/www.whitehouse.gov\/fact-sheets\/2025\/02\/fact-sheet-president-donald-j-trump-announces-fair-and-reciprocal-plan-on-trade\/&quot;&gt;Fact Sheet\u00a0: President Donald J. Trump Announces \u201cFair and Reciprocal Plan\u201d on Trade&lt;\/a&gt;, Casa Blanca, 13 de febrero de 2025.'><sup>1<\/sup><\/a><\/span><\/span>, ofrecen una visi\u00f3n general de los pa\u00edses m\u00e1s afectados, que deber\u00edan cumplir varios criterios:<\/p>\n\n\n\n<ul class=\"wp-block-list\">\n<li>Mostrar un super\u00e1vit comercial con Estados Unidos: uno de los reproches m\u00e1s recurrentes de Trump es que los pa\u00edses que exportan m\u00e1s a Estados Unidos de lo que importan se benefician de la econom\u00eda estadounidense.<\/li>\n<\/ul>\n\n\n\n<div class=\"iframe-container wp-block-image wp-block-image-medium  iframe-dw\">\n\t<div>\n\t\t<iframe class=\"absolute w-full h-full pin-t pin-l\" title=\"titolo\" aria-label=\"Interactive line chart\" src=\"\/\/datawrapper.dwcdn.net\/vWUjf\/\" scrolling=\"no\" frameborder=\"0\"><\/iframe>\n\t<\/div>\n<\/div>\n\n\n\n<ul class=\"wp-block-list\">\n<li>Presentar diferencias arancelarias, aunque s\u00f3lo afecten a determinados sectores o productos espec\u00edficos: Trump suele citar el ejemplo de los aranceles del 10% aplicados por la Uni\u00f3n Europea a los autom\u00f3viles importados de Estados Unidos, frente al 2,5% de Estados Unidos.<\/li>\n\n\n\n<li>Sin embargo, en promedio, los niveles de aranceles entre los dos bloques son relativamente similares. Ponderados por el volumen de comercio, los derechos aplicados por la Uni\u00f3n a los productos estadounidenses ascienden al 4,2% para los productos agr\u00edcolas y al 0,9% para los no agr\u00edcolas.<\/li>\n\n\n\n<li>En Estados Unidos, estos porcentajes son del 2,5% y el 1,5%, respectivamente.<\/li>\n<\/ul>\n\n\n\n<div class=\"iframe-container wp-block-image wp-block-image-medium  iframe-dw\">\n\t<div>\n\t\t<iframe class=\"absolute w-full h-full pin-t pin-l\" title=\"titolo\" aria-label=\"Interactive line chart\" src=\"\/\/datawrapper.dwcdn.net\/BIBeA\/\" scrolling=\"no\" frameborder=\"0\"><\/iframe>\n\t<\/div>\n<\/div>\n\n\n\n<ul class=\"wp-block-list\">\n<li>Poner en marcha otras pol\u00edticas que la nueva administraci\u00f3n considera \u00abpr\u00e1cticas comerciales desleales\u00bb: el memor\u00e1ndum del 13 de febrero identifica varias medidas que pueden distorsionar el libre comercio, como la manipulaci\u00f3n de los tipos de cambio o el IVA, que, sin embargo, est\u00e1 en vigor en la mayor\u00eda de los pa\u00edses y no suele considerarse una barrera comercial.<\/li>\n\n\n\n<li>Tambi\u00e9n podr\u00edan estar en el punto de mira otras pol\u00edticas, como los impuestos sobre los servicios digitales, las normativas sanitarias y de seguridad alimentaria, o las normativas digitales de la Uni\u00f3n Europea, como la Ley de Mercados Digitales y la Ley de Servicios Digitales.<\/li>\n<\/ul>\n\n\n\n<div class=\"iframe-container wp-block-image wp-block-image-medium  iframe-dw\">\n\t<div>\n\t\t<iframe class=\"absolute w-full h-full pin-t pin-l\" title=\"titolo\" aria-label=\"Interactive line chart\" src=\"\/\/datawrapper.dwcdn.net\/R3kVM\/\" scrolling=\"no\" frameborder=\"0\"><\/iframe>\n\t<\/div>\n<\/div>\n\n\n\n<p>En cuanto a estos criterios, los Estados miembros de la Uni\u00f3n Europea se encuentran entre los m\u00e1s expuestos.<\/p>\n\n\n\n<ul class=\"wp-block-list\">\n<li>En 2024, el super\u00e1vit comercial de la Uni\u00f3n en bienes con Estados Unidos alcanz\u00f3 los 198.000 millones de euros&nbsp;<span class='whitespace-nowrap'><span id='easy-footnote-2-60880' class='easy-footnote-margin-adjust'><\/span><span class='easy-footnote'><a href='https:\/\/legrandcontinent.eu\/es\/2025\/03\/22\/guerra-comercial-cartografiar-los-aranceles-reciprocos-de-donald-trump\/#easy-footnote-bottom-2-60880' title='&lt;a href=&quot;https:\/\/ec.europa.eu\/eurostat\/fr\/web\/products-eurostat-news\/w\/ddn-20250311-1#:~:text=In%202024%2C%20the%20EU%20exported,while%20imports%20declined%20by%204.0%25.&quot;&gt;Trade in goods with the United States in 2024&lt;\/a&gt;, Eurostat, 11 de marzo de 2025.'><sup>2<\/sup><\/a><\/span><\/span>.<\/li>\n\n\n\n<li>Alemania, por s\u00ed sola, registra un super\u00e1vit de 69.900 millones de euros con Estados Unidos&nbsp;<span class='whitespace-nowrap'><span id='easy-footnote-3-60880' class='easy-footnote-margin-adjust'><\/span><span class='easy-footnote'><a href='https:\/\/legrandcontinent.eu\/es\/2025\/03\/22\/guerra-comercial-cartografiar-los-aranceles-reciprocos-de-donald-trump\/#easy-footnote-bottom-3-60880' title='Helen Chandler-Wilde, \u00ab\u00a0&lt;a href=&quot;https:\/\/www.bloomberg.com\/news\/newsletters\/2025-02-07\/germany-posts-record-trade-surplus-with-us&quot;&gt;Germany Posts Record Trade Surplus With US&lt;\/a&gt;\u00a0\u00bb,\u00a0&lt;em&gt;Bloomberg&lt;\/em&gt;, 7 de febrero de 2025.'><sup>3<\/sup><\/a><\/span><\/span>.<\/li>\n<\/ul>\n\n\n\n<div class=\"iframe-container wp-block-image wp-block-image-medium  iframe-dw\">\n\t<div>\n\t\t<iframe class=\"absolute w-full h-full pin-t pin-l\" title=\"titolo\" aria-label=\"Interactive line chart\" src=\"\/\/datawrapper.dwcdn.net\/lrqP8\/\" scrolling=\"no\" frameborder=\"0\"><\/iframe>\n\t<\/div>\n<\/div>\n\n\n\n<ul class=\"wp-block-list\">\n<li>Todos los Estados miembros de la Uni\u00f3n Europea aplican un IVA, con tipos que var\u00edan entre el 17% en Luxemburgo y el 27% en Hungr\u00eda.<\/li>\n\n\n\n<li>Estados Unidos registra sus mayores d\u00e9ficits comerciales en algunos sectores clave, como el de maquinaria y equipos el\u00e9ctricos, el de veh\u00edculos y el de productos farmac\u00e9uticos.<\/li>\n\n\n\n<li>Para los dos primeros sectores, Alemania es el pa\u00eds de la Uni\u00f3n m\u00e1s expuesto, mientras que para los productos farmac\u00e9uticos, los que est\u00e1n en primera l\u00ednea son Dinamarca e Irlanda.<\/li>\n<\/ul>\n\n\n\n<p>Seg\u00fan el secretario del Tesoro Scott Bessent, el 2 de abril \u00abcada pa\u00eds recibir\u00e1 una cifra que, en nuestra opini\u00f3n, representa el nivel de sus aranceles aduaneros. Para algunos, esta cifra podr\u00eda ser bastante baja. Para otros, podr\u00eda ser muy alta. Vamos a ir a verlos y decirles: &#8216;Escuchen, aqu\u00ed es donde estimamos que se encuentran los aranceles, las barreras no arancelarias, la manipulaci\u00f3n monetaria, las subvenciones desleales y la compresi\u00f3n salarial. Si lo ponen fin, no construiremos un muro arancelario&#8217;\u00bb.<\/p>\n\n\n\n<ul class=\"wp-block-list\">\n<li>A\u00f1adi\u00f3: \u00abEs posible que algunos aranceles no se apliquen porque se haya negociado un acuerdo con anterioridad o, una vez que los pa\u00edses reciban su cifra de arancel rec\u00edproco, acudan inmediatamente a nosotros para intentar negociar una reducci\u00f3n\u00bb.<\/li>\n\n\n\n<li>Bessent tambi\u00e9n subray\u00f3 que hay una categor\u00eda aparte en la que se centra la administraci\u00f3n, los \u00abdirty 15\u00bb, que aplicar\u00edan aranceles sustanciales&nbsp;<span class='whitespace-nowrap'><span id='easy-footnote-4-60880' class='easy-footnote-margin-adjust'><\/span><span class='easy-footnote'><a href='https:\/\/legrandcontinent.eu\/es\/2025\/03\/22\/guerra-comercial-cartografiar-los-aranceles-reciprocos-de-donald-trump\/#easy-footnote-bottom-4-60880' title='Andrea Shalal, David Lawder, \u00ab\u00a0&lt;a href=&quot;https:\/\/www.reuters.com\/world\/us\/countries-can-avoid-trumps-april-tariffs-by-cutting-trade-barriers-bessent-says-2025-03-18\/&quot;&gt;Trump still intends for reciprocal tariffs to kick in on April 2, White House says&lt;\/a&gt;\u00a0\u00bb,\u00a0&lt;em&gt;Reuters&lt;\/em&gt;, 19 de marzo de 2025.'><sup>4<\/sup><\/a><\/span><\/span> y que tienen importantes vol\u00famenes de comercio con Estados Unidos.<\/li>\n\n\n\n<li>La Uni\u00f3n Europea, responsable de la pol\u00edtica comercial de los 27, parece esperar poder negociar un acuerdo con la administraci\u00f3n republicana. As\u00ed, el 20 de marzo anunci\u00f3 que aplazaba hasta mediados de abril la entrada en vigor de los aranceles europeos rec\u00edprocos inicialmente previstos para el 1 de abril en respuesta a los aranceles estadounidenses del 25% sobre el acero y el aluminio&nbsp;<span class='whitespace-nowrap'><span id='easy-footnote-5-60880' class='easy-footnote-margin-adjust'><\/span><span class='easy-footnote'><a href='https:\/\/legrandcontinent.eu\/es\/2025\/03\/22\/guerra-comercial-cartografiar-los-aranceles-reciprocos-de-donald-trump\/#easy-footnote-bottom-5-60880' title='Philip Blenkinsop, \u00ab\u00a0&lt;a href=&quot;https:\/\/www.reuters.com\/markets\/europe\/eu-may-delay-first-set-counter-tariffs-against-us-mid-april-2025-03-20\/&quot;&gt;EU delays first tariffs against U.S. to mid-April&lt;\/a&gt;\u00a0\u00bb,\u00a0&lt;em&gt;Reuters&lt;\/em&gt;, 20 de marzo 2025.'><sup>5<\/sup><\/a><\/span><\/span>.<\/li>\n\n\n\n<li>Pero si la administraci\u00f3n republicana incluye el IVA en sus c\u00e1lculos, el margen de negociaci\u00f3n podr\u00eda reducirse considerablemente. Para los pa\u00edses europeos, el IVA es una cuesti\u00f3n de pol\u00edtica fiscal y se considera en gran medida neutral desde el punto de vista comercial.<\/li>\n<\/ul>\n\n\n\n<p>Si bien Estados Unidos no aplica un impuesto sobre el consumo a nivel federal, cada estado aplica un impuesto sobre las ventas (\u00absales tax\u00bb), que se recauda \u00fanicamente en el momento de la compra final, sobre el precio total. Este es el principal diferencia con el IVA, que se recauda en cada etapa de la producci\u00f3n, sobre el valor a\u00f1adido&nbsp;<span class='whitespace-nowrap'><span id='easy-footnote-6-60880' class='easy-footnote-margin-adjust'><\/span><span class='easy-footnote'><a href='https:\/\/legrandcontinent.eu\/es\/2025\/03\/22\/guerra-comercial-cartografiar-los-aranceles-reciprocos-de-donald-trump\/#easy-footnote-bottom-6-60880' title='Sean Bray, Jared Walczak y Erica York,\u00a0&lt;a href=&quot;https:\/\/taxfoundation.org\/blog\/trump-reciprocal-tariffs-eu-vat-discriminatory\/&quot;&gt;The European VAT is Not a Discriminatory Tax Against US Exports&lt;\/a&gt;, Tax Foundation, 12 de febrero de 2025.'><sup>6<\/sup><\/a><\/span><\/span>.<\/p>\n","protected":false},"excerpt":{"rendered":"<p>El 2 de abril, Donald Trump denomin\u00f3 \u00abD\u00eda de la Liberaci\u00f3n\u00bb la fecha anunciada para la entrada en vigor de los aranceles rec\u00edprocos estadounidenses. Para la Casa Blanca, estas medidas deber\u00edan marcar un punto de inflexi\u00f3n en la pol\u00edtica comercial de la nueva administraci\u00f3n.<\/p>\n","protected":false},"author":1366,"featured_media":60881,"comment_status":"closed","ping_status":"closed","sticky":false,"template":"templates\/post-briefings.php","format":"standard","meta":{"_acf_changed":true,"_trash_the_other_posts":false,"_yoast_wpseo_estimated-reading-time-minutes":5,"footnotes":""},"categories":[5],"tags":[],"staff":[],"editorial_format":[],"serie":[],"audience":[],"geo":[172],"class_list":["post-60880","post","type-post","status-publish","format-standard","hentry","category-economia","geo-americas"],"acf":{"open_in_webview":false,"accent":false},"yoast_head":"<!-- This site is optimized with the Yoast SEO plugin v26.1.1 - https:\/\/yoast.com\/wordpress\/plugins\/seo\/ -->\n<title>Guerra comercial: cartografiar los aranceles rec\u00edprocos de Donald Trump - El Grand Continent<\/title>\n<meta name=\"robots\" content=\"index, follow, max-snippet:-1, max-image-preview:large, max-video-preview:-1\" \/>\n<link rel=\"canonical\" href=\"https:\/\/legrandcontinent.eu\/es\/2025\/03\/22\/guerra-comercial-cartografiar-los-aranceles-reciprocos-de-donald-trump\/\" \/>\n<meta property=\"og:locale\" content=\"es_ES\" \/>\n<meta property=\"og:type\" content=\"article\" \/>\n<meta property=\"og:title\" content=\"Guerra comercial: cartografiar los aranceles rec\u00edprocos de Donald Trump - El Grand Continent\" \/>\n<meta property=\"og:description\" content=\"El 2 de abril, Donald Trump denomin\u00f3 \u00abD\u00eda de la Liberaci\u00f3n\u00bb la fecha anunciada para la entrada en vigor de los aranceles rec\u00edprocos estadounidenses. Para la Casa Blanca, estas medidas deber\u00edan marcar un punto de inflexi\u00f3n en la pol\u00edtica comercial de la nueva administraci\u00f3n.\" \/>\n<meta property=\"og:url\" content=\"https:\/\/legrandcontinent.eu\/es\/2025\/03\/22\/guerra-comercial-cartografiar-los-aranceles-reciprocos-de-donald-trump\/\" \/>\n<meta property=\"og:site_name\" content=\"El Grand Continent\" \/>\n<meta property=\"article:published_time\" content=\"2025-03-22T14:24:32+00:00\" \/>\n<meta property=\"article:modified_time\" content=\"2025-03-22T14:24:34+00:00\" \/>\n<meta property=\"og:image\" content=\"https:\/\/legrandcontinent.eu\/es\/wp-content\/uploads\/sites\/6\/2025\/03\/gc-elbalanza-scaled.jpg\" \/>\n\t<meta property=\"og:image:width\" content=\"2560\" \/>\n\t<meta property=\"og:image:height\" content=\"1440\" \/>\n\t<meta property=\"og:image:type\" content=\"image\/jpeg\" \/>\n<meta name=\"author\" content=\"florent\" \/>\n<meta name=\"twitter:card\" content=\"summary_large_image\" \/>\n<meta name=\"twitter:image\" content=\"https:\/\/legrandcontinent.eu\/es\/wp-content\/uploads\/sites\/6\/2025\/03\/gc-elbalanza-scaled.jpg\" \/>\n<meta name=\"twitter:label1\" content=\"Escrito por\" \/>\n\t<meta name=\"twitter:data1\" content=\"florent\" \/>\n\t<meta name=\"twitter:label2\" content=\"Tiempo de lectura\" \/>\n\t<meta name=\"twitter:data2\" content=\"5 minutos\" \/>\n<script type=\"application\/ld+json\" class=\"yoast-schema-graph\">{\"@context\":\"https:\/\/schema.org\",\"@graph\":[{\"@type\":\"WebPage\",\"@id\":\"https:\/\/legrandcontinent.eu\/es\/2025\/03\/22\/guerra-comercial-cartografiar-los-aranceles-reciprocos-de-donald-trump\/\",\"url\":\"https:\/\/legrandcontinent.eu\/es\/2025\/03\/22\/guerra-comercial-cartografiar-los-aranceles-reciprocos-de-donald-trump\/\",\"name\":\"Guerra comercial: cartografiar los aranceles rec\u00edprocos de Donald Trump - El Grand Continent\",\"isPartOf\":{\"@id\":\"https:\/\/legrandcontinent.eu\/es\/#website\"},\"primaryImageOfPage\":{\"@id\":\"https:\/\/legrandcontinent.eu\/es\/2025\/03\/22\/guerra-comercial-cartografiar-los-aranceles-reciprocos-de-donald-trump\/#primaryimage\"},\"image\":{\"@id\":\"https:\/\/legrandcontinent.eu\/es\/2025\/03\/22\/guerra-comercial-cartografiar-los-aranceles-reciprocos-de-donald-trump\/#primaryimage\"},\"thumbnailUrl\":\"https:\/\/legrandcontinent.eu\/es\/wp-content\/uploads\/sites\/6\/2025\/03\/lrqP8-balanza-comercial-de-estados-unidos-con-una-selecci-n-de-pa-ses-.png\",\"datePublished\":\"2025-03-22T14:24:32+00:00\",\"dateModified\":\"2025-03-22T14:24:34+00:00\",\"author\":{\"@id\":\"https:\/\/legrandcontinent.eu\/es\/#\/schema\/person\/cdd782c93d4a9eda86ab19a8c01cdf5c\"},\"breadcrumb\":{\"@id\":\"https:\/\/legrandcontinent.eu\/es\/2025\/03\/22\/guerra-comercial-cartografiar-los-aranceles-reciprocos-de-donald-trump\/#breadcrumb\"},\"inLanguage\":\"es\",\"potentialAction\":[{\"@type\":\"ReadAction\",\"target\":[\"https:\/\/legrandcontinent.eu\/es\/2025\/03\/22\/guerra-comercial-cartografiar-los-aranceles-reciprocos-de-donald-trump\/\"]}]},{\"@type\":\"ImageObject\",\"inLanguage\":\"es\",\"@id\":\"https:\/\/legrandcontinent.eu\/es\/2025\/03\/22\/guerra-comercial-cartografiar-los-aranceles-reciprocos-de-donald-trump\/#primaryimage\",\"url\":\"https:\/\/legrandcontinent.eu\/es\/wp-content\/uploads\/sites\/6\/2025\/03\/lrqP8-balanza-comercial-de-estados-unidos-con-una-selecci-n-de-pa-ses-.png\",\"contentUrl\":\"https:\/\/legrandcontinent.eu\/es\/wp-content\/uploads\/sites\/6\/2025\/03\/lrqP8-balanza-comercial-de-estados-unidos-con-una-selecci-n-de-pa-ses-.png\",\"width\":1472,\"height\":1142},{\"@type\":\"BreadcrumbList\",\"@id\":\"https:\/\/legrandcontinent.eu\/es\/2025\/03\/22\/guerra-comercial-cartografiar-los-aranceles-reciprocos-de-donald-trump\/#breadcrumb\",\"itemListElement\":[{\"@type\":\"ListItem\",\"position\":1,\"name\":\"Home\",\"item\":\"https:\/\/legrandcontinent.eu\/es\/\"},{\"@type\":\"ListItem\",\"position\":2,\"name\":\"Guerra comercial: cartografiar los aranceles rec\u00edprocos de Donald Trump\"}]},{\"@type\":\"WebSite\",\"@id\":\"https:\/\/legrandcontinent.eu\/es\/#website\",\"url\":\"https:\/\/legrandcontinent.eu\/es\/\",\"name\":\"El Grand Continent\",\"description\":\"La escala pertinente\",\"potentialAction\":[{\"@type\":\"SearchAction\",\"target\":{\"@type\":\"EntryPoint\",\"urlTemplate\":\"https:\/\/legrandcontinent.eu\/es\/?s={search_term_string}\"},\"query-input\":{\"@type\":\"PropertyValueSpecification\",\"valueRequired\":true,\"valueName\":\"search_term_string\"}}],\"inLanguage\":\"es\"},{\"@type\":\"Person\",\"@id\":\"https:\/\/legrandcontinent.eu\/es\/#\/schema\/person\/cdd782c93d4a9eda86ab19a8c01cdf5c\",\"name\":\"florent\",\"image\":{\"@type\":\"ImageObject\",\"inLanguage\":\"es\",\"@id\":\"https:\/\/legrandcontinent.eu\/es\/#\/schema\/person\/image\/\",\"url\":\"https:\/\/secure.gravatar.com\/avatar\/0d38d78c90602daf39b309035cdac6bc?s=96&d=mm&r=g\",\"contentUrl\":\"https:\/\/secure.gravatar.com\/avatar\/0d38d78c90602daf39b309035cdac6bc?s=96&d=mm&r=g\",\"caption\":\"florent\"}}]}<\/script>\n<!-- \/ Yoast SEO plugin. -->","yoast_head_json":{"title":"Guerra comercial: cartografiar los aranceles rec\u00edprocos de Donald Trump - El Grand Continent","robots":{"index":"index","follow":"follow","max-snippet":"max-snippet:-1","max-image-preview":"max-image-preview:large","max-video-preview":"max-video-preview:-1"},"canonical":"https:\/\/legrandcontinent.eu\/es\/2025\/03\/22\/guerra-comercial-cartografiar-los-aranceles-reciprocos-de-donald-trump\/","og_locale":"es_ES","og_type":"article","og_title":"Guerra comercial: cartografiar los aranceles rec\u00edprocos de Donald Trump - El Grand Continent","og_description":"El 2 de abril, Donald Trump denomin\u00f3 \u00abD\u00eda de la Liberaci\u00f3n\u00bb la fecha anunciada para la entrada en vigor de los aranceles rec\u00edprocos estadounidenses. Para la Casa Blanca, estas medidas deber\u00edan marcar un punto de inflexi\u00f3n en la pol\u00edtica comercial de la nueva administraci\u00f3n.","og_url":"https:\/\/legrandcontinent.eu\/es\/2025\/03\/22\/guerra-comercial-cartografiar-los-aranceles-reciprocos-de-donald-trump\/","og_site_name":"El Grand Continent","article_published_time":"2025-03-22T14:24:32+00:00","article_modified_time":"2025-03-22T14:24:34+00:00","og_image":[{"width":2560,"height":1440,"url":"https:\/\/legrandcontinent.eu\/es\/wp-content\/uploads\/sites\/6\/2025\/03\/gc-elbalanza-scaled.jpg","type":"image\/jpeg"}],"author":"florent","twitter_card":"summary_large_image","twitter_image":"https:\/\/legrandcontinent.eu\/es\/wp-content\/uploads\/sites\/6\/2025\/03\/gc-elbalanza-scaled.jpg","twitter_misc":{"Escrito por":"florent","Tiempo de lectura":"5 minutos"},"schema":{"@context":"https:\/\/schema.org","@graph":[{"@type":"WebPage","@id":"https:\/\/legrandcontinent.eu\/es\/2025\/03\/22\/guerra-comercial-cartografiar-los-aranceles-reciprocos-de-donald-trump\/","url":"https:\/\/legrandcontinent.eu\/es\/2025\/03\/22\/guerra-comercial-cartografiar-los-aranceles-reciprocos-de-donald-trump\/","name":"Guerra comercial: cartografiar los aranceles rec\u00edprocos de Donald Trump - El Grand Continent","isPartOf":{"@id":"https:\/\/legrandcontinent.eu\/es\/#website"},"primaryImageOfPage":{"@id":"https:\/\/legrandcontinent.eu\/es\/2025\/03\/22\/guerra-comercial-cartografiar-los-aranceles-reciprocos-de-donald-trump\/#primaryimage"},"image":{"@id":"https:\/\/legrandcontinent.eu\/es\/2025\/03\/22\/guerra-comercial-cartografiar-los-aranceles-reciprocos-de-donald-trump\/#primaryimage"},"thumbnailUrl":"https:\/\/legrandcontinent.eu\/es\/wp-content\/uploads\/sites\/6\/2025\/03\/lrqP8-balanza-comercial-de-estados-unidos-con-una-selecci-n-de-pa-ses-.png","datePublished":"2025-03-22T14:24:32+00:00","dateModified":"2025-03-22T14:24:34+00:00","author":{"@id":"https:\/\/legrandcontinent.eu\/es\/#\/schema\/person\/cdd782c93d4a9eda86ab19a8c01cdf5c"},"breadcrumb":{"@id":"https:\/\/legrandcontinent.eu\/es\/2025\/03\/22\/guerra-comercial-cartografiar-los-aranceles-reciprocos-de-donald-trump\/#breadcrumb"},"inLanguage":"es","potentialAction":[{"@type":"ReadAction","target":["https:\/\/legrandcontinent.eu\/es\/2025\/03\/22\/guerra-comercial-cartografiar-los-aranceles-reciprocos-de-donald-trump\/"]}]},{"@type":"ImageObject","inLanguage":"es","@id":"https:\/\/legrandcontinent.eu\/es\/2025\/03\/22\/guerra-comercial-cartografiar-los-aranceles-reciprocos-de-donald-trump\/#primaryimage","url":"https:\/\/legrandcontinent.eu\/es\/wp-content\/uploads\/sites\/6\/2025\/03\/lrqP8-balanza-comercial-de-estados-unidos-con-una-selecci-n-de-pa-ses-.png","contentUrl":"https:\/\/legrandcontinent.eu\/es\/wp-content\/uploads\/sites\/6\/2025\/03\/lrqP8-balanza-comercial-de-estados-unidos-con-una-selecci-n-de-pa-ses-.png","width":1472,"height":1142},{"@type":"BreadcrumbList","@id":"https:\/\/legrandcontinent.eu\/es\/2025\/03\/22\/guerra-comercial-cartografiar-los-aranceles-reciprocos-de-donald-trump\/#breadcrumb","itemListElement":[{"@type":"ListItem","position":1,"name":"Home","item":"https:\/\/legrandcontinent.eu\/es\/"},{"@type":"ListItem","position":2,"name":"Guerra comercial: cartografiar los aranceles rec\u00edprocos de Donald Trump"}]},{"@type":"WebSite","@id":"https:\/\/legrandcontinent.eu\/es\/#website","url":"https:\/\/legrandcontinent.eu\/es\/","name":"El Grand Continent","description":"La escala pertinente","potentialAction":[{"@type":"SearchAction","target":{"@type":"EntryPoint","urlTemplate":"https:\/\/legrandcontinent.eu\/es\/?s={search_term_string}"},"query-input":{"@type":"PropertyValueSpecification","valueRequired":true,"valueName":"search_term_string"}}],"inLanguage":"es"},{"@type":"Person","@id":"https:\/\/legrandcontinent.eu\/es\/#\/schema\/person\/cdd782c93d4a9eda86ab19a8c01cdf5c","name":"florent","image":{"@type":"ImageObject","inLanguage":"es","@id":"https:\/\/legrandcontinent.eu\/es\/#\/schema\/person\/image\/","url":"https:\/\/secure.gravatar.com\/avatar\/0d38d78c90602daf39b309035cdac6bc?s=96&d=mm&r=g","contentUrl":"https:\/\/secure.gravatar.com\/avatar\/0d38d78c90602daf39b309035cdac6bc?s=96&d=mm&r=g","caption":"florent"}}]}},"lgc_categories":[{"id":5,"name":"Econom\u00eda","slug":"economia"}],"lgc_author":null,"feature_image_summary":{"url":"https:\/\/legrandcontinent.eu\/es\/wp-content\/uploads\/sites\/6\/2025\/03\/lrqP8-balanza-comercial-de-estados-unidos-con-una-selecci-n-de-pa-ses-.png","width":1472,"height":1142,"alt":""},"feature_image_cover":null,"term_position_data":null,"_links":{"self":[{"href":"https:\/\/legrandcontinent.eu\/es\/wp-json\/wp\/v2\/posts\/60880","targetHints":{"allow":["GET"]}}],"collection":[{"href":"https:\/\/legrandcontinent.eu\/es\/wp-json\/wp\/v2\/posts"}],"about":[{"href":"https:\/\/legrandcontinent.eu\/es\/wp-json\/wp\/v2\/types\/post"}],"author":[{"embeddable":true,"href":"https:\/\/legrandcontinent.eu\/es\/wp-json\/wp\/v2\/users\/1366"}],"replies":[{"embeddable":true,"href":"https:\/\/legrandcontinent.eu\/es\/wp-json\/wp\/v2\/comments?post=60880"}],"version-history":[{"count":0,"href":"https:\/\/legrandcontinent.eu\/es\/wp-json\/wp\/v2\/posts\/60880\/revisions"}],"wp:featuredmedia":[{"embeddable":true,"href":"https:\/\/legrandcontinent.eu\/es\/wp-json\/wp\/v2\/media\/60881"}],"wp:attachment":[{"href":"https:\/\/legrandcontinent.eu\/es\/wp-json\/wp\/v2\/media?parent=60880"}],"wp:term":[{"taxonomy":"category","embeddable":true,"href":"https:\/\/legrandcontinent.eu\/es\/wp-json\/wp\/v2\/categories?post=60880"},{"taxonomy":"post_tag","embeddable":true,"href":"https:\/\/legrandcontinent.eu\/es\/wp-json\/wp\/v2\/tags?post=60880"},{"taxonomy":"staff","embeddable":true,"href":"https:\/\/legrandcontinent.eu\/es\/wp-json\/wp\/v2\/staff?post=60880"},{"taxonomy":"editorial_format","embeddable":true,"href":"https:\/\/legrandcontinent.eu\/es\/wp-json\/wp\/v2\/editorial_format?post=60880"},{"taxonomy":"serie","embeddable":true,"href":"https:\/\/legrandcontinent.eu\/es\/wp-json\/wp\/v2\/serie?post=60880"},{"taxonomy":"audience","embeddable":true,"href":"https:\/\/legrandcontinent.eu\/es\/wp-json\/wp\/v2\/audience?post=60880"},{"taxonomy":"geo","embeddable":true,"href":"https:\/\/legrandcontinent.eu\/es\/wp-json\/wp\/v2\/geo?post=60880"}],"curies":[{"name":"wp","href":"https:\/\/api.w.org\/{rel}","templated":true}]}}