{"id":5510,"date":"2022-07-08T16:20:00","date_gmt":"2022-07-08T15:20:00","guid":{"rendered":"https:\/\/legrandcontinent.eu\/es\/?p=5510"},"modified":"2022-07-09T16:39:20","modified_gmt":"2022-07-09T15:39:20","slug":"senales-de-acercamiento-entre-malasia-y-turquia","status":"publish","type":"post","link":"https:\/\/legrandcontinent.eu\/es\/2022\/07\/08\/senales-de-acercamiento-entre-malasia-y-turquia\/","title":{"rendered":"Se\u00f1ales de acercamiento entre Malasia y Turqu\u00eda"},"content":{"rendered":"\n<ul class=\"wp-block-list\"><li>El primer ministro malasio, Ismail Sabri Yaakob, lleg\u00f3 a Turqu\u00eda el mi\u00e9rcoles 5 de julio y se reuni\u00f3 con el presidente turco Recep Tayyip Erdogan. Durante su visita, Ismail Sabri Yaakob visit\u00f3 dos empresas turcas, MKE, una empresa de ingenier\u00eda mec\u00e1nica, y TUSA\u015e, una empresa aeroespacial estatal&nbsp;<span class='whitespace-nowrap'><span id='easy-footnote-1-5510' class='easy-footnote-margin-adjust'><\/span><span class='easy-footnote'><a href='https:\/\/legrandcontinent.eu\/es\/2022\/07\/08\/senales-de-acercamiento-entre-malasia-y-turquia\/#easy-footnote-bottom-1-5510' title='&lt;a href=&quot;https:\/\/www.trtfrancais.com\/actualites\/turquie-le-chef-du-gouvernement-malaisien-visite-deux-entreprises-turques-9477509&quot;&gt;Turquie\u00a0: le chef du gouvernement malaisien visite deux entreprises turques&lt;\/a&gt;, TRTfran\u00e7ais, 7 de julio de 2022'><sup>1<\/sup><\/a><\/span><\/span>. Se espera que Turqu\u00eda venda a Malasia tres drones Anka-S que han sido utilizados en el norte de Siria e Irak, pero tambi\u00e9n junto a los drones Bayraktar TB2 en la guerra de 2020 en el Alto Karabaj&nbsp;<span class='whitespace-nowrap'><span id='easy-footnote-2-5510' class='easy-footnote-margin-adjust'><\/span><span class='easy-footnote'><a href='https:\/\/legrandcontinent.eu\/es\/2022\/07\/08\/senales-de-acercamiento-entre-malasia-y-turquia\/#easy-footnote-bottom-2-5510' title='&lt;a href=&quot;https:\/\/ahvalnews.com\/turkey-malaysia\/turkey-eyes-drone-sales-malaysia&quot;&gt;Turkey eyes drone sales to Malaysia&lt;\/a&gt;,, Ahvalnews, 8 de julio de 2022'><sup>2<\/sup><\/a><\/span><\/span>.<\/li><\/ul>\n\n\n\n<div class=\"iframe-container wp-block-image wp-block-image-large  iframe-dw\">\n\t<div>\n\t\t<iframe class=\"absolute w-full h-full pin-t pin-l\" title=\"titolo\" aria-label=\"Interactive line chart\" src=\"\/\/datawrapper.dwcdn.net\/wtIYa\/\" scrolling=\"no\" frameborder=\"0\"><\/iframe>\n\t<\/div>\n<\/div>\n\n\n\n<ul class=\"wp-block-list\"><li>La visita del Primer Ministro de Malasia tambi\u00e9n pretende reforzar los lazos econ\u00f3micos entre ambos pa\u00edses. Malasia es uno de los \u00abcinco tigres asi\u00e1ticos\u00bb&nbsp;<span class='whitespace-nowrap'><span id='easy-footnote-3-5510' class='easy-footnote-margin-adjust'><\/span><span class='easy-footnote'><a href='https:\/\/legrandcontinent.eu\/es\/2022\/07\/08\/senales-de-acercamiento-entre-malasia-y-turquia\/#easy-footnote-bottom-3-5510' title='En los a\u00f1os 80 y 90 se hablaba m\u00e1s de los dragones asi\u00e1ticos -Hong Kong, Taiw\u00e1n, Corea del Sur y Singapur-, que ahora son pa\u00edses desarrollados seg\u00fan el \u00cdndice de Desarrollo Humano (IDH) de las Naciones Unidas.'><sup>3<\/sup><\/a><\/span><\/span> -Malasia, Tailandia, Indonesia, Vietnam y Filipinas- que han experimentado un r\u00e1pido desarrollo econ\u00f3mico desde principios de la d\u00e9cada de 2000. Turqu\u00eda es el tercer socio comercial de Malasia en Oriente Medio, por detr\u00e1s de Arabia Saud\u00ed y los Emiratos \u00c1rabes Unidos&nbsp;<span class='whitespace-nowrap'><span id='easy-footnote-4-5510' class='easy-footnote-margin-adjust'><\/span><span class='easy-footnote'><a href='https:\/\/legrandcontinent.eu\/es\/2022\/07\/08\/senales-de-acercamiento-entre-malasia-y-turquia\/#easy-footnote-bottom-4-5510' title='&lt;a href=&quot;https:\/\/www.malaymail.com\/news\/malaysia\/2022\/07\/05\/pm-arrives-in-turkey-for-four-day-visit\/15840&quot;&gt;PM arrives in Turkey for four-day visitl&lt;\/a&gt;, Malay Mail, 5 de julio de 2022'><sup>4<\/sup><\/a><\/span><\/span>. En una declaraci\u00f3n conjunta, el Presidente turco y el Primer Ministro malayo se felicitaron mutuamente por el fortalecimiento en 2021 del comercio bilateral entre sus dos pa\u00edses, que ha superado los 3.500 millones de d\u00f3lares, a pesar de la pandemia del Covid-19, y se espera que supere los 5.000 millones de d\u00f3lares en 2024&nbsp;<span class='whitespace-nowrap'><span id='easy-footnote-5-5510' class='easy-footnote-margin-adjust'><\/span><span class='easy-footnote'><a href='https:\/\/legrandcontinent.eu\/es\/2022\/07\/08\/senales-de-acercamiento-entre-malasia-y-turquia\/#easy-footnote-bottom-5-5510' title='&lt;a href=&quot;https:\/\/www.tccb.gov.tr\/en\/news\/542\/138696\/-we-have-decided-to-elevate-the-turkiye-malaysia-relations-to-the-level-of-comprehensive-strategic-partnership-&quot;&gt;Presidency Of The Republic Of Turkey&amp;nbsp;: \u201cWe have decided to elevate the T\u00fcrkiye-Malaysia relations to the level of comprehensive strategic partnership\u201d&lt;\/a&gt;, 7 de julio de 2022'><sup>5<\/sup><\/a><\/span><\/span>.<\/li><\/ul>\n\n\n\n<div class=\"iframe-container wp-block-image wp-block-image-large  iframe-dw\">\n\t<div>\n\t\t<iframe class=\"absolute w-full h-full pin-t pin-l\" title=\"titolo\" aria-label=\"Interactive line chart\" src=\"\/\/datawrapper.dwcdn.net\/6uO1Y\/\" scrolling=\"no\" frameborder=\"0\"><\/iframe>\n\t<\/div>\n<\/div>\n\n\n\n<ul class=\"wp-block-list\"><li>El Presidente Erdogan tambi\u00e9n subray\u00f3 que los dos pa\u00edses aumentar\u00edan su cooperaci\u00f3n en el \u00e1mbito de la salud, especialmente para exportar la vacuna Turcovac a Malasia&nbsp;<span class='whitespace-nowrap'><span id='easy-footnote-6-5510' class='easy-footnote-margin-adjust'><\/span><span class='easy-footnote'><a href='https:\/\/legrandcontinent.eu\/es\/2022\/07\/08\/senales-de-acercamiento-entre-malasia-y-turquia\/#easy-footnote-bottom-6-5510' title='&lt;a href=&quot;https:\/\/www.aa.com.tr\/fr\/turkiye\/erdogan-nous-travaillons-avec-la-malaisie-pour-lusage-dans-ce-pays-de-notre-vaccin-turcovac-\/2632552&quot;&gt;Erdogan&amp;nbsp;: \u00ab&amp;nbsp;Nous travaillons avec la Malaisie pour l\u2019usage, dans ce pays, de notre vaccin TURCOVAC&amp;nbsp;\u00bb&lt;\/a&gt;, AATR, 7 de julio de 2022'><sup>6<\/sup><\/a><\/span><\/span>. Tambi\u00e9n pidi\u00f3 que se reforzaran los lazos entre ambos pa\u00edses en organizaciones internacionales como la ONU, la Organizaci\u00f3n de Cooperaci\u00f3n Isl\u00e1mica (OCI) y el Foro D8, una organizaci\u00f3n que pretende mejorar la cooperaci\u00f3n econ\u00f3mica entre los ocho pa\u00edses musulmanes m\u00e1s poblados del mundo&nbsp;<span class='whitespace-nowrap'><span id='easy-footnote-7-5510' class='easy-footnote-margin-adjust'><\/span><span class='easy-footnote'><a href='https:\/\/legrandcontinent.eu\/es\/2022\/07\/08\/senales-de-acercamiento-entre-malasia-y-turquia\/#easy-footnote-bottom-7-5510' title='&lt;em&gt;Ibid&lt;\/em&gt;'><sup>7<\/sup><\/a><\/span><\/span>.<\/li><\/ul>\n\n\n\n<div class=\"iframe-container wp-block-image wp-block-image-large  iframe-dw\">\n\t<div>\n\t\t<iframe class=\"absolute w-full h-full pin-t pin-l\" title=\"titolo\" aria-label=\"Interactive line chart\" src=\"\/\/datawrapper.dwcdn.net\/ngyH2\/\" scrolling=\"no\" frameborder=\"0\"><\/iframe>\n\t<\/div>\n<\/div>\n\n\n\n<ul class=\"wp-block-list\"><li>Turqu\u00eda experimenta ahora una inflaci\u00f3n r\u00e9cord del 78,6%, en contraste con la baja inflaci\u00f3n de Malasia &#8211; una de las m\u00e1s bajas del mundo &#8211; que actualmente es de s\u00f3lo el 2,8%. El gobierno malayo, a trav\u00e9s del Ministro de Informaci\u00f3n y Comunicaci\u00f3n, Annuar Musa, ha expresado su orgullo por este rendimiento y lo ha atribuido a las medidas de control de precios puestas en marcha por el gobierno&nbsp;<span class='whitespace-nowrap'><span id='easy-footnote-8-5510' class='easy-footnote-margin-adjust'><\/span><span class='easy-footnote'><a href='https:\/\/legrandcontinent.eu\/es\/2022\/07\/08\/senales-de-acercamiento-entre-malasia-y-turquia\/#easy-footnote-bottom-8-5510' title='&lt;a href=&quot;https:\/\/www.thestar.com.my\/news\/nation\/2022\/06\/30\/malaysia039s-inflation-rate-among-lowest-in-the-world-says-annuar-musa#.Yr5RHgZbNBQ.twitter&quot;&gt;Malaysia\u2019s inflation rate among lowest in the world, says Annuar Musa&lt;\/a&gt;, The Star, 30 de junio de 2022'><sup>8<\/sup><\/a><\/span><\/span>.<\/li><\/ul>\n\n\n\n<div class=\"iframe-container wp-block-image wp-block-image-large  iframe-dw\">\n\t<div>\n\t\t<iframe class=\"absolute w-full h-full pin-t pin-l\" title=\"titolo\" aria-label=\"Interactive line chart\" src=\"\/\/datawrapper.dwcdn.net\/8NLXw\/\" scrolling=\"no\" frameborder=\"0\"><\/iframe>\n\t<\/div>\n<\/div>\n\n\n\n<ul class=\"wp-block-list\"><li>En el frente diplom\u00e1tico, Turqu\u00eda mantiene su presi\u00f3n sobre Suecia y Finlandia amenazando con no ratificar el tratado que garantiza la pertenencia de ambos pa\u00edses a la OTAN. Sin embargo, Ucrania critica cada vez m\u00e1s sus relaciones con Turqu\u00eda, especialmente despu\u00e9s de que Ankara comprara a Rusia cargamentos de trigo ucraniano robado&nbsp;<span class='whitespace-nowrap'><span id='easy-footnote-9-5510' class='easy-footnote-margin-adjust'><\/span><span class='easy-footnote'><a href='https:\/\/legrandcontinent.eu\/es\/2022\/07\/08\/senales-de-acercamiento-entre-malasia-y-turquia\/#easy-footnote-bottom-9-5510' title='&lt;a href=&quot;https:\/\/www.al-monitor.com\/originals\/2022\/07\/ukraines-turkey-ambassador-strategic-ties-intact-public-unhappy-over-turkish&quot;&gt;Ukraine\u2019s Turkey ambassador&amp;nbsp;: strategic ties intact but public unhappy over Turkish stance on Russia&lt;\/a&gt;, Al-Monitor, 7 de julio de 2022'><sup>9<\/sup><\/a><\/span><\/span>. Malasia tambi\u00e9n intenta mantener un equilibrio diplom\u00e1tico y el 2 de marzo conden\u00f3 la agresi\u00f3n militar rusa en la Asamblea General de la ONU, pero no impuso sanciones a Mosc\u00fa, una postura similar a la adoptada por Turqu\u00eda&nbsp;<span class='whitespace-nowrap'><span id='easy-footnote-10-5510' class='easy-footnote-margin-adjust'><\/span><span class='easy-footnote'><a href='https:\/\/legrandcontinent.eu\/es\/2022\/07\/08\/senales-de-acercamiento-entre-malasia-y-turquia\/#easy-footnote-bottom-10-5510' title='&lt;a href=&quot;https:\/\/thediplomat.com\/2022\/04\/how-should-malaysia-react-to-the-russia-ukraine-conflict\/&quot;&gt;How Should Malaysia React to the Russia-Ukraine Conflict&amp;nbsp;?&lt;\/a&gt;, The Diplomat, 4 de abril de 2022'><sup>10<\/sup><\/a><\/span><\/span>.<\/li><\/ul>\n","protected":false},"excerpt":{"rendered":"<p>El Primer Ministro de Malasia, Ismail Sabri Yaakob, visit\u00f3 Ankara el 5 de julio en una visita oficial de cuatro d\u00edas que simboliza el activismo diplom\u00e1tico de Turqu\u00eda en Asia.<\/p>\n","protected":false},"author":1366,"featured_media":5514,"comment_status":"open","ping_status":"open","sticky":false,"template":"templates\/post-briefings.php","format":"standard","meta":{"_acf_changed":false,"_trash_the_other_posts":false,"_yoast_wpseo_estimated-reading-time-minutes":3,"footnotes":""},"categories":[6],"tags":[],"staff":[],"editorial_format":[],"serie":[],"audience":[],"geo":[173],"class_list":["post-5510","post","type-post","status-publish","format-standard","hentry","category-politica","geo-mediterraneo"],"acf":{"open_in_webview":false,"accent":false},"yoast_head":"<!-- This site is optimized with the Yoast SEO plugin v26.1.1 - https:\/\/yoast.com\/wordpress\/plugins\/seo\/ -->\n<title>Se\u00f1ales de acercamiento entre Malasia y Turqu\u00eda - El Grand Continent<\/title>\n<meta name=\"robots\" content=\"index, follow, max-snippet:-1, max-image-preview:large, max-video-preview:-1\" \/>\n<link rel=\"canonical\" href=\"https:\/\/legrandcontinent.eu\/es\/2022\/07\/08\/senales-de-acercamiento-entre-malasia-y-turquia\/\" \/>\n<meta property=\"og:locale\" content=\"es_ES\" \/>\n<meta property=\"og:type\" content=\"article\" \/>\n<meta property=\"og:title\" content=\"Se\u00f1ales de acercamiento entre Malasia y Turqu\u00eda - El Grand Continent\" \/>\n<meta property=\"og:description\" content=\"El Primer Ministro de Malasia, Ismail Sabri Yaakob, visit\u00f3 Ankara el 5 de julio en una visita oficial de cuatro d\u00edas que simboliza el activismo diplom\u00e1tico de Turqu\u00eda en Asia.\" \/>\n<meta property=\"og:url\" content=\"https:\/\/legrandcontinent.eu\/es\/2022\/07\/08\/senales-de-acercamiento-entre-malasia-y-turquia\/\" \/>\n<meta property=\"og:site_name\" content=\"El Grand Continent\" \/>\n<meta property=\"article:published_time\" content=\"2022-07-08T15:20:00+00:00\" \/>\n<meta property=\"article:modified_time\" content=\"2022-07-09T15:39:20+00:00\" \/>\n<meta property=\"og:image\" content=\"https:\/\/legrandcontinent.eu\/es\/wp-content\/uploads\/sites\/6\/2022\/07\/gc-elacercamiento-scaled.jpg\" \/>\n\t<meta property=\"og:image:width\" content=\"2560\" \/>\n\t<meta property=\"og:image:height\" content=\"1436\" \/>\n\t<meta property=\"og:image:type\" content=\"image\/jpeg\" \/>\n<meta name=\"author\" content=\"florent\" \/>\n<meta name=\"twitter:card\" content=\"summary_large_image\" \/>\n<meta name=\"twitter:image\" content=\"https:\/\/legrandcontinent.eu\/es\/wp-content\/uploads\/sites\/6\/2022\/07\/gc-elacercamiento-scaled.jpg\" \/>\n<meta name=\"twitter:label1\" content=\"Escrito por\" \/>\n\t<meta name=\"twitter:data1\" content=\"florent\" \/>\n\t<meta name=\"twitter:label2\" content=\"Tiempo de lectura\" \/>\n\t<meta name=\"twitter:data2\" content=\"3 minutos\" \/>\n<script type=\"application\/ld+json\" class=\"yoast-schema-graph\">{\"@context\":\"https:\/\/schema.org\",\"@graph\":[{\"@type\":\"WebPage\",\"@id\":\"https:\/\/legrandcontinent.eu\/es\/2022\/07\/08\/senales-de-acercamiento-entre-malasia-y-turquia\/\",\"url\":\"https:\/\/legrandcontinent.eu\/es\/2022\/07\/08\/senales-de-acercamiento-entre-malasia-y-turquia\/\",\"name\":\"Se\u00f1ales de acercamiento entre Malasia y Turqu\u00eda - El Grand Continent\",\"isPartOf\":{\"@id\":\"https:\/\/legrandcontinent.eu\/es\/#website\"},\"primaryImageOfPage\":{\"@id\":\"https:\/\/legrandcontinent.eu\/es\/2022\/07\/08\/senales-de-acercamiento-entre-malasia-y-turquia\/#primaryimage\"},\"image\":{\"@id\":\"https:\/\/legrandcontinent.eu\/es\/2022\/07\/08\/senales-de-acercamiento-entre-malasia-y-turquia\/#primaryimage\"},\"thumbnailUrl\":\"https:\/\/legrandcontinent.eu\/es\/wp-content\/uploads\/sites\/6\/2022\/07\/SIPA_AP22697382_000001-scaled-1.jpeg\",\"datePublished\":\"2022-07-08T15:20:00+00:00\",\"dateModified\":\"2022-07-09T15:39:20+00:00\",\"author\":{\"@id\":\"https:\/\/legrandcontinent.eu\/es\/#\/schema\/person\/cdd782c93d4a9eda86ab19a8c01cdf5c\"},\"breadcrumb\":{\"@id\":\"https:\/\/legrandcontinent.eu\/es\/2022\/07\/08\/senales-de-acercamiento-entre-malasia-y-turquia\/#breadcrumb\"},\"inLanguage\":\"es\",\"potentialAction\":[{\"@type\":\"ReadAction\",\"target\":[\"https:\/\/legrandcontinent.eu\/es\/2022\/07\/08\/senales-de-acercamiento-entre-malasia-y-turquia\/\"]}]},{\"@type\":\"ImageObject\",\"inLanguage\":\"es\",\"@id\":\"https:\/\/legrandcontinent.eu\/es\/2022\/07\/08\/senales-de-acercamiento-entre-malasia-y-turquia\/#primaryimage\",\"url\":\"https:\/\/legrandcontinent.eu\/es\/wp-content\/uploads\/sites\/6\/2022\/07\/SIPA_AP22697382_000001-scaled-1.jpeg\",\"contentUrl\":\"https:\/\/legrandcontinent.eu\/es\/wp-content\/uploads\/sites\/6\/2022\/07\/SIPA_AP22697382_000001-scaled-1.jpeg\",\"width\":2560,\"height\":1824,\"caption\":\"Turkey's President Recep Tayyip Erdogan, left, and Ismail Sabri Yaakob, Malaysia's Prime Minister, review an honor guard at the Presidential Palace in Ankara, Turkey, Thursday, July 7, 2022.(AP Photo\/Burhan Ozbilici)\/ANK102\/22188409209450\/\/2207071326\"},{\"@type\":\"BreadcrumbList\",\"@id\":\"https:\/\/legrandcontinent.eu\/es\/2022\/07\/08\/senales-de-acercamiento-entre-malasia-y-turquia\/#breadcrumb\",\"itemListElement\":[{\"@type\":\"ListItem\",\"position\":1,\"name\":\"Home\",\"item\":\"https:\/\/legrandcontinent.eu\/es\/\"},{\"@type\":\"ListItem\",\"position\":2,\"name\":\"Se\u00f1ales de acercamiento entre Malasia y Turqu\u00eda\"}]},{\"@type\":\"WebSite\",\"@id\":\"https:\/\/legrandcontinent.eu\/es\/#website\",\"url\":\"https:\/\/legrandcontinent.eu\/es\/\",\"name\":\"El Grand Continent\",\"description\":\"La escala pertinente\",\"potentialAction\":[{\"@type\":\"SearchAction\",\"target\":{\"@type\":\"EntryPoint\",\"urlTemplate\":\"https:\/\/legrandcontinent.eu\/es\/?s={search_term_string}\"},\"query-input\":{\"@type\":\"PropertyValueSpecification\",\"valueRequired\":true,\"valueName\":\"search_term_string\"}}],\"inLanguage\":\"es\"},{\"@type\":\"Person\",\"@id\":\"https:\/\/legrandcontinent.eu\/es\/#\/schema\/person\/cdd782c93d4a9eda86ab19a8c01cdf5c\",\"name\":\"florent\",\"image\":{\"@type\":\"ImageObject\",\"inLanguage\":\"es\",\"@id\":\"https:\/\/legrandcontinent.eu\/es\/#\/schema\/person\/image\/\",\"url\":\"https:\/\/secure.gravatar.com\/avatar\/0d38d78c90602daf39b309035cdac6bc?s=96&d=mm&r=g\",\"contentUrl\":\"https:\/\/secure.gravatar.com\/avatar\/0d38d78c90602daf39b309035cdac6bc?s=96&d=mm&r=g\",\"caption\":\"florent\"}}]}<\/script>\n<!-- \/ Yoast SEO plugin. -->","yoast_head_json":{"title":"Se\u00f1ales de acercamiento entre Malasia y Turqu\u00eda - El Grand Continent","robots":{"index":"index","follow":"follow","max-snippet":"max-snippet:-1","max-image-preview":"max-image-preview:large","max-video-preview":"max-video-preview:-1"},"canonical":"https:\/\/legrandcontinent.eu\/es\/2022\/07\/08\/senales-de-acercamiento-entre-malasia-y-turquia\/","og_locale":"es_ES","og_type":"article","og_title":"Se\u00f1ales de acercamiento entre Malasia y Turqu\u00eda - El Grand Continent","og_description":"El Primer Ministro de Malasia, Ismail Sabri Yaakob, visit\u00f3 Ankara el 5 de julio en una visita oficial de cuatro d\u00edas que simboliza el activismo diplom\u00e1tico de Turqu\u00eda en Asia.","og_url":"https:\/\/legrandcontinent.eu\/es\/2022\/07\/08\/senales-de-acercamiento-entre-malasia-y-turquia\/","og_site_name":"El Grand Continent","article_published_time":"2022-07-08T15:20:00+00:00","article_modified_time":"2022-07-09T15:39:20+00:00","og_image":[{"width":2560,"height":1436,"url":"https:\/\/legrandcontinent.eu\/es\/wp-content\/uploads\/sites\/6\/2022\/07\/gc-elacercamiento-scaled.jpg","type":"image\/jpeg"}],"author":"florent","twitter_card":"summary_large_image","twitter_image":"https:\/\/legrandcontinent.eu\/es\/wp-content\/uploads\/sites\/6\/2022\/07\/gc-elacercamiento-scaled.jpg","twitter_misc":{"Escrito por":"florent","Tiempo de lectura":"3 minutos"},"schema":{"@context":"https:\/\/schema.org","@graph":[{"@type":"WebPage","@id":"https:\/\/legrandcontinent.eu\/es\/2022\/07\/08\/senales-de-acercamiento-entre-malasia-y-turquia\/","url":"https:\/\/legrandcontinent.eu\/es\/2022\/07\/08\/senales-de-acercamiento-entre-malasia-y-turquia\/","name":"Se\u00f1ales de acercamiento entre Malasia y Turqu\u00eda - El Grand Continent","isPartOf":{"@id":"https:\/\/legrandcontinent.eu\/es\/#website"},"primaryImageOfPage":{"@id":"https:\/\/legrandcontinent.eu\/es\/2022\/07\/08\/senales-de-acercamiento-entre-malasia-y-turquia\/#primaryimage"},"image":{"@id":"https:\/\/legrandcontinent.eu\/es\/2022\/07\/08\/senales-de-acercamiento-entre-malasia-y-turquia\/#primaryimage"},"thumbnailUrl":"https:\/\/legrandcontinent.eu\/es\/wp-content\/uploads\/sites\/6\/2022\/07\/SIPA_AP22697382_000001-scaled-1.jpeg","datePublished":"2022-07-08T15:20:00+00:00","dateModified":"2022-07-09T15:39:20+00:00","author":{"@id":"https:\/\/legrandcontinent.eu\/es\/#\/schema\/person\/cdd782c93d4a9eda86ab19a8c01cdf5c"},"breadcrumb":{"@id":"https:\/\/legrandcontinent.eu\/es\/2022\/07\/08\/senales-de-acercamiento-entre-malasia-y-turquia\/#breadcrumb"},"inLanguage":"es","potentialAction":[{"@type":"ReadAction","target":["https:\/\/legrandcontinent.eu\/es\/2022\/07\/08\/senales-de-acercamiento-entre-malasia-y-turquia\/"]}]},{"@type":"ImageObject","inLanguage":"es","@id":"https:\/\/legrandcontinent.eu\/es\/2022\/07\/08\/senales-de-acercamiento-entre-malasia-y-turquia\/#primaryimage","url":"https:\/\/legrandcontinent.eu\/es\/wp-content\/uploads\/sites\/6\/2022\/07\/SIPA_AP22697382_000001-scaled-1.jpeg","contentUrl":"https:\/\/legrandcontinent.eu\/es\/wp-content\/uploads\/sites\/6\/2022\/07\/SIPA_AP22697382_000001-scaled-1.jpeg","width":2560,"height":1824,"caption":"Turkey's President Recep Tayyip Erdogan, left, and Ismail Sabri Yaakob, Malaysia's Prime Minister, review an honor guard at the Presidential Palace in Ankara, Turkey, Thursday, July 7, 2022.(AP Photo\/Burhan Ozbilici)\/ANK102\/22188409209450\/\/2207071326"},{"@type":"BreadcrumbList","@id":"https:\/\/legrandcontinent.eu\/es\/2022\/07\/08\/senales-de-acercamiento-entre-malasia-y-turquia\/#breadcrumb","itemListElement":[{"@type":"ListItem","position":1,"name":"Home","item":"https:\/\/legrandcontinent.eu\/es\/"},{"@type":"ListItem","position":2,"name":"Se\u00f1ales de acercamiento entre Malasia y Turqu\u00eda"}]},{"@type":"WebSite","@id":"https:\/\/legrandcontinent.eu\/es\/#website","url":"https:\/\/legrandcontinent.eu\/es\/","name":"El Grand Continent","description":"La escala pertinente","potentialAction":[{"@type":"SearchAction","target":{"@type":"EntryPoint","urlTemplate":"https:\/\/legrandcontinent.eu\/es\/?s={search_term_string}"},"query-input":{"@type":"PropertyValueSpecification","valueRequired":true,"valueName":"search_term_string"}}],"inLanguage":"es"},{"@type":"Person","@id":"https:\/\/legrandcontinent.eu\/es\/#\/schema\/person\/cdd782c93d4a9eda86ab19a8c01cdf5c","name":"florent","image":{"@type":"ImageObject","inLanguage":"es","@id":"https:\/\/legrandcontinent.eu\/es\/#\/schema\/person\/image\/","url":"https:\/\/secure.gravatar.com\/avatar\/0d38d78c90602daf39b309035cdac6bc?s=96&d=mm&r=g","contentUrl":"https:\/\/secure.gravatar.com\/avatar\/0d38d78c90602daf39b309035cdac6bc?s=96&d=mm&r=g","caption":"florent"}}]}},"lgc_categories":[{"id":6,"name":"Pol\u00edtica","slug":"politica"}],"lgc_author":null,"feature_image_summary":{"url":"https:\/\/legrandcontinent.eu\/es\/wp-content\/uploads\/sites\/6\/2022\/07\/SIPA_AP22697382_000001-scaled-1.jpeg","width":2560,"height":1824,"alt":""},"feature_image_cover":null,"term_position_data":null,"_links":{"self":[{"href":"https:\/\/legrandcontinent.eu\/es\/wp-json\/wp\/v2\/posts\/5510","targetHints":{"allow":["GET"]}}],"collection":[{"href":"https:\/\/legrandcontinent.eu\/es\/wp-json\/wp\/v2\/posts"}],"about":[{"href":"https:\/\/legrandcontinent.eu\/es\/wp-json\/wp\/v2\/types\/post"}],"author":[{"embeddable":true,"href":"https:\/\/legrandcontinent.eu\/es\/wp-json\/wp\/v2\/users\/1366"}],"replies":[{"embeddable":true,"href":"https:\/\/legrandcontinent.eu\/es\/wp-json\/wp\/v2\/comments?post=5510"}],"version-history":[{"count":0,"href":"https:\/\/legrandcontinent.eu\/es\/wp-json\/wp\/v2\/posts\/5510\/revisions"}],"wp:featuredmedia":[{"embeddable":true,"href":"https:\/\/legrandcontinent.eu\/es\/wp-json\/wp\/v2\/media\/5514"}],"wp:attachment":[{"href":"https:\/\/legrandcontinent.eu\/es\/wp-json\/wp\/v2\/media?parent=5510"}],"wp:term":[{"taxonomy":"category","embeddable":true,"href":"https:\/\/legrandcontinent.eu\/es\/wp-json\/wp\/v2\/categories?post=5510"},{"taxonomy":"post_tag","embeddable":true,"href":"https:\/\/legrandcontinent.eu\/es\/wp-json\/wp\/v2\/tags?post=5510"},{"taxonomy":"staff","embeddable":true,"href":"https:\/\/legrandcontinent.eu\/es\/wp-json\/wp\/v2\/staff?post=5510"},{"taxonomy":"editorial_format","embeddable":true,"href":"https:\/\/legrandcontinent.eu\/es\/wp-json\/wp\/v2\/editorial_format?post=5510"},{"taxonomy":"serie","embeddable":true,"href":"https:\/\/legrandcontinent.eu\/es\/wp-json\/wp\/v2\/serie?post=5510"},{"taxonomy":"audience","embeddable":true,"href":"https:\/\/legrandcontinent.eu\/es\/wp-json\/wp\/v2\/audience?post=5510"},{"taxonomy":"geo","embeddable":true,"href":"https:\/\/legrandcontinent.eu\/es\/wp-json\/wp\/v2\/geo?post=5510"}],"curies":[{"name":"wp","href":"https:\/\/api.w.org\/{rel}","templated":true}]}}