{"id":54941,"date":"2025-01-30T15:33:17","date_gmt":"2025-01-30T14:33:17","guid":{"rendered":"https:\/\/legrandcontinent.eu\/es\/?p=54941"},"modified":"2025-01-30T15:33:19","modified_gmt":"2025-01-30T14:33:19","slug":"como-acoge-la-rusia-de-putin-a-refugiados-ideologicos-que-huyen-de-occidente","status":"publish","type":"post","link":"https:\/\/legrandcontinent.eu\/es\/2025\/01\/30\/como-acoge-la-rusia-de-putin-a-refugiados-ideologicos-que-huyen-de-occidente\/","title":{"rendered":"C\u00f3mo acoge la Rusia de Putin a \u00abrefugiados ideol\u00f3gicos\u00bb que huyen de Occidente"},"content":{"rendered":"\n<p>En agosto de 2024, Vladimir Putin firm\u00f3 un decreto \u00absobre la prestaci\u00f3n de apoyo humanitario a las personas que comparten los valores espirituales y morales tradicionales rusos\u00bb&nbsp;<span class='whitespace-nowrap'><span id='easy-footnote-1-54941' class='easy-footnote-margin-adjust'><\/span><span class='easy-footnote'><a href='https:\/\/legrandcontinent.eu\/es\/2025\/01\/30\/como-acoge-la-rusia-de-putin-a-refugiados-ideologicos-que-huyen-de-occidente\/#easy-footnote-bottom-1-54941' title='&lt;a href=&quot;http:\/\/publication.pravo.gov.ru\/document\/0001202408190001&quot;&gt;\u0423\u043a\u0430\u0437 \u041f\u0440\u0435\u0437\u0438\u0434\u0435\u043d\u0442\u0430 \u0420\u043e\u0441\u0441\u0438\u0439\u0441\u043a\u043e\u0439 \u0424\u0435\u0434\u0435\u0440\u0430\u0446\u0438\u0438 \u043e\u0442 19.08.2024 \u2116 702 \u00ab\u00a0\u041e\u0431 \u043e\u043a\u0430\u0437\u0430\u043d\u0438\u0438 \u0433\u0443\u043c\u0430\u043d\u0438\u0442\u0430\u0440\u043d\u043e\u0439 \u043f\u043e\u0434\u0434\u0435\u0440\u0436\u043a\u0438 \u043b\u0438\u0446\u0430\u043c, \u0440\u0430\u0437\u0434\u0435\u043b\u044f\u044e\u0449\u0438\u043c \u0442\u0440\u0430\u0434\u0438\u0446\u0438\u043e\u043d\u043d\u044b\u0435 \u0440\u043e\u0441\u0441\u0438\u0439\u0441\u043a\u0438\u0435 \u0434\u0443\u0445\u043e\u0432\u043d\u043e-\u043d\u0440\u0430\u0432\u0441\u0442\u0432\u0435\u043d\u043d\u044b\u0435 \u0446\u0435\u043d\u043d\u043e\u0441\u0442\u0438\u00a0\u00bb&lt;\/a&gt;, \u041e\u0444\u0438\u0446\u0438\u0430\u043b\u044c\u043d\u044b\u0439 \u0438\u043d\u0442\u0435\u0440\u043d\u0435\u0442-\u043f\u043e\u0440\u0442\u0430\u043b \u043f\u0440\u0430\u0432\u043e\u0432\u043e\u0439 \u0438\u043d\u0444\u043e\u0440\u043c\u0430\u0446\u0438\u0438.'><sup>1<\/sup><\/a><\/span><\/span>. Para atraer a Rusia a emigrantes cualificados reconocidos por el Kremlin como \u00abopuestos a la destructiva agenda ideol\u00f3gica neoliberal\u00bb en sus pa\u00edses de origen, ahora tienen la oportunidad de solicitar un permiso de residencia temporal en Rusia.<\/p>\n\n\n\n<ul class=\"wp-block-list\">\n<li>El pasado mes de septiembre, el Ministerio de Asuntos Exteriores ruso elabor\u00f3 una lista de unos cuarenta pa\u00edses cuyos nacionales podr\u00edan \u00abrefugiarse\u00bb en Rusia sin ninguna condici\u00f3n previa en cuanto a su conocimiento de la lengua, la historia o la legislaci\u00f3n del pa\u00eds&nbsp;<span class='whitespace-nowrap'><span id='easy-footnote-2-54941' class='easy-footnote-margin-adjust'><\/span><span class='easy-footnote'><a href='https:\/\/legrandcontinent.eu\/es\/2025\/01\/30\/como-acoge-la-rusia-de-putin-a-refugiados-ideologicos-que-huyen-de-occidente\/#easy-footnote-bottom-2-54941' title='&lt;a href=&quot;http:\/\/publication.pravo.gov.ru\/document\/0001202409200036?index=1&quot;&gt;\u0420\u0430\u0441\u043f\u043e\u0440\u044f\u0436\u0435\u043d\u0438\u0435 \u041f\u0440\u0430\u0432\u0438\u0442\u0435\u043b\u044c\u0441\u0442\u0432\u0430 \u0420\u043e\u0441\u0441\u0438\u0439\u0441\u043a\u043e\u0439 \u0424\u0435\u0434\u0435\u0440\u0430\u0446\u0438\u0438 \u043e\u0442 17.09.2024 \u2116 2560-\u0440&lt;\/a&gt;, \u041e\u0444\u0438\u0446\u0438\u0430\u043b\u044c\u043d\u044b\u0439 \u0438\u043d\u0442\u0435\u0440\u043d\u0435\u0442-\u043f\u043e\u0440\u0442\u0430\u043b \u043f\u0440\u0430\u0432\u043e\u0432\u043e\u0439 \u0438\u043d\u0444\u043e\u0440\u043c\u0430\u0446\u0438\u0438.'><sup>2<\/sup><\/a><\/span><\/span>.<\/li>\n\n\n\n<li>La mayor\u00eda de estos pa\u00edses son occidentales: Estados Unidos, Canad\u00e1, Australia y casi toda la Uni\u00f3n Europea, as\u00ed como Micronesia y Singapur. Ucrania tambi\u00e9n figura en la lista.<\/li>\n\n\n\n<li>Hungr\u00eda y Eslovaquia son los \u00fanicos Estados miembros de la Uni\u00f3n Europea excluidos porque se dice que \u00abla propaganda a favor de la homosexualidad, la eutanasia y la reasignaci\u00f3n de sexo de los ni\u00f1os\u00bb es minoritaria, \u00abgracias al Presidente Fico y al Primer Ministro Orb\u00e1n\u00bb&nbsp;<span class='whitespace-nowrap'><span id='easy-footnote-3-54941' class='easy-footnote-margin-adjust'><\/span><span class='easy-footnote'><a href='https:\/\/legrandcontinent.eu\/es\/2025\/01\/30\/como-acoge-la-rusia-de-putin-a-refugiados-ideologicos-que-huyen-de-occidente\/#easy-footnote-bottom-3-54941' title='\u0414\u043c\u0438\u0442\u0440\u0438\u0439 \u0411\u0410\u0411\u0418\u0427, \u00ab\u00a0&lt;a href=&quot;https:\/\/www.kp.ru\/daily\/27676.5\/5027924\/&quot;&gt;\u041f\u0440\u043e\u0434\u0430\u044e\u0442 \u0432\u0441\u0435 \u043d\u0430 \u0417\u0430\u043f\u0430\u0434\u0435 \u0438 \u0435\u0434\u0443\u0442 \u0432 \u0420\u043e\u0441\u0441\u0438\u044e\u00a0: \u043f\u043e\u0441\u043b\u0435 \u0423\u043a\u0430\u0437\u0430 \u0412\u043b\u0430\u0434\u0438\u043c\u0438\u0440\u0430 \u041f\u0443\u0442\u0438\u043d\u0430 \u043a \u043d\u0430\u043c \u043f\u043e\u0442\u044f\u043d\u0443\u043b\u0438\u0441\u044c \u201c\u0434\u0443\u0445\u043e\u0432\u043d\u044b\u0435 \u0431\u0435\u0436\u0435\u043d\u0446\u044b\u201d&lt;\/a&gt;\u00a0\u00bb,\u00a0&lt;em&gt;\u041a\u043e\u043c\u0441\u043e\u043c\u043e\u0301\u043b\u044c\u0441\u043a\u0430\u044f \u043f\u0440\u0430\u0301\u0432\u0434\u0430&lt;\/em&gt;, 24 de diciembre de 2024.'><sup>3<\/sup><\/a><\/span><\/span>.<\/li>\n<\/ul>\n\n\n\n<div class=\"iframe-container wp-block-image wp-block-image-medium  iframe-dw\">\n\t<div>\n\t\t<iframe class=\"absolute w-full h-full pin-t pin-l\" title=\"titolo\" aria-label=\"Interactive line chart\" src=\"\/\/datawrapper.dwcdn.net\/E1CTZ\/\" scrolling=\"no\" frameborder=\"0\"><\/iframe>\n\t<\/div>\n<\/div>\n\n\n\n<p>Para el Kremlin, este nuevo plan forma parte de una estrategia m\u00e1s amplia de fuga de cerebros destinada a atraer perfiles especializados en profesiones de alta tecnolog\u00eda&nbsp;<span class='whitespace-nowrap'><span id='easy-footnote-4-54941' class='easy-footnote-margin-adjust'><\/span><span class='easy-footnote'><a href='https:\/\/legrandcontinent.eu\/es\/2025\/01\/30\/como-acoge-la-rusia-de-putin-a-refugiados-ideologicos-que-huyen-de-occidente\/#easy-footnote-bottom-4-54941' title='&lt;a href=&quot;http:\/\/kremlin.ru\/events\/president\/news\/76147#sel=172:8:mun,172:10:num&quot;&gt;\u0417\u0430\u0441\u0435\u0434\u0430\u043d\u0438\u0435 \u043d\u0430\u0431\u043b\u044e\u0434\u0430\u0442\u0435\u043b\u044c\u043d\u043e\u0433\u043e \u0441\u043e\u0432\u0435\u0442\u0430 \u0410\u0421\u0418&lt;\/a&gt;, Kremlin, 23 de enero de 2025.'><sup>4<\/sup><\/a><\/span><\/span>. Se han creado plataformas destinadas a facilitar a estos refugiados ideol\u00f3gicos el traslado, la compra de alojamiento y la b\u00fasqueda de trabajo, como \u00abStart in Moscow\u00bb o \u00abThe Way Home\u00a0: to Dobrograd\u00bb (\u041f\u0443\u0442\u044c \u0434\u043e\u043c\u043e\u0439: \u0432 \u0414\u043e\u0431\u0440\u043e\u0433\u0440\u0430\u0434), una \u00abtecnociudad\u00bb reservada a los rusos en el extranjero que deseen volver a su pa\u00eds y a las personas \u00abcon or\u00edgenes rusos\u00bb que quieran instalarse all\u00ed.<\/p>\n\n\n\n<ul class=\"wp-block-list\">\n<li>El trazado de la ciudad se asemeja al de un parque de atracciones, con playas y lagos artificiales, minigolf, \u00abel mayor parque de estelas de Europa\u00bb, un teatro flotante e incluso una pista de aterrizaje&nbsp;<span class='whitespace-nowrap'><span id='easy-footnote-5-54941' class='easy-footnote-margin-adjust'><\/span><span class='easy-footnote'><a href='https:\/\/legrandcontinent.eu\/es\/2025\/01\/30\/como-acoge-la-rusia-de-putin-a-refugiados-ideologicos-que-huyen-de-occidente\/#easy-footnote-bottom-5-54941' title='&lt;a href=&quot;https:\/\/dobrograd.ru\/about\/&quot;&gt;\u041a\u0430\u0440\u0442\u0430 \u0414\u043e\u0431\u0440\u043e\u0433\u0440\u0430\u0434\u0430&lt;\/a&gt;.'><sup>5<\/sup><\/a><\/span><\/span>. Tambi\u00e9n se ha puesto en marcha la construcci\u00f3n de una ciudad reservada exclusivamente a ciudadanos estadounidenses y canadienses para 2024&nbsp;<span class='whitespace-nowrap'><span id='easy-footnote-6-54941' class='easy-footnote-margin-adjust'><\/span><span class='easy-footnote'><a href='https:\/\/legrandcontinent.eu\/es\/2025\/01\/30\/como-acoge-la-rusia-de-putin-a-refugiados-ideologicos-que-huyen-de-occidente\/#easy-footnote-bottom-6-54941' title='\u041f\u043e\u043b\u0438\u043d\u0430 \u041a\u0438\u0441\u043b\u0438\u0446\u044b\u043d\u0430, \u00ab\u00a0&lt;a href=&quot;https:\/\/lenta.ru\/news\/2023\/05\/11\/derevnya\/&quot;&gt;\u0412 \u041f\u043e\u0434\u043c\u043e\u0441\u043a\u043e\u0432\u044c\u0435 \u043f\u043e\u0441\u0442\u0440\u043e\u044f\u0442 \u0434\u0435\u0440\u0435\u0432\u043d\u044e \u0434\u043b\u044f \u0438\u043c\u043c\u0438\u0433\u0440\u0430\u043d\u0442\u043e\u0432 \u0438\u0437 \u0421\u0428\u0410 \u0438 \u041a\u0430\u043d\u0430\u0434\u044b&lt;\/a&gt;\u00a0\u00bb,\u00a0&lt;em&gt;\u041b\u0435\u043d\u0442\u0430&lt;\/em&gt;, 11 de mayo de 2023.'><sup>6<\/sup><\/a><\/span><\/span>.<\/li>\n\n\n\n<li>En el sitio web \u00abThe Way Home: to Dobrograd\u00bb se pueden leer testimonios de familias que han vivido en Estados Unidos, Italia, Chipre, Alemania o Letonia, la mayor\u00eda de las cuales regresan a Rusia, donde nacieron o vivieron anteriormente.<\/li>\n<\/ul>\n\n\n\n<p>La aplicaci\u00f3n del decreto, que pretende atraer a 1.000 familias de aqu\u00ed a 2030, est\u00e1 siendo dirigida por Maria Butina, antigua esp\u00eda en Estados Unidos que ahora es miembro de la Duma Estatal. Para ello, Butina cre\u00f3 a finales de noviembre la ONG \u00abWelcome to Russia\u00bb, que \u00abayuda\u00bb a las personas \u00abnecesitadas de asilo espiritual y moral\u00bb, en particular mediante la organizaci\u00f3n de actos y la realizaci\u00f3n de campa\u00f1as en las redes sociales a trav\u00e9s de publicaciones en ingl\u00e9s y grupos privados&nbsp;<span class='whitespace-nowrap'><span id='easy-footnote-7-54941' class='easy-footnote-margin-adjust'><\/span><span class='easy-footnote'><a href='https:\/\/legrandcontinent.eu\/es\/2025\/01\/30\/como-acoge-la-rusia-de-putin-a-refugiados-ideologicos-que-huyen-de-occidente\/#easy-footnote-bottom-7-54941' title='\u00ab\u00a0&lt;a href=&quot;https:\/\/tass.ru\/obschestvo\/22533701&quot;&gt;\u0411\u0443\u0442\u0438\u043d\u0430\u00a0: \u043f\u0440\u043e\u0435\u043a\u0442 \u0434\u043b\u044f \u043f\u0435\u0440\u0435\u0441\u0435\u043b\u0435\u043d\u0446\u0435\u0432 \u043d\u0430\u0446\u0435\u043b\u0435\u043d \u043d\u0430 \u0438\u0449\u0443\u0449\u0438\u0445 \u0434\u0443\u0445\u043e\u0432\u043d\u043e-\u043d\u0440\u0430\u0432\u0441\u0442\u0432\u0435\u043d\u043d\u043e\u0435 \u0443\u0431\u0435\u0436\u0438\u0449\u0435&lt;\/a&gt;\u00a0\u00bb,\u00a0&lt;em&gt;TACC&lt;\/em&gt;, 29 de noviembre de 2024.'><sup>7<\/sup><\/a><\/span><\/span>.<\/p>\n\n\n\n<figure class=\"wp-block-embed is-type-rich is-provider-twitter wp-block-embed-twitter\"><div class=\"wp-block-embed__wrapper\">\n<blockquote class=\"twitter-tweet\" data-width=\"550\" data-dnt=\"true\"><p lang=\"en\" dir=\"ltr\">More and more foreign citizens interested in moving to Russia! With the simplified resettlement process and the help of organizations like &quot;Welcome to Russia&quot;, we are able to make the transition smoother. It&#39;s great to see Alexandre Stefanesco showing the true Russia. <a href=\"https:\/\/twitter.com\/hashtag\/W2R?src=hash&amp;ref_src=twsrc%5Etfw\">#W2R<\/a>  \ud83c\uddf7\ud83c\uddfa\ud83c\uddeb\ud83c\uddf7 <a href=\"https:\/\/t.co\/Aqph8lPtrP\">pic.twitter.com\/Aqph8lPtrP<\/a><\/p>&mdash; Maria Butina (@Maria_Butina) <a href=\"https:\/\/twitter.com\/Maria_Butina\/status\/1872932550894825649?ref_src=twsrc%5Etfw\">December 28, 2024<\/a><\/blockquote><script async src=\"https:\/\/platform.twitter.com\/widgets.js\" charset=\"utf-8\"><\/script>\n<\/div><\/figure>\n\n\n\n<p>Los testimonios recogidos por <em>Novaya Gazeta<\/em> describen principalmente motivaciones ideol\u00f3gicas, muy claramente alineadas con el lenguaje de la propaganda rusa.<\/p>\n\n\n\n<ul class=\"wp-block-list\">\n<li>Una ciudadana asi\u00e1tica (de Corea del Sur, Jap\u00f3n o Singapur) dijo que se sinti\u00f3 atra\u00edda por el menor coste de la vida en Rusia, pero tambi\u00e9n por las personalidades de Vladimir Putin, Sergei Lavrov y Maria Butina, descritos como \u00abpol\u00edticos inteligentes que toman decisiones estrat\u00e9gicas a largo plazo\u00bb&nbsp;<span class='whitespace-nowrap'><span id='easy-footnote-8-54941' class='easy-footnote-margin-adjust'><\/span><span class='easy-footnote'><a href='https:\/\/legrandcontinent.eu\/es\/2025\/01\/30\/como-acoge-la-rusia-de-putin-a-refugiados-ideologicos-que-huyen-de-occidente\/#easy-footnote-bottom-8-54941' title='\u042e\u043b\u0438\u044f \u0410\u0445\u043c\u0435\u0434\u043e\u0432\u0430, \u00ab\u00a0&lt;a href=&quot;https:\/\/novayagazeta.eu\/articles\/2025\/01\/28\/impatrianty&quot;&gt;\u0418\u043c\u043f\u0430\u0442\u0440\u0438\u0430\u043d\u0442\u044b&lt;\/a&gt;\u00a0\u00bb,\u00a0&lt;em&gt;\u041d\u043e\u0432\u0430\u044f \u0433\u0430\u0437\u0435\u0442\u0430&lt;\/em&gt;, 28 de enero de 2025.'><sup>8<\/sup><\/a><\/span><\/span>.<\/li>\n\n\n\n<li>L\u00e9on, franc\u00e9s de 26 a\u00f1os, explica que decidi\u00f3 acogerse al programa tras enamorarse del pa\u00eds durante un intercambio universitario. Sin embargo, dice que <a href=\"https:\/\/legrandcontinent.eu\/es\/2024\/07\/30\/paris-2024-que-significa-realmente-la-ceremonia-de-apertura-una-larga-entrevista-con-su-coautor-patrick-boucheron\/\">la ceremonia de los Juegos Ol\u00edmpicos de Par\u00eds 2024<\/a> actu\u00f3 como un electroshock: \u00abmagn\u00edfica, hasta que se convirti\u00f3 en una especie de \u201cfreak show\u201d\u00bb.<\/li>\n\n\n\n<li>Th\u00e9o, belga de 35 a\u00f1os, se\u00f1ala los cursos de educaci\u00f3n sexual introducidos recientemente en las escuelas franc\u00f3fonas de B\u00e9lgica: \u00abPor supuesto, puedes enga\u00f1ar al sistema diciendo que tu hijo est\u00e1 enfermo para saltarte este m\u00f3dulo. Pero esto sigue convirtiendo las escuelas en campos de lavado de cerebro\u00bb.<\/li>\n<\/ul>\n\n\n\n<p>El programa atrajo a unas 200 personas entre septiembre y diciembre de 2024. Seg\u00fan Butina, los pa\u00edses m\u00e1s representados ser\u00edan Estados Unidos, Francia, Canad\u00e1, Italia y Alemania. La idea de introducir un \u00abvisado ideol\u00f3gico\u00bb tambi\u00e9n fue sugerida a Putin por una estudiante italiana del MGIMO, el Instituto Estatal de Relaciones Internacionales de Mosc\u00fa, en una conferencia celebrada en febrero de 2024. Irene Cecchini se hab\u00eda dirigido directamente al presidente ruso, proponi\u00e9ndole la creaci\u00f3n de una nueva palabra para designar este r\u00e9gimen: \u00abimpatriaci\u00f3n\u00bb (\u0438\u043c\u043f\u0430\u0442\u0440\u0438\u0430\u0446\u0438\u044f)&nbsp;<span class='whitespace-nowrap'><span id='easy-footnote-9-54941' class='easy-footnote-margin-adjust'><\/span><span class='easy-footnote'><a href='https:\/\/legrandcontinent.eu\/es\/2025\/01\/30\/como-acoge-la-rusia-de-putin-a-refugiados-ideologicos-que-huyen-de-occidente\/#easy-footnote-bottom-9-54941' title='\u0424\u043e\u0440\u0443\u043c \u0410\u0421\u0418 \u00ab\u00a0&lt;a href=&quot;http:\/\/special.kremlin.ru\/events\/president\/news\/73505&quot;&gt;\u0421\u0438\u043b\u044c\u043d\u044b\u0435 \u0438\u0434\u0435\u0438 \u0434\u043b\u044f \u043d\u043e\u0432\u043e\u0433\u043e \u0432\u0440\u0435\u043c\u0435\u043d\u0438&lt;\/a&gt;\u00a0\u00bb, Kremlin, 20 de febrero de 2024.'><sup>9<\/sup><\/a><\/span><\/span>.<\/p>\n","protected":false},"excerpt":{"rendered":"<p>Desde hace varios meses, los nacionales de unos cuarenta pa\u00edses reconocidos por compartir una \u00abagenda ideol\u00f3gica neoliberal destructiva\u00bb se benefician de un programa simplificado que les permite instalarse en Rusia. Present\u00e1ndose como un \u00abrefugio\u00bb, el Kremlin espera constituir una cantera de perfiles especializados en profesiones de alta tecnolog\u00eda, al tiempo que ensalza ante el mundo la calidad de vida en Rusia y sus \u00abvalores tradicionales\u00bb.<\/p>\n","protected":false},"author":1366,"featured_media":54942,"comment_status":"closed","ping_status":"closed","sticky":false,"template":"templates\/post-briefings.php","format":"standard","meta":{"_acf_changed":true,"_trash_the_other_posts":false,"_yoast_wpseo_estimated-reading-time-minutes":4,"footnotes":""},"categories":[6],"tags":[],"staff":[],"editorial_format":[],"serie":[],"audience":[],"geo":[182],"class_list":["post-54941","post","type-post","status-publish","format-standard","hentry","category-politica","geo-asia-septentrional"],"acf":{"open_in_webview":false,"accent":false,"_thumbnail_id":54942,"excerpt":"Desde hace varios meses, los nacionales de unos cuarenta pa\u00edses reconocidos por compartir una \u00abagenda ideol\u00f3gica neoliberal destructiva\u00bb se benefician de un programa simplificado que les permite instalarse en Rusia. Present\u00e1ndose como un \u00abrefugio\u00bb, el Kremlin espera constituir una cantera de perfiles especializados en profesiones de alta tecnolog\u00eda, al tiempo que ensalza ante el mundo la calidad de vida en Rusia y sus \u00abvalores tradicionales\u00bb.","display_date":"","new_abstract":true},"yoast_head":"<!-- This site is optimized with the Yoast SEO plugin v26.1.1 - https:\/\/yoast.com\/wordpress\/plugins\/seo\/ -->\n<title>C\u00f3mo acoge la Rusia de Putin a \u00abrefugiados ideol\u00f3gicos\u00bb que huyen de Occidente - El Grand Continent<\/title>\n<meta name=\"robots\" content=\"index, follow, max-snippet:-1, max-image-preview:large, max-video-preview:-1\" \/>\n<link rel=\"canonical\" href=\"https:\/\/legrandcontinent.eu\/es\/2025\/01\/30\/como-acoge-la-rusia-de-putin-a-refugiados-ideologicos-que-huyen-de-occidente\/\" \/>\n<meta property=\"og:locale\" content=\"es_ES\" \/>\n<meta property=\"og:type\" content=\"article\" \/>\n<meta property=\"og:title\" content=\"C\u00f3mo acoge la Rusia de Putin a \u00abrefugiados ideol\u00f3gicos\u00bb que huyen de Occidente - El Grand Continent\" \/>\n<meta property=\"og:description\" content=\"Desde hace varios meses, los nacionales de unos cuarenta pa\u00edses reconocidos por compartir una \u00abagenda ideol\u00f3gica neoliberal destructiva\u00bb se benefician de un programa simplificado que les permite instalarse en Rusia. Present\u00e1ndose como un \u00abrefugio\u00bb, el Kremlin espera constituir una cantera de perfiles especializados en profesiones de alta tecnolog\u00eda, al tiempo que ensalza ante el mundo la calidad de vida en Rusia y sus \u00abvalores tradicionales\u00bb.\" \/>\n<meta property=\"og:url\" content=\"https:\/\/legrandcontinent.eu\/es\/2025\/01\/30\/como-acoge-la-rusia-de-putin-a-refugiados-ideologicos-que-huyen-de-occidente\/\" \/>\n<meta property=\"og:site_name\" content=\"El Grand Continent\" \/>\n<meta property=\"article:published_time\" content=\"2025-01-30T14:33:17+00:00\" \/>\n<meta property=\"article:modified_time\" content=\"2025-01-30T14:33:19+00:00\" \/>\n<meta property=\"og:image\" content=\"https:\/\/legrandcontinent.eu\/es\/wp-content\/uploads\/sites\/6\/2025\/01\/gc-elrusia-scaled.jpg\" \/>\n\t<meta property=\"og:image:width\" content=\"2560\" \/>\n\t<meta property=\"og:image:height\" content=\"1440\" \/>\n\t<meta property=\"og:image:type\" content=\"image\/jpeg\" \/>\n<meta name=\"author\" content=\"florent\" \/>\n<meta name=\"twitter:card\" content=\"summary_large_image\" \/>\n<meta name=\"twitter:image\" content=\"https:\/\/legrandcontinent.eu\/es\/wp-content\/uploads\/sites\/6\/2025\/01\/gc-elrusia-scaled.jpg\" \/>\n<meta name=\"twitter:label1\" content=\"Escrito por\" \/>\n\t<meta name=\"twitter:data1\" content=\"florent\" \/>\n\t<meta name=\"twitter:label2\" content=\"Tiempo de lectura\" \/>\n\t<meta name=\"twitter:data2\" content=\"4 minutos\" \/>\n<script type=\"application\/ld+json\" class=\"yoast-schema-graph\">{\"@context\":\"https:\/\/schema.org\",\"@graph\":[{\"@type\":\"WebPage\",\"@id\":\"https:\/\/legrandcontinent.eu\/es\/2025\/01\/30\/como-acoge-la-rusia-de-putin-a-refugiados-ideologicos-que-huyen-de-occidente\/\",\"url\":\"https:\/\/legrandcontinent.eu\/es\/2025\/01\/30\/como-acoge-la-rusia-de-putin-a-refugiados-ideologicos-que-huyen-de-occidente\/\",\"name\":\"C\u00f3mo acoge la Rusia de Putin a \u00abrefugiados ideol\u00f3gicos\u00bb que huyen de Occidente - El Grand Continent\",\"isPartOf\":{\"@id\":\"https:\/\/legrandcontinent.eu\/es\/#website\"},\"primaryImageOfPage\":{\"@id\":\"https:\/\/legrandcontinent.eu\/es\/2025\/01\/30\/como-acoge-la-rusia-de-putin-a-refugiados-ideologicos-que-huyen-de-occidente\/#primaryimage\"},\"image\":{\"@id\":\"https:\/\/legrandcontinent.eu\/es\/2025\/01\/30\/como-acoge-la-rusia-de-putin-a-refugiados-ideologicos-que-huyen-de-occidente\/#primaryimage\"},\"thumbnailUrl\":\"https:\/\/legrandcontinent.eu\/es\/wp-content\/uploads\/sites\/6\/2025\/01\/E1CTZ-pa-ses-que-rusia-considera-que-contribuyen-a-la-destrucci-n-de-los-valores-espirituales-y-morales-tradicionales-rusos-.png\",\"datePublished\":\"2025-01-30T14:33:17+00:00\",\"dateModified\":\"2025-01-30T14:33:19+00:00\",\"author\":{\"@id\":\"https:\/\/legrandcontinent.eu\/es\/#\/schema\/person\/cdd782c93d4a9eda86ab19a8c01cdf5c\"},\"breadcrumb\":{\"@id\":\"https:\/\/legrandcontinent.eu\/es\/2025\/01\/30\/como-acoge-la-rusia-de-putin-a-refugiados-ideologicos-que-huyen-de-occidente\/#breadcrumb\"},\"inLanguage\":\"es\",\"potentialAction\":[{\"@type\":\"ReadAction\",\"target\":[\"https:\/\/legrandcontinent.eu\/es\/2025\/01\/30\/como-acoge-la-rusia-de-putin-a-refugiados-ideologicos-que-huyen-de-occidente\/\"]}]},{\"@type\":\"ImageObject\",\"inLanguage\":\"es\",\"@id\":\"https:\/\/legrandcontinent.eu\/es\/2025\/01\/30\/como-acoge-la-rusia-de-putin-a-refugiados-ideologicos-que-huyen-de-occidente\/#primaryimage\",\"url\":\"https:\/\/legrandcontinent.eu\/es\/wp-content\/uploads\/sites\/6\/2025\/01\/E1CTZ-pa-ses-que-rusia-considera-que-contribuyen-a-la-destrucci-n-de-los-valores-espirituales-y-morales-tradicionales-rusos-.png\",\"contentUrl\":\"https:\/\/legrandcontinent.eu\/es\/wp-content\/uploads\/sites\/6\/2025\/01\/E1CTZ-pa-ses-que-rusia-considera-que-contribuyen-a-la-destrucci-n-de-los-valores-espirituales-y-morales-tradicionales-rusos-.png\",\"width\":1384,\"height\":810},{\"@type\":\"BreadcrumbList\",\"@id\":\"https:\/\/legrandcontinent.eu\/es\/2025\/01\/30\/como-acoge-la-rusia-de-putin-a-refugiados-ideologicos-que-huyen-de-occidente\/#breadcrumb\",\"itemListElement\":[{\"@type\":\"ListItem\",\"position\":1,\"name\":\"Home\",\"item\":\"https:\/\/legrandcontinent.eu\/es\/\"},{\"@type\":\"ListItem\",\"position\":2,\"name\":\"C\u00f3mo acoge la Rusia de Putin a \u00abrefugiados ideol\u00f3gicos\u00bb que huyen de Occidente\"}]},{\"@type\":\"WebSite\",\"@id\":\"https:\/\/legrandcontinent.eu\/es\/#website\",\"url\":\"https:\/\/legrandcontinent.eu\/es\/\",\"name\":\"El Grand Continent\",\"description\":\"La escala pertinente\",\"potentialAction\":[{\"@type\":\"SearchAction\",\"target\":{\"@type\":\"EntryPoint\",\"urlTemplate\":\"https:\/\/legrandcontinent.eu\/es\/?s={search_term_string}\"},\"query-input\":{\"@type\":\"PropertyValueSpecification\",\"valueRequired\":true,\"valueName\":\"search_term_string\"}}],\"inLanguage\":\"es\"},{\"@type\":\"Person\",\"@id\":\"https:\/\/legrandcontinent.eu\/es\/#\/schema\/person\/cdd782c93d4a9eda86ab19a8c01cdf5c\",\"name\":\"florent\",\"image\":{\"@type\":\"ImageObject\",\"inLanguage\":\"es\",\"@id\":\"https:\/\/legrandcontinent.eu\/es\/#\/schema\/person\/image\/\",\"url\":\"https:\/\/secure.gravatar.com\/avatar\/0d38d78c90602daf39b309035cdac6bc?s=96&d=mm&r=g\",\"contentUrl\":\"https:\/\/secure.gravatar.com\/avatar\/0d38d78c90602daf39b309035cdac6bc?s=96&d=mm&r=g\",\"caption\":\"florent\"}}]}<\/script>\n<!-- \/ Yoast SEO plugin. -->","yoast_head_json":{"title":"C\u00f3mo acoge la Rusia de Putin a \u00abrefugiados ideol\u00f3gicos\u00bb que huyen de Occidente - El Grand Continent","robots":{"index":"index","follow":"follow","max-snippet":"max-snippet:-1","max-image-preview":"max-image-preview:large","max-video-preview":"max-video-preview:-1"},"canonical":"https:\/\/legrandcontinent.eu\/es\/2025\/01\/30\/como-acoge-la-rusia-de-putin-a-refugiados-ideologicos-que-huyen-de-occidente\/","og_locale":"es_ES","og_type":"article","og_title":"C\u00f3mo acoge la Rusia de Putin a \u00abrefugiados ideol\u00f3gicos\u00bb que huyen de Occidente - El Grand Continent","og_description":"Desde hace varios meses, los nacionales de unos cuarenta pa\u00edses reconocidos por compartir una \u00abagenda ideol\u00f3gica neoliberal destructiva\u00bb se benefician de un programa simplificado que les permite instalarse en Rusia. Present\u00e1ndose como un \u00abrefugio\u00bb, el Kremlin espera constituir una cantera de perfiles especializados en profesiones de alta tecnolog\u00eda, al tiempo que ensalza ante el mundo la calidad de vida en Rusia y sus \u00abvalores tradicionales\u00bb.","og_url":"https:\/\/legrandcontinent.eu\/es\/2025\/01\/30\/como-acoge-la-rusia-de-putin-a-refugiados-ideologicos-que-huyen-de-occidente\/","og_site_name":"El Grand Continent","article_published_time":"2025-01-30T14:33:17+00:00","article_modified_time":"2025-01-30T14:33:19+00:00","og_image":[{"width":2560,"height":1440,"url":"https:\/\/legrandcontinent.eu\/es\/wp-content\/uploads\/sites\/6\/2025\/01\/gc-elrusia-scaled.jpg","type":"image\/jpeg"}],"author":"florent","twitter_card":"summary_large_image","twitter_image":"https:\/\/legrandcontinent.eu\/es\/wp-content\/uploads\/sites\/6\/2025\/01\/gc-elrusia-scaled.jpg","twitter_misc":{"Escrito por":"florent","Tiempo de lectura":"4 minutos"},"schema":{"@context":"https:\/\/schema.org","@graph":[{"@type":"WebPage","@id":"https:\/\/legrandcontinent.eu\/es\/2025\/01\/30\/como-acoge-la-rusia-de-putin-a-refugiados-ideologicos-que-huyen-de-occidente\/","url":"https:\/\/legrandcontinent.eu\/es\/2025\/01\/30\/como-acoge-la-rusia-de-putin-a-refugiados-ideologicos-que-huyen-de-occidente\/","name":"C\u00f3mo acoge la Rusia de Putin a \u00abrefugiados ideol\u00f3gicos\u00bb que huyen de Occidente - El Grand Continent","isPartOf":{"@id":"https:\/\/legrandcontinent.eu\/es\/#website"},"primaryImageOfPage":{"@id":"https:\/\/legrandcontinent.eu\/es\/2025\/01\/30\/como-acoge-la-rusia-de-putin-a-refugiados-ideologicos-que-huyen-de-occidente\/#primaryimage"},"image":{"@id":"https:\/\/legrandcontinent.eu\/es\/2025\/01\/30\/como-acoge-la-rusia-de-putin-a-refugiados-ideologicos-que-huyen-de-occidente\/#primaryimage"},"thumbnailUrl":"https:\/\/legrandcontinent.eu\/es\/wp-content\/uploads\/sites\/6\/2025\/01\/E1CTZ-pa-ses-que-rusia-considera-que-contribuyen-a-la-destrucci-n-de-los-valores-espirituales-y-morales-tradicionales-rusos-.png","datePublished":"2025-01-30T14:33:17+00:00","dateModified":"2025-01-30T14:33:19+00:00","author":{"@id":"https:\/\/legrandcontinent.eu\/es\/#\/schema\/person\/cdd782c93d4a9eda86ab19a8c01cdf5c"},"breadcrumb":{"@id":"https:\/\/legrandcontinent.eu\/es\/2025\/01\/30\/como-acoge-la-rusia-de-putin-a-refugiados-ideologicos-que-huyen-de-occidente\/#breadcrumb"},"inLanguage":"es","potentialAction":[{"@type":"ReadAction","target":["https:\/\/legrandcontinent.eu\/es\/2025\/01\/30\/como-acoge-la-rusia-de-putin-a-refugiados-ideologicos-que-huyen-de-occidente\/"]}]},{"@type":"ImageObject","inLanguage":"es","@id":"https:\/\/legrandcontinent.eu\/es\/2025\/01\/30\/como-acoge-la-rusia-de-putin-a-refugiados-ideologicos-que-huyen-de-occidente\/#primaryimage","url":"https:\/\/legrandcontinent.eu\/es\/wp-content\/uploads\/sites\/6\/2025\/01\/E1CTZ-pa-ses-que-rusia-considera-que-contribuyen-a-la-destrucci-n-de-los-valores-espirituales-y-morales-tradicionales-rusos-.png","contentUrl":"https:\/\/legrandcontinent.eu\/es\/wp-content\/uploads\/sites\/6\/2025\/01\/E1CTZ-pa-ses-que-rusia-considera-que-contribuyen-a-la-destrucci-n-de-los-valores-espirituales-y-morales-tradicionales-rusos-.png","width":1384,"height":810},{"@type":"BreadcrumbList","@id":"https:\/\/legrandcontinent.eu\/es\/2025\/01\/30\/como-acoge-la-rusia-de-putin-a-refugiados-ideologicos-que-huyen-de-occidente\/#breadcrumb","itemListElement":[{"@type":"ListItem","position":1,"name":"Home","item":"https:\/\/legrandcontinent.eu\/es\/"},{"@type":"ListItem","position":2,"name":"C\u00f3mo acoge la Rusia de Putin a \u00abrefugiados ideol\u00f3gicos\u00bb que huyen de Occidente"}]},{"@type":"WebSite","@id":"https:\/\/legrandcontinent.eu\/es\/#website","url":"https:\/\/legrandcontinent.eu\/es\/","name":"El Grand Continent","description":"La escala pertinente","potentialAction":[{"@type":"SearchAction","target":{"@type":"EntryPoint","urlTemplate":"https:\/\/legrandcontinent.eu\/es\/?s={search_term_string}"},"query-input":{"@type":"PropertyValueSpecification","valueRequired":true,"valueName":"search_term_string"}}],"inLanguage":"es"},{"@type":"Person","@id":"https:\/\/legrandcontinent.eu\/es\/#\/schema\/person\/cdd782c93d4a9eda86ab19a8c01cdf5c","name":"florent","image":{"@type":"ImageObject","inLanguage":"es","@id":"https:\/\/legrandcontinent.eu\/es\/#\/schema\/person\/image\/","url":"https:\/\/secure.gravatar.com\/avatar\/0d38d78c90602daf39b309035cdac6bc?s=96&d=mm&r=g","contentUrl":"https:\/\/secure.gravatar.com\/avatar\/0d38d78c90602daf39b309035cdac6bc?s=96&d=mm&r=g","caption":"florent"}}]}},"lgc_categories":[{"id":6,"name":"Pol\u00edtica","slug":"politica"}],"lgc_author":null,"feature_image_summary":{"url":"https:\/\/legrandcontinent.eu\/es\/wp-content\/uploads\/sites\/6\/2025\/01\/E1CTZ-pa-ses-que-rusia-considera-que-contribuyen-a-la-destrucci-n-de-los-valores-espirituales-y-morales-tradicionales-rusos-.png","width":1384,"height":810,"alt":""},"feature_image_cover":null,"term_position_data":null,"_links":{"self":[{"href":"https:\/\/legrandcontinent.eu\/es\/wp-json\/wp\/v2\/posts\/54941","targetHints":{"allow":["GET"]}}],"collection":[{"href":"https:\/\/legrandcontinent.eu\/es\/wp-json\/wp\/v2\/posts"}],"about":[{"href":"https:\/\/legrandcontinent.eu\/es\/wp-json\/wp\/v2\/types\/post"}],"author":[{"embeddable":true,"href":"https:\/\/legrandcontinent.eu\/es\/wp-json\/wp\/v2\/users\/1366"}],"replies":[{"embeddable":true,"href":"https:\/\/legrandcontinent.eu\/es\/wp-json\/wp\/v2\/comments?post=54941"}],"version-history":[{"count":0,"href":"https:\/\/legrandcontinent.eu\/es\/wp-json\/wp\/v2\/posts\/54941\/revisions"}],"wp:featuredmedia":[{"embeddable":true,"href":"https:\/\/legrandcontinent.eu\/es\/wp-json\/wp\/v2\/media\/54942"}],"wp:attachment":[{"href":"https:\/\/legrandcontinent.eu\/es\/wp-json\/wp\/v2\/media?parent=54941"}],"wp:term":[{"taxonomy":"category","embeddable":true,"href":"https:\/\/legrandcontinent.eu\/es\/wp-json\/wp\/v2\/categories?post=54941"},{"taxonomy":"post_tag","embeddable":true,"href":"https:\/\/legrandcontinent.eu\/es\/wp-json\/wp\/v2\/tags?post=54941"},{"taxonomy":"staff","embeddable":true,"href":"https:\/\/legrandcontinent.eu\/es\/wp-json\/wp\/v2\/staff?post=54941"},{"taxonomy":"editorial_format","embeddable":true,"href":"https:\/\/legrandcontinent.eu\/es\/wp-json\/wp\/v2\/editorial_format?post=54941"},{"taxonomy":"serie","embeddable":true,"href":"https:\/\/legrandcontinent.eu\/es\/wp-json\/wp\/v2\/serie?post=54941"},{"taxonomy":"audience","embeddable":true,"href":"https:\/\/legrandcontinent.eu\/es\/wp-json\/wp\/v2\/audience?post=54941"},{"taxonomy":"geo","embeddable":true,"href":"https:\/\/legrandcontinent.eu\/es\/wp-json\/wp\/v2\/geo?post=54941"}],"curies":[{"name":"wp","href":"https:\/\/api.w.org\/{rel}","templated":true}]}}