{"id":5455,"date":"2022-07-07T20:25:00","date_gmt":"2022-07-07T19:25:00","guid":{"rendered":"https:\/\/legrandcontinent.eu\/es\/?p=5455"},"modified":"2022-07-07T23:29:38","modified_gmt":"2022-07-07T22:29:38","slug":"la-presencia-de-lavrov-en-el-g20-crea-una-cumbre-a-dos-velocidades","status":"publish","type":"post","link":"https:\/\/legrandcontinent.eu\/es\/2022\/07\/07\/la-presencia-de-lavrov-en-el-g20-crea-una-cumbre-a-dos-velocidades\/","title":{"rendered":"La presencia de Lavrov en el G20 crea una Cumbre a dos velocidades"},"content":{"rendered":"\n<ul class=\"wp-block-list\"><li>Hoy comienza en Bali, Indonesia, una Cumbre de dos d\u00edas en la que participar\u00e1n los ministros de Asuntos Exteriores del G20. Mientras contin\u00faa la guerra de Rusia contra Ucrania, salpicada por la exposici\u00f3n de los cr\u00edmenes de guerra cometidos por el ej\u00e9rcito ruso, la presencia de Sergei Lavrov en una cumbre internacional plantea algunos interrogantes.<\/li><\/ul>\n\n\n\n<div class=\"iframe-container wp-block-image wp-block-image-medium  iframe-dw\">\n\t<div>\n\t\t<iframe class=\"absolute w-full h-full pin-t pin-l\" title=\"titolo\" aria-label=\"Interactive line chart\" src=\"\/\/datawrapper.dwcdn.net\/Ht5uj\/\" scrolling=\"no\" frameborder=\"0\"><\/iframe>\n\t<\/div>\n<\/div>\n\n\n\n<ul class=\"wp-block-list\"><li>La semana pasada, el asesor de Putin, Yuri Ushakov, confirm\u00f3 a la agencia de noticias Tass que el presidente ruso tambi\u00e9n asistir\u00eda a la cumbre de l\u00edderes del G20 en noviembre&nbsp;<span class='whitespace-nowrap'><span id='easy-footnote-1-5455' class='easy-footnote-margin-adjust'><\/span><span class='easy-footnote'><a href='https:\/\/legrandcontinent.eu\/es\/2022\/07\/07\/la-presencia-de-lavrov-en-el-g20-crea-una-cumbre-a-dos-velocidades\/#easy-footnote-bottom-1-5455' title='\u00ab&amp;nbsp;&lt;a href=&quot;https:\/\/tass.com\/politics\/1472071&quot;&gt;Moscow confirms Putin\u2019s participation in G20 summit, details are being finalized \u2014 Kremlin&lt;\/a&gt;&amp;nbsp;\u00bb,&amp;nbsp;&lt;em&gt;Tass&lt;\/em&gt;, 27 de junio de 2022.'><sup>1<\/sup><\/a><\/span><\/span>. Sin embargo, dijo que solo podr\u00eda asistir por videoconferencia en funci\u00f3n de la \u00absituaci\u00f3n general, teniendo en cuenta la situaci\u00f3n sanitaria y epidemiol\u00f3gica del sudeste asi\u00e1tico\u00bb, seg\u00fan inform\u00f3 la agencia de propaganda china Xinhua&nbsp;<span class='whitespace-nowrap'><span id='easy-footnote-2-5455' class='easy-footnote-margin-adjust'><\/span><span class='easy-footnote'><a href='https:\/\/legrandcontinent.eu\/es\/2022\/07\/07\/la-presencia-de-lavrov-en-el-g20-crea-una-cumbre-a-dos-velocidades\/#easy-footnote-bottom-2-5455' title='\u00ab&amp;nbsp;&lt;a href=&quot;https:\/\/english.news.cn\/20220706\/c227a4e45f374e00ba0216cb121bbe7f\/c.html&quot;&gt;Putin intends to attend G20 summit&lt;\/a&gt;&amp;nbsp;\u00bb,&amp;nbsp;&lt;em&gt;Xinhua&lt;\/em&gt;, 6 de julio de 2022.'><sup>2<\/sup><\/a><\/span><\/span>.<\/li><\/ul>\n\n\n\n<ul class=\"wp-block-list\"><li>Lavrov y Putin apenas han viajado al extranjero desde que comenz\u00f3 la guerra, principalmente por la presi\u00f3n internacional sobre el Kremlin en respuesta a la guerra ilegal de Rusia. La semana pasada, por primera vez desde el 24 de febrero, <a href=\"https:\/\/legrandcontinent.eu\/es\/2022\/06\/28\/vladimir-putin-visita-tayikistan-en-su-primer-viaje-al-extranjero-desde-el-inicio-de-la-guerra\/\">Putin viaj\u00f3 a Tayikist\u00e1n para reunirse con su hom\u00f3logo<\/a>, Emomali Rahmon, antes de asistir a la Cumbre de las Naciones del Caspio en Turkmenist\u00e1n. El viaje de Putin ten\u00eda dos objetivos: tranquilizar a los l\u00edderes de las rep\u00fablicas centroasi\u00e1ticas sobre los objetivos del Kremlin y asegurarse su apoyo mientras la presi\u00f3n occidental sigue aumentando en torno a Rusia.<\/li><\/ul>\n\n\n\n<div class=\"iframe-container wp-block-image wp-block-image-medium  iframe-dw\">\n\t<div>\n\t\t<iframe class=\"absolute w-full h-full pin-t pin-l\" title=\"titolo\" aria-label=\"Interactive line chart\" src=\"\/\/datawrapper.dwcdn.net\/ZrRxF\/\" scrolling=\"no\" frameborder=\"0\"><\/iframe>\n\t<\/div>\n<\/div>\n\n\n\n<ul class=\"wp-block-list\"><li>El pasado mes de abril, el Reino Unido, Estados Unidos y Canad\u00e1 abandonaron una reuni\u00f3n del G20 para protestar por las consecuencias econ\u00f3micas mundiales de la guerra en Ucrania. En un informe publicado hoy, el Programa de las Naciones Unidas para el Desarrollo (PNUD) advierte que \u00abel aumento de las tasas de inflaci\u00f3n ha provocado un incremento de 71 millones de personas en situaci\u00f3n de pobreza en los pa\u00edses en desarrollo en los tres meses transcurridos desde marzo de 2022\u00bb&nbsp;<span class='whitespace-nowrap'><span id='easy-footnote-3-5455' class='easy-footnote-margin-adjust'><\/span><span class='easy-footnote'><a href='https:\/\/legrandcontinent.eu\/es\/2022\/07\/07\/la-presencia-de-lavrov-en-el-g20-crea-una-cumbre-a-dos-velocidades\/#easy-footnote-bottom-3-5455' title='\u00ab&amp;nbsp;&lt;a href=&quot;https:\/\/www.undp.org\/press-releases\/global-cost-living-crisis-catalyzed-war-ukraine-sending-tens-millions-poverty-warns-un-development-programme&quot;&gt;Global cost-of-living crisis catalyzed by war in Ukraine sending tens of millions into poverty, warns UN Development Programme&lt;\/a&gt;&amp;nbsp;\u00bb, Programa de Naciones Unidas para el Desarrollo, 7 de julio de 2022.'><sup>3<\/sup><\/a><\/span><\/span>.<\/li><\/ul>\n\n\n\n<ul class=\"wp-block-list\"><li>Para la mayor\u00eda de los ministros de Asuntos Exteriores occidentales que asisten a la Cumbre de dos d\u00edas, la reuni\u00f3n pretende poner de relieve las repercusiones de la guerra. Antes de la reuni\u00f3n, Annalena Baerbock declar\u00f3 en Berl\u00edn que el respeto del derecho internacional era el \u00abdenominador com\u00fan\u00bb de los pa\u00edses que se enfrentan a Rusia, antes de pedir que \u00abno se ceda el escenario de esta reuni\u00f3n a Rusia\u00bb.<\/li><\/ul>\n\n\n\n<figure class=\"wp-block-embed is-type-rich is-provider-twitter wp-block-embed-twitter\"><div class=\"wp-block-embed__wrapper\">\n<blockquote class=\"twitter-tweet\" data-width=\"550\" data-dnt=\"true\"><p lang=\"fr\" dir=\"ltr\">Images de la rencontre bilat\u00e9rale entre Sergue\u00ef Lavrov et le ministre turc des Affaires \u00e9trang\u00e8res Mevlut Cavusoglu en marge de la r\u00e9union des ministres des Affaires \u00e9trang\u00e8res du G20.<br><br>Vid\u00e9o\u00a0: TASS\/Ruptly <a href=\"https:\/\/t.co\/WM6r0Gu7GS\">pic.twitter.com\/WM6r0Gu7GS<\/a><\/p>&mdash; \u262d ??100%Russia?\u262d (@InfosRussie) <a href=\"https:\/\/twitter.com\/InfosRussie\/status\/1544992608996544512?ref_src=twsrc%5Etfw\">July 7, 2022<\/a><\/blockquote><script async src=\"https:\/\/platform.twitter.com\/widgets.js\" charset=\"utf-8\"><\/script>\n<\/div><\/figure>\n\n\n\n<ul class=\"wp-block-list\"><li>Por lo tanto, esta reuni\u00f3n de Asuntos Exteriores del G20 deber\u00eda celebrarse a dos velocidades, entre los ministros de los pa\u00edses que aceptan reunirse con Sergei Lavrov, como el ministro de Asuntos Exteriores chino Wang Yi, y los que ya han anunciado que se negar\u00e1n a reunirse con Lavrov por separado, como Anthony Blinken o Annalena Baerbock. El primer d\u00eda, el ministro turco Mevlut Cavusoglu -que recientemente amenaz\u00f3 con que <a href=\"https:\/\/legrandcontinent.eu\/es\/2022\/07\/06\/turquia-mantiene-su-presion-sobre-la-adhesion-de-suecia-y-finlandia-en-la-otan\/\">el Parlamento turco no ratificar\u00e1 los protocolos de adhesi\u00f3n de Finlandia y Suecia si no cumplen sus \u00abcompromisos\u00bb<\/a>&#8211; tambi\u00e9n compareci\u00f3 junto a Lavrov en un intercambio bilateral al margen de la Cumbre.<\/li><\/ul>\n","protected":false},"excerpt":{"rendered":"<p>Mientras la guerra en Ucrania sigue haciendo estragos, la presencia del ministro de Asuntos Exteriores ruso, Sergei Lavrov, en la Cumbre del G20, que se inaugura hoy en Bali, es la primera oportunidad que tienen sus hom\u00f3logos occidentales de enfrentarse a \u00e9l desde que comenz\u00f3 el conflicto. Queda por saber qui\u00e9n aceptar\u00e1 o no reunirse con el representante de Rusia.<\/p>\n","protected":false},"author":1366,"featured_media":5456,"comment_status":"open","ping_status":"open","sticky":false,"template":"templates\/post-briefings.php","format":"standard","meta":{"_acf_changed":false,"_trash_the_other_posts":false,"_yoast_wpseo_estimated-reading-time-minutes":3,"footnotes":""},"categories":[6],"tags":[],"staff":[],"editorial_format":[],"serie":[],"audience":[],"geo":[198],"class_list":["post-5455","post","type-post","status-publish","format-standard","hentry","category-politica","geo-mundo"],"acf":{"open_in_webview":false,"accent":false},"yoast_head":"<!-- This site is optimized with the Yoast SEO plugin v26.1.1 - https:\/\/yoast.com\/wordpress\/plugins\/seo\/ -->\n<title>La presencia de Lavrov en el G20 crea una Cumbre a dos velocidades - El Grand Continent<\/title>\n<meta name=\"robots\" content=\"index, follow, max-snippet:-1, max-image-preview:large, max-video-preview:-1\" \/>\n<link rel=\"canonical\" href=\"https:\/\/legrandcontinent.eu\/es\/2022\/07\/07\/la-presencia-de-lavrov-en-el-g20-crea-una-cumbre-a-dos-velocidades\/\" \/>\n<meta property=\"og:locale\" content=\"es_ES\" \/>\n<meta property=\"og:type\" content=\"article\" \/>\n<meta property=\"og:title\" content=\"La presencia de Lavrov en el G20 crea una Cumbre a dos velocidades - El Grand Continent\" \/>\n<meta property=\"og:description\" content=\"Mientras la guerra en Ucrania sigue haciendo estragos, la presencia del ministro de Asuntos Exteriores ruso, Sergei Lavrov, en la Cumbre del G20, que se inaugura hoy en Bali, es la primera oportunidad que tienen sus hom\u00f3logos occidentales de enfrentarse a \u00e9l desde que comenz\u00f3 el conflicto. Queda por saber qui\u00e9n aceptar\u00e1 o no reunirse con el representante de Rusia.\" \/>\n<meta property=\"og:url\" content=\"https:\/\/legrandcontinent.eu\/es\/2022\/07\/07\/la-presencia-de-lavrov-en-el-g20-crea-una-cumbre-a-dos-velocidades\/\" \/>\n<meta property=\"og:site_name\" content=\"El Grand Continent\" \/>\n<meta property=\"article:published_time\" content=\"2022-07-07T19:25:00+00:00\" \/>\n<meta property=\"article:modified_time\" content=\"2022-07-07T22:29:38+00:00\" \/>\n<meta property=\"og:image\" content=\"https:\/\/legrandcontinent.eu\/es\/wp-content\/uploads\/sites\/6\/2022\/07\/gc-elg20.jpg\" \/>\n\t<meta property=\"og:image:width\" content=\"1439\" \/>\n\t<meta property=\"og:image:height\" content=\"810\" \/>\n\t<meta property=\"og:image:type\" content=\"image\/jpeg\" \/>\n<meta name=\"author\" content=\"florent\" \/>\n<meta name=\"twitter:card\" content=\"summary_large_image\" \/>\n<meta name=\"twitter:image\" content=\"https:\/\/legrandcontinent.eu\/es\/wp-content\/uploads\/sites\/6\/2022\/07\/gc-elg20.jpg\" \/>\n<meta name=\"twitter:label1\" content=\"Escrito por\" \/>\n\t<meta name=\"twitter:data1\" content=\"florent\" \/>\n\t<meta name=\"twitter:label2\" content=\"Tiempo de lectura\" \/>\n\t<meta name=\"twitter:data2\" content=\"3 minutos\" \/>\n<script type=\"application\/ld+json\" class=\"yoast-schema-graph\">{\"@context\":\"https:\/\/schema.org\",\"@graph\":[{\"@type\":\"WebPage\",\"@id\":\"https:\/\/legrandcontinent.eu\/es\/2022\/07\/07\/la-presencia-de-lavrov-en-el-g20-crea-una-cumbre-a-dos-velocidades\/\",\"url\":\"https:\/\/legrandcontinent.eu\/es\/2022\/07\/07\/la-presencia-de-lavrov-en-el-g20-crea-una-cumbre-a-dos-velocidades\/\",\"name\":\"La presencia de Lavrov en el G20 crea una Cumbre a dos velocidades - El Grand Continent\",\"isPartOf\":{\"@id\":\"https:\/\/legrandcontinent.eu\/es\/#website\"},\"primaryImageOfPage\":{\"@id\":\"https:\/\/legrandcontinent.eu\/es\/2022\/07\/07\/la-presencia-de-lavrov-en-el-g20-crea-una-cumbre-a-dos-velocidades\/#primaryimage\"},\"image\":{\"@id\":\"https:\/\/legrandcontinent.eu\/es\/2022\/07\/07\/la-presencia-de-lavrov-en-el-g20-crea-una-cumbre-a-dos-velocidades\/#primaryimage\"},\"thumbnailUrl\":\"https:\/\/legrandcontinent.eu\/es\/wp-content\/uploads\/sites\/6\/2022\/07\/SIPA_SIPAUSA30314984_000023-scaled-1.jpeg\",\"datePublished\":\"2022-07-07T19:25:00+00:00\",\"dateModified\":\"2022-07-07T22:29:38+00:00\",\"author\":{\"@id\":\"https:\/\/legrandcontinent.eu\/es\/#\/schema\/person\/cdd782c93d4a9eda86ab19a8c01cdf5c\"},\"breadcrumb\":{\"@id\":\"https:\/\/legrandcontinent.eu\/es\/2022\/07\/07\/la-presencia-de-lavrov-en-el-g20-crea-una-cumbre-a-dos-velocidades\/#breadcrumb\"},\"inLanguage\":\"es\",\"potentialAction\":[{\"@type\":\"ReadAction\",\"target\":[\"https:\/\/legrandcontinent.eu\/es\/2022\/07\/07\/la-presencia-de-lavrov-en-el-g20-crea-una-cumbre-a-dos-velocidades\/\"]}]},{\"@type\":\"ImageObject\",\"inLanguage\":\"es\",\"@id\":\"https:\/\/legrandcontinent.eu\/es\/2022\/07\/07\/la-presencia-de-lavrov-en-el-g20-crea-una-cumbre-a-dos-velocidades\/#primaryimage\",\"url\":\"https:\/\/legrandcontinent.eu\/es\/wp-content\/uploads\/sites\/6\/2022\/07\/SIPA_SIPAUSA30314984_000023-scaled-1.jpeg\",\"contentUrl\":\"https:\/\/legrandcontinent.eu\/es\/wp-content\/uploads\/sites\/6\/2022\/07\/SIPA_SIPAUSA30314984_000023-scaled-1.jpeg\",\"width\":2560,\"height\":1772,\"caption\":\"HANOI, VIETNAM - JULY 6, 2022: Russia's Foreign Minister Sergei Lavrov attends a wreath laying ceremony at the President Ho Chi Minh Mausoleum. Russian Foreign Ministry Press Service\/TASS\/Sipa USA\/40281719\/AK\/2207061038\"},{\"@type\":\"BreadcrumbList\",\"@id\":\"https:\/\/legrandcontinent.eu\/es\/2022\/07\/07\/la-presencia-de-lavrov-en-el-g20-crea-una-cumbre-a-dos-velocidades\/#breadcrumb\",\"itemListElement\":[{\"@type\":\"ListItem\",\"position\":1,\"name\":\"Home\",\"item\":\"https:\/\/legrandcontinent.eu\/es\/\"},{\"@type\":\"ListItem\",\"position\":2,\"name\":\"La presencia de Lavrov en el G20 crea una Cumbre a dos velocidades\"}]},{\"@type\":\"WebSite\",\"@id\":\"https:\/\/legrandcontinent.eu\/es\/#website\",\"url\":\"https:\/\/legrandcontinent.eu\/es\/\",\"name\":\"El Grand Continent\",\"description\":\"La escala pertinente\",\"potentialAction\":[{\"@type\":\"SearchAction\",\"target\":{\"@type\":\"EntryPoint\",\"urlTemplate\":\"https:\/\/legrandcontinent.eu\/es\/?s={search_term_string}\"},\"query-input\":{\"@type\":\"PropertyValueSpecification\",\"valueRequired\":true,\"valueName\":\"search_term_string\"}}],\"inLanguage\":\"es\"},{\"@type\":\"Person\",\"@id\":\"https:\/\/legrandcontinent.eu\/es\/#\/schema\/person\/cdd782c93d4a9eda86ab19a8c01cdf5c\",\"name\":\"florent\",\"image\":{\"@type\":\"ImageObject\",\"inLanguage\":\"es\",\"@id\":\"https:\/\/legrandcontinent.eu\/es\/#\/schema\/person\/image\/\",\"url\":\"https:\/\/secure.gravatar.com\/avatar\/0d38d78c90602daf39b309035cdac6bc?s=96&d=mm&r=g\",\"contentUrl\":\"https:\/\/secure.gravatar.com\/avatar\/0d38d78c90602daf39b309035cdac6bc?s=96&d=mm&r=g\",\"caption\":\"florent\"}}]}<\/script>\n<!-- \/ Yoast SEO plugin. -->","yoast_head_json":{"title":"La presencia de Lavrov en el G20 crea una Cumbre a dos velocidades - El Grand Continent","robots":{"index":"index","follow":"follow","max-snippet":"max-snippet:-1","max-image-preview":"max-image-preview:large","max-video-preview":"max-video-preview:-1"},"canonical":"https:\/\/legrandcontinent.eu\/es\/2022\/07\/07\/la-presencia-de-lavrov-en-el-g20-crea-una-cumbre-a-dos-velocidades\/","og_locale":"es_ES","og_type":"article","og_title":"La presencia de Lavrov en el G20 crea una Cumbre a dos velocidades - El Grand Continent","og_description":"Mientras la guerra en Ucrania sigue haciendo estragos, la presencia del ministro de Asuntos Exteriores ruso, Sergei Lavrov, en la Cumbre del G20, que se inaugura hoy en Bali, es la primera oportunidad que tienen sus hom\u00f3logos occidentales de enfrentarse a \u00e9l desde que comenz\u00f3 el conflicto. Queda por saber qui\u00e9n aceptar\u00e1 o no reunirse con el representante de Rusia.","og_url":"https:\/\/legrandcontinent.eu\/es\/2022\/07\/07\/la-presencia-de-lavrov-en-el-g20-crea-una-cumbre-a-dos-velocidades\/","og_site_name":"El Grand Continent","article_published_time":"2022-07-07T19:25:00+00:00","article_modified_time":"2022-07-07T22:29:38+00:00","og_image":[{"width":1439,"height":810,"url":"https:\/\/legrandcontinent.eu\/es\/wp-content\/uploads\/sites\/6\/2022\/07\/gc-elg20.jpg","type":"image\/jpeg"}],"author":"florent","twitter_card":"summary_large_image","twitter_image":"https:\/\/legrandcontinent.eu\/es\/wp-content\/uploads\/sites\/6\/2022\/07\/gc-elg20.jpg","twitter_misc":{"Escrito por":"florent","Tiempo de lectura":"3 minutos"},"schema":{"@context":"https:\/\/schema.org","@graph":[{"@type":"WebPage","@id":"https:\/\/legrandcontinent.eu\/es\/2022\/07\/07\/la-presencia-de-lavrov-en-el-g20-crea-una-cumbre-a-dos-velocidades\/","url":"https:\/\/legrandcontinent.eu\/es\/2022\/07\/07\/la-presencia-de-lavrov-en-el-g20-crea-una-cumbre-a-dos-velocidades\/","name":"La presencia de Lavrov en el G20 crea una Cumbre a dos velocidades - El Grand Continent","isPartOf":{"@id":"https:\/\/legrandcontinent.eu\/es\/#website"},"primaryImageOfPage":{"@id":"https:\/\/legrandcontinent.eu\/es\/2022\/07\/07\/la-presencia-de-lavrov-en-el-g20-crea-una-cumbre-a-dos-velocidades\/#primaryimage"},"image":{"@id":"https:\/\/legrandcontinent.eu\/es\/2022\/07\/07\/la-presencia-de-lavrov-en-el-g20-crea-una-cumbre-a-dos-velocidades\/#primaryimage"},"thumbnailUrl":"https:\/\/legrandcontinent.eu\/es\/wp-content\/uploads\/sites\/6\/2022\/07\/SIPA_SIPAUSA30314984_000023-scaled-1.jpeg","datePublished":"2022-07-07T19:25:00+00:00","dateModified":"2022-07-07T22:29:38+00:00","author":{"@id":"https:\/\/legrandcontinent.eu\/es\/#\/schema\/person\/cdd782c93d4a9eda86ab19a8c01cdf5c"},"breadcrumb":{"@id":"https:\/\/legrandcontinent.eu\/es\/2022\/07\/07\/la-presencia-de-lavrov-en-el-g20-crea-una-cumbre-a-dos-velocidades\/#breadcrumb"},"inLanguage":"es","potentialAction":[{"@type":"ReadAction","target":["https:\/\/legrandcontinent.eu\/es\/2022\/07\/07\/la-presencia-de-lavrov-en-el-g20-crea-una-cumbre-a-dos-velocidades\/"]}]},{"@type":"ImageObject","inLanguage":"es","@id":"https:\/\/legrandcontinent.eu\/es\/2022\/07\/07\/la-presencia-de-lavrov-en-el-g20-crea-una-cumbre-a-dos-velocidades\/#primaryimage","url":"https:\/\/legrandcontinent.eu\/es\/wp-content\/uploads\/sites\/6\/2022\/07\/SIPA_SIPAUSA30314984_000023-scaled-1.jpeg","contentUrl":"https:\/\/legrandcontinent.eu\/es\/wp-content\/uploads\/sites\/6\/2022\/07\/SIPA_SIPAUSA30314984_000023-scaled-1.jpeg","width":2560,"height":1772,"caption":"HANOI, VIETNAM - JULY 6, 2022: Russia's Foreign Minister Sergei Lavrov attends a wreath laying ceremony at the President Ho Chi Minh Mausoleum. Russian Foreign Ministry Press Service\/TASS\/Sipa USA\/40281719\/AK\/2207061038"},{"@type":"BreadcrumbList","@id":"https:\/\/legrandcontinent.eu\/es\/2022\/07\/07\/la-presencia-de-lavrov-en-el-g20-crea-una-cumbre-a-dos-velocidades\/#breadcrumb","itemListElement":[{"@type":"ListItem","position":1,"name":"Home","item":"https:\/\/legrandcontinent.eu\/es\/"},{"@type":"ListItem","position":2,"name":"La presencia de Lavrov en el G20 crea una Cumbre a dos velocidades"}]},{"@type":"WebSite","@id":"https:\/\/legrandcontinent.eu\/es\/#website","url":"https:\/\/legrandcontinent.eu\/es\/","name":"El Grand Continent","description":"La escala pertinente","potentialAction":[{"@type":"SearchAction","target":{"@type":"EntryPoint","urlTemplate":"https:\/\/legrandcontinent.eu\/es\/?s={search_term_string}"},"query-input":{"@type":"PropertyValueSpecification","valueRequired":true,"valueName":"search_term_string"}}],"inLanguage":"es"},{"@type":"Person","@id":"https:\/\/legrandcontinent.eu\/es\/#\/schema\/person\/cdd782c93d4a9eda86ab19a8c01cdf5c","name":"florent","image":{"@type":"ImageObject","inLanguage":"es","@id":"https:\/\/legrandcontinent.eu\/es\/#\/schema\/person\/image\/","url":"https:\/\/secure.gravatar.com\/avatar\/0d38d78c90602daf39b309035cdac6bc?s=96&d=mm&r=g","contentUrl":"https:\/\/secure.gravatar.com\/avatar\/0d38d78c90602daf39b309035cdac6bc?s=96&d=mm&r=g","caption":"florent"}}]}},"lgc_categories":[{"id":6,"name":"Pol\u00edtica","slug":"politica"}],"lgc_author":null,"feature_image_summary":{"url":"https:\/\/legrandcontinent.eu\/es\/wp-content\/uploads\/sites\/6\/2022\/07\/SIPA_SIPAUSA30314984_000023-scaled-1.jpeg","width":2560,"height":1772,"alt":""},"feature_image_cover":null,"term_position_data":null,"_links":{"self":[{"href":"https:\/\/legrandcontinent.eu\/es\/wp-json\/wp\/v2\/posts\/5455","targetHints":{"allow":["GET"]}}],"collection":[{"href":"https:\/\/legrandcontinent.eu\/es\/wp-json\/wp\/v2\/posts"}],"about":[{"href":"https:\/\/legrandcontinent.eu\/es\/wp-json\/wp\/v2\/types\/post"}],"author":[{"embeddable":true,"href":"https:\/\/legrandcontinent.eu\/es\/wp-json\/wp\/v2\/users\/1366"}],"replies":[{"embeddable":true,"href":"https:\/\/legrandcontinent.eu\/es\/wp-json\/wp\/v2\/comments?post=5455"}],"version-history":[{"count":0,"href":"https:\/\/legrandcontinent.eu\/es\/wp-json\/wp\/v2\/posts\/5455\/revisions"}],"wp:featuredmedia":[{"embeddable":true,"href":"https:\/\/legrandcontinent.eu\/es\/wp-json\/wp\/v2\/media\/5456"}],"wp:attachment":[{"href":"https:\/\/legrandcontinent.eu\/es\/wp-json\/wp\/v2\/media?parent=5455"}],"wp:term":[{"taxonomy":"category","embeddable":true,"href":"https:\/\/legrandcontinent.eu\/es\/wp-json\/wp\/v2\/categories?post=5455"},{"taxonomy":"post_tag","embeddable":true,"href":"https:\/\/legrandcontinent.eu\/es\/wp-json\/wp\/v2\/tags?post=5455"},{"taxonomy":"staff","embeddable":true,"href":"https:\/\/legrandcontinent.eu\/es\/wp-json\/wp\/v2\/staff?post=5455"},{"taxonomy":"editorial_format","embeddable":true,"href":"https:\/\/legrandcontinent.eu\/es\/wp-json\/wp\/v2\/editorial_format?post=5455"},{"taxonomy":"serie","embeddable":true,"href":"https:\/\/legrandcontinent.eu\/es\/wp-json\/wp\/v2\/serie?post=5455"},{"taxonomy":"audience","embeddable":true,"href":"https:\/\/legrandcontinent.eu\/es\/wp-json\/wp\/v2\/audience?post=5455"},{"taxonomy":"geo","embeddable":true,"href":"https:\/\/legrandcontinent.eu\/es\/wp-json\/wp\/v2\/geo?post=5455"}],"curies":[{"name":"wp","href":"https:\/\/api.w.org\/{rel}","templated":true}]}}