{"id":52303,"date":"2025-01-07T06:30:00","date_gmt":"2025-01-07T05:30:00","guid":{"rendered":"https:\/\/legrandcontinent.eu\/es\/?p=52303"},"modified":"2025-01-06T19:28:43","modified_gmt":"2025-01-06T18:28:43","slug":"en-iran-el-regimen-ejecuto-a-1-000-personas-en-2024","status":"publish","type":"post","link":"https:\/\/legrandcontinent.eu\/es\/2025\/01\/07\/en-iran-el-regimen-ejecuto-a-1-000-personas-en-2024\/","title":{"rendered":"En Ir\u00e1n, el r\u00e9gimen ejecut\u00f3 a 1.000 personas en 2024"},"content":{"rendered":"\n<p>Seg\u00fan un informe del Consejo Nacional de la Resistencia de Ir\u00e1n (CNRI), grupo de oposici\u00f3n al r\u00e9gimen en el exilio, al menos 1.000 presos fueron asesinados el a\u00f1o pasado en Ir\u00e1n. El primer d\u00eda de 2025 tambi\u00e9n estuvo marcado por 12 ahorcamientos, 5 de ellos en la prisi\u00f3n de Ghezel Hesar&nbsp;<span class='whitespace-nowrap'><span id='easy-footnote-1-52303' class='easy-footnote-margin-adjust'><\/span><span class='easy-footnote'><a href='https:\/\/legrandcontinent.eu\/es\/2025\/01\/07\/en-iran-el-regimen-ejecuto-a-1-000-personas-en-2024\/#easy-footnote-bottom-1-52303' title='\u00a0&lt;a href=&quot;https:\/\/www.ncr-iran.org\/en\/ncri-statements\/statement-human-rights\/iran-khameneis-new-record-in-executions-and-crimes\/&quot;&gt;Iran: Khamenei\u2019s New Record in Executions and Crimes&lt;\/a&gt;, National Council of Resistance of Iran, 2 de enero de 2025.'><sup>1<\/sup><\/a><\/span><\/span>.<\/p>\n\n\n\n<ul class=\"wp-block-list\">\n<li>La cifra presentada por el CNRI es cre\u00edble, aunque todav\u00eda no ha sido confirmada por las organizaciones de referencia para el recuento de ejecuciones en todo el mundo, como <em>Ensemble contre la peine de mort<\/em>, que publica un informe anual sobre las ejecuciones en Ir\u00e1n en colaboraci\u00f3n con la ONG Human Rights Iran.<\/li>\n\n\n\n<li>Seg\u00fan el \u00faltimo informe de estas dos organizaciones, en 2023 se llevaron a cabo en Ir\u00e1n al menos 834 ejecuciones, lo que supone un aumento del 43% respecto a 2022 (582 ejecuciones)&nbsp;<span class='whitespace-nowrap'><span id='easy-footnote-2-52303' class='easy-footnote-margin-adjust'><\/span><span class='easy-footnote'><a href='https:\/\/legrandcontinent.eu\/es\/2025\/01\/07\/en-iran-el-regimen-ejecuto-a-1-000-personas-en-2024\/#easy-footnote-bottom-2-52303' title='\u00a0&lt;a href=&quot;https:\/\/www.ecpm.org\/app\/uploads\/2024\/03\/Full-Report-The-death-penalty-in-Iran-2023.pdf&quot;&gt;Annual Report On The Death Penalty In Iran 2023&lt;\/a&gt;, Ensemble contre la peine de mort (ECPM) y Human Rights Iran, marzo de 2024.'><sup>2<\/sup><\/a><\/span><\/span>.<\/li>\n\n\n\n<li>S\u00f3lo el 15% de las ejecuciones son anunciadas oficialmente por las autoridades iran\u00edes.<\/li>\n<\/ul>\n\n\n\n<div class=\"iframe-container wp-block-image wp-block-image-medium  iframe-dw\">\n\t<div>\n\t\t<iframe class=\"absolute w-full h-full pin-t pin-l\" title=\"titolo\" aria-label=\"Interactive line chart\" src=\"\/\/datawrapper.dwcdn.net\/v65xA\/\" scrolling=\"no\" frameborder=\"0\"><\/iframe>\n\t<\/div>\n<\/div>\n\n\n\n<p>Las cifras son el resultado de una investigaci\u00f3n de la ONG Human Rights Iran, basada en testigos directos de las ejecuciones, familiares, abogados y fuentes internas de las c\u00e1rceles iran\u00edes. Por tanto, las cifras anunciadas son probablemente inferiores a la realidad. Por ejemplo, 50 ejecuciones se\u00f1aladas a la ONG no se incluyeron en el total, debido a la falta de testimonios oculares que las corroboraran.<\/p>\n\n\n\n<p>Al menos el 56% de las ejecuciones est\u00e1n relacionadas con condenas por tr\u00e1fico de drogas.<\/p>\n\n\n\n<ul class=\"wp-block-list\">\n<li>Ir\u00e1n es uno de los pa\u00edses del mundo m\u00e1s afectados por la adicci\u00f3n a las drogas duras, que afecta a entre el 2% y el 7% de la poblaci\u00f3n. Esto se debe en parte a su porosa frontera con Afganist\u00e1n, que alberga a uno de los principales productores mundiales de opi\u00e1ceos \u2014a pesar del descenso de la producci\u00f3n desde la llegada de los talibanes al poder\u2014 y cuyas exportaciones pasan principalmente por Ir\u00e1n.<\/li>\n<\/ul>\n\n\n\n<ul class=\"wp-block-list\">\n<li>Una enmienda a la ley contra el narcotr\u00e1fico aprobada en 2017 hab\u00eda contribuido a reducir considerablemente el n\u00famero de ejecuciones en 2018-2021, antes de su abolici\u00f3n.<\/li>\n\n\n\n<li>Seg\u00fan <em>Ensemble contre la peine de mort<\/em>, la comunidad internacional, y en particular la Oficina de las Naciones Unidas contra la Droga y el Delito, no presiona lo suficiente al gobierno iran\u00ed y sigue financiando proyectos de lucha contra el narcotr\u00e1fico a pesar de los m\u00e9todos represivos del r\u00e9gimen.<\/li>\n<\/ul>\n\n\n\n<div class=\"iframe-container wp-block-image wp-block-image-medium  iframe-dw\">\n\t<div>\n\t\t<iframe class=\"absolute w-full h-full pin-t pin-l\" title=\"titolo\" aria-label=\"Interactive line chart\" src=\"\/\/datawrapper.dwcdn.net\/AsTlO\/\" scrolling=\"no\" frameborder=\"0\"><\/iframe>\n\t<\/div>\n<\/div>\n\n\n\n<ul class=\"wp-block-list\">\n<li>Con 853 ejecuciones de un total de 1.153, Ir\u00e1n representa las tres cuartas partes de las ejecuciones capitales documentadas en todo el mundo en 2023 por Amnist\u00eda Internacional, sin contar las miles de ejecuciones en la Rep\u00fablica Popular China, cuyo n\u00famero exacto se desconoce.<\/li>\n<\/ul>\n\n\n\n<div class=\"iframe-container wp-block-image wp-block-image-medium  iframe-dw\">\n\t<div>\n\t\t<iframe class=\"absolute w-full h-full pin-t pin-l\" title=\"titolo\" aria-label=\"Interactive line chart\" src=\"\/\/datawrapper.dwcdn.net\/ICQK4\/\" scrolling=\"no\" frameborder=\"0\"><\/iframe>\n\t<\/div>\n<\/div>\n\n\n\n<p>El aumento masivo del n\u00famero de ejecuciones en 2023 y 2024 tambi\u00e9n est\u00e1 relacionado en gran medida con la intensificaci\u00f3n de la represi\u00f3n del r\u00e9gimen iran\u00ed en respuesta <a href=\"https:\/\/legrandcontinent.eu\/es\/2023\/09\/17\/ser-una-mujer-en-iran-un-ano-despues-de-mahsa-jina-amini\/\">al movimiento Mujeres, Vida, Libertad<\/a> de septiembre a diciembre de 2022. <a href=\"https:\/\/legrandcontinent.eu\/es\/2022\/11\/15\/iran-los-simbolos-de-una-revuelta-una-conversacion-con-farhad-khosrokhavar\/\">Para el investigador Farhad Khosrokhavar<\/a>, el r\u00e9gimen iran\u00ed se ha convertido gradualmente en una tanatocracia que \u00abdesaf\u00eda la legitimidad del poder en la medida en que no puede dar vida, no puede alentar la vida y s\u00f3lo puede ir en la direcci\u00f3n de la muerte\u00bb.<\/p>\n","protected":false},"excerpt":{"rendered":"<p>Seg\u00fan un informe del Consejo Nacional de la Resistencia de Ir\u00e1n, al menos 1.000 presos fueron ejecutados en c\u00e1rceles iran\u00edes el a\u00f1o pasado, la cifra m\u00e1s alta en al menos 30 a\u00f1os. Detr\u00e1s del aumento del n\u00famero de ejecuciones est\u00e1 la intensificaci\u00f3n de la represi\u00f3n del r\u00e9gimen en respuesta al movimiento Mujeres, Vida y Libertad.<\/p>\n","protected":false},"author":1366,"featured_media":52304,"comment_status":"closed","ping_status":"closed","sticky":false,"template":"templates\/post-briefings.php","format":"standard","meta":{"_acf_changed":true,"_trash_the_other_posts":false,"_yoast_wpseo_estimated-reading-time-minutes":3,"footnotes":""},"categories":[6],"tags":[],"staff":[],"editorial_format":[],"serie":[],"audience":[],"geo":[196],"class_list":["post-52303","post","type-post","status-publish","format-standard","hentry","category-politica","geo-asia-central"],"acf":{"open_in_webview":false,"accent":false},"yoast_head":"<!-- This site is optimized with the Yoast SEO plugin v26.1.1 - https:\/\/yoast.com\/wordpress\/plugins\/seo\/ -->\n<title>En Ir\u00e1n, el r\u00e9gimen ejecut\u00f3 a 1.000 personas en 2024 - El Grand Continent<\/title>\n<meta name=\"robots\" content=\"index, follow, max-snippet:-1, max-image-preview:large, max-video-preview:-1\" \/>\n<link rel=\"canonical\" href=\"https:\/\/legrandcontinent.eu\/es\/2025\/01\/07\/en-iran-el-regimen-ejecuto-a-1-000-personas-en-2024\/\" \/>\n<meta property=\"og:locale\" content=\"es_ES\" \/>\n<meta property=\"og:type\" content=\"article\" \/>\n<meta property=\"og:title\" content=\"En Ir\u00e1n, el r\u00e9gimen ejecut\u00f3 a 1.000 personas en 2024 - El Grand Continent\" \/>\n<meta property=\"og:description\" content=\"Seg\u00fan un informe del Consejo Nacional de la Resistencia de Ir\u00e1n, al menos 1.000 presos fueron ejecutados en c\u00e1rceles iran\u00edes el a\u00f1o pasado, la cifra m\u00e1s alta en al menos 30 a\u00f1os. Detr\u00e1s del aumento del n\u00famero de ejecuciones est\u00e1 la intensificaci\u00f3n de la represi\u00f3n del r\u00e9gimen en respuesta al movimiento Mujeres, Vida y Libertad.\" \/>\n<meta property=\"og:url\" content=\"https:\/\/legrandcontinent.eu\/es\/2025\/01\/07\/en-iran-el-regimen-ejecuto-a-1-000-personas-en-2024\/\" \/>\n<meta property=\"og:site_name\" content=\"El Grand Continent\" \/>\n<meta property=\"article:published_time\" content=\"2025-01-07T05:30:00+00:00\" \/>\n<meta property=\"og:image\" content=\"https:\/\/legrandcontinent.eu\/es\/wp-content\/uploads\/sites\/6\/2025\/01\/gc-eliran-scaled.jpg\" \/>\n\t<meta property=\"og:image:width\" content=\"2560\" \/>\n\t<meta property=\"og:image:height\" content=\"1440\" \/>\n\t<meta property=\"og:image:type\" content=\"image\/jpeg\" \/>\n<meta name=\"author\" content=\"florent\" \/>\n<meta name=\"twitter:card\" content=\"summary_large_image\" \/>\n<meta name=\"twitter:image\" content=\"https:\/\/legrandcontinent.eu\/es\/wp-content\/uploads\/sites\/6\/2025\/01\/gc-eliran-scaled.jpg\" \/>\n<meta name=\"twitter:label1\" content=\"Escrito por\" \/>\n\t<meta name=\"twitter:data1\" content=\"florent\" \/>\n\t<meta name=\"twitter:label2\" content=\"Tiempo de lectura\" \/>\n\t<meta name=\"twitter:data2\" content=\"3 minutos\" \/>\n<script type=\"application\/ld+json\" class=\"yoast-schema-graph\">{\"@context\":\"https:\/\/schema.org\",\"@graph\":[{\"@type\":\"WebPage\",\"@id\":\"https:\/\/legrandcontinent.eu\/es\/2025\/01\/07\/en-iran-el-regimen-ejecuto-a-1-000-personas-en-2024\/\",\"url\":\"https:\/\/legrandcontinent.eu\/es\/2025\/01\/07\/en-iran-el-regimen-ejecuto-a-1-000-personas-en-2024\/\",\"name\":\"En Ir\u00e1n, el r\u00e9gimen ejecut\u00f3 a 1.000 personas en 2024 - El Grand Continent\",\"isPartOf\":{\"@id\":\"https:\/\/legrandcontinent.eu\/es\/#website\"},\"primaryImageOfPage\":{\"@id\":\"https:\/\/legrandcontinent.eu\/es\/2025\/01\/07\/en-iran-el-regimen-ejecuto-a-1-000-personas-en-2024\/#primaryimage\"},\"image\":{\"@id\":\"https:\/\/legrandcontinent.eu\/es\/2025\/01\/07\/en-iran-el-regimen-ejecuto-a-1-000-personas-en-2024\/#primaryimage\"},\"thumbnailUrl\":\"https:\/\/legrandcontinent.eu\/es\/wp-content\/uploads\/sites\/2\/2025\/01\/gc-executions-Iran-2024.png\",\"datePublished\":\"2025-01-07T05:30:00+00:00\",\"author\":{\"@id\":\"https:\/\/legrandcontinent.eu\/es\/#\/schema\/person\/cdd782c93d4a9eda86ab19a8c01cdf5c\"},\"breadcrumb\":{\"@id\":\"https:\/\/legrandcontinent.eu\/es\/2025\/01\/07\/en-iran-el-regimen-ejecuto-a-1-000-personas-en-2024\/#breadcrumb\"},\"inLanguage\":\"es\",\"potentialAction\":[{\"@type\":\"ReadAction\",\"target\":[\"https:\/\/legrandcontinent.eu\/es\/2025\/01\/07\/en-iran-el-regimen-ejecuto-a-1-000-personas-en-2024\/\"]}]},{\"@type\":\"ImageObject\",\"inLanguage\":\"es\",\"@id\":\"https:\/\/legrandcontinent.eu\/es\/2025\/01\/07\/en-iran-el-regimen-ejecuto-a-1-000-personas-en-2024\/#primaryimage\",\"url\":\"https:\/\/legrandcontinent.eu\/es\/wp-content\/uploads\/sites\/2\/2025\/01\/gc-executions-Iran-2024.png\",\"contentUrl\":\"https:\/\/legrandcontinent.eu\/es\/wp-content\/uploads\/sites\/2\/2025\/01\/gc-executions-Iran-2024.png\",\"width\":1904,\"height\":1068},{\"@type\":\"BreadcrumbList\",\"@id\":\"https:\/\/legrandcontinent.eu\/es\/2025\/01\/07\/en-iran-el-regimen-ejecuto-a-1-000-personas-en-2024\/#breadcrumb\",\"itemListElement\":[{\"@type\":\"ListItem\",\"position\":1,\"name\":\"Home\",\"item\":\"https:\/\/legrandcontinent.eu\/es\/\"},{\"@type\":\"ListItem\",\"position\":2,\"name\":\"En Ir\u00e1n, el r\u00e9gimen ejecut\u00f3 a 1.000 personas en 2024\"}]},{\"@type\":\"WebSite\",\"@id\":\"https:\/\/legrandcontinent.eu\/es\/#website\",\"url\":\"https:\/\/legrandcontinent.eu\/es\/\",\"name\":\"El Grand Continent\",\"description\":\"La escala pertinente\",\"potentialAction\":[{\"@type\":\"SearchAction\",\"target\":{\"@type\":\"EntryPoint\",\"urlTemplate\":\"https:\/\/legrandcontinent.eu\/es\/?s={search_term_string}\"},\"query-input\":{\"@type\":\"PropertyValueSpecification\",\"valueRequired\":true,\"valueName\":\"search_term_string\"}}],\"inLanguage\":\"es\"},{\"@type\":\"Person\",\"@id\":\"https:\/\/legrandcontinent.eu\/es\/#\/schema\/person\/cdd782c93d4a9eda86ab19a8c01cdf5c\",\"name\":\"florent\",\"image\":{\"@type\":\"ImageObject\",\"inLanguage\":\"es\",\"@id\":\"https:\/\/legrandcontinent.eu\/es\/#\/schema\/person\/image\/\",\"url\":\"https:\/\/secure.gravatar.com\/avatar\/0d38d78c90602daf39b309035cdac6bc?s=96&d=mm&r=g\",\"contentUrl\":\"https:\/\/secure.gravatar.com\/avatar\/0d38d78c90602daf39b309035cdac6bc?s=96&d=mm&r=g\",\"caption\":\"florent\"}}]}<\/script>\n<!-- \/ Yoast SEO plugin. -->","yoast_head_json":{"title":"En Ir\u00e1n, el r\u00e9gimen ejecut\u00f3 a 1.000 personas en 2024 - El Grand Continent","robots":{"index":"index","follow":"follow","max-snippet":"max-snippet:-1","max-image-preview":"max-image-preview:large","max-video-preview":"max-video-preview:-1"},"canonical":"https:\/\/legrandcontinent.eu\/es\/2025\/01\/07\/en-iran-el-regimen-ejecuto-a-1-000-personas-en-2024\/","og_locale":"es_ES","og_type":"article","og_title":"En Ir\u00e1n, el r\u00e9gimen ejecut\u00f3 a 1.000 personas en 2024 - El Grand Continent","og_description":"Seg\u00fan un informe del Consejo Nacional de la Resistencia de Ir\u00e1n, al menos 1.000 presos fueron ejecutados en c\u00e1rceles iran\u00edes el a\u00f1o pasado, la cifra m\u00e1s alta en al menos 30 a\u00f1os. Detr\u00e1s del aumento del n\u00famero de ejecuciones est\u00e1 la intensificaci\u00f3n de la represi\u00f3n del r\u00e9gimen en respuesta al movimiento Mujeres, Vida y Libertad.","og_url":"https:\/\/legrandcontinent.eu\/es\/2025\/01\/07\/en-iran-el-regimen-ejecuto-a-1-000-personas-en-2024\/","og_site_name":"El Grand Continent","article_published_time":"2025-01-07T05:30:00+00:00","og_image":[{"width":2560,"height":1440,"url":"https:\/\/legrandcontinent.eu\/es\/wp-content\/uploads\/sites\/6\/2025\/01\/gc-eliran-scaled.jpg","type":"image\/jpeg"}],"author":"florent","twitter_card":"summary_large_image","twitter_image":"https:\/\/legrandcontinent.eu\/es\/wp-content\/uploads\/sites\/6\/2025\/01\/gc-eliran-scaled.jpg","twitter_misc":{"Escrito por":"florent","Tiempo de lectura":"3 minutos"},"schema":{"@context":"https:\/\/schema.org","@graph":[{"@type":"WebPage","@id":"https:\/\/legrandcontinent.eu\/es\/2025\/01\/07\/en-iran-el-regimen-ejecuto-a-1-000-personas-en-2024\/","url":"https:\/\/legrandcontinent.eu\/es\/2025\/01\/07\/en-iran-el-regimen-ejecuto-a-1-000-personas-en-2024\/","name":"En Ir\u00e1n, el r\u00e9gimen ejecut\u00f3 a 1.000 personas en 2024 - El Grand Continent","isPartOf":{"@id":"https:\/\/legrandcontinent.eu\/es\/#website"},"primaryImageOfPage":{"@id":"https:\/\/legrandcontinent.eu\/es\/2025\/01\/07\/en-iran-el-regimen-ejecuto-a-1-000-personas-en-2024\/#primaryimage"},"image":{"@id":"https:\/\/legrandcontinent.eu\/es\/2025\/01\/07\/en-iran-el-regimen-ejecuto-a-1-000-personas-en-2024\/#primaryimage"},"thumbnailUrl":"https:\/\/legrandcontinent.eu\/es\/wp-content\/uploads\/sites\/2\/2025\/01\/gc-executions-Iran-2024.png","datePublished":"2025-01-07T05:30:00+00:00","author":{"@id":"https:\/\/legrandcontinent.eu\/es\/#\/schema\/person\/cdd782c93d4a9eda86ab19a8c01cdf5c"},"breadcrumb":{"@id":"https:\/\/legrandcontinent.eu\/es\/2025\/01\/07\/en-iran-el-regimen-ejecuto-a-1-000-personas-en-2024\/#breadcrumb"},"inLanguage":"es","potentialAction":[{"@type":"ReadAction","target":["https:\/\/legrandcontinent.eu\/es\/2025\/01\/07\/en-iran-el-regimen-ejecuto-a-1-000-personas-en-2024\/"]}]},{"@type":"ImageObject","inLanguage":"es","@id":"https:\/\/legrandcontinent.eu\/es\/2025\/01\/07\/en-iran-el-regimen-ejecuto-a-1-000-personas-en-2024\/#primaryimage","url":"https:\/\/legrandcontinent.eu\/es\/wp-content\/uploads\/sites\/2\/2025\/01\/gc-executions-Iran-2024.png","contentUrl":"https:\/\/legrandcontinent.eu\/es\/wp-content\/uploads\/sites\/2\/2025\/01\/gc-executions-Iran-2024.png","width":1904,"height":1068},{"@type":"BreadcrumbList","@id":"https:\/\/legrandcontinent.eu\/es\/2025\/01\/07\/en-iran-el-regimen-ejecuto-a-1-000-personas-en-2024\/#breadcrumb","itemListElement":[{"@type":"ListItem","position":1,"name":"Home","item":"https:\/\/legrandcontinent.eu\/es\/"},{"@type":"ListItem","position":2,"name":"En Ir\u00e1n, el r\u00e9gimen ejecut\u00f3 a 1.000 personas en 2024"}]},{"@type":"WebSite","@id":"https:\/\/legrandcontinent.eu\/es\/#website","url":"https:\/\/legrandcontinent.eu\/es\/","name":"El Grand Continent","description":"La escala pertinente","potentialAction":[{"@type":"SearchAction","target":{"@type":"EntryPoint","urlTemplate":"https:\/\/legrandcontinent.eu\/es\/?s={search_term_string}"},"query-input":{"@type":"PropertyValueSpecification","valueRequired":true,"valueName":"search_term_string"}}],"inLanguage":"es"},{"@type":"Person","@id":"https:\/\/legrandcontinent.eu\/es\/#\/schema\/person\/cdd782c93d4a9eda86ab19a8c01cdf5c","name":"florent","image":{"@type":"ImageObject","inLanguage":"es","@id":"https:\/\/legrandcontinent.eu\/es\/#\/schema\/person\/image\/","url":"https:\/\/secure.gravatar.com\/avatar\/0d38d78c90602daf39b309035cdac6bc?s=96&d=mm&r=g","contentUrl":"https:\/\/secure.gravatar.com\/avatar\/0d38d78c90602daf39b309035cdac6bc?s=96&d=mm&r=g","caption":"florent"}}]}},"lgc_categories":[{"id":6,"name":"Pol\u00edtica","slug":"politica"}],"lgc_author":null,"feature_image_summary":{"url":"https:\/\/legrandcontinent.eu\/es\/wp-content\/uploads\/sites\/2\/2025\/01\/gc-executions-Iran-2024.png","width":1904,"height":1068,"alt":""},"feature_image_cover":null,"term_position_data":null,"_links":{"self":[{"href":"https:\/\/legrandcontinent.eu\/es\/wp-json\/wp\/v2\/posts\/52303","targetHints":{"allow":["GET"]}}],"collection":[{"href":"https:\/\/legrandcontinent.eu\/es\/wp-json\/wp\/v2\/posts"}],"about":[{"href":"https:\/\/legrandcontinent.eu\/es\/wp-json\/wp\/v2\/types\/post"}],"author":[{"embeddable":true,"href":"https:\/\/legrandcontinent.eu\/es\/wp-json\/wp\/v2\/users\/1366"}],"replies":[{"embeddable":true,"href":"https:\/\/legrandcontinent.eu\/es\/wp-json\/wp\/v2\/comments?post=52303"}],"version-history":[{"count":0,"href":"https:\/\/legrandcontinent.eu\/es\/wp-json\/wp\/v2\/posts\/52303\/revisions"}],"wp:featuredmedia":[{"embeddable":true,"href":"https:\/\/legrandcontinent.eu\/es\/wp-json\/wp\/v2\/media\/52304"}],"wp:attachment":[{"href":"https:\/\/legrandcontinent.eu\/es\/wp-json\/wp\/v2\/media?parent=52303"}],"wp:term":[{"taxonomy":"category","embeddable":true,"href":"https:\/\/legrandcontinent.eu\/es\/wp-json\/wp\/v2\/categories?post=52303"},{"taxonomy":"post_tag","embeddable":true,"href":"https:\/\/legrandcontinent.eu\/es\/wp-json\/wp\/v2\/tags?post=52303"},{"taxonomy":"staff","embeddable":true,"href":"https:\/\/legrandcontinent.eu\/es\/wp-json\/wp\/v2\/staff?post=52303"},{"taxonomy":"editorial_format","embeddable":true,"href":"https:\/\/legrandcontinent.eu\/es\/wp-json\/wp\/v2\/editorial_format?post=52303"},{"taxonomy":"serie","embeddable":true,"href":"https:\/\/legrandcontinent.eu\/es\/wp-json\/wp\/v2\/serie?post=52303"},{"taxonomy":"audience","embeddable":true,"href":"https:\/\/legrandcontinent.eu\/es\/wp-json\/wp\/v2\/audience?post=52303"},{"taxonomy":"geo","embeddable":true,"href":"https:\/\/legrandcontinent.eu\/es\/wp-json\/wp\/v2\/geo?post=52303"}],"curies":[{"name":"wp","href":"https:\/\/api.w.org\/{rel}","templated":true}]}}