{"id":51325,"date":"2024-12-25T07:45:00","date_gmt":"2024-12-25T06:45:00","guid":{"rendered":"https:\/\/legrandcontinent.eu\/es\/?p=51325"},"modified":"2024-12-24T03:28:12","modified_gmt":"2024-12-24T02:28:12","slug":"nevara-en-europa-esta-navidad","status":"publish","type":"post","link":"https:\/\/legrandcontinent.eu\/es\/2024\/12\/25\/nevara-en-europa-esta-navidad\/","title":{"rendered":"\u00bfNevar\u00e1 en Europa esta Navidad?"},"content":{"rendered":"\n<p>Cada vez es menos probable que nieve hoy, en cualquier lugar de Europa. Seg\u00fan un informe de Climate Central publicado el lunes 16 de diciembre, el calentamiento global ha reducido significativamente el n\u00famero de d\u00edas por debajo de 0\u00b0C este invierno.<\/p>\n\n\n\n<ul class=\"wp-block-list\">\n<li>En todo el hemisferio norte, Europa y Asia son las regiones m\u00e1s afectadas por el n\u00famero de \u00abd\u00edas de invierno perdidos\u00bb debido a la combusti\u00f3n de hidrocarburos y al aumento de las concentraciones de metano en la atm\u00f3sfera.<\/li>\n\n\n\n<li>El noreste del continente es el m\u00e1s castigado por este fen\u00f3meno: en los pa\u00edses b\u00e1lticos, Dinamarca y Polonia se han \u00abperdido\u00bb m\u00e1s de 20 d\u00edas por invierno de temperaturas negativas durante la d\u00e9cada 2014-2023.<\/li>\n\n\n\n<li>Solo Chipre y Malta no se ven afectados por este descenso, ya que en estos Estados miembros las temperaturas casi nunca descienden por debajo de 0 \u00b0C, ni siquiera en pleno invierno&nbsp;<span class='whitespace-nowrap'><span id='easy-footnote-1-51325' class='easy-footnote-margin-adjust'><\/span><span class='easy-footnote'><a href='https:\/\/legrandcontinent.eu\/es\/2024\/12\/25\/nevara-en-europa-esta-navidad\/#easy-footnote-bottom-1-51325' title='&lt;a href=&quot;https:\/\/assets.ctfassets.net\/cxgxgstp8r5d\/1DPWJzHf6bOX2ufv05mG9C\/098b0bc99b074bada0c6474bc56eb60d\/Climate_Central_Lost_Winter_Global_Report_December_2024.pdf&quot;&gt;Lost Winter Analysis\u00a0: Climate change adding more winter days above freezing \u2014 affecting snowfall, winter sports, ecosystems, and more&lt;\/a&gt;, Climate Central, 16 de diciembre de 2024.'><sup>1<\/sup><\/a><\/span><\/span>.<\/li>\n<\/ul>\n\n\n\n<div class=\"iframe-container wp-block-image wp-block-image-medium  iframe-dw\">\n\t<div>\n\t\t<iframe class=\"absolute w-full h-full pin-t pin-l\" title=\"titolo\" aria-label=\"Interactive line chart\" src=\"\/\/datawrapper.dwcdn.net\/Khz64\/\" scrolling=\"no\" frameborder=\"0\"><\/iframe>\n\t<\/div>\n<\/div>\n\n\n\n<p>Seg\u00fan un estudio reciente de la Agencia Europea de Medio Ambiente, Europa es el continente que m\u00e1s r\u00e1pido se calienta del mundo&nbsp;<span class='whitespace-nowrap'><span id='easy-footnote-2-51325' class='easy-footnote-margin-adjust'><\/span><span class='easy-footnote'><a href='https:\/\/legrandcontinent.eu\/es\/2024\/12\/25\/nevara-en-europa-esta-navidad\/#easy-footnote-bottom-2-51325' title='&lt;a href=&quot;https:\/\/www.eea.europa.eu\/en\/analysis\/publications\/european-climate-risk-assessment&quot;&gt;European Climate Risk Assessment&lt;\/a&gt;, Agencia Europea de Medio Ambiente, 11 de marzo de 2024.'><sup>2<\/sup><\/a><\/span><\/span>. Los datos del programa europeo Copernicus indican que 2024 ser\u00e1 casi con toda seguridad el a\u00f1o m\u00e1s caluroso jam\u00e1s registrado. Por primera vez, se prev\u00e9 que las temperaturas mundiales superen en 1,5 \u00b0C la media preindustrial&nbsp;<span class='whitespace-nowrap'><span id='easy-footnote-3-51325' class='easy-footnote-margin-adjust'><\/span><span class='easy-footnote'><a href='https:\/\/legrandcontinent.eu\/es\/2024\/12\/25\/nevara-en-europa-esta-navidad\/#easy-footnote-bottom-3-51325' title='&lt;a href=&quot;https:\/\/climate.copernicus.eu\/copernicus-second-warmest-november-globally-confirms-expectation-2024-warmest-year&quot;&gt;Copernicus\u00a0: Second-warmest November globally confirms expectation for 2024 as warmest year&lt;\/a&gt;, 9 de diciembre de 2024.'><sup>3<\/sup><\/a><\/span><\/span>.<\/p>\n\n\n\n<div class=\"iframe-container wp-block-image wp-block-image-medium  iframe-dw\">\n\t<div>\n\t\t<iframe class=\"absolute w-full h-full pin-t pin-l\" title=\"titolo\" aria-label=\"Interactive line chart\" src=\"\/\/datawrapper.dwcdn.net\/SQ1Uj\/\" scrolling=\"no\" frameborder=\"0\"><\/iframe>\n\t<\/div>\n<\/div>\n\n\n\n<p>\u00bfVer\u00e1n nevar las capitales europeas estas Navidades?<\/p>\n\n\n\n<ul class=\"wp-block-list\">\n<li>Probablemente no. Las previsiones de la Organizaci\u00f3n Meteorol\u00f3gica Mundial indican que s\u00f3lo cinco capitales tendr\u00e1n temperaturas inferiores a 0\u00b0C hoy, mi\u00e9rcoles 25 de diciembre: Varsovia (-3\u00b0C), Budapest, Liubliana, Vilna (-2) y Praga (-1). De momento no se prev\u00e9n nevadas.<\/li>\n\n\n\n<li>En el norte del continente, en las capitales danesa, sueca y finlandesa \u2014que suelen tener inviernos fr\u00edos \u2014 es probable que el aire se mantenga por encima de 0\u00b0C incluso durante la noche.<\/li>\n\n\n\n<li>El tiempo m\u00e1s c\u00e1lido de Navidad no se espera en las capitales mediterr\u00e1neas, sino en Dubl\u00edn, donde no se espera que la temperatura m\u00ednima baje de 9\u00b0C.<\/li>\n<\/ul>\n\n\n\n<div class=\"iframe-container wp-block-image wp-block-image-medium  iframe-dw\">\n\t<div>\n\t\t<iframe class=\"absolute w-full h-full pin-t pin-l\" title=\"titolo\" aria-label=\"Interactive line chart\" src=\"\/\/datawrapper.dwcdn.net\/n7bO8\/\" scrolling=\"no\" frameborder=\"0\"><\/iframe>\n\t<\/div>\n<\/div>\n\n\n\n<p>Si busca nieve en Europa, tendr\u00e1 que dirigirse a los Alpes, donde se han registrado fuertes nevadas en los \u00faltimos d\u00edas: en las estaciones suizas de gran altitud cay\u00f3 hasta un metro de nieve fresca el lunes.<\/p>\n","protected":false},"excerpt":{"rendered":"<p>El calentamiento global ha reducido dr\u00e1sticamente el n\u00famero de d\u00edas de invierno con temperaturas inferiores a 0 \u00b0C en Europa: hasta 23 d\u00edas menos en Lituania. Las previsiones meteorol\u00f3gicas indican que incluso en los pa\u00edses escandinavos es poco probable que nieve hoy. Para encontrar la nieve, habr\u00e1 que dirigirse a los Alpes, donde ha ca\u00eddo hasta un metro de nieve en los \u00faltimos d\u00edas.<\/p>\n","protected":false},"author":1366,"featured_media":51265,"comment_status":"closed","ping_status":"closed","sticky":false,"template":"templates\/post-briefings.php","format":"standard","meta":{"_acf_changed":true,"_trash_the_other_posts":false,"_yoast_wpseo_estimated-reading-time-minutes":2,"footnotes":""},"categories":[98],"tags":[],"staff":[],"editorial_format":[],"serie":[],"audience":[],"geo":[177],"class_list":["post-51325","post","type-post","status-publish","format-standard","hentry","category-energia-y-medio-ambiente","geo-europa"],"acf":{"open_in_webview":false,"accent":false},"yoast_head":"<!-- This site is optimized with the Yoast SEO plugin v26.1.1 - https:\/\/yoast.com\/wordpress\/plugins\/seo\/ -->\n<title>\u00bfNevar\u00e1 en Europa esta Navidad? - El Grand Continent<\/title>\n<meta name=\"robots\" content=\"index, follow, max-snippet:-1, max-image-preview:large, max-video-preview:-1\" \/>\n<link rel=\"canonical\" href=\"https:\/\/legrandcontinent.eu\/es\/2024\/12\/25\/nevara-en-europa-esta-navidad\/\" \/>\n<meta property=\"og:locale\" content=\"es_ES\" \/>\n<meta property=\"og:type\" content=\"article\" \/>\n<meta property=\"og:title\" content=\"\u00bfNevar\u00e1 en Europa esta Navidad? - El Grand Continent\" \/>\n<meta property=\"og:description\" content=\"El calentamiento global ha reducido dr\u00e1sticamente el n\u00famero de d\u00edas de invierno con temperaturas inferiores a 0 \u00b0C en Europa: hasta 23 d\u00edas menos en Lituania. Las previsiones meteorol\u00f3gicas indican que incluso en los pa\u00edses escandinavos es poco probable que nieve hoy. Para encontrar la nieve, habr\u00e1 que dirigirse a los Alpes, donde ha ca\u00eddo hasta un metro de nieve en los \u00faltimos d\u00edas.\" \/>\n<meta property=\"og:url\" content=\"https:\/\/legrandcontinent.eu\/es\/2024\/12\/25\/nevara-en-europa-esta-navidad\/\" \/>\n<meta property=\"og:site_name\" content=\"El Grand Continent\" \/>\n<meta property=\"article:published_time\" content=\"2024-12-25T06:45:00+00:00\" \/>\n<meta property=\"og:image\" content=\"https:\/\/legrandcontinent.eu\/es\/wp-content\/uploads\/sites\/2\/2024\/12\/Capture-decran-2024-12-23-a-16.08.09.png\" \/>\n\t<meta property=\"og:image:width\" content=\"1810\" \/>\n\t<meta property=\"og:image:height\" content=\"1038\" \/>\n\t<meta property=\"og:image:type\" content=\"image\/png\" \/>\n<meta name=\"author\" content=\"florent\" \/>\n<meta name=\"twitter:card\" content=\"summary_large_image\" \/>\n<meta name=\"twitter:label1\" content=\"Escrito por\" \/>\n\t<meta name=\"twitter:data1\" content=\"florent\" \/>\n\t<meta name=\"twitter:label2\" content=\"Tiempo de lectura\" \/>\n\t<meta name=\"twitter:data2\" content=\"2 minutos\" \/>\n<script type=\"application\/ld+json\" class=\"yoast-schema-graph\">{\"@context\":\"https:\/\/schema.org\",\"@graph\":[{\"@type\":\"WebPage\",\"@id\":\"https:\/\/legrandcontinent.eu\/es\/2024\/12\/25\/nevara-en-europa-esta-navidad\/\",\"url\":\"https:\/\/legrandcontinent.eu\/es\/2024\/12\/25\/nevara-en-europa-esta-navidad\/\",\"name\":\"\u00bfNevar\u00e1 en Europa esta Navidad? - El Grand Continent\",\"isPartOf\":{\"@id\":\"https:\/\/legrandcontinent.eu\/es\/#website\"},\"primaryImageOfPage\":{\"@id\":\"https:\/\/legrandcontinent.eu\/es\/2024\/12\/25\/nevara-en-europa-esta-navidad\/#primaryimage\"},\"image\":{\"@id\":\"https:\/\/legrandcontinent.eu\/es\/2024\/12\/25\/nevara-en-europa-esta-navidad\/#primaryimage\"},\"thumbnailUrl\":\"https:\/\/legrandcontinent.eu\/es\/wp-content\/uploads\/sites\/2\/2024\/12\/Capture-decran-2024-12-23-a-16.08.09.png\",\"datePublished\":\"2024-12-25T06:45:00+00:00\",\"author\":{\"@id\":\"https:\/\/legrandcontinent.eu\/es\/#\/schema\/person\/cdd782c93d4a9eda86ab19a8c01cdf5c\"},\"breadcrumb\":{\"@id\":\"https:\/\/legrandcontinent.eu\/es\/2024\/12\/25\/nevara-en-europa-esta-navidad\/#breadcrumb\"},\"inLanguage\":\"es\",\"potentialAction\":[{\"@type\":\"ReadAction\",\"target\":[\"https:\/\/legrandcontinent.eu\/es\/2024\/12\/25\/nevara-en-europa-esta-navidad\/\"]}]},{\"@type\":\"ImageObject\",\"inLanguage\":\"es\",\"@id\":\"https:\/\/legrandcontinent.eu\/es\/2024\/12\/25\/nevara-en-europa-esta-navidad\/#primaryimage\",\"url\":\"https:\/\/legrandcontinent.eu\/es\/wp-content\/uploads\/sites\/2\/2024\/12\/Capture-decran-2024-12-23-a-16.08.09.png\",\"contentUrl\":\"https:\/\/legrandcontinent.eu\/es\/wp-content\/uploads\/sites\/2\/2024\/12\/Capture-decran-2024-12-23-a-16.08.09.png\",\"width\":1810,\"height\":1038},{\"@type\":\"BreadcrumbList\",\"@id\":\"https:\/\/legrandcontinent.eu\/es\/2024\/12\/25\/nevara-en-europa-esta-navidad\/#breadcrumb\",\"itemListElement\":[{\"@type\":\"ListItem\",\"position\":1,\"name\":\"Home\",\"item\":\"https:\/\/legrandcontinent.eu\/es\/\"},{\"@type\":\"ListItem\",\"position\":2,\"name\":\"\u00bfNevar\u00e1 en Europa esta Navidad?\"}]},{\"@type\":\"WebSite\",\"@id\":\"https:\/\/legrandcontinent.eu\/es\/#website\",\"url\":\"https:\/\/legrandcontinent.eu\/es\/\",\"name\":\"El Grand Continent\",\"description\":\"La escala pertinente\",\"potentialAction\":[{\"@type\":\"SearchAction\",\"target\":{\"@type\":\"EntryPoint\",\"urlTemplate\":\"https:\/\/legrandcontinent.eu\/es\/?s={search_term_string}\"},\"query-input\":{\"@type\":\"PropertyValueSpecification\",\"valueRequired\":true,\"valueName\":\"search_term_string\"}}],\"inLanguage\":\"es\"},{\"@type\":\"Person\",\"@id\":\"https:\/\/legrandcontinent.eu\/es\/#\/schema\/person\/cdd782c93d4a9eda86ab19a8c01cdf5c\",\"name\":\"florent\",\"image\":{\"@type\":\"ImageObject\",\"inLanguage\":\"es\",\"@id\":\"https:\/\/legrandcontinent.eu\/es\/#\/schema\/person\/image\/\",\"url\":\"https:\/\/secure.gravatar.com\/avatar\/0d38d78c90602daf39b309035cdac6bc?s=96&d=mm&r=g\",\"contentUrl\":\"https:\/\/secure.gravatar.com\/avatar\/0d38d78c90602daf39b309035cdac6bc?s=96&d=mm&r=g\",\"caption\":\"florent\"}}]}<\/script>\n<!-- \/ Yoast SEO plugin. -->","yoast_head_json":{"title":"\u00bfNevar\u00e1 en Europa esta Navidad? - El Grand Continent","robots":{"index":"index","follow":"follow","max-snippet":"max-snippet:-1","max-image-preview":"max-image-preview:large","max-video-preview":"max-video-preview:-1"},"canonical":"https:\/\/legrandcontinent.eu\/es\/2024\/12\/25\/nevara-en-europa-esta-navidad\/","og_locale":"es_ES","og_type":"article","og_title":"\u00bfNevar\u00e1 en Europa esta Navidad? - El Grand Continent","og_description":"El calentamiento global ha reducido dr\u00e1sticamente el n\u00famero de d\u00edas de invierno con temperaturas inferiores a 0 \u00b0C en Europa: hasta 23 d\u00edas menos en Lituania. Las previsiones meteorol\u00f3gicas indican que incluso en los pa\u00edses escandinavos es poco probable que nieve hoy. Para encontrar la nieve, habr\u00e1 que dirigirse a los Alpes, donde ha ca\u00eddo hasta un metro de nieve en los \u00faltimos d\u00edas.","og_url":"https:\/\/legrandcontinent.eu\/es\/2024\/12\/25\/nevara-en-europa-esta-navidad\/","og_site_name":"El Grand Continent","article_published_time":"2024-12-25T06:45:00+00:00","og_image":[{"width":1810,"height":1038,"url":"https:\/\/legrandcontinent.eu\/es\/wp-content\/uploads\/sites\/2\/2024\/12\/Capture-decran-2024-12-23-a-16.08.09.png","type":"image\/png"}],"author":"florent","twitter_card":"summary_large_image","twitter_misc":{"Escrito por":"florent","Tiempo de lectura":"2 minutos"},"schema":{"@context":"https:\/\/schema.org","@graph":[{"@type":"WebPage","@id":"https:\/\/legrandcontinent.eu\/es\/2024\/12\/25\/nevara-en-europa-esta-navidad\/","url":"https:\/\/legrandcontinent.eu\/es\/2024\/12\/25\/nevara-en-europa-esta-navidad\/","name":"\u00bfNevar\u00e1 en Europa esta Navidad? - El Grand Continent","isPartOf":{"@id":"https:\/\/legrandcontinent.eu\/es\/#website"},"primaryImageOfPage":{"@id":"https:\/\/legrandcontinent.eu\/es\/2024\/12\/25\/nevara-en-europa-esta-navidad\/#primaryimage"},"image":{"@id":"https:\/\/legrandcontinent.eu\/es\/2024\/12\/25\/nevara-en-europa-esta-navidad\/#primaryimage"},"thumbnailUrl":"https:\/\/legrandcontinent.eu\/es\/wp-content\/uploads\/sites\/2\/2024\/12\/Capture-decran-2024-12-23-a-16.08.09.png","datePublished":"2024-12-25T06:45:00+00:00","author":{"@id":"https:\/\/legrandcontinent.eu\/es\/#\/schema\/person\/cdd782c93d4a9eda86ab19a8c01cdf5c"},"breadcrumb":{"@id":"https:\/\/legrandcontinent.eu\/es\/2024\/12\/25\/nevara-en-europa-esta-navidad\/#breadcrumb"},"inLanguage":"es","potentialAction":[{"@type":"ReadAction","target":["https:\/\/legrandcontinent.eu\/es\/2024\/12\/25\/nevara-en-europa-esta-navidad\/"]}]},{"@type":"ImageObject","inLanguage":"es","@id":"https:\/\/legrandcontinent.eu\/es\/2024\/12\/25\/nevara-en-europa-esta-navidad\/#primaryimage","url":"https:\/\/legrandcontinent.eu\/es\/wp-content\/uploads\/sites\/2\/2024\/12\/Capture-decran-2024-12-23-a-16.08.09.png","contentUrl":"https:\/\/legrandcontinent.eu\/es\/wp-content\/uploads\/sites\/2\/2024\/12\/Capture-decran-2024-12-23-a-16.08.09.png","width":1810,"height":1038},{"@type":"BreadcrumbList","@id":"https:\/\/legrandcontinent.eu\/es\/2024\/12\/25\/nevara-en-europa-esta-navidad\/#breadcrumb","itemListElement":[{"@type":"ListItem","position":1,"name":"Home","item":"https:\/\/legrandcontinent.eu\/es\/"},{"@type":"ListItem","position":2,"name":"\u00bfNevar\u00e1 en Europa esta Navidad?"}]},{"@type":"WebSite","@id":"https:\/\/legrandcontinent.eu\/es\/#website","url":"https:\/\/legrandcontinent.eu\/es\/","name":"El Grand Continent","description":"La escala pertinente","potentialAction":[{"@type":"SearchAction","target":{"@type":"EntryPoint","urlTemplate":"https:\/\/legrandcontinent.eu\/es\/?s={search_term_string}"},"query-input":{"@type":"PropertyValueSpecification","valueRequired":true,"valueName":"search_term_string"}}],"inLanguage":"es"},{"@type":"Person","@id":"https:\/\/legrandcontinent.eu\/es\/#\/schema\/person\/cdd782c93d4a9eda86ab19a8c01cdf5c","name":"florent","image":{"@type":"ImageObject","inLanguage":"es","@id":"https:\/\/legrandcontinent.eu\/es\/#\/schema\/person\/image\/","url":"https:\/\/secure.gravatar.com\/avatar\/0d38d78c90602daf39b309035cdac6bc?s=96&d=mm&r=g","contentUrl":"https:\/\/secure.gravatar.com\/avatar\/0d38d78c90602daf39b309035cdac6bc?s=96&d=mm&r=g","caption":"florent"}}]}},"lgc_categories":[{"id":98,"name":"Energ\u00eda y medio ambiente","slug":"energia-y-medio-ambiente"}],"lgc_author":null,"feature_image_summary":{"url":"https:\/\/legrandcontinent.eu\/es\/wp-content\/uploads\/sites\/2\/2024\/12\/Capture-decran-2024-12-23-a-16.08.09.png","width":1810,"height":1038,"alt":""},"feature_image_cover":null,"term_position_data":null,"_links":{"self":[{"href":"https:\/\/legrandcontinent.eu\/es\/wp-json\/wp\/v2\/posts\/51325","targetHints":{"allow":["GET"]}}],"collection":[{"href":"https:\/\/legrandcontinent.eu\/es\/wp-json\/wp\/v2\/posts"}],"about":[{"href":"https:\/\/legrandcontinent.eu\/es\/wp-json\/wp\/v2\/types\/post"}],"author":[{"embeddable":true,"href":"https:\/\/legrandcontinent.eu\/es\/wp-json\/wp\/v2\/users\/1366"}],"replies":[{"embeddable":true,"href":"https:\/\/legrandcontinent.eu\/es\/wp-json\/wp\/v2\/comments?post=51325"}],"version-history":[{"count":0,"href":"https:\/\/legrandcontinent.eu\/es\/wp-json\/wp\/v2\/posts\/51325\/revisions"}],"wp:featuredmedia":[{"embeddable":true,"href":"https:\/\/legrandcontinent.eu\/es\/wp-json\/wp\/v2\/media\/51265"}],"wp:attachment":[{"href":"https:\/\/legrandcontinent.eu\/es\/wp-json\/wp\/v2\/media?parent=51325"}],"wp:term":[{"taxonomy":"category","embeddable":true,"href":"https:\/\/legrandcontinent.eu\/es\/wp-json\/wp\/v2\/categories?post=51325"},{"taxonomy":"post_tag","embeddable":true,"href":"https:\/\/legrandcontinent.eu\/es\/wp-json\/wp\/v2\/tags?post=51325"},{"taxonomy":"staff","embeddable":true,"href":"https:\/\/legrandcontinent.eu\/es\/wp-json\/wp\/v2\/staff?post=51325"},{"taxonomy":"editorial_format","embeddable":true,"href":"https:\/\/legrandcontinent.eu\/es\/wp-json\/wp\/v2\/editorial_format?post=51325"},{"taxonomy":"serie","embeddable":true,"href":"https:\/\/legrandcontinent.eu\/es\/wp-json\/wp\/v2\/serie?post=51325"},{"taxonomy":"audience","embeddable":true,"href":"https:\/\/legrandcontinent.eu\/es\/wp-json\/wp\/v2\/audience?post=51325"},{"taxonomy":"geo","embeddable":true,"href":"https:\/\/legrandcontinent.eu\/es\/wp-json\/wp\/v2\/geo?post=51325"}],"curies":[{"name":"wp","href":"https:\/\/api.w.org\/{rel}","templated":true}]}}