{"id":50647,"date":"2024-12-12T17:53:03","date_gmt":"2024-12-12T16:53:03","guid":{"rendered":"https:\/\/legrandcontinent.eu\/es\/?p=50647"},"modified":"2024-12-12T17:53:06","modified_gmt":"2024-12-12T16:53:06","slug":"la-toma-de-damasco-es-un-acontecimiento-capital-en-la-evolucion-del-yihadismo-y-del-islamismo-a-escala-mundial","status":"publish","type":"post","link":"https:\/\/legrandcontinent.eu\/es\/2024\/12\/12\/la-toma-de-damasco-es-un-acontecimiento-capital-en-la-evolucion-del-yihadismo-y-del-islamismo-a-escala-mundial\/","title":{"rendered":"\u00abLa toma de Damasco es un acontecimiento capital en la evoluci\u00f3n del yihadismo y del islamismo a escala mundial\u00bb"},"content":{"rendered":"\n<h3 class=\"wp-block-heading\">\u00bfC\u00f3mo <a href=\"https:\/\/legrandcontinent.eu\/es\/2024\/12\/11\/siria-vuelve-a-estar-en-el-centro-de-la-reconfiguracion-geopolitica-de-medio-oriente-una-conversacion-con-hugo-micheron\/\">ve a Hayat Tahrir al-Sham (HTS) en el contexto de la evoluci\u00f3n del yihadismo a escala mundial<\/a>, en comparaci\u00f3n con otros grupos activos en Siria, Irak y otras partes del mundo?\u00a0<\/h3>\n\n\n\n<p>A primera vista, HTS representa una evoluci\u00f3n \u00abpositiva\u00bb del yihadismo \u2014el investigador estadounidense Aaron Y. Zelin, experto en HTS, se refiere a \u00e9l como \u00abyihadismo pol\u00edtico\u00bb\u2014. <a href=\"https:\/\/legrandcontinent.eu\/es\/2024\/12\/11\/quien-es-al-julani-retrato-de-un-tecnoislamista\/\">Su l\u00edder, Abu al Julani<\/a>, se ha esforzado por adquirir legitimidad no religiosa demostrando su capacidad para administrar la provincia de Idlib. Desde 2016, intenta convencer a los observadores de que la organizaci\u00f3n se ha apartado de la yihad global. Desde este punto de vista, hasta la liberaci\u00f3n de Damasco, la trayectoria ha sido impecable. Tranquiliz\u00f3 a las minor\u00edas presentes y mantuvo el contacto con los embajadores extranjeros a\u00fan presentes en el pa\u00eds \u2014el embajador italiano en particular\u2014. HTS tambi\u00e9n mantuvo la administraci\u00f3n e incluso organiz\u00f3 reuniones de transici\u00f3n con el antiguo gobierno de Bashar al Asad, en las que estuvieron presentes todos los ministros excepto los de Defensa e Interior. Estos \u00faltimos, que cometieron graves cr\u00edmenes contra la rebeli\u00f3n siria, estuvieron no obstante representados por sus directores de gabinete.&nbsp;<\/p>\n\n\n\n<p>Sin embargo, a pesar de estos intentos de normalizaci\u00f3n, HTS mantiene sus m\u00e9todos y su agenda yihadistas. Por ejemplo, la organizaci\u00f3n llev\u00f3 a cabo recientemente atentados suicidas contra el ej\u00e9rcito sirio, lo que implica un profundo adoctrinamiento y la creencia en el martirio, y demuestra su ambig\u00fcedad en estas cuestiones.&nbsp;<\/p>\n\n\n\n<figure class=\"wp-block-pullquote\"><blockquote><p>La victoria de HTS demuestra a todos los grupos yihadistas del mundo que es posible hacerse con el poder.<\/p><cite>ASIEM EL DIFRAOUI<\/cite><\/blockquote><\/figure>\n\n\n\n<h3 class=\"wp-block-heading\">\u00bfQu\u00e9 perspectiva debemos adoptar para comprender su surgimiento \u2014y el golpe de Damasco\u2014?\u00a0<\/h3>\n\n\n\n<p>HTS no es el primer grupo yihadista que participa en un proceso pol\u00edtico. A principios de la d\u00e9cada de 2000, los yihadistas libios tambi\u00e9n se distanciaron de la ideolog\u00eda de Al Qaeda al condenar oficialmente los atentados suicidas y la violencia contra civiles, incluido el 11 de septiembre. Contribuyeron a la ca\u00edda de Gadafi, pero ahora participan en el complicado proceso pol\u00edtico de este pa\u00eds dividido. Y aunque el Estado Isl\u00e1mico tuvo en su d\u00eda santuario en Syrte, Libia ha dejado de ser un importante foco del yihadismo.<\/p>\n\n\n\n<p>Acabo de regresar de Dakar, donde he hablado con representantes de la sociedad civil de seis pa\u00edses del Sahel, cuyo principal temor es el auge del yihadismo y el fortalecimiento de las ramas de Daesh y Al Qaeda en la regi\u00f3n, como mostr\u00e9 <a href=\"https:\/\/legrandcontinent.eu\/es\/2024\/03\/27\/el-yihadismo-de-moscu-al-sahel-prepararse-para-la-crisis-que-se-avecina\/\">en un art\u00edculo publicado en estas p\u00e1ginas<\/a> sobre el fortalecimiento de los movimientos yihadistas en el Sahel.<\/p>\n\n\n\n<p>La victoria de HTS demuestra a todos los grupos yihadistas del mundo que es posible tomar el poder, incluso despu\u00e9s de diez o quince a\u00f1os de espera. Tras la larga espera de Al-Julani en Idlib, da un nuevo significado al famoso dicho talib\u00e1n: \u00ablos occidentales tienen relojes pero nosotros tenemos tiempo\u00bb. La toma de Damasco es, por tanto, un acontecimiento importante en el desarrollo del yihadismo a escala mundial.&nbsp;<\/p>\n\n\n<section class=\"dive print-block my-16\" style=\"background-color:;\">\n\t<div class=\"wrapper\">\n\t\t<div class=\"container mx-auto \">\n\t\t\t<div class=\"row flex flex-wrap relative pt-6 pb-16 lg:py-8\">\n\t\t\t\t<div class=\"col w-full xl:ml-1\/10\n\t\t\t\t\t md:w-2\/5 xl:w-2\/5 \t\t\t\t\t\">\n\t\t\t\t\t<a href=\"https:\/\/legrandcontinent.eu\/es\/ofiertas-new\/\" style=\"color:#0a0a0a;\" class=\"font-display font-normal text-4xl leading-9 mb-5 text-white no-underline\">\n\t\t\t\t\t\tRetrato de un mundo roto\t\t\t\t\t<\/a>\n\t\t\t\t\t\t\t\t\t\t\t<div style=\"color:#0a0a0a;\" class=\"text-base leading-none font-sans\">\n\t\t\t\t\t\t\t<p>Bajo la direcci\u00f3n de Giuliano da Empoli.<\/p>\n<p>Con contribuciones de Josep Borrell, Lea Ypi, Niall Ferguson, Timothy Garton Ash, Anu Bradford, Jean-Yves Dormagen, Aude Darnal, Branko Milanovi\u0107, Julia Cag\u00e9, Vladislav Surkov o Isabella Weber.<\/p>\n\t\t\t\t\t\t<\/div>\n\t\t\t\t\t\n\t\t\t\t\t\t\t\t\t\t\t<div class=\"mt-12 dive-list\">\n\t\t\t\t\t\t\t\t\t\t\t\t\t\t\t<a  style=\"color:#dd203c;\" class=\"no-underline block border-t border-grey-darker py-2 flex\"\n\t\t\t\t\t\t\t\t   href=\"https:\/\/legrandcontinent.eu\/shop\/es\/producto\/el-grand-continent-vol-3-retrato-de-un-mundo-roto\/\"><span class=\"font-sans font-semibold pr-4\">\u2192<\/span> Pedir el volumen<\/a>\n\t\t\t\t\t\t\t\t\t\t\t\t\t\t\t<a  style=\"color:#dd203c;\" class=\"no-underline block border-t border-grey-darker py-2 flex\"\n\t\t\t\t\t\t\t\t   href=\"https:\/\/legrandcontinent.eu\/es\/ofiertas-new\/\"><span class=\"font-sans font-semibold pr-4\">\u2192<\/span> Descubra nuestras ofertas<\/a>\n\t\t\t\t\t\t\t\t\t\t\t\t\t<\/div>\n\t\t\t\t\t\n\t\t\t\t\t\t\t\t\t\t\t<div style=\"color:#0a0a0a;\" class=\"dive-footer font-sans text-xs border-t border-grey-darker py-2 leading-4\">\n\t\t\t\t\t\t\t<p><em>Retrato de un mundo roto<\/em>, el nuevo volumen en papel del Grand Continent publicado por Arpa. Est\u00e1 disponible para <a href=\"https:\/\/legrandcontinent.eu\/shop\/es\/producto\/el-grand-continent-vol-3-retrato-de-un-mundo-roto\/\">su compra<\/a> e incluido en nuestra <a href=\"https:\/\/legrandcontinent.eu\/es\/ofiertas-new\/\">oferta de lanzamiento<\/a>.<\/p>\n\t\t\t\t\t\t<\/div>\n\t\t\t\t\t\n\t\t\t\t<\/div>\n\t\t\t\t\t\t\t\t\t\t\t\n\t\t\t\t\t\t\t<div class=\"col w-full md:w-3\/5 xl:w-2\/5  md:px-0 relative overflow-hidden mt-8 md:mt-0 macron-img\">\n\t\t\t\t\t\t\t\t<a class=\"!absolute !bg-none w-full h-full pin-t pin-l\" href=\"https:\/\/legrandcontinent.eu\/es\/ofiertas-new\/\" class=\"no-underline\">\n\t\t\t\t\t\t\t\t\t<img decoding=\"async\" style=\"object-fit: contain; width: 100%; height: 100%;\" src=\"https:\/\/legrandcontinent.eu\/es\/wp-content\/uploads\/sites\/6\/2024\/09\/mediamodifier_image-128-990x660.png\" \/>\n\t\t\t\t\t\t\t\t<\/a> \n\t\t\t\t\t\t\t<\/div>\n\n\t\t\t\t\t\t\t\t\t\t\t\t\t\t\n\t\t\t<\/div>\n\t\t<\/div>\n\t<\/div>\n<\/section>\n\n\n\n<p>Por un lado, podr\u00eda animar a los grupos yihadistas a emular el enfoque pragm\u00e1tico de HTS.<\/p>\n\n\n\n<p>La organizaci\u00f3n ha conseguido apaciguar a las minor\u00edas en Idlib, a pesar de algunos abusos. Julani organiz\u00f3 reuniones con cristianos en Idlib para discutir la devoluci\u00f3n de sus tierras; tambi\u00e9n manten\u00eda buenas relaciones con ONG occidentales y la provincia era, en general, funcional; en Damasco, trataron con el primer ministro de Bashar al-Asad.<\/p>\n\n\n\n<figure class=\"wp-block-pullquote\"><blockquote><p>Tras la larga espera de Al Julani en Idlib, la victoria de HTS da un nuevo significado al famoso dicho talib\u00e1n: \u00ablos occidentales tienen relojes pero nosotros tenemos tiempo\u00bb.<\/p><cite>ASIEM EL DIFRAOUI<\/cite><\/blockquote><\/figure>\n\n\n\n<p>Por otra parte, HTS sigue siendo una coalici\u00f3n de grupos islamistas con elementos muy radicales que desean islamizar la sociedad siria. Bajo la administraci\u00f3n HTS, las mujeres no tienen derecho a voto y las elecciones son muy limitadas. \u00bfReproducir\u00e1 la organizaci\u00f3n el modelo de las sociedades del Golfo, donde los extranjeros son bienvenidos pero la gobernanza sigue siendo estrictamente isl\u00e1mica y autoritaria? \u00bfQuieren poner en marcha una versi\u00f3n m\u00e1s suave del programa talib\u00e1n, dado que la sociedad siria est\u00e1 mucho mejor educada que la afgana, y que el propio Julani procede de una buena familia siria de clase media alta y dej\u00f3 sus estudios avanzados para ir a luchar?&nbsp;<\/p>\n\n\n\n<p>La victoria de HTS no s\u00f3lo podr\u00eda favorecer la normalizaci\u00f3n de los movimientos yihadistas, sino tambi\u00e9n hacer de Siria una tierra prometida para las personas atra\u00eddas por el salafismo y el yihadismo, en particular en Europa. A\u00fan no sabemos qu\u00e9 tipo de sociedad crear\u00e1 HTS. Vemos c\u00f3mo se obliga a las periodistas de CNN de habla \u00e1rabe a cubrirse la cabeza con un velo. El nuevo primer ministro de Siria habla no s\u00f3lo delante de una bandera siria, sino tambi\u00e9n delante de una bandera isl\u00e1mica con la <em>shohada<\/em>.<\/p>\n\n\n\n<figure class=\"wp-block-pullquote\"><blockquote><p>En resumen, la victoria de HTS no s\u00f3lo podr\u00eda favorecer la normalizaci\u00f3n de los movimientos yihadistas, sino tambi\u00e9n hacer de Siria una tierra prometida para las personas atra\u00eddas por el salafismo y el yihadismo, en particular en Europa.<\/p><cite>ASIEM EL DIFRAOUI<\/cite><\/blockquote><\/figure>\n\n\n\n<h3 class=\"wp-block-heading\">\u00bfCu\u00e1les son las reacciones de los otros grandes grupos yihadistas ante la ca\u00edda de Bashar al-Asad y la toma del poder por HTS?\u00a0<\/h3>\n\n\n\n<p>Evidentemente, el Estado Isl\u00e1mico (EI) no est\u00e1 contento con esta evoluci\u00f3n, porque el modelo del EI corre el riesgo de ser invalidado por HTS. El EI busca as\u00ed sembrar el caos, y probablemente tratar\u00e1 de llevar a cabo atentados espectaculares contra objetivos de alto valor simb\u00f3lico, siguiendo el ejemplo de sus primeros grandes atentados en Bagdad, contra la sede de la ONU y el enviado especial de Naciones Unidas. El EI aplicar\u00e1 probablemente una \u00abgesti\u00f3n de la barbarie\u00bb \u2014expresi\u00f3n que da t\u00edtulo al panfleto del islamista Abu Bakr Naji, y que consiste en considerar que crear el caos total es un paso hacia la toma del poder\u2014. Recientemente, fuentes fiables informaron de que miembros del EI ejecutaron a treinta y un soldados sirios que intentaban rendirse. Julani tambi\u00e9n se ha convertido en un objetivo prioritario para el EI, a pesar de que por el momento \u2014gracias a su poder carism\u00e1tico y unificador\u2014 es insustituible. \u00bfQu\u00e9 ocurrir\u00eda si fuera asesinado?&nbsp;<\/p>\n\n\n\n<p>Para combatir el riesgo de caos, Julani tambi\u00e9n ha extra\u00eddo lecciones de la ocupaci\u00f3n estadounidense de Irak. A diferencia de los estadounidenses, que disolvieron el ej\u00e9rcito iraqu\u00ed y prohibieron a los miembros del partido Baath participar en la vida pol\u00edtica, Julani mantiene a parte del personal en sus puestos.<\/p>\n\n\n\n<figure class=\"wp-block-pullquote\"><blockquote><p>El modelo del Estado Isl\u00e1mico corre el riesgo de ser invalidado por HTS. El EI busca sembrar el caos y probablemente tratar\u00e1 de llevar a cabo atentados espectaculares contra objetivos de alto valor simb\u00f3lico.<\/p><cite>ASIEM EL DIFRAOUI<\/cite><\/blockquote><\/figure>\n\n\n\n<h3 class=\"wp-block-heading\">Usted tambi\u00e9n ha trabajado sobre la ret\u00f3rica y las im\u00e1genes producidas por los grupos yihadistas \u2014en particular Al Qaeda\u2014 observando la evoluci\u00f3n de HTS. \u00bfQu\u00e9 elementos de su discurso y qu\u00e9 im\u00e1genes le parecen m\u00e1s notables?<\/h3>\n\n\n\n<p>HTS utiliza el estandarte blanco del profeta en lugar del estandarte negro, mucho m\u00e1s preocupante. Esta elecci\u00f3n revela una voluntad de distanciarse de una imagen m\u00e1s extrema y promover un enfoque menos conformista. Esta iniciativa corresponde a una estrategia de adaptaci\u00f3n \u2014similar a la de los Hermanos Musulmanes\u2014 que aboga por un islam m\u00e1s moderno.<\/p>\n\n\n\n<p>La puesta en escena del poder de HTS es tambi\u00e9n muy diferente de la del Estado Isl\u00e1mico. Durante el discurso de Bagdadi en la mezquita de Mosul anunciando la creaci\u00f3n del Estado Isl\u00e1mico, Bagdadi subi\u00f3 al estrado vestido completamente de negro. Julani, en cambio, en su discurso en la mezquita de los Omeyas, apareci\u00f3 de pie entre los suyos vestido de militar.<\/p>\n\n\n\n<figure class=\"wp-block-pullquote\"><blockquote><p>HTS es un movimiento que ha logrado derrocar a un Estado autoritario que llevaba cincuenta a\u00f1os en el poder, con una acogida generalmente positiva de esta victoria.\u00a0<\/p><cite>ASIEM EL DIFRAOUI<\/cite><\/blockquote><\/figure>\n\n\n\n<h3 class=\"wp-block-heading\">\u00bfQu\u00e9 papel desempe\u00f1a Israel en la ret\u00f3rica de HTS?\u00a0<\/h3>\n\n\n\n<p>La lucha contra Israel forma parte del discurso de la organizaci\u00f3n \u2014como en todos los movimientos yihadistas\u2014. Pero en realidad, HTS nunca ha combatido contra Israel. De hecho, su principal preocupaci\u00f3n sigue siendo la situaci\u00f3n interna en Siria, aunque es probable que los ataques de ayer de Israel en Siria alimenten el discurso antiisrael\u00ed.<\/p>\n\n\n\n<p>En un <a href=\"https:\/\/legrandcontinent.eu\/fr\/2023\/11\/20\/le-hamas-nouveau-poids-lourd-du-djihad-global\/\">art\u00edculo<\/a> anterior publicado en estas p\u00e1ginas, hab\u00eda mencionado el riesgo de que Ham\u00e1s, con el 7 de octubre, pudiera inspirar a grupos yihadistas. Hoy, HTS ha adquirido un prestigio a\u00fan mayor: es un movimiento que ha logrado derrocar a un Estado autoritario que llevaba cincuenta a\u00f1os en el poder, con una acogida generalmente positiva de esta victoria por parte de diversos actores, incluso en el mundo occidental, lo que deber\u00eda hacer reflexionar a los movimientos yihadistas m\u00e1s all\u00e1 de Oriente Medio.<\/p>\n\n\n\n<p>En resumen, en el contexto de la rivalidad mundial entre modelos yihadistas opositores, la victoria de HTS es tambi\u00e9n la de una determinada estrategia yihadista \u2014pragm\u00e1tica\u2014: el yihadismo pol\u00edtico.<\/p>\n","protected":false},"excerpt":{"rendered":"<p>El golpe de Julani y HTS contra Bashar al Asad no es s\u00f3lo un terremoto para la regi\u00f3n. La fulgurante toma del poder por el nuevo hombre fuerte de Siria marca la victoria del \u00abyihadismo pol\u00edtico\u00bb como estrategia de conquista y debe leerse como un punto de inflexi\u00f3n en la historia del islamismo global.<\/p>\n","protected":false},"author":1366,"featured_media":50648,"comment_status":"closed","ping_status":"closed","sticky":false,"template":"templates\/post-interviews.php","format":"standard","meta":{"_acf_changed":true,"_trash_the_other_posts":false,"_yoast_wpseo_estimated-reading-time-minutes":6,"footnotes":""},"categories":[964],"tags":[],"staff":[185],"editorial_format":[],"serie":[],"audience":[],"geo":[173],"class_list":["post-50647","post","type-post","status-publish","format-standard","hentry","category-hts-al-julani-siria-despues-de-asad","staff-pierre-ramond","geo-mediterraneo"],"acf":{"open_in_webview":false,"accent":false},"yoast_head":"<!-- This site is optimized with the Yoast SEO plugin v26.1.1 - https:\/\/yoast.com\/wordpress\/plugins\/seo\/ -->\n<title>\u00abLa toma de Damasco es un acontecimiento capital en la evoluci\u00f3n del yihadismo y del islamismo a escala mundial\u00bb - El Grand Continent<\/title>\n<meta name=\"robots\" content=\"index, follow, max-snippet:-1, max-image-preview:large, max-video-preview:-1\" \/>\n<link rel=\"canonical\" href=\"https:\/\/legrandcontinent.eu\/es\/2024\/12\/12\/la-toma-de-damasco-es-un-acontecimiento-capital-en-la-evolucion-del-yihadismo-y-del-islamismo-a-escala-mundial\/\" \/>\n<meta property=\"og:locale\" content=\"es_ES\" \/>\n<meta property=\"og:type\" content=\"article\" \/>\n<meta property=\"og:title\" content=\"\u00abLa toma de Damasco es un acontecimiento capital en la evoluci\u00f3n del yihadismo y del islamismo a escala mundial\u00bb - El Grand Continent\" \/>\n<meta property=\"og:description\" content=\"El golpe de Julani y HTS contra Bashar al Asad no es s\u00f3lo un terremoto para la regi\u00f3n. La fulgurante toma del poder por el nuevo hombre fuerte de Siria marca la victoria del \u00abyihadismo pol\u00edtico\u00bb como estrategia de conquista y debe leerse como un punto de inflexi\u00f3n en la historia del islamismo global.\" \/>\n<meta property=\"og:url\" content=\"https:\/\/legrandcontinent.eu\/es\/2024\/12\/12\/la-toma-de-damasco-es-un-acontecimiento-capital-en-la-evolucion-del-yihadismo-y-del-islamismo-a-escala-mundial\/\" \/>\n<meta property=\"og:site_name\" content=\"El Grand Continent\" \/>\n<meta property=\"article:published_time\" content=\"2024-12-12T16:53:03+00:00\" \/>\n<meta property=\"article:modified_time\" content=\"2024-12-12T16:53:06+00:00\" \/>\n<meta property=\"og:image\" content=\"https:\/\/legrandcontinent.eu\/es\/wp-content\/uploads\/sites\/6\/2024\/12\/gc-eljulani-1-scaled.jpg\" \/>\n\t<meta property=\"og:image:width\" content=\"2560\" \/>\n\t<meta property=\"og:image:height\" content=\"1440\" \/>\n\t<meta property=\"og:image:type\" content=\"image\/jpeg\" \/>\n<meta name=\"author\" content=\"florent\" \/>\n<meta name=\"twitter:card\" content=\"summary_large_image\" \/>\n<meta name=\"twitter:image\" content=\"https:\/\/legrandcontinent.eu\/es\/wp-content\/uploads\/sites\/6\/2024\/12\/gc-eljulani-1-scaled.jpg\" \/>\n<meta name=\"twitter:label1\" content=\"Escrito por\" \/>\n\t<meta name=\"twitter:data1\" content=\"florent\" \/>\n\t<meta name=\"twitter:label2\" content=\"Tiempo de lectura\" \/>\n\t<meta name=\"twitter:data2\" content=\"6 minutos\" \/>\n<script type=\"application\/ld+json\" class=\"yoast-schema-graph\">{\"@context\":\"https:\/\/schema.org\",\"@graph\":[{\"@type\":\"WebPage\",\"@id\":\"https:\/\/legrandcontinent.eu\/es\/2024\/12\/12\/la-toma-de-damasco-es-un-acontecimiento-capital-en-la-evolucion-del-yihadismo-y-del-islamismo-a-escala-mundial\/\",\"url\":\"https:\/\/legrandcontinent.eu\/es\/2024\/12\/12\/la-toma-de-damasco-es-un-acontecimiento-capital-en-la-evolucion-del-yihadismo-y-del-islamismo-a-escala-mundial\/\",\"name\":\"\u00abLa toma de Damasco es un acontecimiento capital en la evoluci\u00f3n del yihadismo y del islamismo a escala mundial\u00bb - El Grand Continent\",\"isPartOf\":{\"@id\":\"https:\/\/legrandcontinent.eu\/es\/#website\"},\"primaryImageOfPage\":{\"@id\":\"https:\/\/legrandcontinent.eu\/es\/2024\/12\/12\/la-toma-de-damasco-es-un-acontecimiento-capital-en-la-evolucion-del-yihadismo-y-del-islamismo-a-escala-mundial\/#primaryimage\"},\"image\":{\"@id\":\"https:\/\/legrandcontinent.eu\/es\/2024\/12\/12\/la-toma-de-damasco-es-un-acontecimiento-capital-en-la-evolucion-del-yihadismo-y-del-islamismo-a-escala-mundial\/#primaryimage\"},\"thumbnailUrl\":\"https:\/\/legrandcontinent.eu\/es\/wp-content\/uploads\/sites\/6\/2024\/12\/SIPA_01187632_000033-scaled-1.jpg\",\"datePublished\":\"2024-12-12T16:53:03+00:00\",\"dateModified\":\"2024-12-12T16:53:06+00:00\",\"author\":{\"@id\":\"https:\/\/legrandcontinent.eu\/es\/#\/schema\/person\/cdd782c93d4a9eda86ab19a8c01cdf5c\"},\"breadcrumb\":{\"@id\":\"https:\/\/legrandcontinent.eu\/es\/2024\/12\/12\/la-toma-de-damasco-es-un-acontecimiento-capital-en-la-evolucion-del-yihadismo-y-del-islamismo-a-escala-mundial\/#breadcrumb\"},\"inLanguage\":\"es\",\"potentialAction\":[{\"@type\":\"ReadAction\",\"target\":[\"https:\/\/legrandcontinent.eu\/es\/2024\/12\/12\/la-toma-de-damasco-es-un-acontecimiento-capital-en-la-evolucion-del-yihadismo-y-del-islamismo-a-escala-mundial\/\"]}]},{\"@type\":\"ImageObject\",\"inLanguage\":\"es\",\"@id\":\"https:\/\/legrandcontinent.eu\/es\/2024\/12\/12\/la-toma-de-damasco-es-un-acontecimiento-capital-en-la-evolucion-del-yihadismo-y-del-islamismo-a-escala-mundial\/#primaryimage\",\"url\":\"https:\/\/legrandcontinent.eu\/es\/wp-content\/uploads\/sites\/6\/2024\/12\/SIPA_01187632_000033-scaled-1.jpg\",\"contentUrl\":\"https:\/\/legrandcontinent.eu\/es\/wp-content\/uploads\/sites\/6\/2024\/12\/SIPA_01187632_000033-scaled-1.jpg\",\"width\":2560,\"height\":1707,\"caption\":\"Al Julani habla en la Mezquita Omeya de Damasco el domingo 8 de diciembre de 2024. \u00a9 Asaad al-Asaad\/SIPA\"},{\"@type\":\"BreadcrumbList\",\"@id\":\"https:\/\/legrandcontinent.eu\/es\/2024\/12\/12\/la-toma-de-damasco-es-un-acontecimiento-capital-en-la-evolucion-del-yihadismo-y-del-islamismo-a-escala-mundial\/#breadcrumb\",\"itemListElement\":[{\"@type\":\"ListItem\",\"position\":1,\"name\":\"Home\",\"item\":\"https:\/\/legrandcontinent.eu\/es\/\"},{\"@type\":\"ListItem\",\"position\":2,\"name\":\"\u00abLa toma de Damasco es un acontecimiento capital en la evoluci\u00f3n del yihadismo y del islamismo a escala mundial\u00bb\"}]},{\"@type\":\"WebSite\",\"@id\":\"https:\/\/legrandcontinent.eu\/es\/#website\",\"url\":\"https:\/\/legrandcontinent.eu\/es\/\",\"name\":\"El Grand Continent\",\"description\":\"La escala pertinente\",\"potentialAction\":[{\"@type\":\"SearchAction\",\"target\":{\"@type\":\"EntryPoint\",\"urlTemplate\":\"https:\/\/legrandcontinent.eu\/es\/?s={search_term_string}\"},\"query-input\":{\"@type\":\"PropertyValueSpecification\",\"valueRequired\":true,\"valueName\":\"search_term_string\"}}],\"inLanguage\":\"es\"},{\"@type\":\"Person\",\"@id\":\"https:\/\/legrandcontinent.eu\/es\/#\/schema\/person\/cdd782c93d4a9eda86ab19a8c01cdf5c\",\"name\":\"florent\",\"image\":{\"@type\":\"ImageObject\",\"inLanguage\":\"es\",\"@id\":\"https:\/\/legrandcontinent.eu\/es\/#\/schema\/person\/image\/\",\"url\":\"https:\/\/secure.gravatar.com\/avatar\/0d38d78c90602daf39b309035cdac6bc?s=96&d=mm&r=g\",\"contentUrl\":\"https:\/\/secure.gravatar.com\/avatar\/0d38d78c90602daf39b309035cdac6bc?s=96&d=mm&r=g\",\"caption\":\"florent\"}}]}<\/script>\n<!-- \/ Yoast SEO plugin. -->","yoast_head_json":{"title":"\u00abLa toma de Damasco es un acontecimiento capital en la evoluci\u00f3n del yihadismo y del islamismo a escala mundial\u00bb - El Grand Continent","robots":{"index":"index","follow":"follow","max-snippet":"max-snippet:-1","max-image-preview":"max-image-preview:large","max-video-preview":"max-video-preview:-1"},"canonical":"https:\/\/legrandcontinent.eu\/es\/2024\/12\/12\/la-toma-de-damasco-es-un-acontecimiento-capital-en-la-evolucion-del-yihadismo-y-del-islamismo-a-escala-mundial\/","og_locale":"es_ES","og_type":"article","og_title":"\u00abLa toma de Damasco es un acontecimiento capital en la evoluci\u00f3n del yihadismo y del islamismo a escala mundial\u00bb - El Grand Continent","og_description":"El golpe de Julani y HTS contra Bashar al Asad no es s\u00f3lo un terremoto para la regi\u00f3n. La fulgurante toma del poder por el nuevo hombre fuerte de Siria marca la victoria del \u00abyihadismo pol\u00edtico\u00bb como estrategia de conquista y debe leerse como un punto de inflexi\u00f3n en la historia del islamismo global.","og_url":"https:\/\/legrandcontinent.eu\/es\/2024\/12\/12\/la-toma-de-damasco-es-un-acontecimiento-capital-en-la-evolucion-del-yihadismo-y-del-islamismo-a-escala-mundial\/","og_site_name":"El Grand Continent","article_published_time":"2024-12-12T16:53:03+00:00","article_modified_time":"2024-12-12T16:53:06+00:00","og_image":[{"width":2560,"height":1440,"url":"https:\/\/legrandcontinent.eu\/es\/wp-content\/uploads\/sites\/6\/2024\/12\/gc-eljulani-1-scaled.jpg","type":"image\/jpeg"}],"author":"florent","twitter_card":"summary_large_image","twitter_image":"https:\/\/legrandcontinent.eu\/es\/wp-content\/uploads\/sites\/6\/2024\/12\/gc-eljulani-1-scaled.jpg","twitter_misc":{"Escrito por":"florent","Tiempo de lectura":"6 minutos"},"schema":{"@context":"https:\/\/schema.org","@graph":[{"@type":"WebPage","@id":"https:\/\/legrandcontinent.eu\/es\/2024\/12\/12\/la-toma-de-damasco-es-un-acontecimiento-capital-en-la-evolucion-del-yihadismo-y-del-islamismo-a-escala-mundial\/","url":"https:\/\/legrandcontinent.eu\/es\/2024\/12\/12\/la-toma-de-damasco-es-un-acontecimiento-capital-en-la-evolucion-del-yihadismo-y-del-islamismo-a-escala-mundial\/","name":"\u00abLa toma de Damasco es un acontecimiento capital en la evoluci\u00f3n del yihadismo y del islamismo a escala mundial\u00bb - El Grand Continent","isPartOf":{"@id":"https:\/\/legrandcontinent.eu\/es\/#website"},"primaryImageOfPage":{"@id":"https:\/\/legrandcontinent.eu\/es\/2024\/12\/12\/la-toma-de-damasco-es-un-acontecimiento-capital-en-la-evolucion-del-yihadismo-y-del-islamismo-a-escala-mundial\/#primaryimage"},"image":{"@id":"https:\/\/legrandcontinent.eu\/es\/2024\/12\/12\/la-toma-de-damasco-es-un-acontecimiento-capital-en-la-evolucion-del-yihadismo-y-del-islamismo-a-escala-mundial\/#primaryimage"},"thumbnailUrl":"https:\/\/legrandcontinent.eu\/es\/wp-content\/uploads\/sites\/6\/2024\/12\/SIPA_01187632_000033-scaled-1.jpg","datePublished":"2024-12-12T16:53:03+00:00","dateModified":"2024-12-12T16:53:06+00:00","author":{"@id":"https:\/\/legrandcontinent.eu\/es\/#\/schema\/person\/cdd782c93d4a9eda86ab19a8c01cdf5c"},"breadcrumb":{"@id":"https:\/\/legrandcontinent.eu\/es\/2024\/12\/12\/la-toma-de-damasco-es-un-acontecimiento-capital-en-la-evolucion-del-yihadismo-y-del-islamismo-a-escala-mundial\/#breadcrumb"},"inLanguage":"es","potentialAction":[{"@type":"ReadAction","target":["https:\/\/legrandcontinent.eu\/es\/2024\/12\/12\/la-toma-de-damasco-es-un-acontecimiento-capital-en-la-evolucion-del-yihadismo-y-del-islamismo-a-escala-mundial\/"]}]},{"@type":"ImageObject","inLanguage":"es","@id":"https:\/\/legrandcontinent.eu\/es\/2024\/12\/12\/la-toma-de-damasco-es-un-acontecimiento-capital-en-la-evolucion-del-yihadismo-y-del-islamismo-a-escala-mundial\/#primaryimage","url":"https:\/\/legrandcontinent.eu\/es\/wp-content\/uploads\/sites\/6\/2024\/12\/SIPA_01187632_000033-scaled-1.jpg","contentUrl":"https:\/\/legrandcontinent.eu\/es\/wp-content\/uploads\/sites\/6\/2024\/12\/SIPA_01187632_000033-scaled-1.jpg","width":2560,"height":1707,"caption":"Al Julani habla en la Mezquita Omeya de Damasco el domingo 8 de diciembre de 2024. \u00a9 Asaad al-Asaad\/SIPA"},{"@type":"BreadcrumbList","@id":"https:\/\/legrandcontinent.eu\/es\/2024\/12\/12\/la-toma-de-damasco-es-un-acontecimiento-capital-en-la-evolucion-del-yihadismo-y-del-islamismo-a-escala-mundial\/#breadcrumb","itemListElement":[{"@type":"ListItem","position":1,"name":"Home","item":"https:\/\/legrandcontinent.eu\/es\/"},{"@type":"ListItem","position":2,"name":"\u00abLa toma de Damasco es un acontecimiento capital en la evoluci\u00f3n del yihadismo y del islamismo a escala mundial\u00bb"}]},{"@type":"WebSite","@id":"https:\/\/legrandcontinent.eu\/es\/#website","url":"https:\/\/legrandcontinent.eu\/es\/","name":"El Grand Continent","description":"La escala pertinente","potentialAction":[{"@type":"SearchAction","target":{"@type":"EntryPoint","urlTemplate":"https:\/\/legrandcontinent.eu\/es\/?s={search_term_string}"},"query-input":{"@type":"PropertyValueSpecification","valueRequired":true,"valueName":"search_term_string"}}],"inLanguage":"es"},{"@type":"Person","@id":"https:\/\/legrandcontinent.eu\/es\/#\/schema\/person\/cdd782c93d4a9eda86ab19a8c01cdf5c","name":"florent","image":{"@type":"ImageObject","inLanguage":"es","@id":"https:\/\/legrandcontinent.eu\/es\/#\/schema\/person\/image\/","url":"https:\/\/secure.gravatar.com\/avatar\/0d38d78c90602daf39b309035cdac6bc?s=96&d=mm&r=g","contentUrl":"https:\/\/secure.gravatar.com\/avatar\/0d38d78c90602daf39b309035cdac6bc?s=96&d=mm&r=g","caption":"florent"}}]}},"lgc_categories":[{"id":964,"name":"HTS, al Sharaa: Siria despu\u00e9s de Asad","slug":"hts-al-julani-siria-despues-de-asad"}],"lgc_author":{"id":185,"name":"Pierre Ramond","slug":"pierre-ramond"},"feature_image_summary":{"url":"https:\/\/legrandcontinent.eu\/es\/wp-content\/uploads\/sites\/6\/2024\/12\/SIPA_01187632_000033-scaled-1.jpg","width":2560,"height":1707,"alt":""},"feature_image_cover":{"url":"https:\/\/legrandcontinent.eu\/es\/wp-content\/uploads\/sites\/6\/2024\/12\/SIPA_01187632_000033-scaled-1.jpg","width":2560,"height":1707,"alt":""},"term_position_data":null,"_links":{"self":[{"href":"https:\/\/legrandcontinent.eu\/es\/wp-json\/wp\/v2\/posts\/50647","targetHints":{"allow":["GET"]}}],"collection":[{"href":"https:\/\/legrandcontinent.eu\/es\/wp-json\/wp\/v2\/posts"}],"about":[{"href":"https:\/\/legrandcontinent.eu\/es\/wp-json\/wp\/v2\/types\/post"}],"author":[{"embeddable":true,"href":"https:\/\/legrandcontinent.eu\/es\/wp-json\/wp\/v2\/users\/1366"}],"replies":[{"embeddable":true,"href":"https:\/\/legrandcontinent.eu\/es\/wp-json\/wp\/v2\/comments?post=50647"}],"version-history":[{"count":0,"href":"https:\/\/legrandcontinent.eu\/es\/wp-json\/wp\/v2\/posts\/50647\/revisions"}],"wp:featuredmedia":[{"embeddable":true,"href":"https:\/\/legrandcontinent.eu\/es\/wp-json\/wp\/v2\/media\/50648"}],"wp:attachment":[{"href":"https:\/\/legrandcontinent.eu\/es\/wp-json\/wp\/v2\/media?parent=50647"}],"wp:term":[{"taxonomy":"category","embeddable":true,"href":"https:\/\/legrandcontinent.eu\/es\/wp-json\/wp\/v2\/categories?post=50647"},{"taxonomy":"post_tag","embeddable":true,"href":"https:\/\/legrandcontinent.eu\/es\/wp-json\/wp\/v2\/tags?post=50647"},{"taxonomy":"staff","embeddable":true,"href":"https:\/\/legrandcontinent.eu\/es\/wp-json\/wp\/v2\/staff?post=50647"},{"taxonomy":"editorial_format","embeddable":true,"href":"https:\/\/legrandcontinent.eu\/es\/wp-json\/wp\/v2\/editorial_format?post=50647"},{"taxonomy":"serie","embeddable":true,"href":"https:\/\/legrandcontinent.eu\/es\/wp-json\/wp\/v2\/serie?post=50647"},{"taxonomy":"audience","embeddable":true,"href":"https:\/\/legrandcontinent.eu\/es\/wp-json\/wp\/v2\/audience?post=50647"},{"taxonomy":"geo","embeddable":true,"href":"https:\/\/legrandcontinent.eu\/es\/wp-json\/wp\/v2\/geo?post=50647"}],"curies":[{"name":"wp","href":"https:\/\/api.w.org\/{rel}","templated":true}]}}