{"id":48129,"date":"2024-11-04T22:12:03","date_gmt":"2024-11-04T21:12:03","guid":{"rendered":"https:\/\/legrandcontinent.eu\/es\/?p=48129"},"modified":"2024-11-04T22:13:01","modified_gmt":"2024-11-04T21:13:01","slug":"moldavia-que-esconde-la-reeleccion-de-maia-sandu","status":"publish","type":"post","link":"https:\/\/legrandcontinent.eu\/es\/2024\/11\/04\/moldavia-que-esconde-la-reeleccion-de-maia-sandu\/","title":{"rendered":"Moldavia: \u00bfqu\u00e9 esconde la reelecci\u00f3n de Maia Sandu?"},"content":{"rendered":"\n<p class=\"has-drop-cap\">La <a href=\"https:\/\/legrandcontinent.eu\/es\/2024\/10\/22\/moldavia-tras-una-ajustada-victoria-en-el-referendum-sobre-la-union-el-espectro-del-sindrome-de-gorbachov\/\">secuencia electoral que acaba de terminar en Moldavia<\/a>, sumando un refer\u00e9ndum y unas elecciones presidenciales, conllevaba muchos riesgos para su titular: elegida en 2020 para priorizar las reformas internas sobre los debates geopol\u00edticos, hay que decir que la guerra de Ucrania ha transformado profundamente los planes de <a href=\"https:\/\/legrandcontinent.eu\/es\/2023\/05\/22\/la-adhesion-de-moldavia-a-la-union-es-una-cuestion-existencial-una-conversacion-con-maia-sandu\/\">Maia Sandu<\/a>. La guerra tambi\u00e9n ha obligado a su oposici\u00f3n a adaptarse a una nueva realidad en la que Moldavia est\u00e1 en primera l\u00ednea del conflicto, al haber acogido a un gran n\u00famero de refugiados ucranianos: 110 mil en la actualidad. Su futuro parece estar determinado tanto por las decisiones internas, tomadas durante las elecciones, como por el resultado de la guerra en Ucrania y los acontecimientos geopol\u00edticos, que limitan su margen de maniobra.<\/p>\n\n\n\n<p>En un contexto de dudas sobre la fuerza del mensaje europeo, esta victoria contrasta con la situaci\u00f3n en Georgia, donde el prorruso Sue\u00f1o Georgiano se mantuvo en el poder y las relaciones con la Uni\u00f3n Europea siguen siendo tensas.<\/p>\n\n\n\n<h2 class=\"wp-block-heading\">Una victoria clara pero un voto polarizado<\/h2>\n\n\n\n<p>La victoria de Maia Sandu, la candidata saliente, significa ante todo que la aspiraci\u00f3n al cambio y las ambiciones europeas persisten para una mayor\u00eda de la poblaci\u00f3n.<\/p>\n\n\n\n<p>Sin embargo, la paradoja de esta elecci\u00f3n presidencial es que la clara victoria va acompa\u00f1ada de un rechazo muy fuerte en varios segmentos de la sociedad. Tras una primera vuelta que moviliz\u00f3 al 51.4% del electorado, la segunda vuelta de las elecciones presidenciales moldavas enfrent\u00f3 el domingo 3 de noviembre a Maia Sandu (42.5%) y Alexandre Stoianoglo (26%). La primera cuesti\u00f3n se refer\u00eda a la din\u00e1mica de las transferencias de votos, en particular las relativas al candidato que qued\u00f3 en tercer lugar, Renato Usati (13.8%), que no hab\u00eda dado ninguna instrucci\u00f3n de voto para la segunda vuelta. Usati, que qued\u00f3 tercero en las elecciones presidenciales de 2020 y pidi\u00f3 el voto en segunda vuelta para Maia Sandu, present\u00f3 una plataforma populista que inclu\u00eda un ejecutivo m\u00e1s fuerte, la prohibici\u00f3n de la \u00abpropaganda LGBT\u00bb y una mayor protecci\u00f3n social. Mientras que Maia Sandu parec\u00eda tener un arrastre limitado de votos fuera de la di\u00e1spora, por lo que trat\u00f3 de atraer a parte de este electorado, Alexandre Stoianoglo pudo contar con un fuerte arrastre de los siguientes candidatos: Irina Vlah (5.4%), Victoria Fortuna (4.5%) y Vasile Tarlev (3.2%).<\/p>\n\n\n\n<p>La segunda vuelta estuvo marcada por un aumento de la participaci\u00f3n electoral \u2014un 54.3%, frente al 52.7% de la segunda vuelta de 2020\u2014 y dio la victoria a Maia Sandu con el 55.3% de los votos, es decir, algo menos de 930 mil votos, la misma cifra que en 2020, cuando fueron 943 mil votos. Esta victoria supone un alivio para los proeuropeos, dos semanas despu\u00e9s de un refer\u00e9ndum que se sald\u00f3 con una victoria del \u00abs\u00ed\u00bb a la constitucionalizaci\u00f3n de la orientaci\u00f3n europea del pa\u00eds por un margen m\u00e1s estrecho de lo esperado (50.39%). Una vez m\u00e1s, la victoria se debi\u00f3 a la implicaci\u00f3n de la di\u00e1spora: fuera de la di\u00e1spora \u2014que representa 328 mil de los 1.695 millones de votos emitidos\u2014 fue Alexander Stoianoglo quien gan\u00f3 en el propio territorio moldavo con el 51.2% de los votos. En 2020, casi el 93% de los moldavos residentes en el extranjero votaron por Maia Sandu. Otro punto digno de menci\u00f3n, se\u00f1alado por el analista Dionis Cenusa, es que entre la primera y la segunda vuelta, Maia Sandu s\u00f3lo aument\u00f3 su apoyo en 4 mil votos en territorio moldavo, mientras que Stoianoglo moviliz\u00f3 300 mil votos m\u00e1s.&nbsp;<span class='whitespace-nowrap'><span id='easy-footnote-1-48129' class='easy-footnote-margin-adjust'><\/span><span class='easy-footnote'><a href='https:\/\/legrandcontinent.eu\/es\/2024\/11\/04\/moldavia-que-esconde-la-reeleccion-de-maia-sandu\/#easy-footnote-bottom-1-48129' title='Cuenta &lt;a href=&quot;https:\/\/x.com\/DionisCenusa\/status\/1853307545273647133&quot; target=&quot;_blank&quot; rel=&quot;noreferrer noopener&quot;&gt;X de Dionis Cenu\u0219a&lt;\/a&gt;.'><sup>1<\/sup><\/a><\/span><\/span><\/p>\n\n\n\n<figure class=\"wp-block-pullquote\"><blockquote><p>Una vez m\u00e1s, la victoria vino de la mano de la di\u00e1spora.<\/p><cite>Florent Parmentier<\/cite><\/blockquote><\/figure>\n\n\n\n<p>La geograf\u00eda electoral revela divisiones bastante marcadas que podr\u00edan socavar la cohesi\u00f3n social. El sur y el norte tienden a favorecer a la izquierda pol\u00edtica moldava, tradicionalmente prorrusa, al igual que Transnistria, territorio separatista del este de Moldavia. En el sur del pa\u00eds, la regi\u00f3n aut\u00f3noma de Gaga\u00fazia vot\u00f3 en un 97% por Stoianoglo, y la vecina regi\u00f3n de Taraclia \u2014con minor\u00eda b\u00falgara\u2014 en un 94.3%. En el norte, en la regi\u00f3n de Ocnita, Stoianoglo gan\u00f3 con el 79.8%, y el 70% en la ciudad de Balti, la segunda del pa\u00eds, lo que demuestra que la divisi\u00f3n no es la misma entre la ciudad y el campo. En Transnistria, donde el n\u00famero de votantes aument\u00f3 en dos tercios entre la primera y la segunda vuelta, Stoianoglo gan\u00f3 con un 79.4%. En el conjunto de Chisinau, Maia Sandu gan\u00f3 con un 57%, pero tambi\u00e9n en el oeste (regi\u00f3n de Nisporeni, 69.3%) y en el centro (regi\u00f3n de Ialoveni, 75.5%), y por supuesto en la di\u00e1spora (82.8%).<\/p>\n\n\n<section class=\"dive print-block my-16\" style=\"background-color:;\">\n\t<div class=\"wrapper\">\n\t\t<div class=\"container mx-auto \">\n\t\t\t<div class=\"row flex flex-wrap relative pt-6 pb-16 lg:py-8\">\n\t\t\t\t<div class=\"col w-full xl:ml-1\/10\n\t\t\t\t\t md:w-2\/5 xl:w-2\/5 \t\t\t\t\t\">\n\t\t\t\t\t<a href=\"https:\/\/legrandcontinent.eu\/es\/ofiertas-new\/\" style=\"color:#0a0a0a;\" class=\"font-display font-normal text-4xl leading-9 mb-5 text-white no-underline\">\n\t\t\t\t\t\tRetrato de un mundo roto\t\t\t\t\t<\/a>\n\t\t\t\t\t\t\t\t\t\t\t<div style=\"color:#0a0a0a;\" class=\"text-base leading-none font-sans\">\n\t\t\t\t\t\t\t<p>Bajo la direcci\u00f3n de Giuliano da Empoli.<\/p>\n<p>Con contribuciones de Josep Borrell, Lea Ypi, Niall Ferguson, Timothy Garton Ash, Anu Bradford, Jean-Yves Dormagen, Aude Darnal, Branko Milanovi\u0107, Julia Cag\u00e9, Vladislav Surkov o Isabella Weber.<\/p>\n\t\t\t\t\t\t<\/div>\n\t\t\t\t\t\n\t\t\t\t\t\t\t\t\t\t\t<div class=\"mt-12 dive-list\">\n\t\t\t\t\t\t\t\t\t\t\t\t\t\t\t<a  style=\"color:#dd203c;\" class=\"no-underline block border-t border-grey-darker py-2 flex\"\n\t\t\t\t\t\t\t\t   href=\"https:\/\/legrandcontinent.eu\/shop\/es\/producto\/el-grand-continent-vol-3-retrato-de-un-mundo-roto\/\"><span class=\"font-sans font-semibold pr-4\">\u2192<\/span> Pedir el volumen<\/a>\n\t\t\t\t\t\t\t\t\t\t\t\t\t\t\t<a  style=\"color:#dd203c;\" class=\"no-underline block border-t border-grey-darker py-2 flex\"\n\t\t\t\t\t\t\t\t   href=\"https:\/\/legrandcontinent.eu\/es\/ofiertas-new\/\"><span class=\"font-sans font-semibold pr-4\">\u2192<\/span> Descubra nuestras ofertas<\/a>\n\t\t\t\t\t\t\t\t\t\t\t\t\t<\/div>\n\t\t\t\t\t\n\t\t\t\t\t\t\t\t\t\t\t<div style=\"color:#0a0a0a;\" class=\"dive-footer font-sans text-xs border-t border-grey-darker py-2 leading-4\">\n\t\t\t\t\t\t\t<p><em>Retrato de un mundo roto<\/em>, el nuevo volumen en papel del Grand Continent publicado por Arpa. Est\u00e1 disponible para <a href=\"https:\/\/legrandcontinent.eu\/shop\/es\/producto\/el-grand-continent-vol-3-retrato-de-un-mundo-roto\/\">su compra<\/a> e incluido en nuestra <a href=\"https:\/\/legrandcontinent.eu\/es\/ofiertas-new\/\">oferta de lanzamiento<\/a>.<\/p>\n\t\t\t\t\t\t<\/div>\n\t\t\t\t\t\n\t\t\t\t<\/div>\n\t\t\t\t\t\t\t\t\t\t\t\n\t\t\t\t\t\t\t<div class=\"col w-full md:w-3\/5 xl:w-2\/5  md:px-0 relative overflow-hidden mt-8 md:mt-0 macron-img\">\n\t\t\t\t\t\t\t\t<a class=\"!absolute !bg-none w-full h-full pin-t pin-l\" href=\"https:\/\/legrandcontinent.eu\/es\/ofiertas-new\/\" class=\"no-underline\">\n\t\t\t\t\t\t\t\t\t<img decoding=\"async\" style=\"object-fit: contain; width: 100%; height: 100%;\" src=\"https:\/\/legrandcontinent.eu\/es\/wp-content\/uploads\/sites\/6\/2024\/09\/mediamodifier_image-128-990x660.png\" \/>\n\t\t\t\t\t\t\t\t<\/a> \n\t\t\t\t\t\t\t<\/div>\n\n\t\t\t\t\t\t\t\t\t\t\t\t\t\t\n\t\t\t<\/div>\n\t\t<\/div>\n\t<\/div>\n<\/section>\n\n\n\n<h2 class=\"wp-block-heading\">La oposici\u00f3n Maia Sandu-Alexandre Stoianoglo, una visi\u00f3n de la justicia en juego<\/h2>\n\n\n\n<p>Frente a Maia Sandu, que lleg\u00f3 con la promesa de hacer avanzar el Estado de derecho, estaba el exfiscal general Stoianoglo, cuyo lema de campa\u00f1a era \u00abJusticia para todos\u00bb.<\/p>\n\n\n\n<p>Mientras que la personalidad de Maia Sandu es bien conocida \u2014no s\u00f3lo en Moldavia, sino ahora tambi\u00e9n en Europa, el hecho de que vaya a <a href=\"https:\/\/legrandcontinent.eu\/fr\/2023\/05\/22\/ladhesion-de-la-moldavie-a-lunion-est-une-question-existentielle-une-conversation-avec-maia-sandu\/\">ser la anfitriona de la Comunidad Pol\u00edtica Europea en 2023<\/a> ha jugado a su favor\u2014, la de Alexandre Stoianoglo lo es mucho menos. Originario de Gaga\u00fazia y abogado de formaci\u00f3n, el hasta ahora fiscal general (de 2019 a 2021) hab\u00eda sido anteriormente diputado por el Partido Democr\u00e1tico (centro-izquierda, de 2009 a 2014). En su cargo de fiscal general, hab\u00eda entrado en conflicto con Maia Sandu, criticando repetidamente la falta de resultados en los principales casos de corrupci\u00f3n, lo que provoc\u00f3 su suspensi\u00f3n y posterior destituci\u00f3n en septiembre de 2023. Por un lado, Maia Sandu deploraba la falta de avances en los grandes casos de corrupci\u00f3n, entre ellos el de los \u00abmil millones robados\u00bb, que se remontaba a 2014; por otro, Alexandre Stoianoglo se defend\u00eda reiterando el principio de la separaci\u00f3n de poderes. Stoianoglo gan\u00f3 su caso por juicio injusto ante el Tribunal Europeo de Derechos Humanos, y en octubre de 2023 se le concedi\u00f3 una indemnizaci\u00f3n de 3 600 euros. Hay que decir que la reforma judicial es uno de los grandes proyectos inacabados del primer mandato de Maia Sandu.<\/p>\n\n\n\n<p>Nominado por el partido del expresidente Dodon, Stoianoglo era por tanto una figura menos partidista y marcada que Dodon. Pudo presentarse oportunamente como la \u00abv\u00edctima\u00bb de Maia Sandu, es decir, un perfil capaz de capitalizar el descontento con el gobierno actual. Tras los resultados de la primera vuelta, los dos adversarios pudieron reunirse en un debate televisado entre las dos vueltas, el domingo 27 de octubre, sin moderador y en una tribuna neutral, despu\u00e9s de haber discutido largamente las reglas de organizaci\u00f3n. Para Maia Sandu, el objetivo era poner en valor su experiencia y evitar el efecto de un voto de sanci\u00f3n \u00abtodos contra Sandu\u00bb en el contexto de deterioro de la guerra en Ucrania. Para Stoianoglo, se trataba sobre todo de aclarar malentendidos y aparecer como un candidato cre\u00edble, capaz de encarnar el cargo presidencial. Aunque Maia Sandu goza de una imagen positiva en el extranjero \u2014una figura valiente, competente y honesta\u2014, su imagen en Moldavia se ha resentido por el ejercicio del poder. Por ejemplo, Vlad Filat, el exprimer ministro que la nombr\u00f3 ministra de Educaci\u00f3n en 2012, hace un retrato mordaz de su primer mandato: \u00abDurante cuatro a\u00f1os, Moldavia ha sido gobernada por un populismo barato, acompa\u00f1ado de bravuconadas y promesas incumplidas que esconden incompetencia y corrupci\u00f3n\u00bb.&nbsp;<span class='whitespace-nowrap'><span id='easy-footnote-2-48129' class='easy-footnote-margin-adjust'><\/span><span class='easy-footnote'><a href='https:\/\/legrandcontinent.eu\/es\/2024\/11\/04\/moldavia-que-esconde-la-reeleccion-de-maia-sandu\/#easy-footnote-bottom-2-48129' title='\u00ab&lt;a href=&quot;https:\/\/www.infotag.md\/reports-en\/779928\/&quot; target=&quot;_blank&quot; rel=&quot;noreferrer noopener&quot;&gt;Vlad Filat Summarized Results Of Maia Sandu\u2019s Presidential Mandate&amp;nbsp;: Cheap Populism, Incompetence And Corruption&lt;\/a&gt;\u00bb, Infotag, 29 de octubre de 2024.'><sup>2<\/sup><\/a><\/span><\/span> Por otra parte, el alcalde de Chisinau, Ion Ceban, que originalmente pertenec\u00eda al Partido de los Comunistas y luego al Partido de los Socialistas de la Rep\u00fablica de Moldavia, acept\u00f3 reunirse con Maia Sandu entre las dos rondas, lo que demuestra el deseo de la presidenta de ampliar el c\u00edrculo de sus aliados.<\/p>\n\n\n\n<figure class=\"wp-block-pullquote\"><blockquote><p>Stoianoglo pudo presentarse oportunamente como \u00abv\u00edctima\u00bb de Maia Sandu.<\/p><cite>Florent Parmentier<\/cite><\/blockquote><\/figure>\n\n\n\n<p>De cara a la segunda vuelta, la t\u00e1ctica de campa\u00f1a de Sandu ha cambiado. En lugar del tranquilo y lac\u00f3nico \u00abPor Moldavia\u00bb, adopt\u00f3 el eslogan m\u00e1s alarmista \u00abSalvemos Moldavia\u00bb. Mientras que, antes de la primera vuelta, el material electoral de Sandu no criticaba a los dem\u00e1s candidatos presidenciales, la campa\u00f1a entre las dos vueltas se bas\u00f3, por el contrario, principalmente en cr\u00edticas a la oposici\u00f3n y en un llamado a votarla para \u00absalvar el pa\u00eds\u00bb.&nbsp;<span class='whitespace-nowrap'><span id='easy-footnote-3-48129' class='easy-footnote-margin-adjust'><\/span><span class='easy-footnote'><a href='https:\/\/legrandcontinent.eu\/es\/2024\/11\/04\/moldavia-que-esconde-la-reeleccion-de-maia-sandu\/#easy-footnote-bottom-3-48129' title='\u00ab&lt;a href=&quot;https:\/\/newsmaker.md\/rus\/novosti\/razbor-prezidentskie-vybory-v-moldove-chego-ot-nih-zhdat\/&quot; target=&quot;_blank&quot; rel=&quot;noreferrer noopener&quot;&gt;\u0410\u043d\u0442\u0438\u0440\u0435\u0439\u0442\u0438\u043d\u0433 \u0421\u0430\u043d\u0434\u0443, \u0444\u0430\u043a\u0442\u043e\u0440 \u0423\u0441\u0430\u0442\u043e\u0433\u043e, \u0434\u0435\u043d\u044c\u0433\u0438 \u0428\u043e\u0440\u0430. \u041f\u043e\u0447\u0435\u043c\u0443 \u0432\u044b\u0431\u043e\u0440\u044b 3 \u043d\u043e\u044f\u0431\u0440\u044f \u043a\u0430\u043a \u043d\u0438\u043a\u043e\u0433\u0434\u0430 \u043d\u0435\u043f\u0440\u0435\u0434\u0441\u043a\u0430\u0437\u0443\u0435\u043c\u044b&lt;\/a&gt;\u00bb, NewsMaker.'><sup>3<\/sup><\/a><\/span><\/span> Durante esta fase, el equipo en el poder acept\u00f3 hacer campa\u00f1a \u00absin guantes blancos\u00bb, vinculando directamente a Stoianoglo con los oligarcas Veaceslav Platon e Ilan Shor. Tampoco dud\u00f3 en referirse a su oponente como un \u00abcaballo de Troya\u00bb de los intereses rusos en el debate entre las dos elecciones.<\/p>\n\n\n\n<p>Mientras que las posiciones de Maia Sandu en pol\u00edtica exterior eran bien conocidas, las de Stoianoglo no lo eran tanto, sobre todo en su relaci\u00f3n con Europa, Rusia y Ucrania. Aunque llam\u00f3 a boicotear el refer\u00e9ndum sobre la constitucionalizaci\u00f3n del objetivo de integraci\u00f3n europea, a diferencia de otros miembros de la oposici\u00f3n, declar\u00f3 tras la aprobaci\u00f3n por el Tribunal Constitucional que no se retractar\u00eda de los resultados de la votaci\u00f3n.&nbsp;<span class='whitespace-nowrap'><span id='easy-footnote-4-48129' class='easy-footnote-margin-adjust'><\/span><span class='easy-footnote'><a href='https:\/\/legrandcontinent.eu\/es\/2024\/11\/04\/moldavia-que-esconde-la-reeleccion-de-maia-sandu\/#easy-footnote-bottom-4-48129' title='\u00ab&lt;a href=&quot;https:\/\/www.infotag.md\/politics-en\/319979\/&quot; target=&quot;_blank&quot; rel=&quot;noreferrer noopener&quot;&gt;Alexandru Stoianoglo Says Results Of Referendum On European Integration Cannot Be Challenged&lt;\/a&gt;\u00bb, Infotag, 1 de noviembre de 2024.'><sup>4<\/sup><\/a><\/span><\/span> Tambi\u00e9n se ha declarado proeuropeo en varias ocasiones, comparte con Maia Sandu el hecho de que tambi\u00e9n tiene nacionalidad rumana y su programa no cuestiona la integraci\u00f3n europea. Sobre Rusia y Ucrania, conden\u00f3 la agresi\u00f3n rusa contra territorio ucraniano, pero consider\u00f3 que Moldavia no deber\u00eda haberse sumado a las sanciones antirrusas. No obstante, considera, al igual que una parte de la opini\u00f3n p\u00fablica, que la pol\u00edtica de Maia Sandu corre el riesgo de llevar al pa\u00eds a la guerra. Para los partidarios de Sandu, por el contrario, se trataba de una pol\u00edtica de equilibrio que <a href=\"https:\/\/legrandcontinent.eu\/es\/2023\/02\/13\/el-plan-de-putin-para-tomar-moldavia\/\">corr\u00eda el riesgo de hacer a Moldavia m\u00e1s vulnerable a las amenazas de Rusia<\/a>.<\/p>\n\n\n\n<h2 class=\"wp-block-heading\">Rusia, entre la influencia y la injerencia<\/h2>\n\n\n\n<p>Aunque Maia Sandu desea liberar a Moldavia de la influencia rusa, ha tenido que hacer frente a importantes injerencias durante la campa\u00f1a electoral, denunciando la noche de la primera vuelta un ataque \u00absin precedentes\u00bb a la democracia moldava.<\/p>\n\n\n\n<p>Desde la independencia, Rusia ha intentado perturbar la pol\u00edtica moldava de diversas maneras, desde m\u00e9todos suaves hasta la coacci\u00f3n. Tradicionalmente, los partidos pol\u00edticos de izquierda moldavos han podido contar con el apoyo ruso para consolidar un electorado diverso, a trav\u00e9s de diversos tipos de apoyo: financiero, simb\u00f3lico, etc. La influencia de Rusia en los c\u00edrculos econ\u00f3micos, religiosos y culturales, su presencia en Transnistria y sus medios de comunicaci\u00f3n han garantizado durante mucho tiempo a Mosc\u00fa un lugar especial, que la guerra de Ucrania ha puesto en entredicho.<\/p>\n\n\n\n<p>Haciendo campa\u00f1a sobre Europa, llegando incluso a cambiar el c\u00f3digo electoral para celebrar el refer\u00e9ndum y la primera vuelta de las elecciones el mismo d\u00eda, Maia Sandu ha llevado a cabo una pol\u00edtica decididamente opuesta a Rusia desde que lleg\u00f3 al poder. A veces es fuerte la tentaci\u00f3n de ver a Rusia detr\u00e1s de las dificultades que pueda encontrar, y no es menos cierto que Mosc\u00fa hace poco por disipar sus temores. Durante las elecciones para designar al nuevo l\u00edder de Gaga\u00fazia en mayo de 2023 o durante las elecciones locales de noviembre de 2023, cuando ilegaliz\u00f3 el partido del opositor Ilan Shor dos d\u00edas antes de la votaci\u00f3n, no dud\u00f3 en denunciar esas formas de injerencia, deplorando que no se hubiera castigado a los responsables.<\/p>\n\n\n\n<figure class=\"wp-block-pullquote\"><blockquote><p>Maia Sandu ha seguido una pol\u00edtica bastante resueltamente antirrusa desde que lleg\u00f3 al poder.<\/p><cite>Florent Parmentier<\/cite><\/blockquote><\/figure>\n\n\n\n<p><a href=\"https:\/\/legrandcontinent.eu\/es\/2024\/10\/20\/en-moldavia-unas-elecciones-importantes-para-europa\/\">Ilan Shor<\/a>, conocido inicialmente como patrocinador del club de f\u00fatbol Milsami y marido de una cantante rusa, es un pol\u00edtico moldavo nacido en Tel Aviv que estuvo implicado en el esc\u00e1ndalo de los \u00abmil millones robados\u00bb.<\/p>\n\n\n\n<p>Ha vuelto a verse implicado en un enorme esc\u00e1ndalo de compra de votos durante las elecciones presidenciales, en el que, seg\u00fan la polic\u00eda, se vieron implicadas hasta 130 mil personas. Veronica Dragalin, fiscal en jefe de la Fiscal\u00eda Anticorrupci\u00f3n, declar\u00f3 que no conoc\u00eda \u00abning\u00fan otro ejemplo de un intento tan descarado de falsificar las elecciones. Los fiscales, en colaboraci\u00f3n con la polic\u00eda, descubrieron una estafa piramidal dirigida directamente desde Rusia por un grupo propiedad del oligarca fugitivo Ilan Shor. Un Estado extranjero est\u00e1 enviando dinero para influir en las elecciones\u00bb.&nbsp;<span class='whitespace-nowrap'><span id='easy-footnote-5-48129' class='easy-footnote-margin-adjust'><\/span><span class='easy-footnote'><a href='https:\/\/legrandcontinent.eu\/es\/2024\/11\/04\/moldavia-que-esconde-la-reeleccion-de-maia-sandu\/#easy-footnote-bottom-5-48129' title='\u00ab&lt;a href=&quot;https:\/\/www.infotag.md\/rebelion-en\/319748\/&quot; target=&quot;_blank&quot; rel=&quot;noreferrer noopener&quot;&gt;Head Of Anti-Corruption Prosecutor\u2019s Office Says Investigation Into Voter Corruption Case Continues&lt;\/a&gt;\u00bb , Infotag, 23 de octubre de 2024.'><sup>5<\/sup><\/a><\/span><\/span><\/p>\n\n\n\n<p>La noche de la primera vuelta, Maia Sandu lleg\u00f3 incluso a mencionar la cifra de 300 mil, sin aportar ninguna prueba. Esta afirmaci\u00f3n es dif\u00edcil de verificar: con un total de 16 mil empleados, el Ministerio del Interior y las fuerzas del orden no disponen de recursos humanos para medir la magnitud de la corrupci\u00f3n, por no hablar de la dificultad de establecer los hechos. Sin embargo, incluso antes de las elecciones, la polic\u00eda llev\u00f3 a cabo registros entre los miembros del bloque Pobeda, controlado desde Mosc\u00fa por Ilan Shor. Tras la primera vuelta, la polic\u00eda afirm\u00f3 que se hab\u00eda enviado un total de 39 millones de d\u00f3lares de Rusia a Moldavia para sobornar a los votantes.<\/p>\n\n\n\n<p>Otro fen\u00f3meno observado el d\u00eda de los comicios fue la organizaci\u00f3n del transporte de votantes desde Rusia a Azerbaiy\u00e1n, Bielorrusia y Turqu\u00eda. Aunque la Comisi\u00f3n Electoral Central de Moldavia hab\u00eda recomendado abrir cinco colegios electorales en Rusia \u2014una reducci\u00f3n sustancial en comparaci\u00f3n con las elecciones presidenciales de 2020\u2014, s\u00f3lo se organizaron dos \u00abpor razones de seguridad\u00bb, seg\u00fan el Ministerio de Asuntos Exteriores. En realidad, es concebible que se tratara de una decisi\u00f3n pol\u00edtica destinada a reducir el peso del apoyo a los candidatos prorrusos en el conjunto de los votos. La organizaci\u00f3n del transporte est\u00e1 tipificada como delito en el art\u00edculo 181\/1 del C\u00f3digo Penal, que tipifica como delito ofrecer o proporcionar dinero, bienes, servicios u otros beneficios a un votante o simpatizante con el fin de inducirlo a ejercer o abstenerse de ejercer su derecho al voto en las elecciones, incluidas las regionales. Aunque el n\u00famero de personas implicadas sigui\u00f3 siendo relativamente peque\u00f1o, cabe pensar que ser\u00e1 una prueba para futuras elecciones, como las pr\u00f3ximas elecciones generales de 2025.<\/p>\n\n\n\n<figure class=\"wp-block-pullquote\"><blockquote><p>Tras la primera vuelta, Rusia envi\u00f3 presuntamente a Moldavia un total de 39 millones de d\u00f3lares para sobornar a los votantes.<\/p><cite>Florent Parmentier<\/cite><\/blockquote><\/figure>\n\n\n\n<p>Al t\u00e9rmino de esta secuencia electoral, el objetivo ahora para Maia Sandu es realizar cambios en el seno del gobierno, en un esp\u00edritu de apertura, para estar en orden de lucha de cara a las elecciones parlamentarias de 2025, que tendr\u00e1n lugar como muy tarde en julio.<\/p>\n\n\n\n<p>Para la oposici\u00f3n, la tarea pendiente es proponer una alternativa pol\u00edtica capaz de poner en marcha un nuevo gobierno en un contexto internacional vol\u00e1til. Una vez m\u00e1s, Moldavia tendr\u00e1 que navegar en aguas turbulentas, sin librarse de los riesgos de injerencia, a riesgo de una cohabitaci\u00f3n forzada.&nbsp;<span class='whitespace-nowrap'><span id='easy-footnote-6-48129' class='easy-footnote-margin-adjust'><\/span><span class='easy-footnote'><a href='https:\/\/legrandcontinent.eu\/es\/2024\/11\/04\/moldavia-que-esconde-la-reeleccion-de-maia-sandu\/#easy-footnote-bottom-6-48129' title='Florent Parmentier, \u00ab&lt;a href=&quot;https:\/\/www.ifri.org\/sites\/default\/files\/migrated_files\/documents\/atoms\/files\/parmentier_moldavie_mai2023.pdf&quot;&gt;Moldavie&amp;nbsp;: un syst\u00e8me politique sous tensions. Entre aspirations europ\u00e9ennes et guerre en Ukraine&lt;\/a&gt;\u00bb, IFRI, mayo de 2023.'><sup>6<\/sup><\/a><\/span><\/span><\/p>\n","protected":false},"excerpt":{"rendered":"<p>En un contexto de fuerte polarizaci\u00f3n interna y frente a las injerencias rusas, Maia Sandu gan\u00f3 finalmente la segunda vuelta de las elecciones presidenciales en Moldavia por un amplio margen, gracias sobre todo a los votos de la di\u00e1spora. Un dato clave ayuda a comprender esta situaci\u00f3n pol\u00edtica sin precedentes: mientras que su oponente moviliz\u00f3 300 mil votantes m\u00e1s en el interior del pa\u00eds entre las dos vueltas, ella s\u00f3lo ampli\u00f3 su base en territorio moldavo 4 mil votos.<\/p>\n<p>An\u00e1lisis y perspectivas del especialista Florent Parmentier.<\/p>\n","protected":false},"author":17959,"featured_media":48142,"comment_status":"closed","ping_status":"closed","sticky":false,"template":"templates\/post-studies.php","format":"standard","meta":{"_acf_changed":true,"_trash_the_other_posts":false,"_yoast_wpseo_estimated-reading-time-minutes":12,"footnotes":""},"categories":[232],"tags":[],"staff":[435],"editorial_format":[],"serie":[],"audience":[],"geo":[177],"class_list":["post-48129","post","type-post","status-publish","format-standard","hentry","category-elecciones","staff-florent-parmentier","geo-europa"],"acf":{"open_in_webview":false,"accent":false},"yoast_head":"<!-- This site is optimized with the Yoast SEO plugin v26.1.1 - https:\/\/yoast.com\/wordpress\/plugins\/seo\/ -->\n<title>Moldavia: \u00bfqu\u00e9 esconde la reelecci\u00f3n de Maia Sandu? - El Grand Continent<\/title>\n<meta name=\"robots\" content=\"index, follow, max-snippet:-1, max-image-preview:large, max-video-preview:-1\" \/>\n<link rel=\"canonical\" href=\"https:\/\/legrandcontinent.eu\/es\/2024\/11\/04\/moldavia-que-esconde-la-reeleccion-de-maia-sandu\/\" \/>\n<meta property=\"og:locale\" content=\"es_ES\" \/>\n<meta property=\"og:type\" content=\"article\" \/>\n<meta property=\"og:title\" content=\"Moldavia: \u00bfqu\u00e9 esconde la reelecci\u00f3n de Maia Sandu? - El Grand Continent\" \/>\n<meta property=\"og:description\" content=\"En un contexto de fuerte polarizaci\u00f3n interna y frente a las injerencias rusas, Maia Sandu gan\u00f3 finalmente la segunda vuelta de las elecciones presidenciales en Moldavia por un amplio margen, gracias sobre todo a los votos de la di\u00e1spora. Un dato clave ayuda a comprender esta situaci\u00f3n pol\u00edtica sin precedentes: mientras que su oponente moviliz\u00f3 300 mil votantes m\u00e1s en el interior del pa\u00eds entre las dos vueltas, ella s\u00f3lo ampli\u00f3 su base en territorio moldavo 4 mil votos.  An\u00e1lisis y perspectivas del especialista Florent Parmentier.\" \/>\n<meta property=\"og:url\" content=\"https:\/\/legrandcontinent.eu\/es\/2024\/11\/04\/moldavia-que-esconde-la-reeleccion-de-maia-sandu\/\" \/>\n<meta property=\"og:site_name\" content=\"El Grand Continent\" \/>\n<meta property=\"article:published_time\" content=\"2024-11-04T21:12:03+00:00\" \/>\n<meta property=\"article:modified_time\" content=\"2024-11-04T21:13:01+00:00\" \/>\n<meta property=\"og:image\" content=\"https:\/\/legrandcontinent.eu\/es\/wp-content\/uploads\/sites\/6\/2024\/11\/gc-elsandu-scaled.jpg\" \/>\n\t<meta property=\"og:image:width\" content=\"2560\" \/>\n\t<meta property=\"og:image:height\" content=\"1440\" \/>\n\t<meta property=\"og:image:type\" content=\"image\/jpeg\" \/>\n<meta name=\"author\" content=\"anainesfernandez\" \/>\n<meta name=\"twitter:card\" content=\"summary_large_image\" \/>\n<meta name=\"twitter:image\" content=\"https:\/\/legrandcontinent.eu\/es\/wp-content\/uploads\/sites\/6\/2024\/11\/gc-elsandu-scaled.jpg\" \/>\n<meta name=\"twitter:label1\" content=\"Escrito por\" \/>\n\t<meta name=\"twitter:data1\" content=\"anainesfernandez\" \/>\n\t<meta name=\"twitter:label2\" content=\"Tiempo de lectura\" \/>\n\t<meta name=\"twitter:data2\" content=\"12 minutos\" \/>\n<script type=\"application\/ld+json\" class=\"yoast-schema-graph\">{\"@context\":\"https:\/\/schema.org\",\"@graph\":[{\"@type\":\"WebPage\",\"@id\":\"https:\/\/legrandcontinent.eu\/es\/2024\/11\/04\/moldavia-que-esconde-la-reeleccion-de-maia-sandu\/\",\"url\":\"https:\/\/legrandcontinent.eu\/es\/2024\/11\/04\/moldavia-que-esconde-la-reeleccion-de-maia-sandu\/\",\"name\":\"Moldavia: \u00bfqu\u00e9 esconde la reelecci\u00f3n de Maia Sandu? - El Grand Continent\",\"isPartOf\":{\"@id\":\"https:\/\/legrandcontinent.eu\/es\/#website\"},\"primaryImageOfPage\":{\"@id\":\"https:\/\/legrandcontinent.eu\/es\/2024\/11\/04\/moldavia-que-esconde-la-reeleccion-de-maia-sandu\/#primaryimage\"},\"image\":{\"@id\":\"https:\/\/legrandcontinent.eu\/es\/2024\/11\/04\/moldavia-que-esconde-la-reeleccion-de-maia-sandu\/#primaryimage\"},\"thumbnailUrl\":\"https:\/\/legrandcontinent.eu\/es\/wp-content\/uploads\/sites\/6\/2024\/11\/SIPA_ap22915800_000002-scaled-1.jpg\",\"datePublished\":\"2024-11-04T21:12:03+00:00\",\"dateModified\":\"2024-11-04T21:13:01+00:00\",\"author\":{\"@id\":\"https:\/\/legrandcontinent.eu\/es\/#\/schema\/person\/570398dd8da37ba5d66dec6d242bd33c\"},\"breadcrumb\":{\"@id\":\"https:\/\/legrandcontinent.eu\/es\/2024\/11\/04\/moldavia-que-esconde-la-reeleccion-de-maia-sandu\/#breadcrumb\"},\"inLanguage\":\"es\",\"potentialAction\":[{\"@type\":\"ReadAction\",\"target\":[\"https:\/\/legrandcontinent.eu\/es\/2024\/11\/04\/moldavia-que-esconde-la-reeleccion-de-maia-sandu\/\"]}]},{\"@type\":\"ImageObject\",\"inLanguage\":\"es\",\"@id\":\"https:\/\/legrandcontinent.eu\/es\/2024\/11\/04\/moldavia-que-esconde-la-reeleccion-de-maia-sandu\/#primaryimage\",\"url\":\"https:\/\/legrandcontinent.eu\/es\/wp-content\/uploads\/sites\/6\/2024\/11\/SIPA_ap22915800_000002-scaled-1.jpg\",\"contentUrl\":\"https:\/\/legrandcontinent.eu\/es\/wp-content\/uploads\/sites\/6\/2024\/11\/SIPA_ap22915800_000002-scaled-1.jpg\",\"width\":2560,\"height\":1707,\"caption\":\"Journalists follow Moldova's President Maia Sandu after preliminary results were announced for the presidential election runoff in Chisinau, Moldova, late Sunday, Nov. 3, 2024. (AP Photo\/Vadim Ghirda)\/XVG102\/24308860528888\/\/2411040103\"},{\"@type\":\"BreadcrumbList\",\"@id\":\"https:\/\/legrandcontinent.eu\/es\/2024\/11\/04\/moldavia-que-esconde-la-reeleccion-de-maia-sandu\/#breadcrumb\",\"itemListElement\":[{\"@type\":\"ListItem\",\"position\":1,\"name\":\"Home\",\"item\":\"https:\/\/legrandcontinent.eu\/es\/\"},{\"@type\":\"ListItem\",\"position\":2,\"name\":\"Moldavia: \u00bfqu\u00e9 esconde la reelecci\u00f3n de Maia Sandu?\"}]},{\"@type\":\"WebSite\",\"@id\":\"https:\/\/legrandcontinent.eu\/es\/#website\",\"url\":\"https:\/\/legrandcontinent.eu\/es\/\",\"name\":\"El Grand Continent\",\"description\":\"La escala pertinente\",\"potentialAction\":[{\"@type\":\"SearchAction\",\"target\":{\"@type\":\"EntryPoint\",\"urlTemplate\":\"https:\/\/legrandcontinent.eu\/es\/?s={search_term_string}\"},\"query-input\":{\"@type\":\"PropertyValueSpecification\",\"valueRequired\":true,\"valueName\":\"search_term_string\"}}],\"inLanguage\":\"es\"},{\"@type\":\"Person\",\"@id\":\"https:\/\/legrandcontinent.eu\/es\/#\/schema\/person\/570398dd8da37ba5d66dec6d242bd33c\",\"name\":\"anainesfernandez\",\"image\":{\"@type\":\"ImageObject\",\"inLanguage\":\"es\",\"@id\":\"https:\/\/legrandcontinent.eu\/es\/#\/schema\/person\/image\/\",\"url\":\"https:\/\/secure.gravatar.com\/avatar\/fe25c21e6213f69a683147fabda32586?s=96&d=mm&r=g\",\"contentUrl\":\"https:\/\/secure.gravatar.com\/avatar\/fe25c21e6213f69a683147fabda32586?s=96&d=mm&r=g\",\"caption\":\"anainesfernandez\"}}]}<\/script>\n<!-- \/ Yoast SEO plugin. -->","yoast_head_json":{"title":"Moldavia: \u00bfqu\u00e9 esconde la reelecci\u00f3n de Maia Sandu? - El Grand Continent","robots":{"index":"index","follow":"follow","max-snippet":"max-snippet:-1","max-image-preview":"max-image-preview:large","max-video-preview":"max-video-preview:-1"},"canonical":"https:\/\/legrandcontinent.eu\/es\/2024\/11\/04\/moldavia-que-esconde-la-reeleccion-de-maia-sandu\/","og_locale":"es_ES","og_type":"article","og_title":"Moldavia: \u00bfqu\u00e9 esconde la reelecci\u00f3n de Maia Sandu? - El Grand Continent","og_description":"En un contexto de fuerte polarizaci\u00f3n interna y frente a las injerencias rusas, Maia Sandu gan\u00f3 finalmente la segunda vuelta de las elecciones presidenciales en Moldavia por un amplio margen, gracias sobre todo a los votos de la di\u00e1spora. Un dato clave ayuda a comprender esta situaci\u00f3n pol\u00edtica sin precedentes: mientras que su oponente moviliz\u00f3 300 mil votantes m\u00e1s en el interior del pa\u00eds entre las dos vueltas, ella s\u00f3lo ampli\u00f3 su base en territorio moldavo 4 mil votos.  An\u00e1lisis y perspectivas del especialista Florent Parmentier.","og_url":"https:\/\/legrandcontinent.eu\/es\/2024\/11\/04\/moldavia-que-esconde-la-reeleccion-de-maia-sandu\/","og_site_name":"El Grand Continent","article_published_time":"2024-11-04T21:12:03+00:00","article_modified_time":"2024-11-04T21:13:01+00:00","og_image":[{"width":2560,"height":1440,"url":"https:\/\/legrandcontinent.eu\/es\/wp-content\/uploads\/sites\/6\/2024\/11\/gc-elsandu-scaled.jpg","type":"image\/jpeg"}],"author":"anainesfernandez","twitter_card":"summary_large_image","twitter_image":"https:\/\/legrandcontinent.eu\/es\/wp-content\/uploads\/sites\/6\/2024\/11\/gc-elsandu-scaled.jpg","twitter_misc":{"Escrito por":"anainesfernandez","Tiempo de lectura":"12 minutos"},"schema":{"@context":"https:\/\/schema.org","@graph":[{"@type":"WebPage","@id":"https:\/\/legrandcontinent.eu\/es\/2024\/11\/04\/moldavia-que-esconde-la-reeleccion-de-maia-sandu\/","url":"https:\/\/legrandcontinent.eu\/es\/2024\/11\/04\/moldavia-que-esconde-la-reeleccion-de-maia-sandu\/","name":"Moldavia: \u00bfqu\u00e9 esconde la reelecci\u00f3n de Maia Sandu? - El Grand Continent","isPartOf":{"@id":"https:\/\/legrandcontinent.eu\/es\/#website"},"primaryImageOfPage":{"@id":"https:\/\/legrandcontinent.eu\/es\/2024\/11\/04\/moldavia-que-esconde-la-reeleccion-de-maia-sandu\/#primaryimage"},"image":{"@id":"https:\/\/legrandcontinent.eu\/es\/2024\/11\/04\/moldavia-que-esconde-la-reeleccion-de-maia-sandu\/#primaryimage"},"thumbnailUrl":"https:\/\/legrandcontinent.eu\/es\/wp-content\/uploads\/sites\/6\/2024\/11\/SIPA_ap22915800_000002-scaled-1.jpg","datePublished":"2024-11-04T21:12:03+00:00","dateModified":"2024-11-04T21:13:01+00:00","author":{"@id":"https:\/\/legrandcontinent.eu\/es\/#\/schema\/person\/570398dd8da37ba5d66dec6d242bd33c"},"breadcrumb":{"@id":"https:\/\/legrandcontinent.eu\/es\/2024\/11\/04\/moldavia-que-esconde-la-reeleccion-de-maia-sandu\/#breadcrumb"},"inLanguage":"es","potentialAction":[{"@type":"ReadAction","target":["https:\/\/legrandcontinent.eu\/es\/2024\/11\/04\/moldavia-que-esconde-la-reeleccion-de-maia-sandu\/"]}]},{"@type":"ImageObject","inLanguage":"es","@id":"https:\/\/legrandcontinent.eu\/es\/2024\/11\/04\/moldavia-que-esconde-la-reeleccion-de-maia-sandu\/#primaryimage","url":"https:\/\/legrandcontinent.eu\/es\/wp-content\/uploads\/sites\/6\/2024\/11\/SIPA_ap22915800_000002-scaled-1.jpg","contentUrl":"https:\/\/legrandcontinent.eu\/es\/wp-content\/uploads\/sites\/6\/2024\/11\/SIPA_ap22915800_000002-scaled-1.jpg","width":2560,"height":1707,"caption":"Journalists follow Moldova's President Maia Sandu after preliminary results were announced for the presidential election runoff in Chisinau, Moldova, late Sunday, Nov. 3, 2024. (AP Photo\/Vadim Ghirda)\/XVG102\/24308860528888\/\/2411040103"},{"@type":"BreadcrumbList","@id":"https:\/\/legrandcontinent.eu\/es\/2024\/11\/04\/moldavia-que-esconde-la-reeleccion-de-maia-sandu\/#breadcrumb","itemListElement":[{"@type":"ListItem","position":1,"name":"Home","item":"https:\/\/legrandcontinent.eu\/es\/"},{"@type":"ListItem","position":2,"name":"Moldavia: \u00bfqu\u00e9 esconde la reelecci\u00f3n de Maia Sandu?"}]},{"@type":"WebSite","@id":"https:\/\/legrandcontinent.eu\/es\/#website","url":"https:\/\/legrandcontinent.eu\/es\/","name":"El Grand Continent","description":"La escala pertinente","potentialAction":[{"@type":"SearchAction","target":{"@type":"EntryPoint","urlTemplate":"https:\/\/legrandcontinent.eu\/es\/?s={search_term_string}"},"query-input":{"@type":"PropertyValueSpecification","valueRequired":true,"valueName":"search_term_string"}}],"inLanguage":"es"},{"@type":"Person","@id":"https:\/\/legrandcontinent.eu\/es\/#\/schema\/person\/570398dd8da37ba5d66dec6d242bd33c","name":"anainesfernandez","image":{"@type":"ImageObject","inLanguage":"es","@id":"https:\/\/legrandcontinent.eu\/es\/#\/schema\/person\/image\/","url":"https:\/\/secure.gravatar.com\/avatar\/fe25c21e6213f69a683147fabda32586?s=96&d=mm&r=g","contentUrl":"https:\/\/secure.gravatar.com\/avatar\/fe25c21e6213f69a683147fabda32586?s=96&d=mm&r=g","caption":"anainesfernandez"}}]}},"lgc_categories":[{"id":232,"name":"Elecciones","slug":"elecciones"}],"lgc_author":{"id":435,"name":"Florent Parmentier","slug":"florent-parmentier"},"feature_image_summary":{"url":"https:\/\/legrandcontinent.eu\/es\/wp-content\/uploads\/sites\/6\/2024\/11\/SIPA_ap22915800_000002-scaled-1.jpg","width":2560,"height":1707,"alt":""},"feature_image_cover":{"url":"https:\/\/legrandcontinent.eu\/es\/wp-content\/uploads\/sites\/6\/2024\/11\/SIPA_ap22915800_000002-scaled-1.jpg","width":2560,"height":1707,"alt":""},"term_position_data":null,"_links":{"self":[{"href":"https:\/\/legrandcontinent.eu\/es\/wp-json\/wp\/v2\/posts\/48129","targetHints":{"allow":["GET"]}}],"collection":[{"href":"https:\/\/legrandcontinent.eu\/es\/wp-json\/wp\/v2\/posts"}],"about":[{"href":"https:\/\/legrandcontinent.eu\/es\/wp-json\/wp\/v2\/types\/post"}],"author":[{"embeddable":true,"href":"https:\/\/legrandcontinent.eu\/es\/wp-json\/wp\/v2\/users\/17959"}],"replies":[{"embeddable":true,"href":"https:\/\/legrandcontinent.eu\/es\/wp-json\/wp\/v2\/comments?post=48129"}],"version-history":[{"count":0,"href":"https:\/\/legrandcontinent.eu\/es\/wp-json\/wp\/v2\/posts\/48129\/revisions"}],"wp:featuredmedia":[{"embeddable":true,"href":"https:\/\/legrandcontinent.eu\/es\/wp-json\/wp\/v2\/media\/48142"}],"wp:attachment":[{"href":"https:\/\/legrandcontinent.eu\/es\/wp-json\/wp\/v2\/media?parent=48129"}],"wp:term":[{"taxonomy":"category","embeddable":true,"href":"https:\/\/legrandcontinent.eu\/es\/wp-json\/wp\/v2\/categories?post=48129"},{"taxonomy":"post_tag","embeddable":true,"href":"https:\/\/legrandcontinent.eu\/es\/wp-json\/wp\/v2\/tags?post=48129"},{"taxonomy":"staff","embeddable":true,"href":"https:\/\/legrandcontinent.eu\/es\/wp-json\/wp\/v2\/staff?post=48129"},{"taxonomy":"editorial_format","embeddable":true,"href":"https:\/\/legrandcontinent.eu\/es\/wp-json\/wp\/v2\/editorial_format?post=48129"},{"taxonomy":"serie","embeddable":true,"href":"https:\/\/legrandcontinent.eu\/es\/wp-json\/wp\/v2\/serie?post=48129"},{"taxonomy":"audience","embeddable":true,"href":"https:\/\/legrandcontinent.eu\/es\/wp-json\/wp\/v2\/audience?post=48129"},{"taxonomy":"geo","embeddable":true,"href":"https:\/\/legrandcontinent.eu\/es\/wp-json\/wp\/v2\/geo?post=48129"}],"curies":[{"name":"wp","href":"https:\/\/api.w.org\/{rel}","templated":true}]}}