{"id":46616,"date":"2024-10-08T19:00:00","date_gmt":"2024-10-08T17:00:00","guid":{"rendered":"https:\/\/legrandcontinent.eu\/es\/?p=46616"},"modified":"2024-10-08T18:47:13","modified_gmt":"2024-10-08T16:47:13","slug":"el-bei-y-espana-presentan-nuevas-vias-para-desbloquear-la-union-de-los-mercados-de-capitales","status":"publish","type":"post","link":"https:\/\/legrandcontinent.eu\/es\/2024\/10\/08\/el-bei-y-espana-presentan-nuevas-vias-para-desbloquear-la-union-de-los-mercados-de-capitales\/","title":{"rendered":"El BEI y Espa\u00f1a presentan nuevas v\u00edas para desbloquear la uni\u00f3n de los mercados de capitales"},"content":{"rendered":"\n<p><em>Excepcionalmente, en el marco del lanzamiento de nuestro nuevo volumen en papel\u00a0<a href=\"https:\/\/legrandcontinent.eu\/shop\/es\/producto\/el-grand-continent-vol-3-retrato-de-un-mundo-roto\/\">Retrato de un mundo roto<\/a>, todo nuestro contenido en espa\u00f1ol est\u00e1 en acceso libre y gratuito. Si quieres apoyar nuestro trabajo y puedes permit\u00edrtelo,\u00a0<a href=\"https:\/\/legrandcontinent.eu\/es\/ofiertas-new-1\/\" target=\"_blank\" rel=\"noreferrer noopener\">piensa en suscribirte al Grand Continent<\/a><\/em><\/p>\n\n\n\n<p>El Gobierno espa\u00f1ol y el Banco Europeo de Inversiones (BEI) presentaron ayer, 7 de octubre, sus planes para movilizar capital en una reuni\u00f3n de ministros de Econom\u00eda y Finanzas de la zona euro celebrada en Luxemburgo.<\/p>\n\n\n\n<ul class=\"wp-block-list\">\n<li>La propuesta del BEI se basa en un plan de dos pilares. El primero es la ampliaci\u00f3n de la Iniciativa Europea de Campeones Tecnol\u00f3gicos (European Tech Champions), creada en 2023 para proporcionar financiaci\u00f3n a empresas tecnol\u00f3gicas en fase de crecimiento. El segundo es la creaci\u00f3n de una nueva \u00abplataforma de salida\u00bb (exit platform)\u00a0que ayude a financiar la adquisici\u00f3n y cotizaci\u00f3n en bolsa de empresas tecnol\u00f3gicas de nueva creaci\u00f3n para que, una vez desarrolladas, permanezcan en Europa en vez de marcharse a zonas m\u00e1s competitivas como Estados Unidos.<\/li>\n\n\n\n<li>Seg\u00fan los an\u00e1lisis del BEI, las start-ups pueden obtener hasta cinco veces m\u00e1s fondos en Estados Unidos que en Europa, lo que conduce a su traslado o venta a un comprador extranjero de mayor envergadura. Con su propuesta, el BEI ha declarado que busca salvar la brecha de inversi\u00f3n e invertir este proceso.<\/li>\n\n\n\n<li>La Presidenta del BEI, Nadia Calvi\u00f1o, declar\u00f3 en Luxemburgo: \u00abLas empresas europeas nacidas en Europa deben permanecer en Europa\u00bb.<\/li>\n<\/ul>\n\n\n\n<div class=\"iframe-container wp-block-image wp-block-image-medium  iframe-dw\">\n\t<div>\n\t\t<iframe class=\"absolute w-full h-full pin-t pin-l\" title=\"titolo\" aria-label=\"Interactive line chart\" src=\"\/\/datawrapper.dwcdn.net\/2R02D\/\" scrolling=\"no\" frameborder=\"0\"><\/iframe>\n\t<\/div>\n<\/div>\n\n\n\n<p>Al mismo tiempo, el Ministro espa\u00f1ol de Econom\u00eda, <a href=\"https:\/\/legrandcontinent.eu\/es\/2024\/09\/19\/la-europa-omnivora-la-respuesta-de-carlos-cuerpo-al-informe-draghi\/\">Carlos Cuerpo<\/a>, present\u00f3 un plan que permite a peque\u00f1os grupos de pa\u00edses que deseen trabajar juntos crear un \u00ablaboratorio de ideas\u00bb.<\/p>\n\n\n\n<ul class=\"wp-block-list\">\n<li>La idea ser\u00eda avanzar en las discusiones en peque\u00f1os grupos, una \u00abcoalici\u00f3n de voluntarios\u00bb formada por al menos tres pa\u00edses, que podr\u00edan avanzar en lugar de esperar a acuerdos aprobados por los 27 Estados miembros. Seg\u00fan Cuerpo, un primer paso podr\u00eda ser establecer una norma europea com\u00fan para las calificaciones de las PYME. En su opini\u00f3n, esto facilitar\u00eda que las PYME recibieran financiaci\u00f3n a escala europea.<\/li>\n<\/ul>\n\n\n\n<ul class=\"wp-block-list\">\n<li>No es la primera vez que un Estado miembro lanza la idea de una \u00abcoalici\u00f3n de voluntades\u00bb. El pasado mes de febrero, el ex ministro franc\u00e9s de Econom\u00eda y Hacienda, Bruno Le Maire, sugiri\u00f3 que quienes desearan aplicar medidas susceptibles de reforzar el mercado europeo de capitales actuaran sin esperar a un acuerdo entre los Veintisiete. En aquel momento, expres\u00f3 su frustraci\u00f3n por la lentitud de los avances.<\/li>\n\n\n\n<li>En febrero, en un <em>non paper<\/em>, el Banco de los Pa\u00edses Bajos tambi\u00e9n propuso reforzar la cooperaci\u00f3n en determinados \u00e1mbitos para avanzar&nbsp;<span class='whitespace-nowrap'><span id='easy-footnote-1-46616' class='easy-footnote-margin-adjust'><\/span><span class='easy-footnote'><a href='https:\/\/legrandcontinent.eu\/es\/2024\/10\/08\/el-bei-y-espana-presentan-nuevas-vias-para-desbloquear-la-union-de-los-mercados-de-capitales\/#easy-footnote-bottom-1-46616' title='De Nederlandsche Bank,\u00a0&lt;a href=&quot;https:\/\/www.dnb.nl\/media\/yvoblmwu\/77976-2400069-dnb-brochure-kapitaalmarktunie-met-de-afm_tg-pdfa.pdf&quot;&gt;Next steps for the European Capital Markets Union (CMU), Contribution by the Dutch Authority for the Financial Markets (AFM) and De Nederlandsche Bank (DNB)&lt;\/a&gt;, 16 de febrero de 2024.'><sup>1<\/sup><\/a><\/span><\/span>.<\/li>\n<\/ul>\n\n\n\n<div class=\"iframe-container wp-block-image wp-block-image-medium  iframe-dw\">\n\t<div>\n\t\t<iframe class=\"absolute w-full h-full pin-t pin-l\" title=\"titolo\" aria-label=\"Interactive line chart\" src=\"\/\/datawrapper.dwcdn.net\/1pEvV\/\" scrolling=\"no\" frameborder=\"0\"><\/iframe>\n\t<\/div>\n<\/div>\n\n\n\n<p>Los informes de <a href=\"https:\/\/legrandcontinent.eu\/es\/2024\/04\/18\/mucho-mas-que-un-mercado\/\">Enrico Letta<\/a> y <a href=\"https:\/\/legrandcontinent.eu\/es\/category\/economia\/informe-draghi-un-debate-europeo\/\">Mario Draghi<\/a> abogan ambos por el establecimiento de una uni\u00f3n de mercados de capitales que permita a las empresas captar fondos y expandirse con el fin de estimular el crecimiento, crear empleo y mejorar la competitividad de la Uni\u00f3n.<\/p>\n\n\n\n<ul class=\"wp-block-list\">\n<li>Aunque en teor\u00eda la propuesta cuenta con un amplio apoyo, persisten las divisiones en torno a puntos clave como la cuesti\u00f3n de la europeizaci\u00f3n de las competencias de supervisi\u00f3n y vigilancia.<\/li>\n\n\n\n<li>Paschal Donohoe, Presidente del Eurogrupo y Ministro irland\u00e9s de Finanzas, se\u00f1al\u00f3 que era la segunda vez en un a\u00f1o que un pa\u00eds suger\u00eda avanzar dentro de un grupo m\u00e1s peque\u00f1o para salir del punto muerto, y dijo que reflejaba el impulso pol\u00edtico a favor de la uni\u00f3n de los mercados de capitales, pero tambi\u00e9n la frustraci\u00f3n por la falta de avances.<\/li>\n\n\n\n<li>No obstante, advirti\u00f3 del riesgo de que el mercado \u00fanico se fragmentara en caso de acuerdos a tres o cuatro bandas: \u00abFlexibilidad para unos significa fragmentaci\u00f3n para otros\u00bb. Donohoe tambi\u00e9n declar\u00f3 que la continuaci\u00f3n de las discusiones entre los 27 seguir\u00eda siendo siempre su prioridad.<\/li>\n\n\n\n<li>En marzo, en <a href=\"https:\/\/legrandcontinent.eu\/es\/2024\/03\/18\/la-union-de-los-mercados-de-capitales-y-el-futuro-de-la-eurozona-una-conversacion-exclusiva-con-paschal-donohoe-presidente-del-eurogrupo-1\/\">una entrevista al Grand Continent<\/a>, declaraba: \u00abMi papel es conseguir que los 27 nos pongamos de acuerdo sobre el m\u00e1ximo com\u00fan denominador posible, y eso es lo que hemos hecho. Si otros pa\u00edses desean seguir adelante con la cooperaci\u00f3n reforzada en un \u00e1mbito concreto, pueden hacerlo como quieran. Sin embargo, es importante no perder de vista el panorama general. El concepto de que los pa\u00edses trabajen juntos siempre ha tenido que ver con los beneficios potenciales de la supervisi\u00f3n. Sin embargo, estamos de acuerdo en otros puntos: por ejemplo, el potencial de la titulizaci\u00f3n y la facilitaci\u00f3n de la cotizaci\u00f3n de empresas europeas de tama\u00f1o medio en Europa. Estos son \u00e1mbitos en los que los 27 podemos trabajar juntos y avanzar. Es crucial no perder de vista estas oportunidades\u00bb.<\/li>\n<\/ul>\n","protected":false},"excerpt":{"rendered":"<p>El Banco Europeo de Inversiones y Madrid presentaron ayer, lunes 7 de octubre, a los ministros de Econom\u00eda y Finanzas de la zona euro reunidos en Luxemburgo nuevos instrumentos destinados a movilizar capital para las empresas europeas y cerrar la brecha de inversi\u00f3n que Europa mantiene con Estados Unidos en particular. La culminaci\u00f3n de la uni\u00f3n de los mercados de capitales es uno de los objetivos destacados por los informes Draghi y Letta, as\u00ed como por la presidenta de la Comisi\u00f3n, para quien la inversi\u00f3n ser\u00e1 una prioridad en los pr\u00f3ximos cinco a\u00f1os.<\/p>\n","protected":false},"author":1366,"featured_media":46623,"comment_status":"closed","ping_status":"","sticky":false,"template":"templates\/post-briefings.php","format":"standard","meta":{"_acf_changed":true,"_trash_the_other_posts":false,"_yoast_wpseo_estimated-reading-time-minutes":4,"footnotes":""},"categories":[5],"tags":[],"staff":[],"editorial_format":[],"serie":[],"audience":[],"geo":[177],"class_list":["post-46616","post","type-post","status-publish","format-standard","hentry","category-economia","geo-europa"],"acf":{"open_in_webview":false,"accent":false},"yoast_head":"<!-- This site is optimized with the Yoast SEO plugin v26.1.1 - https:\/\/yoast.com\/wordpress\/plugins\/seo\/ -->\n<title>El BEI y Espa\u00f1a presentan nuevas v\u00edas para desbloquear la uni\u00f3n de los mercados de capitales - El Grand Continent<\/title>\n<meta name=\"robots\" content=\"index, follow, max-snippet:-1, max-image-preview:large, max-video-preview:-1\" \/>\n<link rel=\"canonical\" href=\"https:\/\/legrandcontinent.eu\/es\/2024\/10\/08\/el-bei-y-espana-presentan-nuevas-vias-para-desbloquear-la-union-de-los-mercados-de-capitales\/\" \/>\n<meta property=\"og:locale\" content=\"es_ES\" \/>\n<meta property=\"og:type\" content=\"article\" \/>\n<meta property=\"og:title\" content=\"El BEI y Espa\u00f1a presentan nuevas v\u00edas para desbloquear la uni\u00f3n de los mercados de capitales - El Grand Continent\" \/>\n<meta property=\"og:description\" content=\"El Banco Europeo de Inversiones y Madrid presentaron ayer, lunes 7 de octubre, a los ministros de Econom\u00eda y Finanzas de la zona euro reunidos en Luxemburgo nuevos instrumentos destinados a movilizar capital para las empresas europeas y cerrar la brecha de inversi\u00f3n que Europa mantiene con Estados Unidos en particular. La culminaci\u00f3n de la uni\u00f3n de los mercados de capitales es uno de los objetivos destacados por los informes Draghi y Letta, as\u00ed como por la presidenta de la Comisi\u00f3n, para quien la inversi\u00f3n ser\u00e1 una prioridad en los pr\u00f3ximos cinco a\u00f1os.\" \/>\n<meta property=\"og:url\" content=\"https:\/\/legrandcontinent.eu\/es\/2024\/10\/08\/el-bei-y-espana-presentan-nuevas-vias-para-desbloquear-la-union-de-los-mercados-de-capitales\/\" \/>\n<meta property=\"og:site_name\" content=\"El Grand Continent\" \/>\n<meta property=\"article:published_time\" content=\"2024-10-08T17:00:00+00:00\" \/>\n<meta property=\"og:image\" content=\"https:\/\/legrandcontinent.eu\/es\/wp-content\/uploads\/sites\/6\/2024\/10\/2R02D-evoluci-n-de-la-cuota-regional-de-la-actividad-de-los-mercados-mundiales-de-capitales-entre-2016-y-2022-.png\" \/>\n\t<meta property=\"og:image:width\" content=\"1464\" \/>\n\t<meta property=\"og:image:height\" content=\"1242\" \/>\n\t<meta property=\"og:image:type\" content=\"image\/png\" \/>\n<meta name=\"author\" content=\"florent\" \/>\n<meta name=\"twitter:card\" content=\"summary_large_image\" \/>\n<meta name=\"twitter:label1\" content=\"Escrito por\" \/>\n\t<meta name=\"twitter:data1\" content=\"florent\" \/>\n\t<meta name=\"twitter:label2\" content=\"Tiempo de lectura\" \/>\n\t<meta name=\"twitter:data2\" content=\"4 minutos\" \/>\n<script type=\"application\/ld+json\" class=\"yoast-schema-graph\">{\"@context\":\"https:\/\/schema.org\",\"@graph\":[{\"@type\":\"WebPage\",\"@id\":\"https:\/\/legrandcontinent.eu\/es\/2024\/10\/08\/el-bei-y-espana-presentan-nuevas-vias-para-desbloquear-la-union-de-los-mercados-de-capitales\/\",\"url\":\"https:\/\/legrandcontinent.eu\/es\/2024\/10\/08\/el-bei-y-espana-presentan-nuevas-vias-para-desbloquear-la-union-de-los-mercados-de-capitales\/\",\"name\":\"El BEI y Espa\u00f1a presentan nuevas v\u00edas para desbloquear la uni\u00f3n de los mercados de capitales - El Grand Continent\",\"isPartOf\":{\"@id\":\"https:\/\/legrandcontinent.eu\/es\/#website\"},\"primaryImageOfPage\":{\"@id\":\"https:\/\/legrandcontinent.eu\/es\/2024\/10\/08\/el-bei-y-espana-presentan-nuevas-vias-para-desbloquear-la-union-de-los-mercados-de-capitales\/#primaryimage\"},\"image\":{\"@id\":\"https:\/\/legrandcontinent.eu\/es\/2024\/10\/08\/el-bei-y-espana-presentan-nuevas-vias-para-desbloquear-la-union-de-los-mercados-de-capitales\/#primaryimage\"},\"thumbnailUrl\":\"https:\/\/legrandcontinent.eu\/es\/wp-content\/uploads\/sites\/6\/2024\/10\/2R02D-evoluci-n-de-la-cuota-regional-de-la-actividad-de-los-mercados-mundiales-de-capitales-entre-2016-y-2022-.png\",\"datePublished\":\"2024-10-08T17:00:00+00:00\",\"author\":{\"@id\":\"https:\/\/legrandcontinent.eu\/es\/#\/schema\/person\/cdd782c93d4a9eda86ab19a8c01cdf5c\"},\"breadcrumb\":{\"@id\":\"https:\/\/legrandcontinent.eu\/es\/2024\/10\/08\/el-bei-y-espana-presentan-nuevas-vias-para-desbloquear-la-union-de-los-mercados-de-capitales\/#breadcrumb\"},\"inLanguage\":\"es\",\"potentialAction\":[{\"@type\":\"ReadAction\",\"target\":[\"https:\/\/legrandcontinent.eu\/es\/2024\/10\/08\/el-bei-y-espana-presentan-nuevas-vias-para-desbloquear-la-union-de-los-mercados-de-capitales\/\"]}]},{\"@type\":\"ImageObject\",\"inLanguage\":\"es\",\"@id\":\"https:\/\/legrandcontinent.eu\/es\/2024\/10\/08\/el-bei-y-espana-presentan-nuevas-vias-para-desbloquear-la-union-de-los-mercados-de-capitales\/#primaryimage\",\"url\":\"https:\/\/legrandcontinent.eu\/es\/wp-content\/uploads\/sites\/6\/2024\/10\/2R02D-evoluci-n-de-la-cuota-regional-de-la-actividad-de-los-mercados-mundiales-de-capitales-entre-2016-y-2022-.png\",\"contentUrl\":\"https:\/\/legrandcontinent.eu\/es\/wp-content\/uploads\/sites\/6\/2024\/10\/2R02D-evoluci-n-de-la-cuota-regional-de-la-actividad-de-los-mercados-mundiales-de-capitales-entre-2016-y-2022-.png\",\"width\":1464,\"height\":1242},{\"@type\":\"BreadcrumbList\",\"@id\":\"https:\/\/legrandcontinent.eu\/es\/2024\/10\/08\/el-bei-y-espana-presentan-nuevas-vias-para-desbloquear-la-union-de-los-mercados-de-capitales\/#breadcrumb\",\"itemListElement\":[{\"@type\":\"ListItem\",\"position\":1,\"name\":\"Home\",\"item\":\"https:\/\/legrandcontinent.eu\/es\/\"},{\"@type\":\"ListItem\",\"position\":2,\"name\":\"El BEI y Espa\u00f1a presentan nuevas v\u00edas para desbloquear la uni\u00f3n de los mercados de capitales\"}]},{\"@type\":\"WebSite\",\"@id\":\"https:\/\/legrandcontinent.eu\/es\/#website\",\"url\":\"https:\/\/legrandcontinent.eu\/es\/\",\"name\":\"El Grand Continent\",\"description\":\"La escala pertinente\",\"potentialAction\":[{\"@type\":\"SearchAction\",\"target\":{\"@type\":\"EntryPoint\",\"urlTemplate\":\"https:\/\/legrandcontinent.eu\/es\/?s={search_term_string}\"},\"query-input\":{\"@type\":\"PropertyValueSpecification\",\"valueRequired\":true,\"valueName\":\"search_term_string\"}}],\"inLanguage\":\"es\"},{\"@type\":\"Person\",\"@id\":\"https:\/\/legrandcontinent.eu\/es\/#\/schema\/person\/cdd782c93d4a9eda86ab19a8c01cdf5c\",\"name\":\"florent\",\"image\":{\"@type\":\"ImageObject\",\"inLanguage\":\"es\",\"@id\":\"https:\/\/legrandcontinent.eu\/es\/#\/schema\/person\/image\/\",\"url\":\"https:\/\/secure.gravatar.com\/avatar\/0d38d78c90602daf39b309035cdac6bc?s=96&d=mm&r=g\",\"contentUrl\":\"https:\/\/secure.gravatar.com\/avatar\/0d38d78c90602daf39b309035cdac6bc?s=96&d=mm&r=g\",\"caption\":\"florent\"}}]}<\/script>\n<!-- \/ Yoast SEO plugin. -->","yoast_head_json":{"title":"El BEI y Espa\u00f1a presentan nuevas v\u00edas para desbloquear la uni\u00f3n de los mercados de capitales - El Grand Continent","robots":{"index":"index","follow":"follow","max-snippet":"max-snippet:-1","max-image-preview":"max-image-preview:large","max-video-preview":"max-video-preview:-1"},"canonical":"https:\/\/legrandcontinent.eu\/es\/2024\/10\/08\/el-bei-y-espana-presentan-nuevas-vias-para-desbloquear-la-union-de-los-mercados-de-capitales\/","og_locale":"es_ES","og_type":"article","og_title":"El BEI y Espa\u00f1a presentan nuevas v\u00edas para desbloquear la uni\u00f3n de los mercados de capitales - El Grand Continent","og_description":"El Banco Europeo de Inversiones y Madrid presentaron ayer, lunes 7 de octubre, a los ministros de Econom\u00eda y Finanzas de la zona euro reunidos en Luxemburgo nuevos instrumentos destinados a movilizar capital para las empresas europeas y cerrar la brecha de inversi\u00f3n que Europa mantiene con Estados Unidos en particular. La culminaci\u00f3n de la uni\u00f3n de los mercados de capitales es uno de los objetivos destacados por los informes Draghi y Letta, as\u00ed como por la presidenta de la Comisi\u00f3n, para quien la inversi\u00f3n ser\u00e1 una prioridad en los pr\u00f3ximos cinco a\u00f1os.","og_url":"https:\/\/legrandcontinent.eu\/es\/2024\/10\/08\/el-bei-y-espana-presentan-nuevas-vias-para-desbloquear-la-union-de-los-mercados-de-capitales\/","og_site_name":"El Grand Continent","article_published_time":"2024-10-08T17:00:00+00:00","og_image":[{"width":1464,"height":1242,"url":"https:\/\/legrandcontinent.eu\/es\/wp-content\/uploads\/sites\/6\/2024\/10\/2R02D-evoluci-n-de-la-cuota-regional-de-la-actividad-de-los-mercados-mundiales-de-capitales-entre-2016-y-2022-.png","type":"image\/png"}],"author":"florent","twitter_card":"summary_large_image","twitter_misc":{"Escrito por":"florent","Tiempo de lectura":"4 minutos"},"schema":{"@context":"https:\/\/schema.org","@graph":[{"@type":"WebPage","@id":"https:\/\/legrandcontinent.eu\/es\/2024\/10\/08\/el-bei-y-espana-presentan-nuevas-vias-para-desbloquear-la-union-de-los-mercados-de-capitales\/","url":"https:\/\/legrandcontinent.eu\/es\/2024\/10\/08\/el-bei-y-espana-presentan-nuevas-vias-para-desbloquear-la-union-de-los-mercados-de-capitales\/","name":"El BEI y Espa\u00f1a presentan nuevas v\u00edas para desbloquear la uni\u00f3n de los mercados de capitales - El Grand Continent","isPartOf":{"@id":"https:\/\/legrandcontinent.eu\/es\/#website"},"primaryImageOfPage":{"@id":"https:\/\/legrandcontinent.eu\/es\/2024\/10\/08\/el-bei-y-espana-presentan-nuevas-vias-para-desbloquear-la-union-de-los-mercados-de-capitales\/#primaryimage"},"image":{"@id":"https:\/\/legrandcontinent.eu\/es\/2024\/10\/08\/el-bei-y-espana-presentan-nuevas-vias-para-desbloquear-la-union-de-los-mercados-de-capitales\/#primaryimage"},"thumbnailUrl":"https:\/\/legrandcontinent.eu\/es\/wp-content\/uploads\/sites\/6\/2024\/10\/2R02D-evoluci-n-de-la-cuota-regional-de-la-actividad-de-los-mercados-mundiales-de-capitales-entre-2016-y-2022-.png","datePublished":"2024-10-08T17:00:00+00:00","author":{"@id":"https:\/\/legrandcontinent.eu\/es\/#\/schema\/person\/cdd782c93d4a9eda86ab19a8c01cdf5c"},"breadcrumb":{"@id":"https:\/\/legrandcontinent.eu\/es\/2024\/10\/08\/el-bei-y-espana-presentan-nuevas-vias-para-desbloquear-la-union-de-los-mercados-de-capitales\/#breadcrumb"},"inLanguage":"es","potentialAction":[{"@type":"ReadAction","target":["https:\/\/legrandcontinent.eu\/es\/2024\/10\/08\/el-bei-y-espana-presentan-nuevas-vias-para-desbloquear-la-union-de-los-mercados-de-capitales\/"]}]},{"@type":"ImageObject","inLanguage":"es","@id":"https:\/\/legrandcontinent.eu\/es\/2024\/10\/08\/el-bei-y-espana-presentan-nuevas-vias-para-desbloquear-la-union-de-los-mercados-de-capitales\/#primaryimage","url":"https:\/\/legrandcontinent.eu\/es\/wp-content\/uploads\/sites\/6\/2024\/10\/2R02D-evoluci-n-de-la-cuota-regional-de-la-actividad-de-los-mercados-mundiales-de-capitales-entre-2016-y-2022-.png","contentUrl":"https:\/\/legrandcontinent.eu\/es\/wp-content\/uploads\/sites\/6\/2024\/10\/2R02D-evoluci-n-de-la-cuota-regional-de-la-actividad-de-los-mercados-mundiales-de-capitales-entre-2016-y-2022-.png","width":1464,"height":1242},{"@type":"BreadcrumbList","@id":"https:\/\/legrandcontinent.eu\/es\/2024\/10\/08\/el-bei-y-espana-presentan-nuevas-vias-para-desbloquear-la-union-de-los-mercados-de-capitales\/#breadcrumb","itemListElement":[{"@type":"ListItem","position":1,"name":"Home","item":"https:\/\/legrandcontinent.eu\/es\/"},{"@type":"ListItem","position":2,"name":"El BEI y Espa\u00f1a presentan nuevas v\u00edas para desbloquear la uni\u00f3n de los mercados de capitales"}]},{"@type":"WebSite","@id":"https:\/\/legrandcontinent.eu\/es\/#website","url":"https:\/\/legrandcontinent.eu\/es\/","name":"El Grand Continent","description":"La escala pertinente","potentialAction":[{"@type":"SearchAction","target":{"@type":"EntryPoint","urlTemplate":"https:\/\/legrandcontinent.eu\/es\/?s={search_term_string}"},"query-input":{"@type":"PropertyValueSpecification","valueRequired":true,"valueName":"search_term_string"}}],"inLanguage":"es"},{"@type":"Person","@id":"https:\/\/legrandcontinent.eu\/es\/#\/schema\/person\/cdd782c93d4a9eda86ab19a8c01cdf5c","name":"florent","image":{"@type":"ImageObject","inLanguage":"es","@id":"https:\/\/legrandcontinent.eu\/es\/#\/schema\/person\/image\/","url":"https:\/\/secure.gravatar.com\/avatar\/0d38d78c90602daf39b309035cdac6bc?s=96&d=mm&r=g","contentUrl":"https:\/\/secure.gravatar.com\/avatar\/0d38d78c90602daf39b309035cdac6bc?s=96&d=mm&r=g","caption":"florent"}}]}},"lgc_categories":[{"id":5,"name":"Econom\u00eda","slug":"economia"}],"lgc_author":null,"feature_image_summary":{"url":"https:\/\/legrandcontinent.eu\/es\/wp-content\/uploads\/sites\/6\/2024\/10\/2R02D-evoluci-n-de-la-cuota-regional-de-la-actividad-de-los-mercados-mundiales-de-capitales-entre-2016-y-2022-.png","width":1464,"height":1242,"alt":""},"feature_image_cover":null,"term_position_data":null,"_links":{"self":[{"href":"https:\/\/legrandcontinent.eu\/es\/wp-json\/wp\/v2\/posts\/46616","targetHints":{"allow":["GET"]}}],"collection":[{"href":"https:\/\/legrandcontinent.eu\/es\/wp-json\/wp\/v2\/posts"}],"about":[{"href":"https:\/\/legrandcontinent.eu\/es\/wp-json\/wp\/v2\/types\/post"}],"author":[{"embeddable":true,"href":"https:\/\/legrandcontinent.eu\/es\/wp-json\/wp\/v2\/users\/1366"}],"replies":[{"embeddable":true,"href":"https:\/\/legrandcontinent.eu\/es\/wp-json\/wp\/v2\/comments?post=46616"}],"version-history":[{"count":0,"href":"https:\/\/legrandcontinent.eu\/es\/wp-json\/wp\/v2\/posts\/46616\/revisions"}],"wp:featuredmedia":[{"embeddable":true,"href":"https:\/\/legrandcontinent.eu\/es\/wp-json\/wp\/v2\/media\/46623"}],"wp:attachment":[{"href":"https:\/\/legrandcontinent.eu\/es\/wp-json\/wp\/v2\/media?parent=46616"}],"wp:term":[{"taxonomy":"category","embeddable":true,"href":"https:\/\/legrandcontinent.eu\/es\/wp-json\/wp\/v2\/categories?post=46616"},{"taxonomy":"post_tag","embeddable":true,"href":"https:\/\/legrandcontinent.eu\/es\/wp-json\/wp\/v2\/tags?post=46616"},{"taxonomy":"staff","embeddable":true,"href":"https:\/\/legrandcontinent.eu\/es\/wp-json\/wp\/v2\/staff?post=46616"},{"taxonomy":"editorial_format","embeddable":true,"href":"https:\/\/legrandcontinent.eu\/es\/wp-json\/wp\/v2\/editorial_format?post=46616"},{"taxonomy":"serie","embeddable":true,"href":"https:\/\/legrandcontinent.eu\/es\/wp-json\/wp\/v2\/serie?post=46616"},{"taxonomy":"audience","embeddable":true,"href":"https:\/\/legrandcontinent.eu\/es\/wp-json\/wp\/v2\/audience?post=46616"},{"taxonomy":"geo","embeddable":true,"href":"https:\/\/legrandcontinent.eu\/es\/wp-json\/wp\/v2\/geo?post=46616"}],"curies":[{"name":"wp","href":"https:\/\/api.w.org\/{rel}","templated":true}]}}