{"id":42656,"date":"2024-08-21T16:49:18","date_gmt":"2024-08-21T14:49:18","guid":{"rendered":"https:\/\/legrandcontinent.eu\/es\/?p=42656"},"modified":"2024-08-21T16:49:20","modified_gmt":"2024-08-21T14:49:20","slug":"mas-de-un-mes-despues-de-la-dimision-del-gobierno-los-franceses-preferirian-a-gabriel-attal-o-a-jordan-bardella-como-primer-ministro","status":"publish","type":"post","link":"https:\/\/legrandcontinent.eu\/es\/2024\/08\/21\/mas-de-un-mes-despues-de-la-dimision-del-gobierno-los-franceses-preferirian-a-gabriel-attal-o-a-jordan-bardella-como-primer-ministro\/","title":{"rendered":"M\u00e1s de un mes despu\u00e9s de la dimisi\u00f3n del gobierno, los franceses preferir\u00edan a Gabriel Attal o a Jordan Bardella como Primer Ministro"},"content":{"rendered":"\n<p>Seg\u00fan un sondeo realizado entre el 19 y el 20 de agosto por Harris Interactive, la mayor\u00eda de los franceses (54%) desear\u00eda que Emmanuel Macron nombrara a un nuevo Primer Ministro en los pr\u00f3ximos d\u00edas, \u00abaunque no tenga garantizada una mayor\u00eda s\u00f3lida y el Gobierno que encabezar\u00eda pudiera ser derrocado r\u00e1pidamente\u00bb&nbsp;<span class='whitespace-nowrap'><span id='easy-footnote-1-42656' class='easy-footnote-margin-adjust'><\/span><span class='easy-footnote'><a href='https:\/\/legrandcontinent.eu\/es\/2024\/08\/21\/mas-de-un-mes-despues-de-la-dimision-del-gobierno-los-franceses-preferirian-a-gabriel-attal-o-a-jordan-bardella-como-primer-ministro\/#easy-footnote-bottom-1-42656' title='&lt;a href=&quot;https:\/\/harris-interactive.fr\/wp-content\/uploads\/sites\/6\/2024\/08\/Rapport-Toluna-Harris-Les-Francais-et-la-nomination-du-prochain-Premier-ministre.pdf&quot;&gt;Les Fran\u00e7ais et la nomination du prochain Premier ministre&lt;\/a&gt;, Harris Interactive, 21 de agosto de 2024.'><sup>1<\/sup><\/a><\/span><\/span>.<\/p>\n\n\n\n<div class=\"iframe-container wp-block-image wp-block-image-medium  iframe-dw\">\n\t<div>\n\t\t<iframe class=\"absolute w-full h-full pin-t pin-l\" title=\"titolo\" aria-label=\"Interactive line chart\" src=\"\/\/datawrapper.dwcdn.net\/NbcsT\/\" scrolling=\"no\" frameborder=\"0\"><\/iframe>\n\t<\/div>\n<\/div>\n\n\n\n<ul class=\"wp-block-list\">\n<li>Una proporci\u00f3n menor, pero significativa (39%), cree que el Presidente \u00abdeber\u00eda esperar a tener una mayor\u00eda s\u00f3lida antes de nombrar a un Primer Ministro, para evitar que el Gobierno que dirigir\u00eda sea derrocado r\u00e1pidamente\u00bb.<\/li>\n\n\n\n<li>Los partidarios de las fuerzas pol\u00edticas de izquierda y extrema derecha son los m\u00e1s favorables al nombramiento r\u00e1pido de un nuevo Jefe de Gobierno, mientras que los votantes de centro\/derecha (Ensemble, LR) son mayoritariamente partidarios de la segunda opci\u00f3n.<\/li>\n<\/ul>\n\n\n\n<p>De las 35 figuras pol\u00edticas presentadas al panel, ning\u00fan nombre destaca claramente. S\u00f3lo dos opciones obtienen m\u00e1s de un tercio de opiniones positivas: el actual Primer Ministro dimisionario Gabriel Attal (en cabeza con un 40%) y el Presidente de Reagrupaci\u00f3n Nacional Jordan Bardella (39%).<\/p>\n\n\n\n<div class=\"iframe-container wp-block-image wp-block-image-medium  iframe-dw\">\n\t<div>\n\t\t<iframe class=\"absolute w-full h-full pin-t pin-l\" title=\"titolo\" aria-label=\"Interactive line chart\" src=\"\/\/datawrapper.dwcdn.net\/LcZ2J\/\" scrolling=\"no\" frameborder=\"0\"><\/iframe>\n\t<\/div>\n<\/div>\n\n\n\n<ul class=\"wp-block-list\">\n<li>Lucie Castets, apoyada por el Nuevo Frente Popular para formar un nuevo gobierno, s\u00f3lo cuenta con un 17% de opiniones favorables, lo que supone un ligero descenso (-1 punto) respecto a la anterior encuesta realizada en julio.<\/li>\n\n\n\n<li>Xavier Bertrand, Presidente del Consejo Regional de Hauts-de-France y antiguo candidato en las primarias de Los Republicanos para las elecciones presidenciales de 2022, ha progresado notablemente desde julio: 32% a favor (+6 puntos).<\/li>\n\n\n\n<li>Entre los pocos nombres que han mejorado entre julio y agosto est\u00e1n el ex diputado Beno\u00eet Hamon (20%, +3 puntos), el ex secretario general de la CFDT Laurent Berger (22%, +2 puntos), el ex presidente Fran\u00e7ois Hollande (26%, +1 punto) y el ex ministro Jean-Fran\u00e7ois Cop\u00e9 (20%, +1 punto).<\/li>\n<\/ul>\n\n\n\n<div class=\"iframe-container wp-block-image wp-block-image-medium  iframe-dw\">\n\t<div>\n\t\t<iframe class=\"absolute w-full h-full pin-t pin-l\" title=\"titolo\" aria-label=\"Interactive line chart\" src=\"\/\/datawrapper.dwcdn.net\/tbfm5\/\" scrolling=\"no\" frameborder=\"0\"><\/iframe>\n\t<\/div>\n<\/div>\n\n\n\n<p>Este sondeo pone de relieve la escasa notoriedad p\u00fablica de los candidatos a Primer Ministro presentados por el Nuevo Frente Popular o por los l\u00edderes de los partidos miembros de la coalici\u00f3n.<\/p>\n\n\n\n<ul class=\"wp-block-list\">\n<li>Por ejemplo, el 40% de los encuestados dicen \u00abno saber lo suficiente\u00bb sobre Lucie Castets para decir si ser\u00eda o no una buena Primera Ministra, el 48% sobre Laurence Tubiana (cuya candidatura se plante\u00f3 en julio) y el 59% sobre Huguette Bello (propuesta unos d\u00edas antes por el Partido Comunista con el apoyo de La France Insoumise).<\/li>\n<\/ul>\n","protected":false},"excerpt":{"rendered":"<p>M\u00e1s de un mes despu\u00e9s de la dimisi\u00f3n de Gabriel Attal, la mayor\u00eda de los franceses no apoya a ning\u00fan candidato para formar un nuevo gobierno, seg\u00fan un sondeo de Harris Interactive encargado por Challenges y publicado el mi\u00e9rcoles 21 de agosto. Los nombres propuestos por el Nuevo Frente Popular parecen sufrir una importante falta de apoyo p\u00fablico.<\/p>\n","protected":false},"author":1366,"featured_media":42655,"comment_status":"closed","ping_status":"closed","sticky":false,"template":"templates\/post-briefings.php","format":"standard","meta":{"_acf_changed":true,"_trash_the_other_posts":false,"_yoast_wpseo_estimated-reading-time-minutes":2,"footnotes":""},"categories":[6],"tags":[],"staff":[],"editorial_format":[],"serie":[],"audience":[],"geo":[177],"class_list":["post-42656","post","type-post","status-publish","format-standard","hentry","category-politica","geo-europa"],"acf":{"open_in_webview":false,"accent":false,"_thumbnail_id":42655,"excerpt":"M\u00e1s de un mes despu\u00e9s de la dimisi\u00f3n de Gabriel Attal, la mayor\u00eda de los franceses no apoya a ning\u00fan candidato para formar un nuevo gobierno, seg\u00fan un sondeo de Harris Interactive encargado por Challenges y publicado el mi\u00e9rcoles 21 de agosto. Los nombres propuestos por el Nuevo Frente Popular parecen sufrir una importante falta de apoyo p\u00fablico.","display_date":"","new_abstract":true},"yoast_head":"<!-- This site is optimized with the Yoast SEO plugin v26.1.1 - https:\/\/yoast.com\/wordpress\/plugins\/seo\/ -->\n<title>M\u00e1s de un mes despu\u00e9s de la dimisi\u00f3n del gobierno, los franceses preferir\u00edan a Gabriel Attal o a Jordan Bardella como Primer Ministro - El Grand Continent<\/title>\n<meta name=\"robots\" content=\"index, follow, max-snippet:-1, max-image-preview:large, max-video-preview:-1\" \/>\n<link rel=\"canonical\" href=\"https:\/\/legrandcontinent.eu\/es\/2024\/08\/21\/mas-de-un-mes-despues-de-la-dimision-del-gobierno-los-franceses-preferirian-a-gabriel-attal-o-a-jordan-bardella-como-primer-ministro\/\" \/>\n<meta property=\"og:locale\" content=\"es_ES\" \/>\n<meta property=\"og:type\" content=\"article\" \/>\n<meta property=\"og:title\" content=\"M\u00e1s de un mes despu\u00e9s de la dimisi\u00f3n del gobierno, los franceses preferir\u00edan a Gabriel Attal o a Jordan Bardella como Primer Ministro - El Grand Continent\" \/>\n<meta property=\"og:description\" content=\"M\u00e1s de un mes despu\u00e9s de la dimisi\u00f3n de Gabriel Attal, la mayor\u00eda de los franceses no apoya a ning\u00fan candidato para formar un nuevo gobierno, seg\u00fan un sondeo de Harris Interactive encargado por Challenges y publicado el mi\u00e9rcoles 21 de agosto. Los nombres propuestos por el Nuevo Frente Popular parecen sufrir una importante falta de apoyo p\u00fablico.\" \/>\n<meta property=\"og:url\" content=\"https:\/\/legrandcontinent.eu\/es\/2024\/08\/21\/mas-de-un-mes-despues-de-la-dimision-del-gobierno-los-franceses-preferirian-a-gabriel-attal-o-a-jordan-bardella-como-primer-ministro\/\" \/>\n<meta property=\"og:site_name\" content=\"El Grand Continent\" \/>\n<meta property=\"article:published_time\" content=\"2024-08-21T14:49:18+00:00\" \/>\n<meta property=\"article:modified_time\" content=\"2024-08-21T14:49:20+00:00\" \/>\n<meta property=\"og:image\" content=\"https:\/\/legrandcontinent.eu\/es\/wp-content\/uploads\/sites\/2\/2024\/08\/gc-bardella-attal-premier-ministre.jpg\" \/>\n\t<meta property=\"og:image:width\" content=\"1906\" \/>\n\t<meta property=\"og:image:height\" content=\"1074\" \/>\n\t<meta property=\"og:image:type\" content=\"image\/jpeg\" \/>\n<meta name=\"author\" content=\"florent\" \/>\n<meta name=\"twitter:card\" content=\"summary_large_image\" \/>\n<meta name=\"twitter:label1\" content=\"Escrito por\" \/>\n\t<meta name=\"twitter:data1\" content=\"florent\" \/>\n\t<meta name=\"twitter:label2\" content=\"Tiempo de lectura\" \/>\n\t<meta name=\"twitter:data2\" content=\"2 minutos\" \/>\n<script type=\"application\/ld+json\" class=\"yoast-schema-graph\">{\"@context\":\"https:\/\/schema.org\",\"@graph\":[{\"@type\":\"WebPage\",\"@id\":\"https:\/\/legrandcontinent.eu\/es\/2024\/08\/21\/mas-de-un-mes-despues-de-la-dimision-del-gobierno-los-franceses-preferirian-a-gabriel-attal-o-a-jordan-bardella-como-primer-ministro\/\",\"url\":\"https:\/\/legrandcontinent.eu\/es\/2024\/08\/21\/mas-de-un-mes-despues-de-la-dimision-del-gobierno-los-franceses-preferirian-a-gabriel-attal-o-a-jordan-bardella-como-primer-ministro\/\",\"name\":\"M\u00e1s de un mes despu\u00e9s de la dimisi\u00f3n del gobierno, los franceses preferir\u00edan a Gabriel Attal o a Jordan Bardella como Primer Ministro - El Grand Continent\",\"isPartOf\":{\"@id\":\"https:\/\/legrandcontinent.eu\/es\/#website\"},\"primaryImageOfPage\":{\"@id\":\"https:\/\/legrandcontinent.eu\/es\/2024\/08\/21\/mas-de-un-mes-despues-de-la-dimision-del-gobierno-los-franceses-preferirian-a-gabriel-attal-o-a-jordan-bardella-como-primer-ministro\/#primaryimage\"},\"image\":{\"@id\":\"https:\/\/legrandcontinent.eu\/es\/2024\/08\/21\/mas-de-un-mes-despues-de-la-dimision-del-gobierno-los-franceses-preferirian-a-gabriel-attal-o-a-jordan-bardella-como-primer-ministro\/#primaryimage\"},\"thumbnailUrl\":\"https:\/\/legrandcontinent.eu\/es\/wp-content\/uploads\/sites\/2\/2024\/08\/gc-bardella-attal-premier-ministre.jpg\",\"datePublished\":\"2024-08-21T14:49:18+00:00\",\"dateModified\":\"2024-08-21T14:49:20+00:00\",\"author\":{\"@id\":\"https:\/\/legrandcontinent.eu\/es\/#\/schema\/person\/cdd782c93d4a9eda86ab19a8c01cdf5c\"},\"breadcrumb\":{\"@id\":\"https:\/\/legrandcontinent.eu\/es\/2024\/08\/21\/mas-de-un-mes-despues-de-la-dimision-del-gobierno-los-franceses-preferirian-a-gabriel-attal-o-a-jordan-bardella-como-primer-ministro\/#breadcrumb\"},\"inLanguage\":\"es\",\"potentialAction\":[{\"@type\":\"ReadAction\",\"target\":[\"https:\/\/legrandcontinent.eu\/es\/2024\/08\/21\/mas-de-un-mes-despues-de-la-dimision-del-gobierno-los-franceses-preferirian-a-gabriel-attal-o-a-jordan-bardella-como-primer-ministro\/\"]}]},{\"@type\":\"ImageObject\",\"inLanguage\":\"es\",\"@id\":\"https:\/\/legrandcontinent.eu\/es\/2024\/08\/21\/mas-de-un-mes-despues-de-la-dimision-del-gobierno-los-franceses-preferirian-a-gabriel-attal-o-a-jordan-bardella-como-primer-ministro\/#primaryimage\",\"url\":\"https:\/\/legrandcontinent.eu\/es\/wp-content\/uploads\/sites\/2\/2024\/08\/gc-bardella-attal-premier-ministre.jpg\",\"contentUrl\":\"https:\/\/legrandcontinent.eu\/es\/wp-content\/uploads\/sites\/2\/2024\/08\/gc-bardella-attal-premier-ministre.jpg\",\"width\":1906,\"height\":1074},{\"@type\":\"BreadcrumbList\",\"@id\":\"https:\/\/legrandcontinent.eu\/es\/2024\/08\/21\/mas-de-un-mes-despues-de-la-dimision-del-gobierno-los-franceses-preferirian-a-gabriel-attal-o-a-jordan-bardella-como-primer-ministro\/#breadcrumb\",\"itemListElement\":[{\"@type\":\"ListItem\",\"position\":1,\"name\":\"Home\",\"item\":\"https:\/\/legrandcontinent.eu\/es\/\"},{\"@type\":\"ListItem\",\"position\":2,\"name\":\"M\u00e1s de un mes despu\u00e9s de la dimisi\u00f3n del gobierno, los franceses preferir\u00edan a Gabriel Attal o a Jordan Bardella como Primer Ministro\"}]},{\"@type\":\"WebSite\",\"@id\":\"https:\/\/legrandcontinent.eu\/es\/#website\",\"url\":\"https:\/\/legrandcontinent.eu\/es\/\",\"name\":\"El Grand Continent\",\"description\":\"La escala pertinente\",\"potentialAction\":[{\"@type\":\"SearchAction\",\"target\":{\"@type\":\"EntryPoint\",\"urlTemplate\":\"https:\/\/legrandcontinent.eu\/es\/?s={search_term_string}\"},\"query-input\":{\"@type\":\"PropertyValueSpecification\",\"valueRequired\":true,\"valueName\":\"search_term_string\"}}],\"inLanguage\":\"es\"},{\"@type\":\"Person\",\"@id\":\"https:\/\/legrandcontinent.eu\/es\/#\/schema\/person\/cdd782c93d4a9eda86ab19a8c01cdf5c\",\"name\":\"florent\",\"image\":{\"@type\":\"ImageObject\",\"inLanguage\":\"es\",\"@id\":\"https:\/\/legrandcontinent.eu\/es\/#\/schema\/person\/image\/\",\"url\":\"https:\/\/secure.gravatar.com\/avatar\/0d38d78c90602daf39b309035cdac6bc?s=96&d=mm&r=g\",\"contentUrl\":\"https:\/\/secure.gravatar.com\/avatar\/0d38d78c90602daf39b309035cdac6bc?s=96&d=mm&r=g\",\"caption\":\"florent\"}}]}<\/script>\n<!-- \/ Yoast SEO plugin. -->","yoast_head_json":{"title":"M\u00e1s de un mes despu\u00e9s de la dimisi\u00f3n del gobierno, los franceses preferir\u00edan a Gabriel Attal o a Jordan Bardella como Primer Ministro - El Grand Continent","robots":{"index":"index","follow":"follow","max-snippet":"max-snippet:-1","max-image-preview":"max-image-preview:large","max-video-preview":"max-video-preview:-1"},"canonical":"https:\/\/legrandcontinent.eu\/es\/2024\/08\/21\/mas-de-un-mes-despues-de-la-dimision-del-gobierno-los-franceses-preferirian-a-gabriel-attal-o-a-jordan-bardella-como-primer-ministro\/","og_locale":"es_ES","og_type":"article","og_title":"M\u00e1s de un mes despu\u00e9s de la dimisi\u00f3n del gobierno, los franceses preferir\u00edan a Gabriel Attal o a Jordan Bardella como Primer Ministro - El Grand Continent","og_description":"M\u00e1s de un mes despu\u00e9s de la dimisi\u00f3n de Gabriel Attal, la mayor\u00eda de los franceses no apoya a ning\u00fan candidato para formar un nuevo gobierno, seg\u00fan un sondeo de Harris Interactive encargado por Challenges y publicado el mi\u00e9rcoles 21 de agosto. Los nombres propuestos por el Nuevo Frente Popular parecen sufrir una importante falta de apoyo p\u00fablico.","og_url":"https:\/\/legrandcontinent.eu\/es\/2024\/08\/21\/mas-de-un-mes-despues-de-la-dimision-del-gobierno-los-franceses-preferirian-a-gabriel-attal-o-a-jordan-bardella-como-primer-ministro\/","og_site_name":"El Grand Continent","article_published_time":"2024-08-21T14:49:18+00:00","article_modified_time":"2024-08-21T14:49:20+00:00","og_image":[{"width":1906,"height":1074,"url":"https:\/\/legrandcontinent.eu\/es\/wp-content\/uploads\/sites\/2\/2024\/08\/gc-bardella-attal-premier-ministre.jpg","type":"image\/jpeg"}],"author":"florent","twitter_card":"summary_large_image","twitter_misc":{"Escrito por":"florent","Tiempo de lectura":"2 minutos"},"schema":{"@context":"https:\/\/schema.org","@graph":[{"@type":"WebPage","@id":"https:\/\/legrandcontinent.eu\/es\/2024\/08\/21\/mas-de-un-mes-despues-de-la-dimision-del-gobierno-los-franceses-preferirian-a-gabriel-attal-o-a-jordan-bardella-como-primer-ministro\/","url":"https:\/\/legrandcontinent.eu\/es\/2024\/08\/21\/mas-de-un-mes-despues-de-la-dimision-del-gobierno-los-franceses-preferirian-a-gabriel-attal-o-a-jordan-bardella-como-primer-ministro\/","name":"M\u00e1s de un mes despu\u00e9s de la dimisi\u00f3n del gobierno, los franceses preferir\u00edan a Gabriel Attal o a Jordan Bardella como Primer Ministro - El Grand Continent","isPartOf":{"@id":"https:\/\/legrandcontinent.eu\/es\/#website"},"primaryImageOfPage":{"@id":"https:\/\/legrandcontinent.eu\/es\/2024\/08\/21\/mas-de-un-mes-despues-de-la-dimision-del-gobierno-los-franceses-preferirian-a-gabriel-attal-o-a-jordan-bardella-como-primer-ministro\/#primaryimage"},"image":{"@id":"https:\/\/legrandcontinent.eu\/es\/2024\/08\/21\/mas-de-un-mes-despues-de-la-dimision-del-gobierno-los-franceses-preferirian-a-gabriel-attal-o-a-jordan-bardella-como-primer-ministro\/#primaryimage"},"thumbnailUrl":"https:\/\/legrandcontinent.eu\/es\/wp-content\/uploads\/sites\/2\/2024\/08\/gc-bardella-attal-premier-ministre.jpg","datePublished":"2024-08-21T14:49:18+00:00","dateModified":"2024-08-21T14:49:20+00:00","author":{"@id":"https:\/\/legrandcontinent.eu\/es\/#\/schema\/person\/cdd782c93d4a9eda86ab19a8c01cdf5c"},"breadcrumb":{"@id":"https:\/\/legrandcontinent.eu\/es\/2024\/08\/21\/mas-de-un-mes-despues-de-la-dimision-del-gobierno-los-franceses-preferirian-a-gabriel-attal-o-a-jordan-bardella-como-primer-ministro\/#breadcrumb"},"inLanguage":"es","potentialAction":[{"@type":"ReadAction","target":["https:\/\/legrandcontinent.eu\/es\/2024\/08\/21\/mas-de-un-mes-despues-de-la-dimision-del-gobierno-los-franceses-preferirian-a-gabriel-attal-o-a-jordan-bardella-como-primer-ministro\/"]}]},{"@type":"ImageObject","inLanguage":"es","@id":"https:\/\/legrandcontinent.eu\/es\/2024\/08\/21\/mas-de-un-mes-despues-de-la-dimision-del-gobierno-los-franceses-preferirian-a-gabriel-attal-o-a-jordan-bardella-como-primer-ministro\/#primaryimage","url":"https:\/\/legrandcontinent.eu\/es\/wp-content\/uploads\/sites\/2\/2024\/08\/gc-bardella-attal-premier-ministre.jpg","contentUrl":"https:\/\/legrandcontinent.eu\/es\/wp-content\/uploads\/sites\/2\/2024\/08\/gc-bardella-attal-premier-ministre.jpg","width":1906,"height":1074},{"@type":"BreadcrumbList","@id":"https:\/\/legrandcontinent.eu\/es\/2024\/08\/21\/mas-de-un-mes-despues-de-la-dimision-del-gobierno-los-franceses-preferirian-a-gabriel-attal-o-a-jordan-bardella-como-primer-ministro\/#breadcrumb","itemListElement":[{"@type":"ListItem","position":1,"name":"Home","item":"https:\/\/legrandcontinent.eu\/es\/"},{"@type":"ListItem","position":2,"name":"M\u00e1s de un mes despu\u00e9s de la dimisi\u00f3n del gobierno, los franceses preferir\u00edan a Gabriel Attal o a Jordan Bardella como Primer Ministro"}]},{"@type":"WebSite","@id":"https:\/\/legrandcontinent.eu\/es\/#website","url":"https:\/\/legrandcontinent.eu\/es\/","name":"El Grand Continent","description":"La escala pertinente","potentialAction":[{"@type":"SearchAction","target":{"@type":"EntryPoint","urlTemplate":"https:\/\/legrandcontinent.eu\/es\/?s={search_term_string}"},"query-input":{"@type":"PropertyValueSpecification","valueRequired":true,"valueName":"search_term_string"}}],"inLanguage":"es"},{"@type":"Person","@id":"https:\/\/legrandcontinent.eu\/es\/#\/schema\/person\/cdd782c93d4a9eda86ab19a8c01cdf5c","name":"florent","image":{"@type":"ImageObject","inLanguage":"es","@id":"https:\/\/legrandcontinent.eu\/es\/#\/schema\/person\/image\/","url":"https:\/\/secure.gravatar.com\/avatar\/0d38d78c90602daf39b309035cdac6bc?s=96&d=mm&r=g","contentUrl":"https:\/\/secure.gravatar.com\/avatar\/0d38d78c90602daf39b309035cdac6bc?s=96&d=mm&r=g","caption":"florent"}}]}},"lgc_categories":[{"id":6,"name":"Pol\u00edtica","slug":"politica"}],"lgc_author":null,"feature_image_summary":{"url":"https:\/\/legrandcontinent.eu\/es\/wp-content\/uploads\/sites\/2\/2024\/08\/gc-bardella-attal-premier-ministre.jpg","width":1906,"height":1074,"alt":""},"feature_image_cover":null,"term_position_data":null,"_links":{"self":[{"href":"https:\/\/legrandcontinent.eu\/es\/wp-json\/wp\/v2\/posts\/42656","targetHints":{"allow":["GET"]}}],"collection":[{"href":"https:\/\/legrandcontinent.eu\/es\/wp-json\/wp\/v2\/posts"}],"about":[{"href":"https:\/\/legrandcontinent.eu\/es\/wp-json\/wp\/v2\/types\/post"}],"author":[{"embeddable":true,"href":"https:\/\/legrandcontinent.eu\/es\/wp-json\/wp\/v2\/users\/1366"}],"replies":[{"embeddable":true,"href":"https:\/\/legrandcontinent.eu\/es\/wp-json\/wp\/v2\/comments?post=42656"}],"version-history":[{"count":0,"href":"https:\/\/legrandcontinent.eu\/es\/wp-json\/wp\/v2\/posts\/42656\/revisions"}],"wp:featuredmedia":[{"embeddable":true,"href":"https:\/\/legrandcontinent.eu\/es\/wp-json\/wp\/v2\/media\/42655"}],"wp:attachment":[{"href":"https:\/\/legrandcontinent.eu\/es\/wp-json\/wp\/v2\/media?parent=42656"}],"wp:term":[{"taxonomy":"category","embeddable":true,"href":"https:\/\/legrandcontinent.eu\/es\/wp-json\/wp\/v2\/categories?post=42656"},{"taxonomy":"post_tag","embeddable":true,"href":"https:\/\/legrandcontinent.eu\/es\/wp-json\/wp\/v2\/tags?post=42656"},{"taxonomy":"staff","embeddable":true,"href":"https:\/\/legrandcontinent.eu\/es\/wp-json\/wp\/v2\/staff?post=42656"},{"taxonomy":"editorial_format","embeddable":true,"href":"https:\/\/legrandcontinent.eu\/es\/wp-json\/wp\/v2\/editorial_format?post=42656"},{"taxonomy":"serie","embeddable":true,"href":"https:\/\/legrandcontinent.eu\/es\/wp-json\/wp\/v2\/serie?post=42656"},{"taxonomy":"audience","embeddable":true,"href":"https:\/\/legrandcontinent.eu\/es\/wp-json\/wp\/v2\/audience?post=42656"},{"taxonomy":"geo","embeddable":true,"href":"https:\/\/legrandcontinent.eu\/es\/wp-json\/wp\/v2\/geo?post=42656"}],"curies":[{"name":"wp","href":"https:\/\/api.w.org\/{rel}","templated":true}]}}