{"id":41656,"date":"2024-08-08T14:59:00","date_gmt":"2024-08-08T12:59:00","guid":{"rendered":"https:\/\/legrandcontinent.eu\/es\/?p=41656"},"modified":"2024-08-08T18:17:44","modified_gmt":"2024-08-08T16:17:44","slug":"ucrania-prosigue-su-incursion-en-rusia-se-ha-declarado-el-estado-de-emergencia-en-la-region-rusa-de-kursk-1","status":"publish","type":"post","link":"https:\/\/legrandcontinent.eu\/es\/2024\/08\/08\/ucrania-prosigue-su-incursion-en-rusia-se-ha-declarado-el-estado-de-emergencia-en-la-region-rusa-de-kursk-1\/","title":{"rendered":"Incursi\u00f3n ucraniana en Rusia: la zona de combate en la regi\u00f3n de Kursk abarcar\u00eda m\u00e1s de 400 kil\u00f3metros cuadrados"},"content":{"rendered":"\n<p>Las fuerzas ucranianas han realizado avances confirmados de hasta diez kil\u00f3metros en el \u00f3blast ruso de Kursk, mientras contin\u00faan las operaciones ofensivas mecanizadas en territorio ruso.<\/p>\n\n\n\n<ul class=\"wp-block-list\">\n<li>Seg\u00fan el Institute for the Study of War, \u00abvarias im\u00e1genes geolocalizadas publicadas los d\u00edas 6 y 7 de agosto muestran que veh\u00edculos blindados han avanzado hasta posiciones a lo largo de la carretera 38K-030, a unos diez kil\u00f3metros de la frontera internacional\u00bb, pero no puede confirmar si se trata de veh\u00edculos ucranianos, rusos o de ambos.<\/li>\n\n\n\n<li>Seg\u00fan AFP, durante la incursi\u00f3n, el ej\u00e9rcito ucraniano logr\u00f3 derribar un helic\u00f3ptero ruso Mi-28 utilizando un dron, lo que ser\u00eda \u00abuna primicia en la historia de la guerra\u00bb.<\/li>\n\n\n\n<li>Por el momento, las fuerzas ucranianas ya han capturado al menos 40 prisioneros y al menos 11 localidades en total, combatiendo en las afueras de Korenovo (al noroeste) y Sudzha.<\/li>\n<\/ul>\n\n\n\n<div class=\"iframe-container wp-block-image wp-block-image-medium  iframe-dw\">\n\t<div>\n\t\t<iframe class=\"absolute w-full h-full pin-t pin-l\" title=\"titolo\" aria-label=\"Interactive line chart\" src=\"\/\/datawrapper.dwcdn.net\/wSxei\/\" scrolling=\"no\" frameborder=\"0\"><\/iframe>\n\t<\/div>\n<\/div>\n\n\n\n<p>El \u00f3blast de Kursk, con una superficie de unos 30.000 km2 y una poblaci\u00f3n de casi un mill\u00f3n de habitantes, limita con Ucrania.<\/p>\n\n\n\n<ul class=\"wp-block-list\">\n<li>Ocupa la parte meridional de la meseta rusa media. Su superficie es accidentada y est\u00e1 salpicada de barrancos. Se la conoce como la \u00abregi\u00f3n de la tierra negra\u00bb o \u00abChernozem\u00bb, en referencia al suelo rico en humus (Chernozem).<\/li>\n\n\n\n<li>Est\u00e1 bien comunicada log\u00edsticamente: la carretera federal M3, eje de la ruta europea 101 que une Mosc\u00fa con Kiev, pasa por este \u00f3blast, al igual que dos importantes enlaces ferroviarios, Mosc\u00fa-J\u00e1rkov y Kiev-Voronezh, actualmente paralizados.<\/li>\n<\/ul>\n\n\n\n<p>Por el momento, la reacci\u00f3n de Rusia ante este punto de inflexi\u00f3n parece ser doble.<\/p>\n\n\n\n<ul class=\"wp-block-list\">\n<li>Por un lado, el Kremlin presenta la incursi\u00f3n como una escalada por parte de Ucrania. Vladimir Putin la ha declarado una \u00abprovocaci\u00f3n a gran escala\u00bb, acusando a las tropas ucranianas de \u00abdisparar indiscriminadamente con diversos tipos de armas, incluidos cohetes, contra edificios civiles, viviendas y ambulancias\u00bb&nbsp;<span class='whitespace-nowrap'><span id='easy-footnote-1-41656' class='easy-footnote-margin-adjust'><\/span><span class='easy-footnote'><a href='https:\/\/legrandcontinent.eu\/es\/2024\/08\/08\/ucrania-prosigue-su-incursion-en-rusia-se-ha-declarado-el-estado-de-emergencia-en-la-region-rusa-de-kursk-1\/#easy-footnote-bottom-1-41656' title='\u041f\u0440\u0435\u0437\u0438\u0434\u0435\u043d\u0442 \u0420\u043e\u0441\u0441\u0438\u0438, \u00ab\u00a0&lt;a href=&quot;http:\/\/kremlin.ru\/events\/president\/news\/74717&quot; target=&quot;_blank&quot; rel=&quot;noreferrer noopener&quot;&gt;\u0421\u043e\u0432\u0435\u0449\u0430\u043d\u0438\u0435 \u0441 \u0447\u043b\u0435\u043d\u0430\u043c\u0438 \u041f\u0440\u0430\u0432\u0438\u0442\u0435\u043b\u044c\u0441\u0442\u0432\u0430&lt;\/a&gt;\u00a0\u00bb, 7 de agosto de 2024.'><sup>1<\/sup><\/a><\/span><\/span> \u2014informaci\u00f3n que no puede confirmarse por el momento\u2014.<\/li>\n\n\n\n<li>El 7 de agosto de 2024 se declar\u00f3 el estado de emergencia en el \u00f3blast de Kursk&nbsp;<span class='whitespace-nowrap'><span id='easy-footnote-2-41656' class='easy-footnote-margin-adjust'><\/span><span class='easy-footnote'><a href='https:\/\/legrandcontinent.eu\/es\/2024\/08\/08\/ucrania-prosigue-su-incursion-en-rusia-se-ha-declarado-el-estado-de-emergencia-en-la-region-rusa-de-kursk-1\/#easy-footnote-bottom-2-41656' title='&lt;em&gt;The Moscow Times&lt;\/em&gt;, \u00ab\u00a0&lt;a href=&quot;https:\/\/www.moscowtimes.ru\/2024\/08\/07\/vkurskoi-oblasti-vveli-rezhim-chs-a138898&quot;&gt;\u0412 \u041a\u0443\u0440\u0441\u043a\u043e\u0439 \u043e\u0431\u043b\u0430\u0441\u0442\u0438 \u0432\u0432\u0435\u043b\u0438 \u0440\u0435\u0436\u0438\u043c \u0427\u0421 \u043f\u043e\u0441\u043b\u0435 \u0432\u0442\u043e\u0440\u0436\u0435\u043d\u0438\u044f \u0443\u043a\u0440\u0430\u0438\u043d\u0441\u043a\u043e\u0439 \u0430\u0440\u043c\u0438\u0438&lt;\/a&gt;\u00a0\u00bb, 7 de agosto de 2024.'><sup>2<\/sup><\/a><\/span><\/span>.<\/li>\n\n\n\n<li>Por otra parte, el Kremlin no parece querer exagerar las posibles implicaciones de esta incursi\u00f3n para no exponer su \u00aboperaci\u00f3n especial\u00bb a las cr\u00edticas. Varios blogs militares rusos&nbsp;<span class='whitespace-nowrap'><span id='easy-footnote-3-41656' class='easy-footnote-margin-adjust'><\/span><span class='easy-footnote'><a href='https:\/\/legrandcontinent.eu\/es\/2024\/08\/08\/ucrania-prosigue-su-incursion-en-rusia-se-ha-declarado-el-estado-de-emergencia-en-la-region-rusa-de-kursk-1\/#easy-footnote-bottom-3-41656' title='RTVI, \u00ab\u00a0&lt;a href=&quot;https:\/\/rtvi.com\/news\/rossiya-vstala-v-raskoryaku-kto-i-kak-kritikuet-minoborony-iz-za-situaczii-na-fronte\/&quot; target=&quot;_blank&quot; rel=&quot;noreferrer noopener&quot;&gt;\u201c\u0420\u043e\u0441\u0441\u0438\u044f \u0432\u0441\u0442\u0430\u043b\u0430 \u0432 \u0440\u0430\u0441\u043a\u043e\u0440\u044f\u043a\u0443\u201d. \u041a\u0442\u043e \u0438 \u043a\u0430\u043a \u043a\u0440\u0438\u0442\u0438\u043a\u0443\u0435\u0442 \u041c\u0438\u043d\u043e\u0431\u043e\u0440\u043e\u043d\u044b \u0438\u0437-\u0437\u0430 \u0441\u0438\u0442\u0443\u0430\u0446\u0438\u0438 \u043d\u0430 \u0444\u0440\u043e\u043d\u0442\u0435&lt;\/a&gt;\u00a0\u00bb, 7 de agosto de 2024.'><sup>3<\/sup><\/a><\/span><\/span> ya han criticado con vehemencia al mando militar por no haber detectado los preparativos ni impedido las operaciones ofensivas ucranianas en el \u00f3blast de Kursk.<\/li>\n\n\n\n<li>En un intento de controlar la expresi\u00f3n p\u00fablica, Andrey Kurshin, autor de un blog ultranacionalista en Telegram&nbsp;<span class='whitespace-nowrap'><span id='easy-footnote-4-41656' class='easy-footnote-margin-adjust'><\/span><span class='easy-footnote'><a href='https:\/\/legrandcontinent.eu\/es\/2024\/08\/08\/ucrania-prosigue-su-incursion-en-rusia-se-ha-declarado-el-estado-de-emergencia-en-la-region-rusa-de-kursk-1\/#easy-footnote-bottom-4-41656' title='Canal Telegram \u00ab\u00a0&lt;a href=&quot;https:\/\/t.me\/m0sc0wcalling&quot; target=&quot;_blank&quot; rel=&quot;noreferrer noopener&quot;&gt;Moscow calling&lt;\/a&gt;\u00a0\u00bb.'><sup>4<\/sup><\/a><\/span><\/span> fue condenado a seis a\u00f1os y medio de c\u00e1rcel por publicar informaci\u00f3n \u00abfalsa\u00bb sobre el ej\u00e9rcito ruso&nbsp;<span class='whitespace-nowrap'><span id='easy-footnote-5-41656' class='easy-footnote-margin-adjust'><\/span><span class='easy-footnote'><a href='https:\/\/legrandcontinent.eu\/es\/2024\/08\/08\/ucrania-prosigue-su-incursion-en-rusia-se-ha-declarado-el-estado-de-emergencia-en-la-region-rusa-de-kursk-1\/#easy-footnote-bottom-5-41656' title='\u0420\u0430\u0434\u0438\u043e \u0421\u0432\u043e\u0431\u043e\u0434\u0430, \u00ab\u00a0&lt;a href=&quot;https:\/\/www.svoboda.org\/a\/admin-kanala-moscow-calling-poluchil-6-5-let-kolonii-po-delu-o-feykah-\/33068923.html&quot; target=&quot;_blank&quot; rel=&quot;noreferrer noopener&quot;&gt;\u0410\u0434\u043c\u0438\u043d \u043a\u0430\u043d\u0430\u043b\u0430 Moscow Calling \u043f\u043e\u043b\u0443\u0447\u0438\u043b 6,5 \u043b\u0435\u0442 \u043a\u043e\u043b\u043e\u043d\u0438\u0438 \u043f\u043e \u0434\u0435\u043b\u0443 \u043e \u00ab\u00a0\u0444\u0435\u0439\u043a\u0430\u0445\u00a0\u00bb&lt;\/a&gt;\u00a0\u00bb, 7 de agosto de 2024.'><sup>5<\/sup><\/a><\/span><\/span>.<\/li>\n<\/ul>\n\n\n\n<p>En los hechos, al abrir un nuevo frente, el ej\u00e9rcito ucraniano est\u00e1 ampliando el alcance del conflicto y efect\u00faa <a href=\"https:\/\/legrandcontinent.eu\/es\/2023\/01\/29\/que-es-una-escalada\/\">una escala horizontal<\/a>.<\/p>\n\n\n\n<ul class=\"wp-block-list\">\n<li>Las reacciones oficiales ucranianas siguen siendo limitadas por el momento. El Presidente ucraniano a\u00fan no ha comentado la incursi\u00f3n.<\/li>\n\n\n\n<li>Mykhailo Podolyak, asesor de Volod\u00edmir Zelenski, escribi\u00f3 en X (ex Twitter) que \u00abla \u00fanica raz\u00f3n de los sucesos de Kursk es la agresi\u00f3n armada rusa\u00bb y que, por tanto, Putin es \u00abel arquitecto de la autodestrucci\u00f3n de Rusia\u00bb&nbsp;<span class='whitespace-nowrap'><span id='easy-footnote-6-41656' class='easy-footnote-margin-adjust'><\/span><span class='easy-footnote'><a href='https:\/\/legrandcontinent.eu\/es\/2024\/08\/08\/ucrania-prosigue-su-incursion-en-rusia-se-ha-declarado-el-estado-de-emergencia-en-la-region-rusa-de-kursk-1\/#easy-footnote-bottom-6-41656' title='&lt;a href=&quot;https:\/\/x.com\/Podolyak_M\/status\/1821463774588527026&quot; target=&quot;_blank&quot; rel=&quot;noreferrer noopener&quot;&gt;Publicaci\u00f3n en X de Mykhailo Podolyak&lt;\/a&gt;, 8 de agosto de 2024.'><sup>6<\/sup><\/a><\/span><\/span>.<\/li>\n\n\n\n<li>Las reacciones de la sociedad civil ucraniana han sido en su mayor\u00eda positivas, pero algunos han expresado dudas sobre la viabilidad de una operaci\u00f3n de este tipo, dadas las necesidades de recursos en otras partes del frente.<\/li>\n<\/ul>\n\n\n\n<figure class=\"wp-block-embed is-type-rich is-provider-twitter wp-block-embed-twitter\"><div class=\"wp-block-embed__wrapper\">\n<blockquote class=\"twitter-tweet\" data-width=\"550\" data-dnt=\"true\"><p lang=\"en\" dir=\"ltr\">The root cause of any escalation, shelling, military actions, forced evacuations, and destruction of normal life forms, including within Rf\u2019s own territories like <a href=\"https:\/\/twitter.com\/hashtag\/Kursk?src=hash&amp;ref_src=twsrc%5Etfw\">#Kursk<\/a> and Belgorod regions, is solely Russia\u2019s unequivocal aggression. This includes attempts to seize foreign\u2026<\/p>&mdash; \u041c\u0438\u0445\u0430\u0439\u043b\u043e \u041f\u043e\u0434\u043e\u043b\u044f\u043a (@Podolyak_M) <a href=\"https:\/\/twitter.com\/Podolyak_M\/status\/1821463774588527026?ref_src=twsrc%5Etfw\">August 8, 2024<\/a><\/blockquote><script async src=\"https:\/\/platform.twitter.com\/widgets.js\" charset=\"utf-8\"><\/script>\n<\/div><\/figure>\n\n\n\n<p>En el frente ucraniano, Rusia ha logrado recientemente \u00e9xitos militares al <a href=\"https:\/\/legrandcontinent.eu\/es\/2024\/07\/22\/en-el-oblast-de-donetsk-hacia-pokrovsk-y-toretsk-esta-cediendo-el-frente-ucraniano\/\">suroeste de la ciudad de Donetsk<\/a> y en <a href=\"https:\/\/legrandcontinent.eu\/es\/2024\/08\/02\/el-ejercito-ruso-podria-estar-a-punto-de-avanzar-hacia-pokrovsk\/\">la zona fronteriza de la provincia de Donetsk-Zaporiyia<\/a>, as\u00ed como al <a href=\"https:\/\/legrandcontinent.eu\/es\/2024\/07\/22\/en-el-oblast-de-donetsk-hacia-pokrovsk-y-toretsk-esta-cediendo-el-frente-ucraniano\/\">noreste de Siversk<\/a>.<\/p>\n\n\n\n<ul class=\"wp-block-list\">\n<li>Sin embargo, las capacidades ofensivas de Rusia parecen limitadas, ya que, al parecer, las fuerzas ucranianas han logrado recientemente retomar posiciones al sur de <a href=\"https:\/\/legrandcontinent.eu\/es\/2024\/04\/17\/rusia-quiere-capturar-chassiv-yar-antes-del-9-de-mayo-segun-kiev\/\">Chassiv Yar<\/a>. Seg\u00fan la inteligencia militar ucraniana, el potencial ofensivo de Rusia est\u00e1 pr\u00f3ximo a un pico que podr\u00eda alcanzarse \u00aben un plazo de mes y medio a dos meses\u00bb&nbsp;<span class='whitespace-nowrap'><span id='easy-footnote-7-41656' class='easy-footnote-margin-adjust'><\/span><span class='easy-footnote'><a href='https:\/\/legrandcontinent.eu\/es\/2024\/08\/08\/ucrania-prosigue-su-incursion-en-rusia-se-ha-declarado-el-estado-de-emergencia-en-la-region-rusa-de-kursk-1\/#easy-footnote-bottom-7-41656' title='\u042e\u043b\u0456\u044f \u0417\u0430\u0445\u0430\u0440\u0447\u0435\u043d\u043a\u043e, \u00ab\u00a0&lt;a href=&quot;https:\/\/fakty.com.ua\/ua\/ukraine\/20240807-nastup-armiyi-rf-zatyagnuvsya-ale-osnovnyj-tysk-za-pivtora-dva-misyaczi-maye-zavershytysya-budanov\/&quot; target=&quot;_blank&quot; rel=&quot;noreferrer noopener&quot;&gt;\u041d\u0430\u0441\u0442\u0443\u043f \u0430\u0440\u043c\u0456\u0457 \u0420\u0424 \u0437\u0430\u0442\u044f\u0433\u043d\u0443\u0432\u0441\u044f, \u0430\u043b\u0435 \u043e\u0441\u043d\u043e\u0432\u043d\u0438\u0439 \u0442\u0438\u0441\u043a \u0437\u0430 \u043f\u0456\u0432\u0442\u043e\u0440\u0430-\u0434\u0432\u0430 \u043c\u0456\u0441\u044f\u0446\u0456 \u043c\u0430\u0454 \u0437\u0430\u0432\u0435\u0440\u0448\u0438\u0442\u0438\u0441\u044f \u2013 \u0411\u0443\u0434\u0430\u043d\u043e\u0432&lt;\/a&gt;&lt;a href=&quot;https:\/\/www.svoboda.org\/a\/admin-kanala-moscow-calling-poluchil-6-5-let-kolonii-po-delu-o-feykah-\/33068923.html&quot;&gt;\u00a0&lt;\/a&gt;\u00a0\u00bb,\u00a0&lt;em&gt;\u0424\u0430\u043a\u0442\u0438 ICTV&lt;\/em&gt;, 7 de agosto de 2024.'><sup>7<\/sup><\/a><\/span><\/span>.<\/li>\n\n\n\n<li>Esta incursi\u00f3n podr\u00eda considerarse una maniobra destinada a reducir la presi\u00f3n de las tropas rusas sobre el Donbass, desviando la atenci\u00f3n de sus avances y ralentiz\u00e1ndolos.<\/li>\n<\/ul>\n\n\n\n<p>Desde la invasi\u00f3n a gran escala de Ucrania, se han producido varias incursiones y ataques en territorio ruso:<\/p>\n\n\n\n<ul class=\"wp-block-list\">\n<li>Hace un a\u00f1o, en agosto de 2023, Ucrania desafi\u00f3 las defensas rusas en el aire lanzando lo que el historiador militar franc\u00e9s <a href=\"https:\/\/legrandcontinent.eu\/es\/2023\/08\/29\/dia-de-guerra-552-estado-de-las-fuerzas-y-perspectivas\/\">Michel Goya describi\u00f3 como \u00abOperaci\u00f3n Mosc\u00fa\u00bb<\/a>: una serie de molestos <a href=\"https:\/\/legrandcontinent.eu\/es\/2024\/02\/26\/del-dron-al-tanque-la-guerra-de-ucrania-en-10-armas-clave\/\">ataques con drones<\/a> contra objetivos simb\u00f3licos en la capital rusa, con el objetivo de llevar la guerra a casa del invasor.<\/li>\n\n\n\n<li>En tierra, la \u00faltima incursi\u00f3n notable tuvo lugar el 12 de marzo de 2024, en los \u00f3blasts de Kursk y Belgorod, lo que llev\u00f3 a reclamar el control de Tyotkino y Lozovaya Rudka.<\/li>\n\n\n\n<li>Aunque Kiev apoy\u00f3 estas incursiones terrestres, hasta ahora ha negado cualquier implicaci\u00f3n directa.<\/li>\n<\/ul>\n","protected":false},"excerpt":{"rendered":"<p>Desde hace tres d\u00edas, el ej\u00e9rcito ucraniano realiza una incursi\u00f3n sorpresa en la regi\u00f3n rusa de Kursk. Al neutralizar al menos dos l\u00edneas de defensa y un basti\u00f3n, ha conseguido penetrar al menos diez kil\u00f3metros en territorio ruso, capturando al menos 11 localidades en total, combatiendo en las afueras de Korenovo (en direcci\u00f3n noroeste) y Sudzha. El Kremlin ha declarado el estado de emergencia en la regi\u00f3n, mientras que Zelenski guarda silencio por el momento.<\/p>\n","protected":false},"author":1366,"featured_media":41657,"comment_status":"closed","ping_status":"","sticky":false,"template":"templates\/post-briefings.php","format":"standard","meta":{"_acf_changed":true,"_trash_the_other_posts":false,"_yoast_wpseo_estimated-reading-time-minutes":5,"footnotes":""},"categories":[216],"tags":[],"staff":[],"editorial_format":[],"serie":[],"audience":[],"geo":[177],"class_list":["post-41656","post","type-post","status-publish","format-standard","hentry","category-la-guerra-en-ucrania-dia-a-dia","geo-europa"],"acf":{"open_in_webview":false,"accent":false},"yoast_head":"<!-- This site is optimized with the Yoast SEO plugin v26.1.1 - https:\/\/yoast.com\/wordpress\/plugins\/seo\/ -->\n<title>Incursi\u00f3n ucraniana en Rusia: la zona de combate en la regi\u00f3n de Kursk abarcar\u00eda m\u00e1s de 400 kil\u00f3metros cuadrados - El Grand Continent<\/title>\n<meta name=\"robots\" content=\"index, follow, max-snippet:-1, max-image-preview:large, max-video-preview:-1\" \/>\n<link rel=\"canonical\" href=\"https:\/\/legrandcontinent.eu\/es\/2024\/08\/08\/ucrania-prosigue-su-incursion-en-rusia-se-ha-declarado-el-estado-de-emergencia-en-la-region-rusa-de-kursk-1\/\" \/>\n<meta property=\"og:locale\" content=\"es_ES\" \/>\n<meta property=\"og:type\" content=\"article\" \/>\n<meta property=\"og:title\" content=\"Incursi\u00f3n ucraniana en Rusia: la zona de combate en la regi\u00f3n de Kursk abarcar\u00eda m\u00e1s de 400 kil\u00f3metros cuadrados - El Grand Continent\" \/>\n<meta property=\"og:description\" content=\"Desde hace tres d\u00edas, el ej\u00e9rcito ucraniano realiza una incursi\u00f3n sorpresa en la regi\u00f3n rusa de Kursk. Al neutralizar al menos dos l\u00edneas de defensa y un basti\u00f3n, ha conseguido penetrar al menos diez kil\u00f3metros en territorio ruso, capturando al menos 11 localidades en total, combatiendo en las afueras de Korenovo (en direcci\u00f3n noroeste) y Sudzha. El Kremlin ha declarado el estado de emergencia en la regi\u00f3n, mientras que Zelenski guarda silencio por el momento.\" \/>\n<meta property=\"og:url\" content=\"https:\/\/legrandcontinent.eu\/es\/2024\/08\/08\/ucrania-prosigue-su-incursion-en-rusia-se-ha-declarado-el-estado-de-emergencia-en-la-region-rusa-de-kursk-1\/\" \/>\n<meta property=\"og:site_name\" content=\"El Grand Continent\" \/>\n<meta property=\"article:published_time\" content=\"2024-08-08T12:59:00+00:00\" \/>\n<meta property=\"article:modified_time\" content=\"2024-08-08T16:17:44+00:00\" \/>\n<meta property=\"og:image\" content=\"https:\/\/legrandcontinent.eu\/es\/wp-content\/uploads\/sites\/6\/2024\/08\/gc-elkursk-scaled.jpg\" \/>\n\t<meta property=\"og:image:width\" content=\"2560\" \/>\n\t<meta property=\"og:image:height\" content=\"1440\" \/>\n\t<meta property=\"og:image:type\" content=\"image\/jpeg\" \/>\n<meta name=\"author\" content=\"florent\" \/>\n<meta name=\"twitter:card\" content=\"summary_large_image\" \/>\n<meta name=\"twitter:image\" content=\"https:\/\/legrandcontinent.eu\/es\/wp-content\/uploads\/sites\/6\/2024\/08\/gc-elkursk-scaled.jpg\" \/>\n<meta name=\"twitter:label1\" content=\"Escrito por\" \/>\n\t<meta name=\"twitter:data1\" content=\"florent\" \/>\n\t<meta name=\"twitter:label2\" content=\"Tiempo de lectura\" \/>\n\t<meta name=\"twitter:data2\" content=\"5 minutos\" \/>\n<script type=\"application\/ld+json\" class=\"yoast-schema-graph\">{\"@context\":\"https:\/\/schema.org\",\"@graph\":[{\"@type\":\"WebPage\",\"@id\":\"https:\/\/legrandcontinent.eu\/es\/2024\/08\/08\/ucrania-prosigue-su-incursion-en-rusia-se-ha-declarado-el-estado-de-emergencia-en-la-region-rusa-de-kursk-1\/\",\"url\":\"https:\/\/legrandcontinent.eu\/es\/2024\/08\/08\/ucrania-prosigue-su-incursion-en-rusia-se-ha-declarado-el-estado-de-emergencia-en-la-region-rusa-de-kursk-1\/\",\"name\":\"Incursi\u00f3n ucraniana en Rusia: la zona de combate en la regi\u00f3n de Kursk abarcar\u00eda m\u00e1s de 400 kil\u00f3metros cuadrados - El Grand Continent\",\"isPartOf\":{\"@id\":\"https:\/\/legrandcontinent.eu\/es\/#website\"},\"primaryImageOfPage\":{\"@id\":\"https:\/\/legrandcontinent.eu\/es\/2024\/08\/08\/ucrania-prosigue-su-incursion-en-rusia-se-ha-declarado-el-estado-de-emergencia-en-la-region-rusa-de-kursk-1\/#primaryimage\"},\"image\":{\"@id\":\"https:\/\/legrandcontinent.eu\/es\/2024\/08\/08\/ucrania-prosigue-su-incursion-en-rusia-se-ha-declarado-el-estado-de-emergencia-en-la-region-rusa-de-kursk-1\/#primaryimage\"},\"thumbnailUrl\":\"https:\/\/legrandcontinent.eu\/es\/wp-content\/uploads\/sites\/6\/2024\/08\/wSxei-regi-n-de-kursk-en-rusia-.png\",\"datePublished\":\"2024-08-08T12:59:00+00:00\",\"dateModified\":\"2024-08-08T16:17:44+00:00\",\"author\":{\"@id\":\"https:\/\/legrandcontinent.eu\/es\/#\/schema\/person\/cdd782c93d4a9eda86ab19a8c01cdf5c\"},\"breadcrumb\":{\"@id\":\"https:\/\/legrandcontinent.eu\/es\/2024\/08\/08\/ucrania-prosigue-su-incursion-en-rusia-se-ha-declarado-el-estado-de-emergencia-en-la-region-rusa-de-kursk-1\/#breadcrumb\"},\"inLanguage\":\"es\",\"potentialAction\":[{\"@type\":\"ReadAction\",\"target\":[\"https:\/\/legrandcontinent.eu\/es\/2024\/08\/08\/ucrania-prosigue-su-incursion-en-rusia-se-ha-declarado-el-estado-de-emergencia-en-la-region-rusa-de-kursk-1\/\"]}]},{\"@type\":\"ImageObject\",\"inLanguage\":\"es\",\"@id\":\"https:\/\/legrandcontinent.eu\/es\/2024\/08\/08\/ucrania-prosigue-su-incursion-en-rusia-se-ha-declarado-el-estado-de-emergencia-en-la-region-rusa-de-kursk-1\/#primaryimage\",\"url\":\"https:\/\/legrandcontinent.eu\/es\/wp-content\/uploads\/sites\/6\/2024\/08\/wSxei-regi-n-de-kursk-en-rusia-.png\",\"contentUrl\":\"https:\/\/legrandcontinent.eu\/es\/wp-content\/uploads\/sites\/6\/2024\/08\/wSxei-regi-n-de-kursk-en-rusia-.png\",\"width\":1240,\"height\":1136},{\"@type\":\"BreadcrumbList\",\"@id\":\"https:\/\/legrandcontinent.eu\/es\/2024\/08\/08\/ucrania-prosigue-su-incursion-en-rusia-se-ha-declarado-el-estado-de-emergencia-en-la-region-rusa-de-kursk-1\/#breadcrumb\",\"itemListElement\":[{\"@type\":\"ListItem\",\"position\":1,\"name\":\"Home\",\"item\":\"https:\/\/legrandcontinent.eu\/es\/\"},{\"@type\":\"ListItem\",\"position\":2,\"name\":\"Incursi\u00f3n ucraniana en Rusia: la zona de combate en la regi\u00f3n de Kursk abarcar\u00eda m\u00e1s de 400 kil\u00f3metros cuadrados\"}]},{\"@type\":\"WebSite\",\"@id\":\"https:\/\/legrandcontinent.eu\/es\/#website\",\"url\":\"https:\/\/legrandcontinent.eu\/es\/\",\"name\":\"El Grand Continent\",\"description\":\"La escala pertinente\",\"potentialAction\":[{\"@type\":\"SearchAction\",\"target\":{\"@type\":\"EntryPoint\",\"urlTemplate\":\"https:\/\/legrandcontinent.eu\/es\/?s={search_term_string}\"},\"query-input\":{\"@type\":\"PropertyValueSpecification\",\"valueRequired\":true,\"valueName\":\"search_term_string\"}}],\"inLanguage\":\"es\"},{\"@type\":\"Person\",\"@id\":\"https:\/\/legrandcontinent.eu\/es\/#\/schema\/person\/cdd782c93d4a9eda86ab19a8c01cdf5c\",\"name\":\"florent\",\"image\":{\"@type\":\"ImageObject\",\"inLanguage\":\"es\",\"@id\":\"https:\/\/legrandcontinent.eu\/es\/#\/schema\/person\/image\/\",\"url\":\"https:\/\/secure.gravatar.com\/avatar\/0d38d78c90602daf39b309035cdac6bc?s=96&d=mm&r=g\",\"contentUrl\":\"https:\/\/secure.gravatar.com\/avatar\/0d38d78c90602daf39b309035cdac6bc?s=96&d=mm&r=g\",\"caption\":\"florent\"}}]}<\/script>\n<!-- \/ Yoast SEO plugin. -->","yoast_head_json":{"title":"Incursi\u00f3n ucraniana en Rusia: la zona de combate en la regi\u00f3n de Kursk abarcar\u00eda m\u00e1s de 400 kil\u00f3metros cuadrados - El Grand Continent","robots":{"index":"index","follow":"follow","max-snippet":"max-snippet:-1","max-image-preview":"max-image-preview:large","max-video-preview":"max-video-preview:-1"},"canonical":"https:\/\/legrandcontinent.eu\/es\/2024\/08\/08\/ucrania-prosigue-su-incursion-en-rusia-se-ha-declarado-el-estado-de-emergencia-en-la-region-rusa-de-kursk-1\/","og_locale":"es_ES","og_type":"article","og_title":"Incursi\u00f3n ucraniana en Rusia: la zona de combate en la regi\u00f3n de Kursk abarcar\u00eda m\u00e1s de 400 kil\u00f3metros cuadrados - El Grand Continent","og_description":"Desde hace tres d\u00edas, el ej\u00e9rcito ucraniano realiza una incursi\u00f3n sorpresa en la regi\u00f3n rusa de Kursk. Al neutralizar al menos dos l\u00edneas de defensa y un basti\u00f3n, ha conseguido penetrar al menos diez kil\u00f3metros en territorio ruso, capturando al menos 11 localidades en total, combatiendo en las afueras de Korenovo (en direcci\u00f3n noroeste) y Sudzha. El Kremlin ha declarado el estado de emergencia en la regi\u00f3n, mientras que Zelenski guarda silencio por el momento.","og_url":"https:\/\/legrandcontinent.eu\/es\/2024\/08\/08\/ucrania-prosigue-su-incursion-en-rusia-se-ha-declarado-el-estado-de-emergencia-en-la-region-rusa-de-kursk-1\/","og_site_name":"El Grand Continent","article_published_time":"2024-08-08T12:59:00+00:00","article_modified_time":"2024-08-08T16:17:44+00:00","og_image":[{"width":2560,"height":1440,"url":"https:\/\/legrandcontinent.eu\/es\/wp-content\/uploads\/sites\/6\/2024\/08\/gc-elkursk-scaled.jpg","type":"image\/jpeg"}],"author":"florent","twitter_card":"summary_large_image","twitter_image":"https:\/\/legrandcontinent.eu\/es\/wp-content\/uploads\/sites\/6\/2024\/08\/gc-elkursk-scaled.jpg","twitter_misc":{"Escrito por":"florent","Tiempo de lectura":"5 minutos"},"schema":{"@context":"https:\/\/schema.org","@graph":[{"@type":"WebPage","@id":"https:\/\/legrandcontinent.eu\/es\/2024\/08\/08\/ucrania-prosigue-su-incursion-en-rusia-se-ha-declarado-el-estado-de-emergencia-en-la-region-rusa-de-kursk-1\/","url":"https:\/\/legrandcontinent.eu\/es\/2024\/08\/08\/ucrania-prosigue-su-incursion-en-rusia-se-ha-declarado-el-estado-de-emergencia-en-la-region-rusa-de-kursk-1\/","name":"Incursi\u00f3n ucraniana en Rusia: la zona de combate en la regi\u00f3n de Kursk abarcar\u00eda m\u00e1s de 400 kil\u00f3metros cuadrados - El Grand Continent","isPartOf":{"@id":"https:\/\/legrandcontinent.eu\/es\/#website"},"primaryImageOfPage":{"@id":"https:\/\/legrandcontinent.eu\/es\/2024\/08\/08\/ucrania-prosigue-su-incursion-en-rusia-se-ha-declarado-el-estado-de-emergencia-en-la-region-rusa-de-kursk-1\/#primaryimage"},"image":{"@id":"https:\/\/legrandcontinent.eu\/es\/2024\/08\/08\/ucrania-prosigue-su-incursion-en-rusia-se-ha-declarado-el-estado-de-emergencia-en-la-region-rusa-de-kursk-1\/#primaryimage"},"thumbnailUrl":"https:\/\/legrandcontinent.eu\/es\/wp-content\/uploads\/sites\/6\/2024\/08\/wSxei-regi-n-de-kursk-en-rusia-.png","datePublished":"2024-08-08T12:59:00+00:00","dateModified":"2024-08-08T16:17:44+00:00","author":{"@id":"https:\/\/legrandcontinent.eu\/es\/#\/schema\/person\/cdd782c93d4a9eda86ab19a8c01cdf5c"},"breadcrumb":{"@id":"https:\/\/legrandcontinent.eu\/es\/2024\/08\/08\/ucrania-prosigue-su-incursion-en-rusia-se-ha-declarado-el-estado-de-emergencia-en-la-region-rusa-de-kursk-1\/#breadcrumb"},"inLanguage":"es","potentialAction":[{"@type":"ReadAction","target":["https:\/\/legrandcontinent.eu\/es\/2024\/08\/08\/ucrania-prosigue-su-incursion-en-rusia-se-ha-declarado-el-estado-de-emergencia-en-la-region-rusa-de-kursk-1\/"]}]},{"@type":"ImageObject","inLanguage":"es","@id":"https:\/\/legrandcontinent.eu\/es\/2024\/08\/08\/ucrania-prosigue-su-incursion-en-rusia-se-ha-declarado-el-estado-de-emergencia-en-la-region-rusa-de-kursk-1\/#primaryimage","url":"https:\/\/legrandcontinent.eu\/es\/wp-content\/uploads\/sites\/6\/2024\/08\/wSxei-regi-n-de-kursk-en-rusia-.png","contentUrl":"https:\/\/legrandcontinent.eu\/es\/wp-content\/uploads\/sites\/6\/2024\/08\/wSxei-regi-n-de-kursk-en-rusia-.png","width":1240,"height":1136},{"@type":"BreadcrumbList","@id":"https:\/\/legrandcontinent.eu\/es\/2024\/08\/08\/ucrania-prosigue-su-incursion-en-rusia-se-ha-declarado-el-estado-de-emergencia-en-la-region-rusa-de-kursk-1\/#breadcrumb","itemListElement":[{"@type":"ListItem","position":1,"name":"Home","item":"https:\/\/legrandcontinent.eu\/es\/"},{"@type":"ListItem","position":2,"name":"Incursi\u00f3n ucraniana en Rusia: la zona de combate en la regi\u00f3n de Kursk abarcar\u00eda m\u00e1s de 400 kil\u00f3metros cuadrados"}]},{"@type":"WebSite","@id":"https:\/\/legrandcontinent.eu\/es\/#website","url":"https:\/\/legrandcontinent.eu\/es\/","name":"El Grand Continent","description":"La escala pertinente","potentialAction":[{"@type":"SearchAction","target":{"@type":"EntryPoint","urlTemplate":"https:\/\/legrandcontinent.eu\/es\/?s={search_term_string}"},"query-input":{"@type":"PropertyValueSpecification","valueRequired":true,"valueName":"search_term_string"}}],"inLanguage":"es"},{"@type":"Person","@id":"https:\/\/legrandcontinent.eu\/es\/#\/schema\/person\/cdd782c93d4a9eda86ab19a8c01cdf5c","name":"florent","image":{"@type":"ImageObject","inLanguage":"es","@id":"https:\/\/legrandcontinent.eu\/es\/#\/schema\/person\/image\/","url":"https:\/\/secure.gravatar.com\/avatar\/0d38d78c90602daf39b309035cdac6bc?s=96&d=mm&r=g","contentUrl":"https:\/\/secure.gravatar.com\/avatar\/0d38d78c90602daf39b309035cdac6bc?s=96&d=mm&r=g","caption":"florent"}}]}},"lgc_categories":[{"id":216,"name":"La guerra en Ucrania d\u00eda a d\u00eda","slug":"la-guerra-en-ucrania-dia-a-dia"}],"lgc_author":null,"feature_image_summary":{"url":"https:\/\/legrandcontinent.eu\/es\/wp-content\/uploads\/sites\/6\/2024\/08\/wSxei-regi-n-de-kursk-en-rusia-.png","width":1240,"height":1136,"alt":""},"feature_image_cover":null,"term_position_data":null,"_links":{"self":[{"href":"https:\/\/legrandcontinent.eu\/es\/wp-json\/wp\/v2\/posts\/41656","targetHints":{"allow":["GET"]}}],"collection":[{"href":"https:\/\/legrandcontinent.eu\/es\/wp-json\/wp\/v2\/posts"}],"about":[{"href":"https:\/\/legrandcontinent.eu\/es\/wp-json\/wp\/v2\/types\/post"}],"author":[{"embeddable":true,"href":"https:\/\/legrandcontinent.eu\/es\/wp-json\/wp\/v2\/users\/1366"}],"replies":[{"embeddable":true,"href":"https:\/\/legrandcontinent.eu\/es\/wp-json\/wp\/v2\/comments?post=41656"}],"version-history":[{"count":0,"href":"https:\/\/legrandcontinent.eu\/es\/wp-json\/wp\/v2\/posts\/41656\/revisions"}],"wp:featuredmedia":[{"embeddable":true,"href":"https:\/\/legrandcontinent.eu\/es\/wp-json\/wp\/v2\/media\/41657"}],"wp:attachment":[{"href":"https:\/\/legrandcontinent.eu\/es\/wp-json\/wp\/v2\/media?parent=41656"}],"wp:term":[{"taxonomy":"category","embeddable":true,"href":"https:\/\/legrandcontinent.eu\/es\/wp-json\/wp\/v2\/categories?post=41656"},{"taxonomy":"post_tag","embeddable":true,"href":"https:\/\/legrandcontinent.eu\/es\/wp-json\/wp\/v2\/tags?post=41656"},{"taxonomy":"staff","embeddable":true,"href":"https:\/\/legrandcontinent.eu\/es\/wp-json\/wp\/v2\/staff?post=41656"},{"taxonomy":"editorial_format","embeddable":true,"href":"https:\/\/legrandcontinent.eu\/es\/wp-json\/wp\/v2\/editorial_format?post=41656"},{"taxonomy":"serie","embeddable":true,"href":"https:\/\/legrandcontinent.eu\/es\/wp-json\/wp\/v2\/serie?post=41656"},{"taxonomy":"audience","embeddable":true,"href":"https:\/\/legrandcontinent.eu\/es\/wp-json\/wp\/v2\/audience?post=41656"},{"taxonomy":"geo","embeddable":true,"href":"https:\/\/legrandcontinent.eu\/es\/wp-json\/wp\/v2\/geo?post=41656"}],"curies":[{"name":"wp","href":"https:\/\/api.w.org\/{rel}","templated":true}]}}