{"id":3945,"date":"2022-04-05T08:43:00","date_gmt":"2022-04-05T07:43:00","guid":{"rendered":"https:\/\/legrandcontinent.eu\/es\/?p=3945"},"modified":"2022-06-01T16:36:55","modified_gmt":"2022-06-01T15:36:55","slug":"primer-viaje-oficial-de-gabriel-boric-a-argentina","status":"publish","type":"post","link":"https:\/\/legrandcontinent.eu\/es\/2022\/04\/05\/primer-viaje-oficial-de-gabriel-boric-a-argentina\/","title":{"rendered":"Primer viaje oficial de Gabriel Boric a Argentina"},"content":{"rendered":"\n<ul class=\"wp-block-list\"><li>En su primer viaje al extranjero como presidente de Chile, Gabriel Boric se encuentra en Argentina desde el pasado domingo. La estancia de Boric durar\u00e1 dos d\u00edas, y supone un acontecimiento clave para ambos pa\u00edses, ya que se espera estrechar las relaciones diplom\u00e1ticas y comerciales.&nbsp;<\/li><li>El pasado lunes, tal y como se program\u00f3 en la agenda de la visita, Boric tuvo un encuentro privado con el presidente de Argentina, Alberto Fern\u00e1ndez. Y, posteriormente, se reunieron las comitivas de ambos pa\u00edses, que contaban con varios ministros, senadores y representante empresariales. Hoy, se espera que Boric inaugure el foro empresarial del Comit\u00e9 de Comercio Argentina-Chile.&nbsp;<\/li><li>El objetivo de la visita, como ambos presidentes publicitaron en sus respectivas cuentas de Twitter, fue el de fomentar las relaciones bilaterales, sobre todo en materias sociales tales como los derechos humanos, la igualdad de g\u00e9nero, las minor\u00edas o el medio ambiente. Parece que ambos presidentes se entienden y que, comparten la misma l\u00ednea ideol\u00f3gica en pol\u00edtica exterior en cuanto a la unidad latinoamericana y la promoci\u00f3n de los derechos humanos y la igualdad social.&nbsp;<\/li><li>Tras las reuniones, el pasado lunes se firmaron una serie de acuerdos en el Museo del Bicentenario. Hasta ahora, los acuerdos firmados se relacionan con \u00e1mbitos de derechos humanos, igualdad de g\u00e9nero, diversidad y otros aspectos consulares, de cultura y de cooperaci\u00f3n. Adem\u00e1s, ambos presidentes han declarado p\u00fablicamente la voluntad de unir a los Estados argentino y chileno, as\u00ed como de profundizar la relaci\u00f3n bilateral y la integraci\u00f3n regional.<\/li><li>La visita ha trascendido el \u00e1mbito de lo social, integrando conversaciones econ\u00f3micas y comerciales entre ambos pa\u00edses. Un aspecto muy importante ha sido la cuesti\u00f3n energ\u00e9tica, debido a los problemas argentinos de suministro del gas, que se han visto agravados por la guerra en Ucrania. Aunque sin acuerdos concretos, el ministro de Energ\u00eda chileno ya ha afirmado que las relaciones energ\u00e9ticas bilaterales han sido conversadas y que se desarrollar\u00e1n futuros acuerdos.&nbsp;<\/li><li>Adem\u00e1s, la visita ha servido como pretexto para resolver otras cuestiones. Es el caso del apoyo de Boric a la cuesti\u00f3n territorial argentina en las Islas Malvinas. Tambi\u00e9n, se ha dado por cerrada la pol\u00e9mica diplom\u00e1tica sobre el territorio de los mapuches, el wallmapu. Por otro lado, existen aspectos susceptibles de despertar tensiones como la petici\u00f3n argentina de actualizaci\u00f3n de la frontera mar\u00edtima. A\u00fan as\u00ed, se ha hecho hincapi\u00e9 en la importancia de resolver las posibles diferencias mediante v\u00edas diplom\u00e1ticas.&nbsp;<\/li><\/ul>\n","protected":false},"excerpt":{"rendered":"<p>En su primer viaje al extranjero como presidente de Chile, Gabriel Boric se encuentra en Argentina desde el pasado domingo. La visita de dos d\u00edas de Boric es un acontecimiento clave para ambos pa\u00edses, ya que se espera que refuerce las relaciones diplom\u00e1ticas y comerciales. <\/p>\n","protected":false},"author":2643,"featured_media":4002,"comment_status":"open","ping_status":"open","sticky":false,"template":"templates\/post-briefings.php","format":"standard","meta":{"_acf_changed":false,"_trash_the_other_posts":false,"_yoast_wpseo_estimated-reading-time-minutes":2,"footnotes":""},"categories":[6],"tags":[],"staff":[],"editorial_format":[],"serie":[],"audience":[],"geo":[172],"class_list":["post-3945","post","type-post","status-publish","format-standard","hentry","category-politica","geo-americas"],"acf":{"open_in_webview":false,"accent":false,"_thumbnail_id":4002,"excerpt":"En su primer viaje al extranjero como presidente de Chile, Gabriel Boric se encuentra en Argentina desde el pasado domingo. La visita de dos d\u00edas de Boric es un acontecimiento clave para ambos pa\u00edses, ya que se espera que refuerce las relaciones diplom\u00e1ticas y comerciales. ","display_date":"","new_abstract":true},"yoast_head":"<!-- This site is optimized with the Yoast SEO plugin v26.1.1 - https:\/\/yoast.com\/wordpress\/plugins\/seo\/ -->\n<title>Primer viaje oficial de Gabriel Boric a Argentina - El Grand Continent<\/title>\n<meta name=\"robots\" content=\"index, follow, max-snippet:-1, max-image-preview:large, max-video-preview:-1\" \/>\n<link rel=\"canonical\" href=\"https:\/\/legrandcontinent.eu\/es\/2022\/04\/05\/primer-viaje-oficial-de-gabriel-boric-a-argentina\/\" \/>\n<meta property=\"og:locale\" content=\"es_ES\" \/>\n<meta property=\"og:type\" content=\"article\" \/>\n<meta property=\"og:title\" content=\"Primer viaje oficial de Gabriel Boric a Argentina - El Grand Continent\" \/>\n<meta property=\"og:description\" content=\"En su primer viaje al extranjero como presidente de Chile, Gabriel Boric se encuentra en Argentina desde el pasado domingo. La visita de dos d\u00edas de Boric es un acontecimiento clave para ambos pa\u00edses, ya que se espera que refuerce las relaciones diplom\u00e1ticas y comerciales.\" \/>\n<meta property=\"og:url\" content=\"https:\/\/legrandcontinent.eu\/es\/2022\/04\/05\/primer-viaje-oficial-de-gabriel-boric-a-argentina\/\" \/>\n<meta property=\"og:site_name\" content=\"El Grand Continent\" \/>\n<meta property=\"article:published_time\" content=\"2022-04-05T07:43:00+00:00\" \/>\n<meta property=\"article:modified_time\" content=\"2022-06-01T15:36:55+00:00\" \/>\n<meta property=\"og:image\" content=\"https:\/\/legrandcontinent.eu\/es\/wp-content\/uploads\/sites\/6\/2022\/04\/gc-elboric-1.jpg\" \/>\n\t<meta property=\"og:image:width\" content=\"1438\" \/>\n\t<meta property=\"og:image:height\" content=\"804\" \/>\n\t<meta property=\"og:image:type\" content=\"image\/jpeg\" \/>\n<meta name=\"author\" content=\"ainara\" \/>\n<meta name=\"twitter:card\" content=\"summary_large_image\" \/>\n<meta name=\"twitter:image\" content=\"https:\/\/legrandcontinent.eu\/es\/wp-content\/uploads\/sites\/6\/2022\/04\/gc-elboric-1.jpg\" \/>\n<meta name=\"twitter:label1\" content=\"Escrito por\" \/>\n\t<meta name=\"twitter:data1\" content=\"ainara\" \/>\n\t<meta name=\"twitter:label2\" content=\"Tiempo de lectura\" \/>\n\t<meta name=\"twitter:data2\" content=\"2 minutos\" \/>\n<script type=\"application\/ld+json\" class=\"yoast-schema-graph\">{\"@context\":\"https:\/\/schema.org\",\"@graph\":[{\"@type\":\"WebPage\",\"@id\":\"https:\/\/legrandcontinent.eu\/es\/2022\/04\/05\/primer-viaje-oficial-de-gabriel-boric-a-argentina\/\",\"url\":\"https:\/\/legrandcontinent.eu\/es\/2022\/04\/05\/primer-viaje-oficial-de-gabriel-boric-a-argentina\/\",\"name\":\"Primer viaje oficial de Gabriel Boric a Argentina - El Grand Continent\",\"isPartOf\":{\"@id\":\"https:\/\/legrandcontinent.eu\/es\/#website\"},\"primaryImageOfPage\":{\"@id\":\"https:\/\/legrandcontinent.eu\/es\/2022\/04\/05\/primer-viaje-oficial-de-gabriel-boric-a-argentina\/#primaryimage\"},\"image\":{\"@id\":\"https:\/\/legrandcontinent.eu\/es\/2022\/04\/05\/primer-viaje-oficial-de-gabriel-boric-a-argentina\/#primaryimage\"},\"thumbnailUrl\":\"https:\/\/legrandcontinent.eu\/es\/wp-content\/uploads\/sites\/6\/2022\/04\/SIPA_AP22667677_000012-scaled-1.jpeg\",\"datePublished\":\"2022-04-05T07:43:00+00:00\",\"dateModified\":\"2022-06-01T15:36:55+00:00\",\"author\":{\"@id\":\"https:\/\/legrandcontinent.eu\/es\/#\/schema\/person\/c2642b348db0ab04ca921759c7e7ca90\"},\"breadcrumb\":{\"@id\":\"https:\/\/legrandcontinent.eu\/es\/2022\/04\/05\/primer-viaje-oficial-de-gabriel-boric-a-argentina\/#breadcrumb\"},\"inLanguage\":\"es\",\"potentialAction\":[{\"@type\":\"ReadAction\",\"target\":[\"https:\/\/legrandcontinent.eu\/es\/2022\/04\/05\/primer-viaje-oficial-de-gabriel-boric-a-argentina\/\"]}]},{\"@type\":\"ImageObject\",\"inLanguage\":\"es\",\"@id\":\"https:\/\/legrandcontinent.eu\/es\/2022\/04\/05\/primer-viaje-oficial-de-gabriel-boric-a-argentina\/#primaryimage\",\"url\":\"https:\/\/legrandcontinent.eu\/es\/wp-content\/uploads\/sites\/6\/2022\/04\/SIPA_AP22667677_000012-scaled-1.jpeg\",\"contentUrl\":\"https:\/\/legrandcontinent.eu\/es\/wp-content\/uploads\/sites\/6\/2022\/04\/SIPA_AP22667677_000012-scaled-1.jpeg\",\"width\":2560,\"height\":1707,\"caption\":\"Chilean President Gabriel Boric, left, and Argentina's President Alberto Fernandez pose for a picture after signing agreements at the government house in Buenos Aires, Argentina, Monday, April 4, 2022. (AP Photo\/Natacha Pisarenko)\/XNP114\/22094553766614\/\/2204041735\"},{\"@type\":\"BreadcrumbList\",\"@id\":\"https:\/\/legrandcontinent.eu\/es\/2022\/04\/05\/primer-viaje-oficial-de-gabriel-boric-a-argentina\/#breadcrumb\",\"itemListElement\":[{\"@type\":\"ListItem\",\"position\":1,\"name\":\"Home\",\"item\":\"https:\/\/legrandcontinent.eu\/es\/\"},{\"@type\":\"ListItem\",\"position\":2,\"name\":\"Primer viaje oficial de Gabriel Boric a Argentina\"}]},{\"@type\":\"WebSite\",\"@id\":\"https:\/\/legrandcontinent.eu\/es\/#website\",\"url\":\"https:\/\/legrandcontinent.eu\/es\/\",\"name\":\"El Grand Continent\",\"description\":\"La escala pertinente\",\"potentialAction\":[{\"@type\":\"SearchAction\",\"target\":{\"@type\":\"EntryPoint\",\"urlTemplate\":\"https:\/\/legrandcontinent.eu\/es\/?s={search_term_string}\"},\"query-input\":{\"@type\":\"PropertyValueSpecification\",\"valueRequired\":true,\"valueName\":\"search_term_string\"}}],\"inLanguage\":\"es\"},{\"@type\":\"Person\",\"@id\":\"https:\/\/legrandcontinent.eu\/es\/#\/schema\/person\/c2642b348db0ab04ca921759c7e7ca90\",\"name\":\"ainara\",\"image\":{\"@type\":\"ImageObject\",\"inLanguage\":\"es\",\"@id\":\"https:\/\/legrandcontinent.eu\/es\/#\/schema\/person\/image\/\",\"url\":\"https:\/\/secure.gravatar.com\/avatar\/07617885dea33893092d1250f3cbf8bc?s=96&d=mm&r=g\",\"contentUrl\":\"https:\/\/secure.gravatar.com\/avatar\/07617885dea33893092d1250f3cbf8bc?s=96&d=mm&r=g\",\"caption\":\"ainara\"}}]}<\/script>\n<!-- \/ Yoast SEO plugin. -->","yoast_head_json":{"title":"Primer viaje oficial de Gabriel Boric a Argentina - El Grand Continent","robots":{"index":"index","follow":"follow","max-snippet":"max-snippet:-1","max-image-preview":"max-image-preview:large","max-video-preview":"max-video-preview:-1"},"canonical":"https:\/\/legrandcontinent.eu\/es\/2022\/04\/05\/primer-viaje-oficial-de-gabriel-boric-a-argentina\/","og_locale":"es_ES","og_type":"article","og_title":"Primer viaje oficial de Gabriel Boric a Argentina - El Grand Continent","og_description":"En su primer viaje al extranjero como presidente de Chile, Gabriel Boric se encuentra en Argentina desde el pasado domingo. La visita de dos d\u00edas de Boric es un acontecimiento clave para ambos pa\u00edses, ya que se espera que refuerce las relaciones diplom\u00e1ticas y comerciales.","og_url":"https:\/\/legrandcontinent.eu\/es\/2022\/04\/05\/primer-viaje-oficial-de-gabriel-boric-a-argentina\/","og_site_name":"El Grand Continent","article_published_time":"2022-04-05T07:43:00+00:00","article_modified_time":"2022-06-01T15:36:55+00:00","og_image":[{"width":1438,"height":804,"url":"https:\/\/legrandcontinent.eu\/es\/wp-content\/uploads\/sites\/6\/2022\/04\/gc-elboric-1.jpg","type":"image\/jpeg"}],"author":"ainara","twitter_card":"summary_large_image","twitter_image":"https:\/\/legrandcontinent.eu\/es\/wp-content\/uploads\/sites\/6\/2022\/04\/gc-elboric-1.jpg","twitter_misc":{"Escrito por":"ainara","Tiempo de lectura":"2 minutos"},"schema":{"@context":"https:\/\/schema.org","@graph":[{"@type":"WebPage","@id":"https:\/\/legrandcontinent.eu\/es\/2022\/04\/05\/primer-viaje-oficial-de-gabriel-boric-a-argentina\/","url":"https:\/\/legrandcontinent.eu\/es\/2022\/04\/05\/primer-viaje-oficial-de-gabriel-boric-a-argentina\/","name":"Primer viaje oficial de Gabriel Boric a Argentina - El Grand Continent","isPartOf":{"@id":"https:\/\/legrandcontinent.eu\/es\/#website"},"primaryImageOfPage":{"@id":"https:\/\/legrandcontinent.eu\/es\/2022\/04\/05\/primer-viaje-oficial-de-gabriel-boric-a-argentina\/#primaryimage"},"image":{"@id":"https:\/\/legrandcontinent.eu\/es\/2022\/04\/05\/primer-viaje-oficial-de-gabriel-boric-a-argentina\/#primaryimage"},"thumbnailUrl":"https:\/\/legrandcontinent.eu\/es\/wp-content\/uploads\/sites\/6\/2022\/04\/SIPA_AP22667677_000012-scaled-1.jpeg","datePublished":"2022-04-05T07:43:00+00:00","dateModified":"2022-06-01T15:36:55+00:00","author":{"@id":"https:\/\/legrandcontinent.eu\/es\/#\/schema\/person\/c2642b348db0ab04ca921759c7e7ca90"},"breadcrumb":{"@id":"https:\/\/legrandcontinent.eu\/es\/2022\/04\/05\/primer-viaje-oficial-de-gabriel-boric-a-argentina\/#breadcrumb"},"inLanguage":"es","potentialAction":[{"@type":"ReadAction","target":["https:\/\/legrandcontinent.eu\/es\/2022\/04\/05\/primer-viaje-oficial-de-gabriel-boric-a-argentina\/"]}]},{"@type":"ImageObject","inLanguage":"es","@id":"https:\/\/legrandcontinent.eu\/es\/2022\/04\/05\/primer-viaje-oficial-de-gabriel-boric-a-argentina\/#primaryimage","url":"https:\/\/legrandcontinent.eu\/es\/wp-content\/uploads\/sites\/6\/2022\/04\/SIPA_AP22667677_000012-scaled-1.jpeg","contentUrl":"https:\/\/legrandcontinent.eu\/es\/wp-content\/uploads\/sites\/6\/2022\/04\/SIPA_AP22667677_000012-scaled-1.jpeg","width":2560,"height":1707,"caption":"Chilean President Gabriel Boric, left, and Argentina's President Alberto Fernandez pose for a picture after signing agreements at the government house in Buenos Aires, Argentina, Monday, April 4, 2022. (AP Photo\/Natacha Pisarenko)\/XNP114\/22094553766614\/\/2204041735"},{"@type":"BreadcrumbList","@id":"https:\/\/legrandcontinent.eu\/es\/2022\/04\/05\/primer-viaje-oficial-de-gabriel-boric-a-argentina\/#breadcrumb","itemListElement":[{"@type":"ListItem","position":1,"name":"Home","item":"https:\/\/legrandcontinent.eu\/es\/"},{"@type":"ListItem","position":2,"name":"Primer viaje oficial de Gabriel Boric a Argentina"}]},{"@type":"WebSite","@id":"https:\/\/legrandcontinent.eu\/es\/#website","url":"https:\/\/legrandcontinent.eu\/es\/","name":"El Grand Continent","description":"La escala pertinente","potentialAction":[{"@type":"SearchAction","target":{"@type":"EntryPoint","urlTemplate":"https:\/\/legrandcontinent.eu\/es\/?s={search_term_string}"},"query-input":{"@type":"PropertyValueSpecification","valueRequired":true,"valueName":"search_term_string"}}],"inLanguage":"es"},{"@type":"Person","@id":"https:\/\/legrandcontinent.eu\/es\/#\/schema\/person\/c2642b348db0ab04ca921759c7e7ca90","name":"ainara","image":{"@type":"ImageObject","inLanguage":"es","@id":"https:\/\/legrandcontinent.eu\/es\/#\/schema\/person\/image\/","url":"https:\/\/secure.gravatar.com\/avatar\/07617885dea33893092d1250f3cbf8bc?s=96&d=mm&r=g","contentUrl":"https:\/\/secure.gravatar.com\/avatar\/07617885dea33893092d1250f3cbf8bc?s=96&d=mm&r=g","caption":"ainara"}}]}},"lgc_categories":[{"id":6,"name":"Pol\u00edtica","slug":"politica"}],"lgc_author":null,"feature_image_summary":{"url":"https:\/\/legrandcontinent.eu\/es\/wp-content\/uploads\/sites\/6\/2022\/04\/SIPA_AP22667677_000012-scaled-1.jpeg","width":2560,"height":1707,"alt":""},"feature_image_cover":null,"term_position_data":null,"_links":{"self":[{"href":"https:\/\/legrandcontinent.eu\/es\/wp-json\/wp\/v2\/posts\/3945","targetHints":{"allow":["GET"]}}],"collection":[{"href":"https:\/\/legrandcontinent.eu\/es\/wp-json\/wp\/v2\/posts"}],"about":[{"href":"https:\/\/legrandcontinent.eu\/es\/wp-json\/wp\/v2\/types\/post"}],"author":[{"embeddable":true,"href":"https:\/\/legrandcontinent.eu\/es\/wp-json\/wp\/v2\/users\/2643"}],"replies":[{"embeddable":true,"href":"https:\/\/legrandcontinent.eu\/es\/wp-json\/wp\/v2\/comments?post=3945"}],"version-history":[{"count":0,"href":"https:\/\/legrandcontinent.eu\/es\/wp-json\/wp\/v2\/posts\/3945\/revisions"}],"wp:featuredmedia":[{"embeddable":true,"href":"https:\/\/legrandcontinent.eu\/es\/wp-json\/wp\/v2\/media\/4002"}],"wp:attachment":[{"href":"https:\/\/legrandcontinent.eu\/es\/wp-json\/wp\/v2\/media?parent=3945"}],"wp:term":[{"taxonomy":"category","embeddable":true,"href":"https:\/\/legrandcontinent.eu\/es\/wp-json\/wp\/v2\/categories?post=3945"},{"taxonomy":"post_tag","embeddable":true,"href":"https:\/\/legrandcontinent.eu\/es\/wp-json\/wp\/v2\/tags?post=3945"},{"taxonomy":"staff","embeddable":true,"href":"https:\/\/legrandcontinent.eu\/es\/wp-json\/wp\/v2\/staff?post=3945"},{"taxonomy":"editorial_format","embeddable":true,"href":"https:\/\/legrandcontinent.eu\/es\/wp-json\/wp\/v2\/editorial_format?post=3945"},{"taxonomy":"serie","embeddable":true,"href":"https:\/\/legrandcontinent.eu\/es\/wp-json\/wp\/v2\/serie?post=3945"},{"taxonomy":"audience","embeddable":true,"href":"https:\/\/legrandcontinent.eu\/es\/wp-json\/wp\/v2\/audience?post=3945"},{"taxonomy":"geo","embeddable":true,"href":"https:\/\/legrandcontinent.eu\/es\/wp-json\/wp\/v2\/geo?post=3945"}],"curies":[{"name":"wp","href":"https:\/\/api.w.org\/{rel}","templated":true}]}}