{"id":38946,"date":"2024-07-05T22:30:00","date_gmt":"2024-07-05T20:30:00","guid":{"rendered":"https:\/\/legrandcontinent.eu\/es\/?p=38946"},"modified":"2024-07-05T21:01:19","modified_gmt":"2024-07-05T19:01:19","slug":"pueden-utilizarse-las-previsiones-de-vacaciones-de-bison-fute-para-predecir-la-participacion-en-la-segunda-vuelta","status":"publish","type":"post","link":"https:\/\/legrandcontinent.eu\/es\/2024\/07\/05\/pueden-utilizarse-las-previsiones-de-vacaciones-de-bison-fute-para-predecir-la-participacion-en-la-segunda-vuelta\/","title":{"rendered":"\u00bfPueden utilizarse las previsiones de vacaciones de Bison Fut\u00e9 para predecir la participaci\u00f3n en la segunda vuelta?"},"content":{"rendered":"\n<p>En Francia, el primer fin de semana de julio es tradicionalmente uno de los periodos vacacionales m\u00e1s concurridos (junto con el fin de semana de la fiesta nacional, el 14 de julio, y el 15 de agosto, d\u00eda festivo). A pesar de la segunda vuelta de las elecciones legislativas, este a\u00f1o no deber\u00eda ser diferente. Bison Fut\u00e9 prev\u00e9 condiciones de tr\u00e1fico muy dif\u00edciles en toda Francia metropolitana el s\u00e1bado 6 de julio, v\u00edspera de la votaci\u00f3n.<\/p>\n\n\n\n<figure class=\"wp-block-embed is-type-rich is-provider-twitter wp-block-embed-twitter\"><div class=\"wp-block-embed__wrapper\">\n<blockquote class=\"twitter-tweet\" data-width=\"550\" data-dnt=\"true\"><p lang=\"fr\" dir=\"ltr\">\u2139\ufe0f<a href=\"https:\/\/twitter.com\/hashtag\/InfoTrafic?src=hash&amp;ref_src=twsrc%5Etfw\">#InfoTrafic<\/a>  <a href=\"https:\/\/twitter.com\/hashtag\/weekend?src=hash&amp;ref_src=twsrc%5Etfw\">#weekend<\/a> 2 <a href=\"https:\/\/twitter.com\/hashtag\/vacances?src=hash&amp;ref_src=twsrc%5Etfw\">#vacances<\/a> <a href=\"https:\/\/twitter.com\/hashtag\/%C3%A9t%C3%A92024?src=hash&amp;ref_src=twsrc%5Etfw\">#\u00e9t\u00e92024<\/a><a href=\"https:\/\/twitter.com\/hashtag\/D%C3%A9parts?src=hash&amp;ref_src=twsrc%5Etfw\">#D\u00e9parts<\/a><br>\ud83d\udfe7Difficile National,\ud83d\udfe5Tr\u00e8s difficile IdF le 05\/07  <br>\ud83d\udfe5Tr\u00e8s difficile National le 06\/07<br>\ud83d\udfe7Difficile Grand-Ouest, Nord et Auvergne-Rh\u00f4ne-Alpes le 07\/07<a href=\"https:\/\/twitter.com\/hashtag\/Retours?src=hash&amp;ref_src=twsrc%5Etfw\">#Retours<\/a><br>\ud83d\udfe9Habituel les 3 jours<br>D\u00e9tails\u27a1\ufe0f<a href=\"https:\/\/t.co\/eO3RkUyX6z\">https:\/\/t.co\/eO3RkUyX6z<\/a>\ud83d\udee3\ufe0f\ud83d\ude97 <a href=\"https:\/\/t.co\/tJBGVkYgPo\">pic.twitter.com\/tJBGVkYgPo<\/a><\/p>&mdash; Bison Fut\u00e9 (@BisonFute_MT) <a href=\"https:\/\/twitter.com\/BisonFute_MT\/status\/1808475353695850567?ref_src=twsrc%5Etfw\">July 3, 2024<\/a><\/blockquote><script async src=\"https:\/\/platform.twitter.com\/widgets.js\" charset=\"utf-8\"><\/script>\n<\/div><\/figure>\n\n\n\n<ul class=\"wp-block-list\">\n<li>Al igual que el voto de los franceses en el extranjero o el n\u00famero de poderes emitidos, las previsiones de tr\u00e1fico son una se\u00f1al d\u00e9bil que ofrece informaci\u00f3n sobre la participaci\u00f3n en la segunda vuelta.<\/li>\n\n\n\n<li>Desde la instauraci\u00f3n de la V Rep\u00fablica en 1958, ninguna elecci\u00f3n legislativa se ha celebrado m\u00e1s tarde del 30 de junio. Es la primera vez que se celebran en julio.<\/li>\n<\/ul>\n\n\n\n<div class=\"iframe-container wp-block-image wp-block-image-medium  iframe-dw\">\n\t<div>\n\t\t<iframe class=\"absolute w-full h-full pin-t pin-l\" title=\"titolo\" aria-label=\"Interactive line chart\" src=\"\/\/datawrapper.dwcdn.net\/QSq8b\/\" scrolling=\"no\" frameborder=\"0\"><\/iframe>\n\t<\/div>\n<\/div>\n\n\n\n<p>Como lo muestran <a href=\"https:\/\/legrandcontinent.eu\/es\/2024\/07\/02\/legislativas-francesas-incluso-con-retiradas-masivas-la-caida-de-la-participacion-en-la-segunda-vuelta-podria-dar-la-mayoria-absoluta-a-rn\/\">nuestras proyecciones<\/a>, la abstenci\u00f3n es, en esta fase, <a href=\"https:\/\/legrandcontinent.eu\/es\/2024\/07\/04\/legislativas-francesas-los-datos-lo-muestran-abstenerse-es-en-realidad-elegir-a-la-extrema-derecha-una-conversacion-con-vincent-pons\/\">el principal factor que puede dar a Reagrupaci\u00f3n Nacional la mayor\u00eda absoluta en la Asamblea<\/a>. Mientras que la mayor\u00eda de los institutos de sondeos (Opinionway, Elabe, Ipsos) preve\u00edan el viernes 5 de julio una participaci\u00f3n similar para la primera vuelta (66,71%), los datos hist\u00f3ricos muestran que la abstenci\u00f3n aumenta casi invariablemente entre la primera y la segunda vuelta de las elecciones legislativas (con algunas excepciones, como en 1997).<\/p>\n\n\n\n<div class=\"iframe-container wp-block-image wp-block-image-medium  iframe-dw\">\n\t<div>\n\t\t<iframe class=\"absolute w-full h-full pin-t pin-l\" title=\"titolo\" aria-label=\"Interactive line chart\" src=\"\/\/datawrapper.dwcdn.net\/S7yUe\/\" scrolling=\"no\" frameborder=\"0\"><\/iframe>\n\t<\/div>\n<\/div>\n\n\n\n<p>El aumento del n\u00famero de apoderados entre la primera (2,6 millones, es decir, cuatro veces m\u00e1s que en 2022) y la segunda vuelta (3,3 millones a 5 de julio) sugiere que la participaci\u00f3n podr\u00eda aumentar de nuevo este a\u00f1o ante el riesgo de la llegada de Jordan Bardella a Matignon. Sin embargo, de estos 3,3 millones de apoderados, 2,5 millones son \u00abactivos\u00bb, lo que significa que a\u00fan no han caducado.<\/p>\n","protected":false},"excerpt":{"rendered":"<p>\u00bfPodr\u00edan las vacaciones del primer fin de semana de julio ayudar a impulsar a Jordan Bardella hacia Matignon? Los datos muestran que una mayor abstenci\u00f3n en la segunda vuelta acercar\u00eda a Reagrupaci\u00f3n Nacional al umbral de la mayor\u00eda absoluta.<\/p>\n","protected":false},"author":1366,"featured_media":38957,"comment_status":"closed","ping_status":"closed","sticky":false,"template":"templates\/post-briefings.php","format":"standard","meta":{"_acf_changed":true,"_trash_the_other_posts":false,"_yoast_wpseo_estimated-reading-time-minutes":2,"footnotes":""},"categories":[844],"tags":[],"staff":[],"editorial_format":[],"serie":[],"audience":[],"geo":[177],"class_list":["post-38946","post","type-post","status-publish","format-standard","hentry","category-legislativas-2024","geo-europa"],"acf":{"open_in_webview":false,"accent":false,"_thumbnail_id":38957,"excerpt":"\u00bfPodr\u00edan las vacaciones del primer fin de semana de julio ayudar a impulsar a Jordan Bardella hacia Matignon? Los datos muestran que una mayor abstenci\u00f3n en la segunda vuelta acercar\u00eda a Reagrupaci\u00f3n Nacional al umbral de la mayor\u00eda absoluta.","display_date":"","new_abstract":true},"yoast_head":"<!-- This site is optimized with the Yoast SEO plugin v26.1.1 - https:\/\/yoast.com\/wordpress\/plugins\/seo\/ -->\n<title>\u00bfPueden utilizarse las previsiones de vacaciones de Bison Fut\u00e9 para predecir la participaci\u00f3n en la segunda vuelta? - El Grand Continent<\/title>\n<meta name=\"robots\" content=\"index, follow, max-snippet:-1, max-image-preview:large, max-video-preview:-1\" \/>\n<link rel=\"canonical\" href=\"https:\/\/legrandcontinent.eu\/es\/2024\/07\/05\/pueden-utilizarse-las-previsiones-de-vacaciones-de-bison-fute-para-predecir-la-participacion-en-la-segunda-vuelta\/\" \/>\n<meta property=\"og:locale\" content=\"es_ES\" \/>\n<meta property=\"og:type\" content=\"article\" \/>\n<meta property=\"og:title\" content=\"\u00bfPueden utilizarse las previsiones de vacaciones de Bison Fut\u00e9 para predecir la participaci\u00f3n en la segunda vuelta? - El Grand Continent\" \/>\n<meta property=\"og:description\" content=\"\u00bfPodr\u00edan las vacaciones del primer fin de semana de julio ayudar a impulsar a Jordan Bardella hacia Matignon? Los datos muestran que una mayor abstenci\u00f3n en la segunda vuelta acercar\u00eda a Reagrupaci\u00f3n Nacional al umbral de la mayor\u00eda absoluta.\" \/>\n<meta property=\"og:url\" content=\"https:\/\/legrandcontinent.eu\/es\/2024\/07\/05\/pueden-utilizarse-las-previsiones-de-vacaciones-de-bison-fute-para-predecir-la-participacion-en-la-segunda-vuelta\/\" \/>\n<meta property=\"og:site_name\" content=\"El Grand Continent\" \/>\n<meta property=\"article:published_time\" content=\"2024-07-05T20:30:00+00:00\" \/>\n<meta property=\"og:image\" content=\"https:\/\/legrandcontinent.eu\/es\/wp-content\/uploads\/sites\/6\/2024\/07\/QSq8b-fechas-de-las-elecciones-legislativas-en-francia-desde-1958-.png\" \/>\n\t<meta property=\"og:image:width\" content=\"1444\" \/>\n\t<meta property=\"og:image:height\" content=\"830\" \/>\n\t<meta property=\"og:image:type\" content=\"image\/png\" \/>\n<meta name=\"author\" content=\"florent\" \/>\n<meta name=\"twitter:card\" content=\"summary_large_image\" \/>\n<meta name=\"twitter:label1\" content=\"Escrito por\" \/>\n\t<meta name=\"twitter:data1\" content=\"florent\" \/>\n\t<meta name=\"twitter:label2\" content=\"Tiempo de lectura\" \/>\n\t<meta name=\"twitter:data2\" content=\"2 minutos\" \/>\n<script type=\"application\/ld+json\" class=\"yoast-schema-graph\">{\"@context\":\"https:\/\/schema.org\",\"@graph\":[{\"@type\":\"WebPage\",\"@id\":\"https:\/\/legrandcontinent.eu\/es\/2024\/07\/05\/pueden-utilizarse-las-previsiones-de-vacaciones-de-bison-fute-para-predecir-la-participacion-en-la-segunda-vuelta\/\",\"url\":\"https:\/\/legrandcontinent.eu\/es\/2024\/07\/05\/pueden-utilizarse-las-previsiones-de-vacaciones-de-bison-fute-para-predecir-la-participacion-en-la-segunda-vuelta\/\",\"name\":\"\u00bfPueden utilizarse las previsiones de vacaciones de Bison Fut\u00e9 para predecir la participaci\u00f3n en la segunda vuelta? - El Grand Continent\",\"isPartOf\":{\"@id\":\"https:\/\/legrandcontinent.eu\/es\/#website\"},\"primaryImageOfPage\":{\"@id\":\"https:\/\/legrandcontinent.eu\/es\/2024\/07\/05\/pueden-utilizarse-las-previsiones-de-vacaciones-de-bison-fute-para-predecir-la-participacion-en-la-segunda-vuelta\/#primaryimage\"},\"image\":{\"@id\":\"https:\/\/legrandcontinent.eu\/es\/2024\/07\/05\/pueden-utilizarse-las-previsiones-de-vacaciones-de-bison-fute-para-predecir-la-participacion-en-la-segunda-vuelta\/#primaryimage\"},\"thumbnailUrl\":\"https:\/\/legrandcontinent.eu\/es\/wp-content\/uploads\/sites\/6\/2024\/07\/QSq8b-fechas-de-las-elecciones-legislativas-en-francia-desde-1958-.png\",\"datePublished\":\"2024-07-05T20:30:00+00:00\",\"author\":{\"@id\":\"https:\/\/legrandcontinent.eu\/es\/#\/schema\/person\/cdd782c93d4a9eda86ab19a8c01cdf5c\"},\"breadcrumb\":{\"@id\":\"https:\/\/legrandcontinent.eu\/es\/2024\/07\/05\/pueden-utilizarse-las-previsiones-de-vacaciones-de-bison-fute-para-predecir-la-participacion-en-la-segunda-vuelta\/#breadcrumb\"},\"inLanguage\":\"es\",\"potentialAction\":[{\"@type\":\"ReadAction\",\"target\":[\"https:\/\/legrandcontinent.eu\/es\/2024\/07\/05\/pueden-utilizarse-las-previsiones-de-vacaciones-de-bison-fute-para-predecir-la-participacion-en-la-segunda-vuelta\/\"]}]},{\"@type\":\"ImageObject\",\"inLanguage\":\"es\",\"@id\":\"https:\/\/legrandcontinent.eu\/es\/2024\/07\/05\/pueden-utilizarse-las-previsiones-de-vacaciones-de-bison-fute-para-predecir-la-participacion-en-la-segunda-vuelta\/#primaryimage\",\"url\":\"https:\/\/legrandcontinent.eu\/es\/wp-content\/uploads\/sites\/6\/2024\/07\/QSq8b-fechas-de-las-elecciones-legislativas-en-francia-desde-1958-.png\",\"contentUrl\":\"https:\/\/legrandcontinent.eu\/es\/wp-content\/uploads\/sites\/6\/2024\/07\/QSq8b-fechas-de-las-elecciones-legislativas-en-francia-desde-1958-.png\",\"width\":1444,\"height\":830},{\"@type\":\"BreadcrumbList\",\"@id\":\"https:\/\/legrandcontinent.eu\/es\/2024\/07\/05\/pueden-utilizarse-las-previsiones-de-vacaciones-de-bison-fute-para-predecir-la-participacion-en-la-segunda-vuelta\/#breadcrumb\",\"itemListElement\":[{\"@type\":\"ListItem\",\"position\":1,\"name\":\"Home\",\"item\":\"https:\/\/legrandcontinent.eu\/es\/\"},{\"@type\":\"ListItem\",\"position\":2,\"name\":\"\u00bfPueden utilizarse las previsiones de vacaciones de Bison Fut\u00e9 para predecir la participaci\u00f3n en la segunda vuelta?\"}]},{\"@type\":\"WebSite\",\"@id\":\"https:\/\/legrandcontinent.eu\/es\/#website\",\"url\":\"https:\/\/legrandcontinent.eu\/es\/\",\"name\":\"El Grand Continent\",\"description\":\"La escala pertinente\",\"potentialAction\":[{\"@type\":\"SearchAction\",\"target\":{\"@type\":\"EntryPoint\",\"urlTemplate\":\"https:\/\/legrandcontinent.eu\/es\/?s={search_term_string}\"},\"query-input\":{\"@type\":\"PropertyValueSpecification\",\"valueRequired\":true,\"valueName\":\"search_term_string\"}}],\"inLanguage\":\"es\"},{\"@type\":\"Person\",\"@id\":\"https:\/\/legrandcontinent.eu\/es\/#\/schema\/person\/cdd782c93d4a9eda86ab19a8c01cdf5c\",\"name\":\"florent\",\"image\":{\"@type\":\"ImageObject\",\"inLanguage\":\"es\",\"@id\":\"https:\/\/legrandcontinent.eu\/es\/#\/schema\/person\/image\/\",\"url\":\"https:\/\/secure.gravatar.com\/avatar\/0d38d78c90602daf39b309035cdac6bc?s=96&d=mm&r=g\",\"contentUrl\":\"https:\/\/secure.gravatar.com\/avatar\/0d38d78c90602daf39b309035cdac6bc?s=96&d=mm&r=g\",\"caption\":\"florent\"}}]}<\/script>\n<!-- \/ Yoast SEO plugin. -->","yoast_head_json":{"title":"\u00bfPueden utilizarse las previsiones de vacaciones de Bison Fut\u00e9 para predecir la participaci\u00f3n en la segunda vuelta? - El Grand Continent","robots":{"index":"index","follow":"follow","max-snippet":"max-snippet:-1","max-image-preview":"max-image-preview:large","max-video-preview":"max-video-preview:-1"},"canonical":"https:\/\/legrandcontinent.eu\/es\/2024\/07\/05\/pueden-utilizarse-las-previsiones-de-vacaciones-de-bison-fute-para-predecir-la-participacion-en-la-segunda-vuelta\/","og_locale":"es_ES","og_type":"article","og_title":"\u00bfPueden utilizarse las previsiones de vacaciones de Bison Fut\u00e9 para predecir la participaci\u00f3n en la segunda vuelta? - El Grand Continent","og_description":"\u00bfPodr\u00edan las vacaciones del primer fin de semana de julio ayudar a impulsar a Jordan Bardella hacia Matignon? Los datos muestran que una mayor abstenci\u00f3n en la segunda vuelta acercar\u00eda a Reagrupaci\u00f3n Nacional al umbral de la mayor\u00eda absoluta.","og_url":"https:\/\/legrandcontinent.eu\/es\/2024\/07\/05\/pueden-utilizarse-las-previsiones-de-vacaciones-de-bison-fute-para-predecir-la-participacion-en-la-segunda-vuelta\/","og_site_name":"El Grand Continent","article_published_time":"2024-07-05T20:30:00+00:00","og_image":[{"width":1444,"height":830,"url":"https:\/\/legrandcontinent.eu\/es\/wp-content\/uploads\/sites\/6\/2024\/07\/QSq8b-fechas-de-las-elecciones-legislativas-en-francia-desde-1958-.png","type":"image\/png"}],"author":"florent","twitter_card":"summary_large_image","twitter_misc":{"Escrito por":"florent","Tiempo de lectura":"2 minutos"},"schema":{"@context":"https:\/\/schema.org","@graph":[{"@type":"WebPage","@id":"https:\/\/legrandcontinent.eu\/es\/2024\/07\/05\/pueden-utilizarse-las-previsiones-de-vacaciones-de-bison-fute-para-predecir-la-participacion-en-la-segunda-vuelta\/","url":"https:\/\/legrandcontinent.eu\/es\/2024\/07\/05\/pueden-utilizarse-las-previsiones-de-vacaciones-de-bison-fute-para-predecir-la-participacion-en-la-segunda-vuelta\/","name":"\u00bfPueden utilizarse las previsiones de vacaciones de Bison Fut\u00e9 para predecir la participaci\u00f3n en la segunda vuelta? - El Grand Continent","isPartOf":{"@id":"https:\/\/legrandcontinent.eu\/es\/#website"},"primaryImageOfPage":{"@id":"https:\/\/legrandcontinent.eu\/es\/2024\/07\/05\/pueden-utilizarse-las-previsiones-de-vacaciones-de-bison-fute-para-predecir-la-participacion-en-la-segunda-vuelta\/#primaryimage"},"image":{"@id":"https:\/\/legrandcontinent.eu\/es\/2024\/07\/05\/pueden-utilizarse-las-previsiones-de-vacaciones-de-bison-fute-para-predecir-la-participacion-en-la-segunda-vuelta\/#primaryimage"},"thumbnailUrl":"https:\/\/legrandcontinent.eu\/es\/wp-content\/uploads\/sites\/6\/2024\/07\/QSq8b-fechas-de-las-elecciones-legislativas-en-francia-desde-1958-.png","datePublished":"2024-07-05T20:30:00+00:00","author":{"@id":"https:\/\/legrandcontinent.eu\/es\/#\/schema\/person\/cdd782c93d4a9eda86ab19a8c01cdf5c"},"breadcrumb":{"@id":"https:\/\/legrandcontinent.eu\/es\/2024\/07\/05\/pueden-utilizarse-las-previsiones-de-vacaciones-de-bison-fute-para-predecir-la-participacion-en-la-segunda-vuelta\/#breadcrumb"},"inLanguage":"es","potentialAction":[{"@type":"ReadAction","target":["https:\/\/legrandcontinent.eu\/es\/2024\/07\/05\/pueden-utilizarse-las-previsiones-de-vacaciones-de-bison-fute-para-predecir-la-participacion-en-la-segunda-vuelta\/"]}]},{"@type":"ImageObject","inLanguage":"es","@id":"https:\/\/legrandcontinent.eu\/es\/2024\/07\/05\/pueden-utilizarse-las-previsiones-de-vacaciones-de-bison-fute-para-predecir-la-participacion-en-la-segunda-vuelta\/#primaryimage","url":"https:\/\/legrandcontinent.eu\/es\/wp-content\/uploads\/sites\/6\/2024\/07\/QSq8b-fechas-de-las-elecciones-legislativas-en-francia-desde-1958-.png","contentUrl":"https:\/\/legrandcontinent.eu\/es\/wp-content\/uploads\/sites\/6\/2024\/07\/QSq8b-fechas-de-las-elecciones-legislativas-en-francia-desde-1958-.png","width":1444,"height":830},{"@type":"BreadcrumbList","@id":"https:\/\/legrandcontinent.eu\/es\/2024\/07\/05\/pueden-utilizarse-las-previsiones-de-vacaciones-de-bison-fute-para-predecir-la-participacion-en-la-segunda-vuelta\/#breadcrumb","itemListElement":[{"@type":"ListItem","position":1,"name":"Home","item":"https:\/\/legrandcontinent.eu\/es\/"},{"@type":"ListItem","position":2,"name":"\u00bfPueden utilizarse las previsiones de vacaciones de Bison Fut\u00e9 para predecir la participaci\u00f3n en la segunda vuelta?"}]},{"@type":"WebSite","@id":"https:\/\/legrandcontinent.eu\/es\/#website","url":"https:\/\/legrandcontinent.eu\/es\/","name":"El Grand Continent","description":"La escala pertinente","potentialAction":[{"@type":"SearchAction","target":{"@type":"EntryPoint","urlTemplate":"https:\/\/legrandcontinent.eu\/es\/?s={search_term_string}"},"query-input":{"@type":"PropertyValueSpecification","valueRequired":true,"valueName":"search_term_string"}}],"inLanguage":"es"},{"@type":"Person","@id":"https:\/\/legrandcontinent.eu\/es\/#\/schema\/person\/cdd782c93d4a9eda86ab19a8c01cdf5c","name":"florent","image":{"@type":"ImageObject","inLanguage":"es","@id":"https:\/\/legrandcontinent.eu\/es\/#\/schema\/person\/image\/","url":"https:\/\/secure.gravatar.com\/avatar\/0d38d78c90602daf39b309035cdac6bc?s=96&d=mm&r=g","contentUrl":"https:\/\/secure.gravatar.com\/avatar\/0d38d78c90602daf39b309035cdac6bc?s=96&d=mm&r=g","caption":"florent"}}]}},"lgc_categories":[{"id":844,"name":"Legislativas francesas 2024 a la escala pertinente","slug":"legislativas-2024"}],"lgc_author":null,"feature_image_summary":{"url":"https:\/\/legrandcontinent.eu\/es\/wp-content\/uploads\/sites\/6\/2024\/07\/QSq8b-fechas-de-las-elecciones-legislativas-en-francia-desde-1958-.png","width":1444,"height":830,"alt":""},"feature_image_cover":null,"term_position_data":null,"_links":{"self":[{"href":"https:\/\/legrandcontinent.eu\/es\/wp-json\/wp\/v2\/posts\/38946","targetHints":{"allow":["GET"]}}],"collection":[{"href":"https:\/\/legrandcontinent.eu\/es\/wp-json\/wp\/v2\/posts"}],"about":[{"href":"https:\/\/legrandcontinent.eu\/es\/wp-json\/wp\/v2\/types\/post"}],"author":[{"embeddable":true,"href":"https:\/\/legrandcontinent.eu\/es\/wp-json\/wp\/v2\/users\/1366"}],"replies":[{"embeddable":true,"href":"https:\/\/legrandcontinent.eu\/es\/wp-json\/wp\/v2\/comments?post=38946"}],"version-history":[{"count":0,"href":"https:\/\/legrandcontinent.eu\/es\/wp-json\/wp\/v2\/posts\/38946\/revisions"}],"wp:featuredmedia":[{"embeddable":true,"href":"https:\/\/legrandcontinent.eu\/es\/wp-json\/wp\/v2\/media\/38957"}],"wp:attachment":[{"href":"https:\/\/legrandcontinent.eu\/es\/wp-json\/wp\/v2\/media?parent=38946"}],"wp:term":[{"taxonomy":"category","embeddable":true,"href":"https:\/\/legrandcontinent.eu\/es\/wp-json\/wp\/v2\/categories?post=38946"},{"taxonomy":"post_tag","embeddable":true,"href":"https:\/\/legrandcontinent.eu\/es\/wp-json\/wp\/v2\/tags?post=38946"},{"taxonomy":"staff","embeddable":true,"href":"https:\/\/legrandcontinent.eu\/es\/wp-json\/wp\/v2\/staff?post=38946"},{"taxonomy":"editorial_format","embeddable":true,"href":"https:\/\/legrandcontinent.eu\/es\/wp-json\/wp\/v2\/editorial_format?post=38946"},{"taxonomy":"serie","embeddable":true,"href":"https:\/\/legrandcontinent.eu\/es\/wp-json\/wp\/v2\/serie?post=38946"},{"taxonomy":"audience","embeddable":true,"href":"https:\/\/legrandcontinent.eu\/es\/wp-json\/wp\/v2\/audience?post=38946"},{"taxonomy":"geo","embeddable":true,"href":"https:\/\/legrandcontinent.eu\/es\/wp-json\/wp\/v2\/geo?post=38946"}],"curies":[{"name":"wp","href":"https:\/\/api.w.org\/{rel}","templated":true}]}}