{"id":34821,"date":"2024-05-11T06:00:00","date_gmt":"2024-05-11T04:00:00","guid":{"rendered":"https:\/\/legrandcontinent.eu\/es\/?p=34821"},"modified":"2024-05-11T10:59:03","modified_gmt":"2024-05-11T08:59:03","slug":"transformara-la-inteligencia-artificial-el-mundo-laboral","status":"publish","type":"post","link":"https:\/\/legrandcontinent.eu\/es\/2024\/05\/11\/transformara-la-inteligencia-artificial-el-mundo-laboral\/","title":{"rendered":"\u00bfTransformar\u00e1 la inteligencia artificial el mundo laboral?"},"content":{"rendered":"\n<p>Al igual que ha ocurrido con tecnolog\u00edas anteriores que han transformado profundamente los estilos de vida, la longevidad de la IA y su capacidad para ir m\u00e1s all\u00e1 de la \u00abmoda\u00bb depender\u00e1n de su adopci\u00f3n por parte de las empresas.<\/p>\n\n\n\n<div class=\"iframe-container wp-block-image wp-block-image-medium  iframe-dw\">\n\t<div>\n\t\t<iframe class=\"absolute w-full h-full pin-t pin-l\" title=\"titolo\" aria-label=\"Interactive line chart\" src=\"\/\/datawrapper.dwcdn.net\/VK9Pn\/\" scrolling=\"no\" frameborder=\"0\"><\/iframe>\n\t<\/div>\n<\/div>\n\n\n\n<ul class=\"wp-block-list\">\n<li>Una encuesta realizada en febrero por la Oficina del Censo estadounidense sobre una muestra de 200.000 empresas con sede en Estados Unidos sugiere que el 5,4% de ellas han integrado la inteligencia artificial en sus procesos&nbsp;<span class='whitespace-nowrap'><span id='easy-footnote-1-34821' class='easy-footnote-margin-adjust'><\/span><span class='easy-footnote'><a href='https:\/\/legrandcontinent.eu\/es\/2024\/05\/11\/transformara-la-inteligencia-artificial-el-mundo-laboral\/#easy-footnote-bottom-1-34821' title='Kathryn Bonney, Cory Breaux, Catherine Buffington\u00a0&lt;em&gt;et. al.&lt;\/em&gt;,\u00a0&lt;a href=&quot;https:\/\/www.census.gov\/hfp\/btos\/downloads\/CES-WP-24-16.pdf&quot;&gt;Tracking Firm Use of AI in Real Time\u00a0: A Snapshot from the Business Trends and Outlook Survey&lt;\/a&gt;, U.S. Census Bureau, marzo de 2024.'><sup>1<\/sup><\/a><\/span><\/span>.<\/li>\n\n\n\n<li>Aunque la media en los pa\u00edses de la Uni\u00f3n Europea (8,6% en 2023) es ligeramente superior, la discrepancia puede deberse sobre todo a diferencias en la forma de recoger los datos.<\/li>\n\n\n\n<li>Otra encuesta (de nuevo con muestras desiguales) tambi\u00e9n muestra que las empresas estadounidenses est\u00e1n haciendo un mayor uso del \u00abbig data\u00bb y la IA que sus hom\u00f3logas europeas&nbsp;<span class='whitespace-nowrap'><span id='easy-footnote-2-34821' class='easy-footnote-margin-adjust'><\/span><span class='easy-footnote'><a href='https:\/\/legrandcontinent.eu\/es\/2024\/05\/11\/transformara-la-inteligencia-artificial-el-mundo-laboral\/#easy-footnote-bottom-2-34821' title='&lt;a href=&quot;https:\/\/www.eib.org\/attachments\/lucalli\/20230323_economic_investment_report_2023_2024_en.pdf&quot;&gt;EIB 2023\/2024 Investment Report, Transforming for competitiveness&lt;\/a&gt;, Banco Europeo de Inversiones, 2024.'><sup>2<\/sup><\/a><\/span><\/span>.<\/li>\n<\/ul>\n\n\n\n<div class=\"iframe-container wp-block-image wp-block-image-medium  iframe-dw\">\n\t<div>\n\t\t<iframe class=\"absolute w-full h-full pin-t pin-l\" title=\"titolo\" aria-label=\"Interactive line chart\" src=\"\/\/datawrapper.dwcdn.net\/eckxo\/\" scrolling=\"no\" frameborder=\"0\"><\/iframe>\n\t<\/div>\n<\/div>\n\n\n\n<p>Las primeras se\u00f1ales que tenemos sugieren que la \u00abrevoluci\u00f3n\u00bb que la IA podr\u00eda provocar en t\u00e9rminos de aumento de la productividad, automatizaci\u00f3n de tareas o sustituci\u00f3n del trabajo humano por m\u00e1quinas y programas inform\u00e1ticos no se producir\u00e1 inicialmente a escala de pa\u00edses enteros, sino m\u00e1s bien de empresas individuales del sector servicios, y de grandes grupos en particular&nbsp;<span class='whitespace-nowrap'><span id='easy-footnote-3-34821' class='easy-footnote-margin-adjust'><\/span><span class='easy-footnote'><a href='https:\/\/legrandcontinent.eu\/es\/2024\/05\/11\/transformara-la-inteligencia-artificial-el-mundo-laboral\/#easy-footnote-bottom-3-34821' title='Francesco Filippucci, Peter Gal, Cecilia Jona-Lasinio, Alvaro Leandro y Giuseppe Nicoletti,\u00a0&lt;a href=&quot;https:\/\/www.oecd-ilibrary.org\/docserver\/8d900037-en.pdf?expires=1715356985&amp;amp;id=id&amp;amp;accname=guest&amp;amp;checksum=DFD6D78B8585F08E09C3E8038E8D2D34&quot;&gt;The impact of Artificial Intelligence on productivity, distribution and growth\u00a0: Key mechanisms, initial evidence and policy challenges&lt;\/a&gt;, OECD Artificial Intelligence Papers, abril de 2024.'><sup>3<\/sup><\/a><\/span><\/span>.<\/p>\n\n\n\n<div class=\"iframe-container wp-block-image wp-block-image-medium  iframe-dw\">\n\t<div>\n\t\t<iframe class=\"absolute w-full h-full pin-t pin-l\" title=\"titolo\" aria-label=\"Interactive line chart\" src=\"\/\/datawrapper.dwcdn.net\/GW3Lp\/\" scrolling=\"no\" frameborder=\"0\"><\/iframe>\n\t<\/div>\n<\/div>\n\n\n\n<ul class=\"wp-block-list\">\n<li>Las grandes empresas europeas utilizan la inteligencia artificial (IA) una media de 3,75 veces m\u00e1s que la empresa media de todos los tama\u00f1os, seg\u00fan un informe de la OCDE&nbsp;<span class='whitespace-nowrap'><span id='easy-footnote-4-34821' class='easy-footnote-margin-adjust'><\/span><span class='easy-footnote'><a href='https:\/\/legrandcontinent.eu\/es\/2024\/05\/11\/transformara-la-inteligencia-artificial-el-mundo-laboral\/#easy-footnote-bottom-4-34821' title='OCDE,\u00a0&lt;a href=&quot;https:\/\/www.oecd-ilibrary.org\/economics\/oecd-economic-outlook\/volume-2024\/issue-1_69a0c310-en&quot;&gt;Economic Outlook, Volume 2024 Issue 1&lt;\/a&gt;, 2 de mayo de 2024.'><sup>4<\/sup><\/a><\/span><\/span>.<\/li>\n\n\n\n<li>Goldman Sachs calcula que una media del 25% de las tareas en Estados Unidos y Europa podr\u00edan llegar a automatizarse mediante la IA. En total, esto representar\u00eda 300 millones de puestos de trabajo.<\/li>\n\n\n\n<li>La mayor\u00eda de estos puestos de trabajo estar\u00e1n en el sector servicios: apoyo administrativo, arquitectura, ingenier\u00eda, tareas legales, transacciones financieras, etc.&nbsp;<span class='whitespace-nowrap'><span id='easy-footnote-5-34821' class='easy-footnote-margin-adjust'><\/span><span class='easy-footnote'><a href='https:\/\/legrandcontinent.eu\/es\/2024\/05\/11\/transformara-la-inteligencia-artificial-el-mundo-laboral\/#easy-footnote-bottom-5-34821' title='Jan Hatzius, Joseph Briggs, Devesh Kodnani et Giovanni Pierdomenico,\u00a0&lt;a href=&quot;https:\/\/www.ansa.it\/documents\/1680080409454_ert.pdf&quot;&gt;The Potentially Large Effects of Artificial Intelligence on Economic Growth&lt;\/a&gt;, Goldman Sachs Economics Research, 26 de marzo de 2023.'><sup>5<\/sup><\/a><\/span><\/span>.<\/li>\n<\/ul>\n\n\n\n<div class=\"iframe-container wp-block-image wp-block-image-medium  iframe-dw\">\n\t<div>\n\t\t<iframe class=\"absolute w-full h-full pin-t pin-l\" title=\"titolo\" aria-label=\"Interactive line chart\" src=\"\/\/datawrapper.dwcdn.net\/QURqx\/\" scrolling=\"no\" frameborder=\"0\"><\/iframe>\n\t<\/div>\n<\/div>\n\n\n\n<ul class=\"wp-block-list\">\n<li>Sin embargo, los autores del informe conf\u00edan en que, m\u00e1s que sustituir la mano de obra humana, la IA \u00abcomplementar\u00e1\u00bb las tareas realizadas por los empleados, por lo que no provocar\u00e1 necesariamente despidos; de hecho, actualmente se observa el efecto contrario&nbsp;<span class='whitespace-nowrap'><span id='easy-footnote-6-34821' class='easy-footnote-margin-adjust'><\/span><span class='easy-footnote'><a href='https:\/\/legrandcontinent.eu\/es\/2024\/05\/11\/transformara-la-inteligencia-artificial-el-mundo-laboral\/#easy-footnote-bottom-6-34821' title='\u00ab\u00a0&lt;a href=&quot;https:\/\/www.economist.com\/business\/2024\/02\/29\/how-businesses-are-actually-using-generative-ai&quot;&gt;How businesses are actually using generative AI&lt;\/a&gt;\u00a0\u00bb,\u00a0&lt;em&gt;The Economist&lt;\/em&gt;, 29 de febrero de 2024.'><sup>6<\/sup><\/a><\/span><\/span>.<\/li>\n<\/ul>\n\n\n\n<div class=\"iframe-container wp-block-image wp-block-image-medium  iframe-dw\">\n\t<div>\n\t\t<iframe class=\"absolute w-full h-full pin-t pin-l\" title=\"titolo\" aria-label=\"Interactive line chart\" src=\"\/\/datawrapper.dwcdn.net\/2MeMF\/\" scrolling=\"no\" frameborder=\"0\"><\/iframe>\n\t<\/div>\n<\/div>\n\n\n\n<p>Las empresas estadounidenses han tardado entre 20 y 25 a\u00f1os en adoptar los ordenadores personales y la electricidad desde su desarrollo. Suponiendo que los principales modelos de IA \u00abnacieran\u00bb en torno al a\u00f1o 2022, que marc\u00f3 una explosi\u00f3n en el n\u00famero de modelos de IA con uso intensivo de ordenadores desarrollados en todo el mundo, \u00e9ste es s\u00f3lo el segundo a\u00f1o. Por el momento, la adopci\u00f3n de la IA sigue una trayectoria similar a la de la energ\u00eda el\u00e9ctrica, 125 a\u00f1os antes.<\/p>\n","protected":false},"excerpt":{"rendered":"<p>Desde el desarrollo de los principales modelos de IA, a\u00fan es pronto para saber qu\u00e9 impacto tendr\u00e1 la tecnolog\u00eda en la productividad, el trabajo o el alcance de su adopci\u00f3n por las empresas. Sin embargo, una serie de datos apuntan a algunas posibles trayectorias.<\/p>\n","protected":false},"author":1366,"featured_media":34822,"comment_status":"closed","ping_status":"","sticky":false,"template":"templates\/post-briefings.php","format":"standard","meta":{"_acf_changed":true,"_trash_the_other_posts":false,"_yoast_wpseo_estimated-reading-time-minutes":3,"footnotes":""},"categories":[464],"tags":[],"staff":[],"editorial_format":[],"serie":[],"audience":[],"geo":[198],"class_list":["post-34821","post","type-post","status-publish","format-standard","hentry","category-poderes-de-la-ia","geo-mundo"],"acf":{"open_in_webview":false,"accent":false},"yoast_head":"<!-- This site is optimized with the Yoast SEO plugin v26.1.1 - https:\/\/yoast.com\/wordpress\/plugins\/seo\/ -->\n<title>\u00bfTransformar\u00e1 la inteligencia artificial el mundo laboral? - El Grand Continent<\/title>\n<meta name=\"robots\" content=\"index, follow, max-snippet:-1, max-image-preview:large, max-video-preview:-1\" \/>\n<link rel=\"canonical\" href=\"https:\/\/legrandcontinent.eu\/es\/2024\/05\/11\/transformara-la-inteligencia-artificial-el-mundo-laboral\/\" \/>\n<meta property=\"og:locale\" content=\"es_ES\" \/>\n<meta property=\"og:type\" content=\"article\" \/>\n<meta property=\"og:title\" content=\"\u00bfTransformar\u00e1 la inteligencia artificial el mundo laboral? - El Grand Continent\" \/>\n<meta property=\"og:description\" content=\"Desde el desarrollo de los principales modelos de IA, a\u00fan es pronto para saber qu\u00e9 impacto tendr\u00e1 la tecnolog\u00eda en la productividad, el trabajo o el alcance de su adopci\u00f3n por las empresas. Sin embargo, una serie de datos apuntan a algunas posibles trayectorias.\" \/>\n<meta property=\"og:url\" content=\"https:\/\/legrandcontinent.eu\/es\/2024\/05\/11\/transformara-la-inteligencia-artificial-el-mundo-laboral\/\" \/>\n<meta property=\"og:site_name\" content=\"El Grand Continent\" \/>\n<meta property=\"article:published_time\" content=\"2024-05-11T04:00:00+00:00\" \/>\n<meta property=\"article:modified_time\" content=\"2024-05-11T08:59:03+00:00\" \/>\n<meta property=\"og:image\" content=\"https:\/\/legrandcontinent.eu\/es\/wp-content\/uploads\/sites\/6\/2024\/05\/Capture-decran-2024-05-11-a-10.58.00.png\" \/>\n\t<meta property=\"og:image:width\" content=\"1470\" \/>\n\t<meta property=\"og:image:height\" content=\"992\" \/>\n\t<meta property=\"og:image:type\" content=\"image\/png\" \/>\n<meta name=\"author\" content=\"florent\" \/>\n<meta name=\"twitter:card\" content=\"summary_large_image\" \/>\n<meta name=\"twitter:label1\" content=\"Escrito por\" \/>\n\t<meta name=\"twitter:data1\" content=\"florent\" \/>\n\t<meta name=\"twitter:label2\" content=\"Tiempo de lectura\" \/>\n\t<meta name=\"twitter:data2\" content=\"3 minutos\" \/>\n<script type=\"application\/ld+json\" class=\"yoast-schema-graph\">{\"@context\":\"https:\/\/schema.org\",\"@graph\":[{\"@type\":\"WebPage\",\"@id\":\"https:\/\/legrandcontinent.eu\/es\/2024\/05\/11\/transformara-la-inteligencia-artificial-el-mundo-laboral\/\",\"url\":\"https:\/\/legrandcontinent.eu\/es\/2024\/05\/11\/transformara-la-inteligencia-artificial-el-mundo-laboral\/\",\"name\":\"\u00bfTransformar\u00e1 la inteligencia artificial el mundo laboral? - El Grand Continent\",\"isPartOf\":{\"@id\":\"https:\/\/legrandcontinent.eu\/es\/#website\"},\"primaryImageOfPage\":{\"@id\":\"https:\/\/legrandcontinent.eu\/es\/2024\/05\/11\/transformara-la-inteligencia-artificial-el-mundo-laboral\/#primaryimage\"},\"image\":{\"@id\":\"https:\/\/legrandcontinent.eu\/es\/2024\/05\/11\/transformara-la-inteligencia-artificial-el-mundo-laboral\/#primaryimage\"},\"thumbnailUrl\":\"https:\/\/legrandcontinent.eu\/es\/wp-content\/uploads\/sites\/6\/2024\/05\/Capture-decran-2024-05-11-a-10.58.00.png\",\"datePublished\":\"2024-05-11T04:00:00+00:00\",\"dateModified\":\"2024-05-11T08:59:03+00:00\",\"author\":{\"@id\":\"https:\/\/legrandcontinent.eu\/es\/#\/schema\/person\/cdd782c93d4a9eda86ab19a8c01cdf5c\"},\"breadcrumb\":{\"@id\":\"https:\/\/legrandcontinent.eu\/es\/2024\/05\/11\/transformara-la-inteligencia-artificial-el-mundo-laboral\/#breadcrumb\"},\"inLanguage\":\"es\",\"potentialAction\":[{\"@type\":\"ReadAction\",\"target\":[\"https:\/\/legrandcontinent.eu\/es\/2024\/05\/11\/transformara-la-inteligencia-artificial-el-mundo-laboral\/\"]}]},{\"@type\":\"ImageObject\",\"inLanguage\":\"es\",\"@id\":\"https:\/\/legrandcontinent.eu\/es\/2024\/05\/11\/transformara-la-inteligencia-artificial-el-mundo-laboral\/#primaryimage\",\"url\":\"https:\/\/legrandcontinent.eu\/es\/wp-content\/uploads\/sites\/6\/2024\/05\/Capture-decran-2024-05-11-a-10.58.00.png\",\"contentUrl\":\"https:\/\/legrandcontinent.eu\/es\/wp-content\/uploads\/sites\/6\/2024\/05\/Capture-decran-2024-05-11-a-10.58.00.png\",\"width\":1470,\"height\":992},{\"@type\":\"BreadcrumbList\",\"@id\":\"https:\/\/legrandcontinent.eu\/es\/2024\/05\/11\/transformara-la-inteligencia-artificial-el-mundo-laboral\/#breadcrumb\",\"itemListElement\":[{\"@type\":\"ListItem\",\"position\":1,\"name\":\"Home\",\"item\":\"https:\/\/legrandcontinent.eu\/es\/\"},{\"@type\":\"ListItem\",\"position\":2,\"name\":\"\u00bfTransformar\u00e1 la inteligencia artificial el mundo laboral?\"}]},{\"@type\":\"WebSite\",\"@id\":\"https:\/\/legrandcontinent.eu\/es\/#website\",\"url\":\"https:\/\/legrandcontinent.eu\/es\/\",\"name\":\"El Grand Continent\",\"description\":\"La escala pertinente\",\"potentialAction\":[{\"@type\":\"SearchAction\",\"target\":{\"@type\":\"EntryPoint\",\"urlTemplate\":\"https:\/\/legrandcontinent.eu\/es\/?s={search_term_string}\"},\"query-input\":{\"@type\":\"PropertyValueSpecification\",\"valueRequired\":true,\"valueName\":\"search_term_string\"}}],\"inLanguage\":\"es\"},{\"@type\":\"Person\",\"@id\":\"https:\/\/legrandcontinent.eu\/es\/#\/schema\/person\/cdd782c93d4a9eda86ab19a8c01cdf5c\",\"name\":\"florent\",\"image\":{\"@type\":\"ImageObject\",\"inLanguage\":\"es\",\"@id\":\"https:\/\/legrandcontinent.eu\/es\/#\/schema\/person\/image\/\",\"url\":\"https:\/\/secure.gravatar.com\/avatar\/0d38d78c90602daf39b309035cdac6bc?s=96&d=mm&r=g\",\"contentUrl\":\"https:\/\/secure.gravatar.com\/avatar\/0d38d78c90602daf39b309035cdac6bc?s=96&d=mm&r=g\",\"caption\":\"florent\"}}]}<\/script>\n<!-- \/ Yoast SEO plugin. -->","yoast_head_json":{"title":"\u00bfTransformar\u00e1 la inteligencia artificial el mundo laboral? - El Grand Continent","robots":{"index":"index","follow":"follow","max-snippet":"max-snippet:-1","max-image-preview":"max-image-preview:large","max-video-preview":"max-video-preview:-1"},"canonical":"https:\/\/legrandcontinent.eu\/es\/2024\/05\/11\/transformara-la-inteligencia-artificial-el-mundo-laboral\/","og_locale":"es_ES","og_type":"article","og_title":"\u00bfTransformar\u00e1 la inteligencia artificial el mundo laboral? - El Grand Continent","og_description":"Desde el desarrollo de los principales modelos de IA, a\u00fan es pronto para saber qu\u00e9 impacto tendr\u00e1 la tecnolog\u00eda en la productividad, el trabajo o el alcance de su adopci\u00f3n por las empresas. Sin embargo, una serie de datos apuntan a algunas posibles trayectorias.","og_url":"https:\/\/legrandcontinent.eu\/es\/2024\/05\/11\/transformara-la-inteligencia-artificial-el-mundo-laboral\/","og_site_name":"El Grand Continent","article_published_time":"2024-05-11T04:00:00+00:00","article_modified_time":"2024-05-11T08:59:03+00:00","og_image":[{"width":1470,"height":992,"url":"https:\/\/legrandcontinent.eu\/es\/wp-content\/uploads\/sites\/6\/2024\/05\/Capture-decran-2024-05-11-a-10.58.00.png","type":"image\/png"}],"author":"florent","twitter_card":"summary_large_image","twitter_misc":{"Escrito por":"florent","Tiempo de lectura":"3 minutos"},"schema":{"@context":"https:\/\/schema.org","@graph":[{"@type":"WebPage","@id":"https:\/\/legrandcontinent.eu\/es\/2024\/05\/11\/transformara-la-inteligencia-artificial-el-mundo-laboral\/","url":"https:\/\/legrandcontinent.eu\/es\/2024\/05\/11\/transformara-la-inteligencia-artificial-el-mundo-laboral\/","name":"\u00bfTransformar\u00e1 la inteligencia artificial el mundo laboral? - El Grand Continent","isPartOf":{"@id":"https:\/\/legrandcontinent.eu\/es\/#website"},"primaryImageOfPage":{"@id":"https:\/\/legrandcontinent.eu\/es\/2024\/05\/11\/transformara-la-inteligencia-artificial-el-mundo-laboral\/#primaryimage"},"image":{"@id":"https:\/\/legrandcontinent.eu\/es\/2024\/05\/11\/transformara-la-inteligencia-artificial-el-mundo-laboral\/#primaryimage"},"thumbnailUrl":"https:\/\/legrandcontinent.eu\/es\/wp-content\/uploads\/sites\/6\/2024\/05\/Capture-decran-2024-05-11-a-10.58.00.png","datePublished":"2024-05-11T04:00:00+00:00","dateModified":"2024-05-11T08:59:03+00:00","author":{"@id":"https:\/\/legrandcontinent.eu\/es\/#\/schema\/person\/cdd782c93d4a9eda86ab19a8c01cdf5c"},"breadcrumb":{"@id":"https:\/\/legrandcontinent.eu\/es\/2024\/05\/11\/transformara-la-inteligencia-artificial-el-mundo-laboral\/#breadcrumb"},"inLanguage":"es","potentialAction":[{"@type":"ReadAction","target":["https:\/\/legrandcontinent.eu\/es\/2024\/05\/11\/transformara-la-inteligencia-artificial-el-mundo-laboral\/"]}]},{"@type":"ImageObject","inLanguage":"es","@id":"https:\/\/legrandcontinent.eu\/es\/2024\/05\/11\/transformara-la-inteligencia-artificial-el-mundo-laboral\/#primaryimage","url":"https:\/\/legrandcontinent.eu\/es\/wp-content\/uploads\/sites\/6\/2024\/05\/Capture-decran-2024-05-11-a-10.58.00.png","contentUrl":"https:\/\/legrandcontinent.eu\/es\/wp-content\/uploads\/sites\/6\/2024\/05\/Capture-decran-2024-05-11-a-10.58.00.png","width":1470,"height":992},{"@type":"BreadcrumbList","@id":"https:\/\/legrandcontinent.eu\/es\/2024\/05\/11\/transformara-la-inteligencia-artificial-el-mundo-laboral\/#breadcrumb","itemListElement":[{"@type":"ListItem","position":1,"name":"Home","item":"https:\/\/legrandcontinent.eu\/es\/"},{"@type":"ListItem","position":2,"name":"\u00bfTransformar\u00e1 la inteligencia artificial el mundo laboral?"}]},{"@type":"WebSite","@id":"https:\/\/legrandcontinent.eu\/es\/#website","url":"https:\/\/legrandcontinent.eu\/es\/","name":"El Grand Continent","description":"La escala pertinente","potentialAction":[{"@type":"SearchAction","target":{"@type":"EntryPoint","urlTemplate":"https:\/\/legrandcontinent.eu\/es\/?s={search_term_string}"},"query-input":{"@type":"PropertyValueSpecification","valueRequired":true,"valueName":"search_term_string"}}],"inLanguage":"es"},{"@type":"Person","@id":"https:\/\/legrandcontinent.eu\/es\/#\/schema\/person\/cdd782c93d4a9eda86ab19a8c01cdf5c","name":"florent","image":{"@type":"ImageObject","inLanguage":"es","@id":"https:\/\/legrandcontinent.eu\/es\/#\/schema\/person\/image\/","url":"https:\/\/secure.gravatar.com\/avatar\/0d38d78c90602daf39b309035cdac6bc?s=96&d=mm&r=g","contentUrl":"https:\/\/secure.gravatar.com\/avatar\/0d38d78c90602daf39b309035cdac6bc?s=96&d=mm&r=g","caption":"florent"}}]}},"lgc_categories":[{"id":464,"name":"Poderes de la IA","slug":"poderes-de-la-ia"}],"lgc_author":null,"feature_image_summary":{"url":"https:\/\/legrandcontinent.eu\/es\/wp-content\/uploads\/sites\/6\/2024\/05\/Capture-decran-2024-05-11-a-10.58.00.png","width":1470,"height":992,"alt":""},"feature_image_cover":null,"term_position_data":null,"_links":{"self":[{"href":"https:\/\/legrandcontinent.eu\/es\/wp-json\/wp\/v2\/posts\/34821","targetHints":{"allow":["GET"]}}],"collection":[{"href":"https:\/\/legrandcontinent.eu\/es\/wp-json\/wp\/v2\/posts"}],"about":[{"href":"https:\/\/legrandcontinent.eu\/es\/wp-json\/wp\/v2\/types\/post"}],"author":[{"embeddable":true,"href":"https:\/\/legrandcontinent.eu\/es\/wp-json\/wp\/v2\/users\/1366"}],"replies":[{"embeddable":true,"href":"https:\/\/legrandcontinent.eu\/es\/wp-json\/wp\/v2\/comments?post=34821"}],"version-history":[{"count":0,"href":"https:\/\/legrandcontinent.eu\/es\/wp-json\/wp\/v2\/posts\/34821\/revisions"}],"wp:featuredmedia":[{"embeddable":true,"href":"https:\/\/legrandcontinent.eu\/es\/wp-json\/wp\/v2\/media\/34822"}],"wp:attachment":[{"href":"https:\/\/legrandcontinent.eu\/es\/wp-json\/wp\/v2\/media?parent=34821"}],"wp:term":[{"taxonomy":"category","embeddable":true,"href":"https:\/\/legrandcontinent.eu\/es\/wp-json\/wp\/v2\/categories?post=34821"},{"taxonomy":"post_tag","embeddable":true,"href":"https:\/\/legrandcontinent.eu\/es\/wp-json\/wp\/v2\/tags?post=34821"},{"taxonomy":"staff","embeddable":true,"href":"https:\/\/legrandcontinent.eu\/es\/wp-json\/wp\/v2\/staff?post=34821"},{"taxonomy":"editorial_format","embeddable":true,"href":"https:\/\/legrandcontinent.eu\/es\/wp-json\/wp\/v2\/editorial_format?post=34821"},{"taxonomy":"serie","embeddable":true,"href":"https:\/\/legrandcontinent.eu\/es\/wp-json\/wp\/v2\/serie?post=34821"},{"taxonomy":"audience","embeddable":true,"href":"https:\/\/legrandcontinent.eu\/es\/wp-json\/wp\/v2\/audience?post=34821"},{"taxonomy":"geo","embeddable":true,"href":"https:\/\/legrandcontinent.eu\/es\/wp-json\/wp\/v2\/geo?post=34821"}],"curies":[{"name":"wp","href":"https:\/\/api.w.org\/{rel}","templated":true}]}}