{"id":32956,"date":"2024-04-11T06:00:00","date_gmt":"2024-04-11T04:00:00","guid":{"rendered":"https:\/\/legrandcontinent.eu\/es\/?p=32956"},"modified":"2024-04-10T23:33:32","modified_gmt":"2024-04-10T21:33:32","slug":"en-la-zona-euro-no-se-espera-hoy-ningun-recorte-de-los-tipos-de-interes-oficiales","status":"publish","type":"post","link":"https:\/\/legrandcontinent.eu\/es\/2024\/04\/11\/en-la-zona-euro-no-se-espera-hoy-ningun-recorte-de-los-tipos-de-interes-oficiales\/","title":{"rendered":"En la zona euro, no se espera hoy ning\u00fan recorte de los tipos de inter\u00e9s oficiales"},"content":{"rendered":"\n<p>Persiste el dilema del BCE sobre el momento m\u00e1s adecuado para empezar a recortar sus tipos directores.<\/p>\n\n\n\n<ul class=\"wp-block-list\">\n<li>Es seguro que los tipos se mantendr\u00e1n sin cambios en la reuni\u00f3n de hoy.<\/li>\n\n\n\n<li>Los inversores esperan un primer recorte en junio, seguido de otros dos antes de fin de a\u00f1o.<\/li>\n<\/ul>\n\n\n\n<p>Varios miembros del Consejo de Gobierno ya se han pronunciado sobre el ritmo de la pr\u00f3xima relajaci\u00f3n \u2014lo que supone un cambio significativo respecto al BCE de Draghi, que, a diferencia de Lagarde, no toleraba mucho que se oyeran otras voces en p\u00fablico\u2014.<\/p>\n\n\n\n<ul class=\"wp-block-list\">\n<li>Yannis Stournaras, Gobernador del Banco de Grecia, es el m\u00e1s partidario de dos recortes consecutivos en junio y julio. Edward Scicluna, Ministro de Finanzas de Malta, y Fran\u00e7ois Villeroy de Galhau, Gobernador de la Banco de Francia, preferir\u00edan un recorte esta semana.<\/li>\n<\/ul>\n\n\n\n<ul class=\"wp-block-list\">\n<li>El Presidente del Banco de los Pa\u00edses Bajos, Klaas Knot, se ha pronunciado a favor de un segundo recorte en septiembre.<\/li>\n<\/ul>\n\n\n\n<ul class=\"wp-block-list\">\n<li>Lo mismo ha dicho el Presidente del Bundesbank, Joachim Nagel, que ha indicado que no habr\u00e1 autom\u00e1ticamente nuevas bajadas de tipos tras la primera.<\/li>\n<\/ul>\n\n\n\n<p>Adem\u00e1s de los datos sobre la inflaci\u00f3n, la inflaci\u00f3n subyacente y la din\u00e1mica salarial que informar\u00e1n las decisiones del BCE, las decisiones de la Reserva Federal estadounidense tambi\u00e9n deber\u00edan influir en los pr\u00f3ximos pasos de los europeos.<\/p>\n\n\n\n<div class=\"iframe-container wp-block-image wp-block-image-medium  iframe-dw\">\n\t<div>\n\t\t<iframe class=\"absolute w-full h-full pin-t pin-l\" title=\"titolo\" aria-label=\"Interactive line chart\" src=\"\/\/datawrapper.dwcdn.net\/jGLjT\/\" scrolling=\"no\" frameborder=\"0\"><\/iframe>\n\t<\/div>\n<\/div>\n\n\n\n<ul class=\"wp-block-list\">\n<li>La inflaci\u00f3n est\u00e1 cayendo actualmente m\u00e1s r\u00e1pido de lo previsto en Europa, mientras que supera las expectativas en Estados Unidos. Por cuarto mes consecutivo, la inflaci\u00f3n en la zona euro cay\u00f3 al 2,4% en marzo, frente al 3,5% en Estados Unidos, donde est\u00e1 repuntando.<\/li>\n<\/ul>\n\n\n\n<div class=\"iframe-container wp-block-image wp-block-image-medium  iframe-dw\">\n\t<div>\n\t\t<iframe class=\"absolute w-full h-full pin-t pin-l\" title=\"titolo\" aria-label=\"Interactive line chart\" src=\"\/\/datawrapper.dwcdn.net\/Gz3BY\/\" scrolling=\"no\" frameborder=\"0\"><\/iframe>\n\t<\/div>\n<\/div>\n\n\n\n<p>En un contexto de grandes expectativas, los bancos centrales han suavizado en general su ret\u00f3rica en los \u00faltimos meses, indicando una menor relajaci\u00f3n a lo largo del a\u00f1o de lo que muchos inversores esperaban. Christine Lagarde&nbsp;<span class='whitespace-nowrap'><span id='easy-footnote-1-32956' class='easy-footnote-margin-adjust'><\/span><span class='easy-footnote'><a href='https:\/\/legrandcontinent.eu\/es\/2024\/04\/11\/en-la-zona-euro-no-se-espera-hoy-ningun-recorte-de-los-tipos-de-interes-oficiales\/#easy-footnote-bottom-1-32956' title='&lt;a href=&quot;https:\/\/www.ecb.europa.eu\/press\/press_conference\/monetary-policy-statement\/2024\/html\/ecb.is240307~314650bd5c.en.html&quot;&gt;Conferencia de prensa&lt;\/a&gt;, BCE, 7 de marzo de 2024.'><sup>1<\/sup><\/a><\/span><\/span> insisti\u00f3 en marzo en que el BCE apenas hab\u00eda empezado a discutir recortes de tipos, y Jerome Powell dijo que la relajaci\u00f3n llegar\u00eda \u00aben alg\u00fan momento de este a\u00f1o\u00bb&nbsp;<span class='whitespace-nowrap'><span id='easy-footnote-2-32956' class='easy-footnote-margin-adjust'><\/span><span class='easy-footnote'><a href='https:\/\/legrandcontinent.eu\/es\/2024\/04\/11\/en-la-zona-euro-no-se-espera-hoy-ningun-recorte-de-los-tipos-de-interes-oficiales\/#easy-footnote-bottom-2-32956' title='&lt;a href=&quot;https:\/\/www.federalreserve.gov\/mediacenter\/files\/FOMCpresconf20240320.pdf&quot;&gt;Transcript of Chair Powell\u2019s Press Conference&lt;\/a&gt;, 20 de marzo de 2024.'><sup>2<\/sup><\/a><\/span><\/span>.<\/p>\n\n\n\n<div class=\"iframe-container wp-block-image wp-block-image-medium  iframe-dw\">\n\t<div>\n\t\t<iframe class=\"absolute w-full h-full pin-t pin-l\" title=\"titolo\" aria-label=\"Interactive line chart\" src=\"\/\/datawrapper.dwcdn.net\/KWpy7\/\" scrolling=\"no\" frameborder=\"0\"><\/iframe>\n\t<\/div>\n<\/div>\n\n\n\n<p>En sus \u00faltimas reuniones de marzo, tanto el <a href=\"https:\/\/legrandcontinent.eu\/es\/2024\/03\/07\/el-bce-mantiene-los-tipos-en-maximos-historicos\/\">BCE<\/a> como la FED decidieron mantener sus tipos sin cambios, en el 4-4,75% y el 5,25-5,50% respectivamente.<\/p>\n\n\n\n<p>En febrero, la Comisi\u00f3n Europea rebaj\u00f3 sus previsiones de crecimiento para 2024 del 1,2% al 0,8%. El Gobernador del Banco de Portugal, M\u00e1rio Centeno, dijo en marzo que unos tipos m\u00e1s bajos podr\u00edan evitar una recesi\u00f3n: \u00abPor el momento, no estamos hablando de una recesi\u00f3n en la eurozona \u2014la regi\u00f3n lleva casi a\u00f1o y medio estancada en t\u00e9rminos econ\u00f3micos\u2014. Es probable que cuando la bajada de los tipos de inter\u00e9s empiece a materializarse, sea uno de los factores que eviten una recesi\u00f3n\u00bb&nbsp;<span class='whitespace-nowrap'><span id='easy-footnote-3-32956' class='easy-footnote-margin-adjust'><\/span><span class='easy-footnote'><a href='https:\/\/legrandcontinent.eu\/es\/2024\/04\/11\/en-la-zona-euro-no-se-espera-hoy-ningun-recorte-de-los-tipos-de-interes-oficiales\/#easy-footnote-bottom-3-32956' title='&lt;a href=&quot;https:\/\/www.bnnbloomberg.ca\/ecb-s-centeno-says-cutting-rates-may-help-prevent-a-recession-1.2048407&quot;&gt;ECB\u2019s Centeno Says Cutting Rates May Help Prevent a Recession&lt;\/a&gt;, Bloomberg, 18 de marzo de 2024.'><sup>3<\/sup><\/a><\/span><\/span>.<\/p>\n","protected":false},"excerpt":{"rendered":"<p>Hoy, jueves 11 de abril, el BCE celebra su reuni\u00f3n de pol\u00edtica monetaria. Aunque no se esperan cambios, es probable que los debates se centren en el ritmo de los pr\u00f3ximos recortes de los tipos de inter\u00e9s oficiales. En marzo, la inflaci\u00f3n de la zona euro registr\u00f3 su cuarta ca\u00edda mensual consecutiva.<\/p>\n","protected":false},"author":1366,"featured_media":32957,"comment_status":"closed","ping_status":"","sticky":false,"template":"templates\/post-briefings.php","format":"standard","meta":{"_acf_changed":true,"_trash_the_other_posts":false,"_yoast_wpseo_estimated-reading-time-minutes":3,"footnotes":""},"categories":[5],"tags":[],"staff":[],"editorial_format":[],"serie":[],"audience":[],"geo":[177],"class_list":["post-32956","post","type-post","status-publish","format-standard","hentry","category-economia","geo-europa"],"acf":{"open_in_webview":false,"accent":false,"_thumbnail_id":32957,"excerpt":"Hoy, jueves 11 de abril, el BCE celebra su reuni\u00f3n de pol\u00edtica monetaria. Aunque no se esperan cambios, es probable que los debates se centren en el ritmo de los pr\u00f3ximos recortes de los tipos de inter\u00e9s oficiales. En marzo, la inflaci\u00f3n de la zona euro registr\u00f3 su cuarta ca\u00edda mensual consecutiva.","display_date":"","new_abstract":true},"yoast_head":"<!-- This site is optimized with the Yoast SEO plugin v26.1.1 - https:\/\/yoast.com\/wordpress\/plugins\/seo\/ -->\n<title>En la zona euro, no se espera hoy ning\u00fan recorte de los tipos de inter\u00e9s oficiales - El Grand Continent<\/title>\n<meta name=\"robots\" content=\"index, follow, max-snippet:-1, max-image-preview:large, max-video-preview:-1\" \/>\n<link rel=\"canonical\" href=\"https:\/\/legrandcontinent.eu\/es\/2024\/04\/11\/en-la-zona-euro-no-se-espera-hoy-ningun-recorte-de-los-tipos-de-interes-oficiales\/\" \/>\n<meta property=\"og:locale\" content=\"es_ES\" \/>\n<meta property=\"og:type\" content=\"article\" \/>\n<meta property=\"og:title\" content=\"En la zona euro, no se espera hoy ning\u00fan recorte de los tipos de inter\u00e9s oficiales - El Grand Continent\" \/>\n<meta property=\"og:description\" content=\"Hoy, jueves 11 de abril, el BCE celebra su reuni\u00f3n de pol\u00edtica monetaria. Aunque no se esperan cambios, es probable que los debates se centren en el ritmo de los pr\u00f3ximos recortes de los tipos de inter\u00e9s oficiales. En marzo, la inflaci\u00f3n de la zona euro registr\u00f3 su cuarta ca\u00edda mensual consecutiva.\" \/>\n<meta property=\"og:url\" content=\"https:\/\/legrandcontinent.eu\/es\/2024\/04\/11\/en-la-zona-euro-no-se-espera-hoy-ningun-recorte-de-los-tipos-de-interes-oficiales\/\" \/>\n<meta property=\"og:site_name\" content=\"El Grand Continent\" \/>\n<meta property=\"article:published_time\" content=\"2024-04-11T04:00:00+00:00\" \/>\n<meta property=\"og:image\" content=\"https:\/\/legrandcontinent.eu\/es\/wp-content\/uploads\/sites\/6\/2024\/04\/Capture-decran-2024-04-10-a-23.31.24.png\" \/>\n\t<meta property=\"og:image:width\" content=\"1534\" \/>\n\t<meta property=\"og:image:height\" content=\"826\" \/>\n\t<meta property=\"og:image:type\" content=\"image\/png\" \/>\n<meta name=\"author\" content=\"florent\" \/>\n<meta name=\"twitter:card\" content=\"summary_large_image\" \/>\n<meta name=\"twitter:label1\" content=\"Escrito por\" \/>\n\t<meta name=\"twitter:data1\" content=\"florent\" \/>\n\t<meta name=\"twitter:label2\" content=\"Tiempo de lectura\" \/>\n\t<meta name=\"twitter:data2\" content=\"3 minutos\" \/>\n<script type=\"application\/ld+json\" class=\"yoast-schema-graph\">{\"@context\":\"https:\/\/schema.org\",\"@graph\":[{\"@type\":\"WebPage\",\"@id\":\"https:\/\/legrandcontinent.eu\/es\/2024\/04\/11\/en-la-zona-euro-no-se-espera-hoy-ningun-recorte-de-los-tipos-de-interes-oficiales\/\",\"url\":\"https:\/\/legrandcontinent.eu\/es\/2024\/04\/11\/en-la-zona-euro-no-se-espera-hoy-ningun-recorte-de-los-tipos-de-interes-oficiales\/\",\"name\":\"En la zona euro, no se espera hoy ning\u00fan recorte de los tipos de inter\u00e9s oficiales - El Grand Continent\",\"isPartOf\":{\"@id\":\"https:\/\/legrandcontinent.eu\/es\/#website\"},\"primaryImageOfPage\":{\"@id\":\"https:\/\/legrandcontinent.eu\/es\/2024\/04\/11\/en-la-zona-euro-no-se-espera-hoy-ningun-recorte-de-los-tipos-de-interes-oficiales\/#primaryimage\"},\"image\":{\"@id\":\"https:\/\/legrandcontinent.eu\/es\/2024\/04\/11\/en-la-zona-euro-no-se-espera-hoy-ningun-recorte-de-los-tipos-de-interes-oficiales\/#primaryimage\"},\"thumbnailUrl\":\"https:\/\/legrandcontinent.eu\/es\/wp-content\/uploads\/sites\/6\/2024\/04\/Capture-decran-2024-04-10-a-23.31.24.png\",\"datePublished\":\"2024-04-11T04:00:00+00:00\",\"author\":{\"@id\":\"https:\/\/legrandcontinent.eu\/es\/#\/schema\/person\/cdd782c93d4a9eda86ab19a8c01cdf5c\"},\"breadcrumb\":{\"@id\":\"https:\/\/legrandcontinent.eu\/es\/2024\/04\/11\/en-la-zona-euro-no-se-espera-hoy-ningun-recorte-de-los-tipos-de-interes-oficiales\/#breadcrumb\"},\"inLanguage\":\"es\",\"potentialAction\":[{\"@type\":\"ReadAction\",\"target\":[\"https:\/\/legrandcontinent.eu\/es\/2024\/04\/11\/en-la-zona-euro-no-se-espera-hoy-ningun-recorte-de-los-tipos-de-interes-oficiales\/\"]}]},{\"@type\":\"ImageObject\",\"inLanguage\":\"es\",\"@id\":\"https:\/\/legrandcontinent.eu\/es\/2024\/04\/11\/en-la-zona-euro-no-se-espera-hoy-ningun-recorte-de-los-tipos-de-interes-oficiales\/#primaryimage\",\"url\":\"https:\/\/legrandcontinent.eu\/es\/wp-content\/uploads\/sites\/6\/2024\/04\/Capture-decran-2024-04-10-a-23.31.24.png\",\"contentUrl\":\"https:\/\/legrandcontinent.eu\/es\/wp-content\/uploads\/sites\/6\/2024\/04\/Capture-decran-2024-04-10-a-23.31.24.png\",\"width\":1534,\"height\":826},{\"@type\":\"BreadcrumbList\",\"@id\":\"https:\/\/legrandcontinent.eu\/es\/2024\/04\/11\/en-la-zona-euro-no-se-espera-hoy-ningun-recorte-de-los-tipos-de-interes-oficiales\/#breadcrumb\",\"itemListElement\":[{\"@type\":\"ListItem\",\"position\":1,\"name\":\"Home\",\"item\":\"https:\/\/legrandcontinent.eu\/es\/\"},{\"@type\":\"ListItem\",\"position\":2,\"name\":\"En la zona euro, no se espera hoy ning\u00fan recorte de los tipos de inter\u00e9s oficiales\"}]},{\"@type\":\"WebSite\",\"@id\":\"https:\/\/legrandcontinent.eu\/es\/#website\",\"url\":\"https:\/\/legrandcontinent.eu\/es\/\",\"name\":\"El Grand Continent\",\"description\":\"La escala pertinente\",\"potentialAction\":[{\"@type\":\"SearchAction\",\"target\":{\"@type\":\"EntryPoint\",\"urlTemplate\":\"https:\/\/legrandcontinent.eu\/es\/?s={search_term_string}\"},\"query-input\":{\"@type\":\"PropertyValueSpecification\",\"valueRequired\":true,\"valueName\":\"search_term_string\"}}],\"inLanguage\":\"es\"},{\"@type\":\"Person\",\"@id\":\"https:\/\/legrandcontinent.eu\/es\/#\/schema\/person\/cdd782c93d4a9eda86ab19a8c01cdf5c\",\"name\":\"florent\",\"image\":{\"@type\":\"ImageObject\",\"inLanguage\":\"es\",\"@id\":\"https:\/\/legrandcontinent.eu\/es\/#\/schema\/person\/image\/\",\"url\":\"https:\/\/secure.gravatar.com\/avatar\/0d38d78c90602daf39b309035cdac6bc?s=96&d=mm&r=g\",\"contentUrl\":\"https:\/\/secure.gravatar.com\/avatar\/0d38d78c90602daf39b309035cdac6bc?s=96&d=mm&r=g\",\"caption\":\"florent\"}}]}<\/script>\n<!-- \/ Yoast SEO plugin. -->","yoast_head_json":{"title":"En la zona euro, no se espera hoy ning\u00fan recorte de los tipos de inter\u00e9s oficiales - El Grand Continent","robots":{"index":"index","follow":"follow","max-snippet":"max-snippet:-1","max-image-preview":"max-image-preview:large","max-video-preview":"max-video-preview:-1"},"canonical":"https:\/\/legrandcontinent.eu\/es\/2024\/04\/11\/en-la-zona-euro-no-se-espera-hoy-ningun-recorte-de-los-tipos-de-interes-oficiales\/","og_locale":"es_ES","og_type":"article","og_title":"En la zona euro, no se espera hoy ning\u00fan recorte de los tipos de inter\u00e9s oficiales - El Grand Continent","og_description":"Hoy, jueves 11 de abril, el BCE celebra su reuni\u00f3n de pol\u00edtica monetaria. Aunque no se esperan cambios, es probable que los debates se centren en el ritmo de los pr\u00f3ximos recortes de los tipos de inter\u00e9s oficiales. En marzo, la inflaci\u00f3n de la zona euro registr\u00f3 su cuarta ca\u00edda mensual consecutiva.","og_url":"https:\/\/legrandcontinent.eu\/es\/2024\/04\/11\/en-la-zona-euro-no-se-espera-hoy-ningun-recorte-de-los-tipos-de-interes-oficiales\/","og_site_name":"El Grand Continent","article_published_time":"2024-04-11T04:00:00+00:00","og_image":[{"width":1534,"height":826,"url":"https:\/\/legrandcontinent.eu\/es\/wp-content\/uploads\/sites\/6\/2024\/04\/Capture-decran-2024-04-10-a-23.31.24.png","type":"image\/png"}],"author":"florent","twitter_card":"summary_large_image","twitter_misc":{"Escrito por":"florent","Tiempo de lectura":"3 minutos"},"schema":{"@context":"https:\/\/schema.org","@graph":[{"@type":"WebPage","@id":"https:\/\/legrandcontinent.eu\/es\/2024\/04\/11\/en-la-zona-euro-no-se-espera-hoy-ningun-recorte-de-los-tipos-de-interes-oficiales\/","url":"https:\/\/legrandcontinent.eu\/es\/2024\/04\/11\/en-la-zona-euro-no-se-espera-hoy-ningun-recorte-de-los-tipos-de-interes-oficiales\/","name":"En la zona euro, no se espera hoy ning\u00fan recorte de los tipos de inter\u00e9s oficiales - El Grand Continent","isPartOf":{"@id":"https:\/\/legrandcontinent.eu\/es\/#website"},"primaryImageOfPage":{"@id":"https:\/\/legrandcontinent.eu\/es\/2024\/04\/11\/en-la-zona-euro-no-se-espera-hoy-ningun-recorte-de-los-tipos-de-interes-oficiales\/#primaryimage"},"image":{"@id":"https:\/\/legrandcontinent.eu\/es\/2024\/04\/11\/en-la-zona-euro-no-se-espera-hoy-ningun-recorte-de-los-tipos-de-interes-oficiales\/#primaryimage"},"thumbnailUrl":"https:\/\/legrandcontinent.eu\/es\/wp-content\/uploads\/sites\/6\/2024\/04\/Capture-decran-2024-04-10-a-23.31.24.png","datePublished":"2024-04-11T04:00:00+00:00","author":{"@id":"https:\/\/legrandcontinent.eu\/es\/#\/schema\/person\/cdd782c93d4a9eda86ab19a8c01cdf5c"},"breadcrumb":{"@id":"https:\/\/legrandcontinent.eu\/es\/2024\/04\/11\/en-la-zona-euro-no-se-espera-hoy-ningun-recorte-de-los-tipos-de-interes-oficiales\/#breadcrumb"},"inLanguage":"es","potentialAction":[{"@type":"ReadAction","target":["https:\/\/legrandcontinent.eu\/es\/2024\/04\/11\/en-la-zona-euro-no-se-espera-hoy-ningun-recorte-de-los-tipos-de-interes-oficiales\/"]}]},{"@type":"ImageObject","inLanguage":"es","@id":"https:\/\/legrandcontinent.eu\/es\/2024\/04\/11\/en-la-zona-euro-no-se-espera-hoy-ningun-recorte-de-los-tipos-de-interes-oficiales\/#primaryimage","url":"https:\/\/legrandcontinent.eu\/es\/wp-content\/uploads\/sites\/6\/2024\/04\/Capture-decran-2024-04-10-a-23.31.24.png","contentUrl":"https:\/\/legrandcontinent.eu\/es\/wp-content\/uploads\/sites\/6\/2024\/04\/Capture-decran-2024-04-10-a-23.31.24.png","width":1534,"height":826},{"@type":"BreadcrumbList","@id":"https:\/\/legrandcontinent.eu\/es\/2024\/04\/11\/en-la-zona-euro-no-se-espera-hoy-ningun-recorte-de-los-tipos-de-interes-oficiales\/#breadcrumb","itemListElement":[{"@type":"ListItem","position":1,"name":"Home","item":"https:\/\/legrandcontinent.eu\/es\/"},{"@type":"ListItem","position":2,"name":"En la zona euro, no se espera hoy ning\u00fan recorte de los tipos de inter\u00e9s oficiales"}]},{"@type":"WebSite","@id":"https:\/\/legrandcontinent.eu\/es\/#website","url":"https:\/\/legrandcontinent.eu\/es\/","name":"El Grand Continent","description":"La escala pertinente","potentialAction":[{"@type":"SearchAction","target":{"@type":"EntryPoint","urlTemplate":"https:\/\/legrandcontinent.eu\/es\/?s={search_term_string}"},"query-input":{"@type":"PropertyValueSpecification","valueRequired":true,"valueName":"search_term_string"}}],"inLanguage":"es"},{"@type":"Person","@id":"https:\/\/legrandcontinent.eu\/es\/#\/schema\/person\/cdd782c93d4a9eda86ab19a8c01cdf5c","name":"florent","image":{"@type":"ImageObject","inLanguage":"es","@id":"https:\/\/legrandcontinent.eu\/es\/#\/schema\/person\/image\/","url":"https:\/\/secure.gravatar.com\/avatar\/0d38d78c90602daf39b309035cdac6bc?s=96&d=mm&r=g","contentUrl":"https:\/\/secure.gravatar.com\/avatar\/0d38d78c90602daf39b309035cdac6bc?s=96&d=mm&r=g","caption":"florent"}}]}},"lgc_categories":[{"id":5,"name":"Econom\u00eda","slug":"economia"}],"lgc_author":null,"feature_image_summary":{"url":"https:\/\/legrandcontinent.eu\/es\/wp-content\/uploads\/sites\/6\/2024\/04\/Capture-decran-2024-04-10-a-23.31.24.png","width":1534,"height":826,"alt":""},"feature_image_cover":null,"term_position_data":null,"_links":{"self":[{"href":"https:\/\/legrandcontinent.eu\/es\/wp-json\/wp\/v2\/posts\/32956","targetHints":{"allow":["GET"]}}],"collection":[{"href":"https:\/\/legrandcontinent.eu\/es\/wp-json\/wp\/v2\/posts"}],"about":[{"href":"https:\/\/legrandcontinent.eu\/es\/wp-json\/wp\/v2\/types\/post"}],"author":[{"embeddable":true,"href":"https:\/\/legrandcontinent.eu\/es\/wp-json\/wp\/v2\/users\/1366"}],"replies":[{"embeddable":true,"href":"https:\/\/legrandcontinent.eu\/es\/wp-json\/wp\/v2\/comments?post=32956"}],"version-history":[{"count":0,"href":"https:\/\/legrandcontinent.eu\/es\/wp-json\/wp\/v2\/posts\/32956\/revisions"}],"wp:featuredmedia":[{"embeddable":true,"href":"https:\/\/legrandcontinent.eu\/es\/wp-json\/wp\/v2\/media\/32957"}],"wp:attachment":[{"href":"https:\/\/legrandcontinent.eu\/es\/wp-json\/wp\/v2\/media?parent=32956"}],"wp:term":[{"taxonomy":"category","embeddable":true,"href":"https:\/\/legrandcontinent.eu\/es\/wp-json\/wp\/v2\/categories?post=32956"},{"taxonomy":"post_tag","embeddable":true,"href":"https:\/\/legrandcontinent.eu\/es\/wp-json\/wp\/v2\/tags?post=32956"},{"taxonomy":"staff","embeddable":true,"href":"https:\/\/legrandcontinent.eu\/es\/wp-json\/wp\/v2\/staff?post=32956"},{"taxonomy":"editorial_format","embeddable":true,"href":"https:\/\/legrandcontinent.eu\/es\/wp-json\/wp\/v2\/editorial_format?post=32956"},{"taxonomy":"serie","embeddable":true,"href":"https:\/\/legrandcontinent.eu\/es\/wp-json\/wp\/v2\/serie?post=32956"},{"taxonomy":"audience","embeddable":true,"href":"https:\/\/legrandcontinent.eu\/es\/wp-json\/wp\/v2\/audience?post=32956"},{"taxonomy":"geo","embeddable":true,"href":"https:\/\/legrandcontinent.eu\/es\/wp-json\/wp\/v2\/geo?post=32956"}],"curies":[{"name":"wp","href":"https:\/\/api.w.org\/{rel}","templated":true}]}}