{"id":32823,"date":"2024-04-09T06:00:00","date_gmt":"2024-04-09T04:00:00","guid":{"rendered":"https:\/\/legrandcontinent.eu\/es\/?p=32823"},"modified":"2024-04-08T23:02:22","modified_gmt":"2024-04-08T21:02:22","slug":"rusia-y-la-fortaleza-del-baltico-el-formato-nb8-se-reune-en-suecia","status":"publish","type":"post","link":"https:\/\/legrandcontinent.eu\/es\/2024\/04\/09\/rusia-y-la-fortaleza-del-baltico-el-formato-nb8-se-reune-en-suecia\/","title":{"rendered":"Rusia y la fortaleza del B\u00e1ltico. El formato NB8 se re\u00fane en Suecia"},"content":{"rendered":"\n<p>Creado en los a\u00f1os 90 tras la independencia de los pa\u00edses b\u00e1lticos, el principal objetivo del grupo NB8 es coordinar las pol\u00edticas regionales de los tres pa\u00edses b\u00e1lticos \u2014Estonia, Letonia y Lituania\u2014 con las de los cinco pa\u00edses n\u00f3rdicos \u2014Dinamarca, Finlandia, Noruega, Suecia e Islandia\u2014.<\/p>\n\n\n\n<div class=\"iframe-container wp-block-image wp-block-image-medium  iframe-dw\">\n\t<div>\n\t\t<iframe class=\"absolute w-full h-full pin-t pin-l\" title=\"titolo\" aria-label=\"Interactive line chart\" src=\"\/\/datawrapper.dwcdn.net\/6Jzbn\/\" scrolling=\"no\" frameborder=\"0\"><\/iframe>\n\t<\/div>\n<\/div>\n\n\n\n<ul class=\"wp-block-list\">\n<li>Seg\u00fan el ministro sueco de Asuntos Exteriores, Tobias Billstr\u00f6m, la reuni\u00f3n, que ser\u00e1 coordinada por Suecia, se centrar\u00e1 en el refuerzo de la cooperaci\u00f3n en la regi\u00f3n y en \u00abcuestiones actuales de pol\u00edtica exterior y de seguridad, en particular el apoyo a Ucrania tras la invasi\u00f3n masiva de Rusia\u00bb&nbsp;<span class='whitespace-nowrap'><span id='easy-footnote-1-32823' class='easy-footnote-margin-adjust'><\/span><span class='easy-footnote'><a href='https:\/\/legrandcontinent.eu\/es\/2024\/04\/09\/rusia-y-la-fortaleza-del-baltico-el-formato-nb8-se-reune-en-suecia\/#easy-footnote-bottom-1-32823' title='&lt;a href=&quot;https:\/\/www.government.se\/press-releases\/2024\/03\/foreign-minister-tobias-billstrom-to-host-nordic-baltic-foreign-minister-meeting-in-visby\/&quot;&gt;Foreign minister Tobias Billstr\u00f6m to host Nordic-Baltic foreign minister meeting in Visby&lt;\/a&gt;.'><sup>1<\/sup><\/a><\/span><\/span>.<\/li>\n<\/ul>\n\n\n\n<p>Desde que Suecia ingres\u00f3 en la Alianza Atl\u00e1ntica el 7 de marzo, todos los miembros del NB8 son ya miembros de la OTAN. Los ocho pa\u00edses tambi\u00e9n han firmado o renovado acuerdos bilaterales de seguridad con Estados Unidos en los \u00faltimos a\u00f1os. Recientemente, Dinamarca, Finlandia y Suecia <a href=\"https:\/\/legrandcontinent.eu\/es\/2024\/01\/08\/de-ucrania-al-mar-rojo-10-puntos-sobre-la-defensa-europea-en-2024\/\">han reforzado a\u00fan m\u00e1s su cooperaci\u00f3n en materia de defensa con Washington<\/a> ante la eventualidad del regreso de Donald Trump \u2014y una desvinculaci\u00f3n estadounidense de todo tipo de alianzas, incluida la OTAN\u2014.<\/p>\n\n\n\n<p>La cooperaci\u00f3n en materia de seguridad entre los miembros del NB8 se ha intensificado desde la invasi\u00f3n rusa de Ucrania en febrero de 2022. Su gasto en defensa est\u00e1 ahora entre los m\u00e1s altos de Europa (con la excepci\u00f3n de Islandia, que no tiene ej\u00e9rcito).<\/p>\n\n\n\n<ul class=\"wp-block-list\">\n<li>Estonia, Letonia y Lituania firmaron en enero un acuerdo para crear fortificaciones de defensa conjuntas a lo largo de la frontera con Rusia y Bielorrusia.<\/li>\n<\/ul>\n\n\n\n<ul class=\"wp-block-list\">\n<li>Los planes incluyen la construcci\u00f3n de 600 b\u00fankeres en Estonia a lo largo de su frontera con Rusia, cada uno de los cuales podr\u00e1 albergar un pelot\u00f3n.<\/li>\n<\/ul>\n\n\n\n<ul class=\"wp-block-list\">\n<li>Seg\u00fan el Ministro de Defensa estonio, en tiempos de paz, las minas, el alambre de espino y las barreras antitanque no se desplegar\u00e1n en la frontera, sino que se almacenar\u00e1n en las proximidades. Los pa\u00edses b\u00e1lticos comparten una frontera de 1.600 kil\u00f3metros con Rusia y Bielorrusia.<\/li>\n<\/ul>\n\n\n\n<p>El tema tambi\u00e9n es clave en Finlandia, donde el Gobierno anunci\u00f3 el 4 de abril que prorrogaba \u00abhasta nuevo aviso\u00bb el cierre de su frontera con Rusia, aunque el periodo de cierre decidido en febrero expiraba el 14 de abril. Helsinki acusa a Mosc\u00fa de explotar a los inmigrantes irregulares en su frontera.<\/p>\n\n\n\n<div class=\"iframe-container wp-block-image wp-block-image-medium  iframe-dw\">\n\t<div>\n\t\t<iframe class=\"absolute w-full h-full pin-t pin-l\" title=\"titolo\" aria-label=\"Interactive line chart\" src=\"\/\/datawrapper.dwcdn.net\/hprQZ\/\" scrolling=\"no\" frameborder=\"0\"><\/iframe>\n\t<\/div>\n<\/div>\n\n\n\n<p>Noruega tambi\u00e9n eleva su nivel de preparaci\u00f3n ante las amenazas rusas, anunciando el 3 de abril la reapertura de una base militar en la isla de And\u00f8ya, a unos 300 kil\u00f3metros del C\u00edrculo Polar \u00c1rtico. Cerrada inicialmente en 2023, la base se dedicar\u00e1 a la vigilancia de las regiones mar\u00edtimas septentrionales mediante drones de largo alcance&nbsp;<span class='whitespace-nowrap'><span id='easy-footnote-2-32823' class='easy-footnote-margin-adjust'><\/span><span class='easy-footnote'><a href='https:\/\/legrandcontinent.eu\/es\/2024\/04\/09\/rusia-y-la-fortaleza-del-baltico-el-formato-nb8-se-reune-en-suecia\/#easy-footnote-bottom-2-32823' title='\u00ab\u00a0&lt;a href=&quot;https:\/\/www.nrk.no\/tromsogfinnmark\/regjeringen-vil-omgjore-nedleggelse-av-andoya-flystasjon-_-blir-base-for-langtrekkende-droner-1.16826780&quot;&gt;Regjeringen vil omgj\u00f8re nedleggelse av And\u00f8ya flystasjon \u2013 blir base for langtrekkende droner&lt;\/a&gt;\u00a0\u00bb,\u00a0&lt;em&gt;NRK&lt;\/em&gt;, 3 de abril de 2024.'><sup>2<\/sup><\/a><\/span><\/span>.<\/p>\n","protected":false},"excerpt":{"rendered":"<p>Los ministros de Asuntos Exteriores de los ocho pa\u00edses n\u00f3rdicos y b\u00e1lticos se re\u00fanen hoy en la isla sueca de Gotland en el formato NB8 (Nordic-Baltic Eight). Lanzado en los a\u00f1os noventa, este formato ha visto incrementada su cooperaci\u00f3n en materia de defensa desde la invasi\u00f3n rusa de Ucrania en febrero de 2022. Es la primera vez que todos los pa\u00edses forman parte de la OTAN, por lo que esta reuni\u00f3n abre una secuencia con la cumbre de Washington en julio.<\/p>\n","protected":false},"author":1366,"featured_media":32822,"comment_status":"closed","ping_status":"","sticky":false,"template":"templates\/post-briefings.php","format":"standard","meta":{"_acf_changed":true,"_trash_the_other_posts":false,"_yoast_wpseo_estimated-reading-time-minutes":3,"footnotes":""},"categories":[216],"tags":[],"staff":[],"editorial_format":[],"serie":[],"audience":[],"geo":[199],"class_list":["post-32823","post","type-post","status-publish","format-standard","hentry","category-la-guerra-en-ucrania-dia-a-dia","geo-nordicos"],"acf":{"open_in_webview":false,"accent":false,"_thumbnail_id":32822,"excerpt":"Los ministros de Asuntos Exteriores de los ocho pa\u00edses n\u00f3rdicos y b\u00e1lticos se re\u00fanen hoy en la isla sueca de Gotland en el formato NB8 (Nordic-Baltic Eight). Lanzado en los a\u00f1os noventa, este formato ha visto incrementada su cooperaci\u00f3n en materia de defensa desde la invasi\u00f3n rusa de Ucrania en febrero de 2022. Es la primera vez que todos los pa\u00edses forman parte de la OTAN, por lo que esta reuni\u00f3n abre una secuencia con la cumbre de Washington en julio.","display_date":"","new_abstract":true},"yoast_head":"<!-- This site is optimized with the Yoast SEO plugin v26.1.1 - https:\/\/yoast.com\/wordpress\/plugins\/seo\/ -->\n<title>Rusia y la fortaleza del B\u00e1ltico. El formato NB8 se re\u00fane en Suecia - El Grand Continent<\/title>\n<meta name=\"robots\" content=\"index, follow, max-snippet:-1, max-image-preview:large, max-video-preview:-1\" \/>\n<link rel=\"canonical\" href=\"https:\/\/legrandcontinent.eu\/es\/2024\/04\/09\/rusia-y-la-fortaleza-del-baltico-el-formato-nb8-se-reune-en-suecia\/\" \/>\n<meta property=\"og:locale\" content=\"es_ES\" \/>\n<meta property=\"og:type\" content=\"article\" \/>\n<meta property=\"og:title\" content=\"Rusia y la fortaleza del B\u00e1ltico. El formato NB8 se re\u00fane en Suecia - El Grand Continent\" \/>\n<meta property=\"og:description\" content=\"Los ministros de Asuntos Exteriores de los ocho pa\u00edses n\u00f3rdicos y b\u00e1lticos se re\u00fanen hoy en la isla sueca de Gotland en el formato NB8 (Nordic-Baltic Eight). Lanzado en los a\u00f1os noventa, este formato ha visto incrementada su cooperaci\u00f3n en materia de defensa desde la invasi\u00f3n rusa de Ucrania en febrero de 2022. Es la primera vez que todos los pa\u00edses forman parte de la OTAN, por lo que esta reuni\u00f3n abre una secuencia con la cumbre de Washington en julio.\" \/>\n<meta property=\"og:url\" content=\"https:\/\/legrandcontinent.eu\/es\/2024\/04\/09\/rusia-y-la-fortaleza-del-baltico-el-formato-nb8-se-reune-en-suecia\/\" \/>\n<meta property=\"og:site_name\" content=\"El Grand Continent\" \/>\n<meta property=\"article:published_time\" content=\"2024-04-09T04:00:00+00:00\" \/>\n<meta property=\"og:image\" content=\"https:\/\/legrandcontinent.eu\/es\/wp-content\/uploads\/sites\/2\/2024\/04\/Capture-decran-2024-04-08-a-20.27.31.png\" \/>\n\t<meta property=\"og:image:width\" content=\"1508\" \/>\n\t<meta property=\"og:image:height\" content=\"1348\" \/>\n\t<meta property=\"og:image:type\" content=\"image\/png\" \/>\n<meta name=\"author\" content=\"florent\" \/>\n<meta name=\"twitter:card\" content=\"summary_large_image\" \/>\n<meta name=\"twitter:label1\" content=\"Escrito por\" \/>\n\t<meta name=\"twitter:data1\" content=\"florent\" \/>\n\t<meta name=\"twitter:label2\" content=\"Tiempo de lectura\" \/>\n\t<meta name=\"twitter:data2\" content=\"3 minutos\" \/>\n<script type=\"application\/ld+json\" class=\"yoast-schema-graph\">{\"@context\":\"https:\/\/schema.org\",\"@graph\":[{\"@type\":\"WebPage\",\"@id\":\"https:\/\/legrandcontinent.eu\/es\/2024\/04\/09\/rusia-y-la-fortaleza-del-baltico-el-formato-nb8-se-reune-en-suecia\/\",\"url\":\"https:\/\/legrandcontinent.eu\/es\/2024\/04\/09\/rusia-y-la-fortaleza-del-baltico-el-formato-nb8-se-reune-en-suecia\/\",\"name\":\"Rusia y la fortaleza del B\u00e1ltico. El formato NB8 se re\u00fane en Suecia - El Grand Continent\",\"isPartOf\":{\"@id\":\"https:\/\/legrandcontinent.eu\/es\/#website\"},\"primaryImageOfPage\":{\"@id\":\"https:\/\/legrandcontinent.eu\/es\/2024\/04\/09\/rusia-y-la-fortaleza-del-baltico-el-formato-nb8-se-reune-en-suecia\/#primaryimage\"},\"image\":{\"@id\":\"https:\/\/legrandcontinent.eu\/es\/2024\/04\/09\/rusia-y-la-fortaleza-del-baltico-el-formato-nb8-se-reune-en-suecia\/#primaryimage\"},\"thumbnailUrl\":\"https:\/\/legrandcontinent.eu\/es\/wp-content\/uploads\/sites\/2\/2024\/04\/Capture-decran-2024-04-08-a-20.27.31.png\",\"datePublished\":\"2024-04-09T04:00:00+00:00\",\"author\":{\"@id\":\"https:\/\/legrandcontinent.eu\/es\/#\/schema\/person\/cdd782c93d4a9eda86ab19a8c01cdf5c\"},\"breadcrumb\":{\"@id\":\"https:\/\/legrandcontinent.eu\/es\/2024\/04\/09\/rusia-y-la-fortaleza-del-baltico-el-formato-nb8-se-reune-en-suecia\/#breadcrumb\"},\"inLanguage\":\"es\",\"potentialAction\":[{\"@type\":\"ReadAction\",\"target\":[\"https:\/\/legrandcontinent.eu\/es\/2024\/04\/09\/rusia-y-la-fortaleza-del-baltico-el-formato-nb8-se-reune-en-suecia\/\"]}]},{\"@type\":\"ImageObject\",\"inLanguage\":\"es\",\"@id\":\"https:\/\/legrandcontinent.eu\/es\/2024\/04\/09\/rusia-y-la-fortaleza-del-baltico-el-formato-nb8-se-reune-en-suecia\/#primaryimage\",\"url\":\"https:\/\/legrandcontinent.eu\/es\/wp-content\/uploads\/sites\/2\/2024\/04\/Capture-decran-2024-04-08-a-20.27.31.png\",\"contentUrl\":\"https:\/\/legrandcontinent.eu\/es\/wp-content\/uploads\/sites\/2\/2024\/04\/Capture-decran-2024-04-08-a-20.27.31.png\",\"width\":1508,\"height\":1348},{\"@type\":\"BreadcrumbList\",\"@id\":\"https:\/\/legrandcontinent.eu\/es\/2024\/04\/09\/rusia-y-la-fortaleza-del-baltico-el-formato-nb8-se-reune-en-suecia\/#breadcrumb\",\"itemListElement\":[{\"@type\":\"ListItem\",\"position\":1,\"name\":\"Home\",\"item\":\"https:\/\/legrandcontinent.eu\/es\/\"},{\"@type\":\"ListItem\",\"position\":2,\"name\":\"Rusia y la fortaleza del B\u00e1ltico. El formato NB8 se re\u00fane en Suecia\"}]},{\"@type\":\"WebSite\",\"@id\":\"https:\/\/legrandcontinent.eu\/es\/#website\",\"url\":\"https:\/\/legrandcontinent.eu\/es\/\",\"name\":\"El Grand Continent\",\"description\":\"La escala pertinente\",\"potentialAction\":[{\"@type\":\"SearchAction\",\"target\":{\"@type\":\"EntryPoint\",\"urlTemplate\":\"https:\/\/legrandcontinent.eu\/es\/?s={search_term_string}\"},\"query-input\":{\"@type\":\"PropertyValueSpecification\",\"valueRequired\":true,\"valueName\":\"search_term_string\"}}],\"inLanguage\":\"es\"},{\"@type\":\"Person\",\"@id\":\"https:\/\/legrandcontinent.eu\/es\/#\/schema\/person\/cdd782c93d4a9eda86ab19a8c01cdf5c\",\"name\":\"florent\",\"image\":{\"@type\":\"ImageObject\",\"inLanguage\":\"es\",\"@id\":\"https:\/\/legrandcontinent.eu\/es\/#\/schema\/person\/image\/\",\"url\":\"https:\/\/secure.gravatar.com\/avatar\/0d38d78c90602daf39b309035cdac6bc?s=96&d=mm&r=g\",\"contentUrl\":\"https:\/\/secure.gravatar.com\/avatar\/0d38d78c90602daf39b309035cdac6bc?s=96&d=mm&r=g\",\"caption\":\"florent\"}}]}<\/script>\n<!-- \/ Yoast SEO plugin. -->","yoast_head_json":{"title":"Rusia y la fortaleza del B\u00e1ltico. El formato NB8 se re\u00fane en Suecia - El Grand Continent","robots":{"index":"index","follow":"follow","max-snippet":"max-snippet:-1","max-image-preview":"max-image-preview:large","max-video-preview":"max-video-preview:-1"},"canonical":"https:\/\/legrandcontinent.eu\/es\/2024\/04\/09\/rusia-y-la-fortaleza-del-baltico-el-formato-nb8-se-reune-en-suecia\/","og_locale":"es_ES","og_type":"article","og_title":"Rusia y la fortaleza del B\u00e1ltico. El formato NB8 se re\u00fane en Suecia - El Grand Continent","og_description":"Los ministros de Asuntos Exteriores de los ocho pa\u00edses n\u00f3rdicos y b\u00e1lticos se re\u00fanen hoy en la isla sueca de Gotland en el formato NB8 (Nordic-Baltic Eight). Lanzado en los a\u00f1os noventa, este formato ha visto incrementada su cooperaci\u00f3n en materia de defensa desde la invasi\u00f3n rusa de Ucrania en febrero de 2022. Es la primera vez que todos los pa\u00edses forman parte de la OTAN, por lo que esta reuni\u00f3n abre una secuencia con la cumbre de Washington en julio.","og_url":"https:\/\/legrandcontinent.eu\/es\/2024\/04\/09\/rusia-y-la-fortaleza-del-baltico-el-formato-nb8-se-reune-en-suecia\/","og_site_name":"El Grand Continent","article_published_time":"2024-04-09T04:00:00+00:00","og_image":[{"width":1508,"height":1348,"url":"https:\/\/legrandcontinent.eu\/es\/wp-content\/uploads\/sites\/2\/2024\/04\/Capture-decran-2024-04-08-a-20.27.31.png","type":"image\/png"}],"author":"florent","twitter_card":"summary_large_image","twitter_misc":{"Escrito por":"florent","Tiempo de lectura":"3 minutos"},"schema":{"@context":"https:\/\/schema.org","@graph":[{"@type":"WebPage","@id":"https:\/\/legrandcontinent.eu\/es\/2024\/04\/09\/rusia-y-la-fortaleza-del-baltico-el-formato-nb8-se-reune-en-suecia\/","url":"https:\/\/legrandcontinent.eu\/es\/2024\/04\/09\/rusia-y-la-fortaleza-del-baltico-el-formato-nb8-se-reune-en-suecia\/","name":"Rusia y la fortaleza del B\u00e1ltico. El formato NB8 se re\u00fane en Suecia - El Grand Continent","isPartOf":{"@id":"https:\/\/legrandcontinent.eu\/es\/#website"},"primaryImageOfPage":{"@id":"https:\/\/legrandcontinent.eu\/es\/2024\/04\/09\/rusia-y-la-fortaleza-del-baltico-el-formato-nb8-se-reune-en-suecia\/#primaryimage"},"image":{"@id":"https:\/\/legrandcontinent.eu\/es\/2024\/04\/09\/rusia-y-la-fortaleza-del-baltico-el-formato-nb8-se-reune-en-suecia\/#primaryimage"},"thumbnailUrl":"https:\/\/legrandcontinent.eu\/es\/wp-content\/uploads\/sites\/2\/2024\/04\/Capture-decran-2024-04-08-a-20.27.31.png","datePublished":"2024-04-09T04:00:00+00:00","author":{"@id":"https:\/\/legrandcontinent.eu\/es\/#\/schema\/person\/cdd782c93d4a9eda86ab19a8c01cdf5c"},"breadcrumb":{"@id":"https:\/\/legrandcontinent.eu\/es\/2024\/04\/09\/rusia-y-la-fortaleza-del-baltico-el-formato-nb8-se-reune-en-suecia\/#breadcrumb"},"inLanguage":"es","potentialAction":[{"@type":"ReadAction","target":["https:\/\/legrandcontinent.eu\/es\/2024\/04\/09\/rusia-y-la-fortaleza-del-baltico-el-formato-nb8-se-reune-en-suecia\/"]}]},{"@type":"ImageObject","inLanguage":"es","@id":"https:\/\/legrandcontinent.eu\/es\/2024\/04\/09\/rusia-y-la-fortaleza-del-baltico-el-formato-nb8-se-reune-en-suecia\/#primaryimage","url":"https:\/\/legrandcontinent.eu\/es\/wp-content\/uploads\/sites\/2\/2024\/04\/Capture-decran-2024-04-08-a-20.27.31.png","contentUrl":"https:\/\/legrandcontinent.eu\/es\/wp-content\/uploads\/sites\/2\/2024\/04\/Capture-decran-2024-04-08-a-20.27.31.png","width":1508,"height":1348},{"@type":"BreadcrumbList","@id":"https:\/\/legrandcontinent.eu\/es\/2024\/04\/09\/rusia-y-la-fortaleza-del-baltico-el-formato-nb8-se-reune-en-suecia\/#breadcrumb","itemListElement":[{"@type":"ListItem","position":1,"name":"Home","item":"https:\/\/legrandcontinent.eu\/es\/"},{"@type":"ListItem","position":2,"name":"Rusia y la fortaleza del B\u00e1ltico. El formato NB8 se re\u00fane en Suecia"}]},{"@type":"WebSite","@id":"https:\/\/legrandcontinent.eu\/es\/#website","url":"https:\/\/legrandcontinent.eu\/es\/","name":"El Grand Continent","description":"La escala pertinente","potentialAction":[{"@type":"SearchAction","target":{"@type":"EntryPoint","urlTemplate":"https:\/\/legrandcontinent.eu\/es\/?s={search_term_string}"},"query-input":{"@type":"PropertyValueSpecification","valueRequired":true,"valueName":"search_term_string"}}],"inLanguage":"es"},{"@type":"Person","@id":"https:\/\/legrandcontinent.eu\/es\/#\/schema\/person\/cdd782c93d4a9eda86ab19a8c01cdf5c","name":"florent","image":{"@type":"ImageObject","inLanguage":"es","@id":"https:\/\/legrandcontinent.eu\/es\/#\/schema\/person\/image\/","url":"https:\/\/secure.gravatar.com\/avatar\/0d38d78c90602daf39b309035cdac6bc?s=96&d=mm&r=g","contentUrl":"https:\/\/secure.gravatar.com\/avatar\/0d38d78c90602daf39b309035cdac6bc?s=96&d=mm&r=g","caption":"florent"}}]}},"lgc_categories":[{"id":216,"name":"La guerra en Ucrania d\u00eda a d\u00eda","slug":"la-guerra-en-ucrania-dia-a-dia"}],"lgc_author":null,"feature_image_summary":{"url":"https:\/\/legrandcontinent.eu\/es\/wp-content\/uploads\/sites\/2\/2024\/04\/Capture-decran-2024-04-08-a-20.27.31.png","width":1508,"height":1348,"alt":""},"feature_image_cover":null,"term_position_data":null,"_links":{"self":[{"href":"https:\/\/legrandcontinent.eu\/es\/wp-json\/wp\/v2\/posts\/32823","targetHints":{"allow":["GET"]}}],"collection":[{"href":"https:\/\/legrandcontinent.eu\/es\/wp-json\/wp\/v2\/posts"}],"about":[{"href":"https:\/\/legrandcontinent.eu\/es\/wp-json\/wp\/v2\/types\/post"}],"author":[{"embeddable":true,"href":"https:\/\/legrandcontinent.eu\/es\/wp-json\/wp\/v2\/users\/1366"}],"replies":[{"embeddable":true,"href":"https:\/\/legrandcontinent.eu\/es\/wp-json\/wp\/v2\/comments?post=32823"}],"version-history":[{"count":0,"href":"https:\/\/legrandcontinent.eu\/es\/wp-json\/wp\/v2\/posts\/32823\/revisions"}],"wp:featuredmedia":[{"embeddable":true,"href":"https:\/\/legrandcontinent.eu\/es\/wp-json\/wp\/v2\/media\/32822"}],"wp:attachment":[{"href":"https:\/\/legrandcontinent.eu\/es\/wp-json\/wp\/v2\/media?parent=32823"}],"wp:term":[{"taxonomy":"category","embeddable":true,"href":"https:\/\/legrandcontinent.eu\/es\/wp-json\/wp\/v2\/categories?post=32823"},{"taxonomy":"post_tag","embeddable":true,"href":"https:\/\/legrandcontinent.eu\/es\/wp-json\/wp\/v2\/tags?post=32823"},{"taxonomy":"staff","embeddable":true,"href":"https:\/\/legrandcontinent.eu\/es\/wp-json\/wp\/v2\/staff?post=32823"},{"taxonomy":"editorial_format","embeddable":true,"href":"https:\/\/legrandcontinent.eu\/es\/wp-json\/wp\/v2\/editorial_format?post=32823"},{"taxonomy":"serie","embeddable":true,"href":"https:\/\/legrandcontinent.eu\/es\/wp-json\/wp\/v2\/serie?post=32823"},{"taxonomy":"audience","embeddable":true,"href":"https:\/\/legrandcontinent.eu\/es\/wp-json\/wp\/v2\/audience?post=32823"},{"taxonomy":"geo","embeddable":true,"href":"https:\/\/legrandcontinent.eu\/es\/wp-json\/wp\/v2\/geo?post=32823"}],"curies":[{"name":"wp","href":"https:\/\/api.w.org\/{rel}","templated":true}]}}