{"id":32795,"date":"2024-04-08T15:06:00","date_gmt":"2024-04-08T13:06:00","guid":{"rendered":"https:\/\/legrandcontinent.eu\/es\/?p=32795"},"modified":"2024-04-09T12:40:38","modified_gmt":"2024-04-09T10:40:38","slug":"crisis-diplomatica-entre-mexico-y-ecuador-reacciones-a-la-incursion-de-quito-en-america-latina-mapa-exclusivo","status":"publish","type":"post","link":"https:\/\/legrandcontinent.eu\/es\/2024\/04\/08\/crisis-diplomatica-entre-mexico-y-ecuador-reacciones-a-la-incursion-de-quito-en-america-latina-mapa-exclusivo\/","title":{"rendered":"Crisis diplom\u00e1tica entre M\u00e9xico y Ecuador: reacciones a la incursi\u00f3n de Quito en Am\u00e9rica Latina [mapa exclusivo]"},"content":{"rendered":"\n<p>En la noche del viernes 5 de abril, las fuerzas armadas ecuatorianas <a href=\"https:\/\/legrandcontinent.eu\/es\/2024\/04\/06\/mexico-suspende-sus-relaciones-diplomaticas-con-ecuador\/\">entraron en la embajada de M\u00e9xico en Quito<\/a>, capital de Ecuador, para detener al ex vicepresidente Jorge Glas, sobre quien pesaba una orden de detenci\u00f3n y que se hab\u00eda refugiado all\u00ed.<\/p>\n\n\n\n<p>Esta violaci\u00f3n del art\u00edculo 22 de la Convenci\u00f3n de Viena sobre Relaciones Diplom\u00e1ticas de 1961 \u2014que garantiza la inviolabilidad de los locales de las misiones diplom\u00e1ticas\u2014 desat\u00f3 una ola de indignaci\u00f3n regional e internacional, poniendo de manifiesto una serie de fisuras en Am\u00e9rica Latina&nbsp;<span class='whitespace-nowrap'><span id='easy-footnote-1-32795' class='easy-footnote-margin-adjust'><\/span><span class='easy-footnote'><a href='https:\/\/legrandcontinent.eu\/es\/2024\/04\/08\/crisis-diplomatica-entre-mexico-y-ecuador-reacciones-a-la-incursion-de-quito-en-america-latina-mapa-exclusivo\/#easy-footnote-bottom-1-32795' title='&lt;a href=&quot;https:\/\/legal.un.org\/ilc\/texts\/instruments\/english\/conventions\/9_1_1961.pdf&quot;&gt;Vienna Convention on Diplomatic Relations (1961)&lt;\/a&gt;, Naciones Unidas.'><sup>1<\/sup><\/a><\/span><\/span>.<\/p>\n\n\n\n<div class=\"iframe-container wp-block-image wp-block-image-large  iframe-dw\">\n\t<div>\n\t\t<iframe class=\"absolute w-full h-full pin-t pin-l\" title=\"titolo\" aria-label=\"Interactive line chart\" src=\"\/\/datawrapper.dwcdn.net\/CdouH\/\" scrolling=\"no\" frameborder=\"0\"><\/iframe>\n\t<\/div>\n<\/div>\n\n\n\n<ul class=\"wp-block-list\">\n<li>El lunes 8 de abril a las 15:00 (Madrid), nueve pa\u00edses de Am\u00e9rica Latina y el Caribe condenaron en\u00e9rgicamente esta acci\u00f3n, incluidas las principales potencias regionales: Brasil, Argentina, Chile, Colombia&#8230; <\/li>\n\n\n\n<li>Trece pa\u00edses no condenaron a Ecuador, pero expresaron \u00abpreocupaci\u00f3n\u00bb o \u00abinquietud\u00bb. En total, todos los pa\u00edses del Cono Sur reaccionaron, a excepci\u00f3n de El Salvador, liderado por Nayib Bukele.<\/li>\n\n\n\n<li>La mayor\u00eda de estos Estados expresaron su postura a trav\u00e9s de un comunicado emitido por la Comunidad del Caribe (CARICOM), que agrupa a 17 pa\u00edses de la regi\u00f3n, entre ellos Guyana, Bahamas, Belice y Trinidad y Tobago&nbsp;<span class='whitespace-nowrap'><span id='easy-footnote-2-32795' class='easy-footnote-margin-adjust'><\/span><span class='easy-footnote'><a href='https:\/\/legrandcontinent.eu\/es\/2024\/04\/08\/crisis-diplomatica-entre-mexico-y-ecuador-reacciones-a-la-incursion-de-quito-en-america-latina-mapa-exclusivo\/#easy-footnote-bottom-2-32795' title='&lt;a href=&quot;https:\/\/caricom.org\/statement-of-the-caribbean-community-on-events-in-ecuador\/&quot;&gt;Statement Of The Caribbean Community On Events In Ecuador&lt;\/a&gt;, CARICOM, 7 de abril de 2024.'><sup>2<\/sup><\/a><\/span><\/span>.<\/li>\n\n\n\n<li>La presidenta de Honduras, Xiomara Castro, que ha condenado \u00aben\u00e9rgicamente esta violaci\u00f3n de la soberan\u00eda del Estado mexicano y del derecho internacional\u00bb, ocupa actualmente la presidencia de la CELAC. Ha convocado una reuni\u00f3n este lunes 8 de abril para tratar el tema.<\/li>\n<\/ul>\n\n\n\n<p>M\u00e9xico y Nicaragua son los \u00fanicos Estados que han suspendido sus relaciones diplom\u00e1ticas con Ecuador \u00abante la flagrante violaci\u00f3n de la Convenci\u00f3n de Viena sobre Relaciones Diplom\u00e1ticas y las lesiones sufridas por el personal diplom\u00e1tico mexicano en Ecuador\u00bb&nbsp;<span class='whitespace-nowrap'><span id='easy-footnote-3-32795' class='easy-footnote-margin-adjust'><\/span><span class='easy-footnote'><a href='https:\/\/legrandcontinent.eu\/es\/2024\/04\/08\/crisis-diplomatica-entre-mexico-y-ecuador-reacciones-a-la-incursion-de-quito-en-america-latina-mapa-exclusivo\/#easy-footnote-bottom-3-32795' title='&lt;a href=&quot;https:\/\/twitter.com\/aliciabarcena\/status\/1776472650778358097&quot;&gt;Publicaci\u00f3n de Alicia B\u00e1rcena, secretaria mexicana de Relaciones Exteriores&lt;\/a&gt;, en X (Twitter), 6 de abril de 2024.'><sup>3<\/sup><\/a><\/span><\/span>.<\/p>\n\n\n\n<p>El alineamiento de Nicaragua con la posici\u00f3n de M\u00e9xico puede entenderse por el hecho de que en la embajada nicarag\u00fcense en Panam\u00e1 se encuentra el ex presidente paname\u00f1o Ricardo Martinelli, condenado a 10 a\u00f1os y 8 meses de prisi\u00f3n por blanqueo de dinero en el caso New Business \u2014a quien Nicaragua concedi\u00f3 entonces el asilo pol\u00edtico\u2014. Dependiendo de c\u00f3mo evolucione el caso de Ecuador, la pr\u00f3xima crisis diplom\u00e1tica bien podr\u00eda implicar a Panam\u00e1 y Nicaragua.<\/p>\n\n\n\n<ul class=\"wp-block-list\">\n<li>Los Estados miembros de la Uni\u00f3n Europea, a trav\u00e9s del Alto Representante Josep Borrell, y Estados Unidos tambi\u00e9n han condenado en\u00e9rgicamente esta violaci\u00f3n.<\/li>\n\n\n\n<li>El Ministerio de Asuntos Exteriores de Canad\u00e1 (Global Affairs Canada) declar\u00f3 estar \u00abprofundamente preocupado por la aparente violaci\u00f3n de la Convenci\u00f3n de Viena sobre Relaciones Diplom\u00e1ticas de 1961\u00bb, sin expresar ninguna condena formal a Quito&nbsp;<span class='whitespace-nowrap'><span id='easy-footnote-4-32795' class='easy-footnote-margin-adjust'><\/span><span class='easy-footnote'><a href='https:\/\/legrandcontinent.eu\/es\/2024\/04\/08\/crisis-diplomatica-entre-mexico-y-ecuador-reacciones-a-la-incursion-de-quito-en-america-latina-mapa-exclusivo\/#easy-footnote-bottom-4-32795' title='&lt;a href=&quot;https:\/\/twitter.com\/CanadaPE\/status\/1776779775975051347&quot;&gt;Publicaci\u00f3n de Affaires mondiales Canada en X (Twitter)&lt;\/a&gt;, 7 de abril de 2024.'><sup>4<\/sup><\/a><\/span><\/span>. Cabe destacar, <a href=\"https:\/\/legrandcontinent.eu\/es\/2024\/04\/06\/ecuador-lo-que-ha-hecho-noboa-es-extremadamente-grave-una-conversacion-con-el-ex-canciller-ecuatoriano-guillaume-long\/\">como se\u00f1ala el ex canciller ecuatoriano Guillaume Long<\/a>, que Noboa realiz\u00f3 una visita oficial a Canad\u00e1 a principios de marzo con el objetivo de forjar lazos econ\u00f3micos y de otro tipo.<\/li>\n\n\n\n<li>Por el momento, Rusia y China no se han pronunciado p\u00fablicamente sobre el tema.<\/li>\n\n\n\n<li>Ir\u00e1n \u00absubray\u00f3 la importancia y la necesidad de respetar la inmunidad, garantizar la seguridad y la protecci\u00f3n de las sedes y misiones diplom\u00e1ticas y consulares, y calific\u00f3 de preocupante la noticia del ataque a la embajada de M\u00e9xico en Quito\u00bb&nbsp;<span class='whitespace-nowrap'><span id='easy-footnote-5-32795' class='easy-footnote-margin-adjust'><\/span><span class='easy-footnote'><a href='https:\/\/legrandcontinent.eu\/es\/2024\/04\/08\/crisis-diplomatica-entre-mexico-y-ecuador-reacciones-a-la-incursion-de-quito-en-america-latina-mapa-exclusivo\/#easy-footnote-bottom-5-32795' title='&lt;a href=&quot;https:\/\/twitter.com\/IRIMFA_EN\/status\/1776950282049462686&quot;&gt;Publicaci\u00f3n del Ministerio de Asuntos Exteriores iran\u00ed en X (Twitter)&lt;\/a&gt;, 7 de abril de 2024.'><sup>5<\/sup><\/a><\/span><\/span>.<\/li>\n<\/ul>\n\n\n\n<p><a href=\"https:\/\/legrandcontinent.eu\/es\/2024\/04\/06\/ecuador-lo-que-ha-hecho-noboa-es-extremadamente-grave-una-conversacion-con-el-ex-canciller-ecuatoriano-guillaume-long\/\">Seg\u00fan Guillaume Long<\/a>, tal violaci\u00f3n del derecho internacional \u00abno tiene precedentes en la historia contempor\u00e1nea de Am\u00e9rica Latina\u00bb.<\/p>\n","protected":false},"excerpt":{"rendered":"<p>La intervenci\u00f3n de las fuerzas armadas ecuatorianas que condujo a la detenci\u00f3n del ex vicepresidente Jorge Glas \u00abno tiene precedentes en la historia contempor\u00e1nea de Am\u00e9rica Latina\u00bb. Publicamos un mapa in\u00e9dito para ilustrar las fracturas reveladas por las diferentes reacciones de los pa\u00edses de la regi\u00f3n ante esta violaci\u00f3n.<\/p>\n","protected":false},"author":1366,"featured_media":32779,"comment_status":"closed","ping_status":"","sticky":false,"template":"templates\/post-briefings.php","format":"standard","meta":{"_acf_changed":true,"_trash_the_other_posts":false,"_yoast_wpseo_estimated-reading-time-minutes":3,"footnotes":""},"categories":[6],"tags":[],"staff":[],"editorial_format":[],"serie":[],"audience":[],"geo":[172],"class_list":["post-32795","post","type-post","status-publish","format-standard","hentry","category-politica","geo-americas"],"acf":{"open_in_webview":false,"accent":false},"yoast_head":"<!-- This site is optimized with the Yoast SEO plugin v26.1.1 - https:\/\/yoast.com\/wordpress\/plugins\/seo\/ -->\n<title>Crisis diplom\u00e1tica entre M\u00e9xico y Ecuador: reacciones a la incursi\u00f3n de Quito en Am\u00e9rica Latina [mapa exclusivo] - El Grand Continent<\/title>\n<meta name=\"robots\" content=\"index, follow, max-snippet:-1, max-image-preview:large, max-video-preview:-1\" \/>\n<link rel=\"canonical\" href=\"https:\/\/legrandcontinent.eu\/es\/2024\/04\/08\/crisis-diplomatica-entre-mexico-y-ecuador-reacciones-a-la-incursion-de-quito-en-america-latina-mapa-exclusivo\/\" \/>\n<meta property=\"og:locale\" content=\"es_ES\" \/>\n<meta property=\"og:type\" content=\"article\" \/>\n<meta property=\"og:title\" content=\"Crisis diplom\u00e1tica entre M\u00e9xico y Ecuador: reacciones a la incursi\u00f3n de Quito en Am\u00e9rica Latina [mapa exclusivo] - El Grand Continent\" \/>\n<meta property=\"og:description\" content=\"La intervenci\u00f3n de las fuerzas armadas ecuatorianas que condujo a la detenci\u00f3n del ex vicepresidente Jorge Glas &quot;no tiene precedentes en la historia contempor\u00e1nea de Am\u00e9rica Latina&quot;. Publicamos un mapa in\u00e9dito para ilustrar las fracturas reveladas por las diferentes reacciones de los pa\u00edses de la regi\u00f3n ante esta violaci\u00f3n.\" \/>\n<meta property=\"og:url\" content=\"https:\/\/legrandcontinent.eu\/es\/2024\/04\/08\/crisis-diplomatica-entre-mexico-y-ecuador-reacciones-a-la-incursion-de-quito-en-america-latina-mapa-exclusivo\/\" \/>\n<meta property=\"og:site_name\" content=\"El Grand Continent\" \/>\n<meta property=\"article:published_time\" content=\"2024-04-08T13:06:00+00:00\" \/>\n<meta property=\"article:modified_time\" content=\"2024-04-09T10:40:38+00:00\" \/>\n<meta property=\"og:image\" content=\"https:\/\/legrandcontinent.eu\/es\/wp-content\/uploads\/sites\/2\/2024\/04\/gc-reactions-ambassade-Quito-e1712579318166.png\" \/>\n\t<meta property=\"og:image:width\" content=\"1453\" \/>\n\t<meta property=\"og:image:height\" content=\"812\" \/>\n\t<meta property=\"og:image:type\" content=\"image\/png\" \/>\n<meta name=\"author\" content=\"florent\" \/>\n<meta name=\"twitter:card\" content=\"summary_large_image\" \/>\n<meta name=\"twitter:label1\" content=\"Escrito por\" \/>\n\t<meta name=\"twitter:data1\" content=\"florent\" \/>\n\t<meta name=\"twitter:label2\" content=\"Tiempo de lectura\" \/>\n\t<meta name=\"twitter:data2\" content=\"3 minutos\" \/>\n<script type=\"application\/ld+json\" class=\"yoast-schema-graph\">{\"@context\":\"https:\/\/schema.org\",\"@graph\":[{\"@type\":\"WebPage\",\"@id\":\"https:\/\/legrandcontinent.eu\/es\/2024\/04\/08\/crisis-diplomatica-entre-mexico-y-ecuador-reacciones-a-la-incursion-de-quito-en-america-latina-mapa-exclusivo\/\",\"url\":\"https:\/\/legrandcontinent.eu\/es\/2024\/04\/08\/crisis-diplomatica-entre-mexico-y-ecuador-reacciones-a-la-incursion-de-quito-en-america-latina-mapa-exclusivo\/\",\"name\":\"Crisis diplom\u00e1tica entre M\u00e9xico y Ecuador: reacciones a la incursi\u00f3n de Quito en Am\u00e9rica Latina [mapa exclusivo] - El Grand Continent\",\"isPartOf\":{\"@id\":\"https:\/\/legrandcontinent.eu\/es\/#website\"},\"primaryImageOfPage\":{\"@id\":\"https:\/\/legrandcontinent.eu\/es\/2024\/04\/08\/crisis-diplomatica-entre-mexico-y-ecuador-reacciones-a-la-incursion-de-quito-en-america-latina-mapa-exclusivo\/#primaryimage\"},\"image\":{\"@id\":\"https:\/\/legrandcontinent.eu\/es\/2024\/04\/08\/crisis-diplomatica-entre-mexico-y-ecuador-reacciones-a-la-incursion-de-quito-en-america-latina-mapa-exclusivo\/#primaryimage\"},\"thumbnailUrl\":\"https:\/\/legrandcontinent.eu\/es\/wp-content\/uploads\/sites\/2\/2024\/04\/gc-reactions-ambassade-Quito-e1712579318166.png\",\"datePublished\":\"2024-04-08T13:06:00+00:00\",\"dateModified\":\"2024-04-09T10:40:38+00:00\",\"author\":{\"@id\":\"https:\/\/legrandcontinent.eu\/es\/#\/schema\/person\/cdd782c93d4a9eda86ab19a8c01cdf5c\"},\"breadcrumb\":{\"@id\":\"https:\/\/legrandcontinent.eu\/es\/2024\/04\/08\/crisis-diplomatica-entre-mexico-y-ecuador-reacciones-a-la-incursion-de-quito-en-america-latina-mapa-exclusivo\/#breadcrumb\"},\"inLanguage\":\"es\",\"potentialAction\":[{\"@type\":\"ReadAction\",\"target\":[\"https:\/\/legrandcontinent.eu\/es\/2024\/04\/08\/crisis-diplomatica-entre-mexico-y-ecuador-reacciones-a-la-incursion-de-quito-en-america-latina-mapa-exclusivo\/\"]}]},{\"@type\":\"ImageObject\",\"inLanguage\":\"es\",\"@id\":\"https:\/\/legrandcontinent.eu\/es\/2024\/04\/08\/crisis-diplomatica-entre-mexico-y-ecuador-reacciones-a-la-incursion-de-quito-en-america-latina-mapa-exclusivo\/#primaryimage\",\"url\":\"https:\/\/legrandcontinent.eu\/es\/wp-content\/uploads\/sites\/2\/2024\/04\/gc-reactions-ambassade-Quito-e1712579318166.png\",\"contentUrl\":\"https:\/\/legrandcontinent.eu\/es\/wp-content\/uploads\/sites\/2\/2024\/04\/gc-reactions-ambassade-Quito-e1712579318166.png\",\"width\":1453,\"height\":812},{\"@type\":\"BreadcrumbList\",\"@id\":\"https:\/\/legrandcontinent.eu\/es\/2024\/04\/08\/crisis-diplomatica-entre-mexico-y-ecuador-reacciones-a-la-incursion-de-quito-en-america-latina-mapa-exclusivo\/#breadcrumb\",\"itemListElement\":[{\"@type\":\"ListItem\",\"position\":1,\"name\":\"Home\",\"item\":\"https:\/\/legrandcontinent.eu\/es\/\"},{\"@type\":\"ListItem\",\"position\":2,\"name\":\"Crisis diplom\u00e1tica entre M\u00e9xico y Ecuador: reacciones a la incursi\u00f3n de Quito en Am\u00e9rica Latina [mapa exclusivo]\"}]},{\"@type\":\"WebSite\",\"@id\":\"https:\/\/legrandcontinent.eu\/es\/#website\",\"url\":\"https:\/\/legrandcontinent.eu\/es\/\",\"name\":\"El Grand Continent\",\"description\":\"La escala pertinente\",\"potentialAction\":[{\"@type\":\"SearchAction\",\"target\":{\"@type\":\"EntryPoint\",\"urlTemplate\":\"https:\/\/legrandcontinent.eu\/es\/?s={search_term_string}\"},\"query-input\":{\"@type\":\"PropertyValueSpecification\",\"valueRequired\":true,\"valueName\":\"search_term_string\"}}],\"inLanguage\":\"es\"},{\"@type\":\"Person\",\"@id\":\"https:\/\/legrandcontinent.eu\/es\/#\/schema\/person\/cdd782c93d4a9eda86ab19a8c01cdf5c\",\"name\":\"florent\",\"image\":{\"@type\":\"ImageObject\",\"inLanguage\":\"es\",\"@id\":\"https:\/\/legrandcontinent.eu\/es\/#\/schema\/person\/image\/\",\"url\":\"https:\/\/secure.gravatar.com\/avatar\/0d38d78c90602daf39b309035cdac6bc?s=96&d=mm&r=g\",\"contentUrl\":\"https:\/\/secure.gravatar.com\/avatar\/0d38d78c90602daf39b309035cdac6bc?s=96&d=mm&r=g\",\"caption\":\"florent\"}}]}<\/script>\n<!-- \/ Yoast SEO plugin. -->","yoast_head_json":{"title":"Crisis diplom\u00e1tica entre M\u00e9xico y Ecuador: reacciones a la incursi\u00f3n de Quito en Am\u00e9rica Latina [mapa exclusivo] - El Grand Continent","robots":{"index":"index","follow":"follow","max-snippet":"max-snippet:-1","max-image-preview":"max-image-preview:large","max-video-preview":"max-video-preview:-1"},"canonical":"https:\/\/legrandcontinent.eu\/es\/2024\/04\/08\/crisis-diplomatica-entre-mexico-y-ecuador-reacciones-a-la-incursion-de-quito-en-america-latina-mapa-exclusivo\/","og_locale":"es_ES","og_type":"article","og_title":"Crisis diplom\u00e1tica entre M\u00e9xico y Ecuador: reacciones a la incursi\u00f3n de Quito en Am\u00e9rica Latina [mapa exclusivo] - El Grand Continent","og_description":"La intervenci\u00f3n de las fuerzas armadas ecuatorianas que condujo a la detenci\u00f3n del ex vicepresidente Jorge Glas \"no tiene precedentes en la historia contempor\u00e1nea de Am\u00e9rica Latina\". Publicamos un mapa in\u00e9dito para ilustrar las fracturas reveladas por las diferentes reacciones de los pa\u00edses de la regi\u00f3n ante esta violaci\u00f3n.","og_url":"https:\/\/legrandcontinent.eu\/es\/2024\/04\/08\/crisis-diplomatica-entre-mexico-y-ecuador-reacciones-a-la-incursion-de-quito-en-america-latina-mapa-exclusivo\/","og_site_name":"El Grand Continent","article_published_time":"2024-04-08T13:06:00+00:00","article_modified_time":"2024-04-09T10:40:38+00:00","og_image":[{"width":1453,"height":812,"url":"https:\/\/legrandcontinent.eu\/es\/wp-content\/uploads\/sites\/2\/2024\/04\/gc-reactions-ambassade-Quito-e1712579318166.png","type":"image\/png"}],"author":"florent","twitter_card":"summary_large_image","twitter_misc":{"Escrito por":"florent","Tiempo de lectura":"3 minutos"},"schema":{"@context":"https:\/\/schema.org","@graph":[{"@type":"WebPage","@id":"https:\/\/legrandcontinent.eu\/es\/2024\/04\/08\/crisis-diplomatica-entre-mexico-y-ecuador-reacciones-a-la-incursion-de-quito-en-america-latina-mapa-exclusivo\/","url":"https:\/\/legrandcontinent.eu\/es\/2024\/04\/08\/crisis-diplomatica-entre-mexico-y-ecuador-reacciones-a-la-incursion-de-quito-en-america-latina-mapa-exclusivo\/","name":"Crisis diplom\u00e1tica entre M\u00e9xico y Ecuador: reacciones a la incursi\u00f3n de Quito en Am\u00e9rica Latina [mapa exclusivo] - El Grand Continent","isPartOf":{"@id":"https:\/\/legrandcontinent.eu\/es\/#website"},"primaryImageOfPage":{"@id":"https:\/\/legrandcontinent.eu\/es\/2024\/04\/08\/crisis-diplomatica-entre-mexico-y-ecuador-reacciones-a-la-incursion-de-quito-en-america-latina-mapa-exclusivo\/#primaryimage"},"image":{"@id":"https:\/\/legrandcontinent.eu\/es\/2024\/04\/08\/crisis-diplomatica-entre-mexico-y-ecuador-reacciones-a-la-incursion-de-quito-en-america-latina-mapa-exclusivo\/#primaryimage"},"thumbnailUrl":"https:\/\/legrandcontinent.eu\/es\/wp-content\/uploads\/sites\/2\/2024\/04\/gc-reactions-ambassade-Quito-e1712579318166.png","datePublished":"2024-04-08T13:06:00+00:00","dateModified":"2024-04-09T10:40:38+00:00","author":{"@id":"https:\/\/legrandcontinent.eu\/es\/#\/schema\/person\/cdd782c93d4a9eda86ab19a8c01cdf5c"},"breadcrumb":{"@id":"https:\/\/legrandcontinent.eu\/es\/2024\/04\/08\/crisis-diplomatica-entre-mexico-y-ecuador-reacciones-a-la-incursion-de-quito-en-america-latina-mapa-exclusivo\/#breadcrumb"},"inLanguage":"es","potentialAction":[{"@type":"ReadAction","target":["https:\/\/legrandcontinent.eu\/es\/2024\/04\/08\/crisis-diplomatica-entre-mexico-y-ecuador-reacciones-a-la-incursion-de-quito-en-america-latina-mapa-exclusivo\/"]}]},{"@type":"ImageObject","inLanguage":"es","@id":"https:\/\/legrandcontinent.eu\/es\/2024\/04\/08\/crisis-diplomatica-entre-mexico-y-ecuador-reacciones-a-la-incursion-de-quito-en-america-latina-mapa-exclusivo\/#primaryimage","url":"https:\/\/legrandcontinent.eu\/es\/wp-content\/uploads\/sites\/2\/2024\/04\/gc-reactions-ambassade-Quito-e1712579318166.png","contentUrl":"https:\/\/legrandcontinent.eu\/es\/wp-content\/uploads\/sites\/2\/2024\/04\/gc-reactions-ambassade-Quito-e1712579318166.png","width":1453,"height":812},{"@type":"BreadcrumbList","@id":"https:\/\/legrandcontinent.eu\/es\/2024\/04\/08\/crisis-diplomatica-entre-mexico-y-ecuador-reacciones-a-la-incursion-de-quito-en-america-latina-mapa-exclusivo\/#breadcrumb","itemListElement":[{"@type":"ListItem","position":1,"name":"Home","item":"https:\/\/legrandcontinent.eu\/es\/"},{"@type":"ListItem","position":2,"name":"Crisis diplom\u00e1tica entre M\u00e9xico y Ecuador: reacciones a la incursi\u00f3n de Quito en Am\u00e9rica Latina [mapa exclusivo]"}]},{"@type":"WebSite","@id":"https:\/\/legrandcontinent.eu\/es\/#website","url":"https:\/\/legrandcontinent.eu\/es\/","name":"El Grand Continent","description":"La escala pertinente","potentialAction":[{"@type":"SearchAction","target":{"@type":"EntryPoint","urlTemplate":"https:\/\/legrandcontinent.eu\/es\/?s={search_term_string}"},"query-input":{"@type":"PropertyValueSpecification","valueRequired":true,"valueName":"search_term_string"}}],"inLanguage":"es"},{"@type":"Person","@id":"https:\/\/legrandcontinent.eu\/es\/#\/schema\/person\/cdd782c93d4a9eda86ab19a8c01cdf5c","name":"florent","image":{"@type":"ImageObject","inLanguage":"es","@id":"https:\/\/legrandcontinent.eu\/es\/#\/schema\/person\/image\/","url":"https:\/\/secure.gravatar.com\/avatar\/0d38d78c90602daf39b309035cdac6bc?s=96&d=mm&r=g","contentUrl":"https:\/\/secure.gravatar.com\/avatar\/0d38d78c90602daf39b309035cdac6bc?s=96&d=mm&r=g","caption":"florent"}}]}},"lgc_categories":[{"id":6,"name":"Pol\u00edtica","slug":"politica"}],"lgc_author":null,"feature_image_summary":{"url":"https:\/\/legrandcontinent.eu\/es\/wp-content\/uploads\/sites\/2\/2024\/04\/gc-reactions-ambassade-Quito-e1712579318166.png","width":1453,"height":812,"alt":""},"feature_image_cover":null,"term_position_data":null,"_links":{"self":[{"href":"https:\/\/legrandcontinent.eu\/es\/wp-json\/wp\/v2\/posts\/32795","targetHints":{"allow":["GET"]}}],"collection":[{"href":"https:\/\/legrandcontinent.eu\/es\/wp-json\/wp\/v2\/posts"}],"about":[{"href":"https:\/\/legrandcontinent.eu\/es\/wp-json\/wp\/v2\/types\/post"}],"author":[{"embeddable":true,"href":"https:\/\/legrandcontinent.eu\/es\/wp-json\/wp\/v2\/users\/1366"}],"replies":[{"embeddable":true,"href":"https:\/\/legrandcontinent.eu\/es\/wp-json\/wp\/v2\/comments?post=32795"}],"version-history":[{"count":0,"href":"https:\/\/legrandcontinent.eu\/es\/wp-json\/wp\/v2\/posts\/32795\/revisions"}],"wp:featuredmedia":[{"embeddable":true,"href":"https:\/\/legrandcontinent.eu\/es\/wp-json\/wp\/v2\/media\/32779"}],"wp:attachment":[{"href":"https:\/\/legrandcontinent.eu\/es\/wp-json\/wp\/v2\/media?parent=32795"}],"wp:term":[{"taxonomy":"category","embeddable":true,"href":"https:\/\/legrandcontinent.eu\/es\/wp-json\/wp\/v2\/categories?post=32795"},{"taxonomy":"post_tag","embeddable":true,"href":"https:\/\/legrandcontinent.eu\/es\/wp-json\/wp\/v2\/tags?post=32795"},{"taxonomy":"staff","embeddable":true,"href":"https:\/\/legrandcontinent.eu\/es\/wp-json\/wp\/v2\/staff?post=32795"},{"taxonomy":"editorial_format","embeddable":true,"href":"https:\/\/legrandcontinent.eu\/es\/wp-json\/wp\/v2\/editorial_format?post=32795"},{"taxonomy":"serie","embeddable":true,"href":"https:\/\/legrandcontinent.eu\/es\/wp-json\/wp\/v2\/serie?post=32795"},{"taxonomy":"audience","embeddable":true,"href":"https:\/\/legrandcontinent.eu\/es\/wp-json\/wp\/v2\/audience?post=32795"},{"taxonomy":"geo","embeddable":true,"href":"https:\/\/legrandcontinent.eu\/es\/wp-json\/wp\/v2\/geo?post=32795"}],"curies":[{"name":"wp","href":"https:\/\/api.w.org\/{rel}","templated":true}]}}