{"id":32153,"date":"2024-03-30T06:30:00","date_gmt":"2024-03-30T05:30:00","guid":{"rendered":"https:\/\/legrandcontinent.eu\/es\/?p=32153"},"modified":"2024-03-29T21:28:29","modified_gmt":"2024-03-29T20:28:29","slug":"el-cambio-climatico-esta-cambiando-nuestra-forma-de-medir-el-tiempo","status":"publish","type":"post","link":"https:\/\/legrandcontinent.eu\/es\/2024\/03\/30\/el-cambio-climatico-esta-cambiando-nuestra-forma-de-medir-el-tiempo\/","title":{"rendered":"El cambio clim\u00e1tico est\u00e1 modificando nuestra forma de medir el tiempo"},"content":{"rendered":"\n<p>Un estudio publicado el 27 de marzo en la revista <em>Nature<\/em> sugiere que <a href=\"https:\/\/legrandcontinent.eu\/es\/2023\/01\/18\/el-estado-de-la-banquisa-en-2022\/\">el deshielo<\/a> de Groenlandia y el \u00c1rtico -provocado por el calentamiento global- ya ha hecho subir el nivel del mar lo suficiente como para afectar a la velocidad de rotaci\u00f3n de la Tierra&nbsp;<span class='whitespace-nowrap'><span id='easy-footnote-1-32153' class='easy-footnote-margin-adjust'><\/span><span class='easy-footnote'><a href='https:\/\/legrandcontinent.eu\/es\/2024\/03\/30\/el-cambio-climatico-esta-cambiando-nuestra-forma-de-medir-el-tiempo\/#easy-footnote-bottom-1-32153' title='Agnew, Duncan Carr, \u00ab\u00a0&lt;a href=&quot;https:\/\/www.nature.com\/articles\/s41586-024-07170-0&quot;&gt;A global timekeeping problem postponed by global warming&lt;\/a&gt;\u00a0\u00bb,\u00a0&lt;em&gt;Nature&lt;\/em&gt;\u00a0(2024)\u00a0: 1-4.'><sup>1<\/sup><\/a><\/span><\/span>.<\/p>\n\n\n\n<div class=\"iframe-container wp-block-image wp-block-image-medium  iframe-dw\">\n\t<div>\n\t\t<iframe class=\"absolute w-full h-full pin-t pin-l\" title=\"titolo\" aria-label=\"Interactive line chart\" src=\"\/\/datawrapper.dwcdn.net\/1Z0oo\/\" scrolling=\"no\" frameborder=\"0\"><\/iframe>\n\t<\/div>\n<\/div>\n\n\n\n<p>Es probable que esta ralentizaci\u00f3n afecte a la forma en que calculamos el tiempo.<\/p>\n\n\n\n<ul class=\"wp-block-list\">\n<li>Desde la implantaci\u00f3n del Tiempo Universal Coordinado (UTC) en 1972, la ligera discrepancia entre el tiempo at\u00f3mico (que sirve de referencia a nuestros relojes) y el tiempo astron\u00f3mico se ha compensado a\u00f1adiendo \u00absegundos intercalares\u00bb a intervalos irregulares.<\/li>\n\n\n\n<li>Desde el 30 de junio de 1972, se han a\u00f1adido artificialmente 27 segundos intercalares a los relojes at\u00f3micos, de modo que cada d\u00eda cuenta 86.400 segundos.<\/li>\n\n\n\n<li>Sin embargo, esta situaci\u00f3n podr\u00eda cambiar: seg\u00fan el autor del estudio, el geof\u00edsico Duncan Agnew, la rotaci\u00f3n de la Tierra se est\u00e1 ralentizando hasta tal punto que el tiempo astron\u00f3mico podr\u00eda superar al at\u00f3mico, lo que obligar\u00eda a a\u00f1adir un segundo \u00abnegativo\u00bb.<\/li>\n<\/ul>\n\n\n\n<div class=\"iframe-container wp-block-image wp-block-image-medium  iframe-dw\">\n\t<div>\n\t\t<iframe class=\"absolute w-full h-full pin-t pin-l\" title=\"titolo\" aria-label=\"Interactive line chart\" src=\"\/\/datawrapper.dwcdn.net\/JQjHG\/\" scrolling=\"no\" frameborder=\"0\"><\/iframe>\n\t<\/div>\n<\/div>\n\n\n\n<p>Cuanto m\u00e1s se derriten los glaciares de los polos de la Tierra, m\u00e1s se desplaza hacia el ecuador la masa de agua que conten\u00edan. Al alejarse el flujo de agua del eje de rotaci\u00f3n del planeta, la velocidad de \u00e9ste disminuye. La \u00abfricci\u00f3n\u00bb generada por la atracci\u00f3n de los oc\u00e9anos hacia la Luna tambi\u00e9n contribuye a ralentizar las rotaciones de la Tierra, lo que explica por qu\u00e9 algunos an\u00e1lisis de sedimentos sugieren que, hace 1.400 millones de a\u00f1os, los d\u00edas duraban s\u00f3lo 19 horas&nbsp;<span class='whitespace-nowrap'><span id='easy-footnote-2-32153' class='easy-footnote-margin-adjust'><\/span><span class='easy-footnote'><a href='https:\/\/legrandcontinent.eu\/es\/2024\/03\/30\/el-cambio-climatico-esta-cambiando-nuestra-forma-de-medir-el-tiempo\/#easy-footnote-bottom-2-32153' title='Elizabeth Gibney, \u00ab\u00a0&lt;a href=&quot;https:\/\/www.nature.com\/articles\/d41586-024-00932-w?utm_source=Live+Audience&amp;amp;utm_campaign=ff4f4f6cc4-briefing-dy-20240328&amp;amp;utm_medium=email&amp;amp;utm_term=0_b27a691814-ff4f4f6cc4-51799432&quot;&gt;Climate change has slowed Earth\u2019s rotation \u2014 and could affect how we keep time&lt;\/a&gt;\u00a0\u00bb,\u00a0&lt;em&gt;Nature&lt;\/em&gt;, 27 de marzo de 2024.'><sup>2<\/sup><\/a><\/span><\/span>.<\/p>\n\n\n\n<ul class=\"wp-block-list\">\n<li>Desde la d\u00e9cada de 1970, la frecuencia con la que se a\u00f1aden segundos intercalares al Tiempo Universal Coordinado ya se ha visto ralentizada por el calentamiento global.<\/li>\n\n\n\n<li>A medida que el hielo se derrite m\u00e1s r\u00e1pidamente, \u00abla velocidad angular (o velocidad de rotaci\u00f3n) del n\u00facleo l\u00edquido de la Tierra disminuye a un ritmo constante que aumenta constantemente la velocidad angular del resto de la Tierra\u00bb.<\/li>\n<\/ul>\n\n\n\n<div class=\"iframe-container wp-block-image wp-block-image-medium  iframe-dw\">\n\t<div>\n\t\t<iframe class=\"absolute w-full h-full pin-t pin-l\" title=\"titolo\" aria-label=\"Interactive line chart\" src=\"\/\/datawrapper.dwcdn.net\/PZYDb\/\" scrolling=\"no\" frameborder=\"0\"><\/iframe>\n\t<\/div>\n<\/div>\n\n\n\n<p>Este estudio apoya la observaci\u00f3n realizada en la \u00faltima reuni\u00f3n de la Conferencia General de Pesas y Medidas (CGPM) de que probablemente ser\u00e1 necesario a\u00f1adir un segundo intercalares negativo en un futuro pr\u00f3ximo&nbsp;<span class='whitespace-nowrap'><span id='easy-footnote-3-32153' class='easy-footnote-margin-adjust'><\/span><span class='easy-footnote'><a href='https:\/\/legrandcontinent.eu\/es\/2024\/03\/30\/el-cambio-climatico-esta-cambiando-nuestra-forma-de-medir-el-tiempo\/#easy-footnote-bottom-3-32153' title='&lt;a href=&quot;https:\/\/www.bipm.org\/documents\/20126\/64811223\/Resolutions-2022.pdf\/281f3160-fc56-3e63-dbf7-77b76500990f&quot;&gt;Resolutions of the General Conference on Weights and Measures (27th meeting)&lt;\/a&gt;, 15-18 de noviembre de 2022.'><sup>3<\/sup><\/a><\/span><\/span>. La armon\u00eda de una escala de tiempo com\u00fan es esencial para muchas actividades, desde los servicios financieros hasta la navegaci\u00f3n a\u00e9rea. Para poner fin a los quebraderos de cabeza provocados por las variaciones en la velocidad de rotaci\u00f3n de la Tierra, los metr\u00f3logos acordaron en 2022 poner fin a la adici\u00f3n de segundos intercalares de aqu\u00ed a 2035 a m\u00e1s tardar&nbsp;<span class='whitespace-nowrap'><span id='easy-footnote-4-32153' class='easy-footnote-margin-adjust'><\/span><span class='easy-footnote'><a href='https:\/\/legrandcontinent.eu\/es\/2024\/03\/30\/el-cambio-climatico-esta-cambiando-nuestra-forma-de-medir-el-tiempo\/#easy-footnote-bottom-4-32153' title='&lt;a href=&quot;https:\/\/www.bipm.org\/en\/cgpm-2022\/resolution-4&quot;&gt;Resolution 4 of the 27th CGPM (2022)&lt;\/a&gt;, Oficina Internacional de Pesos y Medidas.'><sup>4<\/sup><\/a><\/span><\/span>. En concreto, a partir de esa fecha, la escala de tiempo que utilizamos no estar\u00e1 sincronizada con el tiempo astron\u00f3mico.<\/p>\n","protected":false},"excerpt":{"rendered":"<p>El cambio clim\u00e1tico est\u00e1 afectando a todo, incluso al tiempo. Seg\u00fan un estudio del geof\u00edsico Duncan Agnew, el aumento del nivel del mar est\u00e1 ralentizando el ritmo de rotaci\u00f3n de la Tierra. En lugar de a\u00f1adir un segundo varias veces por d\u00e9cada, los metr\u00f3logos podr\u00edan tener que restar uno -por primera vez desde la introducci\u00f3n del Tiempo Universal-.<\/p>\n","protected":false},"author":1366,"featured_media":32130,"comment_status":"closed","ping_status":"","sticky":false,"template":"templates\/post-briefings.php","format":"standard","meta":{"_acf_changed":true,"_trash_the_other_posts":false,"_yoast_wpseo_estimated-reading-time-minutes":3,"footnotes":""},"categories":[295],"tags":[],"staff":[],"editorial_format":[],"serie":[],"audience":[],"geo":[198],"class_list":["post-32153","post","type-post","status-publish","format-standard","hentry","category-ciencia","geo-mundo"],"acf":{"open_in_webview":false,"accent":false,"_thumbnail_id":32130,"excerpt":"El cambio clim\u00e1tico est\u00e1 afectando a todo, incluso al tiempo. Seg\u00fan un estudio del geof\u00edsico Duncan Agnew, el aumento del nivel del mar est\u00e1 ralentizando el ritmo de rotaci\u00f3n de la Tierra. En lugar de a\u00f1adir un segundo varias veces por d\u00e9cada, los metr\u00f3logos podr\u00edan tener que restar uno -por primera vez desde la introducci\u00f3n del Tiempo Universal-.","display_date":"","new_abstract":true},"yoast_head":"<!-- This site is optimized with the Yoast SEO plugin v26.1.1 - https:\/\/yoast.com\/wordpress\/plugins\/seo\/ -->\n<title>El cambio clim\u00e1tico est\u00e1 modificando nuestra forma de medir el tiempo - El Grand Continent<\/title>\n<meta name=\"robots\" content=\"index, follow, max-snippet:-1, max-image-preview:large, max-video-preview:-1\" \/>\n<link rel=\"canonical\" href=\"https:\/\/legrandcontinent.eu\/es\/2024\/03\/30\/el-cambio-climatico-esta-cambiando-nuestra-forma-de-medir-el-tiempo\/\" \/>\n<meta property=\"og:locale\" content=\"es_ES\" \/>\n<meta property=\"og:type\" content=\"article\" \/>\n<meta property=\"og:title\" content=\"El cambio clim\u00e1tico est\u00e1 modificando nuestra forma de medir el tiempo - El Grand Continent\" \/>\n<meta property=\"og:description\" content=\"El cambio clim\u00e1tico est\u00e1 afectando a todo, incluso al tiempo. Seg\u00fan un estudio del geof\u00edsico Duncan Agnew, el aumento del nivel del mar est\u00e1 ralentizando el ritmo de rotaci\u00f3n de la Tierra. En lugar de a\u00f1adir un segundo varias veces por d\u00e9cada, los metr\u00f3logos podr\u00edan tener que restar uno -por primera vez desde la introducci\u00f3n del Tiempo Universal-.\" \/>\n<meta property=\"og:url\" content=\"https:\/\/legrandcontinent.eu\/es\/2024\/03\/30\/el-cambio-climatico-esta-cambiando-nuestra-forma-de-medir-el-tiempo\/\" \/>\n<meta property=\"og:site_name\" content=\"El Grand Continent\" \/>\n<meta property=\"article:published_time\" content=\"2024-03-30T05:30:00+00:00\" \/>\n<meta property=\"og:image\" content=\"https:\/\/legrandcontinent.eu\/es\/wp-content\/uploads\/sites\/2\/2024\/03\/gc-fin-temps-nucleaire-e1711732828467.png\" \/>\n\t<meta property=\"og:image:width\" content=\"1453\" \/>\n\t<meta property=\"og:image:height\" content=\"851\" \/>\n\t<meta property=\"og:image:type\" content=\"image\/png\" \/>\n<meta name=\"author\" content=\"florent\" \/>\n<meta name=\"twitter:card\" content=\"summary_large_image\" \/>\n<meta name=\"twitter:label1\" content=\"Escrito por\" \/>\n\t<meta name=\"twitter:data1\" content=\"florent\" \/>\n\t<meta name=\"twitter:label2\" content=\"Tiempo de lectura\" \/>\n\t<meta name=\"twitter:data2\" content=\"3 minutos\" \/>\n<script type=\"application\/ld+json\" class=\"yoast-schema-graph\">{\"@context\":\"https:\/\/schema.org\",\"@graph\":[{\"@type\":\"WebPage\",\"@id\":\"https:\/\/legrandcontinent.eu\/es\/2024\/03\/30\/el-cambio-climatico-esta-cambiando-nuestra-forma-de-medir-el-tiempo\/\",\"url\":\"https:\/\/legrandcontinent.eu\/es\/2024\/03\/30\/el-cambio-climatico-esta-cambiando-nuestra-forma-de-medir-el-tiempo\/\",\"name\":\"El cambio clim\u00e1tico est\u00e1 modificando nuestra forma de medir el tiempo - El Grand Continent\",\"isPartOf\":{\"@id\":\"https:\/\/legrandcontinent.eu\/es\/#website\"},\"primaryImageOfPage\":{\"@id\":\"https:\/\/legrandcontinent.eu\/es\/2024\/03\/30\/el-cambio-climatico-esta-cambiando-nuestra-forma-de-medir-el-tiempo\/#primaryimage\"},\"image\":{\"@id\":\"https:\/\/legrandcontinent.eu\/es\/2024\/03\/30\/el-cambio-climatico-esta-cambiando-nuestra-forma-de-medir-el-tiempo\/#primaryimage\"},\"thumbnailUrl\":\"https:\/\/legrandcontinent.eu\/es\/wp-content\/uploads\/sites\/2\/2024\/03\/gc-fin-temps-nucleaire-e1711732828467.png\",\"datePublished\":\"2024-03-30T05:30:00+00:00\",\"author\":{\"@id\":\"https:\/\/legrandcontinent.eu\/es\/#\/schema\/person\/cdd782c93d4a9eda86ab19a8c01cdf5c\"},\"breadcrumb\":{\"@id\":\"https:\/\/legrandcontinent.eu\/es\/2024\/03\/30\/el-cambio-climatico-esta-cambiando-nuestra-forma-de-medir-el-tiempo\/#breadcrumb\"},\"inLanguage\":\"es\",\"potentialAction\":[{\"@type\":\"ReadAction\",\"target\":[\"https:\/\/legrandcontinent.eu\/es\/2024\/03\/30\/el-cambio-climatico-esta-cambiando-nuestra-forma-de-medir-el-tiempo\/\"]}]},{\"@type\":\"ImageObject\",\"inLanguage\":\"es\",\"@id\":\"https:\/\/legrandcontinent.eu\/es\/2024\/03\/30\/el-cambio-climatico-esta-cambiando-nuestra-forma-de-medir-el-tiempo\/#primaryimage\",\"url\":\"https:\/\/legrandcontinent.eu\/es\/wp-content\/uploads\/sites\/2\/2024\/03\/gc-fin-temps-nucleaire-e1711732828467.png\",\"contentUrl\":\"https:\/\/legrandcontinent.eu\/es\/wp-content\/uploads\/sites\/2\/2024\/03\/gc-fin-temps-nucleaire-e1711732828467.png\",\"width\":1453,\"height\":851},{\"@type\":\"BreadcrumbList\",\"@id\":\"https:\/\/legrandcontinent.eu\/es\/2024\/03\/30\/el-cambio-climatico-esta-cambiando-nuestra-forma-de-medir-el-tiempo\/#breadcrumb\",\"itemListElement\":[{\"@type\":\"ListItem\",\"position\":1,\"name\":\"Home\",\"item\":\"https:\/\/legrandcontinent.eu\/es\/\"},{\"@type\":\"ListItem\",\"position\":2,\"name\":\"El cambio clim\u00e1tico est\u00e1 modificando nuestra forma de medir el tiempo\"}]},{\"@type\":\"WebSite\",\"@id\":\"https:\/\/legrandcontinent.eu\/es\/#website\",\"url\":\"https:\/\/legrandcontinent.eu\/es\/\",\"name\":\"El Grand Continent\",\"description\":\"La escala pertinente\",\"potentialAction\":[{\"@type\":\"SearchAction\",\"target\":{\"@type\":\"EntryPoint\",\"urlTemplate\":\"https:\/\/legrandcontinent.eu\/es\/?s={search_term_string}\"},\"query-input\":{\"@type\":\"PropertyValueSpecification\",\"valueRequired\":true,\"valueName\":\"search_term_string\"}}],\"inLanguage\":\"es\"},{\"@type\":\"Person\",\"@id\":\"https:\/\/legrandcontinent.eu\/es\/#\/schema\/person\/cdd782c93d4a9eda86ab19a8c01cdf5c\",\"name\":\"florent\",\"image\":{\"@type\":\"ImageObject\",\"inLanguage\":\"es\",\"@id\":\"https:\/\/legrandcontinent.eu\/es\/#\/schema\/person\/image\/\",\"url\":\"https:\/\/secure.gravatar.com\/avatar\/0d38d78c90602daf39b309035cdac6bc?s=96&d=mm&r=g\",\"contentUrl\":\"https:\/\/secure.gravatar.com\/avatar\/0d38d78c90602daf39b309035cdac6bc?s=96&d=mm&r=g\",\"caption\":\"florent\"}}]}<\/script>\n<!-- \/ Yoast SEO plugin. -->","yoast_head_json":{"title":"El cambio clim\u00e1tico est\u00e1 modificando nuestra forma de medir el tiempo - El Grand Continent","robots":{"index":"index","follow":"follow","max-snippet":"max-snippet:-1","max-image-preview":"max-image-preview:large","max-video-preview":"max-video-preview:-1"},"canonical":"https:\/\/legrandcontinent.eu\/es\/2024\/03\/30\/el-cambio-climatico-esta-cambiando-nuestra-forma-de-medir-el-tiempo\/","og_locale":"es_ES","og_type":"article","og_title":"El cambio clim\u00e1tico est\u00e1 modificando nuestra forma de medir el tiempo - El Grand Continent","og_description":"El cambio clim\u00e1tico est\u00e1 afectando a todo, incluso al tiempo. Seg\u00fan un estudio del geof\u00edsico Duncan Agnew, el aumento del nivel del mar est\u00e1 ralentizando el ritmo de rotaci\u00f3n de la Tierra. En lugar de a\u00f1adir un segundo varias veces por d\u00e9cada, los metr\u00f3logos podr\u00edan tener que restar uno -por primera vez desde la introducci\u00f3n del Tiempo Universal-.","og_url":"https:\/\/legrandcontinent.eu\/es\/2024\/03\/30\/el-cambio-climatico-esta-cambiando-nuestra-forma-de-medir-el-tiempo\/","og_site_name":"El Grand Continent","article_published_time":"2024-03-30T05:30:00+00:00","og_image":[{"width":1453,"height":851,"url":"https:\/\/legrandcontinent.eu\/es\/wp-content\/uploads\/sites\/2\/2024\/03\/gc-fin-temps-nucleaire-e1711732828467.png","type":"image\/png"}],"author":"florent","twitter_card":"summary_large_image","twitter_misc":{"Escrito por":"florent","Tiempo de lectura":"3 minutos"},"schema":{"@context":"https:\/\/schema.org","@graph":[{"@type":"WebPage","@id":"https:\/\/legrandcontinent.eu\/es\/2024\/03\/30\/el-cambio-climatico-esta-cambiando-nuestra-forma-de-medir-el-tiempo\/","url":"https:\/\/legrandcontinent.eu\/es\/2024\/03\/30\/el-cambio-climatico-esta-cambiando-nuestra-forma-de-medir-el-tiempo\/","name":"El cambio clim\u00e1tico est\u00e1 modificando nuestra forma de medir el tiempo - El Grand Continent","isPartOf":{"@id":"https:\/\/legrandcontinent.eu\/es\/#website"},"primaryImageOfPage":{"@id":"https:\/\/legrandcontinent.eu\/es\/2024\/03\/30\/el-cambio-climatico-esta-cambiando-nuestra-forma-de-medir-el-tiempo\/#primaryimage"},"image":{"@id":"https:\/\/legrandcontinent.eu\/es\/2024\/03\/30\/el-cambio-climatico-esta-cambiando-nuestra-forma-de-medir-el-tiempo\/#primaryimage"},"thumbnailUrl":"https:\/\/legrandcontinent.eu\/es\/wp-content\/uploads\/sites\/2\/2024\/03\/gc-fin-temps-nucleaire-e1711732828467.png","datePublished":"2024-03-30T05:30:00+00:00","author":{"@id":"https:\/\/legrandcontinent.eu\/es\/#\/schema\/person\/cdd782c93d4a9eda86ab19a8c01cdf5c"},"breadcrumb":{"@id":"https:\/\/legrandcontinent.eu\/es\/2024\/03\/30\/el-cambio-climatico-esta-cambiando-nuestra-forma-de-medir-el-tiempo\/#breadcrumb"},"inLanguage":"es","potentialAction":[{"@type":"ReadAction","target":["https:\/\/legrandcontinent.eu\/es\/2024\/03\/30\/el-cambio-climatico-esta-cambiando-nuestra-forma-de-medir-el-tiempo\/"]}]},{"@type":"ImageObject","inLanguage":"es","@id":"https:\/\/legrandcontinent.eu\/es\/2024\/03\/30\/el-cambio-climatico-esta-cambiando-nuestra-forma-de-medir-el-tiempo\/#primaryimage","url":"https:\/\/legrandcontinent.eu\/es\/wp-content\/uploads\/sites\/2\/2024\/03\/gc-fin-temps-nucleaire-e1711732828467.png","contentUrl":"https:\/\/legrandcontinent.eu\/es\/wp-content\/uploads\/sites\/2\/2024\/03\/gc-fin-temps-nucleaire-e1711732828467.png","width":1453,"height":851},{"@type":"BreadcrumbList","@id":"https:\/\/legrandcontinent.eu\/es\/2024\/03\/30\/el-cambio-climatico-esta-cambiando-nuestra-forma-de-medir-el-tiempo\/#breadcrumb","itemListElement":[{"@type":"ListItem","position":1,"name":"Home","item":"https:\/\/legrandcontinent.eu\/es\/"},{"@type":"ListItem","position":2,"name":"El cambio clim\u00e1tico est\u00e1 modificando nuestra forma de medir el tiempo"}]},{"@type":"WebSite","@id":"https:\/\/legrandcontinent.eu\/es\/#website","url":"https:\/\/legrandcontinent.eu\/es\/","name":"El Grand Continent","description":"La escala pertinente","potentialAction":[{"@type":"SearchAction","target":{"@type":"EntryPoint","urlTemplate":"https:\/\/legrandcontinent.eu\/es\/?s={search_term_string}"},"query-input":{"@type":"PropertyValueSpecification","valueRequired":true,"valueName":"search_term_string"}}],"inLanguage":"es"},{"@type":"Person","@id":"https:\/\/legrandcontinent.eu\/es\/#\/schema\/person\/cdd782c93d4a9eda86ab19a8c01cdf5c","name":"florent","image":{"@type":"ImageObject","inLanguage":"es","@id":"https:\/\/legrandcontinent.eu\/es\/#\/schema\/person\/image\/","url":"https:\/\/secure.gravatar.com\/avatar\/0d38d78c90602daf39b309035cdac6bc?s=96&d=mm&r=g","contentUrl":"https:\/\/secure.gravatar.com\/avatar\/0d38d78c90602daf39b309035cdac6bc?s=96&d=mm&r=g","caption":"florent"}}]}},"lgc_categories":[{"id":295,"name":"Ciencia","slug":"ciencia"}],"lgc_author":null,"feature_image_summary":{"url":"https:\/\/legrandcontinent.eu\/es\/wp-content\/uploads\/sites\/2\/2024\/03\/gc-fin-temps-nucleaire-e1711732828467.png","width":1453,"height":851,"alt":""},"feature_image_cover":null,"term_position_data":null,"_links":{"self":[{"href":"https:\/\/legrandcontinent.eu\/es\/wp-json\/wp\/v2\/posts\/32153","targetHints":{"allow":["GET"]}}],"collection":[{"href":"https:\/\/legrandcontinent.eu\/es\/wp-json\/wp\/v2\/posts"}],"about":[{"href":"https:\/\/legrandcontinent.eu\/es\/wp-json\/wp\/v2\/types\/post"}],"author":[{"embeddable":true,"href":"https:\/\/legrandcontinent.eu\/es\/wp-json\/wp\/v2\/users\/1366"}],"replies":[{"embeddable":true,"href":"https:\/\/legrandcontinent.eu\/es\/wp-json\/wp\/v2\/comments?post=32153"}],"version-history":[{"count":0,"href":"https:\/\/legrandcontinent.eu\/es\/wp-json\/wp\/v2\/posts\/32153\/revisions"}],"wp:featuredmedia":[{"embeddable":true,"href":"https:\/\/legrandcontinent.eu\/es\/wp-json\/wp\/v2\/media\/32130"}],"wp:attachment":[{"href":"https:\/\/legrandcontinent.eu\/es\/wp-json\/wp\/v2\/media?parent=32153"}],"wp:term":[{"taxonomy":"category","embeddable":true,"href":"https:\/\/legrandcontinent.eu\/es\/wp-json\/wp\/v2\/categories?post=32153"},{"taxonomy":"post_tag","embeddable":true,"href":"https:\/\/legrandcontinent.eu\/es\/wp-json\/wp\/v2\/tags?post=32153"},{"taxonomy":"staff","embeddable":true,"href":"https:\/\/legrandcontinent.eu\/es\/wp-json\/wp\/v2\/staff?post=32153"},{"taxonomy":"editorial_format","embeddable":true,"href":"https:\/\/legrandcontinent.eu\/es\/wp-json\/wp\/v2\/editorial_format?post=32153"},{"taxonomy":"serie","embeddable":true,"href":"https:\/\/legrandcontinent.eu\/es\/wp-json\/wp\/v2\/serie?post=32153"},{"taxonomy":"audience","embeddable":true,"href":"https:\/\/legrandcontinent.eu\/es\/wp-json\/wp\/v2\/audience?post=32153"},{"taxonomy":"geo","embeddable":true,"href":"https:\/\/legrandcontinent.eu\/es\/wp-json\/wp\/v2\/geo?post=32153"}],"curies":[{"name":"wp","href":"https:\/\/api.w.org\/{rel}","templated":true}]}}