{"id":30566,"date":"2024-03-04T15:31:00","date_gmt":"2024-03-04T14:31:00","guid":{"rendered":"https:\/\/legrandcontinent.eu\/es\/?p=30566"},"modified":"2024-03-04T16:16:20","modified_gmt":"2024-03-04T15:16:20","slug":"en-melbourne-australia-y-la-asean-profundizan-su-cooperacion-frente-a-china","status":"publish","type":"post","link":"https:\/\/legrandcontinent.eu\/es\/2024\/03\/04\/en-melbourne-australia-y-la-asean-profundizan-su-cooperacion-frente-a-china\/","title":{"rendered":"En Melbourne, Australia y la ASEAN profundizan su cooperaci\u00f3n frente a China"},"content":{"rendered":"\n<p>La cumbre especial ASEAN-Australia que comienza hoy en Melbourne es la segunda de este formato organizada por Canberra, tras un evento inaugural celebrado en marzo de 2018. Desde que el Gobierno de centroizquierda de Anthony Albanese lleg\u00f3 al poder en mayo de 2022, Australia ha acelerado su acercamiento a los pa\u00edses del Sudeste Asi\u00e1tico.<\/p>\n\n\n\n<ul class=\"wp-block-list\">\n<li>Esta cumbre celebra los 50 a\u00f1os de cooperaci\u00f3n entre Australia y los pa\u00edses de la ASEAN. En 1974, Canberra se convirti\u00f3 en el \u00abprimer socio de di\u00e1logo\u00bb de la Asociaci\u00f3n, y el Primer Ministro australiano, Gough Whitlam, describi\u00f3 la ASEAN como \u00abel grupo m\u00e1s grande y relevante\u00bb de la regi\u00f3n&nbsp;<span class='whitespace-nowrap'><span id='easy-footnote-1-30566' class='easy-footnote-margin-adjust'><\/span><span class='easy-footnote'><a href='https:\/\/legrandcontinent.eu\/es\/2024\/03\/04\/en-melbourne-australia-y-la-asean-profundizan-su-cooperacion-frente-a-china\/#easy-footnote-bottom-1-30566' title='Ridvan Kilic,\u00a0&lt;a href=&quot;https:\/\/www.internationalaffairs.org.au\/australianoutlook\/the-big-50-upgrading-to-an-asean-australia-comprehensive-special-strategic-partnership\/&quot;&gt;The Big 50\u00a0: Upgrading to an ASEAN-Australia Comprehensive Special Strategic Partnership&lt;\/a&gt;, 27 de febrero de 2024.'><sup>1<\/sup><\/a><\/span><\/span>.<\/li>\n\n\n\n<li>En 2022, Albanese nombr\u00f3 un enviado especial para el Sudeste Asi\u00e1tico, Nicholas Moore, y cre\u00f3 una Oficina del Sudeste Asi\u00e1tico dentro del Departamento de Asuntos Exteriores y Comercio.<\/li>\n\n\n\n<li>El lunes 4 de marzo, Canberra dio a conocer un nuevo Mecanismo de Financiaci\u00f3n de Inversiones en el Sudeste Asi\u00e1tico, dotado con 1.300 millones de d\u00f3lares y destinado a reforzar los lazos econ\u00f3micos con la ASEAN&nbsp;<span class='whitespace-nowrap'><span id='easy-footnote-2-30566' class='easy-footnote-margin-adjust'><\/span><span class='easy-footnote'><a href='https:\/\/legrandcontinent.eu\/es\/2024\/03\/04\/en-melbourne-australia-y-la-asean-profundizan-su-cooperacion-frente-a-china\/#easy-footnote-bottom-2-30566' title='Ben Westcott, \u00ab\u00a0&lt;a href=&quot;https:\/\/www.bloomberg.com\/news\/articles\/2024-03-04\/australia-pledges-1-3-billion-to-spur-southeast-asia-investment&quot;&gt;Australia Pledges $1.3 Billion to Spur Southeast Asia Investment&lt;\/a&gt;\u00a0\u00bb,\u00a0&lt;em&gt;Bloomberg&lt;\/em&gt;, 4 de marzo de 2024.'><sup>2<\/sup><\/a><\/span><\/span>.<\/li>\n<\/ul>\n\n\n\n<div class=\"iframe-container wp-block-image wp-block-image-medium  iframe-dw\">\n\t<div>\n\t\t<iframe class=\"absolute w-full h-full pin-t pin-l\" title=\"titolo\" aria-label=\"Interactive line chart\" src=\"\/\/datawrapper.dwcdn.net\/QlOvI\/\" scrolling=\"no\" frameborder=\"0\"><\/iframe>\n\t<\/div>\n<\/div>\n\n\n\n<p>La cooperaci\u00f3n mar\u00edtima y el renovado activismo chino en el Mar de China Meridional figuran en la agenda. Las reivindicaciones territoriales chinas abarcan el 90% del Mar de China Meridional&nbsp;<span class='whitespace-nowrap'><span id='easy-footnote-3-30566' class='easy-footnote-margin-adjust'><\/span><span class='easy-footnote'><a href='https:\/\/legrandcontinent.eu\/es\/2024\/03\/04\/en-melbourne-australia-y-la-asean-profundizan-su-cooperacion-frente-a-china\/#easy-footnote-bottom-3-30566' title='&lt;a href=&quot;https:\/\/www.reuters.com\/world\/asia-pacific\/philippines-taiwan-malaysia-reject-chinas-latest-south-china-sea-map-2023-08-31\/&quot;&gt;Philippines, Taiwan, Malaysia reject China\u2019s latest South China Sea map&lt;\/a&gt;,\u00a0&lt;em&gt;Reuters&lt;\/em&gt;, 31 de agosto de 2023.'><sup>3<\/sup><\/a><\/span><\/span>.<\/p>\n\n\n\n<ul class=\"wp-block-list\">\n<li>La ministra australiana de Asuntos Exteriores, Penny Wong, ha anunciado hoy un paquete de 41,8 millones de d\u00f3lares en 4 a\u00f1os para la seguridad mar\u00edtima.<\/li>\n\n\n\n<li>Dentro de la organizaci\u00f3n, Filipinas es el principal aliado de Australia en este asunto. La semana pasada, el Presidente filipino Ferdinand Marcos Jr. fue invitado a pronunciar un discurso ante el Parlamento australiano en el que pidi\u00f3 \u00abunir fuerzas con nuestros socios frente a las amenazas al Estado de Derecho, la estabilidad y la paz\u00bb, en referencia a las <a href=\"https:\/\/legrandcontinent.eu\/es\/2023\/08\/31\/el-nuevo-mapa-oficial-de-pekin-rotundamente-condenado-por-sus-vecinos\/\">reivindicaciones chinas en el Mar de China Meridional<\/a>&nbsp;<span class='whitespace-nowrap'><span id='easy-footnote-4-30566' class='easy-footnote-margin-adjust'><\/span><span class='easy-footnote'><a href='https:\/\/legrandcontinent.eu\/es\/2024\/03\/04\/en-melbourne-australia-y-la-asean-profundizan-su-cooperacion-frente-a-china\/#easy-footnote-bottom-4-30566' title='&lt;a href=&quot;https:\/\/pco.gov.ph\/presidential-speech\/address-by-president-ferdinand-r-marcos-jr-to-the-parliament-of-australian-on-bayanihan-and-mateship-the-philippines-and-australias-enduring-friendship-and-common-aspirations-for-the-futur\/&quot;&gt;Address by President Ferdinand R. Marcos Jr. to the Parliament of Australian on Bayanihan and Mateship\u00a0: The Philippines and Australia\u2019s Enduring Friendship and Common Aspirations for the Future&lt;\/a&gt;, Gobierno de Filipinas, 29 de febrero de 2024.'><sup>4<\/sup><\/a><\/span><\/span>.<\/li>\n\n\n\n<li>Vietnam y Filipinas tambi\u00e9n firmaron un acuerdo de seguridad en enero.<\/li>\n\n\n\n<li>Habr\u00e1 que seguir de cerca la evoluci\u00f3n de la postura de los pa\u00edses de la ASEAN ante las pretensiones chinas, ya que el PCCh celebra esta semana sus \u00abDos Sesiones\u00bb -de la Asamblea Popular Nacional (APN) y la Conferencia Consultiva Pol\u00edtica del Pueblo Chino (CCPPC)-, que podr\u00edan ratificar un endurecimiento de la pol\u00edtica de Pek\u00edn hacia Taiw\u00e1n. El jueves 7 de marzo podr\u00eda tener lugar un discurso del ministro chino de Asuntos Exteriores.<\/li>\n<\/ul>\n\n\n\n<p>La pol\u00edtica exterior de Australia era percibida por sus socios asi\u00e1ticos como muy alineada con la de Estados Unidos antes de que Albanese llegara al poder&nbsp;<span class='whitespace-nowrap'><span id='easy-footnote-5-30566' class='easy-footnote-margin-adjust'><\/span><span class='easy-footnote'><a href='https:\/\/legrandcontinent.eu\/es\/2024\/03\/04\/en-melbourne-australia-y-la-asean-profundizan-su-cooperacion-frente-a-china\/#easy-footnote-bottom-5-30566' title='Ben Westcott y Philip Heijmans, \u00ab\u00a0&lt;a href=&quot;https:\/\/www.bloomberg.com\/news\/articles\/2024-03-03\/australia-southeast-asia-push-to-bolster-ties-in-china-s-shadow?cmpid=BBD030324_MKT&amp;amp;utm_medium=email&amp;amp;utm_source=newsletter&amp;amp;utm_term=240303&amp;amp;utm_campaign=marketsasia&quot;&gt;Australia, Southeast Asia Strengthen Ties in China\u2019s Shadow&lt;\/a&gt;\u00a0\u00bb,\u00a0&lt;em&gt;Bloomberg&lt;\/em&gt;, 3 de marzo de 2024.'><sup>5<\/sup><\/a><\/span><\/span>. Aunque Canberra mantiene lazos muy estrechos con Washington y Londres, sobre todo a trav\u00e9s del acuerdo de cooperaci\u00f3n militar AUKUS, el pa\u00eds se percibe cada vez m\u00e1s como un socio regional importante, sobre todo porque las elecciones estadounidenses de noviembre se consideran un factor de incertidumbre.<\/p>\n\n\n\n<ul class=\"wp-block-list\">\n<li>No obstante, los habitantes de los pa\u00edses de la ASEAN siguen considerando a China, con diferencia, el actor pol\u00edtico y estrat\u00e9gico m\u00e1s influyente de la regi\u00f3n.<\/li>\n\n\n\n<li>En una encuesta realizada por el Centro de Investigaci\u00f3n sobre la ASEAN del Instituto Yusof Ishak, el 41,5% de los residentes en la ASEAN consideraba a Pek\u00edn el principal actor regional, frente al 3% de Australia.<\/li>\n<\/ul>\n\n\n\n<div class=\"iframe-container wp-block-image wp-block-image-medium  iframe-dw\">\n\t<div>\n\t\t<iframe class=\"absolute w-full h-full pin-t pin-l\" title=\"titolo\" aria-label=\"Interactive line chart\" src=\"\/\/datawrapper.dwcdn.net\/7LgsG\/\" scrolling=\"no\" frameborder=\"0\"><\/iframe>\n\t<\/div>\n<\/div>\n\n\n\n<p>Al mismo tiempo, Albanese desea mantener un di\u00e1logo abierto con China y <a href=\"https:\/\/legrandcontinent.eu\/es\/2023\/11\/04\/acercamiento-sino-australiano-albanese-se-reune-con-xi-jinping-en-pekin\/\">viaj\u00f3 a Pek\u00edn el pasado noviembre<\/a> -la primera vez que un Primer Ministro australiano lo hac\u00eda en 7 a\u00f1os- tras una visita a Washington unas semanas antes.<\/p>\n","protected":false},"excerpt":{"rendered":"<p>Australia acoge a los pa\u00edses de la ASEAN en una cumbre de tres d\u00edas que comienza hoy en Melbourne. Desde que Anthony Albanese lleg\u00f3 al poder en 2022, Canberra ha profundizado su cooperaci\u00f3n con los pa\u00edses de la regi\u00f3n frente a las crecientes exigencias chinas.<\/p>\n","protected":false},"author":1366,"featured_media":30567,"comment_status":"closed","ping_status":"","sticky":false,"template":"templates\/post-briefings.php","format":"standard","meta":{"_acf_changed":false,"_trash_the_other_posts":false,"_yoast_wpseo_estimated-reading-time-minutes":3,"footnotes":""},"categories":[179],"tags":[],"staff":[],"editorial_format":[],"serie":[],"audience":[],"geo":[197],"class_list":["post-30566","post","type-post","status-publish","format-standard","hentry","category-seguridad","geo-asia-oriental"],"acf":{"open_in_webview":false,"accent":false,"_thumbnail_id":30567,"excerpt":"Australia acoge a los pa\u00edses de la ASEAN en una cumbre de tres d\u00edas que comienza hoy en Melbourne. Desde que Anthony Albanese lleg\u00f3 al poder en 2022, Canberra ha profundizado su cooperaci\u00f3n con los pa\u00edses de la regi\u00f3n frente a las crecientes exigencias chinas.","display_date":"","new_abstract":true},"yoast_head":"<!-- This site is optimized with the Yoast SEO plugin v26.1.1 - https:\/\/yoast.com\/wordpress\/plugins\/seo\/ -->\n<title>En Melbourne, Australia y la ASEAN profundizan su cooperaci\u00f3n frente a China - El Grand Continent<\/title>\n<meta name=\"robots\" content=\"index, follow, max-snippet:-1, max-image-preview:large, max-video-preview:-1\" \/>\n<link rel=\"canonical\" href=\"https:\/\/legrandcontinent.eu\/es\/2024\/03\/04\/en-melbourne-australia-y-la-asean-profundizan-su-cooperacion-frente-a-china\/\" \/>\n<meta property=\"og:locale\" content=\"es_ES\" \/>\n<meta property=\"og:type\" content=\"article\" \/>\n<meta property=\"og:title\" content=\"En Melbourne, Australia y la ASEAN profundizan su cooperaci\u00f3n frente a China - El Grand Continent\" \/>\n<meta property=\"og:description\" content=\"Australia acoge a los pa\u00edses de la ASEAN en una cumbre de tres d\u00edas que comienza hoy en Melbourne. Desde que Anthony Albanese lleg\u00f3 al poder en 2022, Canberra ha profundizado su cooperaci\u00f3n con los pa\u00edses de la regi\u00f3n frente a las crecientes exigencias chinas.\" \/>\n<meta property=\"og:url\" content=\"https:\/\/legrandcontinent.eu\/es\/2024\/03\/04\/en-melbourne-australia-y-la-asean-profundizan-su-cooperacion-frente-a-china\/\" \/>\n<meta property=\"og:site_name\" content=\"El Grand Continent\" \/>\n<meta property=\"article:published_time\" content=\"2024-03-04T14:31:00+00:00\" \/>\n<meta property=\"article:modified_time\" content=\"2024-03-04T15:16:20+00:00\" \/>\n<meta property=\"og:image\" content=\"https:\/\/legrandcontinent.eu\/es\/wp-content\/uploads\/sites\/6\/2024\/03\/Capture-decran-2024-03-04-a-16.15.33.png\" \/>\n\t<meta property=\"og:image:width\" content=\"1560\" \/>\n\t<meta property=\"og:image:height\" content=\"900\" \/>\n\t<meta property=\"og:image:type\" content=\"image\/png\" \/>\n<meta name=\"author\" content=\"florent\" \/>\n<meta name=\"twitter:card\" content=\"summary_large_image\" \/>\n<meta name=\"twitter:label1\" content=\"Escrito por\" \/>\n\t<meta name=\"twitter:data1\" content=\"florent\" \/>\n\t<meta name=\"twitter:label2\" content=\"Tiempo de lectura\" \/>\n\t<meta name=\"twitter:data2\" content=\"3 minutos\" \/>\n<script type=\"application\/ld+json\" class=\"yoast-schema-graph\">{\"@context\":\"https:\/\/schema.org\",\"@graph\":[{\"@type\":\"WebPage\",\"@id\":\"https:\/\/legrandcontinent.eu\/es\/2024\/03\/04\/en-melbourne-australia-y-la-asean-profundizan-su-cooperacion-frente-a-china\/\",\"url\":\"https:\/\/legrandcontinent.eu\/es\/2024\/03\/04\/en-melbourne-australia-y-la-asean-profundizan-su-cooperacion-frente-a-china\/\",\"name\":\"En Melbourne, Australia y la ASEAN profundizan su cooperaci\u00f3n frente a China - El Grand Continent\",\"isPartOf\":{\"@id\":\"https:\/\/legrandcontinent.eu\/es\/#website\"},\"primaryImageOfPage\":{\"@id\":\"https:\/\/legrandcontinent.eu\/es\/2024\/03\/04\/en-melbourne-australia-y-la-asean-profundizan-su-cooperacion-frente-a-china\/#primaryimage\"},\"image\":{\"@id\":\"https:\/\/legrandcontinent.eu\/es\/2024\/03\/04\/en-melbourne-australia-y-la-asean-profundizan-su-cooperacion-frente-a-china\/#primaryimage\"},\"thumbnailUrl\":\"https:\/\/legrandcontinent.eu\/es\/wp-content\/uploads\/sites\/6\/2024\/03\/Capture-decran-2024-03-04-a-16.15.33.png\",\"datePublished\":\"2024-03-04T14:31:00+00:00\",\"dateModified\":\"2024-03-04T15:16:20+00:00\",\"author\":{\"@id\":\"https:\/\/legrandcontinent.eu\/es\/#\/schema\/person\/cdd782c93d4a9eda86ab19a8c01cdf5c\"},\"breadcrumb\":{\"@id\":\"https:\/\/legrandcontinent.eu\/es\/2024\/03\/04\/en-melbourne-australia-y-la-asean-profundizan-su-cooperacion-frente-a-china\/#breadcrumb\"},\"inLanguage\":\"es\",\"potentialAction\":[{\"@type\":\"ReadAction\",\"target\":[\"https:\/\/legrandcontinent.eu\/es\/2024\/03\/04\/en-melbourne-australia-y-la-asean-profundizan-su-cooperacion-frente-a-china\/\"]}]},{\"@type\":\"ImageObject\",\"inLanguage\":\"es\",\"@id\":\"https:\/\/legrandcontinent.eu\/es\/2024\/03\/04\/en-melbourne-australia-y-la-asean-profundizan-su-cooperacion-frente-a-china\/#primaryimage\",\"url\":\"https:\/\/legrandcontinent.eu\/es\/wp-content\/uploads\/sites\/6\/2024\/03\/Capture-decran-2024-03-04-a-16.15.33.png\",\"contentUrl\":\"https:\/\/legrandcontinent.eu\/es\/wp-content\/uploads\/sites\/6\/2024\/03\/Capture-decran-2024-03-04-a-16.15.33.png\",\"width\":1560,\"height\":900},{\"@type\":\"BreadcrumbList\",\"@id\":\"https:\/\/legrandcontinent.eu\/es\/2024\/03\/04\/en-melbourne-australia-y-la-asean-profundizan-su-cooperacion-frente-a-china\/#breadcrumb\",\"itemListElement\":[{\"@type\":\"ListItem\",\"position\":1,\"name\":\"Home\",\"item\":\"https:\/\/legrandcontinent.eu\/es\/\"},{\"@type\":\"ListItem\",\"position\":2,\"name\":\"En Melbourne, Australia y la ASEAN profundizan su cooperaci\u00f3n frente a China\"}]},{\"@type\":\"WebSite\",\"@id\":\"https:\/\/legrandcontinent.eu\/es\/#website\",\"url\":\"https:\/\/legrandcontinent.eu\/es\/\",\"name\":\"El Grand Continent\",\"description\":\"La escala pertinente\",\"potentialAction\":[{\"@type\":\"SearchAction\",\"target\":{\"@type\":\"EntryPoint\",\"urlTemplate\":\"https:\/\/legrandcontinent.eu\/es\/?s={search_term_string}\"},\"query-input\":{\"@type\":\"PropertyValueSpecification\",\"valueRequired\":true,\"valueName\":\"search_term_string\"}}],\"inLanguage\":\"es\"},{\"@type\":\"Person\",\"@id\":\"https:\/\/legrandcontinent.eu\/es\/#\/schema\/person\/cdd782c93d4a9eda86ab19a8c01cdf5c\",\"name\":\"florent\",\"image\":{\"@type\":\"ImageObject\",\"inLanguage\":\"es\",\"@id\":\"https:\/\/legrandcontinent.eu\/es\/#\/schema\/person\/image\/\",\"url\":\"https:\/\/secure.gravatar.com\/avatar\/0d38d78c90602daf39b309035cdac6bc?s=96&d=mm&r=g\",\"contentUrl\":\"https:\/\/secure.gravatar.com\/avatar\/0d38d78c90602daf39b309035cdac6bc?s=96&d=mm&r=g\",\"caption\":\"florent\"}}]}<\/script>\n<!-- \/ Yoast SEO plugin. -->","yoast_head_json":{"title":"En Melbourne, Australia y la ASEAN profundizan su cooperaci\u00f3n frente a China - El Grand Continent","robots":{"index":"index","follow":"follow","max-snippet":"max-snippet:-1","max-image-preview":"max-image-preview:large","max-video-preview":"max-video-preview:-1"},"canonical":"https:\/\/legrandcontinent.eu\/es\/2024\/03\/04\/en-melbourne-australia-y-la-asean-profundizan-su-cooperacion-frente-a-china\/","og_locale":"es_ES","og_type":"article","og_title":"En Melbourne, Australia y la ASEAN profundizan su cooperaci\u00f3n frente a China - El Grand Continent","og_description":"Australia acoge a los pa\u00edses de la ASEAN en una cumbre de tres d\u00edas que comienza hoy en Melbourne. Desde que Anthony Albanese lleg\u00f3 al poder en 2022, Canberra ha profundizado su cooperaci\u00f3n con los pa\u00edses de la regi\u00f3n frente a las crecientes exigencias chinas.","og_url":"https:\/\/legrandcontinent.eu\/es\/2024\/03\/04\/en-melbourne-australia-y-la-asean-profundizan-su-cooperacion-frente-a-china\/","og_site_name":"El Grand Continent","article_published_time":"2024-03-04T14:31:00+00:00","article_modified_time":"2024-03-04T15:16:20+00:00","og_image":[{"width":1560,"height":900,"url":"https:\/\/legrandcontinent.eu\/es\/wp-content\/uploads\/sites\/6\/2024\/03\/Capture-decran-2024-03-04-a-16.15.33.png","type":"image\/png"}],"author":"florent","twitter_card":"summary_large_image","twitter_misc":{"Escrito por":"florent","Tiempo de lectura":"3 minutos"},"schema":{"@context":"https:\/\/schema.org","@graph":[{"@type":"WebPage","@id":"https:\/\/legrandcontinent.eu\/es\/2024\/03\/04\/en-melbourne-australia-y-la-asean-profundizan-su-cooperacion-frente-a-china\/","url":"https:\/\/legrandcontinent.eu\/es\/2024\/03\/04\/en-melbourne-australia-y-la-asean-profundizan-su-cooperacion-frente-a-china\/","name":"En Melbourne, Australia y la ASEAN profundizan su cooperaci\u00f3n frente a China - El Grand Continent","isPartOf":{"@id":"https:\/\/legrandcontinent.eu\/es\/#website"},"primaryImageOfPage":{"@id":"https:\/\/legrandcontinent.eu\/es\/2024\/03\/04\/en-melbourne-australia-y-la-asean-profundizan-su-cooperacion-frente-a-china\/#primaryimage"},"image":{"@id":"https:\/\/legrandcontinent.eu\/es\/2024\/03\/04\/en-melbourne-australia-y-la-asean-profundizan-su-cooperacion-frente-a-china\/#primaryimage"},"thumbnailUrl":"https:\/\/legrandcontinent.eu\/es\/wp-content\/uploads\/sites\/6\/2024\/03\/Capture-decran-2024-03-04-a-16.15.33.png","datePublished":"2024-03-04T14:31:00+00:00","dateModified":"2024-03-04T15:16:20+00:00","author":{"@id":"https:\/\/legrandcontinent.eu\/es\/#\/schema\/person\/cdd782c93d4a9eda86ab19a8c01cdf5c"},"breadcrumb":{"@id":"https:\/\/legrandcontinent.eu\/es\/2024\/03\/04\/en-melbourne-australia-y-la-asean-profundizan-su-cooperacion-frente-a-china\/#breadcrumb"},"inLanguage":"es","potentialAction":[{"@type":"ReadAction","target":["https:\/\/legrandcontinent.eu\/es\/2024\/03\/04\/en-melbourne-australia-y-la-asean-profundizan-su-cooperacion-frente-a-china\/"]}]},{"@type":"ImageObject","inLanguage":"es","@id":"https:\/\/legrandcontinent.eu\/es\/2024\/03\/04\/en-melbourne-australia-y-la-asean-profundizan-su-cooperacion-frente-a-china\/#primaryimage","url":"https:\/\/legrandcontinent.eu\/es\/wp-content\/uploads\/sites\/6\/2024\/03\/Capture-decran-2024-03-04-a-16.15.33.png","contentUrl":"https:\/\/legrandcontinent.eu\/es\/wp-content\/uploads\/sites\/6\/2024\/03\/Capture-decran-2024-03-04-a-16.15.33.png","width":1560,"height":900},{"@type":"BreadcrumbList","@id":"https:\/\/legrandcontinent.eu\/es\/2024\/03\/04\/en-melbourne-australia-y-la-asean-profundizan-su-cooperacion-frente-a-china\/#breadcrumb","itemListElement":[{"@type":"ListItem","position":1,"name":"Home","item":"https:\/\/legrandcontinent.eu\/es\/"},{"@type":"ListItem","position":2,"name":"En Melbourne, Australia y la ASEAN profundizan su cooperaci\u00f3n frente a China"}]},{"@type":"WebSite","@id":"https:\/\/legrandcontinent.eu\/es\/#website","url":"https:\/\/legrandcontinent.eu\/es\/","name":"El Grand Continent","description":"La escala pertinente","potentialAction":[{"@type":"SearchAction","target":{"@type":"EntryPoint","urlTemplate":"https:\/\/legrandcontinent.eu\/es\/?s={search_term_string}"},"query-input":{"@type":"PropertyValueSpecification","valueRequired":true,"valueName":"search_term_string"}}],"inLanguage":"es"},{"@type":"Person","@id":"https:\/\/legrandcontinent.eu\/es\/#\/schema\/person\/cdd782c93d4a9eda86ab19a8c01cdf5c","name":"florent","image":{"@type":"ImageObject","inLanguage":"es","@id":"https:\/\/legrandcontinent.eu\/es\/#\/schema\/person\/image\/","url":"https:\/\/secure.gravatar.com\/avatar\/0d38d78c90602daf39b309035cdac6bc?s=96&d=mm&r=g","contentUrl":"https:\/\/secure.gravatar.com\/avatar\/0d38d78c90602daf39b309035cdac6bc?s=96&d=mm&r=g","caption":"florent"}}]}},"lgc_categories":[{"id":179,"name":"Seguridad","slug":"seguridad"}],"lgc_author":null,"feature_image_summary":{"url":"https:\/\/legrandcontinent.eu\/es\/wp-content\/uploads\/sites\/6\/2024\/03\/Capture-decran-2024-03-04-a-16.15.33.png","width":1560,"height":900,"alt":""},"feature_image_cover":null,"term_position_data":null,"_links":{"self":[{"href":"https:\/\/legrandcontinent.eu\/es\/wp-json\/wp\/v2\/posts\/30566","targetHints":{"allow":["GET"]}}],"collection":[{"href":"https:\/\/legrandcontinent.eu\/es\/wp-json\/wp\/v2\/posts"}],"about":[{"href":"https:\/\/legrandcontinent.eu\/es\/wp-json\/wp\/v2\/types\/post"}],"author":[{"embeddable":true,"href":"https:\/\/legrandcontinent.eu\/es\/wp-json\/wp\/v2\/users\/1366"}],"replies":[{"embeddable":true,"href":"https:\/\/legrandcontinent.eu\/es\/wp-json\/wp\/v2\/comments?post=30566"}],"version-history":[{"count":0,"href":"https:\/\/legrandcontinent.eu\/es\/wp-json\/wp\/v2\/posts\/30566\/revisions"}],"wp:featuredmedia":[{"embeddable":true,"href":"https:\/\/legrandcontinent.eu\/es\/wp-json\/wp\/v2\/media\/30567"}],"wp:attachment":[{"href":"https:\/\/legrandcontinent.eu\/es\/wp-json\/wp\/v2\/media?parent=30566"}],"wp:term":[{"taxonomy":"category","embeddable":true,"href":"https:\/\/legrandcontinent.eu\/es\/wp-json\/wp\/v2\/categories?post=30566"},{"taxonomy":"post_tag","embeddable":true,"href":"https:\/\/legrandcontinent.eu\/es\/wp-json\/wp\/v2\/tags?post=30566"},{"taxonomy":"staff","embeddable":true,"href":"https:\/\/legrandcontinent.eu\/es\/wp-json\/wp\/v2\/staff?post=30566"},{"taxonomy":"editorial_format","embeddable":true,"href":"https:\/\/legrandcontinent.eu\/es\/wp-json\/wp\/v2\/editorial_format?post=30566"},{"taxonomy":"serie","embeddable":true,"href":"https:\/\/legrandcontinent.eu\/es\/wp-json\/wp\/v2\/serie?post=30566"},{"taxonomy":"audience","embeddable":true,"href":"https:\/\/legrandcontinent.eu\/es\/wp-json\/wp\/v2\/audience?post=30566"},{"taxonomy":"geo","embeddable":true,"href":"https:\/\/legrandcontinent.eu\/es\/wp-json\/wp\/v2\/geo?post=30566"}],"curies":[{"name":"wp","href":"https:\/\/api.w.org\/{rel}","templated":true}]}}