{"id":29641,"date":"2024-02-15T17:00:00","date_gmt":"2024-02-15T16:00:00","guid":{"rendered":"https:\/\/legrandcontinent.eu\/es\/?p=29641"},"modified":"2024-02-15T18:29:43","modified_gmt":"2024-02-15T17:29:43","slug":"global-lula-el-presidente-brasileno-visita-egipto-y-etiopia","status":"publish","type":"post","link":"https:\/\/legrandcontinent.eu\/es\/2024\/02\/15\/global-lula-el-presidente-brasileno-visita-egipto-y-etiopia\/","title":{"rendered":"<em>Global Lula<\/em>: el Presidente brasile\u00f1o visita Egipto y Etiop\u00eda"},"content":{"rendered":"\n<p>Egipto y Etiop\u00eda, pa\u00edses a los que Lula visita esta semana, son dos de los cinco nuevos miembros del BRICS que se incorporaron oficialmente a la organizaci\u00f3n el 1 de enero. Este es el segundo viaje de Lula a \u00c1frica desde que asumi\u00f3 el cargo.<\/p>\n\n\n\n<div class=\"iframe-container wp-block-image wp-block-image-medium  iframe-dw\">\n\t<div>\n\t\t<iframe class=\"absolute w-full h-full pin-t pin-l\" title=\"titolo\" aria-label=\"Interactive line chart\" src=\"\/\/datawrapper.dwcdn.net\/19DrC\/\" scrolling=\"no\" frameborder=\"0\"><\/iframe>\n\t<\/div>\n<\/div>\n\n\n\n<p>Egipto es el segundo socio comercial de Brasil en \u00c1frica (2.860 millones de d\u00f3lares de intercambios en 2023), por detr\u00e1s de Argelia (4.290 millones).<\/p>\n\n\n\n<ul class=\"wp-block-list\">\n<li>Sin embargo, la balanza comercial entre ambos pa\u00edses est\u00e1 desequilibrada a favor de Brasil, ya que El Cairo registra un d\u00e9ficit comercial de 1.770 millones de d\u00f3lares con Brasil.<\/li>\n\n\n\n<li>En octubre, Egipto suspendi\u00f3 un impuesto aduanero del 30% sobre el pollo brasile\u00f1o, que representa el 90% de sus importaciones&nbsp;<span class='whitespace-nowrap'><span id='easy-footnote-1-29641' class='easy-footnote-margin-adjust'><\/span><span class='easy-footnote'><a href='https:\/\/legrandcontinent.eu\/es\/2024\/02\/15\/global-lula-el-presidente-brasileno-visita-egipto-y-etiopia\/#easy-footnote-bottom-1-29641' title='Reuters, \u00ab\u00a0&lt;a href=&quot;https:\/\/www.reuters.com\/article\/idUSL1N3BJ2H7\/&quot;&gt;Egypt\u2019s tariff exemption to favor Brazilian chicken\u00a0: industry group&lt;\/a&gt;\u00a0\u00bb, 13 de octubre de 2023.'><sup>1<\/sup><\/a><\/span><\/span>.<\/li>\n\n\n\n<li>Tambi\u00e9n se dice que el gobierno egipcio est\u00e1 en v\u00edas de aprobar la facilitaci\u00f3n de las importaciones de carne de vacuno brasile\u00f1a. El a\u00f1o 2024 marca tambi\u00e9n el centenario de las relaciones diplom\u00e1ticas entre ambos pa\u00edses.<\/li>\n<\/ul>\n\n\n\n<div class=\"iframe-container wp-block-image wp-block-image-medium  iframe-dw\">\n\t<div>\n\t\t<iframe class=\"absolute w-full h-full pin-t pin-l\" title=\"titolo\" aria-label=\"Interactive line chart\" src=\"\/\/datawrapper.dwcdn.net\/zMaV8\/\" scrolling=\"no\" frameborder=\"0\"><\/iframe>\n\t<\/div>\n<\/div>\n\n\n\n<p>Durante la guerra de Gaza, Egipto fue un socio importante para Brasil en la repatriaci\u00f3n de sus ciudadanos, que pudieron ser evacuados a trav\u00e9s del paso fronterizo de Rafah en noviembre&nbsp;<span class='whitespace-nowrap'><span id='easy-footnote-2-29641' class='easy-footnote-margin-adjust'><\/span><span class='easy-footnote'><a href='https:\/\/legrandcontinent.eu\/es\/2024\/02\/15\/global-lula-el-presidente-brasileno-visita-egipto-y-etiopia\/#easy-footnote-bottom-2-29641' title='Reuters, \u00ab\u00a0&lt;a href=&quot;https:\/\/www.reuters.com\/world\/brazils-lula-welcomes-citizens-rescued-gaza-condemns-inhumane-violence-2023-11-14\/&quot;&gt;Brazil\u2019s Lula welcomes citizens rescued from Gaza, condemns \u2018inhumane violence\u2019&lt;\/a&gt;\u00a0\u00bb, 14 de noviembre de 2023.'><sup>2<\/sup><\/a><\/span><\/span>.<\/p>\n\n\n\n<ul class=\"wp-block-list\">\n<li>En una se\u00f1al de la centralidad del pa\u00eds en el contexto del conflicto entre Israel y Ham\u00e1s, Al-Sissi tambi\u00e9n recibi\u00f3 a Erdo\u011fan el mi\u00e9rcoles 14 de febrero. Se trataba de la primera visita del presidente turco a Egipto desde 2012. Las relaciones entre ambos pa\u00edses se rompieron tras el golpe de Estado de Al-Sissi contra Mohamed Morsi, miembro de los Hermanos Musulmanes y aliado de Erdo\u011fan.<\/li>\n<\/ul>\n\n\n\n<p>Del 16 al 18 de febrero, Lula viajar\u00e1 a Etiop\u00eda, donde asistir\u00e1 a la cumbre de la Uni\u00f3n Africana, oficialmente miembro del G20, del que Brasil ostenta la presidencia rotatoria hasta septiembre. La pr\u00f3xima cumbre del G20 est\u00e1 prevista para julio en R\u00edo de Janeiro.<\/p>\n","protected":false},"excerpt":{"rendered":"<p>Hoy, jueves 15 de febrero, Lula complet\u00f3 una visita oficial de dos d\u00edas a Egipto, antes de viajar ma\u00f1ana a Etiop\u00eda para asistir a la cumbre de la Uni\u00f3n Africana. Con una visita a sus nuevos socios de los BRICS y la presidencia del G20 en 2024, Lula sigue desempe\u00f1ando su papel en la recuperaci\u00f3n de la posici\u00f3n mundial de Brasil.<\/p>\n","protected":false},"author":1366,"featured_media":29632,"comment_status":"closed","ping_status":"","sticky":false,"template":"templates\/post-briefings.php","format":"standard","meta":{"_acf_changed":false,"_trash_the_other_posts":false,"_yoast_wpseo_estimated-reading-time-minutes":2,"footnotes":""},"categories":[635],"tags":[],"staff":[],"editorial_format":[],"serie":[],"audience":[],"geo":[198],"class_list":["post-29641","post","type-post","status-publish","format-standard","hentry","category-sures","geo-mundo"],"acf":{"open_in_webview":false,"accent":false,"_thumbnail_id":29632,"excerpt":"Hoy, jueves 15 de febrero, Lula complet\u00f3 una visita oficial de dos d\u00edas a Egipto, antes de viajar ma\u00f1ana a Etiop\u00eda para asistir a la cumbre de la Uni\u00f3n Africana. Con una visita a sus nuevos socios de los BRICS y la presidencia del G20 en 2024, Lula sigue desempe\u00f1ando su papel en la recuperaci\u00f3n de la posici\u00f3n mundial de Brasil.","display_date":"","new_abstract":true},"yoast_head":"<!-- This site is optimized with the Yoast SEO plugin v26.1.1 - https:\/\/yoast.com\/wordpress\/plugins\/seo\/ -->\n<title>Global Lula: el Presidente brasile\u00f1o visita Egipto y Etiop\u00eda - El Grand Continent<\/title>\n<meta name=\"robots\" content=\"index, follow, max-snippet:-1, max-image-preview:large, max-video-preview:-1\" \/>\n<link rel=\"canonical\" href=\"https:\/\/legrandcontinent.eu\/es\/2024\/02\/15\/global-lula-el-presidente-brasileno-visita-egipto-y-etiopia\/\" \/>\n<meta property=\"og:locale\" content=\"es_ES\" \/>\n<meta property=\"og:type\" content=\"article\" \/>\n<meta property=\"og:title\" content=\"Global Lula: el Presidente brasile\u00f1o visita Egipto y Etiop\u00eda - El Grand Continent\" \/>\n<meta property=\"og:description\" content=\"Hoy, jueves 15 de febrero, Lula complet\u00f3 una visita oficial de dos d\u00edas a Egipto, antes de viajar ma\u00f1ana a Etiop\u00eda para asistir a la cumbre de la Uni\u00f3n Africana. Con una visita a sus nuevos socios de los BRICS y la presidencia del G20 en 2024, Lula sigue desempe\u00f1ando su papel en la recuperaci\u00f3n de la posici\u00f3n mundial de Brasil.\" \/>\n<meta property=\"og:url\" content=\"https:\/\/legrandcontinent.eu\/es\/2024\/02\/15\/global-lula-el-presidente-brasileno-visita-egipto-y-etiopia\/\" \/>\n<meta property=\"og:site_name\" content=\"El Grand Continent\" \/>\n<meta property=\"article:published_time\" content=\"2024-02-15T16:00:00+00:00\" \/>\n<meta property=\"article:modified_time\" content=\"2024-02-15T17:29:43+00:00\" \/>\n<meta property=\"og:image\" content=\"https:\/\/legrandcontinent.eu\/es\/wp-content\/uploads\/sites\/2\/2024\/02\/gc-share-commerce-bresil-egypte.png\" \/>\n\t<meta property=\"og:image:width\" content=\"1458\" \/>\n\t<meta property=\"og:image:height\" content=\"952\" \/>\n\t<meta property=\"og:image:type\" content=\"image\/png\" \/>\n<meta name=\"author\" content=\"florent\" \/>\n<meta name=\"twitter:card\" content=\"summary_large_image\" \/>\n<meta name=\"twitter:label1\" content=\"Escrito por\" \/>\n\t<meta name=\"twitter:data1\" content=\"florent\" \/>\n\t<meta name=\"twitter:label2\" content=\"Tiempo de lectura\" \/>\n\t<meta name=\"twitter:data2\" content=\"2 minutos\" \/>\n<script type=\"application\/ld+json\" class=\"yoast-schema-graph\">{\"@context\":\"https:\/\/schema.org\",\"@graph\":[{\"@type\":\"WebPage\",\"@id\":\"https:\/\/legrandcontinent.eu\/es\/2024\/02\/15\/global-lula-el-presidente-brasileno-visita-egipto-y-etiopia\/\",\"url\":\"https:\/\/legrandcontinent.eu\/es\/2024\/02\/15\/global-lula-el-presidente-brasileno-visita-egipto-y-etiopia\/\",\"name\":\"Global Lula: el Presidente brasile\u00f1o visita Egipto y Etiop\u00eda - El Grand Continent\",\"isPartOf\":{\"@id\":\"https:\/\/legrandcontinent.eu\/es\/#website\"},\"primaryImageOfPage\":{\"@id\":\"https:\/\/legrandcontinent.eu\/es\/2024\/02\/15\/global-lula-el-presidente-brasileno-visita-egipto-y-etiopia\/#primaryimage\"},\"image\":{\"@id\":\"https:\/\/legrandcontinent.eu\/es\/2024\/02\/15\/global-lula-el-presidente-brasileno-visita-egipto-y-etiopia\/#primaryimage\"},\"thumbnailUrl\":\"https:\/\/legrandcontinent.eu\/es\/wp-content\/uploads\/sites\/2\/2024\/02\/gc-share-commerce-bresil-egypte.png\",\"datePublished\":\"2024-02-15T16:00:00+00:00\",\"dateModified\":\"2024-02-15T17:29:43+00:00\",\"author\":{\"@id\":\"https:\/\/legrandcontinent.eu\/es\/#\/schema\/person\/cdd782c93d4a9eda86ab19a8c01cdf5c\"},\"breadcrumb\":{\"@id\":\"https:\/\/legrandcontinent.eu\/es\/2024\/02\/15\/global-lula-el-presidente-brasileno-visita-egipto-y-etiopia\/#breadcrumb\"},\"inLanguage\":\"es\",\"potentialAction\":[{\"@type\":\"ReadAction\",\"target\":[\"https:\/\/legrandcontinent.eu\/es\/2024\/02\/15\/global-lula-el-presidente-brasileno-visita-egipto-y-etiopia\/\"]}]},{\"@type\":\"ImageObject\",\"inLanguage\":\"es\",\"@id\":\"https:\/\/legrandcontinent.eu\/es\/2024\/02\/15\/global-lula-el-presidente-brasileno-visita-egipto-y-etiopia\/#primaryimage\",\"url\":\"https:\/\/legrandcontinent.eu\/es\/wp-content\/uploads\/sites\/2\/2024\/02\/gc-share-commerce-bresil-egypte.png\",\"contentUrl\":\"https:\/\/legrandcontinent.eu\/es\/wp-content\/uploads\/sites\/2\/2024\/02\/gc-share-commerce-bresil-egypte.png\",\"width\":1458,\"height\":952},{\"@type\":\"BreadcrumbList\",\"@id\":\"https:\/\/legrandcontinent.eu\/es\/2024\/02\/15\/global-lula-el-presidente-brasileno-visita-egipto-y-etiopia\/#breadcrumb\",\"itemListElement\":[{\"@type\":\"ListItem\",\"position\":1,\"name\":\"Home\",\"item\":\"https:\/\/legrandcontinent.eu\/es\/\"},{\"@type\":\"ListItem\",\"position\":2,\"name\":\"Global Lula: el Presidente brasile\u00f1o visita Egipto y Etiop\u00eda\"}]},{\"@type\":\"WebSite\",\"@id\":\"https:\/\/legrandcontinent.eu\/es\/#website\",\"url\":\"https:\/\/legrandcontinent.eu\/es\/\",\"name\":\"El Grand Continent\",\"description\":\"La escala pertinente\",\"potentialAction\":[{\"@type\":\"SearchAction\",\"target\":{\"@type\":\"EntryPoint\",\"urlTemplate\":\"https:\/\/legrandcontinent.eu\/es\/?s={search_term_string}\"},\"query-input\":{\"@type\":\"PropertyValueSpecification\",\"valueRequired\":true,\"valueName\":\"search_term_string\"}}],\"inLanguage\":\"es\"},{\"@type\":\"Person\",\"@id\":\"https:\/\/legrandcontinent.eu\/es\/#\/schema\/person\/cdd782c93d4a9eda86ab19a8c01cdf5c\",\"name\":\"florent\",\"image\":{\"@type\":\"ImageObject\",\"inLanguage\":\"es\",\"@id\":\"https:\/\/legrandcontinent.eu\/es\/#\/schema\/person\/image\/\",\"url\":\"https:\/\/secure.gravatar.com\/avatar\/0d38d78c90602daf39b309035cdac6bc?s=96&d=mm&r=g\",\"contentUrl\":\"https:\/\/secure.gravatar.com\/avatar\/0d38d78c90602daf39b309035cdac6bc?s=96&d=mm&r=g\",\"caption\":\"florent\"}}]}<\/script>\n<!-- \/ Yoast SEO plugin. -->","yoast_head_json":{"title":"Global Lula: el Presidente brasile\u00f1o visita Egipto y Etiop\u00eda - El Grand Continent","robots":{"index":"index","follow":"follow","max-snippet":"max-snippet:-1","max-image-preview":"max-image-preview:large","max-video-preview":"max-video-preview:-1"},"canonical":"https:\/\/legrandcontinent.eu\/es\/2024\/02\/15\/global-lula-el-presidente-brasileno-visita-egipto-y-etiopia\/","og_locale":"es_ES","og_type":"article","og_title":"Global Lula: el Presidente brasile\u00f1o visita Egipto y Etiop\u00eda - El Grand Continent","og_description":"Hoy, jueves 15 de febrero, Lula complet\u00f3 una visita oficial de dos d\u00edas a Egipto, antes de viajar ma\u00f1ana a Etiop\u00eda para asistir a la cumbre de la Uni\u00f3n Africana. Con una visita a sus nuevos socios de los BRICS y la presidencia del G20 en 2024, Lula sigue desempe\u00f1ando su papel en la recuperaci\u00f3n de la posici\u00f3n mundial de Brasil.","og_url":"https:\/\/legrandcontinent.eu\/es\/2024\/02\/15\/global-lula-el-presidente-brasileno-visita-egipto-y-etiopia\/","og_site_name":"El Grand Continent","article_published_time":"2024-02-15T16:00:00+00:00","article_modified_time":"2024-02-15T17:29:43+00:00","og_image":[{"width":1458,"height":952,"url":"https:\/\/legrandcontinent.eu\/es\/wp-content\/uploads\/sites\/2\/2024\/02\/gc-share-commerce-bresil-egypte.png","type":"image\/png"}],"author":"florent","twitter_card":"summary_large_image","twitter_misc":{"Escrito por":"florent","Tiempo de lectura":"2 minutos"},"schema":{"@context":"https:\/\/schema.org","@graph":[{"@type":"WebPage","@id":"https:\/\/legrandcontinent.eu\/es\/2024\/02\/15\/global-lula-el-presidente-brasileno-visita-egipto-y-etiopia\/","url":"https:\/\/legrandcontinent.eu\/es\/2024\/02\/15\/global-lula-el-presidente-brasileno-visita-egipto-y-etiopia\/","name":"Global Lula: el Presidente brasile\u00f1o visita Egipto y Etiop\u00eda - El Grand Continent","isPartOf":{"@id":"https:\/\/legrandcontinent.eu\/es\/#website"},"primaryImageOfPage":{"@id":"https:\/\/legrandcontinent.eu\/es\/2024\/02\/15\/global-lula-el-presidente-brasileno-visita-egipto-y-etiopia\/#primaryimage"},"image":{"@id":"https:\/\/legrandcontinent.eu\/es\/2024\/02\/15\/global-lula-el-presidente-brasileno-visita-egipto-y-etiopia\/#primaryimage"},"thumbnailUrl":"https:\/\/legrandcontinent.eu\/es\/wp-content\/uploads\/sites\/2\/2024\/02\/gc-share-commerce-bresil-egypte.png","datePublished":"2024-02-15T16:00:00+00:00","dateModified":"2024-02-15T17:29:43+00:00","author":{"@id":"https:\/\/legrandcontinent.eu\/es\/#\/schema\/person\/cdd782c93d4a9eda86ab19a8c01cdf5c"},"breadcrumb":{"@id":"https:\/\/legrandcontinent.eu\/es\/2024\/02\/15\/global-lula-el-presidente-brasileno-visita-egipto-y-etiopia\/#breadcrumb"},"inLanguage":"es","potentialAction":[{"@type":"ReadAction","target":["https:\/\/legrandcontinent.eu\/es\/2024\/02\/15\/global-lula-el-presidente-brasileno-visita-egipto-y-etiopia\/"]}]},{"@type":"ImageObject","inLanguage":"es","@id":"https:\/\/legrandcontinent.eu\/es\/2024\/02\/15\/global-lula-el-presidente-brasileno-visita-egipto-y-etiopia\/#primaryimage","url":"https:\/\/legrandcontinent.eu\/es\/wp-content\/uploads\/sites\/2\/2024\/02\/gc-share-commerce-bresil-egypte.png","contentUrl":"https:\/\/legrandcontinent.eu\/es\/wp-content\/uploads\/sites\/2\/2024\/02\/gc-share-commerce-bresil-egypte.png","width":1458,"height":952},{"@type":"BreadcrumbList","@id":"https:\/\/legrandcontinent.eu\/es\/2024\/02\/15\/global-lula-el-presidente-brasileno-visita-egipto-y-etiopia\/#breadcrumb","itemListElement":[{"@type":"ListItem","position":1,"name":"Home","item":"https:\/\/legrandcontinent.eu\/es\/"},{"@type":"ListItem","position":2,"name":"Global Lula: el Presidente brasile\u00f1o visita Egipto y Etiop\u00eda"}]},{"@type":"WebSite","@id":"https:\/\/legrandcontinent.eu\/es\/#website","url":"https:\/\/legrandcontinent.eu\/es\/","name":"El Grand Continent","description":"La escala pertinente","potentialAction":[{"@type":"SearchAction","target":{"@type":"EntryPoint","urlTemplate":"https:\/\/legrandcontinent.eu\/es\/?s={search_term_string}"},"query-input":{"@type":"PropertyValueSpecification","valueRequired":true,"valueName":"search_term_string"}}],"inLanguage":"es"},{"@type":"Person","@id":"https:\/\/legrandcontinent.eu\/es\/#\/schema\/person\/cdd782c93d4a9eda86ab19a8c01cdf5c","name":"florent","image":{"@type":"ImageObject","inLanguage":"es","@id":"https:\/\/legrandcontinent.eu\/es\/#\/schema\/person\/image\/","url":"https:\/\/secure.gravatar.com\/avatar\/0d38d78c90602daf39b309035cdac6bc?s=96&d=mm&r=g","contentUrl":"https:\/\/secure.gravatar.com\/avatar\/0d38d78c90602daf39b309035cdac6bc?s=96&d=mm&r=g","caption":"florent"}}]}},"lgc_categories":[{"id":635,"name":"Sures","slug":"sures"}],"lgc_author":null,"feature_image_summary":{"url":"https:\/\/legrandcontinent.eu\/es\/wp-content\/uploads\/sites\/2\/2024\/02\/gc-share-commerce-bresil-egypte.png","width":1458,"height":952,"alt":""},"feature_image_cover":null,"term_position_data":null,"_links":{"self":[{"href":"https:\/\/legrandcontinent.eu\/es\/wp-json\/wp\/v2\/posts\/29641","targetHints":{"allow":["GET"]}}],"collection":[{"href":"https:\/\/legrandcontinent.eu\/es\/wp-json\/wp\/v2\/posts"}],"about":[{"href":"https:\/\/legrandcontinent.eu\/es\/wp-json\/wp\/v2\/types\/post"}],"author":[{"embeddable":true,"href":"https:\/\/legrandcontinent.eu\/es\/wp-json\/wp\/v2\/users\/1366"}],"replies":[{"embeddable":true,"href":"https:\/\/legrandcontinent.eu\/es\/wp-json\/wp\/v2\/comments?post=29641"}],"version-history":[{"count":0,"href":"https:\/\/legrandcontinent.eu\/es\/wp-json\/wp\/v2\/posts\/29641\/revisions"}],"wp:featuredmedia":[{"embeddable":true,"href":"https:\/\/legrandcontinent.eu\/es\/wp-json\/wp\/v2\/media\/29632"}],"wp:attachment":[{"href":"https:\/\/legrandcontinent.eu\/es\/wp-json\/wp\/v2\/media?parent=29641"}],"wp:term":[{"taxonomy":"category","embeddable":true,"href":"https:\/\/legrandcontinent.eu\/es\/wp-json\/wp\/v2\/categories?post=29641"},{"taxonomy":"post_tag","embeddable":true,"href":"https:\/\/legrandcontinent.eu\/es\/wp-json\/wp\/v2\/tags?post=29641"},{"taxonomy":"staff","embeddable":true,"href":"https:\/\/legrandcontinent.eu\/es\/wp-json\/wp\/v2\/staff?post=29641"},{"taxonomy":"editorial_format","embeddable":true,"href":"https:\/\/legrandcontinent.eu\/es\/wp-json\/wp\/v2\/editorial_format?post=29641"},{"taxonomy":"serie","embeddable":true,"href":"https:\/\/legrandcontinent.eu\/es\/wp-json\/wp\/v2\/serie?post=29641"},{"taxonomy":"audience","embeddable":true,"href":"https:\/\/legrandcontinent.eu\/es\/wp-json\/wp\/v2\/audience?post=29641"},{"taxonomy":"geo","embeddable":true,"href":"https:\/\/legrandcontinent.eu\/es\/wp-json\/wp\/v2\/geo?post=29641"}],"curies":[{"name":"wp","href":"https:\/\/api.w.org\/{rel}","templated":true}]}}