{"id":27263,"date":"2023-12-08T20:17:41","date_gmt":"2023-12-08T19:17:41","guid":{"rendered":"https:\/\/legrandcontinent.eu\/es\/?p=27263"},"modified":"2023-12-08T20:17:45","modified_gmt":"2023-12-08T19:17:45","slug":"la-ia-no-nos-sustituira-una-conversacion-con-anne-bouverot-yann-le-cun-y-alexandre-viros","status":"publish","type":"post","link":"https:\/\/legrandcontinent.eu\/es\/2023\/12\/08\/la-ia-no-nos-sustituira-una-conversacion-con-anne-bouverot-yann-le-cun-y-alexandre-viros\/","title":{"rendered":"\u00abLa IA no nos sustituir\u00e1\u00bb, una conversaci\u00f3n con Anne Bouverot, Yann Le Cun y Alexandre Viros"},"content":{"rendered":"\n<p><em>La inteligencia artificial marca un punto de quiebre. \u00bfQu\u00e9 alcance tendr\u00e1? Para saberlo, descubra nuestra serie \u00abPoderes de la IA\u00bb y lea, por ejemplo, <\/em><a href=\"https:\/\/legrandcontinent.eu\/es\/2023\/03\/24\/bifurcar-el-partido-comunista-chino-y-el-silicon-valley-trabajan-por-un-futuro-posthumano\/\"><em>la pieza de doctrina de Giuliano da Empoli sobre el futuro compartido so\u00f1ado por los dirigentes del Partido Comunista Chino y los ingenieros de Silicon Valley<\/em><\/a><em>.\u00a0<\/em><\/p>\n\n\n\n<h3 class=\"wp-block-heading\"><strong>\u00bfC\u00f3mo est\u00e1 cambiando la inteligencia artificial nuestra forma de trabajar?<\/strong><\/h3>\n\n\n\n<h4 class=\"wp-block-heading\"><strong>Alexandre Viros<\/strong><\/h4>\n\n\n\n\n\n<figure class=\"wp-block-image wp-block-image-small\"\n    data-shadow=\"false\"\n    data-use-original-file=\"false\">\n    <a\n        data-pswp-src=\"https:\/\/legrandcontinent.eu\/es\/wp-content\/uploads\/sites\/2\/2023\/12\/GC_Viros.png\"\n        class=\"inline-block gallery-item no-underline \"\n        data-pswp-width=\"616\"\n        data-pswp-height=\"653\">\n                                        <picture>\r\n                    <source\r\n                srcset=\"https:\/\/legrandcontinent.eu\/es\/wp-content\/uploads\/sites\/2\/2023\/12\/GC_Viros-125x133.png\"\r\n                media=\"(max-width: 374px)\" \/>\r\n                    <source\r\n                srcset=\"https:\/\/legrandcontinent.eu\/es\/wp-content\/uploads\/sites\/2\/2023\/12\/GC_Viros-330x350.png\"\r\n                media=\"(min-width: 375px)\" \/>\r\n                <img decoding=\"async\" src=\"https:\/\/legrandcontinent.eu\/es\/wp-content\/uploads\/sites\/2\/2023\/12\/GC_Viros-125x133.png\" \/>\r\n        <\/picture>\r\n                            \n            <\/a>\n<\/figure>\n\n\n<p>Para entender la relaci\u00f3n entre la IA generativa y el trabajo, creo que debemos fijarnos en tres aspectos. En primer lugar, es importante pensar en t\u00e9rminos de tareas, no de puestos de trabajo. Algunos trabajos ver\u00e1n modificadas todas sus tareas. Para otros, la IA modificar\u00e1 una o dos tareas al margen sin redefinir el significado del trabajo de manera fundamental.&nbsp;<\/p>\n\n\n\n<p>En segundo lugar, a diferencia de la propia revoluci\u00f3n digital, la IA no se limita a optimizar el mundo de ayer. Es una revoluci\u00f3n total, con aumentos de productividad del 2 mil o 3 mil %, no s\u00f3lo del 15, 20 o 30%. Algunas tareas que antes llevaban horas, d\u00edas o incluso semanas, ahora pueden hacerse en minutos, a veces incluso segundos.<\/p>\n\n\n\n<figure class=\"wp-block-pullquote\"><blockquote><p>La IA nos obliga a pensar en t\u00e9rminos de tareas, no de puestos de trabajo.<\/p><cite>ALEXANDRE VIROS<\/cite><\/blockquote><\/figure>\n\n\n\n<p>Por \u00faltimo, la IA tendr\u00e1 un gran impacto en los trabajos administrativos. De hecho, se dirige a los empleos que parecen inmunes a las grandes revoluciones tecnol\u00f3gicas, e incluso a los que se han beneficiado de ellas.&nbsp;<\/p>\n\n\n\n<h4 class=\"wp-block-heading\"><strong>Yann Le Cun<\/strong><\/h4>\n\n\n\n\n\n<figure class=\"wp-block-image wp-block-image-small\"\n    data-shadow=\"false\"\n    data-use-original-file=\"false\">\n    <a\n        data-pswp-src=\"https:\/\/legrandcontinent.eu\/es\/wp-content\/uploads\/sites\/2\/2023\/12\/GC_Le_Cun.png\"\n        class=\"inline-block gallery-item no-underline \"\n        data-pswp-width=\"667\"\n        data-pswp-height=\"662\">\n                                        <picture>\r\n                    <source\r\n                srcset=\"https:\/\/legrandcontinent.eu\/es\/wp-content\/uploads\/sites\/2\/2023\/12\/GC_Le_Cun-125x124.png\"\r\n                media=\"(max-width: 374px)\" \/>\r\n                    <source\r\n                srcset=\"https:\/\/legrandcontinent.eu\/es\/wp-content\/uploads\/sites\/2\/2023\/12\/GC_Le_Cun-330x328.png\"\r\n                media=\"(min-width: 375px)\" \/>\r\n                <img decoding=\"async\" src=\"https:\/\/legrandcontinent.eu\/es\/wp-content\/uploads\/sites\/2\/2023\/12\/GC_Le_Cun-125x124.png\" \/>\r\n        <\/picture>\r\n                            \n            <\/a>\n<\/figure>\n\n\n<p>Para responder a esta pregunta, propongo partir de una observaci\u00f3n. La inteligencia artificial se utiliza hoy para mejorar los servicios existentes, pero no crea otros nuevos.&nbsp;<\/p>\n\n\n\n<p>La IA se injerta en el espacio digital. Pienso, por ejemplo, en la ordenaci\u00f3n de los resultados en los motores de b\u00fasqueda y las redes sociales, donde la IA puede utilizarse para dirigir la publicidad de los sitios de comercio electr\u00f3nico y proponer contenidos, ya sean productos para comprar o videos en TikTok. Se trata de una forma bastante rudimentaria de IA. La aplicaci\u00f3n de la inteligencia artificial m\u00e1s extendida y con mayor impacto econ\u00f3mico es la moderaci\u00f3n de contenidos en las redes sociales. Actualmente es el \u00e1mbito en el que la IA se despliega a mayor escala. En este caso hablamos de IA muy sofisticada, con avances recientes muy impresionantes gracias al perfeccionamiento de grandes modelos de lenguaje (LLM)&nbsp;<span class='whitespace-nowrap'><span id='easy-footnote-1-27263' class='easy-footnote-margin-adjust'><\/span><span class='easy-footnote'><a href='https:\/\/legrandcontinent.eu\/es\/2023\/12\/08\/la-ia-no-nos-sustituira-una-conversacion-con-anne-bouverot-yann-le-cun-y-alexandre-viros\/#easy-footnote-bottom-1-27263' title='Los \u201c&lt;em&gt;large language models&lt;\/em&gt;\u201d (LLM) o grandes modelos ling\u00fc\u00edsticos son sistemas avanzados de inteligencia artificial capaces de comprender y generar lenguaje natural, utilizando enormes cantidades de texto para aprender patrones de lenguaje y comunicaci\u00f3n. Bas\u00e1ndose en probabilidades, son capaces de realizar diversas tareas relacionadas con el lenguaje, como responder preguntas, redactar textos y traducir idiomas, analizando e imitando los matices del lenguaje humano.'><sup>1<\/sup><\/a><\/span><\/span> y otros chatbots.<\/p>\n\n\n\n<p>Otro uso se refiere a la optimizaci\u00f3n de tareas relacionadas con la seguridad o la medicina: evitar obst\u00e1culos, asistir a la conducci\u00f3n o sistemas de frenado autom\u00e1tico en el sector del autom\u00f3vil; asistir al diagn\u00f3stico m\u00e9dico, sobre todo en imagen m\u00e9dica. Por supuesto, el despliegue es m\u00e1s lento. Sobre todo en el sector salud, donde es necesario obtener autorizaciones de comercializaci\u00f3n. Adem\u00e1s, los m\u00e9dicos tienen que aprender a utilizar herramientas para las que no han recibido formaci\u00f3n, lo que no siempre es f\u00e1cil.<\/p>\n\n\n\n<p>En todas estas aplicaciones, asistimos al mismo proceso de transformaci\u00f3n del trabajo, a veces marcado por una optimizaci\u00f3n significativa de determinadas tareas, pero no hay sustituci\u00f3n por parte de la IA. Pongamos un ejemplo. A corto y mediano plazo, es seguro que la industria de la cultura se transformar\u00e1 profundamente, porque la IA permite a muchas m\u00e1s personas ser creativas al alterar fundamentalmente las condiciones de posibilidad para la creaci\u00f3n de contenidos visuales y textuales. En un futuro no muy lejano, un empresario que quiera hacer una presentaci\u00f3n probablemente ya no necesitar\u00e1 contratar los servicios de un dise\u00f1ador o un artista, sino que podr\u00e1 recurrir a la IA generativa. Esto no significa, sin embargo, que ya no haya necesidad de creadores art\u00edsticos: simplemente, los precios bajar\u00e1n y el mercado de la creaci\u00f3n art\u00edstica ser\u00e1 m\u00e1s amplio. Tambi\u00e9n podemos imaginar un futuro algo m\u00e1s lejano en el que todo un \u00e1mbito de la creaci\u00f3n art\u00edstica -c\u00f3mics, m\u00fasica, novelas visuales, pel\u00edculas o videojuegos, por ejemplo- pueda crearse de una forma radicalmente distinta. Este tipo de desarrollo cambiar\u00e1 profundamente lo que significa ser artista, al democratizar la creaci\u00f3n.<\/p>\n\n\n\n<figure class=\"wp-block-pullquote\"><blockquote><p>No hay sustituci\u00f3n por parte de la IA.\u00a0<\/p><cite>YANN LE CUN<\/cite><\/blockquote><\/figure>\n\n\n\n<p>Sin embargo, ser\u00eda un error pensar que se trata de una revoluci\u00f3n sin precedentes en nuestra historia. <a href=\"https:\/\/legrandcontinent.eu\/es\/2023\/09\/29\/la-ia-generativa-en-el-espejo-del-daguerrotipo\/\">La llegada de la fotograf\u00eda revolucion\u00f3 el oficio de pintor, sin hacerlo desaparecer<\/a>. Su aparici\u00f3n simplemente abarat\u00f3 el costo de producir o reproducir la imagen de alguien, mientras que el precio de los retratos pintados aument\u00f3. Del mismo modo, la industrializaci\u00f3n de muchos bienes de consumo cotidiano ha conducido a un proceso similar, permitiendo la reproducci\u00f3n r\u00e1pida de muchos productos, como los recipientes y utensilios de cocina. Hoy en d\u00eda, todas las ensaladeras se decoran de forma autom\u00e1tica e industrial. Sin embargo, nunca sustituir\u00e1n a una pieza \u00fanica hecha por un alfarero. La industrializaci\u00f3n ha reducido el precio de las ensaladeras estandarizadas, pero ha aumentado el de las piezas \u00fanicas.<\/p>\n\n\n\n<h4 class=\"wp-block-heading\"><strong>Anne Bouverot<\/strong><\/h4>\n\n\n\n\n\n<figure class=\"wp-block-image wp-block-image-small\"\n    data-shadow=\"false\"\n    data-use-original-file=\"false\">\n    <a\n        data-pswp-src=\"https:\/\/legrandcontinent.eu\/es\/wp-content\/uploads\/sites\/2\/2023\/12\/GC_Bouverot.png\"\n        class=\"inline-block gallery-item no-underline \"\n        data-pswp-width=\"432\"\n        data-pswp-height=\"464\">\n                                        <picture>\r\n                    <source\r\n                srcset=\"https:\/\/legrandcontinent.eu\/es\/wp-content\/uploads\/sites\/2\/2023\/12\/GC_Bouverot-125x134.png\"\r\n                media=\"(max-width: 374px)\" \/>\r\n                    <source\r\n                srcset=\"https:\/\/legrandcontinent.eu\/es\/wp-content\/uploads\/sites\/2\/2023\/12\/GC_Bouverot-330x354.png\"\r\n                media=\"(min-width: 375px)\" \/>\r\n                <img decoding=\"async\" src=\"https:\/\/legrandcontinent.eu\/es\/wp-content\/uploads\/sites\/2\/2023\/12\/GC_Bouverot-125x134.png\" \/>\r\n        <\/picture>\r\n                            \n            <\/a>\n<\/figure>\n\n\n<p>Me gustar\u00eda a\u00f1adir dos comentarios m\u00e1s.&nbsp;<\/p>\n\n\n\n<p>Creo que la IA tambi\u00e9n va a aumentar los vol\u00famenes: nos permite crear maquetas con una facilidad vertiginosa, lo que est\u00e1 teniendo y seguir\u00e1 teniendo un profundo efecto en la creaci\u00f3n de pel\u00edculas, la publicidad y el desarrollo de videojuegos. Su aparici\u00f3n abre potencialidades que antes no exist\u00edan. Perm\u00edtanme retomar el an\u00e1lisis de Yann. Traducir se ha simplificado mucho. Ahora todo el mundo utiliza asistentes de traducci\u00f3n. Sin embargo, <a href=\"https:\/\/3466.eu\/\">como bien saben en Le Grand Continent, la profesi\u00f3n de traductor literario, que requiere una inmensa delicadeza, sigue existiendo<\/a>, aunque est\u00e1 en proceso de transformaci\u00f3n.<\/p>\n\n\n\n<p>Mi segundo punto es especialmente urgente. M\u00e1s all\u00e1 de la estricta cuesti\u00f3n de la creaci\u00f3n, la IA va a revolucionar el papel de asistente o <em>junior<\/em> en una serie de profesiones complejas que requieren un largo proceso de aprendizaje. Pienso, por ejemplo, en los abogados o los radi\u00f3logos. La IA permite crear primeros borradores y buscar datos para un uso espec\u00edfico, casi sin costo alguno. Pero estas nuevas posibilidades no deben hacernos olvidar que las generaciones m\u00e1s j\u00f3venes tambi\u00e9n est\u00e1n intentando aprender estos oficios, y que habr\u00eda un riesgo social en ceder todo el espacio a la IA.&nbsp;<\/p>\n\n\n\n\n\n<figure class=\"wp-block-image wp-block-image-large\"\n    data-shadow=\"false\"\n    data-use-original-file=\"false\">\n    <a\n        data-pswp-src=\"https:\/\/legrandcontinent.eu\/es\/wp-content\/uploads\/sites\/2\/2023\/12\/SIPA_sipausa31626742_000004-scaled.jpg\"\n        class=\"inline-block gallery-item no-underline \"\n        data-pswp-width=\"2560\"\n        data-pswp-height=\"1661\">\n                                        <picture>\r\n                    <source\r\n                srcset=\"https:\/\/legrandcontinent.eu\/es\/wp-content\/uploads\/sites\/2\/2023\/12\/SIPA_sipausa31626742_000004-330x214.jpg\"\r\n                media=\"(max-width: 374px)\" \/>\r\n                    <source\r\n                srcset=\"https:\/\/legrandcontinent.eu\/es\/wp-content\/uploads\/sites\/2\/2023\/12\/SIPA_sipausa31626742_000004-690x448.jpg\"\r\n                media=\"(max-width: 989px)\" \/>\r\n                    <source\r\n                srcset=\"https:\/\/legrandcontinent.eu\/es\/wp-content\/uploads\/sites\/2\/2023\/12\/SIPA_sipausa31626742_000004-1340x869.jpg\"\r\n                media=\"(min-width: 990px)\" \/>\r\n                <img decoding=\"async\" src=\"https:\/\/legrandcontinent.eu\/es\/wp-content\/uploads\/sites\/2\/2023\/12\/SIPA_sipausa31626742_000004-125x81.jpg\" \/>\r\n        <\/picture>\r\n                            \n                    <figcaption class=\"pswp-caption-content \">\u00a9 UPI\/Newscom\/SIPA<\/figcaption>\n            <\/a>\n<\/figure>\n\n\n<h3 class=\"wp-block-heading\"><strong>\u00bfNo ve este riesgo, Yann LeCun?&nbsp;<\/strong><\/h3>\n\n\n\n<h4 class=\"wp-block-heading\"><strong>Yann Le Cun<\/strong><\/h4>\n\n\n\n<p>La IA facilita la b\u00fasqueda de datos y la redacci\u00f3n de informes, que a menudo siguen formas bastante estrictas. Ya es el caso de algunas empresas que ofrecen productos para ayudar a los m\u00e9dicos a redactar los informes de los reconocimientos m\u00e9dicos. Los avances ser\u00e1n probablemente bastante r\u00e1pidos en los pr\u00f3ximos a\u00f1os, pero hay que separar el corto plazo del largo plazo.<\/p>\n\n\n\n<p>Todo el ecosistema que se est\u00e1 construyendo en torno a los LLM se centra actualmente en asistentes virtuales para aplicaciones un tanto verticales y especializadas, por ejemplo en el campo de los sistemas de informaci\u00f3n para empresas internas. Existe una gran cantidad de conocimiento o informaci\u00f3n dentro de una empresa a la que es muy dif\u00edcil acceder o buscar porque existe en forma de grupos de discusi\u00f3n, wikis, mensajes y documentos mal archivados. La recopilaci\u00f3n de esos datos se ver\u00e1 facilitada por la IA, por los LLM y la RAG&nbsp;<span class='whitespace-nowrap'><span id='easy-footnote-2-27263' class='easy-footnote-margin-adjust'><\/span><span class='easy-footnote'><a href='https:\/\/legrandcontinent.eu\/es\/2023\/12\/08\/la-ia-no-nos-sustituira-una-conversacion-con-anne-bouverot-yann-le-cun-y-alexandre-viros\/#easy-footnote-bottom-2-27263' title='La \u201c&lt;em&gt;retrieval augmented generation&lt;\/em&gt;\u201d o generaci\u00f3n aumentada de recuperaci\u00f3n combina la potencia de los modelos ling\u00fc\u00edsticos a gran escala con la recuperaci\u00f3n de informaci\u00f3n, lo que permite al modelo extraer datos relevantes de vastas bases de conocimiento externas para enriquecer sus respuestas. Esta t\u00e9cnica mejora la precisi\u00f3n y pertinencia de las respuestas generadas, ya que el modelo puede acceder a informaci\u00f3n actualizada y espec\u00edfica no contenida en su entrenamiento inicial.'><sup>2<\/sup><\/a><\/span><\/span>, que no s\u00f3lo pueden producir un texto, sino tambi\u00e9n recuperar la informaci\u00f3n index\u00e1ndola y busc\u00e1ndola. En este caso, la IA no es ni m\u00e1s ni menos que un motor de b\u00fasqueda muy desarrollado.<\/p>\n\n\n\n<figure class=\"wp-block-pullquote\"><blockquote><p>La IA va a revolucionar el papel de asistente o <em>junior<\/em> en una serie de profesiones complejas que requieren un largo proceso de aprendizaje.<\/p><cite>ANNE BOUVEROT<\/cite><\/blockquote><\/figure>\n\n\n\n<p>A largo plazo, es mucho m\u00e1s dif\u00edcil predecir lo que va a ocurrir. Lo que est\u00e1 claro es que algunos empleos de nivel bastante bajo en el sector servicios ser\u00e1n sustituidos o desaparecer\u00e1n. Sigo convencido de que los empleos m\u00e1s amenazados son los que ya casi no existen, como los mecan\u00f3grafos.<\/p>\n\n\n\n<p>En t\u00e9rminos de gesti\u00f3n, las profesiones no desaparecer\u00e1n, pero se transformar\u00e1n mucho. Las profesiones manuales no se ver\u00e1n afectadas inmediatamente, pero s\u00ed a largo plazo. Siempre nos encontramos con lo que se conoce como la paradoja de Moravec: lo que es m\u00e1s f\u00e1cil para los humanos suele ser lo m\u00e1s dif\u00edcil para la rob\u00f3tica, como abrir una ventana.<\/p>\n\n\n\n<p>Comprender el mundo f\u00edsico e interactuar con \u00e9l es algo que la IA no sabe hacer actualmente. Pero eso cambiar\u00e1 en los pr\u00f3ximos diez o veinte a\u00f1os. Mucha gente est\u00e1 poniendo el carro delante de los bueyes: algunas empresas est\u00e1n construyendo prototipos de robots humanoides dise\u00f1ados para sustituir a los trabajadores humanos en determinadas tareas f\u00edsicas. Pero a\u00fan no saben c\u00f3mo hacer que esos sistemas sean lo bastante inteligentes como para realizar las tareas que se les encomiendan.<\/p>\n\n\n\n<h4 class=\"wp-block-heading\"><strong>Anne Bouverot<\/strong><\/h4>\n\n\n\n<p>Estoy de acuerdo con gran parte del an\u00e1lisis. El mundo social es complejo y din\u00e1mico. <a href=\"https:\/\/legrandcontinent.eu\/es\/2023\/06\/16\/la-inteligencia-en-la-era-de-su-reproductibilidad-tecnica\/\">Es crucial examinar el impacto de la IA desde el punto de vista de todas las tareas que componen un trabajo, y no desde el punto de vista del trabajo como entidad monol\u00edtica<\/a>. Este es el principal error del discurso alarmista tan extendido hoy en d\u00eda, que afirma que la mayor\u00eda de las profesiones desaparecer\u00e1n a causa de la IA. As\u00ed lo subraya un informe de la Organizaci\u00f3n Internacional del Trabajo publicado en agosto&nbsp;<span class='whitespace-nowrap'><span id='easy-footnote-3-27263' class='easy-footnote-margin-adjust'><\/span><span class='easy-footnote'><a href='https:\/\/legrandcontinent.eu\/es\/2023\/12\/08\/la-ia-no-nos-sustituira-una-conversacion-con-anne-bouverot-yann-le-cun-y-alexandre-viros\/#easy-footnote-bottom-3-27263' title='Pawe\u0142 Gmyrek, Janine Berg, David Bescond, \u00ab\u00a0Generative AI and jobs\u00a0: A global analysis of potential effects on job quantity and quality\u00a0\u00bb,\u00a0&lt;em&gt;ILO Working Paper 96&lt;\/em&gt;, agosto de 2023.'><sup>3<\/sup><\/a><\/span><\/span>: para estudiar la perturbaci\u00f3n del trabajo causada por la IA, hay que fijarse en la forma en que se entrelazan las distintas tareas dentro de un mismo empleo. Adoptando este punto de vista, podemos ir a contracorriente de los discursos m\u00e1s alarmistas, como, por ejemplo, un estudio de Oxford que afirmaba hace diez a\u00f1os que la mitad de los empleos desaparecer\u00edan&nbsp;<span class='whitespace-nowrap'><span id='easy-footnote-4-27263' class='easy-footnote-margin-adjust'><\/span><span class='easy-footnote'><a href='https:\/\/legrandcontinent.eu\/es\/2023\/12\/08\/la-ia-no-nos-sustituira-una-conversacion-con-anne-bouverot-yann-le-cun-y-alexandre-viros\/#easy-footnote-bottom-4-27263' title='\u00a0En 2013, el economista de Oxford Carl Benedikt Frey estim\u00f3 que el 47% de los puestos de trabajo en Estados Unidos ser\u00edan sustituidos por la IA en un plazo de veinte a\u00f1os.'><sup>4<\/sup><\/a><\/span><\/span>. Sin embargo, al hacer su estimaci\u00f3n, los investigadores tuvieron en cuenta todas las ocupaciones en las que ciertas tareas pod\u00edan automatizarse: que se tratara de un punto marginal o del n\u00facleo de la actividad, daba lo mismo.\u00a0<\/p>\n\n\n\n<p>En realidad, hay muy pocos empleos en los que todas las tareas est\u00e9n destinadas a ser automatizadas.&nbsp;<\/p>\n\n\n\n<h3 class=\"wp-block-heading\"><strong>En este sentido, el papel de las empresas plantea un gran n\u00famero de interrogantes. \u00bfC\u00f3mo adoptar\u00e1n la IA? \u00bfAutomatizar\u00e1n determinadas tareas? \u00bfRecortar\u00e1n puestos de trabajo? \u00bfQu\u00e9 papel deben desempe\u00f1ar los gobiernos ante estos riesgos?<\/strong><\/h3>\n\n\n\n<p>La IA permite suprimir tareas tediosas y aumentar la productividad y, por tanto, el empleo. Para algunas empresas, por ejemplo, usar ChatGPT permite estandarizar las descripciones de sus productos, lo que puede ser muy \u00fatil cuando un sitio de venta tiene varios miles de referencias. Este tipo de tareas siguen siendo muy a menudo realizadas por particulares. Se trata de tareas muy repetitivas y poco interesantes: la automatizaci\u00f3n permite redistribuir el trabajo humano hacia cosas m\u00e1s interesantes, como la relaci\u00f3n con el cliente, su organizaci\u00f3n y su mejora. Lo mismo ocurre con los chatbots, los algoritmos que ofrecen respuestas personalizadas a los clientes en la web. La IA proporciona respuestas m\u00e1s fluidas y r\u00e1pidas a las preguntas \u00abm\u00e1s f\u00e1ciles\u00bb, lo que permite a los recursos humanos redirigir su tiempo y atenci\u00f3n a actividades m\u00e1s complejas o que requieren una mayor interacci\u00f3n humana.<\/p>\n\n\n\n<figure class=\"wp-block-pullquote\"><blockquote><p>En realidad, hay muy pocos empleos en los que todas las tareas est\u00e9n destinadas a ser automatizadas. <\/p><cite>ANNE BOUVEROT<\/cite><\/blockquote><\/figure>\n\n\n\n<p>En un momento en que esta revoluci\u00f3n de las tareas est\u00e1 en marcha, escuchamos muchas cr\u00edticas sobre la fiabilidad y la calidad de las respuestas proporcionadas por los chatbots. Por supuesto, en la medida en que este tipo de IA proporciona respuestas estad\u00edsticas, la tasa de fiabilidad no es m\u00e1xima y alcanza una horquilla de entre el 80 y el 95%. Pero hay que relativizar esta cifra: hace poco hablaba con el director de una empresa que me dec\u00eda que, en su organizaci\u00f3n, la tasa de precisi\u00f3n de las respuestas proporcionadas por seres humanos se situaba en torno al 70%. Para \u00e9l, pasar al 80% ya ser\u00eda un paso excepcional. Por supuesto, una tasa de precisi\u00f3n del 80% o incluso del 95% no es satisfactoria en todos los campos. En la aeron\u00e1utica o el sector salud, que exigen un grado de precisi\u00f3n muy elevado, es simplemente inviable, pero en otros sectores es m\u00e1s que suficiente.&nbsp;<\/p>\n\n\n\n\n\n<figure class=\"wp-block-image wp-block-image-large\"\n    data-shadow=\"false\"\n    data-use-original-file=\"false\">\n    <a\n        data-pswp-src=\"https:\/\/legrandcontinent.eu\/es\/wp-content\/uploads\/sites\/2\/2023\/12\/SIPA_sipausa31628968_000153-scaled.jpg\"\n        class=\"inline-block gallery-item no-underline \"\n        data-pswp-width=\"2560\"\n        data-pswp-height=\"1891\">\n                                        <picture>\r\n                    <source\r\n                srcset=\"https:\/\/legrandcontinent.eu\/es\/wp-content\/uploads\/sites\/2\/2023\/12\/SIPA_sipausa31628968_000153-330x244.jpg\"\r\n                media=\"(max-width: 374px)\" \/>\r\n                    <source\r\n                srcset=\"https:\/\/legrandcontinent.eu\/es\/wp-content\/uploads\/sites\/2\/2023\/12\/SIPA_sipausa31628968_000153-690x510.jpg\"\r\n                media=\"(max-width: 989px)\" \/>\r\n                    <source\r\n                srcset=\"https:\/\/legrandcontinent.eu\/es\/wp-content\/uploads\/sites\/2\/2023\/12\/SIPA_sipausa31628968_000153-1340x990.jpg\"\r\n                media=\"(min-width: 990px)\" \/>\r\n                <img decoding=\"async\" src=\"https:\/\/legrandcontinent.eu\/es\/wp-content\/uploads\/sites\/2\/2023\/12\/SIPA_sipausa31628968_000153-125x92.jpg\" \/>\r\n        <\/picture>\r\n                            \n                    <figcaption class=\"pswp-caption-content \">\u00a9 UPI\/Newscom\/SIPA<\/figcaption>\n            <\/a>\n<\/figure>\n\n\n<p>Por otro lado, hay empresas que quieren suprimir puestos de trabajo porque creen que la IA las ayuda a prescindir de algunos de sus empleados. Esto plantea dos cuestiones. Por un lado, sin duda habr\u00e1 que pensar en pol\u00edticas p\u00fablicas que animen a las empresas a mantener a los empleados cuyas tareas habr\u00e1n sido asumidas en gran medida por la IA. Por otro, habr\u00e1 que ver el papel que desempe\u00f1ar\u00e1 la competencia: entre dos empresas que adopten la IA, una podr\u00e1 suprimir empleos mientras la otra mejora sus servicios, y creo que puede ser esta \u00faltima la que triunfe.&nbsp;<\/p>\n\n\n\n<h4 class=\"wp-block-heading\"><strong>Alexandre Viros<\/strong><\/h4>\n\n\n\n<p>El hecho es que el impacto social de esta revoluci\u00f3n ser\u00e1 significativo. Las teor\u00edas de Keynes sobre el desempleo tecnol\u00f3gico y de Joseph Schumpeter sobre la destrucci\u00f3n creativa son de plena actualidad ahora que muchos temen que la fase de destrucci\u00f3n de empleo iniciada con la aparici\u00f3n de la IA generativa no vaya seguida de una fase de creaci\u00f3n de empleo. Por eso es tan importante formar al mayor n\u00famero posible de personas en el uso de estas IA. Domin\u00e1ndolas, se puede evitar ser v\u00edctima de ellas. Por ejemplo, es importante aprender a utilizar el potencial de la m\u00e1quina, por ejemplo, sabiendo c\u00f3mo dar instrucciones que los algoritmos de inteligencia artificial puedan entender. No es muy complicado, pero hay que saber hacerlo. El verdadero riesgo no es que nos sustituyan las IA, sino otros trabajadores que dominen las herramientas que ha creado la IA.&nbsp;<\/p>\n\n\n\n<h3 class=\"wp-block-heading\"><strong>\u00bfExiste el riesgo de que el impacto social de la IA acent\u00fae las desigualdades ligadas al g\u00e9nero o las asimetr\u00edas globales?<\/strong><\/h3>\n\n\n\n<h4 class=\"wp-block-heading\"><strong>Anne Bouverot<\/strong><\/h4>\n\n\n\n<p>S\u00ed, las tareas administrativas son especialmente preocupantes. Y sabemos que estas tareas las asumen m\u00e1s las mujeres que los hombres. En otras palabras, la IA tendr\u00e1 un impacto potencialmente mayor en el empleo femenino. Esto no es insignificante, y debemos emprender una reflexi\u00f3n de fondo sobre el lugar del g\u00e9nero en la IA, y sobre las acciones que podemos emprender para ayudar a las mujeres a formarse y reposicionarse.<\/p>\n\n\n\n<figure class=\"wp-block-pullquote\"><blockquote><p>La IA tendr\u00e1 un impacto potencialmente mayor en el empleo femenino.<\/p><cite>ANNE BOUVEROT<\/cite><\/blockquote><\/figure>\n\n\n\n<p>Al mismo tiempo, es importante descentralizar nuestra perspectiva y pensar a escala global: el impacto de la IA es ciertamente significativo y no debe subestimarse; pero tambi\u00e9n hay que tener en cuenta que, para el impacto de la IA generativa, LLM como ChatGPT u otros, el mayor impacto se producir\u00e1 en los pa\u00edses desarrollados. <a href=\"https:\/\/legrandcontinent.eu\/es\/2023\/09\/08\/10-puntos-sobre-la-geopolitica-de-la-ia-generativa\/\">Tambi\u00e9n es importante tener en cuenta que la mayor\u00eda de estos modelos se est\u00e1n desarrollando en Estados Unidos y China<\/a>. Entonces, \u00bfcu\u00e1l ser\u00e1 el impacto en t\u00e9rminos de cultura y valores para otros pa\u00edses y continentes?&nbsp;<\/p>\n\n\n\n<h3 class=\"wp-block-heading\"><strong>Proyectarse en el futuro es siempre un ejercicio peligroso. \u00bfCu\u00e1l creen que ser\u00e1 el impacto de la IA en el trabajo a largo plazo? \u00bfQu\u00e9 tipo de sociedad podemos imaginar o so\u00f1ar basada en el desarrollo de la IA para 2040?&nbsp;<\/strong><\/h3>\n\n\n\n<h4 class=\"wp-block-heading\"><strong>Yann Le Cun<\/strong><\/h4>\n\n\n\n<p>Hoy en d\u00eda no tenemos ni idea de cu\u00e1les ser\u00e1n los campos m\u00e1s candentes dentro de diez o veinte a\u00f1os, del mismo modo que hace veinte a\u00f1os habr\u00eda sido muy dif\u00edcil saber que uno de los trabajos m\u00e1s socorridos de la \u00faltima d\u00e9cada ser\u00eda el de desarrollador de aplicaciones para tel\u00e9fonos m\u00f3viles, sencillamente porque los smartphones a\u00fan no exist\u00edan. &nbsp;<\/p>\n\n\n\n<p>Sin embargo, estoy convencido de que la IA acabar\u00e1 desafiando la definici\u00f3n misma de lo que es un empleo. Tengo la corazonada de que los trabajos del futuro ser\u00e1n creativos, y no me refiero s\u00f3lo a la creaci\u00f3n art\u00edstica, sino tambi\u00e9n a la cient\u00edfica, conceptual, pol\u00edtica y de desarrollo comunitario.&nbsp;<\/p>\n\n\n\n<p>Podemos imaginar un futuro en el que las m\u00e1quinas igualen la inteligencia humana y probablemente la superen en todas las \u00e1reas en las que los humanos son competentes. Esto no es necesariamente una mala noticia. En ese futuro en el que las m\u00e1quinas son m\u00e1s inteligentes que los humanos, cada persona que cuente con la posible ayuda de uno o varios sistemas de IA estar\u00eda en la misma situaci\u00f3n que un directivo en la industria, un director de laboratorio en el mundo acad\u00e9mico o un dirigente pol\u00edtico con su equipo: todas esas personas trabajan con otras personas que son m\u00e1s inteligentes que ellos y que les ayudan a diario en su vida profesional. Puede que nos sintamos amenazados por la idea de trabajar con entidades que son m\u00e1s inteligentes que nosotros, pero en la medida en que estas entidades trabajan para nosotros, es una ventaja que deber\u00eda verse de forma positiva.&nbsp;<\/p>\n\n\n\n<figure class=\"wp-block-pullquote\"><blockquote><p>Sin embargo, estoy convencido de que la IA acabar\u00e1 desafiando la definici\u00f3n misma de lo que es un empleo.<\/p><cite>YANN LE CUN<\/cite><\/blockquote><\/figure>\n\n\n\n<p>La IA nos va a hacer m\u00e1s inteligentes colectiva e individualmente. Pero debemos preguntarnos qu\u00e9 tipo de relaci\u00f3n habr\u00e1 entre los humanos y las m\u00e1quinas.&nbsp;<\/p>\n\n\n\n<h4 class=\"wp-block-heading\"><strong>Anne Bouverot<\/strong><\/h4>\n\n\n\n<p>A lo largo de la historia ha habido varias revoluciones econ\u00f3micas que han perturbado o incluso aniquilado oficios enteros. En las \u00faltimas d\u00e9cadas, la respuesta t\u00edpica a este tipo de destrucci\u00f3n ha sido introducir planes de jubilaci\u00f3n anticipada y pagos compensatorios. Est\u00e1 muy bien velar por las fuentes de ingresos de las personas, pero tambi\u00e9n hay que pensar en el gran impacto que puede tener dejar de trabajar en la percepci\u00f3n que tienen las personas de su propia utilidad social. En este caso, podemos preguntarnos para qu\u00e9 servimos: a un nivel m\u00e1s profundo, es una cuesti\u00f3n de dignidad. Por eso prefiero el enfoque del aprendizaje permanente, para que todo el mundo pueda seguir aprendiendo y sentirse \u00fatil y parte integrante de la sociedad.<\/p>\n\n\n\n<p>Por ejemplo, creo firmemente que debemos desarrollar el pensamiento cr\u00edtico y el sentido del discernimiento de los ni\u00f1os desde la m\u00e1s tierna infancia. Para entender la IA, y m\u00e1s en general las transformaciones que se avecinan, tenemos que ser capaces de comprender y pensar qu\u00e9 es verdad y qu\u00e9 es mentira. Las im\u00e1genes generadas por la IA plantean cuestiones fundamentales sobre nuestra relaci\u00f3n con la verdad y la realidad, cuestiones que ya son pertinentes a la edad de tres a\u00f1os: el conejo en la luna, o el papa con su chamarra blanca a la moda, \u00bfson fotos o im\u00e1genes inventadas?&nbsp;<\/p>\n\n\n\n<p>Despu\u00e9s, y esto es crucial, tenemos que aprender a aprender. Yann tiene raz\u00f3n, no tenemos ni idea de qu\u00e9 nuevos empleos habr\u00e1 dentro de diez, veinte o treinta a\u00f1os. Al mismo tiempo, nadie har\u00e1 el mismo trabajo de los veinte a los 67 a\u00f1os. As\u00ed que tenemos que aprender a hacer frente a estos cambios y no tenerles miedo. Ser\u00eda un grave error no abordar estas cuestiones, argumentando que pasar\u00e1 una generaci\u00f3n antes de que la IA despegue realmente. Tenemos que prepararnos ya para su despliegue.<\/p>\n\n\n\n<figure class=\"wp-block-pullquote\"><blockquote><p>Las im\u00e1genes generadas por la IA plantean cuestiones fundamentales sobre nuestra relaci\u00f3n con la verdad y la realidad, cuestiones que ya son pertinentes a la edad de tres a\u00f1os.<\/p><cite>ANNE BOUVEROT<\/cite><\/blockquote><\/figure>\n\n\n\n<p>Por eso creo que, en materia de formaci\u00f3n, hay dos momentos cruciales, m\u00e1s all\u00e1 de la formaci\u00f3n inicial: por un lado, la educaci\u00f3n desde los primeros grados y, por otro, la formaci\u00f3n continua, por supuesto para las personas desempleadas, pero tambi\u00e9n para todas las personas que trabajan, en empresas, organizaciones o por cuenta propia.<\/p>\n\n\n\n<h4 class=\"wp-block-heading\"><strong>Yann Le Cun<\/strong><\/h4>\n\n\n\n<p>Esto es exactamente lo que se\u00f1alan economistas como Philippe Aghion, que estudian el impacto de las revoluciones tecnol\u00f3gicas en el mundo laboral: la velocidad a la que una tecnolog\u00eda penetra en la industria y en la sociedad en general est\u00e1 limitada por el tiempo que tardan las personas en dominarla. Se necesitan unos veinte a\u00f1os para que una nueva tecnolog\u00eda tenga un impacto real en la productividad.&nbsp;<\/p>\n\n\n\n<p>No s\u00e9 cu\u00e1ndo empez\u00f3 la revoluci\u00f3n de la IA -si hace diez a\u00f1os, cinco o ahora-, pero el efecto sobre la productividad ser\u00e1 perceptible en 2040. Necesitamos todo ese tiempo, porque tenemos que esperar a que la gente aprenda a utilizarla, de ah\u00ed la necesidad urgente de educaci\u00f3n en IA.&nbsp;<\/p>\n\n\n\n\n\n<figure class=\"wp-block-image wp-block-image-large\"\n    data-shadow=\"false\"\n    data-use-original-file=\"false\">\n    <a\n        data-pswp-src=\"https:\/\/legrandcontinent.eu\/es\/wp-content\/uploads\/sites\/2\/2023\/12\/SIPA_sipausa31626742_000008-scaled.jpg\"\n        class=\"inline-block gallery-item no-underline \"\n        data-pswp-width=\"2560\"\n        data-pswp-height=\"1812\">\n                                        <picture>\r\n                    <source\r\n                srcset=\"https:\/\/legrandcontinent.eu\/es\/wp-content\/uploads\/sites\/2\/2023\/12\/SIPA_sipausa31626742_000008-330x234.jpg\"\r\n                media=\"(max-width: 374px)\" \/>\r\n                    <source\r\n                srcset=\"https:\/\/legrandcontinent.eu\/es\/wp-content\/uploads\/sites\/2\/2023\/12\/SIPA_sipausa31626742_000008-690x489.jpg\"\r\n                media=\"(max-width: 989px)\" \/>\r\n                    <source\r\n                srcset=\"https:\/\/legrandcontinent.eu\/es\/wp-content\/uploads\/sites\/2\/2023\/12\/SIPA_sipausa31626742_000008-1340x949.jpg\"\r\n                media=\"(min-width: 990px)\" \/>\r\n                <img decoding=\"async\" src=\"https:\/\/legrandcontinent.eu\/es\/wp-content\/uploads\/sites\/2\/2023\/12\/SIPA_sipausa31626742_000008-125x89.jpg\" \/>\r\n        <\/picture>\r\n                            \n                    <figcaption class=\"pswp-caption-content \">\u00a9 UPI\/Newscom\/SIPA<\/figcaption>\n            <\/a>\n<\/figure>\n\n\n<h3 class=\"wp-block-heading\"><strong>\u00bfC\u00f3mo explica el miedo, a veces irracional, que despierta la IA?&nbsp;<\/strong><\/h3>\n\n\n\n<h4 class=\"wp-block-heading\"><strong>Anne Bouverot<\/strong><\/h4>\n\n\n\n<p>El t\u00e9rmino \u00abinteligencia artificial\u00bb asusta, porque las propias palabras \u00abinteligencia\u00bb y \u00abartificial\u00bb hacen pensar inmediatamente que estamos en una novela de ciencia ficci\u00f3n o en una serie futurista. Tambi\u00e9n es un concepto que ha abarcado cosas diferentes a lo largo del tiempo, incorporando siempre los \u00faltimos avances cient\u00edficos en la materia, los que menos tiempo hemos tenido para comprender: hoy hablamos de IA generativa&#8230; En cuanto a la idea de sustituci\u00f3n, es comprensible que cause inquietud. Para disipar estos temores, debemos recordar que la IA no es m\u00e1s que una herramienta. Las calculadoras, por ejemplo, no nos asustan y, sin embargo, calculan mil veces mejor que nosotros. Del mismo modo, hace mucho tiempo que las computadoras nos superaron en capacidad de c\u00e1lculo. Un objeto tan aparentemente insignificante como el tel\u00e9fono hace cosas que nosotros ser\u00edamos incapaces de hacer, y no nos preocupa porque nos facilita la vida.&nbsp;<\/p>\n\n\n\n<figure class=\"wp-block-pullquote\"><blockquote><p>No s\u00e9 cu\u00e1ndo empez\u00f3 la revoluci\u00f3n de la IA -si hace diez a\u00f1os, cinco o ahora-, pero el efecto sobre la productividad ser\u00e1 perceptible en 2040.<\/p><cite>YANN LE CUN<\/cite><\/blockquote><\/figure>\n\n\n\n<p>Hay que pensar en la inteligencia artificial como en una caja de herramientas: por eso a menudo prefiero hablar de asistentes. La IA puede utilizarse para redactar los primeros borradores de documentos o para buscar datos. Dicho esto, a pesar de toda su utilidad, no hay que dejarse llevar por ella. Con esto no quiero decir que debamos estar preparados para resistirnos a una tecnolog\u00eda peligrosa que podr\u00eda superarnos. M\u00e1s sencillamente -y m\u00e1s esencialmente- no debemos abandonar nuestra capacidad cr\u00edtica con respecto a las cuestiones planteadas por la IA. En mi opini\u00f3n, uno de los verdaderos riesgos reside en depositar demasiada confianza en estas herramientas, sea cual sea.&nbsp;<\/p>\n\n\n\n<h4 class=\"wp-block-heading\"><strong>Alexandre Viros&nbsp;<\/strong><\/h4>\n\n\n\n<p>Hoy en d\u00eda existe un temor generalizado al \u00abfantasma en la m\u00e1quina\u00bb de la IA. Para responder a esta preocupaci\u00f3n, tenemos que dar al mayor n\u00famero posible de personas la oportunidad de comprender lo que nos depara la inteligencia artificial. El ejemplo de Anne de las computadoras es excelente. En los \u00faltimos cincuenta a\u00f1os, nuestra capacidad inform\u00e1tica ha aumentado exponencialmente, y ha superado con creces la capacidad de comprensi\u00f3n humana. Esto no es un problema en s\u00ed mismo. En cambio, s\u00ed es un problema que los alumnos ya no sepan sumar, utilizar la regla de tres, multiplicar, calcular la segunda o la primera derivada, hacer c\u00e1lculos exponenciales o logar\u00edtmicos, etc. Es importante que se dominen estas competencias b\u00e1sicas, porque cuando no se dominan, aparece la alienaci\u00f3n.<\/p>\n\n\n\n<figure class=\"wp-block-pullquote\"><blockquote><p>Hoy en d\u00eda existe un temor generalizado al \u00abfantasma en la m\u00e1quina\u00bb de la IA. <\/p><cite>ALEXANDRE VIROS<\/cite><\/blockquote><\/figure>\n\n\n\n<p><a href=\"https:\/\/legrandcontinent.eu\/es\/2023\/06\/23\/chatgpt-y-la-crisis-existencial-de-la-universidad\/\">Aqu\u00ed es donde volvemos a la cuesti\u00f3n esencial de la educaci\u00f3n sobre la inteligencia artificial<\/a>: tenemos que prepararnos para ella, tanto en las escuelas como en las empresas. Y eso empieza por saber qu\u00e9 es la IA, que no es muy complicada, o al menos es una realidad que puede explicarse en t\u00e9rminos relativamente sencillos. Eso es lo que intentamos hacer: entender muy bien los casos de uso, identificar los l\u00edmites y dar una idea precisa de c\u00f3mo funciona la IA. De lo contrario, habr\u00e1 demasiados retos.<\/p>\n\n\n\n<h3 class=\"wp-block-heading\"><strong>\u00bfEl hecho de que la IA se despliegue tras sesenta a\u00f1os de literatura y cine popular protagonizados por inteligencias artificiales que se vuelven contra los humanos es una de las razones por las que preocupa tanto?\u00a0<\/strong><\/h3>\n\n\n\n<p>Podemos remontarnos incluso m\u00e1s atr\u00e1s en el tiempo. Existe una bibliograf\u00eda muy antigua que se interroga sobre la naturaleza de la mente humana: \u00bfpuede reducirse a un cerebro que calcula? Estas preguntas suscitan inquietudes metaf\u00edsicas. Con la IA, el ser humano cae de su pedestal porque, de repente, en un futuro relativamente pr\u00f3ximo, aparecer\u00e1n objetos tecnol\u00f3gicos objetivamente m\u00e1s inteligentes que nosotros.<\/p>\n\n\n\n<p>Todo se pondr\u00e1 patas arriba. Por ejemplo, ya no podremos reivindicar el monopolio de la creatividad. No es casualidad que las llamadas profesiones creativas hayan sido las primeras en verse afectadas por la IA. Recientemente, una agencia de publicidad realiz\u00f3 una prueba a ciegas entre una creaci\u00f3n dise\u00f1ada por Midjourney y otra producida por un humano, y fue la primera la que obtuvo el favor del jurado. Historias como \u00e9sta se multiplicar\u00e1n. Ante ellas, tendremos la tentaci\u00f3n de relativizar la noci\u00f3n de creatividad negando que las IA puedan estar dotadas de ella. La principal objeci\u00f3n ser\u00e1 que las IA se limitan a copiar lo que los humanos han hecho antes.&nbsp;<\/p>\n\n\n\n<figure class=\"wp-block-pullquote\"><blockquote><p>Con la IA, el ser humano cae de su pedestal. <\/p><cite>ALEXANDRE VIROS<\/cite><\/blockquote><\/figure>\n\n\n\n<p>En realidad, lo \u00fanico que la IA no cambiar\u00e1 profundamente es el reflejo profundamente humano de cuestionar con angustia lo que somos y lo que nos distingue como humanos.&nbsp;<\/p>\n\n\n\n<h4 class=\"wp-block-heading\"><strong>Anne Bouverot<\/strong><\/h4>\n\n\n\n<p>La novedad -especialmente la tecnol\u00f3gica- asusta. En retrospectiva, parece absurdo, pero el miedo al \u00abefecto 2000\u00bb era muy real a finales de los a\u00f1os noventa. Antes, en la \u00e9poca de la llegada del tren, se hab\u00edan publicado numerosos art\u00edculos pseudocient\u00edficos que explicaban que la velocidad de estas nuevas m\u00e1quinas pod\u00eda causar graves da\u00f1os al cerebro.&nbsp;<\/p>\n\n\n\n<p>Ante este miedo instintivo, conviene recordar las palabras de Marie Curie: \u00abNada hay que temer en la vida, todo hay que comprenderlo. Ahora es el momento de comprender m\u00e1s para temer menos\u00bb. Creo que esto se aplica especialmente bien al momento que vivimos actualmente. Experimentar con la IA nos permite quitarles importancia a las cosas, hacer realidad la inteligencia artificial y darnos cuenta de que no va a sustituirnos, sino a ayudarnos.<\/p>\n\n\n\n<h3 class=\"wp-block-heading\"><strong>Una de las cuestiones que surgen con m\u00e1s frecuencia es c\u00f3mo compartir el valor generado por la inteligencia artificial. El sistema actual est\u00e1 muy concentrado. \u00bfHay que intervenir? \u00bfQu\u00e9 lugar ve para las fracturas internas en el mundo social y laboral?<\/strong><\/h3>\n\n\n\n<h4 class=\"wp-block-heading\"><strong>Yann Le Cun<\/strong><\/h4>\n\n\n\n<p>Creo que hay que distinguir tres problemas.&nbsp;<\/p>\n\n\n\n<p>En primer lugar, el desarrollo de las tecnolog\u00edas subyacentes a la IA es completamente independiente. Mucha gente piensa que s\u00f3lo hay dos formas de ver la IA: o es una tecnolog\u00eda de asistencia o es una tecnolog\u00eda de sustituci\u00f3n. Creo que esta visi\u00f3n binaria es completamente err\u00f3nea, porque la tecnolog\u00eda subyacente que hay que desarrollar para tener m\u00e1quinas m\u00e1s inteligentes es exactamente la misma, tanto si se utiliza para asistencia como para sustituci\u00f3n.&nbsp;<\/p>\n\n\n\n<p>En cuanto al dise\u00f1o de las aplicaciones finales, probablemente algunas est\u00e9n m\u00e1s orientadas a la sustituci\u00f3n que al aumento, la mejora o la asistencia. Sin embargo, la cuesti\u00f3n de qu\u00e9 producto se desarrollar\u00e1 finalmente la decidir\u00e1 el mercado.&nbsp;<\/p>\n\n\n\n<p>En segundo lugar, hay que tener en cuenta que las transformaciones tecnol\u00f3gicas cambian el equilibrio de poder en un mercado concreto, haciendo que desaparezcan empresas antes poderosas y surjan nuevos actores, cuyo poder podr\u00eda no tener rival. Si no tenemos cuidado, corremos el riesgo de que se produzca una concentraci\u00f3n de poder sin precedentes y un aumento de la desigualdad econ\u00f3mica. Pero no es una cuesti\u00f3n de tecnolog\u00eda, sino de fiscalidad.&nbsp;<\/p>\n\n\n\n<p>Por \u00faltimo, est\u00e1 la cuesti\u00f3n de la redistribuci\u00f3n: \u00bfc\u00f3mo redistribuimos los beneficios de las ganancias de productividad que posibilita la IA? Este \u00faltimo problema es tanto fiscal como pol\u00edtico.&nbsp;<\/p>\n\n\n\n<h4 class=\"wp-block-heading\"><strong>Anne Bouverot<\/strong><\/h4>\n\n\n\n<p>Los recientes acuerdos firmados en Hollywood entre los sindicatos de guionistas -y, en menor medida, de actores- y los grandes estudios son muy interesantes. Como la tecnolog\u00eda sigue desarroll\u00e1ndose, si los sindicatos se niegan a trabajar o a utilizar las nuevas m\u00e1quinas, las empresas pueden buscar la manera de eludir sus exigencias, aunque sea caro y complicado, lo que ser\u00eda negativo para todos. Por el contrario, un acuerdo negociado es un paso en la transici\u00f3n hacia la integraci\u00f3n de la IA en el mundo laboral, en condiciones aceptables para los representantes de los trabajadores.<\/p>\n\n\n\n<h4 class=\"wp-block-heading\"><strong>Alexandre Viros<\/strong><\/h4>\n\n\n\n<p>Por supuesto, los aumentos de productividad que permite la revoluci\u00f3n de la IA son absolutamente colosales. Pero hay que tener en cuenta que el hipercapitalismo tecnol\u00f3gico tiene una historia m\u00e1s larga que se remonta a finales de los a\u00f1os noventa.<\/p>\n\n\n\n<p>No obstante, debemos mantener la cautela: la IA no debe convertirse en una especie de excusa para justificar la destrucci\u00f3n social de los movimientos de protesta. El hecho de que una empresa utilice la IA no significa que pueda prescindir de las pol\u00edticas sociales, de formaci\u00f3n, econ\u00f3micas o industriales.<\/p>\n\n\n\n<figure class=\"wp-block-pullquote\"><blockquote><p>\u00bfC\u00f3mo redistribuimos los beneficios de las ganancias de productividad que posibilita la IA? <\/p><cite>YANN LE CUN<\/cite><\/blockquote><\/figure>\n\n\n\n<p>La IA es una revoluci\u00f3n, no s\u00f3lo una evoluci\u00f3n. Los cambios van a ser mucho m\u00e1s profundos que los provocados por la revoluci\u00f3n digital. Pero podemos apoyarnos en la experiencia del di\u00e1logo social que ya hemos puesto a prueba.&nbsp;<\/p>\n\n\n\n<p>El tr\u00edo formado por los poderes p\u00fablicos, las empresas y los particulares tiene un papel que desempe\u00f1ar para proyectarnos con \u00e9xito en un mundo de revoluciones profundas y constantes, en el que nuestras propias profesiones se ver\u00e1n permanentemente transformadas por la inteligencia artificial, que a su vez progresa de forma exponencial.&nbsp;<\/p>\n\n\n\n<p>Anne tiene raz\u00f3n al se\u00f1alar la urgente necesidad de una formaci\u00f3n continua en la transformaci\u00f3n que se avecina. Se trata de una cuesti\u00f3n decisiva: en los \u00faltimos diez o veinte a\u00f1os, hemos visto que la formaci\u00f3n a la salida de la escuela no basta para convertir a las personas en trabajadores capaces de dominar sus trayectorias profesionales. Hoy hay que aprender, desaprender y volver a aprender constantemente.<\/p>\n\n\n\n<h4 class=\"wp-block-heading\"><strong>Yann Le Cun<\/strong><\/h4>\n\n\n\n<p>Hay otro fen\u00f3meno que debemos tener en cuenta, y es que la tecnolog\u00eda aumenta la productividad y el bienestar. Con la IA, aumenta la cantidad de riqueza producida por hora trabajada, lo que es intr\u00ednsecamente bueno. Sin embargo, debemos asegurarnos de que los beneficios del progreso tecnol\u00f3gico se reparten de forma equitativa. Una vez m\u00e1s, se trata de una cuesti\u00f3n pol\u00edtica y fiscal, no tecnol\u00f3gica. No creo que podamos influir en el uso final de una tecnolog\u00eda en el momento de su creaci\u00f3n, porque lo determinan el mercado, la fiscalidad, la demanda, los consumidores y las autoridades p\u00fablicas.&nbsp;<\/p>\n\n\n\n<figure class=\"wp-block-pullquote\"><blockquote><p>Con la IA, aumenta la cantidad de riqueza producida por hora trabajada, lo que es intr\u00ednsecamente bueno.<\/p><cite>YANN LE CUN<\/cite><\/blockquote><\/figure>\n\n\n\n<p>Sea como fuere, sigo convencido de que cualquier acuerdo cuyo resultado sea limitar el efecto de la tecnolog\u00eda sobre la productividad -esto es especialmente cierto en el caso de la IA- es un perdedor a largo plazo. En Francia cometimos este error hace algunas d\u00e9cadas. Cuando se robotiz\u00f3 la producci\u00f3n, nos resistimos un poco, diciendo que pon\u00eda en peligro el empleo. El resultado es muy claro: la productividad francesa est\u00e1 estancada. Alemania ha abrazado la revoluci\u00f3n digital y su tasa de desempleo es mucho menor que la de Francia.<\/p>\n\n\n\n<h3 class=\"wp-block-heading\"><strong>En lo que respecta a la IA, es dif\u00edcil llegar a un consenso pol\u00edtico y cient\u00edfico. \u00bfEs necesaria una nueva instituci\u00f3n internacional para construir una forma de convergencia, o debemos partir de una instituci\u00f3n ya existente?<\/strong><\/h3>\n\n\n\n<p>Por el momento, muchas instituciones internacionales est\u00e1n tratando de posicionarse para hacer o\u00edr su voz sobre esta cuesti\u00f3n. Entre ellas est\u00e1n las Naciones Unidas, el G7, el G20, la OCDE y la Uni\u00f3n Internacional de Telecomunicaciones. Podr\u00eda pensarse que estas organizaciones podr\u00edan desempe\u00f1ar un papel en la regulaci\u00f3n de la propiedad intelectual o industrial, los derechos y los derechos de autor.&nbsp;<\/p>\n\n\n\n<p>Pero en realidad, ya se trate de patentes o de la duraci\u00f3n de un derecho de autor, nada est\u00e1 unificado. Lo que se considera una infracci\u00f3n var\u00eda de un pa\u00eds a otro o, dentro del bloque occidental, entre Europa y Estados Unidos. Para resolver estas importantes cuestiones, probablemente necesitemos una organizaci\u00f3n internacional, o al menos acuerdos internacionales, porque se trata evidentemente de un problema mundial.&nbsp;<\/p>\n\n\n\n<h4 class=\"wp-block-heading\"><strong>Anne Bouverot<\/strong><\/h4>\n\n\n\n<p>Europa est\u00e1 elaborando una legislaci\u00f3n sobre inteligencia artificial (AI Act), que deber\u00eda estar terminada a finales de a\u00f1o. A finales de octubre, Estados Unidos public\u00f3 una orden ejecutiva, un decreto, que aporta cierta claridad y pide a los organismos gubernamentales que formulen recomendaciones en el \u00e1mbito de la IA, sobre todo en materia de derechos de autor. Est\u00e1n surgiendo otras iniciativas, pero siguen circunscritas al \u00e1mbito nacional.&nbsp;<\/p>\n\n\n\n<p>Debemos esperar que estos debates converjan para poder crear un \u00f3rgano de gobernanza mundial que sea pertinente y eficaz. Uno de los retos es conseguir crear un di\u00e1logo y articular la acci\u00f3n entre estos diferentes actores. Espero sinceramente que podamos llegar a un acuerdo sobre una serie de cuestiones a escala internacional.&nbsp;<\/p>\n\n\n\n<h4 class=\"wp-block-heading\"><strong>Alexandre Viros<\/strong><\/h4>\n\n\n\n<p>Tenemos que ser realistas. Estamos en una encrucijada. Los occidentales deben ser muy prudentes, por ejemplo, porque tienden a ver el desarrollo de la inteligencia artificial en China como algo perif\u00e9rico, lo que significar\u00eda que el modelo chino es incompatible con esta nueva revoluci\u00f3n. Parecen creer que los chinos no entrenan bien sus IA porque trabajan sobre un pool de datos cerrado, sin darse cuenta de que entrenan sus IA sobre los mismos pools que los nuestros, pero conteniendo su apertura.&nbsp;<\/p>\n\n\n\n<p>Esta divergencia es reveladora. Tenemos que tener muy claro que el mundo no comparte nuestra visi\u00f3n de la inteligencia artificial, ya hablemos de su uso, de su regulaci\u00f3n o incluso de sus posibles desarrollos. No debemos cometer el mismo error que en el pasado, pensar que nuestro modelo progresar\u00e1 m\u00e1s r\u00e1pido que los dem\u00e1s. Nada es menos cierto.<\/p>\n\n\n\n<h3 class=\"wp-block-heading\"><strong>\u00bfEs la apertura de las plataformas de inteligencia artificial una de las claves de la convergencia mundial en IA?&nbsp;<\/strong><\/h3>\n\n\n\n<h4 class=\"wp-block-heading\"><strong>Yann Le Cun<\/strong><\/h4>\n\n\n\n<p>Es absolutamente esencial disponer de plataformas b\u00e1sicas de IA abiertas. Si a largo plazo las interacciones de todos con el mundo digital y la informaci\u00f3n van a tener lugar a trav\u00e9s de sistemas de IA, la informaci\u00f3n, la cultura y el conocimiento transmitidos por esos sistemas deben ser libres, abiertos y locales, y no estar controlados por dos o tres empresas situadas en la costa oeste de Estados Unidos. De lo contrario, se corre el riesgo de que no haya suficiente diversidad cultural para abarcar todo el conocimiento y la cultura humanos.&nbsp;<\/p>\n\n\n\n<figure class=\"wp-block-pullquote\"><blockquote><p>Tenemos que tener muy claro que el mundo no comparte nuestra visi\u00f3n de la inteligencia artificial. <\/p><cite>ALEXANDRE VIROS<\/cite><\/blockquote><\/figure>\n\n\n\n<p>Para apreciar la importancia de las plataformas abiertas, hay que remontarse treinta a\u00f1os atr\u00e1s, a principios de los noventa, cuando se plante\u00f3 la cuesti\u00f3n de cu\u00e1les iban a ser las infraestructuras de telecomunicaciones de lo que entonces se conoc\u00eda como las superautopistas de la informaci\u00f3n. \u00c9stas podr\u00edan muy bien haber sido gestionadas por los grandes operadores de telecomunicaciones de Estados Unidos.&nbsp;<\/p>\n\n\n\n<p>Gracias a Al Gore, el control de la infraestructura de internet se descentraliz\u00f3 y se abri\u00f3 al p\u00fablico y al uso comercial. Hoy, toda la arquitectura de internet es de c\u00f3digo abierto por una sencilla raz\u00f3n: es m\u00e1s segura y m\u00e1s eficiente.&nbsp;<\/p>\n\n\n\n<p>El desarrollo de la IA deber\u00eda seguir el mismo modelo. Las plataformas b\u00e1sicas son caras de construir. Por eso deber\u00edan ser comunes, sobre todo porque no hay necesidad de tener docenas de ellas. Unas pocas pueden bastar: lo importante es poder construir aplicaciones comercializables sobre ellas. Estas plataformas b\u00e1sicas podr\u00edan ser impulsadas por contribuciones de todo el mundo, un poco como Wikipedia.&nbsp;<\/p>\n\n\n\n<h3 class=\"wp-block-heading\"><strong>En Europa, Francia parece querer desempe\u00f1ar un papel protagonista en la construcci\u00f3n de la gobernanza mundial. En los \u00faltimos meses se han anunciado numerosas inversiones en IA. Pero, \u00bfpodemos decir que Francia se est\u00e1 quedando atr\u00e1s? \u00bfC\u00f3mo describir\u00edan la posici\u00f3n actual de Par\u00eds en la carrera mundial?<\/strong><\/h3>\n\n\n\n<h4 class=\"wp-block-heading\"><strong>Alexandre Viros<\/strong><\/h4>\n\n\n\n<p>Francia est\u00e1 bien equipada. Nuestra investigaci\u00f3n acad\u00e9mica se mantiene a un nivel muy alto, con escuelas que est\u00e1n entre las mejores del mundo. El principal reto es mantener estas competencias y talentos. Hay que frenar la fuga de cerebros en un contexto de competencia muy desequilibrada. En realidad, la cuesti\u00f3n es muy simple: una vez que has formado a alguien, \u00bfc\u00f3mo lo mantienes?&nbsp;<\/p>\n\n\n\n<figure class=\"wp-block-pullquote\"><blockquote><p>El desarrollo de la IA debe seguir el mismo modelo que el de internet.<\/p><cite>YANN LE CUN<\/cite><\/blockquote><\/figure>\n\n\n\n<p>En t\u00e9rminos m\u00e1s generales, tengo la sensaci\u00f3n de que Francia ha comprendido la importancia de la IA y la absoluta necesidad de participar en la carrera. El segundo reto es crear un ecosistema de alto rendimiento capaz de aunar la investigaci\u00f3n fundamental, que tiene una perspectiva a largo plazo, y las aplicaciones industriales, que tienen una visi\u00f3n m\u00e1s inmediata. Esta es la gran fuerza de Silicon Valley, que consigue reunir a investigadores movidos por un fuerte objetivo especulativo, a industriales y a un entorno econ\u00f3mico muy favorable. Este equilibrio crea una efervescencia \u00fanica dif\u00edcil de recrear.&nbsp;<\/p>\n\n\n\n\n\n<figure class=\"wp-block-image wp-block-image-large\"\n    data-shadow=\"false\"\n    data-use-original-file=\"false\">\n    <a\n        data-pswp-src=\"https:\/\/legrandcontinent.eu\/es\/wp-content\/uploads\/sites\/2\/2023\/12\/SIPA_sipausa31626742_000003-scaled.jpg\"\n        class=\"inline-block gallery-item no-underline \"\n        data-pswp-width=\"2560\"\n        data-pswp-height=\"1871\">\n                                        <picture>\r\n                    <source\r\n                srcset=\"https:\/\/legrandcontinent.eu\/es\/wp-content\/uploads\/sites\/2\/2023\/12\/SIPA_sipausa31626742_000003-330x241.jpg\"\r\n                media=\"(max-width: 374px)\" \/>\r\n                    <source\r\n                srcset=\"https:\/\/legrandcontinent.eu\/es\/wp-content\/uploads\/sites\/2\/2023\/12\/SIPA_sipausa31626742_000003-690x504.jpg\"\r\n                media=\"(max-width: 989px)\" \/>\r\n                    <source\r\n                srcset=\"https:\/\/legrandcontinent.eu\/es\/wp-content\/uploads\/sites\/2\/2023\/12\/SIPA_sipausa31626742_000003-1340x980.jpg\"\r\n                media=\"(min-width: 990px)\" \/>\r\n                <img decoding=\"async\" src=\"https:\/\/legrandcontinent.eu\/es\/wp-content\/uploads\/sites\/2\/2023\/12\/SIPA_sipausa31626742_000003-125x91.jpg\" \/>\r\n        <\/picture>\r\n                            \n                    <figcaption class=\"pswp-caption-content \">\u00a9 UPI\/Newscom\/SIPA<\/figcaption>\n            <\/a>\n<\/figure>\n\n\n<h3 class=\"wp-block-heading\"><strong>Yann Le Cun<\/strong><\/h3>\n\n\n\n<p>Francia tiene una gran desventaja en esta carrera mundial: las grandes empresas tecnol\u00f3gicas que financian la mayor parte de la I+D en este campo son todas estadounidenses o chinas. No obstante, estas empresas operan en todo el mundo, y en particular en Francia, donde existe un verdadero inter\u00e9s por este campo.&nbsp;<\/p>\n\n\n\n<p>Sin embargo, no creo que estemos tan mal situados. Hay talento, pero hace falta inversi\u00f3n y un ecosistema din\u00e1mico para producir resultados: una comunidad de personas, agrupadas geogr\u00e1ficamente, que interact\u00faen estrechamente a trav\u00e9s de diversas actividades, que vayan desde la investigaci\u00f3n en laboratorios a las colaboraciones dentro de las empresas, pasando por la participaci\u00f3n en encuentros, hackathones y el estudio en los mismos posgrados y escuelas.<\/p>\n\n\n\n<figure class=\"wp-block-pullquote\"><blockquote><p>No creo que Francia est\u00e9 tan mal situada en la carrera de la IA.<\/p><cite>YANN LE CUN<\/cite><\/blockquote><\/figure>\n\n\n\n<p>Como ha se\u00f1alado Alexandre, ese es el punto fuerte de Silicon Valley, pero me parece que estamos empezando a ver el mismo fen\u00f3meno autocatal\u00edtico en Par\u00eds. Es uno de los raros ejemplos de las ventajas de la centralizaci\u00f3n parisina. A modo de comparaci\u00f3n, Alemania no cuenta con un centro de talento de densidad comparable, donde la informaci\u00f3n puede circular con una rapidez excepcional, lo que contribuye notablemente a acelerar el progreso.&nbsp;<\/p>\n\n\n\n<h4 class=\"wp-block-heading\"><strong>Anne Bouverot<\/strong><\/h4>\n\n\n\n<p>Yann LeCun no podr\u00e1 decirlo, pero es el ejemplo arquet\u00edpico de la excelencia francesa en IA. Francia es uno de los pocos pa\u00edses, m\u00e1s all\u00e1 de Estados Unidos y China, con capacidades reales en inteligencia artificial. La calidad de la ense\u00f1anza superior y de la investigaci\u00f3n p\u00fablica y privada en Francia es muy alta. Tenemos investigadores brillantes. Los clusters de IA formados por universidades, laboratorios de investigaci\u00f3n, ENS, Polytechnique, INRIA, etc. son muy eficaces. Tenemos cientos de start-ups de IA, algunas de ellas ya muy conocidas, como Dataiku, Hugging Fave, LightOn y Mistral.&nbsp;<\/p>\n\n\n\n<p>Por otro lado, a este mundo de la investigaci\u00f3n y las start-ups le sigue costando escalar -para ello necesitamos mayor capacidad de financiaci\u00f3n- y crear sinergias con las grandes empresas. Para lograrlo, necesitamos empresas medianas y grandes que est\u00e9n dispuestas a apostar y ayudar a crecer a estas iniciativas. Esto ocurre mucho en Estados Unidos, donde este tipo de asociaciones permite a las nuevas empresas crecer muy r\u00e1pidamente. Tenemos que fomentar este esp\u00edritu, que empieza a llegar a Francia.&nbsp;<\/p>\n\n\n\n<p>Tambi\u00e9n es imperativo que esto se haga en un clima de desarrollo responsable de la IA. De lo contrario, por ejemplo, asistiremos a un rechazo por parte de los estudiantes que ya no querr\u00e1n trabajar en el sector, como ocurri\u00f3 en el sector financiero tras la crisis de 2008. Por lo tanto, es crucial establecer un marco de confianza, experimentaci\u00f3n y debate.&nbsp;<\/p>\n\n\n\n<p>Por \u00faltimo, es vital establecer un verdadero debate p\u00fablico en torno a estas cuestiones, abordarlas y mantener discusiones serenas para evitar, por un lado, consideraciones milenaristas sobre el fin del mundo y, por otro, una forma de tecnosolucionismo que considera que la inteligencia artificial podr\u00eda resolver todos los males de la humanidad.&nbsp;<\/p>\n\n\n\n<h3 class=\"wp-block-heading\"><strong>Francia acoger\u00e1 el a\u00f1o que viene la Cumbre de la IA. \u00bfQu\u00e9 lecciones puede extraer de la primera cumbre celebrada en Bletchley Park?<\/strong><\/h3>\n\n\n\n<h4 class=\"wp-block-heading\"><strong>Alexandre Viros<\/strong><\/h4>\n\n\n\n<p>Debemos prestar mucha atenci\u00f3n al equilibrio del di\u00e1logo entre especialistas, responsables pol\u00edticos, empresarios y ciudadanos que representan el inter\u00e9s general. Pero tenemos que tener cuidado de que este tipo de evento no se convierta en una especie de feria de la IA en la que todos muestren sus m\u00fasculos. Las estrellas de la IA ya son estrellas: \u00a1no hay necesidad de ponerlas de nuevo en el punto de mira!&nbsp;<\/p>\n\n\n\n<p>Este debe ser un momento de madurez ante un tema que toca los cimientos mismos de nuestra civilizaci\u00f3n. Hay que abordarlo con sabidur\u00eda y gravedad, y no dejarse llevar simplemente por pasar 15 minutos con un emprendedor original ante las c\u00e1maras de todo el mundo&#8230;<\/p>\n\n\n\n<h4 class=\"wp-block-heading\"><strong>Yann Le Cun<\/strong><\/h4>\n\n\n\n<p>La cumbre muestra una evoluci\u00f3n que me parece divertida. Al principio, surgi\u00f3 porque a Rishi Sunak le hab\u00edan lavado el cerebro sobre los posibles peligros de la IA. As\u00ed que al principio organiz\u00f3 la cumbre para abordar estas cuestiones, pero a medida que se preparaba qued\u00f3 claro que las personas con las que hablaba estaban m\u00e1s interesadas en las cuestiones de viabilidad econ\u00f3mica y los problemas de seguridad a corto y mediano plazo que en los riesgos existenciales a largo plazo, que son materia de ciencia ficci\u00f3n.&nbsp;<\/p>\n\n\n\n<figure class=\"wp-block-pullquote\"><blockquote><p>Es vital establecer un verdadero debate p\u00fablico en torno a estas cuestiones, abordarlas y mantener discusiones serenas, para evitar, por un lado, consideraciones milenaristas sobre el fin del mundo y, por otro, una forma de tecnosolucionismo que considera que la inteligencia artificial podr\u00eda resolver todos los males de la humanidad. <\/p><cite>ANNE BOUVEROT<\/cite><\/blockquote><\/figure>\n\n\n\n<p>Unas semanas despu\u00e9s de la organizaci\u00f3n de la cumbre, el gobierno brit\u00e1nico decidi\u00f3 finalmente que no elaborar\u00eda ninguna reglamentaci\u00f3n sobre la IA porque todav\u00eda hab\u00eda demasiadas incertidumbres en torno al desarrollo de esta tecnolog\u00eda: una se\u00f1al de que el Reino Unido prefiere centrarse ahora en el desarrollo econ\u00f3mico.&nbsp;<\/p>\n\n\n\n<h4 class=\"wp-block-heading\"><strong>Anne Bouverot<\/strong><\/h4>\n\n\n\n<p>Esta primera cumbre ha demostrado que existe un gran inter\u00e9s por el tema. El Reino Unido anunci\u00f3 la cumbre en junio y se celebr\u00f3 en noviembre: es un plazo muy ajustado para un acontecimiento de esta envergadura, sobre todo porque reuni\u00f3 a figuras destacadas del sector de la IA, as\u00ed como a dirigentes pol\u00edticos y miembros de la sociedad civil. En los \u00faltimos d\u00edas se han presentado varias ideas.&nbsp;<\/p>\n\n\n\n<p>Me alegro de que Francia acoja la pr\u00f3xima cumbre dentro de un a\u00f1o, y creo que nos convendr\u00eda proponer un objetivo de desarrollo responsable, haciendo hincapi\u00e9 en las acciones que hay que emprender para obtener resultados concretos. As\u00ed pues, debemos definir y estudiar los riesgos, y examinar las repercusiones sociales y econ\u00f3micas de la IA en la actualidad, con el fin de proponer soluciones y una gobernanza que proporcione un marco para el desarrollo de la IA en aras del inter\u00e9s general.<\/p>\n","protected":false},"excerpt":{"rendered":"<p>Un a\u00f1o despu\u00e9s de la irrupci\u00f3n de ChatGPT, la IA despierta todo tipo de temores y fantas\u00edas. \u00bfSeremos sustituidos? \u00bfPodremos dominar esta tecnolog\u00eda? \u00bfQui\u00e9n ganar\u00e1 la carrera mundial? En un debate denso y fascinante, Anne Bouverot, Yann Le Cun y Alexandre Viros esbozan el presente y los posibles futuros de la IA.<\/p>\n","protected":false},"author":1366,"featured_media":27264,"comment_status":"closed","ping_status":"closed","sticky":false,"template":"templates\/post-interviews.php","format":"standard","meta":{"_acf_changed":false,"_trash_the_other_posts":false,"_yoast_wpseo_estimated-reading-time-minutes":32,"footnotes":""},"categories":[464],"tags":[],"staff":[707,706,705],"editorial_format":[],"serie":[],"audience":[],"geo":[198],"class_list":["post-27263","post","type-post","status-publish","format-standard","hentry","category-poderes-de-la-ia","staff-alexandre-viros","staff-anne-bouverot","staff-yann-le-cun","geo-mundo"],"acf":{"open_in_webview":false,"accent":false},"yoast_head":"<!-- This site is optimized with the Yoast SEO plugin v26.1.1 - https:\/\/yoast.com\/wordpress\/plugins\/seo\/ -->\n<title>\u00abLa IA no nos sustituir\u00e1\u00bb, una conversaci\u00f3n con Anne Bouverot, Yann Le Cun y Alexandre Viros - El Grand Continent<\/title>\n<meta name=\"robots\" content=\"index, follow, max-snippet:-1, max-image-preview:large, max-video-preview:-1\" \/>\n<link rel=\"canonical\" href=\"https:\/\/legrandcontinent.eu\/es\/2023\/12\/08\/la-ia-no-nos-sustituira-una-conversacion-con-anne-bouverot-yann-le-cun-y-alexandre-viros\/\" \/>\n<meta property=\"og:locale\" content=\"es_ES\" \/>\n<meta property=\"og:type\" content=\"article\" \/>\n<meta property=\"og:title\" content=\"\u00abLa IA no nos sustituir\u00e1\u00bb, una conversaci\u00f3n con Anne Bouverot, Yann Le Cun y Alexandre Viros - El Grand Continent\" \/>\n<meta property=\"og:description\" content=\"Un a\u00f1o despu\u00e9s de la irrupci\u00f3n de ChatGPT, la IA despierta todo tipo de temores y fantas\u00edas. \u00bfSeremos sustituidos? \u00bfPodremos dominar esta tecnolog\u00eda? \u00bfQui\u00e9n ganar\u00e1 la carrera mundial? En un debate denso y fascinante, Anne Bouverot, Yann Le Cun y Alexandre Viros esbozan el presente y los posibles futuros de la IA.\" \/>\n<meta property=\"og:url\" content=\"https:\/\/legrandcontinent.eu\/es\/2023\/12\/08\/la-ia-no-nos-sustituira-una-conversacion-con-anne-bouverot-yann-le-cun-y-alexandre-viros\/\" \/>\n<meta property=\"og:site_name\" content=\"El Grand Continent\" \/>\n<meta property=\"article:published_time\" content=\"2023-12-08T19:17:41+00:00\" \/>\n<meta property=\"article:modified_time\" content=\"2023-12-08T19:17:45+00:00\" \/>\n<meta property=\"og:image\" content=\"https:\/\/legrandcontinent.eu\/es\/wp-content\/uploads\/sites\/6\/2023\/12\/gc-elinteligencia-scaled.jpg\" \/>\n\t<meta property=\"og:image:width\" content=\"2560\" \/>\n\t<meta property=\"og:image:height\" content=\"1440\" \/>\n\t<meta property=\"og:image:type\" content=\"image\/jpeg\" \/>\n<meta name=\"author\" content=\"florent\" \/>\n<meta name=\"twitter:card\" content=\"summary_large_image\" \/>\n<meta name=\"twitter:image\" content=\"https:\/\/legrandcontinent.eu\/es\/wp-content\/uploads\/sites\/6\/2023\/12\/gc-elinteligencia-scaled.jpg\" \/>\n<meta name=\"twitter:label1\" content=\"Escrito por\" \/>\n\t<meta name=\"twitter:data1\" content=\"florent\" \/>\n\t<meta name=\"twitter:label2\" content=\"Tiempo de lectura\" \/>\n\t<meta name=\"twitter:data2\" content=\"32 minutos\" \/>\n<script type=\"application\/ld+json\" class=\"yoast-schema-graph\">{\"@context\":\"https:\/\/schema.org\",\"@graph\":[{\"@type\":\"WebPage\",\"@id\":\"https:\/\/legrandcontinent.eu\/es\/2023\/12\/08\/la-ia-no-nos-sustituira-una-conversacion-con-anne-bouverot-yann-le-cun-y-alexandre-viros\/\",\"url\":\"https:\/\/legrandcontinent.eu\/es\/2023\/12\/08\/la-ia-no-nos-sustituira-una-conversacion-con-anne-bouverot-yann-le-cun-y-alexandre-viros\/\",\"name\":\"\u00abLa IA no nos sustituir\u00e1\u00bb, una conversaci\u00f3n con Anne Bouverot, Yann Le Cun y Alexandre Viros - El Grand Continent\",\"isPartOf\":{\"@id\":\"https:\/\/legrandcontinent.eu\/es\/#website\"},\"primaryImageOfPage\":{\"@id\":\"https:\/\/legrandcontinent.eu\/es\/2023\/12\/08\/la-ia-no-nos-sustituira-una-conversacion-con-anne-bouverot-yann-le-cun-y-alexandre-viros\/#primaryimage\"},\"image\":{\"@id\":\"https:\/\/legrandcontinent.eu\/es\/2023\/12\/08\/la-ia-no-nos-sustituira-una-conversacion-con-anne-bouverot-yann-le-cun-y-alexandre-viros\/#primaryimage\"},\"thumbnailUrl\":\"https:\/\/legrandcontinent.eu\/es\/wp-content\/uploads\/sites\/6\/2023\/12\/SIPA_sipausa31626742_000007-scaled-1.jpg\",\"datePublished\":\"2023-12-08T19:17:41+00:00\",\"dateModified\":\"2023-12-08T19:17:45+00:00\",\"author\":{\"@id\":\"https:\/\/legrandcontinent.eu\/es\/#\/schema\/person\/cdd782c93d4a9eda86ab19a8c01cdf5c\"},\"breadcrumb\":{\"@id\":\"https:\/\/legrandcontinent.eu\/es\/2023\/12\/08\/la-ia-no-nos-sustituira-una-conversacion-con-anne-bouverot-yann-le-cun-y-alexandre-viros\/#breadcrumb\"},\"inLanguage\":\"es\",\"potentialAction\":[{\"@type\":\"ReadAction\",\"target\":[\"https:\/\/legrandcontinent.eu\/es\/2023\/12\/08\/la-ia-no-nos-sustituira-una-conversacion-con-anne-bouverot-yann-le-cun-y-alexandre-viros\/\"]}]},{\"@type\":\"ImageObject\",\"inLanguage\":\"es\",\"@id\":\"https:\/\/legrandcontinent.eu\/es\/2023\/12\/08\/la-ia-no-nos-sustituira-una-conversacion-con-anne-bouverot-yann-le-cun-y-alexandre-viros\/#primaryimage\",\"url\":\"https:\/\/legrandcontinent.eu\/es\/wp-content\/uploads\/sites\/6\/2023\/12\/SIPA_sipausa31626742_000007-scaled-1.jpg\",\"contentUrl\":\"https:\/\/legrandcontinent.eu\/es\/wp-content\/uploads\/sites\/6\/2023\/12\/SIPA_sipausa31626742_000007-scaled-1.jpg\",\"width\":2560,\"height\":1856,\"caption\":\"Eclipse solar cerca de Bluff, Utah, el 14 de octubre de 2023. \u00a9 UPI\/Newscom\/SIPA\"},{\"@type\":\"BreadcrumbList\",\"@id\":\"https:\/\/legrandcontinent.eu\/es\/2023\/12\/08\/la-ia-no-nos-sustituira-una-conversacion-con-anne-bouverot-yann-le-cun-y-alexandre-viros\/#breadcrumb\",\"itemListElement\":[{\"@type\":\"ListItem\",\"position\":1,\"name\":\"Home\",\"item\":\"https:\/\/legrandcontinent.eu\/es\/\"},{\"@type\":\"ListItem\",\"position\":2,\"name\":\"\u00abLa IA no nos sustituir\u00e1\u00bb, una conversaci\u00f3n con Anne Bouverot, Yann Le Cun y Alexandre Viros\"}]},{\"@type\":\"WebSite\",\"@id\":\"https:\/\/legrandcontinent.eu\/es\/#website\",\"url\":\"https:\/\/legrandcontinent.eu\/es\/\",\"name\":\"El Grand Continent\",\"description\":\"La escala pertinente\",\"potentialAction\":[{\"@type\":\"SearchAction\",\"target\":{\"@type\":\"EntryPoint\",\"urlTemplate\":\"https:\/\/legrandcontinent.eu\/es\/?s={search_term_string}\"},\"query-input\":{\"@type\":\"PropertyValueSpecification\",\"valueRequired\":true,\"valueName\":\"search_term_string\"}}],\"inLanguage\":\"es\"},{\"@type\":\"Person\",\"@id\":\"https:\/\/legrandcontinent.eu\/es\/#\/schema\/person\/cdd782c93d4a9eda86ab19a8c01cdf5c\",\"name\":\"florent\",\"image\":{\"@type\":\"ImageObject\",\"inLanguage\":\"es\",\"@id\":\"https:\/\/legrandcontinent.eu\/es\/#\/schema\/person\/image\/\",\"url\":\"https:\/\/secure.gravatar.com\/avatar\/0d38d78c90602daf39b309035cdac6bc?s=96&d=mm&r=g\",\"contentUrl\":\"https:\/\/secure.gravatar.com\/avatar\/0d38d78c90602daf39b309035cdac6bc?s=96&d=mm&r=g\",\"caption\":\"florent\"}}]}<\/script>\n<!-- \/ Yoast SEO plugin. -->","yoast_head_json":{"title":"\u00abLa IA no nos sustituir\u00e1\u00bb, una conversaci\u00f3n con Anne Bouverot, Yann Le Cun y Alexandre Viros - El Grand Continent","robots":{"index":"index","follow":"follow","max-snippet":"max-snippet:-1","max-image-preview":"max-image-preview:large","max-video-preview":"max-video-preview:-1"},"canonical":"https:\/\/legrandcontinent.eu\/es\/2023\/12\/08\/la-ia-no-nos-sustituira-una-conversacion-con-anne-bouverot-yann-le-cun-y-alexandre-viros\/","og_locale":"es_ES","og_type":"article","og_title":"\u00abLa IA no nos sustituir\u00e1\u00bb, una conversaci\u00f3n con Anne Bouverot, Yann Le Cun y Alexandre Viros - El Grand Continent","og_description":"Un a\u00f1o despu\u00e9s de la irrupci\u00f3n de ChatGPT, la IA despierta todo tipo de temores y fantas\u00edas. \u00bfSeremos sustituidos? \u00bfPodremos dominar esta tecnolog\u00eda? \u00bfQui\u00e9n ganar\u00e1 la carrera mundial? En un debate denso y fascinante, Anne Bouverot, Yann Le Cun y Alexandre Viros esbozan el presente y los posibles futuros de la IA.","og_url":"https:\/\/legrandcontinent.eu\/es\/2023\/12\/08\/la-ia-no-nos-sustituira-una-conversacion-con-anne-bouverot-yann-le-cun-y-alexandre-viros\/","og_site_name":"El Grand Continent","article_published_time":"2023-12-08T19:17:41+00:00","article_modified_time":"2023-12-08T19:17:45+00:00","og_image":[{"width":2560,"height":1440,"url":"https:\/\/legrandcontinent.eu\/es\/wp-content\/uploads\/sites\/6\/2023\/12\/gc-elinteligencia-scaled.jpg","type":"image\/jpeg"}],"author":"florent","twitter_card":"summary_large_image","twitter_image":"https:\/\/legrandcontinent.eu\/es\/wp-content\/uploads\/sites\/6\/2023\/12\/gc-elinteligencia-scaled.jpg","twitter_misc":{"Escrito por":"florent","Tiempo de lectura":"32 minutos"},"schema":{"@context":"https:\/\/schema.org","@graph":[{"@type":"WebPage","@id":"https:\/\/legrandcontinent.eu\/es\/2023\/12\/08\/la-ia-no-nos-sustituira-una-conversacion-con-anne-bouverot-yann-le-cun-y-alexandre-viros\/","url":"https:\/\/legrandcontinent.eu\/es\/2023\/12\/08\/la-ia-no-nos-sustituira-una-conversacion-con-anne-bouverot-yann-le-cun-y-alexandre-viros\/","name":"\u00abLa IA no nos sustituir\u00e1\u00bb, una conversaci\u00f3n con Anne Bouverot, Yann Le Cun y Alexandre Viros - El Grand Continent","isPartOf":{"@id":"https:\/\/legrandcontinent.eu\/es\/#website"},"primaryImageOfPage":{"@id":"https:\/\/legrandcontinent.eu\/es\/2023\/12\/08\/la-ia-no-nos-sustituira-una-conversacion-con-anne-bouverot-yann-le-cun-y-alexandre-viros\/#primaryimage"},"image":{"@id":"https:\/\/legrandcontinent.eu\/es\/2023\/12\/08\/la-ia-no-nos-sustituira-una-conversacion-con-anne-bouverot-yann-le-cun-y-alexandre-viros\/#primaryimage"},"thumbnailUrl":"https:\/\/legrandcontinent.eu\/es\/wp-content\/uploads\/sites\/6\/2023\/12\/SIPA_sipausa31626742_000007-scaled-1.jpg","datePublished":"2023-12-08T19:17:41+00:00","dateModified":"2023-12-08T19:17:45+00:00","author":{"@id":"https:\/\/legrandcontinent.eu\/es\/#\/schema\/person\/cdd782c93d4a9eda86ab19a8c01cdf5c"},"breadcrumb":{"@id":"https:\/\/legrandcontinent.eu\/es\/2023\/12\/08\/la-ia-no-nos-sustituira-una-conversacion-con-anne-bouverot-yann-le-cun-y-alexandre-viros\/#breadcrumb"},"inLanguage":"es","potentialAction":[{"@type":"ReadAction","target":["https:\/\/legrandcontinent.eu\/es\/2023\/12\/08\/la-ia-no-nos-sustituira-una-conversacion-con-anne-bouverot-yann-le-cun-y-alexandre-viros\/"]}]},{"@type":"ImageObject","inLanguage":"es","@id":"https:\/\/legrandcontinent.eu\/es\/2023\/12\/08\/la-ia-no-nos-sustituira-una-conversacion-con-anne-bouverot-yann-le-cun-y-alexandre-viros\/#primaryimage","url":"https:\/\/legrandcontinent.eu\/es\/wp-content\/uploads\/sites\/6\/2023\/12\/SIPA_sipausa31626742_000007-scaled-1.jpg","contentUrl":"https:\/\/legrandcontinent.eu\/es\/wp-content\/uploads\/sites\/6\/2023\/12\/SIPA_sipausa31626742_000007-scaled-1.jpg","width":2560,"height":1856,"caption":"Eclipse solar cerca de Bluff, Utah, el 14 de octubre de 2023. \u00a9 UPI\/Newscom\/SIPA"},{"@type":"BreadcrumbList","@id":"https:\/\/legrandcontinent.eu\/es\/2023\/12\/08\/la-ia-no-nos-sustituira-una-conversacion-con-anne-bouverot-yann-le-cun-y-alexandre-viros\/#breadcrumb","itemListElement":[{"@type":"ListItem","position":1,"name":"Home","item":"https:\/\/legrandcontinent.eu\/es\/"},{"@type":"ListItem","position":2,"name":"\u00abLa IA no nos sustituir\u00e1\u00bb, una conversaci\u00f3n con Anne Bouverot, Yann Le Cun y Alexandre Viros"}]},{"@type":"WebSite","@id":"https:\/\/legrandcontinent.eu\/es\/#website","url":"https:\/\/legrandcontinent.eu\/es\/","name":"El Grand Continent","description":"La escala pertinente","potentialAction":[{"@type":"SearchAction","target":{"@type":"EntryPoint","urlTemplate":"https:\/\/legrandcontinent.eu\/es\/?s={search_term_string}"},"query-input":{"@type":"PropertyValueSpecification","valueRequired":true,"valueName":"search_term_string"}}],"inLanguage":"es"},{"@type":"Person","@id":"https:\/\/legrandcontinent.eu\/es\/#\/schema\/person\/cdd782c93d4a9eda86ab19a8c01cdf5c","name":"florent","image":{"@type":"ImageObject","inLanguage":"es","@id":"https:\/\/legrandcontinent.eu\/es\/#\/schema\/person\/image\/","url":"https:\/\/secure.gravatar.com\/avatar\/0d38d78c90602daf39b309035cdac6bc?s=96&d=mm&r=g","contentUrl":"https:\/\/secure.gravatar.com\/avatar\/0d38d78c90602daf39b309035cdac6bc?s=96&d=mm&r=g","caption":"florent"}}]}},"lgc_categories":[{"id":464,"name":"Poderes de la IA","slug":"poderes-de-la-ia"}],"lgc_author":{"id":707,"name":"Alexandre Viros","slug":"alexandre-viros","first_name":null,"last_name":null,"picture":{"url":"https:\/\/legrandcontinent.eu\/es\/wp-content\/uploads\/sites\/2\/2023\/12\/GC_Viros.png","width":616,"height":653,"alt":""}},"feature_image_summary":{"url":"https:\/\/legrandcontinent.eu\/es\/wp-content\/uploads\/sites\/6\/2023\/12\/SIPA_sipausa31626742_000007-scaled-1.jpg","width":2560,"height":1856,"alt":""},"feature_image_cover":{"url":"https:\/\/legrandcontinent.eu\/es\/wp-content\/uploads\/sites\/6\/2023\/12\/SIPA_sipausa31626742_000007-scaled-1.jpg","width":2560,"height":1856,"alt":""},"term_position_data":null,"_links":{"self":[{"href":"https:\/\/legrandcontinent.eu\/es\/wp-json\/wp\/v2\/posts\/27263","targetHints":{"allow":["GET"]}}],"collection":[{"href":"https:\/\/legrandcontinent.eu\/es\/wp-json\/wp\/v2\/posts"}],"about":[{"href":"https:\/\/legrandcontinent.eu\/es\/wp-json\/wp\/v2\/types\/post"}],"author":[{"embeddable":true,"href":"https:\/\/legrandcontinent.eu\/es\/wp-json\/wp\/v2\/users\/1366"}],"replies":[{"embeddable":true,"href":"https:\/\/legrandcontinent.eu\/es\/wp-json\/wp\/v2\/comments?post=27263"}],"version-history":[{"count":0,"href":"https:\/\/legrandcontinent.eu\/es\/wp-json\/wp\/v2\/posts\/27263\/revisions"}],"wp:featuredmedia":[{"embeddable":true,"href":"https:\/\/legrandcontinent.eu\/es\/wp-json\/wp\/v2\/media\/27264"}],"wp:attachment":[{"href":"https:\/\/legrandcontinent.eu\/es\/wp-json\/wp\/v2\/media?parent=27263"}],"wp:term":[{"taxonomy":"category","embeddable":true,"href":"https:\/\/legrandcontinent.eu\/es\/wp-json\/wp\/v2\/categories?post=27263"},{"taxonomy":"post_tag","embeddable":true,"href":"https:\/\/legrandcontinent.eu\/es\/wp-json\/wp\/v2\/tags?post=27263"},{"taxonomy":"staff","embeddable":true,"href":"https:\/\/legrandcontinent.eu\/es\/wp-json\/wp\/v2\/staff?post=27263"},{"taxonomy":"editorial_format","embeddable":true,"href":"https:\/\/legrandcontinent.eu\/es\/wp-json\/wp\/v2\/editorial_format?post=27263"},{"taxonomy":"serie","embeddable":true,"href":"https:\/\/legrandcontinent.eu\/es\/wp-json\/wp\/v2\/serie?post=27263"},{"taxonomy":"audience","embeddable":true,"href":"https:\/\/legrandcontinent.eu\/es\/wp-json\/wp\/v2\/audience?post=27263"},{"taxonomy":"geo","embeddable":true,"href":"https:\/\/legrandcontinent.eu\/es\/wp-json\/wp\/v2\/geo?post=27263"}],"curies":[{"name":"wp","href":"https:\/\/api.w.org\/{rel}","templated":true}]}}