{"id":27138,"date":"2023-12-04T13:00:00","date_gmt":"2023-12-04T12:00:00","guid":{"rendered":"https:\/\/legrandcontinent.eu\/es\/?p=27138"},"modified":"2023-12-05T10:21:32","modified_gmt":"2023-12-05T09:21:32","slug":"en-florencia-la-imposible-internacional-soberanista-1","status":"publish","type":"post","link":"https:\/\/legrandcontinent.eu\/es\/2023\/12\/04\/en-florencia-la-imposible-internacional-soberanista-1\/","title":{"rendered":"En Florencia: la imposible internacional soberanista"},"content":{"rendered":"\n<p class=\"has-drop-cap\">Leonardo Grifoni, estudiante de historia del arte en Siena pero originario de Florencia, sue\u00f1a con el retorno de la monarqu\u00eda. Rubio, tiene cierto aire aristocr\u00e1tico (\u00absi olvidas tus Timberlands\u00bb) y declara, al entrar en la Fortaleza Basso de Florencia, donde se re\u00fanen los eurosoberanistas: \u00abSoy mon\u00e1rquico. No reconozco a Mattarella. No reconozco la Constituci\u00f3n\u00bb. No es miembro de la Liga ni de ning\u00fan partido. Afirma que ya existe un rey ideal para Italia: Manuel Filiberto de Saboya. Quiere \u00abotra Europa\u00bb, una \u00abEuropa libre\u00bb: este fue uno de los leitmotivs de la jornada organizada por Matteo Salvini con la crema y nata de la internacional soberanista, un concepto intr\u00ednsecamente contradictorio. Junto a Grifoni hab\u00eda una pancarta en la que se le\u00eda: \u00abEmpleo, seguridad, sentido com\u00fan\u00bb. Est\u00e1n contra la desindustrializaci\u00f3n y contra el plan de la Comisi\u00f3n Europea de imponer los coches el\u00e9ctricos a partir de 2035 (una norma firmemente defendida por el comisario de Asuntos Econ\u00f3micos, Paolo Gentiloni), calificada de ayuda a China, repiten al un\u00edsono los soberanistas. Est\u00e1n en contra de la tecnocracia, la inmigraci\u00f3n y la burocracia. Guglielmo Picchi, exviceministro de Asuntos Exteriores de la Liga, prev\u00e9 que, en las pr\u00f3ximas elecciones europeas, la media de los partidos que integran el grupo Identidad y Democracia -es decir, la extrema derecha europea- \u00abpesar\u00e1 un 15% y no podr\u00e1 ser ignorada\u00bb. Pero el pilar de los soberanistas no ser\u00e1, como hace cinco a\u00f1os, la Liga, que obtuvo el 34% de los votos. El austriaco Harold Vilimisky, jefe de la delegaci\u00f3n del FP\u00d6 en el Parlamento Europeo, concedi\u00f3 entrevistas a los medios austriacos, pero dijo que no quer\u00eda hablar con extranjeros. En su discurso, lleg\u00f3 a decir que \u00abapoyar a Ucrania es un error, igual que apoyar la guerra de Israel contra Palestina\u00bb. Es prorruso, al igual que los alemanes de AfD. La cuesti\u00f3n de qui\u00e9n es prorruso y qui\u00e9n no lo es quiz\u00e1 sea la primera y m\u00e1s importante diferencia dentro de la familia soberanista.&nbsp;<\/p>\n\n\n\n<p>Matteo Salvini, el anfitri\u00f3n del encuentro soberanista, llega de la mano de su prometida Francesca Verdini. Ella grababa videos con su tel\u00e9fono mientras el actual ministro de Transportes italiano contestaba a los periodistas, mostrando poco inter\u00e9s por sus socios de coalici\u00f3n, desde Fratelli d&#8217;Italia hasta Forza Italia, muy cr\u00edticos con la organizaci\u00f3n de la convenci\u00f3n soberanista. Hace unos meses, el ministro de Asuntos Exteriores de Forza Italia, Antonio Tajani, arremeti\u00f3 contra los alemanes de AfD (\u00abMe dan asco, tienen una cultura nazi\u00bb). Sin embargo, en una entrevista concedida a <em>La Repubblica<\/em> hace unos d\u00edas, declar\u00f3 que no hab\u00eda problemas con la Liga, teniendo en cuenta que el gobierno de Italia estaba unido. No ocurrir\u00eda lo mismo a nivel de la derecha europea: \u00abOtras fuerzas no est\u00e1n en fase con el PPE, y quiz\u00e1s ni siquiera con la Liga que, a trav\u00e9s de una de sus ministras, Alessandra Locatelli, lleva a cabo pol\u00edticas opuestas a las de la AfD, que quiere clases separadas para los ni\u00f1os discapacitados. Eso es repugnante\u00bb. No se puede decir lo mismo de la derecha europea: \u00abOtras fuerzas no est\u00e1n en fase con el PPE, y quiz\u00e1s ni siquiera con la Liga que, a trav\u00e9s de una de sus ministras, Alessandra Locatelli, persigue pol\u00edticas opuestas a las de la AfD, que quiere clases separadas para los ni\u00f1os discapacitados. Esto es repugnante\u00bb. Los de centro-derecha que prefieren la izquierda a la Liga y sus aliados en Europa, replica Salvini, \u00abcometen un gran error, porque la Europa gobernada por la izquierda es la Europa de los recortes en los presupuestos de salud y educaci\u00f3n, pero tambi\u00e9n la Europa de la inmigraci\u00f3n descontrolada y de los gui\u00f1os al fanatismo isl\u00e1mico, que ayer mismo cobr\u00f3 una v\u00edctima en pleno coraz\u00f3n de Europa. Lamentar\u00eda que alguien del centro-derecha prefiriera la izquierda a los aliados naturales del centro-derecha\u00bb. A quienes se\u00f1alaron que Antonio Tajani, que dirige Forza Italia, comparte esta posici\u00f3n, Matteo Salvini respondi\u00f3, sin embargo: \u00abSe equivoca. Quien elija a la Liga en las elecciones europeas elegir\u00e1 la alternativa a la izquierda, a Macron y a los comunistas. La Liga nunca gobernar\u00e1 con los socialistas. Invito al centro-derecha, que ya est\u00e1 unido en Italia, a unirse en Europa, pero no puedo imponer nada a nadie\u201d.&nbsp;<\/p>\n\n\n\n<figure class=\"wp-block-pullquote\"><blockquote><p>La cuesti\u00f3n de qui\u00e9n es prorruso y qui\u00e9n no lo es quiz\u00e1 sea la primera y m\u00e1s importante diferencia dentro de la familia soberanista.&nbsp;<\/p><cite>DAVID ALLEGRANTI<\/cite><\/blockquote><\/figure>\n\n\n\n<p>El eurodiputado de la Liga Antonio Maria Rinaldi tuitea una foto con Alberto Bagnai y Claudio Borghi, el d\u00fao din\u00e1mico que so\u00f1aba con el Italexit cuando los eur\u00f3fobos (\u00abNo Euro\u00bb) dirig\u00edan la Liga. Era otra \u00e9poca, la del <em>Tramonto dell&#8217;euro<\/em> (el \u00abcrep\u00fasculo del euro\u00bb, publicado por Imprimatur en 2012) de Bagnai, una aut\u00e9ntica biblia para los opositores a la moneda \u00fanica. Borghi, por su parte, tuite\u00f3: \u00abEntra en escena Marco Zanni, y todo comienza. Los ojos de toda la izquierda europea al borde del colapso nos observan at\u00f3nitos, y tienen raz\u00f3n\u00bb. Son las 11:30 y est\u00e1 empezando. Los periodistas, hacinados en una sala contigua, no pueden entrar. Hay agua y caf\u00e9 en la mesa. La banda sonora es de Giorgio Gaber: \u00abLa libertad no es subirse a un \u00e1rbol \/ Ni el vuelo de una mosca \/ La libertad no es un espacio libre \/ La libertad es participaci\u00f3n\u00bb. Michele Serra, uno de los entrevistados en el documental sobre Gaber estrenado hace unos d\u00edas, quiz\u00e1 tenga algo que decir sobre todo esto.&nbsp;<\/p>\n\n\n\n\n\n<figure class=\"wp-block-image wp-block-image-large\"\n    data-shadow=\"false\"\n    data-use-original-file=\"false\">\n    <a\n        data-pswp-src=\"https:\/\/legrandcontinent.eu\/es\/wp-content\/uploads\/sites\/2\/2023\/12\/SIPA_01137004_000013-scaled.jpg\"\n        class=\"inline-block gallery-item no-underline \"\n        data-pswp-width=\"2560\"\n        data-pswp-height=\"1701\">\n                                        <picture>\r\n                    <source\r\n                srcset=\"https:\/\/legrandcontinent.eu\/es\/wp-content\/uploads\/sites\/2\/2023\/12\/SIPA_01137004_000013-330x219.jpg\"\r\n                media=\"(max-width: 374px)\" \/>\r\n                    <source\r\n                srcset=\"https:\/\/legrandcontinent.eu\/es\/wp-content\/uploads\/sites\/2\/2023\/12\/SIPA_01137004_000013-690x458.jpg\"\r\n                media=\"(max-width: 989px)\" \/>\r\n                    <source\r\n                srcset=\"https:\/\/legrandcontinent.eu\/es\/wp-content\/uploads\/sites\/2\/2023\/12\/SIPA_01137004_000013-1340x890.jpg\"\r\n                media=\"(min-width: 990px)\" \/>\r\n                <img decoding=\"async\" src=\"https:\/\/legrandcontinent.eu\/es\/wp-content\/uploads\/sites\/2\/2023\/12\/SIPA_01137004_000013-125x83.jpg\" \/>\r\n        <\/picture>\r\n                            \n                    <figcaption class=\"pswp-caption-content \">Harold Vilimisky, jefe de la delegaci\u00f3n del FP\u00d6 en el Parlamento Europeo, en Florencia el 3 de diciembre. \u00a9 Aleandro Biagianti\/FAG\/SIPA<\/figcaption>\n            <\/a>\n<\/figure>\n\n\n<p>Las ausencias se cuentan, y pesan. <a href=\"https:\/\/legrandcontinent.eu\/es\/2023\/11\/26\/10-puntos-y-12-mapas-y-graficos-para-comprender-los-resultados-de-las-elecciones-holandesas\/\">Geert Wilders, que acaba de ganar las elecciones en Holanda con el PVV (Partido por la Libertad) y se est\u00e1 planteando si suceder\u00e1 al primer ministro<\/a>, envi\u00f3 un video. El extremista holand\u00e9s es un habitual de las convenciones soberanistas organizadas por la Liga. En 2016, los eurosoberanistas ya se hab\u00edan reunido en Mil\u00e1n para el encuentro \u00ab\u00a1M\u00e1s libres, m\u00e1s fuertes!\u00bb (acompa\u00f1ado de un subt\u00edtulo de tipo altermundista, casi no globalista: \u00abOtra Europa es posible\u00bb). All\u00ed estaban todos, incluidos los ausentes del domingo. \u00abEstoy feliz de estar en Mil\u00e1n, porque esta es la ciudad donde Oriana Fallaci recibi\u00f3 el m\u00e1ximo honor de la ciudad, el Ambrogino d&#8217;oro, en 2005&nbsp;<span class='whitespace-nowrap'><span id='easy-footnote-1-27138' class='easy-footnote-margin-adjust'><\/span><span class='easy-footnote'><a href='https:\/\/legrandcontinent.eu\/es\/2023\/12\/04\/en-florencia-la-imposible-internacional-soberanista-1\/#easy-footnote-bottom-1-27138' title='Oriana Fallaci (1929-2006) fue una ensayista y periodista italiana. L\u00edder de los maquis durante la Segunda Guerra Mundial y amiga \u00edntima de Pier Paolo Pasolini, fue una de las periodistas italianas m\u00e1s influyentes del segundo siglo XX. El final de su vida estuvo marcado por las pol\u00e9micas extremadamente violentas que provoc\u00f3 con sus ensayos de denuncia del Islam como amenaza cultural y pol\u00edtica para Europa a partir de 2001.'><sup>1<\/sup><\/a><\/span><\/span>. Y se lo merec\u00eda, porque es una de las periodistas m\u00e1s valientes que conozco\u00bb, explic\u00f3 Wilders, a\u00f1adiendo que el libro de la periodista y escritora florentina, <em>La rabbia e l&#8217;orgoglio<\/em> (2001), hab\u00eda sido una inspiraci\u00f3n cuando fund\u00f3 su partido. Comparte la opini\u00f3n de Matteo Salvini sobre el peligro social y cultural del islam radical.<\/p>\n\n\n\n<figure class=\"wp-block-pullquote\"><blockquote><p>Las ausencias se cuentan, y pesan.<\/p><cite>DAVID ALLEGRANTI<\/cite><\/blockquote><\/figure>\n\n\n\n<p>Marine Le Pen tambi\u00e9n envi\u00f3 un video. En septiembre, sin embargo, fue invitada por Salvini a Pontida, y acaba de regresar de Portugal, donde fue a hacer campa\u00f1a por Andr\u00e9 Ventura, el presidente de Chega. Por otra parte, estaba presente el joven Jordan Bardella, nacido en 1995 y presidente de Rassemblement National (\u00abHabla mejor italiano que algunos periodistas italianos\u00bb, dice Salvini). En el video, Marine Le Pen no sigue el esquema antisistema habitual, y habla de que la Uni\u00f3n Europea \u00abact\u00faa en contra\u00bb de sus ciudadanos, de esa Europa \u00abtecnocr\u00e1tica\u00bb que quiere convertirnos a todos en \u00abconsumidores intercambiables\u00bb. \u00abPara la se\u00f1ora Von Der Leyen, la inmigraci\u00f3n no es un problema, sino un proyecto\u00bb, dice Le Pen, antes de concluir con una cita de autoridad: \u00abMaquiavelo nos advirti\u00f3 que la fuerza de los tiranos era la inercia del pueblo\u00bb. Estamos en Florencia, y casi todos los l\u00edderes soberanistas sienten la necesidad, al comienzo de sus discursos, de hablar de la capital toscana, de Maquiavelo, de Dante, pero tambi\u00e9n del Renacimiento y de la cuna de Europa -tambi\u00e9n dan las gracias a \u00abil Capitano\u00bb, es decir, a Salvini-. El s\u00e1bado, v\u00edspera del acto, las delegaciones visitaron la Galer\u00eda Uffizi, y a continuaci\u00f3n cenaron en el Hotel Baglioni (un hotel florentino de cuatro estrellas).&nbsp;<\/p>\n\n\n\n<p>El director de la Galer\u00eda Uffizi, Eike Schmidt, posible candidato por la derecha y el centro en las elecciones florentinas de 2024 (acaba de obtener la nacionalidad italiana), salud\u00f3 a Matteo Salvini, pero no particip\u00f3 en la visita nocturna al museo con las delegaciones de la ID, ya que estaba ocupado con un acto sobre la m\u00fasica sacra en el Renacimiento con donantes internacionales. Fue una visita de paga, \u00aby muy cara\u00bb, dice la eurodiputada de la Lega Susanna Ceccardi, que hizo de gu\u00eda tur\u00edstica con otros colegas mientras se recuperaba de una fuerte gripe. La visita fue criticada por Dario Nardella (PD), alcalde de Florencia desde hace dos legislaturas y posible candidato a las elecciones europeas, que llam\u00f3 a los ciudadanos a manifestarse. Dando la bienvenida a los soberanistas, el alcalde dijo sin rodeos: \u00abUna vez m\u00e1s, la Galer\u00eda Uffizi, que es un s\u00edmbolo de cultura, apertura, internacionalidad y universalidad, es explotada para el marketing pol\u00edtico. Yo nunca utilizar\u00eda la Galer\u00eda Uffizi para hacer pol\u00edtica, pero por desgracia algunos lo hacen, y esto perjudica a la ciudad\u00bb. Sin embargo, en la Galer\u00eda se afirma que la visita hab\u00eda sido \u00absolicitada y pagada con normalidad, como es habitual en los frecuentes casos de visitas cuando el museo est\u00e1 cerrado\u00bb. Schmidt, sin embargo, siempre ha abierto su museo a todo el mundo: ministros, presidentes y embajadores. En 2021, Edi Rama, el primer ministro alban\u00e9s, fue con Nardella. Por su parte, Susanna Ceccardi (eurodiputada de la Liga) record\u00f3 que en Lisboa la exposici\u00f3n se organiz\u00f3 sin que nadie dijera nada, y que en Par\u00eds visitaron el museo Rodin. En las gradas de la Fortaleza Basso, que sol\u00edan acoger la Jornada Nacional del Partido Democr\u00e1tico (cuando militaban Massimo D&#8217;Alema y Walter Veltroni), se sentaron los principales dirigentes nacionales y provinciales de la Liga: Lorenzo Fontana, presidente de la C\u00e1mara de Diputados; Attilio Fontana, presidente de la Regi\u00f3n de Lombard\u00eda; Massimiliano Fedriga, presidente de la Regi\u00f3n de Friul-Venecia Julia; Luca Zaia, presidente de la Regi\u00f3n de V\u00e9neto. Tambi\u00e9n acudieron activistas de toda Italia.&nbsp;<\/p>\n\n\n\n<p>\u00abSomos gente normal\u00bb, dijo el estonio Martin Helme, l\u00edder del conservador Partido Popular. \u00abLa Uni\u00f3n Europea es una amenaza para Europa\u00bb, dijo el b\u00falgaro Kostadin Kostadinov, l\u00edder de Rinascita, un partido prorruso, <a href=\"https:\/\/legrandcontinent.eu\/es\/2023\/09\/15\/giorgia-meloni-en-la-cumbre-de-la-demografia-de-viktor-orban-hacer-europa-a-traves-de-la-familia\/\">refiri\u00e9ndose a la crisis demogr\u00e1fica<\/a>: \u00abNo hay ning\u00fan Estado europeo que no se vea afectado por este problema\u00bb. A continuaci\u00f3n intervino el rumano George Simion, l\u00edder del AUR, que hab\u00eda anunciado su adhesi\u00f3n al grupo de los Conservadores y Reformistas Europeos. Pronunci\u00f3 su discurso en italiano, dando tambi\u00e9n las gracias a \u00abil Capitano\u00bb y declarando que quer\u00eda defender \u00aba Dios, la patria y la familia\u00bb, as\u00ed como la libertad. Cit\u00f3 la Divina Comedia de Dante, \u00abuna alegor\u00eda llena de preciosas lecciones\u00bb: \u00abEuropa es un infierno. Un infierno porque tenemos migrantes irregulares, un infierno porque vivimos la desindustrializaci\u00f3n, un infierno porque nos enfrentamos a la destrucci\u00f3n de la identidad nacional, un infierno porque vivimos el declive del cristianismo\u00bb. Anna Maria Cisint, alcaldesa de Monfalcone, que acaba de cerrar dos mezquitas, explica por qu\u00e9 \u00abel islamismo fundamentalista es un peligro para nuestras ciudades y nuestra historia\u00bb. El p\u00fablico aplaude.&nbsp;<\/p>\n\n\n\n\n\n<figure class=\"wp-block-image wp-block-image-large\"\n    data-shadow=\"false\"\n    data-use-original-file=\"false\">\n    <a\n        data-pswp-src=\"https:\/\/legrandcontinent.eu\/es\/wp-content\/uploads\/sites\/2\/2023\/12\/SIPA_01137004_000004-scaled.jpg\"\n        class=\"inline-block gallery-item no-underline \"\n        data-pswp-width=\"2560\"\n        data-pswp-height=\"1701\">\n                                        <picture>\r\n                    <source\r\n                srcset=\"https:\/\/legrandcontinent.eu\/es\/wp-content\/uploads\/sites\/2\/2023\/12\/SIPA_01137004_000004-330x219.jpg\"\r\n                media=\"(max-width: 374px)\" \/>\r\n                    <source\r\n                srcset=\"https:\/\/legrandcontinent.eu\/es\/wp-content\/uploads\/sites\/2\/2023\/12\/SIPA_01137004_000004-690x458.jpg\"\r\n                media=\"(max-width: 989px)\" \/>\r\n                    <source\r\n                srcset=\"https:\/\/legrandcontinent.eu\/es\/wp-content\/uploads\/sites\/2\/2023\/12\/SIPA_01137004_000004-1340x890.jpg\"\r\n                media=\"(min-width: 990px)\" \/>\r\n                <img decoding=\"async\" src=\"https:\/\/legrandcontinent.eu\/es\/wp-content\/uploads\/sites\/2\/2023\/12\/SIPA_01137004_000004-125x83.jpg\" \/>\r\n        <\/picture>\r\n                            \n                    <figcaption class=\"pswp-caption-content \">La influencer conservadora Ashley St Clair en Florencia el 3 de diciembre. \u00a9 Aleandro Biagianti\/FAGS\/SIPA<\/figcaption>\n            <\/a>\n<\/figure>\n\n\n<p>A estas alturas del d\u00eda, llam\u00e9 a Marco Tarchi, profesor de la Universidad de Florencia, polit\u00f3logo y uno de los mayores expertos europeos en populismo&nbsp;<span class='whitespace-nowrap'><span id='easy-footnote-2-27138' class='easy-footnote-margin-adjust'><\/span><span class='easy-footnote'><a href='https:\/\/legrandcontinent.eu\/es\/2023\/12\/04\/en-florencia-la-imposible-internacional-soberanista-1\/#easy-footnote-bottom-2-27138' title='Mario Tarchi es un acad\u00e9mico y polit\u00f3logo italiano. Es conocido sobre todo como observador de las derechas italianas. Pol\u00edticamente, fue uno de los l\u00edderes de la Nueva Derecha italiana, pr\u00f3xima al GRECE y al Movimiento Social Italiano.'><sup>2<\/sup><\/a><\/span><\/span>, para saber c\u00f3mo se pod\u00eda interpretar la asamblea de Salvini, y su sensaci\u00f3n fue que esta asamblea era sobre todo un desaf\u00edo a Giorgia Meloni y al CRE -con vistas a las elecciones europeas, pero no solo-: \u00abEntre los conservadores del CRE, al que pertenece Meloni, y los nacional-populistas de Identidad y Democracia, hay una competencia evidente. En el pasado reciente, ha habido varios golpes, con partidos hist\u00f3ricamente vinculados a Rassemblement National que se unieron al CRE, en el contexto de la guerra de Ucrania. <a href=\"https:\/\/legrandcontinent.eu\/es\/2023\/07\/10\/hegemonia-que-derecha-gobernara-europa\/\">El proyecto de Meloni de disponer de una base suficiente en 2024 para hacer surgir una Comisi\u00f3n de centro-derecha en el Parlamento de Estrasburgo<\/a>, imponiendo una alianza con el Partido Popular Europeo, se vio seriamente cuestionado por la derrota del PiS en Polonia, y sigue chocando con los vetos de numerosos partidos pertenecientes al PPE. En esta situaci\u00f3n de bloqueo, un \u00e9xito populista en las elecciones europeas -bastante probable a la vista de la victoria del PVV en Holanda y de los sondeos favorables al Rassemblement National y a la AfD- podr\u00eda darles un renovado impulso militante y poner en dificultades a Meloni en su propio campo al favorecer reflexivamente a Matteo Salvini\u00bb.<\/p>\n\n\n\n<p>Ese mitin tampoco carece de dimensi\u00f3n local. Quiz\u00e1 no sea casualidad que se celebre en la capital toscana. Para los populistas, \u00bfse trata de ampliar su base electoral, ganando no s\u00f3lo en las zonas rurales, sino tambi\u00e9n en las ciudades? Desde este punto de vista, \u00bfqu\u00e9 significar\u00eda para la derecha una victoria en Florencia? Para Mario Tarchi: \u00abAqu\u00ed es m\u00e1s dif\u00edcil entender los objetivos, porque si entendemos el mitin de Florencia como una especie de desaf\u00edo de la Liga a los Fratelli d&#8217;Italia, es dif\u00edcil ver c\u00f3mo podr\u00eda formar parte de una estrategia unitaria de la derecha con vistas a las elecciones locales. Tampoco creo que reunir en Florencia a algunos de los l\u00edderes nacional-populistas europeos tenga el m\u00e1s m\u00ednimo impacto en la opini\u00f3n p\u00fablica de la ciudad. Al contrario, puede galvanizar a los militantes de la Liga para las pr\u00f3ximas elecciones. Se trata de una iniciativa casi exclusivamente simb\u00f3lica. Por supuesto, si la izquierda perdiera Florencia -lo que parece improbable en este momento- el efecto ser\u00eda catastr\u00f3fico y allanar\u00eda el camino para una derrota regional\u00bb.<\/p>\n\n\n\n<figure class=\"wp-block-pullquote\"><blockquote><p>Para los populistas, \u00bfse trata de ampliar su base electoral, ganando no s\u00f3lo en las zonas rurales, sino tambi\u00e9n en las ciudades?<\/p><cite>DAVID ALLEGRANTI<\/cite><\/blockquote><\/figure>\n\n\n\n<p>Esta respuesta plantea otras preguntas. \u00bfCu\u00e1l es el estado actual del soberanismo? \u00bfC\u00f3mo se presenta en las elecciones europeas? \u00bfSe puede hablar de una internacional soberanista? \u00abDe hecho, no. Esto se puede ver en la dispersi\u00f3n de partidos que los observadores superficiales suelen agrupar en la misma categor\u00eda en dos grupos, si no tres (porque hay que tener en cuenta al Fidesz de Orb\u00e1n, y tambi\u00e9n a algunas formaciones menores que no se sientan ni con el CRE ni con ID) en el Parlamento Europeo. Los conservadores suelen ser soberanistas sin ser populistas. Lo contrario es m\u00e1s raro, pero no imposible. Y, en cualquier caso, es muy dif\u00edcil coordinar fuerzas, porque cada una de estas formaciones se preocupa casi exclusivamente de su propio pueblo y de los intereses de su propia naci\u00f3n, que a menudo no coinciden con los de los otros partidos. Las posturas enfrentadas sobre la reubicaci\u00f3n de inmigrantes entre los pa\u00edses del grupo Visegr\u00e1d y sus hipot\u00e9ticos hermanos del sur y oeste de Europa son s\u00f3lo un ejemplo de esta dif\u00edcil compatibilidad. Una aut\u00e9ntica internacional de soberanistas y\/o populistas es una contradicci\u00f3n l\u00f3gica\u00bb.&nbsp;<\/p>\n\n\n\n\n\n<figure class=\"wp-block-image wp-block-image-large\"\n    data-shadow=\"false\"\n    data-use-original-file=\"false\">\n    <a\n        data-pswp-src=\"https:\/\/legrandcontinent.eu\/es\/wp-content\/uploads\/sites\/2\/2023\/12\/SIPA_01137004_000010-scaled.jpg\"\n        class=\"inline-block gallery-item no-underline \"\n        data-pswp-width=\"2560\"\n        data-pswp-height=\"1701\">\n                                        <picture>\r\n                    <source\r\n                srcset=\"https:\/\/legrandcontinent.eu\/es\/wp-content\/uploads\/sites\/2\/2023\/12\/SIPA_01137004_000010-330x219.jpg\"\r\n                media=\"(max-width: 374px)\" \/>\r\n                    <source\r\n                srcset=\"https:\/\/legrandcontinent.eu\/es\/wp-content\/uploads\/sites\/2\/2023\/12\/SIPA_01137004_000010-690x458.jpg\"\r\n                media=\"(max-width: 989px)\" \/>\r\n                    <source\r\n                srcset=\"https:\/\/legrandcontinent.eu\/es\/wp-content\/uploads\/sites\/2\/2023\/12\/SIPA_01137004_000010-1340x890.jpg\"\r\n                media=\"(min-width: 990px)\" \/>\r\n                <img decoding=\"async\" src=\"https:\/\/legrandcontinent.eu\/es\/wp-content\/uploads\/sites\/2\/2023\/12\/SIPA_01137004_000010-125x83.jpg\" \/>\r\n        <\/picture>\r\n                            \n                    <figcaption class=\"pswp-caption-content \">Jordan Bardella, Presidente de Reagrupaci\u00f3n Nacional, en Florencia el 3 de diciembre. \u00a9 Aleandro Biagianti\/FAG\/SIPA<\/figcaption>\n            <\/a>\n<\/figure>\n\n\n<p>Pero, \u00bfqu\u00e9 papel podr\u00eda jugar Salvini en esta recomposici\u00f3n? El momento 2018-2019 ha pasado, al menos para la Liga. \u00abSi nos limitamos al frente nacional-populista, no hay duda de que el cetro est\u00e1 ahora firmemente en manos de Marine Le Pen y su delf\u00edn efectivo, Jordan Bardella. En este contexto, Salvini s\u00f3lo puede sobrevivir jugando la carta de las buenas relaciones personales con los dirigentes de Rassemblement National. Sin embargo, hay que tener en cuenta que estos l\u00edderes no despiertan el mismo entusiasmo entre los dirigentes legistas como Giorgetti y Zaia, que tambi\u00e9n esperan una apertura hacia el centro-derecha europeo, dif\u00edcil de conseguir en la actualidad\u201d.&nbsp;<\/p>\n\n\n\n<p>En cualquier caso, la sensaci\u00f3n generalizada hoy es que la derecha est\u00e1 dando respuestas a preguntas y problemas que existen pero que la izquierda no quiere ver. \u00bfEs \u00e9sta una clave para entender el \u00e9xito de Geert Wilders en Holanda? \u00abCiertamente. Y la lista de estas cuestiones ser\u00eda larga: no se trata s\u00f3lo de la inmigraci\u00f3n, la seguridad o la impaciencia ante las invasiones de la Uni\u00f3n Europea. Tambi\u00e9n est\u00e1n las cuestiones vinculadas al llamado \u00abgiro ecol\u00f3gico\u00bb del campo progresista, que corre el riesgo de pagar un alto precio por las capas sociales menos favorecidas de la sociedad, antes reservorios de votos para socialistas y comunistas. La desindustrializaci\u00f3n provocada por los avances tecnol\u00f3gicos en curso es motivo de preocupaci\u00f3n. Hay muchas otras cuestiones a las que la izquierda, encerrada en \u00abcuestiones \u00e9ticas\u00bb que s\u00f3lo conciernen a las minor\u00edas de clase media-alta, parece sorda\u00bb. Con esto, es hora de colgar el tel\u00e9fono y dejar que Marco Tarchi vuelva a la Convenci\u00f3n.&nbsp;<\/p>\n\n\n\n<figure class=\"wp-block-pullquote\"><blockquote><p>\u00bfPodemos hablar de una internacional soberanista?&nbsp;<\/p><cite>DAVID ALLEGRANTI<\/cite><\/blockquote><\/figure>\n\n\n\n<p>Ya era hora. Matteo Salvini est\u00e1 a punto de hablar. Identidad y Democracia \u00abno es un cuartel\u00bb, explica en un discurso en el que arremete contra el habitual personaje de los populistas europeos, George Soros, al que compara con un colosal Goliat (mientras que \u00e9l y sus socios soberanistas ser\u00edan el David moderno, peque\u00f1o pero combativo). Vestido con una chaqueta oscura y un cuello alto, explica que las partes reunidas en el escenario y entre el p\u00fablico tienen culturas e historias diferentes. Uno se siente tentado de a\u00f1adir que tambi\u00e9n hay contradicciones considerables. Y tambi\u00e9n expectativas diferentes en la medida en que estos partidos se encuentran en momentos muy distintos. La Liga es un partido de gobierno, cosa que los otros no son: Marine Le Pen aspira a convertirse en presidenta de la Rep\u00fablica Francesa; Wilders intenta ser primer ministro de los Pa\u00edses Bajos; <a href=\"https:\/\/legrandcontinent.eu\/es\/2023\/11\/08\/dimision-de-antonio-costa-portugal-entra-en-el-interregno\/\">Andr\u00e9 Ventura -que tambi\u00e9n envi\u00f3 un video- podr\u00eda ganar las elecciones portuguesas de marzo de 2024<\/a>. Cada uno tiene sus particularidades que defender, sus intereses y prerrogativas que proteger. <a href=\"https:\/\/legrandcontinent.eu\/es\/2023\/05\/30\/la-nueva-cara-de-las-derechas-en-europa-y-el-conservadurismo-del-futuro\/\">La internacional soberanista avanza desordenadamente, a diferencia del Partido Popular Europeo, que en los \u00faltimos a\u00f1os ha centralizado sus recursos, no s\u00f3lo pol\u00edticos, tratando de mantener cierta homogeneidad en sus pol\u00edticas<\/a>. Su objetivo es no perder el control del Parlamento Europeo. Pero, \u00bfqui\u00e9n sabe? Quiz\u00e1s no volvamos a la \u00abmayor\u00eda de \u00darsula\u00bb que ya gobierna la Uni\u00f3n.&nbsp;<\/p>\n\n\n\n<p>Escuchando a los distintos l\u00edderes y el discurso de Salvini, surge una pregunta: \u00bfa qui\u00e9n beneficia este acontecimiento? La jornada en Florencia sirvi\u00f3 de poco a los l\u00edderes soberanistas, aunque pudieron hacer un recorrido por una de las capitales mundiales del arte. Es m\u00e1s, los que ten\u00edan mejores cosas que hacer no acudieron al \u00absitio negro\u00bb, donde, seg\u00fan la prensa italiana, se est\u00e1 forjando el futuro populista y ultraderechista del continente. Salvini, por su parte, prefiere hablar de \u00abola azul\u00bb, un color con menos connotaciones pol\u00edticas. B\u00e1sicamente, la iniciativa estaba pensada para servir a la agenda de Salvini. De momento, Salvini no quiere molestar demasiado a Meloni, aunque deja abierta la posibilidad de tomar medidas m\u00e1s decisivas m\u00e1s adelante. Es cierto que en estos momentos es el l\u00edder de la Liga quien est\u00e1 en apuros. Tras dos a\u00f1os estelares en 2018 -17.4% de los votos en las elecciones nacionales- y 2019 -34.3% de los votos en las europeas-, Salvini naufrag\u00f3 en la playa de Papeete, donde, en agosto de 2019, hizo la arriesgada apuesta de provocar una crisis de gobierno con el objetivo de convocar nuevas elecciones, que finalmente no se celebraron, marcando el inicio de un prolongado declive en intenci\u00f3n de voto. Por tanto, es natural que compita -tanto pol\u00edtica como culturalmente- con Giorgia Meloni. El l\u00edder de la Liga y la presidenta del Consejo discuten de todo, desde la gesti\u00f3n de los inmigrantes hasta las alianzas europeas. Pero mientras Meloni reivindica un conservadurismo institucionalizado, Salvini no est\u00e1 dispuesto a abandonar los v\u00ednculos \u00edntimos que mantiene con la extrema derecha europea: no deja de repetir que \u00abprefiere la seriedad de Le Pen a las pol\u00edticas de Macron y de los socialistas europeos\u00bb.&nbsp;<\/p>\n\n\n\n\n\n<figure class=\"wp-block-image wp-block-image-large\"\n    data-shadow=\"false\"\n    data-use-original-file=\"false\">\n    <a\n        data-pswp-src=\"https:\/\/legrandcontinent.eu\/es\/wp-content\/uploads\/sites\/2\/2023\/12\/SIPA_01137004_000007-scaled.jpg\"\n        class=\"inline-block gallery-item no-underline \"\n        data-pswp-width=\"2560\"\n        data-pswp-height=\"1701\">\n                                        <picture>\r\n                    <source\r\n                srcset=\"https:\/\/legrandcontinent.eu\/es\/wp-content\/uploads\/sites\/2\/2023\/12\/SIPA_01137004_000007-330x219.jpg\"\r\n                media=\"(max-width: 374px)\" \/>\r\n                    <source\r\n                srcset=\"https:\/\/legrandcontinent.eu\/es\/wp-content\/uploads\/sites\/2\/2023\/12\/SIPA_01137004_000007-690x458.jpg\"\r\n                media=\"(max-width: 989px)\" \/>\r\n                    <source\r\n                srcset=\"https:\/\/legrandcontinent.eu\/es\/wp-content\/uploads\/sites\/2\/2023\/12\/SIPA_01137004_000007-1340x890.jpg\"\r\n                media=\"(min-width: 990px)\" \/>\r\n                <img decoding=\"async\" src=\"https:\/\/legrandcontinent.eu\/es\/wp-content\/uploads\/sites\/2\/2023\/12\/SIPA_01137004_000007-125x83.jpg\" \/>\r\n        <\/picture>\r\n                            \n                    <figcaption class=\"pswp-caption-content \">Tino Chrupalla, portavoz de AfD, en Florencia el 3 de diciembre. \u00a9 Aleandro Biagianti\/FAG\/SIPA<\/figcaption>\n            <\/a>\n<\/figure>\n\n\n<p>Muy representativo del estado de las relaciones entre el presidente del Consejo y el l\u00edder de la Liga ha sido, en los \u00faltimos meses, el caso del general Roberto Vannacci, que acaba de ser nombrado jefe del Estado Mayor de las fuerzas de operaciones terrestres del ej\u00e9rcito. Matteo Salvini defendi\u00f3 p\u00fablicamente al controvertido general, <a href=\"https:\/\/legrandcontinent.eu\/es\/2023\/08\/29\/el-caso-vannacci-el-bestseller-homofobo-y-racista-que-divide-la-italia-meloniana\/\">autor de un bestseller que vendi\u00f3 cien mil ejemplares en septiembre<\/a>, invit\u00e1ndolo a presentarse con la Liga a las elecciones europeas. Durante un tiempo, Vannacci se convirti\u00f3 en una de las herramientas de la Liga para desbaratar a los Fratelli d&#8217;Italia. No es el \u00fanico, como demuestra la convenci\u00f3n florentina, y seguramente habr\u00e1 otros. Meloni sigue rodeada: por un lado, est\u00e1 Salvini, pero por otro, la presi\u00f3n de la derecha de Fratelli d&#8217;Italia. La revoluci\u00f3n conservadora que algunos esperaban no se ha producido (de hecho, para algunos en la derecha, la acusaci\u00f3n de traici\u00f3n lleva rondando desde el giro de Fiuggi&nbsp;<span class='whitespace-nowrap'><span id='easy-footnote-3-27138' class='easy-footnote-margin-adjust'><\/span><span class='easy-footnote'><a href='https:\/\/legrandcontinent.eu\/es\/2023\/12\/04\/en-florencia-la-imposible-internacional-soberanista-1\/#easy-footnote-bottom-3-27138' title='El giro de Fiuggi (Svolta di Fiuggi) es la expresi\u00f3n generalmente utilizada para describir la decisi\u00f3n del Movimento Sociale Italiano &amp;#8211; Destra Nazionale (Movimiento Social Italiano-Derecha Nacional) de abandonar las referencias ideol\u00f3gicas al fascismo para transformarse en una fuerza de gobierno. Esta transformaci\u00f3n, llevada a cabo por el secretario del partido Gianfranco Fini, condujo a la disoluci\u00f3n del antiguo partido y al nacimiento de Alleanza Nazionale en Fiuggi a principios de 1995.'><sup>3<\/sup><\/a><\/span><\/span>). \u00abHay un ambiente de desilusi\u00f3n que se respira en todas aquellas personas que esperaban un cambio respecto al pasado y por eso votaron por Giorgia Meloni\u00bb, dec\u00eda recientemente el exalcalde de Roma, Gianni Alemanno, en una entrevista a <em>La Repubblica<\/em>: \u00abEn la derecha hay una divisi\u00f3n, hasta el punto de que nos hemos posicionado, como Forum dell&#8217;indipendenza italiana, en contra de muchas de las opciones pol\u00edticas del gobierno que estaban en l\u00ednea con la agenda de Draghi\u00bb.<\/p>\n\n\n\n<figure class=\"wp-block-pullquote\"><blockquote><p>Escuchando a los distintos l\u00edderes y el discurso de Salvini, surge una pregunta: \u00bfa qui\u00e9n beneficia este acontecimiento? &nbsp;<\/p><cite>DAVID ALLEGRANTI<\/cite><\/blockquote><\/figure>\n\n\n\n<p>El presidente del Consejo ha elegido un determinado camino: una postura atlantista, el apoyo a Ucrania y las alianzas conservadoras en Europa. En consecuencia, Salvini busca claramente rebasarla por la derecha. Con el mitin de la fortaleza de Basso, ha comenzado la campa\u00f1a electoral de Salvini para las elecciones europeas, as\u00ed como una operaci\u00f3n a largo plazo para debilitar el liderazgo de Meloni. Lo mismo ocurre en el frente m\u00e1s local. El a\u00f1o que viene no s\u00f3lo habr\u00e1 elecciones europeas, sino tambi\u00e9n locales en Italia. Entre las ciudades llamadas a las urnas estar\u00e1 Florencia, considerada un objetivo estrat\u00e9gico no s\u00f3lo por el PD, que a\u00fan gobierna en la Toscana -una regi\u00f3n hist\u00f3ricamente roja-, sino tambi\u00e9n por el centro-derecha. El candidato podr\u00eda ser Schmidt, director de la Galer\u00eda Uffizi, que acaba de obtener la nacionalidad italiana. Miembro de la sociedad civil, contar\u00eda no obstante con el apoyo de Fratelli d&#8217;Italia. Las elecciones florentinas de 2024, en una regi\u00f3n donde la derecha gobierna con firmeza casi todas las ciudades (de Pisa a Siena, territorios anta\u00f1o progresistas), ser\u00e1n un punto de inflexi\u00f3n. Ganar en Florencia en 2024 abrir\u00eda un camino claro hacia la victoria en las elecciones regionales de 2025. El candidato que se presente contra Eugenio Giani, presidente saliente de la regi\u00f3n (PD), podr\u00eda ser el alcalde de Pistoia, Alessandro Tomasi (tambi\u00e9n miembro de Fratelli d&#8217;Italia). Por eso Matteo Salvini no quiere que lo tomen desprevenido, aunque el electorado de derecha ya pas\u00f3 de la Liga a Fratelli d&#8217;Italia, incluso en la periferia toscana, parafraseando a Christophe Guilluy.<\/p>\n\n\n\n<p>El PD es consciente de lo que se juega, como demuestra cierto nerviosismo entre los dirigentes florentinos del partido, que se reunir\u00e1n ma\u00f1ana, lunes 4 de diciembre, en un club hist\u00f3rico, la \u00abcasa del popolo\u00bb de San Bartolo a Cintoia, para decidir una candidatura a la alcald\u00eda de Florencia. Emiliano Fossi, diputado del PD y secretario regional para la Toscana, escribi\u00f3 en <em>Quale Pd<\/em> (Laterza): \u00abSe ha bromeado mucho con la idea de que la Toscana es disputable, pero creo que es una visi\u00f3n demasiado optimista. La Toscana es disputada y, en gran medida, ya ha sido conquistada. Durante al menos los \u00faltimos 12 a\u00f1os, ha habido signos de una erosi\u00f3n gradual del consenso a favor del centro-izquierda y del PD. En cada elecci\u00f3n, hemos perdido partes significativas de nuestra regi\u00f3n. Si seguimos dici\u00e9ndonos a nosotros mismos que somos un partido fuerte, corremos el riesgo de enga\u00f1arnos, cuando el mundo est\u00e1 cambiando y no nos damos cuenta. Y, por mi parte, recuerdo esta sabidur\u00eda de mi regi\u00f3n: es mejor temer un peligro que vivirlo. Este proceso hist\u00f3rico est\u00e1 en marcha y no se detendr\u00e1 por s\u00ed solo. Me preocupan las futuras elecciones, como las regionales de 2025. Sabemos que, si perdemos la Toscana, el PD est\u00e1 acabado. Y no hablo s\u00f3lo del PD toscano, sino del PD nacional\u00bb.&nbsp;<\/p>\n\n\n\n<p>La derecha es consciente de ello y ve una posibilidad real de victoria. Como explicaba recientemente Ian Buruma en una entrevista a <em>La Stampa<\/em>: \u00abA los votantes no les interesa lo que ocurre fuera de sus fronteras nacionales, no piensan en las repercusiones en Ucrania o en cuestiones europeas. Para ellos, lo que cuenta son las cuestiones internas, el empleo, la seguridad y la econom\u00eda. Y el mensaje que env\u00edan es muy claro: d\u00e9jennos en paz, no se metan en asuntos internacionales. Es la venganza de las provincias contra las \u00e9lites liberales de las ciudades. Lo que ha pasado en Holanda no es diferente de lo que ha pasado en Estados Unidos. Y veo un s\u00edntoma similar en la galaxia que apoy\u00f3 a Meloni\u00bb. Es un fen\u00f3meno que atraviesa territorios, desde la Toscana hasta Europa y m\u00e1s all\u00e1.<\/p>\n","protected":false},"excerpt":{"rendered":"<p>Ayer, Matteo Salvini quiso reunir a sus aliados en Florencia. Esta gran reuni\u00f3n de partidos soberanistas y populistas europeos pretend\u00eda ser una demostraci\u00f3n de fuerza, a seis meses de las elecciones europeas. Pero el efecto fue ambivalente, hasta el punto de que cabe preguntarse a qui\u00e9n benefici\u00f3 realmente esta reuni\u00f3n. David Allegranti analiza todas las escalas -local, nacional y europeo- y nos da las claves de este \u00faltimo episodio del proceso de recomposici\u00f3n de las derechas europeas.<\/p>\n","protected":false},"author":1366,"featured_media":27139,"comment_status":"closed","ping_status":"closed","sticky":false,"template":"templates\/post-angles.php","format":"standard","meta":{"_acf_changed":false,"_trash_the_other_posts":false,"_yoast_wpseo_estimated-reading-time-minutes":20,"footnotes":""},"categories":[6],"tags":[],"staff":[308],"editorial_format":[],"serie":[],"audience":[],"geo":[177],"class_list":["post-27138","post","type-post","status-publish","format-standard","hentry","category-politica","staff-david-allegranti","geo-europa"],"acf":{"open_in_webview":false,"accent":false},"yoast_head":"<!-- This site is optimized with the Yoast SEO plugin v26.1.1 - https:\/\/yoast.com\/wordpress\/plugins\/seo\/ -->\n<title>En Florencia: la imposible internacional soberanista - El Grand Continent<\/title>\n<meta name=\"robots\" content=\"index, follow, max-snippet:-1, max-image-preview:large, max-video-preview:-1\" \/>\n<link rel=\"canonical\" href=\"https:\/\/legrandcontinent.eu\/es\/2023\/12\/04\/en-florencia-la-imposible-internacional-soberanista-1\/\" \/>\n<meta property=\"og:locale\" content=\"es_ES\" \/>\n<meta property=\"og:type\" content=\"article\" \/>\n<meta property=\"og:title\" content=\"En Florencia: la imposible internacional soberanista - El Grand Continent\" \/>\n<meta property=\"og:description\" content=\"Ayer, Matteo Salvini quiso reunir a sus aliados en Florencia. Esta gran reuni\u00f3n de partidos soberanistas y populistas europeos pretend\u00eda ser una demostraci\u00f3n de fuerza, a seis meses de las elecciones europeas. Pero el efecto fue ambivalente, hasta el punto de que cabe preguntarse a qui\u00e9n benefici\u00f3 realmente esta reuni\u00f3n. David Allegranti analiza todas las escalas -local, nacional y europeo- y nos da las claves de este \u00faltimo episodio del proceso de recomposici\u00f3n de las derechas europeas.\" \/>\n<meta property=\"og:url\" content=\"https:\/\/legrandcontinent.eu\/es\/2023\/12\/04\/en-florencia-la-imposible-internacional-soberanista-1\/\" \/>\n<meta property=\"og:site_name\" content=\"El Grand Continent\" \/>\n<meta property=\"article:published_time\" content=\"2023-12-04T12:00:00+00:00\" \/>\n<meta property=\"article:modified_time\" content=\"2023-12-05T09:21:32+00:00\" \/>\n<meta property=\"og:image\" content=\"https:\/\/legrandcontinent.eu\/es\/wp-content\/uploads\/sites\/6\/2023\/12\/gc-elsalvini-scaled.jpg\" \/>\n\t<meta property=\"og:image:width\" content=\"2560\" \/>\n\t<meta property=\"og:image:height\" content=\"1440\" \/>\n\t<meta property=\"og:image:type\" content=\"image\/jpeg\" \/>\n<meta name=\"author\" content=\"florent\" \/>\n<meta name=\"twitter:card\" content=\"summary_large_image\" \/>\n<meta name=\"twitter:image\" content=\"https:\/\/legrandcontinent.eu\/es\/wp-content\/uploads\/sites\/6\/2023\/12\/gc-elsalvini-scaled.jpg\" \/>\n<meta name=\"twitter:label1\" content=\"Escrito por\" \/>\n\t<meta name=\"twitter:data1\" content=\"florent\" \/>\n\t<meta name=\"twitter:label2\" content=\"Tiempo de lectura\" \/>\n\t<meta name=\"twitter:data2\" content=\"20 minutos\" \/>\n<script type=\"application\/ld+json\" class=\"yoast-schema-graph\">{\"@context\":\"https:\/\/schema.org\",\"@graph\":[{\"@type\":\"WebPage\",\"@id\":\"https:\/\/legrandcontinent.eu\/es\/2023\/12\/04\/en-florencia-la-imposible-internacional-soberanista-1\/\",\"url\":\"https:\/\/legrandcontinent.eu\/es\/2023\/12\/04\/en-florencia-la-imposible-internacional-soberanista-1\/\",\"name\":\"En Florencia: la imposible internacional soberanista - El Grand Continent\",\"isPartOf\":{\"@id\":\"https:\/\/legrandcontinent.eu\/es\/#website\"},\"primaryImageOfPage\":{\"@id\":\"https:\/\/legrandcontinent.eu\/es\/2023\/12\/04\/en-florencia-la-imposible-internacional-soberanista-1\/#primaryimage\"},\"image\":{\"@id\":\"https:\/\/legrandcontinent.eu\/es\/2023\/12\/04\/en-florencia-la-imposible-internacional-soberanista-1\/#primaryimage\"},\"thumbnailUrl\":\"https:\/\/legrandcontinent.eu\/es\/wp-content\/uploads\/sites\/6\/2023\/12\/SIPA_01137004_000015-scaled-1.jpg\",\"datePublished\":\"2023-12-04T12:00:00+00:00\",\"dateModified\":\"2023-12-05T09:21:32+00:00\",\"author\":{\"@id\":\"https:\/\/legrandcontinent.eu\/es\/#\/schema\/person\/cdd782c93d4a9eda86ab19a8c01cdf5c\"},\"breadcrumb\":{\"@id\":\"https:\/\/legrandcontinent.eu\/es\/2023\/12\/04\/en-florencia-la-imposible-internacional-soberanista-1\/#breadcrumb\"},\"inLanguage\":\"es\",\"potentialAction\":[{\"@type\":\"ReadAction\",\"target\":[\"https:\/\/legrandcontinent.eu\/es\/2023\/12\/04\/en-florencia-la-imposible-internacional-soberanista-1\/\"]}]},{\"@type\":\"ImageObject\",\"inLanguage\":\"es\",\"@id\":\"https:\/\/legrandcontinent.eu\/es\/2023\/12\/04\/en-florencia-la-imposible-internacional-soberanista-1\/#primaryimage\",\"url\":\"https:\/\/legrandcontinent.eu\/es\/wp-content\/uploads\/sites\/6\/2023\/12\/SIPA_01137004_000015-scaled-1.jpg\",\"contentUrl\":\"https:\/\/legrandcontinent.eu\/es\/wp-content\/uploads\/sites\/6\/2023\/12\/SIPA_01137004_000015-scaled-1.jpg\",\"width\":2560,\"height\":1701,\"caption\":\"Matteo Salvini, organizador de la gran manifestaci\u00f3n eurosouverainista del 3 de diciembre de 2023 en Florencia. \u00a9 Aleandro Biagianti\/AGF\/SIPA\"},{\"@type\":\"BreadcrumbList\",\"@id\":\"https:\/\/legrandcontinent.eu\/es\/2023\/12\/04\/en-florencia-la-imposible-internacional-soberanista-1\/#breadcrumb\",\"itemListElement\":[{\"@type\":\"ListItem\",\"position\":1,\"name\":\"Home\",\"item\":\"https:\/\/legrandcontinent.eu\/es\/\"},{\"@type\":\"ListItem\",\"position\":2,\"name\":\"En Florencia: la imposible internacional soberanista\"}]},{\"@type\":\"WebSite\",\"@id\":\"https:\/\/legrandcontinent.eu\/es\/#website\",\"url\":\"https:\/\/legrandcontinent.eu\/es\/\",\"name\":\"El Grand Continent\",\"description\":\"La escala pertinente\",\"potentialAction\":[{\"@type\":\"SearchAction\",\"target\":{\"@type\":\"EntryPoint\",\"urlTemplate\":\"https:\/\/legrandcontinent.eu\/es\/?s={search_term_string}\"},\"query-input\":{\"@type\":\"PropertyValueSpecification\",\"valueRequired\":true,\"valueName\":\"search_term_string\"}}],\"inLanguage\":\"es\"},{\"@type\":\"Person\",\"@id\":\"https:\/\/legrandcontinent.eu\/es\/#\/schema\/person\/cdd782c93d4a9eda86ab19a8c01cdf5c\",\"name\":\"florent\",\"image\":{\"@type\":\"ImageObject\",\"inLanguage\":\"es\",\"@id\":\"https:\/\/legrandcontinent.eu\/es\/#\/schema\/person\/image\/\",\"url\":\"https:\/\/secure.gravatar.com\/avatar\/0d38d78c90602daf39b309035cdac6bc?s=96&d=mm&r=g\",\"contentUrl\":\"https:\/\/secure.gravatar.com\/avatar\/0d38d78c90602daf39b309035cdac6bc?s=96&d=mm&r=g\",\"caption\":\"florent\"}}]}<\/script>\n<!-- \/ Yoast SEO plugin. -->","yoast_head_json":{"title":"En Florencia: la imposible internacional soberanista - El Grand Continent","robots":{"index":"index","follow":"follow","max-snippet":"max-snippet:-1","max-image-preview":"max-image-preview:large","max-video-preview":"max-video-preview:-1"},"canonical":"https:\/\/legrandcontinent.eu\/es\/2023\/12\/04\/en-florencia-la-imposible-internacional-soberanista-1\/","og_locale":"es_ES","og_type":"article","og_title":"En Florencia: la imposible internacional soberanista - El Grand Continent","og_description":"Ayer, Matteo Salvini quiso reunir a sus aliados en Florencia. Esta gran reuni\u00f3n de partidos soberanistas y populistas europeos pretend\u00eda ser una demostraci\u00f3n de fuerza, a seis meses de las elecciones europeas. Pero el efecto fue ambivalente, hasta el punto de que cabe preguntarse a qui\u00e9n benefici\u00f3 realmente esta reuni\u00f3n. David Allegranti analiza todas las escalas -local, nacional y europeo- y nos da las claves de este \u00faltimo episodio del proceso de recomposici\u00f3n de las derechas europeas.","og_url":"https:\/\/legrandcontinent.eu\/es\/2023\/12\/04\/en-florencia-la-imposible-internacional-soberanista-1\/","og_site_name":"El Grand Continent","article_published_time":"2023-12-04T12:00:00+00:00","article_modified_time":"2023-12-05T09:21:32+00:00","og_image":[{"width":2560,"height":1440,"url":"https:\/\/legrandcontinent.eu\/es\/wp-content\/uploads\/sites\/6\/2023\/12\/gc-elsalvini-scaled.jpg","type":"image\/jpeg"}],"author":"florent","twitter_card":"summary_large_image","twitter_image":"https:\/\/legrandcontinent.eu\/es\/wp-content\/uploads\/sites\/6\/2023\/12\/gc-elsalvini-scaled.jpg","twitter_misc":{"Escrito por":"florent","Tiempo de lectura":"20 minutos"},"schema":{"@context":"https:\/\/schema.org","@graph":[{"@type":"WebPage","@id":"https:\/\/legrandcontinent.eu\/es\/2023\/12\/04\/en-florencia-la-imposible-internacional-soberanista-1\/","url":"https:\/\/legrandcontinent.eu\/es\/2023\/12\/04\/en-florencia-la-imposible-internacional-soberanista-1\/","name":"En Florencia: la imposible internacional soberanista - El Grand Continent","isPartOf":{"@id":"https:\/\/legrandcontinent.eu\/es\/#website"},"primaryImageOfPage":{"@id":"https:\/\/legrandcontinent.eu\/es\/2023\/12\/04\/en-florencia-la-imposible-internacional-soberanista-1\/#primaryimage"},"image":{"@id":"https:\/\/legrandcontinent.eu\/es\/2023\/12\/04\/en-florencia-la-imposible-internacional-soberanista-1\/#primaryimage"},"thumbnailUrl":"https:\/\/legrandcontinent.eu\/es\/wp-content\/uploads\/sites\/6\/2023\/12\/SIPA_01137004_000015-scaled-1.jpg","datePublished":"2023-12-04T12:00:00+00:00","dateModified":"2023-12-05T09:21:32+00:00","author":{"@id":"https:\/\/legrandcontinent.eu\/es\/#\/schema\/person\/cdd782c93d4a9eda86ab19a8c01cdf5c"},"breadcrumb":{"@id":"https:\/\/legrandcontinent.eu\/es\/2023\/12\/04\/en-florencia-la-imposible-internacional-soberanista-1\/#breadcrumb"},"inLanguage":"es","potentialAction":[{"@type":"ReadAction","target":["https:\/\/legrandcontinent.eu\/es\/2023\/12\/04\/en-florencia-la-imposible-internacional-soberanista-1\/"]}]},{"@type":"ImageObject","inLanguage":"es","@id":"https:\/\/legrandcontinent.eu\/es\/2023\/12\/04\/en-florencia-la-imposible-internacional-soberanista-1\/#primaryimage","url":"https:\/\/legrandcontinent.eu\/es\/wp-content\/uploads\/sites\/6\/2023\/12\/SIPA_01137004_000015-scaled-1.jpg","contentUrl":"https:\/\/legrandcontinent.eu\/es\/wp-content\/uploads\/sites\/6\/2023\/12\/SIPA_01137004_000015-scaled-1.jpg","width":2560,"height":1701,"caption":"Matteo Salvini, organizador de la gran manifestaci\u00f3n eurosouverainista del 3 de diciembre de 2023 en Florencia. \u00a9 Aleandro Biagianti\/AGF\/SIPA"},{"@type":"BreadcrumbList","@id":"https:\/\/legrandcontinent.eu\/es\/2023\/12\/04\/en-florencia-la-imposible-internacional-soberanista-1\/#breadcrumb","itemListElement":[{"@type":"ListItem","position":1,"name":"Home","item":"https:\/\/legrandcontinent.eu\/es\/"},{"@type":"ListItem","position":2,"name":"En Florencia: la imposible internacional soberanista"}]},{"@type":"WebSite","@id":"https:\/\/legrandcontinent.eu\/es\/#website","url":"https:\/\/legrandcontinent.eu\/es\/","name":"El Grand Continent","description":"La escala pertinente","potentialAction":[{"@type":"SearchAction","target":{"@type":"EntryPoint","urlTemplate":"https:\/\/legrandcontinent.eu\/es\/?s={search_term_string}"},"query-input":{"@type":"PropertyValueSpecification","valueRequired":true,"valueName":"search_term_string"}}],"inLanguage":"es"},{"@type":"Person","@id":"https:\/\/legrandcontinent.eu\/es\/#\/schema\/person\/cdd782c93d4a9eda86ab19a8c01cdf5c","name":"florent","image":{"@type":"ImageObject","inLanguage":"es","@id":"https:\/\/legrandcontinent.eu\/es\/#\/schema\/person\/image\/","url":"https:\/\/secure.gravatar.com\/avatar\/0d38d78c90602daf39b309035cdac6bc?s=96&d=mm&r=g","contentUrl":"https:\/\/secure.gravatar.com\/avatar\/0d38d78c90602daf39b309035cdac6bc?s=96&d=mm&r=g","caption":"florent"}}]}},"lgc_categories":[{"id":6,"name":"Pol\u00edtica","slug":"politica"}],"lgc_author":{"id":308,"name":"David Allegranti","slug":"david-allegranti"},"feature_image_summary":{"url":"https:\/\/legrandcontinent.eu\/es\/wp-content\/uploads\/sites\/6\/2023\/12\/SIPA_01137004_000015-scaled-1.jpg","width":2560,"height":1701,"alt":""},"feature_image_cover":{"url":"https:\/\/legrandcontinent.eu\/es\/wp-content\/uploads\/sites\/6\/2023\/12\/SIPA_01137004_000015-scaled-1.jpg","width":2560,"height":1701,"alt":""},"term_position_data":null,"_links":{"self":[{"href":"https:\/\/legrandcontinent.eu\/es\/wp-json\/wp\/v2\/posts\/27138","targetHints":{"allow":["GET"]}}],"collection":[{"href":"https:\/\/legrandcontinent.eu\/es\/wp-json\/wp\/v2\/posts"}],"about":[{"href":"https:\/\/legrandcontinent.eu\/es\/wp-json\/wp\/v2\/types\/post"}],"author":[{"embeddable":true,"href":"https:\/\/legrandcontinent.eu\/es\/wp-json\/wp\/v2\/users\/1366"}],"replies":[{"embeddable":true,"href":"https:\/\/legrandcontinent.eu\/es\/wp-json\/wp\/v2\/comments?post=27138"}],"version-history":[{"count":0,"href":"https:\/\/legrandcontinent.eu\/es\/wp-json\/wp\/v2\/posts\/27138\/revisions"}],"wp:featuredmedia":[{"embeddable":true,"href":"https:\/\/legrandcontinent.eu\/es\/wp-json\/wp\/v2\/media\/27139"}],"wp:attachment":[{"href":"https:\/\/legrandcontinent.eu\/es\/wp-json\/wp\/v2\/media?parent=27138"}],"wp:term":[{"taxonomy":"category","embeddable":true,"href":"https:\/\/legrandcontinent.eu\/es\/wp-json\/wp\/v2\/categories?post=27138"},{"taxonomy":"post_tag","embeddable":true,"href":"https:\/\/legrandcontinent.eu\/es\/wp-json\/wp\/v2\/tags?post=27138"},{"taxonomy":"staff","embeddable":true,"href":"https:\/\/legrandcontinent.eu\/es\/wp-json\/wp\/v2\/staff?post=27138"},{"taxonomy":"editorial_format","embeddable":true,"href":"https:\/\/legrandcontinent.eu\/es\/wp-json\/wp\/v2\/editorial_format?post=27138"},{"taxonomy":"serie","embeddable":true,"href":"https:\/\/legrandcontinent.eu\/es\/wp-json\/wp\/v2\/serie?post=27138"},{"taxonomy":"audience","embeddable":true,"href":"https:\/\/legrandcontinent.eu\/es\/wp-json\/wp\/v2\/audience?post=27138"},{"taxonomy":"geo","embeddable":true,"href":"https:\/\/legrandcontinent.eu\/es\/wp-json\/wp\/v2\/geo?post=27138"}],"curies":[{"name":"wp","href":"https:\/\/api.w.org\/{rel}","templated":true}]}}