{"id":26547,"date":"2023-11-20T19:00:00","date_gmt":"2023-11-20T18:00:00","guid":{"rendered":"https:\/\/legrandcontinent.eu\/es\/?p=26547"},"modified":"2023-11-21T11:39:46","modified_gmt":"2023-11-21T10:39:46","slug":"ataques-a-civiles-en-sudan-se-teme-el-retorno-del-genocidio-en-darfur","status":"publish","type":"post","link":"https:\/\/legrandcontinent.eu\/es\/2023\/11\/20\/ataques-a-civiles-en-sudan-se-teme-el-retorno-del-genocidio-en-darfur\/","title":{"rendered":"Ataques a civiles en Sud\u00e1n: se teme el retorno del genocidio en Darfur"},"content":{"rendered":"\n<p>Desde el <a href=\"https:\/\/legrandcontinent.eu\/es\/2023\/04\/17\/estallan-enfrentamientos-en-sudan-entre-el-ejercito-regular-y-las-milicias\/\">15 de abril<\/a>, Sud\u00e1n est\u00e1 desgarrado por una guerra entre dos jefes militares: el ej\u00e9rcito del general Abdel Fattah Al-Bourhane, presidente del Consejo de Soberan\u00eda de Transici\u00f3n, y las fuerzas de Mohamed Hamdan Dogolo (conocido como \u00abHemeti\u00bb) y sus Fuerzas de Apoyo R\u00e1pido (RSF), apoyadas en particular por <a href=\"https:\/\/legrandcontinent.eu\/es\/2023\/11\/07\/esta-luchando-ucrania-contra-wagner-en-sudan\/\">combatientes del grupo Wagner<\/a>.<\/p>\n\n\n\n<div class=\"iframe-container wp-block-image wp-block-image-medium  iframe-dw\">\n\t<div>\n\t\t<iframe class=\"absolute w-full h-full pin-t pin-l\" title=\"titolo\" aria-label=\"Interactive line chart\" src=\"\/\/datawrapper.dwcdn.net\/xCANX\/\" scrolling=\"no\" frameborder=\"0\"><\/iframe>\n\t<\/div>\n<\/div>\n\n\n\n<p>Desde principios de noviembre, el conflicto parece haber dado un nuevo y alarmante giro, seg\u00fan varios observadores que alertan de una posible limpieza \u00e9tnica y de la violencia contra la poblaci\u00f3n civil perpetrada por las RSF.<\/p>\n\n\n\n<div class=\"iframe-container wp-block-image wp-block-image-medium  iframe-dw\">\n\t<div>\n\t\t<iframe class=\"absolute w-full h-full pin-t pin-l\" title=\"titolo\" aria-label=\"Interactive line chart\" src=\"\/\/datawrapper.dwcdn.net\/3yZWb\/\" scrolling=\"no\" frameborder=\"0\"><\/iframe>\n\t<\/div>\n<\/div>\n\n\n\n<ul class=\"wp-block-list\">\n<li>En Ardamata, en Darfur Occidental, m\u00e1s de 1.000 personas, en su mayor\u00eda pertenecientes al grupo no \u00e1rabe Massalit, fueron asesinadas en dos d\u00edas, seg\u00fan fuentes consideradas cre\u00edbles por la Alta Representante de la Uni\u00f3n Europea para Asuntos Exteriores.<\/li>\n\n\n\n<li>En julio de 2023, la Corte Penal Internacional abri\u00f3 una investigaci\u00f3n sobre la violencia en curso por posibles cr\u00edmenes de guerra.<\/li>\n\n\n\n<li>El 10 de noviembre, el coordinador humanitario de la ONU en Sud\u00e1n se\u00f1al\u00f3 una escalada de violencia \u00abque parece estar perpetr\u00e1ndose sobre una base \u00e9tnica en Darfur\u00bb.<\/li>\n\n\n\n<li>A principios de noviembre, la ONU tambi\u00e9n detall\u00f3 varios casos de violencia sexual contra mujeres, la mayor\u00eda de los cuales (70%) se atribu\u00edan a \u00abhombres con uniforme de las RSF\u00bb.<\/li>\n<\/ul>\n\n\n\n<p>Estas nuevas masacres de las RSF podr\u00edan marcar un punto de inflexi\u00f3n en el conflicto en t\u00e9rminos militares. El 16 de noviembre, dos grupos armados de Darfur anunciaron que \u00ababandonaban su neutralidad\u00bb y se un\u00edan al bando de Al-Bourhane, en reacci\u00f3n a las masacres de civiles y los \u00abcr\u00edmenes contra la humanidad\u00bb perpetrados por las RSF en Darfur.<\/p>\n\n\n\n<p>El conflicto de Sud\u00e1n es la causa de uno de los mayores desplazamientos internos del mundo y una de las crisis humanitarias m\u00e1s graves.<\/p>\n\n\n\n<div class=\"iframe-container wp-block-image wp-block-image-medium  iframe-dw\">\n\t<div>\n\t\t<iframe class=\"absolute w-full h-full pin-t pin-l\" title=\"titolo\" aria-label=\"Interactive line chart\" src=\"\/\/datawrapper.dwcdn.net\/5kJRx\/\" scrolling=\"no\" frameborder=\"0\"><\/iframe>\n\t<\/div>\n<\/div>\n\n\n\n<ul class=\"wp-block-list\">\n<li>Seg\u00fan la Organizaci\u00f3n Internacional para las Migraciones, el conflicto ha obligado al menos a 4,5 millones de personas a huir de sus hogares desde el 15 de abril.<\/li>\n\n\n\n<li>Otros 1,2 millones de personas han huido a pa\u00edses vecinos, sobre todo a Chad y Egipto.<\/li>\n\n\n\n<li>La situaci\u00f3n humanitaria sigue siendo absolutamente cr\u00edtica, y la OIM calcula que casi 25 millones de personas necesitan ayuda humanitaria y protecci\u00f3n. El sector sanitario est\u00e1 especialmente afectado, con m\u00e1s de la mitad de las infraestructuras sanitarias de las zonas de combate fuera de servicio.<\/li>\n<\/ul>\n\n\n\n<div class=\"iframe-container wp-block-image wp-block-image-medium  iframe-dw\">\n\t<div>\n\t\t<iframe class=\"absolute w-full h-full pin-t pin-l\" title=\"titolo\" aria-label=\"Interactive line chart\" src=\"\/\/datawrapper.dwcdn.net\/2ZPpJ\/\" scrolling=\"no\" frameborder=\"0\"><\/iframe>\n\t<\/div>\n<\/div>\n\n\n\n<ul class=\"wp-block-list\">\n<li>Seg\u00fan las \u00faltimas previsiones del FMI, el conflicto armado provocar\u00e1 una recesi\u00f3n econ\u00f3mica de alrededor del -18,3% en 2023.<\/li>\n<\/ul>\n","protected":false},"excerpt":{"rendered":"<p>El conflicto militar que asola Sud\u00e1n desde abril parece tomar un nuevo cariz, haciendo temer el retorno de la violencia genocida a gran escala que ya desgarr\u00f3 el pa\u00eds.<\/p>\n","protected":false},"author":1366,"featured_media":26549,"comment_status":"closed","ping_status":"","sticky":false,"template":"templates\/post-briefings.php","format":"standard","meta":{"_acf_changed":false,"_trash_the_other_posts":false,"_yoast_wpseo_estimated-reading-time-minutes":2,"footnotes":""},"categories":[128],"tags":[],"staff":[],"editorial_format":[],"serie":[],"audience":[],"geo":[195],"class_list":["post-26547","post","type-post","status-publish","format-standard","hentry","category-guerra","geo-africas-subsaharianas"],"acf":{"open_in_webview":false,"accent":false,"_thumbnail_id":26549,"excerpt":"El conflicto militar que asola Sud\u00e1n desde abril parece tomar un nuevo cariz, haciendo temer el retorno de la violencia genocida a gran escala que ya desgarr\u00f3 el pa\u00eds.","display_date":"","new_abstract":true},"yoast_head":"<!-- This site is optimized with the Yoast SEO plugin v26.1.1 - https:\/\/yoast.com\/wordpress\/plugins\/seo\/ -->\n<title>Ataques a civiles en Sud\u00e1n: se teme el retorno del genocidio en Darfur - El Grand Continent<\/title>\n<meta name=\"robots\" content=\"index, follow, max-snippet:-1, max-image-preview:large, max-video-preview:-1\" \/>\n<link rel=\"canonical\" href=\"https:\/\/legrandcontinent.eu\/es\/2023\/11\/20\/ataques-a-civiles-en-sudan-se-teme-el-retorno-del-genocidio-en-darfur\/\" \/>\n<meta property=\"og:locale\" content=\"es_ES\" \/>\n<meta property=\"og:type\" content=\"article\" \/>\n<meta property=\"og:title\" content=\"Ataques a civiles en Sud\u00e1n: se teme el retorno del genocidio en Darfur - El Grand Continent\" \/>\n<meta property=\"og:description\" content=\"El conflicto militar que asola Sud\u00e1n desde abril parece tomar un nuevo cariz, haciendo temer el retorno de la violencia genocida a gran escala que ya desgarr\u00f3 el pa\u00eds.\" \/>\n<meta property=\"og:url\" content=\"https:\/\/legrandcontinent.eu\/es\/2023\/11\/20\/ataques-a-civiles-en-sudan-se-teme-el-retorno-del-genocidio-en-darfur\/\" \/>\n<meta property=\"og:site_name\" content=\"El Grand Continent\" \/>\n<meta property=\"article:published_time\" content=\"2023-11-20T18:00:00+00:00\" \/>\n<meta property=\"article:modified_time\" content=\"2023-11-21T10:39:46+00:00\" \/>\n<meta property=\"og:image\" content=\"https:\/\/legrandcontinent.eu\/es\/wp-content\/uploads\/sites\/6\/2023\/11\/3yZWb-episodios-de-violencia-en-sud-n-y-sud-n-del-sur-desde-enero-de-2023-.png\" \/>\n\t<meta property=\"og:image:width\" content=\"1596\" \/>\n\t<meta property=\"og:image:height\" content=\"1496\" \/>\n\t<meta property=\"og:image:type\" content=\"image\/png\" \/>\n<meta name=\"author\" content=\"florent\" \/>\n<meta name=\"twitter:card\" content=\"summary_large_image\" \/>\n<meta name=\"twitter:label1\" content=\"Escrito por\" \/>\n\t<meta name=\"twitter:data1\" content=\"florent\" \/>\n\t<meta name=\"twitter:label2\" content=\"Tiempo de lectura\" \/>\n\t<meta name=\"twitter:data2\" content=\"2 minutos\" \/>\n<script type=\"application\/ld+json\" class=\"yoast-schema-graph\">{\"@context\":\"https:\/\/schema.org\",\"@graph\":[{\"@type\":\"WebPage\",\"@id\":\"https:\/\/legrandcontinent.eu\/es\/2023\/11\/20\/ataques-a-civiles-en-sudan-se-teme-el-retorno-del-genocidio-en-darfur\/\",\"url\":\"https:\/\/legrandcontinent.eu\/es\/2023\/11\/20\/ataques-a-civiles-en-sudan-se-teme-el-retorno-del-genocidio-en-darfur\/\",\"name\":\"Ataques a civiles en Sud\u00e1n: se teme el retorno del genocidio en Darfur - El Grand Continent\",\"isPartOf\":{\"@id\":\"https:\/\/legrandcontinent.eu\/es\/#website\"},\"primaryImageOfPage\":{\"@id\":\"https:\/\/legrandcontinent.eu\/es\/2023\/11\/20\/ataques-a-civiles-en-sudan-se-teme-el-retorno-del-genocidio-en-darfur\/#primaryimage\"},\"image\":{\"@id\":\"https:\/\/legrandcontinent.eu\/es\/2023\/11\/20\/ataques-a-civiles-en-sudan-se-teme-el-retorno-del-genocidio-en-darfur\/#primaryimage\"},\"thumbnailUrl\":\"https:\/\/legrandcontinent.eu\/es\/wp-content\/uploads\/sites\/6\/2023\/11\/3yZWb-episodios-de-violencia-en-sud-n-y-sud-n-del-sur-desde-enero-de-2023-.png\",\"datePublished\":\"2023-11-20T18:00:00+00:00\",\"dateModified\":\"2023-11-21T10:39:46+00:00\",\"author\":{\"@id\":\"https:\/\/legrandcontinent.eu\/es\/#\/schema\/person\/cdd782c93d4a9eda86ab19a8c01cdf5c\"},\"breadcrumb\":{\"@id\":\"https:\/\/legrandcontinent.eu\/es\/2023\/11\/20\/ataques-a-civiles-en-sudan-se-teme-el-retorno-del-genocidio-en-darfur\/#breadcrumb\"},\"inLanguage\":\"es\",\"potentialAction\":[{\"@type\":\"ReadAction\",\"target\":[\"https:\/\/legrandcontinent.eu\/es\/2023\/11\/20\/ataques-a-civiles-en-sudan-se-teme-el-retorno-del-genocidio-en-darfur\/\"]}]},{\"@type\":\"ImageObject\",\"inLanguage\":\"es\",\"@id\":\"https:\/\/legrandcontinent.eu\/es\/2023\/11\/20\/ataques-a-civiles-en-sudan-se-teme-el-retorno-del-genocidio-en-darfur\/#primaryimage\",\"url\":\"https:\/\/legrandcontinent.eu\/es\/wp-content\/uploads\/sites\/6\/2023\/11\/3yZWb-episodios-de-violencia-en-sud-n-y-sud-n-del-sur-desde-enero-de-2023-.png\",\"contentUrl\":\"https:\/\/legrandcontinent.eu\/es\/wp-content\/uploads\/sites\/6\/2023\/11\/3yZWb-episodios-de-violencia-en-sud-n-y-sud-n-del-sur-desde-enero-de-2023-.png\",\"width\":1596,\"height\":1496},{\"@type\":\"BreadcrumbList\",\"@id\":\"https:\/\/legrandcontinent.eu\/es\/2023\/11\/20\/ataques-a-civiles-en-sudan-se-teme-el-retorno-del-genocidio-en-darfur\/#breadcrumb\",\"itemListElement\":[{\"@type\":\"ListItem\",\"position\":1,\"name\":\"Home\",\"item\":\"https:\/\/legrandcontinent.eu\/es\/\"},{\"@type\":\"ListItem\",\"position\":2,\"name\":\"Ataques a civiles en Sud\u00e1n: se teme el retorno del genocidio en Darfur\"}]},{\"@type\":\"WebSite\",\"@id\":\"https:\/\/legrandcontinent.eu\/es\/#website\",\"url\":\"https:\/\/legrandcontinent.eu\/es\/\",\"name\":\"El Grand Continent\",\"description\":\"La escala pertinente\",\"potentialAction\":[{\"@type\":\"SearchAction\",\"target\":{\"@type\":\"EntryPoint\",\"urlTemplate\":\"https:\/\/legrandcontinent.eu\/es\/?s={search_term_string}\"},\"query-input\":{\"@type\":\"PropertyValueSpecification\",\"valueRequired\":true,\"valueName\":\"search_term_string\"}}],\"inLanguage\":\"es\"},{\"@type\":\"Person\",\"@id\":\"https:\/\/legrandcontinent.eu\/es\/#\/schema\/person\/cdd782c93d4a9eda86ab19a8c01cdf5c\",\"name\":\"florent\",\"image\":{\"@type\":\"ImageObject\",\"inLanguage\":\"es\",\"@id\":\"https:\/\/legrandcontinent.eu\/es\/#\/schema\/person\/image\/\",\"url\":\"https:\/\/secure.gravatar.com\/avatar\/0d38d78c90602daf39b309035cdac6bc?s=96&d=mm&r=g\",\"contentUrl\":\"https:\/\/secure.gravatar.com\/avatar\/0d38d78c90602daf39b309035cdac6bc?s=96&d=mm&r=g\",\"caption\":\"florent\"}}]}<\/script>\n<!-- \/ Yoast SEO plugin. -->","yoast_head_json":{"title":"Ataques a civiles en Sud\u00e1n: se teme el retorno del genocidio en Darfur - El Grand Continent","robots":{"index":"index","follow":"follow","max-snippet":"max-snippet:-1","max-image-preview":"max-image-preview:large","max-video-preview":"max-video-preview:-1"},"canonical":"https:\/\/legrandcontinent.eu\/es\/2023\/11\/20\/ataques-a-civiles-en-sudan-se-teme-el-retorno-del-genocidio-en-darfur\/","og_locale":"es_ES","og_type":"article","og_title":"Ataques a civiles en Sud\u00e1n: se teme el retorno del genocidio en Darfur - El Grand Continent","og_description":"El conflicto militar que asola Sud\u00e1n desde abril parece tomar un nuevo cariz, haciendo temer el retorno de la violencia genocida a gran escala que ya desgarr\u00f3 el pa\u00eds.","og_url":"https:\/\/legrandcontinent.eu\/es\/2023\/11\/20\/ataques-a-civiles-en-sudan-se-teme-el-retorno-del-genocidio-en-darfur\/","og_site_name":"El Grand Continent","article_published_time":"2023-11-20T18:00:00+00:00","article_modified_time":"2023-11-21T10:39:46+00:00","og_image":[{"width":1596,"height":1496,"url":"https:\/\/legrandcontinent.eu\/es\/wp-content\/uploads\/sites\/6\/2023\/11\/3yZWb-episodios-de-violencia-en-sud-n-y-sud-n-del-sur-desde-enero-de-2023-.png","type":"image\/png"}],"author":"florent","twitter_card":"summary_large_image","twitter_misc":{"Escrito por":"florent","Tiempo de lectura":"2 minutos"},"schema":{"@context":"https:\/\/schema.org","@graph":[{"@type":"WebPage","@id":"https:\/\/legrandcontinent.eu\/es\/2023\/11\/20\/ataques-a-civiles-en-sudan-se-teme-el-retorno-del-genocidio-en-darfur\/","url":"https:\/\/legrandcontinent.eu\/es\/2023\/11\/20\/ataques-a-civiles-en-sudan-se-teme-el-retorno-del-genocidio-en-darfur\/","name":"Ataques a civiles en Sud\u00e1n: se teme el retorno del genocidio en Darfur - El Grand Continent","isPartOf":{"@id":"https:\/\/legrandcontinent.eu\/es\/#website"},"primaryImageOfPage":{"@id":"https:\/\/legrandcontinent.eu\/es\/2023\/11\/20\/ataques-a-civiles-en-sudan-se-teme-el-retorno-del-genocidio-en-darfur\/#primaryimage"},"image":{"@id":"https:\/\/legrandcontinent.eu\/es\/2023\/11\/20\/ataques-a-civiles-en-sudan-se-teme-el-retorno-del-genocidio-en-darfur\/#primaryimage"},"thumbnailUrl":"https:\/\/legrandcontinent.eu\/es\/wp-content\/uploads\/sites\/6\/2023\/11\/3yZWb-episodios-de-violencia-en-sud-n-y-sud-n-del-sur-desde-enero-de-2023-.png","datePublished":"2023-11-20T18:00:00+00:00","dateModified":"2023-11-21T10:39:46+00:00","author":{"@id":"https:\/\/legrandcontinent.eu\/es\/#\/schema\/person\/cdd782c93d4a9eda86ab19a8c01cdf5c"},"breadcrumb":{"@id":"https:\/\/legrandcontinent.eu\/es\/2023\/11\/20\/ataques-a-civiles-en-sudan-se-teme-el-retorno-del-genocidio-en-darfur\/#breadcrumb"},"inLanguage":"es","potentialAction":[{"@type":"ReadAction","target":["https:\/\/legrandcontinent.eu\/es\/2023\/11\/20\/ataques-a-civiles-en-sudan-se-teme-el-retorno-del-genocidio-en-darfur\/"]}]},{"@type":"ImageObject","inLanguage":"es","@id":"https:\/\/legrandcontinent.eu\/es\/2023\/11\/20\/ataques-a-civiles-en-sudan-se-teme-el-retorno-del-genocidio-en-darfur\/#primaryimage","url":"https:\/\/legrandcontinent.eu\/es\/wp-content\/uploads\/sites\/6\/2023\/11\/3yZWb-episodios-de-violencia-en-sud-n-y-sud-n-del-sur-desde-enero-de-2023-.png","contentUrl":"https:\/\/legrandcontinent.eu\/es\/wp-content\/uploads\/sites\/6\/2023\/11\/3yZWb-episodios-de-violencia-en-sud-n-y-sud-n-del-sur-desde-enero-de-2023-.png","width":1596,"height":1496},{"@type":"BreadcrumbList","@id":"https:\/\/legrandcontinent.eu\/es\/2023\/11\/20\/ataques-a-civiles-en-sudan-se-teme-el-retorno-del-genocidio-en-darfur\/#breadcrumb","itemListElement":[{"@type":"ListItem","position":1,"name":"Home","item":"https:\/\/legrandcontinent.eu\/es\/"},{"@type":"ListItem","position":2,"name":"Ataques a civiles en Sud\u00e1n: se teme el retorno del genocidio en Darfur"}]},{"@type":"WebSite","@id":"https:\/\/legrandcontinent.eu\/es\/#website","url":"https:\/\/legrandcontinent.eu\/es\/","name":"El Grand Continent","description":"La escala pertinente","potentialAction":[{"@type":"SearchAction","target":{"@type":"EntryPoint","urlTemplate":"https:\/\/legrandcontinent.eu\/es\/?s={search_term_string}"},"query-input":{"@type":"PropertyValueSpecification","valueRequired":true,"valueName":"search_term_string"}}],"inLanguage":"es"},{"@type":"Person","@id":"https:\/\/legrandcontinent.eu\/es\/#\/schema\/person\/cdd782c93d4a9eda86ab19a8c01cdf5c","name":"florent","image":{"@type":"ImageObject","inLanguage":"es","@id":"https:\/\/legrandcontinent.eu\/es\/#\/schema\/person\/image\/","url":"https:\/\/secure.gravatar.com\/avatar\/0d38d78c90602daf39b309035cdac6bc?s=96&d=mm&r=g","contentUrl":"https:\/\/secure.gravatar.com\/avatar\/0d38d78c90602daf39b309035cdac6bc?s=96&d=mm&r=g","caption":"florent"}}]}},"lgc_categories":[{"id":128,"name":"Guerra","slug":"guerra"}],"lgc_author":null,"feature_image_summary":{"url":"https:\/\/legrandcontinent.eu\/es\/wp-content\/uploads\/sites\/6\/2023\/11\/3yZWb-episodios-de-violencia-en-sud-n-y-sud-n-del-sur-desde-enero-de-2023-.png","width":1596,"height":1496,"alt":""},"feature_image_cover":null,"term_position_data":null,"_links":{"self":[{"href":"https:\/\/legrandcontinent.eu\/es\/wp-json\/wp\/v2\/posts\/26547","targetHints":{"allow":["GET"]}}],"collection":[{"href":"https:\/\/legrandcontinent.eu\/es\/wp-json\/wp\/v2\/posts"}],"about":[{"href":"https:\/\/legrandcontinent.eu\/es\/wp-json\/wp\/v2\/types\/post"}],"author":[{"embeddable":true,"href":"https:\/\/legrandcontinent.eu\/es\/wp-json\/wp\/v2\/users\/1366"}],"replies":[{"embeddable":true,"href":"https:\/\/legrandcontinent.eu\/es\/wp-json\/wp\/v2\/comments?post=26547"}],"version-history":[{"count":0,"href":"https:\/\/legrandcontinent.eu\/es\/wp-json\/wp\/v2\/posts\/26547\/revisions"}],"wp:featuredmedia":[{"embeddable":true,"href":"https:\/\/legrandcontinent.eu\/es\/wp-json\/wp\/v2\/media\/26549"}],"wp:attachment":[{"href":"https:\/\/legrandcontinent.eu\/es\/wp-json\/wp\/v2\/media?parent=26547"}],"wp:term":[{"taxonomy":"category","embeddable":true,"href":"https:\/\/legrandcontinent.eu\/es\/wp-json\/wp\/v2\/categories?post=26547"},{"taxonomy":"post_tag","embeddable":true,"href":"https:\/\/legrandcontinent.eu\/es\/wp-json\/wp\/v2\/tags?post=26547"},{"taxonomy":"staff","embeddable":true,"href":"https:\/\/legrandcontinent.eu\/es\/wp-json\/wp\/v2\/staff?post=26547"},{"taxonomy":"editorial_format","embeddable":true,"href":"https:\/\/legrandcontinent.eu\/es\/wp-json\/wp\/v2\/editorial_format?post=26547"},{"taxonomy":"serie","embeddable":true,"href":"https:\/\/legrandcontinent.eu\/es\/wp-json\/wp\/v2\/serie?post=26547"},{"taxonomy":"audience","embeddable":true,"href":"https:\/\/legrandcontinent.eu\/es\/wp-json\/wp\/v2\/audience?post=26547"},{"taxonomy":"geo","embeddable":true,"href":"https:\/\/legrandcontinent.eu\/es\/wp-json\/wp\/v2\/geo?post=26547"}],"curies":[{"name":"wp","href":"https:\/\/api.w.org\/{rel}","templated":true}]}}