{"id":26192,"date":"2023-11-11T16:00:00","date_gmt":"2023-11-11T15:00:00","guid":{"rendered":"https:\/\/legrandcontinent.eu\/es\/?p=26192"},"modified":"2023-11-12T00:15:28","modified_gmt":"2023-11-11T23:15:28","slug":"camioneros-polacos-en-huelga-en-la-frontera-ucraniana","status":"publish","type":"post","link":"https:\/\/legrandcontinent.eu\/es\/2023\/11\/11\/camioneros-polacos-en-huelga-en-la-frontera-ucraniana\/","title":{"rendered":"Camioneros polacos en huelga en la frontera ucraniana"},"content":{"rendered":"\n<p>Desde hace una semana, camiones de empresas polacas de transporte por carretera bloquean tres pasos fronterizos entre Ucrania y Polonia para protestar contra la \u00abcompetencia desleal\u00bb de los camioneros ucranianos.<\/p>\n\n\n\n<div class=\"iframe-container wp-block-image wp-block-image-medium  iframe-dw\">\n\t<div>\n\t\t<iframe class=\"absolute w-full h-full pin-t pin-l\" title=\"titolo\" aria-label=\"Interactive line chart\" src=\"\/\/datawrapper.dwcdn.net\/Fy20c\/\" scrolling=\"no\" frameborder=\"0\"><\/iframe>\n\t<\/div>\n<\/div>\n\n\n\n<ul class=\"wp-block-list\">\n<li>Las empresas de transporte por carretera, un sector econ\u00f3mico clave en Polonia, atribuyen la subida de los precios a la competencia de los transportistas ucranianos, que afrontan costes m\u00e1s bajos y ahora pueden viajar sin restricciones entre Ucrania y Polonia. Actualmente, el salario m\u00ednimo en Polonia es de algo menos de 800 euros; en Ucrania es de 173 euros&nbsp;<span class='whitespace-nowrap'><span id='easy-footnote-1-26192' class='easy-footnote-margin-adjust'><\/span><span class='easy-footnote'><a href='https:\/\/legrandcontinent.eu\/es\/2023\/11\/11\/camioneros-polacos-en-huelga-en-la-frontera-ucraniana\/#easy-footnote-bottom-1-26192' title='Al tipo de cambio del 10 de noviembre de 2023.'><sup>1<\/sup><\/a><\/span><\/span> -casi cinco veces menos-.<\/li>\n<\/ul>\n\n\n\n<ul class=\"wp-block-list\">\n<li>Su principal reivindicaci\u00f3n es el restablecimiento del sistema de permisos de entrada en la Uni\u00f3n vigente al comienzo de la invasi\u00f3n rusa de Ucrania. El sistema ha sido sustituido por medidas de \u00abliberalizaci\u00f3n temporal del comercio\u00bb. Estas medidas estar\u00e1n en vigor hasta junio de 2024&nbsp;<span class='whitespace-nowrap'><span id='easy-footnote-2-26192' class='easy-footnote-margin-adjust'><\/span><span class='easy-footnote'><a href='https:\/\/legrandcontinent.eu\/es\/2023\/11\/11\/camioneros-polacos-en-huelga-en-la-frontera-ucraniana\/#easy-footnote-bottom-2-26192' title='Comunicado del Consejo de la Uni\u00f3n Europea,\u00a0&lt;a href=&quot;https:\/\/www.consilium.europa.eu\/en\/press\/press-releases\/2023\/05\/25\/ukraine-council-adopts-renewal-of-temporary-trade-liberalisation-and-other-trade-concessions\/&quot;&gt;Ukraine\u00a0: Council adopts renewal of temporary trade liberalisation and other trade concessions&lt;\/a&gt;, mayo de 2023.'><sup>2<\/sup><\/a><\/span><\/span>.<\/li>\n<\/ul>\n\n\n\n<ul class=\"wp-block-list\">\n<li>El embajador ucraniano en Polonia describi\u00f3 la huelga como una dolorosa \u00abpu\u00f1alada por la espalda\u00bb para Ucrania y pidi\u00f3 el fin del bloqueo.<\/li>\n<\/ul>\n\n\n\n<p>Aunque Polonia sigue siendo uno de los principales apoyos de Ucrania -ya sea en t\u00e9rminos de suministro de armas o de acogida de refugiados-, en 2023 se manifestaron varios desacuerdos y conflictos sobre sectores clave.<\/p>\n\n\n\n<ul class=\"wp-block-list\">\n<li>En septiembre, fue el descontento del sector agr\u00edcola polaco el que cobr\u00f3 protagonismo, por la afluencia de importaciones de cereales ucranianos.<\/li>\n<\/ul>\n\n\n\n<ul class=\"wp-block-list\">\n<li>Cuando, el viernes 15 de septiembre, la Comisi\u00f3n Europea puso fin a la autorizaci\u00f3n excepcional y temporal que hab\u00eda concedido para bloquear la comercializaci\u00f3n de cierto n\u00famero de productos agr\u00edcolas ucranianos, Polonia fue uno de los pa\u00edses que anul\u00f3 esta decisi\u00f3n anunciando la <a href=\"https:\/\/legrandcontinent.eu\/es\/2023\/09\/21\/polonia-dejara-de-suministrar-armas-a-ucrania-la-guerra-del-grano-se-extiende\/\">imposici\u00f3n de un embargo unilateral<\/a>. Desde entonces se ha llegado a un acuerdo, el 3 de octubre, que permite una relativa distensi\u00f3n de las relaciones.<\/li>\n<\/ul>\n\n\n\n<div class=\"iframe-container wp-block-image wp-block-image-medium  iframe-dw\">\n\t<div>\n\t\t<iframe class=\"absolute w-full h-full pin-t pin-l\" title=\"titolo\" aria-label=\"Interactive line chart\" src=\"\/\/datawrapper.dwcdn.net\/WyN5x\/\" scrolling=\"no\" frameborder=\"0\"><\/iframe>\n\t<\/div>\n<\/div>\n\n\n\n<ul class=\"wp-block-list\">\n<li>Aunque este anuncio del gobierno polaco debe considerarse tambi\u00e9n en el contexto de una campa\u00f1a electoral muy polarizada, la integraci\u00f3n de Ucrania como potencia agr\u00edcola y la alteraci\u00f3n del equilibrio de poder que ello implica ser\u00e1n, en efecto, uno de los temas m\u00e1s delicados de los debates sobre la ampliaci\u00f3n de la Uni\u00f3n.<\/li>\n<\/ul>\n\n\n\n<p>Estas crisis sucesivas revelan y prefiguran las dificultades y escollos que surgir\u00e1n en torno a la adhesi\u00f3n de Ucrania a la Uni\u00f3n, en un momento en que la Comisi\u00f3n acaba de recomendar en su \u00faltimo informe la apertura de negociaciones formales con Ucrania y Moldavia. La ampliaci\u00f3n y la apertura de negociaciones son los temas centrales del Consejo Europeo de los d\u00edas 14 y 15 de diciembre.<\/p>\n","protected":false},"excerpt":{"rendered":"<p>Despu\u00e9s de los cereales, el transporte por carretera: desde hace casi una semana, los transportistas polacos est\u00e1n en huelga, bloqueando parte de los pasos fronterizos de la frontera polaco-ucraniana para protestar contra la competencia de los transportistas ucranianos. A pesar de su apoyo a Ucrania, desde el comienzo de la guerra Polonia ha visto c\u00f3mo varios de sus sectores econ\u00f3micos se movilizaban contra lo que consideran competencia de Ucrania.<\/p>\n","protected":false},"author":1366,"featured_media":26195,"comment_status":"closed","ping_status":"","sticky":false,"template":"templates\/post-briefings.php","format":"standard","meta":{"_acf_changed":false,"_trash_the_other_posts":false,"_yoast_wpseo_estimated-reading-time-minutes":2,"footnotes":""},"categories":[216],"tags":[],"staff":[],"editorial_format":[],"serie":[],"audience":[],"geo":[177],"class_list":["post-26192","post","type-post","status-publish","format-standard","hentry","category-la-guerra-en-ucrania-dia-a-dia","geo-europa"],"acf":{"open_in_webview":false,"accent":false,"_thumbnail_id":26195,"excerpt":"Despu\u00e9s de los cereales, el transporte por carretera: desde hace casi una semana, los transportistas polacos est\u00e1n en huelga, bloqueando parte de los pasos fronterizos de la frontera polaco-ucraniana para protestar contra la competencia de los transportistas ucranianos. A pesar de su apoyo a Ucrania, desde el comienzo de la guerra Polonia ha visto c\u00f3mo varios de sus sectores econ\u00f3micos se movilizaban contra lo que consideran competencia de Ucrania.","display_date":"","new_abstract":true},"yoast_head":"<!-- This site is optimized with the Yoast SEO plugin v26.1.1 - https:\/\/yoast.com\/wordpress\/plugins\/seo\/ -->\n<title>Camioneros polacos en huelga en la frontera ucraniana - El Grand Continent<\/title>\n<meta name=\"robots\" content=\"index, follow, max-snippet:-1, max-image-preview:large, max-video-preview:-1\" \/>\n<link rel=\"canonical\" href=\"https:\/\/legrandcontinent.eu\/es\/2023\/11\/11\/camioneros-polacos-en-huelga-en-la-frontera-ucraniana\/\" \/>\n<meta property=\"og:locale\" content=\"es_ES\" \/>\n<meta property=\"og:type\" content=\"article\" \/>\n<meta property=\"og:title\" content=\"Camioneros polacos en huelga en la frontera ucraniana - El Grand Continent\" \/>\n<meta property=\"og:description\" content=\"Despu\u00e9s de los cereales, el transporte por carretera: desde hace casi una semana, los transportistas polacos est\u00e1n en huelga, bloqueando parte de los pasos fronterizos de la frontera polaco-ucraniana para protestar contra la competencia de los transportistas ucranianos. A pesar de su apoyo a Ucrania, desde el comienzo de la guerra Polonia ha visto c\u00f3mo varios de sus sectores econ\u00f3micos se movilizaban contra lo que consideran competencia de Ucrania.\" \/>\n<meta property=\"og:url\" content=\"https:\/\/legrandcontinent.eu\/es\/2023\/11\/11\/camioneros-polacos-en-huelga-en-la-frontera-ucraniana\/\" \/>\n<meta property=\"og:site_name\" content=\"El Grand Continent\" \/>\n<meta property=\"article:published_time\" content=\"2023-11-11T15:00:00+00:00\" \/>\n<meta property=\"article:modified_time\" content=\"2023-11-11T23:15:28+00:00\" \/>\n<meta property=\"og:image\" content=\"https:\/\/legrandcontinent.eu\/es\/wp-content\/uploads\/sites\/6\/2023\/11\/Fy20c-porcentaje-del-total-de-trabajadores-del-sector-del-transporte-por-carretera-en-la-uni-n-europea-.png\" \/>\n\t<meta property=\"og:image:width\" content=\"1240\" \/>\n\t<meta property=\"og:image:height\" content=\"1200\" \/>\n\t<meta property=\"og:image:type\" content=\"image\/png\" \/>\n<meta name=\"author\" content=\"florent\" \/>\n<meta name=\"twitter:card\" content=\"summary_large_image\" \/>\n<meta name=\"twitter:label1\" content=\"Escrito por\" \/>\n\t<meta name=\"twitter:data1\" content=\"florent\" \/>\n\t<meta name=\"twitter:label2\" content=\"Tiempo de lectura\" \/>\n\t<meta name=\"twitter:data2\" content=\"2 minutos\" \/>\n<script type=\"application\/ld+json\" class=\"yoast-schema-graph\">{\"@context\":\"https:\/\/schema.org\",\"@graph\":[{\"@type\":\"WebPage\",\"@id\":\"https:\/\/legrandcontinent.eu\/es\/2023\/11\/11\/camioneros-polacos-en-huelga-en-la-frontera-ucraniana\/\",\"url\":\"https:\/\/legrandcontinent.eu\/es\/2023\/11\/11\/camioneros-polacos-en-huelga-en-la-frontera-ucraniana\/\",\"name\":\"Camioneros polacos en huelga en la frontera ucraniana - El Grand Continent\",\"isPartOf\":{\"@id\":\"https:\/\/legrandcontinent.eu\/es\/#website\"},\"primaryImageOfPage\":{\"@id\":\"https:\/\/legrandcontinent.eu\/es\/2023\/11\/11\/camioneros-polacos-en-huelga-en-la-frontera-ucraniana\/#primaryimage\"},\"image\":{\"@id\":\"https:\/\/legrandcontinent.eu\/es\/2023\/11\/11\/camioneros-polacos-en-huelga-en-la-frontera-ucraniana\/#primaryimage\"},\"thumbnailUrl\":\"https:\/\/legrandcontinent.eu\/es\/wp-content\/uploads\/sites\/6\/2023\/11\/Fy20c-porcentaje-del-total-de-trabajadores-del-sector-del-transporte-por-carretera-en-la-uni-n-europea-.png\",\"datePublished\":\"2023-11-11T15:00:00+00:00\",\"dateModified\":\"2023-11-11T23:15:28+00:00\",\"author\":{\"@id\":\"https:\/\/legrandcontinent.eu\/es\/#\/schema\/person\/cdd782c93d4a9eda86ab19a8c01cdf5c\"},\"breadcrumb\":{\"@id\":\"https:\/\/legrandcontinent.eu\/es\/2023\/11\/11\/camioneros-polacos-en-huelga-en-la-frontera-ucraniana\/#breadcrumb\"},\"inLanguage\":\"es\",\"potentialAction\":[{\"@type\":\"ReadAction\",\"target\":[\"https:\/\/legrandcontinent.eu\/es\/2023\/11\/11\/camioneros-polacos-en-huelga-en-la-frontera-ucraniana\/\"]}]},{\"@type\":\"ImageObject\",\"inLanguage\":\"es\",\"@id\":\"https:\/\/legrandcontinent.eu\/es\/2023\/11\/11\/camioneros-polacos-en-huelga-en-la-frontera-ucraniana\/#primaryimage\",\"url\":\"https:\/\/legrandcontinent.eu\/es\/wp-content\/uploads\/sites\/6\/2023\/11\/Fy20c-porcentaje-del-total-de-trabajadores-del-sector-del-transporte-por-carretera-en-la-uni-n-europea-.png\",\"contentUrl\":\"https:\/\/legrandcontinent.eu\/es\/wp-content\/uploads\/sites\/6\/2023\/11\/Fy20c-porcentaje-del-total-de-trabajadores-del-sector-del-transporte-por-carretera-en-la-uni-n-europea-.png\",\"width\":1240,\"height\":1200},{\"@type\":\"BreadcrumbList\",\"@id\":\"https:\/\/legrandcontinent.eu\/es\/2023\/11\/11\/camioneros-polacos-en-huelga-en-la-frontera-ucraniana\/#breadcrumb\",\"itemListElement\":[{\"@type\":\"ListItem\",\"position\":1,\"name\":\"Home\",\"item\":\"https:\/\/legrandcontinent.eu\/es\/\"},{\"@type\":\"ListItem\",\"position\":2,\"name\":\"Camioneros polacos en huelga en la frontera ucraniana\"}]},{\"@type\":\"WebSite\",\"@id\":\"https:\/\/legrandcontinent.eu\/es\/#website\",\"url\":\"https:\/\/legrandcontinent.eu\/es\/\",\"name\":\"El Grand Continent\",\"description\":\"La escala pertinente\",\"potentialAction\":[{\"@type\":\"SearchAction\",\"target\":{\"@type\":\"EntryPoint\",\"urlTemplate\":\"https:\/\/legrandcontinent.eu\/es\/?s={search_term_string}\"},\"query-input\":{\"@type\":\"PropertyValueSpecification\",\"valueRequired\":true,\"valueName\":\"search_term_string\"}}],\"inLanguage\":\"es\"},{\"@type\":\"Person\",\"@id\":\"https:\/\/legrandcontinent.eu\/es\/#\/schema\/person\/cdd782c93d4a9eda86ab19a8c01cdf5c\",\"name\":\"florent\",\"image\":{\"@type\":\"ImageObject\",\"inLanguage\":\"es\",\"@id\":\"https:\/\/legrandcontinent.eu\/es\/#\/schema\/person\/image\/\",\"url\":\"https:\/\/secure.gravatar.com\/avatar\/0d38d78c90602daf39b309035cdac6bc?s=96&d=mm&r=g\",\"contentUrl\":\"https:\/\/secure.gravatar.com\/avatar\/0d38d78c90602daf39b309035cdac6bc?s=96&d=mm&r=g\",\"caption\":\"florent\"}}]}<\/script>\n<!-- \/ Yoast SEO plugin. -->","yoast_head_json":{"title":"Camioneros polacos en huelga en la frontera ucraniana - El Grand Continent","robots":{"index":"index","follow":"follow","max-snippet":"max-snippet:-1","max-image-preview":"max-image-preview:large","max-video-preview":"max-video-preview:-1"},"canonical":"https:\/\/legrandcontinent.eu\/es\/2023\/11\/11\/camioneros-polacos-en-huelga-en-la-frontera-ucraniana\/","og_locale":"es_ES","og_type":"article","og_title":"Camioneros polacos en huelga en la frontera ucraniana - El Grand Continent","og_description":"Despu\u00e9s de los cereales, el transporte por carretera: desde hace casi una semana, los transportistas polacos est\u00e1n en huelga, bloqueando parte de los pasos fronterizos de la frontera polaco-ucraniana para protestar contra la competencia de los transportistas ucranianos. A pesar de su apoyo a Ucrania, desde el comienzo de la guerra Polonia ha visto c\u00f3mo varios de sus sectores econ\u00f3micos se movilizaban contra lo que consideran competencia de Ucrania.","og_url":"https:\/\/legrandcontinent.eu\/es\/2023\/11\/11\/camioneros-polacos-en-huelga-en-la-frontera-ucraniana\/","og_site_name":"El Grand Continent","article_published_time":"2023-11-11T15:00:00+00:00","article_modified_time":"2023-11-11T23:15:28+00:00","og_image":[{"width":1240,"height":1200,"url":"https:\/\/legrandcontinent.eu\/es\/wp-content\/uploads\/sites\/6\/2023\/11\/Fy20c-porcentaje-del-total-de-trabajadores-del-sector-del-transporte-por-carretera-en-la-uni-n-europea-.png","type":"image\/png"}],"author":"florent","twitter_card":"summary_large_image","twitter_misc":{"Escrito por":"florent","Tiempo de lectura":"2 minutos"},"schema":{"@context":"https:\/\/schema.org","@graph":[{"@type":"WebPage","@id":"https:\/\/legrandcontinent.eu\/es\/2023\/11\/11\/camioneros-polacos-en-huelga-en-la-frontera-ucraniana\/","url":"https:\/\/legrandcontinent.eu\/es\/2023\/11\/11\/camioneros-polacos-en-huelga-en-la-frontera-ucraniana\/","name":"Camioneros polacos en huelga en la frontera ucraniana - El Grand Continent","isPartOf":{"@id":"https:\/\/legrandcontinent.eu\/es\/#website"},"primaryImageOfPage":{"@id":"https:\/\/legrandcontinent.eu\/es\/2023\/11\/11\/camioneros-polacos-en-huelga-en-la-frontera-ucraniana\/#primaryimage"},"image":{"@id":"https:\/\/legrandcontinent.eu\/es\/2023\/11\/11\/camioneros-polacos-en-huelga-en-la-frontera-ucraniana\/#primaryimage"},"thumbnailUrl":"https:\/\/legrandcontinent.eu\/es\/wp-content\/uploads\/sites\/6\/2023\/11\/Fy20c-porcentaje-del-total-de-trabajadores-del-sector-del-transporte-por-carretera-en-la-uni-n-europea-.png","datePublished":"2023-11-11T15:00:00+00:00","dateModified":"2023-11-11T23:15:28+00:00","author":{"@id":"https:\/\/legrandcontinent.eu\/es\/#\/schema\/person\/cdd782c93d4a9eda86ab19a8c01cdf5c"},"breadcrumb":{"@id":"https:\/\/legrandcontinent.eu\/es\/2023\/11\/11\/camioneros-polacos-en-huelga-en-la-frontera-ucraniana\/#breadcrumb"},"inLanguage":"es","potentialAction":[{"@type":"ReadAction","target":["https:\/\/legrandcontinent.eu\/es\/2023\/11\/11\/camioneros-polacos-en-huelga-en-la-frontera-ucraniana\/"]}]},{"@type":"ImageObject","inLanguage":"es","@id":"https:\/\/legrandcontinent.eu\/es\/2023\/11\/11\/camioneros-polacos-en-huelga-en-la-frontera-ucraniana\/#primaryimage","url":"https:\/\/legrandcontinent.eu\/es\/wp-content\/uploads\/sites\/6\/2023\/11\/Fy20c-porcentaje-del-total-de-trabajadores-del-sector-del-transporte-por-carretera-en-la-uni-n-europea-.png","contentUrl":"https:\/\/legrandcontinent.eu\/es\/wp-content\/uploads\/sites\/6\/2023\/11\/Fy20c-porcentaje-del-total-de-trabajadores-del-sector-del-transporte-por-carretera-en-la-uni-n-europea-.png","width":1240,"height":1200},{"@type":"BreadcrumbList","@id":"https:\/\/legrandcontinent.eu\/es\/2023\/11\/11\/camioneros-polacos-en-huelga-en-la-frontera-ucraniana\/#breadcrumb","itemListElement":[{"@type":"ListItem","position":1,"name":"Home","item":"https:\/\/legrandcontinent.eu\/es\/"},{"@type":"ListItem","position":2,"name":"Camioneros polacos en huelga en la frontera ucraniana"}]},{"@type":"WebSite","@id":"https:\/\/legrandcontinent.eu\/es\/#website","url":"https:\/\/legrandcontinent.eu\/es\/","name":"El Grand Continent","description":"La escala pertinente","potentialAction":[{"@type":"SearchAction","target":{"@type":"EntryPoint","urlTemplate":"https:\/\/legrandcontinent.eu\/es\/?s={search_term_string}"},"query-input":{"@type":"PropertyValueSpecification","valueRequired":true,"valueName":"search_term_string"}}],"inLanguage":"es"},{"@type":"Person","@id":"https:\/\/legrandcontinent.eu\/es\/#\/schema\/person\/cdd782c93d4a9eda86ab19a8c01cdf5c","name":"florent","image":{"@type":"ImageObject","inLanguage":"es","@id":"https:\/\/legrandcontinent.eu\/es\/#\/schema\/person\/image\/","url":"https:\/\/secure.gravatar.com\/avatar\/0d38d78c90602daf39b309035cdac6bc?s=96&d=mm&r=g","contentUrl":"https:\/\/secure.gravatar.com\/avatar\/0d38d78c90602daf39b309035cdac6bc?s=96&d=mm&r=g","caption":"florent"}}]}},"lgc_categories":[{"id":216,"name":"La guerra en Ucrania d\u00eda a d\u00eda","slug":"la-guerra-en-ucrania-dia-a-dia"}],"lgc_author":null,"feature_image_summary":{"url":"https:\/\/legrandcontinent.eu\/es\/wp-content\/uploads\/sites\/6\/2023\/11\/Fy20c-porcentaje-del-total-de-trabajadores-del-sector-del-transporte-por-carretera-en-la-uni-n-europea-.png","width":1240,"height":1200,"alt":""},"feature_image_cover":null,"term_position_data":null,"_links":{"self":[{"href":"https:\/\/legrandcontinent.eu\/es\/wp-json\/wp\/v2\/posts\/26192","targetHints":{"allow":["GET"]}}],"collection":[{"href":"https:\/\/legrandcontinent.eu\/es\/wp-json\/wp\/v2\/posts"}],"about":[{"href":"https:\/\/legrandcontinent.eu\/es\/wp-json\/wp\/v2\/types\/post"}],"author":[{"embeddable":true,"href":"https:\/\/legrandcontinent.eu\/es\/wp-json\/wp\/v2\/users\/1366"}],"replies":[{"embeddable":true,"href":"https:\/\/legrandcontinent.eu\/es\/wp-json\/wp\/v2\/comments?post=26192"}],"version-history":[{"count":0,"href":"https:\/\/legrandcontinent.eu\/es\/wp-json\/wp\/v2\/posts\/26192\/revisions"}],"wp:featuredmedia":[{"embeddable":true,"href":"https:\/\/legrandcontinent.eu\/es\/wp-json\/wp\/v2\/media\/26195"}],"wp:attachment":[{"href":"https:\/\/legrandcontinent.eu\/es\/wp-json\/wp\/v2\/media?parent=26192"}],"wp:term":[{"taxonomy":"category","embeddable":true,"href":"https:\/\/legrandcontinent.eu\/es\/wp-json\/wp\/v2\/categories?post=26192"},{"taxonomy":"post_tag","embeddable":true,"href":"https:\/\/legrandcontinent.eu\/es\/wp-json\/wp\/v2\/tags?post=26192"},{"taxonomy":"staff","embeddable":true,"href":"https:\/\/legrandcontinent.eu\/es\/wp-json\/wp\/v2\/staff?post=26192"},{"taxonomy":"editorial_format","embeddable":true,"href":"https:\/\/legrandcontinent.eu\/es\/wp-json\/wp\/v2\/editorial_format?post=26192"},{"taxonomy":"serie","embeddable":true,"href":"https:\/\/legrandcontinent.eu\/es\/wp-json\/wp\/v2\/serie?post=26192"},{"taxonomy":"audience","embeddable":true,"href":"https:\/\/legrandcontinent.eu\/es\/wp-json\/wp\/v2\/audience?post=26192"},{"taxonomy":"geo","embeddable":true,"href":"https:\/\/legrandcontinent.eu\/es\/wp-json\/wp\/v2\/geo?post=26192"}],"curies":[{"name":"wp","href":"https:\/\/api.w.org\/{rel}","templated":true}]}}