{"id":25799,"date":"2023-11-02T06:00:00","date_gmt":"2023-11-02T05:00:00","guid":{"rendered":"https:\/\/legrandcontinent.eu\/es\/?p=25799"},"modified":"2023-11-02T10:35:21","modified_gmt":"2023-11-02T09:35:21","slug":"etiopia-un-ano-despues-del-acuerdo-de-paz-en-uno-de-los-conflictos-mas-mortiferos-del-siglo-xxi-las-violencias-continuan","status":"publish","type":"post","link":"https:\/\/legrandcontinent.eu\/es\/2023\/11\/02\/etiopia-un-ano-despues-del-acuerdo-de-paz-en-uno-de-los-conflictos-mas-mortiferos-del-siglo-xxi-las-violencias-continuan\/","title":{"rendered":"Etiop\u00eda: un a\u00f1o despu\u00e9s del acuerdo de paz en uno de los conflictos m\u00e1s mort\u00edferos del siglo XXI, las violencias contin\u00faan"},"content":{"rendered":"\n<p>El conflicto armado en Etiop\u00eda es uno de los m\u00e1s mort\u00edferos del siglo XXI. En el a\u00f1o 2022, la guerra de Tigray se cobr\u00f3 m\u00e1s vidas en combate que la guerra en Ucrania, seg\u00fan el Instituto de Investigaci\u00f3n para la Paz de Oslo, con m\u00e1s de cien mil muertos frente a los 81.000 de Ucrania&nbsp;<span class='whitespace-nowrap'><span id='easy-footnote-1-25799' class='easy-footnote-margin-adjust'><\/span><span class='easy-footnote'><a href='https:\/\/legrandcontinent.eu\/es\/2023\/11\/02\/etiopia-un-ano-despues-del-acuerdo-de-paz-en-uno-de-los-conflictos-mas-mortiferos-del-siglo-xxi-las-violencias-continuan\/#easy-footnote-bottom-1-25799' title='Peace Research Institute Oslo, \u00ab\u00a0&lt;a href=&quot;https:\/\/cdn.cloud.prio.org\/files\/dc754702-b1ec-4787-97bb-7a41f187036a\/Obermeier%20%20Rustad%20-%20Conflict%20Trends%20A%20Global%20Overview%201946-2022%20PRIO%20Paper%202023.pdf?inline=true&quot;&gt;Conflict Trends\u00a0: A Global Overview, 1946-2022&lt;\/a&gt;\u00a0\u00bb, junio de 2023.'><sup>1<\/sup><\/a><\/span><\/span>. Las estimaciones de v\u00edctimas civiles oscilan entre 300.000 y 800.000&nbsp;<span class='whitespace-nowrap'><span id='easy-footnote-2-25799' class='easy-footnote-margin-adjust'><\/span><span class='easy-footnote'><a href='https:\/\/legrandcontinent.eu\/es\/2023\/11\/02\/etiopia-un-ano-despues-del-acuerdo-de-paz-en-uno-de-los-conflictos-mas-mortiferos-del-siglo-xxi-las-violencias-continuan\/#easy-footnote-bottom-2-25799' title='Seg\u00fan un estudio de la universidad Ghent, Jan Nyssen, \u00ab\u00a0&lt;a href=&quot;https:\/\/www.researchgate.net\/publication\/367272415_Documenting_the_civilian_victims_of_the_Tigray_war&quot;&gt;Documenting the civilian victims of the Tigray war&lt;\/a&gt;\u00a0\u00bb, enero de 2023.'><sup>2<\/sup><\/a><\/span><\/span>.<\/p>\n\n\n\n<ul class=\"wp-block-list\">\n<li>La guerra en Tigray comenz\u00f3 el 4 de noviembre de 2020, cuando el Frente de Liberaci\u00f3n del Pueblo de Tigray (TPLF) lanz\u00f3 una rebeli\u00f3n contra el gobierno del primer ministro Abiy Ahmed -que hab\u00eda llegado al poder dos a\u00f1os antes- y el gobierno de este \u00faltimo pas\u00f3 a la ofensiva.<\/li>\n<\/ul>\n\n\n\n<ul class=\"wp-block-list\">\n<li>La rebeli\u00f3n de las fuerzas tigrayanas se produjo despu\u00e9s de que Abiy Ahmed sustituyera a su coalici\u00f3n, el Frente Democr\u00e1tico Revolucionario del Pueblo Et\u00edope, por un partido unificado sin referencia \u00e9tnica, el Partido de la Prosperidad, lo que provoc\u00f3 que el TPLF se distanciara del nuevo gobierno, que tambi\u00e9n discriminaba a los tigrayanos \u00e9tnicos.<\/li>\n<\/ul>\n\n\n\n<ul class=\"wp-block-list\">\n<li>El acuerdo de paz firmado el 2 de noviembre de 2022, con la mediaci\u00f3n de la Uni\u00f3n Africana, pretend\u00eda poner fin a los combates y al bloqueo gubernamental de la regi\u00f3n de Tigray, permitir la entrada de ayuda humanitaria en la regi\u00f3n y restablecer los servicios esenciales para la poblaci\u00f3n.<\/li>\n<\/ul>\n\n\n\n<p>El pasado mes de octubre, Naciones Unidas anunci\u00f3 que el Consejo de Derechos Humanos no renovar\u00eda el mandato de la Comisi\u00f3n de Investigaci\u00f3n sobre los Cr\u00edmenes de Guerra y los Abusos Cometidos en el Contexto del Conflicto, creada en diciembre de 2021 con el apoyo, en particular, de la Uni\u00f3n Europea.<\/p>\n\n\n\n<ul class=\"wp-block-list\">\n<li>En el comunicado de prensa que acompa\u00f1aba la publicaci\u00f3n de su \u00faltimo informe, el 13 de octubre, el presidente de la Comisi\u00f3n advert\u00eda de que la comunidad regional e internacional \u00abno debe olvidar a las v\u00edctimas de este brutal conflicto\u00bb.<\/li>\n<\/ul>\n\n\n\n<ul class=\"wp-block-list\">\n<li>Los cr\u00edmenes de guerra en Etiop\u00eda se documentaron ya en 2021, en un informe de Naciones Unidas que se\u00f1alaba la \u00abextrema brutalidad\u00bb del conflicto y las posibles violaciones del derecho internacional humanitario, con abusos cometidos tanto por las fuerzas gubernamentales et\u00edopes como por los insurgentes de Tigray.<\/li>\n<\/ul>\n\n\n\n<ul class=\"wp-block-list\">\n<li>Un estudio publicado en julio de 2023&nbsp;<span class='whitespace-nowrap'><span id='easy-footnote-3-25799' class='easy-footnote-margin-adjust'><\/span><span class='easy-footnote'><a href='https:\/\/legrandcontinent.eu\/es\/2023\/11\/02\/etiopia-un-ano-despues-del-acuerdo-de-paz-en-uno-de-los-conflictos-mas-mortiferos-del-siglo-xxi-las-violencias-continuan\/#easy-footnote-bottom-3-25799' title='Fisseha G. et al., \u00ab\u00a0&lt;a href=&quot;https:\/\/gh.bmj.com\/content\/8\/7\/e010270?rss=1&quot;&gt;War-related sexual and gender-based violence in Tigray, Northern Ethiopia\u00a0: a community-based study&lt;\/a&gt;\u00a0\u00bb, BMJ Global Health, 2023.'><sup>3<\/sup><\/a><\/span><\/span> tambi\u00e9n destacaba el car\u00e1cter generalizado de la violencia sexual y de g\u00e9nero en el contexto del conflicto. Casi el 10% de las mujeres y ni\u00f1as encuestadas hab\u00edan sido v\u00edctimas de violencia sexual, en su mayor\u00eda violaciones; el 30% hab\u00eda sufrido violencia f\u00edsica.<\/li>\n<\/ul>\n\n\n\n<div class=\"iframe-container wp-block-image wp-block-image-medium  iframe-dw\">\n\t<div>\n\t\t<iframe class=\"absolute w-full h-full pin-t pin-l\" title=\"titolo\" aria-label=\"Interactive line chart\" src=\"\/\/datawrapper.dwcdn.net\/JwlZz\/\" scrolling=\"no\" frameborder=\"0\"><\/iframe>\n\t<\/div>\n<\/div>\n\n\n\n<p>Los conflictos territoriales contin\u00faan en Etiop\u00eda. Ha habido enfrentamientos y violencia en la regi\u00f3n de Oromia&nbsp;<span class='whitespace-nowrap'><span id='easy-footnote-4-25799' class='easy-footnote-margin-adjust'><\/span><span class='easy-footnote'><a href='https:\/\/legrandcontinent.eu\/es\/2023\/11\/02\/etiopia-un-ano-despues-del-acuerdo-de-paz-en-uno-de-los-conflictos-mas-mortiferos-del-siglo-xxi-las-violencias-continuan\/#easy-footnote-bottom-4-25799' title='RFI, \u00ab\u00a0&lt;a href=&quot;https:\/\/www.rfi.fr\/fr\/afrique\/20230520-%C3%A9thiopie-violents-combats-dans-l-oromia-malgr%C3%A9-des-pourparlers-entre-gouvernement-et-rebelles&quot;&gt;\u00c9thiopie\u00a0: violents combats dans l\u2019Oromia malgr\u00e9 des pourparlers entre gouvernement et rebelles&lt;\/a&gt;\u00a0\u00bb, mayo de 2023.'><sup>4<\/sup><\/a><\/span><\/span>. En agosto, el primer ministro, Abiy Ahmed, declar\u00f3 el estado de emergencia durante seis meses en la regi\u00f3n de Amhara&nbsp;<span class='whitespace-nowrap'><span id='easy-footnote-5-25799' class='easy-footnote-margin-adjust'><\/span><span class='easy-footnote'><a href='https:\/\/legrandcontinent.eu\/es\/2023\/11\/02\/etiopia-un-ano-despues-del-acuerdo-de-paz-en-uno-de-los-conflictos-mas-mortiferos-del-siglo-xxi-las-violencias-continuan\/#easy-footnote-bottom-5-25799' title='France 24, \u00ab\u00a0&lt;a href=&quot;https:\/\/www.france24.com\/en\/video\/20230804-ethiopia-declares-state-of-emergency-over-amhara-violence&quot;&gt;Ethiopia declares \u2018state of emergency\u2019 over Amhara violence&lt;\/a&gt;\u00a0\u00bb, 4 de agosto de 2023.'><sup>5<\/sup><\/a><\/span><\/span>, fronteriza con Tigray y escenario de enfrentamientos entre las fuerzas gubernamentales y las fuerzas armadas regionales -anteriormente aliadas en el conflicto de Tigray-, en particular las fuerzas regionales pertenecientes a la milicia Fano. Un ataque a\u00e9reo mat\u00f3 a m\u00e1s de veinte personas en agosto, y Naciones Unidas anunci\u00f3&nbsp;<span class='whitespace-nowrap'><span id='easy-footnote-6-25799' class='easy-footnote-margin-adjust'><\/span><span class='easy-footnote'><a href='https:\/\/legrandcontinent.eu\/es\/2023\/11\/02\/etiopia-un-ano-despues-del-acuerdo-de-paz-en-uno-de-los-conflictos-mas-mortiferos-del-siglo-xxi-las-violencias-continuan\/#easy-footnote-bottom-6-25799' title='Reuters, \u00ab\u00a0&lt;a href=&quot;https:\/\/www.reuters.com\/article\/ethiopie-conflit-ahmara-idFRKBN31U1A2&quot;&gt;Fighting in Ethiopia\u2019s Amhara kills at least 183, UN says&lt;\/a&gt;\u00a0\u00bb, 29 de agosto de 2023.'><sup>6<\/sup><\/a><\/span><\/span> que al menos 183 personas hab\u00edan muerto en enfrentamientos entre julio y agosto.<\/p>\n","protected":false},"excerpt":{"rendered":"<p>La guerra de Tigray es uno de los conflictos m\u00e1s mort\u00edferos de las dos \u00faltimas d\u00e9cadas, causando en 2022 m\u00e1s muertos en combate que la guerra de Ucrania. Hoy, jueves 2 de noviembre, se cumple un a\u00f1o de la firma del acuerdo de paz entre el gobierno et\u00edope y el Frente Popular de Liberaci\u00f3n de Tigray, pero la violencia contin\u00faa en Etiop\u00eda.<\/p>\n","protected":false},"author":1366,"featured_media":25800,"comment_status":"closed","ping_status":"","sticky":false,"template":"templates\/post-briefings.php","format":"standard","meta":{"_acf_changed":false,"_trash_the_other_posts":false,"_yoast_wpseo_estimated-reading-time-minutes":3,"footnotes":""},"categories":[128],"tags":[],"staff":[],"editorial_format":[],"serie":[],"audience":[],"geo":[195],"class_list":["post-25799","post","type-post","status-publish","format-standard","hentry","category-guerra","geo-africas-subsaharianas"],"acf":{"open_in_webview":false,"accent":false},"yoast_head":"<!-- This site is optimized with the Yoast SEO plugin v26.1.1 - https:\/\/yoast.com\/wordpress\/plugins\/seo\/ -->\n<title>Etiop\u00eda: un a\u00f1o despu\u00e9s del acuerdo de paz en uno de los conflictos m\u00e1s mort\u00edferos del siglo XXI, las violencias contin\u00faan - El Grand Continent<\/title>\n<meta name=\"robots\" content=\"index, follow, max-snippet:-1, max-image-preview:large, max-video-preview:-1\" \/>\n<link rel=\"canonical\" href=\"https:\/\/legrandcontinent.eu\/es\/2023\/11\/02\/etiopia-un-ano-despues-del-acuerdo-de-paz-en-uno-de-los-conflictos-mas-mortiferos-del-siglo-xxi-las-violencias-continuan\/\" \/>\n<meta property=\"og:locale\" content=\"es_ES\" \/>\n<meta property=\"og:type\" content=\"article\" \/>\n<meta property=\"og:title\" content=\"Etiop\u00eda: un a\u00f1o despu\u00e9s del acuerdo de paz en uno de los conflictos m\u00e1s mort\u00edferos del siglo XXI, las violencias contin\u00faan - El Grand Continent\" \/>\n<meta property=\"og:description\" content=\"La guerra de Tigray es uno de los conflictos m\u00e1s mort\u00edferos de las dos \u00faltimas d\u00e9cadas, causando en 2022 m\u00e1s muertos en combate que la guerra de Ucrania. Hoy, jueves 2 de noviembre, se cumple un a\u00f1o de la firma del acuerdo de paz entre el gobierno et\u00edope y el Frente Popular de Liberaci\u00f3n de Tigray, pero la violencia contin\u00faa en Etiop\u00eda.\" \/>\n<meta property=\"og:url\" content=\"https:\/\/legrandcontinent.eu\/es\/2023\/11\/02\/etiopia-un-ano-despues-del-acuerdo-de-paz-en-uno-de-los-conflictos-mas-mortiferos-del-siglo-xxi-las-violencias-continuan\/\" \/>\n<meta property=\"og:site_name\" content=\"El Grand Continent\" \/>\n<meta property=\"article:published_time\" content=\"2023-11-02T05:00:00+00:00\" \/>\n<meta property=\"article:modified_time\" content=\"2023-11-02T09:35:21+00:00\" \/>\n<meta property=\"og:image\" content=\"https:\/\/legrandcontinent.eu\/es\/wp-content\/uploads\/sites\/6\/2023\/11\/JwlZz-etiop-a-guerra-de-tigray-y-regiones-recientemente-afectadas-por-la-violencia-.png\" \/>\n\t<meta property=\"og:image:width\" content=\"1140\" \/>\n\t<meta property=\"og:image:height\" content=\"1116\" \/>\n\t<meta property=\"og:image:type\" content=\"image\/png\" \/>\n<meta name=\"author\" content=\"florent\" \/>\n<meta name=\"twitter:card\" content=\"summary_large_image\" \/>\n<meta name=\"twitter:label1\" content=\"Escrito por\" \/>\n\t<meta name=\"twitter:data1\" content=\"florent\" \/>\n\t<meta name=\"twitter:label2\" content=\"Tiempo de lectura\" \/>\n\t<meta name=\"twitter:data2\" content=\"3 minutos\" \/>\n<script type=\"application\/ld+json\" class=\"yoast-schema-graph\">{\"@context\":\"https:\/\/schema.org\",\"@graph\":[{\"@type\":\"WebPage\",\"@id\":\"https:\/\/legrandcontinent.eu\/es\/2023\/11\/02\/etiopia-un-ano-despues-del-acuerdo-de-paz-en-uno-de-los-conflictos-mas-mortiferos-del-siglo-xxi-las-violencias-continuan\/\",\"url\":\"https:\/\/legrandcontinent.eu\/es\/2023\/11\/02\/etiopia-un-ano-despues-del-acuerdo-de-paz-en-uno-de-los-conflictos-mas-mortiferos-del-siglo-xxi-las-violencias-continuan\/\",\"name\":\"Etiop\u00eda: un a\u00f1o despu\u00e9s del acuerdo de paz en uno de los conflictos m\u00e1s mort\u00edferos del siglo XXI, las violencias contin\u00faan - El Grand Continent\",\"isPartOf\":{\"@id\":\"https:\/\/legrandcontinent.eu\/es\/#website\"},\"primaryImageOfPage\":{\"@id\":\"https:\/\/legrandcontinent.eu\/es\/2023\/11\/02\/etiopia-un-ano-despues-del-acuerdo-de-paz-en-uno-de-los-conflictos-mas-mortiferos-del-siglo-xxi-las-violencias-continuan\/#primaryimage\"},\"image\":{\"@id\":\"https:\/\/legrandcontinent.eu\/es\/2023\/11\/02\/etiopia-un-ano-despues-del-acuerdo-de-paz-en-uno-de-los-conflictos-mas-mortiferos-del-siglo-xxi-las-violencias-continuan\/#primaryimage\"},\"thumbnailUrl\":\"https:\/\/legrandcontinent.eu\/es\/wp-content\/uploads\/sites\/6\/2023\/11\/JwlZz-etiop-a-guerra-de-tigray-y-regiones-recientemente-afectadas-por-la-violencia-.png\",\"datePublished\":\"2023-11-02T05:00:00+00:00\",\"dateModified\":\"2023-11-02T09:35:21+00:00\",\"author\":{\"@id\":\"https:\/\/legrandcontinent.eu\/es\/#\/schema\/person\/cdd782c93d4a9eda86ab19a8c01cdf5c\"},\"breadcrumb\":{\"@id\":\"https:\/\/legrandcontinent.eu\/es\/2023\/11\/02\/etiopia-un-ano-despues-del-acuerdo-de-paz-en-uno-de-los-conflictos-mas-mortiferos-del-siglo-xxi-las-violencias-continuan\/#breadcrumb\"},\"inLanguage\":\"es\",\"potentialAction\":[{\"@type\":\"ReadAction\",\"target\":[\"https:\/\/legrandcontinent.eu\/es\/2023\/11\/02\/etiopia-un-ano-despues-del-acuerdo-de-paz-en-uno-de-los-conflictos-mas-mortiferos-del-siglo-xxi-las-violencias-continuan\/\"]}]},{\"@type\":\"ImageObject\",\"inLanguage\":\"es\",\"@id\":\"https:\/\/legrandcontinent.eu\/es\/2023\/11\/02\/etiopia-un-ano-despues-del-acuerdo-de-paz-en-uno-de-los-conflictos-mas-mortiferos-del-siglo-xxi-las-violencias-continuan\/#primaryimage\",\"url\":\"https:\/\/legrandcontinent.eu\/es\/wp-content\/uploads\/sites\/6\/2023\/11\/JwlZz-etiop-a-guerra-de-tigray-y-regiones-recientemente-afectadas-por-la-violencia-.png\",\"contentUrl\":\"https:\/\/legrandcontinent.eu\/es\/wp-content\/uploads\/sites\/6\/2023\/11\/JwlZz-etiop-a-guerra-de-tigray-y-regiones-recientemente-afectadas-por-la-violencia-.png\",\"width\":1140,\"height\":1116},{\"@type\":\"BreadcrumbList\",\"@id\":\"https:\/\/legrandcontinent.eu\/es\/2023\/11\/02\/etiopia-un-ano-despues-del-acuerdo-de-paz-en-uno-de-los-conflictos-mas-mortiferos-del-siglo-xxi-las-violencias-continuan\/#breadcrumb\",\"itemListElement\":[{\"@type\":\"ListItem\",\"position\":1,\"name\":\"Home\",\"item\":\"https:\/\/legrandcontinent.eu\/es\/\"},{\"@type\":\"ListItem\",\"position\":2,\"name\":\"Etiop\u00eda: un a\u00f1o despu\u00e9s del acuerdo de paz en uno de los conflictos m\u00e1s mort\u00edferos del siglo XXI, las violencias contin\u00faan\"}]},{\"@type\":\"WebSite\",\"@id\":\"https:\/\/legrandcontinent.eu\/es\/#website\",\"url\":\"https:\/\/legrandcontinent.eu\/es\/\",\"name\":\"El Grand Continent\",\"description\":\"La escala pertinente\",\"potentialAction\":[{\"@type\":\"SearchAction\",\"target\":{\"@type\":\"EntryPoint\",\"urlTemplate\":\"https:\/\/legrandcontinent.eu\/es\/?s={search_term_string}\"},\"query-input\":{\"@type\":\"PropertyValueSpecification\",\"valueRequired\":true,\"valueName\":\"search_term_string\"}}],\"inLanguage\":\"es\"},{\"@type\":\"Person\",\"@id\":\"https:\/\/legrandcontinent.eu\/es\/#\/schema\/person\/cdd782c93d4a9eda86ab19a8c01cdf5c\",\"name\":\"florent\",\"image\":{\"@type\":\"ImageObject\",\"inLanguage\":\"es\",\"@id\":\"https:\/\/legrandcontinent.eu\/es\/#\/schema\/person\/image\/\",\"url\":\"https:\/\/secure.gravatar.com\/avatar\/0d38d78c90602daf39b309035cdac6bc?s=96&d=mm&r=g\",\"contentUrl\":\"https:\/\/secure.gravatar.com\/avatar\/0d38d78c90602daf39b309035cdac6bc?s=96&d=mm&r=g\",\"caption\":\"florent\"}}]}<\/script>\n<!-- \/ Yoast SEO plugin. -->","yoast_head_json":{"title":"Etiop\u00eda: un a\u00f1o despu\u00e9s del acuerdo de paz en uno de los conflictos m\u00e1s mort\u00edferos del siglo XXI, las violencias contin\u00faan - El Grand Continent","robots":{"index":"index","follow":"follow","max-snippet":"max-snippet:-1","max-image-preview":"max-image-preview:large","max-video-preview":"max-video-preview:-1"},"canonical":"https:\/\/legrandcontinent.eu\/es\/2023\/11\/02\/etiopia-un-ano-despues-del-acuerdo-de-paz-en-uno-de-los-conflictos-mas-mortiferos-del-siglo-xxi-las-violencias-continuan\/","og_locale":"es_ES","og_type":"article","og_title":"Etiop\u00eda: un a\u00f1o despu\u00e9s del acuerdo de paz en uno de los conflictos m\u00e1s mort\u00edferos del siglo XXI, las violencias contin\u00faan - El Grand Continent","og_description":"La guerra de Tigray es uno de los conflictos m\u00e1s mort\u00edferos de las dos \u00faltimas d\u00e9cadas, causando en 2022 m\u00e1s muertos en combate que la guerra de Ucrania. Hoy, jueves 2 de noviembre, se cumple un a\u00f1o de la firma del acuerdo de paz entre el gobierno et\u00edope y el Frente Popular de Liberaci\u00f3n de Tigray, pero la violencia contin\u00faa en Etiop\u00eda.","og_url":"https:\/\/legrandcontinent.eu\/es\/2023\/11\/02\/etiopia-un-ano-despues-del-acuerdo-de-paz-en-uno-de-los-conflictos-mas-mortiferos-del-siglo-xxi-las-violencias-continuan\/","og_site_name":"El Grand Continent","article_published_time":"2023-11-02T05:00:00+00:00","article_modified_time":"2023-11-02T09:35:21+00:00","og_image":[{"width":1140,"height":1116,"url":"https:\/\/legrandcontinent.eu\/es\/wp-content\/uploads\/sites\/6\/2023\/11\/JwlZz-etiop-a-guerra-de-tigray-y-regiones-recientemente-afectadas-por-la-violencia-.png","type":"image\/png"}],"author":"florent","twitter_card":"summary_large_image","twitter_misc":{"Escrito por":"florent","Tiempo de lectura":"3 minutos"},"schema":{"@context":"https:\/\/schema.org","@graph":[{"@type":"WebPage","@id":"https:\/\/legrandcontinent.eu\/es\/2023\/11\/02\/etiopia-un-ano-despues-del-acuerdo-de-paz-en-uno-de-los-conflictos-mas-mortiferos-del-siglo-xxi-las-violencias-continuan\/","url":"https:\/\/legrandcontinent.eu\/es\/2023\/11\/02\/etiopia-un-ano-despues-del-acuerdo-de-paz-en-uno-de-los-conflictos-mas-mortiferos-del-siglo-xxi-las-violencias-continuan\/","name":"Etiop\u00eda: un a\u00f1o despu\u00e9s del acuerdo de paz en uno de los conflictos m\u00e1s mort\u00edferos del siglo XXI, las violencias contin\u00faan - El Grand Continent","isPartOf":{"@id":"https:\/\/legrandcontinent.eu\/es\/#website"},"primaryImageOfPage":{"@id":"https:\/\/legrandcontinent.eu\/es\/2023\/11\/02\/etiopia-un-ano-despues-del-acuerdo-de-paz-en-uno-de-los-conflictos-mas-mortiferos-del-siglo-xxi-las-violencias-continuan\/#primaryimage"},"image":{"@id":"https:\/\/legrandcontinent.eu\/es\/2023\/11\/02\/etiopia-un-ano-despues-del-acuerdo-de-paz-en-uno-de-los-conflictos-mas-mortiferos-del-siglo-xxi-las-violencias-continuan\/#primaryimage"},"thumbnailUrl":"https:\/\/legrandcontinent.eu\/es\/wp-content\/uploads\/sites\/6\/2023\/11\/JwlZz-etiop-a-guerra-de-tigray-y-regiones-recientemente-afectadas-por-la-violencia-.png","datePublished":"2023-11-02T05:00:00+00:00","dateModified":"2023-11-02T09:35:21+00:00","author":{"@id":"https:\/\/legrandcontinent.eu\/es\/#\/schema\/person\/cdd782c93d4a9eda86ab19a8c01cdf5c"},"breadcrumb":{"@id":"https:\/\/legrandcontinent.eu\/es\/2023\/11\/02\/etiopia-un-ano-despues-del-acuerdo-de-paz-en-uno-de-los-conflictos-mas-mortiferos-del-siglo-xxi-las-violencias-continuan\/#breadcrumb"},"inLanguage":"es","potentialAction":[{"@type":"ReadAction","target":["https:\/\/legrandcontinent.eu\/es\/2023\/11\/02\/etiopia-un-ano-despues-del-acuerdo-de-paz-en-uno-de-los-conflictos-mas-mortiferos-del-siglo-xxi-las-violencias-continuan\/"]}]},{"@type":"ImageObject","inLanguage":"es","@id":"https:\/\/legrandcontinent.eu\/es\/2023\/11\/02\/etiopia-un-ano-despues-del-acuerdo-de-paz-en-uno-de-los-conflictos-mas-mortiferos-del-siglo-xxi-las-violencias-continuan\/#primaryimage","url":"https:\/\/legrandcontinent.eu\/es\/wp-content\/uploads\/sites\/6\/2023\/11\/JwlZz-etiop-a-guerra-de-tigray-y-regiones-recientemente-afectadas-por-la-violencia-.png","contentUrl":"https:\/\/legrandcontinent.eu\/es\/wp-content\/uploads\/sites\/6\/2023\/11\/JwlZz-etiop-a-guerra-de-tigray-y-regiones-recientemente-afectadas-por-la-violencia-.png","width":1140,"height":1116},{"@type":"BreadcrumbList","@id":"https:\/\/legrandcontinent.eu\/es\/2023\/11\/02\/etiopia-un-ano-despues-del-acuerdo-de-paz-en-uno-de-los-conflictos-mas-mortiferos-del-siglo-xxi-las-violencias-continuan\/#breadcrumb","itemListElement":[{"@type":"ListItem","position":1,"name":"Home","item":"https:\/\/legrandcontinent.eu\/es\/"},{"@type":"ListItem","position":2,"name":"Etiop\u00eda: un a\u00f1o despu\u00e9s del acuerdo de paz en uno de los conflictos m\u00e1s mort\u00edferos del siglo XXI, las violencias contin\u00faan"}]},{"@type":"WebSite","@id":"https:\/\/legrandcontinent.eu\/es\/#website","url":"https:\/\/legrandcontinent.eu\/es\/","name":"El Grand Continent","description":"La escala pertinente","potentialAction":[{"@type":"SearchAction","target":{"@type":"EntryPoint","urlTemplate":"https:\/\/legrandcontinent.eu\/es\/?s={search_term_string}"},"query-input":{"@type":"PropertyValueSpecification","valueRequired":true,"valueName":"search_term_string"}}],"inLanguage":"es"},{"@type":"Person","@id":"https:\/\/legrandcontinent.eu\/es\/#\/schema\/person\/cdd782c93d4a9eda86ab19a8c01cdf5c","name":"florent","image":{"@type":"ImageObject","inLanguage":"es","@id":"https:\/\/legrandcontinent.eu\/es\/#\/schema\/person\/image\/","url":"https:\/\/secure.gravatar.com\/avatar\/0d38d78c90602daf39b309035cdac6bc?s=96&d=mm&r=g","contentUrl":"https:\/\/secure.gravatar.com\/avatar\/0d38d78c90602daf39b309035cdac6bc?s=96&d=mm&r=g","caption":"florent"}}]}},"lgc_categories":[{"id":128,"name":"Guerra","slug":"guerra"}],"lgc_author":null,"feature_image_summary":{"url":"https:\/\/legrandcontinent.eu\/es\/wp-content\/uploads\/sites\/6\/2023\/11\/JwlZz-etiop-a-guerra-de-tigray-y-regiones-recientemente-afectadas-por-la-violencia-.png","width":1140,"height":1116,"alt":""},"feature_image_cover":null,"term_position_data":null,"_links":{"self":[{"href":"https:\/\/legrandcontinent.eu\/es\/wp-json\/wp\/v2\/posts\/25799","targetHints":{"allow":["GET"]}}],"collection":[{"href":"https:\/\/legrandcontinent.eu\/es\/wp-json\/wp\/v2\/posts"}],"about":[{"href":"https:\/\/legrandcontinent.eu\/es\/wp-json\/wp\/v2\/types\/post"}],"author":[{"embeddable":true,"href":"https:\/\/legrandcontinent.eu\/es\/wp-json\/wp\/v2\/users\/1366"}],"replies":[{"embeddable":true,"href":"https:\/\/legrandcontinent.eu\/es\/wp-json\/wp\/v2\/comments?post=25799"}],"version-history":[{"count":0,"href":"https:\/\/legrandcontinent.eu\/es\/wp-json\/wp\/v2\/posts\/25799\/revisions"}],"wp:featuredmedia":[{"embeddable":true,"href":"https:\/\/legrandcontinent.eu\/es\/wp-json\/wp\/v2\/media\/25800"}],"wp:attachment":[{"href":"https:\/\/legrandcontinent.eu\/es\/wp-json\/wp\/v2\/media?parent=25799"}],"wp:term":[{"taxonomy":"category","embeddable":true,"href":"https:\/\/legrandcontinent.eu\/es\/wp-json\/wp\/v2\/categories?post=25799"},{"taxonomy":"post_tag","embeddable":true,"href":"https:\/\/legrandcontinent.eu\/es\/wp-json\/wp\/v2\/tags?post=25799"},{"taxonomy":"staff","embeddable":true,"href":"https:\/\/legrandcontinent.eu\/es\/wp-json\/wp\/v2\/staff?post=25799"},{"taxonomy":"editorial_format","embeddable":true,"href":"https:\/\/legrandcontinent.eu\/es\/wp-json\/wp\/v2\/editorial_format?post=25799"},{"taxonomy":"serie","embeddable":true,"href":"https:\/\/legrandcontinent.eu\/es\/wp-json\/wp\/v2\/serie?post=25799"},{"taxonomy":"audience","embeddable":true,"href":"https:\/\/legrandcontinent.eu\/es\/wp-json\/wp\/v2\/audience?post=25799"},{"taxonomy":"geo","embeddable":true,"href":"https:\/\/legrandcontinent.eu\/es\/wp-json\/wp\/v2\/geo?post=25799"}],"curies":[{"name":"wp","href":"https:\/\/api.w.org\/{rel}","templated":true}]}}