{"id":25135,"date":"2023-10-20T18:00:00","date_gmt":"2023-10-20T16:00:00","guid":{"rendered":"https:\/\/legrandcontinent.eu\/es\/?p=25135"},"modified":"2023-10-20T19:23:01","modified_gmt":"2023-10-20T17:23:01","slug":"manifestaciones-de-apoyo-a-palestina-en-europa-un-primer-balance","status":"publish","type":"post","link":"https:\/\/legrandcontinent.eu\/es\/2023\/10\/20\/manifestaciones-de-apoyo-a-palestina-en-europa-un-primer-balance\/","title":{"rendered":"Manifestaciones de apoyo a Palestina en Europa: un primer balance"},"content":{"rendered":"\n<p>Mientras que la mayor\u00eda de los gobiernos europeos adoptaron una posici\u00f3n firme de apoyo a Israel en las horas posteriores al ataque &#8211;<a href=\"https:\/\/legrandcontinent.eu\/es\/2023\/10\/07\/israel-y-la-guerra-de-sucot-geopolitica-de-las-reacciones-al-ataque-de-hamas-del-7-de-octubre-mapa-exclusivo-actualizado-a-las-2030-madrid-1-x\/\">puedes encontrar nuestro mapa exclusivo de las reacciones internacionales al ataque de Ham\u00e1s aqu\u00ed<\/a>-, numerosas manifestaciones de apoyo a Palestina tuvieron lugar en Europa en la primera semana de la guerra de Sucot, movilizando a varias decenas de miles de personas en m\u00e1s de una docena de pa\u00edses.<\/p>\n\n\n\n<div class=\"iframe-container wp-block-image wp-block-image-medium  iframe-dw\">\n\t<div>\n\t\t<iframe class=\"absolute w-full h-full pin-t pin-l\" title=\"titolo\" aria-label=\"Interactive line chart\" src=\"\/\/datawrapper.dwcdn.net\/Wz4cg\/\" scrolling=\"no\" frameborder=\"0\"><\/iframe>\n\t<\/div>\n<\/div>\n\n\n\n<ul class=\"wp-block-list\">\n<li>Esta semana, el 17 de octubre, la explosi\u00f3n en el hospital Al-Ahli Arabi de Gaza, cuya causa y secuencia exactas a\u00fan no se han establecido -y cuya autor\u00eda se atribuyen Israel y la organizaci\u00f3n palestina Yihad Isl\u00e1mica- provoc\u00f3, sin embargo, un giro en las reacciones de dirigentes y opiniones en los pa\u00edses de la regi\u00f3n, donde la noche de la explosi\u00f3n tuvieron lugar varias manifestaciones de apoyo a Palestina.<\/li>\n<\/ul>\n\n\n\n<div class=\"iframe-container wp-block-image wp-block-image-medium  iframe-dw\">\n\t<div>\n\t\t<iframe class=\"absolute w-full h-full pin-t pin-l\" title=\"titolo\" aria-label=\"Interactive line chart\" src=\"\/\/datawrapper.dwcdn.net\/fRcDP\/\" scrolling=\"no\" frameborder=\"0\"><\/iframe>\n\t<\/div>\n<\/div>\n\n\n\n<ul class=\"wp-block-list\">\n<li>Tambi\u00e9n en Europa, la explosi\u00f3n en el hospital Al-Ahli Arabi coincidi\u00f3 con una nueva oleada de convocatorias de manifestaciones. En Italia est\u00e1n previstas varias manifestaciones en los pr\u00f3ximos d\u00edas. En Par\u00eds, una manifestaci\u00f3n reuni\u00f3 a varios miles de personas el jueves 19 de octubre.<\/li>\n<\/ul>\n\n\n\n<h2 class=\"wp-block-heading\">El contexto de seguridad interior y las reacciones de los gobiernos europeos<\/h2>\n\n\n\n<p>Las reacciones de los gobiernos al ataque de Ham\u00e1s contra Israel, adem\u00e1s de su visible dimensi\u00f3n exterior en declaraciones y actividad diplom\u00e1tica, tuvieron tambi\u00e9n una dimensi\u00f3n interior, a partir del 7 de octubre.<\/p>\n\n\n\n<ul class=\"wp-block-list\">\n<li>La anticipaci\u00f3n -seguida r\u00e1pidamente por la constataci\u00f3n- del aumento del n\u00famero de actos antisemitas constituy\u00f3 una importante cuesti\u00f3n de seguridad interior para los gobiernos europeos a partir del 7 de octubre. Francia reforz\u00f3 la seguridad en torno a los lugares de culto y las escuelas jud\u00edas el 7 de octubre. En Alemania, el canciller Olaf Scholz reafirm\u00f3 una pol\u00edtica de \u00abtolerancia cero\u00bb hacia el antisemitismo en su discurso ante el Bundestag el 12 de octubre. El 13 de octubre, el primer ministro brit\u00e1nico, Rishi Sunak, denunci\u00f3 un \u00abrepugnante aumento\u00bb del n\u00famero de actos antisemitas registrados en el Reino Unido&nbsp;<span class='whitespace-nowrap'><span id='easy-footnote-1-25135' class='easy-footnote-margin-adjust'><\/span><span class='easy-footnote'><a href='https:\/\/legrandcontinent.eu\/es\/2023\/10\/20\/manifestaciones-de-apoyo-a-palestina-en-europa-un-primer-balance\/#easy-footnote-bottom-1-25135' title='Reuters,\u00a0&lt;a href=&quot;https:\/\/www.reuters.com\/world\/uk\/uk-pm-sunak-says-there-has-been-disgusting-rise-antisemitic-incidents-2023-10-13\/&quot;&gt;\u00ab\u00a0UK PM Sunak\u00a0: There has been a \u2018disgusting\u2019 rise in antisemitic incidents\u00a0\u00bb&lt;\/a&gt;, 13 de octubre de 2023.'><sup>1<\/sup><\/a><\/span><\/span>. La polic\u00eda metropolitana de Londres declar\u00f3 haber registrado 105 denuncias de incidentes antisemitas y 75 delitos antisemitas entre el 29 de septiembre y el 12 de octubre, frente a 14 incidentes y 12 delitos en el mismo periodo del a\u00f1o pasado. En Francia, el Ministerio del Interior tambi\u00e9n facilit\u00f3 datos sobre el aumento del n\u00famero de actos antisemitas registrados desde el 7 de octubre: diez d\u00edas despu\u00e9s del ataque, 102 personas hab\u00edan sido detenidas por actos antisemitas o de apolog\u00eda del terrorismo, seg\u00fan el Ministerio.<\/li>\n<\/ul>\n\n\n\n<ul class=\"wp-block-list\">\n<li>Las reacciones de seguridad interior de varios gobiernos europeos se reflejaron tambi\u00e9n en su gesti\u00f3n de las manifestaciones de apoyo a Palestina. El 12 de octubre, en un telegrama enviado a los prefectos, el ministro franc\u00e9s del Interior pidi\u00f3 que se prohibieran las \u00abmanifestaciones propalestinas\u00bb, justificando su petici\u00f3n por el riesgo de alteraci\u00f3n del orden p\u00fablico. Sin embargo, el Consejo de Estado se\u00f1al\u00f3 que la decisi\u00f3n correspond\u00eda a los prefectos y no pod\u00eda ser impuesta sistem\u00e1ticamente por el Ministerio del Interior. Las autoridades de Viena tambi\u00e9n prohibieron una manifestaci\u00f3n propalestina el 11 de octubre. En Alemania tambi\u00e9n se prohibieron varias manifestaciones, por ejemplo por la polic\u00eda de Berl\u00edn el 15 de octubre. El gobierno h\u00fangaro prohibi\u00f3 todas las concentraciones de apoyo a Palestina.<\/li>\n<\/ul>\n\n\n\n<ul class=\"wp-block-list\">\n<li>El ministro de Asuntos Exteriores italiano, Antonio Tajani, matiz\u00f3 las posturas adoptadas por sus vecinos europeos, declarando en una entrevista el 15 de octubre que \u00abprohibir manifestaciones no violentas\u00bb, si no hab\u00eda indicios de que pudieran degenerar, no era, en su opini\u00f3n, algo justo.<\/li>\n<\/ul>\n\n\n\n<ul class=\"wp-block-list\">\n<li>Tambi\u00e9n hay que seguir de cerca la evoluci\u00f3n de las pol\u00edticas de prohibici\u00f3n y su justificaci\u00f3n por parte de los gobiernos. Por ejemplo, la manifestaci\u00f3n del jueves 19 de octubre en Par\u00eds, inicialmente suspendida por la prefectura, fue finalmente autorizada por decisi\u00f3n del Tribunal Administrativo de Par\u00eds, que dictamin\u00f3 que la prohibici\u00f3n constitu\u00eda \u00abuna violaci\u00f3n grave y manifiestamente ilegal de la libertad de manifestaci\u00f3n\u00bb. Seg\u00fan <em>Deutsche Welle<\/em>, un tribunal regional de Colonia anul\u00f3 una prohibici\u00f3n similar de manifestaciones.<\/li>\n<\/ul>\n\n\n\n<ul class=\"wp-block-list\">\n<li>El tema de la cobertura medi\u00e1tica de estas concentraciones result\u00f3 especialmente delicado en los pa\u00edses occidentales en los primeros d\u00edas posteriores al ataque del 7 de octubre, y centr\u00f3 la atenci\u00f3n en el Reino Unido en particular. La BBC fue duramente criticada por describir las concentraciones como manifestaciones \u00aben apoyo de Ham\u00e1s\u00bb. Finalmente, la BBC se retract\u00f3 y corrigi\u00f3 su cobertura de los hechos, en palabras de su presentadora Maryam Moshiri: \u00abReconocemos que estos comentarios estaban mal redactados y eran una descripci\u00f3n enga\u00f1osa de la manifestaci\u00f3n propalestina\u00bb. Cabe se\u00f1alar que la BBC tambi\u00e9n ha sido criticada por no utilizar el t\u00e9rmino \u00abterrorista\u00bb&nbsp;<span class='whitespace-nowrap'><span id='easy-footnote-2-25135' class='easy-footnote-margin-adjust'><\/span><span class='easy-footnote'><a href='https:\/\/legrandcontinent.eu\/es\/2023\/10\/20\/manifestaciones-de-apoyo-a-palestina-en-europa-un-primer-balance\/#easy-footnote-bottom-2-25135' title='BBC News,\u00a0&lt;a href=&quot;https:\/\/www.bbc.co.uk\/news\/entertainment-arts-67076341&quot;&gt;\u00ab\u00a0BBC defends policy not to call Hamas \u2018terrorists\u2019 after criticism\u00a0\u00bb&lt;\/a&gt;, 11 de octubre de 2023.'><sup>2<\/sup><\/a><\/span><\/span> para describir a la organizaci\u00f3n Ham\u00e1s, en particular por el Partido Conservador, incluido el actual Secretario de Estado de Defensa, Grant Shapps.<\/li>\n<\/ul>\n\n\n\n<p>Por \u00faltimo, en este contexto, el ataque con cuchillo que provoc\u00f3 la muerte de un profesor en Arras el viernes 13 de octubre en Francia y el atentado que caus\u00f3 la muerte de dos suecos en Bruselas el 16 de octubre, reivindicado el martes 17 de octubre por la organizaci\u00f3n Estado Isl\u00e1mico, marcan tambi\u00e9n el regreso de los atentados islamistas en suelo europeo. Se trata de un punto de inflexi\u00f3n en cuanto a las pol\u00edticas de seguridad interior adoptadas por los gobiernos, pero tambi\u00e9n en cuanto a su politizaci\u00f3n -en Francia, por ejemplo, en el contexto del debate parlamentario sobre la propuesta de ley de inmigraci\u00f3n del gobierno-.<\/p>\n","protected":false},"excerpt":{"rendered":"<p>Desde el ataque de Ham\u00e1s a Israel el 7 de octubre y el inicio de la actual respuesta israel\u00ed en la Franja de Gaza, se han celebrado manifestaciones en varios pa\u00edses europeos en homenaje a las v\u00edctimas del ataque de Ham\u00e1s, por la devoluci\u00f3n de los rehenes y en apoyo a Palestina. Proponemos un primer balance de las manifestaciones y las reacciones de los gobiernos europeos que las acompa\u00f1aron.<\/p>\n","protected":false},"author":1366,"featured_media":25137,"comment_status":"closed","ping_status":"","sticky":false,"template":"templates\/post-briefings.php","format":"standard","meta":{"_acf_changed":false,"_trash_the_other_posts":false,"_yoast_wpseo_estimated-reading-time-minutes":5,"footnotes":""},"categories":[668],"tags":[],"staff":[],"editorial_format":[],"serie":[],"audience":[],"geo":[177],"class_list":["post-25135","post","type-post","status-publish","format-standard","hentry","category-guerra-de-sucot","geo-europa"],"acf":{"open_in_webview":false,"accent":false},"yoast_head":"<!-- This site is optimized with the Yoast SEO plugin v26.1.1 - https:\/\/yoast.com\/wordpress\/plugins\/seo\/ -->\n<title>Manifestaciones de apoyo a Palestina en Europa: un primer balance - El Grand Continent<\/title>\n<meta name=\"robots\" content=\"index, follow, max-snippet:-1, max-image-preview:large, max-video-preview:-1\" \/>\n<link rel=\"canonical\" href=\"https:\/\/legrandcontinent.eu\/es\/2023\/10\/20\/manifestaciones-de-apoyo-a-palestina-en-europa-un-primer-balance\/\" \/>\n<meta property=\"og:locale\" content=\"es_ES\" \/>\n<meta property=\"og:type\" content=\"article\" \/>\n<meta property=\"og:title\" content=\"Manifestaciones de apoyo a Palestina en Europa: un primer balance - El Grand Continent\" \/>\n<meta property=\"og:description\" content=\"Desde el ataque de Ham\u00e1s a Israel el 7 de octubre y el inicio de la actual respuesta israel\u00ed en la Franja de Gaza, se han celebrado manifestaciones en varios pa\u00edses europeos en homenaje a las v\u00edctimas del ataque de Ham\u00e1s, por la devoluci\u00f3n de los rehenes y en apoyo a Palestina. Proponemos un primer balance de las manifestaciones y las reacciones de los gobiernos europeos que las acompa\u00f1aron.\" \/>\n<meta property=\"og:url\" content=\"https:\/\/legrandcontinent.eu\/es\/2023\/10\/20\/manifestaciones-de-apoyo-a-palestina-en-europa-un-primer-balance\/\" \/>\n<meta property=\"og:site_name\" content=\"El Grand Continent\" \/>\n<meta property=\"article:published_time\" content=\"2023-10-20T16:00:00+00:00\" \/>\n<meta property=\"article:modified_time\" content=\"2023-10-20T17:23:01+00:00\" \/>\n<meta property=\"og:image\" content=\"https:\/\/legrandcontinent.eu\/es\/wp-content\/uploads\/sites\/6\/2023\/10\/Wz4cg-manifestaciones-de-apoyo-a-palestina-en-europa-durante-la-guerra-de-sucot-.png\" \/>\n\t<meta property=\"og:image:width\" content=\"1600\" \/>\n\t<meta property=\"og:image:height\" content=\"1534\" \/>\n\t<meta property=\"og:image:type\" content=\"image\/png\" \/>\n<meta name=\"author\" content=\"florent\" \/>\n<meta name=\"twitter:card\" content=\"summary_large_image\" \/>\n<meta name=\"twitter:label1\" content=\"Escrito por\" \/>\n\t<meta name=\"twitter:data1\" content=\"florent\" \/>\n\t<meta name=\"twitter:label2\" content=\"Tiempo de lectura\" \/>\n\t<meta name=\"twitter:data2\" content=\"5 minutos\" \/>\n<script type=\"application\/ld+json\" class=\"yoast-schema-graph\">{\"@context\":\"https:\/\/schema.org\",\"@graph\":[{\"@type\":\"WebPage\",\"@id\":\"https:\/\/legrandcontinent.eu\/es\/2023\/10\/20\/manifestaciones-de-apoyo-a-palestina-en-europa-un-primer-balance\/\",\"url\":\"https:\/\/legrandcontinent.eu\/es\/2023\/10\/20\/manifestaciones-de-apoyo-a-palestina-en-europa-un-primer-balance\/\",\"name\":\"Manifestaciones de apoyo a Palestina en Europa: un primer balance - El Grand Continent\",\"isPartOf\":{\"@id\":\"https:\/\/legrandcontinent.eu\/es\/#website\"},\"primaryImageOfPage\":{\"@id\":\"https:\/\/legrandcontinent.eu\/es\/2023\/10\/20\/manifestaciones-de-apoyo-a-palestina-en-europa-un-primer-balance\/#primaryimage\"},\"image\":{\"@id\":\"https:\/\/legrandcontinent.eu\/es\/2023\/10\/20\/manifestaciones-de-apoyo-a-palestina-en-europa-un-primer-balance\/#primaryimage\"},\"thumbnailUrl\":\"https:\/\/legrandcontinent.eu\/es\/wp-content\/uploads\/sites\/6\/2023\/10\/Wz4cg-manifestaciones-de-apoyo-a-palestina-en-europa-durante-la-guerra-de-sucot-.png\",\"datePublished\":\"2023-10-20T16:00:00+00:00\",\"dateModified\":\"2023-10-20T17:23:01+00:00\",\"author\":{\"@id\":\"https:\/\/legrandcontinent.eu\/es\/#\/schema\/person\/cdd782c93d4a9eda86ab19a8c01cdf5c\"},\"breadcrumb\":{\"@id\":\"https:\/\/legrandcontinent.eu\/es\/2023\/10\/20\/manifestaciones-de-apoyo-a-palestina-en-europa-un-primer-balance\/#breadcrumb\"},\"inLanguage\":\"es\",\"potentialAction\":[{\"@type\":\"ReadAction\",\"target\":[\"https:\/\/legrandcontinent.eu\/es\/2023\/10\/20\/manifestaciones-de-apoyo-a-palestina-en-europa-un-primer-balance\/\"]}]},{\"@type\":\"ImageObject\",\"inLanguage\":\"es\",\"@id\":\"https:\/\/legrandcontinent.eu\/es\/2023\/10\/20\/manifestaciones-de-apoyo-a-palestina-en-europa-un-primer-balance\/#primaryimage\",\"url\":\"https:\/\/legrandcontinent.eu\/es\/wp-content\/uploads\/sites\/6\/2023\/10\/Wz4cg-manifestaciones-de-apoyo-a-palestina-en-europa-durante-la-guerra-de-sucot-.png\",\"contentUrl\":\"https:\/\/legrandcontinent.eu\/es\/wp-content\/uploads\/sites\/6\/2023\/10\/Wz4cg-manifestaciones-de-apoyo-a-palestina-en-europa-durante-la-guerra-de-sucot-.png\",\"width\":1600,\"height\":1534},{\"@type\":\"BreadcrumbList\",\"@id\":\"https:\/\/legrandcontinent.eu\/es\/2023\/10\/20\/manifestaciones-de-apoyo-a-palestina-en-europa-un-primer-balance\/#breadcrumb\",\"itemListElement\":[{\"@type\":\"ListItem\",\"position\":1,\"name\":\"Home\",\"item\":\"https:\/\/legrandcontinent.eu\/es\/\"},{\"@type\":\"ListItem\",\"position\":2,\"name\":\"Manifestaciones de apoyo a Palestina en Europa: un primer balance\"}]},{\"@type\":\"WebSite\",\"@id\":\"https:\/\/legrandcontinent.eu\/es\/#website\",\"url\":\"https:\/\/legrandcontinent.eu\/es\/\",\"name\":\"El Grand Continent\",\"description\":\"La escala pertinente\",\"potentialAction\":[{\"@type\":\"SearchAction\",\"target\":{\"@type\":\"EntryPoint\",\"urlTemplate\":\"https:\/\/legrandcontinent.eu\/es\/?s={search_term_string}\"},\"query-input\":{\"@type\":\"PropertyValueSpecification\",\"valueRequired\":true,\"valueName\":\"search_term_string\"}}],\"inLanguage\":\"es\"},{\"@type\":\"Person\",\"@id\":\"https:\/\/legrandcontinent.eu\/es\/#\/schema\/person\/cdd782c93d4a9eda86ab19a8c01cdf5c\",\"name\":\"florent\",\"image\":{\"@type\":\"ImageObject\",\"inLanguage\":\"es\",\"@id\":\"https:\/\/legrandcontinent.eu\/es\/#\/schema\/person\/image\/\",\"url\":\"https:\/\/secure.gravatar.com\/avatar\/0d38d78c90602daf39b309035cdac6bc?s=96&d=mm&r=g\",\"contentUrl\":\"https:\/\/secure.gravatar.com\/avatar\/0d38d78c90602daf39b309035cdac6bc?s=96&d=mm&r=g\",\"caption\":\"florent\"}}]}<\/script>\n<!-- \/ Yoast SEO plugin. -->","yoast_head_json":{"title":"Manifestaciones de apoyo a Palestina en Europa: un primer balance - El Grand Continent","robots":{"index":"index","follow":"follow","max-snippet":"max-snippet:-1","max-image-preview":"max-image-preview:large","max-video-preview":"max-video-preview:-1"},"canonical":"https:\/\/legrandcontinent.eu\/es\/2023\/10\/20\/manifestaciones-de-apoyo-a-palestina-en-europa-un-primer-balance\/","og_locale":"es_ES","og_type":"article","og_title":"Manifestaciones de apoyo a Palestina en Europa: un primer balance - El Grand Continent","og_description":"Desde el ataque de Ham\u00e1s a Israel el 7 de octubre y el inicio de la actual respuesta israel\u00ed en la Franja de Gaza, se han celebrado manifestaciones en varios pa\u00edses europeos en homenaje a las v\u00edctimas del ataque de Ham\u00e1s, por la devoluci\u00f3n de los rehenes y en apoyo a Palestina. Proponemos un primer balance de las manifestaciones y las reacciones de los gobiernos europeos que las acompa\u00f1aron.","og_url":"https:\/\/legrandcontinent.eu\/es\/2023\/10\/20\/manifestaciones-de-apoyo-a-palestina-en-europa-un-primer-balance\/","og_site_name":"El Grand Continent","article_published_time":"2023-10-20T16:00:00+00:00","article_modified_time":"2023-10-20T17:23:01+00:00","og_image":[{"width":1600,"height":1534,"url":"https:\/\/legrandcontinent.eu\/es\/wp-content\/uploads\/sites\/6\/2023\/10\/Wz4cg-manifestaciones-de-apoyo-a-palestina-en-europa-durante-la-guerra-de-sucot-.png","type":"image\/png"}],"author":"florent","twitter_card":"summary_large_image","twitter_misc":{"Escrito por":"florent","Tiempo de lectura":"5 minutos"},"schema":{"@context":"https:\/\/schema.org","@graph":[{"@type":"WebPage","@id":"https:\/\/legrandcontinent.eu\/es\/2023\/10\/20\/manifestaciones-de-apoyo-a-palestina-en-europa-un-primer-balance\/","url":"https:\/\/legrandcontinent.eu\/es\/2023\/10\/20\/manifestaciones-de-apoyo-a-palestina-en-europa-un-primer-balance\/","name":"Manifestaciones de apoyo a Palestina en Europa: un primer balance - El Grand Continent","isPartOf":{"@id":"https:\/\/legrandcontinent.eu\/es\/#website"},"primaryImageOfPage":{"@id":"https:\/\/legrandcontinent.eu\/es\/2023\/10\/20\/manifestaciones-de-apoyo-a-palestina-en-europa-un-primer-balance\/#primaryimage"},"image":{"@id":"https:\/\/legrandcontinent.eu\/es\/2023\/10\/20\/manifestaciones-de-apoyo-a-palestina-en-europa-un-primer-balance\/#primaryimage"},"thumbnailUrl":"https:\/\/legrandcontinent.eu\/es\/wp-content\/uploads\/sites\/6\/2023\/10\/Wz4cg-manifestaciones-de-apoyo-a-palestina-en-europa-durante-la-guerra-de-sucot-.png","datePublished":"2023-10-20T16:00:00+00:00","dateModified":"2023-10-20T17:23:01+00:00","author":{"@id":"https:\/\/legrandcontinent.eu\/es\/#\/schema\/person\/cdd782c93d4a9eda86ab19a8c01cdf5c"},"breadcrumb":{"@id":"https:\/\/legrandcontinent.eu\/es\/2023\/10\/20\/manifestaciones-de-apoyo-a-palestina-en-europa-un-primer-balance\/#breadcrumb"},"inLanguage":"es","potentialAction":[{"@type":"ReadAction","target":["https:\/\/legrandcontinent.eu\/es\/2023\/10\/20\/manifestaciones-de-apoyo-a-palestina-en-europa-un-primer-balance\/"]}]},{"@type":"ImageObject","inLanguage":"es","@id":"https:\/\/legrandcontinent.eu\/es\/2023\/10\/20\/manifestaciones-de-apoyo-a-palestina-en-europa-un-primer-balance\/#primaryimage","url":"https:\/\/legrandcontinent.eu\/es\/wp-content\/uploads\/sites\/6\/2023\/10\/Wz4cg-manifestaciones-de-apoyo-a-palestina-en-europa-durante-la-guerra-de-sucot-.png","contentUrl":"https:\/\/legrandcontinent.eu\/es\/wp-content\/uploads\/sites\/6\/2023\/10\/Wz4cg-manifestaciones-de-apoyo-a-palestina-en-europa-durante-la-guerra-de-sucot-.png","width":1600,"height":1534},{"@type":"BreadcrumbList","@id":"https:\/\/legrandcontinent.eu\/es\/2023\/10\/20\/manifestaciones-de-apoyo-a-palestina-en-europa-un-primer-balance\/#breadcrumb","itemListElement":[{"@type":"ListItem","position":1,"name":"Home","item":"https:\/\/legrandcontinent.eu\/es\/"},{"@type":"ListItem","position":2,"name":"Manifestaciones de apoyo a Palestina en Europa: un primer balance"}]},{"@type":"WebSite","@id":"https:\/\/legrandcontinent.eu\/es\/#website","url":"https:\/\/legrandcontinent.eu\/es\/","name":"El Grand Continent","description":"La escala pertinente","potentialAction":[{"@type":"SearchAction","target":{"@type":"EntryPoint","urlTemplate":"https:\/\/legrandcontinent.eu\/es\/?s={search_term_string}"},"query-input":{"@type":"PropertyValueSpecification","valueRequired":true,"valueName":"search_term_string"}}],"inLanguage":"es"},{"@type":"Person","@id":"https:\/\/legrandcontinent.eu\/es\/#\/schema\/person\/cdd782c93d4a9eda86ab19a8c01cdf5c","name":"florent","image":{"@type":"ImageObject","inLanguage":"es","@id":"https:\/\/legrandcontinent.eu\/es\/#\/schema\/person\/image\/","url":"https:\/\/secure.gravatar.com\/avatar\/0d38d78c90602daf39b309035cdac6bc?s=96&d=mm&r=g","contentUrl":"https:\/\/secure.gravatar.com\/avatar\/0d38d78c90602daf39b309035cdac6bc?s=96&d=mm&r=g","caption":"florent"}}]}},"lgc_categories":[{"id":668,"name":"Israel, Ham\u00e1s: el 7 de octubre, dos a\u00f1os despu\u00e9s","slug":"guerra-de-sucot"}],"lgc_author":null,"feature_image_summary":{"url":"https:\/\/legrandcontinent.eu\/es\/wp-content\/uploads\/sites\/6\/2023\/10\/Wz4cg-manifestaciones-de-apoyo-a-palestina-en-europa-durante-la-guerra-de-sucot-.png","width":1600,"height":1534,"alt":""},"feature_image_cover":null,"term_position_data":null,"_links":{"self":[{"href":"https:\/\/legrandcontinent.eu\/es\/wp-json\/wp\/v2\/posts\/25135","targetHints":{"allow":["GET"]}}],"collection":[{"href":"https:\/\/legrandcontinent.eu\/es\/wp-json\/wp\/v2\/posts"}],"about":[{"href":"https:\/\/legrandcontinent.eu\/es\/wp-json\/wp\/v2\/types\/post"}],"author":[{"embeddable":true,"href":"https:\/\/legrandcontinent.eu\/es\/wp-json\/wp\/v2\/users\/1366"}],"replies":[{"embeddable":true,"href":"https:\/\/legrandcontinent.eu\/es\/wp-json\/wp\/v2\/comments?post=25135"}],"version-history":[{"count":0,"href":"https:\/\/legrandcontinent.eu\/es\/wp-json\/wp\/v2\/posts\/25135\/revisions"}],"wp:featuredmedia":[{"embeddable":true,"href":"https:\/\/legrandcontinent.eu\/es\/wp-json\/wp\/v2\/media\/25137"}],"wp:attachment":[{"href":"https:\/\/legrandcontinent.eu\/es\/wp-json\/wp\/v2\/media?parent=25135"}],"wp:term":[{"taxonomy":"category","embeddable":true,"href":"https:\/\/legrandcontinent.eu\/es\/wp-json\/wp\/v2\/categories?post=25135"},{"taxonomy":"post_tag","embeddable":true,"href":"https:\/\/legrandcontinent.eu\/es\/wp-json\/wp\/v2\/tags?post=25135"},{"taxonomy":"staff","embeddable":true,"href":"https:\/\/legrandcontinent.eu\/es\/wp-json\/wp\/v2\/staff?post=25135"},{"taxonomy":"editorial_format","embeddable":true,"href":"https:\/\/legrandcontinent.eu\/es\/wp-json\/wp\/v2\/editorial_format?post=25135"},{"taxonomy":"serie","embeddable":true,"href":"https:\/\/legrandcontinent.eu\/es\/wp-json\/wp\/v2\/serie?post=25135"},{"taxonomy":"audience","embeddable":true,"href":"https:\/\/legrandcontinent.eu\/es\/wp-json\/wp\/v2\/audience?post=25135"},{"taxonomy":"geo","embeddable":true,"href":"https:\/\/legrandcontinent.eu\/es\/wp-json\/wp\/v2\/geo?post=25135"}],"curies":[{"name":"wp","href":"https:\/\/api.w.org\/{rel}","templated":true}]}}