{"id":24959,"date":"2023-10-17T06:00:00","date_gmt":"2023-10-17T04:00:00","guid":{"rendered":"https:\/\/legrandcontinent.eu\/es\/?p=24959"},"modified":"2023-10-17T11:09:55","modified_gmt":"2023-10-17T09:09:55","slug":"consejo-de-asuntos-economicos-y-financieros-se-relanza-el-debate-sobre-la-reforma-del-pacto-de-estabilidad-y-crecimiento","status":"publish","type":"post","link":"https:\/\/legrandcontinent.eu\/es\/2023\/10\/17\/consejo-de-asuntos-economicos-y-financieros-se-relanza-el-debate-sobre-la-reforma-del-pacto-de-estabilidad-y-crecimiento\/","title":{"rendered":"Consejo de Asuntos Econ\u00f3micos y Financieros: se relanza el debate sobre la reforma del Pacto de Estabilidad y Crecimiento"},"content":{"rendered":"\n<p>El debate sobre la reforma de las normas presupuestarias europeas se reanuda oficialmente hoy, en un intento de superar los numerosos obst\u00e1culos surgidos desde su presentaci\u00f3n.<\/p>\n\n\n\n<ul class=\"wp-block-list\">\n<li>Tras la suspensi\u00f3n del Pacto de Estabilidad y Crecimiento durante la pandemia, y en particular de los objetivos del 3% de d\u00e9ficit p\u00fablico y del 60% de ratio deuda p\u00fablica\/PIB, la Comisi\u00f3n propuso en <a href=\"https:\/\/legrandcontinent.eu\/es\/2023\/03\/15\/la-reforma-de-las-normas-presupuestarias-europeas-sigue-adelante-en-medio-del-desacuerdo-aleman\/\">noviembre de 2022<\/a> una reforma de las normas presupuestarias vigentes.<\/li>\n<\/ul>\n\n\n\n<ul class=\"wp-block-list\">\n<li>Varios Estados miembros, encabezados por Alemania, se mostraron insatisfechos, lo que llev\u00f3 a la Comisi\u00f3n a proponer una nueva versi\u00f3n en abril de 2023.<\/li>\n<\/ul>\n\n\n\n<div class=\"iframe-container wp-block-image wp-block-image-medium  iframe-dw\">\n\t<div>\n\t\t<iframe class=\"absolute w-full h-full pin-t pin-l\" title=\"titolo\" aria-label=\"Interactive line chart\" src=\"\/\/datawrapper.dwcdn.net\/0B20G\/\" scrolling=\"no\" frameborder=\"0\"><\/iframe>\n\t<\/div>\n<\/div>\n\n\n\n<ul class=\"wp-block-list\">\n<li>La propuesta actual mantiene los umbrales del Pacto (3% de d\u00e9ficit p\u00fablico y 60% de deuda p\u00fablica) y, para cada Estado miembro cuyo d\u00e9ficit p\u00fablico o deuda se sit\u00faen por encima de los techos, la Comisi\u00f3n propone publicar una \u00absenda t\u00e9cnica\u00bb espec\u00edfica para cada pa\u00eds para garantizar que vuelvan a situarse por debajo de los umbrales, incluido un ajuste presupuestario m\u00ednimo del 0,5% del PIB mientras el d\u00e9ficit se mantenga por encima del 3% del PIB, tal como ped\u00eda Alemania.<\/li>\n<\/ul>\n\n\n\n<ul class=\"wp-block-list\">\n<li>En abril pasado, sin embargo, Alemania segu\u00eda sin estar satisfecha, considerando que \u00aba\u00fan son necesarios ajustes significativos\u00bb, mientras que Francia se mantiene \u00abfirmemente opuesta a cualquier regla autom\u00e1tica\u00bb.<\/li>\n<\/ul>\n\n\n\n<div class=\"iframe-container wp-block-image wp-block-image-medium  iframe-dw\">\n\t<div>\n\t\t<iframe class=\"absolute w-full h-full pin-t pin-l\" title=\"titolo\" aria-label=\"Interactive line chart\" src=\"\/\/datawrapper.dwcdn.net\/d72jp\/\" scrolling=\"no\" frameborder=\"0\"><\/iframe>\n\t<\/div>\n<\/div>\n\n\n\n<p>El calendario actual para la adopci\u00f3n de la reforma es apretado. La suspensi\u00f3n temporal del Pacto de Estabilidad y Crecimiento expira el 1 de enero de 2024.<\/p>\n\n\n\n<ul class=\"wp-block-list\">\n<li>En un principio, la Comisi\u00f3n quer\u00eda que los Estados miembros y el Parlamento alcanzaran un acuerdo antes del verano. Sin embargo, en el orden del d\u00eda de la reuni\u00f3n del Consejo Ecofin del martes s\u00f3lo se indica que \u00abse esforzar\u00e1 por avanzar hacia una orientaci\u00f3n general sobre la propuesta de reforma\u00bb.<\/li>\n<\/ul>\n\n\n\n<ul class=\"wp-block-list\">\n<li>Algunos Estados miembros, en particular Italia, presionan para que se resuelvan r\u00e1pidamente las diferencias y se aplique la reforma. A finales de agosto, el Ministro de Econom\u00eda Giorgetti dijo que no pedir\u00eda una pr\u00f3rroga de la suspensi\u00f3n del Pacto (vigente hasta el 31 de diciembre de 2023), pero a\u00f1adi\u00f3: \u00abNo podemos [\u2026] volver a unas normas que ignoran la necesidad de apoyar y ayudar a las familias y a las empresas en la transformaci\u00f3n que estamos viviendo\u00bb.<\/li>\n<\/ul>\n\n\n\n<p>El Consejo de hoy tambi\u00e9n ser\u00e1 una oportunidad para avanzar en otros expedientes clave. En el orden del d\u00eda: un informe de situaci\u00f3n sobre el Mecanismo de Recuperaci\u00f3n y Recuperaci\u00f3n, un intercambio de puntos de vista sobre las sanciones contra Rusia, la cuesti\u00f3n de la financiaci\u00f3n de las econom\u00edas a escala mundial con vistas a la COP 28, la puesta en com\u00fan de las conclusiones del G20, la actualizaci\u00f3n de la lista de \u00abpara\u00edsos fiscales\u00bb.<\/p>\n","protected":false},"excerpt":{"rendered":"<p>Los ministros de Econom\u00eda y Hacienda de la Uni\u00f3n se re\u00fanen hoy, martes 17 de octubre, en el Consejo de Asuntos Econ\u00f3micos y Financieros de Luxemburgo para presentar un informe de situaci\u00f3n sobre la gobernanza econ\u00f3mica de la Uni\u00f3n, a medida que se acerca la fecha l\u00edmite para el fin de la suspensi\u00f3n temporal del Pacto de Estabilidad y Crecimiento.<\/p>\n","protected":false},"author":1366,"featured_media":24960,"comment_status":"closed","ping_status":"","sticky":false,"template":"templates\/post-briefings.php","format":"standard","meta":{"_acf_changed":false,"_trash_the_other_posts":false,"_yoast_wpseo_estimated-reading-time-minutes":2,"footnotes":""},"categories":[5],"tags":[],"staff":[],"editorial_format":[],"serie":[],"audience":[],"geo":[177],"class_list":["post-24959","post","type-post","status-publish","format-standard","hentry","category-economia","geo-europa"],"acf":{"open_in_webview":false,"accent":false},"yoast_head":"<!-- This site is optimized with the Yoast SEO plugin v26.1.1 - https:\/\/yoast.com\/wordpress\/plugins\/seo\/ -->\n<title>Consejo de Asuntos Econ\u00f3micos y Financieros: se relanza el debate sobre la reforma del Pacto de Estabilidad y Crecimiento - El Grand Continent<\/title>\n<meta name=\"robots\" content=\"index, follow, max-snippet:-1, max-image-preview:large, max-video-preview:-1\" \/>\n<link rel=\"canonical\" href=\"https:\/\/legrandcontinent.eu\/es\/2023\/10\/17\/consejo-de-asuntos-economicos-y-financieros-se-relanza-el-debate-sobre-la-reforma-del-pacto-de-estabilidad-y-crecimiento\/\" \/>\n<meta property=\"og:locale\" content=\"es_ES\" \/>\n<meta property=\"og:type\" content=\"article\" \/>\n<meta property=\"og:title\" content=\"Consejo de Asuntos Econ\u00f3micos y Financieros: se relanza el debate sobre la reforma del Pacto de Estabilidad y Crecimiento - El Grand Continent\" \/>\n<meta property=\"og:description\" content=\"Los ministros de Econom\u00eda y Hacienda de la Uni\u00f3n se re\u00fanen hoy, martes 17 de octubre, en el Consejo de Asuntos Econ\u00f3micos y Financieros de Luxemburgo para presentar un informe de situaci\u00f3n sobre la gobernanza econ\u00f3mica de la Uni\u00f3n, a medida que se acerca la fecha l\u00edmite para el fin de la suspensi\u00f3n temporal del Pacto de Estabilidad y Crecimiento.\" \/>\n<meta property=\"og:url\" content=\"https:\/\/legrandcontinent.eu\/es\/2023\/10\/17\/consejo-de-asuntos-economicos-y-financieros-se-relanza-el-debate-sobre-la-reforma-del-pacto-de-estabilidad-y-crecimiento\/\" \/>\n<meta property=\"og:site_name\" content=\"El Grand Continent\" \/>\n<meta property=\"article:published_time\" content=\"2023-10-17T04:00:00+00:00\" \/>\n<meta property=\"article:modified_time\" content=\"2023-10-17T09:09:55+00:00\" \/>\n<meta property=\"og:image\" content=\"https:\/\/legrandcontinent.eu\/es\/wp-content\/uploads\/sites\/6\/2023\/10\/0B20G-deuda-bruta-de-las-administraciones-p-blicas-en-el-primer-trimestre-de-2023-en-los-estados-miembros-de-la-uni-n-en-del-pib.png\" \/>\n\t<meta property=\"og:image:width\" content=\"1240\" \/>\n\t<meta property=\"og:image:height\" content=\"1614\" \/>\n\t<meta property=\"og:image:type\" content=\"image\/png\" \/>\n<meta name=\"author\" content=\"florent\" \/>\n<meta name=\"twitter:card\" content=\"summary_large_image\" \/>\n<meta name=\"twitter:label1\" content=\"Escrito por\" \/>\n\t<meta name=\"twitter:data1\" content=\"florent\" \/>\n\t<meta name=\"twitter:label2\" content=\"Tiempo de lectura\" \/>\n\t<meta name=\"twitter:data2\" content=\"2 minutos\" \/>\n<script type=\"application\/ld+json\" class=\"yoast-schema-graph\">{\"@context\":\"https:\/\/schema.org\",\"@graph\":[{\"@type\":\"WebPage\",\"@id\":\"https:\/\/legrandcontinent.eu\/es\/2023\/10\/17\/consejo-de-asuntos-economicos-y-financieros-se-relanza-el-debate-sobre-la-reforma-del-pacto-de-estabilidad-y-crecimiento\/\",\"url\":\"https:\/\/legrandcontinent.eu\/es\/2023\/10\/17\/consejo-de-asuntos-economicos-y-financieros-se-relanza-el-debate-sobre-la-reforma-del-pacto-de-estabilidad-y-crecimiento\/\",\"name\":\"Consejo de Asuntos Econ\u00f3micos y Financieros: se relanza el debate sobre la reforma del Pacto de Estabilidad y Crecimiento - El Grand Continent\",\"isPartOf\":{\"@id\":\"https:\/\/legrandcontinent.eu\/es\/#website\"},\"primaryImageOfPage\":{\"@id\":\"https:\/\/legrandcontinent.eu\/es\/2023\/10\/17\/consejo-de-asuntos-economicos-y-financieros-se-relanza-el-debate-sobre-la-reforma-del-pacto-de-estabilidad-y-crecimiento\/#primaryimage\"},\"image\":{\"@id\":\"https:\/\/legrandcontinent.eu\/es\/2023\/10\/17\/consejo-de-asuntos-economicos-y-financieros-se-relanza-el-debate-sobre-la-reforma-del-pacto-de-estabilidad-y-crecimiento\/#primaryimage\"},\"thumbnailUrl\":\"https:\/\/legrandcontinent.eu\/es\/wp-content\/uploads\/sites\/6\/2023\/10\/0B20G-deuda-bruta-de-las-administraciones-p-blicas-en-el-primer-trimestre-de-2023-en-los-estados-miembros-de-la-uni-n-en-del-pib.png\",\"datePublished\":\"2023-10-17T04:00:00+00:00\",\"dateModified\":\"2023-10-17T09:09:55+00:00\",\"author\":{\"@id\":\"https:\/\/legrandcontinent.eu\/es\/#\/schema\/person\/cdd782c93d4a9eda86ab19a8c01cdf5c\"},\"breadcrumb\":{\"@id\":\"https:\/\/legrandcontinent.eu\/es\/2023\/10\/17\/consejo-de-asuntos-economicos-y-financieros-se-relanza-el-debate-sobre-la-reforma-del-pacto-de-estabilidad-y-crecimiento\/#breadcrumb\"},\"inLanguage\":\"es\",\"potentialAction\":[{\"@type\":\"ReadAction\",\"target\":[\"https:\/\/legrandcontinent.eu\/es\/2023\/10\/17\/consejo-de-asuntos-economicos-y-financieros-se-relanza-el-debate-sobre-la-reforma-del-pacto-de-estabilidad-y-crecimiento\/\"]}]},{\"@type\":\"ImageObject\",\"inLanguage\":\"es\",\"@id\":\"https:\/\/legrandcontinent.eu\/es\/2023\/10\/17\/consejo-de-asuntos-economicos-y-financieros-se-relanza-el-debate-sobre-la-reforma-del-pacto-de-estabilidad-y-crecimiento\/#primaryimage\",\"url\":\"https:\/\/legrandcontinent.eu\/es\/wp-content\/uploads\/sites\/6\/2023\/10\/0B20G-deuda-bruta-de-las-administraciones-p-blicas-en-el-primer-trimestre-de-2023-en-los-estados-miembros-de-la-uni-n-en-del-pib.png\",\"contentUrl\":\"https:\/\/legrandcontinent.eu\/es\/wp-content\/uploads\/sites\/6\/2023\/10\/0B20G-deuda-bruta-de-las-administraciones-p-blicas-en-el-primer-trimestre-de-2023-en-los-estados-miembros-de-la-uni-n-en-del-pib.png\",\"width\":1240,\"height\":1614},{\"@type\":\"BreadcrumbList\",\"@id\":\"https:\/\/legrandcontinent.eu\/es\/2023\/10\/17\/consejo-de-asuntos-economicos-y-financieros-se-relanza-el-debate-sobre-la-reforma-del-pacto-de-estabilidad-y-crecimiento\/#breadcrumb\",\"itemListElement\":[{\"@type\":\"ListItem\",\"position\":1,\"name\":\"Home\",\"item\":\"https:\/\/legrandcontinent.eu\/es\/\"},{\"@type\":\"ListItem\",\"position\":2,\"name\":\"Consejo de Asuntos Econ\u00f3micos y Financieros: se relanza el debate sobre la reforma del Pacto de Estabilidad y Crecimiento\"}]},{\"@type\":\"WebSite\",\"@id\":\"https:\/\/legrandcontinent.eu\/es\/#website\",\"url\":\"https:\/\/legrandcontinent.eu\/es\/\",\"name\":\"El Grand Continent\",\"description\":\"La escala pertinente\",\"potentialAction\":[{\"@type\":\"SearchAction\",\"target\":{\"@type\":\"EntryPoint\",\"urlTemplate\":\"https:\/\/legrandcontinent.eu\/es\/?s={search_term_string}\"},\"query-input\":{\"@type\":\"PropertyValueSpecification\",\"valueRequired\":true,\"valueName\":\"search_term_string\"}}],\"inLanguage\":\"es\"},{\"@type\":\"Person\",\"@id\":\"https:\/\/legrandcontinent.eu\/es\/#\/schema\/person\/cdd782c93d4a9eda86ab19a8c01cdf5c\",\"name\":\"florent\",\"image\":{\"@type\":\"ImageObject\",\"inLanguage\":\"es\",\"@id\":\"https:\/\/legrandcontinent.eu\/es\/#\/schema\/person\/image\/\",\"url\":\"https:\/\/secure.gravatar.com\/avatar\/0d38d78c90602daf39b309035cdac6bc?s=96&d=mm&r=g\",\"contentUrl\":\"https:\/\/secure.gravatar.com\/avatar\/0d38d78c90602daf39b309035cdac6bc?s=96&d=mm&r=g\",\"caption\":\"florent\"}}]}<\/script>\n<!-- \/ Yoast SEO plugin. -->","yoast_head_json":{"title":"Consejo de Asuntos Econ\u00f3micos y Financieros: se relanza el debate sobre la reforma del Pacto de Estabilidad y Crecimiento - El Grand Continent","robots":{"index":"index","follow":"follow","max-snippet":"max-snippet:-1","max-image-preview":"max-image-preview:large","max-video-preview":"max-video-preview:-1"},"canonical":"https:\/\/legrandcontinent.eu\/es\/2023\/10\/17\/consejo-de-asuntos-economicos-y-financieros-se-relanza-el-debate-sobre-la-reforma-del-pacto-de-estabilidad-y-crecimiento\/","og_locale":"es_ES","og_type":"article","og_title":"Consejo de Asuntos Econ\u00f3micos y Financieros: se relanza el debate sobre la reforma del Pacto de Estabilidad y Crecimiento - El Grand Continent","og_description":"Los ministros de Econom\u00eda y Hacienda de la Uni\u00f3n se re\u00fanen hoy, martes 17 de octubre, en el Consejo de Asuntos Econ\u00f3micos y Financieros de Luxemburgo para presentar un informe de situaci\u00f3n sobre la gobernanza econ\u00f3mica de la Uni\u00f3n, a medida que se acerca la fecha l\u00edmite para el fin de la suspensi\u00f3n temporal del Pacto de Estabilidad y Crecimiento.","og_url":"https:\/\/legrandcontinent.eu\/es\/2023\/10\/17\/consejo-de-asuntos-economicos-y-financieros-se-relanza-el-debate-sobre-la-reforma-del-pacto-de-estabilidad-y-crecimiento\/","og_site_name":"El Grand Continent","article_published_time":"2023-10-17T04:00:00+00:00","article_modified_time":"2023-10-17T09:09:55+00:00","og_image":[{"width":1240,"height":1614,"url":"https:\/\/legrandcontinent.eu\/es\/wp-content\/uploads\/sites\/6\/2023\/10\/0B20G-deuda-bruta-de-las-administraciones-p-blicas-en-el-primer-trimestre-de-2023-en-los-estados-miembros-de-la-uni-n-en-del-pib.png","type":"image\/png"}],"author":"florent","twitter_card":"summary_large_image","twitter_misc":{"Escrito por":"florent","Tiempo de lectura":"2 minutos"},"schema":{"@context":"https:\/\/schema.org","@graph":[{"@type":"WebPage","@id":"https:\/\/legrandcontinent.eu\/es\/2023\/10\/17\/consejo-de-asuntos-economicos-y-financieros-se-relanza-el-debate-sobre-la-reforma-del-pacto-de-estabilidad-y-crecimiento\/","url":"https:\/\/legrandcontinent.eu\/es\/2023\/10\/17\/consejo-de-asuntos-economicos-y-financieros-se-relanza-el-debate-sobre-la-reforma-del-pacto-de-estabilidad-y-crecimiento\/","name":"Consejo de Asuntos Econ\u00f3micos y Financieros: se relanza el debate sobre la reforma del Pacto de Estabilidad y Crecimiento - El Grand Continent","isPartOf":{"@id":"https:\/\/legrandcontinent.eu\/es\/#website"},"primaryImageOfPage":{"@id":"https:\/\/legrandcontinent.eu\/es\/2023\/10\/17\/consejo-de-asuntos-economicos-y-financieros-se-relanza-el-debate-sobre-la-reforma-del-pacto-de-estabilidad-y-crecimiento\/#primaryimage"},"image":{"@id":"https:\/\/legrandcontinent.eu\/es\/2023\/10\/17\/consejo-de-asuntos-economicos-y-financieros-se-relanza-el-debate-sobre-la-reforma-del-pacto-de-estabilidad-y-crecimiento\/#primaryimage"},"thumbnailUrl":"https:\/\/legrandcontinent.eu\/es\/wp-content\/uploads\/sites\/6\/2023\/10\/0B20G-deuda-bruta-de-las-administraciones-p-blicas-en-el-primer-trimestre-de-2023-en-los-estados-miembros-de-la-uni-n-en-del-pib.png","datePublished":"2023-10-17T04:00:00+00:00","dateModified":"2023-10-17T09:09:55+00:00","author":{"@id":"https:\/\/legrandcontinent.eu\/es\/#\/schema\/person\/cdd782c93d4a9eda86ab19a8c01cdf5c"},"breadcrumb":{"@id":"https:\/\/legrandcontinent.eu\/es\/2023\/10\/17\/consejo-de-asuntos-economicos-y-financieros-se-relanza-el-debate-sobre-la-reforma-del-pacto-de-estabilidad-y-crecimiento\/#breadcrumb"},"inLanguage":"es","potentialAction":[{"@type":"ReadAction","target":["https:\/\/legrandcontinent.eu\/es\/2023\/10\/17\/consejo-de-asuntos-economicos-y-financieros-se-relanza-el-debate-sobre-la-reforma-del-pacto-de-estabilidad-y-crecimiento\/"]}]},{"@type":"ImageObject","inLanguage":"es","@id":"https:\/\/legrandcontinent.eu\/es\/2023\/10\/17\/consejo-de-asuntos-economicos-y-financieros-se-relanza-el-debate-sobre-la-reforma-del-pacto-de-estabilidad-y-crecimiento\/#primaryimage","url":"https:\/\/legrandcontinent.eu\/es\/wp-content\/uploads\/sites\/6\/2023\/10\/0B20G-deuda-bruta-de-las-administraciones-p-blicas-en-el-primer-trimestre-de-2023-en-los-estados-miembros-de-la-uni-n-en-del-pib.png","contentUrl":"https:\/\/legrandcontinent.eu\/es\/wp-content\/uploads\/sites\/6\/2023\/10\/0B20G-deuda-bruta-de-las-administraciones-p-blicas-en-el-primer-trimestre-de-2023-en-los-estados-miembros-de-la-uni-n-en-del-pib.png","width":1240,"height":1614},{"@type":"BreadcrumbList","@id":"https:\/\/legrandcontinent.eu\/es\/2023\/10\/17\/consejo-de-asuntos-economicos-y-financieros-se-relanza-el-debate-sobre-la-reforma-del-pacto-de-estabilidad-y-crecimiento\/#breadcrumb","itemListElement":[{"@type":"ListItem","position":1,"name":"Home","item":"https:\/\/legrandcontinent.eu\/es\/"},{"@type":"ListItem","position":2,"name":"Consejo de Asuntos Econ\u00f3micos y Financieros: se relanza el debate sobre la reforma del Pacto de Estabilidad y Crecimiento"}]},{"@type":"WebSite","@id":"https:\/\/legrandcontinent.eu\/es\/#website","url":"https:\/\/legrandcontinent.eu\/es\/","name":"El Grand Continent","description":"La escala pertinente","potentialAction":[{"@type":"SearchAction","target":{"@type":"EntryPoint","urlTemplate":"https:\/\/legrandcontinent.eu\/es\/?s={search_term_string}"},"query-input":{"@type":"PropertyValueSpecification","valueRequired":true,"valueName":"search_term_string"}}],"inLanguage":"es"},{"@type":"Person","@id":"https:\/\/legrandcontinent.eu\/es\/#\/schema\/person\/cdd782c93d4a9eda86ab19a8c01cdf5c","name":"florent","image":{"@type":"ImageObject","inLanguage":"es","@id":"https:\/\/legrandcontinent.eu\/es\/#\/schema\/person\/image\/","url":"https:\/\/secure.gravatar.com\/avatar\/0d38d78c90602daf39b309035cdac6bc?s=96&d=mm&r=g","contentUrl":"https:\/\/secure.gravatar.com\/avatar\/0d38d78c90602daf39b309035cdac6bc?s=96&d=mm&r=g","caption":"florent"}}]}},"lgc_categories":[{"id":5,"name":"Econom\u00eda","slug":"economia"}],"lgc_author":null,"feature_image_summary":{"url":"https:\/\/legrandcontinent.eu\/es\/wp-content\/uploads\/sites\/6\/2023\/10\/0B20G-deuda-bruta-de-las-administraciones-p-blicas-en-el-primer-trimestre-de-2023-en-los-estados-miembros-de-la-uni-n-en-del-pib.png","width":1240,"height":1614,"alt":""},"feature_image_cover":null,"term_position_data":null,"_links":{"self":[{"href":"https:\/\/legrandcontinent.eu\/es\/wp-json\/wp\/v2\/posts\/24959","targetHints":{"allow":["GET"]}}],"collection":[{"href":"https:\/\/legrandcontinent.eu\/es\/wp-json\/wp\/v2\/posts"}],"about":[{"href":"https:\/\/legrandcontinent.eu\/es\/wp-json\/wp\/v2\/types\/post"}],"author":[{"embeddable":true,"href":"https:\/\/legrandcontinent.eu\/es\/wp-json\/wp\/v2\/users\/1366"}],"replies":[{"embeddable":true,"href":"https:\/\/legrandcontinent.eu\/es\/wp-json\/wp\/v2\/comments?post=24959"}],"version-history":[{"count":0,"href":"https:\/\/legrandcontinent.eu\/es\/wp-json\/wp\/v2\/posts\/24959\/revisions"}],"wp:featuredmedia":[{"embeddable":true,"href":"https:\/\/legrandcontinent.eu\/es\/wp-json\/wp\/v2\/media\/24960"}],"wp:attachment":[{"href":"https:\/\/legrandcontinent.eu\/es\/wp-json\/wp\/v2\/media?parent=24959"}],"wp:term":[{"taxonomy":"category","embeddable":true,"href":"https:\/\/legrandcontinent.eu\/es\/wp-json\/wp\/v2\/categories?post=24959"},{"taxonomy":"post_tag","embeddable":true,"href":"https:\/\/legrandcontinent.eu\/es\/wp-json\/wp\/v2\/tags?post=24959"},{"taxonomy":"staff","embeddable":true,"href":"https:\/\/legrandcontinent.eu\/es\/wp-json\/wp\/v2\/staff?post=24959"},{"taxonomy":"editorial_format","embeddable":true,"href":"https:\/\/legrandcontinent.eu\/es\/wp-json\/wp\/v2\/editorial_format?post=24959"},{"taxonomy":"serie","embeddable":true,"href":"https:\/\/legrandcontinent.eu\/es\/wp-json\/wp\/v2\/serie?post=24959"},{"taxonomy":"audience","embeddable":true,"href":"https:\/\/legrandcontinent.eu\/es\/wp-json\/wp\/v2\/audience?post=24959"},{"taxonomy":"geo","embeddable":true,"href":"https:\/\/legrandcontinent.eu\/es\/wp-json\/wp\/v2\/geo?post=24959"}],"curies":[{"name":"wp","href":"https:\/\/api.w.org\/{rel}","templated":true}]}}