{"id":24849,"date":"2023-10-15T20:00:00","date_gmt":"2023-10-15T18:00:00","guid":{"rendered":"https:\/\/legrandcontinent.eu\/es\/?p=24849"},"modified":"2023-10-16T00:09:42","modified_gmt":"2023-10-15T22:09:42","slug":"guerra-israel-hamas-iran-advierte-de-la-extension-del-conflicto-un-millon-de-desplazados-gira-diplomatica-de-blinken-manifestaciones-de-apoyo-a-palestina-en-europa-y-estados-unidos","status":"publish","type":"post","link":"https:\/\/legrandcontinent.eu\/es\/2023\/10\/15\/guerra-israel-hamas-iran-advierte-de-la-extension-del-conflicto-un-millon-de-desplazados-gira-diplomatica-de-blinken-manifestaciones-de-apoyo-a-palestina-en-europa-y-estados-unidos\/","title":{"rendered":"Guerra Israel-Ham\u00e1s: Ir\u00e1n advierte de la extensi\u00f3n del conflicto. Un mill\u00f3n de desplazados. Gira diplom\u00e1tica de Blinken. Manifestaciones de apoyo a Palestina en Europa y Estados Unidos"},"content":{"rendered":"\n<p>N\u00famero de v\u00edctimas. Las \u00faltimas estimaciones a las 20:00 (hora de Madrid):<\/p>\n\n\n\n<ul class=\"wp-block-list\">\n<li>1.200 israel\u00edes muertos y 2.400 heridos.<\/li>\n\n\n\n<li>2.670 palestinos muertos y 9.600 heridos.<\/li>\n\n\n\n<li>Naciones Unidas calcula que m\u00e1s de un mill\u00f3n de personas se han desplazado internamente en la Franja de Gaza en los \u00faltimos siete d\u00edas como consecuencia de los ataques a\u00e9reos israel\u00edes y el temor a una ofensiva terrestre.<\/li>\n<\/ul>\n\n\n\n<p>El frente y los combates.<\/p>\n\n\n\n<ul class=\"wp-block-list\">\n<li>El Primer Ministro israel\u00ed, Benjamin Netanyahu, y el Presidente estadounidense, Joe Biden, declararon hoy haber llegado a un acuerdo para restablecer el suministro de agua en el sur de la Franja de Gaza.<\/li>\n\n\n\n<li>El s\u00e1bado, las Naciones Unidas hab\u00edan advertido espec\u00edficamente sobre la cuesti\u00f3n del agua a trav\u00e9s de la voz del Comisionado General de la UNRWA, Philippe Lazzarini: \u00abEl agua es ahora el \u00faltimo salvavidas. Pido que se levante ya el asedio a la ayuda humanitaria\u00bb.<\/li>\n\n\n\n<li>El ministro israel\u00ed de Energ\u00eda, Israel Katz -que hab\u00eda declarado el 12 de octubre que Israel no suspender\u00eda el \u00abasedio total\u00bb a la Franja de Gaza hasta que los rehenes secuestrados durante la ofensiva de Ham\u00e1s hubieran sido repatriados- a\u00f1adi\u00f3: \u00abLa decisi\u00f3n de abrir el agua al sur [&#8230;] provocar\u00e1 el retroceso de la poblaci\u00f3n civil hacia el sur de la Franja de Gaza y permitir\u00e1 reforzar el asedio a Gaza en los \u00e1mbitos de la electricidad, el agua y el combustible\u00bb y al ej\u00e9rcito israel\u00ed \u00abdestruir m\u00e1s f\u00e1cilmente la infraestructura nazi de Ham\u00e1s\u00bb.<\/li>\n\n\n\n<li>El domingo se produjo otro intercambio de disparos en la frontera entre L\u00edbano e Israel. Esta ma\u00f1ana, el ej\u00e9rcito israel\u00ed prohibi\u00f3 el acceso a la zona que se extiende hasta 4 kil\u00f3metros de la frontera.<\/li>\n<\/ul>\n\n\n\n<p>Reacciones internacionales.<\/p>\n\n\n\n<ul class=\"wp-block-list\">\n<li>Funcionarios iran\u00edes advirtieron de que el conflicto \u00abse extender\u00eda\u00bb en caso de ofensiva del ej\u00e9rcito israel\u00ed sobre la Franja de Gaza, seg\u00fan la agencia de prensa iran\u00ed. El ministro de Asuntos Exteriores iran\u00ed, Hossein Amir-Abdollahian, se reuni\u00f3 el fin de semana en Qatar con el l\u00edder de Ham\u00e1s, Ismail Haniyeh.<\/li>\n\n\n\n<li>El Secretario de Estado estadounidense, Antony Blinken, estar\u00e1 de nuevo en Israel el lunes, tras visitar un total de otros seis pa\u00edses de la regi\u00f3n, entre ellos Arabia Saud\u00ed. Blinken estuvo en Egipto el domingo, y declar\u00f3 que segu\u00eda negociando con las Naciones Unidas, Egipto e Israel la creaci\u00f3n de un punto de paso para la ayuda humanitaria a la Franja de Gaza.<\/li>\n\n\n\n<li>Una delegaci\u00f3n bipartidista del Senado estadounidense visit\u00f3 Israel este fin de semana, encabezada por el l\u00edder de la mayor\u00eda dem\u00f3crata en el Senado, Chuck Shumer. Durante la visita, afirm\u00f3 que \u00abliderar\u00eda los debates en el Senado estadounidense para dar a Israel el apoyo que necesita para defenderse\u00bb. La ministra francesa de Asuntos Exteriores, Catherine Colonna, tambi\u00e9n estuvo en Israel el domingo.<\/li>\n\n\n\n<li>Este fin de semana se han celebrado manifestaciones en apoyo de Palestina en Estados Unidos, el Reino Unido y varios pa\u00edses de Europa continental. En el Reino Unido, <em>The Guardian<\/em> estima en \u00abvarias decenas de miles\u00bb el n\u00famero de personas que se manifestaron en varias ciudades brit\u00e1nicas, entre ellas Londres; en Estados Unidos, las manifestaciones de Washington y Nueva York habr\u00edan reunido a varios miles de personas.<\/li>\n<\/ul>\n\n\n\n<div class=\"iframe-container wp-block-image wp-block-image-medium  iframe-dw\">\n\t<div>\n\t\t<iframe class=\"absolute w-full h-full pin-t pin-l\" title=\"titolo\" aria-label=\"Interactive line chart\" src=\"\/\/datawrapper.dwcdn.net\/dGQpt\/\" scrolling=\"no\" frameborder=\"0\"><\/iframe>\n\t<\/div>\n<\/div>\n\n\n\n<p><a href=\"https:\/\/legrandcontinent.eu\/es\/2023\/10\/07\/israel-y-la-guerra-de-sucot-geopolitica-de-las-reacciones-al-ataque-de-hamas-del-7-de-octubre-mapa-exclusivo-actualizado-a-las-2030-madrid-1-x\/\">Aqu\u00ed<\/a> puede consultarse un mapa actualizado de las reacciones internacionales.<\/p>\n","protected":false},"excerpt":{"rendered":"<p>Ocho d\u00edas despu\u00e9s del ataque de Ham\u00e1s contra Israel, podr\u00eda ser inminente una ofensiva terrestre de las fuerzas israel\u00edes sobre la Franja de Gaza. Las tensiones no cesan en la frontera entre L\u00edbano e Israel. Ir\u00e1n advierte de una posible extensi\u00f3n del conflicto en caso de ofensiva del ej\u00e9rcito israel\u00ed sobre la Franja de Gaza. Actualizaci\u00f3n de la situaci\u00f3n a las 20:00 (Madrid).<\/p>\n","protected":false},"author":1366,"featured_media":24495,"comment_status":"closed","ping_status":"","sticky":false,"template":"templates\/post-briefings.php","format":"standard","meta":{"_acf_changed":false,"_trash_the_other_posts":false,"_yoast_wpseo_estimated-reading-time-minutes":3,"footnotes":""},"categories":[668],"tags":[],"staff":[],"editorial_format":[],"serie":[],"audience":[],"geo":[173],"class_list":["post-24849","post","type-post","status-publish","format-standard","hentry","category-guerra-de-sucot","geo-mediterraneo"],"acf":{"open_in_webview":false,"accent":false,"_thumbnail_id":24495,"excerpt":"Ocho d\u00edas despu\u00e9s del ataque de Ham\u00e1s contra Israel, podr\u00eda ser inminente una ofensiva terrestre de las fuerzas israel\u00edes sobre la Franja de Gaza. Las tensiones no cesan en la frontera entre L\u00edbano e Israel. Ir\u00e1n advierte de una posible extensi\u00f3n del conflicto en caso de ofensiva del ej\u00e9rcito israel\u00ed sobre la Franja de Gaza. Actualizaci\u00f3n de la situaci\u00f3n a las 20:00 (Madrid).","display_date":"","new_abstract":true},"yoast_head":"<!-- This site is optimized with the Yoast SEO plugin v26.1.1 - https:\/\/yoast.com\/wordpress\/plugins\/seo\/ -->\n<title>Guerra Israel-Ham\u00e1s: Ir\u00e1n advierte de la extensi\u00f3n del conflicto. Un mill\u00f3n de desplazados. Gira diplom\u00e1tica de Blinken. Manifestaciones de apoyo a Palestina en Europa y Estados Unidos - El Grand Continent<\/title>\n<meta name=\"robots\" content=\"index, follow, max-snippet:-1, max-image-preview:large, max-video-preview:-1\" \/>\n<link rel=\"canonical\" href=\"https:\/\/legrandcontinent.eu\/es\/2023\/10\/15\/guerra-israel-hamas-iran-advierte-de-la-extension-del-conflicto-un-millon-de-desplazados-gira-diplomatica-de-blinken-manifestaciones-de-apoyo-a-palestina-en-europa-y-estados-unidos\/\" \/>\n<meta property=\"og:locale\" content=\"es_ES\" \/>\n<meta property=\"og:type\" content=\"article\" \/>\n<meta property=\"og:title\" content=\"Guerra Israel-Ham\u00e1s: Ir\u00e1n advierte de la extensi\u00f3n del conflicto. Un mill\u00f3n de desplazados. Gira diplom\u00e1tica de Blinken. Manifestaciones de apoyo a Palestina en Europa y Estados Unidos - El Grand Continent\" \/>\n<meta property=\"og:description\" content=\"Ocho d\u00edas despu\u00e9s del ataque de Ham\u00e1s contra Israel, podr\u00eda ser inminente una ofensiva terrestre de las fuerzas israel\u00edes sobre la Franja de Gaza. Las tensiones no cesan en la frontera entre L\u00edbano e Israel. Ir\u00e1n advierte de una posible extensi\u00f3n del conflicto en caso de ofensiva del ej\u00e9rcito israel\u00ed sobre la Franja de Gaza. Actualizaci\u00f3n de la situaci\u00f3n a las 20:00 (Madrid).\" \/>\n<meta property=\"og:url\" content=\"https:\/\/legrandcontinent.eu\/es\/2023\/10\/15\/guerra-israel-hamas-iran-advierte-de-la-extension-del-conflicto-un-millon-de-desplazados-gira-diplomatica-de-blinken-manifestaciones-de-apoyo-a-palestina-en-europa-y-estados-unidos\/\" \/>\n<meta property=\"og:site_name\" content=\"El Grand Continent\" \/>\n<meta property=\"article:published_time\" content=\"2023-10-15T18:00:00+00:00\" \/>\n<meta property=\"article:modified_time\" content=\"2023-10-15T22:09:42+00:00\" \/>\n<meta property=\"og:image\" content=\"https:\/\/legrandcontinent.eu\/es\/wp-content\/uploads\/sites\/2\/2023\/10\/SIPA_sipausa31626558_000004-scaled.jpg\" \/>\n\t<meta property=\"og:image:width\" content=\"2560\" \/>\n\t<meta property=\"og:image:height\" content=\"1707\" \/>\n\t<meta property=\"og:image:type\" content=\"image\/jpeg\" \/>\n<meta name=\"author\" content=\"florent\" \/>\n<meta name=\"twitter:card\" content=\"summary_large_image\" \/>\n<meta name=\"twitter:label1\" content=\"Escrito por\" \/>\n\t<meta name=\"twitter:data1\" content=\"florent\" \/>\n\t<meta name=\"twitter:label2\" content=\"Tiempo de lectura\" \/>\n\t<meta name=\"twitter:data2\" content=\"3 minutos\" \/>\n<script type=\"application\/ld+json\" class=\"yoast-schema-graph\">{\"@context\":\"https:\/\/schema.org\",\"@graph\":[{\"@type\":\"WebPage\",\"@id\":\"https:\/\/legrandcontinent.eu\/es\/2023\/10\/15\/guerra-israel-hamas-iran-advierte-de-la-extension-del-conflicto-un-millon-de-desplazados-gira-diplomatica-de-blinken-manifestaciones-de-apoyo-a-palestina-en-europa-y-estados-unidos\/\",\"url\":\"https:\/\/legrandcontinent.eu\/es\/2023\/10\/15\/guerra-israel-hamas-iran-advierte-de-la-extension-del-conflicto-un-millon-de-desplazados-gira-diplomatica-de-blinken-manifestaciones-de-apoyo-a-palestina-en-europa-y-estados-unidos\/\",\"name\":\"Guerra Israel-Ham\u00e1s: Ir\u00e1n advierte de la extensi\u00f3n del conflicto. Un mill\u00f3n de desplazados. Gira diplom\u00e1tica de Blinken. Manifestaciones de apoyo a Palestina en Europa y Estados Unidos - El Grand Continent\",\"isPartOf\":{\"@id\":\"https:\/\/legrandcontinent.eu\/es\/#website\"},\"primaryImageOfPage\":{\"@id\":\"https:\/\/legrandcontinent.eu\/es\/2023\/10\/15\/guerra-israel-hamas-iran-advierte-de-la-extension-del-conflicto-un-millon-de-desplazados-gira-diplomatica-de-blinken-manifestaciones-de-apoyo-a-palestina-en-europa-y-estados-unidos\/#primaryimage\"},\"image\":{\"@id\":\"https:\/\/legrandcontinent.eu\/es\/2023\/10\/15\/guerra-israel-hamas-iran-advierte-de-la-extension-del-conflicto-un-millon-de-desplazados-gira-diplomatica-de-blinken-manifestaciones-de-apoyo-a-palestina-en-europa-y-estados-unidos\/#primaryimage\"},\"thumbnailUrl\":\"https:\/\/legrandcontinent.eu\/es\/wp-content\/uploads\/sites\/2\/2023\/10\/SIPA_sipausa31626558_000004-scaled.jpg\",\"datePublished\":\"2023-10-15T18:00:00+00:00\",\"dateModified\":\"2023-10-15T22:09:42+00:00\",\"author\":{\"@id\":\"https:\/\/legrandcontinent.eu\/es\/#\/schema\/person\/cdd782c93d4a9eda86ab19a8c01cdf5c\"},\"breadcrumb\":{\"@id\":\"https:\/\/legrandcontinent.eu\/es\/2023\/10\/15\/guerra-israel-hamas-iran-advierte-de-la-extension-del-conflicto-un-millon-de-desplazados-gira-diplomatica-de-blinken-manifestaciones-de-apoyo-a-palestina-en-europa-y-estados-unidos\/#breadcrumb\"},\"inLanguage\":\"es\",\"potentialAction\":[{\"@type\":\"ReadAction\",\"target\":[\"https:\/\/legrandcontinent.eu\/es\/2023\/10\/15\/guerra-israel-hamas-iran-advierte-de-la-extension-del-conflicto-un-millon-de-desplazados-gira-diplomatica-de-blinken-manifestaciones-de-apoyo-a-palestina-en-europa-y-estados-unidos\/\"]}]},{\"@type\":\"ImageObject\",\"inLanguage\":\"es\",\"@id\":\"https:\/\/legrandcontinent.eu\/es\/2023\/10\/15\/guerra-israel-hamas-iran-advierte-de-la-extension-del-conflicto-un-millon-de-desplazados-gira-diplomatica-de-blinken-manifestaciones-de-apoyo-a-palestina-en-europa-y-estados-unidos\/#primaryimage\",\"url\":\"https:\/\/legrandcontinent.eu\/es\/wp-content\/uploads\/sites\/2\/2023\/10\/SIPA_sipausa31626558_000004-scaled.jpg\",\"contentUrl\":\"https:\/\/legrandcontinent.eu\/es\/wp-content\/uploads\/sites\/2\/2023\/10\/SIPA_sipausa31626558_000004-scaled.jpg\",\"width\":2560,\"height\":1707,\"caption\":\"Smoke and flames billow after Israeli forces hit a high-rise tower in Gaza City. October 9, 2023, Gaza, Palestine: Palestinian militants have started a \\\"war\\\" against Israel, infiltrating by air, sea and land from the blockaded Gaza Strip, Israeli officials said. A major escalation in the Israeli-Palestinian conflict. Featuring: Heavy bombardment Where: Gaza, Palestine, Palestine When: 09 Oct 2023 Credit: TheNews2\/Cover Images\/COVER53115414\/TheNews2\/Cover ImagesCOVER\/SIPA\/2310101045\"},{\"@type\":\"BreadcrumbList\",\"@id\":\"https:\/\/legrandcontinent.eu\/es\/2023\/10\/15\/guerra-israel-hamas-iran-advierte-de-la-extension-del-conflicto-un-millon-de-desplazados-gira-diplomatica-de-blinken-manifestaciones-de-apoyo-a-palestina-en-europa-y-estados-unidos\/#breadcrumb\",\"itemListElement\":[{\"@type\":\"ListItem\",\"position\":1,\"name\":\"Home\",\"item\":\"https:\/\/legrandcontinent.eu\/es\/\"},{\"@type\":\"ListItem\",\"position\":2,\"name\":\"Guerra Israel-Ham\u00e1s: Ir\u00e1n advierte de la extensi\u00f3n del conflicto. Un mill\u00f3n de desplazados. Gira diplom\u00e1tica de Blinken. Manifestaciones de apoyo a Palestina en Europa y Estados Unidos\"}]},{\"@type\":\"WebSite\",\"@id\":\"https:\/\/legrandcontinent.eu\/es\/#website\",\"url\":\"https:\/\/legrandcontinent.eu\/es\/\",\"name\":\"El Grand Continent\",\"description\":\"La escala pertinente\",\"potentialAction\":[{\"@type\":\"SearchAction\",\"target\":{\"@type\":\"EntryPoint\",\"urlTemplate\":\"https:\/\/legrandcontinent.eu\/es\/?s={search_term_string}\"},\"query-input\":{\"@type\":\"PropertyValueSpecification\",\"valueRequired\":true,\"valueName\":\"search_term_string\"}}],\"inLanguage\":\"es\"},{\"@type\":\"Person\",\"@id\":\"https:\/\/legrandcontinent.eu\/es\/#\/schema\/person\/cdd782c93d4a9eda86ab19a8c01cdf5c\",\"name\":\"florent\",\"image\":{\"@type\":\"ImageObject\",\"inLanguage\":\"es\",\"@id\":\"https:\/\/legrandcontinent.eu\/es\/#\/schema\/person\/image\/\",\"url\":\"https:\/\/secure.gravatar.com\/avatar\/0d38d78c90602daf39b309035cdac6bc?s=96&d=mm&r=g\",\"contentUrl\":\"https:\/\/secure.gravatar.com\/avatar\/0d38d78c90602daf39b309035cdac6bc?s=96&d=mm&r=g\",\"caption\":\"florent\"}}]}<\/script>\n<!-- \/ Yoast SEO plugin. -->","yoast_head_json":{"title":"Guerra Israel-Ham\u00e1s: Ir\u00e1n advierte de la extensi\u00f3n del conflicto. Un mill\u00f3n de desplazados. Gira diplom\u00e1tica de Blinken. Manifestaciones de apoyo a Palestina en Europa y Estados Unidos - El Grand Continent","robots":{"index":"index","follow":"follow","max-snippet":"max-snippet:-1","max-image-preview":"max-image-preview:large","max-video-preview":"max-video-preview:-1"},"canonical":"https:\/\/legrandcontinent.eu\/es\/2023\/10\/15\/guerra-israel-hamas-iran-advierte-de-la-extension-del-conflicto-un-millon-de-desplazados-gira-diplomatica-de-blinken-manifestaciones-de-apoyo-a-palestina-en-europa-y-estados-unidos\/","og_locale":"es_ES","og_type":"article","og_title":"Guerra Israel-Ham\u00e1s: Ir\u00e1n advierte de la extensi\u00f3n del conflicto. Un mill\u00f3n de desplazados. Gira diplom\u00e1tica de Blinken. Manifestaciones de apoyo a Palestina en Europa y Estados Unidos - El Grand Continent","og_description":"Ocho d\u00edas despu\u00e9s del ataque de Ham\u00e1s contra Israel, podr\u00eda ser inminente una ofensiva terrestre de las fuerzas israel\u00edes sobre la Franja de Gaza. Las tensiones no cesan en la frontera entre L\u00edbano e Israel. Ir\u00e1n advierte de una posible extensi\u00f3n del conflicto en caso de ofensiva del ej\u00e9rcito israel\u00ed sobre la Franja de Gaza. Actualizaci\u00f3n de la situaci\u00f3n a las 20:00 (Madrid).","og_url":"https:\/\/legrandcontinent.eu\/es\/2023\/10\/15\/guerra-israel-hamas-iran-advierte-de-la-extension-del-conflicto-un-millon-de-desplazados-gira-diplomatica-de-blinken-manifestaciones-de-apoyo-a-palestina-en-europa-y-estados-unidos\/","og_site_name":"El Grand Continent","article_published_time":"2023-10-15T18:00:00+00:00","article_modified_time":"2023-10-15T22:09:42+00:00","og_image":[{"width":2560,"height":1707,"url":"https:\/\/legrandcontinent.eu\/es\/wp-content\/uploads\/sites\/2\/2023\/10\/SIPA_sipausa31626558_000004-scaled.jpg","type":"image\/jpeg"}],"author":"florent","twitter_card":"summary_large_image","twitter_misc":{"Escrito por":"florent","Tiempo de lectura":"3 minutos"},"schema":{"@context":"https:\/\/schema.org","@graph":[{"@type":"WebPage","@id":"https:\/\/legrandcontinent.eu\/es\/2023\/10\/15\/guerra-israel-hamas-iran-advierte-de-la-extension-del-conflicto-un-millon-de-desplazados-gira-diplomatica-de-blinken-manifestaciones-de-apoyo-a-palestina-en-europa-y-estados-unidos\/","url":"https:\/\/legrandcontinent.eu\/es\/2023\/10\/15\/guerra-israel-hamas-iran-advierte-de-la-extension-del-conflicto-un-millon-de-desplazados-gira-diplomatica-de-blinken-manifestaciones-de-apoyo-a-palestina-en-europa-y-estados-unidos\/","name":"Guerra Israel-Ham\u00e1s: Ir\u00e1n advierte de la extensi\u00f3n del conflicto. Un mill\u00f3n de desplazados. Gira diplom\u00e1tica de Blinken. Manifestaciones de apoyo a Palestina en Europa y Estados Unidos - El Grand Continent","isPartOf":{"@id":"https:\/\/legrandcontinent.eu\/es\/#website"},"primaryImageOfPage":{"@id":"https:\/\/legrandcontinent.eu\/es\/2023\/10\/15\/guerra-israel-hamas-iran-advierte-de-la-extension-del-conflicto-un-millon-de-desplazados-gira-diplomatica-de-blinken-manifestaciones-de-apoyo-a-palestina-en-europa-y-estados-unidos\/#primaryimage"},"image":{"@id":"https:\/\/legrandcontinent.eu\/es\/2023\/10\/15\/guerra-israel-hamas-iran-advierte-de-la-extension-del-conflicto-un-millon-de-desplazados-gira-diplomatica-de-blinken-manifestaciones-de-apoyo-a-palestina-en-europa-y-estados-unidos\/#primaryimage"},"thumbnailUrl":"https:\/\/legrandcontinent.eu\/es\/wp-content\/uploads\/sites\/2\/2023\/10\/SIPA_sipausa31626558_000004-scaled.jpg","datePublished":"2023-10-15T18:00:00+00:00","dateModified":"2023-10-15T22:09:42+00:00","author":{"@id":"https:\/\/legrandcontinent.eu\/es\/#\/schema\/person\/cdd782c93d4a9eda86ab19a8c01cdf5c"},"breadcrumb":{"@id":"https:\/\/legrandcontinent.eu\/es\/2023\/10\/15\/guerra-israel-hamas-iran-advierte-de-la-extension-del-conflicto-un-millon-de-desplazados-gira-diplomatica-de-blinken-manifestaciones-de-apoyo-a-palestina-en-europa-y-estados-unidos\/#breadcrumb"},"inLanguage":"es","potentialAction":[{"@type":"ReadAction","target":["https:\/\/legrandcontinent.eu\/es\/2023\/10\/15\/guerra-israel-hamas-iran-advierte-de-la-extension-del-conflicto-un-millon-de-desplazados-gira-diplomatica-de-blinken-manifestaciones-de-apoyo-a-palestina-en-europa-y-estados-unidos\/"]}]},{"@type":"ImageObject","inLanguage":"es","@id":"https:\/\/legrandcontinent.eu\/es\/2023\/10\/15\/guerra-israel-hamas-iran-advierte-de-la-extension-del-conflicto-un-millon-de-desplazados-gira-diplomatica-de-blinken-manifestaciones-de-apoyo-a-palestina-en-europa-y-estados-unidos\/#primaryimage","url":"https:\/\/legrandcontinent.eu\/es\/wp-content\/uploads\/sites\/2\/2023\/10\/SIPA_sipausa31626558_000004-scaled.jpg","contentUrl":"https:\/\/legrandcontinent.eu\/es\/wp-content\/uploads\/sites\/2\/2023\/10\/SIPA_sipausa31626558_000004-scaled.jpg","width":2560,"height":1707,"caption":"Smoke and flames billow after Israeli forces hit a high-rise tower in Gaza City. October 9, 2023, Gaza, Palestine: Palestinian militants have started a \"war\" against Israel, infiltrating by air, sea and land from the blockaded Gaza Strip, Israeli officials said. A major escalation in the Israeli-Palestinian conflict. Featuring: Heavy bombardment Where: Gaza, Palestine, Palestine When: 09 Oct 2023 Credit: TheNews2\/Cover Images\/COVER53115414\/TheNews2\/Cover ImagesCOVER\/SIPA\/2310101045"},{"@type":"BreadcrumbList","@id":"https:\/\/legrandcontinent.eu\/es\/2023\/10\/15\/guerra-israel-hamas-iran-advierte-de-la-extension-del-conflicto-un-millon-de-desplazados-gira-diplomatica-de-blinken-manifestaciones-de-apoyo-a-palestina-en-europa-y-estados-unidos\/#breadcrumb","itemListElement":[{"@type":"ListItem","position":1,"name":"Home","item":"https:\/\/legrandcontinent.eu\/es\/"},{"@type":"ListItem","position":2,"name":"Guerra Israel-Ham\u00e1s: Ir\u00e1n advierte de la extensi\u00f3n del conflicto. Un mill\u00f3n de desplazados. Gira diplom\u00e1tica de Blinken. Manifestaciones de apoyo a Palestina en Europa y Estados Unidos"}]},{"@type":"WebSite","@id":"https:\/\/legrandcontinent.eu\/es\/#website","url":"https:\/\/legrandcontinent.eu\/es\/","name":"El Grand Continent","description":"La escala pertinente","potentialAction":[{"@type":"SearchAction","target":{"@type":"EntryPoint","urlTemplate":"https:\/\/legrandcontinent.eu\/es\/?s={search_term_string}"},"query-input":{"@type":"PropertyValueSpecification","valueRequired":true,"valueName":"search_term_string"}}],"inLanguage":"es"},{"@type":"Person","@id":"https:\/\/legrandcontinent.eu\/es\/#\/schema\/person\/cdd782c93d4a9eda86ab19a8c01cdf5c","name":"florent","image":{"@type":"ImageObject","inLanguage":"es","@id":"https:\/\/legrandcontinent.eu\/es\/#\/schema\/person\/image\/","url":"https:\/\/secure.gravatar.com\/avatar\/0d38d78c90602daf39b309035cdac6bc?s=96&d=mm&r=g","contentUrl":"https:\/\/secure.gravatar.com\/avatar\/0d38d78c90602daf39b309035cdac6bc?s=96&d=mm&r=g","caption":"florent"}}]}},"lgc_categories":[{"id":668,"name":"Israel, Ham\u00e1s: el 7 de octubre, dos a\u00f1os despu\u00e9s","slug":"guerra-de-sucot"}],"lgc_author":null,"feature_image_summary":{"url":"https:\/\/legrandcontinent.eu\/es\/wp-content\/uploads\/sites\/2\/2023\/10\/SIPA_sipausa31626558_000004-scaled.jpg","width":2560,"height":1707,"alt":""},"feature_image_cover":null,"term_position_data":null,"_links":{"self":[{"href":"https:\/\/legrandcontinent.eu\/es\/wp-json\/wp\/v2\/posts\/24849","targetHints":{"allow":["GET"]}}],"collection":[{"href":"https:\/\/legrandcontinent.eu\/es\/wp-json\/wp\/v2\/posts"}],"about":[{"href":"https:\/\/legrandcontinent.eu\/es\/wp-json\/wp\/v2\/types\/post"}],"author":[{"embeddable":true,"href":"https:\/\/legrandcontinent.eu\/es\/wp-json\/wp\/v2\/users\/1366"}],"replies":[{"embeddable":true,"href":"https:\/\/legrandcontinent.eu\/es\/wp-json\/wp\/v2\/comments?post=24849"}],"version-history":[{"count":0,"href":"https:\/\/legrandcontinent.eu\/es\/wp-json\/wp\/v2\/posts\/24849\/revisions"}],"wp:featuredmedia":[{"embeddable":true,"href":"https:\/\/legrandcontinent.eu\/es\/wp-json\/wp\/v2\/media\/24495"}],"wp:attachment":[{"href":"https:\/\/legrandcontinent.eu\/es\/wp-json\/wp\/v2\/media?parent=24849"}],"wp:term":[{"taxonomy":"category","embeddable":true,"href":"https:\/\/legrandcontinent.eu\/es\/wp-json\/wp\/v2\/categories?post=24849"},{"taxonomy":"post_tag","embeddable":true,"href":"https:\/\/legrandcontinent.eu\/es\/wp-json\/wp\/v2\/tags?post=24849"},{"taxonomy":"staff","embeddable":true,"href":"https:\/\/legrandcontinent.eu\/es\/wp-json\/wp\/v2\/staff?post=24849"},{"taxonomy":"editorial_format","embeddable":true,"href":"https:\/\/legrandcontinent.eu\/es\/wp-json\/wp\/v2\/editorial_format?post=24849"},{"taxonomy":"serie","embeddable":true,"href":"https:\/\/legrandcontinent.eu\/es\/wp-json\/wp\/v2\/serie?post=24849"},{"taxonomy":"audience","embeddable":true,"href":"https:\/\/legrandcontinent.eu\/es\/wp-json\/wp\/v2\/audience?post=24849"},{"taxonomy":"geo","embeddable":true,"href":"https:\/\/legrandcontinent.eu\/es\/wp-json\/wp\/v2\/geo?post=24849"}],"curies":[{"name":"wp","href":"https:\/\/api.w.org\/{rel}","templated":true}]}}