{"id":24461,"date":"2023-10-10T06:30:00","date_gmt":"2023-10-10T04:30:00","guid":{"rendered":"https:\/\/legrandcontinent.eu\/es\/?p=24461"},"modified":"2023-10-10T12:07:28","modified_gmt":"2023-10-10T10:07:28","slug":"los-verdes-se-hunden-en-luxemburgo-el-gobierno-liberal-socialdemocrata-verde-pierde-la-mayoria-y-es-sustituido-por-una-coalicion-de-centro-derecha","status":"publish","type":"post","link":"https:\/\/legrandcontinent.eu\/es\/2023\/10\/10\/los-verdes-se-hunden-en-luxemburgo-el-gobierno-liberal-socialdemocrata-verde-pierde-la-mayoria-y-es-sustituido-por-una-coalicion-de-centro-derecha\/","title":{"rendered":"Los Verdes se hunden en Luxemburgo. El Gobierno liberal-socialdem\u00f3crata-verde pierde la mayor\u00eda y es sustituido por una coalici\u00f3n de centro-derecha"},"content":{"rendered":"\n<p>El Partido Socialcristiano Popular (CSV, PPE), formaci\u00f3n hist\u00f3rica de centro-derecha luxemburguesa, se ha impuesto con el 29,2% de los votos, lo que supone un aumento de 0,9 puntos porcentuales.<\/p>\n\n\n\n<div class=\"iframe-container wp-block-image wp-block-image-medium  iframe-dw\">\n\t<div>\n\t\t<iframe class=\"absolute w-full h-full pin-t pin-l\" title=\"titolo\" aria-label=\"Interactive line chart\" src=\"\/\/datawrapper.dwcdn.net\/Rkj2y\/\" scrolling=\"no\" frameborder=\"0\"><\/iframe>\n\t<\/div>\n<\/div>\n\n\n\n<ul class=\"wp-block-list\">\n<li>El CSV ha sido el principal partido de la C\u00e1mara ininterrumpidamente desde 1948.<\/li>\n<\/ul>\n\n\n\n<ul class=\"wp-block-list\">\n<li>Sin embargo, hab\u00eda estado en la oposici\u00f3n desde 2013, despu\u00e9s de que el Partido Democr\u00e1tico (DP, RE), el Partido Socialista Obrero Luxemburgu\u00e9s (LSAP, S&amp;D) y los Verdes (Verdes\/EFA) formaran una coalici\u00f3n contra \u00e9l bajo Xavier Bettel (DP).<\/li>\n<\/ul>\n\n\n\n<p>Los grandes perdedores de estas elecciones fueron los Verdes, que perdieron 6,6 puntos, hasta el 8,6%. Era el tercer partido en el llamado gobierno de coalici\u00f3n \u00abgambiano\u00bb -en referencia a los colores de la bandera gambiana- con el DP, el LSAP.<\/p>\n\n\n\n<ul class=\"wp-block-list\">\n<li>El partido tendr\u00e1 ahora s\u00f3lo 4 esca\u00f1os en la C\u00e1mara, frente a los 9 de la anterior legislatura. Al mismo tiempo, pierde la capacidad de formar grupo pol\u00edtico.<\/li>\n<\/ul>\n\n\n\n<ul class=\"wp-block-list\">\n<li>El partido de Izquierda (GUE\/NGL) tambi\u00e9n cae al 3,9% (-1,6 pp), pero conserva sus dos esca\u00f1os parlamentarios.<\/li>\n<\/ul>\n\n\n\n<p>Los dos principales partidos gubernamentales, el PD y el LSAP, obtuvieron uno y dos esca\u00f1os m\u00e1s, respectivamente, con el 18,9% (+1,3 pp) y el 18,7% (+1,8 pp) de los votos.<\/p>\n\n\n\n<ul class=\"wp-block-list\">\n<li>Otros ganadores fueron el partido populista de derechas euroesc\u00e9ptico Alternativa Democr\u00e1tica Reformista (ADR, CRE), que obtuvo el 9,3% (+1,0 pp) y 6 esca\u00f1os (+1), y el Partido Pirata (Verdes\/EFA), que obtuvo el 6,7% (+0,3 pp) y 5 esca\u00f1os (+1).<\/li>\n<\/ul>\n\n\n\n<p>El lunes se aclar\u00f3 la naturaleza de la coalici\u00f3n que se formar\u00e1 tras estas elecciones.<\/p>\n\n\n\n<ul class=\"wp-block-list\">\n<li>Luc Frieden, que encabezaba la lista del CSV en estas elecciones, fue nombrado formador por el Gran Duque Enrique el 9 de octubre. Por la noche, el CSV y el PD anunciaron su voluntad de coaligarse con el fin de formar un nuevo ejecutivo de centro-derecha. Xavier Bettel ya ha indicado que no optar\u00e1 al puesto de Primer Ministro, que naturalmente deber\u00eda recaer en el Sr. Frieden.<\/li>\n<\/ul>\n\n\n\n<ul class=\"wp-block-list\">\n<li>Dados los estrechos v\u00ednculos program\u00e1ticos entre CSV y DP, esta alianza parece natural. Con 21 y 14 diputados electos respectivamente, los dos principales partidos de la C\u00e1mara tendr\u00edan una c\u00f3moda mayor\u00eda de 35 esca\u00f1os sobre 60 para gobernar.<\/li>\n<\/ul>\n\n\n\n<ul class=\"wp-block-list\">\n<li>Los socialdem\u00f3cratas del LSAP tambi\u00e9n han anunciado que est\u00e1n abiertos a conversaciones con el CSV, aunque este \u00faltimo ha indicado que no desea entablar negociaciones paralelas.<\/li>\n<\/ul>\n","protected":false},"excerpt":{"rendered":"<p>Las elecciones legislativas luxemburguesas se celebraron el domingo 8 de octubre. La derrota de los Verdes, que formaban parte de la coalici\u00f3n en el poder del Primer Ministro Xavier Bettel, ha provocado un cambio de gobierno. La derecha nacional-conservadora gana terreno.<\/p>\n","protected":false},"author":1366,"featured_media":24463,"comment_status":"closed","ping_status":"","sticky":false,"template":"templates\/post-briefings.php","format":"standard","meta":{"_acf_changed":false,"_trash_the_other_posts":false,"_yoast_wpseo_estimated-reading-time-minutes":2,"footnotes":""},"categories":[6],"tags":[],"staff":[],"editorial_format":[],"serie":[],"audience":[],"geo":[177],"class_list":["post-24461","post","type-post","status-publish","format-standard","hentry","category-politica","geo-europa"],"acf":{"open_in_webview":false,"accent":false},"yoast_head":"<!-- This site is optimized with the Yoast SEO plugin v26.1.1 - https:\/\/yoast.com\/wordpress\/plugins\/seo\/ -->\n<title>Los Verdes se hunden en Luxemburgo. El Gobierno liberal-socialdem\u00f3crata-verde pierde la mayor\u00eda y es sustituido por una coalici\u00f3n de centro-derecha - El Grand Continent<\/title>\n<meta name=\"robots\" content=\"index, follow, max-snippet:-1, max-image-preview:large, max-video-preview:-1\" \/>\n<link rel=\"canonical\" href=\"https:\/\/legrandcontinent.eu\/es\/2023\/10\/10\/los-verdes-se-hunden-en-luxemburgo-el-gobierno-liberal-socialdemocrata-verde-pierde-la-mayoria-y-es-sustituido-por-una-coalicion-de-centro-derecha\/\" \/>\n<meta property=\"og:locale\" content=\"es_ES\" \/>\n<meta property=\"og:type\" content=\"article\" \/>\n<meta property=\"og:title\" content=\"Los Verdes se hunden en Luxemburgo. El Gobierno liberal-socialdem\u00f3crata-verde pierde la mayor\u00eda y es sustituido por una coalici\u00f3n de centro-derecha - El Grand Continent\" \/>\n<meta property=\"og:description\" content=\"Las elecciones legislativas luxemburguesas se celebraron el domingo 8 de octubre. La derrota de los Verdes, que formaban parte de la coalici\u00f3n en el poder del Primer Ministro Xavier Bettel, ha provocado un cambio de gobierno. La derecha nacional-conservadora gana terreno.\" \/>\n<meta property=\"og:url\" content=\"https:\/\/legrandcontinent.eu\/es\/2023\/10\/10\/los-verdes-se-hunden-en-luxemburgo-el-gobierno-liberal-socialdemocrata-verde-pierde-la-mayoria-y-es-sustituido-por-una-coalicion-de-centro-derecha\/\" \/>\n<meta property=\"og:site_name\" content=\"El Grand Continent\" \/>\n<meta property=\"article:published_time\" content=\"2023-10-10T04:30:00+00:00\" \/>\n<meta property=\"article:modified_time\" content=\"2023-10-10T10:07:28+00:00\" \/>\n<meta property=\"og:image\" content=\"https:\/\/legrandcontinent.eu\/es\/wp-content\/uploads\/sites\/6\/2023\/10\/Rkj2y-resultados-de-las-elecciones-legislativas-en-luxemburgo-2018-frente-a-2023-.png\" \/>\n\t<meta property=\"og:image:width\" content=\"1376\" \/>\n\t<meta property=\"og:image:height\" content=\"608\" \/>\n\t<meta property=\"og:image:type\" content=\"image\/png\" \/>\n<meta name=\"author\" content=\"florent\" \/>\n<meta name=\"twitter:card\" content=\"summary_large_image\" \/>\n<meta name=\"twitter:label1\" content=\"Escrito por\" \/>\n\t<meta name=\"twitter:data1\" content=\"florent\" \/>\n\t<meta name=\"twitter:label2\" content=\"Tiempo de lectura\" \/>\n\t<meta name=\"twitter:data2\" content=\"2 minutos\" \/>\n<script type=\"application\/ld+json\" class=\"yoast-schema-graph\">{\"@context\":\"https:\/\/schema.org\",\"@graph\":[{\"@type\":\"WebPage\",\"@id\":\"https:\/\/legrandcontinent.eu\/es\/2023\/10\/10\/los-verdes-se-hunden-en-luxemburgo-el-gobierno-liberal-socialdemocrata-verde-pierde-la-mayoria-y-es-sustituido-por-una-coalicion-de-centro-derecha\/\",\"url\":\"https:\/\/legrandcontinent.eu\/es\/2023\/10\/10\/los-verdes-se-hunden-en-luxemburgo-el-gobierno-liberal-socialdemocrata-verde-pierde-la-mayoria-y-es-sustituido-por-una-coalicion-de-centro-derecha\/\",\"name\":\"Los Verdes se hunden en Luxemburgo. El Gobierno liberal-socialdem\u00f3crata-verde pierde la mayor\u00eda y es sustituido por una coalici\u00f3n de centro-derecha - El Grand Continent\",\"isPartOf\":{\"@id\":\"https:\/\/legrandcontinent.eu\/es\/#website\"},\"primaryImageOfPage\":{\"@id\":\"https:\/\/legrandcontinent.eu\/es\/2023\/10\/10\/los-verdes-se-hunden-en-luxemburgo-el-gobierno-liberal-socialdemocrata-verde-pierde-la-mayoria-y-es-sustituido-por-una-coalicion-de-centro-derecha\/#primaryimage\"},\"image\":{\"@id\":\"https:\/\/legrandcontinent.eu\/es\/2023\/10\/10\/los-verdes-se-hunden-en-luxemburgo-el-gobierno-liberal-socialdemocrata-verde-pierde-la-mayoria-y-es-sustituido-por-una-coalicion-de-centro-derecha\/#primaryimage\"},\"thumbnailUrl\":\"https:\/\/legrandcontinent.eu\/es\/wp-content\/uploads\/sites\/6\/2023\/10\/Rkj2y-resultados-de-las-elecciones-legislativas-en-luxemburgo-2018-frente-a-2023-.png\",\"datePublished\":\"2023-10-10T04:30:00+00:00\",\"dateModified\":\"2023-10-10T10:07:28+00:00\",\"author\":{\"@id\":\"https:\/\/legrandcontinent.eu\/es\/#\/schema\/person\/cdd782c93d4a9eda86ab19a8c01cdf5c\"},\"breadcrumb\":{\"@id\":\"https:\/\/legrandcontinent.eu\/es\/2023\/10\/10\/los-verdes-se-hunden-en-luxemburgo-el-gobierno-liberal-socialdemocrata-verde-pierde-la-mayoria-y-es-sustituido-por-una-coalicion-de-centro-derecha\/#breadcrumb\"},\"inLanguage\":\"es\",\"potentialAction\":[{\"@type\":\"ReadAction\",\"target\":[\"https:\/\/legrandcontinent.eu\/es\/2023\/10\/10\/los-verdes-se-hunden-en-luxemburgo-el-gobierno-liberal-socialdemocrata-verde-pierde-la-mayoria-y-es-sustituido-por-una-coalicion-de-centro-derecha\/\"]}]},{\"@type\":\"ImageObject\",\"inLanguage\":\"es\",\"@id\":\"https:\/\/legrandcontinent.eu\/es\/2023\/10\/10\/los-verdes-se-hunden-en-luxemburgo-el-gobierno-liberal-socialdemocrata-verde-pierde-la-mayoria-y-es-sustituido-por-una-coalicion-de-centro-derecha\/#primaryimage\",\"url\":\"https:\/\/legrandcontinent.eu\/es\/wp-content\/uploads\/sites\/6\/2023\/10\/Rkj2y-resultados-de-las-elecciones-legislativas-en-luxemburgo-2018-frente-a-2023-.png\",\"contentUrl\":\"https:\/\/legrandcontinent.eu\/es\/wp-content\/uploads\/sites\/6\/2023\/10\/Rkj2y-resultados-de-las-elecciones-legislativas-en-luxemburgo-2018-frente-a-2023-.png\",\"width\":1376,\"height\":608},{\"@type\":\"BreadcrumbList\",\"@id\":\"https:\/\/legrandcontinent.eu\/es\/2023\/10\/10\/los-verdes-se-hunden-en-luxemburgo-el-gobierno-liberal-socialdemocrata-verde-pierde-la-mayoria-y-es-sustituido-por-una-coalicion-de-centro-derecha\/#breadcrumb\",\"itemListElement\":[{\"@type\":\"ListItem\",\"position\":1,\"name\":\"Home\",\"item\":\"https:\/\/legrandcontinent.eu\/es\/\"},{\"@type\":\"ListItem\",\"position\":2,\"name\":\"Los Verdes se hunden en Luxemburgo. El Gobierno liberal-socialdem\u00f3crata-verde pierde la mayor\u00eda y es sustituido por una coalici\u00f3n de centro-derecha\"}]},{\"@type\":\"WebSite\",\"@id\":\"https:\/\/legrandcontinent.eu\/es\/#website\",\"url\":\"https:\/\/legrandcontinent.eu\/es\/\",\"name\":\"El Grand Continent\",\"description\":\"La escala pertinente\",\"potentialAction\":[{\"@type\":\"SearchAction\",\"target\":{\"@type\":\"EntryPoint\",\"urlTemplate\":\"https:\/\/legrandcontinent.eu\/es\/?s={search_term_string}\"},\"query-input\":{\"@type\":\"PropertyValueSpecification\",\"valueRequired\":true,\"valueName\":\"search_term_string\"}}],\"inLanguage\":\"es\"},{\"@type\":\"Person\",\"@id\":\"https:\/\/legrandcontinent.eu\/es\/#\/schema\/person\/cdd782c93d4a9eda86ab19a8c01cdf5c\",\"name\":\"florent\",\"image\":{\"@type\":\"ImageObject\",\"inLanguage\":\"es\",\"@id\":\"https:\/\/legrandcontinent.eu\/es\/#\/schema\/person\/image\/\",\"url\":\"https:\/\/secure.gravatar.com\/avatar\/0d38d78c90602daf39b309035cdac6bc?s=96&d=mm&r=g\",\"contentUrl\":\"https:\/\/secure.gravatar.com\/avatar\/0d38d78c90602daf39b309035cdac6bc?s=96&d=mm&r=g\",\"caption\":\"florent\"}}]}<\/script>\n<!-- \/ Yoast SEO plugin. -->","yoast_head_json":{"title":"Los Verdes se hunden en Luxemburgo. El Gobierno liberal-socialdem\u00f3crata-verde pierde la mayor\u00eda y es sustituido por una coalici\u00f3n de centro-derecha - El Grand Continent","robots":{"index":"index","follow":"follow","max-snippet":"max-snippet:-1","max-image-preview":"max-image-preview:large","max-video-preview":"max-video-preview:-1"},"canonical":"https:\/\/legrandcontinent.eu\/es\/2023\/10\/10\/los-verdes-se-hunden-en-luxemburgo-el-gobierno-liberal-socialdemocrata-verde-pierde-la-mayoria-y-es-sustituido-por-una-coalicion-de-centro-derecha\/","og_locale":"es_ES","og_type":"article","og_title":"Los Verdes se hunden en Luxemburgo. El Gobierno liberal-socialdem\u00f3crata-verde pierde la mayor\u00eda y es sustituido por una coalici\u00f3n de centro-derecha - El Grand Continent","og_description":"Las elecciones legislativas luxemburguesas se celebraron el domingo 8 de octubre. La derrota de los Verdes, que formaban parte de la coalici\u00f3n en el poder del Primer Ministro Xavier Bettel, ha provocado un cambio de gobierno. La derecha nacional-conservadora gana terreno.","og_url":"https:\/\/legrandcontinent.eu\/es\/2023\/10\/10\/los-verdes-se-hunden-en-luxemburgo-el-gobierno-liberal-socialdemocrata-verde-pierde-la-mayoria-y-es-sustituido-por-una-coalicion-de-centro-derecha\/","og_site_name":"El Grand Continent","article_published_time":"2023-10-10T04:30:00+00:00","article_modified_time":"2023-10-10T10:07:28+00:00","og_image":[{"width":1376,"height":608,"url":"https:\/\/legrandcontinent.eu\/es\/wp-content\/uploads\/sites\/6\/2023\/10\/Rkj2y-resultados-de-las-elecciones-legislativas-en-luxemburgo-2018-frente-a-2023-.png","type":"image\/png"}],"author":"florent","twitter_card":"summary_large_image","twitter_misc":{"Escrito por":"florent","Tiempo de lectura":"2 minutos"},"schema":{"@context":"https:\/\/schema.org","@graph":[{"@type":"WebPage","@id":"https:\/\/legrandcontinent.eu\/es\/2023\/10\/10\/los-verdes-se-hunden-en-luxemburgo-el-gobierno-liberal-socialdemocrata-verde-pierde-la-mayoria-y-es-sustituido-por-una-coalicion-de-centro-derecha\/","url":"https:\/\/legrandcontinent.eu\/es\/2023\/10\/10\/los-verdes-se-hunden-en-luxemburgo-el-gobierno-liberal-socialdemocrata-verde-pierde-la-mayoria-y-es-sustituido-por-una-coalicion-de-centro-derecha\/","name":"Los Verdes se hunden en Luxemburgo. El Gobierno liberal-socialdem\u00f3crata-verde pierde la mayor\u00eda y es sustituido por una coalici\u00f3n de centro-derecha - El Grand Continent","isPartOf":{"@id":"https:\/\/legrandcontinent.eu\/es\/#website"},"primaryImageOfPage":{"@id":"https:\/\/legrandcontinent.eu\/es\/2023\/10\/10\/los-verdes-se-hunden-en-luxemburgo-el-gobierno-liberal-socialdemocrata-verde-pierde-la-mayoria-y-es-sustituido-por-una-coalicion-de-centro-derecha\/#primaryimage"},"image":{"@id":"https:\/\/legrandcontinent.eu\/es\/2023\/10\/10\/los-verdes-se-hunden-en-luxemburgo-el-gobierno-liberal-socialdemocrata-verde-pierde-la-mayoria-y-es-sustituido-por-una-coalicion-de-centro-derecha\/#primaryimage"},"thumbnailUrl":"https:\/\/legrandcontinent.eu\/es\/wp-content\/uploads\/sites\/6\/2023\/10\/Rkj2y-resultados-de-las-elecciones-legislativas-en-luxemburgo-2018-frente-a-2023-.png","datePublished":"2023-10-10T04:30:00+00:00","dateModified":"2023-10-10T10:07:28+00:00","author":{"@id":"https:\/\/legrandcontinent.eu\/es\/#\/schema\/person\/cdd782c93d4a9eda86ab19a8c01cdf5c"},"breadcrumb":{"@id":"https:\/\/legrandcontinent.eu\/es\/2023\/10\/10\/los-verdes-se-hunden-en-luxemburgo-el-gobierno-liberal-socialdemocrata-verde-pierde-la-mayoria-y-es-sustituido-por-una-coalicion-de-centro-derecha\/#breadcrumb"},"inLanguage":"es","potentialAction":[{"@type":"ReadAction","target":["https:\/\/legrandcontinent.eu\/es\/2023\/10\/10\/los-verdes-se-hunden-en-luxemburgo-el-gobierno-liberal-socialdemocrata-verde-pierde-la-mayoria-y-es-sustituido-por-una-coalicion-de-centro-derecha\/"]}]},{"@type":"ImageObject","inLanguage":"es","@id":"https:\/\/legrandcontinent.eu\/es\/2023\/10\/10\/los-verdes-se-hunden-en-luxemburgo-el-gobierno-liberal-socialdemocrata-verde-pierde-la-mayoria-y-es-sustituido-por-una-coalicion-de-centro-derecha\/#primaryimage","url":"https:\/\/legrandcontinent.eu\/es\/wp-content\/uploads\/sites\/6\/2023\/10\/Rkj2y-resultados-de-las-elecciones-legislativas-en-luxemburgo-2018-frente-a-2023-.png","contentUrl":"https:\/\/legrandcontinent.eu\/es\/wp-content\/uploads\/sites\/6\/2023\/10\/Rkj2y-resultados-de-las-elecciones-legislativas-en-luxemburgo-2018-frente-a-2023-.png","width":1376,"height":608},{"@type":"BreadcrumbList","@id":"https:\/\/legrandcontinent.eu\/es\/2023\/10\/10\/los-verdes-se-hunden-en-luxemburgo-el-gobierno-liberal-socialdemocrata-verde-pierde-la-mayoria-y-es-sustituido-por-una-coalicion-de-centro-derecha\/#breadcrumb","itemListElement":[{"@type":"ListItem","position":1,"name":"Home","item":"https:\/\/legrandcontinent.eu\/es\/"},{"@type":"ListItem","position":2,"name":"Los Verdes se hunden en Luxemburgo. El Gobierno liberal-socialdem\u00f3crata-verde pierde la mayor\u00eda y es sustituido por una coalici\u00f3n de centro-derecha"}]},{"@type":"WebSite","@id":"https:\/\/legrandcontinent.eu\/es\/#website","url":"https:\/\/legrandcontinent.eu\/es\/","name":"El Grand Continent","description":"La escala pertinente","potentialAction":[{"@type":"SearchAction","target":{"@type":"EntryPoint","urlTemplate":"https:\/\/legrandcontinent.eu\/es\/?s={search_term_string}"},"query-input":{"@type":"PropertyValueSpecification","valueRequired":true,"valueName":"search_term_string"}}],"inLanguage":"es"},{"@type":"Person","@id":"https:\/\/legrandcontinent.eu\/es\/#\/schema\/person\/cdd782c93d4a9eda86ab19a8c01cdf5c","name":"florent","image":{"@type":"ImageObject","inLanguage":"es","@id":"https:\/\/legrandcontinent.eu\/es\/#\/schema\/person\/image\/","url":"https:\/\/secure.gravatar.com\/avatar\/0d38d78c90602daf39b309035cdac6bc?s=96&d=mm&r=g","contentUrl":"https:\/\/secure.gravatar.com\/avatar\/0d38d78c90602daf39b309035cdac6bc?s=96&d=mm&r=g","caption":"florent"}}]}},"lgc_categories":[{"id":6,"name":"Pol\u00edtica","slug":"politica"}],"lgc_author":null,"feature_image_summary":{"url":"https:\/\/legrandcontinent.eu\/es\/wp-content\/uploads\/sites\/6\/2023\/10\/Rkj2y-resultados-de-las-elecciones-legislativas-en-luxemburgo-2018-frente-a-2023-.png","width":1376,"height":608,"alt":""},"feature_image_cover":null,"term_position_data":null,"_links":{"self":[{"href":"https:\/\/legrandcontinent.eu\/es\/wp-json\/wp\/v2\/posts\/24461","targetHints":{"allow":["GET"]}}],"collection":[{"href":"https:\/\/legrandcontinent.eu\/es\/wp-json\/wp\/v2\/posts"}],"about":[{"href":"https:\/\/legrandcontinent.eu\/es\/wp-json\/wp\/v2\/types\/post"}],"author":[{"embeddable":true,"href":"https:\/\/legrandcontinent.eu\/es\/wp-json\/wp\/v2\/users\/1366"}],"replies":[{"embeddable":true,"href":"https:\/\/legrandcontinent.eu\/es\/wp-json\/wp\/v2\/comments?post=24461"}],"version-history":[{"count":0,"href":"https:\/\/legrandcontinent.eu\/es\/wp-json\/wp\/v2\/posts\/24461\/revisions"}],"wp:featuredmedia":[{"embeddable":true,"href":"https:\/\/legrandcontinent.eu\/es\/wp-json\/wp\/v2\/media\/24463"}],"wp:attachment":[{"href":"https:\/\/legrandcontinent.eu\/es\/wp-json\/wp\/v2\/media?parent=24461"}],"wp:term":[{"taxonomy":"category","embeddable":true,"href":"https:\/\/legrandcontinent.eu\/es\/wp-json\/wp\/v2\/categories?post=24461"},{"taxonomy":"post_tag","embeddable":true,"href":"https:\/\/legrandcontinent.eu\/es\/wp-json\/wp\/v2\/tags?post=24461"},{"taxonomy":"staff","embeddable":true,"href":"https:\/\/legrandcontinent.eu\/es\/wp-json\/wp\/v2\/staff?post=24461"},{"taxonomy":"editorial_format","embeddable":true,"href":"https:\/\/legrandcontinent.eu\/es\/wp-json\/wp\/v2\/editorial_format?post=24461"},{"taxonomy":"serie","embeddable":true,"href":"https:\/\/legrandcontinent.eu\/es\/wp-json\/wp\/v2\/serie?post=24461"},{"taxonomy":"audience","embeddable":true,"href":"https:\/\/legrandcontinent.eu\/es\/wp-json\/wp\/v2\/audience?post=24461"},{"taxonomy":"geo","embeddable":true,"href":"https:\/\/legrandcontinent.eu\/es\/wp-json\/wp\/v2\/geo?post=24461"}],"curies":[{"name":"wp","href":"https:\/\/api.w.org\/{rel}","templated":true}]}}