{"id":23985,"date":"2023-10-05T05:00:00","date_gmt":"2023-10-05T03:00:00","guid":{"rendered":"https:\/\/legrandcontinent.eu\/es\/?p=23985"},"modified":"2023-10-05T11:32:45","modified_gmt":"2023-10-05T09:32:45","slug":"comienza-en-granada-la-tercera-cumbre-de-la-comunidad-politica-europea","status":"publish","type":"post","link":"https:\/\/legrandcontinent.eu\/es\/2023\/10\/05\/comienza-en-granada-la-tercera-cumbre-de-la-comunidad-politica-europea\/","title":{"rendered":"Comienza en Granada la tercera cumbre de la Comunidad Pol\u00edtica Europea"},"content":{"rendered":"\n<p>La Alhambra de Granada reunir\u00e1 hoy a los Jefes de Estado y de Gobierno de 47 pa\u00edses, que representan a todos los pa\u00edses del continente europeo (excepto Bielorrusia y la parte occidental de Rusia), as\u00ed como a varios pa\u00edses de Asia occidental.<\/p>\n\n\n\n<div class=\"iframe-container wp-block-image wp-block-image-medium  iframe-dw\">\n\t<div>\n\t\t<iframe class=\"absolute w-full h-full pin-t pin-l\" title=\"titolo\" aria-label=\"Interactive line chart\" src=\"\/\/datawrapper.dwcdn.net\/5MP5k\/\" scrolling=\"no\" frameborder=\"0\"><\/iframe>\n\t<\/div>\n<\/div>\n\n\n\n<ul class=\"wp-block-list\">\n<li>Esta ser\u00e1 la tercera cumbre bianual, cuyo formato se acord\u00f3 en el Consejo Europeo de junio de 2022, a propuesta del Presidente franc\u00e9s. La \u00faltima cumbre tuvo lugar en Moldavia, en Chi\u0219in\u0103u, el pasado mes de mayo; la pr\u00f3xima se celebrar\u00e1 en primavera en el Reino Unido, de acuerdo con la alternancia t\u00e1cita entre un pa\u00eds miembro de la Uni\u00f3n y un pa\u00eds de fuera de la Uni\u00f3n.<\/li>\n<\/ul>\n\n\n\n<ul class=\"wp-block-list\">\n<li>La cumbre se estructurar\u00e1 en torno a tres temas: tecnolog\u00eda digital; medio ambiente, energ\u00eda y transici\u00f3n ecol\u00f3gica; multilateralismo y geoestrategia.<\/li>\n<\/ul>\n\n\n\n<ul class=\"wp-block-list\">\n<li>Para la <a href=\"https:\/\/legrandcontinent.eu\/es\/2023\/05\/22\/la-adhesion-de-moldavia-a-la-union-es-una-cuestion-existencial-una-conversacion-con-maia-sandu\/\">Presidenta moldava Sandu<\/a>, anfitri\u00f3n de la anterior cumbre, la CPE es \u00abuna manera m\u00e1s informal de reunirse, debatir y encontrar soluciones comunes que luego puedan desembocar en proyectos concretos\u00bb. Por su parte, Mayer, Pisani-Ferry, Schwarzer y Vall\u00e9e <a href=\"https:\/\/legrandcontinent.eu\/es\/2022\/09\/22\/una-hoja-de-ruta-para-la-comunidad-politica-europea\/\">se\u00f1alaron<\/a> que la cumbre \u00abcorre el riesgo de convertirse en un mero foro de l\u00edderes que se re\u00fanen una o dos veces al a\u00f1o\u00bb.<\/li>\n<\/ul>\n\n\n\n<div class=\"iframe-container wp-block-image wp-block-image-medium  iframe-dw\">\n\t<div>\n\t\t<iframe class=\"absolute w-full h-full pin-t pin-l\" title=\"titolo\" aria-label=\"Interactive line chart\" src=\"\/\/datawrapper.dwcdn.net\/TnacW\/\" scrolling=\"no\" frameborder=\"0\"><\/iframe>\n\t<\/div>\n<\/div>\n\n\n\n<p>Al mismo tiempo, varios de los pa\u00edses participantes en la cumbre viven fuertes tensiones fronterizas bilaterales, o incluso conflictos bilaterales abiertos, <a href=\"https:\/\/legrandcontinent.eu\/es\/2023\/09\/28\/mas-de-la-mitad-de-la-poblacion-armenia-de-nagorno-karabaj-ha-huido-de-la-region\/\">en el caso de Armenia y Azerbaiy\u00e1n<\/a>.<\/p>\n\n\n\n<ul class=\"wp-block-list\">\n<li>Los l\u00edderes de Azerbaiy\u00e1n y Armenia, Ilham Aliyev y Nikol Pachinian, ten\u00edan previsto reunirse al margen de la cumbre en presencia del presidente del Consejo Europeo, Charles Michel, el presidente franc\u00e9s, Emmanuel Macron, y el canciller alem\u00e1n, Olaf Scholz. Sin embargo, finalmente Aliyev no asistir\u00e1.<\/li>\n<\/ul>\n\n\n\n<ul class=\"wp-block-list\">\n<li>Serbia y Kosovo son otros dos participantes en la CPE que han visto aumentar las tensiones mortales en los \u00faltimos d\u00edas. Los enfrentamientos entre un comando serbio y fuerzas kosovares en el norte de Kosovo dejaron cuatro muertos el 24 de septiembre. En respuesta, la OTAN aument\u00f3 en 600 el n\u00famero de tropas destacadas en Kosovo.<\/li>\n<\/ul>\n\n\n\n<p>A la cumbre de la CPE seguir\u00e1, el viernes 6 de octubre, una reuni\u00f3n informal del Consejo Europeo sobre la ampliaci\u00f3n. Los procesos de toma de decisiones (unanimidad o mayor\u00eda cualificada), el mantenimiento de las pol\u00edticas de la Uni\u00f3n, la transformaci\u00f3n de la estructura institucional de la Uni\u00f3n paralelamente a su ampliaci\u00f3n -abordados en el <a href=\"https:\/\/legrandcontinent.eu\/es\/2023\/10\/04\/ampliar-y-reformar-la-union-la-hoja-de-ruta-del-grupo-de-los-doce\/\">informe<\/a> del \u00abGrupo de los Doce\u00bb franco-alem\u00e1n presentado el 19 de septiembre- figuran entre los temas que estructurar\u00e1n los debates de los Jefes de Estado y de Gobierno. La migraci\u00f3n tambi\u00e9n ocupar\u00e1 un lugar central en los debates.<\/p>\n","protected":false},"excerpt":{"rendered":"<p>La tercera cumbre de la Comunidad Pol\u00edtica Europea se inaugura el jueves 5 de octubre, antes de un Consejo Europeo informal en el que las cuestiones de la ampliaci\u00f3n de la Uni\u00f3n y la migraci\u00f3n centrar\u00e1n los debates.<\/p>\n","protected":false},"author":1366,"featured_media":23989,"comment_status":"closed","ping_status":"closed","sticky":false,"template":"templates\/post-briefings.php","format":"standard","meta":{"_acf_changed":false,"_trash_the_other_posts":false,"_yoast_wpseo_estimated-reading-time-minutes":2,"footnotes":""},"categories":[6],"tags":[],"staff":[],"editorial_format":[],"serie":[],"audience":[],"geo":[177],"class_list":["post-23985","post","type-post","status-publish","format-standard","hentry","category-politica","geo-europa"],"acf":{"open_in_webview":false,"accent":false,"_thumbnail_id":23989,"excerpt":"La tercera cumbre de la Comunidad Pol\u00edtica Europea se inaugura el jueves 5 de octubre, antes de un Consejo Europeo informal en el que las cuestiones de la ampliaci\u00f3n de la Uni\u00f3n y la migraci\u00f3n centrar\u00e1n los debates.","display_date":"","new_abstract":true},"yoast_head":"<!-- This site is optimized with the Yoast SEO plugin v26.1.1 - https:\/\/yoast.com\/wordpress\/plugins\/seo\/ -->\n<title>Comienza en Granada la tercera cumbre de la Comunidad Pol\u00edtica Europea - El Grand Continent<\/title>\n<meta name=\"robots\" content=\"index, follow, max-snippet:-1, max-image-preview:large, max-video-preview:-1\" \/>\n<link rel=\"canonical\" href=\"https:\/\/legrandcontinent.eu\/es\/2023\/10\/05\/comienza-en-granada-la-tercera-cumbre-de-la-comunidad-politica-europea\/\" \/>\n<meta property=\"og:locale\" content=\"es_ES\" \/>\n<meta property=\"og:type\" content=\"article\" \/>\n<meta property=\"og:title\" content=\"Comienza en Granada la tercera cumbre de la Comunidad Pol\u00edtica Europea - El Grand Continent\" \/>\n<meta property=\"og:description\" content=\"La tercera cumbre de la Comunidad Pol\u00edtica Europea se inaugura el jueves 5 de octubre, antes de un Consejo Europeo informal en el que las cuestiones de la ampliaci\u00f3n de la Uni\u00f3n y la migraci\u00f3n centrar\u00e1n los debates.\" \/>\n<meta property=\"og:url\" content=\"https:\/\/legrandcontinent.eu\/es\/2023\/10\/05\/comienza-en-granada-la-tercera-cumbre-de-la-comunidad-politica-europea\/\" \/>\n<meta property=\"og:site_name\" content=\"El Grand Continent\" \/>\n<meta property=\"article:published_time\" content=\"2023-10-05T03:00:00+00:00\" \/>\n<meta property=\"article:modified_time\" content=\"2023-10-05T09:32:45+00:00\" \/>\n<meta property=\"og:image\" content=\"https:\/\/legrandcontinent.eu\/es\/wp-content\/uploads\/sites\/6\/2023\/10\/gc-elcumbregranada.jpg\" \/>\n\t<meta property=\"og:image:width\" content=\"1192\" \/>\n\t<meta property=\"og:image:height\" content=\"1150\" \/>\n\t<meta property=\"og:image:type\" content=\"image\/jpeg\" \/>\n<meta name=\"author\" content=\"florent\" \/>\n<meta name=\"twitter:card\" content=\"summary_large_image\" \/>\n<meta name=\"twitter:image\" content=\"https:\/\/legrandcontinent.eu\/es\/wp-content\/uploads\/sites\/6\/2023\/10\/gc-elcumbregranada.jpg\" \/>\n<meta name=\"twitter:label1\" content=\"Escrito por\" \/>\n\t<meta name=\"twitter:data1\" content=\"florent\" \/>\n\t<meta name=\"twitter:label2\" content=\"Tiempo de lectura\" \/>\n\t<meta name=\"twitter:data2\" content=\"2 minutos\" \/>\n<script type=\"application\/ld+json\" class=\"yoast-schema-graph\">{\"@context\":\"https:\/\/schema.org\",\"@graph\":[{\"@type\":\"WebPage\",\"@id\":\"https:\/\/legrandcontinent.eu\/es\/2023\/10\/05\/comienza-en-granada-la-tercera-cumbre-de-la-comunidad-politica-europea\/\",\"url\":\"https:\/\/legrandcontinent.eu\/es\/2023\/10\/05\/comienza-en-granada-la-tercera-cumbre-de-la-comunidad-politica-europea\/\",\"name\":\"Comienza en Granada la tercera cumbre de la Comunidad Pol\u00edtica Europea - El Grand Continent\",\"isPartOf\":{\"@id\":\"https:\/\/legrandcontinent.eu\/es\/#website\"},\"primaryImageOfPage\":{\"@id\":\"https:\/\/legrandcontinent.eu\/es\/2023\/10\/05\/comienza-en-granada-la-tercera-cumbre-de-la-comunidad-politica-europea\/#primaryimage\"},\"image\":{\"@id\":\"https:\/\/legrandcontinent.eu\/es\/2023\/10\/05\/comienza-en-granada-la-tercera-cumbre-de-la-comunidad-politica-europea\/#primaryimage\"},\"thumbnailUrl\":\"https:\/\/legrandcontinent.eu\/es\/wp-content\/uploads\/sites\/6\/2023\/10\/gc-elcumbregranada.jpg\",\"datePublished\":\"2023-10-05T03:00:00+00:00\",\"dateModified\":\"2023-10-05T09:32:45+00:00\",\"author\":{\"@id\":\"https:\/\/legrandcontinent.eu\/es\/#\/schema\/person\/cdd782c93d4a9eda86ab19a8c01cdf5c\"},\"breadcrumb\":{\"@id\":\"https:\/\/legrandcontinent.eu\/es\/2023\/10\/05\/comienza-en-granada-la-tercera-cumbre-de-la-comunidad-politica-europea\/#breadcrumb\"},\"inLanguage\":\"es\",\"potentialAction\":[{\"@type\":\"ReadAction\",\"target\":[\"https:\/\/legrandcontinent.eu\/es\/2023\/10\/05\/comienza-en-granada-la-tercera-cumbre-de-la-comunidad-politica-europea\/\"]}]},{\"@type\":\"ImageObject\",\"inLanguage\":\"es\",\"@id\":\"https:\/\/legrandcontinent.eu\/es\/2023\/10\/05\/comienza-en-granada-la-tercera-cumbre-de-la-comunidad-politica-europea\/#primaryimage\",\"url\":\"https:\/\/legrandcontinent.eu\/es\/wp-content\/uploads\/sites\/6\/2023\/10\/gc-elcumbregranada.jpg\",\"contentUrl\":\"https:\/\/legrandcontinent.eu\/es\/wp-content\/uploads\/sites\/6\/2023\/10\/gc-elcumbregranada.jpg\",\"width\":1192,\"height\":1150},{\"@type\":\"BreadcrumbList\",\"@id\":\"https:\/\/legrandcontinent.eu\/es\/2023\/10\/05\/comienza-en-granada-la-tercera-cumbre-de-la-comunidad-politica-europea\/#breadcrumb\",\"itemListElement\":[{\"@type\":\"ListItem\",\"position\":1,\"name\":\"Home\",\"item\":\"https:\/\/legrandcontinent.eu\/es\/\"},{\"@type\":\"ListItem\",\"position\":2,\"name\":\"Comienza en Granada la tercera cumbre de la Comunidad Pol\u00edtica Europea\"}]},{\"@type\":\"WebSite\",\"@id\":\"https:\/\/legrandcontinent.eu\/es\/#website\",\"url\":\"https:\/\/legrandcontinent.eu\/es\/\",\"name\":\"El Grand Continent\",\"description\":\"La escala pertinente\",\"potentialAction\":[{\"@type\":\"SearchAction\",\"target\":{\"@type\":\"EntryPoint\",\"urlTemplate\":\"https:\/\/legrandcontinent.eu\/es\/?s={search_term_string}\"},\"query-input\":{\"@type\":\"PropertyValueSpecification\",\"valueRequired\":true,\"valueName\":\"search_term_string\"}}],\"inLanguage\":\"es\"},{\"@type\":\"Person\",\"@id\":\"https:\/\/legrandcontinent.eu\/es\/#\/schema\/person\/cdd782c93d4a9eda86ab19a8c01cdf5c\",\"name\":\"florent\",\"image\":{\"@type\":\"ImageObject\",\"inLanguage\":\"es\",\"@id\":\"https:\/\/legrandcontinent.eu\/es\/#\/schema\/person\/image\/\",\"url\":\"https:\/\/secure.gravatar.com\/avatar\/0d38d78c90602daf39b309035cdac6bc?s=96&d=mm&r=g\",\"contentUrl\":\"https:\/\/secure.gravatar.com\/avatar\/0d38d78c90602daf39b309035cdac6bc?s=96&d=mm&r=g\",\"caption\":\"florent\"}}]}<\/script>\n<!-- \/ Yoast SEO plugin. -->","yoast_head_json":{"title":"Comienza en Granada la tercera cumbre de la Comunidad Pol\u00edtica Europea - El Grand Continent","robots":{"index":"index","follow":"follow","max-snippet":"max-snippet:-1","max-image-preview":"max-image-preview:large","max-video-preview":"max-video-preview:-1"},"canonical":"https:\/\/legrandcontinent.eu\/es\/2023\/10\/05\/comienza-en-granada-la-tercera-cumbre-de-la-comunidad-politica-europea\/","og_locale":"es_ES","og_type":"article","og_title":"Comienza en Granada la tercera cumbre de la Comunidad Pol\u00edtica Europea - El Grand Continent","og_description":"La tercera cumbre de la Comunidad Pol\u00edtica Europea se inaugura el jueves 5 de octubre, antes de un Consejo Europeo informal en el que las cuestiones de la ampliaci\u00f3n de la Uni\u00f3n y la migraci\u00f3n centrar\u00e1n los debates.","og_url":"https:\/\/legrandcontinent.eu\/es\/2023\/10\/05\/comienza-en-granada-la-tercera-cumbre-de-la-comunidad-politica-europea\/","og_site_name":"El Grand Continent","article_published_time":"2023-10-05T03:00:00+00:00","article_modified_time":"2023-10-05T09:32:45+00:00","og_image":[{"width":1192,"height":1150,"url":"https:\/\/legrandcontinent.eu\/es\/wp-content\/uploads\/sites\/6\/2023\/10\/gc-elcumbregranada.jpg","type":"image\/jpeg"}],"author":"florent","twitter_card":"summary_large_image","twitter_image":"https:\/\/legrandcontinent.eu\/es\/wp-content\/uploads\/sites\/6\/2023\/10\/gc-elcumbregranada.jpg","twitter_misc":{"Escrito por":"florent","Tiempo de lectura":"2 minutos"},"schema":{"@context":"https:\/\/schema.org","@graph":[{"@type":"WebPage","@id":"https:\/\/legrandcontinent.eu\/es\/2023\/10\/05\/comienza-en-granada-la-tercera-cumbre-de-la-comunidad-politica-europea\/","url":"https:\/\/legrandcontinent.eu\/es\/2023\/10\/05\/comienza-en-granada-la-tercera-cumbre-de-la-comunidad-politica-europea\/","name":"Comienza en Granada la tercera cumbre de la Comunidad Pol\u00edtica Europea - El Grand Continent","isPartOf":{"@id":"https:\/\/legrandcontinent.eu\/es\/#website"},"primaryImageOfPage":{"@id":"https:\/\/legrandcontinent.eu\/es\/2023\/10\/05\/comienza-en-granada-la-tercera-cumbre-de-la-comunidad-politica-europea\/#primaryimage"},"image":{"@id":"https:\/\/legrandcontinent.eu\/es\/2023\/10\/05\/comienza-en-granada-la-tercera-cumbre-de-la-comunidad-politica-europea\/#primaryimage"},"thumbnailUrl":"https:\/\/legrandcontinent.eu\/es\/wp-content\/uploads\/sites\/6\/2023\/10\/gc-elcumbregranada.jpg","datePublished":"2023-10-05T03:00:00+00:00","dateModified":"2023-10-05T09:32:45+00:00","author":{"@id":"https:\/\/legrandcontinent.eu\/es\/#\/schema\/person\/cdd782c93d4a9eda86ab19a8c01cdf5c"},"breadcrumb":{"@id":"https:\/\/legrandcontinent.eu\/es\/2023\/10\/05\/comienza-en-granada-la-tercera-cumbre-de-la-comunidad-politica-europea\/#breadcrumb"},"inLanguage":"es","potentialAction":[{"@type":"ReadAction","target":["https:\/\/legrandcontinent.eu\/es\/2023\/10\/05\/comienza-en-granada-la-tercera-cumbre-de-la-comunidad-politica-europea\/"]}]},{"@type":"ImageObject","inLanguage":"es","@id":"https:\/\/legrandcontinent.eu\/es\/2023\/10\/05\/comienza-en-granada-la-tercera-cumbre-de-la-comunidad-politica-europea\/#primaryimage","url":"https:\/\/legrandcontinent.eu\/es\/wp-content\/uploads\/sites\/6\/2023\/10\/gc-elcumbregranada.jpg","contentUrl":"https:\/\/legrandcontinent.eu\/es\/wp-content\/uploads\/sites\/6\/2023\/10\/gc-elcumbregranada.jpg","width":1192,"height":1150},{"@type":"BreadcrumbList","@id":"https:\/\/legrandcontinent.eu\/es\/2023\/10\/05\/comienza-en-granada-la-tercera-cumbre-de-la-comunidad-politica-europea\/#breadcrumb","itemListElement":[{"@type":"ListItem","position":1,"name":"Home","item":"https:\/\/legrandcontinent.eu\/es\/"},{"@type":"ListItem","position":2,"name":"Comienza en Granada la tercera cumbre de la Comunidad Pol\u00edtica Europea"}]},{"@type":"WebSite","@id":"https:\/\/legrandcontinent.eu\/es\/#website","url":"https:\/\/legrandcontinent.eu\/es\/","name":"El Grand Continent","description":"La escala pertinente","potentialAction":[{"@type":"SearchAction","target":{"@type":"EntryPoint","urlTemplate":"https:\/\/legrandcontinent.eu\/es\/?s={search_term_string}"},"query-input":{"@type":"PropertyValueSpecification","valueRequired":true,"valueName":"search_term_string"}}],"inLanguage":"es"},{"@type":"Person","@id":"https:\/\/legrandcontinent.eu\/es\/#\/schema\/person\/cdd782c93d4a9eda86ab19a8c01cdf5c","name":"florent","image":{"@type":"ImageObject","inLanguage":"es","@id":"https:\/\/legrandcontinent.eu\/es\/#\/schema\/person\/image\/","url":"https:\/\/secure.gravatar.com\/avatar\/0d38d78c90602daf39b309035cdac6bc?s=96&d=mm&r=g","contentUrl":"https:\/\/secure.gravatar.com\/avatar\/0d38d78c90602daf39b309035cdac6bc?s=96&d=mm&r=g","caption":"florent"}}]}},"lgc_categories":[{"id":6,"name":"Pol\u00edtica","slug":"politica"}],"lgc_author":null,"feature_image_summary":{"url":"https:\/\/legrandcontinent.eu\/es\/wp-content\/uploads\/sites\/6\/2023\/10\/gc-elcumbregranada.jpg","width":1192,"height":1150,"alt":""},"feature_image_cover":null,"term_position_data":null,"_links":{"self":[{"href":"https:\/\/legrandcontinent.eu\/es\/wp-json\/wp\/v2\/posts\/23985","targetHints":{"allow":["GET"]}}],"collection":[{"href":"https:\/\/legrandcontinent.eu\/es\/wp-json\/wp\/v2\/posts"}],"about":[{"href":"https:\/\/legrandcontinent.eu\/es\/wp-json\/wp\/v2\/types\/post"}],"author":[{"embeddable":true,"href":"https:\/\/legrandcontinent.eu\/es\/wp-json\/wp\/v2\/users\/1366"}],"replies":[{"embeddable":true,"href":"https:\/\/legrandcontinent.eu\/es\/wp-json\/wp\/v2\/comments?post=23985"}],"version-history":[{"count":0,"href":"https:\/\/legrandcontinent.eu\/es\/wp-json\/wp\/v2\/posts\/23985\/revisions"}],"wp:featuredmedia":[{"embeddable":true,"href":"https:\/\/legrandcontinent.eu\/es\/wp-json\/wp\/v2\/media\/23989"}],"wp:attachment":[{"href":"https:\/\/legrandcontinent.eu\/es\/wp-json\/wp\/v2\/media?parent=23985"}],"wp:term":[{"taxonomy":"category","embeddable":true,"href":"https:\/\/legrandcontinent.eu\/es\/wp-json\/wp\/v2\/categories?post=23985"},{"taxonomy":"post_tag","embeddable":true,"href":"https:\/\/legrandcontinent.eu\/es\/wp-json\/wp\/v2\/tags?post=23985"},{"taxonomy":"staff","embeddable":true,"href":"https:\/\/legrandcontinent.eu\/es\/wp-json\/wp\/v2\/staff?post=23985"},{"taxonomy":"editorial_format","embeddable":true,"href":"https:\/\/legrandcontinent.eu\/es\/wp-json\/wp\/v2\/editorial_format?post=23985"},{"taxonomy":"serie","embeddable":true,"href":"https:\/\/legrandcontinent.eu\/es\/wp-json\/wp\/v2\/serie?post=23985"},{"taxonomy":"audience","embeddable":true,"href":"https:\/\/legrandcontinent.eu\/es\/wp-json\/wp\/v2\/audience?post=23985"},{"taxonomy":"geo","embeddable":true,"href":"https:\/\/legrandcontinent.eu\/es\/wp-json\/wp\/v2\/geo?post=23985"}],"curies":[{"name":"wp","href":"https:\/\/api.w.org\/{rel}","templated":true}]}}