{"id":23593,"date":"2023-09-28T15:00:00","date_gmt":"2023-09-28T14:00:00","guid":{"rendered":"https:\/\/legrandcontinent.eu\/es\/?p=23593"},"modified":"2023-09-28T16:56:25","modified_gmt":"2023-09-28T15:56:25","slug":"a-que-se-debe-la-subida-de-los-precios-del-petroleo","status":"publish","type":"post","link":"https:\/\/legrandcontinent.eu\/es\/2023\/09\/28\/a-que-se-debe-la-subida-de-los-precios-del-petroleo\/","title":{"rendered":"\u00bfA qu\u00e9 se debe la subida de los precios del petr\u00f3leo?"},"content":{"rendered":"\n<p>A principios de mes, Arabia Saud\u00ed anunci\u00f3 que prorrogaba su reducci\u00f3n voluntaria de la producci\u00f3n de petr\u00f3leo -que entr\u00f3 en vigor en julio- hasta finales de a\u00f1o&nbsp;<span class='whitespace-nowrap'><span id='easy-footnote-1-23593' class='easy-footnote-margin-adjust'><\/span><span class='easy-footnote'><a href='https:\/\/legrandcontinent.eu\/es\/2023\/09\/28\/a-que-se-debe-la-subida-de-los-precios-del-petroleo\/#easy-footnote-bottom-1-23593' title='\u00ab\u00a0&lt;a href=&quot;https:\/\/www.spa.gov.sa\/en\/3e395523d1p&quot;&gt;Saudi Arabia will extend the voluntary cut of one million barrels per day for three months to include October until the end of December 2023&lt;\/a&gt;\u00a0\u00bb, Agencia de Prensa Oficial Saud\u00ed, 5 de septiembre de 2023.'><sup>1<\/sup><\/a><\/span><\/span>. Seg\u00fan el ministro saud\u00ed de Energ\u00eda, Riad carece de \u00abdatos y claridad\u00bb sobre los efectos de un aumento de la producci\u00f3n en los riesgos de recesi\u00f3n&nbsp;<span class='whitespace-nowrap'><span id='easy-footnote-2-23593' class='easy-footnote-margin-adjust'><\/span><span class='easy-footnote'><a href='https:\/\/legrandcontinent.eu\/es\/2023\/09\/28\/a-que-se-debe-la-subida-de-los-precios-del-petroleo\/#easy-footnote-bottom-2-23593' title='Stanley Reed, \u00ab\u00a0&lt;a href=&quot;https:\/\/www.nytimes.com\/2023\/09\/27\/business\/oil-price-100-barrel.html&quot;&gt;Oil Prices \u2018Melt Up\u2019 in a March Toward $100 a Barrel&lt;\/a&gt;\u00a0\u00bb,\u00a0&lt;em&gt;The New York Times&lt;\/em&gt;, 27 de septiembre de 2023.'><sup>2<\/sup><\/a><\/span><\/span>.<\/p>\n\n\n\n<div class=\"iframe-container wp-block-image wp-block-image-medium  iframe-dw\">\n\t<div>\n\t\t<iframe class=\"absolute w-full h-full pin-t pin-l\" title=\"titolo\" aria-label=\"Interactive line chart\" src=\"\/\/datawrapper.dwcdn.net\/unv8C\/\" scrolling=\"no\" frameborder=\"0\"><\/iframe>\n\t<\/div>\n<\/div>\n\n\n\n<ul class=\"wp-block-list\">\n<li>La producci\u00f3n de Arabia Saud\u00ed caer\u00e1 en 2 millones de barriles diarios entre agosto de 2022 y 2023.<\/li>\n\n\n\n<li>El anuncio hecho por Mosc\u00fa el jueves 21 de septiembre de prohibir temporalmente las exportaciones de gas\u00f3leo y gasolina tambi\u00e9n ha contribuido a tensar el mercado, mientras que la demanda mundial alcanz\u00f3 un nuevo r\u00e9cord de 103 millones de barriles diarios en junio&nbsp;<span class='whitespace-nowrap'><span id='easy-footnote-3-23593' class='easy-footnote-margin-adjust'><\/span><span class='easy-footnote'><a href='https:\/\/legrandcontinent.eu\/es\/2023\/09\/28\/a-que-se-debe-la-subida-de-los-precios-del-petroleo\/#easy-footnote-bottom-3-23593' title='&lt;a href=&quot;https:\/\/www.iea.org\/reports\/oil-market-report-august-2023&quot;&gt;Oil Market Report \u2013 August 2023&lt;\/a&gt;, Agencia Internacional de la Energ\u00eda, 8 de agosto de 2023.'><sup>3<\/sup><\/a><\/span><\/span>.<\/li>\n\n\n\n<li>Esta medida, destinada a frenar la subida de los precios de los carburantes en Rusia desde mayo, est\u00e1 ejerciendo una presi\u00f3n adicional sobre el mercado mundial&nbsp;<span class='whitespace-nowrap'><span id='easy-footnote-4-23593' class='easy-footnote-margin-adjust'><\/span><span class='easy-footnote'><a href='https:\/\/legrandcontinent.eu\/es\/2023\/09\/28\/a-que-se-debe-la-subida-de-los-precios-del-petroleo\/#easy-footnote-bottom-4-23593' title='Julian Lee, \u00ab\u00a0&lt;a href=&quot;https:\/\/www.bloomberg.com\/news\/articles\/2023-09-22\/russia-s-diesel-exports-ban-is-risky-for-moscow-and-world-alike&quot;&gt;Russia\u2019s Diesel Exports Ban Is Risky for Moscow and World Alike&lt;\/a&gt;\u00a0\u00bb,\u00a0&lt;em&gt;Bloomberg&lt;\/em&gt;, 22 de septiembre de 2023.'><sup>4<\/sup><\/a><\/span><\/span>. Sin embargo, se espera que esta presi\u00f3n sea de duraci\u00f3n limitada y que termine una vez se hayan repuesto las reservas rusas.<\/li>\n<\/ul>\n\n\n\n<div class=\"iframe-container wp-block-image wp-block-image-medium  iframe-dw\">\n\t<div>\n\t\t<iframe class=\"absolute w-full h-full pin-t pin-l\" title=\"titolo\" aria-label=\"Interactive line chart\" src=\"\/\/datawrapper.dwcdn.net\/Ede1M\/\" scrolling=\"no\" frameborder=\"0\"><\/iframe>\n\t<\/div>\n<\/div>\n\n\n\n<p>Esta reducci\u00f3n de la oferta mundial se produce en un momento en que las reservas de petr\u00f3leo son escasas. En el dep\u00f3sito de petr\u00f3leo estadounidense de Cushing, Oklahoma, los \u00faltimos datos semanales de la Agencia de Informaci\u00f3n Energ\u00e9tica muestran que los niveles est\u00e1n en su punto m\u00e1s bajo de los \u00faltimos 14 meses&nbsp;<span class='whitespace-nowrap'><span id='easy-footnote-5-23593' class='easy-footnote-margin-adjust'><\/span><span class='easy-footnote'><a href='https:\/\/legrandcontinent.eu\/es\/2023\/09\/28\/a-que-se-debe-la-subida-de-los-precios-del-petroleo\/#easy-footnote-bottom-5-23593' title='Arathy Somasekhar y Stephanie Kelly, \u00ab\u00a0&lt;a href=&quot;https:\/\/www.reuters.com\/markets\/commodities\/cushing-oil-hubs-low-levels-spur-quality-operational-price-worries-2023-09-26\/&quot;&gt;Cushing oil hub\u2019s low levels spur quality, operational, price worries&lt;\/a&gt;\u00a0\u00bb,\u00a0&lt;em&gt;Reuters&lt;\/em&gt;, 27 de septiembre de 2023.'><sup>5<\/sup><\/a><\/span><\/span>. Tras unas retiradas hist\u00f3ricas, la Reserva Estrat\u00e9gica de Petr\u00f3leo (SPR) estadounidense -la mayor del mundo- no hab\u00eda estado tan vac\u00eda desde 1983&nbsp;<span class='whitespace-nowrap'><span id='easy-footnote-6-23593' class='easy-footnote-margin-adjust'><\/span><span class='easy-footnote'><a href='https:\/\/legrandcontinent.eu\/es\/2023\/09\/28\/a-que-se-debe-la-subida-de-los-precios-del-petroleo\/#easy-footnote-bottom-6-23593' title='&lt;a href=&quot;https:\/\/www.eia.gov\/dnav\/pet\/hist\/LeafHandler.ashx?n=PET&amp;amp;s=WCSSTUS1&amp;amp;f=W&quot;&gt;Weekly U.S. Ending Stocks of Crude Oil in SPR&lt;\/a&gt;, U.S. Energy Information Administration.'><sup>6<\/sup><\/a><\/span><\/span>.<\/p>\n\n\n\n<div class=\"iframe-container wp-block-image wp-block-image-medium  iframe-dw\">\n\t<div>\n\t\t<iframe class=\"absolute w-full h-full pin-t pin-l\" title=\"titolo\" aria-label=\"Interactive line chart\" src=\"\/\/datawrapper.dwcdn.net\/Ra9xS\/\" scrolling=\"no\" frameborder=\"0\"><\/iframe>\n\t<\/div>\n<\/div>\n\n\n\n<p>Aunque estas decisiones de Rusia y Arabia Saud\u00ed suponen un arriesgado movimiento financiero y pol\u00edtico, ambos pa\u00edses han visto aumentar sus ingresos por la venta de petr\u00f3leo en los \u00faltimos meses.<\/p>\n\n\n\n<ul class=\"wp-block-list\">\n<li>El precio medio del barril de petr\u00f3leo ha subido un 30% desde junio, con el crudo Brent en su nivel m\u00e1s alto desde noviembre de 2022&nbsp;<span class='whitespace-nowrap'><span id='easy-footnote-7-23593' class='easy-footnote-margin-adjust'><\/span><span class='easy-footnote'><a href='https:\/\/legrandcontinent.eu\/es\/2023\/09\/28\/a-que-se-debe-la-subida-de-los-precios-del-petroleo\/#easy-footnote-bottom-7-23593' title='Daria Mosolova,George Steer y Jaren Kerr, \u00ab\u00a0&lt;a href=&quot;https:\/\/www.ft.com\/content\/a789507e-c540-4082-a8f0-c172325aa251&quot;&gt;Crude climbs above $96 a barrel on US stockpiles concern&lt;\/a&gt;\u00a0\u00bb,\u00a0&lt;em&gt;Financial Times&lt;\/em&gt;, 27 de septiembre de 2023.'><sup>7<\/sup><\/a><\/span><\/span>.<\/li>\n\n\n\n<li>Mientras los analistas petroleros esperan que el precio supere pronto los 100 d\u00f3lares por barril, la OPEP+ prev\u00e9 un d\u00e9ficit de 3,3 millones de barriles diarios en el cuarto trimestre.<\/li>\n\n\n\n<li>Los bajos costes de producci\u00f3n para Riad y Mosc\u00fa -entre 9 y 13 d\u00f3lares por barril- deber\u00edan traducirse en un aumento de los ingresos petroleros de 2.600 millones de d\u00f3lares para Arabia Saud\u00ed y 2.800 millones para Rusia este trimestre, lo que supone un incremento de alrededor del 5,7% respecto a abril-junio&nbsp;<span class='whitespace-nowrap'><span id='easy-footnote-8-23593' class='easy-footnote-margin-adjust'><\/span><span class='easy-footnote'><a href='https:\/\/legrandcontinent.eu\/es\/2023\/09\/28\/a-que-se-debe-la-subida-de-los-precios-del-petroleo\/#easy-footnote-bottom-8-23593' title='Anna Hirtenstein, \u00ab\u00a0&lt;a href=&quot;https:\/\/www.wsj.com\/business\/energy-oil\/saudi-arabia-and-russia-win-big-in-gamble-on-oil-cuts-9a1834c6?mod=djem10point&quot;&gt;Saudi Arabia and Russia Win Big in Gamble on Oil Cuts&lt;\/a&gt;\u00a0\u00bb,\u00a0&lt;em&gt;The Wall Street Journal&lt;\/em&gt;, 28 de septiembre de 2023.'><sup>8<\/sup><\/a><\/span><\/span>.<\/li>\n<\/ul>\n\n\n\n<div class=\"iframe-container wp-block-image wp-block-image-medium  iframe-dw\">\n\t<div>\n\t\t<iframe class=\"absolute w-full h-full pin-t pin-l\" title=\"titolo\" aria-label=\"Interactive line chart\" src=\"\/\/datawrapper.dwcdn.net\/7OTDY\/\" scrolling=\"no\" frameborder=\"0\"><\/iframe>\n\t<\/div>\n<\/div>\n\n\n\n<p>Los beneficios energ\u00e9ticos adicionales de Mosc\u00fa est\u00e1n financiando directamente el esfuerzo b\u00e9lico del Kremlin en Ucrania. De aqu\u00ed a 2024, el presupuesto de defensa de Rusia podr\u00eda <a href=\"https:\/\/legrandcontinent.eu\/es\/2023\/09\/24\/el-presupuesto-de-defensa-se-convierte-en-la-mayor-partida-de-gastos-de-rusia-con-un-aumento-del-70-previsto-para-2024\/\">aumentar casi un 70%<\/a> -de 6,4 billones de rublos a 10,8 billones- y convertirse en la mayor partida de gasto del pa\u00eds, muy por delante del gasto social, la educaci\u00f3n y la sanidad.<\/p>\n","protected":false},"excerpt":{"rendered":"<p>Los recortes en la producci\u00f3n de petr\u00f3leo anunciados por Arabia Saud\u00ed y Rusia est\u00e1n reduciendo sustancialmente la oferta mundial, mientras que los bajos niveles de reservas aumentan el riesgo de volatilidad. Para Mosc\u00fa, los beneficios energ\u00e9ticos adicionales est\u00e1n financiando directamente el esfuerzo b\u00e9lico en Ucrania.<\/p>\n","protected":false},"author":1366,"featured_media":23585,"comment_status":"closed","ping_status":"","sticky":false,"template":"templates\/post-briefings.php","format":"standard","meta":{"_acf_changed":false,"_trash_the_other_posts":false,"_yoast_wpseo_estimated-reading-time-minutes":3,"footnotes":""},"categories":[98],"tags":[],"staff":[],"editorial_format":[],"serie":[],"audience":[],"geo":[198],"class_list":["post-23593","post","type-post","status-publish","format-standard","hentry","category-energia-y-medio-ambiente","geo-mundo"],"acf":{"open_in_webview":false,"accent":false},"yoast_head":"<!-- This site is optimized with the Yoast SEO plugin v26.1.1 - https:\/\/yoast.com\/wordpress\/plugins\/seo\/ -->\n<title>\u00bfA qu\u00e9 se debe la subida de los precios del petr\u00f3leo? - El Grand Continent<\/title>\n<meta name=\"robots\" content=\"index, follow, max-snippet:-1, max-image-preview:large, max-video-preview:-1\" \/>\n<link rel=\"canonical\" href=\"https:\/\/legrandcontinent.eu\/es\/2023\/09\/28\/a-que-se-debe-la-subida-de-los-precios-del-petroleo\/\" \/>\n<meta property=\"og:locale\" content=\"es_ES\" \/>\n<meta property=\"og:type\" content=\"article\" \/>\n<meta property=\"og:title\" content=\"\u00bfA qu\u00e9 se debe la subida de los precios del petr\u00f3leo? - El Grand Continent\" \/>\n<meta property=\"og:description\" content=\"Los recortes en la producci\u00f3n de petr\u00f3leo anunciados por Arabia Saud\u00ed y Rusia est\u00e1n reduciendo sustancialmente la oferta mundial, mientras que los bajos niveles de reservas aumentan el riesgo de volatilidad. Para Mosc\u00fa, los beneficios energ\u00e9ticos adicionales est\u00e1n financiando directamente el esfuerzo b\u00e9lico en Ucrania.\" \/>\n<meta property=\"og:url\" content=\"https:\/\/legrandcontinent.eu\/es\/2023\/09\/28\/a-que-se-debe-la-subida-de-los-precios-del-petroleo\/\" \/>\n<meta property=\"og:site_name\" content=\"El Grand Continent\" \/>\n<meta property=\"article:published_time\" content=\"2023-09-28T14:00:00+00:00\" \/>\n<meta property=\"article:modified_time\" content=\"2023-09-28T15:56:25+00:00\" \/>\n<meta property=\"og:image\" content=\"https:\/\/legrandcontinent.eu\/es\/wp-content\/uploads\/sites\/2\/2023\/09\/gc-augmentation-prix-petrole-e1695906337246.jpg\" \/>\n\t<meta property=\"og:image:width\" content=\"1453\" \/>\n\t<meta property=\"og:image:height\" content=\"816\" \/>\n\t<meta property=\"og:image:type\" content=\"image\/jpeg\" \/>\n<meta name=\"author\" content=\"florent\" \/>\n<meta name=\"twitter:card\" content=\"summary_large_image\" \/>\n<meta name=\"twitter:image\" content=\"https:\/\/legrandcontinent.eu\/es\/wp-content\/uploads\/sites\/2\/2023\/09\/gc-augmentation-prix-petrole-e1695906337246.jpg\" \/>\n<meta name=\"twitter:label1\" content=\"Escrito por\" \/>\n\t<meta name=\"twitter:data1\" content=\"florent\" \/>\n\t<meta name=\"twitter:label2\" content=\"Tiempo de lectura\" \/>\n\t<meta name=\"twitter:data2\" content=\"3 minutos\" \/>\n<script type=\"application\/ld+json\" class=\"yoast-schema-graph\">{\"@context\":\"https:\/\/schema.org\",\"@graph\":[{\"@type\":\"WebPage\",\"@id\":\"https:\/\/legrandcontinent.eu\/es\/2023\/09\/28\/a-que-se-debe-la-subida-de-los-precios-del-petroleo\/\",\"url\":\"https:\/\/legrandcontinent.eu\/es\/2023\/09\/28\/a-que-se-debe-la-subida-de-los-precios-del-petroleo\/\",\"name\":\"\u00bfA qu\u00e9 se debe la subida de los precios del petr\u00f3leo? - El Grand Continent\",\"isPartOf\":{\"@id\":\"https:\/\/legrandcontinent.eu\/es\/#website\"},\"primaryImageOfPage\":{\"@id\":\"https:\/\/legrandcontinent.eu\/es\/2023\/09\/28\/a-que-se-debe-la-subida-de-los-precios-del-petroleo\/#primaryimage\"},\"image\":{\"@id\":\"https:\/\/legrandcontinent.eu\/es\/2023\/09\/28\/a-que-se-debe-la-subida-de-los-precios-del-petroleo\/#primaryimage\"},\"thumbnailUrl\":\"https:\/\/legrandcontinent.eu\/es\/wp-content\/uploads\/sites\/2\/2023\/09\/gc-augmentation-prix-petrole-e1695906337246.jpg\",\"datePublished\":\"2023-09-28T14:00:00+00:00\",\"dateModified\":\"2023-09-28T15:56:25+00:00\",\"author\":{\"@id\":\"https:\/\/legrandcontinent.eu\/es\/#\/schema\/person\/cdd782c93d4a9eda86ab19a8c01cdf5c\"},\"breadcrumb\":{\"@id\":\"https:\/\/legrandcontinent.eu\/es\/2023\/09\/28\/a-que-se-debe-la-subida-de-los-precios-del-petroleo\/#breadcrumb\"},\"inLanguage\":\"es\",\"potentialAction\":[{\"@type\":\"ReadAction\",\"target\":[\"https:\/\/legrandcontinent.eu\/es\/2023\/09\/28\/a-que-se-debe-la-subida-de-los-precios-del-petroleo\/\"]}]},{\"@type\":\"ImageObject\",\"inLanguage\":\"es\",\"@id\":\"https:\/\/legrandcontinent.eu\/es\/2023\/09\/28\/a-que-se-debe-la-subida-de-los-precios-del-petroleo\/#primaryimage\",\"url\":\"https:\/\/legrandcontinent.eu\/es\/wp-content\/uploads\/sites\/2\/2023\/09\/gc-augmentation-prix-petrole-e1695906337246.jpg\",\"contentUrl\":\"https:\/\/legrandcontinent.eu\/es\/wp-content\/uploads\/sites\/2\/2023\/09\/gc-augmentation-prix-petrole-e1695906337246.jpg\",\"width\":1453,\"height\":816},{\"@type\":\"BreadcrumbList\",\"@id\":\"https:\/\/legrandcontinent.eu\/es\/2023\/09\/28\/a-que-se-debe-la-subida-de-los-precios-del-petroleo\/#breadcrumb\",\"itemListElement\":[{\"@type\":\"ListItem\",\"position\":1,\"name\":\"Home\",\"item\":\"https:\/\/legrandcontinent.eu\/es\/\"},{\"@type\":\"ListItem\",\"position\":2,\"name\":\"\u00bfA qu\u00e9 se debe la subida de los precios del petr\u00f3leo?\"}]},{\"@type\":\"WebSite\",\"@id\":\"https:\/\/legrandcontinent.eu\/es\/#website\",\"url\":\"https:\/\/legrandcontinent.eu\/es\/\",\"name\":\"El Grand Continent\",\"description\":\"La escala pertinente\",\"potentialAction\":[{\"@type\":\"SearchAction\",\"target\":{\"@type\":\"EntryPoint\",\"urlTemplate\":\"https:\/\/legrandcontinent.eu\/es\/?s={search_term_string}\"},\"query-input\":{\"@type\":\"PropertyValueSpecification\",\"valueRequired\":true,\"valueName\":\"search_term_string\"}}],\"inLanguage\":\"es\"},{\"@type\":\"Person\",\"@id\":\"https:\/\/legrandcontinent.eu\/es\/#\/schema\/person\/cdd782c93d4a9eda86ab19a8c01cdf5c\",\"name\":\"florent\",\"image\":{\"@type\":\"ImageObject\",\"inLanguage\":\"es\",\"@id\":\"https:\/\/legrandcontinent.eu\/es\/#\/schema\/person\/image\/\",\"url\":\"https:\/\/secure.gravatar.com\/avatar\/0d38d78c90602daf39b309035cdac6bc?s=96&d=mm&r=g\",\"contentUrl\":\"https:\/\/secure.gravatar.com\/avatar\/0d38d78c90602daf39b309035cdac6bc?s=96&d=mm&r=g\",\"caption\":\"florent\"}}]}<\/script>\n<!-- \/ Yoast SEO plugin. -->","yoast_head_json":{"title":"\u00bfA qu\u00e9 se debe la subida de los precios del petr\u00f3leo? - El Grand Continent","robots":{"index":"index","follow":"follow","max-snippet":"max-snippet:-1","max-image-preview":"max-image-preview:large","max-video-preview":"max-video-preview:-1"},"canonical":"https:\/\/legrandcontinent.eu\/es\/2023\/09\/28\/a-que-se-debe-la-subida-de-los-precios-del-petroleo\/","og_locale":"es_ES","og_type":"article","og_title":"\u00bfA qu\u00e9 se debe la subida de los precios del petr\u00f3leo? - El Grand Continent","og_description":"Los recortes en la producci\u00f3n de petr\u00f3leo anunciados por Arabia Saud\u00ed y Rusia est\u00e1n reduciendo sustancialmente la oferta mundial, mientras que los bajos niveles de reservas aumentan el riesgo de volatilidad. Para Mosc\u00fa, los beneficios energ\u00e9ticos adicionales est\u00e1n financiando directamente el esfuerzo b\u00e9lico en Ucrania.","og_url":"https:\/\/legrandcontinent.eu\/es\/2023\/09\/28\/a-que-se-debe-la-subida-de-los-precios-del-petroleo\/","og_site_name":"El Grand Continent","article_published_time":"2023-09-28T14:00:00+00:00","article_modified_time":"2023-09-28T15:56:25+00:00","og_image":[{"width":1453,"height":816,"url":"https:\/\/legrandcontinent.eu\/es\/wp-content\/uploads\/sites\/2\/2023\/09\/gc-augmentation-prix-petrole-e1695906337246.jpg","type":"image\/jpeg"}],"author":"florent","twitter_card":"summary_large_image","twitter_image":"https:\/\/legrandcontinent.eu\/es\/wp-content\/uploads\/sites\/2\/2023\/09\/gc-augmentation-prix-petrole-e1695906337246.jpg","twitter_misc":{"Escrito por":"florent","Tiempo de lectura":"3 minutos"},"schema":{"@context":"https:\/\/schema.org","@graph":[{"@type":"WebPage","@id":"https:\/\/legrandcontinent.eu\/es\/2023\/09\/28\/a-que-se-debe-la-subida-de-los-precios-del-petroleo\/","url":"https:\/\/legrandcontinent.eu\/es\/2023\/09\/28\/a-que-se-debe-la-subida-de-los-precios-del-petroleo\/","name":"\u00bfA qu\u00e9 se debe la subida de los precios del petr\u00f3leo? - El Grand Continent","isPartOf":{"@id":"https:\/\/legrandcontinent.eu\/es\/#website"},"primaryImageOfPage":{"@id":"https:\/\/legrandcontinent.eu\/es\/2023\/09\/28\/a-que-se-debe-la-subida-de-los-precios-del-petroleo\/#primaryimage"},"image":{"@id":"https:\/\/legrandcontinent.eu\/es\/2023\/09\/28\/a-que-se-debe-la-subida-de-los-precios-del-petroleo\/#primaryimage"},"thumbnailUrl":"https:\/\/legrandcontinent.eu\/es\/wp-content\/uploads\/sites\/2\/2023\/09\/gc-augmentation-prix-petrole-e1695906337246.jpg","datePublished":"2023-09-28T14:00:00+00:00","dateModified":"2023-09-28T15:56:25+00:00","author":{"@id":"https:\/\/legrandcontinent.eu\/es\/#\/schema\/person\/cdd782c93d4a9eda86ab19a8c01cdf5c"},"breadcrumb":{"@id":"https:\/\/legrandcontinent.eu\/es\/2023\/09\/28\/a-que-se-debe-la-subida-de-los-precios-del-petroleo\/#breadcrumb"},"inLanguage":"es","potentialAction":[{"@type":"ReadAction","target":["https:\/\/legrandcontinent.eu\/es\/2023\/09\/28\/a-que-se-debe-la-subida-de-los-precios-del-petroleo\/"]}]},{"@type":"ImageObject","inLanguage":"es","@id":"https:\/\/legrandcontinent.eu\/es\/2023\/09\/28\/a-que-se-debe-la-subida-de-los-precios-del-petroleo\/#primaryimage","url":"https:\/\/legrandcontinent.eu\/es\/wp-content\/uploads\/sites\/2\/2023\/09\/gc-augmentation-prix-petrole-e1695906337246.jpg","contentUrl":"https:\/\/legrandcontinent.eu\/es\/wp-content\/uploads\/sites\/2\/2023\/09\/gc-augmentation-prix-petrole-e1695906337246.jpg","width":1453,"height":816},{"@type":"BreadcrumbList","@id":"https:\/\/legrandcontinent.eu\/es\/2023\/09\/28\/a-que-se-debe-la-subida-de-los-precios-del-petroleo\/#breadcrumb","itemListElement":[{"@type":"ListItem","position":1,"name":"Home","item":"https:\/\/legrandcontinent.eu\/es\/"},{"@type":"ListItem","position":2,"name":"\u00bfA qu\u00e9 se debe la subida de los precios del petr\u00f3leo?"}]},{"@type":"WebSite","@id":"https:\/\/legrandcontinent.eu\/es\/#website","url":"https:\/\/legrandcontinent.eu\/es\/","name":"El Grand Continent","description":"La escala pertinente","potentialAction":[{"@type":"SearchAction","target":{"@type":"EntryPoint","urlTemplate":"https:\/\/legrandcontinent.eu\/es\/?s={search_term_string}"},"query-input":{"@type":"PropertyValueSpecification","valueRequired":true,"valueName":"search_term_string"}}],"inLanguage":"es"},{"@type":"Person","@id":"https:\/\/legrandcontinent.eu\/es\/#\/schema\/person\/cdd782c93d4a9eda86ab19a8c01cdf5c","name":"florent","image":{"@type":"ImageObject","inLanguage":"es","@id":"https:\/\/legrandcontinent.eu\/es\/#\/schema\/person\/image\/","url":"https:\/\/secure.gravatar.com\/avatar\/0d38d78c90602daf39b309035cdac6bc?s=96&d=mm&r=g","contentUrl":"https:\/\/secure.gravatar.com\/avatar\/0d38d78c90602daf39b309035cdac6bc?s=96&d=mm&r=g","caption":"florent"}}]}},"lgc_categories":[{"id":98,"name":"Energ\u00eda y medio ambiente","slug":"energia-y-medio-ambiente"}],"lgc_author":null,"feature_image_summary":{"url":"https:\/\/legrandcontinent.eu\/es\/wp-content\/uploads\/sites\/2\/2023\/09\/gc-augmentation-prix-petrole-e1695906337246.jpg","width":1453,"height":816,"alt":""},"feature_image_cover":null,"term_position_data":null,"_links":{"self":[{"href":"https:\/\/legrandcontinent.eu\/es\/wp-json\/wp\/v2\/posts\/23593","targetHints":{"allow":["GET"]}}],"collection":[{"href":"https:\/\/legrandcontinent.eu\/es\/wp-json\/wp\/v2\/posts"}],"about":[{"href":"https:\/\/legrandcontinent.eu\/es\/wp-json\/wp\/v2\/types\/post"}],"author":[{"embeddable":true,"href":"https:\/\/legrandcontinent.eu\/es\/wp-json\/wp\/v2\/users\/1366"}],"replies":[{"embeddable":true,"href":"https:\/\/legrandcontinent.eu\/es\/wp-json\/wp\/v2\/comments?post=23593"}],"version-history":[{"count":0,"href":"https:\/\/legrandcontinent.eu\/es\/wp-json\/wp\/v2\/posts\/23593\/revisions"}],"wp:featuredmedia":[{"embeddable":true,"href":"https:\/\/legrandcontinent.eu\/es\/wp-json\/wp\/v2\/media\/23585"}],"wp:attachment":[{"href":"https:\/\/legrandcontinent.eu\/es\/wp-json\/wp\/v2\/media?parent=23593"}],"wp:term":[{"taxonomy":"category","embeddable":true,"href":"https:\/\/legrandcontinent.eu\/es\/wp-json\/wp\/v2\/categories?post=23593"},{"taxonomy":"post_tag","embeddable":true,"href":"https:\/\/legrandcontinent.eu\/es\/wp-json\/wp\/v2\/tags?post=23593"},{"taxonomy":"staff","embeddable":true,"href":"https:\/\/legrandcontinent.eu\/es\/wp-json\/wp\/v2\/staff?post=23593"},{"taxonomy":"editorial_format","embeddable":true,"href":"https:\/\/legrandcontinent.eu\/es\/wp-json\/wp\/v2\/editorial_format?post=23593"},{"taxonomy":"serie","embeddable":true,"href":"https:\/\/legrandcontinent.eu\/es\/wp-json\/wp\/v2\/serie?post=23593"},{"taxonomy":"audience","embeddable":true,"href":"https:\/\/legrandcontinent.eu\/es\/wp-json\/wp\/v2\/audience?post=23593"},{"taxonomy":"geo","embeddable":true,"href":"https:\/\/legrandcontinent.eu\/es\/wp-json\/wp\/v2\/geo?post=23593"}],"curies":[{"name":"wp","href":"https:\/\/api.w.org\/{rel}","templated":true}]}}