{"id":23566,"date":"2023-09-28T05:00:00","date_gmt":"2023-09-28T04:00:00","guid":{"rendered":"https:\/\/legrandcontinent.eu\/es\/?p=23566"},"modified":"2023-09-27T23:12:16","modified_gmt":"2023-09-27T22:12:16","slug":"consejo-de-migracion-en-un-contexto-de-tensiones-en-las-fronteras-alemanas","status":"publish","type":"post","link":"https:\/\/legrandcontinent.eu\/es\/2023\/09\/28\/consejo-de-migracion-en-un-contexto-de-tensiones-en-las-fronteras-alemanas\/","title":{"rendered":"Consejo de Migraci\u00f3n en un contexto de tensiones en las fronteras alemanas"},"content":{"rendered":"\n<p>La <em>rentr\u00e9e<\/em> pol\u00edtica europea ha estado marcada por el regreso de la migraci\u00f3n a la agenda pol\u00edtica -y por el retorno de las disensiones entre los Estados miembros sobre esta cuesti\u00f3n, que a\u00fan no parece estar en v\u00edas de soluci\u00f3n-.<\/p>\n\n\n\n<ul class=\"wp-block-list\">\n<li>A mediados de septiembre, la saturaci\u00f3n de las infraestructuras de la isla de Lampedusa, que vio llegar a 7.000 solicitantes de asilo en dos d\u00edas, y la situaci\u00f3n de crisis a la que se enfrent\u00f3 el gobierno italiano volvieron a poner de manifiesto los bloqueos del Pacto sobre Migraci\u00f3n y Asilo, en particular sobre la cuesti\u00f3n de la necesidad de solidaridad entre los pa\u00edses europeos en el reparto de los solicitantes de asilo por primera vez.<\/li>\n<\/ul>\n\n\n\n<div class=\"iframe-container wp-block-image wp-block-image-medium  iframe-dw\">\n\t<div>\n\t\t<iframe class=\"absolute w-full h-full pin-t pin-l\" title=\"titolo\" aria-label=\"Interactive line chart\" src=\"\/\/datawrapper.dwcdn.net\/5lIkf\/\" scrolling=\"no\" frameborder=\"0\"><\/iframe>\n\t<\/div>\n<\/div>\n\n\n\n<ul class=\"wp-block-list\">\n<li>El n\u00famero de solicitudes de asilo, 519.000 para el periodo de enero a junio de 2023, super\u00f3 al de los seis a\u00f1os anteriores en el mismo periodo.<\/li>\n<\/ul>\n\n\n\n<ul class=\"wp-block-list\">\n<li>Como consecuencia, el tiempo necesario para tramitar las solicitudes de asilo ha aumentado considerablemente, y el n\u00famero de casos a la espera de una decisi\u00f3n tambi\u00e9n se ha incrementado en un 34% en comparaci\u00f3n con 2022.<\/li>\n<\/ul>\n\n\n\n<p>Al mismo tiempo, Alemania endurece su postura frente a la migraci\u00f3n. Ayer, el gobierno anunci\u00f3 el refuerzo de sus controles fronterizos con Polonia y la Rep\u00fablica Checa, con la creaci\u00f3n de nuevas unidades de control policial a partir de esta semana.<\/p>\n\n\n\n<div class=\"iframe-container wp-block-image wp-block-image-medium  iframe-dw\">\n\t<div>\n\t\t<iframe class=\"absolute w-full h-full pin-t pin-l\" title=\"titolo\" aria-label=\"Interactive line chart\" src=\"\/\/datawrapper.dwcdn.net\/rBiYe\/\" scrolling=\"no\" frameborder=\"0\"><\/iframe>\n\t<\/div>\n<\/div>\n\n\n\n<ul class=\"wp-block-list\">\n<li>El gobierno alem\u00e1n ya hab\u00eda mostrado su voluntad de restringir las llegadas durante la crisis de Lampedusa al declarar su negativa a aceptar a los solicitantes de asilo que llegaran a Italia, antes de retractarse finalmente.<\/li>\n<\/ul>\n\n\n\n<ul class=\"wp-block-list\">\n<li>Estas decisiones se tomaron en v\u00edsperas de las decisivas elecciones regionales de Baviera y Hesse del 8 de octubre, en las que la extrema derecha podr\u00eda conseguir unos resultados hist\u00f3ricos. En Hesse, la ministra del Interior del gobierno Scholz, Nancy Faeser, es personalmente una de las candidatas que se presentan a las elecciones.<\/li>\n<\/ul>\n\n\n\n<p>Los ministros debatir\u00e1n en particular la \u00abdimensi\u00f3n exterior\u00bb de la reforma de la pol\u00edtica migratoria europea, es decir, la multiplicaci\u00f3n de las asociaciones financieras con pa\u00edses de tr\u00e1nsito exteriores a la Uni\u00f3n.<\/p>\n\n\n\n<ul class=\"wp-block-list\">\n<li>Despu\u00e9s de T\u00fanez (con el que el acuerdo asciende a 105 millones de d\u00f3lares), Marruecos y Egipto podr\u00edan ser los siguientes en la lista.<\/li>\n<\/ul>\n\n\n\n<ul class=\"wp-block-list\">\n<li>El acuerdo con T\u00fanez, anunciado el 16 de julio, sigue siendo muy criticado, en particular por las organizaciones no gubernamentales y algunos eurodiputados, tanto por la deriva autoritaria del presidente Sa\u00efed como por el maltrato documentado de los solicitantes de asilo por parte de las autoridades tunecinas. La semana pasada, la Comisi\u00f3n Europea anunci\u00f3 un paquete financiero para T\u00fanez, dotado con 127 millones de euros para apoyar la econom\u00eda y frenar las salidas.<\/li>\n<\/ul>\n","protected":false},"excerpt":{"rendered":"<p>Los ministros de Interior de la Uni\u00f3n se re\u00fanen hoy para debatir la pol\u00edtica migratoria tras los acontecimientos que han agudizado las disensiones entre los Estados miembros, desde Lampedusa hasta las fronteras de Alemania con Polonia y la Rep\u00fablica Checa.<\/p>\n","protected":false},"author":1366,"featured_media":23567,"comment_status":"closed","ping_status":"","sticky":false,"template":"templates\/post-briefings.php","format":"standard","meta":{"_acf_changed":false,"_trash_the_other_posts":false,"_yoast_wpseo_estimated-reading-time-minutes":3,"footnotes":""},"categories":[6],"tags":[],"staff":[],"editorial_format":[],"serie":[],"audience":[],"geo":[177],"class_list":["post-23566","post","type-post","status-publish","format-standard","hentry","category-politica","geo-europa"],"acf":{"open_in_webview":false,"accent":false,"_thumbnail_id":23567,"excerpt":"Los ministros de Interior de la Uni\u00f3n se re\u00fanen hoy para debatir la pol\u00edtica migratoria tras los acontecimientos que han agudizado las disensiones entre los Estados miembros, desde Lampedusa hasta las fronteras de Alemania con Polonia y la Rep\u00fablica Checa.","display_date":"","new_abstract":true},"yoast_head":"<!-- This site is optimized with the Yoast SEO plugin v26.1.1 - https:\/\/yoast.com\/wordpress\/plugins\/seo\/ -->\n<title>Consejo de Migraci\u00f3n en un contexto de tensiones en las fronteras alemanas - El Grand Continent<\/title>\n<meta name=\"robots\" content=\"index, follow, max-snippet:-1, max-image-preview:large, max-video-preview:-1\" \/>\n<link rel=\"canonical\" href=\"https:\/\/legrandcontinent.eu\/es\/2023\/09\/28\/consejo-de-migracion-en-un-contexto-de-tensiones-en-las-fronteras-alemanas\/\" \/>\n<meta property=\"og:locale\" content=\"es_ES\" \/>\n<meta property=\"og:type\" content=\"article\" \/>\n<meta property=\"og:title\" content=\"Consejo de Migraci\u00f3n en un contexto de tensiones en las fronteras alemanas - El Grand Continent\" \/>\n<meta property=\"og:description\" content=\"Los ministros de Interior de la Uni\u00f3n se re\u00fanen hoy para debatir la pol\u00edtica migratoria tras los acontecimientos que han agudizado las disensiones entre los Estados miembros, desde Lampedusa hasta las fronteras de Alemania con Polonia y la Rep\u00fablica Checa.\" \/>\n<meta property=\"og:url\" content=\"https:\/\/legrandcontinent.eu\/es\/2023\/09\/28\/consejo-de-migracion-en-un-contexto-de-tensiones-en-las-fronteras-alemanas\/\" \/>\n<meta property=\"og:site_name\" content=\"El Grand Continent\" \/>\n<meta property=\"article:published_time\" content=\"2023-09-28T04:00:00+00:00\" \/>\n<meta property=\"og:image\" content=\"https:\/\/legrandcontinent.eu\/es\/wp-content\/uploads\/sites\/6\/2023\/09\/gc-elmigraciones.jpg\" \/>\n\t<meta property=\"og:image:width\" content=\"1686\" \/>\n\t<meta property=\"og:image:height\" content=\"1338\" \/>\n\t<meta property=\"og:image:type\" content=\"image\/jpeg\" \/>\n<meta name=\"author\" content=\"florent\" \/>\n<meta name=\"twitter:card\" content=\"summary_large_image\" \/>\n<meta name=\"twitter:image\" content=\"https:\/\/legrandcontinent.eu\/es\/wp-content\/uploads\/sites\/6\/2023\/09\/gc-elmigraciones.jpg\" \/>\n<meta name=\"twitter:label1\" content=\"Escrito por\" \/>\n\t<meta name=\"twitter:data1\" content=\"florent\" \/>\n\t<meta name=\"twitter:label2\" content=\"Tiempo de lectura\" \/>\n\t<meta name=\"twitter:data2\" content=\"3 minutos\" \/>\n<script type=\"application\/ld+json\" class=\"yoast-schema-graph\">{\"@context\":\"https:\/\/schema.org\",\"@graph\":[{\"@type\":\"WebPage\",\"@id\":\"https:\/\/legrandcontinent.eu\/es\/2023\/09\/28\/consejo-de-migracion-en-un-contexto-de-tensiones-en-las-fronteras-alemanas\/\",\"url\":\"https:\/\/legrandcontinent.eu\/es\/2023\/09\/28\/consejo-de-migracion-en-un-contexto-de-tensiones-en-las-fronteras-alemanas\/\",\"name\":\"Consejo de Migraci\u00f3n en un contexto de tensiones en las fronteras alemanas - El Grand Continent\",\"isPartOf\":{\"@id\":\"https:\/\/legrandcontinent.eu\/es\/#website\"},\"primaryImageOfPage\":{\"@id\":\"https:\/\/legrandcontinent.eu\/es\/2023\/09\/28\/consejo-de-migracion-en-un-contexto-de-tensiones-en-las-fronteras-alemanas\/#primaryimage\"},\"image\":{\"@id\":\"https:\/\/legrandcontinent.eu\/es\/2023\/09\/28\/consejo-de-migracion-en-un-contexto-de-tensiones-en-las-fronteras-alemanas\/#primaryimage\"},\"thumbnailUrl\":\"https:\/\/legrandcontinent.eu\/es\/wp-content\/uploads\/sites\/6\/2023\/09\/gc-elmigraciones.jpg\",\"datePublished\":\"2023-09-28T04:00:00+00:00\",\"author\":{\"@id\":\"https:\/\/legrandcontinent.eu\/es\/#\/schema\/person\/cdd782c93d4a9eda86ab19a8c01cdf5c\"},\"breadcrumb\":{\"@id\":\"https:\/\/legrandcontinent.eu\/es\/2023\/09\/28\/consejo-de-migracion-en-un-contexto-de-tensiones-en-las-fronteras-alemanas\/#breadcrumb\"},\"inLanguage\":\"es\",\"potentialAction\":[{\"@type\":\"ReadAction\",\"target\":[\"https:\/\/legrandcontinent.eu\/es\/2023\/09\/28\/consejo-de-migracion-en-un-contexto-de-tensiones-en-las-fronteras-alemanas\/\"]}]},{\"@type\":\"ImageObject\",\"inLanguage\":\"es\",\"@id\":\"https:\/\/legrandcontinent.eu\/es\/2023\/09\/28\/consejo-de-migracion-en-un-contexto-de-tensiones-en-las-fronteras-alemanas\/#primaryimage\",\"url\":\"https:\/\/legrandcontinent.eu\/es\/wp-content\/uploads\/sites\/6\/2023\/09\/gc-elmigraciones.jpg\",\"contentUrl\":\"https:\/\/legrandcontinent.eu\/es\/wp-content\/uploads\/sites\/6\/2023\/09\/gc-elmigraciones.jpg\",\"width\":1686,\"height\":1338},{\"@type\":\"BreadcrumbList\",\"@id\":\"https:\/\/legrandcontinent.eu\/es\/2023\/09\/28\/consejo-de-migracion-en-un-contexto-de-tensiones-en-las-fronteras-alemanas\/#breadcrumb\",\"itemListElement\":[{\"@type\":\"ListItem\",\"position\":1,\"name\":\"Home\",\"item\":\"https:\/\/legrandcontinent.eu\/es\/\"},{\"@type\":\"ListItem\",\"position\":2,\"name\":\"Consejo de Migraci\u00f3n en un contexto de tensiones en las fronteras alemanas\"}]},{\"@type\":\"WebSite\",\"@id\":\"https:\/\/legrandcontinent.eu\/es\/#website\",\"url\":\"https:\/\/legrandcontinent.eu\/es\/\",\"name\":\"El Grand Continent\",\"description\":\"La escala pertinente\",\"potentialAction\":[{\"@type\":\"SearchAction\",\"target\":{\"@type\":\"EntryPoint\",\"urlTemplate\":\"https:\/\/legrandcontinent.eu\/es\/?s={search_term_string}\"},\"query-input\":{\"@type\":\"PropertyValueSpecification\",\"valueRequired\":true,\"valueName\":\"search_term_string\"}}],\"inLanguage\":\"es\"},{\"@type\":\"Person\",\"@id\":\"https:\/\/legrandcontinent.eu\/es\/#\/schema\/person\/cdd782c93d4a9eda86ab19a8c01cdf5c\",\"name\":\"florent\",\"image\":{\"@type\":\"ImageObject\",\"inLanguage\":\"es\",\"@id\":\"https:\/\/legrandcontinent.eu\/es\/#\/schema\/person\/image\/\",\"url\":\"https:\/\/secure.gravatar.com\/avatar\/0d38d78c90602daf39b309035cdac6bc?s=96&d=mm&r=g\",\"contentUrl\":\"https:\/\/secure.gravatar.com\/avatar\/0d38d78c90602daf39b309035cdac6bc?s=96&d=mm&r=g\",\"caption\":\"florent\"}}]}<\/script>\n<!-- \/ Yoast SEO plugin. -->","yoast_head_json":{"title":"Consejo de Migraci\u00f3n en un contexto de tensiones en las fronteras alemanas - El Grand Continent","robots":{"index":"index","follow":"follow","max-snippet":"max-snippet:-1","max-image-preview":"max-image-preview:large","max-video-preview":"max-video-preview:-1"},"canonical":"https:\/\/legrandcontinent.eu\/es\/2023\/09\/28\/consejo-de-migracion-en-un-contexto-de-tensiones-en-las-fronteras-alemanas\/","og_locale":"es_ES","og_type":"article","og_title":"Consejo de Migraci\u00f3n en un contexto de tensiones en las fronteras alemanas - El Grand Continent","og_description":"Los ministros de Interior de la Uni\u00f3n se re\u00fanen hoy para debatir la pol\u00edtica migratoria tras los acontecimientos que han agudizado las disensiones entre los Estados miembros, desde Lampedusa hasta las fronteras de Alemania con Polonia y la Rep\u00fablica Checa.","og_url":"https:\/\/legrandcontinent.eu\/es\/2023\/09\/28\/consejo-de-migracion-en-un-contexto-de-tensiones-en-las-fronteras-alemanas\/","og_site_name":"El Grand Continent","article_published_time":"2023-09-28T04:00:00+00:00","og_image":[{"width":1686,"height":1338,"url":"https:\/\/legrandcontinent.eu\/es\/wp-content\/uploads\/sites\/6\/2023\/09\/gc-elmigraciones.jpg","type":"image\/jpeg"}],"author":"florent","twitter_card":"summary_large_image","twitter_image":"https:\/\/legrandcontinent.eu\/es\/wp-content\/uploads\/sites\/6\/2023\/09\/gc-elmigraciones.jpg","twitter_misc":{"Escrito por":"florent","Tiempo de lectura":"3 minutos"},"schema":{"@context":"https:\/\/schema.org","@graph":[{"@type":"WebPage","@id":"https:\/\/legrandcontinent.eu\/es\/2023\/09\/28\/consejo-de-migracion-en-un-contexto-de-tensiones-en-las-fronteras-alemanas\/","url":"https:\/\/legrandcontinent.eu\/es\/2023\/09\/28\/consejo-de-migracion-en-un-contexto-de-tensiones-en-las-fronteras-alemanas\/","name":"Consejo de Migraci\u00f3n en un contexto de tensiones en las fronteras alemanas - El Grand Continent","isPartOf":{"@id":"https:\/\/legrandcontinent.eu\/es\/#website"},"primaryImageOfPage":{"@id":"https:\/\/legrandcontinent.eu\/es\/2023\/09\/28\/consejo-de-migracion-en-un-contexto-de-tensiones-en-las-fronteras-alemanas\/#primaryimage"},"image":{"@id":"https:\/\/legrandcontinent.eu\/es\/2023\/09\/28\/consejo-de-migracion-en-un-contexto-de-tensiones-en-las-fronteras-alemanas\/#primaryimage"},"thumbnailUrl":"https:\/\/legrandcontinent.eu\/es\/wp-content\/uploads\/sites\/6\/2023\/09\/gc-elmigraciones.jpg","datePublished":"2023-09-28T04:00:00+00:00","author":{"@id":"https:\/\/legrandcontinent.eu\/es\/#\/schema\/person\/cdd782c93d4a9eda86ab19a8c01cdf5c"},"breadcrumb":{"@id":"https:\/\/legrandcontinent.eu\/es\/2023\/09\/28\/consejo-de-migracion-en-un-contexto-de-tensiones-en-las-fronteras-alemanas\/#breadcrumb"},"inLanguage":"es","potentialAction":[{"@type":"ReadAction","target":["https:\/\/legrandcontinent.eu\/es\/2023\/09\/28\/consejo-de-migracion-en-un-contexto-de-tensiones-en-las-fronteras-alemanas\/"]}]},{"@type":"ImageObject","inLanguage":"es","@id":"https:\/\/legrandcontinent.eu\/es\/2023\/09\/28\/consejo-de-migracion-en-un-contexto-de-tensiones-en-las-fronteras-alemanas\/#primaryimage","url":"https:\/\/legrandcontinent.eu\/es\/wp-content\/uploads\/sites\/6\/2023\/09\/gc-elmigraciones.jpg","contentUrl":"https:\/\/legrandcontinent.eu\/es\/wp-content\/uploads\/sites\/6\/2023\/09\/gc-elmigraciones.jpg","width":1686,"height":1338},{"@type":"BreadcrumbList","@id":"https:\/\/legrandcontinent.eu\/es\/2023\/09\/28\/consejo-de-migracion-en-un-contexto-de-tensiones-en-las-fronteras-alemanas\/#breadcrumb","itemListElement":[{"@type":"ListItem","position":1,"name":"Home","item":"https:\/\/legrandcontinent.eu\/es\/"},{"@type":"ListItem","position":2,"name":"Consejo de Migraci\u00f3n en un contexto de tensiones en las fronteras alemanas"}]},{"@type":"WebSite","@id":"https:\/\/legrandcontinent.eu\/es\/#website","url":"https:\/\/legrandcontinent.eu\/es\/","name":"El Grand Continent","description":"La escala pertinente","potentialAction":[{"@type":"SearchAction","target":{"@type":"EntryPoint","urlTemplate":"https:\/\/legrandcontinent.eu\/es\/?s={search_term_string}"},"query-input":{"@type":"PropertyValueSpecification","valueRequired":true,"valueName":"search_term_string"}}],"inLanguage":"es"},{"@type":"Person","@id":"https:\/\/legrandcontinent.eu\/es\/#\/schema\/person\/cdd782c93d4a9eda86ab19a8c01cdf5c","name":"florent","image":{"@type":"ImageObject","inLanguage":"es","@id":"https:\/\/legrandcontinent.eu\/es\/#\/schema\/person\/image\/","url":"https:\/\/secure.gravatar.com\/avatar\/0d38d78c90602daf39b309035cdac6bc?s=96&d=mm&r=g","contentUrl":"https:\/\/secure.gravatar.com\/avatar\/0d38d78c90602daf39b309035cdac6bc?s=96&d=mm&r=g","caption":"florent"}}]}},"lgc_categories":[{"id":6,"name":"Pol\u00edtica","slug":"politica"}],"lgc_author":null,"feature_image_summary":{"url":"https:\/\/legrandcontinent.eu\/es\/wp-content\/uploads\/sites\/6\/2023\/09\/gc-elmigraciones.jpg","width":1686,"height":1338,"alt":""},"feature_image_cover":null,"term_position_data":null,"_links":{"self":[{"href":"https:\/\/legrandcontinent.eu\/es\/wp-json\/wp\/v2\/posts\/23566","targetHints":{"allow":["GET"]}}],"collection":[{"href":"https:\/\/legrandcontinent.eu\/es\/wp-json\/wp\/v2\/posts"}],"about":[{"href":"https:\/\/legrandcontinent.eu\/es\/wp-json\/wp\/v2\/types\/post"}],"author":[{"embeddable":true,"href":"https:\/\/legrandcontinent.eu\/es\/wp-json\/wp\/v2\/users\/1366"}],"replies":[{"embeddable":true,"href":"https:\/\/legrandcontinent.eu\/es\/wp-json\/wp\/v2\/comments?post=23566"}],"version-history":[{"count":0,"href":"https:\/\/legrandcontinent.eu\/es\/wp-json\/wp\/v2\/posts\/23566\/revisions"}],"wp:featuredmedia":[{"embeddable":true,"href":"https:\/\/legrandcontinent.eu\/es\/wp-json\/wp\/v2\/media\/23567"}],"wp:attachment":[{"href":"https:\/\/legrandcontinent.eu\/es\/wp-json\/wp\/v2\/media?parent=23566"}],"wp:term":[{"taxonomy":"category","embeddable":true,"href":"https:\/\/legrandcontinent.eu\/es\/wp-json\/wp\/v2\/categories?post=23566"},{"taxonomy":"post_tag","embeddable":true,"href":"https:\/\/legrandcontinent.eu\/es\/wp-json\/wp\/v2\/tags?post=23566"},{"taxonomy":"staff","embeddable":true,"href":"https:\/\/legrandcontinent.eu\/es\/wp-json\/wp\/v2\/staff?post=23566"},{"taxonomy":"editorial_format","embeddable":true,"href":"https:\/\/legrandcontinent.eu\/es\/wp-json\/wp\/v2\/editorial_format?post=23566"},{"taxonomy":"serie","embeddable":true,"href":"https:\/\/legrandcontinent.eu\/es\/wp-json\/wp\/v2\/serie?post=23566"},{"taxonomy":"audience","embeddable":true,"href":"https:\/\/legrandcontinent.eu\/es\/wp-json\/wp\/v2\/audience?post=23566"},{"taxonomy":"geo","embeddable":true,"href":"https:\/\/legrandcontinent.eu\/es\/wp-json\/wp\/v2\/geo?post=23566"}],"curies":[{"name":"wp","href":"https:\/\/api.w.org\/{rel}","templated":true}]}}