{"id":23202,"date":"2023-09-22T05:00:00","date_gmt":"2023-09-22T04:00:00","guid":{"rendered":"https:\/\/legrandcontinent.eu\/es\/?p=23202"},"modified":"2023-09-22T12:58:59","modified_gmt":"2023-09-22T11:58:59","slug":"planificacion-ecologica-vamos-a-quedarnos-sin-materiales-criticos-para-la-transicion-energetica","status":"publish","type":"post","link":"https:\/\/legrandcontinent.eu\/es\/2023\/09\/22\/planificacion-ecologica-vamos-a-quedarnos-sin-materiales-criticos-para-la-transicion-energetica\/","title":{"rendered":"Planificaci\u00f3n ecol\u00f3gica: \u00bfvamos a quedarnos sin materiales cr\u00edticos para la transici\u00f3n energ\u00e9tica?"},"content":{"rendered":"\n<p>La puesta en marcha de la transici\u00f3n energ\u00e9tica -ahora denominada <em>planificaci\u00f3n ecol\u00f3gica<\/em> en el caso del plan detallado ayer por el Gobierno franc\u00e9s- requiere una clara aceleraci\u00f3n de los esfuerzos de inversi\u00f3n y producci\u00f3n en tecnolog\u00edas limpias. La cuesti\u00f3n de la financiaci\u00f3n figura ya en el orden del d\u00eda de las conferencias internacionales previstas para finales de este a\u00f1o, en particular la COP 28, y es tambi\u00e9n un punto crucial para que la transici\u00f3n energ\u00e9tica se lleve a cabo en un plazo compatible con los objetivos del Acuerdo de Par\u00eds.<\/p>\n\n\n\n<p>Seg\u00fan el \u00faltimo informe de la Comisi\u00f3n sobre Transiciones Energ\u00e9ticas&nbsp;<span class='whitespace-nowrap'><span id='easy-footnote-1-23202' class='easy-footnote-margin-adjust'><\/span><span class='easy-footnote'><a href='https:\/\/legrandcontinent.eu\/es\/2023\/09\/22\/planificacion-ecologica-vamos-a-quedarnos-sin-materiales-criticos-para-la-transicion-energetica\/#easy-footnote-bottom-1-23202' title='Material and Resource Requirements for the Energy Transition,\u00a0&lt;em&gt;The Barriers to Clean Electrification Series&lt;\/em&gt;, Energy Transitions Commission, julio de 2023'><sup>1<\/sup><\/a><\/span><\/span>, las tecnolog\u00edas de energ\u00edas renovables provocar\u00e1n un aumento masivo de la demanda de una serie de materiales cr\u00edticos.<\/p>\n\n\n\n<ul class=\"wp-block-list\">\n<li>Los principales materiales que el informe identifica como necesarios para la transici\u00f3n son el cobalto, el cobre, el grafito, el litio, el neodimio y el n\u00edquel.<\/li>\n<\/ul>\n\n\n\n<div class=\"iframe-container wp-block-image wp-block-image-medium  iframe-dw\">\n\t<div>\n\t\t<iframe class=\"absolute w-full h-full pin-t pin-l\" title=\"titolo\" aria-label=\"Interactive line chart\" src=\"\/\/datawrapper.dwcdn.net\/2EmCO\/\" scrolling=\"no\" frameborder=\"0\"><\/iframe>\n\t<\/div>\n<\/div>\n\n\n\n<ul class=\"wp-block-list\">\n<li>A corto plazo, las estimaciones de la oferta potencial de materiales hasta 2030 no son suficientes para satisfacer la demanda estimada de todos estos materiales clave como parte de una aceleraci\u00f3n de la transici\u00f3n ecol\u00f3gica.<\/li>\n<\/ul>\n\n\n\n<p>Para garantizar que el aumento de la demanda de materiales no provoque un d\u00e9ficit en la oferta, se pueden utilizar una serie de palancas y tenerlas en cuenta en el proceso de planificaci\u00f3n.<\/p>\n\n\n\n<ul class=\"wp-block-list\">\n<li>Una forma de reducir el d\u00e9ficit de suministro estimado es reducir la demanda de estos componentes para usos distintos de la transici\u00f3n energ\u00e9tica.<\/li>\n<\/ul>\n\n\n\n<div class=\"iframe-container wp-block-image wp-block-image-medium  iframe-dw\">\n\t<div>\n\t\t<iframe class=\"absolute w-full h-full pin-t pin-l\" title=\"titolo\" aria-label=\"Interactive line chart\" src=\"\/\/datawrapper.dwcdn.net\/0SPfb\/\" scrolling=\"no\" frameborder=\"0\"><\/iframe>\n\t<\/div>\n<\/div>\n\n\n\n<ul class=\"wp-block-list\">\n<li>El reciclado de materiales cr\u00edticos es una segunda palanca, cuyo potencial est\u00e1 a\u00fan muy poco explotado, sobre todo en el caso del litio, las tierras raras y el grafito.<\/li>\n<\/ul>\n\n\n\n<p>La cuesti\u00f3n de la reducci\u00f3n de la demanda de materiales cr\u00edticos complementa la de la diversificaci\u00f3n de los proveedores.<\/p>\n\n\n\n<ul class=\"wp-block-list\">\n<li>Las previsiones de existencias y suministro de materiales cr\u00edticos siguen dependiendo de la l\u00f3gica geopol\u00edtica de la nueva guerra fr\u00eda y de <a href=\"https:\/\/legrandcontinent.eu\/es\/2023\/07\/15\/las-materias-criticas-chinas-en-el-interregno\/\">las decisiones de China<\/a>, que acaba de restringir sus exportaciones de galio y germanio.<\/li>\n<\/ul>\n\n\n\n<ul class=\"wp-block-list\">\n<li>Los recientes golpes militares en Gab\u00f3n y N\u00edger son tambi\u00e9n un recordatorio de la inestabilidad de las cadenas de suministro en \u00c1frica, que sol\u00eda ser una de las principales rutas para diversificar los suministros europeos.<\/li>\n<\/ul>\n","protected":false},"excerpt":{"rendered":"<p>El Gobierno franc\u00e9s detall\u00f3 ayer las medidas de su plan denominado de \u00abplanificaci\u00f3n ecol\u00f3gica\u00bb. Adem\u00e1s de las cuestiones de financiaci\u00f3n y aplicaci\u00f3n pol\u00edtica, la transici\u00f3n energ\u00e9tica podr\u00eda toparse con l\u00edmites tecnol\u00f3gicos.<\/p>\n","protected":false},"author":1366,"featured_media":23203,"comment_status":"closed","ping_status":"","sticky":false,"template":"templates\/post-briefings.php","format":"standard","meta":{"_acf_changed":false,"_trash_the_other_posts":false,"_yoast_wpseo_estimated-reading-time-minutes":2,"footnotes":""},"categories":[522],"tags":[],"staff":[],"editorial_format":[],"serie":[],"audience":[],"geo":[177],"class_list":["post-23202","post","type-post","status-publish","format-standard","hentry","category-los-datos-que-lo-cambian-todo","geo-europa"],"acf":{"open_in_webview":false,"accent":false},"yoast_head":"<!-- This site is optimized with the Yoast SEO plugin v26.1.1 - https:\/\/yoast.com\/wordpress\/plugins\/seo\/ -->\n<title>Planificaci\u00f3n ecol\u00f3gica: \u00bfvamos a quedarnos sin materiales cr\u00edticos para la transici\u00f3n energ\u00e9tica? - El Grand Continent<\/title>\n<meta name=\"robots\" content=\"index, follow, max-snippet:-1, max-image-preview:large, max-video-preview:-1\" \/>\n<link rel=\"canonical\" href=\"https:\/\/legrandcontinent.eu\/es\/2023\/09\/22\/planificacion-ecologica-vamos-a-quedarnos-sin-materiales-criticos-para-la-transicion-energetica\/\" \/>\n<meta property=\"og:locale\" content=\"es_ES\" \/>\n<meta property=\"og:type\" content=\"article\" \/>\n<meta property=\"og:title\" content=\"Planificaci\u00f3n ecol\u00f3gica: \u00bfvamos a quedarnos sin materiales cr\u00edticos para la transici\u00f3n energ\u00e9tica? - El Grand Continent\" \/>\n<meta property=\"og:description\" content=\"El Gobierno franc\u00e9s detall\u00f3 ayer las medidas de su plan denominado de &quot;planificaci\u00f3n ecol\u00f3gica&quot;. Adem\u00e1s de las cuestiones de financiaci\u00f3n y aplicaci\u00f3n pol\u00edtica, la transici\u00f3n energ\u00e9tica podr\u00eda toparse con l\u00edmites tecnol\u00f3gicos.\" \/>\n<meta property=\"og:url\" content=\"https:\/\/legrandcontinent.eu\/es\/2023\/09\/22\/planificacion-ecologica-vamos-a-quedarnos-sin-materiales-criticos-para-la-transicion-energetica\/\" \/>\n<meta property=\"og:site_name\" content=\"El Grand Continent\" \/>\n<meta property=\"article:published_time\" content=\"2023-09-22T04:00:00+00:00\" \/>\n<meta property=\"article:modified_time\" content=\"2023-09-22T11:58:59+00:00\" \/>\n<meta property=\"og:image\" content=\"https:\/\/legrandcontinent.eu\/es\/wp-content\/uploads\/sites\/6\/2023\/09\/gc-elmaterialescriticos.jpg\" \/>\n\t<meta property=\"og:image:width\" content=\"1450\" \/>\n\t<meta property=\"og:image:height\" content=\"1004\" \/>\n\t<meta property=\"og:image:type\" content=\"image\/jpeg\" \/>\n<meta name=\"author\" content=\"florent\" \/>\n<meta name=\"twitter:card\" content=\"summary_large_image\" \/>\n<meta name=\"twitter:image\" content=\"https:\/\/legrandcontinent.eu\/es\/wp-content\/uploads\/sites\/6\/2023\/09\/gc-elmaterialescriticos.jpg\" \/>\n<meta name=\"twitter:label1\" content=\"Escrito por\" \/>\n\t<meta name=\"twitter:data1\" content=\"florent\" \/>\n\t<meta name=\"twitter:label2\" content=\"Tiempo de lectura\" \/>\n\t<meta name=\"twitter:data2\" content=\"2 minutos\" \/>\n<script type=\"application\/ld+json\" class=\"yoast-schema-graph\">{\"@context\":\"https:\/\/schema.org\",\"@graph\":[{\"@type\":\"WebPage\",\"@id\":\"https:\/\/legrandcontinent.eu\/es\/2023\/09\/22\/planificacion-ecologica-vamos-a-quedarnos-sin-materiales-criticos-para-la-transicion-energetica\/\",\"url\":\"https:\/\/legrandcontinent.eu\/es\/2023\/09\/22\/planificacion-ecologica-vamos-a-quedarnos-sin-materiales-criticos-para-la-transicion-energetica\/\",\"name\":\"Planificaci\u00f3n ecol\u00f3gica: \u00bfvamos a quedarnos sin materiales cr\u00edticos para la transici\u00f3n energ\u00e9tica? - El Grand Continent\",\"isPartOf\":{\"@id\":\"https:\/\/legrandcontinent.eu\/es\/#website\"},\"primaryImageOfPage\":{\"@id\":\"https:\/\/legrandcontinent.eu\/es\/2023\/09\/22\/planificacion-ecologica-vamos-a-quedarnos-sin-materiales-criticos-para-la-transicion-energetica\/#primaryimage\"},\"image\":{\"@id\":\"https:\/\/legrandcontinent.eu\/es\/2023\/09\/22\/planificacion-ecologica-vamos-a-quedarnos-sin-materiales-criticos-para-la-transicion-energetica\/#primaryimage\"},\"thumbnailUrl\":\"https:\/\/legrandcontinent.eu\/es\/wp-content\/uploads\/sites\/6\/2023\/09\/gc-elmaterialescriticos.jpg\",\"datePublished\":\"2023-09-22T04:00:00+00:00\",\"dateModified\":\"2023-09-22T11:58:59+00:00\",\"author\":{\"@id\":\"https:\/\/legrandcontinent.eu\/es\/#\/schema\/person\/cdd782c93d4a9eda86ab19a8c01cdf5c\"},\"breadcrumb\":{\"@id\":\"https:\/\/legrandcontinent.eu\/es\/2023\/09\/22\/planificacion-ecologica-vamos-a-quedarnos-sin-materiales-criticos-para-la-transicion-energetica\/#breadcrumb\"},\"inLanguage\":\"es\",\"potentialAction\":[{\"@type\":\"ReadAction\",\"target\":[\"https:\/\/legrandcontinent.eu\/es\/2023\/09\/22\/planificacion-ecologica-vamos-a-quedarnos-sin-materiales-criticos-para-la-transicion-energetica\/\"]}]},{\"@type\":\"ImageObject\",\"inLanguage\":\"es\",\"@id\":\"https:\/\/legrandcontinent.eu\/es\/2023\/09\/22\/planificacion-ecologica-vamos-a-quedarnos-sin-materiales-criticos-para-la-transicion-energetica\/#primaryimage\",\"url\":\"https:\/\/legrandcontinent.eu\/es\/wp-content\/uploads\/sites\/6\/2023\/09\/gc-elmaterialescriticos.jpg\",\"contentUrl\":\"https:\/\/legrandcontinent.eu\/es\/wp-content\/uploads\/sites\/6\/2023\/09\/gc-elmaterialescriticos.jpg\",\"width\":1450,\"height\":1004},{\"@type\":\"BreadcrumbList\",\"@id\":\"https:\/\/legrandcontinent.eu\/es\/2023\/09\/22\/planificacion-ecologica-vamos-a-quedarnos-sin-materiales-criticos-para-la-transicion-energetica\/#breadcrumb\",\"itemListElement\":[{\"@type\":\"ListItem\",\"position\":1,\"name\":\"Home\",\"item\":\"https:\/\/legrandcontinent.eu\/es\/\"},{\"@type\":\"ListItem\",\"position\":2,\"name\":\"Planificaci\u00f3n ecol\u00f3gica: \u00bfvamos a quedarnos sin materiales cr\u00edticos para la transici\u00f3n energ\u00e9tica?\"}]},{\"@type\":\"WebSite\",\"@id\":\"https:\/\/legrandcontinent.eu\/es\/#website\",\"url\":\"https:\/\/legrandcontinent.eu\/es\/\",\"name\":\"El Grand Continent\",\"description\":\"La escala pertinente\",\"potentialAction\":[{\"@type\":\"SearchAction\",\"target\":{\"@type\":\"EntryPoint\",\"urlTemplate\":\"https:\/\/legrandcontinent.eu\/es\/?s={search_term_string}\"},\"query-input\":{\"@type\":\"PropertyValueSpecification\",\"valueRequired\":true,\"valueName\":\"search_term_string\"}}],\"inLanguage\":\"es\"},{\"@type\":\"Person\",\"@id\":\"https:\/\/legrandcontinent.eu\/es\/#\/schema\/person\/cdd782c93d4a9eda86ab19a8c01cdf5c\",\"name\":\"florent\",\"image\":{\"@type\":\"ImageObject\",\"inLanguage\":\"es\",\"@id\":\"https:\/\/legrandcontinent.eu\/es\/#\/schema\/person\/image\/\",\"url\":\"https:\/\/secure.gravatar.com\/avatar\/0d38d78c90602daf39b309035cdac6bc?s=96&d=mm&r=g\",\"contentUrl\":\"https:\/\/secure.gravatar.com\/avatar\/0d38d78c90602daf39b309035cdac6bc?s=96&d=mm&r=g\",\"caption\":\"florent\"}}]}<\/script>\n<!-- \/ Yoast SEO plugin. -->","yoast_head_json":{"title":"Planificaci\u00f3n ecol\u00f3gica: \u00bfvamos a quedarnos sin materiales cr\u00edticos para la transici\u00f3n energ\u00e9tica? - El Grand Continent","robots":{"index":"index","follow":"follow","max-snippet":"max-snippet:-1","max-image-preview":"max-image-preview:large","max-video-preview":"max-video-preview:-1"},"canonical":"https:\/\/legrandcontinent.eu\/es\/2023\/09\/22\/planificacion-ecologica-vamos-a-quedarnos-sin-materiales-criticos-para-la-transicion-energetica\/","og_locale":"es_ES","og_type":"article","og_title":"Planificaci\u00f3n ecol\u00f3gica: \u00bfvamos a quedarnos sin materiales cr\u00edticos para la transici\u00f3n energ\u00e9tica? - El Grand Continent","og_description":"El Gobierno franc\u00e9s detall\u00f3 ayer las medidas de su plan denominado de \"planificaci\u00f3n ecol\u00f3gica\". Adem\u00e1s de las cuestiones de financiaci\u00f3n y aplicaci\u00f3n pol\u00edtica, la transici\u00f3n energ\u00e9tica podr\u00eda toparse con l\u00edmites tecnol\u00f3gicos.","og_url":"https:\/\/legrandcontinent.eu\/es\/2023\/09\/22\/planificacion-ecologica-vamos-a-quedarnos-sin-materiales-criticos-para-la-transicion-energetica\/","og_site_name":"El Grand Continent","article_published_time":"2023-09-22T04:00:00+00:00","article_modified_time":"2023-09-22T11:58:59+00:00","og_image":[{"width":1450,"height":1004,"url":"https:\/\/legrandcontinent.eu\/es\/wp-content\/uploads\/sites\/6\/2023\/09\/gc-elmaterialescriticos.jpg","type":"image\/jpeg"}],"author":"florent","twitter_card":"summary_large_image","twitter_image":"https:\/\/legrandcontinent.eu\/es\/wp-content\/uploads\/sites\/6\/2023\/09\/gc-elmaterialescriticos.jpg","twitter_misc":{"Escrito por":"florent","Tiempo de lectura":"2 minutos"},"schema":{"@context":"https:\/\/schema.org","@graph":[{"@type":"WebPage","@id":"https:\/\/legrandcontinent.eu\/es\/2023\/09\/22\/planificacion-ecologica-vamos-a-quedarnos-sin-materiales-criticos-para-la-transicion-energetica\/","url":"https:\/\/legrandcontinent.eu\/es\/2023\/09\/22\/planificacion-ecologica-vamos-a-quedarnos-sin-materiales-criticos-para-la-transicion-energetica\/","name":"Planificaci\u00f3n ecol\u00f3gica: \u00bfvamos a quedarnos sin materiales cr\u00edticos para la transici\u00f3n energ\u00e9tica? - El Grand Continent","isPartOf":{"@id":"https:\/\/legrandcontinent.eu\/es\/#website"},"primaryImageOfPage":{"@id":"https:\/\/legrandcontinent.eu\/es\/2023\/09\/22\/planificacion-ecologica-vamos-a-quedarnos-sin-materiales-criticos-para-la-transicion-energetica\/#primaryimage"},"image":{"@id":"https:\/\/legrandcontinent.eu\/es\/2023\/09\/22\/planificacion-ecologica-vamos-a-quedarnos-sin-materiales-criticos-para-la-transicion-energetica\/#primaryimage"},"thumbnailUrl":"https:\/\/legrandcontinent.eu\/es\/wp-content\/uploads\/sites\/6\/2023\/09\/gc-elmaterialescriticos.jpg","datePublished":"2023-09-22T04:00:00+00:00","dateModified":"2023-09-22T11:58:59+00:00","author":{"@id":"https:\/\/legrandcontinent.eu\/es\/#\/schema\/person\/cdd782c93d4a9eda86ab19a8c01cdf5c"},"breadcrumb":{"@id":"https:\/\/legrandcontinent.eu\/es\/2023\/09\/22\/planificacion-ecologica-vamos-a-quedarnos-sin-materiales-criticos-para-la-transicion-energetica\/#breadcrumb"},"inLanguage":"es","potentialAction":[{"@type":"ReadAction","target":["https:\/\/legrandcontinent.eu\/es\/2023\/09\/22\/planificacion-ecologica-vamos-a-quedarnos-sin-materiales-criticos-para-la-transicion-energetica\/"]}]},{"@type":"ImageObject","inLanguage":"es","@id":"https:\/\/legrandcontinent.eu\/es\/2023\/09\/22\/planificacion-ecologica-vamos-a-quedarnos-sin-materiales-criticos-para-la-transicion-energetica\/#primaryimage","url":"https:\/\/legrandcontinent.eu\/es\/wp-content\/uploads\/sites\/6\/2023\/09\/gc-elmaterialescriticos.jpg","contentUrl":"https:\/\/legrandcontinent.eu\/es\/wp-content\/uploads\/sites\/6\/2023\/09\/gc-elmaterialescriticos.jpg","width":1450,"height":1004},{"@type":"BreadcrumbList","@id":"https:\/\/legrandcontinent.eu\/es\/2023\/09\/22\/planificacion-ecologica-vamos-a-quedarnos-sin-materiales-criticos-para-la-transicion-energetica\/#breadcrumb","itemListElement":[{"@type":"ListItem","position":1,"name":"Home","item":"https:\/\/legrandcontinent.eu\/es\/"},{"@type":"ListItem","position":2,"name":"Planificaci\u00f3n ecol\u00f3gica: \u00bfvamos a quedarnos sin materiales cr\u00edticos para la transici\u00f3n energ\u00e9tica?"}]},{"@type":"WebSite","@id":"https:\/\/legrandcontinent.eu\/es\/#website","url":"https:\/\/legrandcontinent.eu\/es\/","name":"El Grand Continent","description":"La escala pertinente","potentialAction":[{"@type":"SearchAction","target":{"@type":"EntryPoint","urlTemplate":"https:\/\/legrandcontinent.eu\/es\/?s={search_term_string}"},"query-input":{"@type":"PropertyValueSpecification","valueRequired":true,"valueName":"search_term_string"}}],"inLanguage":"es"},{"@type":"Person","@id":"https:\/\/legrandcontinent.eu\/es\/#\/schema\/person\/cdd782c93d4a9eda86ab19a8c01cdf5c","name":"florent","image":{"@type":"ImageObject","inLanguage":"es","@id":"https:\/\/legrandcontinent.eu\/es\/#\/schema\/person\/image\/","url":"https:\/\/secure.gravatar.com\/avatar\/0d38d78c90602daf39b309035cdac6bc?s=96&d=mm&r=g","contentUrl":"https:\/\/secure.gravatar.com\/avatar\/0d38d78c90602daf39b309035cdac6bc?s=96&d=mm&r=g","caption":"florent"}}]}},"lgc_categories":[{"id":522,"name":"Los datos que lo cambian todo","slug":"los-datos-que-lo-cambian-todo"}],"lgc_author":null,"feature_image_summary":{"url":"https:\/\/legrandcontinent.eu\/es\/wp-content\/uploads\/sites\/6\/2023\/09\/gc-elmaterialescriticos.jpg","width":1450,"height":1004,"alt":""},"feature_image_cover":null,"term_position_data":null,"_links":{"self":[{"href":"https:\/\/legrandcontinent.eu\/es\/wp-json\/wp\/v2\/posts\/23202","targetHints":{"allow":["GET"]}}],"collection":[{"href":"https:\/\/legrandcontinent.eu\/es\/wp-json\/wp\/v2\/posts"}],"about":[{"href":"https:\/\/legrandcontinent.eu\/es\/wp-json\/wp\/v2\/types\/post"}],"author":[{"embeddable":true,"href":"https:\/\/legrandcontinent.eu\/es\/wp-json\/wp\/v2\/users\/1366"}],"replies":[{"embeddable":true,"href":"https:\/\/legrandcontinent.eu\/es\/wp-json\/wp\/v2\/comments?post=23202"}],"version-history":[{"count":0,"href":"https:\/\/legrandcontinent.eu\/es\/wp-json\/wp\/v2\/posts\/23202\/revisions"}],"wp:featuredmedia":[{"embeddable":true,"href":"https:\/\/legrandcontinent.eu\/es\/wp-json\/wp\/v2\/media\/23203"}],"wp:attachment":[{"href":"https:\/\/legrandcontinent.eu\/es\/wp-json\/wp\/v2\/media?parent=23202"}],"wp:term":[{"taxonomy":"category","embeddable":true,"href":"https:\/\/legrandcontinent.eu\/es\/wp-json\/wp\/v2\/categories?post=23202"},{"taxonomy":"post_tag","embeddable":true,"href":"https:\/\/legrandcontinent.eu\/es\/wp-json\/wp\/v2\/tags?post=23202"},{"taxonomy":"staff","embeddable":true,"href":"https:\/\/legrandcontinent.eu\/es\/wp-json\/wp\/v2\/staff?post=23202"},{"taxonomy":"editorial_format","embeddable":true,"href":"https:\/\/legrandcontinent.eu\/es\/wp-json\/wp\/v2\/editorial_format?post=23202"},{"taxonomy":"serie","embeddable":true,"href":"https:\/\/legrandcontinent.eu\/es\/wp-json\/wp\/v2\/serie?post=23202"},{"taxonomy":"audience","embeddable":true,"href":"https:\/\/legrandcontinent.eu\/es\/wp-json\/wp\/v2\/audience?post=23202"},{"taxonomy":"geo","embeddable":true,"href":"https:\/\/legrandcontinent.eu\/es\/wp-json\/wp\/v2\/geo?post=23202"}],"curies":[{"name":"wp","href":"https:\/\/api.w.org\/{rel}","templated":true}]}}