{"id":22516,"date":"2023-09-09T17:05:28","date_gmt":"2023-09-09T16:05:28","guid":{"rendered":"https:\/\/legrandcontinent.eu\/es\/?p=22516"},"modified":"2023-09-09T17:05:31","modified_gmt":"2023-09-09T16:05:31","slug":"bharat-en-la-cumbre-del-g20-en-india-realmente-modi-acaba-de-cambiar-el-nombre-de-su-pais","status":"publish","type":"post","link":"https:\/\/legrandcontinent.eu\/es\/2023\/09\/09\/bharat-en-la-cumbre-del-g20-en-india-realmente-modi-acaba-de-cambiar-el-nombre-de-su-pais\/","title":{"rendered":"Bharat: en la cumbre del G20 en India, \u00bfrealmente Modi acaba de cambiar el nombre de su pa\u00eds?"},"content":{"rendered":"\n<p>Durante la inauguraci\u00f3n de la cumbre del G20 organizada por la India en Nueva Delhi, el primer ministro indio, Narendra Modi, habl\u00f3 delante de un cartel que se refer\u00eda a su pa\u00eds como Bharat.<\/p>\n\n\n\n<figure class=\"wp-block-embed is-type-rich is-provider-twitter wp-block-embed-twitter\"><div class=\"wp-block-embed__wrapper\">\n<blockquote class=\"twitter-tweet\" data-width=\"550\" data-dnt=\"true\"><p lang=\"en\" dir=\"ltr\">Honoured to welcome the African Union as a permanent member of the G20 Family. This will strengthen the G20 and also strengthen the voice of the Global South. <a href=\"https:\/\/t.co\/fQQvNEA17o\">pic.twitter.com\/fQQvNEA17o<\/a><\/p>&mdash; Narendra Modi (@narendramodi) <a href=\"https:\/\/twitter.com\/narendramodi\/status\/1700390847693402198?ref_src=twsrc%5Etfw\">September 9, 2023<\/a><\/blockquote><script async src=\"https:\/\/platform.twitter.com\/widgets.js\" charset=\"utf-8\"><\/script>\n<\/div><\/figure>\n\n\n\n<p>En v\u00edsperas de la cumbre, una invitaci\u00f3n a cenar enviada por las autoridades indias el martes 5 de septiembre a los l\u00edderes visitantes de los pa\u00edses del G20 describ\u00eda a Droupadi Murmu como \u00abPresidenta de Bharat\u00bb en lugar de \u00abPresidenta de India\u00bb.<\/p>\n\n\n\n<p>Mohan Bhagwat, jefe de la Rashtriya Swayamsevak Sangh, organizaci\u00f3n paramilitar india con 6 millones de miembros muy influyente en la derecha hind\u00fa y de la que Modi fue miembro de alto rango, hab\u00eda declarado el 3 de septiembre: \u00abNuestro pa\u00eds se conoce como &#8216;Bharat&#8217; desde hace siglos. Sea cual sea el idioma, el nombre sigue siendo el mismo. No tenemos que preocuparnos de si los de fuera lo entender\u00e1n o no. Si quieren, lo har\u00e1n, pero ese no es nuestro problema\u00bb&nbsp;<span class='whitespace-nowrap'><span id='easy-footnote-1-22516' class='easy-footnote-margin-adjust'><\/span><span class='easy-footnote'><a href='https:\/\/legrandcontinent.eu\/es\/2023\/09\/09\/bharat-en-la-cumbre-del-g20-en-india-realmente-modi-acaba-de-cambiar-el-nombre-de-su-pais\/#easy-footnote-bottom-1-22516' title='Ishita Mishra, \u00ab\u00a0&lt;a href=&quot;https:\/\/www.thehindu.com\/news\/national\/mohan-bhagwat-asks-people-to-use-name-bharat-instead-of-india\/article67273901.ece&quot; target=&quot;_blank&quot; rel=&quot;noreferrer noopener&quot;&gt;RSS chief Mohan Bhagwat asks people to use name \u2018Bharat\u2019 instead of India&lt;\/a&gt;\u00a0\u00bb,\u00a0&lt;em&gt;The Hindu&lt;\/em&gt;, 5 de septiembre de 2023.'><sup>1<\/sup><\/a><\/span><\/span>.<\/p>\n\n\n\n<div class=\"iframe-container wp-block-image wp-block-image-medium  iframe-dw\">\n\t<div>\n\t\t<iframe class=\"absolute w-full h-full pin-t pin-l\" title=\"titolo\" aria-label=\"Interactive line chart\" src=\"\/\/datawrapper.dwcdn.net\/tl6RV\/\" scrolling=\"no\" frameborder=\"0\"><\/iframe>\n\t<\/div>\n<\/div>\n\n\n\n<p>\u00bfQu\u00e9 significa Bharat?<\/p>\n\n\n\n<ul class=\"wp-block-list\">\n<li>Bharat significa literalmente India. La expresi\u00f3n se encuentra en el <em>bharat natyam<\/em> (danza tradicional india) o en la epopeya s\u00e1nscrita <em>Mahabharata<\/em> (la \u00abGran Guerra de los Bharata\u00bb, es decir, los descendientes del legendario emperador <em>Bharat<\/em>).<\/li>\n<\/ul>\n\n\n\n<ul class=\"wp-block-list\">\n<li>En las lenguas indias derivadas del s\u00e1nscrito (a excepci\u00f3n del tamil), el nombre del pa\u00eds es Bharat. El t\u00e9rmino, utilizado en el art\u00edculo 1 de la Constituci\u00f3n&nbsp;<span class='whitespace-nowrap'><span id='easy-footnote-2-22516' class='easy-footnote-margin-adjust'><\/span><span class='easy-footnote'><a href='https:\/\/legrandcontinent.eu\/es\/2023\/09\/09\/bharat-en-la-cumbre-del-g20-en-india-realmente-modi-acaba-de-cambiar-el-nombre-de-su-pais\/#easy-footnote-bottom-2-22516' title='En su versi\u00f3n inglesa: \u00ab\u00a01. Name and territory of the Union.\u2014(1) India, that is Bharat, shall be a Union of States.\u00a0\u00bb'><sup>2<\/sup><\/a><\/span><\/span>, tambi\u00e9n es de uso com\u00fan. Pero tambi\u00e9n es un nombre con carga pol\u00edtica para el pa\u00eds, especialmente popular entre los nacionalistas hind\u00faes.<\/li>\n<\/ul>\n\n\n\n<p>Si decidiera cambiar formalmente su nombre por el de Bharat, India seguir\u00eda los pasos de una serie de pa\u00edses asi\u00e1ticos que han cambiado sus nombres coloniales, como Ceil\u00e1n por Sri Lanka en 1972 y Birmania por Myanmar entre 1989 y 2010.<\/p>\n\n\n\n<p>Este nombre, fuertemente apoyado por los nacionalistas hind\u00faes del Bharatiya Janata Party (BJP), el partido gobernante de Modi, refleja un rechazo de la herencia colonial del pa\u00eds -aunque el t\u00e9rmino \u00abIndia\u00bb se utilizaba ampliamente antes de que los brit\u00e1nicos conquistaran el subcontinente- y, m\u00e1s fundamentalmente, representa su l\u00ednea pol\u00edtica, encarnada en el mantra del gobierno de Modi: <em>Atmanirbhar<\/em> <em>Bharat<\/em> (\u00abIndia autosuficiente\u00bb).<\/p>\n\n\n\n<ul class=\"wp-block-list\">\n<li>Aunque este t\u00e9rmino no significa una pol\u00edtica proteccionista, como el Primer Ministro se empe\u00f1a en se\u00f1alar, s\u00ed significa aumentar el lugar de la India en la econom\u00eda mundial aprovechando sus propios puntos fuertes. En \u00faltima instancia, el Gobierno quiere garantizar la autonom\u00eda de su pa\u00eds y su econom\u00eda concediendo gran importancia a su soberan\u00eda, incluida su soberan\u00eda digital.<\/li>\n<\/ul>\n\n\n\n<ul class=\"wp-block-list\">\n<li>Como se\u00f1ala en nuestras p\u00e1ginas Raja Mohan, uno de los principales expertos en pol\u00edtica exterior india: \u00abCuriosamente, el planteamiento indio se ajusta al concepto de autonom\u00eda estrat\u00e9gica, aunque sobre una base muy diferente a la de la Uni\u00f3n. Mientras que Europa trata de desarrollar la autonom\u00eda estrat\u00e9gica en relaci\u00f3n con Estados Unidos, India pretende alcanzarla en relaci\u00f3n con Rusia\u00bb.<\/li>\n<\/ul>\n\n\n\n<p>Modi a\u00fan no ha indicado que tenga previsto cambiar oficialmente el nombre del pa\u00eds por el de Bharat. Por su parte, Subrahmanyam Jaishankar, ministro indio de Asuntos Exteriores, declar\u00f3: \u00abIndia es Bharat, est\u00e1 en la Constituci\u00f3n. Invito a todo el mundo a leerla\u00bb.<\/p>\n\n\n\n<p>Los l\u00edderes pol\u00edticos de la oposici\u00f3n criticaron el uso del nombre Bharat. Cabe se\u00f1alar que su plataforma com\u00fan se conoce como Alianza Nacional para el Desarrollo Inclusivo de la India -o INDIA, por sus siglas en ingl\u00e9s-. En palabras de Manoj Jha, l\u00edder de la oposici\u00f3n: \u00abNo hace ni unas semanas que bautizamos nuestra alianza como INDIA y el BJP ha empezado a enviar invitaciones con &#8216;Rep\u00fablica de Bharat&#8217; en lugar de &#8216;Rep\u00fablica de la India'\u00bb.<\/p>\n\n\n\n<figure class=\"wp-block-embed is-type-rich is-provider-twitter wp-block-embed-twitter\"><div class=\"wp-block-embed__wrapper\">\n<blockquote class=\"twitter-tweet\" data-width=\"550\" data-dnt=\"true\"><p lang=\"en\" dir=\"ltr\"><a href=\"https:\/\/twitter.com\/hashtag\/WATCH?src=hash&amp;ref_src=twsrc%5Etfw\">#WATCH<\/a> | On Congress leader Jairam Ramesh&#39;s claim that invitations to a G20 Summit dinner at Rashtrapati Bhawan sent in the name of \u2018President of Bharat\u2019, RJD MP Manoj Jha says, &quot;&#8230;It has just been a few weeks since we named our alliance as INDIA and BJP has started sending\u2026 <a href=\"https:\/\/t.co\/wCs5WCwRAB\">pic.twitter.com\/wCs5WCwRAB<\/a><\/p>&mdash; ANI (@ANI) <a href=\"https:\/\/twitter.com\/ANI\/status\/1698955350278652292?ref_src=twsrc%5Etfw\">September 5, 2023<\/a><\/blockquote><script async src=\"https:\/\/platform.twitter.com\/widgets.js\" charset=\"utf-8\"><\/script>\n<\/div><\/figure>\n\n\n\n<p>Varias fuentes indias creen que el BJP podr\u00eda proponer este cambio en una pr\u00f3xima sesi\u00f3n del Parlamento Federal, de aqu\u00ed a finales de septiembre.<\/p>\n\n\n\n<p>Como explica Christophe Jaffrelot en <a href=\"https:\/\/legrandcontinent.eu\/es\/2023\/07\/14\/acoger-a-modi-equivale-a-reforzar-a-un-lider-autoritario-una-conversacion-con-christophe-jaffrelot\/\">nuestras p\u00e1ginas<\/a>: \u00abEl \u00fanico programa del BJP es Narendra Modi. Modi siempre encuentra asuntos y temas que marcan la diferencia. En 2019, fue el atentado de Pulwama, el ataque contra una columna de soldados indios que se dirig\u00edan a Cachemira. Este ataque islamista mat\u00f3 a cincuenta personas y provoc\u00f3 ataques a\u00e9reos contra Pakist\u00e1n en respuesta. Las elecciones se ganaron sobre esa base, sobre el tema de Modi protegiendo a los hind\u00faes\u00bb.<\/p>\n\n\n\n<p>Por lo tanto, es posible que con este cambio de nombre, Modi haya encontrado uno de los temas para la campa\u00f1a electoral de cara a las elecciones de abril y mayo de 2024.<\/p>\n","protected":false},"excerpt":{"rendered":"<p>En la cumbre del G20 en Nueva Delhi, el Primer Ministro indio, Narendra Modi, habl\u00f3 delante de un cartel en el que se refer\u00eda a su pa\u00eds como Bharat. Aunque por el momento no se trata de un cambio formal, ni de una verdadera novedad, este gesto merece entenderse en el contexto de la pol\u00edtica interna de la India, donde el l\u00edder del BJP busca identificar el tema movilizador de las elecciones de 2024, en las que se opondr\u00e1 a una alianza llamada INDIA.<\/p>\n","protected":false},"author":1366,"featured_media":22508,"comment_status":"closed","ping_status":"closed","sticky":false,"template":"templates\/post-briefings.php","format":"standard","meta":{"_acf_changed":false,"_trash_the_other_posts":false,"_yoast_wpseo_estimated-reading-time-minutes":0,"footnotes":""},"categories":[638],"tags":[],"staff":[],"editorial_format":[],"serie":[],"audience":[],"geo":[197],"class_list":["post-22516","post","type-post","status-publish","format-standard","hentry","category-g20-en-india-el-gran-contexto","geo-asia-oriental"],"acf":{"open_in_webview":false,"accent":false},"yoast_head":"<!-- This site is optimized with the Yoast SEO plugin v26.1.1 - https:\/\/yoast.com\/wordpress\/plugins\/seo\/ -->\n<title>Bharat: en la cumbre del G20 en India, \u00bfrealmente Modi acaba de cambiar el nombre de su pa\u00eds? - El Grand Continent<\/title>\n<meta name=\"robots\" content=\"index, follow, max-snippet:-1, max-image-preview:large, max-video-preview:-1\" \/>\n<link rel=\"canonical\" href=\"https:\/\/legrandcontinent.eu\/es\/2023\/09\/09\/bharat-en-la-cumbre-del-g20-en-india-realmente-modi-acaba-de-cambiar-el-nombre-de-su-pais\/\" \/>\n<meta property=\"og:locale\" content=\"es_ES\" \/>\n<meta property=\"og:type\" content=\"article\" \/>\n<meta property=\"og:title\" content=\"Bharat: en la cumbre del G20 en India, \u00bfrealmente Modi acaba de cambiar el nombre de su pa\u00eds? - El Grand Continent\" \/>\n<meta property=\"og:description\" content=\"En la cumbre del G20 en Nueva Delhi, el Primer Ministro indio, Narendra Modi, habl\u00f3 delante de un cartel en el que se refer\u00eda a su pa\u00eds como Bharat. Aunque por el momento no se trata de un cambio formal, ni de una verdadera novedad, este gesto merece entenderse en el contexto de la pol\u00edtica interna de la India, donde el l\u00edder del BJP busca identificar el tema movilizador de las elecciones de 2024, en las que se opondr\u00e1 a una alianza llamada INDIA.\" \/>\n<meta property=\"og:url\" content=\"https:\/\/legrandcontinent.eu\/es\/2023\/09\/09\/bharat-en-la-cumbre-del-g20-en-india-realmente-modi-acaba-de-cambiar-el-nombre-de-su-pais\/\" \/>\n<meta property=\"og:site_name\" content=\"El Grand Continent\" \/>\n<meta property=\"article:published_time\" content=\"2023-09-09T16:05:28+00:00\" \/>\n<meta property=\"article:modified_time\" content=\"2023-09-09T16:05:31+00:00\" \/>\n<meta property=\"og:image\" content=\"https:\/\/legrandcontinent.eu\/es\/wp-content\/uploads\/sites\/6\/2023\/09\/gc-elbharat-scaled.jpg\" \/>\n\t<meta property=\"og:image:width\" content=\"2560\" \/>\n\t<meta property=\"og:image:height\" content=\"1440\" \/>\n\t<meta property=\"og:image:type\" content=\"image\/jpeg\" \/>\n<meta name=\"author\" content=\"florent\" \/>\n<meta name=\"twitter:card\" content=\"summary_large_image\" \/>\n<meta name=\"twitter:image\" content=\"https:\/\/legrandcontinent.eu\/es\/wp-content\/uploads\/sites\/6\/2023\/09\/gc-elbharat-scaled.jpg\" \/>\n<meta name=\"twitter:label1\" content=\"Escrito por\" \/>\n\t<meta name=\"twitter:data1\" content=\"florent\" \/>\n\t<meta name=\"twitter:label2\" content=\"Tiempo de lectura\" \/>\n\t<meta name=\"twitter:data2\" content=\"4 minutos\" \/>\n<script type=\"application\/ld+json\" class=\"yoast-schema-graph\">{\"@context\":\"https:\/\/schema.org\",\"@graph\":[{\"@type\":\"WebPage\",\"@id\":\"https:\/\/legrandcontinent.eu\/es\/2023\/09\/09\/bharat-en-la-cumbre-del-g20-en-india-realmente-modi-acaba-de-cambiar-el-nombre-de-su-pais\/\",\"url\":\"https:\/\/legrandcontinent.eu\/es\/2023\/09\/09\/bharat-en-la-cumbre-del-g20-en-india-realmente-modi-acaba-de-cambiar-el-nombre-de-su-pais\/\",\"name\":\"Bharat: en la cumbre del G20 en India, \u00bfrealmente Modi acaba de cambiar el nombre de su pa\u00eds? - El Grand Continent\",\"isPartOf\":{\"@id\":\"https:\/\/legrandcontinent.eu\/es\/#website\"},\"primaryImageOfPage\":{\"@id\":\"https:\/\/legrandcontinent.eu\/es\/2023\/09\/09\/bharat-en-la-cumbre-del-g20-en-india-realmente-modi-acaba-de-cambiar-el-nombre-de-su-pais\/#primaryimage\"},\"image\":{\"@id\":\"https:\/\/legrandcontinent.eu\/es\/2023\/09\/09\/bharat-en-la-cumbre-del-g20-en-india-realmente-modi-acaba-de-cambiar-el-nombre-de-su-pais\/#primaryimage\"},\"thumbnailUrl\":\"https:\/\/legrandcontinent.eu\/es\/wp-content\/uploads\/sites\/2\/2023\/09\/SIPA_01126073_000036-scaled.jpg\",\"datePublished\":\"2023-09-09T16:05:28+00:00\",\"dateModified\":\"2023-09-09T16:05:31+00:00\",\"author\":{\"@id\":\"https:\/\/legrandcontinent.eu\/es\/#\/schema\/person\/cdd782c93d4a9eda86ab19a8c01cdf5c\"},\"breadcrumb\":{\"@id\":\"https:\/\/legrandcontinent.eu\/es\/2023\/09\/09\/bharat-en-la-cumbre-del-g20-en-india-realmente-modi-acaba-de-cambiar-el-nombre-de-su-pais\/#breadcrumb\"},\"inLanguage\":\"es\",\"potentialAction\":[{\"@type\":\"ReadAction\",\"target\":[\"https:\/\/legrandcontinent.eu\/es\/2023\/09\/09\/bharat-en-la-cumbre-del-g20-en-india-realmente-modi-acaba-de-cambiar-el-nombre-de-su-pais\/\"]}]},{\"@type\":\"ImageObject\",\"inLanguage\":\"es\",\"@id\":\"https:\/\/legrandcontinent.eu\/es\/2023\/09\/09\/bharat-en-la-cumbre-del-g20-en-india-realmente-modi-acaba-de-cambiar-el-nombre-de-su-pais\/#primaryimage\",\"url\":\"https:\/\/legrandcontinent.eu\/es\/wp-content\/uploads\/sites\/2\/2023\/09\/SIPA_01126073_000036-scaled.jpg\",\"contentUrl\":\"https:\/\/legrandcontinent.eu\/es\/wp-content\/uploads\/sites\/2\/2023\/09\/SIPA_01126073_000036-scaled.jpg\",\"width\":1707,\"height\":2560,\"caption\":\"India's Prime Minister Narendra Modi speaks during the first session of the G20 Leaders' Summit at the Bharat Mandapam in New Delhi on September 9, 2023. (Photo by Ludovic MARIN \/ POOL \/ )\/\/04SIPA_SIPA01749\/Credit:LUDOVIC MARIN-POOL\/SIPA\/2309091139\"},{\"@type\":\"BreadcrumbList\",\"@id\":\"https:\/\/legrandcontinent.eu\/es\/2023\/09\/09\/bharat-en-la-cumbre-del-g20-en-india-realmente-modi-acaba-de-cambiar-el-nombre-de-su-pais\/#breadcrumb\",\"itemListElement\":[{\"@type\":\"ListItem\",\"position\":1,\"name\":\"Home\",\"item\":\"https:\/\/legrandcontinent.eu\/es\/\"},{\"@type\":\"ListItem\",\"position\":2,\"name\":\"Bharat: en la cumbre del G20 en India, \u00bfrealmente Modi acaba de cambiar el nombre de su pa\u00eds?\"}]},{\"@type\":\"WebSite\",\"@id\":\"https:\/\/legrandcontinent.eu\/es\/#website\",\"url\":\"https:\/\/legrandcontinent.eu\/es\/\",\"name\":\"El Grand Continent\",\"description\":\"La escala pertinente\",\"potentialAction\":[{\"@type\":\"SearchAction\",\"target\":{\"@type\":\"EntryPoint\",\"urlTemplate\":\"https:\/\/legrandcontinent.eu\/es\/?s={search_term_string}\"},\"query-input\":{\"@type\":\"PropertyValueSpecification\",\"valueRequired\":true,\"valueName\":\"search_term_string\"}}],\"inLanguage\":\"es\"},{\"@type\":\"Person\",\"@id\":\"https:\/\/legrandcontinent.eu\/es\/#\/schema\/person\/cdd782c93d4a9eda86ab19a8c01cdf5c\",\"name\":\"florent\",\"image\":{\"@type\":\"ImageObject\",\"inLanguage\":\"es\",\"@id\":\"https:\/\/legrandcontinent.eu\/es\/#\/schema\/person\/image\/\",\"url\":\"https:\/\/secure.gravatar.com\/avatar\/0d38d78c90602daf39b309035cdac6bc?s=96&d=mm&r=g\",\"contentUrl\":\"https:\/\/secure.gravatar.com\/avatar\/0d38d78c90602daf39b309035cdac6bc?s=96&d=mm&r=g\",\"caption\":\"florent\"}}]}<\/script>\n<!-- \/ Yoast SEO plugin. -->","yoast_head_json":{"title":"Bharat: en la cumbre del G20 en India, \u00bfrealmente Modi acaba de cambiar el nombre de su pa\u00eds? - El Grand Continent","robots":{"index":"index","follow":"follow","max-snippet":"max-snippet:-1","max-image-preview":"max-image-preview:large","max-video-preview":"max-video-preview:-1"},"canonical":"https:\/\/legrandcontinent.eu\/es\/2023\/09\/09\/bharat-en-la-cumbre-del-g20-en-india-realmente-modi-acaba-de-cambiar-el-nombre-de-su-pais\/","og_locale":"es_ES","og_type":"article","og_title":"Bharat: en la cumbre del G20 en India, \u00bfrealmente Modi acaba de cambiar el nombre de su pa\u00eds? - El Grand Continent","og_description":"En la cumbre del G20 en Nueva Delhi, el Primer Ministro indio, Narendra Modi, habl\u00f3 delante de un cartel en el que se refer\u00eda a su pa\u00eds como Bharat. Aunque por el momento no se trata de un cambio formal, ni de una verdadera novedad, este gesto merece entenderse en el contexto de la pol\u00edtica interna de la India, donde el l\u00edder del BJP busca identificar el tema movilizador de las elecciones de 2024, en las que se opondr\u00e1 a una alianza llamada INDIA.","og_url":"https:\/\/legrandcontinent.eu\/es\/2023\/09\/09\/bharat-en-la-cumbre-del-g20-en-india-realmente-modi-acaba-de-cambiar-el-nombre-de-su-pais\/","og_site_name":"El Grand Continent","article_published_time":"2023-09-09T16:05:28+00:00","article_modified_time":"2023-09-09T16:05:31+00:00","og_image":[{"width":2560,"height":1440,"url":"https:\/\/legrandcontinent.eu\/es\/wp-content\/uploads\/sites\/6\/2023\/09\/gc-elbharat-scaled.jpg","type":"image\/jpeg"}],"author":"florent","twitter_card":"summary_large_image","twitter_image":"https:\/\/legrandcontinent.eu\/es\/wp-content\/uploads\/sites\/6\/2023\/09\/gc-elbharat-scaled.jpg","twitter_misc":{"Escrito por":"florent","Tiempo de lectura":"4 minutos"},"schema":{"@context":"https:\/\/schema.org","@graph":[{"@type":"WebPage","@id":"https:\/\/legrandcontinent.eu\/es\/2023\/09\/09\/bharat-en-la-cumbre-del-g20-en-india-realmente-modi-acaba-de-cambiar-el-nombre-de-su-pais\/","url":"https:\/\/legrandcontinent.eu\/es\/2023\/09\/09\/bharat-en-la-cumbre-del-g20-en-india-realmente-modi-acaba-de-cambiar-el-nombre-de-su-pais\/","name":"Bharat: en la cumbre del G20 en India, \u00bfrealmente Modi acaba de cambiar el nombre de su pa\u00eds? - El Grand Continent","isPartOf":{"@id":"https:\/\/legrandcontinent.eu\/es\/#website"},"primaryImageOfPage":{"@id":"https:\/\/legrandcontinent.eu\/es\/2023\/09\/09\/bharat-en-la-cumbre-del-g20-en-india-realmente-modi-acaba-de-cambiar-el-nombre-de-su-pais\/#primaryimage"},"image":{"@id":"https:\/\/legrandcontinent.eu\/es\/2023\/09\/09\/bharat-en-la-cumbre-del-g20-en-india-realmente-modi-acaba-de-cambiar-el-nombre-de-su-pais\/#primaryimage"},"thumbnailUrl":"https:\/\/legrandcontinent.eu\/es\/wp-content\/uploads\/sites\/2\/2023\/09\/SIPA_01126073_000036-scaled.jpg","datePublished":"2023-09-09T16:05:28+00:00","dateModified":"2023-09-09T16:05:31+00:00","author":{"@id":"https:\/\/legrandcontinent.eu\/es\/#\/schema\/person\/cdd782c93d4a9eda86ab19a8c01cdf5c"},"breadcrumb":{"@id":"https:\/\/legrandcontinent.eu\/es\/2023\/09\/09\/bharat-en-la-cumbre-del-g20-en-india-realmente-modi-acaba-de-cambiar-el-nombre-de-su-pais\/#breadcrumb"},"inLanguage":"es","potentialAction":[{"@type":"ReadAction","target":["https:\/\/legrandcontinent.eu\/es\/2023\/09\/09\/bharat-en-la-cumbre-del-g20-en-india-realmente-modi-acaba-de-cambiar-el-nombre-de-su-pais\/"]}]},{"@type":"ImageObject","inLanguage":"es","@id":"https:\/\/legrandcontinent.eu\/es\/2023\/09\/09\/bharat-en-la-cumbre-del-g20-en-india-realmente-modi-acaba-de-cambiar-el-nombre-de-su-pais\/#primaryimage","url":"https:\/\/legrandcontinent.eu\/es\/wp-content\/uploads\/sites\/2\/2023\/09\/SIPA_01126073_000036-scaled.jpg","contentUrl":"https:\/\/legrandcontinent.eu\/es\/wp-content\/uploads\/sites\/2\/2023\/09\/SIPA_01126073_000036-scaled.jpg","width":1707,"height":2560,"caption":"India's Prime Minister Narendra Modi speaks during the first session of the G20 Leaders' Summit at the Bharat Mandapam in New Delhi on September 9, 2023. (Photo by Ludovic MARIN \/ POOL \/ )\/\/04SIPA_SIPA01749\/Credit:LUDOVIC MARIN-POOL\/SIPA\/2309091139"},{"@type":"BreadcrumbList","@id":"https:\/\/legrandcontinent.eu\/es\/2023\/09\/09\/bharat-en-la-cumbre-del-g20-en-india-realmente-modi-acaba-de-cambiar-el-nombre-de-su-pais\/#breadcrumb","itemListElement":[{"@type":"ListItem","position":1,"name":"Home","item":"https:\/\/legrandcontinent.eu\/es\/"},{"@type":"ListItem","position":2,"name":"Bharat: en la cumbre del G20 en India, \u00bfrealmente Modi acaba de cambiar el nombre de su pa\u00eds?"}]},{"@type":"WebSite","@id":"https:\/\/legrandcontinent.eu\/es\/#website","url":"https:\/\/legrandcontinent.eu\/es\/","name":"El Grand Continent","description":"La escala pertinente","potentialAction":[{"@type":"SearchAction","target":{"@type":"EntryPoint","urlTemplate":"https:\/\/legrandcontinent.eu\/es\/?s={search_term_string}"},"query-input":{"@type":"PropertyValueSpecification","valueRequired":true,"valueName":"search_term_string"}}],"inLanguage":"es"},{"@type":"Person","@id":"https:\/\/legrandcontinent.eu\/es\/#\/schema\/person\/cdd782c93d4a9eda86ab19a8c01cdf5c","name":"florent","image":{"@type":"ImageObject","inLanguage":"es","@id":"https:\/\/legrandcontinent.eu\/es\/#\/schema\/person\/image\/","url":"https:\/\/secure.gravatar.com\/avatar\/0d38d78c90602daf39b309035cdac6bc?s=96&d=mm&r=g","contentUrl":"https:\/\/secure.gravatar.com\/avatar\/0d38d78c90602daf39b309035cdac6bc?s=96&d=mm&r=g","caption":"florent"}}]}},"lgc_categories":[{"id":638,"name":"La India de Modi: doctrinas, geopol\u00edtica, rivalidades","slug":"g20-en-india-el-gran-contexto"}],"lgc_author":null,"feature_image_summary":{"url":"https:\/\/legrandcontinent.eu\/es\/wp-content\/uploads\/sites\/2\/2023\/09\/SIPA_01126073_000036-scaled.jpg","width":1707,"height":2560,"alt":""},"feature_image_cover":null,"term_position_data":null,"_links":{"self":[{"href":"https:\/\/legrandcontinent.eu\/es\/wp-json\/wp\/v2\/posts\/22516","targetHints":{"allow":["GET"]}}],"collection":[{"href":"https:\/\/legrandcontinent.eu\/es\/wp-json\/wp\/v2\/posts"}],"about":[{"href":"https:\/\/legrandcontinent.eu\/es\/wp-json\/wp\/v2\/types\/post"}],"author":[{"embeddable":true,"href":"https:\/\/legrandcontinent.eu\/es\/wp-json\/wp\/v2\/users\/1366"}],"replies":[{"embeddable":true,"href":"https:\/\/legrandcontinent.eu\/es\/wp-json\/wp\/v2\/comments?post=22516"}],"version-history":[{"count":0,"href":"https:\/\/legrandcontinent.eu\/es\/wp-json\/wp\/v2\/posts\/22516\/revisions"}],"wp:featuredmedia":[{"embeddable":true,"href":"https:\/\/legrandcontinent.eu\/es\/wp-json\/wp\/v2\/media\/22508"}],"wp:attachment":[{"href":"https:\/\/legrandcontinent.eu\/es\/wp-json\/wp\/v2\/media?parent=22516"}],"wp:term":[{"taxonomy":"category","embeddable":true,"href":"https:\/\/legrandcontinent.eu\/es\/wp-json\/wp\/v2\/categories?post=22516"},{"taxonomy":"post_tag","embeddable":true,"href":"https:\/\/legrandcontinent.eu\/es\/wp-json\/wp\/v2\/tags?post=22516"},{"taxonomy":"staff","embeddable":true,"href":"https:\/\/legrandcontinent.eu\/es\/wp-json\/wp\/v2\/staff?post=22516"},{"taxonomy":"editorial_format","embeddable":true,"href":"https:\/\/legrandcontinent.eu\/es\/wp-json\/wp\/v2\/editorial_format?post=22516"},{"taxonomy":"serie","embeddable":true,"href":"https:\/\/legrandcontinent.eu\/es\/wp-json\/wp\/v2\/serie?post=22516"},{"taxonomy":"audience","embeddable":true,"href":"https:\/\/legrandcontinent.eu\/es\/wp-json\/wp\/v2\/audience?post=22516"},{"taxonomy":"geo","embeddable":true,"href":"https:\/\/legrandcontinent.eu\/es\/wp-json\/wp\/v2\/geo?post=22516"}],"curies":[{"name":"wp","href":"https:\/\/api.w.org\/{rel}","templated":true}]}}