{"id":19854,"date":"2023-07-12T15:55:00","date_gmt":"2023-07-12T14:55:00","guid":{"rendered":"https:\/\/legrandcontinent.eu\/es\/?p=19854"},"modified":"2023-07-12T18:37:37","modified_gmt":"2023-07-12T17:37:37","slug":"hemos-entrado-en-el-antropoceno","status":"publish","type":"post","link":"https:\/\/legrandcontinent.eu\/es\/2023\/07\/12\/hemos-entrado-en-el-antropoceno\/","title":{"rendered":"\u00bfHemos entrado en el Antropoceno?"},"content":{"rendered":"\n<p>La Comisi\u00f3n Internacional de Estratigraf\u00eda (CIE), que forma parte de la Uni\u00f3n Internacional de Ciencias Geol\u00f3gicas (UICG), es la principal instituci\u00f3n que propone la divisi\u00f3n de la historia de la Tierra en eones -la principal subdivisi\u00f3n cronoestratigr\u00e1fica de la escala temporal geol\u00f3gica-, eras, periodos, \u00e9pocas y edades&nbsp;<span class='whitespace-nowrap'><span id='easy-footnote-1-19854' class='easy-footnote-margin-adjust'><\/span><span class='easy-footnote'><a href='https:\/\/legrandcontinent.eu\/es\/2023\/07\/12\/hemos-entrado-en-el-antropoceno\/#easy-footnote-bottom-1-19854' title='&lt;a href=&quot;https:\/\/stratigraphy.org\/ICSchart\/ChronostratChart2023-06.pdf&quot;&gt;International Chronostratigraphic Chart&lt;\/a&gt;, Comisi\u00f3n Internacional de Estratigraf\u00eda, junio de 2023.'><sup>1<\/sup><\/a><\/span><\/span>.<\/p>\n\n\n\n<ul class=\"wp-block-list\">\n<li>Desde la formaci\u00f3n de la Tierra, hace unos 4.500 millones de a\u00f1os, ha habido casi 40 \u00e9pocas diferentes (cuya duraci\u00f3n var\u00eda entre varias decenas de miles y decenas de millones de a\u00f1os).<\/li>\n\n\n\n<li>La entrada de nuestro planeta en la \u00e9poca del Holoceno, en la que nos encontramos actualmente (que comenz\u00f3 hace 11.700 a\u00f1os), fue definida por el descubrimiento de mol\u00e9culas de hidr\u00f3geno atrapadas en el hielo de Groenlandia.<\/li>\n<\/ul>\n\n\n\n<div class=\"iframe-container wp-block-image wp-block-image-medium  iframe-dw\">\n\t<div>\n\t\t<iframe class=\"absolute w-full h-full pin-t pin-l\" title=\"titolo\" aria-label=\"Interactive line chart\" src=\"\/\/datawrapper.dwcdn.net\/PZHQ3\/\" scrolling=\"no\" frameborder=\"0\"><\/iframe>\n\t<\/div>\n<\/div>\n\n\n\n<p>En una conferencia de prensa celebrada el martes 11 de julio, el Grupo de Trabajo sobre el Antropoceno anunci\u00f3 que hab\u00eda seleccionado un yacimiento geol\u00f3gico canadiense, el lago Crawford (en la provincia canadiense de Ontario), como el \u00abclavo de oro\u00bb que indica que la Tierra ha entrado en la \u00e9poca del <a href=\"https:\/\/legrandcontinent.eu\/es\/2023\/05\/21\/introduccion-a-la-metafisica-del-antropoceno\/\">Antropoceno<\/a>&nbsp;<span class='whitespace-nowrap'><span id='easy-footnote-2-19854' class='easy-footnote-margin-adjust'><\/span><span class='easy-footnote'><a href='https:\/\/legrandcontinent.eu\/es\/2023\/07\/12\/hemos-entrado-en-el-antropoceno\/#easy-footnote-bottom-2-19854' title='&lt;a href=&quot;https:\/\/www.anthropocene-curriculum.org\/project\/press-material-gssp-candidate-site-announcement&quot;&gt;Press Material GSSP Candidate Site Announcement&lt;\/a&gt;, Grupo de Trabajo sobre el Antropoceno, 11 de julio de 2023.'><sup>2<\/sup><\/a><\/span><\/span>.<\/p>\n\n\n\n<div class=\"iframe-container wp-block-image wp-block-image-medium  iframe-dw\">\n\t<div>\n\t\t<iframe class=\"absolute w-full h-full pin-t pin-l\" title=\"titolo\" aria-label=\"Interactive line chart\" src=\"\/\/datawrapper.dwcdn.net\/nvDsN\/\" scrolling=\"no\" frameborder=\"0\"><\/iframe>\n\t<\/div>\n<\/div>\n\n\n\n<p>Es uno de los doce lugares seleccionados por su riqueza sedimentaria, lo que indica el inicio de una nueva era geol\u00f3gica.<\/p>\n\n\n\n<ul class=\"wp-block-list\">\n<li>Se dice que el lago Crawford es \u00abmerom\u00edctico\u00bb, lo que significa que la capa inferior de agua (el monimolimnion) no se mezcla con las capas superiores (mixolimnion), lo que limita las perturbaciones.<\/li>\n\n\n\n<li>La acumulaci\u00f3n de sedimentos (varve) en el fondo del lago registra as\u00ed \u00abinformaci\u00f3n precisa sobre el momento en que se depositaron\u00bb y da testimonio de las condiciones ambientales del pasado&nbsp;<span class='whitespace-nowrap'><span id='easy-footnote-3-19854' class='easy-footnote-margin-adjust'><\/span><span class='easy-footnote'><a href='https:\/\/legrandcontinent.eu\/es\/2023\/07\/12\/hemos-entrado-en-el-antropoceno\/#easy-footnote-bottom-3-19854' title='&lt;a href=&quot;https:\/\/www.anthropocene-curriculum.org\/the-geological-anthropocene\/site\/crawford-lake&quot;&gt;Crawford Lake, Canada&lt;\/a&gt;, Grupo de Trabajo sobre el Antropoceno, 11 de mayo de 2022.'><sup>3<\/sup><\/a><\/span><\/span>.<\/li>\n\n\n\n<li>Durante su investigaci\u00f3n, los ge\u00f3logos del Grupo de Trabajo sobre el Antropoceno observaron la presencia de radionucleidos procedentes de pruebas con armas nucleares, rastros de contaminaci\u00f3n industrial (micropl\u00e1sticos, nitr\u00f3geno, mercurio, cenizas vol\u00e1tiles, etc.) y cambios en los tipos de polen de los \u00e1rboles enterrados, que atestiguan la reacci\u00f3n del bosque que bordea el lago al aumento de las temperaturas.<\/li>\n<\/ul>\n\n\n\n<div class=\"iframe-container wp-block-image wp-block-image-medium  iframe-dw\">\n\t<div>\n\t\t<iframe class=\"absolute w-full h-full pin-t pin-l\" title=\"titolo\" aria-label=\"Interactive line chart\" src=\"\/\/datawrapper.dwcdn.net\/9yqSc\/\" scrolling=\"no\" frameborder=\"0\"><\/iframe>\n\t<\/div>\n<\/div>\n\n\n\n<p>Aunque la designaci\u00f3n del lago Crawford como punto de referencia que indica el inicio del Antropoceno es un gran logro para el Grupo de Trabajo, la comunidad cient\u00edfica est\u00e1 dividida ante la apertura de un nuevo periodo geol\u00f3gico con tan poca perspectiva&nbsp;<span class='whitespace-nowrap'><span id='easy-footnote-4-19854' class='easy-footnote-margin-adjust'><\/span><span class='easy-footnote'><a href='https:\/\/legrandcontinent.eu\/es\/2023\/07\/12\/hemos-entrado-en-el-antropoceno\/#easy-footnote-bottom-4-19854' title='Sarah Kaplan, \u00ab&lt;a href=&quot;https:\/\/www.washingtonpost.com\/climate-environment\/2023\/07\/11\/anthropocene-begins-canada-crawford-lake\/?utm_campaign=wp_todays_worldview&amp;amp;utm_medium=email&amp;amp;utm_source=newsletter&amp;amp;wpisrc=nl_todayworld&amp;amp;carta-url=https%3A%2F%2Fs2.washingtonpost.com%2Fcar-ln-tr%2F3a8bc57%2F64ae26df7880cf67428441cb%2F6100031eae7e8a0db1e98a56%2F23%2F65%2F64ae26df7880cf67428441cb&quot;&gt;Crawford Lake shows humans started a new chapter in geologic time, scientists say&lt;\/a&gt;\u00bb, &lt;em&gt;The Washington Post&lt;\/em&gt;, 11 de julio de 2023.'><sup>4<\/sup><\/a><\/span><\/span>. Antes de que pueda ser reconocido, habr\u00e1 que realizar una serie de votaciones para aprobar tres propuestas: el lago Crawford indica el inicio del Antropoceno (cuyo a\u00f1o exacto a\u00fan est\u00e1 por determinar), lo que por tanto pone fin a la \u00e9poca del Holoceno, y los dem\u00e1s lugares no seleccionados para ser los \u00abclavos de oro\u00bb podr\u00edan ayudar a definir el Antropoceno a trav\u00e9s de los entornos geol\u00f3gicos&nbsp;<span class='whitespace-nowrap'><span id='easy-footnote-5-19854' class='easy-footnote-margin-adjust'><\/span><span class='easy-footnote'><a href='https:\/\/legrandcontinent.eu\/es\/2023\/07\/12\/hemos-entrado-en-el-antropoceno\/#easy-footnote-bottom-5-19854' title='Alexandre Witze, \u00ab &lt;a href=&quot;https:\/\/www.nature.com\/articles\/d41586-023-02234-z&quot;&gt;This quiet lake could mark the start of a new Anthropocene epoch&lt;\/a&gt; \u00bb, &lt;em&gt;Nature&lt;\/em&gt;, 11 de julio de 2023.'><sup>5<\/sup><\/a><\/span><\/span>.<\/p>\n","protected":false},"excerpt":{"rendered":"<p>Seg\u00fan los cient\u00edficos del Grupo de Trabajo sobre el Antropoceno, el an\u00e1lisis de los sedimentos estratificados de un lago canadiense indica que la Tierra abandon\u00f3 la \u00e9poca del Holoceno a mediados del siglo XX para entrar en una nueva era, marcada por el impacto del ser humano en el planeta.<\/p>\n","protected":false},"author":1366,"featured_media":19839,"comment_status":"closed","ping_status":"closed","sticky":false,"template":"templates\/post-briefings.php","format":"standard","meta":{"_acf_changed":false,"_trash_the_other_posts":false,"_yoast_wpseo_estimated-reading-time-minutes":3,"footnotes":""},"categories":[295],"tags":[],"staff":[],"editorial_format":[],"serie":[],"audience":[],"geo":[198],"class_list":["post-19854","post","type-post","status-publish","format-standard","hentry","category-ciencia","geo-mundo"],"acf":{"open_in_webview":false,"accent":false},"yoast_head":"<!-- This site is optimized with the Yoast SEO plugin v26.1.1 - https:\/\/yoast.com\/wordpress\/plugins\/seo\/ -->\n<title>\u00bfHemos entrado en el Antropoceno? - El Grand Continent<\/title>\n<meta name=\"robots\" content=\"index, follow, max-snippet:-1, max-image-preview:large, max-video-preview:-1\" \/>\n<link rel=\"canonical\" href=\"https:\/\/legrandcontinent.eu\/es\/2023\/07\/12\/hemos-entrado-en-el-antropoceno\/\" \/>\n<meta property=\"og:locale\" content=\"es_ES\" \/>\n<meta property=\"og:type\" content=\"article\" \/>\n<meta property=\"og:title\" content=\"\u00bfHemos entrado en el Antropoceno? - El Grand Continent\" \/>\n<meta property=\"og:description\" content=\"Seg\u00fan los cient\u00edficos del Grupo de Trabajo sobre el Antropoceno, el an\u00e1lisis de los sedimentos estratificados de un lago canadiense indica que la Tierra abandon\u00f3 la \u00e9poca del Holoceno a mediados del siglo XX para entrar en una nueva era, marcada por el impacto del ser humano en el planeta.\" \/>\n<meta property=\"og:url\" content=\"https:\/\/legrandcontinent.eu\/es\/2023\/07\/12\/hemos-entrado-en-el-antropoceno\/\" \/>\n<meta property=\"og:site_name\" content=\"El Grand Continent\" \/>\n<meta property=\"article:published_time\" content=\"2023-07-12T14:55:00+00:00\" \/>\n<meta property=\"article:modified_time\" content=\"2023-07-12T17:37:37+00:00\" \/>\n<meta property=\"og:image\" content=\"https:\/\/legrandcontinent.eu\/es\/wp-content\/uploads\/sites\/2\/2023\/07\/gc-sommes-nous-entres-dans-lanthropocene-e1689169794664.jpg\" \/>\n\t<meta property=\"og:image:width\" content=\"1453\" \/>\n\t<meta property=\"og:image:height\" content=\"812\" \/>\n\t<meta property=\"og:image:type\" content=\"image\/jpeg\" \/>\n<meta name=\"author\" content=\"florent\" \/>\n<meta name=\"twitter:card\" content=\"summary_large_image\" \/>\n<meta name=\"twitter:image\" content=\"https:\/\/legrandcontinent.eu\/es\/wp-content\/uploads\/sites\/2\/2023\/07\/gc-sommes-nous-entres-dans-lanthropocene-e1689169794664.jpg\" \/>\n<meta name=\"twitter:label1\" content=\"Escrito por\" \/>\n\t<meta name=\"twitter:data1\" content=\"florent\" \/>\n\t<meta name=\"twitter:label2\" content=\"Tiempo de lectura\" \/>\n\t<meta name=\"twitter:data2\" content=\"3 minutos\" \/>\n<script type=\"application\/ld+json\" class=\"yoast-schema-graph\">{\"@context\":\"https:\/\/schema.org\",\"@graph\":[{\"@type\":\"WebPage\",\"@id\":\"https:\/\/legrandcontinent.eu\/es\/2023\/07\/12\/hemos-entrado-en-el-antropoceno\/\",\"url\":\"https:\/\/legrandcontinent.eu\/es\/2023\/07\/12\/hemos-entrado-en-el-antropoceno\/\",\"name\":\"\u00bfHemos entrado en el Antropoceno? - El Grand Continent\",\"isPartOf\":{\"@id\":\"https:\/\/legrandcontinent.eu\/es\/#website\"},\"primaryImageOfPage\":{\"@id\":\"https:\/\/legrandcontinent.eu\/es\/2023\/07\/12\/hemos-entrado-en-el-antropoceno\/#primaryimage\"},\"image\":{\"@id\":\"https:\/\/legrandcontinent.eu\/es\/2023\/07\/12\/hemos-entrado-en-el-antropoceno\/#primaryimage\"},\"thumbnailUrl\":\"https:\/\/legrandcontinent.eu\/es\/wp-content\/uploads\/sites\/2\/2023\/07\/gc-sommes-nous-entres-dans-lanthropocene-e1689169794664.jpg\",\"datePublished\":\"2023-07-12T14:55:00+00:00\",\"dateModified\":\"2023-07-12T17:37:37+00:00\",\"author\":{\"@id\":\"https:\/\/legrandcontinent.eu\/es\/#\/schema\/person\/cdd782c93d4a9eda86ab19a8c01cdf5c\"},\"breadcrumb\":{\"@id\":\"https:\/\/legrandcontinent.eu\/es\/2023\/07\/12\/hemos-entrado-en-el-antropoceno\/#breadcrumb\"},\"inLanguage\":\"es\",\"potentialAction\":[{\"@type\":\"ReadAction\",\"target\":[\"https:\/\/legrandcontinent.eu\/es\/2023\/07\/12\/hemos-entrado-en-el-antropoceno\/\"]}]},{\"@type\":\"ImageObject\",\"inLanguage\":\"es\",\"@id\":\"https:\/\/legrandcontinent.eu\/es\/2023\/07\/12\/hemos-entrado-en-el-antropoceno\/#primaryimage\",\"url\":\"https:\/\/legrandcontinent.eu\/es\/wp-content\/uploads\/sites\/2\/2023\/07\/gc-sommes-nous-entres-dans-lanthropocene-e1689169794664.jpg\",\"contentUrl\":\"https:\/\/legrandcontinent.eu\/es\/wp-content\/uploads\/sites\/2\/2023\/07\/gc-sommes-nous-entres-dans-lanthropocene-e1689169794664.jpg\",\"width\":1453,\"height\":812},{\"@type\":\"BreadcrumbList\",\"@id\":\"https:\/\/legrandcontinent.eu\/es\/2023\/07\/12\/hemos-entrado-en-el-antropoceno\/#breadcrumb\",\"itemListElement\":[{\"@type\":\"ListItem\",\"position\":1,\"name\":\"Home\",\"item\":\"https:\/\/legrandcontinent.eu\/es\/\"},{\"@type\":\"ListItem\",\"position\":2,\"name\":\"\u00bfHemos entrado en el Antropoceno?\"}]},{\"@type\":\"WebSite\",\"@id\":\"https:\/\/legrandcontinent.eu\/es\/#website\",\"url\":\"https:\/\/legrandcontinent.eu\/es\/\",\"name\":\"El Grand Continent\",\"description\":\"La escala pertinente\",\"potentialAction\":[{\"@type\":\"SearchAction\",\"target\":{\"@type\":\"EntryPoint\",\"urlTemplate\":\"https:\/\/legrandcontinent.eu\/es\/?s={search_term_string}\"},\"query-input\":{\"@type\":\"PropertyValueSpecification\",\"valueRequired\":true,\"valueName\":\"search_term_string\"}}],\"inLanguage\":\"es\"},{\"@type\":\"Person\",\"@id\":\"https:\/\/legrandcontinent.eu\/es\/#\/schema\/person\/cdd782c93d4a9eda86ab19a8c01cdf5c\",\"name\":\"florent\",\"image\":{\"@type\":\"ImageObject\",\"inLanguage\":\"es\",\"@id\":\"https:\/\/legrandcontinent.eu\/es\/#\/schema\/person\/image\/\",\"url\":\"https:\/\/secure.gravatar.com\/avatar\/0d38d78c90602daf39b309035cdac6bc?s=96&d=mm&r=g\",\"contentUrl\":\"https:\/\/secure.gravatar.com\/avatar\/0d38d78c90602daf39b309035cdac6bc?s=96&d=mm&r=g\",\"caption\":\"florent\"}}]}<\/script>\n<!-- \/ Yoast SEO plugin. -->","yoast_head_json":{"title":"\u00bfHemos entrado en el Antropoceno? - El Grand Continent","robots":{"index":"index","follow":"follow","max-snippet":"max-snippet:-1","max-image-preview":"max-image-preview:large","max-video-preview":"max-video-preview:-1"},"canonical":"https:\/\/legrandcontinent.eu\/es\/2023\/07\/12\/hemos-entrado-en-el-antropoceno\/","og_locale":"es_ES","og_type":"article","og_title":"\u00bfHemos entrado en el Antropoceno? - El Grand Continent","og_description":"Seg\u00fan los cient\u00edficos del Grupo de Trabajo sobre el Antropoceno, el an\u00e1lisis de los sedimentos estratificados de un lago canadiense indica que la Tierra abandon\u00f3 la \u00e9poca del Holoceno a mediados del siglo XX para entrar en una nueva era, marcada por el impacto del ser humano en el planeta.","og_url":"https:\/\/legrandcontinent.eu\/es\/2023\/07\/12\/hemos-entrado-en-el-antropoceno\/","og_site_name":"El Grand Continent","article_published_time":"2023-07-12T14:55:00+00:00","article_modified_time":"2023-07-12T17:37:37+00:00","og_image":[{"width":1453,"height":812,"url":"https:\/\/legrandcontinent.eu\/es\/wp-content\/uploads\/sites\/2\/2023\/07\/gc-sommes-nous-entres-dans-lanthropocene-e1689169794664.jpg","type":"image\/jpeg"}],"author":"florent","twitter_card":"summary_large_image","twitter_image":"https:\/\/legrandcontinent.eu\/es\/wp-content\/uploads\/sites\/2\/2023\/07\/gc-sommes-nous-entres-dans-lanthropocene-e1689169794664.jpg","twitter_misc":{"Escrito por":"florent","Tiempo de lectura":"3 minutos"},"schema":{"@context":"https:\/\/schema.org","@graph":[{"@type":"WebPage","@id":"https:\/\/legrandcontinent.eu\/es\/2023\/07\/12\/hemos-entrado-en-el-antropoceno\/","url":"https:\/\/legrandcontinent.eu\/es\/2023\/07\/12\/hemos-entrado-en-el-antropoceno\/","name":"\u00bfHemos entrado en el Antropoceno? - El Grand Continent","isPartOf":{"@id":"https:\/\/legrandcontinent.eu\/es\/#website"},"primaryImageOfPage":{"@id":"https:\/\/legrandcontinent.eu\/es\/2023\/07\/12\/hemos-entrado-en-el-antropoceno\/#primaryimage"},"image":{"@id":"https:\/\/legrandcontinent.eu\/es\/2023\/07\/12\/hemos-entrado-en-el-antropoceno\/#primaryimage"},"thumbnailUrl":"https:\/\/legrandcontinent.eu\/es\/wp-content\/uploads\/sites\/2\/2023\/07\/gc-sommes-nous-entres-dans-lanthropocene-e1689169794664.jpg","datePublished":"2023-07-12T14:55:00+00:00","dateModified":"2023-07-12T17:37:37+00:00","author":{"@id":"https:\/\/legrandcontinent.eu\/es\/#\/schema\/person\/cdd782c93d4a9eda86ab19a8c01cdf5c"},"breadcrumb":{"@id":"https:\/\/legrandcontinent.eu\/es\/2023\/07\/12\/hemos-entrado-en-el-antropoceno\/#breadcrumb"},"inLanguage":"es","potentialAction":[{"@type":"ReadAction","target":["https:\/\/legrandcontinent.eu\/es\/2023\/07\/12\/hemos-entrado-en-el-antropoceno\/"]}]},{"@type":"ImageObject","inLanguage":"es","@id":"https:\/\/legrandcontinent.eu\/es\/2023\/07\/12\/hemos-entrado-en-el-antropoceno\/#primaryimage","url":"https:\/\/legrandcontinent.eu\/es\/wp-content\/uploads\/sites\/2\/2023\/07\/gc-sommes-nous-entres-dans-lanthropocene-e1689169794664.jpg","contentUrl":"https:\/\/legrandcontinent.eu\/es\/wp-content\/uploads\/sites\/2\/2023\/07\/gc-sommes-nous-entres-dans-lanthropocene-e1689169794664.jpg","width":1453,"height":812},{"@type":"BreadcrumbList","@id":"https:\/\/legrandcontinent.eu\/es\/2023\/07\/12\/hemos-entrado-en-el-antropoceno\/#breadcrumb","itemListElement":[{"@type":"ListItem","position":1,"name":"Home","item":"https:\/\/legrandcontinent.eu\/es\/"},{"@type":"ListItem","position":2,"name":"\u00bfHemos entrado en el Antropoceno?"}]},{"@type":"WebSite","@id":"https:\/\/legrandcontinent.eu\/es\/#website","url":"https:\/\/legrandcontinent.eu\/es\/","name":"El Grand Continent","description":"La escala pertinente","potentialAction":[{"@type":"SearchAction","target":{"@type":"EntryPoint","urlTemplate":"https:\/\/legrandcontinent.eu\/es\/?s={search_term_string}"},"query-input":{"@type":"PropertyValueSpecification","valueRequired":true,"valueName":"search_term_string"}}],"inLanguage":"es"},{"@type":"Person","@id":"https:\/\/legrandcontinent.eu\/es\/#\/schema\/person\/cdd782c93d4a9eda86ab19a8c01cdf5c","name":"florent","image":{"@type":"ImageObject","inLanguage":"es","@id":"https:\/\/legrandcontinent.eu\/es\/#\/schema\/person\/image\/","url":"https:\/\/secure.gravatar.com\/avatar\/0d38d78c90602daf39b309035cdac6bc?s=96&d=mm&r=g","contentUrl":"https:\/\/secure.gravatar.com\/avatar\/0d38d78c90602daf39b309035cdac6bc?s=96&d=mm&r=g","caption":"florent"}}]}},"lgc_categories":[{"id":295,"name":"Ciencia","slug":"ciencia"}],"lgc_author":null,"feature_image_summary":{"url":"https:\/\/legrandcontinent.eu\/es\/wp-content\/uploads\/sites\/2\/2023\/07\/gc-sommes-nous-entres-dans-lanthropocene-e1689169794664.jpg","width":1453,"height":812,"alt":""},"feature_image_cover":null,"term_position_data":null,"_links":{"self":[{"href":"https:\/\/legrandcontinent.eu\/es\/wp-json\/wp\/v2\/posts\/19854","targetHints":{"allow":["GET"]}}],"collection":[{"href":"https:\/\/legrandcontinent.eu\/es\/wp-json\/wp\/v2\/posts"}],"about":[{"href":"https:\/\/legrandcontinent.eu\/es\/wp-json\/wp\/v2\/types\/post"}],"author":[{"embeddable":true,"href":"https:\/\/legrandcontinent.eu\/es\/wp-json\/wp\/v2\/users\/1366"}],"replies":[{"embeddable":true,"href":"https:\/\/legrandcontinent.eu\/es\/wp-json\/wp\/v2\/comments?post=19854"}],"version-history":[{"count":0,"href":"https:\/\/legrandcontinent.eu\/es\/wp-json\/wp\/v2\/posts\/19854\/revisions"}],"wp:featuredmedia":[{"embeddable":true,"href":"https:\/\/legrandcontinent.eu\/es\/wp-json\/wp\/v2\/media\/19839"}],"wp:attachment":[{"href":"https:\/\/legrandcontinent.eu\/es\/wp-json\/wp\/v2\/media?parent=19854"}],"wp:term":[{"taxonomy":"category","embeddable":true,"href":"https:\/\/legrandcontinent.eu\/es\/wp-json\/wp\/v2\/categories?post=19854"},{"taxonomy":"post_tag","embeddable":true,"href":"https:\/\/legrandcontinent.eu\/es\/wp-json\/wp\/v2\/tags?post=19854"},{"taxonomy":"staff","embeddable":true,"href":"https:\/\/legrandcontinent.eu\/es\/wp-json\/wp\/v2\/staff?post=19854"},{"taxonomy":"editorial_format","embeddable":true,"href":"https:\/\/legrandcontinent.eu\/es\/wp-json\/wp\/v2\/editorial_format?post=19854"},{"taxonomy":"serie","embeddable":true,"href":"https:\/\/legrandcontinent.eu\/es\/wp-json\/wp\/v2\/serie?post=19854"},{"taxonomy":"audience","embeddable":true,"href":"https:\/\/legrandcontinent.eu\/es\/wp-json\/wp\/v2\/audience?post=19854"},{"taxonomy":"geo","embeddable":true,"href":"https:\/\/legrandcontinent.eu\/es\/wp-json\/wp\/v2\/geo?post=19854"}],"curies":[{"name":"wp","href":"https:\/\/api.w.org\/{rel}","templated":true}]}}