{"id":19669,"date":"2023-07-07T12:08:00","date_gmt":"2023-07-07T11:08:00","guid":{"rendered":"https:\/\/legrandcontinent.eu\/es\/?p=19669"},"modified":"2023-07-08T16:54:58","modified_gmt":"2023-07-08T15:54:58","slug":"asimetrias-la-democracia-participativa-despues-de-la-ia","status":"publish","type":"post","link":"https:\/\/legrandcontinent.eu\/es\/2023\/07\/07\/asimetrias-la-democracia-participativa-despues-de-la-ia\/","title":{"rendered":"Asimetr\u00edas: la democracia participativa despu\u00e9s de la IA"},"content":{"rendered":"\n<h2 class=\"wp-block-heading\"><strong>La Inteligencia Artificial en la cresta de la ola<\/strong><\/h2>\n\n\n\n<p class=\"has-drop-cap\">Para iniciar una reflexi\u00f3n profunda sobre el papel actual y futuro de la inteligencia artificial (IA) en los sistemas democr\u00e1ticos contempor\u00e1neos, es necesario comenzar con dos aclaraciones&nbsp;<span class='whitespace-nowrap'><span id='easy-footnote-1-19669' class='easy-footnote-margin-adjust'><\/span><span class='easy-footnote'><a href='https:\/\/legrandcontinent.eu\/es\/2023\/07\/07\/asimetrias-la-democracia-participativa-despues-de-la-ia\/#easy-footnote-bottom-1-19669' title='Quiero agradecer a Giulia Cibrario, Lorenzo Ancona y Lorenzo Mineo sus observaciones sobre las versiones ateriores de este art\u00edculo. Los errores u omisiones son responsabilidad m\u00eda.'><sup>1<\/sup><\/a><\/span><\/span>. En primer lugar, nos movemos en la cresta. La comunidad cient\u00edfica expresa opiniones divergentes, a veces radicalmente distintas, sobre el tema. Algunos sugieren que la IA podr\u00eda permitir a los gobiernos democr\u00e1ticos desarrollar pol\u00edticas m\u00e1s eficaces y posiblemente m\u00e1s incluyentes. Los responsables pol\u00edticos que utilizan la IA para analizar y procesar grandes vol\u00famenes de datos digitales est\u00e1n en buena posici\u00f3n para tomar decisiones m\u00e1s cercanas a las necesidades y expectativas de las comunidades de ciudadanos. En opini\u00f3n de quienes ven con buenos ojos el \u00abgobierno de los algoritmos\u00bb, la IA crea las condiciones para una interacci\u00f3n democr\u00e1tica m\u00e1s eficaz y regular entre los agentes p\u00fablicos y los actores de la sociedad civil.&nbsp;<\/p>\n\n\n\n<p>Es m\u00e1s -insisten los promotores de la IA- podr\u00eda ser utilizada por los propios actores c\u00edvicos. En las asambleas de ciudadanos, por ejemplo, la IA puede facilitar el debate, la recopilaci\u00f3n de informaci\u00f3n, la generaci\u00f3n de ideas y la creaci\u00f3n de consenso. En 2019, por citar solo un caso, <em>Youth For Climate Belgium <\/em>utiliz\u00f3 la IA para transformar en datos concisos y procesables las 1 700 ideas, 2 600 comentarios y 32 mil votos que los ciudadanos enviaron a una plataforma en l\u00ednea&nbsp;<span class='whitespace-nowrap'><span id='easy-footnote-2-19669' class='easy-footnote-margin-adjust'><\/span><span class='easy-footnote'><a href='https:\/\/legrandcontinent.eu\/es\/2023\/07\/07\/asimetrias-la-democracia-participativa-despues-de-la-ia\/#easy-footnote-bottom-2-19669' title='&lt;a href=&quot;https:\/\/www.citizenlab.co\/blog\/civic-engagement\/youth-for-climate-case-study\/&quot;&gt;https:\/\/www.citizenlab.co\/blog\/civic-engagement\/youth-for-climate-case-study\/&lt;\/a&gt;'><sup>2<\/sup><\/a><\/span><\/span>. H\u00e9l\u00e8ne Landemore escribi\u00f3 que la hibridaci\u00f3n de la IA y la inteligencia colectiva desempe\u00f1ar\u00e1 un papel cada vez m\u00e1s importante en el futuro, que potenciar\u00e1 las capacidades humanas de investigaci\u00f3n y resoluci\u00f3n de problemas&nbsp;<span class='whitespace-nowrap'><span id='easy-footnote-3-19669' class='easy-footnote-margin-adjust'><\/span><span class='easy-footnote'><a href='https:\/\/legrandcontinent.eu\/es\/2023\/07\/07\/asimetrias-la-democracia-participativa-despues-de-la-ia\/#easy-footnote-bottom-3-19669' title='&lt;a href=&quot;https:\/\/hai.stanford.edu\/events\/helene-landemore-can-ai-bring-deliberation-masses&quot;&gt;https:\/\/hai.stanford.edu\/events\/helene-landemore-can-ai-bring-deliberation-masses&lt;\/a&gt;'><sup>3<\/sup><\/a><\/span><\/span>.<\/p>\n\n\n\n<figure class=\"wp-block-pullquote\"><blockquote><p>La IA crea las condiciones para una interacci\u00f3n democr\u00e1tica m\u00e1s eficaz y regular entre los agentes p\u00fablicos y los actores de la sociedad civil.&nbsp;<\/p><cite>GIANLUCA SGUEO<\/cite><\/blockquote><\/figure>\n\n\n\n<p>Otros autores, en cambio, hacen hincapi\u00e9 en las numerosas cuestiones cr\u00edticas que plantea la \u00abimplantaci\u00f3n\u00bb de una tecnolog\u00eda tan compleja en sistemas pol\u00edticos y sociales ya de por s\u00ed muy complejos y problem\u00e1ticos.<\/p>\n\n\n\n<p>En primer lugar, consideran que la IA podr\u00eda otorgar a los gobiernos poderes de vigilancia sin precedentes sobre los ciudadanos. Entre los cuatro escenarios elaborados por la simulaci\u00f3n \u00ab<em>The Future of Government<\/em>\u00ab, financiada por la Comisi\u00f3n Europea entre 2018 y 2019, uno de ellos imaginaba que los servicios p\u00fablicos impulsados por la IA se ofrecer\u00edan de forma individualizada y predictiva a los ciudadanos, pero a costa de sus libertades&nbsp;<span class='whitespace-nowrap'><span id='easy-footnote-4-19669' class='easy-footnote-margin-adjust'><\/span><span class='easy-footnote'><a href='https:\/\/legrandcontinent.eu\/es\/2023\/07\/07\/asimetrias-la-democracia-participativa-despues-de-la-ia\/#easy-footnote-bottom-4-19669' title='Vesnic Alujevic L. &lt;em&gt;et al&lt;\/em&gt;. (2019), The Future of Government 2030+, EUR 29664 EN, Publications Office of the European Union, Luxemburgo.'><sup>4<\/sup><\/a><\/span><\/span>.<\/p>\n\n\n\n<p>Seg\u00fan otros autores, la IA podr\u00eda exacerbar la desinformaci\u00f3n y los \u201c<em>deepfakes<\/em>\u201d. Con la IA, hemos entrado en una fase de \u00abcolapso de la realidad\u00bb, o mejor dicho, de la realidad sint\u00e9tica. Algunos ya describen las elecciones presidenciales de 2024 en Estados Unidos como \u00ab<em>deep fake election<\/em>\u00ab, potenciadas por la IA generativa&nbsp;<span class='whitespace-nowrap'><span id='easy-footnote-5-19669' class='easy-footnote-margin-adjust'><\/span><span class='easy-footnote'><a href='https:\/\/legrandcontinent.eu\/es\/2023\/07\/07\/asimetrias-la-democracia-participativa-despues-de-la-ia\/#easy-footnote-bottom-5-19669' title='The Washington Post, You asked: How will deepfakes and AI affect the 2024 election?, 2023 \u2013 &lt;a href=&quot;https:\/\/www.washingtonpost.com\/politics\/2023\/04\/17\/ai-deep-fake-technology-election-2024\/&quot;&gt;&lt;em&gt;https:\/\/www.washingtonpost.com\/politics\/2023\/04\/17\/ai-deep-fake-technology-election-2024\/&lt;\/em&gt;&lt;\/a&gt;.'><sup>5<\/sup><\/a><\/span><\/span>.&nbsp;<\/p>\n\n\n\n<p>Otros incluso creen que la IA tambi\u00e9n podr\u00eda socavar los valores democr\u00e1ticos, al perpetuar y amplificar las desigualdades sociales y la confianza en las instituciones democr\u00e1ticas, debilitando as\u00ed los cimientos del contrato social. En la clasificaci\u00f3n del Grupo Eurasia de los principales riesgos para 2023, las \u00abarmas de perturbaci\u00f3n masiva\u00bb -es decir, algoritmos y plataformas de medios sociales acusados de desgarrar el tejido de la sociedad civil al tiempo que maximizan los beneficios- ocupan el tercer lugar&nbsp;<span class='whitespace-nowrap'><span id='easy-footnote-6-19669' class='easy-footnote-margin-adjust'><\/span><span class='easy-footnote'><a href='https:\/\/legrandcontinent.eu\/es\/2023\/07\/07\/asimetrias-la-democracia-participativa-despues-de-la-ia\/#easy-footnote-bottom-6-19669' title='Eurasia Group, Top risks for 2023&lt;em&gt;, &lt;a href=&quot;https:\/\/www.eurasiagroup.net\/issues\/top-risks-2023&quot;&gt;https:\/\/www.eurasiagroup.net\/issues\/top-risks-2023&lt;\/a&gt;&lt;\/em&gt;'><sup>6<\/sup><\/a><\/span><\/span>.&nbsp;<\/p>\n\n\n\n<figure class=\"wp-block-pullquote\"><blockquote><p>Algunos ya describen las elecciones presidenciales estadounidenses de 2024 como \u00ab<em>deep fake election<\/em>\u00ab, potenciadas por la IA generativa.&nbsp;<\/p><cite>GIANLUCA SGUEO<\/cite><\/blockquote><\/figure>\n\n\n\n<p>En resumen, como se\u00f1ala Yuval Noah Harari, la creciente interdependencia entre la sociedad, la pol\u00edtica y la tecnolog\u00eda, en particular la tecnolog\u00eda algor\u00edtmica, podr\u00eda acelerar la obsolescencia de las instituciones y los procedimientos democr\u00e1ticos. En el pr\u00f3ximo siglo, \u00e9stos podr\u00edan ser sustituidos por \u00abtecnotiran\u00edas\u00bb, sobre todo si las tecnolog\u00edas de la informaci\u00f3n se combinaran con la neurociencia, permitiendo a sus algoritmos acceder al pensamiento humano y actuar sobre \u00e9l&nbsp;<span class='whitespace-nowrap'><span id='easy-footnote-7-19669' class='easy-footnote-margin-adjust'><\/span><span class='easy-footnote'><a href='https:\/\/legrandcontinent.eu\/es\/2023\/07\/07\/asimetrias-la-democracia-participativa-despues-de-la-ia\/#easy-footnote-bottom-7-19669' title='Harari J.N. (2016), &lt;em&gt;Homo Deus&lt;\/em&gt;, Vintage, Londres.'><sup>7<\/sup><\/a><\/span><\/span>.<\/p>\n\n\n\n<p>Todo esto nos lleva a la segunda aclaraci\u00f3n preliminar para entender el impacto de la IA en la democracia participativa: actualmente carecemos de una visi\u00f3n precisa de los beneficios y riesgos que genera dentro de nuestros sistemas democr\u00e1ticos. As\u00ed que, al menos en principio, tienen raz\u00f3n tanto quienes nos advierten de los riesgos de la democracia algor\u00edtmica como quienes celebran sus virtudes.&nbsp;<\/p>\n\n\n\n<p>Pero si todos tienen raz\u00f3n, \u00bfnadie tiene raz\u00f3n? No necesariamente. Estas dos concepciones opuestas dan qu\u00e9 pensar sobre la relaci\u00f3n entre algoritmos y democracias.<\/p>\n\n\n\n<h2 class=\"wp-block-heading\"><strong>Una revoluci\u00f3n econ\u00f3mica&nbsp;<\/strong><\/h2>\n\n\n\n<p>En 2021, el valor global de la IA se estimaba en 67 mil millones de d\u00f3lares. Para 2025, se espera que ese valor alcance los 190 mil millones de d\u00f3lares&nbsp;<span class='whitespace-nowrap'><span id='easy-footnote-8-19669' class='easy-footnote-margin-adjust'><\/span><span class='easy-footnote'><a href='https:\/\/legrandcontinent.eu\/es\/2023\/07\/07\/asimetrias-la-democracia-participativa-despues-de-la-ia\/#easy-footnote-bottom-8-19669' title='United States of America \u2013 Department of Commerce, Top global Artificial Intelligence Markets, 2022, &lt;a href=&quot;https:\/\/www.trade.gov\/sites\/default\/files\/2022-05\/Top%252520Global%252520AI%252520Markets%252520Report%2525204.20%252520(2)%252520(1).pdf&quot;&gt;&lt;em&gt;https:\/\/www.trade.gov\/sites\/default\/files\/2022-05\/Top%20Global%20AI%20Markets%20Report%204.20%20%282%29%20%281%29.pdf&lt;\/em&gt;&lt;\/a&gt;.'><sup>8<\/sup><\/a><\/span><\/span>. A finales de 2022, el metaverso ten\u00eda un valor de 800 mil millones de d\u00f3lares; Meta por s\u00ed s\u00f3lo invirti\u00f3 diez mil millones de d\u00f3lares en ese campo en 2021&nbsp;<span class='whitespace-nowrap'><span id='easy-footnote-9-19669' class='easy-footnote-margin-adjust'><\/span><span class='easy-footnote'><a href='https:\/\/legrandcontinent.eu\/es\/2023\/07\/07\/asimetrias-la-democracia-participativa-despues-de-la-ia\/#easy-footnote-bottom-9-19669' title='The Verge, Facebook is spending at least $10 billion this year on its metaverse division, 2021, &lt;a href=&quot;https:\/\/www.theverge.com\/2021\/10\/25\/22745381\/facebook-reality-labs-10-billion-metaverse&quot;&gt;&lt;em&gt;https:\/\/www.theverge.com\/2021\/10\/25\/22745381\/facebook-reality-labs-10-billion-metaverse&lt;\/em&gt;&lt;\/a&gt;.'><sup>9<\/sup><\/a><\/span><\/span>.&nbsp;<\/p>\n\n\n\n\n\n<figure class=\"wp-block-image wp-block-image-full\"\n    data-shadow=\"false\"\n    data-use-original-file=\"false\">\n    <a\n        data-pswp-src=\"https:\/\/legrandcontinent.eu\/es\/wp-content\/uploads\/sites\/2\/2023\/07\/5457618937_cc303bcceb_o-1.png\"\n        class=\"inline-block gallery-item no-underline \"\n        data-pswp-width=\"3280\"\n        data-pswp-height=\"1616\">\n                                        <picture>\r\n                    <source\r\n                srcset=\"https:\/\/legrandcontinent.eu\/es\/wp-content\/uploads\/sites\/2\/2023\/07\/5457618937_cc303bcceb_o-1-330x163.png\"\r\n                media=\"(max-width:  330px)\" \/>\r\n                    <source\r\n                srcset=\"https:\/\/legrandcontinent.eu\/es\/wp-content\/uploads\/sites\/2\/2023\/07\/5457618937_cc303bcceb_o-1-690x340.png\"\r\n                media=\"(max-width:  690px)\" \/>\r\n                    <source\r\n                srcset=\"https:\/\/legrandcontinent.eu\/es\/wp-content\/uploads\/sites\/2\/2023\/07\/5457618937_cc303bcceb_o-1-990x488.png\"\r\n                media=\"(max-width:  990px)\" \/>\r\n                    <source\r\n                srcset=\"https:\/\/legrandcontinent.eu\/es\/wp-content\/uploads\/sites\/2\/2023\/07\/5457618937_cc303bcceb_o-1-1340x660.png\"\r\n                media=\"(max-width: 1340px)\" \/>\r\n                    <source\r\n                srcset=\"https:\/\/legrandcontinent.eu\/es\/wp-content\/uploads\/sites\/2\/2023\/07\/5457618937_cc303bcceb_o-1-1600x788.png\"\r\n                media=\"(max-width: 1600px)\" \/>\r\n                    <source\r\n                srcset=\"https:\/\/legrandcontinent.eu\/es\/wp-content\/uploads\/sites\/2\/2023\/07\/5457618937_cc303bcceb_o-1-1920x946.png\"\r\n                media=\"(min-width: 1601px)\" \/>\r\n                <img decoding=\"async\" src=\"https:\/\/legrandcontinent.eu\/es\/wp-content\/uploads\/sites\/2\/2023\/07\/5457618937_cc303bcceb_o-1-125x62.png\" \/>\r\n        <\/picture>\r\n                            \n                    <figcaption class=\"pswp-caption-content \">Mikael Hvidtfeldt Christensen, fundador de Syntopia, es un f\u00edsico apasionado por la qu\u00edmica computacional, el arte generativo y los sistemas complejos en general. Sus im\u00e1genes se crean con Structure Synth y Fragmentarium, dos proyectos de c\u00f3digo abierto que est\u00e1 desarrollando actualmente. Mikael Hvidtfeldt Christensen, \u00abCubic\u00bb, 2011, CC BY 2.0<\/figcaption>\n            <\/a>\n<\/figure>\n\n\n<p>En el debate p\u00fablico sobre el creciente poder de los algoritmos en los sistemas democr\u00e1ticos, el aspecto econ\u00f3mico suele pasar a un segundo plano. Esto es un error colosal. Es precisamente la din\u00e1mica econ\u00f3mica la que define el punto de inflexi\u00f3n en la delicada relaci\u00f3n entre tecnolog\u00eda y derechos. Una relaci\u00f3n que, tal y como est\u00e1n las cosas, parece caracterizarse m\u00e1s por las asimetr\u00edas que por las convergencias.&nbsp;<\/p>\n\n\n\n<figure class=\"wp-block-pullquote\"><blockquote><p>El nomadismo digital est\u00e1 fomentando la competencia entre pa\u00edses e instituciones para atraer y retener el talento.<\/p><cite>GIANLUCA SGUEO<\/cite><\/blockquote><\/figure>\n\n\n\n<p>M\u00e1s concretamente, existen flagrantes asimetr\u00edas en tres dimensiones: Estado y ciudadano; sector p\u00fablico y sector privado; grandes y peque\u00f1os operadores privados. La primera asimetr\u00eda ha sido bien descrita por Victor Storchan, que habla del <a href=\"https:\/\/legrandcontinent.eu\/es\/2023\/03\/20\/poderes-de-la-ia-una-introduccion-en-10-puntos-clave\/\">\u00abtecno-nacionalismo\u00bb emergente de la IA<\/a>. La segunda asimetr\u00eda contempla la confrontaci\u00f3n de empresas cuyos recursos y, en consecuencia, capacidad de influir en las decisiones p\u00fablicas, superan el producto interno bruto de las econom\u00edas nacionales de muchos pa\u00edses industrializados. He aqu\u00ed algunos ejemplos llamativos: si la capitalizaci\u00f3n burs\u00e1til de Apple fuera igual al PIB anual de un pa\u00eds, la marca podr\u00eda casi formar parte del G7. Del mismo modo, Microsoft ser\u00eda el d\u00e9cimo pa\u00eds m\u00e1s rico del mundo. Por \u00faltimo, la capitalizaci\u00f3n burs\u00e1til de Amazon es superior al 92% del PIB de varios pa\u00edses occidentales&nbsp;<span class='whitespace-nowrap'><span id='easy-footnote-10-19669' class='easy-footnote-margin-adjust'><\/span><span class='easy-footnote'><a href='https:\/\/legrandcontinent.eu\/es\/2023\/07\/07\/asimetrias-la-democracia-participativa-despues-de-la-ia\/#easy-footnote-bottom-10-19669' title='&lt;a href=&quot;https:\/\/www.visualcapitalist.com\/the-tech-giants-worth-compared-economies-countries\/&quot;&gt;https:\/\/www.visualcapitalist.com\/the-tech-giants-worth-compared-economies-countries\/&lt;\/a&gt;'><sup>10<\/sup><\/a><\/span><\/span>. Tercera y \u00faltima asimetr\u00eda: si bien es cierto que existe un peque\u00f1o grupo de grandes operadores tecnol\u00f3gicos capaces, como hemos dicho, de ejercer una influencia financiera y pol\u00edtica sobre los reguladores p\u00fablicos, existe en cambio un gran n\u00famero de operadores privados cuya capacidad de penetrar en los gobiernos y en las din\u00e1micas democr\u00e1ticas sigue siendo muy limitada. Un ejemplo: s\u00f3lo en Europa existen m\u00e1s de 100 proveedores en el sector de la participaci\u00f3n, la deliberaci\u00f3n y el voto en l\u00ednea. El mercado europeo de las tecnolog\u00edas de participaci\u00f3n y deliberaci\u00f3n para el sector p\u00fablico tendr\u00e1 un valor inferior a 100 millones de euros en 2022&nbsp;<span class='whitespace-nowrap'><span id='easy-footnote-11-19669' class='easy-footnote-margin-adjust'><\/span><span class='easy-footnote'><a href='https:\/\/legrandcontinent.eu\/es\/2023\/07\/07\/asimetrias-la-democracia-participativa-despues-de-la-ia\/#easy-footnote-bottom-11-19669' title='&lt;a href=&quot;https:\/\/democracy-technologies.org\/report-2023\/&quot;&gt;https:\/\/democracy-technologies.org\/report-2023\/&lt;\/a&gt;'><sup>11<\/sup><\/a><\/span><\/span>.<\/p>\n\n\n\n<p>Por otra parte, adem\u00e1s del capital financiero, es el capital humano el que se est\u00e1 solicitando por la difusi\u00f3n de la IA. Esto nos lleva de nuevo a la geopol\u00edtica. El nomadismo digital est\u00e1 fomentando la competencia entre pa\u00edses e instituciones para atraer y retener el talento. El 53% de los mejores investigadores en IA son inmigrantes o extranjeros que trabajan en un pa\u00eds distinto de aquel en el que obtuvieron su t\u00edtulo. La Europa continental atrae al 10% de tales investigadores -el 12.29% del talento en IA est\u00e1 en Londres, el 3.81% en Par\u00eds-, mientras que \u00abexporta\u00bb el 18% a terceros pa\u00edses, principalmente a Estados Unidos, que concentra el 11% de los investigadores europeos fuera del continente&nbsp;<span class='whitespace-nowrap'><span id='easy-footnote-12-19669' class='easy-footnote-margin-adjust'><\/span><span class='easy-footnote'><a href='https:\/\/legrandcontinent.eu\/es\/2023\/07\/07\/asimetrias-la-democracia-participativa-despues-de-la-ia\/#easy-footnote-bottom-12-19669' title='Global AI Talent Tracker &lt;a href=&quot;https:\/\/macropolo.org\/digital-projects\/the-global-ai-talent-tracker\/&quot;&gt;&lt;em&gt;https:\/\/macropolo.org\/digital-projects\/the-global-ai-talent-tracker\/&lt;\/em&gt;&lt;\/a&gt;'><sup>12<\/sup><\/a><\/span><\/span>. <a href=\"https:\/\/legrandcontinent.eu\/es\/2023\/06\/16\/la-inteligencia-en-la-era-de-su-reproductibilidad-tecnica\/\">La competencia por atraer, retener y beneficiarse de los mejores talentos<\/a> est\u00e1 creando nuevas tensiones entre las econom\u00edas nacionales y regionales. Al mismo tiempo, detr\u00e1s de los asistentes virtuales y el entrenamiento de la inteligencia artificial <a href=\"https:\/\/legrandcontinent.eu\/es\/2023\/04\/07\/la-ia-potemkin-y-el-futuro-del-trabajo-una-conversacion-con-antonio-casilli\/\">se esconde un ej\u00e9rcito de microtrabajadores, la mayor\u00eda de ellos ubicados en pa\u00edses emergentes y a los que apenas se paga un c\u00e9ntimo por tarea<\/a>.<\/p>\n\n\n\n<h2 class=\"wp-block-heading\"><strong>\u00bfLa IA contra la democracia?&nbsp;<\/strong><\/h2>\n\n\n\n<p>Hemos dicho que, para algunos autores, la IA es fuente de marginaci\u00f3n y de nuevas brechas sociales, econ\u00f3micas y pol\u00edticas, mientras que para otros representa una oportunidad para incluir m\u00e1s intereses en la dial\u00e9ctica democr\u00e1tica. Se trata de respuestas antit\u00e9ticas a la misma pregunta: \u00bfla calidad de las interacciones democr\u00e1ticas provocadas por la IA, y m\u00e1s en general por las tecnolog\u00edas digitales, es igual o incluso superior a la de las interacciones anal\u00f3gicas?<\/p>\n\n\n\n<p>Quienes responden negativamente a esta pregunta parten de la base de que la \u00abeconom\u00eda de la atenci\u00f3n\u00bb&nbsp;<span class='whitespace-nowrap'><span id='easy-footnote-13-19669' class='easy-footnote-margin-adjust'><\/span><span class='easy-footnote'><a href='https:\/\/legrandcontinent.eu\/es\/2023\/07\/07\/asimetrias-la-democracia-participativa-despues-de-la-ia\/#easy-footnote-bottom-13-19669' title='Zuboff S. (2019), &lt;em&gt;The Age of Surveillance Capitalism: The Fight for a Human future at the New Frontier of Power&lt;\/em&gt;, Profile Books, Londres.'><sup>13<\/sup><\/a><\/span><\/span> no es patrimonio exclusivo de las tecnolog\u00edas comerciales. Para algunos de sus cr\u00edticos, la IA permite desarrollar su sesgo pol\u00edtico. La \u00abpsicopol\u00edtica\u00bb -en palabras de Han Byung-Chul&nbsp;<span class='whitespace-nowrap'><span id='easy-footnote-14-19669' class='easy-footnote-margin-adjust'><\/span><span class='easy-footnote'><a href='https:\/\/legrandcontinent.eu\/es\/2023\/07\/07\/asimetrias-la-democracia-participativa-despues-de-la-ia\/#easy-footnote-bottom-14-19669' title='Byung-Chul H. (2017), &lt;em&gt;Psychopolitics: Neoliberalism and New Technologies of Powe&lt;\/em&gt;r, Verso, Londres\/Nueva York.'><sup>14<\/sup><\/a><\/span><\/span>&#8211; se centra en la seducci\u00f3n: en lugar de mandar y prohibir a individuos y ciudadanos, funciona a trav\u00e9s del placer y la satisfacci\u00f3n. Parece permitir a los votantes comprar <a href=\"https:\/\/legrandcontinent.eu\/es\/2023\/03\/24\/bifurcar-el-partido-comunista-chino-y-el-silicon-valley-trabajan-por-un-futuro-posthumano\/\">lo que quieran cuando quieran, convertirse en lo que quieran y cumplir sus sue\u00f1os<\/a>.&nbsp;<\/p>\n\n\n\n<p>Las consecuencias son evidentes. De entrada, las divisiones pol\u00edticas de fondo ya no son un criterio absoluto de votaci\u00f3n si una promesa pol\u00edtica que hace un ser humano tiene el mismo valor que la que podr\u00eda hacer una m\u00e1quina. Este enfoque, llevado al extremo, ya ha producido algunos resultados provocativos, o grotescos. Es el caso del Partido Sint\u00e9tico, nacido en Dinamarca en 2022, cuyo representante es una inteligencia artificial y cuyas pol\u00edticas se derivan de la IA&nbsp;<span class='whitespace-nowrap'><span id='easy-footnote-15-19669' class='easy-footnote-margin-adjust'><\/span><span class='easy-footnote'><a href='https:\/\/legrandcontinent.eu\/es\/2023\/07\/07\/asimetrias-la-democracia-participativa-despues-de-la-ia\/#easy-footnote-bottom-15-19669' title='&lt;a href=&quot;https:\/\/detsyntetiskeparti.wordpress.com&quot;&gt;https:\/\/detsyntetiskeparti.wordpress.com&lt;\/a&gt;'><sup>15<\/sup><\/a><\/span><\/span>. Por otra parte, la poblaci\u00f3n en general, en particular de las generaciones m\u00e1s j\u00f3venes, pero tambi\u00e9n de las organizaciones de la sociedad civil, est\u00e1 muy mal formada en lo que respecta a los canales de participaci\u00f3n.<\/p>\n\n\n\n<p>Los defensores de la IA como herramienta democr\u00e1tica afirman que siempre hemos estado distra\u00eddos. Gloria Mark, entre otros, ha deconstruido los lugares comunes sobre nuestra atenci\u00f3n, incluidos los de que siempre debemos esforzarnos por concentrarnos cuando trabajamos en nuestras computadoras, y que el desplazamiento interminable de nuestras pantallas es contraproducente&nbsp;<span class='whitespace-nowrap'><span id='easy-footnote-16-19669' class='easy-footnote-margin-adjust'><\/span><span class='easy-footnote'><a href='https:\/\/legrandcontinent.eu\/es\/2023\/07\/07\/asimetrias-la-democracia-participativa-despues-de-la-ia\/#easy-footnote-bottom-16-19669' title='Mark G. &lt;em&gt;et al.&lt;\/em&gt; (2008), &lt;em&gt;The Cost of Interrupted Work: More Speed and Stress, Proceedings of the SIGCHI Conference on Human Factors in Computing Systems&lt;\/em&gt;.'><sup>16<\/sup><\/a><\/span><\/span>. Se trata de un argumento fundamental: si nuestra atenci\u00f3n no es totalmente conquistada por la tecnolog\u00eda de la IA, o m\u00e1s bien si se aprovecha mejor gracias a ella, entonces la calidad de la participaci\u00f3n ciudadana en la construcci\u00f3n de las decisiones p\u00fablicas tambi\u00e9n podr\u00eda verse beneficiada. Algunas evaluaciones preliminares del impacto de las aplicaciones de la IA, centradas en c\u00f3mo las personas aprenden y utilizan las herramientas e instituciones democr\u00e1ticas, sugieren que pueden apoyar las interacciones ciudadanas dentro de los espacios democr\u00e1ticos digitales de varias maneras -incluyendo el ensamblaje de informaci\u00f3n compleja en textos m\u00e1s sencillos, o la personalizaci\u00f3n y edici\u00f3n de las respuestas&nbsp;<span class='whitespace-nowrap'><span id='easy-footnote-17-19669' class='easy-footnote-margin-adjust'><\/span><span class='easy-footnote'><a href='https:\/\/legrandcontinent.eu\/es\/2023\/07\/07\/asimetrias-la-democracia-participativa-despues-de-la-ia\/#easy-footnote-bottom-17-19669' title='Democracy Technology, How ChatGPT Could Be Useful for Democracy Technologies, Democracy&amp;nbsp; Technologies, diciembre de 2022 (&lt;a href=&quot;https:\/\/democracy-technologies.org\/opinion\/the-team-tested-how-chatgpt-could-be-useful-for-democracy-technologies\/?utm_source=Democracy+Technologies&amp;amp;utm_campaign=8c4cc3a192-EMAIL_CAMPAIGN_2022_11_29_03_04_COPY_01&amp;amp;utm_medium=email&amp;amp;utm_term=0_-48b74a5386-%25255BLIST_EMAIL_ID%25255D&quot;&gt;&lt;em&gt;https:\/\/democracy-technologies.org\/opinion\/the-team-tested-how-chatgpt-could-be-useful-for-democracy-technologies\/?utm_source=Democracy+Technologies&amp;amp;utm_campaign=8c4cc3a192-EMAIL_CAMPAIGN_2022_11_29_03_04_COPY_01&amp;amp;utm_medium=email&amp;amp;utm_term=0_-48b74a5386-%5BLIST_EMAIL_ID%5D&lt;\/em&gt;&lt;\/a&gt;).'><sup>17<\/sup><\/a><\/span><\/span>.<\/p>\n\n\n\n<figure class=\"wp-block-pullquote\"><blockquote><p>Sin embargo, la tecnolog\u00eda ha provocado cambios ling\u00fc\u00edsticos que conducen a la \u00abpereza cognitiva\u00bb, que impide que el lenguaje capte con precisi\u00f3n los matices y claroscuros.&nbsp;<\/p><cite>GIANLUCA SGUEO<\/cite><\/blockquote><\/figure>\n\n\n\n<p>Volvamos a los esc\u00e9pticos. Entre ellos, aparte del argumento de la p\u00e9rdida de atenci\u00f3n, prevalecen dos argumentos. En primer lugar, la tecnolog\u00eda <a href=\"https:\/\/legrandcontinent.eu\/es\/2023\/05\/27\/la-ia-y-el-fin-de-la-filosofia\/\">ha provocado cambios ling\u00fc\u00edsticos que conducen a la \u00abpereza cognitiva\u00bb<\/a>, que impide que el lenguaje capte con precisi\u00f3n los matices y claroscuros. En esencia, la simplificaci\u00f3n del lenguaje provocada por el uso masivo de la tecnolog\u00eda es una fuente de empobrecimiento cultural, tambi\u00e9n en lo que respecta a los valores democr\u00e1ticos. En segundo lugar, el uso de las tecnolog\u00edas de la informaci\u00f3n y la comunicaci\u00f3n es un proceso complejo que puede dar lugar a una ampliaci\u00f3n de las barreras existentes entre los ciudadanos multiling\u00fces y los que no dominan una segunda lengua: en particular, el ingl\u00e9s para los no angl\u00f3fonos. Hay que decir que la IA nos ha proporcionado herramientas de traducci\u00f3n autom\u00e1tica muy potentes, que permiten mantener di\u00e1logos multiling\u00fces. Por ejemplo, en la campa\u00f1a \u00ab<em>EurHope<\/em>\u00bb promovida por los J\u00f3venes Federalistas Europeos, los usuarios tienen acceso a una plataforma digital que les presenta contenidos ya traducidos a la lengua de su elecci\u00f3n&nbsp;<span class='whitespace-nowrap'><span id='easy-footnote-18-19669' class='easy-footnote-margin-adjust'><\/span><span class='easy-footnote'><a href='https:\/\/legrandcontinent.eu\/es\/2023\/07\/07\/asimetrias-la-democracia-participativa-despues-de-la-ia\/#easy-footnote-bottom-18-19669' title='&lt;a href=&quot;https:\/\/jef.eu\/eurhope\/&quot;&gt;https:\/\/jef.eu\/eurhope\/&lt;\/a&gt;'><sup>18<\/sup><\/a><\/span><\/span>. Sin embargo, esto no excluye por completo la marginaci\u00f3n de determinados grupos sociales. Will Kymlicka sugiere que los hablantes no nativos de ingl\u00e9s pueden quedar excluidos de las conversaciones en l\u00ednea, de la participaci\u00f3n en encuestas web o de cualquier otra forma de participaci\u00f3n en l\u00ednea&nbsp;<span class='whitespace-nowrap'><span id='easy-footnote-19-19669' class='easy-footnote-margin-adjust'><\/span><span class='easy-footnote'><a href='https:\/\/legrandcontinent.eu\/es\/2023\/07\/07\/asimetrias-la-democracia-participativa-despues-de-la-ia\/#easy-footnote-bottom-19-19669' title='Kymlicka W., Shapiro I. y C. Hacker-Cordon C. (eds.), (1999). &lt;em&gt;Citizenship in an era of globalization, Democracy\u2019s Edge&lt;\/em&gt;, Cambridge University Press, Cambridge.'><sup>19<\/sup><\/a><\/span><\/span>.&nbsp;O -como ha sugerido Lorenzo Casini- podr\u00eda provocar una crisis de la idea misma de Estado&nbsp;<span class='whitespace-nowrap'><span id='easy-footnote-20-19669' class='easy-footnote-margin-adjust'><\/span><span class='easy-footnote'><a href='https:\/\/legrandcontinent.eu\/es\/2023\/07\/07\/asimetrias-la-democracia-participativa-despues-de-la-ia\/#easy-footnote-bottom-20-19669' title='Casini L. (2020), &lt;em&gt;Lo Stato nell\u2019era di Google. Frontiere e sfide globali&lt;\/em&gt;, Mondadori, Mil\u00e1n; Casini L. (2022)n &lt;em&gt;Lo stato (im)mortal&lt;\/em&gt;e, Mondadori, Mil\u00e1n.'><sup>20<\/sup><\/a><\/span><\/span>.&nbsp;<\/p>\n\n\n\n<h2 class=\"wp-block-heading\"><strong>\u00bfUn retraso legal estructural?&nbsp;<\/strong><\/h2>\n\n\n\n<p>La protecci\u00f3n de los derechos mediante normas jur\u00eddicas est\u00e1 en el centro del problema. Mucha gente cree que los problemas que hemos encontrado hasta ahora pueden resolverse mediante el uso de normas: \u00abnuevas normas\u00bb, donde no existen, o \u00abmejores normas\u00bb, donde s\u00ed existen.&nbsp;<\/p>\n\n\n\n<p>En Europa, pero lo mismo ocurre en muchos ordenamientos jur\u00eddicos fuera de Europa, se est\u00e1n debatiendo actualmente importantes expedientes normativos sobre tecnolog\u00edas digitales. Se refieren a los servicios y mercados digitales, la ciberseguridad, la gobernanza de los datos y, por supuesto, la regulaci\u00f3n de la IA. Sobre este \u00faltimo punto, hay que decir que el proyecto normativo europeo se basa en la idea de una clasificaci\u00f3n de los riesgos, de inaceptables a controlables.<\/p>\n\n\n\n\n\n<figure class=\"wp-block-image wp-block-image-large\"\n    data-shadow=\"false\"\n    data-use-original-file=\"false\">\n    <a\n        data-pswp-src=\"https:\/\/legrandcontinent.eu\/es\/wp-content\/uploads\/sites\/2\/2023\/07\/5405970824_625e358bce_o.png\"\n        class=\"inline-block gallery-item no-underline \"\n        data-pswp-width=\"1854\"\n        data-pswp-height=\"1263\">\n                                        <picture>\r\n                    <source\r\n                srcset=\"https:\/\/legrandcontinent.eu\/es\/wp-content\/uploads\/sites\/2\/2023\/07\/5405970824_625e358bce_o-330x225.png\"\r\n                media=\"(max-width: 374px)\" \/>\r\n                    <source\r\n                srcset=\"https:\/\/legrandcontinent.eu\/es\/wp-content\/uploads\/sites\/2\/2023\/07\/5405970824_625e358bce_o-690x470.png\"\r\n                media=\"(max-width: 989px)\" \/>\r\n                    <source\r\n                srcset=\"https:\/\/legrandcontinent.eu\/es\/wp-content\/uploads\/sites\/2\/2023\/07\/5405970824_625e358bce_o-1340x913.png\"\r\n                media=\"(min-width: 990px)\" \/>\r\n                <img decoding=\"async\" src=\"https:\/\/legrandcontinent.eu\/es\/wp-content\/uploads\/sites\/2\/2023\/07\/5405970824_625e358bce_o-125x85.png\" \/>\r\n        <\/picture>\r\n                            \n                    <figcaption class=\"pswp-caption-content \">Mikael Hvidtfeldt Christensen, fundador de Syntopia, es un f\u00edsico apasionado por la qu\u00edmica computacional, el arte generativo y los sistemas complejos en general. Sus im\u00e1genes se crean con Structure Synth y Fragmentarium, dos proyectos de c\u00f3digo abierto que est\u00e1 desarrollando actualmente. Mikael Hvidtfeldt Christensen, \u00abCubic\u00bb, 2011, CC BY 2.0<\/figcaption>\n            <\/a>\n<\/figure>\n\n\n<p>La cuesti\u00f3n fundamental es la siguiente: \u00bfhasta qu\u00e9 punto el instrumento jur\u00eddico que garantiza los derechos es compatible con sistemas tecnol\u00f3gicos que evolucionan cada vez m\u00e1s r\u00e1pidamente, generando nuevos riesgos asociados a su utilizaci\u00f3n?<\/p>\n\n\n\n<p>El hecho de que el Derecho progrese mucho m\u00e1s lentamente que la innovaci\u00f3n tecnol\u00f3gica puede considerarse la raz\u00f3n principal del fracaso de muchos intentos de regularla eficazmente. La ciberseguridad y las criptomonedas son s\u00f3lo dos ejemplos. Ambos se caracterizan por una tecnolog\u00eda en constante evoluci\u00f3n y retos complejos, parcialmente abordados por una pl\u00e9tora de reglamentos, normas jur\u00eddicas y \u00ab<em>soft law<\/em>\u00ab. La \u00abhipertrofia\u00bb normativa, como alguien la ha llamado, es un problema bien conocido en la Uni\u00f3n Europea&nbsp;<span class='whitespace-nowrap'><span id='easy-footnote-21-19669' class='easy-footnote-margin-adjust'><\/span><span class='easy-footnote'><a href='https:\/\/legrandcontinent.eu\/es\/2023\/07\/07\/asimetrias-la-democracia-participativa-despues-de-la-ia\/#easy-footnote-bottom-21-19669' title='Vesnic Alujevic L. y F. Scapolo F. (2019), &lt;em&gt;The Future of Government 2030+: Policy implications and recommendations&lt;\/em&gt;, EUR 29853 EN, Publications Office of the European Union, Luxemburgo.'><sup>21<\/sup><\/a><\/span><\/span>.<\/p>\n\n\n\n<p>Sin embargo, existe otra forma de enfocar el mismo problema, que consiste en hacer hincapi\u00e9 en los beneficios potenciales derivados de la r\u00e1pida expansi\u00f3n de los enfoques inform\u00e1ticos para la creaci\u00f3n y aplicaci\u00f3n del Derecho. La teor\u00eda del \u00abdinamismo jur\u00eddico\u00bb sugiere que una ley, utilizando herramientas inform\u00e1ticas, puede expresarse como una declaraci\u00f3n de normas est\u00e1tica o como un objeto din\u00e1mico que incluye objetivos de rendimiento del sistema, medidas de \u00e9xito y la capacidad de adaptar la ley en respuesta a su rendimiento. El dinamismo jur\u00eddico propone marcos de dise\u00f1o para sistemas hombre-m\u00e1quina basados en cinco elementos: explicaci\u00f3n detallada de los objetivos de rendimiento del sistema; pruebas; dise\u00f1o de sistemas adaptables y robustos; auditor\u00eda continua; y notificaci\u00f3n de transacciones sospechosas. Eso tambi\u00e9n nos permite comprender y apreciar mejor las variaciones en las percepciones de los actores pol\u00edticos sobre lo que cuenta como prueba&nbsp;<span class='whitespace-nowrap'><span id='easy-footnote-22-19669' class='easy-footnote-margin-adjust'><\/span><span class='easy-footnote'><a href='https:\/\/legrandcontinent.eu\/es\/2023\/07\/07\/asimetrias-la-democracia-participativa-despues-de-la-ia\/#easy-footnote-bottom-22-19669' title='MacKillop E. y Downe J. (2022) \u00abWhat counts as evidence for policy? An analysis of policy actors\u2019 perceptions\u00bb, &lt;em&gt;Public Administration Review&lt;\/em&gt;: 1-14'><sup>22<\/sup><\/a><\/span><\/span>.<\/p>\n\n\n\n<p>Desde Pierre Levy, la tecnolog\u00eda se ha descrito como un veh\u00edculo para alimentar formas de inteligencia colectiva que proporcionen a las instituciones p\u00fablicas soluciones adecuadas a los problemas globales y faciliten la adaptaci\u00f3n de la acci\u00f3n p\u00fablica a las condiciones contempor\u00e1neas&nbsp;<span class='whitespace-nowrap'><span id='easy-footnote-23-19669' class='easy-footnote-margin-adjust'><\/span><span class='easy-footnote'><a href='https:\/\/legrandcontinent.eu\/es\/2023\/07\/07\/asimetrias-la-democracia-participativa-despues-de-la-ia\/#easy-footnote-bottom-23-19669' title='Levy P. (1997) &lt;em&gt;L\u2019intelligence collective pour une anthropologie du cyberspace&lt;\/em&gt;, La d\u00e9couverte, Par\u00eds.'><sup>23<\/sup><\/a><\/span><\/span>.&nbsp;<\/p>\n\n\n\n<p>Esa es la teor\u00eda. En la pr\u00e1ctica, sin embargo, el potencial de inteligencia colectiva que emanar\u00eda de la participaci\u00f3n digital se ve ahogado por graves problemas de accesibilidad y representatividad. La IA a\u00fan no ofrece soluciones seguras a esos problemas. Peor a\u00fan, crea nuevas perplejidades, algunas de las cuales se ha mencionado en este art\u00edculo. Nos quedan tres puntos que considerar brevemente.&nbsp;<\/p>\n\n\n\n<figure class=\"wp-block-pullquote\"><blockquote><p>El potencial de inteligencia colectiva que emanar\u00eda de la participaci\u00f3n digital se ve ahogado por graves problemas de accesibilidad y representatividad.&nbsp;<\/p><cite>GIANLUCA SGUEO<\/cite><\/blockquote><\/figure>\n\n\n\n<p>El primero es que la IA est\u00e1 transformando la sociedad a todos los niveles. Pero esta transformaci\u00f3n no est\u00e1 acelerando la evoluci\u00f3n de los derechos participativos, ni en un sentido (m\u00e1s derechos) ni en el otro (menos derechos). M\u00e1s bien parece haber desencadenado una transformaci\u00f3n sutil y en muchos sentidos incierta: la \u00f3smosis entre las esferas individual y colectiva.<\/p>\n\n\n\n<p>En segundo lugar, la ambici\u00f3n a\u00fan incumplida de implicar m\u00e1s y mejor a todos los ciudadanos en la toma de decisiones colectivas gracias a la IA es ante todo una cuesti\u00f3n de representaci\u00f3n. Eso no resuelve la crisis democr\u00e1tica, que atraviesa tambi\u00e9n, y quiz\u00e1s sobre todo, otros problemas: la relaci\u00f3n p\u00fablico-privado; el declive demogr\u00e1fico; el analfabetismo digital; y la movilidad social, por citar s\u00f3lo los m\u00e1s importantes.<\/p>\n\n\n\n<p>Un \u00faltimo punto: el m\u00e9rito -o dem\u00e9rito, seg\u00fan se mire- del progreso tecnol\u00f3gico, incluida la IA, es que ha enfrentado a las estructuras democr\u00e1ticas contempor\u00e1neas con los problemas de la escasez y la previsi\u00f3n. La escasez, debida principalmente a la percepci\u00f3n generalizada de una disminuci\u00f3n de las oportunidades de progreso social, as\u00ed como a los riesgos percibidos de marginaci\u00f3n y control provocados por la evoluci\u00f3n tecnol\u00f3gica, se ve contrarrestada por el surgimiento de la IA, que proyecta hacia el futuro a quienes la utilizan y les da la ilusi\u00f3n de la previsi\u00f3n. Las estructuras democr\u00e1ticas y las instituciones pol\u00edticas se esfuerzan por gestionar esas dos fuerzas opuestas, lo cual crea tensiones que socavan los sistemas democr\u00e1ticos. El resultado es sorprendente: al ciudadano digital, en comparaci\u00f3n con su hom\u00f3logo anal\u00f3gico, se le ofrecen perspectivas deslumbrantes, pero le cuesta hacerlas realidad porque no est\u00e1 preparado para cultivarlas.<\/p>\n","protected":false},"excerpt":{"rendered":"<p>\u00bfC\u00f3mo continuar la democracia en la era del \u00abgobierno algor\u00edtmico\u00bb? Si bien la revoluci\u00f3n de la IA puede albergar la promesa de la aparici\u00f3n de la inteligencia colectiva en nuestras sociedades democr\u00e1ticas, \u00e9stas no parecen estar a\u00fan suficientemente formadas -ni en tecnolog\u00eda digital ni en participaci\u00f3n c\u00edvica-.<\/p>\n","protected":false},"author":1366,"featured_media":19673,"comment_status":"closed","ping_status":"closed","sticky":false,"template":"templates\/post-angles.php","format":"standard","meta":{"_acf_changed":false,"_trash_the_other_posts":false,"_yoast_wpseo_estimated-reading-time-minutes":14,"footnotes":""},"categories":[464],"tags":[],"staff":[585],"editorial_format":[],"serie":[],"audience":[],"geo":[198],"class_list":["post-19669","post","type-post","status-publish","format-standard","hentry","category-poderes-de-la-ia","staff-gianluca-sgueo","geo-mundo"],"acf":{"open_in_webview":false,"accent":false,"_thumbnail_id":19673,"excerpt":"\u00bfC\u00f3mo continuar la democracia en la era del \"gobierno algor\u00edtmico\"? Si bien la revoluci\u00f3n de la IA puede albergar la promesa de la aparici\u00f3n de la inteligencia colectiva en nuestras sociedades democr\u00e1ticas, \u00e9stas no parecen estar a\u00fan suficientemente formadas -ni en tecnolog\u00eda digital ni en participaci\u00f3n c\u00edvica-.","display_date":"","new_abstract":true},"yoast_head":"<!-- This site is optimized with the Yoast SEO plugin v26.1.1 - https:\/\/yoast.com\/wordpress\/plugins\/seo\/ -->\n<title>Asimetr\u00edas: la democracia participativa despu\u00e9s de la IA - El Grand Continent<\/title>\n<meta name=\"robots\" content=\"index, follow, max-snippet:-1, max-image-preview:large, max-video-preview:-1\" \/>\n<link rel=\"canonical\" href=\"https:\/\/legrandcontinent.eu\/es\/2023\/07\/07\/asimetrias-la-democracia-participativa-despues-de-la-ia\/\" \/>\n<meta property=\"og:locale\" content=\"es_ES\" \/>\n<meta property=\"og:type\" content=\"article\" \/>\n<meta property=\"og:title\" content=\"Asimetr\u00edas: la democracia participativa despu\u00e9s de la IA - El Grand Continent\" \/>\n<meta property=\"og:description\" content=\"\u00bfC\u00f3mo continuar la democracia en la era del &quot;gobierno algor\u00edtmico&quot;? Si bien la revoluci\u00f3n de la IA puede albergar la promesa de la aparici\u00f3n de la inteligencia colectiva en nuestras sociedades democr\u00e1ticas, \u00e9stas no parecen estar a\u00fan suficientemente formadas -ni en tecnolog\u00eda digital ni en participaci\u00f3n c\u00edvica-.\" \/>\n<meta property=\"og:url\" content=\"https:\/\/legrandcontinent.eu\/es\/2023\/07\/07\/asimetrias-la-democracia-participativa-despues-de-la-ia\/\" \/>\n<meta property=\"og:site_name\" content=\"El Grand Continent\" \/>\n<meta property=\"article:published_time\" content=\"2023-07-07T11:08:00+00:00\" \/>\n<meta property=\"article:modified_time\" content=\"2023-07-08T15:54:58+00:00\" \/>\n<meta property=\"og:image\" content=\"https:\/\/legrandcontinent.eu\/es\/wp-content\/uploads\/sites\/6\/2023\/07\/gc-elIAdemocracia-scaled.jpg\" \/>\n\t<meta property=\"og:image:width\" content=\"2560\" \/>\n\t<meta property=\"og:image:height\" content=\"1440\" \/>\n\t<meta property=\"og:image:type\" content=\"image\/jpeg\" \/>\n<meta name=\"author\" content=\"florent\" \/>\n<meta name=\"twitter:card\" content=\"summary_large_image\" \/>\n<meta name=\"twitter:image\" content=\"https:\/\/legrandcontinent.eu\/es\/wp-content\/uploads\/sites\/6\/2023\/07\/gc-elIAdemocracia-scaled.jpg\" \/>\n<meta name=\"twitter:label1\" content=\"Escrito por\" \/>\n\t<meta name=\"twitter:data1\" content=\"florent\" \/>\n\t<meta name=\"twitter:label2\" content=\"Tiempo de lectura\" \/>\n\t<meta name=\"twitter:data2\" content=\"14 minutos\" \/>\n<script type=\"application\/ld+json\" class=\"yoast-schema-graph\">{\"@context\":\"https:\/\/schema.org\",\"@graph\":[{\"@type\":\"WebPage\",\"@id\":\"https:\/\/legrandcontinent.eu\/es\/2023\/07\/07\/asimetrias-la-democracia-participativa-despues-de-la-ia\/\",\"url\":\"https:\/\/legrandcontinent.eu\/es\/2023\/07\/07\/asimetrias-la-democracia-participativa-despues-de-la-ia\/\",\"name\":\"Asimetr\u00edas: la democracia participativa despu\u00e9s de la IA - El Grand Continent\",\"isPartOf\":{\"@id\":\"https:\/\/legrandcontinent.eu\/es\/#website\"},\"primaryImageOfPage\":{\"@id\":\"https:\/\/legrandcontinent.eu\/es\/2023\/07\/07\/asimetrias-la-democracia-participativa-despues-de-la-ia\/#primaryimage\"},\"image\":{\"@id\":\"https:\/\/legrandcontinent.eu\/es\/2023\/07\/07\/asimetrias-la-democracia-participativa-despues-de-la-ia\/#primaryimage\"},\"thumbnailUrl\":\"https:\/\/legrandcontinent.eu\/es\/wp-content\/uploads\/sites\/6\/2023\/07\/5458229176_75faece444_o.png\",\"datePublished\":\"2023-07-07T11:08:00+00:00\",\"dateModified\":\"2023-07-08T15:54:58+00:00\",\"author\":{\"@id\":\"https:\/\/legrandcontinent.eu\/es\/#\/schema\/person\/cdd782c93d4a9eda86ab19a8c01cdf5c\"},\"breadcrumb\":{\"@id\":\"https:\/\/legrandcontinent.eu\/es\/2023\/07\/07\/asimetrias-la-democracia-participativa-despues-de-la-ia\/#breadcrumb\"},\"inLanguage\":\"es\",\"potentialAction\":[{\"@type\":\"ReadAction\",\"target\":[\"https:\/\/legrandcontinent.eu\/es\/2023\/07\/07\/asimetrias-la-democracia-participativa-despues-de-la-ia\/\"]}]},{\"@type\":\"ImageObject\",\"inLanguage\":\"es\",\"@id\":\"https:\/\/legrandcontinent.eu\/es\/2023\/07\/07\/asimetrias-la-democracia-participativa-despues-de-la-ia\/#primaryimage\",\"url\":\"https:\/\/legrandcontinent.eu\/es\/wp-content\/uploads\/sites\/6\/2023\/07\/5458229176_75faece444_o.png\",\"contentUrl\":\"https:\/\/legrandcontinent.eu\/es\/wp-content\/uploads\/sites\/6\/2023\/07\/5458229176_75faece444_o.png\",\"width\":3280,\"height\":1616,\"caption\":\"Mikael Hvidtfeldt Christensen, fundador de Syntopia, es un f\u00edsico apasionado por la qu\u00edmica computacional, el arte generativo y los sistemas complejos en general. Sus im\u00e1genes se crean con Structure Synth y Fragmentarium, dos proyectos de c\u00f3digo abierto que est\u00e1 desarrollando actualmente. Mikael Hvidtfeldt Christensen, \\\"Cubic\\\", 2011, CC BY 2.0\"},{\"@type\":\"BreadcrumbList\",\"@id\":\"https:\/\/legrandcontinent.eu\/es\/2023\/07\/07\/asimetrias-la-democracia-participativa-despues-de-la-ia\/#breadcrumb\",\"itemListElement\":[{\"@type\":\"ListItem\",\"position\":1,\"name\":\"Home\",\"item\":\"https:\/\/legrandcontinent.eu\/es\/\"},{\"@type\":\"ListItem\",\"position\":2,\"name\":\"Asimetr\u00edas: la democracia participativa despu\u00e9s de la IA\"}]},{\"@type\":\"WebSite\",\"@id\":\"https:\/\/legrandcontinent.eu\/es\/#website\",\"url\":\"https:\/\/legrandcontinent.eu\/es\/\",\"name\":\"El Grand Continent\",\"description\":\"La escala pertinente\",\"potentialAction\":[{\"@type\":\"SearchAction\",\"target\":{\"@type\":\"EntryPoint\",\"urlTemplate\":\"https:\/\/legrandcontinent.eu\/es\/?s={search_term_string}\"},\"query-input\":{\"@type\":\"PropertyValueSpecification\",\"valueRequired\":true,\"valueName\":\"search_term_string\"}}],\"inLanguage\":\"es\"},{\"@type\":\"Person\",\"@id\":\"https:\/\/legrandcontinent.eu\/es\/#\/schema\/person\/cdd782c93d4a9eda86ab19a8c01cdf5c\",\"name\":\"florent\",\"image\":{\"@type\":\"ImageObject\",\"inLanguage\":\"es\",\"@id\":\"https:\/\/legrandcontinent.eu\/es\/#\/schema\/person\/image\/\",\"url\":\"https:\/\/secure.gravatar.com\/avatar\/0d38d78c90602daf39b309035cdac6bc?s=96&d=mm&r=g\",\"contentUrl\":\"https:\/\/secure.gravatar.com\/avatar\/0d38d78c90602daf39b309035cdac6bc?s=96&d=mm&r=g\",\"caption\":\"florent\"}}]}<\/script>\n<!-- \/ Yoast SEO plugin. -->","yoast_head_json":{"title":"Asimetr\u00edas: la democracia participativa despu\u00e9s de la IA - El Grand Continent","robots":{"index":"index","follow":"follow","max-snippet":"max-snippet:-1","max-image-preview":"max-image-preview:large","max-video-preview":"max-video-preview:-1"},"canonical":"https:\/\/legrandcontinent.eu\/es\/2023\/07\/07\/asimetrias-la-democracia-participativa-despues-de-la-ia\/","og_locale":"es_ES","og_type":"article","og_title":"Asimetr\u00edas: la democracia participativa despu\u00e9s de la IA - El Grand Continent","og_description":"\u00bfC\u00f3mo continuar la democracia en la era del \"gobierno algor\u00edtmico\"? Si bien la revoluci\u00f3n de la IA puede albergar la promesa de la aparici\u00f3n de la inteligencia colectiva en nuestras sociedades democr\u00e1ticas, \u00e9stas no parecen estar a\u00fan suficientemente formadas -ni en tecnolog\u00eda digital ni en participaci\u00f3n c\u00edvica-.","og_url":"https:\/\/legrandcontinent.eu\/es\/2023\/07\/07\/asimetrias-la-democracia-participativa-despues-de-la-ia\/","og_site_name":"El Grand Continent","article_published_time":"2023-07-07T11:08:00+00:00","article_modified_time":"2023-07-08T15:54:58+00:00","og_image":[{"width":2560,"height":1440,"url":"https:\/\/legrandcontinent.eu\/es\/wp-content\/uploads\/sites\/6\/2023\/07\/gc-elIAdemocracia-scaled.jpg","type":"image\/jpeg"}],"author":"florent","twitter_card":"summary_large_image","twitter_image":"https:\/\/legrandcontinent.eu\/es\/wp-content\/uploads\/sites\/6\/2023\/07\/gc-elIAdemocracia-scaled.jpg","twitter_misc":{"Escrito por":"florent","Tiempo de lectura":"14 minutos"},"schema":{"@context":"https:\/\/schema.org","@graph":[{"@type":"WebPage","@id":"https:\/\/legrandcontinent.eu\/es\/2023\/07\/07\/asimetrias-la-democracia-participativa-despues-de-la-ia\/","url":"https:\/\/legrandcontinent.eu\/es\/2023\/07\/07\/asimetrias-la-democracia-participativa-despues-de-la-ia\/","name":"Asimetr\u00edas: la democracia participativa despu\u00e9s de la IA - El Grand Continent","isPartOf":{"@id":"https:\/\/legrandcontinent.eu\/es\/#website"},"primaryImageOfPage":{"@id":"https:\/\/legrandcontinent.eu\/es\/2023\/07\/07\/asimetrias-la-democracia-participativa-despues-de-la-ia\/#primaryimage"},"image":{"@id":"https:\/\/legrandcontinent.eu\/es\/2023\/07\/07\/asimetrias-la-democracia-participativa-despues-de-la-ia\/#primaryimage"},"thumbnailUrl":"https:\/\/legrandcontinent.eu\/es\/wp-content\/uploads\/sites\/6\/2023\/07\/5458229176_75faece444_o.png","datePublished":"2023-07-07T11:08:00+00:00","dateModified":"2023-07-08T15:54:58+00:00","author":{"@id":"https:\/\/legrandcontinent.eu\/es\/#\/schema\/person\/cdd782c93d4a9eda86ab19a8c01cdf5c"},"breadcrumb":{"@id":"https:\/\/legrandcontinent.eu\/es\/2023\/07\/07\/asimetrias-la-democracia-participativa-despues-de-la-ia\/#breadcrumb"},"inLanguage":"es","potentialAction":[{"@type":"ReadAction","target":["https:\/\/legrandcontinent.eu\/es\/2023\/07\/07\/asimetrias-la-democracia-participativa-despues-de-la-ia\/"]}]},{"@type":"ImageObject","inLanguage":"es","@id":"https:\/\/legrandcontinent.eu\/es\/2023\/07\/07\/asimetrias-la-democracia-participativa-despues-de-la-ia\/#primaryimage","url":"https:\/\/legrandcontinent.eu\/es\/wp-content\/uploads\/sites\/6\/2023\/07\/5458229176_75faece444_o.png","contentUrl":"https:\/\/legrandcontinent.eu\/es\/wp-content\/uploads\/sites\/6\/2023\/07\/5458229176_75faece444_o.png","width":3280,"height":1616,"caption":"Mikael Hvidtfeldt Christensen, fundador de Syntopia, es un f\u00edsico apasionado por la qu\u00edmica computacional, el arte generativo y los sistemas complejos en general. Sus im\u00e1genes se crean con Structure Synth y Fragmentarium, dos proyectos de c\u00f3digo abierto que est\u00e1 desarrollando actualmente. Mikael Hvidtfeldt Christensen, \"Cubic\", 2011, CC BY 2.0"},{"@type":"BreadcrumbList","@id":"https:\/\/legrandcontinent.eu\/es\/2023\/07\/07\/asimetrias-la-democracia-participativa-despues-de-la-ia\/#breadcrumb","itemListElement":[{"@type":"ListItem","position":1,"name":"Home","item":"https:\/\/legrandcontinent.eu\/es\/"},{"@type":"ListItem","position":2,"name":"Asimetr\u00edas: la democracia participativa despu\u00e9s de la IA"}]},{"@type":"WebSite","@id":"https:\/\/legrandcontinent.eu\/es\/#website","url":"https:\/\/legrandcontinent.eu\/es\/","name":"El Grand Continent","description":"La escala pertinente","potentialAction":[{"@type":"SearchAction","target":{"@type":"EntryPoint","urlTemplate":"https:\/\/legrandcontinent.eu\/es\/?s={search_term_string}"},"query-input":{"@type":"PropertyValueSpecification","valueRequired":true,"valueName":"search_term_string"}}],"inLanguage":"es"},{"@type":"Person","@id":"https:\/\/legrandcontinent.eu\/es\/#\/schema\/person\/cdd782c93d4a9eda86ab19a8c01cdf5c","name":"florent","image":{"@type":"ImageObject","inLanguage":"es","@id":"https:\/\/legrandcontinent.eu\/es\/#\/schema\/person\/image\/","url":"https:\/\/secure.gravatar.com\/avatar\/0d38d78c90602daf39b309035cdac6bc?s=96&d=mm&r=g","contentUrl":"https:\/\/secure.gravatar.com\/avatar\/0d38d78c90602daf39b309035cdac6bc?s=96&d=mm&r=g","caption":"florent"}}]}},"lgc_categories":[{"id":464,"name":"Poderes de la IA","slug":"poderes-de-la-ia"}],"lgc_author":{"id":585,"name":"Gianluca Sgueo","slug":"gianluca-sgueo","description":null,"first_name":null,"last_name":null,"picture":null},"feature_image_summary":{"url":"https:\/\/legrandcontinent.eu\/es\/wp-content\/uploads\/sites\/6\/2023\/07\/5458229176_75faece444_o.png","width":3280,"height":1616,"alt":""},"feature_image_cover":{"url":"https:\/\/legrandcontinent.eu\/es\/wp-content\/uploads\/sites\/6\/2023\/07\/5458229176_75faece444_o.png","width":3280,"height":1616,"alt":""},"term_position_data":null,"_links":{"self":[{"href":"https:\/\/legrandcontinent.eu\/es\/wp-json\/wp\/v2\/posts\/19669","targetHints":{"allow":["GET"]}}],"collection":[{"href":"https:\/\/legrandcontinent.eu\/es\/wp-json\/wp\/v2\/posts"}],"about":[{"href":"https:\/\/legrandcontinent.eu\/es\/wp-json\/wp\/v2\/types\/post"}],"author":[{"embeddable":true,"href":"https:\/\/legrandcontinent.eu\/es\/wp-json\/wp\/v2\/users\/1366"}],"replies":[{"embeddable":true,"href":"https:\/\/legrandcontinent.eu\/es\/wp-json\/wp\/v2\/comments?post=19669"}],"version-history":[{"count":0,"href":"https:\/\/legrandcontinent.eu\/es\/wp-json\/wp\/v2\/posts\/19669\/revisions"}],"wp:featuredmedia":[{"embeddable":true,"href":"https:\/\/legrandcontinent.eu\/es\/wp-json\/wp\/v2\/media\/19673"}],"wp:attachment":[{"href":"https:\/\/legrandcontinent.eu\/es\/wp-json\/wp\/v2\/media?parent=19669"}],"wp:term":[{"taxonomy":"category","embeddable":true,"href":"https:\/\/legrandcontinent.eu\/es\/wp-json\/wp\/v2\/categories?post=19669"},{"taxonomy":"post_tag","embeddable":true,"href":"https:\/\/legrandcontinent.eu\/es\/wp-json\/wp\/v2\/tags?post=19669"},{"taxonomy":"staff","embeddable":true,"href":"https:\/\/legrandcontinent.eu\/es\/wp-json\/wp\/v2\/staff?post=19669"},{"taxonomy":"editorial_format","embeddable":true,"href":"https:\/\/legrandcontinent.eu\/es\/wp-json\/wp\/v2\/editorial_format?post=19669"},{"taxonomy":"serie","embeddable":true,"href":"https:\/\/legrandcontinent.eu\/es\/wp-json\/wp\/v2\/serie?post=19669"},{"taxonomy":"audience","embeddable":true,"href":"https:\/\/legrandcontinent.eu\/es\/wp-json\/wp\/v2\/audience?post=19669"},{"taxonomy":"geo","embeddable":true,"href":"https:\/\/legrandcontinent.eu\/es\/wp-json\/wp\/v2\/geo?post=19669"}],"curies":[{"name":"wp","href":"https:\/\/api.w.org\/{rel}","templated":true}]}}