{"id":19663,"date":"2023-07-07T16:05:00","date_gmt":"2023-07-07T15:05:00","guid":{"rendered":"https:\/\/legrandcontinent.eu\/es\/?p=19663"},"modified":"2023-07-08T16:26:29","modified_gmt":"2023-07-08T15:26:29","slug":"oposicion-liderada-por-pekin-al-vertido-de-agua-en-el-mar-de-la-central-de-fukushima","status":"publish","type":"post","link":"https:\/\/legrandcontinent.eu\/es\/2023\/07\/07\/oposicion-liderada-por-pekin-al-vertido-de-agua-en-el-mar-de-la-central-de-fukushima\/","title":{"rendered":"Oposici\u00f3n liderada por Pek\u00edn al vertido de agua en el mar de la central de Fukushima"},"content":{"rendered":"\n<p>Tras la cat\u00e1strofe nuclear de Fukushima en marzo de 2011, el operador de la central, TEPCO (Tokyo Electric Power Company), habilit\u00f3 unos mil tanques con un total de hasta 1,25 millones de metros c\u00fabicos de agua para enfriar el combustible fundido y los restos de combustible. Aunque este espacio de almacenamiento pronto estar\u00e1 lleno, el gobierno japon\u00e9s ha presentado un plan para verter esta agua al mar en 2021.<\/p>\n\n\n\n<div class=\"iframe-container wp-block-image wp-block-image-medium  iframe-dw\">\n\t<div>\n\t\t<iframe class=\"absolute w-full h-full pin-t pin-l\" title=\"titolo\" aria-label=\"Interactive line chart\" src=\"\/\/datawrapper.dwcdn.net\/2JgMD\/\" scrolling=\"no\" frameborder=\"0\"><\/iframe>\n\t<\/div>\n<\/div>\n\n\n\n<ul class=\"wp-block-list\">\n<li>Para apoyar el trabajo del grupo de trabajo del Organismo Internacional de Energ\u00eda At\u00f3mica (OIEA) creado para examinar el plan del gobierno japon\u00e9s, se han asignado expertos de 11 pa\u00edses para que aporten su experiencia en cuestiones t\u00e9cnicas.<\/li>\n\n\n\n<li>La mayor\u00eda de estos expertos proceden de las principales potencias nucleares civiles (principalmente Estados Unidos, China y Francia), pero tambi\u00e9n hay expertos de otros pa\u00edses de la regi\u00f3n (Vietnam, Australia y Corea del Sur, que explota varias centrales).<\/li>\n<\/ul>\n\n\n\n<div class=\"iframe-container wp-block-image wp-block-image-medium  iframe-dw\">\n\t<div>\n\t\t<iframe class=\"absolute w-full h-full pin-t pin-l\" title=\"titolo\" aria-label=\"Interactive line chart\" src=\"\/\/datawrapper.dwcdn.net\/PiHlm\/\" scrolling=\"no\" frameborder=\"0\"><\/iframe>\n\t<\/div>\n<\/div>\n\n\n\n<p>Aunque la comunidad cient\u00edfica est\u00e1 de acuerdo en que los riesgos para la salud derivados del vertido al mar del agua utilizada para refrigerar la central -que se filtrar\u00e1 a trav\u00e9s de un sistema avanzado de procesamiento de l\u00edquidos (ALPS)&nbsp;<span class='whitespace-nowrap'><span id='easy-footnote-1-19663' class='easy-footnote-margin-adjust'><\/span><span class='easy-footnote'><a href='https:\/\/legrandcontinent.eu\/es\/2023\/07\/07\/oposicion-liderada-por-pekin-al-vertido-de-agua-en-el-mar-de-la-central-de-fukushima\/#easy-footnote-bottom-1-19663' title='&lt;a href=&quot;https:\/\/www.iaea.org\/topics\/response\/fukushima-daiichi-nuclear-accident\/fukushima-daiichi-alps-treated-water-discharge\/faq&quot;&gt;Fukushima Daiichi ALPS Treated Water Discharge&lt;\/a&gt;, Organismo Internacional de la Energ\u00eda At\u00f3mica.'><sup>1<\/sup><\/a><\/span><\/span>&#8211; ser\u00e1n muy bajos; gobiernos, ONG y expertos critican la falta de transparencia del Gobierno japon\u00e9s y de TEPCO&nbsp;<span class='whitespace-nowrap'><span id='easy-footnote-2-19663' class='easy-footnote-margin-adjust'><\/span><span class='easy-footnote'><a href='https:\/\/legrandcontinent.eu\/es\/2023\/07\/07\/oposicion-liderada-por-pekin-al-vertido-de-agua-en-el-mar-de-la-central-de-fukushima\/#easy-footnote-bottom-2-19663' title='Motoko Rich y Choe Sang-Hun, \u00ab &lt;a href=&quot;https:\/\/www.nytimes.com\/2023\/07\/04\/world\/asia\/japan-fukushima-water-iaea.html&quot;&gt;Scientists Say Fukushima Water Is Safe, but Radiation Fears Persist&lt;\/a&gt; \u00bb, &lt;em&gt;The New York Times&lt;\/em&gt;, 4 de julio de 2023.'><sup>2<\/sup><\/a><\/span><\/span>. Las principales preocupaciones se refieren a la presencia de tritio en esta agua, aunque las centrales nucleares liberan tritio regularmente como parte de sus procedimientos operativos normales, a veces a niveles mucho m\u00e1s altos que los estimados para la central de Fukushima&nbsp;<span class='whitespace-nowrap'><span id='easy-footnote-3-19663' class='easy-footnote-margin-adjust'><\/span><span class='easy-footnote'><a href='https:\/\/legrandcontinent.eu\/es\/2023\/07\/07\/oposicion-liderada-por-pekin-al-vertido-de-agua-en-el-mar-de-la-central-de-fukushima\/#easy-footnote-bottom-3-19663' title='Bianca Nogrady, \u00ab &lt;a href=&quot;https:\/\/www.nature.com\/articles\/d41586-023-02057-y&quot;&gt;Is Fukushima wastewater release safe? What the science says&lt;\/a&gt; \u00bb, &lt;em&gt;Nature&lt;\/em&gt;, 22 de junio de 2023. El Comit\u00e9 Cient\u00edfico de las Naciones Unidas para el Estudio de los Efectos de las Radiaciones At\u00f3micas (UNSCEAR) estima que las pruebas de armas nucleares realizadas entre 1945 y 1980 provocaron la liberaci\u00f3n de unos 200.000 petabecquereles (PBq) de tritio, mientras que la media anual de emisiones de tritio de las instalaciones nucleares se sit\u00faa entre 12 y 16 PBq, cf. &lt;a href=&quot;https:\/\/www.iaea.org\/sites\/default\/files\/iaea_comprehensive_alps_report.pdf&quot;&gt;IAEA Comprehensive Report on the Safety Review of the ALPS Treated Water at TEPCO\u2019s Fukushima Daiichi nuclear Power Station (FDNPS)&lt;\/a&gt;, Organismo Internacional de la Energ\u00eda At\u00f3mica, 4 de julio de 2023.'><sup>3<\/sup><\/a><\/span><\/span>.<\/p>\n\n\n\n<div class=\"iframe-container wp-block-image wp-block-image-medium  iframe-dw\">\n\t<div>\n\t\t<iframe class=\"absolute w-full h-full pin-t pin-l\" title=\"titolo\" aria-label=\"Interactive line chart\" src=\"\/\/datawrapper.dwcdn.net\/je08F\/\" scrolling=\"no\" frameborder=\"0\"><\/iframe>\n\t<\/div>\n<\/div>\n\n\n\n<p>China ha denunciado un \u00abplan irresponsable, impopular y unilateral\u00bb y cree que Jap\u00f3n y Estados Unidos han organizado conjuntamente una campa\u00f1a destinada a \u00abmarginar las voces que se oponen a este proyecto\u00bb&nbsp;<span class='whitespace-nowrap'><span id='easy-footnote-4-19663' class='easy-footnote-margin-adjust'><\/span><span class='easy-footnote'><a href='https:\/\/legrandcontinent.eu\/es\/2023\/07\/07\/oposicion-liderada-por-pekin-al-vertido-de-agua-en-el-mar-de-la-central-de-fukushima\/#easy-footnote-bottom-4-19663' title='\u00ab &lt;a href=&quot;https:\/\/www.reuters.com\/world\/asia-pacific\/how-japan-plans-release-contaminated-fukushima-water-into-ocean-2023-07-04\/&quot;&gt;How Japan plans to release Fukushima water into the ocean&lt;\/a&gt; \u00bb, &lt;em&gt;Reuters&lt;\/em&gt;, 4 de julio de 2023 y \u00ab &lt;a href=&quot;https:\/\/www.globaltimes.cn\/page\/202307\/1293596.shtml&quot;&gt;International community cannot tolerate Japan\u2019s nuclear-contaminated water dumping: Global Times editorial&lt;\/a&gt; \u00bb, &lt;em&gt;Global Times&lt;\/em&gt;, 3 de julio de 2023.'><sup>4<\/sup><\/a><\/span><\/span>.<\/p>\n\n\n\n<ul class=\"wp-block-list\">\n<li>Pek\u00edn, que el viernes 7 de julio anunci\u00f3 un embargo sobre los productos alimentarios procedentes de Fukushima y de otras nueve prefecturas japonesas \u00abpara evitar la entrada en el pa\u00eds de alimentos contaminados y proteger a los consumidores chinos\u00bb, se opone en\u00e9rgicamente al plan de Tokio y est\u00e1 llevando a cabo una campa\u00f1a para se\u00f1alar su impopularidad en Asia oriental y sudoriental&nbsp;<span class='whitespace-nowrap'><span id='easy-footnote-5-19663' class='easy-footnote-margin-adjust'><\/span><span class='easy-footnote'><a href='https:\/\/legrandcontinent.eu\/es\/2023\/07\/07\/oposicion-liderada-por-pekin-al-vertido-de-agua-en-el-mar-de-la-central-de-fukushima\/#easy-footnote-bottom-5-19663' title='\u00ab &lt;a href=&quot;https:\/\/english.news.cn\/20230707\/ec2b66af93014f279ac713f0517d74ea\/c.html&quot;&gt;China to ban imports of food products from Fukushima in Japan: GAC&lt;\/a&gt; \u00bb, &lt;em&gt;Xinhua&lt;\/em&gt;, 7 de julio de 2023.'><sup>5<\/sup><\/a><\/span><\/span>.<\/li>\n\n\n\n<li>Unas horas antes del inicio de la visita a Jap\u00f3n del director del OIEA, Rafael Mariano Grossi, el <em>Global Times<\/em> public\u00f3 los resultados de una encuesta realizada por el tabloide en 11 pa\u00edses de la regi\u00f3n. Seg\u00fan la encuesta, el 86% de los encuestados ve\u00eda negativamente la decisi\u00f3n de Tokio, y el 53% afirm\u00f3 que ya no comprar\u00eda ni comer\u00eda marisco capturado en Jap\u00f3n&nbsp;<span class='whitespace-nowrap'><span id='easy-footnote-6-19663' class='easy-footnote-margin-adjust'><\/span><span class='easy-footnote'><a href='https:\/\/legrandcontinent.eu\/es\/2023\/07\/07\/oposicion-liderada-por-pekin-al-vertido-de-agua-en-el-mar-de-la-central-de-fukushima\/#easy-footnote-bottom-6-19663' title='\u00ab &lt;a href=&quot;https:\/\/www.globaltimes.cn\/page\/202307\/1293659.shtml&quot;&gt;GT survey: Over 80% of respondents think Japan&amp;#8217;s nuclear-contaminated water dump plan &amp;#8216;irresponsible&amp;#8217;&lt;\/a&gt; \u00bb, &lt;em&gt;Global Times&lt;\/em&gt;, 4 de julio de 2023.'><sup>6<\/sup><\/a><\/span><\/span>.<\/li>\n\n\n\n<li>Estos resultados son similares a los de una encuesta realizada en Corea del Sur por el Instituto Gallup, seg\u00fan la cual el 78% de los surcoreanos estaban \u00abpreocupados\u00bb por el vertido de agua de Fukushima&nbsp;<span class='whitespace-nowrap'><span id='easy-footnote-7-19663' class='easy-footnote-margin-adjust'><\/span><span class='easy-footnote'><a href='https:\/\/legrandcontinent.eu\/es\/2023\/07\/07\/oposicion-liderada-por-pekin-al-vertido-de-agua-en-el-mar-de-la-central-de-fukushima\/#easy-footnote-bottom-7-19663' title='\u00ab &lt;a href=&quot;https:\/\/www3.nhk.or.jp\/nhkworld\/en\/news\/20230630_20\/&quot;&gt;Poll: Nearly 80% of S.Koreans worried about Fukushima treated water release&lt;\/a&gt; \u00bb, &lt;em&gt;NHK&lt;\/em&gt;, 30 de junio de 2023.'><sup>7<\/sup><\/a><\/span><\/span> en el mar. Las opiniones est\u00e1n m\u00e1s divididas en Jap\u00f3n, donde el 45% de la poblaci\u00f3n apoya el plan y el 40% se opone.<\/li>\n<\/ul>\n\n\n\n<p>Aunque Corea del Sur y Taiw\u00e1n se opusieron inicialmente al plan de Tokio&nbsp;<span class='whitespace-nowrap'><span id='easy-footnote-8-19663' class='easy-footnote-margin-adjust'><\/span><span class='easy-footnote'><a href='https:\/\/legrandcontinent.eu\/es\/2023\/07\/07\/oposicion-liderada-por-pekin-al-vertido-de-agua-en-el-mar-de-la-central-de-fukushima\/#easy-footnote-bottom-8-19663' title='Aaron Clark, \u00ab &lt;a href=&quot;https:\/\/www.bloomberg.com\/news\/articles\/2021-04-12\/japan-to-dump-treated-radioactive-fukushima-water-into-ocean&quot;&gt;U.S. Friends Join China in Ripping Japan Plan on Fukushima Water&lt;\/a&gt; \u00bb, &lt;em&gt;Bloomberg&lt;\/em&gt;, 12 de abril de 2021.'><sup>8<\/sup><\/a><\/span><\/span>, las recientes declaraciones del gobierno de Se\u00fal y del Consejo de Energ\u00eda At\u00f3mica de Taiw\u00e1n indican que ambos pa\u00edses consideran ahora que el plan es \u00abconforme a las normas internacionales\u00bb&nbsp;<span class='whitespace-nowrap'><span id='easy-footnote-9-19663' class='easy-footnote-margin-adjust'><\/span><span class='easy-footnote'><a href='https:\/\/legrandcontinent.eu\/es\/2023\/07\/07\/oposicion-liderada-por-pekin-al-vertido-de-agua-en-el-mar-de-la-central-de-fukushima\/#easy-footnote-bottom-9-19663' title='Jessie Yeung, Mayumi Maruyama y Emiko Jozuka, \u00ab &lt;a href=&quot;https:\/\/edition.cnn.com\/2023\/07\/04\/asia\/japan-fukushima-wastewater-explainer-intl-hnk\/index.html&quot;&gt;Japan will soon release Fukushima radioactive water into the ocean. How worried should we be?&lt;\/a&gt; \u00bb, &lt;em&gt;CNN&lt;\/em&gt;, 5 de julio de 2023 y Hyunsu Yim y Soo-Hyang Choi, \u00ab &lt;a href=&quot;https:\/\/www.reuters.com\/world\/asia-pacific\/south-korea-says-respects-iaea-review-japans-fukushima-wastewater-plan-2023-07-07\/&quot;&gt;South Korea says Japan&amp;#8217;s water release plan meets standards&lt;\/a&gt; \u00bb, &lt;em&gt;Reuters&lt;\/em&gt;, 7 de julio de 2023.'><sup>9<\/sup><\/a><\/span><\/span>.<\/p>\n\n\n\n<div class=\"iframe-container wp-block-image wp-block-image-medium  iframe-dw\">\n\t<div>\n\t\t<iframe class=\"absolute w-full h-full pin-t pin-l\" title=\"titolo\" aria-label=\"Interactive line chart\" src=\"\/\/datawrapper.dwcdn.net\/XVK7j\/\" scrolling=\"no\" frameborder=\"0\"><\/iframe>\n\t<\/div>\n<\/div>\n\n\n\n<p>La oposici\u00f3n la encabezan ahora Pek\u00edn y el <a href=\"https:\/\/legrandcontinent.eu\/es\/2022\/07\/15\/foro-de-las-islas-del-pacifico-calentamiento-global-y-rivalidad-entre-china-y-estados-unidos\/\">Foro de las Islas del Pac\u00edfico<\/a> (FIP), que re\u00fane a 18 Estados oce\u00e1nicos y a dos autoridades locales francesas: Nueva Caledonia y la Polinesia Francesa. En junio, Henry Puna, Secretario General del Foro y ex Primer Ministro de las Islas Cook, pidi\u00f3 un aplazamiento m\u00e1s prolongado antes del inicio de la aplicaci\u00f3n del plan -que podr\u00eda comenzar este mismo verano- con el fin de llevar a cabo m\u00e1s\u00a0 \u00abevaluaciones cient\u00edficas independientes y verificables\u00bb&nbsp;<span class='whitespace-nowrap'><span id='easy-footnote-10-19663' class='easy-footnote-margin-adjust'><\/span><span class='easy-footnote'><a href='https:\/\/legrandcontinent.eu\/es\/2023\/07\/07\/oposicion-liderada-por-pekin-al-vertido-de-agua-en-el-mar-de-la-central-de-fukushima\/#easy-footnote-bottom-10-19663' title='&lt;a href=&quot;https:\/\/www.forumsec.org\/2023\/06\/26\/statement-pacific-islands-forum-secretary-general-henry-puna-on-the-fukushima-treated-nuclear-wastewater\/?fbclid=IwAR0qj7Dbc8vZGOEWXfy-lGZ3d9V2cl3rF6hO3tUhq3Nm0UAbVnzQ5imA7f0&quot;&gt;Pacific Islands Forum Secretary General Henry Puna On the Fukushima Treated Nuclear Wastewater&lt;\/a&gt;, Foro de las Islas del Pac\u00edfico, 26 de junio de 2023.'><sup>10<\/sup><\/a><\/span><\/span>.<\/p>\n","protected":false},"excerpt":{"rendered":"<p>El martes 4 de julio, el director del Organismo Internacional de Energ\u00eda At\u00f3mica anunci\u00f3 que el plan de verter al mar el agua tratada almacenada en la central nuclear de Fukushima cumpl\u00eda las normas de seguridad del OIEA. Aunque Corea del Sur y Taiw\u00e1n ya no se oponen al plan, China ha tomado la iniciativa de oponerse al plan de Tokio.<\/p>\n","protected":false},"author":1366,"featured_media":19664,"comment_status":"closed","ping_status":"","sticky":false,"template":"templates\/post-briefings.php","format":"standard","meta":{"_acf_changed":false,"_trash_the_other_posts":false,"_yoast_wpseo_estimated-reading-time-minutes":5,"footnotes":""},"categories":[98],"tags":[],"staff":[],"editorial_format":[],"serie":[],"audience":[],"geo":[197],"class_list":["post-19663","post","type-post","status-publish","format-standard","hentry","category-energia-y-medio-ambiente","geo-asia-oriental"],"acf":{"open_in_webview":false,"accent":false,"_thumbnail_id":19664,"excerpt":"El martes 4 de julio, el director del Organismo Internacional de Energ\u00eda At\u00f3mica anunci\u00f3 que el plan de verter al mar el agua tratada almacenada en la central nuclear de Fukushima cumpl\u00eda las normas de seguridad del OIEA. Aunque Corea del Sur y Taiw\u00e1n ya no se oponen al plan, China ha tomado la iniciativa de oponerse al plan de Tokio.","display_date":"","new_abstract":true},"yoast_head":"<!-- This site is optimized with the Yoast SEO plugin v26.1.1 - https:\/\/yoast.com\/wordpress\/plugins\/seo\/ -->\n<title>Oposici\u00f3n liderada por Pek\u00edn al vertido de agua en el mar de la central de Fukushima - El Grand Continent<\/title>\n<meta name=\"robots\" content=\"index, follow, max-snippet:-1, max-image-preview:large, max-video-preview:-1\" \/>\n<link rel=\"canonical\" href=\"https:\/\/legrandcontinent.eu\/es\/2023\/07\/07\/oposicion-liderada-por-pekin-al-vertido-de-agua-en-el-mar-de-la-central-de-fukushima\/\" \/>\n<meta property=\"og:locale\" content=\"es_ES\" \/>\n<meta property=\"og:type\" content=\"article\" \/>\n<meta property=\"og:title\" content=\"Oposici\u00f3n liderada por Pek\u00edn al vertido de agua en el mar de la central de Fukushima - El Grand Continent\" \/>\n<meta property=\"og:description\" content=\"El martes 4 de julio, el director del Organismo Internacional de Energ\u00eda At\u00f3mica anunci\u00f3 que el plan de verter al mar el agua tratada almacenada en la central nuclear de Fukushima cumpl\u00eda las normas de seguridad del OIEA. Aunque Corea del Sur y Taiw\u00e1n ya no se oponen al plan, China ha tomado la iniciativa de oponerse al plan de Tokio.\" \/>\n<meta property=\"og:url\" content=\"https:\/\/legrandcontinent.eu\/es\/2023\/07\/07\/oposicion-liderada-por-pekin-al-vertido-de-agua-en-el-mar-de-la-central-de-fukushima\/\" \/>\n<meta property=\"og:site_name\" content=\"El Grand Continent\" \/>\n<meta property=\"article:published_time\" content=\"2023-07-07T15:05:00+00:00\" \/>\n<meta property=\"article:modified_time\" content=\"2023-07-08T15:26:29+00:00\" \/>\n<meta property=\"og:image\" content=\"https:\/\/legrandcontinent.eu\/es\/wp-content\/uploads\/sites\/6\/2023\/07\/Capture-decran-2023-07-08-a-17.25.38.png\" \/>\n\t<meta property=\"og:image:width\" content=\"1436\" \/>\n\t<meta property=\"og:image:height\" content=\"542\" \/>\n\t<meta property=\"og:image:type\" content=\"image\/png\" \/>\n<meta name=\"author\" content=\"florent\" \/>\n<meta name=\"twitter:card\" content=\"summary_large_image\" \/>\n<meta name=\"twitter:image\" content=\"https:\/\/legrandcontinent.eu\/es\/wp-content\/uploads\/sites\/6\/2023\/07\/Capture-decran-2023-07-08-a-17.25.38.png\" \/>\n<meta name=\"twitter:label1\" content=\"Escrito por\" \/>\n\t<meta name=\"twitter:data1\" content=\"florent\" \/>\n\t<meta name=\"twitter:label2\" content=\"Tiempo de lectura\" \/>\n\t<meta name=\"twitter:data2\" content=\"5 minutos\" \/>\n<script type=\"application\/ld+json\" class=\"yoast-schema-graph\">{\"@context\":\"https:\/\/schema.org\",\"@graph\":[{\"@type\":\"WebPage\",\"@id\":\"https:\/\/legrandcontinent.eu\/es\/2023\/07\/07\/oposicion-liderada-por-pekin-al-vertido-de-agua-en-el-mar-de-la-central-de-fukushima\/\",\"url\":\"https:\/\/legrandcontinent.eu\/es\/2023\/07\/07\/oposicion-liderada-por-pekin-al-vertido-de-agua-en-el-mar-de-la-central-de-fukushima\/\",\"name\":\"Oposici\u00f3n liderada por Pek\u00edn al vertido de agua en el mar de la central de Fukushima - El Grand Continent\",\"isPartOf\":{\"@id\":\"https:\/\/legrandcontinent.eu\/es\/#website\"},\"primaryImageOfPage\":{\"@id\":\"https:\/\/legrandcontinent.eu\/es\/2023\/07\/07\/oposicion-liderada-por-pekin-al-vertido-de-agua-en-el-mar-de-la-central-de-fukushima\/#primaryimage\"},\"image\":{\"@id\":\"https:\/\/legrandcontinent.eu\/es\/2023\/07\/07\/oposicion-liderada-por-pekin-al-vertido-de-agua-en-el-mar-de-la-central-de-fukushima\/#primaryimage\"},\"thumbnailUrl\":\"https:\/\/legrandcontinent.eu\/es\/wp-content\/uploads\/sites\/6\/2023\/07\/Capture-decran-2023-07-08-a-17.25.38.png\",\"datePublished\":\"2023-07-07T15:05:00+00:00\",\"dateModified\":\"2023-07-08T15:26:29+00:00\",\"author\":{\"@id\":\"https:\/\/legrandcontinent.eu\/es\/#\/schema\/person\/cdd782c93d4a9eda86ab19a8c01cdf5c\"},\"breadcrumb\":{\"@id\":\"https:\/\/legrandcontinent.eu\/es\/2023\/07\/07\/oposicion-liderada-por-pekin-al-vertido-de-agua-en-el-mar-de-la-central-de-fukushima\/#breadcrumb\"},\"inLanguage\":\"es\",\"potentialAction\":[{\"@type\":\"ReadAction\",\"target\":[\"https:\/\/legrandcontinent.eu\/es\/2023\/07\/07\/oposicion-liderada-por-pekin-al-vertido-de-agua-en-el-mar-de-la-central-de-fukushima\/\"]}]},{\"@type\":\"ImageObject\",\"inLanguage\":\"es\",\"@id\":\"https:\/\/legrandcontinent.eu\/es\/2023\/07\/07\/oposicion-liderada-por-pekin-al-vertido-de-agua-en-el-mar-de-la-central-de-fukushima\/#primaryimage\",\"url\":\"https:\/\/legrandcontinent.eu\/es\/wp-content\/uploads\/sites\/6\/2023\/07\/Capture-decran-2023-07-08-a-17.25.38.png\",\"contentUrl\":\"https:\/\/legrandcontinent.eu\/es\/wp-content\/uploads\/sites\/6\/2023\/07\/Capture-decran-2023-07-08-a-17.25.38.png\",\"width\":1436,\"height\":542},{\"@type\":\"BreadcrumbList\",\"@id\":\"https:\/\/legrandcontinent.eu\/es\/2023\/07\/07\/oposicion-liderada-por-pekin-al-vertido-de-agua-en-el-mar-de-la-central-de-fukushima\/#breadcrumb\",\"itemListElement\":[{\"@type\":\"ListItem\",\"position\":1,\"name\":\"Home\",\"item\":\"https:\/\/legrandcontinent.eu\/es\/\"},{\"@type\":\"ListItem\",\"position\":2,\"name\":\"Oposici\u00f3n liderada por Pek\u00edn al vertido de agua en el mar de la central de Fukushima\"}]},{\"@type\":\"WebSite\",\"@id\":\"https:\/\/legrandcontinent.eu\/es\/#website\",\"url\":\"https:\/\/legrandcontinent.eu\/es\/\",\"name\":\"El Grand Continent\",\"description\":\"La escala pertinente\",\"potentialAction\":[{\"@type\":\"SearchAction\",\"target\":{\"@type\":\"EntryPoint\",\"urlTemplate\":\"https:\/\/legrandcontinent.eu\/es\/?s={search_term_string}\"},\"query-input\":{\"@type\":\"PropertyValueSpecification\",\"valueRequired\":true,\"valueName\":\"search_term_string\"}}],\"inLanguage\":\"es\"},{\"@type\":\"Person\",\"@id\":\"https:\/\/legrandcontinent.eu\/es\/#\/schema\/person\/cdd782c93d4a9eda86ab19a8c01cdf5c\",\"name\":\"florent\",\"image\":{\"@type\":\"ImageObject\",\"inLanguage\":\"es\",\"@id\":\"https:\/\/legrandcontinent.eu\/es\/#\/schema\/person\/image\/\",\"url\":\"https:\/\/secure.gravatar.com\/avatar\/0d38d78c90602daf39b309035cdac6bc?s=96&d=mm&r=g\",\"contentUrl\":\"https:\/\/secure.gravatar.com\/avatar\/0d38d78c90602daf39b309035cdac6bc?s=96&d=mm&r=g\",\"caption\":\"florent\"}}]}<\/script>\n<!-- \/ Yoast SEO plugin. -->","yoast_head_json":{"title":"Oposici\u00f3n liderada por Pek\u00edn al vertido de agua en el mar de la central de Fukushima - El Grand Continent","robots":{"index":"index","follow":"follow","max-snippet":"max-snippet:-1","max-image-preview":"max-image-preview:large","max-video-preview":"max-video-preview:-1"},"canonical":"https:\/\/legrandcontinent.eu\/es\/2023\/07\/07\/oposicion-liderada-por-pekin-al-vertido-de-agua-en-el-mar-de-la-central-de-fukushima\/","og_locale":"es_ES","og_type":"article","og_title":"Oposici\u00f3n liderada por Pek\u00edn al vertido de agua en el mar de la central de Fukushima - El Grand Continent","og_description":"El martes 4 de julio, el director del Organismo Internacional de Energ\u00eda At\u00f3mica anunci\u00f3 que el plan de verter al mar el agua tratada almacenada en la central nuclear de Fukushima cumpl\u00eda las normas de seguridad del OIEA. Aunque Corea del Sur y Taiw\u00e1n ya no se oponen al plan, China ha tomado la iniciativa de oponerse al plan de Tokio.","og_url":"https:\/\/legrandcontinent.eu\/es\/2023\/07\/07\/oposicion-liderada-por-pekin-al-vertido-de-agua-en-el-mar-de-la-central-de-fukushima\/","og_site_name":"El Grand Continent","article_published_time":"2023-07-07T15:05:00+00:00","article_modified_time":"2023-07-08T15:26:29+00:00","og_image":[{"width":1436,"height":542,"url":"https:\/\/legrandcontinent.eu\/es\/wp-content\/uploads\/sites\/6\/2023\/07\/Capture-decran-2023-07-08-a-17.25.38.png","type":"image\/png"}],"author":"florent","twitter_card":"summary_large_image","twitter_image":"https:\/\/legrandcontinent.eu\/es\/wp-content\/uploads\/sites\/6\/2023\/07\/Capture-decran-2023-07-08-a-17.25.38.png","twitter_misc":{"Escrito por":"florent","Tiempo de lectura":"5 minutos"},"schema":{"@context":"https:\/\/schema.org","@graph":[{"@type":"WebPage","@id":"https:\/\/legrandcontinent.eu\/es\/2023\/07\/07\/oposicion-liderada-por-pekin-al-vertido-de-agua-en-el-mar-de-la-central-de-fukushima\/","url":"https:\/\/legrandcontinent.eu\/es\/2023\/07\/07\/oposicion-liderada-por-pekin-al-vertido-de-agua-en-el-mar-de-la-central-de-fukushima\/","name":"Oposici\u00f3n liderada por Pek\u00edn al vertido de agua en el mar de la central de Fukushima - El Grand Continent","isPartOf":{"@id":"https:\/\/legrandcontinent.eu\/es\/#website"},"primaryImageOfPage":{"@id":"https:\/\/legrandcontinent.eu\/es\/2023\/07\/07\/oposicion-liderada-por-pekin-al-vertido-de-agua-en-el-mar-de-la-central-de-fukushima\/#primaryimage"},"image":{"@id":"https:\/\/legrandcontinent.eu\/es\/2023\/07\/07\/oposicion-liderada-por-pekin-al-vertido-de-agua-en-el-mar-de-la-central-de-fukushima\/#primaryimage"},"thumbnailUrl":"https:\/\/legrandcontinent.eu\/es\/wp-content\/uploads\/sites\/6\/2023\/07\/Capture-decran-2023-07-08-a-17.25.38.png","datePublished":"2023-07-07T15:05:00+00:00","dateModified":"2023-07-08T15:26:29+00:00","author":{"@id":"https:\/\/legrandcontinent.eu\/es\/#\/schema\/person\/cdd782c93d4a9eda86ab19a8c01cdf5c"},"breadcrumb":{"@id":"https:\/\/legrandcontinent.eu\/es\/2023\/07\/07\/oposicion-liderada-por-pekin-al-vertido-de-agua-en-el-mar-de-la-central-de-fukushima\/#breadcrumb"},"inLanguage":"es","potentialAction":[{"@type":"ReadAction","target":["https:\/\/legrandcontinent.eu\/es\/2023\/07\/07\/oposicion-liderada-por-pekin-al-vertido-de-agua-en-el-mar-de-la-central-de-fukushima\/"]}]},{"@type":"ImageObject","inLanguage":"es","@id":"https:\/\/legrandcontinent.eu\/es\/2023\/07\/07\/oposicion-liderada-por-pekin-al-vertido-de-agua-en-el-mar-de-la-central-de-fukushima\/#primaryimage","url":"https:\/\/legrandcontinent.eu\/es\/wp-content\/uploads\/sites\/6\/2023\/07\/Capture-decran-2023-07-08-a-17.25.38.png","contentUrl":"https:\/\/legrandcontinent.eu\/es\/wp-content\/uploads\/sites\/6\/2023\/07\/Capture-decran-2023-07-08-a-17.25.38.png","width":1436,"height":542},{"@type":"BreadcrumbList","@id":"https:\/\/legrandcontinent.eu\/es\/2023\/07\/07\/oposicion-liderada-por-pekin-al-vertido-de-agua-en-el-mar-de-la-central-de-fukushima\/#breadcrumb","itemListElement":[{"@type":"ListItem","position":1,"name":"Home","item":"https:\/\/legrandcontinent.eu\/es\/"},{"@type":"ListItem","position":2,"name":"Oposici\u00f3n liderada por Pek\u00edn al vertido de agua en el mar de la central de Fukushima"}]},{"@type":"WebSite","@id":"https:\/\/legrandcontinent.eu\/es\/#website","url":"https:\/\/legrandcontinent.eu\/es\/","name":"El Grand Continent","description":"La escala pertinente","potentialAction":[{"@type":"SearchAction","target":{"@type":"EntryPoint","urlTemplate":"https:\/\/legrandcontinent.eu\/es\/?s={search_term_string}"},"query-input":{"@type":"PropertyValueSpecification","valueRequired":true,"valueName":"search_term_string"}}],"inLanguage":"es"},{"@type":"Person","@id":"https:\/\/legrandcontinent.eu\/es\/#\/schema\/person\/cdd782c93d4a9eda86ab19a8c01cdf5c","name":"florent","image":{"@type":"ImageObject","inLanguage":"es","@id":"https:\/\/legrandcontinent.eu\/es\/#\/schema\/person\/image\/","url":"https:\/\/secure.gravatar.com\/avatar\/0d38d78c90602daf39b309035cdac6bc?s=96&d=mm&r=g","contentUrl":"https:\/\/secure.gravatar.com\/avatar\/0d38d78c90602daf39b309035cdac6bc?s=96&d=mm&r=g","caption":"florent"}}]}},"lgc_categories":[{"id":98,"name":"Energ\u00eda y medio ambiente","slug":"energia-y-medio-ambiente"}],"lgc_author":null,"feature_image_summary":{"url":"https:\/\/legrandcontinent.eu\/es\/wp-content\/uploads\/sites\/6\/2023\/07\/Capture-decran-2023-07-08-a-17.25.38.png","width":1436,"height":542,"alt":""},"feature_image_cover":null,"term_position_data":null,"_links":{"self":[{"href":"https:\/\/legrandcontinent.eu\/es\/wp-json\/wp\/v2\/posts\/19663","targetHints":{"allow":["GET"]}}],"collection":[{"href":"https:\/\/legrandcontinent.eu\/es\/wp-json\/wp\/v2\/posts"}],"about":[{"href":"https:\/\/legrandcontinent.eu\/es\/wp-json\/wp\/v2\/types\/post"}],"author":[{"embeddable":true,"href":"https:\/\/legrandcontinent.eu\/es\/wp-json\/wp\/v2\/users\/1366"}],"replies":[{"embeddable":true,"href":"https:\/\/legrandcontinent.eu\/es\/wp-json\/wp\/v2\/comments?post=19663"}],"version-history":[{"count":0,"href":"https:\/\/legrandcontinent.eu\/es\/wp-json\/wp\/v2\/posts\/19663\/revisions"}],"wp:featuredmedia":[{"embeddable":true,"href":"https:\/\/legrandcontinent.eu\/es\/wp-json\/wp\/v2\/media\/19664"}],"wp:attachment":[{"href":"https:\/\/legrandcontinent.eu\/es\/wp-json\/wp\/v2\/media?parent=19663"}],"wp:term":[{"taxonomy":"category","embeddable":true,"href":"https:\/\/legrandcontinent.eu\/es\/wp-json\/wp\/v2\/categories?post=19663"},{"taxonomy":"post_tag","embeddable":true,"href":"https:\/\/legrandcontinent.eu\/es\/wp-json\/wp\/v2\/tags?post=19663"},{"taxonomy":"staff","embeddable":true,"href":"https:\/\/legrandcontinent.eu\/es\/wp-json\/wp\/v2\/staff?post=19663"},{"taxonomy":"editorial_format","embeddable":true,"href":"https:\/\/legrandcontinent.eu\/es\/wp-json\/wp\/v2\/editorial_format?post=19663"},{"taxonomy":"serie","embeddable":true,"href":"https:\/\/legrandcontinent.eu\/es\/wp-json\/wp\/v2\/serie?post=19663"},{"taxonomy":"audience","embeddable":true,"href":"https:\/\/legrandcontinent.eu\/es\/wp-json\/wp\/v2\/audience?post=19663"},{"taxonomy":"geo","embeddable":true,"href":"https:\/\/legrandcontinent.eu\/es\/wp-json\/wp\/v2\/geo?post=19663"}],"curies":[{"name":"wp","href":"https:\/\/api.w.org\/{rel}","templated":true}]}}