{"id":18193,"date":"2023-06-07T16:24:00","date_gmt":"2023-06-07T15:24:00","guid":{"rendered":"https:\/\/legrandcontinent.eu\/es\/?p=18193"},"modified":"2023-06-08T11:30:54","modified_gmt":"2023-06-08T10:30:54","slug":"se-intensifican-los-incendios-forestales-en-canada","status":"publish","type":"post","link":"https:\/\/legrandcontinent.eu\/es\/2023\/06\/07\/se-intensifican-los-incendios-forestales-en-canada\/","title":{"rendered":"Se intensifican los incendios forestales en Canad\u00e1"},"content":{"rendered":"\n<p>Se han declarado incendios forestales en muchas provincias y territorios canadienses, sobre todo en Quebec y Nueva Escocia; el gobierno federal ha declarado que sus modelos predicen un aumento del riesgo de incendios forestales en la mayor parte del pa\u00eds hasta agosto.<\/p>\n\n\n\n<ul class=\"wp-block-list\">\n<li>El domingo 4 de junio, el gobierno canadiense declar\u00f3 que ya hab\u00edan ardido unos 3,3 millones de hect\u00e1reas -una superficie del tama\u00f1o de B\u00e9lgica-, lo que representa 13 veces la media de los \u00faltimos diez a\u00f1os; m\u00e1s de 120.000 personas se han visto obligadas a abandonar sus hogares, al menos temporalmente. Actualmente hay 413 incendios forestales activos, 249 de los cuales se consideran fuera de control.&nbsp;<\/li>\n<\/ul>\n\n\n\n<div class=\"iframe-container wp-block-image wp-block-image-medium  iframe-dw\">\n\t<div>\n\t\t<iframe class=\"absolute w-full h-full pin-t pin-l\" title=\"titolo\" aria-label=\"Interactive line chart\" src=\"\/\/datawrapper.dwcdn.net\/ZEo6X\/\" scrolling=\"no\" frameborder=\"0\"><\/iframe>\n\t<\/div>\n<\/div>\n\n\n\n<p>Como consecuencia de los incendios y de las zonas de bajas presiones, el humo de los fuegos descendi\u00f3 por la costa atl\u00e1ntica, sumiendo en la niebla a varias ciudades canadienses y estadounidenses.&nbsp;<\/p>\n\n\n\n<ul class=\"wp-block-list\">\n<li>Seg\u00fan IQAir, una herramienta de cartograf\u00eda de la contaminaci\u00f3n&nbsp;<span class='whitespace-nowrap'><span id='easy-footnote-1-18193' class='easy-footnote-margin-adjust'><\/span><span class='easy-footnote'><a href='https:\/\/legrandcontinent.eu\/es\/2023\/06\/07\/se-intensifican-los-incendios-forestales-en-canada\/#easy-footnote-bottom-1-18193' title='\u00ab&lt;a href=&quot;https:\/\/www.iqair.com\/world-air-quality-ranking&quot;&gt;Air quality and pollution city ranking&lt;\/a&gt;\u00bb, IQAir, \u00faltima actualizaci\u00f3n: 7 de junio de 2023.'><sup>1<\/sup><\/a><\/span><\/span>, la calidad del aire en Nueva York fluct\u00faa en torno a niveles peligrosos para la salud. El aire de la ciudad se encuentra actualmente en 168 en una escala de 0 a 500, y alcanz\u00f3 222 durante la noche. La capital de Canad\u00e1, Ottawa, alcanz\u00f3 471; en Kingston, Ontario, al sur, las lecturas llegaron a 475 a las 7 de la ma\u00f1ana.<\/li>\n\n\n\n<li>En total, unos 100 millones de personas en Norteam\u00e9rica se ven afectadas por la alerta de calidad del aire, que la Agencia de Protecci\u00f3n del Medio Ambiente estadounidense (EPA) ha calificado de \u00abnociva\u00bb en amplias zonas del noreste de Estados Unidos.&nbsp;<\/li>\n<\/ul>\n\n\n\n<div class=\"iframe-container wp-block-image wp-block-image-medium  iframe-dw\">\n\t<div>\n\t\t<iframe class=\"absolute w-full h-full pin-t pin-l\" title=\"titolo\" aria-label=\"Interactive line chart\" src=\"\/\/datawrapper.dwcdn.net\/n9Vxw\/\" scrolling=\"no\" frameborder=\"0\"><\/iframe>\n\t<\/div>\n<\/div>\n\n\n\n<p>Las escasas nevadas de este invierno y la primavera excepcionalmente seca de Canad\u00e1 explican en parte el n\u00famero r\u00e9cord de incendios. La capital de Nueva Escocia, Halifax, s\u00f3lo recibi\u00f3 120 mil\u00edmetros de lluvia entre marzo y mayo, alrededor de un tercio de la media; las temperaturas tambi\u00e9n estuvieron muy por encima de los niveles estacionales, con una ola de calor que elev\u00f3 las temperaturas 10\u00b0C por encima de lo esperado.<\/p>\n","protected":false},"excerpt":{"rendered":"<p>En el este de Canad\u00e1 arden cientos de incendios forestales desde hace semanas. Las condiciones de sequ\u00eda podr\u00edan persistir hasta el final del verano.\u00a0<\/p>\n","protected":false},"author":1366,"featured_media":18106,"comment_status":"closed","ping_status":"closed","sticky":false,"template":"templates\/post-briefings.php","format":"standard","meta":{"_acf_changed":false,"_trash_the_other_posts":false,"_yoast_wpseo_estimated-reading-time-minutes":2,"footnotes":""},"categories":[98],"tags":[],"staff":[],"editorial_format":[],"serie":[],"audience":[],"geo":[172],"class_list":["post-18193","post","type-post","status-publish","format-standard","hentry","category-energia-y-medio-ambiente","geo-americas"],"acf":{"open_in_webview":false,"accent":false},"yoast_head":"<!-- This site is optimized with the Yoast SEO plugin v26.1.1 - https:\/\/yoast.com\/wordpress\/plugins\/seo\/ -->\n<title>Se intensifican los incendios forestales en Canad\u00e1 - El Grand Continent<\/title>\n<meta name=\"robots\" content=\"index, follow, max-snippet:-1, max-image-preview:large, max-video-preview:-1\" \/>\n<link rel=\"canonical\" href=\"https:\/\/legrandcontinent.eu\/es\/2023\/06\/07\/se-intensifican-los-incendios-forestales-en-canada\/\" \/>\n<meta property=\"og:locale\" content=\"es_ES\" \/>\n<meta property=\"og:type\" content=\"article\" \/>\n<meta property=\"og:title\" content=\"Se intensifican los incendios forestales en Canad\u00e1 - El Grand Continent\" \/>\n<meta property=\"og:description\" content=\"En el este de Canad\u00e1 arden cientos de incendios forestales desde hace semanas. Las condiciones de sequ\u00eda podr\u00edan persistir hasta el final del verano.\u00a0\" \/>\n<meta property=\"og:url\" content=\"https:\/\/legrandcontinent.eu\/es\/2023\/06\/07\/se-intensifican-los-incendios-forestales-en-canada\/\" \/>\n<meta property=\"og:site_name\" content=\"El Grand Continent\" \/>\n<meta property=\"article:published_time\" content=\"2023-06-07T15:24:00+00:00\" \/>\n<meta property=\"article:modified_time\" content=\"2023-06-08T10:30:54+00:00\" \/>\n<meta property=\"og:image\" content=\"https:\/\/legrandcontinent.eu\/es\/wp-content\/uploads\/sites\/2\/2023\/06\/OV7Zm-missions-de-carbone-dues-aux-feux-de-for-t-au-canada.png\" \/>\n\t<meta property=\"og:image:width\" content=\"1300\" \/>\n\t<meta property=\"og:image:height\" content=\"722\" \/>\n\t<meta property=\"og:image:type\" content=\"image\/png\" \/>\n<meta name=\"author\" content=\"florent\" \/>\n<meta name=\"twitter:card\" content=\"summary_large_image\" \/>\n<meta name=\"twitter:image\" content=\"https:\/\/legrandcontinent.eu\/es\/wp-content\/uploads\/sites\/2\/2023\/06\/OV7Zm-missions-de-carbone-dues-aux-feux-de-for-t-au-canada.png\" \/>\n<meta name=\"twitter:label1\" content=\"Escrito por\" \/>\n\t<meta name=\"twitter:data1\" content=\"florent\" \/>\n\t<meta name=\"twitter:label2\" content=\"Tiempo de lectura\" \/>\n\t<meta name=\"twitter:data2\" content=\"2 minutos\" \/>\n<script type=\"application\/ld+json\" class=\"yoast-schema-graph\">{\"@context\":\"https:\/\/schema.org\",\"@graph\":[{\"@type\":\"WebPage\",\"@id\":\"https:\/\/legrandcontinent.eu\/es\/2023\/06\/07\/se-intensifican-los-incendios-forestales-en-canada\/\",\"url\":\"https:\/\/legrandcontinent.eu\/es\/2023\/06\/07\/se-intensifican-los-incendios-forestales-en-canada\/\",\"name\":\"Se intensifican los incendios forestales en Canad\u00e1 - El Grand Continent\",\"isPartOf\":{\"@id\":\"https:\/\/legrandcontinent.eu\/es\/#website\"},\"primaryImageOfPage\":{\"@id\":\"https:\/\/legrandcontinent.eu\/es\/2023\/06\/07\/se-intensifican-los-incendios-forestales-en-canada\/#primaryimage\"},\"image\":{\"@id\":\"https:\/\/legrandcontinent.eu\/es\/2023\/06\/07\/se-intensifican-los-incendios-forestales-en-canada\/#primaryimage\"},\"thumbnailUrl\":\"https:\/\/legrandcontinent.eu\/es\/wp-content\/uploads\/sites\/2\/2023\/06\/OV7Zm-missions-de-carbone-dues-aux-feux-de-for-t-au-canada.png\",\"datePublished\":\"2023-06-07T15:24:00+00:00\",\"dateModified\":\"2023-06-08T10:30:54+00:00\",\"author\":{\"@id\":\"https:\/\/legrandcontinent.eu\/es\/#\/schema\/person\/cdd782c93d4a9eda86ab19a8c01cdf5c\"},\"breadcrumb\":{\"@id\":\"https:\/\/legrandcontinent.eu\/es\/2023\/06\/07\/se-intensifican-los-incendios-forestales-en-canada\/#breadcrumb\"},\"inLanguage\":\"es\",\"potentialAction\":[{\"@type\":\"ReadAction\",\"target\":[\"https:\/\/legrandcontinent.eu\/es\/2023\/06\/07\/se-intensifican-los-incendios-forestales-en-canada\/\"]}]},{\"@type\":\"ImageObject\",\"inLanguage\":\"es\",\"@id\":\"https:\/\/legrandcontinent.eu\/es\/2023\/06\/07\/se-intensifican-los-incendios-forestales-en-canada\/#primaryimage\",\"url\":\"https:\/\/legrandcontinent.eu\/es\/wp-content\/uploads\/sites\/2\/2023\/06\/OV7Zm-missions-de-carbone-dues-aux-feux-de-for-t-au-canada.png\",\"contentUrl\":\"https:\/\/legrandcontinent.eu\/es\/wp-content\/uploads\/sites\/2\/2023\/06\/OV7Zm-missions-de-carbone-dues-aux-feux-de-for-t-au-canada.png\",\"width\":1300,\"height\":722},{\"@type\":\"BreadcrumbList\",\"@id\":\"https:\/\/legrandcontinent.eu\/es\/2023\/06\/07\/se-intensifican-los-incendios-forestales-en-canada\/#breadcrumb\",\"itemListElement\":[{\"@type\":\"ListItem\",\"position\":1,\"name\":\"Home\",\"item\":\"https:\/\/legrandcontinent.eu\/es\/\"},{\"@type\":\"ListItem\",\"position\":2,\"name\":\"Se intensifican los incendios forestales en Canad\u00e1\"}]},{\"@type\":\"WebSite\",\"@id\":\"https:\/\/legrandcontinent.eu\/es\/#website\",\"url\":\"https:\/\/legrandcontinent.eu\/es\/\",\"name\":\"El Grand Continent\",\"description\":\"La escala pertinente\",\"potentialAction\":[{\"@type\":\"SearchAction\",\"target\":{\"@type\":\"EntryPoint\",\"urlTemplate\":\"https:\/\/legrandcontinent.eu\/es\/?s={search_term_string}\"},\"query-input\":{\"@type\":\"PropertyValueSpecification\",\"valueRequired\":true,\"valueName\":\"search_term_string\"}}],\"inLanguage\":\"es\"},{\"@type\":\"Person\",\"@id\":\"https:\/\/legrandcontinent.eu\/es\/#\/schema\/person\/cdd782c93d4a9eda86ab19a8c01cdf5c\",\"name\":\"florent\",\"image\":{\"@type\":\"ImageObject\",\"inLanguage\":\"es\",\"@id\":\"https:\/\/legrandcontinent.eu\/es\/#\/schema\/person\/image\/\",\"url\":\"https:\/\/secure.gravatar.com\/avatar\/0d38d78c90602daf39b309035cdac6bc?s=96&d=mm&r=g\",\"contentUrl\":\"https:\/\/secure.gravatar.com\/avatar\/0d38d78c90602daf39b309035cdac6bc?s=96&d=mm&r=g\",\"caption\":\"florent\"}}]}<\/script>\n<!-- \/ Yoast SEO plugin. -->","yoast_head_json":{"title":"Se intensifican los incendios forestales en Canad\u00e1 - El Grand Continent","robots":{"index":"index","follow":"follow","max-snippet":"max-snippet:-1","max-image-preview":"max-image-preview:large","max-video-preview":"max-video-preview:-1"},"canonical":"https:\/\/legrandcontinent.eu\/es\/2023\/06\/07\/se-intensifican-los-incendios-forestales-en-canada\/","og_locale":"es_ES","og_type":"article","og_title":"Se intensifican los incendios forestales en Canad\u00e1 - El Grand Continent","og_description":"En el este de Canad\u00e1 arden cientos de incendios forestales desde hace semanas. Las condiciones de sequ\u00eda podr\u00edan persistir hasta el final del verano.\u00a0","og_url":"https:\/\/legrandcontinent.eu\/es\/2023\/06\/07\/se-intensifican-los-incendios-forestales-en-canada\/","og_site_name":"El Grand Continent","article_published_time":"2023-06-07T15:24:00+00:00","article_modified_time":"2023-06-08T10:30:54+00:00","og_image":[{"width":1300,"height":722,"url":"https:\/\/legrandcontinent.eu\/es\/wp-content\/uploads\/sites\/2\/2023\/06\/OV7Zm-missions-de-carbone-dues-aux-feux-de-for-t-au-canada.png","type":"image\/png"}],"author":"florent","twitter_card":"summary_large_image","twitter_image":"https:\/\/legrandcontinent.eu\/es\/wp-content\/uploads\/sites\/2\/2023\/06\/OV7Zm-missions-de-carbone-dues-aux-feux-de-for-t-au-canada.png","twitter_misc":{"Escrito por":"florent","Tiempo de lectura":"2 minutos"},"schema":{"@context":"https:\/\/schema.org","@graph":[{"@type":"WebPage","@id":"https:\/\/legrandcontinent.eu\/es\/2023\/06\/07\/se-intensifican-los-incendios-forestales-en-canada\/","url":"https:\/\/legrandcontinent.eu\/es\/2023\/06\/07\/se-intensifican-los-incendios-forestales-en-canada\/","name":"Se intensifican los incendios forestales en Canad\u00e1 - El Grand Continent","isPartOf":{"@id":"https:\/\/legrandcontinent.eu\/es\/#website"},"primaryImageOfPage":{"@id":"https:\/\/legrandcontinent.eu\/es\/2023\/06\/07\/se-intensifican-los-incendios-forestales-en-canada\/#primaryimage"},"image":{"@id":"https:\/\/legrandcontinent.eu\/es\/2023\/06\/07\/se-intensifican-los-incendios-forestales-en-canada\/#primaryimage"},"thumbnailUrl":"https:\/\/legrandcontinent.eu\/es\/wp-content\/uploads\/sites\/2\/2023\/06\/OV7Zm-missions-de-carbone-dues-aux-feux-de-for-t-au-canada.png","datePublished":"2023-06-07T15:24:00+00:00","dateModified":"2023-06-08T10:30:54+00:00","author":{"@id":"https:\/\/legrandcontinent.eu\/es\/#\/schema\/person\/cdd782c93d4a9eda86ab19a8c01cdf5c"},"breadcrumb":{"@id":"https:\/\/legrandcontinent.eu\/es\/2023\/06\/07\/se-intensifican-los-incendios-forestales-en-canada\/#breadcrumb"},"inLanguage":"es","potentialAction":[{"@type":"ReadAction","target":["https:\/\/legrandcontinent.eu\/es\/2023\/06\/07\/se-intensifican-los-incendios-forestales-en-canada\/"]}]},{"@type":"ImageObject","inLanguage":"es","@id":"https:\/\/legrandcontinent.eu\/es\/2023\/06\/07\/se-intensifican-los-incendios-forestales-en-canada\/#primaryimage","url":"https:\/\/legrandcontinent.eu\/es\/wp-content\/uploads\/sites\/2\/2023\/06\/OV7Zm-missions-de-carbone-dues-aux-feux-de-for-t-au-canada.png","contentUrl":"https:\/\/legrandcontinent.eu\/es\/wp-content\/uploads\/sites\/2\/2023\/06\/OV7Zm-missions-de-carbone-dues-aux-feux-de-for-t-au-canada.png","width":1300,"height":722},{"@type":"BreadcrumbList","@id":"https:\/\/legrandcontinent.eu\/es\/2023\/06\/07\/se-intensifican-los-incendios-forestales-en-canada\/#breadcrumb","itemListElement":[{"@type":"ListItem","position":1,"name":"Home","item":"https:\/\/legrandcontinent.eu\/es\/"},{"@type":"ListItem","position":2,"name":"Se intensifican los incendios forestales en Canad\u00e1"}]},{"@type":"WebSite","@id":"https:\/\/legrandcontinent.eu\/es\/#website","url":"https:\/\/legrandcontinent.eu\/es\/","name":"El Grand Continent","description":"La escala pertinente","potentialAction":[{"@type":"SearchAction","target":{"@type":"EntryPoint","urlTemplate":"https:\/\/legrandcontinent.eu\/es\/?s={search_term_string}"},"query-input":{"@type":"PropertyValueSpecification","valueRequired":true,"valueName":"search_term_string"}}],"inLanguage":"es"},{"@type":"Person","@id":"https:\/\/legrandcontinent.eu\/es\/#\/schema\/person\/cdd782c93d4a9eda86ab19a8c01cdf5c","name":"florent","image":{"@type":"ImageObject","inLanguage":"es","@id":"https:\/\/legrandcontinent.eu\/es\/#\/schema\/person\/image\/","url":"https:\/\/secure.gravatar.com\/avatar\/0d38d78c90602daf39b309035cdac6bc?s=96&d=mm&r=g","contentUrl":"https:\/\/secure.gravatar.com\/avatar\/0d38d78c90602daf39b309035cdac6bc?s=96&d=mm&r=g","caption":"florent"}}]}},"lgc_categories":[{"id":98,"name":"Energ\u00eda y medio ambiente","slug":"energia-y-medio-ambiente"}],"lgc_author":null,"feature_image_summary":{"url":"https:\/\/legrandcontinent.eu\/es\/wp-content\/uploads\/sites\/2\/2023\/06\/OV7Zm-missions-de-carbone-dues-aux-feux-de-for-t-au-canada.png","width":1300,"height":722,"alt":""},"feature_image_cover":null,"term_position_data":null,"_links":{"self":[{"href":"https:\/\/legrandcontinent.eu\/es\/wp-json\/wp\/v2\/posts\/18193","targetHints":{"allow":["GET"]}}],"collection":[{"href":"https:\/\/legrandcontinent.eu\/es\/wp-json\/wp\/v2\/posts"}],"about":[{"href":"https:\/\/legrandcontinent.eu\/es\/wp-json\/wp\/v2\/types\/post"}],"author":[{"embeddable":true,"href":"https:\/\/legrandcontinent.eu\/es\/wp-json\/wp\/v2\/users\/1366"}],"replies":[{"embeddable":true,"href":"https:\/\/legrandcontinent.eu\/es\/wp-json\/wp\/v2\/comments?post=18193"}],"version-history":[{"count":0,"href":"https:\/\/legrandcontinent.eu\/es\/wp-json\/wp\/v2\/posts\/18193\/revisions"}],"wp:featuredmedia":[{"embeddable":true,"href":"https:\/\/legrandcontinent.eu\/es\/wp-json\/wp\/v2\/media\/18106"}],"wp:attachment":[{"href":"https:\/\/legrandcontinent.eu\/es\/wp-json\/wp\/v2\/media?parent=18193"}],"wp:term":[{"taxonomy":"category","embeddable":true,"href":"https:\/\/legrandcontinent.eu\/es\/wp-json\/wp\/v2\/categories?post=18193"},{"taxonomy":"post_tag","embeddable":true,"href":"https:\/\/legrandcontinent.eu\/es\/wp-json\/wp\/v2\/tags?post=18193"},{"taxonomy":"staff","embeddable":true,"href":"https:\/\/legrandcontinent.eu\/es\/wp-json\/wp\/v2\/staff?post=18193"},{"taxonomy":"editorial_format","embeddable":true,"href":"https:\/\/legrandcontinent.eu\/es\/wp-json\/wp\/v2\/editorial_format?post=18193"},{"taxonomy":"serie","embeddable":true,"href":"https:\/\/legrandcontinent.eu\/es\/wp-json\/wp\/v2\/serie?post=18193"},{"taxonomy":"audience","embeddable":true,"href":"https:\/\/legrandcontinent.eu\/es\/wp-json\/wp\/v2\/audience?post=18193"},{"taxonomy":"geo","embeddable":true,"href":"https:\/\/legrandcontinent.eu\/es\/wp-json\/wp\/v2\/geo?post=18193"}],"curies":[{"name":"wp","href":"https:\/\/api.w.org\/{rel}","templated":true}]}}